{"id":48343,"date":"2025-11-10T10:29:08","date_gmt":"2025-11-10T16:29:08","guid":{"rendered":"https:\/\/soymigrante.com\/revista\/?p=48343"},"modified":"2025-11-11T16:09:43","modified_gmt":"2025-11-11T22:09:43","slug":"sueno-de-guate-la-pulsera-wakami-que-anima-a-la-seleccion-e-impulsa-el-desarrollo","status":"publish","type":"post","link":"https:\/\/soymigrante.com\/revista\/sueno-de-guate-la-pulsera-wakami-que-anima-a-la-seleccion-e-impulsa-el-desarrollo\/","title":{"rendered":"Ya est\u00e1 en MERCADO Sue\u00f1o de Guate,  la pulsera Wakami que anima a la Selecci\u00f3n Nacional"},"content":{"rendered":"\t\t<div data-elementor-type=\"wp-post\" data-elementor-id=\"48343\" class=\"elementor elementor-48343\" data-elementor-post-type=\"post\">\n\t\t\t\t<div data-particle_enable=\"false\" data-particle-mobile-disabled=\"false\" class=\"elementor-element elementor-element-1d7ec8f e-flex e-con-boxed e-con e-parent\" data-id=\"1d7ec8f\" data-element_type=\"container\" data-e-type=\"container\">\n\t\t\t\t\t<div class=\"e-con-inner\">\n\t\t\t\t<div class=\"elementor-element elementor-element-85a2101 elementor-widget elementor-widget-heading\" data-id=\"85a2101\" data-element_type=\"widget\" data-e-type=\"widget\" data-widget_type=\"heading.default\">\n\t\t\t\t\t<h2 class=\"elementor-heading-title elementor-size-default\">La pulsera Sue\u00f1o de Guate, que anima entusiasmo por la Selecci\u00f3n Nacional de Futbol y a la vez apoya el desarrollo de comunidades Wakami ya est\u00e1 en  MERCADO. \u00a1Adquiere la tuya!<\/h2>\t\t\t\t<\/div>\n\t\t\t\t\t<\/div>\n\t\t\t\t<\/div>\n\t\t<div data-particle_enable=\"false\" data-particle-mobile-disabled=\"false\" class=\"elementor-element elementor-element-d5542e2 e-flex e-con-boxed e-con e-parent\" data-id=\"d5542e2\" data-element_type=\"container\" data-e-type=\"container\">\n\t\t\t\t\t<div class=\"e-con-inner\">\n\t\t\t\t<div class=\"elementor-element elementor-element-8805b12 elementor-widget elementor-widget-text-editor\" data-id=\"8805b12\" data-element_type=\"widget\" data-e-type=\"widget\" data-widget_type=\"text-editor.default\">\n\t\t\t\t\t\t\t\t\t<p>El futbolista Nicol\u00e1s Samayoa, integrante de la<a href=\"https:\/\/soymigrante.com\/revista\/por-que-siempre-emocionan-los-partidos-de-la-seleccion-de-guatemala-en-eliminatorias-mundialistas\/\"> Selecci\u00f3n Nacional de Guatemala<\/a>, es el embajador de la nueva campa\u00f1a de la <a href=\"https:\/\/soymigrante.com\/mercado\/marketplace\/wakami\">marca guatemalteca Wakami, que lanz\u00f3 la pulsera \u201cSue\u00f1o de Guate\u201d,<\/a><a href=\"https:\/\/www.wakamiguatemala.com\/products\/sueno-de-guate-set-de-2\">\u00a0<\/a> para acompa\u00f1ar el camino del combinado nacional rumbo al Mundial 2026 y, al mismo tiempo, apoyar a mujeres artesanas de comunidades rurales del pa\u00eds que las elaboran.<\/p><p><a href=\"https:\/\/soymigrante.com\/mercado\/marketplace\/wakami\">Sue\u00f1o de Guate ya est\u00e1, a precio especial, en SoyMigrante.com MERCADO,<\/a> la plataforma que une a emprendedores y compradores de toda Guatemala.<\/p><p>El <a href=\"https:\/\/soymigrante.com\/mercado\/marketplace\/wakami\">set de pulseras <\/a>\u2014tejidas a mano con hilo encerado y en tonos inspirados en la bandera nacional\u2014 busca simbolizar la uni\u00f3n de los guatemaltecos alrededor de un mismo prop\u00f3sito: el sue\u00f1o de ver a la Selecci\u00f3n en una Copa del Mundo y el sue\u00f1o de prosperidad de las comunidades que elaboran los productos <a href=\"https:\/\/soymigrante.com\/revista\/un-tejido-de-una-abuela-maya-es-tan-valioso-como-un-software-de-silicon-valley-marcos-antil-en-foro-de-industria-creativa\/\">Wakami.<\/a><\/p>\t\t\t\t\t\t\t\t<\/div>\n\t\t\t\t\t<\/div>\n\t\t\t\t<\/div>\n\t\t<div data-particle_enable=\"false\" data-particle-mobile-disabled=\"false\" class=\"elementor-element elementor-element-44cafef e-flex e-con-boxed e-con e-parent\" data-id=\"44cafef\" data-element_type=\"container\" data-e-type=\"container\">\n\t\t\t\t\t<div class=\"e-con-inner\">\n\t\t\t\t<div class=\"elementor-element elementor-element-a24b00c elementor-widget elementor-widget-image\" data-id=\"a24b00c\" data-element_type=\"widget\" data-e-type=\"widget\" data-widget_type=\"image.default\">\n\t\t\t\t\t\t\t\t\t\t\t\t<figure class=\"wp-caption\">\n\t\t\t\t\t\t\t\t\t\t\t<a href=\"https:\/\/soymigrante.com\/mercado\/pulsera-sueno-de-guate-set-de-2\">\n\t\t\t\t\t\t\t<img fetchpriority=\"high\" decoding=\"async\" width=\"1140\" height=\"858\" src=\"https:\/\/soymigrante.com\/revista\/wp-content\/uploads\/2025\/11\/Captura-de-pantalla-2025-11-11-160252-1140x858.png\" class=\"attachment-large size-large wp-image-48423\" alt=\"El set Sue\u00f1o de Guate trae dos pulseras ajustables, elaboradas por manos artesanales de mujeres guatemaltecas en comunidades de provincia. Al comprarlas apoyas a la selecci\u00f3n pero tambi\u00e9n al desarrollo de esas comunidades. Para ir a la tienda digital Wakami de SoyMigrante.com MERCADO, clic en la imagen.\" srcset=\"https:\/\/soymigrante.com\/revista\/wp-content\/uploads\/2025\/11\/Captura-de-pantalla-2025-11-11-160252-1140x858.png 1140w, https:\/\/soymigrante.com\/revista\/wp-content\/uploads\/2025\/11\/Captura-de-pantalla-2025-11-11-160252-300x226.png 300w, https:\/\/soymigrante.com\/revista\/wp-content\/uploads\/2025\/11\/Captura-de-pantalla-2025-11-11-160252-768x578.png 768w, https:\/\/soymigrante.com\/revista\/wp-content\/uploads\/2025\/11\/Captura-de-pantalla-2025-11-11-160252-750x565.png 750w, https:\/\/soymigrante.com\/revista\/wp-content\/uploads\/2025\/11\/Captura-de-pantalla-2025-11-11-160252.png 1287w\" sizes=\"(max-width: 1140px) 100vw, 1140px\" title=\"El set Sue\u00f1o de Guate trae dos pulseras ajustables, elaboradas por manos artesanales de mujeres guatemaltecas en comunidades de provincia. Al comprarlas apoyas a la selecci\u00f3n pero tambi\u00e9n al desarrollo de esas comunidades. Para  ir a la  tienda digital Wakami de SoyMigrante.com MERCADO, clic en la imagen. \u2013 SoyMigrante.com REVISTA\" \/>\t\t\t\t\t\t\t\t<\/a>\n\t\t\t\t\t\t\t\t\t\t\t<figcaption class=\"widget-image-caption wp-caption-text\">El set Sue\u00f1o de Guate trae dos pulseras ajustables, elaboradas por manos artesanales de mujeres guatemaltecas en comunidades de provincia. Al comprarlas apoyas a la selecci\u00f3n pero tambi\u00e9n al desarrollo de esas comunidades. Para  ir a la  tienda digital Wakami de SoyMigrante.com MERCADO, clic en la imagen.<\/figcaption>\n\t\t\t\t\t\t\t\t\t\t<\/figure>\n\t\t\t\t\t\t\t\t\t<\/div>\n\t\t\t\t\t<\/div>\n\t\t\t\t<\/div>\n\t\t<div data-particle_enable=\"false\" data-particle-mobile-disabled=\"false\" class=\"elementor-element elementor-element-6a83da8 e-flex e-con-boxed e-con e-parent\" data-id=\"6a83da8\" data-element_type=\"container\" data-e-type=\"container\">\n\t\t\t\t\t<div class=\"e-con-inner\">\n\t\t\t\t<div class=\"elementor-element elementor-element-62467cd elementor-widget elementor-widget-heading\" data-id=\"62467cd\" data-element_type=\"widget\" data-e-type=\"widget\" data-widget_type=\"heading.default\">\n\t\t\t\t\t<h3 class=\"elementor-heading-title elementor-size-default\">Un impacto m\u00e1s all\u00e1 del deporte<\/h3>\t\t\t\t<\/div>\n\t\t\t\t\t<\/div>\n\t\t\t\t<\/div>\n\t\t<div data-particle_enable=\"false\" data-particle-mobile-disabled=\"false\" class=\"elementor-element elementor-element-97cfe7e e-flex e-con-boxed e-con e-parent\" data-id=\"97cfe7e\" data-element_type=\"container\" data-e-type=\"container\">\n\t\t\t\t\t<div class=\"e-con-inner\">\n\t\t\t\t<div class=\"elementor-element elementor-element-1020c71 elementor-widget elementor-widget-text-editor\" data-id=\"1020c71\" data-element_type=\"widget\" data-e-type=\"widget\" data-widget_type=\"text-editor.default\">\n\t\t\t\t\t\t\t\t\t<p>La pulsera Sue\u00f1o Guate es una invitaci\u00f3n a la unidad en el deporte m\u00e1s popular, pero a la vez <a href=\"https:\/\/soymigrante.com\/revista\/un-tejido-de-una-abuela-maya-es-tan-valioso-como-un-software-de-silicon-valley-marcos-antil-en-foro-de-industria-creativa\/\">Wakami <\/a>reafirma su misi\u00f3n de conectar comunidades rurales con mercados globales a trav\u00e9s de productos hechos a mano, generando ingresos dignos y oportunidades sostenibles.<\/p><p>Fundada por la empresaria social Mar\u00eda Pacheco, <a href=\"https:\/\/soymigrante.com\/revista\/un-tejido-de-una-abuela-maya-es-tan-valioso-como-un-software-de-silicon-valley-marcos-antil-en-foro-de-industria-creativa\/\">Wakami <\/a>es una empresa guatemalteca certificada como B Corp, reconocida por su modelo que busca \u201ctransformar ciclos de pobreza en ciclos de prosperidad\u201d. La organizaci\u00f3n trabaja actualmente con m\u00e1s de 2,000 mujeres artesanas en al menos 13 comunidades rurales del pa\u00eds.<\/p>\t\t\t\t\t\t\t\t<\/div>\n\t\t\t\t\t<\/div>\n\t\t\t\t<\/div>\n\t\t<div data-particle_enable=\"false\" data-particle-mobile-disabled=\"false\" class=\"elementor-element elementor-element-fa77424 e-flex e-con-boxed e-con e-parent\" data-id=\"fa77424\" data-element_type=\"container\" data-e-type=\"container\">\n\t\t\t\t\t<div class=\"e-con-inner\">\n\t\t\t\t<div class=\"elementor-element elementor-element-0dd7260 elementor-widget elementor-widget-html\" data-id=\"0dd7260\" data-element_type=\"widget\" data-e-type=\"widget\" data-widget_type=\"html.default\">\n\t\t\t\t\t<iframe src=\"https:\/\/www.facebook.com\/plugins\/video.php?height=476&href=https%3A%2F%2Fwww.facebook.com%2Fwakamiguatemala%2Fvideos%2F1416878186069381%2F&show_text=true&width=267&t=0\" width=\"267\" height=\"591\" style=\"border:none;overflow:hidden\" scrolling=\"no\" frameborder=\"0\" allowfullscreen=\"true\" allow=\"autoplay; clipboard-write; encrypted-media; picture-in-picture; web-share\" allowFullScreen=\"true\"><\/iframe>\t\t\t\t<\/div>\n\t\t\t\t\t<\/div>\n\t\t\t\t<\/div>\n\t\t<div data-particle_enable=\"false\" data-particle-mobile-disabled=\"false\" class=\"elementor-element elementor-element-2bc07d5 e-flex e-con-boxed e-con e-parent\" data-id=\"2bc07d5\" data-element_type=\"container\" data-e-type=\"container\">\n\t\t\t\t\t<div class=\"e-con-inner\">\n\t\t\t\t<div class=\"elementor-element elementor-element-96f6acd elementor-widget elementor-widget-heading\" data-id=\"96f6acd\" data-element_type=\"widget\" data-e-type=\"widget\" data-widget_type=\"heading.default\">\n\t\t\t\t\t<h3 class=\"elementor-heading-title elementor-size-default\">Un distintivo de gran simbolismo y aporte<\/h3>\t\t\t\t<\/div>\n\t\t\t\t\t<\/div>\n\t\t\t\t<\/div>\n\t\t<div data-particle_enable=\"false\" data-particle-mobile-disabled=\"false\" class=\"elementor-element elementor-element-fe456b6 e-flex e-con-boxed e-con e-parent\" data-id=\"fe456b6\" data-element_type=\"container\" data-e-type=\"container\">\n\t\t\t\t\t<div class=\"e-con-inner\">\n\t\t\t\t<div class=\"elementor-element elementor-element-ece79a9 elementor-widget elementor-widget-text-editor\" data-id=\"ece79a9\" data-element_type=\"widget\" data-e-type=\"widget\" data-widget_type=\"text-editor.default\">\n\t\t\t\t\t\t\t\t\t<p>El set Sue\u00f1o de Guate est\u00e1 compuesto por dos pulseras unisex con cierre ajustable, elaboradas mediante t\u00e9cnicas de enrollado y telar tradicional. Su dise\u00f1o est\u00e1 inspirado en la bandera nacional y en la diversidad de los paisajes guatemaltecos.<\/p><p><a href=\"https:\/\/soymigrante.com\/revista\/un-tejido-de-una-abuela-maya-es-tan-valioso-como-un-software-de-silicon-valley-marcos-antil-en-foro-de-industria-creativa\/\">Wakami<\/a> explica que el accesorio busca representar la conexi\u00f3n entre los sue\u00f1os individuales y los colectivos: el sue\u00f1o de los futbolistas que buscan la clasificaci\u00f3n mundialista y el de las mujeres que trabajan por transformar sus comunidades.<\/p><p>\u201cEsta pulsera representa m\u00e1s que un accesorio: es una historia tejida por las manos de mujeres que sue\u00f1an con un futuro mejor para sus hijos\u201d, detalla\u00a0 <a href=\"https:\/\/soymigrante.com\/revista\/un-tejido-de-una-abuela-maya-es-tan-valioso-como-un-software-de-silicon-valley-marcos-antil-en-foro-de-industria-creativa\/\">Mar\u00eda Pacheco<\/a>.<\/p>\t\t\t\t\t\t\t\t<\/div>\n\t\t\t\t\t<\/div>\n\t\t\t\t<\/div>\n\t\t<div data-particle_enable=\"false\" data-particle-mobile-disabled=\"false\" class=\"elementor-element elementor-element-a863198 e-flex e-con-boxed e-con e-parent\" data-id=\"a863198\" data-element_type=\"container\" data-e-type=\"container\">\n\t\t\t\t\t<div class=\"e-con-inner\">\n\t\t\t\t<div class=\"elementor-element elementor-element-84b5068 elementor-widget elementor-widget-html\" data-id=\"84b5068\" data-element_type=\"widget\" data-e-type=\"widget\" data-widget_type=\"html.default\">\n\t\t\t\t\t<iframe width=\"560\" height=\"415\" src=\"https:\/\/www.youtube.com\/embed\/1OYIC1sRsrc?si=rFXERP8BCT39UsAA\" title=\"YouTube video player\" frameborder=\"0\" allow=\"accelerometer; autoplay; clipboard-write; encrypted-media; gyroscope; picture-in-picture; web-share\" referrerpolicy=\"strict-origin-when-cross-origin\" allowfullscreen><\/iframe>\t\t\t\t<\/div>\n\t\t\t\t\t<\/div>\n\t\t\t\t<\/div>\n\t\t<div data-particle_enable=\"false\" data-particle-mobile-disabled=\"false\" class=\"elementor-element elementor-element-c5dd56a e-flex e-con-boxed e-con e-parent\" data-id=\"c5dd56a\" data-element_type=\"container\" data-e-type=\"container\">\n\t\t\t\t\t<div class=\"e-con-inner\">\n\t\t\t\t<div class=\"elementor-element elementor-element-43fa400 elementor-widget elementor-widget-text-editor\" data-id=\"43fa400\" data-element_type=\"widget\" data-e-type=\"widget\" data-widget_type=\"text-editor.default\">\n\t\t\t\t\t\t\t\t\t<p>Con el respaldo de Nico Samayoa, la campa\u00f1a busca inspirar a los aficionados y consumidores a portar los colores de Guatemala con prop\u00f3sito.\u00a0<\/p><p>Al adquirir el set \u201cSue\u00f1o de Guate\u201d, los ciudadanos no solo expresan su apoyo a la Selecci\u00f3n Nacional, sino que tambi\u00e9n contribuyen directamente al desarrollo econ\u00f3mico de las comunidades rurales que forman parte de Wakami.<\/p><p><a href=\"https:\/\/www.wakamiguatemala.com\/products\/sueno-de-guate-set-de-2\">El producto est\u00e1 disponible a trav\u00e9s de la p\u00e1gina oficial wakamiguatemala.com<\/a><\/p><div>\u00a0<\/div>\t\t\t\t\t\t\t\t<\/div>\n\t\t\t\t\t<\/div>\n\t\t\t\t<\/div>\n\t\t<div data-particle_enable=\"false\" data-particle-mobile-disabled=\"false\" class=\"elementor-element elementor-element-9f39990 e-flex e-con-boxed e-con e-parent\" data-id=\"9f39990\" data-element_type=\"container\" data-e-type=\"container\">\n\t\t\t\t\t<div class=\"e-con-inner\">\n\t\t\t\t<div class=\"elementor-element elementor-element-6c08f9e elementor-widget elementor-widget-heading\" data-id=\"6c08f9e\" data-element_type=\"widget\" data-e-type=\"widget\" data-widget_type=\"heading.default\">\n\t\t\t\t\t<h2 class=\"elementor-heading-title elementor-size-default\">Tambi\u00e9n te podr\u00eda interesar<\/h2>\t\t\t\t<\/div>\n\t\t\t\t\t<\/div>\n\t\t\t\t<\/div>\n\t\t<div data-particle_enable=\"false\" data-particle-mobile-disabled=\"false\" class=\"elementor-element elementor-element-31ec53e e-flex e-con-boxed e-con e-parent\" data-id=\"31ec53e\" data-element_type=\"container\" data-e-type=\"container\">\n\t\t\t\t\t<div class=\"e-con-inner\">\n\t\t\t\t<div class=\"elementor-element elementor-element-8fc8b1f elementor-grid-eael-col-3 elementor-grid-tablet-eael-col-2 elementor-grid-mobile-eael-col-1 elementor-widget elementor-widget-eael-post-grid\" data-id=\"8fc8b1f\" data-element_type=\"widget\" data-e-type=\"widget\" data-settings=\"{&quot;eael_post_grid_columns&quot;:&quot;eael-col-3&quot;,&quot;eael_post_grid_columns_tablet&quot;:&quot;eael-col-2&quot;,&quot;eael_post_grid_columns_mobile&quot;:&quot;eael-col-1&quot;}\" data-widget_type=\"eael-post-grid.default\">\n\t\t\t\t\t<div id=\"eael-post-grid-8fc8b1f\" class=\"eael-post-grid-container\">\n            <div class=\"eael-post-grid eael-post-appender eael-post-appender-8fc8b1f eael-post-grid-style-one\" data-layout-mode=\"masonry\"><article class=\"eael-grid-post  eael-post-grid-column eael-pg-post-7169 category-exitos-guatemala\" data-id=\"7169\">\n        <div class=\"eael-grid-post-holder\">\n            <div class=\"eael-grid-post-holder-inner\"><div class=\"eael-entry-media\"><div class=\"eael-entry-overlay fade-in\"><i class=\"far fa-hand-pointer\" aria-hidden=\"true\"><\/i><a href=\"https:\/\/soymigrante.com\/revista\/el-sueno-de-la-familia-solis-tiene-madera-futbol-y-fe-en-dios\/\"><\/a><\/div><div class=\"eael-entry-thumbnail eael-image-ratio\">\n                <img decoding=\"async\" width=\"1016\" height=\"1016\" src=\"https:\/\/soymigrante.com\/revista\/wp-content\/uploads\/2024\/06\/familia-solis-hamilton-alex-sonia-y-jared-1.webp\" class=\"attachment-large size-large wp-image-30395\" alt=\"Personas migrantes en un campo deportivo en la tarde, mostrando integraci\u00f3n y comunidad.\" srcset=\"https:\/\/soymigrante.com\/revista\/wp-content\/uploads\/2024\/06\/familia-solis-hamilton-alex-sonia-y-jared-1.webp 1016w, https:\/\/soymigrante.com\/revista\/wp-content\/uploads\/2024\/06\/familia-solis-hamilton-alex-sonia-y-jared-1-300x300.jpg 300w, https:\/\/soymigrante.com\/revista\/wp-content\/uploads\/2024\/06\/familia-solis-hamilton-alex-sonia-y-jared-1-150x150.jpg 150w, https:\/\/soymigrante.com\/revista\/wp-content\/uploads\/2024\/06\/familia-solis-hamilton-alex-sonia-y-jared-1-768x768.jpg 768w, https:\/\/soymigrante.com\/revista\/wp-content\/uploads\/2024\/06\/familia-solis-hamilton-alex-sonia-y-jared-1-75x75.webp 75w, https:\/\/soymigrante.com\/revista\/wp-content\/uploads\/2024\/06\/familia-solis-hamilton-alex-sonia-y-jared-1-750x750.webp 750w\" sizes=\"(max-width: 1016px) 100vw, 1016px\" \/>\n            <\/div>\n        <\/div><div class=\"eael-entry-wrapper\"><header class=\"eael-entry-header\"><h2 class=\"eael-entry-title\"><a class=\"eael-grid-post-link\" href=\"https:\/\/soymigrante.com\/revista\/el-sueno-de-la-familia-solis-tiene-madera-futbol-y-fe-en-dios\/\" title=\"Sue\u00f1o futbol\u00edstico de la familia Sol\u00eds en Missouri sigue creciendo con fe en Dios\">Sue\u00f1o futbol\u00edstico de la familia Sol\u00eds en Missouri sigue creciendo con fe en Dios<\/a><\/h2><\/header><div class=\"eael-entry-content\">\n                        <div class=\"eael-grid-post-excerpt\"><a href=\"https:\/\/soymigrante.com\/revista\/el-sueno-de-la-familia-solis-tiene-madera-futbol-y-fe-en-dios\/\" class=\"eael-post-elements-readmore-btn\">CONOCE SU HISTORIA <\/a><\/div>\n                    <\/div><\/div><\/div>\n        <\/div>\n    <\/article><article class=\"eael-grid-post  eael-post-grid-column eael-pg-post-43503 category-guate-nuestra\" data-id=\"43503\">\n        <div class=\"eael-grid-post-holder\">\n            <div class=\"eael-grid-post-holder-inner\"><div class=\"eael-entry-media\"><div class=\"eael-entry-overlay fade-in\"><i class=\"far fa-hand-pointer\" aria-hidden=\"true\"><\/i><a href=\"https:\/\/soymigrante.com\/revista\/dia-del-futbol-guatemala-inicios-septiembre-historia\/\"><\/a><\/div><div class=\"eael-entry-thumbnail eael-image-ratio\">\n                <img decoding=\"async\" width=\"576\" height=\"576\" src=\"https:\/\/soymigrante.com\/revista\/wp-content\/uploads\/2025\/09\/dia-del-futbol-guatemala.png\" class=\"attachment-large size-large wp-image-43575\" alt=\"dia del futbol guatemala\" srcset=\"https:\/\/soymigrante.com\/revista\/wp-content\/uploads\/2025\/09\/dia-del-futbol-guatemala.png 576w, https:\/\/soymigrante.com\/revista\/wp-content\/uploads\/2025\/09\/dia-del-futbol-guatemala-300x300.png 300w, https:\/\/soymigrante.com\/revista\/wp-content\/uploads\/2025\/09\/dia-del-futbol-guatemala-150x150.png 150w, https:\/\/soymigrante.com\/revista\/wp-content\/uploads\/2025\/09\/dia-del-futbol-guatemala-75x75.png 75w\" sizes=\"(max-width: 576px) 100vw, 576px\" \/>\n            <\/div>\n        <\/div><div class=\"eael-entry-wrapper\"><header class=\"eael-entry-header\"><h2 class=\"eael-entry-title\"><a class=\"eael-grid-post-link\" href=\"https:\/\/soymigrante.com\/revista\/dia-del-futbol-guatemala-inicios-septiembre-historia\/\" title=\"\u00bfCu\u00e1ndo y c\u00f3mo fueron los comienzos del futbol en Guatemala?\">\u00bfCu\u00e1ndo y c\u00f3mo fueron los comienzos del futbol en Guatemala?<\/a><\/h2><\/header><div class=\"eael-entry-content\">\n                        <div class=\"eael-grid-post-excerpt\"><a href=\"https:\/\/soymigrante.com\/revista\/dia-del-futbol-guatemala-inicios-septiembre-historia\/\" class=\"eael-post-elements-readmore-btn\">CONOCE SU HISTORIA <\/a><\/div>\n                    <\/div><\/div><\/div>\n        <\/div>\n    <\/article><article class=\"eael-grid-post  eael-post-grid-column eael-pg-post-35806 category-estamos-unidos\" data-id=\"35806\">\n        <div class=\"eael-grid-post-holder\">\n            <div class=\"eael-grid-post-holder-inner\"><div class=\"eael-entry-media\"><div class=\"eael-entry-overlay fade-in\"><i class=\"far fa-hand-pointer\" aria-hidden=\"true\"><\/i><a href=\"https:\/\/soymigrante.com\/revista\/por-que-siempre-emocionan-los-partidos-de-la-seleccion-de-guatemala-en-eliminatorias-mundialistas\/\"><\/a><\/div><div class=\"eael-entry-thumbnail eael-image-ratio\">\n                <img loading=\"lazy\" decoding=\"async\" width=\"1024\" height=\"1024\" src=\"https:\/\/soymigrante.com\/revista\/wp-content\/uploads\/2025\/06\/572517679_825389990348302_7228509313391313617_n-1024x1024.jpg\" class=\"attachment-large size-large wp-image-48543\" alt=\"seleccion de guatemala\" srcset=\"https:\/\/soymigrante.com\/revista\/wp-content\/uploads\/2025\/06\/572517679_825389990348302_7228509313391313617_n-1024x1024.jpg 1024w, https:\/\/soymigrante.com\/revista\/wp-content\/uploads\/2025\/06\/572517679_825389990348302_7228509313391313617_n-300x300.jpg 300w, https:\/\/soymigrante.com\/revista\/wp-content\/uploads\/2025\/06\/572517679_825389990348302_7228509313391313617_n-150x150.jpg 150w, https:\/\/soymigrante.com\/revista\/wp-content\/uploads\/2025\/06\/572517679_825389990348302_7228509313391313617_n-768x768.jpg 768w, https:\/\/soymigrante.com\/revista\/wp-content\/uploads\/2025\/06\/572517679_825389990348302_7228509313391313617_n-75x75.jpg 75w, https:\/\/soymigrante.com\/revista\/wp-content\/uploads\/2025\/06\/572517679_825389990348302_7228509313391313617_n-750x750.jpg 750w, https:\/\/soymigrante.com\/revista\/wp-content\/uploads\/2025\/06\/572517679_825389990348302_7228509313391313617_n-1140x1140.jpg 1140w, https:\/\/soymigrante.com\/revista\/wp-content\/uploads\/2025\/06\/572517679_825389990348302_7228509313391313617_n.jpg 1173w\" sizes=\"(max-width: 1024px) 100vw, 1024px\" \/>\n            <\/div>\n        <\/div><div class=\"eael-entry-wrapper\"><header class=\"eael-entry-header\"><h2 class=\"eael-entry-title\"><a class=\"eael-grid-post-link\" href=\"https:\/\/soymigrante.com\/revista\/por-que-siempre-emocionan-los-partidos-de-la-seleccion-de-guatemala-en-eliminatorias-mundialistas\/\" title=\"\u00bfPor qu\u00e9 siempre emocionan tanto los partidos de la Selecci\u00f3n de Guatemala?\">\u00bfPor qu\u00e9 siempre emocionan tanto los partidos de la Selecci\u00f3n de Guatemala?<\/a><\/h2><\/header><div class=\"eael-entry-content\">\n                        <div class=\"eael-grid-post-excerpt\"><a href=\"https:\/\/soymigrante.com\/revista\/por-que-siempre-emocionan-los-partidos-de-la-seleccion-de-guatemala-en-eliminatorias-mundialistas\/\" class=\"eael-post-elements-readmore-btn\">CONOCE SU HISTORIA <\/a><\/div>\n                    <\/div><\/div><\/div>\n        <\/div>\n    <\/article><\/div>\n            <div class=\"clearfix\"><\/div>\n        <\/div>\t\t\t\t<\/div>\n\t\t\t\t\t<\/div>\n\t\t\t\t<\/div>\n\t\t\t\t<\/div>\n\t\t","protected":false},"excerpt":{"rendered":"<p>La pulsera Sue\u00f1o de Guate, que anima entusiasmo por la Selecci\u00f3n Nacional de Futbol y a la vez apoya el desarrollo de comunidades Wakami ya est\u00e1 en MERCADO. \u00a1Adquiere la tuya! El futbolista Nicol\u00e1s Samayoa, integrante de la Selecci\u00f3n Nacional de Guatemala, es el embajador de la nueva campa\u00f1a de la marca guatemalteca Wakami, que [&hellip;]<\/p>\n","protected":false},"author":1,"featured_media":48344,"comment_status":"open","ping_status":"open","sticky":false,"template":"","format":"standard","meta":{"_acf_changed":false,"_eb_attr":"","footnotes":""},"categories":[58],"tags":[130],"class_list":["post-48343","post","type-post","status-publish","format-standard","has-post-thumbnail","hentry","category-guate-nuestra","tag-mercado-emprendedores"],"acf":[],"aioseo_notices":[],"aioseo_head":"\n\t\t<!-- All in One SEO Pro 4.9.6.2 - aioseo.com -->\n\t<meta name=\"description\" content=\"Guatemala podr\u00eda estar un paso m\u00e1s cerca del competir en un Mundial si supera a Panam\u00e1 y Surinam en su ruta clasificatoria.\" \/>\n\t<meta name=\"robots\" content=\"max-snippet:-1, max-image-preview:large, max-video-preview:-1\" \/>\n\t<meta name=\"author\" content=\"SoyMigrante.com REVISTA\"\/>\n\t<link rel=\"canonical\" href=\"https:\/\/soymigrante.com\/revista\/por-que-siempre-emocionan-los-partidos-de-la-seleccion-de-guatemala-en-eliminatorias-mundialistas\/\" \/>\n\t<meta name=\"generator\" content=\"All in One SEO Pro (AIOSEO) 4.9.6.2\" \/>\n\n\t\t<link rel=\"preconnect\" href=\"https:\/\/fonts.googleapis.com\" crossorigin>\n<link rel=\"preconnect\" href=\"https:\/\/fonts.gstatic.com\" crossorigin>\n\t\t<meta property=\"og:locale\" content=\"es_ES\" \/>\n\t\t<meta property=\"og:site_name\" content=\"SoyMigrante.com REVISTA \u2013 Nuestra misi\u00f3n es reconocer y dignificar al migrante.\" \/>\n\t\t<meta property=\"og:type\" content=\"article\" \/>\n\t\t<meta property=\"og:title\" content=\"\u00bfPor qu\u00e9 siempre emocionan tanto los partidos de la Selecci\u00f3n de Guatemala?\" \/>\n\t\t<meta property=\"og:description\" content=\"Guatemala podr\u00eda estar un paso m\u00e1s cerca del competir en un Mundial si supera a Panam\u00e1 y Surinam en su ruta clasificatoria.\" \/>\n\t\t<meta property=\"og:url\" content=\"https:\/\/soymigrante.com\/revista\/por-que-siempre-emocionan-los-partidos-de-la-seleccion-de-guatemala-en-eliminatorias-mundialistas\/\" \/>\n\t\t<meta property=\"og:image\" content=\"https:\/\/soymigrante.com\/revista\/wp-content\/uploads\/2025\/06\/572517679_825389990348302_7228509313391313617_n.jpg\" \/>\n\t\t<meta property=\"og:image:secure_url\" content=\"https:\/\/soymigrante.com\/revista\/wp-content\/uploads\/2025\/06\/572517679_825389990348302_7228509313391313617_n.jpg\" \/>\n\t\t<meta property=\"og:image:width\" content=\"1173\" \/>\n\t\t<meta property=\"og:image:height\" content=\"1173\" \/>\n\t\t<meta property=\"article:published_time\" content=\"2025-11-13T22:22:33+00:00\" \/>\n\t\t<meta property=\"article:modified_time\" content=\"2025-11-13T22:33:34+00:00\" \/>\n\t\t<meta property=\"article:publisher\" content=\"https:\/\/www.facebook.com\/soymigrantecom\" \/>\n\t\t<meta name=\"twitter:card\" content=\"summary_large_image\" \/>\n\t\t<meta name=\"twitter:site\" content=\"@SoyMigrante_com\" \/>\n\t\t<meta name=\"twitter:title\" content=\"\u00bfPor qu\u00e9 siempre emocionan tanto los partidos de la Selecci\u00f3n de Guatemala?\" \/>\n\t\t<meta name=\"twitter:description\" content=\"Guatemala podr\u00eda estar un paso m\u00e1s cerca del competir en un Mundial si supera a Panam\u00e1 y Surinam en su ruta clasificatoria.\" \/>\n\t\t<meta name=\"twitter:creator\" content=\"@SoyMigrante_com\" \/>\n\t\t<meta name=\"twitter:image\" content=\"https:\/\/soymigrante.com\/revista\/wp-content\/uploads\/2025\/06\/572517679_825389990348302_7228509313391313617_n.jpg\" \/>\n\t\t<!-- All in One SEO Pro -->\r\n\t\t<title>\u00bfPor qu\u00e9 siempre emocionan tanto los partidos de la Selecci\u00f3n de Guatemala?<\/title>\n\n","aioseo_head_json":{"title":"\u00bfPor qu\u00e9 siempre emocionan tanto los partidos de la Selecci\u00f3n de Guatemala?","description":"Guatemala podr\u00eda estar un paso m\u00e1s cerca del competir en un Mundial si supera a Panam\u00e1 y Surinam en su ruta clasificatoria.","canonical_url":"https:\/\/soymigrante.com\/revista\/por-que-siempre-emocionan-los-partidos-de-la-seleccion-de-guatemala-en-eliminatorias-mundialistas\/","robots":"max-snippet:-1, max-image-preview:large, max-video-preview:-1","keywords":"","webmasterTools":{"miscellaneous":"&lt;link rel=\"preconnect\" href=\"https:\/\/fonts.googleapis.com\" crossorigin&gt;\n&lt;link rel=\"preconnect\" href=\"https:\/\/fonts.gstatic.com\" crossorigin&gt;"},"schema":null,"og:locale":"es_ES","og:site_name":"SoyMigrante.com REVISTA \u2013 Nuestra misi\u00f3n es reconocer y dignificar al migrante.","og:type":"article","og:title":"\u00bfPor qu\u00e9 siempre emocionan tanto los partidos de la Selecci\u00f3n de Guatemala?","og:description":"Guatemala podr\u00eda estar un paso m\u00e1s cerca del competir en un Mundial si supera a Panam\u00e1 y Surinam en su ruta clasificatoria.","og:url":"https:\/\/soymigrante.com\/revista\/por-que-siempre-emocionan-los-partidos-de-la-seleccion-de-guatemala-en-eliminatorias-mundialistas\/","og:image":"https:\/\/soymigrante.com\/revista\/wp-content\/uploads\/2025\/06\/572517679_825389990348302_7228509313391313617_n.jpg","og:image:secure_url":"https:\/\/soymigrante.com\/revista\/wp-content\/uploads\/2025\/06\/572517679_825389990348302_7228509313391313617_n.jpg","og:image:width":1173,"og:image:height":1173,"article:published_time":"2025-11-13T22:22:33+00:00","article:modified_time":"2025-11-13T22:33:34+00:00","article:publisher":"https:\/\/www.facebook.com\/soymigrantecom","twitter:card":"summary_large_image","twitter:site":"@SoyMigrante_com","twitter:title":"\u00bfPor qu\u00e9 siempre emocionan tanto los partidos de la Selecci\u00f3n de Guatemala?","twitter:description":"Guatemala podr\u00eda estar un paso m\u00e1s cerca del competir en un Mundial si supera a Panam\u00e1 y Surinam en su ruta clasificatoria.","twitter:creator":"@SoyMigrante_com","twitter:image":"https:\/\/soymigrante.com\/revista\/wp-content\/uploads\/2025\/06\/572517679_825389990348302_7228509313391313617_n.jpg"},"aioseo_meta_data":{"post_id":"48343","title":"Pulsera Sue\u00f1o de Guate Wakami impulsa sue\u00f1os y desarrollo","description":"Ya disponible en SoyMigrante.com MERCADO la emblem\u00e1tica pulsera de Wakami en apoyo a la Selecci\u00f3n Nacional de Futbol y al desarrollo de comunidades.","keywords":null,"keyphrases":{"focus":{"keyphrase":"Wakami","score":91,"analysis":{"keyphraseInTitle":{"score":9,"maxScore":9,"error":0},"keyphraseInDescription":{"score":9,"maxScore":9,"error":0},"keyphraseLength":{"score":9,"maxScore":9,"error":0,"length":1},"keyphraseInURL":{"score":5,"maxScore":5,"error":0},"keyphraseInIntroduction":{"score":9,"maxScore":9,"error":0},"keyphraseInSubHeadings":{"score":3,"maxScore":9,"error":1},"keyphraseInImageAlt":{"score":9,"maxScore":9,"error":0},"keywordDensity":{"type":"best","score":9,"maxScore":9,"error":0}}},"additional":[{"keyphrase":"Guate","score":67,"analysis":{"keyphraseInDescription":{"score":3,"maxScore":9,"error":1},"keyphraseLength":{"score":9,"maxScore":9,"error":0,"length":1},"keyphraseInIntroduction":{"score":9,"maxScore":9,"error":0},"keyphraseInImageAlt":{"score":9,"maxScore":9,"error":0},"keywordDensity":{"type":"high","score":0,"maxScore":9,"error":1}}}]},"primary_term":null,"canonical_url":null,"og_title":null,"og_description":null,"og_object_type":"default","og_image_type":"default","og_image_url":null,"og_image_width":null,"og_image_height":null,"og_image_custom_url":null,"og_image_custom_fields":null,"og_video":"","og_custom_url":null,"og_article_section":null,"og_article_tags":null,"twitter_use_og":false,"twitter_card":"default","twitter_image_type":"default","twitter_image_url":null,"twitter_image_custom_url":null,"twitter_image_custom_fields":null,"twitter_title":null,"twitter_description":null,"schema":{"blockGraphs":[],"customGraphs":[],"default":{"data":{"Article":[],"Course":[],"Dataset":[],"FAQPage":[],"Movie":[],"Person":[],"Product":[],"ProductReview":[],"Car":[],"Recipe":[],"Service":[],"SoftwareApplication":[],"WebPage":[]},"graphName":"NewsArticle","isEnabled":true},"graphs":[]},"schema_type":"default","schema_type_options":null,"pillar_content":false,"robots_default":true,"robots_noindex":false,"robots_noarchive":false,"robots_nosnippet":false,"robots_nofollow":false,"robots_noimageindex":false,"robots_noodp":false,"robots_notranslate":false,"robots_max_snippet":"-1","robots_max_videopreview":"-1","robots_max_imagepreview":"large","priority":null,"frequency":"default","local_seo":null,"seo_analyzer_scan_date":"2025-11-11 22:10:47","breadcrumb_settings":null,"limit_modified_date":false,"reviewed_by":"0","open_ai":null,"ai":{"faqs":[],"keyPoints":[],"titles":[],"descriptions":[],"socialPosts":{"email":[],"linkedin":[],"twitter":[],"facebook":[],"instagram":[]}},"created":"2025-11-10 15:33:07","updated":"2026-02-05 07:00:17"},"aioseo_breadcrumb":"<div class=\"aioseo-breadcrumbs\"><span class=\"aioseo-breadcrumb\">\n\t<a href=\"https:\/\/soymigrante.com\/revista\" title=\"Home\">Home<\/a>\n<\/span><span class=\"aioseo-breadcrumb-separator\">\u00bb<\/span><span class=\"aioseo-breadcrumb\">\n\t<a href=\"https:\/\/soymigrante.com\/revista\/category\/guate-nuestra\/\" title=\"Guate Nuestra\">Guate Nuestra<\/a>\n<\/span><span class=\"aioseo-breadcrumb-separator\">\u00bb<\/span><span class=\"aioseo-breadcrumb\">\n\tYa est\u00e1 en MERCADO Sue\u00f1o de Guate,  la pulsera Wakami que anima a la Selecci\u00f3n Nacional\n<\/span><\/div>","aioseo_breadcrumb_json":[{"label":"Home","link":"https:\/\/soymigrante.com\/revista"},{"label":"Guate Nuestra","link":"https:\/\/soymigrante.com\/revista\/category\/guate-nuestra\/"},{"label":"Ya est\u00e1 en MERCADO Sue\u00f1o de Guate,  la pulsera Wakami que anima a la Selecci\u00f3n Nacional","link":"https:\/\/soymigrante.com\/revista\/sueno-de-guate-la-pulsera-wakami-que-anima-a-la-seleccion-e-impulsa-el-desarrollo\/"}],"_links":{"self":[{"href":"https:\/\/soymigrante.com\/revista\/wp-json\/wp\/v2\/posts\/48343","targetHints":{"allow":["GET"]}}],"collection":[{"href":"https:\/\/soymigrante.com\/revista\/wp-json\/wp\/v2\/posts"}],"about":[{"href":"https:\/\/soymigrante.com\/revista\/wp-json\/wp\/v2\/types\/post"}],"author":[{"embeddable":true,"href":"https:\/\/soymigrante.com\/revista\/wp-json\/wp\/v2\/users\/1"}],"replies":[{"embeddable":true,"href":"https:\/\/soymigrante.com\/revista\/wp-json\/wp\/v2\/comments?post=48343"}],"version-history":[{"count":11,"href":"https:\/\/soymigrante.com\/revista\/wp-json\/wp\/v2\/posts\/48343\/revisions"}],"predecessor-version":[{"id":48427,"href":"https:\/\/soymigrante.com\/revista\/wp-json\/wp\/v2\/posts\/48343\/revisions\/48427"}],"wp:featuredmedia":[{"embeddable":true,"href":"https:\/\/soymigrante.com\/revista\/wp-json\/wp\/v2\/media\/48344"}],"wp:attachment":[{"href":"https:\/\/soymigrante.com\/revista\/wp-json\/wp\/v2\/media?parent=48343"}],"wp:term":[{"taxonomy":"category","embeddable":true,"href":"https:\/\/soymigrante.com\/revista\/wp-json\/wp\/v2\/categories?post=48343"},{"taxonomy":"post_tag","embeddable":true,"href":"https:\/\/soymigrante.com\/revista\/wp-json\/wp\/v2\/tags?post=48343"}],"curies":[{"name":"wp","href":"https:\/\/api.w.org\/{rel}","templated":true}]}}