{"id":48331,"date":"2025-11-10T06:21:11","date_gmt":"2025-11-10T12:21:11","guid":{"rendered":"https:\/\/soymigrante.com\/revista\/?p=48331"},"modified":"2025-11-10T06:33:12","modified_gmt":"2025-11-10T12:33:12","slug":"migrantes-indocumentados-aportan-a-la-seguridad-social-en-usa-pese-a-no-recibir-beneficios","status":"publish","type":"post","link":"https:\/\/soymigrante.com\/revista\/migrantes-indocumentados-aportan-a-la-seguridad-social-en-usa-pese-a-no-recibir-beneficios\/","title":{"rendered":"Migrantes indocumentados aportan a la Seguridad Social en USA, pese a no recibir beneficios:"},"content":{"rendered":"\t\t<div data-elementor-type=\"wp-post\" data-elementor-id=\"48331\" class=\"elementor elementor-48331\" data-elementor-post-type=\"post\">\n\t\t\t\t<div data-particle_enable=\"false\" data-particle-mobile-disabled=\"false\" class=\"elementor-element elementor-element-1c6037c e-flex e-con-boxed e-con e-parent\" data-id=\"1c6037c\" data-element_type=\"container\" data-e-type=\"container\">\n\t\t\t\t\t<div class=\"e-con-inner\">\n\t\t\t\t<div class=\"elementor-element elementor-element-bca1347 elementor-widget elementor-widget-heading\" data-id=\"bca1347\" data-element_type=\"widget\" data-e-type=\"widget\" data-widget_type=\"heading.default\">\n\t\t\t\t\t<h2 class=\"elementor-heading-title elementor-size-default\">Trabajadores migrantes indocumentados no tienen acceso a servicios de la Seguridad Social en Estados Unidos, pero s\u00ed contribuyen a su sostenimiento. Las pol\u00edticas antimigrantes ponen en peligro este aporte, se\u00f1ala un estudio de American Immigration Council.<\/h2>\t\t\t\t<\/div>\n\t\t\t\t\t<\/div>\n\t\t\t\t<\/div>\n\t\t<div data-particle_enable=\"false\" data-particle-mobile-disabled=\"false\" class=\"elementor-element elementor-element-bc8b1b6 e-flex e-con-boxed e-con e-parent\" data-id=\"bc8b1b6\" data-element_type=\"container\" data-e-type=\"container\">\n\t\t\t\t\t<div class=\"e-con-inner\">\n\t\t\t\t<div class=\"elementor-element elementor-element-08b26e7 elementor-widget elementor-widget-text-editor\" data-id=\"08b26e7\" data-element_type=\"widget\" data-e-type=\"widget\" data-widget_type=\"text-editor.default\">\n\t\t\t\t\t\t\t\t\t<p data-start=\"146\" data-end=\"612\">La advertencia es clara: <em data-start=\"171\" data-end=\"276\">\u201csin la intervenci\u00f3n del Congreso, las prestaciones de jubilaci\u00f3n podr\u00edan reducirse un 23 % ya en 2033\u201d<\/em>, seg\u00fan un reciente informe de la Junta de Fideicomisarios de la Seguridad Social citado en <a href=\"https:\/\/www.americanimmigrationcouncil.org\/blog\/social-security-undocumented-immigrants\/?emci=c2e209fb-22bc-f011-8194-00224823ff9b&amp;emdi=c38be4c4-7cbd-f011-8194-00224823ff9b&amp;ceid=14150961\">un an\u00e1lisis de\u00a0<span data-start=\"372\" data-end=\"408\">American Immigration Council (AIC)<\/span><\/a>. M\u00e1s de <span data-start=\"417\" data-end=\"461\">61 millones de jubilados estadounidenses<\/span> dependen de estas prestaciones, cuya sostenibilidad enfrenta una crisis demogr\u00e1fica que la deportaci\u00f3n de inmigrantes indocumentados solo agravar\u00eda.<\/p><p data-start=\"614\" data-end=\"1086\">El <a href=\"https:\/\/www.americanimmigrationcouncil.org\/blog\/social-security-undocumented-immigrants\/?emci=c2e209fb-22bc-f011-8194-00224823ff9b&amp;emdi=c38be4c4-7cbd-f011-8194-00224823ff9b&amp;ceid=14150961\">an\u00e1lisis del AIC<\/a> sostiene que <em data-start=\"647\" data-end=\"791\">\u201c<a href=\"https:\/\/soymigrante.com\/revista\/guatemaltecos-son-el-6-de-la-fuerza-laboral-migrante-hispana-en-ee-uu\/\">los migrantes \u2014incluidos los trabajadores indocumentados<\/a>\u2014 compensan los factores demogr\u00e1ficos que est\u00e1n afectando al Fondo Fiduciario del Seguro Social\u201d<\/em>. Entre esos factores se encuentra la disminuci\u00f3n del n\u00famero de j\u00f3venes estadounidenses que aportan al sistema y el aumento de adultos mayores que dependen de \u00e9l. En 1960, hab\u00eda <strong data-start=\"954\" data-end=\"991\">5 trabajadores por beneficiario<\/strong>; en 2022, apenas <b>3<\/b>, una proporci\u00f3n que seguir\u00e1 cayendo conforme m\u00e1s personas se jubilen.<\/p>\t\t\t\t\t\t\t\t<\/div>\n\t\t\t\t\t<\/div>\n\t\t\t\t<\/div>\n\t\t<div data-particle_enable=\"false\" data-particle-mobile-disabled=\"false\" class=\"elementor-element elementor-element-fa46691 e-flex e-con-boxed e-con e-parent\" data-id=\"fa46691\" data-element_type=\"container\" data-e-type=\"container\">\n\t\t\t\t\t<div class=\"e-con-inner\">\n\t\t\t\t<div class=\"elementor-element elementor-element-160a457 elementor-widget elementor-widget-image\" data-id=\"160a457\" data-element_type=\"widget\" data-e-type=\"widget\" data-widget_type=\"image.default\">\n\t\t\t\t\t\t\t\t\t\t\t\t<figure class=\"wp-caption\">\n\t\t\t\t\t\t\t\t\t\t<img fetchpriority=\"high\" decoding=\"async\" width=\"1024\" height=\"1024\" src=\"https:\/\/soymigrante.com\/revista\/wp-content\/uploads\/2023\/08\/un-hombre-hispano-trabaja-en-una-obra-de-construccion-en-estados-unidos-y-piensa-en-su-familia-1024x1024.jpg\" class=\"attachment-large size-large wp-image-33190\" alt=\"Camarero de construcci\u00f3n con casco en obra, trabajando en un sitio de construcci\u00f3n al atardecer para promover la inversi\u00f3n y oportunidades para migrantes en el sector de la construcci\u00f3n en Am\u00e9rica Latina.\" srcset=\"https:\/\/soymigrante.com\/revista\/wp-content\/uploads\/2023\/08\/un-hombre-hispano-trabaja-en-una-obra-de-construccion-en-estados-unidos-y-piensa-en-su-familia-1024x1024.jpg 1024w, https:\/\/soymigrante.com\/revista\/wp-content\/uploads\/2023\/08\/un-hombre-hispano-trabaja-en-una-obra-de-construccion-en-estados-unidos-y-piensa-en-su-familia-300x300.jpg 300w, https:\/\/soymigrante.com\/revista\/wp-content\/uploads\/2023\/08\/un-hombre-hispano-trabaja-en-una-obra-de-construccion-en-estados-unidos-y-piensa-en-su-familia-150x150.jpg 150w, https:\/\/soymigrante.com\/revista\/wp-content\/uploads\/2023\/08\/un-hombre-hispano-trabaja-en-una-obra-de-construccion-en-estados-unidos-y-piensa-en-su-familia-768x768.jpg 768w, https:\/\/soymigrante.com\/revista\/wp-content\/uploads\/2023\/08\/un-hombre-hispano-trabaja-en-una-obra-de-construccion-en-estados-unidos-y-piensa-en-su-familia-75x75.webp 75w, https:\/\/soymigrante.com\/revista\/wp-content\/uploads\/2023\/08\/un-hombre-hispano-trabaja-en-una-obra-de-construccion-en-estados-unidos-y-piensa-en-su-familia-750x750.jpg 750w, https:\/\/soymigrante.com\/revista\/wp-content\/uploads\/2023\/08\/un-hombre-hispano-trabaja-en-una-obra-de-construccion-en-estados-unidos-y-piensa-en-su-familia.webp 1120w\" sizes=\"(max-width: 1024px) 100vw, 1024px\" title=\"un hombre hispano trabaja en una obra de construccion en estados unidos y piensa en su familia \u2013 SoyMigrante.com REVISTA\" \/>\t\t\t\t\t\t\t\t\t\t\t<figcaption class=\"widget-image-caption wp-caption-text\">El acceso a la seguridad social est\u00e1 bloqueado en Estados Unidos a trabajadores indocumentados, sin embargo, estos a trav\u00e9s de sus impuestos y deducciones, tambi\u00e9n aportan al sostenimiento de este sistema. De hecho, actualmente est\u00e1n compensando la reducci\u00f3n de poblaci\u00f3n  estadounidense que est\u00e1 aportando , se\u00f1ala el informe de Migration Policy Institute.<\/figcaption>\n\t\t\t\t\t\t\t\t\t\t<\/figure>\n\t\t\t\t\t\t\t\t\t<\/div>\n\t\t\t\t\t<\/div>\n\t\t\t\t<\/div>\n\t\t<div data-particle_enable=\"false\" data-particle-mobile-disabled=\"false\" class=\"elementor-element elementor-element-ea7a8de e-flex e-con-boxed e-con e-parent\" data-id=\"ea7a8de\" data-element_type=\"container\" data-e-type=\"container\">\n\t\t\t\t\t<div class=\"e-con-inner\">\n\t\t\t\t<div class=\"elementor-element elementor-element-446b405 elementor-widget elementor-widget-heading\" data-id=\"446b405\" data-element_type=\"widget\" data-e-type=\"widget\" data-widget_type=\"heading.default\">\n\t\t\t\t\t<h3 class=\"elementor-heading-title elementor-size-default\">Migrantes aportan pese a que no reciben beneficio<\/h3>\t\t\t\t<\/div>\n\t\t\t\t\t<\/div>\n\t\t\t\t<\/div>\n\t\t<div data-particle_enable=\"false\" data-particle-mobile-disabled=\"false\" class=\"elementor-element elementor-element-6374e33 e-flex e-con-boxed e-con e-parent\" data-id=\"6374e33\" data-element_type=\"container\" data-e-type=\"container\">\n\t\t\t\t\t<div class=\"e-con-inner\">\n\t\t\t\t<div class=\"elementor-element elementor-element-fbc8e17 elementor-widget elementor-widget-text-editor\" data-id=\"fbc8e17\" data-element_type=\"widget\" data-e-type=\"widget\" data-widget_type=\"text-editor.default\">\n\t\t\t\t\t\t\t\t\t<p><a href=\"https:\/\/www.americanimmigrationcouncil.org\/blog\/social-security-undocumented-immigrants\/?emci=c2e209fb-22bc-f011-8194-00224823ff9b&amp;emdi=c38be4c4-7cbd-f011-8194-00224823ff9b&amp;ceid=14150961\">El informe aclara un punto crucial<\/a>: \u201cLa mayor\u00eda de los programas federales de asistencia p\u00fablica, como el Seguro Social y Medicaid, est\u00e1n limitados a ciudadanos estadounidenses y grupos espec\u00edficos de inmigrantes legales.\u201d En otras palabras, <a href=\"https:\/\/soymigrante.com\/revista\/migracion-jovenes-guatemaltecos-falta-oportunidades-necesitamos-desarrollo\/\">los inmigrantes indocumentado<\/a>s no son beneficiarios del Seguro Social. Sin embargo, contribuyen masivamente a su financiamiento.<\/p><p>Seg\u00fan el AIC, en 2023 los<a href=\"https:\/\/soymigrante.com\/revista\/migracion-jovenes-guatemaltecos-falta-oportunidades-necesitamos-desarrollo\/\"> inmigrantes<\/a> indocumentados aportaron 26.200 millones de d\u00f3lares al Fondo Fiduciario del Seguro Social. Esa cifra forma parte de los 89.800 millones de d\u00f3lares que pagaron en total en impuestos federales, estatales y locales ese mismo a\u00f1o. La mayor\u00eda nunca ver\u00e1 un solo d\u00f3lar de esos beneficios, pero sus contribuciones sostienen a millones de jubilados.<\/p>\t\t\t\t\t\t\t\t<\/div>\n\t\t\t\t\t<\/div>\n\t\t\t\t<\/div>\n\t\t<div data-particle_enable=\"false\" data-particle-mobile-disabled=\"false\" class=\"elementor-element elementor-element-f7f2f7c e-flex e-con-boxed e-con e-parent\" data-id=\"f7f2f7c\" data-element_type=\"container\" data-e-type=\"container\">\n\t\t\t\t\t<div class=\"e-con-inner\">\n\t\t\t\t<div class=\"elementor-element elementor-element-057ff03 elementor-grid-eael-col-1 elementor-grid-tablet-eael-col-2 elementor-grid-mobile-eael-col-1 elementor-widget elementor-widget-eael-post-grid\" data-id=\"057ff03\" data-element_type=\"widget\" data-e-type=\"widget\" data-settings=\"{&quot;eael_post_grid_columns&quot;:&quot;eael-col-1&quot;,&quot;eael_post_grid_columns_tablet&quot;:&quot;eael-col-2&quot;,&quot;eael_post_grid_columns_mobile&quot;:&quot;eael-col-1&quot;}\" data-widget_type=\"eael-post-grid.default\">\n\t\t\t\t\t<div id=\"eael-post-grid-057ff03\" class=\"eael-post-grid-container\">\n            <div class=\"eael-post-grid eael-post-appender eael-post-appender-057ff03 eael-post-grid-style-one\" data-layout-mode=\"masonry\"><article class=\"eael-grid-post  eael-post-grid-column eael-pg-post-7769 category-estamos-unidos\" data-id=\"7769\">\n        <div class=\"eael-grid-post-holder\">\n            <div class=\"eael-grid-post-holder-inner\"><div class=\"eael-entry-media\"><div class=\"eael-entry-overlay fade-in\"><i class=\"far fa-hand-pointer\" aria-hidden=\"true\"><\/i><a href=\"https:\/\/soymigrante.com\/revista\/migrantes-indocumentados-aportan-us100-mil-millones-en-impuestos-a-estados-unidos\/\"><\/a><\/div><div class=\"eael-entry-thumbnail eael-image-ratio\">\n                <img decoding=\"async\" width=\"681\" height=\"681\" src=\"https:\/\/soymigrante.com\/revista\/wp-content\/uploads\/2024\/08\/aporte-migrante-en-impuestos-en-estados-unidos-2.webp\" class=\"attachment-large size-large wp-image-7775\" alt=\"Reparador de ventanas en altura en un edificio de vidrio, realizando mantenimiento exterior con equipo de seguridad en un rascacielos, en un contexto urbano y empresarial.\" srcset=\"https:\/\/soymigrante.com\/revista\/wp-content\/uploads\/2024\/08\/aporte-migrante-en-impuestos-en-estados-unidos-2.webp 681w, https:\/\/soymigrante.com\/revista\/wp-content\/uploads\/2024\/08\/aporte-migrante-en-impuestos-en-estados-unidos-2-300x300.webp 300w, https:\/\/soymigrante.com\/revista\/wp-content\/uploads\/2024\/08\/aporte-migrante-en-impuestos-en-estados-unidos-2-150x150.webp 150w, https:\/\/soymigrante.com\/revista\/wp-content\/uploads\/2024\/08\/aporte-migrante-en-impuestos-en-estados-unidos-2-75x75.webp 75w\" sizes=\"(max-width: 681px) 100vw, 681px\" \/>\n            <\/div>\n        <\/div><div class=\"eael-entry-wrapper\"><header class=\"eael-entry-header\"><h2 class=\"eael-entry-title\"><a class=\"eael-grid-post-link\" href=\"https:\/\/soymigrante.com\/revista\/migrantes-indocumentados-aportan-us100-mil-millones-en-impuestos-a-estados-unidos\/\" title=\"Migrantes indocumentados aportan US$96 mil millones en impuestos a Estados Unidos\">Migrantes indocumentados aportan US$96 mil millones en impuestos a Estados Unidos<\/a><\/h2><\/header><div class=\"eael-entry-content\">\n                        <div class=\"eael-grid-post-excerpt\"><a href=\"https:\/\/soymigrante.com\/revista\/migrantes-indocumentados-aportan-us100-mil-millones-en-impuestos-a-estados-unidos\/\" class=\"eael-post-elements-readmore-btn\">CONOCE SU HISTORIA <\/a><\/div>\n                    <\/div><\/div><\/div>\n        <\/div>\n    <\/article><\/div>\n            <div class=\"clearfix\"><\/div>\n        <\/div>\t\t\t\t<\/div>\n\t\t\t\t\t<\/div>\n\t\t\t\t<\/div>\n\t\t<div data-particle_enable=\"false\" data-particle-mobile-disabled=\"false\" class=\"elementor-element elementor-element-015fb7a e-flex e-con-boxed e-con e-parent\" data-id=\"015fb7a\" data-element_type=\"container\" data-e-type=\"container\">\n\t\t\t\t\t<div class=\"e-con-inner\">\n\t\t\t\t<div class=\"elementor-element elementor-element-80ccb35 elementor-widget elementor-widget-heading\" data-id=\"80ccb35\" data-element_type=\"widget\" data-e-type=\"widget\" data-widget_type=\"heading.default\">\n\t\t\t\t\t<h3 class=\"elementor-heading-title elementor-size-default\">Migrantes compensan envejecimiento de poblaci\u00f3n<\/h3>\t\t\t\t<\/div>\n\t\t\t\t\t<\/div>\n\t\t\t\t<\/div>\n\t\t<div data-particle_enable=\"false\" data-particle-mobile-disabled=\"false\" class=\"elementor-element elementor-element-b5e439b e-flex e-con-boxed e-con e-parent\" data-id=\"b5e439b\" data-element_type=\"container\" data-e-type=\"container\">\n\t\t\t\t\t<div class=\"e-con-inner\">\n\t\t\t\t<div class=\"elementor-element elementor-element-3bd5067 elementor-widget elementor-widget-text-editor\" data-id=\"3bd5067\" data-element_type=\"widget\" data-e-type=\"widget\" data-widget_type=\"text-editor.default\">\n\t\t\t\t\t\t\t\t\t<p><a href=\"https:\/\/www.americanimmigrationcouncil.org\/blog\/social-security-undocumented-immigrants\/?emci=c2e209fb-22bc-f011-8194-00224823ff9b&amp;emdi=c38be4c4-7cbd-f011-8194-00224823ff9b&amp;ceid=14150961\">American Immigration Council<\/a> se\u00f1ala que los <a href=\"https:\/\/soymigrante.com\/revista\/guatemaltecos-son-el-6-de-la-fuerza-laboral-migrante-hispana-en-ee-uu\/\">trabajadores migrantes, incluyendo a los indocumentados<\/a> cubren \u201cla escasez de mano de obra en sectores esenciales como la agricultura, la construcci\u00f3n, la hosteler\u00eda y el cuidado de ancianos\u201d. Desempe\u00f1an labores f\u00edsicamente exigentes que a menudo son poco atractivas para los trabajadores nacidos en Estados Unidos.<\/p><p>Lo que se conoce menos, advierte el an\u00e1lisis, es que \u201cincluso si los nacidos en Estados Unidos quisieran ocupar estos puestos, simplemente no hay suficientes j\u00f3venes para realizar todo el trabajo \u2014y pagar todos los impuestos\u2014 necesarios para sostener la econom\u00eda y nuestra poblaci\u00f3n, que envejece r\u00e1pidamente.\u201d<\/p><p>La magnitud del desaf\u00edo es enorme. Se proyecta que el n\u00famero de estadounidenses de 65 a\u00f1os o m\u00e1s aumente un 47 % para 2025, llegando a 82 millones, mientras que la poblaci\u00f3n en edad laboral permanecer\u00e1 estancada.<\/p>\t\t\t\t\t\t\t\t<\/div>\n\t\t\t\t\t<\/div>\n\t\t\t\t<\/div>\n\t\t<div data-particle_enable=\"false\" data-particle-mobile-disabled=\"false\" class=\"elementor-element elementor-element-e967c71 e-flex e-con-boxed e-con e-parent\" data-id=\"e967c71\" data-element_type=\"container\" data-e-type=\"container\">\n\t\t\t\t\t<div class=\"e-con-inner\">\n\t\t\t\t<div class=\"elementor-element elementor-element-7cc81ac elementor-grid-eael-col-1 elementor-grid-tablet-eael-col-2 elementor-grid-mobile-eael-col-1 elementor-widget elementor-widget-eael-post-grid\" data-id=\"7cc81ac\" data-element_type=\"widget\" data-e-type=\"widget\" data-settings=\"{&quot;eael_post_grid_columns&quot;:&quot;eael-col-1&quot;,&quot;eael_post_grid_columns_tablet&quot;:&quot;eael-col-2&quot;,&quot;eael_post_grid_columns_mobile&quot;:&quot;eael-col-1&quot;}\" data-widget_type=\"eael-post-grid.default\">\n\t\t\t\t\t<div id=\"eael-post-grid-7cc81ac\" class=\"eael-post-grid-container\">\n            <div class=\"eael-post-grid eael-post-appender eael-post-appender-7cc81ac eael-post-grid-style-one\" data-layout-mode=\"masonry\"><article class=\"eael-grid-post  eael-post-grid-column eael-pg-post-23205 category-estamos-unidos\" data-id=\"23205\">\n        <div class=\"eael-grid-post-holder\">\n            <div class=\"eael-grid-post-holder-inner\"><div class=\"eael-entry-media\"><div class=\"eael-entry-overlay fade-in\"><i class=\"far fa-hand-pointer\" aria-hidden=\"true\"><\/i><a href=\"https:\/\/soymigrante.com\/revista\/acciones-antimigrantes-afectaran-economia-y-suministro-de-alimentos-senala-estudio-de-harvard\/\"><\/a><\/div><div class=\"eael-entry-thumbnail eael-image-ratio\">\n                <img decoding=\"async\" width=\"1024\" height=\"1024\" src=\"https:\/\/soymigrante.com\/revista\/wp-content\/uploads\/2025\/01\/trabajo-migrante-en-estados-unidos-ia-envato-labs-1.webp\" class=\"attachment-large size-large wp-image-23312\" alt=\"Manuel industrial en una f\u00e1brica de producci\u00f3n de manzanas en un entorno moderno con iluminaci\u00f3n de ne\u00f3n, trabajadores inspeccionando frutas rojas en un ambiente de alta tecnolog\u00eda para art\u00edculos de revisi\u00f3n de revistas.\" srcset=\"https:\/\/soymigrante.com\/revista\/wp-content\/uploads\/2025\/01\/trabajo-migrante-en-estados-unidos-ia-envato-labs-1.webp 1024w, https:\/\/soymigrante.com\/revista\/wp-content\/uploads\/2025\/01\/trabajo-migrante-en-estados-unidos-ia-envato-labs-1-300x300.png 300w, https:\/\/soymigrante.com\/revista\/wp-content\/uploads\/2025\/01\/trabajo-migrante-en-estados-unidos-ia-envato-labs-1-150x150.png 150w, https:\/\/soymigrante.com\/revista\/wp-content\/uploads\/2025\/01\/trabajo-migrante-en-estados-unidos-ia-envato-labs-1-768x768.png 768w, https:\/\/soymigrante.com\/revista\/wp-content\/uploads\/2025\/01\/trabajo-migrante-en-estados-unidos-ia-envato-labs-1-75x75.webp 75w, https:\/\/soymigrante.com\/revista\/wp-content\/uploads\/2025\/01\/trabajo-migrante-en-estados-unidos-ia-envato-labs-1-750x750.webp 750w\" sizes=\"(max-width: 1024px) 100vw, 1024px\" \/>\n            <\/div>\n        <\/div><div class=\"eael-entry-wrapper\"><header class=\"eael-entry-header\"><h2 class=\"eael-entry-title\"><a class=\"eael-grid-post-link\" href=\"https:\/\/soymigrante.com\/revista\/acciones-antimigrantes-afectaran-economia-y-suministro-de-alimentos-senala-estudio-de-harvard\/\" title=\"Estudio de Harvard resalta importancia de la mano de obra migrante en agricultura\">Estudio de Harvard resalta importancia de la mano de obra migrante en agricultura<\/a><\/h2><\/header><div class=\"eael-entry-content\">\n                        <div class=\"eael-grid-post-excerpt\"><a href=\"https:\/\/soymigrante.com\/revista\/acciones-antimigrantes-afectaran-economia-y-suministro-de-alimentos-senala-estudio-de-harvard\/\" class=\"eael-post-elements-readmore-btn\">CONOCE SU HISTORIA <\/a><\/div>\n                    <\/div><\/div><\/div>\n        <\/div>\n    <\/article><\/div>\n            <div class=\"clearfix\"><\/div>\n        <\/div>\t\t\t\t<\/div>\n\t\t\t\t\t<\/div>\n\t\t\t\t<\/div>\n\t\t<div data-particle_enable=\"false\" data-particle-mobile-disabled=\"false\" class=\"elementor-element elementor-element-0260ec2 e-flex e-con-boxed e-con e-parent\" data-id=\"0260ec2\" data-element_type=\"container\" data-e-type=\"container\">\n\t\t\t\t\t<div class=\"e-con-inner\">\n\t\t\t\t<div class=\"elementor-element elementor-element-a9aba81 elementor-widget elementor-widget-heading\" data-id=\"a9aba81\" data-element_type=\"widget\" data-e-type=\"widget\" data-widget_type=\"heading.default\">\n\t\t\t\t\t<h3 class=\"elementor-heading-title elementor-size-default\">Reducci\u00f3n de aporte migrante afectar\u00e1 a Social Security<\/h3>\t\t\t\t<\/div>\n\t\t\t\t\t<\/div>\n\t\t\t\t<\/div>\n\t\t<div data-particle_enable=\"false\" data-particle-mobile-disabled=\"false\" class=\"elementor-element elementor-element-9da4efa e-flex e-con-boxed e-con e-parent\" data-id=\"9da4efa\" data-element_type=\"container\" data-e-type=\"container\">\n\t\t\t\t\t<div class=\"e-con-inner\">\n\t\t\t\t<div class=\"elementor-element elementor-element-df657fe elementor-widget elementor-widget-text-editor\" data-id=\"df657fe\" data-element_type=\"widget\" data-e-type=\"widget\" data-widget_type=\"text-editor.default\">\n\t\t\t\t\t\t\t\t\t<p>Durante a\u00f1os, \u201clos inmigrantes \u2014incluidos los indocumentados\u2014 han compensado este desequilibrio generacional\u201d, afirma el AIC. Lo hacen con una caracter\u00edstica determinante: su edad. El informe indica que el 77,1 % de los residentes nacidos en el extranjero y el 89,4 % de los inmigrantes indocumentados tienen entre 16 y 64 a\u00f1os, comparado con solo el 60,9 % de ciudadanos nacidos en EE. UU.<\/p><p>Esa proporci\u00f3n contribuye a estabilizar el mercado laboral y a sostener la Seguridad Social, Medicare y otros programas p\u00fablicos. De hecho, la propia Administraci\u00f3n del Seguro Social reconoce que \u201cla presencia de trabajadores no autorizados en los Estados Unidos tiene, en promedio, un efecto positivo en la situaci\u00f3n financiera del programa del Seguro Social.\u201d<\/p><p>Sin embargo, las pol\u00edticas migratorias actuales podr\u00edan empujar el sistema hacia el colapso. El an\u00e1lisis de Migration Policy Institute advierte que \u201cexpulsar a millones de trabajadores mediante la deportaci\u00f3n y la revocaci\u00f3n de sus permisos de trabajo justo cuando la red de seguridad social corre el riesgo de colapsar es una imprudencia sin precedentes.\u201d<\/p>\t\t\t\t\t\t\t\t<\/div>\n\t\t\t\t\t<\/div>\n\t\t\t\t<\/div>\n\t\t<div data-particle_enable=\"false\" data-particle-mobile-disabled=\"false\" class=\"elementor-element elementor-element-eddd16e e-flex e-con-boxed e-con e-parent\" data-id=\"eddd16e\" data-element_type=\"container\" data-e-type=\"container\">\n\t\t\t\t\t<div class=\"e-con-inner\">\n\t\t\t\t<div class=\"elementor-element elementor-element-d566809 elementor-grid-eael-col-3 elementor-grid-tablet-eael-col-2 elementor-grid-mobile-eael-col-1 elementor-widget elementor-widget-eael-post-grid\" data-id=\"d566809\" data-element_type=\"widget\" data-e-type=\"widget\" data-settings=\"{&quot;eael_post_grid_columns&quot;:&quot;eael-col-3&quot;,&quot;eael_post_grid_columns_tablet&quot;:&quot;eael-col-2&quot;,&quot;eael_post_grid_columns_mobile&quot;:&quot;eael-col-1&quot;}\" data-widget_type=\"eael-post-grid.default\">\n\t\t\t\t\t<div id=\"eael-post-grid-d566809\" class=\"eael-post-grid-container\">\n            <div class=\"eael-post-grid eael-post-appender eael-post-appender-d566809 eael-post-grid-style-one\" data-layout-mode=\"masonry\"><article class=\"eael-grid-post  eael-post-grid-column eael-pg-post-16944 category-recursos-migratorios\" data-id=\"16944\">\n        <div class=\"eael-grid-post-holder\">\n            <div class=\"eael-grid-post-holder-inner\"><div class=\"eael-entry-media\"><div class=\"eael-entry-overlay fade-in\"><i class=\"far fa-hand-pointer\" aria-hidden=\"true\"><\/i><a href=\"https:\/\/soymigrante.com\/revista\/todo-migrante-tiene-derechos-la-union-americana-de-libertades-civiles-recomienda\/\"><\/a><\/div><div class=\"eael-entry-thumbnail eael-image-ratio\">\n                <img loading=\"lazy\" decoding=\"async\" width=\"1024\" height=\"1024\" src=\"https:\/\/soymigrante.com\/revista\/wp-content\/uploads\/2024\/12\/migrantes-ruta-1-1024x1024.jpg\" class=\"attachment-large size-large wp-image-17020\" alt=\"Camino con peatones en carretera lluviosa, se\u00f1al de obra vial y l\u00edmite de velocidad de 30 km\/h, en un entorno natural y monta\u00f1oso, en la publicaci\u00f3n de SoyMigrante.com REVISTA.\" srcset=\"https:\/\/soymigrante.com\/revista\/wp-content\/uploads\/2024\/12\/migrantes-ruta-1-1024x1024.jpg 1024w, https:\/\/soymigrante.com\/revista\/wp-content\/uploads\/2024\/12\/migrantes-ruta-1-300x300.jpg 300w, https:\/\/soymigrante.com\/revista\/wp-content\/uploads\/2024\/12\/migrantes-ruta-1-150x150.jpg 150w, https:\/\/soymigrante.com\/revista\/wp-content\/uploads\/2024\/12\/migrantes-ruta-1-768x768.jpg 768w, https:\/\/soymigrante.com\/revista\/wp-content\/uploads\/2024\/12\/migrantes-ruta-1-1536x1536.jpg 1536w, https:\/\/soymigrante.com\/revista\/wp-content\/uploads\/2024\/12\/migrantes-ruta-1-2048x2048.jpg 2048w, https:\/\/soymigrante.com\/revista\/wp-content\/uploads\/2024\/12\/migrantes-ruta-1-75x75.webp 75w, https:\/\/soymigrante.com\/revista\/wp-content\/uploads\/2024\/12\/migrantes-ruta-1-750x750.webp 750w, https:\/\/soymigrante.com\/revista\/wp-content\/uploads\/2024\/12\/migrantes-ruta-1-1140x1140.webp 1140w, https:\/\/soymigrante.com\/revista\/wp-content\/uploads\/2024\/12\/migrantes-ruta-1-scaled.webp 1920w\" sizes=\"(max-width: 1024px) 100vw, 1024px\" \/>\n            <\/div>\n        <\/div><div class=\"eael-entry-wrapper\"><header class=\"eael-entry-header\"><h2 class=\"eael-entry-title\"><a class=\"eael-grid-post-link\" href=\"https:\/\/soymigrante.com\/revista\/todo-migrante-tiene-derechos-la-union-americana-de-libertades-civiles-recomienda\/\" title=\"Todo migrante tiene derechos: la Uni\u00f3n Americana de Libertades Civiles recomienda&#8230;\">Todo migrante tiene derechos: la Uni\u00f3n Americana de Libertades Civiles recomienda&#8230;<\/a><\/h2><\/header><div class=\"eael-entry-content\">\n                        <div class=\"eael-grid-post-excerpt\"><a href=\"https:\/\/soymigrante.com\/revista\/todo-migrante-tiene-derechos-la-union-americana-de-libertades-civiles-recomienda\/\" class=\"eael-post-elements-readmore-btn\">CONOCE SU HISTORIA <\/a><\/div>\n                    <\/div><\/div><\/div>\n        <\/div>\n    <\/article><article class=\"eael-grid-post  eael-post-grid-column eael-pg-post-32065 category-recursos-migratorios\" data-id=\"32065\">\n        <div class=\"eael-grid-post-holder\">\n            <div class=\"eael-grid-post-holder-inner\"><div class=\"eael-entry-media\"><div class=\"eael-entry-overlay fade-in\"><i class=\"far fa-hand-pointer\" aria-hidden=\"true\"><\/i><a href=\"https:\/\/soymigrante.com\/revista\/conoce-tus-derechos-proteccion-para-trabajadores-migrantes-en-usa\/\"><\/a><\/div><div class=\"eael-entry-thumbnail eael-image-ratio\">\n                <img loading=\"lazy\" decoding=\"async\" width=\"1024\" height=\"682\" src=\"https:\/\/soymigrante.com\/revista\/wp-content\/uploads\/2025\/04\/Conoce-tus-derechos-Proteccion-legal-para-trabajadores-migrantes-en-Estados-Unidos3-1024x682.jpeg\" class=\"attachment-large size-large wp-image-32066\" alt=\"Trabajo en campo agr\u00edcola con inmigrantes, cultivando verduras y hortalizas en un entorno rural para promover la integraci\u00f3n y la suerte laboral de la comunidad migrante.\" srcset=\"https:\/\/soymigrante.com\/revista\/wp-content\/uploads\/2025\/04\/Conoce-tus-derechos-Proteccion-legal-para-trabajadores-migrantes-en-Estados-Unidos3-1024x682.jpeg 1024w, https:\/\/soymigrante.com\/revista\/wp-content\/uploads\/2025\/04\/Conoce-tus-derechos-Proteccion-legal-para-trabajadores-migrantes-en-Estados-Unidos3-300x200.jpeg 300w, https:\/\/soymigrante.com\/revista\/wp-content\/uploads\/2025\/04\/Conoce-tus-derechos-Proteccion-legal-para-trabajadores-migrantes-en-Estados-Unidos3-768x512.jpeg 768w, https:\/\/soymigrante.com\/revista\/wp-content\/uploads\/2025\/04\/Conoce-tus-derechos-Proteccion-legal-para-trabajadores-migrantes-en-Estados-Unidos3-1536x1023.jpeg 1536w, https:\/\/soymigrante.com\/revista\/wp-content\/uploads\/2025\/04\/Conoce-tus-derechos-Proteccion-legal-para-trabajadores-migrantes-en-Estados-Unidos3-750x500.webp 750w, https:\/\/soymigrante.com\/revista\/wp-content\/uploads\/2025\/04\/Conoce-tus-derechos-Proteccion-legal-para-trabajadores-migrantes-en-Estados-Unidos3-1140x760.webp 1140w, https:\/\/soymigrante.com\/revista\/wp-content\/uploads\/2025\/04\/Conoce-tus-derechos-Proteccion-legal-para-trabajadores-migrantes-en-Estados-Unidos3.webp 1600w\" sizes=\"(max-width: 1024px) 100vw, 1024px\" \/>\n            <\/div>\n        <\/div><div class=\"eael-entry-wrapper\"><header class=\"eael-entry-header\"><h2 class=\"eael-entry-title\"><a class=\"eael-grid-post-link\" href=\"https:\/\/soymigrante.com\/revista\/conoce-tus-derechos-proteccion-para-trabajadores-migrantes-en-usa\/\" title=\"Conoce tus derechos: Protecci\u00f3n para trabajadores migrantes en USA\">Conoce tus derechos: Protecci\u00f3n para trabajadores migrantes en USA<\/a><\/h2><\/header><div class=\"eael-entry-content\">\n                        <div class=\"eael-grid-post-excerpt\"><a href=\"https:\/\/soymigrante.com\/revista\/conoce-tus-derechos-proteccion-para-trabajadores-migrantes-en-usa\/\" class=\"eael-post-elements-readmore-btn\">CONOCE SU HISTORIA <\/a><\/div>\n                    <\/div><\/div><\/div>\n        <\/div>\n    <\/article><article class=\"eael-grid-post  eael-post-grid-column eael-pg-post-47369 category-noticias\" data-id=\"47369\">\n        <div class=\"eael-grid-post-holder\">\n            <div class=\"eael-grid-post-holder-inner\"><div class=\"eael-entry-media\"><div class=\"eael-entry-overlay fade-in\"><i class=\"far fa-hand-pointer\" aria-hidden=\"true\"><\/i><a href=\"https:\/\/soymigrante.com\/revista\/operativos-antimaras-en-usa-se-utilizan-para-detener-migrantes-sin-antecedentes-cuestiona-insight-crime\/\"><\/a><\/div><div class=\"eael-entry-thumbnail eael-image-ratio\">\n                <img loading=\"lazy\" decoding=\"async\" width=\"831\" height=\"831\" src=\"https:\/\/soymigrante.com\/revista\/wp-content\/uploads\/2025\/10\/noticias-capturas-en-nashville.png\" class=\"attachment-large size-large wp-image-47402\" alt=\"noticias capturas en nashville\" srcset=\"https:\/\/soymigrante.com\/revista\/wp-content\/uploads\/2025\/10\/noticias-capturas-en-nashville.png 831w, https:\/\/soymigrante.com\/revista\/wp-content\/uploads\/2025\/10\/noticias-capturas-en-nashville-300x300.png 300w, https:\/\/soymigrante.com\/revista\/wp-content\/uploads\/2025\/10\/noticias-capturas-en-nashville-150x150.png 150w, https:\/\/soymigrante.com\/revista\/wp-content\/uploads\/2025\/10\/noticias-capturas-en-nashville-768x768.png 768w, https:\/\/soymigrante.com\/revista\/wp-content\/uploads\/2025\/10\/noticias-capturas-en-nashville-75x75.png 75w, https:\/\/soymigrante.com\/revista\/wp-content\/uploads\/2025\/10\/noticias-capturas-en-nashville-750x750.png 750w\" sizes=\"(max-width: 831px) 100vw, 831px\" \/>\n            <\/div>\n        <\/div><div class=\"eael-entry-wrapper\"><header class=\"eael-entry-header\"><h2 class=\"eael-entry-title\"><a class=\"eael-grid-post-link\" href=\"https:\/\/soymigrante.com\/revista\/operativos-antimaras-en-usa-se-utilizan-para-detener-migrantes-sin-antecedentes-cuestiona-insight-crime\/\" title=\"Operativos antimaras en USA se utilizan para detener migrantes sin antecedentes, cuestiona Insight Crime.\">Operativos antimaras en USA se utilizan para detener migrantes sin antecedentes, cuestiona Insight Crime.<\/a><\/h2><\/header><div class=\"eael-entry-content\">\n                        <div class=\"eael-grid-post-excerpt\"><a href=\"https:\/\/soymigrante.com\/revista\/operativos-antimaras-en-usa-se-utilizan-para-detener-migrantes-sin-antecedentes-cuestiona-insight-crime\/\" class=\"eael-post-elements-readmore-btn\">CONOCE SU HISTORIA <\/a><\/div>\n                    <\/div><\/div><\/div>\n        <\/div>\n    <\/article><\/div>\n            <div class=\"clearfix\"><\/div>\n        <\/div>\t\t\t\t<\/div>\n\t\t\t\t\t<\/div>\n\t\t\t\t<\/div>\n\t\t\t\t<\/div>\n\t\t","protected":false},"excerpt":{"rendered":"<p>Trabajadores migrantes indocumentados no tienen acceso a servicios de la Seguridad Social en Estados Unidos, pero s\u00ed contribuyen a su sostenimiento. Las pol\u00edticas antimigrantes ponen en peligro este aporte, se\u00f1ala un estudio de American Immigration Council. La advertencia es clara: \u201csin la intervenci\u00f3n del Congreso, las prestaciones de jubilaci\u00f3n podr\u00edan reducirse un 23 % ya [&hellip;]<\/p>\n","protected":false},"author":7,"featured_media":48332,"comment_status":"open","ping_status":"open","sticky":false,"template":"","format":"standard","meta":{"_acf_changed":false,"_eb_attr":"","footnotes":""},"categories":[280],"tags":[],"class_list":["post-48331","post","type-post","status-publish","format-standard","has-post-thumbnail","hentry","category-noticias"],"acf":[],"aioseo_notices":[],"aioseo_head":"\n\t\t<!-- All in One SEO Pro 4.9.6.2 - aioseo.com -->\n\t<meta name=\"description\" content=\"Operativos policiales en Nashville, Tennesse, muestran c\u00f3mo en operativos contra pandilleros se detiene migrantes sin antecedentes, seg\u00fan reporta Insight Crime\" \/>\n\t<meta name=\"robots\" content=\"max-snippet:-1, max-image-preview:large, max-video-preview:-1\" \/>\n\t<meta name=\"author\" content=\"SoyMigrante.com REVISTA\"\/>\n\t<link rel=\"canonical\" href=\"https:\/\/soymigrante.com\/revista\/operativos-antimaras-en-usa-se-utilizan-para-detener-migrantes-sin-antecedentes-cuestiona-insight-crime\/\" \/>\n\t<meta name=\"generator\" content=\"All in One SEO Pro (AIOSEO) 4.9.6.2\" \/>\n\n\t\t<link rel=\"preconnect\" href=\"https:\/\/fonts.googleapis.com\" crossorigin>\n<link rel=\"preconnect\" href=\"https:\/\/fonts.gstatic.com\" crossorigin>\n\t\t<meta property=\"og:locale\" content=\"es_ES\" \/>\n\t\t<meta property=\"og:site_name\" content=\"SoyMigrante.com REVISTA \u2013 Nuestra misi\u00f3n es reconocer y dignificar al migrante.\" \/>\n\t\t<meta property=\"og:type\" content=\"article\" \/>\n\t\t<meta property=\"og:title\" content=\"\u00bfUsan operativos antipandillas contra migrantes sin delito?\" \/>\n\t\t<meta property=\"og:description\" content=\"Operativos policiales en Nashville, Tennesse, muestran c\u00f3mo en operativos contra pandilleros se detiene migrantes sin antecedentes, seg\u00fan reporta Insight Crime\" \/>\n\t\t<meta property=\"og:url\" content=\"https:\/\/soymigrante.com\/revista\/operativos-antimaras-en-usa-se-utilizan-para-detener-migrantes-sin-antecedentes-cuestiona-insight-crime\/\" \/>\n\t\t<meta property=\"og:image\" content=\"https:\/\/soymigrante.com\/revista\/wp-content\/uploads\/2025\/10\/noticias-capturas-en-nashville.png\" \/>\n\t\t<meta property=\"og:image:secure_url\" content=\"https:\/\/soymigrante.com\/revista\/wp-content\/uploads\/2025\/10\/noticias-capturas-en-nashville.png\" \/>\n\t\t<meta property=\"og:image:width\" content=\"831\" \/>\n\t\t<meta property=\"og:image:height\" content=\"831\" \/>\n\t\t<meta property=\"article:published_time\" content=\"2025-10-18T16:53:57+00:00\" \/>\n\t\t<meta property=\"article:modified_time\" content=\"2025-10-18T16:59:44+00:00\" \/>\n\t\t<meta property=\"article:publisher\" content=\"https:\/\/www.facebook.com\/soymigrantecom\" \/>\n\t\t<meta name=\"twitter:card\" content=\"summary_large_image\" \/>\n\t\t<meta name=\"twitter:site\" content=\"@SoyMigrante_com\" \/>\n\t\t<meta name=\"twitter:title\" content=\"\u00bfUsan operativos antipandillas contra migrantes sin delito?\" \/>\n\t\t<meta name=\"twitter:description\" content=\"Operativos policiales en Nashville, Tennesse, muestran c\u00f3mo en operativos contra pandilleros se detiene migrantes sin antecedentes, seg\u00fan reporta Insight Crime\" \/>\n\t\t<meta name=\"twitter:creator\" content=\"@SoyMigrante_com\" \/>\n\t\t<meta name=\"twitter:image\" content=\"https:\/\/soymigrante.com\/revista\/wp-content\/uploads\/2025\/10\/noticias-capturas-en-nashville.png\" \/>\n\t\t<!-- All in One SEO Pro -->\r\n\t\t<title>\u00bfUsan operativos antipandillas contra migrantes sin delito?<\/title>\n\n","aioseo_head_json":{"title":"\u00bfUsan operativos antipandillas contra migrantes sin delito?","description":"Operativos policiales en Nashville, Tennesse, muestran c\u00f3mo en operativos contra pandilleros se detiene migrantes sin antecedentes, seg\u00fan reporta Insight Crime","canonical_url":"https:\/\/soymigrante.com\/revista\/operativos-antimaras-en-usa-se-utilizan-para-detener-migrantes-sin-antecedentes-cuestiona-insight-crime\/","robots":"max-snippet:-1, max-image-preview:large, max-video-preview:-1","keywords":"","webmasterTools":{"miscellaneous":"&lt;link rel=\"preconnect\" href=\"https:\/\/fonts.googleapis.com\" crossorigin&gt;\n&lt;link rel=\"preconnect\" href=\"https:\/\/fonts.gstatic.com\" crossorigin&gt;"},"schema":null,"og:locale":"es_ES","og:site_name":"SoyMigrante.com REVISTA \u2013 Nuestra misi\u00f3n es reconocer y dignificar al migrante.","og:type":"article","og:title":"\u00bfUsan operativos antipandillas contra migrantes sin delito?","og:description":"Operativos policiales en Nashville, Tennesse, muestran c\u00f3mo en operativos contra pandilleros se detiene migrantes sin antecedentes, seg\u00fan reporta Insight Crime","og:url":"https:\/\/soymigrante.com\/revista\/operativos-antimaras-en-usa-se-utilizan-para-detener-migrantes-sin-antecedentes-cuestiona-insight-crime\/","og:image":"https:\/\/soymigrante.com\/revista\/wp-content\/uploads\/2025\/10\/noticias-capturas-en-nashville.png","og:image:secure_url":"https:\/\/soymigrante.com\/revista\/wp-content\/uploads\/2025\/10\/noticias-capturas-en-nashville.png","og:image:width":831,"og:image:height":831,"article:published_time":"2025-10-18T16:53:57+00:00","article:modified_time":"2025-10-18T16:59:44+00:00","article:publisher":"https:\/\/www.facebook.com\/soymigrantecom","twitter:card":"summary_large_image","twitter:site":"@SoyMigrante_com","twitter:title":"\u00bfUsan operativos antipandillas contra migrantes sin delito?","twitter:description":"Operativos policiales en Nashville, Tennesse, muestran c\u00f3mo en operativos contra pandilleros se detiene migrantes sin antecedentes, seg\u00fan reporta Insight Crime","twitter:creator":"@SoyMigrante_com","twitter:image":"https:\/\/soymigrante.com\/revista\/wp-content\/uploads\/2025\/10\/noticias-capturas-en-nashville.png"},"aioseo_meta_data":{"post_id":"48331","title":"Migrantes indocumentados aportan a Seguridad Social en USA","description":"An\u00e1lisis de Migration Policy Institute se\u00f1ala que trabajadores migrantes indocumentados aportan al sistema de Social Security, pese a no recibir sus servicios.","keywords":null,"keyphrases":{"focus":{"keyphrase":"Migrantes indocumentados","score":0,"analysis":[]}},"primary_term":null,"canonical_url":null,"og_title":null,"og_description":null,"og_object_type":"default","og_image_type":"default","og_image_url":null,"og_image_width":null,"og_image_height":null,"og_image_custom_url":null,"og_image_custom_fields":null,"og_video":"","og_custom_url":null,"og_article_section":null,"og_article_tags":null,"twitter_use_og":false,"twitter_card":"default","twitter_image_type":"default","twitter_image_url":null,"twitter_image_custom_url":null,"twitter_image_custom_fields":null,"twitter_title":null,"twitter_description":null,"schema":{"blockGraphs":[],"customGraphs":[],"default":{"data":{"Article":[],"Course":[],"Dataset":[],"FAQPage":[],"Movie":[],"Person":[],"Product":[],"ProductReview":[],"Car":[],"Recipe":[],"Service":[],"SoftwareApplication":[],"WebPage":[]},"graphName":"NewsArticle","isEnabled":true},"graphs":[]},"schema_type":"default","schema_type_options":null,"pillar_content":false,"robots_default":true,"robots_noindex":false,"robots_noarchive":false,"robots_nosnippet":false,"robots_nofollow":false,"robots_noimageindex":false,"robots_noodp":false,"robots_notranslate":false,"robots_max_snippet":"-1","robots_max_videopreview":"-1","robots_max_imagepreview":"large","priority":null,"frequency":"default","local_seo":null,"seo_analyzer_scan_date":"2026-01-29 16:20:14","breadcrumb_settings":null,"limit_modified_date":false,"reviewed_by":"0","open_ai":null,"ai":{"faqs":[],"keyPoints":[],"titles":[],"descriptions":[],"socialPosts":{"email":[],"linkedin":[],"twitter":[],"facebook":[],"instagram":[]}},"created":"2025-11-10 11:58:36","updated":"2026-02-05 07:00:16"},"aioseo_breadcrumb":"<div class=\"aioseo-breadcrumbs\"><span class=\"aioseo-breadcrumb\">\n\t<a href=\"https:\/\/soymigrante.com\/revista\" title=\"Home\">Home<\/a>\n<\/span><span class=\"aioseo-breadcrumb-separator\">\u00bb<\/span><span class=\"aioseo-breadcrumb\">\n\t<a href=\"https:\/\/soymigrante.com\/revista\/category\/noticias\/\" title=\"Noticias\">Noticias<\/a>\n<\/span><span class=\"aioseo-breadcrumb-separator\">\u00bb<\/span><span class=\"aioseo-breadcrumb\">\n\tMigrantes indocumentados aportan a la Seguridad Social en USA, pese a no recibir beneficios:\n<\/span><\/div>","aioseo_breadcrumb_json":[{"label":"Home","link":"https:\/\/soymigrante.com\/revista"},{"label":"Noticias","link":"https:\/\/soymigrante.com\/revista\/category\/noticias\/"},{"label":"Migrantes indocumentados aportan a la Seguridad Social en USA, pese a no recibir beneficios:","link":"https:\/\/soymigrante.com\/revista\/migrantes-indocumentados-aportan-a-la-seguridad-social-en-usa-pese-a-no-recibir-beneficios\/"}],"_links":{"self":[{"href":"https:\/\/soymigrante.com\/revista\/wp-json\/wp\/v2\/posts\/48331","targetHints":{"allow":["GET"]}}],"collection":[{"href":"https:\/\/soymigrante.com\/revista\/wp-json\/wp\/v2\/posts"}],"about":[{"href":"https:\/\/soymigrante.com\/revista\/wp-json\/wp\/v2\/types\/post"}],"author":[{"embeddable":true,"href":"https:\/\/soymigrante.com\/revista\/wp-json\/wp\/v2\/users\/7"}],"replies":[{"embeddable":true,"href":"https:\/\/soymigrante.com\/revista\/wp-json\/wp\/v2\/comments?post=48331"}],"version-history":[{"count":4,"href":"https:\/\/soymigrante.com\/revista\/wp-json\/wp\/v2\/posts\/48331\/revisions"}],"predecessor-version":[{"id":48337,"href":"https:\/\/soymigrante.com\/revista\/wp-json\/wp\/v2\/posts\/48331\/revisions\/48337"}],"wp:featuredmedia":[{"embeddable":true,"href":"https:\/\/soymigrante.com\/revista\/wp-json\/wp\/v2\/media\/48332"}],"wp:attachment":[{"href":"https:\/\/soymigrante.com\/revista\/wp-json\/wp\/v2\/media?parent=48331"}],"wp:term":[{"taxonomy":"category","embeddable":true,"href":"https:\/\/soymigrante.com\/revista\/wp-json\/wp\/v2\/categories?post=48331"},{"taxonomy":"post_tag","embeddable":true,"href":"https:\/\/soymigrante.com\/revista\/wp-json\/wp\/v2\/tags?post=48331"}],"curies":[{"name":"wp","href":"https:\/\/api.w.org\/{rel}","templated":true}]}}