{"id":48321,"date":"2025-11-10T12:19:11","date_gmt":"2025-11-10T18:19:11","guid":{"rendered":"https:\/\/soymigrante.com\/revista\/?p=48321"},"modified":"2025-12-06T10:00:47","modified_gmt":"2025-12-06T16:00:47","slug":"migrantes-enviaron-a-guatemala-us2390-millones-en-remesas-durante-octubre-2025","status":"publish","type":"post","link":"https:\/\/soymigrante.com\/revista\/migrantes-enviaron-a-guatemala-us2390-millones-en-remesas-durante-octubre-2025\/","title":{"rendered":"Migrantes enviaron US$2390 millones en remesas a Guatemala en octubre 2025 y superan todo el 2024"},"content":{"rendered":"\t\t<div data-elementor-type=\"wp-post\" data-elementor-id=\"48321\" class=\"elementor elementor-48321\" data-elementor-post-type=\"post\">\n\t\t\t\t<div data-particle_enable=\"false\" data-particle-mobile-disabled=\"false\" class=\"elementor-element elementor-element-5142cec e-flex e-con-boxed e-con e-parent\" data-id=\"5142cec\" data-element_type=\"container\" data-e-type=\"container\">\n\t\t\t\t\t<div class=\"e-con-inner\">\n\t\t\t\t<div class=\"elementor-element elementor-element-ce5701e elementor-widget elementor-widget-heading\" data-id=\"ce5701e\" data-element_type=\"widget\" data-e-type=\"widget\" data-widget_type=\"heading.default\">\n\t\t\t\t\t<h2 class=\"elementor-heading-title elementor-size-default\">Detr\u00e1s de cada remesa  hay extensas jornadas, a menudo con dos y tres empleos; hay sacrificios, limitaciones y  el temor de ser detenido a causa de agresivas medidas antimigrantes. Octubre de 2025 marca otro r\u00e9cord hist\u00f3rico en env\u00edos.<\/h2>\t\t\t\t<\/div>\n\t\t\t\t\t<\/div>\n\t\t\t\t<\/div>\n\t\t<div data-particle_enable=\"false\" data-particle-mobile-disabled=\"false\" class=\"elementor-element elementor-element-033b123 e-flex e-con-boxed e-con e-parent\" data-id=\"033b123\" data-element_type=\"container\" data-e-type=\"container\">\n\t\t\t\t\t<div class=\"e-con-inner\">\n\t\t\t\t<div class=\"elementor-element elementor-element-9bbcad4 elementor-widget elementor-widget-text-editor\" data-id=\"9bbcad4\" data-element_type=\"widget\" data-e-type=\"widget\" data-widget_type=\"text-editor.default\">\n\t\t\t\t\t\t\t\t\t<p>Los migrantes guatemaltecos marcan un nuevo hito hist\u00f3rico en el mes de octubre de 2025, al enviar 2,390 millones de d\u00f3lares: un monto que supera en 389 millones al mismo mes de 2024. Se mantiene as\u00ed la tendencia de este a\u00f1o, a pesar de m\u00faltiples dificultades y desaf\u00edos.<\/p><p>Con esta cifra, en solo 10 meses de este a\u00f1o, Guatemala ha recibido <b>21,358 millones de d\u00f3lares<\/b>, seg\u00fan cifras del Banco de Guatemala, con lo cual supera los <b>19,804 millones recibidos durante todo el 2023<\/b>. As\u00ed tambi\u00e9n la cifra 2025 queda muy cerca de rebasar, posiblemente en noviembre, <b>el total 2024, que fue de 21,510 millones de d\u00f3lares<\/b>.\u00a0<\/p><p>Este crecimiento de monto evidencia de la gran responsabilidad y compromiso de los migrantes con sus familias, pero tambi\u00e9n un reflejo de la angustia y la incertidumbre generada por las pol\u00edticas antimigrantes desatadas este a\u00f1o por el gobierno de Estados Unidos.<\/p>\t\t\t\t\t\t\t\t<\/div>\n\t\t\t\t\t<\/div>\n\t\t\t\t<\/div>\n\t\t<div data-particle_enable=\"false\" data-particle-mobile-disabled=\"false\" class=\"elementor-element elementor-element-b24d37d e-flex e-con-boxed e-con e-parent\" data-id=\"b24d37d\" data-element_type=\"container\" data-e-type=\"container\">\n\t\t\t\t\t<div class=\"e-con-inner\">\n\t\t\t\t<div id=\"eael-section-tooltip-b753268\" class=\"eael-section-tooltip elementor-element elementor-element-b753268 elementor-widget elementor-widget-eael-fancy-chart\" data-id=\"b753268\" data-element_type=\"widget\" data-e-type=\"widget\" data-settings=\"{&quot;eael_tooltip_section_content&quot;:&quot;I am a tooltip&quot;,&quot;eael_tooltip_section_position&quot;:&quot;right&quot;,&quot;eael_tooltip_section_animation&quot;:&quot;scale&quot;,&quot;eael_tooltip_section_arrow&quot;:true,&quot;eael_tooltip_section_arrow_type&quot;:&quot;sharp&quot;,&quot;eael_tooltip_section_follow_cursor&quot;:&quot;false&quot;,&quot;eael_tooltip_section_trigger&quot;:&quot;mouseenter&quot;,&quot;eael_tooltip_section_duration&quot;:300,&quot;eael_tooltip_section_delay&quot;:400,&quot;eael_tooltip_section_size&quot;:&quot;regular&quot;}\" data-widget_type=\"eael-fancy-chart.default\">\n\t\t\n            <script>\n                jQuery(window).on('elementor\/frontend\/init elementor\/popup\/show', function() {\n                    var $currentTooltip = '#eael-section-tooltip-b753268';\n\n                    if (typeof tippy !== 'undefined') {\n                        tippy($currentTooltip, {\n                            content: 'I am a tooltip',\n                            placement: 'right',\n                            animation: 'scale',\n                            arrow: '1',\n                            arrowType: 'sharp',\n                            duration: '300',\n                            distance: '10',\n                            delay: '400',\n                            size: 'regular',\n                            trigger: 'mouseenter focus',\n                            animateFill: false,\n                            flip: true,\n                            flipOnUpdate: true,\n                            interactive: true,\n                            flipBehavior: 'flip',\n                            maxWidth: 350,\n                            zIndex: 99999,\n                            followCursor: false,\n                            onShow(instance) {\n                                var tippyPopper = instance.popper;\n                                jQuery(tippyPopper).attr('data-tippy-popper-id', 'b753268');\n                            }\n                        });\n                    }\n                });\n            <\/script>\n        \t\t\t\t\t<div data-options=\"{&quot;chart&quot;:{&quot;toolbar&quot;:{&quot;show&quot;:&quot;true&quot;},&quot;type&quot;:&quot;bar&quot;,&quot;background&quot;:&quot;&quot;,&quot;height&quot;:&quot;690px&quot;,&quot;width&quot;:&quot;100%&quot;,&quot;animations&quot;:{&quot;enabled&quot;:&quot;true&quot;,&quot;easing&quot;:&quot;easeinout&quot;,&quot;speed&quot;:1100,&quot;animateGradually&quot;:{&quot;delay&quot;:250}},&quot;offsetX&quot;:0,&quot;offsetY&quot;:0,&quot;stacked&quot;:false},&quot;series&quot;:[{&quot;name&quot;:&quot;millones de d\\u00f3lares&quot;,&quot;data&quot;:[&quot;1579&quot;,&quot;  2106&quot;,&quot;  2550&quot;,&quot;  2992&quot;,&quot;  3609&quot;,&quot;  4128&quot;,&quot;  4314&quot;,&quot; 3912&quot;,&quot; 4126&quot;,&quot; 4378&quot;,&quot; 4782&quot;,&quot; 5105&quot;,&quot; 5544&quot;,&quot;  6285&quot;,&quot; 7160&quot;,&quot; 8192&quot;,&quot; 9287&quot;,&quot;  10508&quot;,&quot; 11340&quot;,&quot; 15295&quot;,&quot;  18040&quot;,&quot;  19804&quot;,&quot; 21510&quot;,&quot;  21358&quot;]}],&quot;xaxis&quot;:{&quot;categories&quot;:[&quot;2002&quot;,&quot;2003&quot;,&quot;2004&quot;,&quot;2005&quot;,&quot;2006&quot;,&quot;2007&quot;,&quot;2008&quot;,&quot;2009&quot;,&quot;2010&quot;,&quot;2011&quot;,&quot;2012&quot;,&quot;2013&quot;,&quot;2014&quot;,&quot;2015&quot;,&quot;2016&quot;,&quot;2017&quot;,&quot;2018&quot;,&quot;2019&quot;,&quot;2020&quot;,&quot;2021&quot;,&quot;2022&quot;,&quot;2023&quot;,&quot;2024&quot;,&quot;2025&quot;],&quot;labels&quot;:{&quot;show&quot;:&quot;yes&quot;,&quot;style&quot;:{&quot;cssClass&quot;:&quot;eael_fancy_cahrt_xaxis&quot;,&quot;colors&quot;:&quot;&quot;}},&quot;position&quot;:&quot;bottom&quot;},&quot;yaxis&quot;:{&quot;show&quot;:true,&quot;opposite&quot;:&quot;&quot;,&quot;labels&quot;:{&quot;show&quot;:&quot;yes&quot;,&quot;style&quot;:{&quot;cssClass&quot;:&quot;eael_fancy_cahrt_yaxis&quot;,&quot;colors&quot;:&quot;&quot;}}},&quot;legend&quot;:{&quot;show&quot;:&quot;true&quot;,&quot;position&quot;:&quot;top&quot;,&quot;labels&quot;:{&quot;colors&quot;:&quot;#333&quot;},&quot;fontSize&quot;:&quot;14px&quot;,&quot;horizontalAlign&quot;:&quot;center&quot;,&quot;markers&quot;:{&quot;width&quot;:12,&quot;height&quot;:12,&quot;strokeWidth&quot;:&quot;0&quot;,&quot;strokeColor&quot;:&quot;#fff&quot;,&quot;radius&quot;:2,&quot;offsetX&quot;:&quot;&quot;,&quot;offsetY&quot;:&quot;&quot;}},&quot;tooltip&quot;:{&quot;enabled&quot;:&quot;yes&quot;,&quot;y&quot;:{&quot;prefix&quot;:&quot;&quot;,&quot;suffix&quot;:&quot;&quot;}},&quot;grid&quot;:{&quot;show&quot;:&quot;&quot;,&quot;borderColor&quot;:&quot;#ddd&quot;,&quot;strokeDashArray&quot;:0,&quot;xaxis&quot;:{&quot;lines&quot;:{&quot;show&quot;:&quot;&quot;}},&quot;yaxis&quot;:{&quot;lines&quot;:{&quot;show&quot;:&quot;&quot;}}},&quot;plotOptions&quot;:{&quot;bar&quot;:{&quot;borderRadius&quot;:&quot;&quot;,&quot;dataLabels&quot;:{&quot;position&quot;:&quot;center&quot;},&quot;horizontal&quot;:true,&quot;columnWidth&quot;:25,&quot;barHeight&quot;:25}},&quot;stroke&quot;:{&quot;show&quot;:&quot;true&quot;,&quot;lineCap&quot;:&quot;butt&quot;,&quot;colors&quot;:[&quot;#FFF&quot;],&quot;width&quot;:2,&quot;dashArray&quot;:0},&quot;dataLabels&quot;:{&quot;enabled&quot;:true,&quot;style&quot;:{&quot;colors&quot;:[&quot;#fff&quot;],&quot;fontSize&quot;:&quot;14.5px&quot;}},&quot;responsive&quot;:[{&quot;breakpoint&quot;:null,&quot;options&quot;:{&quot;plotOptions&quot;:{&quot;bar&quot;:{&quot;horizontal&quot;:false,&quot;columnWidth&quot;:15,&quot;barHeight&quot;:15}}}},{&quot;breakpoint&quot;:null,&quot;options&quot;:{&quot;plotOptions&quot;:{&quot;bar&quot;:{&quot;horizontal&quot;:false,&quot;columnWidth&quot;:20,&quot;barHeight&quot;:20}}}}],&quot;colors&quot;:[&quot;#CF4CB1&quot;],&quot;fill&quot;:{&quot;colors&quot;:[&quot;#CF4CB1&quot;],&quot;opacity&quot;:0.9,&quot;type&quot;:&quot;solid&quot;}}\" class=\"eael_fanct_chart_wrapper\">\n\t\t\t<div class=\"eael_fancy_chart_header\">\n\t\t\t\t<h4 class=\"eael_fancy_chart_title\">Remesas enviadas por migrantes guatemaltecos<\/h4>\t\t\t\t<p>\n\t\t\t\t\tDATOS BANCO DE GUATEMALA 2002-2025\t\t\t\t<\/p>\n\t\t\t\t\t<\/div>\n\t\t<div class=\"eael_fancy_chart\" id=\"eael_fancy_chart-b753268\"><\/div>\n\t\t<\/div>\n\t\t\t\t\t\t<\/div>\n\t\t\t\t\t<\/div>\n\t\t\t\t<\/div>\n\t\t<div data-particle_enable=\"false\" data-particle-mobile-disabled=\"false\" class=\"elementor-element elementor-element-004385c e-flex e-con-boxed e-con e-parent\" data-id=\"004385c\" data-element_type=\"container\" data-e-type=\"container\">\n\t\t\t\t\t<div class=\"e-con-inner\">\n\t\t\t\t<div class=\"elementor-element elementor-element-0b25dd1 elementor-widget elementor-widget-heading\" data-id=\"0b25dd1\" data-element_type=\"widget\" data-e-type=\"widget\" data-widget_type=\"heading.default\">\n\t\t\t\t\t<h3 class=\"elementor-heading-title elementor-size-default\">Factores que inciden en el aumento de remesas<\/h3>\t\t\t\t<\/div>\n\t\t\t\t\t<\/div>\n\t\t\t\t<\/div>\n\t\t<div data-particle_enable=\"false\" data-particle-mobile-disabled=\"false\" class=\"elementor-element elementor-element-cde8f46 e-con-full e-flex e-con e-parent\" data-id=\"cde8f46\" data-element_type=\"container\" data-e-type=\"container\">\n\t\t\t\t<div class=\"elementor-element elementor-element-5e324e3 elementor-widget elementor-widget-text-editor\" data-id=\"5e324e3\" data-element_type=\"widget\" data-e-type=\"widget\" data-widget_type=\"text-editor.default\">\n\t\t\t\t\t\t\t\t\t<p>En los \u00faltimos cinco a\u00f1os hay factores estructurales como\u00a0 el incremento de migrantes -entre 2015 y 2024-, oportunidades de\u00a0 mayor inserci\u00f3n laboral en EE. UU.) y\u00a0 tambi\u00e9n el mismo temor a deportaciones, porque los migrantes tratan de enviar la mayor cantidad de recursos, en caso sean repatriados.\u00a0<\/p>\n<ul>\n<li>Expansi\u00f3n de la di\u00e1spora y stock migratorio: la emigraci\u00f3n guatemalteca se consolid\u00f3 en d\u00e9cadas previas; m\u00e1s migrantes significa m\u00e1s remitentes regulares.<\/li>\n<li>Mejoras (relativas) del mercado laboral en EE. UU. y otros destinos: la recuperaci\u00f3n del empleo pos-pandemia estrech\u00f3 la capacidad de env\u00edo. Adem\u00e1s, la participaci\u00f3n de guatemaltecos en sectores que siguieron demandando mano de obra (construcci\u00f3n, servicios) mantuvo ingresos.<\/li>\n<li>Efectos puntuales del COVID-19 y est\u00edmulos: el an\u00e1lisis emp\u00edrico reciente muestra que el choque de la pandemia condujo a un incremento extraordinario de remesas (migrantes enviando ahorros, pluses, o apoyos extraordinarios)-<\/li>\n<li>Canales m\u00e1s formales y digitalizaci\u00f3n: creciente uso de transferencias formales y digitales redujo costos en algunos momentos y aument\u00f3 la trazabilidad y la seguridad del env\u00edo, atrayendo volumen por rutas formales.<\/li>\n<li>Factores pol\u00edticos y de incertidumbre en EE. UU. (temor a deportaciones \/ cambios normativos): episodios de incertidumbre migratoria pueden empujar a migrantes a adelantar env\u00edos, a extraer ahorros y a usar remesas como seguro ante riesgo de retorno forzado.<\/li>\n<\/ul>\t\t\t\t\t\t\t\t<\/div>\n\t\t\t\t<\/div>\n\t\t<div data-particle_enable=\"false\" data-particle-mobile-disabled=\"false\" class=\"elementor-element elementor-element-c417d15 e-flex e-con-boxed e-con e-parent\" data-id=\"c417d15\" data-element_type=\"container\" data-e-type=\"container\">\n\t\t\t\t\t<div class=\"e-con-inner\">\n\t\t\t\t<div class=\"elementor-element elementor-element-9617a76 elementor--h-position-center elementor--v-position-middle elementor-arrows-position-inside elementor-pagination-position-inside elementor-widget elementor-widget-slides\" data-id=\"9617a76\" data-element_type=\"widget\" data-e-type=\"widget\" data-settings=\"{&quot;autoplay_speed&quot;:4000,&quot;transition_speed&quot;:1000,&quot;navigation&quot;:&quot;both&quot;,&quot;autoplay&quot;:&quot;yes&quot;,&quot;pause_on_hover&quot;:&quot;yes&quot;,&quot;pause_on_interaction&quot;:&quot;yes&quot;,&quot;infinite&quot;:&quot;yes&quot;,&quot;transition&quot;:&quot;slide&quot;}\" data-widget_type=\"slides.default\">\n\t\t\t\t\t\t\t\t\t\t<div class=\"elementor-slides-wrapper elementor-main-swiper swiper\" role=\"region\" aria-roledescription=\"carousel\" aria-label=\"Diapositivas\" dir=\"ltr\" data-animation=\"zoomIn\">\n\t\t\t\t<div class=\"swiper-wrapper elementor-slides\">\n\t\t\t\t\t\t\t\t\t\t<div class=\"elementor-repeater-item-0b4da0c swiper-slide\" role=\"group\" aria-roledescription=\"slide\"><div class=\"swiper-slide-bg elementor-ken-burns elementor-ken-burns--out\" role=\"img\" aria-label=\"IMAGEN PARA REMESAS\"><\/div><div class=\"elementor-background-overlay\"><\/div><div class=\"swiper-slide-inner\" ><div class=\"swiper-slide-contents\"><div class=\"elementor-slide-heading\">+3522 millones de d\u00f3lares<\/div><div class=\"elementor-slide-description\">Es la diferencia en el monto de remesas migrantes enviadas de ENERO a OCTUBRE de 2025 comparado el mismo per\u00edodo 2024<\/div><\/div><\/div><\/div><div class=\"elementor-repeater-item-90a5a18 swiper-slide\" role=\"group\" aria-roledescription=\"slide\"><div class=\"swiper-slide-bg elementor-ken-burns elementor-ken-burns--in\" role=\"img\" aria-label=\"Latin chef frying fish in wok in restaurant kitchen\"><\/div><div class=\"swiper-slide-inner\" ><div class=\"swiper-slide-contents\"><div class=\"elementor-slide-heading\">+1724 millones de d\u00f3lares<\/div><div class=\"elementor-slide-description\">superan  remesas guatemaltecas de ENERO a OCTUBRE de 2025 a todo lo enviado en 2023<\/div><div  class=\"elementor-button elementor-slide-button elementor-size-sm\"> <\/div><\/div><\/div><\/div>\t\t\t\t<\/div>\n\t\t\t\t\t\t\t\t\t\t\t\t\t\t\t<div class=\"elementor-swiper-button elementor-swiper-button-prev\" role=\"button\" tabindex=\"0\" aria-label=\"Diapositiva anterior\">\n\t\t\t\t\t\t\t<i aria-hidden=\"true\" class=\"eicon-chevron-left\"><\/i>\t\t\t\t\t\t<\/div>\n\t\t\t\t\t\t<div class=\"elementor-swiper-button elementor-swiper-button-next\" role=\"button\" tabindex=\"0\" aria-label=\"Diapositiva siguiente\">\n\t\t\t\t\t\t\t<i aria-hidden=\"true\" class=\"eicon-chevron-right\"><\/i>\t\t\t\t\t\t<\/div>\n\t\t\t\t\t\t\t\t\t\t\t\t\t\t\t\t<div class=\"swiper-pagination\"><\/div>\n\t\t\t\t\t\t\t\t\t\t\t\t<\/div>\n\t\t\t\t\t\t\t\t<\/div>\n\t\t\t\t\t<\/div>\n\t\t\t\t<\/div>\n\t\t<div data-particle_enable=\"false\" data-particle-mobile-disabled=\"false\" class=\"elementor-element elementor-element-a7466f3 e-flex e-con-boxed e-con e-parent\" data-id=\"a7466f3\" data-element_type=\"container\" data-e-type=\"container\">\n\t\t\t\t\t<div class=\"e-con-inner\">\n\t\t\t\t<div class=\"elementor-element elementor-element-a7d06e2 elementor-widget elementor-widget-heading\" data-id=\"a7d06e2\" data-element_type=\"widget\" data-e-type=\"widget\" data-widget_type=\"heading.default\">\n\t\t\t\t\t<h2 class=\"elementor-heading-title elementor-size-default\">Efectos de las remesas<\/h2>\t\t\t\t<\/div>\n\t\t\t\t\t<\/div>\n\t\t\t\t<\/div>\n\t\t<div data-particle_enable=\"false\" data-particle-mobile-disabled=\"false\" class=\"elementor-element elementor-element-8bee53e e-flex e-con-boxed e-con e-parent\" data-id=\"8bee53e\" data-element_type=\"container\" data-e-type=\"container\">\n\t\t\t\t\t<div class=\"e-con-inner\">\n\t\t\t\t<div class=\"elementor-element elementor-element-ccd1108 elementor-widget elementor-widget-text-editor\" data-id=\"ccd1108\" data-element_type=\"widget\" data-e-type=\"widget\" data-widget_type=\"text-editor.default\">\n\t\t\t\t\t\t\t\t\t<ul>\n<li>Reducci\u00f3n de pobreza de corto plazo y sost\u00e9n del consumo: las remesas aumentan el poder adquisitivo de hogares receptores y financian consumo b\u00e1sico, alimentaci\u00f3n y servicios.<\/li>\n<li>Inversi\u00f3n en capital humano: parte de los recursos se usan en educaci\u00f3n y salud (mejoras en cartera familiar).<\/li>\n<li>Soporte para zonas rurales: la mayor parte de los flujos llega a comunidades rurales, donde las remesas son esenciales para la subsistencia.<\/li>\n<li>Entre los riesgos est\u00e1 la dependencia macroecon\u00f3mica: al representar 20% del PIB, con lo cual toda crisis en EE.UU. puede trasladarse a Guatemala a trav\u00e9s de una eventual reducci\u00f3n en el flujo de remesas.<\/li>\n<li>Efectos sobre el mercado laboral local: en algunos casos reducen presi\u00f3n por buscar empleo local o generan \u201crentas familiares\u201d que distorsionan decisiones laborales\/inversi\u00f3n.<\/li>\n<li>Distribuci\u00f3n desigual: aunque benefician a muchas familias, las remesas no llegan por igual; zonas y hogares sin redes en el exterior quedan excluidos.<\/li>\n<\/ul>\t\t\t\t\t\t\t\t<\/div>\n\t\t\t\t\t<\/div>\n\t\t\t\t<\/div>\n\t\t<div data-particle_enable=\"false\" data-particle-mobile-disabled=\"false\" class=\"elementor-element elementor-element-0b88a89 e-flex e-con-boxed e-con e-parent\" data-id=\"0b88a89\" data-element_type=\"container\" data-e-type=\"container\">\n\t\t\t\t\t<div class=\"e-con-inner\">\n\t\t\t\t<div class=\"elementor-element elementor-element-28d81a5 elementor-widget elementor-widget-heading\" data-id=\"28d81a5\" data-element_type=\"widget\" data-e-type=\"widget\" data-widget_type=\"heading.default\">\n\t\t\t\t\t<h2 class=\"elementor-heading-title elementor-size-default\">El costo de las remesas para los migrantes<\/h2>\t\t\t\t<\/div>\n\t\t\t\t\t<\/div>\n\t\t\t\t<\/div>\n\t\t<div data-particle_enable=\"false\" data-particle-mobile-disabled=\"false\" class=\"elementor-element elementor-element-11a76fa e-flex e-con-boxed e-con e-parent\" data-id=\"11a76fa\" data-element_type=\"container\" data-e-type=\"container\">\n\t\t\t\t\t<div class=\"e-con-inner\">\n\t\t\t\t<div class=\"elementor-element elementor-element-db0e788 elementor-widget elementor-widget-text-editor\" data-id=\"db0e788\" data-element_type=\"widget\" data-e-type=\"widget\" data-widget_type=\"text-editor.default\">\n\t\t\t\t\t\t\t\t\t<p>Realidades duras que enfrentan los migrantes indocumentados para seguir ayudando: La cara humana detr\u00e1s de las cifras: muchos remitentes son migrantes en situaci\u00f3n irregular que asumen enormes costos y riesgos para sostener a sus familias.<\/p>\n<ul>\n<li>Vulnerabilidad legal y temor a detenciones\/deportaciones: esto obliga a muchos a trabajar en la informalidad, aceptar empleos precarios y, frente a amenazas de redadas, a extraer o enviar ahorros r\u00e1pidamente (picos de remesas por miedo).<\/li>\n<li>Empleos inestables y bajos salarios: muchos realizan trabajos de baja protecci\u00f3n social sin acceso a prestaciones, lo que hace que cada d\u00f3lar enviado signifique un esfuerzo enorme y gran estr\u00e9s financiero.<\/li>\n<li>Costos y fricciones para enviar dinero: aunque la digitalizaci\u00f3n ha bajado costos en algunos canales, el costo promedio de enviar US$200 sigue siendo relevante (var\u00eda por canal y corredor); adem\u00e1s, quienes est\u00e1n en la informalidad a veces usan v\u00edas m\u00e1s caras o inseguras.<\/li>\n<li>Exclusi\u00f3n financiera y riesgo de estafa: sin documentaci\u00f3n o sin cuentas bancarias, muchos quedan expuestos a intermediarios informales, cobro de comisiones altas, retenciones o robos.<\/li>\n<li>Costos psicosociales: separaci\u00f3n prolongada, estr\u00e9s por responsabilidad econ\u00f3mica, y trauma por experiencias en tr\u00e1nsito o en el pa\u00eds receptor. Estos factores afectan salud mental y capacidades productivas.<\/li>\n<\/ul>\t\t\t\t\t\t\t\t<\/div>\n\t\t\t\t\t<\/div>\n\t\t\t\t<\/div>\n\t\t<div data-particle_enable=\"false\" data-particle-mobile-disabled=\"false\" class=\"elementor-element elementor-element-00d6fad e-flex e-con-boxed e-con e-parent\" data-id=\"00d6fad\" data-element_type=\"container\" data-e-type=\"container\">\n\t\t\t\t\t<div class=\"e-con-inner\">\n\t\t\t\t<div class=\"elementor-element elementor-element-c0c674c elementor-widget elementor-widget-heading\" data-id=\"c0c674c\" data-element_type=\"widget\" data-e-type=\"widget\" data-widget_type=\"heading.default\">\n\t\t\t\t\t<h2 class=\"elementor-heading-title elementor-size-default\">Perspectivas del tema remesas migrantes<\/h2>\t\t\t\t<\/div>\n\t\t\t\t\t<\/div>\n\t\t\t\t<\/div>\n\t\t<div data-particle_enable=\"false\" data-particle-mobile-disabled=\"false\" class=\"elementor-element elementor-element-dd76bcd e-flex e-con-boxed e-con e-parent\" data-id=\"dd76bcd\" data-element_type=\"container\" data-e-type=\"container\">\n\t\t\t\t\t<div class=\"e-con-inner\">\n\t\t\t\t<div class=\"elementor-element elementor-element-4300066 elementor-grid-eael-col-3 elementor-grid-tablet-eael-col-2 elementor-grid-mobile-eael-col-1 elementor-widget elementor-widget-eael-post-grid\" data-id=\"4300066\" data-element_type=\"widget\" data-e-type=\"widget\" data-settings=\"{&quot;eael_post_grid_columns&quot;:&quot;eael-col-3&quot;,&quot;eael_post_grid_columns_tablet&quot;:&quot;eael-col-2&quot;,&quot;eael_post_grid_columns_mobile&quot;:&quot;eael-col-1&quot;}\" data-widget_type=\"eael-post-grid.default\">\n\t\t\t\t\t<div id=\"eael-post-grid-4300066\" class=\"eael-post-grid-container\">\n            <div class=\"eael-post-grid eael-post-appender eael-post-appender-4300066 eael-post-grid-style-one\" data-layout-mode=\"masonry\"><article class=\"eael-grid-post  eael-post-grid-column eael-pg-post-23208 category-estamos-unidos\" data-id=\"23208\">\n        <div class=\"eael-grid-post-holder\">\n            <div class=\"eael-grid-post-holder-inner\"><div class=\"eael-entry-media\"><div class=\"eael-entry-overlay fade-in\"><i class=\"far fa-hand-pointer\" aria-hidden=\"true\"><\/i><a href=\"https:\/\/soymigrante.com\/revista\/remesas-han-sido-el-recurso-mas-efectivo-para-reducir-pobreza-afirma-economista-guillermo-diaz\/\"><\/a><\/div><div class=\"eael-entry-thumbnail \">\n                <img fetchpriority=\"high\" decoding=\"async\" width=\"695\" height=\"695\" src=\"https:\/\/soymigrante.com\/revista\/wp-content\/uploads\/2025\/01\/remesas-migranes.webp\" class=\"attachment-large size-large wp-image-23210\" alt=\"Remesas de dinero img, mujer en noche frente a casa de remesas, servicios de env\u00edo de dinero para migrantes, dinero internacional transferencia, fotograf\u00eda atm\u00f3sfera nocturna remesas.\" srcset=\"https:\/\/soymigrante.com\/revista\/wp-content\/uploads\/2025\/01\/remesas-migranes.webp 695w, https:\/\/soymigrante.com\/revista\/wp-content\/uploads\/2025\/01\/remesas-migranes-300x300.jpg 300w, https:\/\/soymigrante.com\/revista\/wp-content\/uploads\/2025\/01\/remesas-migranes-150x150.jpg 150w, https:\/\/soymigrante.com\/revista\/wp-content\/uploads\/2025\/01\/remesas-migranes-75x75.webp 75w\" sizes=\"(max-width: 695px) 100vw, 695px\" \/>\n            <\/div>\n        <\/div><div class=\"eael-entry-wrapper\"><header class=\"eael-entry-header\"><h2 class=\"eael-entry-title\"><a class=\"eael-grid-post-link\" href=\"https:\/\/soymigrante.com\/revista\/remesas-han-sido-el-recurso-mas-efectivo-para-reducir-pobreza-afirma-economista-guillermo-diaz\/\" title=\"Remesas migrantes han reducido la pobreza m\u00e1s que cualquier otro factor: economista Guillermo D\u00edaz\">Remesas migrantes han reducido la pobreza m\u00e1s que cualquier otro factor: economista Guillermo D\u00edaz<\/a><\/h2><\/header><div class=\"eael-entry-content\">\n                        <div class=\"eael-grid-post-excerpt\"><a href=\"https:\/\/soymigrante.com\/revista\/remesas-han-sido-el-recurso-mas-efectivo-para-reducir-pobreza-afirma-economista-guillermo-diaz\/\" class=\"eael-post-elements-readmore-btn\">CONOCE SU HISTORIA <\/a><\/div>\n                    <\/div><\/div><\/div>\n        <\/div>\n    <\/article><article class=\"eael-grid-post  eael-post-grid-column eael-pg-post-21652 category-estamos-unidos\" data-id=\"21652\">\n        <div class=\"eael-grid-post-holder\">\n            <div class=\"eael-grid-post-holder-inner\"><div class=\"eael-entry-media\"><div class=\"eael-entry-overlay fade-in\"><i class=\"far fa-hand-pointer\" aria-hidden=\"true\"><\/i><a href=\"https:\/\/soymigrante.com\/revista\/los-guatemaltecos-estan-acostumbrados-a-superar-condiciones-adversas-pedro-pablo-solares-experto-migratorio\/\"><\/a><\/div><div class=\"eael-entry-thumbnail \">\n                <img decoding=\"async\" width=\"1024\" height=\"1024\" src=\"https:\/\/soymigrante.com\/revista\/wp-content\/uploads\/2025\/01\/guatemaltecos-usa-1024x1024.jpg\" class=\"attachment-large size-large wp-image-21677\" alt=\"Camisa, bandera y souvenirs de Guatemala en puesto de venta en evento cultural de inmigrantes en EE. UU.\" srcset=\"https:\/\/soymigrante.com\/revista\/wp-content\/uploads\/2025\/01\/guatemaltecos-usa-1024x1024.jpg 1024w, https:\/\/soymigrante.com\/revista\/wp-content\/uploads\/2025\/01\/guatemaltecos-usa-300x300.jpg 300w, https:\/\/soymigrante.com\/revista\/wp-content\/uploads\/2025\/01\/guatemaltecos-usa-150x150.jpg 150w, https:\/\/soymigrante.com\/revista\/wp-content\/uploads\/2025\/01\/guatemaltecos-usa-768x768.jpg 768w, https:\/\/soymigrante.com\/revista\/wp-content\/uploads\/2025\/01\/guatemaltecos-usa-75x75.webp 75w, https:\/\/soymigrante.com\/revista\/wp-content\/uploads\/2025\/01\/guatemaltecos-usa-750x750.webp 750w, https:\/\/soymigrante.com\/revista\/wp-content\/uploads\/2025\/01\/guatemaltecos-usa-1140x1140.webp 1140w, https:\/\/soymigrante.com\/revista\/wp-content\/uploads\/2025\/01\/guatemaltecos-usa.webp 1365w\" sizes=\"(max-width: 1024px) 100vw, 1024px\" \/>\n            <\/div>\n        <\/div><div class=\"eael-entry-wrapper\"><header class=\"eael-entry-header\"><h2 class=\"eael-entry-title\"><a class=\"eael-grid-post-link\" href=\"https:\/\/soymigrante.com\/revista\/los-guatemaltecos-estan-acostumbrados-a-superar-condiciones-adversas-pedro-pablo-solares-experto-migratorio\/\" title=\"\u201cLos guatemaltecos est\u00e1n acostumbrados a superar condiciones adversas\u201d: Pedro Pablo Solares, experto migratorio\">\u201cLos guatemaltecos est\u00e1n acostumbrados a superar condiciones adversas\u201d: Pedro Pablo Solares, experto migratorio<\/a><\/h2><\/header><div class=\"eael-entry-content\">\n                        <div class=\"eael-grid-post-excerpt\"><a href=\"https:\/\/soymigrante.com\/revista\/los-guatemaltecos-estan-acostumbrados-a-superar-condiciones-adversas-pedro-pablo-solares-experto-migratorio\/\" class=\"eael-post-elements-readmore-btn\">CONOCE SU HISTORIA <\/a><\/div>\n                    <\/div><\/div><\/div>\n        <\/div>\n    <\/article><article class=\"eael-grid-post  eael-post-grid-column eael-pg-post-1650 category-estamos-unidos tags-remesas-migrantes\" data-id=\"1650\">\n        <div class=\"eael-grid-post-holder\">\n            <div class=\"eael-grid-post-holder-inner\"><div class=\"eael-entry-media\"><div class=\"eael-entry-overlay fade-in\"><i class=\"far fa-hand-pointer\" aria-hidden=\"true\"><\/i><a href=\"https:\/\/soymigrante.com\/revista\/impacto-remesas-guatemala-desde-eeuu\/\"><\/a><\/div><div class=\"eael-entry-thumbnail \">\n                <img decoding=\"async\" width=\"1024\" height=\"700\" src=\"https:\/\/soymigrante.com\/revista\/wp-content\/uploads\/2023\/06\/Captura-de-pantalla-2023-06-28-124853-1024x700.webp\" class=\"attachment-large size-large wp-image-1651\" alt=\"Ilustraci\u00f3n de d\u00f3lares para ilustrar tema de remesas migrantes de Estados Unidos a Guatemala\" \/>\n            <\/div>\n        <\/div><div class=\"eael-entry-wrapper\"><header class=\"eael-entry-header\"><h2 class=\"eael-entry-title\"><a class=\"eael-grid-post-link\" href=\"https:\/\/soymigrante.com\/revista\/impacto-remesas-guatemala-desde-eeuu\/\" title=\"\u00bfA d\u00f3nde van las remesas enviadas por migrantes guatemaltecos desde Estados Unidos?\">\u00bfA d\u00f3nde van las remesas enviadas por migrantes guatemaltecos desde Estados Unidos?<\/a><\/h2><\/header><div class=\"eael-entry-content\">\n                        <div class=\"eael-grid-post-excerpt\"><a href=\"https:\/\/soymigrante.com\/revista\/impacto-remesas-guatemala-desde-eeuu\/\" class=\"eael-post-elements-readmore-btn\">CONOCE SU HISTORIA <\/a><\/div>\n                    <\/div><\/div><\/div>\n        <\/div>\n    <\/article><\/div>\n            <div class=\"clearfix\"><\/div>\n        <\/div>\t\t\t\t<\/div>\n\t\t\t\t\t<\/div>\n\t\t\t\t<\/div>\n\t\t<div data-particle_enable=\"false\" data-particle-mobile-disabled=\"false\" class=\"elementor-element elementor-element-9039c6e e-flex e-con-boxed e-con e-parent\" data-id=\"9039c6e\" data-element_type=\"container\" data-e-type=\"container\">\n\t\t\t\t\t<div class=\"e-con-inner\">\n\t\t\t\t\t<\/div>\n\t\t\t\t<\/div>\n\t\t\t\t<\/div>\n\t\t","protected":false},"excerpt":{"rendered":"<p>Detr\u00e1s de cada remesa hay extensas jornadas, a menudo con dos y tres empleos; hay sacrificios, limitaciones y el temor de ser detenido a causa de agresivas medidas antimigrantes. Octubre de 2025 marca otro r\u00e9cord hist\u00f3rico en env\u00edos. Los migrantes guatemaltecos marcan un nuevo hito hist\u00f3rico en el mes de octubre de 2025, al enviar [&hellip;]<\/p>\n","protected":false},"author":1,"featured_media":48328,"comment_status":"open","ping_status":"open","sticky":false,"template":"","format":"standard","meta":{"_acf_changed":false,"_eb_attr":"","footnotes":""},"categories":[280],"tags":[84],"class_list":["post-48321","post","type-post","status-publish","format-standard","has-post-thumbnail","hentry","category-noticias","tag-remesas-migrantes"],"acf":[],"aioseo_notices":[],"aioseo_head":"\n\t\t<!-- All in One SEO Pro 4.9.6.2 - aioseo.com -->\n\t<meta name=\"description\" content=\"Las remesas de migrantes guatemaltecos en EE.UU. juegan un papel crucial en la econom\u00eda de Guatemala.\" \/>\n\t<meta name=\"robots\" content=\"max-snippet:-1, max-image-preview:large, max-video-preview:-1\" \/>\n\t<meta name=\"author\" content=\"Gustavo Montenegro\"\/>\n\t<link rel=\"canonical\" href=\"https:\/\/soymigrante.com\/revista\/impacto-remesas-guatemala-desde-eeuu\/\" \/>\n\t<meta name=\"generator\" content=\"All in One SEO Pro (AIOSEO) 4.9.6.2\" \/>\n\n\t\t<link rel=\"preconnect\" href=\"https:\/\/fonts.googleapis.com\" crossorigin>\n<link rel=\"preconnect\" href=\"https:\/\/fonts.gstatic.com\" crossorigin>\n\t\t<meta property=\"og:locale\" content=\"es_ES\" \/>\n\t\t<meta property=\"og:site_name\" content=\"SoyMigrante.com REVISTA \u2013 Nuestra misi\u00f3n es reconocer y dignificar al migrante.\" \/>\n\t\t<meta property=\"og:type\" content=\"article\" \/>\n\t\t<meta property=\"og:title\" content=\"Migrantes guatemaltecos en EE.UU.: El poder econ\u00f3mico de las remesas\" \/>\n\t\t<meta property=\"og:description\" content=\"Las remesas de migrantes guatemaltecos en EE.UU. juegan un papel crucial en la econom\u00eda de Guatemala.\" \/>\n\t\t<meta property=\"og:url\" content=\"https:\/\/soymigrante.com\/revista\/impacto-remesas-guatemala-desde-eeuu\/\" \/>\n\t\t<meta property=\"og:image\" content=\"https:\/\/soymigrante.com\/revista\/wp-content\/uploads\/2023\/06\/Captura-de-pantalla-2023-06-28-124853-e1732033990885.webp\" \/>\n\t\t<meta property=\"og:image:secure_url\" content=\"https:\/\/soymigrante.com\/revista\/wp-content\/uploads\/2023\/06\/Captura-de-pantalla-2023-06-28-124853-e1732033990885.webp\" \/>\n\t\t<meta property=\"og:image:width\" content=\"890\" \/>\n\t\t<meta property=\"og:image:height\" content=\"890\" \/>\n\t\t<meta property=\"article:published_time\" content=\"2023-06-28T20:08:14+00:00\" \/>\n\t\t<meta property=\"article:modified_time\" content=\"2024-07-31T18:32:02+00:00\" \/>\n\t\t<meta property=\"article:publisher\" content=\"https:\/\/www.facebook.com\/soymigrantecom\" \/>\n\t\t<meta name=\"twitter:card\" content=\"summary_large_image\" \/>\n\t\t<meta name=\"twitter:site\" content=\"@SoyMigrante_com\" \/>\n\t\t<meta name=\"twitter:title\" content=\"Migrantes guatemaltecos en EE.UU.: El poder econ\u00f3mico de las remesas\" \/>\n\t\t<meta name=\"twitter:description\" content=\"Las remesas de migrantes guatemaltecos en EE.UU. juegan un papel crucial en la econom\u00eda de Guatemala.\" \/>\n\t\t<meta name=\"twitter:creator\" content=\"@SoyMigrante_com\" \/>\n\t\t<meta name=\"twitter:image\" content=\"https:\/\/soymigrante.com\/revista\/wp-content\/uploads\/2023\/06\/Captura-de-pantalla-2023-06-28-124853-e1732033990885.webp\" \/>\n\t\t<!-- All in One SEO Pro -->\r\n\t\t<title>Migrantes guatemaltecos en EE.UU.: El poder econ\u00f3mico de las remesas<\/title>\n\n","aioseo_head_json":{"title":"Migrantes guatemaltecos en EE.UU.: El poder econ\u00f3mico de las remesas","description":"Las remesas de migrantes guatemaltecos en EE.UU. juegan un papel crucial en la econom\u00eda de Guatemala.","canonical_url":"https:\/\/soymigrante.com\/revista\/impacto-remesas-guatemala-desde-eeuu\/","robots":"max-snippet:-1, max-image-preview:large, max-video-preview:-1","keywords":"","webmasterTools":{"miscellaneous":"&lt;link rel=\"preconnect\" href=\"https:\/\/fonts.googleapis.com\" crossorigin&gt;\n&lt;link rel=\"preconnect\" href=\"https:\/\/fonts.gstatic.com\" crossorigin&gt;"},"schema":null,"og:locale":"es_ES","og:site_name":"SoyMigrante.com REVISTA \u2013 Nuestra misi\u00f3n es reconocer y dignificar al migrante.","og:type":"article","og:title":"Migrantes guatemaltecos en EE.UU.: El poder econ\u00f3mico de las remesas","og:description":"Las remesas de migrantes guatemaltecos en EE.UU. juegan un papel crucial en la econom\u00eda de Guatemala.","og:url":"https:\/\/soymigrante.com\/revista\/impacto-remesas-guatemala-desde-eeuu\/","og:image":"https:\/\/soymigrante.com\/revista\/wp-content\/uploads\/2023\/06\/Captura-de-pantalla-2023-06-28-124853-e1732033990885.webp","og:image:secure_url":"https:\/\/soymigrante.com\/revista\/wp-content\/uploads\/2023\/06\/Captura-de-pantalla-2023-06-28-124853-e1732033990885.webp","og:image:width":890,"og:image:height":890,"article:published_time":"2023-06-28T20:08:14+00:00","article:modified_time":"2024-07-31T18:32:02+00:00","article:publisher":"https:\/\/www.facebook.com\/soymigrantecom","twitter:card":"summary_large_image","twitter:site":"@SoyMigrante_com","twitter:title":"Migrantes guatemaltecos en EE.UU.: El poder econ\u00f3mico de las remesas","twitter:description":"Las remesas de migrantes guatemaltecos en EE.UU. juegan un papel crucial en la econom\u00eda de Guatemala.","twitter:creator":"@SoyMigrante_com","twitter:image":"https:\/\/soymigrante.com\/revista\/wp-content\/uploads\/2023\/06\/Captura-de-pantalla-2023-06-28-124853-e1732033990885.webp"},"aioseo_meta_data":{"post_id":"48321","title":"Remesas enviadas a Guatemala en 10 meses superan al 2023","description":"En octubre 2025 migrantes guatemaltecos enviaron 2390 millones de d\u00f3lares: 20% m\u00e1s que en el mismo mes de 2024. Total de 10 meses rebasa al 2023. Conoce datos.","keywords":null,"keyphrases":{"focus":{"keyphrase":"Remesas","score":82,"analysis":{"keyphraseInTitle":{"score":9,"maxScore":9,"error":0},"keyphraseInDescription":{"score":3,"maxScore":9,"error":1},"keyphraseLength":{"score":9,"maxScore":9,"error":0,"length":1},"keyphraseInURL":{"score":5,"maxScore":5,"error":0},"keyphraseInIntroduction":{"score":3,"maxScore":9,"error":1},"keyphraseInSubHeadings":{"score":9,"maxScore":9,"error":0},"keyphraseInImageAlt":{"score":9,"maxScore":9,"error":0},"keywordDensity":{"type":"best","score":9,"maxScore":9,"error":0}}},"additional":[{"keyphrase":"Migrantes","score":100,"analysis":{"keyphraseInDescription":{"score":9,"maxScore":9,"error":0},"keyphraseLength":{"score":9,"maxScore":9,"error":0,"length":1},"keyphraseInIntroduction":{"score":9,"maxScore":9,"error":0},"keyphraseInImageAlt":{"score":9,"maxScore":9,"error":0},"keywordDensity":{"type":"best","score":9,"maxScore":9,"error":0}}}]},"primary_term":null,"canonical_url":null,"og_title":null,"og_description":null,"og_object_type":"default","og_image_type":"default","og_image_url":null,"og_image_width":null,"og_image_height":null,"og_image_custom_url":null,"og_image_custom_fields":null,"og_video":"","og_custom_url":null,"og_article_section":null,"og_article_tags":null,"twitter_use_og":false,"twitter_card":"default","twitter_image_type":"default","twitter_image_url":null,"twitter_image_custom_url":null,"twitter_image_custom_fields":null,"twitter_title":null,"twitter_description":null,"schema":{"blockGraphs":[],"customGraphs":[],"default":{"data":{"Article":[],"Course":[],"Dataset":[],"FAQPage":[],"Movie":[],"Person":[],"Product":[],"ProductReview":[],"Car":[],"Recipe":[],"Service":[],"SoftwareApplication":[],"WebPage":[]},"graphName":"NewsArticle","isEnabled":true},"graphs":[]},"schema_type":"default","schema_type_options":null,"pillar_content":false,"robots_default":true,"robots_noindex":false,"robots_noarchive":false,"robots_nosnippet":false,"robots_nofollow":false,"robots_noimageindex":false,"robots_noodp":false,"robots_notranslate":false,"robots_max_snippet":"-1","robots_max_videopreview":"-1","robots_max_imagepreview":"large","priority":null,"frequency":"default","local_seo":null,"seo_analyzer_scan_date":"2025-12-06 16:01:13","breadcrumb_settings":null,"limit_modified_date":false,"reviewed_by":"0","open_ai":null,"ai":{"faqs":[],"keyPoints":[],"titles":[],"descriptions":[],"socialPosts":{"email":[],"linkedin":[],"twitter":[],"facebook":[],"instagram":[]}},"created":"2025-11-10 01:35:52","updated":"2026-02-05 07:01:11"},"aioseo_breadcrumb":"<div class=\"aioseo-breadcrumbs\"><span class=\"aioseo-breadcrumb\">\n\t<a href=\"https:\/\/soymigrante.com\/revista\" title=\"Home\">Home<\/a>\n<\/span><span class=\"aioseo-breadcrumb-separator\">\u00bb<\/span><span class=\"aioseo-breadcrumb\">\n\t<a href=\"https:\/\/soymigrante.com\/revista\/category\/noticias\/\" title=\"Noticias\">Noticias<\/a>\n<\/span><span class=\"aioseo-breadcrumb-separator\">\u00bb<\/span><span class=\"aioseo-breadcrumb\">\n\tMigrantes enviaron US$2390 millones en remesas a Guatemala en octubre 2025 y superan todo el 2024\n<\/span><\/div>","aioseo_breadcrumb_json":[{"label":"Home","link":"https:\/\/soymigrante.com\/revista"},{"label":"Noticias","link":"https:\/\/soymigrante.com\/revista\/category\/noticias\/"},{"label":"Migrantes enviaron US$2390 millones en remesas a Guatemala en octubre 2025 y superan todo el 2024","link":"https:\/\/soymigrante.com\/revista\/migrantes-enviaron-a-guatemala-us2390-millones-en-remesas-durante-octubre-2025\/"}],"_links":{"self":[{"href":"https:\/\/soymigrante.com\/revista\/wp-json\/wp\/v2\/posts\/48321","targetHints":{"allow":["GET"]}}],"collection":[{"href":"https:\/\/soymigrante.com\/revista\/wp-json\/wp\/v2\/posts"}],"about":[{"href":"https:\/\/soymigrante.com\/revista\/wp-json\/wp\/v2\/types\/post"}],"author":[{"embeddable":true,"href":"https:\/\/soymigrante.com\/revista\/wp-json\/wp\/v2\/users\/1"}],"replies":[{"embeddable":true,"href":"https:\/\/soymigrante.com\/revista\/wp-json\/wp\/v2\/comments?post=48321"}],"version-history":[{"count":15,"href":"https:\/\/soymigrante.com\/revista\/wp-json\/wp\/v2\/posts\/48321\/revisions"}],"predecessor-version":[{"id":49454,"href":"https:\/\/soymigrante.com\/revista\/wp-json\/wp\/v2\/posts\/48321\/revisions\/49454"}],"wp:featuredmedia":[{"embeddable":true,"href":"https:\/\/soymigrante.com\/revista\/wp-json\/wp\/v2\/media\/48328"}],"wp:attachment":[{"href":"https:\/\/soymigrante.com\/revista\/wp-json\/wp\/v2\/media?parent=48321"}],"wp:term":[{"taxonomy":"category","embeddable":true,"href":"https:\/\/soymigrante.com\/revista\/wp-json\/wp\/v2\/categories?post=48321"},{"taxonomy":"post_tag","embeddable":true,"href":"https:\/\/soymigrante.com\/revista\/wp-json\/wp\/v2\/tags?post=48321"}],"curies":[{"name":"wp","href":"https:\/\/api.w.org\/{rel}","templated":true}]}}