{"id":48305,"date":"2025-11-08T18:14:27","date_gmt":"2025-11-09T00:14:27","guid":{"rendered":"https:\/\/soymigrante.com\/revista\/?p=48305"},"modified":"2025-11-08T18:19:34","modified_gmt":"2025-11-09T00:19:34","slug":"conmociona-la-tragica-muerte-de-la-migrante-guatemalteca-florinda-rios-en-indiana","status":"publish","type":"post","link":"https:\/\/soymigrante.com\/revista\/conmociona-la-tragica-muerte-de-la-migrante-guatemalteca-florinda-rios-en-indiana\/","title":{"rendered":"Conmociona la tr\u00e1gica muerte de la migrante guatemalteca Florinda R\u00edos, en Indiana"},"content":{"rendered":"\t\t<div data-elementor-type=\"wp-post\" data-elementor-id=\"48305\" class=\"elementor elementor-48305\" data-elementor-post-type=\"post\">\n\t\t\t\t<div data-particle_enable=\"false\" data-particle-mobile-disabled=\"false\" class=\"elementor-element elementor-element-12430bf e-flex e-con-boxed e-con e-parent\" data-id=\"12430bf\" data-element_type=\"container\" data-e-type=\"container\">\n\t\t\t\t\t<div class=\"e-con-inner\">\n\t\t\t\t<div class=\"elementor-element elementor-element-238f02d elementor-widget elementor-widget-heading\" data-id=\"238f02d\" data-element_type=\"widget\" data-e-type=\"widget\" data-widget_type=\"heading.default\">\n\t\t\t\t\t<h2 class=\"elementor-heading-title elementor-size-default\">Cuatro hijos pierden a su mam\u00e1 por una tragedia en Indiana: la migrante guatemalteca Florinda R\u00edos, originaria de Cabric\u00e1n, Quetzaltenango, fue baleada el 5 de noviembre al tratar de entrar con llave a una casa, cuando iba a hacer labores de limpieza. <\/h2>\t\t\t\t<\/div>\n\t\t\t\t\t<\/div>\n\t\t\t\t<\/div>\n\t\t<div data-particle_enable=\"false\" data-particle-mobile-disabled=\"false\" class=\"elementor-element elementor-element-b6fc993 e-flex e-con-boxed e-con e-parent\" data-id=\"b6fc993\" data-element_type=\"container\" data-e-type=\"container\">\n\t\t\t\t\t<div class=\"e-con-inner\">\n\t\t\t\t<div class=\"elementor-element elementor-element-a83a386 elementor-widget elementor-widget-text-editor\" data-id=\"a83a386\" data-element_type=\"widget\" data-e-type=\"widget\" data-widget_type=\"text-editor.default\">\n\t\t\t\t\t\t\t\t\t<p data-start=\"476\" data-end=\"785\">Mar\u00eda Florinda R\u00edos P\u00e9rez, de 32 a\u00f1os, era <span data-start=\"823\" data-end=\"875\">originaria de Cabric\u00e1n<\/span>, <a href=\"https:\/\/soymigrante.com\/revista\/departamentos-de-guatemala-quetzaltenango-tiene-historia-de-500-anos\/\">Quetzaltenango,<\/a> donde est\u00e1 la casa sus padres Mario R\u00edos y Vilma P\u00e9rez. All\u00ed creci\u00f3 junto a sus hermanos <span data-start=\"1036\" data-end=\"1101\">Marleny, Ingrid, Everilda, Saqueo, Rudy, Sandra, Yeimy y Rony<\/span>.<\/p><p data-start=\"787\" data-end=\"1324\">Desde su comunidad rural so\u00f1\u00f3 con una vida mejor para sus cuatro hijos, y fue ese sue\u00f1o el que la llev\u00f3, junto a su esposo <span data-start=\"1221\" data-end=\"1243\">Mauricio Vel\u00e1squez<\/span>, a emigrar a Estados Unidos, donde se establecieron en el estado de <span data-start=\"1312\" data-end=\"1323\">Indiana<\/span>. Ambos trabajaban <a href=\"https:\/\/soymigrante.com\/revista\/departamentos-de-guatemala-quetzaltenango-tiene-historia-de-500-anos\/\">limpiando casas <\/a>en el \u00e1rea de Indian\u00e1polis, para mantener a sus hijos y tambi\u00e9n para poder enviar apoyo a sus padres.<\/p>\t\t\t\t\t\t\t\t<\/div>\n\t\t\t\t\t<\/div>\n\t\t\t\t<\/div>\n\t\t<div data-particle_enable=\"false\" data-particle-mobile-disabled=\"false\" class=\"elementor-element elementor-element-fba9482 e-flex e-con-boxed e-con e-parent\" data-id=\"fba9482\" data-element_type=\"container\" data-e-type=\"container\">\n\t\t\t\t\t<div class=\"e-con-inner\">\n\t\t\t\t<div class=\"elementor-element elementor-element-b6ff9f9 elementor-widget elementor-widget-html\" data-id=\"b6ff9f9\" data-element_type=\"widget\" data-e-type=\"widget\" data-widget_type=\"html.default\">\n\t\t\t\t\t<iframe src=\"https:\/\/www.facebook.com\/plugins\/video.php?height=476&href=https%3A%2F%2Fwww.facebook.com%2Freel%2F1998722864298315%2F&show_text=true&width=325&t=0\" width=\"325\" height=\"591\" style=\"border:none;overflow:hidden\" scrolling=\"no\" frameborder=\"0\" allowfullscreen=\"true\" allow=\"autoplay; clipboard-write; encrypted-media; picture-in-picture; web-share\" allowFullScreen=\"true\"><\/iframe>\t\t\t\t<\/div>\n\t\t\t\t\t<\/div>\n\t\t\t\t<\/div>\n\t\t<div data-particle_enable=\"false\" data-particle-mobile-disabled=\"false\" class=\"elementor-element elementor-element-fada383 e-flex e-con-boxed e-con e-parent\" data-id=\"fada383\" data-element_type=\"container\" data-e-type=\"container\">\n\t\t\t\t\t<div class=\"e-con-inner\">\n\t\t\t\t<div class=\"elementor-element elementor-element-ed75a0d elementor-widget elementor-widget-text-editor\" data-id=\"ed75a0d\" data-element_type=\"widget\" data-e-type=\"widget\" data-widget_type=\"text-editor.default\">\n\t\t\t\t\t\t\t\t\t<p data-start=\"476\" data-end=\"785\">La ma\u00f1ana del <strong data-start=\"1695\" data-end=\"1721\">5 de noviembre de 2025<\/strong>, Florinda y Mauricio acudieron a efectuar labores de limpieza en una residencia.\u00a0 Llegaron con la llave que les hab\u00edan proporcionado y la convicci\u00f3n de estar en el lugar correcto. Pero <strong data-start=\"1897\" data-end=\"1929\">se hab\u00edan equivocado de casa<\/strong>.<\/p><p data-start=\"1681\" data-end=\"2195\">Mientras Mar\u00eda Florinda intentaba abrir la puerta, un disparo desde el interior la alcanz\u00f3 en la cabeza.\u00a0\u201cNo alcanz\u00f3 a decir nada \u2014record\u00f3 su esposo, en un video\u2014. Solo retrocedi\u00f3 dos pasos y cay\u00f3. La sostuve en mis brazos, le habl\u00e9, pero ya no respondi\u00f3.\u201d, relata el apesarado esposo.<\/p>\t\t\t\t\t\t\t\t<\/div>\n\t\t\t\t\t<\/div>\n\t\t\t\t<\/div>\n\t\t<div data-particle_enable=\"false\" data-particle-mobile-disabled=\"false\" class=\"elementor-element elementor-element-26af0bd e-flex e-con-boxed e-con e-parent\" data-id=\"26af0bd\" data-element_type=\"container\" data-e-type=\"container\">\n\t\t\t\t\t<div class=\"e-con-inner\">\n\t\t\t\t<div class=\"elementor-element elementor-element-124bf16 elementor-widget elementor-widget-image\" data-id=\"124bf16\" data-element_type=\"widget\" data-e-type=\"widget\" data-widget_type=\"image.default\">\n\t\t\t\t\t\t\t\t\t\t\t\t<figure class=\"wp-caption\">\n\t\t\t\t\t\t\t\t\t\t<img fetchpriority=\"high\" decoding=\"async\" width=\"1024\" height=\"1024\" src=\"https:\/\/soymigrante.com\/revista\/wp-content\/uploads\/2025\/11\/maria-florinda-1024x1024.jpg\" class=\"attachment-large size-large wp-image-48308\" alt=\"Mar\u00eda Florinda R\u00edos, de Cabric\u00e1n, Quetzaltenango, en una fotograf\u00eda del \u00e1lbum familiar. Amigos y voluntarios buscan reunir fondos para repatriar su cuerpo a Guatemala.\" srcset=\"https:\/\/soymigrante.com\/revista\/wp-content\/uploads\/2025\/11\/maria-florinda-1024x1024.jpg 1024w, https:\/\/soymigrante.com\/revista\/wp-content\/uploads\/2025\/11\/maria-florinda-300x300.jpg 300w, https:\/\/soymigrante.com\/revista\/wp-content\/uploads\/2025\/11\/maria-florinda-150x150.jpg 150w, https:\/\/soymigrante.com\/revista\/wp-content\/uploads\/2025\/11\/maria-florinda-768x768.jpg 768w, https:\/\/soymigrante.com\/revista\/wp-content\/uploads\/2025\/11\/maria-florinda-75x75.jpg 75w, https:\/\/soymigrante.com\/revista\/wp-content\/uploads\/2025\/11\/maria-florinda-750x750.jpg 750w, https:\/\/soymigrante.com\/revista\/wp-content\/uploads\/2025\/11\/maria-florinda-1140x1140.jpg 1140w, https:\/\/soymigrante.com\/revista\/wp-content\/uploads\/2025\/11\/maria-florinda.jpg 1200w\" sizes=\"(max-width: 1024px) 100vw, 1024px\" title=\"Mar\u00eda Florinda R\u00edos, de Cabric\u00e1n, Quetzaltenango, en una fotograf\u00eda del \u00e1lbum familiar.  Amigos y voluntarios buscan reunir fondos para repatriar su cuerpo a Guatemala. \u2013 SoyMigrante.com REVISTA\" \/>\t\t\t\t\t\t\t\t\t\t\t<figcaption class=\"widget-image-caption wp-caption-text\">Mar\u00eda Florinda R\u00edos, de Cabric\u00e1n, Quetzaltenango, en una fotograf\u00eda del \u00e1lbum familiar.  Amigos y voluntarios buscan reunir fondos para repatriar su cuerpo a Guatemala.<\/figcaption>\n\t\t\t\t\t\t\t\t\t\t<\/figure>\n\t\t\t\t\t\t\t\t\t<\/div>\n\t\t\t\t\t<\/div>\n\t\t\t\t<\/div>\n\t\t<div data-particle_enable=\"false\" data-particle-mobile-disabled=\"false\" class=\"elementor-element elementor-element-5de93b1 e-flex e-con-boxed e-con e-parent\" data-id=\"5de93b1\" data-element_type=\"container\" data-e-type=\"container\">\n\t\t\t\t\t<div class=\"e-con-inner\">\n\t\t\t\t<div class=\"elementor-element elementor-element-675508a elementor-widget elementor-widget-text-editor\" data-id=\"675508a\" data-element_type=\"widget\" data-e-type=\"widget\" data-widget_type=\"text-editor.default\">\n\t\t\t\t\t\t\t\t\t<p data-start=\"476\" data-end=\"785\">El tr\u00e1gico suceso ocurri\u00f3 en <strong data-start=\"2217\" data-end=\"2231\">Whitestown<\/strong>, a unos 35 kil\u00f3metros de Indian\u00e1polis. Las autoridades locales confirmaron que nunca hubo intento de robo ni se\u00f1ales de violencia previa: fue un error tr\u00e1gico.<\/p><p data-start=\"476\" data-end=\"785\">\u00a0El caso, a\u00fan bajo investigaci\u00f3n, ha reabierto el debate sobre las leyes de defensa armada como la <a href=\"https:\/\/www.law.cornell.edu\/wex\/castle_doctrine\"><em data-start=\"2489\" data-end=\"2506\">castle doctrine<\/em>,<\/a> que en Indiana permite el uso de fuerza letal dentro del hogar incluso ante una confusi\u00f3n.<\/p><p data-start=\"2600\" data-end=\"2891\">En entrevistas posteriores, Mauricio Vel\u00e1squez expres\u00f3 su <a href=\"https:\/\/soymigrante.com\/revista\/como-mantener-serenidad-en-la-adversidad-estrategias-clave\/\">desolaci\u00f3n<\/a>.\u00a0\u201cSolo pido sus oraciones por mi familia\u201d, dijo entre l\u00e1grimas. \u201cElla trabajaba duro todos los d\u00edas. Lo hac\u00eda por nuestros hijos. No merec\u00eda esto.\u201d<\/p>\t\t\t\t\t\t\t\t<\/div>\n\t\t\t\t\t<\/div>\n\t\t\t\t<\/div>\n\t\t<div data-particle_enable=\"false\" data-particle-mobile-disabled=\"false\" class=\"elementor-element elementor-element-f400acc e-flex e-con-boxed e-con e-parent\" data-id=\"f400acc\" data-element_type=\"container\" data-e-type=\"container\">\n\t\t\t\t\t<div class=\"e-con-inner\">\n\t\t\t\t<div class=\"elementor-element elementor-element-893293d elementor-widget elementor-widget-html\" data-id=\"893293d\" data-element_type=\"widget\" data-e-type=\"widget\" data-widget_type=\"html.default\">\n\t\t\t\t\t<iframe src=\"https:\/\/www.facebook.com\/plugins\/post.php?href=https%3A%2F%2Fwww.facebook.com%2Fphoto.php%3Ffbid%3D681714461670227%26set%3Da.113881561786856%26type%3D3&show_text=true&width=500\" width=\"500\" height=\"543\" style=\"border:none;overflow:hidden\" scrolling=\"no\" frameborder=\"0\" allowfullscreen=\"true\" allow=\"autoplay; clipboard-write; encrypted-media; picture-in-picture; web-share\"><\/iframe>\t\t\t\t<\/div>\n\t\t\t\t\t<\/div>\n\t\t\t\t<\/div>\n\t\t<div data-particle_enable=\"false\" data-particle-mobile-disabled=\"false\" class=\"elementor-element elementor-element-831db27 e-flex e-con-boxed e-con e-parent\" data-id=\"831db27\" data-element_type=\"container\" data-e-type=\"container\">\n\t\t\t\t\t<div class=\"e-con-inner\">\n\t\t\t\t<div class=\"elementor-element elementor-element-85c0936 elementor-widget elementor-widget-text-editor\" data-id=\"85c0936\" data-element_type=\"widget\" data-e-type=\"widget\" data-widget_type=\"text-editor.default\">\n\t\t\t\t\t\t\t\t\t<p data-start=\"476\" data-end=\"785\">El <strong data-start=\"2896\" data-end=\"2948\"><a href=\"https:\/\/www.minex.gob.gt\/\">Ministerio de Relaciones Exteriores de Guatemala<\/a><\/strong> confirm\u00f3 que el consulado guatemalteco en Chicago brinda acompa\u00f1amiento legal y gestiona la repatriaci\u00f3n del cuerpo.<\/p><p data-start=\"2893\" data-end=\"3351\">En Guatemala, la familia ha abierto las puertas de su hogar para quienes deseen acompa\u00f1arlos en su profundo dolor. Tambi\u00e9n en Indiana est\u00e1 un hermano de Florinda, llamado Rudy, a quien la comunidad ha abrazado en su pesar. Se abri\u00f3 una cuenta de GoFundMe para reunir fondos para la repatriaci\u00f3n de los restos mortales de Florinda hacia Guatemala.<\/p><p data-start=\"3353\" data-end=\"3650\">M\u00e1s all\u00e1 de este profundo duelo, la tr\u00e1gica muerte de Florinda refleja la vulnerabilidad de quienes, lejos de casa, buscan nuevos horizontes. Son much\u00edsimos los migrantes hispanos que se dedican a labores como limpiar, cuidar, cocinar o construir, que\u00a0 viven con la esperanza de progresar en un entorno que no siempre los protege ni los comprende.<\/p>\t\t\t\t\t\t\t\t<\/div>\n\t\t\t\t\t<\/div>\n\t\t\t\t<\/div>\n\t\t<div data-particle_enable=\"false\" data-particle-mobile-disabled=\"false\" class=\"elementor-element elementor-element-1a6942f e-flex e-con-boxed e-con e-parent\" data-id=\"1a6942f\" data-element_type=\"container\" data-e-type=\"container\">\n\t\t\t\t\t<div class=\"e-con-inner\">\n\t\t\t\t<div class=\"elementor-element elementor-element-6df3aa1 elementor-widget elementor-widget-image\" data-id=\"6df3aa1\" data-element_type=\"widget\" data-e-type=\"widget\" data-widget_type=\"image.default\">\n\t\t\t\t\t\t\t\t\t\t\t\t<figure class=\"wp-caption\">\n\t\t\t\t\t\t\t\t\t\t\t<a href=\"https:\/\/www.gofundme.com\/f\/maria-florinda-para-mandar-sus-restos-a-su-pais-de-origen\">\n\t\t\t\t\t\t\t<img decoding=\"async\" width=\"634\" height=\"581\" src=\"https:\/\/soymigrante.com\/revista\/wp-content\/uploads\/2025\/11\/maria-florinda-rios-perez-4.png\" class=\"attachment-large size-large wp-image-48309\" alt=\"Se organiz\u00f3 una colecta Go Gund Me para aportar recursos para la repatriaci\u00f3n de los restos de Mar\u00eda Florinda R\u00edos P\u00e9rez, para que pueda ser sepultada en su natal Cabric\u00e1n, Quetzaltenango. Si desea ir al sitio Go Fund Me, clic en la foto.\" srcset=\"https:\/\/soymigrante.com\/revista\/wp-content\/uploads\/2025\/11\/maria-florinda-rios-perez-4.png 634w, https:\/\/soymigrante.com\/revista\/wp-content\/uploads\/2025\/11\/maria-florinda-rios-perez-4-300x275.png 300w\" sizes=\"(max-width: 634px) 100vw, 634px\" title=\"Se organiz\u00f3 una colecta Go Gund Me para aportar recursos para la repatriaci\u00f3n de los restos de Mar\u00eda Florinda R\u00edos P\u00e9rez, para que pueda ser sepultada en su natal Cabric\u00e1n, Quetzaltenango. Si desea ir al sitio Go Fund Me, clic en la foto. \u2013 SoyMigrante.com REVISTA\" \/>\t\t\t\t\t\t\t\t<\/a>\n\t\t\t\t\t\t\t\t\t\t\t<figcaption class=\"widget-image-caption wp-caption-text\">Se organiz\u00f3 una colecta Go Gund Me para aportar recursos para la repatriaci\u00f3n de los restos de Mar\u00eda Florinda R\u00edos P\u00e9rez, para que pueda ser sepultada en su natal Cabric\u00e1n, Quetzaltenango. Si desea ir al sitio Go Fund Me, clic en la foto.<\/figcaption>\n\t\t\t\t\t\t\t\t\t\t<\/figure>\n\t\t\t\t\t\t\t\t\t<\/div>\n\t\t\t\t\t<\/div>\n\t\t\t\t<\/div>\n\t\t<div data-particle_enable=\"false\" data-particle-mobile-disabled=\"false\" class=\"elementor-element elementor-element-468ba59 e-flex e-con-boxed e-con e-parent\" data-id=\"468ba59\" data-element_type=\"container\" data-e-type=\"container\">\n\t\t\t\t\t<div class=\"e-con-inner\">\n\t\t\t\t<div class=\"elementor-element elementor-element-e1be092 elementor-widget elementor-widget-heading\" data-id=\"e1be092\" data-element_type=\"widget\" data-e-type=\"widget\" data-widget_type=\"heading.default\">\n\t\t\t\t\t<h2 class=\"elementor-heading-title elementor-size-default\">Realidades que afectan a migrantes<\/h2>\t\t\t\t<\/div>\n\t\t\t\t\t<\/div>\n\t\t\t\t<\/div>\n\t\t<div data-particle_enable=\"false\" data-particle-mobile-disabled=\"false\" class=\"elementor-element elementor-element-9dc7627 e-flex e-con-boxed e-con e-parent\" data-id=\"9dc7627\" data-element_type=\"container\" data-e-type=\"container\">\n\t\t\t\t\t<div class=\"e-con-inner\">\n\t\t\t\t<div class=\"elementor-element elementor-element-f51f710 elementor-grid-eael-col-3 elementor-grid-tablet-eael-col-2 elementor-grid-mobile-eael-col-1 elementor-widget elementor-widget-eael-post-grid\" data-id=\"f51f710\" data-element_type=\"widget\" data-e-type=\"widget\" data-settings=\"{&quot;eael_post_grid_columns&quot;:&quot;eael-col-3&quot;,&quot;eael_post_grid_columns_tablet&quot;:&quot;eael-col-2&quot;,&quot;eael_post_grid_columns_mobile&quot;:&quot;eael-col-1&quot;}\" data-widget_type=\"eael-post-grid.default\">\n\t\t\t\t\t<div id=\"eael-post-grid-f51f710\" class=\"eael-post-grid-container\">\n            <div class=\"eael-post-grid eael-post-appender eael-post-appender-f51f710 eael-post-grid-style-one\" data-layout-mode=\"masonry\"><article class=\"eael-grid-post  eael-post-grid-column eael-pg-post-51534 category-noticias\" data-id=\"51534\">\n        <div class=\"eael-grid-post-holder\">\n            <div class=\"eael-grid-post-holder-inner\"><div class=\"eael-entry-media\"><div class=\"eael-entry-overlay fade-in\"><i class=\"far fa-hand-pointer\" aria-hidden=\"true\"><\/i><a href=\"https:\/\/soymigrante.com\/revista\/polemico-requisito-para-registrar-vehiculos-en-texas-afecta-a-migrantes-pero-tambien-a-la-economia-estatal\/\"><\/a><\/div><div class=\"eael-entry-thumbnail eael-image-ratio\">\n                <img decoding=\"async\" width=\"789\" height=\"780\" src=\"https:\/\/soymigrante.com\/revista\/wp-content\/uploads\/2026\/01\/cambios-registro-vehiculos-texas-migrantes-indocumentados.png\" class=\"attachment-large size-large wp-image-51535\" alt=\"cambios registro vehiculos texas migrantes indocumentados\" srcset=\"https:\/\/soymigrante.com\/revista\/wp-content\/uploads\/2026\/01\/cambios-registro-vehiculos-texas-migrantes-indocumentados.png 789w, https:\/\/soymigrante.com\/revista\/wp-content\/uploads\/2026\/01\/cambios-registro-vehiculos-texas-migrantes-indocumentados-300x297.png 300w, https:\/\/soymigrante.com\/revista\/wp-content\/uploads\/2026\/01\/cambios-registro-vehiculos-texas-migrantes-indocumentados-768x759.png 768w, https:\/\/soymigrante.com\/revista\/wp-content\/uploads\/2026\/01\/cambios-registro-vehiculos-texas-migrantes-indocumentados-75x75.png 75w, https:\/\/soymigrante.com\/revista\/wp-content\/uploads\/2026\/01\/cambios-registro-vehiculos-texas-migrantes-indocumentados-750x741.png 750w\" sizes=\"(max-width: 789px) 100vw, 789px\" \/>\n            <\/div>\n        <\/div><div class=\"eael-entry-wrapper\"><header class=\"eael-entry-header\"><h2 class=\"eael-entry-title\"><a class=\"eael-grid-post-link\" href=\"https:\/\/soymigrante.com\/revista\/polemico-requisito-para-registrar-vehiculos-en-texas-afecta-a-migrantes-pero-tambien-a-la-economia-estatal\/\" title=\"Pol\u00e9mico requisito para registrar veh\u00edculos en Texas afecta a migrantes pero tambi\u00e9n golpea econom\u00eda estatal\">Pol\u00e9mico requisito para registrar veh\u00edculos en Texas afecta a migrantes pero tambi\u00e9n golpea econom\u00eda estatal<\/a><\/h2><\/header><div class=\"eael-entry-content\">\n                        <div class=\"eael-grid-post-excerpt\"><a href=\"https:\/\/soymigrante.com\/revista\/polemico-requisito-para-registrar-vehiculos-en-texas-afecta-a-migrantes-pero-tambien-a-la-economia-estatal\/\" class=\"eael-post-elements-readmore-btn\">CONOCE SU HISTORIA <\/a><\/div>\n                    <\/div><\/div><\/div>\n        <\/div>\n    <\/article><article class=\"eael-grid-post  eael-post-grid-column eael-pg-post-49974 category-noticias\" data-id=\"49974\">\n        <div class=\"eael-grid-post-holder\">\n            <div class=\"eael-grid-post-holder-inner\"><div class=\"eael-entry-media\"><div class=\"eael-entry-overlay fade-in\"><i class=\"far fa-hand-pointer\" aria-hidden=\"true\"><\/i><a href=\"https:\/\/soymigrante.com\/revista\/si-los-latinos-en-usa-fueran-un-pais-serian-la-quinta-economia-del-mundo-informe-2025\/\"><\/a><\/div><div class=\"eael-entry-thumbnail eael-image-ratio\">\n                <img loading=\"lazy\" decoding=\"async\" width=\"1024\" height=\"1024\" src=\"https:\/\/soymigrante.com\/revista\/wp-content\/uploads\/2025\/12\/latinos-en-usa-economia-1024x1024.jpg\" class=\"attachment-large size-large wp-image-49975\" alt=\"latinos en usa econom\u00eda\" srcset=\"https:\/\/soymigrante.com\/revista\/wp-content\/uploads\/2025\/12\/latinos-en-usa-economia-1024x1024.jpg 1024w, https:\/\/soymigrante.com\/revista\/wp-content\/uploads\/2025\/12\/latinos-en-usa-economia-300x300.jpg 300w, https:\/\/soymigrante.com\/revista\/wp-content\/uploads\/2025\/12\/latinos-en-usa-economia-150x150.jpg 150w, https:\/\/soymigrante.com\/revista\/wp-content\/uploads\/2025\/12\/latinos-en-usa-economia-768x768.jpg 768w, https:\/\/soymigrante.com\/revista\/wp-content\/uploads\/2025\/12\/latinos-en-usa-economia-1536x1536.jpg 1536w, https:\/\/soymigrante.com\/revista\/wp-content\/uploads\/2025\/12\/latinos-en-usa-economia-75x75.jpg 75w, https:\/\/soymigrante.com\/revista\/wp-content\/uploads\/2025\/12\/latinos-en-usa-economia-750x750.jpg 750w, https:\/\/soymigrante.com\/revista\/wp-content\/uploads\/2025\/12\/latinos-en-usa-economia-1140x1140.jpg 1140w, https:\/\/soymigrante.com\/revista\/wp-content\/uploads\/2025\/12\/latinos-en-usa-economia.jpg 2048w\" sizes=\"(max-width: 1024px) 100vw, 1024px\" \/>\n            <\/div>\n        <\/div><div class=\"eael-entry-wrapper\"><header class=\"eael-entry-header\"><h2 class=\"eael-entry-title\"><a class=\"eael-grid-post-link\" href=\"https:\/\/soymigrante.com\/revista\/si-los-latinos-en-usa-fueran-un-pais-serian-la-quinta-economia-del-mundo-informe-2025\/\" title=\"Si los latinos en USA fueran un pa\u00eds: ser\u00edan la quinta econom\u00eda del mundo: Informe 2025\">Si los latinos en USA fueran un pa\u00eds: ser\u00edan la quinta econom\u00eda del mundo: Informe 2025<\/a><\/h2><\/header><div class=\"eael-entry-content\">\n                        <div class=\"eael-grid-post-excerpt\"><a href=\"https:\/\/soymigrante.com\/revista\/si-los-latinos-en-usa-fueran-un-pais-serian-la-quinta-economia-del-mundo-informe-2025\/\" class=\"eael-post-elements-readmore-btn\">CONOCE SU HISTORIA <\/a><\/div>\n                    <\/div><\/div><\/div>\n        <\/div>\n    <\/article><article class=\"eael-grid-post  eael-post-grid-column eael-pg-post-54354 category-noticias\" data-id=\"54354\">\n        <div class=\"eael-grid-post-holder\">\n            <div class=\"eael-grid-post-holder-inner\"><div class=\"eael-entry-media\"><div class=\"eael-entry-overlay fade-in\"><i class=\"far fa-hand-pointer\" aria-hidden=\"true\"><\/i><a href=\"https:\/\/soymigrante.com\/revista\/daca-beneficiaria-deportada-ilegalmente-maria-estrada-regresa-a-estados-unidos-orden-judicial\/\"><\/a><\/div><div class=\"eael-entry-thumbnail eael-image-ratio\">\n                <img loading=\"lazy\" decoding=\"async\" width=\"583\" height=\"583\" src=\"https:\/\/soymigrante.com\/revista\/wp-content\/uploads\/2026\/03\/daca-retornada-deportada-ilegalmente.png\" class=\"attachment-large size-large wp-image-54355\" alt=\"daca retornada deportada ilegalmente\" srcset=\"https:\/\/soymigrante.com\/revista\/wp-content\/uploads\/2026\/03\/daca-retornada-deportada-ilegalmente.png 583w, https:\/\/soymigrante.com\/revista\/wp-content\/uploads\/2026\/03\/daca-retornada-deportada-ilegalmente-300x300.png 300w, https:\/\/soymigrante.com\/revista\/wp-content\/uploads\/2026\/03\/daca-retornada-deportada-ilegalmente-150x150.png 150w, https:\/\/soymigrante.com\/revista\/wp-content\/uploads\/2026\/03\/daca-retornada-deportada-ilegalmente-75x75.png 75w\" sizes=\"(max-width: 583px) 100vw, 583px\" \/>\n            <\/div>\n        <\/div><div class=\"eael-entry-wrapper\"><header class=\"eael-entry-header\"><h2 class=\"eael-entry-title\"><a class=\"eael-grid-post-link\" href=\"https:\/\/soymigrante.com\/revista\/daca-beneficiaria-deportada-ilegalmente-maria-estrada-regresa-a-estados-unidos-orden-judicial\/\" title=\"Mar\u00eda Estrada, beneficiaria de DACA que fue deportada ilegalmente, regresa a USA tras 40 d\u00edas, por orden de juez\">Mar\u00eda Estrada, beneficiaria de DACA que fue deportada ilegalmente, regresa a USA tras 40 d\u00edas, por orden de juez<\/a><\/h2><\/header><div class=\"eael-entry-content\">\n                        <div class=\"eael-grid-post-excerpt\"><a href=\"https:\/\/soymigrante.com\/revista\/daca-beneficiaria-deportada-ilegalmente-maria-estrada-regresa-a-estados-unidos-orden-judicial\/\" class=\"eael-post-elements-readmore-btn\">CONOCE SU HISTORIA <\/a><\/div>\n                    <\/div><\/div><\/div>\n        <\/div>\n    <\/article><\/div>\n            <div class=\"clearfix\"><\/div>\n        <\/div>            <div class=\"eael-load-more-button-wrap eael-force-hide\">\n                <button class=\"eael-load-more-button\" id=\"eael-load-more-btn-f51f710\" data-widget-id=\"f51f710\" data-widget=\"f51f710\" data-page-id=\"48305\" data-template=\"{&quot;dir&quot;:&quot;lite&quot;,&quot;file_name&quot;:&quot;one.php&quot;,&quot;name&quot;:&quot;Post-Grid&quot;}\" data-class=\"Essential_Addons_Elementor\\Elements\\Post_Grid\" data-layout=\"masonry\" data-page=\"1\" data-args=\"orderby=rand&amp;order=desc&amp;ignore_sticky_posts=1&amp;post_status=publish&amp;posts_per_page=3&amp;offset=0&amp;post_type=post&amp;tax_query%5B0%5D%5Btaxonomy%5D=category&amp;tax_query%5B0%5D%5Bfield%5D=term_id&amp;tax_query%5B0%5D%5Bterms%5D%5B0%5D=280&amp;tax_query%5Brelation%5D=AND\" data-max-page=\"29\">\n                    <span class=\"eael-btn-loader button__loader\"><\/span>\n                    <span class=\"eael_load_more_text\">Load More<\/span>\n                <\/button>\n            <\/div>\n            \t\t\t\t<\/div>\n\t\t\t\t\t<\/div>\n\t\t\t\t<\/div>\n\t\t\t\t<\/div>\n\t\t","protected":false},"excerpt":{"rendered":"<p>Cuatro hijos pierden a su mam\u00e1 por una tragedia en Indiana: la migrante guatemalteca Florinda R\u00edos, originaria de Cabric\u00e1n, Quetzaltenango, fue baleada el 5 de noviembre al tratar de entrar con llave a una casa, cuando iba a hacer labores de limpieza. Mar\u00eda Florinda R\u00edos P\u00e9rez, de 32 a\u00f1os, era originaria de Cabric\u00e1n, Quetzaltenango, donde [&hellip;]<\/p>\n","protected":false},"author":7,"featured_media":48306,"comment_status":"open","ping_status":"open","sticky":false,"template":"","format":"standard","meta":{"_acf_changed":false,"_eb_attr":"","footnotes":""},"categories":[280],"tags":[],"class_list":["post-48305","post","type-post","status-publish","format-standard","has-post-thumbnail","hentry","category-noticias"],"acf":[],"aioseo_notices":[],"aioseo_head":"\n\t\t<!-- All in One SEO Pro 4.9.6.2 - aioseo.com -->\n\t<meta name=\"description\" content=\"Fallo de juez permite a Mar\u00eda de Jes\u00fas Estrada poder volver a entrar a Estados Unidos por ser beneficiaria de DACA. Fue detenida al ir a una cita de corte.\" \/>\n\t<meta name=\"robots\" content=\"max-snippet:-1, max-image-preview:large, max-video-preview:-1\" \/>\n\t<meta name=\"author\" content=\"SoyMigrante.com REVISTA\"\/>\n\t<link rel=\"canonical\" href=\"https:\/\/soymigrante.com\/revista\/daca-beneficiaria-deportada-ilegalmente-maria-estrada-regresa-a-estados-unidos-orden-judicial\/\" \/>\n\t<meta name=\"generator\" content=\"All in One SEO Pro (AIOSEO) 4.9.6.2\" \/>\n\n\t\t<link rel=\"preconnect\" href=\"https:\/\/fonts.googleapis.com\" crossorigin>\n<link rel=\"preconnect\" href=\"https:\/\/fonts.gstatic.com\" crossorigin>\n\t\t<meta property=\"og:locale\" content=\"es_ES\" \/>\n\t\t<meta property=\"og:site_name\" content=\"SoyMigrante.com REVISTA \u2013 Nuestra misi\u00f3n es reconocer y dignificar al migrante.\" \/>\n\t\t<meta property=\"og:type\" content=\"article\" \/>\n\t\t<meta property=\"og:title\" content=\"Madre deportada ilegalmente regresa a USA por orden judicial\" \/>\n\t\t<meta property=\"og:description\" content=\"Fallo de juez permite a Mar\u00eda de Jes\u00fas Estrada poder volver a entrar a Estados Unidos por ser beneficiaria de DACA. Fue detenida al ir a una cita de corte.\" \/>\n\t\t<meta property=\"og:url\" content=\"https:\/\/soymigrante.com\/revista\/daca-beneficiaria-deportada-ilegalmente-maria-estrada-regresa-a-estados-unidos-orden-judicial\/\" \/>\n\t\t<meta property=\"og:image\" content=\"https:\/\/soymigrante.com\/revista\/wp-content\/uploads\/2026\/03\/daca-retornada-deportada-ilegalmente.png\" \/>\n\t\t<meta property=\"og:image:secure_url\" content=\"https:\/\/soymigrante.com\/revista\/wp-content\/uploads\/2026\/03\/daca-retornada-deportada-ilegalmente.png\" \/>\n\t\t<meta property=\"og:image:width\" content=\"583\" \/>\n\t\t<meta property=\"og:image:height\" content=\"583\" \/>\n\t\t<meta property=\"article:published_time\" content=\"2026-03-31T23:24:27+00:00\" \/>\n\t\t<meta property=\"article:modified_time\" content=\"2026-03-31T23:27:41+00:00\" \/>\n\t\t<meta property=\"article:publisher\" content=\"https:\/\/www.facebook.com\/soymigrantecom\" \/>\n\t\t<meta name=\"twitter:card\" content=\"summary_large_image\" \/>\n\t\t<meta name=\"twitter:site\" content=\"@SoyMigrante_com\" \/>\n\t\t<meta name=\"twitter:title\" content=\"Madre deportada ilegalmente regresa a USA por orden judicial\" \/>\n\t\t<meta name=\"twitter:description\" content=\"Fallo de juez permite a Mar\u00eda de Jes\u00fas Estrada poder volver a entrar a Estados Unidos por ser beneficiaria de DACA. Fue detenida al ir a una cita de corte.\" \/>\n\t\t<meta name=\"twitter:creator\" content=\"@SoyMigrante_com\" \/>\n\t\t<meta name=\"twitter:image\" content=\"https:\/\/soymigrante.com\/revista\/wp-content\/uploads\/2026\/03\/daca-retornada-deportada-ilegalmente.png\" \/>\n\t\t<!-- All in One SEO Pro -->\r\n\t\t<title>Madre deportada ilegalmente regresa a USA por orden judicial<\/title>\n\n","aioseo_head_json":{"title":"Madre deportada ilegalmente regresa a USA por orden judicial","description":"Fallo de juez permite a Mar\u00eda de Jes\u00fas Estrada poder volver a entrar a Estados Unidos por ser beneficiaria de DACA. Fue detenida al ir a una cita de corte.","canonical_url":"https:\/\/soymigrante.com\/revista\/daca-beneficiaria-deportada-ilegalmente-maria-estrada-regresa-a-estados-unidos-orden-judicial\/","robots":"max-snippet:-1, max-image-preview:large, max-video-preview:-1","keywords":"","webmasterTools":{"miscellaneous":"&lt;link rel=\"preconnect\" href=\"https:\/\/fonts.googleapis.com\" crossorigin&gt;\n&lt;link rel=\"preconnect\" href=\"https:\/\/fonts.gstatic.com\" crossorigin&gt;"},"schema":null,"og:locale":"es_ES","og:site_name":"SoyMigrante.com REVISTA \u2013 Nuestra misi\u00f3n es reconocer y dignificar al migrante.","og:type":"article","og:title":"Madre deportada ilegalmente regresa a USA por orden judicial","og:description":"Fallo de juez permite a Mar\u00eda de Jes\u00fas Estrada poder volver a entrar a Estados Unidos por ser beneficiaria de DACA. Fue detenida al ir a una cita de corte.","og:url":"https:\/\/soymigrante.com\/revista\/daca-beneficiaria-deportada-ilegalmente-maria-estrada-regresa-a-estados-unidos-orden-judicial\/","og:image":"https:\/\/soymigrante.com\/revista\/wp-content\/uploads\/2026\/03\/daca-retornada-deportada-ilegalmente.png","og:image:secure_url":"https:\/\/soymigrante.com\/revista\/wp-content\/uploads\/2026\/03\/daca-retornada-deportada-ilegalmente.png","og:image:width":583,"og:image:height":583,"article:published_time":"2026-03-31T23:24:27+00:00","article:modified_time":"2026-03-31T23:27:41+00:00","article:publisher":"https:\/\/www.facebook.com\/soymigrantecom","twitter:card":"summary_large_image","twitter:site":"@SoyMigrante_com","twitter:title":"Madre deportada ilegalmente regresa a USA por orden judicial","twitter:description":"Fallo de juez permite a Mar\u00eda de Jes\u00fas Estrada poder volver a entrar a Estados Unidos por ser beneficiaria de DACA. Fue detenida al ir a una cita de corte.","twitter:creator":"@SoyMigrante_com","twitter:image":"https:\/\/soymigrante.com\/revista\/wp-content\/uploads\/2026\/03\/daca-retornada-deportada-ilegalmente.png"},"aioseo_meta_data":{"post_id":"48305","title":"Conmociona muerte de guatemalteca Florinda R\u00edos en Indiana","description":"Migrante guatemalteca muri\u00f3 cuando le dispararon por equivocarse de casa. Trabajaba en limpieza. Deja a cuatro hijos. Era originaria de Cabric\u00e1n, Quetzaltenango","keywords":null,"keyphrases":{"focus":{"keyphrase":"Migrante","score":65,"analysis":{"keyphraseInTitle":{"score":3,"maxScore":9,"error":1},"keyphraseInDescription":{"score":9,"maxScore":9,"error":0},"keyphraseLength":{"score":9,"maxScore":9,"error":0,"length":1},"keyphraseInURL":{"score":5,"maxScore":5,"error":0},"keyphraseInIntroduction":{"score":3,"maxScore":9,"error":1},"keyphraseInSubHeadings":{"score":3,"maxScore":9,"error":1},"keyphraseInImageAlt":{"score":3,"maxScore":9,"error":1},"keywordDensity":{"type":"best","score":9,"maxScore":9,"error":0}}},"additional":[{"keyphrase":"Guatemalteca","score":67,"analysis":{"keyphraseInDescription":{"score":9,"maxScore":9,"error":0},"keyphraseLength":{"score":9,"maxScore":9,"error":0,"length":1},"keyphraseInIntroduction":{"score":3,"maxScore":9,"error":1},"keyphraseInImageAlt":{"score":9,"maxScore":9,"error":0},"keywordDensity":{"score":0,"type":"low","maxScore":9,"error":1}}},{"keyphrase":"Florinda","score":87,"analysis":{"keyphraseInDescription":{"score":3,"maxScore":9,"error":1},"keyphraseLength":{"score":9,"maxScore":9,"error":0,"length":1},"keyphraseInIntroduction":{"score":9,"maxScore":9,"error":0},"keyphraseInImageAlt":{"score":9,"maxScore":9,"error":0},"keywordDensity":{"type":"best","score":9,"maxScore":9,"error":0}}}]},"primary_term":null,"canonical_url":null,"og_title":null,"og_description":null,"og_object_type":"default","og_image_type":"default","og_image_url":null,"og_image_width":null,"og_image_height":null,"og_image_custom_url":null,"og_image_custom_fields":null,"og_video":"","og_custom_url":null,"og_article_section":null,"og_article_tags":null,"twitter_use_og":false,"twitter_card":"default","twitter_image_type":"default","twitter_image_url":null,"twitter_image_custom_url":null,"twitter_image_custom_fields":null,"twitter_title":null,"twitter_description":null,"schema":{"blockGraphs":[],"customGraphs":[],"default":{"data":{"Article":[],"Course":[],"Dataset":[],"FAQPage":[],"Movie":[],"Person":[],"Product":[],"ProductReview":[],"Car":[],"Recipe":[],"Service":[],"SoftwareApplication":[],"WebPage":[]},"graphName":"NewsArticle","isEnabled":true},"graphs":[]},"schema_type":"default","schema_type_options":null,"pillar_content":false,"robots_default":true,"robots_noindex":false,"robots_noarchive":false,"robots_nosnippet":false,"robots_nofollow":false,"robots_noimageindex":false,"robots_noodp":false,"robots_notranslate":false,"robots_max_snippet":"-1","robots_max_videopreview":"-1","robots_max_imagepreview":"large","priority":null,"frequency":"default","local_seo":null,"seo_analyzer_scan_date":"2025-11-09 00:21:27","breadcrumb_settings":null,"limit_modified_date":false,"reviewed_by":"0","open_ai":null,"ai":{"faqs":[],"keyPoints":[],"titles":[],"descriptions":[],"socialPosts":{"email":[],"linkedin":[],"twitter":[],"facebook":[],"instagram":[]}},"created":"2025-11-08 23:35:35","updated":"2026-02-05 07:00:16"},"aioseo_breadcrumb":"<div class=\"aioseo-breadcrumbs\"><span class=\"aioseo-breadcrumb\">\n\t<a href=\"https:\/\/soymigrante.com\/revista\" title=\"Home\">Home<\/a>\n<\/span><span class=\"aioseo-breadcrumb-separator\">\u00bb<\/span><span class=\"aioseo-breadcrumb\">\n\t<a href=\"https:\/\/soymigrante.com\/revista\/category\/noticias\/\" title=\"Noticias\">Noticias<\/a>\n<\/span><span class=\"aioseo-breadcrumb-separator\">\u00bb<\/span><span class=\"aioseo-breadcrumb\">\n\tConmociona la tr\u00e1gica muerte de la migrante guatemalteca Florinda R\u00edos, en Indiana\n<\/span><\/div>","aioseo_breadcrumb_json":[{"label":"Home","link":"https:\/\/soymigrante.com\/revista"},{"label":"Noticias","link":"https:\/\/soymigrante.com\/revista\/category\/noticias\/"},{"label":"Conmociona la tr\u00e1gica muerte de la migrante guatemalteca Florinda R\u00edos, en Indiana","link":"https:\/\/soymigrante.com\/revista\/conmociona-la-tragica-muerte-de-la-migrante-guatemalteca-florinda-rios-en-indiana\/"}],"_links":{"self":[{"href":"https:\/\/soymigrante.com\/revista\/wp-json\/wp\/v2\/posts\/48305","targetHints":{"allow":["GET"]}}],"collection":[{"href":"https:\/\/soymigrante.com\/revista\/wp-json\/wp\/v2\/posts"}],"about":[{"href":"https:\/\/soymigrante.com\/revista\/wp-json\/wp\/v2\/types\/post"}],"author":[{"embeddable":true,"href":"https:\/\/soymigrante.com\/revista\/wp-json\/wp\/v2\/users\/7"}],"replies":[{"embeddable":true,"href":"https:\/\/soymigrante.com\/revista\/wp-json\/wp\/v2\/comments?post=48305"}],"version-history":[{"count":9,"href":"https:\/\/soymigrante.com\/revista\/wp-json\/wp\/v2\/posts\/48305\/revisions"}],"predecessor-version":[{"id":48318,"href":"https:\/\/soymigrante.com\/revista\/wp-json\/wp\/v2\/posts\/48305\/revisions\/48318"}],"wp:featuredmedia":[{"embeddable":true,"href":"https:\/\/soymigrante.com\/revista\/wp-json\/wp\/v2\/media\/48306"}],"wp:attachment":[{"href":"https:\/\/soymigrante.com\/revista\/wp-json\/wp\/v2\/media?parent=48305"}],"wp:term":[{"taxonomy":"category","embeddable":true,"href":"https:\/\/soymigrante.com\/revista\/wp-json\/wp\/v2\/categories?post=48305"},{"taxonomy":"post_tag","embeddable":true,"href":"https:\/\/soymigrante.com\/revista\/wp-json\/wp\/v2\/tags?post=48305"}],"curies":[{"name":"wp","href":"https:\/\/api.w.org\/{rel}","templated":true}]}}