{"id":48283,"date":"2025-11-07T17:02:36","date_gmt":"2025-11-07T23:02:36","guid":{"rendered":"https:\/\/soymigrante.com\/revista\/?p=48283"},"modified":"2025-11-07T17:14:44","modified_gmt":"2025-11-07T23:14:44","slug":"guatemalteco-rony-mejia-regreso-estanzuela-tras-30-anos-chicago-construir-futuro","status":"publish","type":"post","link":"https:\/\/soymigrante.com\/revista\/guatemalteco-rony-mejia-regreso-estanzuela-tras-30-anos-chicago-construir-futuro\/","title":{"rendered":"Rony Mej\u00eda volvi\u00f3 a su natal Estanzuela, tras 30 a\u00f1os en Chicago, para seguir construyendo futuros"},"content":{"rendered":"\t\t<div data-elementor-type=\"wp-post\" data-elementor-id=\"48283\" class=\"elementor elementor-48283\" data-elementor-post-type=\"post\">\n\t\t\t\t<div data-particle_enable=\"false\" data-particle-mobile-disabled=\"false\" class=\"elementor-element elementor-element-e0218a5 e-flex e-con-boxed e-con e-parent\" data-id=\"e0218a5\" data-element_type=\"container\" data-e-type=\"container\">\n\t\t\t\t\t<div class=\"e-con-inner\">\n\t\t\t\t<div class=\"elementor-element elementor-element-98523fd elementor-widget elementor-widget-heading\" data-id=\"98523fd\" data-element_type=\"widget\" data-e-type=\"widget\" data-widget_type=\"heading.default\">\n\t\t\t\t\t<h2 class=\"elementor-heading-title elementor-size-default\">Rony Mej\u00eda regres\u00f3 a vivir a Estanzuela despu\u00e9s de tres d\u00e9cadas en USA, pero su pueblo nunca sali\u00f3 de su coraz\u00f3n. Como migrante apoy\u00f3 causas ben\u00e9ficas y ahora sigue floreciendo, construyendo y aportando en su tierra.<\/h2>\t\t\t\t<\/div>\n\t\t\t\t\t<\/div>\n\t\t\t\t<\/div>\n\t\t<div data-particle_enable=\"false\" data-particle-mobile-disabled=\"false\" class=\"elementor-element elementor-element-2b78395 e-flex e-con-boxed e-con e-parent\" data-id=\"2b78395\" data-element_type=\"container\" data-e-type=\"container\">\n\t\t\t\t\t<div class=\"e-con-inner\">\n\t\t\t\t<div class=\"elementor-element elementor-element-721ce28 elementor-widget elementor-widget-text-editor\" data-id=\"721ce28\" data-element_type=\"widget\" data-e-type=\"widget\" data-widget_type=\"text-editor.default\">\n\t\t\t\t\t\t\t\t\t<p>Durante 30 a\u00f1os, Rony Alirio Mej\u00eda so\u00f1\u00f3 con volver a casa. Su vida en Chicago fue larga, productiva y llena de aprendizajes, pero su coraz\u00f3n \u2014como el de tantos migrantes\u2014 nunca dej\u00f3 de latir por Estanzuela, <a href=\"https:\/\/soymigrante.com\/revista\/departamentos-de-guatemala-zacapa-calurosa-tierra-de-altas-montanas-y-fertiles-valles\/\">Zacapa<\/a>.\u00a0 -Se march\u00f3 por la precariedad econ\u00f3mica y la falta de oportunidades.<\/p><p>\u201cViv\u00ed 30 a\u00f1os en la ciudad de <a href=\"https:\/\/soymigrante.com\/revista\/madre-del-2025-chicago-jackie-de-leon-fiambre-guatemalteco-tradicion-migrante\/\">Chicago<\/a>, pero siempre supe que regresar\u00eda. Era un ciclo que ten\u00eda que cerrar\u201d, recuerda con serenidad. En 2025 cumple seis a\u00f1os de haber vuelto a su tierra natal, decidido no solo a vivir, sino tambi\u00e9n a construir futuro.<\/p>\t\t\t\t\t\t\t\t<\/div>\n\t\t\t\t\t<\/div>\n\t\t\t\t<\/div>\n\t\t<div data-particle_enable=\"false\" data-particle-mobile-disabled=\"false\" class=\"elementor-element elementor-element-b65f33f e-flex e-con-boxed e-con e-parent\" data-id=\"b65f33f\" data-element_type=\"container\" data-e-type=\"container\">\n\t\t\t\t\t<div class=\"e-con-inner\">\n\t\t\t\t<div class=\"elementor-element elementor-element-58e4e6c elementor-widget elementor-widget-image\" data-id=\"58e4e6c\" data-element_type=\"widget\" data-e-type=\"widget\" data-widget_type=\"image.default\">\n\t\t\t\t\t\t\t\t\t\t\t\t<figure class=\"wp-caption\">\n\t\t\t\t\t\t\t\t\t\t<img fetchpriority=\"high\" decoding=\"async\" width=\"1140\" height=\"811\" src=\"https:\/\/soymigrante.com\/revista\/wp-content\/uploads\/2025\/11\/rony-alirio-mejia-1140x811.jpg\" class=\"attachment-large size-large wp-image-48293\" alt=\"Rony Alirio Mej\u00eda es licenciado en Gesti\u00f3n P\u00fablica y Administraci\u00f3n de Proyectos P\u00fablicos, adem\u00e1s de desarrollador inmobiliario, benefactor del estudiantado y tambi\u00e9n escritor. Regres\u00f3 a su natal Estanzuela para apoyar el florecimiento de su comunidad.\" srcset=\"https:\/\/soymigrante.com\/revista\/wp-content\/uploads\/2025\/11\/rony-alirio-mejia-1140x811.jpg 1140w, https:\/\/soymigrante.com\/revista\/wp-content\/uploads\/2025\/11\/rony-alirio-mejia-300x213.jpg 300w, https:\/\/soymigrante.com\/revista\/wp-content\/uploads\/2025\/11\/rony-alirio-mejia-768x546.jpg 768w, https:\/\/soymigrante.com\/revista\/wp-content\/uploads\/2025\/11\/rony-alirio-mejia-1536x1092.jpg 1536w, https:\/\/soymigrante.com\/revista\/wp-content\/uploads\/2025\/11\/rony-alirio-mejia-120x86.jpg 120w, https:\/\/soymigrante.com\/revista\/wp-content\/uploads\/2025\/11\/rony-alirio-mejia-350x250.jpg 350w, https:\/\/soymigrante.com\/revista\/wp-content\/uploads\/2025\/11\/rony-alirio-mejia-750x533.jpg 750w, https:\/\/soymigrante.com\/revista\/wp-content\/uploads\/2025\/11\/rony-alirio-mejia.jpg 1600w\" sizes=\"(max-width: 1140px) 100vw, 1140px\" title=\"Rony Alirio Mej\u00eda es licenciado en Gesti\u00f3n P\u00fablica y Administraci\u00f3n de Proyectos P\u00fablicos, adem\u00e1s de desarrollador inmobiliario, benefactor del estudiantado y tambi\u00e9n escritor.  Regres\u00f3 a su natal Estanzuela para apoyar el florecimiento de su comunidad. \u2013 SoyMigrante.com REVISTA\" \/>\t\t\t\t\t\t\t\t\t\t\t<figcaption class=\"widget-image-caption wp-caption-text\">Rony Alirio Mej\u00eda es licenciado en Gesti\u00f3n P\u00fablica y Administraci\u00f3n de Proyectos P\u00fablicos, adem\u00e1s de desarrollador inmobiliario, benefactor del estudiantado y tambi\u00e9n escritor.  Regres\u00f3 a su natal Estanzuela para apoyar el florecimiento de su comunidad.<\/figcaption>\n\t\t\t\t\t\t\t\t\t\t<\/figure>\n\t\t\t\t\t\t\t\t\t<\/div>\n\t\t\t\t\t<\/div>\n\t\t\t\t<\/div>\n\t\t<div data-particle_enable=\"false\" data-particle-mobile-disabled=\"false\" class=\"elementor-element elementor-element-1614ef6 e-flex e-con-boxed e-con e-parent\" data-id=\"1614ef6\" data-element_type=\"container\" data-e-type=\"container\">\n\t\t\t\t\t<div class=\"e-con-inner\">\n\t\t\t\t<div class=\"elementor-element elementor-element-6f849d5 elementor-widget elementor-widget-heading\" data-id=\"6f849d5\" data-element_type=\"widget\" data-e-type=\"widget\" data-widget_type=\"heading.default\">\n\t\t\t\t\t<h3 class=\"elementor-heading-title elementor-size-default\">Superaci\u00f3n para la excelencia y el servicio<\/h3>\t\t\t\t<\/div>\n\t\t\t\t\t<\/div>\n\t\t\t\t<\/div>\n\t\t<div data-particle_enable=\"false\" data-particle-mobile-disabled=\"false\" class=\"elementor-element elementor-element-1cbb99f e-flex e-con-boxed e-con e-parent\" data-id=\"1cbb99f\" data-element_type=\"container\" data-e-type=\"container\">\n\t\t\t\t\t<div class=\"e-con-inner\">\n\t\t\t\t<div class=\"elementor-element elementor-element-ddc7b83 elementor-widget elementor-widget-text-editor\" data-id=\"ddc7b83\" data-element_type=\"widget\" data-e-type=\"widget\" data-widget_type=\"text-editor.default\">\n\t\t\t\t\t\t\t\t\t<p>En la Uni\u00f3n Americana, Rony fue un hombre de trabajo constante. Lleg\u00f3 en 1989, en tiempos dif\u00edciles, con una <a href=\"https:\/\/soymigrante.com\/revista\/momentos-dificiles-estando-lejos-como-afrontar-los-duelos-del-migrante\/\">mezcla de incertidumbre y esperanza<\/a>. \u201cFue muy duro. El idioma, la cultura, el ritmo de vida&#8230; todo era distinto. All\u00e1 hay m\u00e1s desarrollo, pero tambi\u00e9n m\u00e1s soledad. Aqu\u00ed hay menos recursos, pero m\u00e1s hermandad\u201d, dice.\u00a0<\/p><p>En Chicago trabaj\u00f3 dos d\u00e9cadas en una empresa de bombas hidr\u00e1ulicas \u2014\u201cfabric\u00e1bamos equipos capaces de mover el agua de un edificio de cien pisos\u201d\u2014 y tambi\u00e9n tuvo la oportunidad de servir en el Consulado de Guatemala, desde donde impuls\u00f3 proyectos comunitarios y culturales.<\/p><p>Su compromiso con la comunidad guatemalteca fue profundo y constante. Fund\u00f3 y particip\u00f3 en organizaciones como CERC (Comit\u00e9 Estanzueleco Residentes en Chicago), Luces (Latinos Unidos Chicago Estanzuela) y Di\u00e1spora Guatemala USA, adem\u00e1s de fundr la emblem\u00e1tica Marimba Ixchel, integrada por hijos de migrantes que llevaron los sones del pa\u00eds a escuelas, museos y conciertos.\u00a0<\/p><p><b>\u201cLa <a href=\"https:\/\/soymigrante.com\/revista\/marimba-guatemalteca-simbolo-patrio-datos-quiza-no-sabias-o-tal-vez-si\/\">marimba<\/a> fue nuestra bandera. Toc\u00e1bamos para decir que <a href=\"https:\/\/soymigrante.com\/revista\/22-departamentos-de-guatemala-un-corazon-multicultural-compartido\/\">Guatemala <\/a>segu\u00eda y sigue viva en nosotros los migrantes\u201d, recuerda.<\/b><\/p>\t\t\t\t\t\t\t\t<\/div>\n\t\t\t\t\t<\/div>\n\t\t\t\t<\/div>\n\t\t<div data-particle_enable=\"false\" data-particle-mobile-disabled=\"false\" class=\"elementor-element elementor-element-6302320 e-flex e-con-boxed e-con e-parent\" data-id=\"6302320\" data-element_type=\"container\" data-e-type=\"container\">\n\t\t\t\t\t<div class=\"e-con-inner\">\n\t\t\t\t<div class=\"elementor-element elementor-element-4847b8d elementor-widget elementor-widget-html\" data-id=\"4847b8d\" data-element_type=\"widget\" data-e-type=\"widget\" data-widget_type=\"html.default\">\n\t\t\t\t\t<iframe width=\"560\" height=\"415\" src=\"https:\/\/www.youtube.com\/embed\/NfPWlp0j1Dg?si=YyYCJTx5D5mK4Jgq\" title=\"YouTube video player\" frameborder=\"0\" allow=\"accelerometer; autoplay; clipboard-write; encrypted-media; gyroscope; picture-in-picture; web-share\" referrerpolicy=\"strict-origin-when-cross-origin\" allowfullscreen><\/iframe>\t\t\t\t<\/div>\n\t\t\t\t\t<\/div>\n\t\t\t\t<\/div>\n\t\t<div data-particle_enable=\"false\" data-particle-mobile-disabled=\"false\" class=\"elementor-element elementor-element-6d47819 e-flex e-con-boxed e-con e-parent\" data-id=\"6d47819\" data-element_type=\"container\" data-e-type=\"container\">\n\t\t\t\t\t<div class=\"e-con-inner\">\n\t\t\t\t<div class=\"elementor-element elementor-element-819783f elementor-widget elementor-widget-heading\" data-id=\"819783f\" data-element_type=\"widget\" data-e-type=\"widget\" data-widget_type=\"heading.default\">\n\t\t\t\t\t<h3 class=\"elementor-heading-title elementor-size-default\">Altruismo sin inter\u00e9s<\/h3>\t\t\t\t<\/div>\n\t\t\t\t\t<\/div>\n\t\t\t\t<\/div>\n\t\t<div data-particle_enable=\"false\" data-particle-mobile-disabled=\"false\" class=\"elementor-element elementor-element-1f5cd8b e-flex e-con-boxed e-con e-parent\" data-id=\"1f5cd8b\" data-element_type=\"container\" data-e-type=\"container\">\n\t\t\t\t\t<div class=\"e-con-inner\">\n\t\t\t\t<div class=\"elementor-element elementor-element-3213098 elementor-widget elementor-widget-text-editor\" data-id=\"3213098\" data-element_type=\"widget\" data-e-type=\"widget\" data-widget_type=\"text-editor.default\">\n\t\t\t\t\t\t\t\t\t<p>Pero su esp\u00edritu de servicio no se qued\u00f3 en la nostalgia. Desde el norte, Rony gestionaba <a href=\"https:\/\/soymigrante.com\/revista\/guatemaltecos-en-new-jersey-ofrecen-becas-para-hijos-de-migrantes-en-el-area\/\">becas<\/a>, sillas de ruedas, ropa y equipos auditivos para escuelas y familias necesitadas.\u00a0<\/p><p>\u201cEntre varios paisanos ayudamos cuanto pudimos a Estanzuela. A veces con lo poco que se lograba reunir, pero con cari\u00f1o. Mand\u00e1bamos fondos para becas a favor de estudiantes talentosos, computadoras, ayudas para bomberos, hasta andadores y muletas para convalescientes o personas con discapacidad, tambi\u00e9n en tiempos de desastres envi\u00e1bamos donativos\u201d, cuenta.\u00a0<\/p><p>No lo hac\u00edan para lucir ni para presumir, aclara, sino con el \u00fanico fin de servir. Para \u00e9l, el trabajo comunitario era parte de su identidad: \u201cSoy t\u00e9cnico en desarrollo de comunidades. Llevo en la sangre el deseo de servir.\u201d<\/p>\t\t\t\t\t\t\t\t<\/div>\n\t\t\t\t\t<\/div>\n\t\t\t\t<\/div>\n\t\t<div data-particle_enable=\"false\" data-particle-mobile-disabled=\"false\" class=\"elementor-element elementor-element-ed3aa01 e-flex e-con-boxed e-con e-parent\" data-id=\"ed3aa01\" data-element_type=\"container\" data-e-type=\"container\">\n\t\t\t\t\t<div class=\"e-con-inner\">\n\t\t\t\t<div class=\"elementor-element elementor-element-29cacc3 elementor-widget elementor-widget-image\" data-id=\"29cacc3\" data-element_type=\"widget\" data-e-type=\"widget\" data-widget_type=\"image.default\">\n\t\t\t\t\t\t\t\t\t\t\t\t<figure class=\"wp-caption\">\n\t\t\t\t\t\t\t\t\t\t<img decoding=\"async\" width=\"1140\" height=\"641\" src=\"https:\/\/soymigrante.com\/revista\/wp-content\/uploads\/2025\/11\/torre-mejia-1140x641.jpg\" class=\"attachment-large size-large wp-image-48294\" alt=\"Rony Alirio Mej\u00eda impulsa el desarrollo inmobiliario en su natal Estanzuela y tambi\u00e9n genera oportunidades laborales a trav\u00e9s de sus residenciales Torre Mej\u00eda, de las cuales est\u00e1 en desarrollo la n\u00famero 2.\" srcset=\"https:\/\/soymigrante.com\/revista\/wp-content\/uploads\/2025\/11\/torre-mejia-1140x641.jpg 1140w, https:\/\/soymigrante.com\/revista\/wp-content\/uploads\/2025\/11\/torre-mejia-300x169.jpg 300w, https:\/\/soymigrante.com\/revista\/wp-content\/uploads\/2025\/11\/torre-mejia-768x432.jpg 768w, https:\/\/soymigrante.com\/revista\/wp-content\/uploads\/2025\/11\/torre-mejia-1536x864.jpg 1536w, https:\/\/soymigrante.com\/revista\/wp-content\/uploads\/2025\/11\/torre-mejia-750x422.jpg 750w, https:\/\/soymigrante.com\/revista\/wp-content\/uploads\/2025\/11\/torre-mejia.jpg 2048w\" sizes=\"(max-width: 1140px) 100vw, 1140px\" title=\"Rony Alirio Mej\u00eda impulsa el desarrollo inmobiliario en su natal Estanzuela y tambi\u00e9n genera oportunidades laborales a trav\u00e9s de sus residenciales Torre Mej\u00eda, de las cuales est\u00e1 en desarrollo la n\u00famero 2. \u2013 SoyMigrante.com REVISTA\" \/>\t\t\t\t\t\t\t\t\t\t\t<figcaption class=\"widget-image-caption wp-caption-text\">Rony Alirio Mej\u00eda impulsa el desarrollo inmobiliario en su natal Estanzuela y tambi\u00e9n genera oportunidades laborales a trav\u00e9s de sus residenciales Torre Mej\u00eda, de las cuales est\u00e1 en desarrollo la n\u00famero 2.<\/figcaption>\n\t\t\t\t\t\t\t\t\t\t<\/figure>\n\t\t\t\t\t\t\t\t\t<\/div>\n\t\t\t\t\t<\/div>\n\t\t\t\t<\/div>\n\t\t<div data-particle_enable=\"false\" data-particle-mobile-disabled=\"false\" class=\"elementor-element elementor-element-22a7b2b e-flex e-con-boxed e-con e-parent\" data-id=\"22a7b2b\" data-element_type=\"container\" data-e-type=\"container\">\n\t\t\t\t\t<div class=\"e-con-inner\">\n\t\t\t\t<div class=\"elementor-element elementor-element-2113ffc elementor-widget elementor-widget-heading\" data-id=\"2113ffc\" data-element_type=\"widget\" data-e-type=\"widget\" data-widget_type=\"heading.default\">\n\t\t\t\t\t<h3 class=\"elementor-heading-title elementor-size-default\">Regresar para florecer y generar oportunidades<\/h3>\t\t\t\t<\/div>\n\t\t\t\t\t<\/div>\n\t\t\t\t<\/div>\n\t\t<div data-particle_enable=\"false\" data-particle-mobile-disabled=\"false\" class=\"elementor-element elementor-element-19f6a8b e-flex e-con-boxed e-con e-parent\" data-id=\"19f6a8b\" data-element_type=\"container\" data-e-type=\"container\">\n\t\t\t\t\t<div class=\"e-con-inner\">\n\t\t\t\t<div class=\"elementor-element elementor-element-d9b778c elementor-widget elementor-widget-text-editor\" data-id=\"d9b778c\" data-element_type=\"widget\" data-e-type=\"widget\" data-widget_type=\"text-editor.default\">\n\t\t\t\t\t\t\t\t\t<p>Esa misma vocaci\u00f3n fue la que, con el paso de los a\u00f1os, lo hizo mirar cada vez con m\u00e1s fuerza hacia su amada Estanzuela. \u201cSent\u00ed que era necesario venir a darle algo a la comunidad. Ten\u00edamos las tierras, el recurso, la experiencia y los conocimientos y quise ayudar a aliviar la preocupaci\u00f3n de vivienda que tiene tanta gente.\u201d\u00a0<\/p><p>As\u00ed naci\u00f3 su proyecto de desarrollo urban\u00edstico en Estanzuela, una apuesta por generar empleo de calidad y ofrecer lotificaciones residenciales con todos los servicios y cumpliendo especificaciones de calidad: agua, luz, drenaje, calles adoquinadas y \u00e1reas verdes. \u201cVine con la mentalidad de hacer las cosas bien, con licencias, con orden, como se hace all\u00e1 en Estados Unidos\u201d.<\/p><p>Su primer desarrollo, Torre Mej\u00eda 1, super\u00f3 todas las expectativas. \u201cFue un tremendo \u00e9xito. Ver a las familias llegar, construir, <a href=\"https:\/\/soymigrante.com\/revista\/migrantes-guatemaltecos-expresan-objetivos-y-suenos-para-este-2025\/\">so\u00f1ar<\/a>, es mi mayor recompensa.\u201d Hoy vive en una de esas urbanizaciones, rodeado del paisaje que lo vio nacer y del impulso que \u00e9l mismo ayud\u00f3 a reavivar en su pueblo. \u201cEstanzuela es\u00a0 un municipio pujante, lleno de trabajo y de gente buena. Aqu\u00ed me siento realizado.\u201d<\/p>\t\t\t\t\t\t\t\t<\/div>\n\t\t\t\t\t<\/div>\n\t\t\t\t<\/div>\n\t\t<div data-particle_enable=\"false\" data-particle-mobile-disabled=\"false\" class=\"elementor-element elementor-element-c4c7d63 e-flex e-con-boxed e-con e-parent\" data-id=\"c4c7d63\" data-element_type=\"container\" data-e-type=\"container\">\n\t\t\t\t\t<div class=\"e-con-inner\">\n\t\t\t\t<div class=\"elementor-element elementor-element-4bc634b elementor-widget elementor-widget-image\" data-id=\"4bc634b\" data-element_type=\"widget\" data-e-type=\"widget\" data-widget_type=\"image.default\">\n\t\t\t\t\t\t\t\t\t\t\t\t<figure class=\"wp-caption\">\n\t\t\t\t\t\t\t\t\t\t<img decoding=\"async\" width=\"724\" height=\"1024\" src=\"https:\/\/soymigrante.com\/revista\/wp-content\/uploads\/2025\/11\/526981367_730297383227720_727011141181633427_n-724x1024.jpg\" class=\"attachment-large size-large wp-image-48295\" alt=\"La licenciatura en Gesti\u00f3n P\u00fablica y Administraci\u00f3n de Proyectos P\u00fablicos forman parte de la pasi\u00f3n de Rony Mej\u00eda por prepararse para servir mejor a su comunidad e inspirar a los ni\u00f1os y j\u00f3venes mediante el ejemplo de superaci\u00f3n.\" srcset=\"https:\/\/soymigrante.com\/revista\/wp-content\/uploads\/2025\/11\/526981367_730297383227720_727011141181633427_n-724x1024.jpg 724w, https:\/\/soymigrante.com\/revista\/wp-content\/uploads\/2025\/11\/526981367_730297383227720_727011141181633427_n-212x300.jpg 212w, https:\/\/soymigrante.com\/revista\/wp-content\/uploads\/2025\/11\/526981367_730297383227720_727011141181633427_n-768x1086.jpg 768w, https:\/\/soymigrante.com\/revista\/wp-content\/uploads\/2025\/11\/526981367_730297383227720_727011141181633427_n-1086x1536.jpg 1086w, https:\/\/soymigrante.com\/revista\/wp-content\/uploads\/2025\/11\/526981367_730297383227720_727011141181633427_n-750x1061.jpg 750w, https:\/\/soymigrante.com\/revista\/wp-content\/uploads\/2025\/11\/526981367_730297383227720_727011141181633427_n-1140x1612.jpg 1140w, https:\/\/soymigrante.com\/revista\/wp-content\/uploads\/2025\/11\/526981367_730297383227720_727011141181633427_n.jpg 1448w\" sizes=\"(max-width: 724px) 100vw, 724px\" title=\"La licenciatura en Gesti\u00f3n P\u00fablica y Administraci\u00f3n de Proyectos P\u00fablicos forman parte de la pasi\u00f3n de Rony Mej\u00eda por prepararse para servir mejor a su comunidad e inspirar a los ni\u00f1os y j\u00f3venes mediante el ejemplo de superaci\u00f3n. \u2013 SoyMigrante.com REVISTA\" \/>\t\t\t\t\t\t\t\t\t\t\t<figcaption class=\"widget-image-caption wp-caption-text\">La licenciatura en Gesti\u00f3n P\u00fablica y Administraci\u00f3n de Proyectos P\u00fablicos forman parte de la pasi\u00f3n de Rony Mej\u00eda por prepararse para servir mejor a su comunidad e inspirar a los ni\u00f1os y j\u00f3venes mediante el ejemplo de superaci\u00f3n.<\/figcaption>\n\t\t\t\t\t\t\t\t\t\t<\/figure>\n\t\t\t\t\t\t\t\t\t<\/div>\n\t\t\t\t\t<\/div>\n\t\t\t\t<\/div>\n\t\t<div data-particle_enable=\"false\" data-particle-mobile-disabled=\"false\" class=\"elementor-element elementor-element-0ba2563 e-flex e-con-boxed e-con e-parent\" data-id=\"0ba2563\" data-element_type=\"container\" data-e-type=\"container\">\n\t\t\t\t\t<div class=\"e-con-inner\">\n\t\t\t\t<div class=\"elementor-element elementor-element-2873fbf elementor-widget elementor-widget-heading\" data-id=\"2873fbf\" data-element_type=\"widget\" data-e-type=\"widget\" data-widget_type=\"heading.default\">\n\t\t\t\t\t<h3 class=\"elementor-heading-title elementor-size-default\">Sigue escribiendo una historia de generosidad<\/h3>\t\t\t\t<\/div>\n\t\t\t\t\t<\/div>\n\t\t\t\t<\/div>\n\t\t<div data-particle_enable=\"false\" data-particle-mobile-disabled=\"false\" class=\"elementor-element elementor-element-a066d80 e-flex e-con-boxed e-con e-parent\" data-id=\"a066d80\" data-element_type=\"container\" data-e-type=\"container\">\n\t\t\t\t\t<div class=\"e-con-inner\">\n\t\t\t\t<div class=\"elementor-element elementor-element-e282476 elementor-widget elementor-widget-text-editor\" data-id=\"e282476\" data-element_type=\"widget\" data-e-type=\"widget\" data-widget_type=\"text-editor.default\">\n\t\t\t\t\t\t\t\t\t<p>Rony tambi\u00e9n ha mantenido viva su faceta de escritor. Ha publicado cuentos y ganado premios literarios locales. \u201cTengo un libro que se llama Momentos y palabras, y otro en camino: Domus 7 y otros cuentos. Escribir es otra forma de construir, pero desde el alma.\u201d<\/p><p>Esa convicci\u00f3n por las letras florece a trav\u00e9s de su cont\u00ednuo apoyo. \u201cAhorita tengo seis ni\u00f1os becados. Se van a graduar dos este a\u00f1o. Les damos una ayuda mensual y tambi\u00e9n materiales did\u00e1cticos. Son 150 quetzales al mes, que tal vez no es mucho, pero para ellos significa la posibilidad de seguir aprendiendo.\u201d\u00a0<\/p><p>A esa iniciativa la llam\u00f3 Estanzuelarse, un juego de palabras que tambi\u00e9n refleja su filosof\u00eda: un programa de responsabilidad social comunitaria inspirado en su tierra. Su satisfacci\u00f3n m\u00e1s grande ha sido ver frutos: j\u00f3venes que estudiaron gracias a las becas ahora trabajan, incluso uno de ellos como ejecutivo bancario en la capital.\u00a0<\/p><p>\u201cEso es lo m\u00e1s lindo: ver que los muchachos progresan, que las ni\u00f1as ya no tienen que dejar la escuela para ir al campo. Que la vida les da una segunda oportunidad.\u201d<\/p>\t\t\t\t\t\t\t\t<\/div>\n\t\t\t\t\t<\/div>\n\t\t\t\t<\/div>\n\t\t<div data-particle_enable=\"false\" data-particle-mobile-disabled=\"false\" class=\"elementor-element elementor-element-65c315e e-flex e-con-boxed e-con e-parent\" data-id=\"65c315e\" data-element_type=\"container\" data-e-type=\"container\">\n\t\t\t\t\t<div class=\"e-con-inner\">\n\t\t\t\t<div class=\"elementor-element elementor-element-a0b5fb2 elementor-widget elementor-widget-image\" data-id=\"a0b5fb2\" data-element_type=\"widget\" data-e-type=\"widget\" data-widget_type=\"image.default\">\n\t\t\t\t\t\t\t\t\t\t\t\t<figure class=\"wp-caption\">\n\t\t\t\t\t\t\t\t\t\t<img loading=\"lazy\" decoding=\"async\" width=\"1140\" height=\"811\" src=\"https:\/\/soymigrante.com\/revista\/wp-content\/uploads\/2025\/11\/rony-alirio-mejia-1-1140x811.jpg\" class=\"attachment-large size-large wp-image-48296\" alt=\"La literatura tambi\u00e9n forma parte de la personalidad de Rony Mej\u00eda, cuyos relatos han sido incluidos en antolog\u00edas.\" srcset=\"https:\/\/soymigrante.com\/revista\/wp-content\/uploads\/2025\/11\/rony-alirio-mejia-1-1140x811.jpg 1140w, https:\/\/soymigrante.com\/revista\/wp-content\/uploads\/2025\/11\/rony-alirio-mejia-1-300x213.jpg 300w, https:\/\/soymigrante.com\/revista\/wp-content\/uploads\/2025\/11\/rony-alirio-mejia-1-768x546.jpg 768w, https:\/\/soymigrante.com\/revista\/wp-content\/uploads\/2025\/11\/rony-alirio-mejia-1-1536x1092.jpg 1536w, https:\/\/soymigrante.com\/revista\/wp-content\/uploads\/2025\/11\/rony-alirio-mejia-1-120x86.jpg 120w, https:\/\/soymigrante.com\/revista\/wp-content\/uploads\/2025\/11\/rony-alirio-mejia-1-350x250.jpg 350w, https:\/\/soymigrante.com\/revista\/wp-content\/uploads\/2025\/11\/rony-alirio-mejia-1-750x533.jpg 750w, https:\/\/soymigrante.com\/revista\/wp-content\/uploads\/2025\/11\/rony-alirio-mejia-1.jpg 1600w\" sizes=\"(max-width: 1140px) 100vw, 1140px\" title=\"La literatura tambi\u00e9n forma parte de la personalidad de Rony Mej\u00eda, cuyos relatos han sido incluidos en antolog\u00edas. \u2013 SoyMigrante.com REVISTA\" \/>\t\t\t\t\t\t\t\t\t\t\t<figcaption class=\"widget-image-caption wp-caption-text\">La literatura tambi\u00e9n forma parte de la personalidad de Rony Mej\u00eda, cuyos relatos han sido incluidos en antolog\u00edas. <\/figcaption>\n\t\t\t\t\t\t\t\t\t\t<\/figure>\n\t\t\t\t\t\t\t\t\t<\/div>\n\t\t\t\t\t<\/div>\n\t\t\t\t<\/div>\n\t\t<div data-particle_enable=\"false\" data-particle-mobile-disabled=\"false\" class=\"elementor-element elementor-element-1fa04c5 e-flex e-con-boxed e-con e-parent\" data-id=\"1fa04c5\" data-element_type=\"container\" data-e-type=\"container\">\n\t\t\t\t\t<div class=\"e-con-inner\">\n\t\t\t\t<div class=\"elementor-element elementor-element-e728637 elementor-widget elementor-widget-heading\" data-id=\"e728637\" data-element_type=\"widget\" data-e-type=\"widget\" data-widget_type=\"heading.default\">\n\t\t\t\t\t<h3 class=\"elementor-heading-title elementor-size-default\">Tambi\u00e9n sigue aprendiendo, todos los d\u00edas<\/h3>\t\t\t\t<\/div>\n\t\t\t\t\t<\/div>\n\t\t\t\t<\/div>\n\t\t<div data-particle_enable=\"false\" data-particle-mobile-disabled=\"false\" class=\"elementor-element elementor-element-d513db0 e-flex e-con-boxed e-con e-parent\" data-id=\"d513db0\" data-element_type=\"container\" data-e-type=\"container\">\n\t\t\t\t\t<div class=\"e-con-inner\">\n\t\t\t\t<div class=\"elementor-element elementor-element-78298ed elementor-widget elementor-widget-text-editor\" data-id=\"78298ed\" data-element_type=\"widget\" data-e-type=\"widget\" data-widget_type=\"text-editor.default\">\n\t\t\t\t\t\t\t\t\t<p>Pero no solo ayuda a que los ni\u00f1os y j\u00f3venes estudien, \u00e9l mismo se puso a estudiar en la universidad. Estando a\u00fan en Estados Unidos comenz\u00f3 la carrera de Licenciatura en Gesti\u00f3n y Administraci\u00f3n P\u00fablica, con un programa en linea de la Universidad Mariano G\u00e1lvez. Se gradu\u00f3 y con ello su compromiso de servicio sigue en expansi\u00f3n.<\/p><p>Rony Mej\u00eda es un ejemplo de c\u00f3mo los sue\u00f1os migran, pero tambi\u00e9n regresan. De c\u00f3mo el conocimiento adquirido en el extranjero puede transformarse en desarrollo local. \u201cMis sue\u00f1os los cumplo a diario, dice con una sonrisa. \u201cNo vine a descansar. Vine a construir. Vine a devolver. Y eso, para m\u00ed, es el verdadero \u00e9xito.\u201d<\/p>\t\t\t\t\t\t\t\t<\/div>\n\t\t\t\t\t<\/div>\n\t\t\t\t<\/div>\n\t\t<div data-particle_enable=\"false\" data-particle-mobile-disabled=\"false\" class=\"elementor-element elementor-element-58eb1ed e-flex e-con-boxed e-con e-parent\" data-id=\"58eb1ed\" data-element_type=\"container\" data-e-type=\"container\">\n\t\t\t\t\t<div class=\"e-con-inner\">\n\t\t\t\t<div class=\"elementor-element elementor-element-0a22a17 elementor-widget elementor-widget-html\" data-id=\"0a22a17\" data-element_type=\"widget\" data-e-type=\"widget\" data-widget_type=\"html.default\">\n\t\t\t\t\t<iframe width=\"560\" height=\"415\" src=\"https:\/\/www.youtube.com\/embed\/3QDYyGiDIxc?si=tOLuKInn7BuVlrpz\" title=\"YouTube video player\" frameborder=\"0\" allow=\"accelerometer; autoplay; clipboard-write; encrypted-media; gyroscope; picture-in-picture; web-share\" referrerpolicy=\"strict-origin-when-cross-origin\" allowfullscreen><\/iframe>\t\t\t\t<\/div>\n\t\t\t\t\t<\/div>\n\t\t\t\t<\/div>\n\t\t<div data-particle_enable=\"false\" data-particle-mobile-disabled=\"false\" class=\"elementor-element elementor-element-5c7176d e-flex e-con-boxed e-con e-parent\" data-id=\"5c7176d\" data-element_type=\"container\" data-e-type=\"container\">\n\t\t\t\t\t<div class=\"e-con-inner\">\n\t\t\t\t<div class=\"elementor-element elementor-element-6d89809 elementor-widget elementor-widget-heading\" data-id=\"6d89809\" data-element_type=\"widget\" data-e-type=\"widget\" data-widget_type=\"heading.default\">\n\t\t\t\t\t<h2 class=\"elementor-heading-title elementor-size-default\">Guatemaltecos nunca se olvida de sus ideales<\/h2>\t\t\t\t<\/div>\n\t\t\t\t\t<\/div>\n\t\t\t\t<\/div>\n\t\t<div data-particle_enable=\"false\" data-particle-mobile-disabled=\"false\" class=\"elementor-element elementor-element-ca7f728 e-flex e-con-boxed e-con e-parent\" data-id=\"ca7f728\" data-element_type=\"container\" data-e-type=\"container\">\n\t\t\t\t\t<div class=\"e-con-inner\">\n\t\t\t\t<div class=\"elementor-element elementor-element-0070c9f elementor-grid-eael-col-3 elementor-grid-tablet-eael-col-2 elementor-grid-mobile-eael-col-1 elementor-widget elementor-widget-eael-post-grid\" data-id=\"0070c9f\" data-element_type=\"widget\" data-e-type=\"widget\" data-settings=\"{&quot;eael_post_grid_columns&quot;:&quot;eael-col-3&quot;,&quot;eael_post_grid_columns_tablet&quot;:&quot;eael-col-2&quot;,&quot;eael_post_grid_columns_mobile&quot;:&quot;eael-col-1&quot;}\" data-widget_type=\"eael-post-grid.default\">\n\t\t\t\t\t<div id=\"eael-post-grid-0070c9f\" class=\"eael-post-grid-container\">\n            <div class=\"eael-post-grid eael-post-appender eael-post-appender-0070c9f eael-post-grid-style-one\" data-layout-mode=\"masonry\"><article class=\"eael-grid-post  eael-post-grid-column eael-pg-post-10331 category-guate-nuestra\" data-id=\"10331\">\n        <div class=\"eael-grid-post-holder\">\n            <div class=\"eael-grid-post-holder-inner\"><div class=\"eael-entry-media\"><div class=\"eael-entry-overlay fade-in\"><i class=\"far fa-hand-pointer\" aria-hidden=\"true\"><\/i><a href=\"https:\/\/soymigrante.com\/revista\/hearts-of-eternal-spring-puente-de-ayuda-migrante-desde-oklahoma-a-guatemala\/\"><\/a><\/div><div class=\"eael-entry-thumbnail eael-image-ratio\">\n                <img loading=\"lazy\" decoding=\"async\" width=\"568\" height=\"568\" src=\"https:\/\/soymigrante.com\/revista\/wp-content\/uploads\/2024\/10\/escuela-quetzaltenango-1.webp\" class=\"attachment-large size-large wp-image-10431\" alt=\"Kits escolares para ni\u00f1os migrantes, iniciativa solidaria y educativa en M\u00e9xico, promoviendo integraci\u00f3n y apoyo a comunidades vulnerables, promoviendo derechos y bienestar infantil.\" srcset=\"https:\/\/soymigrante.com\/revista\/wp-content\/uploads\/2024\/10\/escuela-quetzaltenango-1.webp 568w, https:\/\/soymigrante.com\/revista\/wp-content\/uploads\/2024\/10\/escuela-quetzaltenango-1-300x300.webp 300w, https:\/\/soymigrante.com\/revista\/wp-content\/uploads\/2024\/10\/escuela-quetzaltenango-1-150x150.webp 150w, https:\/\/soymigrante.com\/revista\/wp-content\/uploads\/2024\/10\/escuela-quetzaltenango-1-75x75.webp 75w\" sizes=\"(max-width: 568px) 100vw, 568px\" \/>\n            <\/div>\n        <\/div><div class=\"eael-entry-wrapper\"><header class=\"eael-entry-header\"><h2 class=\"eael-entry-title\"><a class=\"eael-grid-post-link\" href=\"https:\/\/soymigrante.com\/revista\/hearts-of-eternal-spring-puente-de-ayuda-migrante-desde-oklahoma-a-guatemala\/\" title=\"Hearts of Eternal Spring: puente de ayuda migrante desde Oklahoma a Guatemala\">Hearts of Eternal Spring: puente de ayuda migrante desde Oklahoma a Guatemala<\/a><\/h2><\/header><div class=\"eael-entry-content\">\n                        <div class=\"eael-grid-post-excerpt\"><a href=\"https:\/\/soymigrante.com\/revista\/hearts-of-eternal-spring-puente-de-ayuda-migrante-desde-oklahoma-a-guatemala\/\" class=\"eael-post-elements-readmore-btn\">CONOCE SU HISTORIA <\/a><\/div>\n                    <\/div><\/div><\/div>\n        <\/div>\n    <\/article><article class=\"eael-grid-post  eael-post-grid-column eael-pg-post-16900 category-exitos\" data-id=\"16900\">\n        <div class=\"eael-grid-post-holder\">\n            <div class=\"eael-grid-post-holder-inner\"><div class=\"eael-entry-media\"><div class=\"eael-entry-overlay fade-in\"><i class=\"far fa-hand-pointer\" aria-hidden=\"true\"><\/i><a href=\"https:\/\/soymigrante.com\/revista\/karolin-espana-dirige-kika-proyecto-de-ayuda-alimentaria-impulsado-por-sus-hijas\/\"><\/a><\/div><div class=\"eael-entry-thumbnail eael-image-ratio\">\n                <img loading=\"lazy\" decoding=\"async\" width=\"861\" height=\"861\" src=\"https:\/\/soymigrante.com\/revista\/wp-content\/uploads\/2024\/12\/historia-karolin-espana-KIKA.webp\" class=\"attachment-large size-large wp-image-16901\" alt=\"Ni\u00f1a en desfile cultural participando en evento de apoyo a la infancia y la nutrici\u00f3n en M\u00e9xico, con grupo de personas en vestimenta tradicional y cartel de organizaci\u00f3n KIKA, promoviendo derechos infantiles.\" srcset=\"https:\/\/soymigrante.com\/revista\/wp-content\/uploads\/2024\/12\/historia-karolin-espana-KIKA.webp 861w, https:\/\/soymigrante.com\/revista\/wp-content\/uploads\/2024\/12\/historia-karolin-espana-KIKA-300x300.jpg 300w, https:\/\/soymigrante.com\/revista\/wp-content\/uploads\/2024\/12\/historia-karolin-espana-KIKA-150x150.jpg 150w, https:\/\/soymigrante.com\/revista\/wp-content\/uploads\/2024\/12\/historia-karolin-espana-KIKA-768x768.jpg 768w, https:\/\/soymigrante.com\/revista\/wp-content\/uploads\/2024\/12\/historia-karolin-espana-KIKA-75x75.webp 75w, https:\/\/soymigrante.com\/revista\/wp-content\/uploads\/2024\/12\/historia-karolin-espana-KIKA-750x750.webp 750w\" sizes=\"(max-width: 861px) 100vw, 861px\" \/>\n            <\/div>\n        <\/div><div class=\"eael-entry-wrapper\"><header class=\"eael-entry-header\"><h2 class=\"eael-entry-title\"><a class=\"eael-grid-post-link\" href=\"https:\/\/soymigrante.com\/revista\/karolin-espana-dirige-kika-proyecto-de-ayuda-alimentaria-impulsado-por-sus-hijas\/\" title=\"Karolin Rasc\u00f3n dirige KIKA, iniciativa de ayuda alimentaria desde L.A. a Guatemala, inspirada por sus hijas Kiara y Kaili\">Karolin Rasc\u00f3n dirige KIKA, iniciativa de ayuda alimentaria desde L.A. a Guatemala, inspirada por sus hijas Kiara y Kaili<\/a><\/h2><\/header><div class=\"eael-entry-content\">\n                        <div class=\"eael-grid-post-excerpt\"><a href=\"https:\/\/soymigrante.com\/revista\/karolin-espana-dirige-kika-proyecto-de-ayuda-alimentaria-impulsado-por-sus-hijas\/\" class=\"eael-post-elements-readmore-btn\">CONOCE SU HISTORIA <\/a><\/div>\n                    <\/div><\/div><\/div>\n        <\/div>\n    <\/article><article class=\"eael-grid-post  eael-post-grid-column eael-pg-post-47709 category-exitos-guatemala\" data-id=\"47709\">\n        <div class=\"eael-grid-post-holder\">\n            <div class=\"eael-grid-post-holder-inner\"><div class=\"eael-entry-media\"><div class=\"eael-entry-overlay fade-in\"><i class=\"far fa-hand-pointer\" aria-hidden=\"true\"><\/i><a href=\"https:\/\/soymigrante.com\/revista\/dra-alejandra-paniagua-construye-en-new-york-un-puente-entre-la-medicina-y-el-alma\/\"><\/a><\/div><div class=\"eael-entry-thumbnail eael-image-ratio\">\n                <img loading=\"lazy\" decoding=\"async\" width=\"738\" height=\"738\" src=\"https:\/\/soymigrante.com\/revista\/wp-content\/uploads\/2025\/10\/DOCTORA-ALEjandra-paniagua-psiquiatra-ny-atitlan.png\" class=\"attachment-large size-large wp-image-47710\" alt=\"DOCTORA ALEjandra paniagua psiquiatra ny atitlan\" srcset=\"https:\/\/soymigrante.com\/revista\/wp-content\/uploads\/2025\/10\/DOCTORA-ALEjandra-paniagua-psiquiatra-ny-atitlan.png 738w, https:\/\/soymigrante.com\/revista\/wp-content\/uploads\/2025\/10\/DOCTORA-ALEjandra-paniagua-psiquiatra-ny-atitlan-300x300.png 300w, https:\/\/soymigrante.com\/revista\/wp-content\/uploads\/2025\/10\/DOCTORA-ALEjandra-paniagua-psiquiatra-ny-atitlan-150x150.png 150w, https:\/\/soymigrante.com\/revista\/wp-content\/uploads\/2025\/10\/DOCTORA-ALEjandra-paniagua-psiquiatra-ny-atitlan-75x75.png 75w\" sizes=\"(max-width: 738px) 100vw, 738px\" \/>\n            <\/div>\n        <\/div><div class=\"eael-entry-wrapper\"><header class=\"eael-entry-header\"><h2 class=\"eael-entry-title\"><a class=\"eael-grid-post-link\" href=\"https:\/\/soymigrante.com\/revista\/dra-alejandra-paniagua-construye-en-new-york-un-puente-entre-la-medicina-y-el-alma\/\" title=\"Dra. Alejandra Paniagua construye en New York un puente entre la medicina y el alma\">Dra. Alejandra Paniagua construye en New York un puente entre la medicina y el alma<\/a><\/h2><\/header><div class=\"eael-entry-content\">\n                        <div class=\"eael-grid-post-excerpt\"><a href=\"https:\/\/soymigrante.com\/revista\/dra-alejandra-paniagua-construye-en-new-york-un-puente-entre-la-medicina-y-el-alma\/\" class=\"eael-post-elements-readmore-btn\">CONOCE SU HISTORIA <\/a><\/div>\n                    <\/div><\/div><\/div>\n        <\/div>\n    <\/article><\/div>\n            <div class=\"clearfix\"><\/div>\n        <\/div>\t\t\t\t<\/div>\n\t\t\t\t\t<\/div>\n\t\t\t\t<\/div>\n\t\t\t\t<\/div>\n\t\t","protected":false},"excerpt":{"rendered":"<p>Rony Mej\u00eda regres\u00f3 a vivir a Estanzuela despu\u00e9s de tres d\u00e9cadas en USA, pero su pueblo nunca sali\u00f3 de su coraz\u00f3n. Como migrante apoy\u00f3 causas ben\u00e9ficas y ahora sigue floreciendo, construyendo y aportando en su tierra. Durante 30 a\u00f1os, Rony Alirio Mej\u00eda so\u00f1\u00f3 con volver a casa. Su vida en Chicago fue larga, productiva y [&hellip;]<\/p>\n","protected":false},"author":7,"featured_media":48284,"comment_status":"open","ping_status":"open","sticky":false,"template":"","format":"standard","meta":{"_acf_changed":false,"_eb_attr":"","footnotes":""},"categories":[50,274],"tags":[],"class_list":["post-48283","post","type-post","status-publish","format-standard","has-post-thumbnail","hentry","category-exitos","category-guatemala"],"acf":[],"aioseo_notices":[],"aioseo_head":"\n\t\t<!-- All in One SEO Pro 4.9.6.2 - aioseo.com -->\n\t<meta name=\"description\" content=\"M\u00e9dica guatemalteca efect\u00faa estudios de posdoctorado en la Universidad de Columbia, New York, enfoc\u00e1ndose en impulsar la salud mental en Santiago Atitl\u00e1n\" \/>\n\t<meta name=\"robots\" content=\"max-snippet:-1, max-image-preview:large, max-video-preview:-1\" \/>\n\t<meta name=\"author\" content=\"Gustavo Montenegro\"\/>\n\t<link rel=\"canonical\" href=\"https:\/\/soymigrante.com\/revista\/dra-alejandra-paniagua-construye-en-new-york-un-puente-entre-la-medicina-y-el-alma\/\" \/>\n\t<meta name=\"generator\" content=\"All in One SEO Pro (AIOSEO) 4.9.6.2\" \/>\n\n\t\t<link rel=\"preconnect\" href=\"https:\/\/fonts.googleapis.com\" crossorigin>\n<link rel=\"preconnect\" href=\"https:\/\/fonts.gstatic.com\" crossorigin>\n\t\t<meta property=\"og:locale\" content=\"es_ES\" \/>\n\t\t<meta property=\"og:site_name\" content=\"SoyMigrante.com REVISTA \u2013 Nuestra misi\u00f3n es reconocer y dignificar al migrante.\" \/>\n\t\t<meta property=\"og:type\" content=\"article\" \/>\n\t\t<meta property=\"og:title\" content=\"Alejandra Paniagua crea puente entre la medicina y el alma\" \/>\n\t\t<meta property=\"og:description\" content=\"M\u00e9dica guatemalteca efect\u00faa estudios de posdoctorado en la Universidad de Columbia, New York, enfoc\u00e1ndose en impulsar la salud mental en Santiago Atitl\u00e1n\" \/>\n\t\t<meta property=\"og:url\" content=\"https:\/\/soymigrante.com\/revista\/dra-alejandra-paniagua-construye-en-new-york-un-puente-entre-la-medicina-y-el-alma\/\" \/>\n\t\t<meta property=\"og:image\" content=\"https:\/\/soymigrante.com\/revista\/wp-content\/uploads\/2025\/10\/DOCTORA-ALEjandra-paniagua-psiquiatra-ny-atitlan.png\" \/>\n\t\t<meta property=\"og:image:secure_url\" content=\"https:\/\/soymigrante.com\/revista\/wp-content\/uploads\/2025\/10\/DOCTORA-ALEjandra-paniagua-psiquiatra-ny-atitlan.png\" \/>\n\t\t<meta property=\"og:image:width\" content=\"738\" \/>\n\t\t<meta property=\"og:image:height\" content=\"738\" \/>\n\t\t<meta property=\"article:published_time\" content=\"2025-10-24T22:17:25+00:00\" \/>\n\t\t<meta property=\"article:modified_time\" content=\"2025-11-24T17:00:34+00:00\" \/>\n\t\t<meta property=\"article:publisher\" content=\"https:\/\/www.facebook.com\/soymigrantecom\" \/>\n\t\t<meta name=\"twitter:card\" content=\"summary_large_image\" \/>\n\t\t<meta name=\"twitter:site\" content=\"@SoyMigrante_com\" \/>\n\t\t<meta name=\"twitter:title\" content=\"Alejandra Paniagua crea puente entre la medicina y el alma\" \/>\n\t\t<meta name=\"twitter:description\" content=\"M\u00e9dica guatemalteca efect\u00faa estudios de posdoctorado en la Universidad de Columbia, New York, enfoc\u00e1ndose en impulsar la salud mental en Santiago Atitl\u00e1n\" \/>\n\t\t<meta name=\"twitter:creator\" content=\"@SoyMigrante_com\" \/>\n\t\t<meta name=\"twitter:image\" content=\"https:\/\/soymigrante.com\/revista\/wp-content\/uploads\/2025\/10\/DOCTORA-ALEjandra-paniagua-psiquiatra-ny-atitlan.png\" \/>\n\t\t<!-- All in One SEO Pro -->\r\n\t\t<title>Alejandra Paniagua crea puente entre la medicina y el alma<\/title>\n\n","aioseo_head_json":{"title":"Alejandra Paniagua crea puente entre la medicina y el alma","description":"M\u00e9dica guatemalteca efect\u00faa estudios de posdoctorado en la Universidad de Columbia, New York, enfoc\u00e1ndose en impulsar la salud mental en Santiago Atitl\u00e1n","canonical_url":"https:\/\/soymigrante.com\/revista\/dra-alejandra-paniagua-construye-en-new-york-un-puente-entre-la-medicina-y-el-alma\/","robots":"max-snippet:-1, max-image-preview:large, max-video-preview:-1","keywords":"","webmasterTools":{"miscellaneous":"&lt;link rel=\"preconnect\" href=\"https:\/\/fonts.googleapis.com\" crossorigin&gt;\n&lt;link rel=\"preconnect\" href=\"https:\/\/fonts.gstatic.com\" crossorigin&gt;"},"schema":null,"og:locale":"es_ES","og:site_name":"SoyMigrante.com REVISTA \u2013 Nuestra misi\u00f3n es reconocer y dignificar al migrante.","og:type":"article","og:title":"Alejandra Paniagua crea puente entre la medicina y el alma","og:description":"M\u00e9dica guatemalteca efect\u00faa estudios de posdoctorado en la Universidad de Columbia, New York, enfoc\u00e1ndose en impulsar la salud mental en Santiago Atitl\u00e1n","og:url":"https:\/\/soymigrante.com\/revista\/dra-alejandra-paniagua-construye-en-new-york-un-puente-entre-la-medicina-y-el-alma\/","og:image":"https:\/\/soymigrante.com\/revista\/wp-content\/uploads\/2025\/10\/DOCTORA-ALEjandra-paniagua-psiquiatra-ny-atitlan.png","og:image:secure_url":"https:\/\/soymigrante.com\/revista\/wp-content\/uploads\/2025\/10\/DOCTORA-ALEjandra-paniagua-psiquiatra-ny-atitlan.png","og:image:width":738,"og:image:height":738,"article:published_time":"2025-10-24T22:17:25+00:00","article:modified_time":"2025-11-24T17:00:34+00:00","article:publisher":"https:\/\/www.facebook.com\/soymigrantecom","twitter:card":"summary_large_image","twitter:site":"@SoyMigrante_com","twitter:title":"Alejandra Paniagua crea puente entre la medicina y el alma","twitter:description":"M\u00e9dica guatemalteca efect\u00faa estudios de posdoctorado en la Universidad de Columbia, New York, enfoc\u00e1ndose en impulsar la salud mental en Santiago Atitl\u00e1n","twitter:creator":"@SoyMigrante_com","twitter:image":"https:\/\/soymigrante.com\/revista\/wp-content\/uploads\/2025\/10\/DOCTORA-ALEjandra-paniagua-psiquiatra-ny-atitlan.png"},"aioseo_meta_data":{"post_id":"48283","title":"Rony Mej\u00eda volvi\u00f3 a su natal Estanzuela a construir futuros","description":"Tras 3 d\u00e9cadas en Chicago, Rony Alirio Mej\u00eda regres\u00f3 a Guatemala para seguir floreciendo, generar oportunidades y apoyar la educaci\u00f3n. Conoce su historia","keywords":null,"keyphrases":{"focus":{"keyphrase":"Futuro","score":43,"analysis":{"keyphraseInTitle":{"score":3,"maxScore":9,"error":1},"keyphraseInDescription":{"score":3,"maxScore":9,"error":1},"keyphraseLength":{"score":9,"maxScore":9,"error":0,"length":1},"keyphraseInURL":{"score":5,"maxScore":5,"error":0},"keyphraseInIntroduction":{"score":3,"maxScore":9,"error":1},"keyphraseInSubHeadings":{"score":3,"maxScore":9,"error":1},"keyphraseInImageAlt":{"score":3,"maxScore":9,"error":1},"keywordDensity":{"score":0,"type":"low","maxScore":9,"error":1}}},"additional":[{"keyphrase":"Estanzuela","score":87,"analysis":{"keyphraseInDescription":{"score":3,"maxScore":9,"error":1},"keyphraseLength":{"score":9,"maxScore":9,"error":0,"length":1},"keyphraseInIntroduction":{"score":9,"maxScore":9,"error":0},"keyphraseInImageAlt":{"score":9,"maxScore":9,"error":0},"keywordDensity":{"type":"best","score":9,"maxScore":9,"error":0}}},{"keyphrase":"Guatemala","score":53,"analysis":{"keyphraseInDescription":{"score":9,"maxScore":9,"error":0},"keyphraseLength":{"score":9,"maxScore":9,"error":0,"length":1},"keyphraseInIntroduction":{"score":3,"maxScore":9,"error":1},"keyphraseInImageAlt":{"score":3,"maxScore":9,"error":1},"keywordDensity":{"score":0,"type":"low","maxScore":9,"error":1}}}]},"primary_term":null,"canonical_url":null,"og_title":null,"og_description":null,"og_object_type":"default","og_image_type":"default","og_image_url":null,"og_image_width":null,"og_image_height":null,"og_image_custom_url":null,"og_image_custom_fields":null,"og_video":"","og_custom_url":null,"og_article_section":null,"og_article_tags":null,"twitter_use_og":false,"twitter_card":"default","twitter_image_type":"default","twitter_image_url":null,"twitter_image_custom_url":null,"twitter_image_custom_fields":null,"twitter_title":null,"twitter_description":null,"schema":{"blockGraphs":[],"customGraphs":[],"default":{"data":{"Article":[],"Course":[],"Dataset":[],"FAQPage":[],"Movie":[],"Person":[],"Product":[],"ProductReview":[],"Car":[],"Recipe":[],"Service":[],"SoftwareApplication":[],"WebPage":[]},"graphName":"NewsArticle","isEnabled":true},"graphs":[]},"schema_type":"default","schema_type_options":null,"pillar_content":false,"robots_default":true,"robots_noindex":false,"robots_noarchive":false,"robots_nosnippet":false,"robots_nofollow":false,"robots_noimageindex":false,"robots_noodp":false,"robots_notranslate":false,"robots_max_snippet":"-1","robots_max_videopreview":"-1","robots_max_imagepreview":"large","priority":null,"frequency":"default","local_seo":null,"seo_analyzer_scan_date":"2025-11-07 23:16:11","breadcrumb_settings":null,"limit_modified_date":false,"reviewed_by":"0","open_ai":null,"ai":{"faqs":[],"keyPoints":[],"titles":[],"descriptions":[],"socialPosts":{"email":[],"linkedin":[],"twitter":[],"facebook":[],"instagram":[]}},"created":"2025-11-07 20:48:04","updated":"2026-02-05 07:00:15"},"aioseo_breadcrumb":"<div class=\"aioseo-breadcrumbs\"><span class=\"aioseo-breadcrumb\">\n\t<a href=\"https:\/\/soymigrante.com\/revista\" title=\"Home\">Home<\/a>\n<\/span><span class=\"aioseo-breadcrumb-separator\">\u00bb<\/span><span class=\"aioseo-breadcrumb\">\n\t<a href=\"https:\/\/soymigrante.com\/revista\/category\/exitos\/\" title=\"\u00c9xitos\">\u00c9xitos<\/a>\n<\/span><span class=\"aioseo-breadcrumb-separator\">\u00bb<\/span><span class=\"aioseo-breadcrumb\">\n\t<a href=\"https:\/\/soymigrante.com\/revista\/category\/exitos\/guatemala\/\" title=\"Guatemala\">Guatemala<\/a>\n<\/span><span class=\"aioseo-breadcrumb-separator\">\u00bb<\/span><span class=\"aioseo-breadcrumb\">\n\tRony Mej\u00eda volvi\u00f3 a su natal Estanzuela, tras 30 a\u00f1os en Chicago, para seguir construyendo futuros\n<\/span><\/div>","aioseo_breadcrumb_json":[{"label":"Home","link":"https:\/\/soymigrante.com\/revista"},{"label":"\u00c9xitos","link":"https:\/\/soymigrante.com\/revista\/category\/exitos\/"},{"label":"Guatemala","link":"https:\/\/soymigrante.com\/revista\/category\/exitos\/guatemala\/"},{"label":"Rony Mej\u00eda volvi\u00f3 a su natal Estanzuela, tras 30 a\u00f1os en Chicago, para seguir construyendo futuros","link":"https:\/\/soymigrante.com\/revista\/guatemalteco-rony-mejia-regreso-estanzuela-tras-30-anos-chicago-construir-futuro\/"}],"_links":{"self":[{"href":"https:\/\/soymigrante.com\/revista\/wp-json\/wp\/v2\/posts\/48283","targetHints":{"allow":["GET"]}}],"collection":[{"href":"https:\/\/soymigrante.com\/revista\/wp-json\/wp\/v2\/posts"}],"about":[{"href":"https:\/\/soymigrante.com\/revista\/wp-json\/wp\/v2\/types\/post"}],"author":[{"embeddable":true,"href":"https:\/\/soymigrante.com\/revista\/wp-json\/wp\/v2\/users\/7"}],"replies":[{"embeddable":true,"href":"https:\/\/soymigrante.com\/revista\/wp-json\/wp\/v2\/comments?post=48283"}],"version-history":[{"count":11,"href":"https:\/\/soymigrante.com\/revista\/wp-json\/wp\/v2\/posts\/48283\/revisions"}],"predecessor-version":[{"id":48300,"href":"https:\/\/soymigrante.com\/revista\/wp-json\/wp\/v2\/posts\/48283\/revisions\/48300"}],"wp:featuredmedia":[{"embeddable":true,"href":"https:\/\/soymigrante.com\/revista\/wp-json\/wp\/v2\/media\/48284"}],"wp:attachment":[{"href":"https:\/\/soymigrante.com\/revista\/wp-json\/wp\/v2\/media?parent=48283"}],"wp:term":[{"taxonomy":"category","embeddable":true,"href":"https:\/\/soymigrante.com\/revista\/wp-json\/wp\/v2\/categories?post=48283"},{"taxonomy":"post_tag","embeddable":true,"href":"https:\/\/soymigrante.com\/revista\/wp-json\/wp\/v2\/tags?post=48283"}],"curies":[{"name":"wp","href":"https:\/\/api.w.org\/{rel}","templated":true}]}}