{"id":48262,"date":"2025-11-07T12:56:21","date_gmt":"2025-11-07T18:56:21","guid":{"rendered":"https:\/\/soymigrante.com\/revista\/?p=48262"},"modified":"2025-11-07T12:59:08","modified_gmt":"2025-11-07T18:59:08","slug":"innovacion-emprendedores-tecnologia-disrupt-fest-2025-lecciones","status":"publish","type":"post","link":"https:\/\/soymigrante.com\/revista\/innovacion-emprendedores-tecnologia-disrupt-fest-2025-lecciones\/","title":{"rendered":"Poderosas claves de innovaci\u00f3n para emprendedores deja Disrupt Fest 2025"},"content":{"rendered":"\t\t<div data-elementor-type=\"wp-post\" data-elementor-id=\"48262\" class=\"elementor elementor-48262\" data-elementor-post-type=\"post\">\n\t\t\t\t<div data-particle_enable=\"false\" data-particle-mobile-disabled=\"false\" class=\"elementor-element elementor-element-f304b74 e-flex e-con-boxed e-con e-parent\" data-id=\"f304b74\" data-element_type=\"container\" data-e-type=\"container\">\n\t\t\t\t\t<div class=\"e-con-inner\">\n\t\t\t\t<div class=\"elementor-element elementor-element-9c9b014 elementor-widget elementor-widget-heading\" data-id=\"9c9b014\" data-element_type=\"widget\" data-e-type=\"widget\" data-widget_type=\"heading.default\">\n\t\t\t\t\t<h2 class=\"elementor-heading-title elementor-size-default\">Tecnolog\u00eda, ideas frescas y los desaf\u00edos de futuro para empresas, start-ups y emprendedores configuraron el tornado de innovaci\u00f3n que deja en movimiento el Disrupt Fest 2025.  <\/h2>\t\t\t\t<\/div>\n\t\t\t\t\t<\/div>\n\t\t\t\t<\/div>\n\t\t<div data-particle_enable=\"false\" data-particle-mobile-disabled=\"false\" class=\"elementor-element elementor-element-ab9859c e-flex e-con-boxed e-con e-parent\" data-id=\"ab9859c\" data-element_type=\"container\" data-e-type=\"container\">\n\t\t\t\t\t<div class=\"e-con-inner\">\n\t\t\t\t<div class=\"elementor-element elementor-element-654ebdf elementor-widget elementor-widget-text-editor\" data-id=\"654ebdf\" data-element_type=\"widget\" data-e-type=\"widget\" data-widget_type=\"text-editor.default\">\n\t\t\t\t\t\t\t\t\t<p>Innovar no es solo crear productos, sino aprender -una y otra vez- a reinventarse de manera original, sorprendente, disruptiva. Ese fue uno de los grandes desaf\u00edos que dej\u00f3 latentes el Disrupt Fest 2025 &#8220;Tornado Tech&#8221;, el encuentro\u00a0 que reuni\u00f3 en Guatemala a decenas de <a href=\"https:\/\/soymigrante.com\/revista\/tag\/mercado-emprendedores\/page\/2\/\">emprendedores<\/a> y l\u00edderes tecnol\u00f3gicos de Am\u00e9rica Latina.\u00a0<\/p><p>M\u00e1s que una vitrina de startups, el evento se consolid\u00f3 como un din\u00e1mico taller\u00a0 sobre c\u00f3mo pensar, construir y escalar ideas en contextos cambiantes, con <a href=\"https:\/\/soymigrante.com\/revista\/herramientas-para-el-aprendizaje-tarde-o-temprano-te-servira\/\">herramientas <\/a>tecnol\u00f3gicas en evoluci\u00f3n y trabajo en equipo con liderazgos m\u00faltiples.<\/p><p>Entre los aliados de Disrupt Fest 2025 se encuentra <a href=\"https:\/\/soymigrante.com\/mercado\/\">SoyMigrante.com MERCADO,<\/a> la comunidad digital que re\u00fane a emprendedores y fabricantes de productos a mano de toda Guatemala con potenciales compradores, a trav\u00e9s de una plataforma tecnol\u00f3gica de punta y con log\u00edstica segura de entrega y pago, para potenciar el desarrollo de las comunidades guatemaltecas y contribuir a la reducci\u00f3n de la migraci\u00f3n forzada.<\/p>\t\t\t\t\t\t\t\t<\/div>\n\t\t\t\t\t<\/div>\n\t\t\t\t<\/div>\n\t\t<div data-particle_enable=\"false\" data-particle-mobile-disabled=\"false\" class=\"elementor-element elementor-element-686d3fd e-flex e-con-boxed e-con e-parent\" data-id=\"686d3fd\" data-element_type=\"container\" data-e-type=\"container\">\n\t\t\t\t\t<div class=\"e-con-inner\">\n\t\t\t\t<div class=\"elementor-element elementor-element-bc703e7 elementor-widget elementor-widget-html\" data-id=\"bc703e7\" data-element_type=\"widget\" data-e-type=\"widget\" data-widget_type=\"html.default\">\n\t\t\t\t\t<iframe src=\"https:\/\/www.facebook.com\/plugins\/post.php?href=https%3A%2F%2Fwww.facebook.com%2FDisruptFest%2Fposts%2Fpfbid0ELKhtHkkvQ743AoQ9eHPKMmkGVSB2h3WnFiqB7S6sbGeiXKEVeRtcpxkGB8iXXPVl&show_text=true&width=500\" width=\"500\" height=\"683\" style=\"border:none;overflow:hidden\" scrolling=\"no\" frameborder=\"0\" allowfullscreen=\"true\" allow=\"autoplay; clipboard-write; encrypted-media; picture-in-picture; web-share\"><\/iframe>\t\t\t\t<\/div>\n\t\t\t\t\t<\/div>\n\t\t\t\t<\/div>\n\t\t<div data-particle_enable=\"false\" data-particle-mobile-disabled=\"false\" class=\"elementor-element elementor-element-4f3d7ad e-flex e-con-boxed e-con e-parent\" data-id=\"4f3d7ad\" data-element_type=\"container\" data-e-type=\"container\">\n\t\t\t\t\t<div class=\"e-con-inner\">\n\t\t\t\t<div class=\"elementor-element elementor-element-d586447 elementor-widget elementor-widget-heading\" data-id=\"d586447\" data-element_type=\"widget\" data-e-type=\"widget\" data-widget_type=\"heading.default\">\n\t\t\t\t\t<h2 class=\"elementor-heading-title elementor-size-default\">Claves para emprendedores visionarios<\/h2>\t\t\t\t<\/div>\n\t\t\t\t\t<\/div>\n\t\t\t\t<\/div>\n\t\t<div data-particle_enable=\"false\" data-particle-mobile-disabled=\"false\" class=\"elementor-element elementor-element-642aadf e-flex e-con-boxed e-con e-parent\" data-id=\"642aadf\" data-element_type=\"container\" data-e-type=\"container\">\n\t\t\t\t\t<div class=\"e-con-inner\">\n\t\t\t\t<div class=\"elementor-element elementor-element-bdd663f elementor-widget elementor-widget-text-editor\" data-id=\"bdd663f\" data-element_type=\"widget\" data-e-type=\"widget\" data-widget_type=\"text-editor.default\">\n\t\t\t\t\t\t\t\t\t<p>Varios mensajes poderosos y desafiantes resonaron a lo largo de las conferencias, mesas redondas y mentor\u00edas del Disrupt Fest 2025, los cuales pueden ser de utilidad para m\u00e1s\u00a0<a href=\"https:\/\/soymigrante.com\/revista\/emprendedores-de-mercado\/\">emprendedores guatemalecos<\/a>\u00a0e integrantes de equipos empresariales.<\/p><p><b>Escucha:<\/b> El primer mensaje que reson\u00f3 entre los participantes y que desaf\u00eda a todo emprendedor es la necesidad de adaptarse a la velocidad de la tecnolog\u00eda, escuchando las necesidades de los consumidores pero tambi\u00e9n a las voces del equipo.\u00a0<\/p><p><b>Rompe lo convencional: <\/b>Las ideas disruptivas no surgen de la comodidad, sino de la capacidad de reaccionar r\u00e1pido, probar, corregir y volver a intentar.<\/p><p><b>Sigue la disrupci\u00f3n:<\/b> El mayor riesgo para un emprendedor hoy no es equivocarse sino quedarse inm\u00f3vil y sin actuar. En un entorno donde la inteligencia artificial redefine oficios, los h\u00e1bitos de consumo cambian y los modelos de negocio se transforman cada a\u00f1o, por lo cual la flexibilidad ante el cambio es hoy una nueva ventaja competitiva que puede transformar el mercado.<\/p><p><b><a href=\"https:\/\/soymigrante.com\/revista\/networking-puede-marcar-la-mejora-de-tu-vida-laboral\/\">Networking <\/a>es clave: <\/b>Los emprendimientos no crecen en solitario. Las alianzas, el intercambio de conocimiento y la colaboraci\u00f3n intersectorial se presentaron como el verdadero motor del ecosistema. Esto puede incluir los contactos y di\u00e1logos entre competidores.<\/p><p><b>Integraci\u00f3n con la comunidad:<\/b> \u201cConstruir comunidad es tan importante como levantar capital\u201d, resumi\u00f3 una de las mentoras del festival. En los paneles se destac\u00f3 que los emprendimientos que se abren a cooperar \u2014ya sea con otras startups, con universidades o con corporaciones\u2014 logran acelerar su crecimiento y sostenerlo en el tiempo.<\/p><p><b>Innovar con prop\u00f3sito<\/b>: En contraste con la idea de que el \u00e9xito se mide solo en cifras, Disrupt Fest 2025 insisti\u00f3 en el valor del impacto social y ambiental. Muchos proyectos mostraron que es posible combinar tecnolog\u00eda y conciencia: plataformas de inclusi\u00f3n financiera, soluciones para el manejo de residuos o aplicaciones que <a href=\"https:\/\/www.facebook.com\/MarcosAndresAntil\/posts\/caf%C3%A9-con-causa-cada-grano-educa-cafeconcausaorg\/1350787893083009\/\">fortalecen a comunidades rurales,<\/a> como parte de una nueva visi\u00f3n.<\/p><p><b>Integrar objetivos: <\/b>Los inversionistas, por su parte, enfatizaron que a pesar de tanta tecnolog\u00eda, el capital tambi\u00e9n busca hoy negocios con sentido humano, donde la rentabilidad y la sostenibilidad vayan de la mano, con una proyecci\u00f3n de beneficio social.<\/p>\t\t\t\t\t\t\t\t<\/div>\n\t\t\t\t\t<\/div>\n\t\t\t\t<\/div>\n\t\t<div data-particle_enable=\"false\" data-particle-mobile-disabled=\"false\" class=\"elementor-element elementor-element-1574f23 e-flex e-con-boxed e-con e-parent\" data-id=\"1574f23\" data-element_type=\"container\" data-e-type=\"container\">\n\t\t\t\t\t<div class=\"e-con-inner\">\n\t\t\t\t<div class=\"elementor-element elementor-element-1923039 elementor-widget elementor-widget-image\" data-id=\"1923039\" data-element_type=\"widget\" data-e-type=\"widget\" data-widget_type=\"image.default\">\n\t\t\t\t\t\t\t\t\t\t\t\t<figure class=\"wp-caption\">\n\t\t\t\t\t\t\t\t\t\t<img fetchpriority=\"high\" decoding=\"async\" width=\"1140\" height=\"855\" src=\"https:\/\/soymigrante.com\/revista\/wp-content\/uploads\/2025\/11\/disrupt-fest-1140x855.jpg\" class=\"attachment-large size-large wp-image-48268\" alt=\"El experto en disrupci\u00f3n chileno Juan Jose de la Torre, CEO en Raven.inc desafi\u00f3 a todos los asistentes no a cambiar lo establecido sino a reinventar productos y servicios para romper tendencias y encontrar nuevos potenciales de crecimiento.\" srcset=\"https:\/\/soymigrante.com\/revista\/wp-content\/uploads\/2025\/11\/disrupt-fest-1140x855.jpg 1140w, https:\/\/soymigrante.com\/revista\/wp-content\/uploads\/2025\/11\/disrupt-fest-300x225.jpg 300w, https:\/\/soymigrante.com\/revista\/wp-content\/uploads\/2025\/11\/disrupt-fest-768x576.jpg 768w, https:\/\/soymigrante.com\/revista\/wp-content\/uploads\/2025\/11\/disrupt-fest-750x563.jpg 750w, https:\/\/soymigrante.com\/revista\/wp-content\/uploads\/2025\/11\/disrupt-fest.jpg 1440w\" sizes=\"(max-width: 1140px) 100vw, 1140px\" title=\"El experto en disrupci\u00f3n chileno Juan Jose de la Torre, CEO en Raven.inc desafi\u00f3 a todos los asistentes no a cambiar lo establecido sino a reinventar productos y servicios para romper tendencias y encontrar nuevos potenciales de crecimiento. \u2013 SoyMigrante.com REVISTA\" \/>\t\t\t\t\t\t\t\t\t\t\t<figcaption class=\"widget-image-caption wp-caption-text\">El experto en disrupci\u00f3n chileno Juan Jose de la Torre, CEO en Raven.inc desafi\u00f3 a todos los asistentes no a cambiar lo establecido sino a reinventar productos y servicios para romper tendencias y encontrar nuevos potenciales de crecimiento.<\/figcaption>\n\t\t\t\t\t\t\t\t\t\t<\/figure>\n\t\t\t\t\t\t\t\t\t<\/div>\n\t\t\t\t\t<\/div>\n\t\t\t\t<\/div>\n\t\t<div data-particle_enable=\"false\" data-particle-mobile-disabled=\"false\" class=\"elementor-element elementor-element-1e7f118 e-flex e-con-boxed e-con e-parent\" data-id=\"1e7f118\" data-element_type=\"container\" data-e-type=\"container\">\n\t\t\t\t\t<div class=\"e-con-inner\">\n\t\t\t\t<div class=\"elementor-element elementor-element-060df04 elementor-widget elementor-widget-heading\" data-id=\"060df04\" data-element_type=\"widget\" data-e-type=\"widget\" data-widget_type=\"heading.default\">\n\t\t\t\t\t<h3 class=\"elementor-heading-title elementor-size-default\">Guatemala: un semillero de talentos e ideas<\/h3>\t\t\t\t<\/div>\n\t\t\t\t\t<\/div>\n\t\t\t\t<\/div>\n\t\t<div data-particle_enable=\"false\" data-particle-mobile-disabled=\"false\" class=\"elementor-element elementor-element-c96c1ef e-flex e-con-boxed e-con e-parent\" data-id=\"c96c1ef\" data-element_type=\"container\" data-e-type=\"container\">\n\t\t\t\t\t<div class=\"e-con-inner\">\n\t\t\t\t<div class=\"elementor-element elementor-element-17047d5 elementor-widget elementor-widget-text-editor\" data-id=\"17047d5\" data-element_type=\"widget\" data-e-type=\"widget\" data-widget_type=\"text-editor.default\">\n\t\t\t\t\t\t\t\t\t<p>Solo despu\u00e9s de tres d\u00edas de conferencias, mentor\u00edas y networking, qued\u00f3 claro que Guatemala est\u00e1 madurando como<a href=\"https:\/\/soymigrante.com\/revista\/latinoamerica-avanza-en-emprendimiento-e-innovacion-foro-economico-mundial\/\"> hub regional de innovaci\u00f3n<\/a>. Las startups locales ya no solo imitan modelos del norte: est\u00e1n proponiendo soluciones nacidas de sus propias realidades, con ambici\u00f3n global.<\/p><p>El encuentro, organizado por Winverz bajo el lema #TornadoTech, se celebr\u00f3 del 4 al 6 de noviembre en el complejo AVIA de la zona 10 capitalina, con la participaci\u00f3n de representantes de M\u00e9xico, Colombia, Costa Rica y Estados Unidos.<\/p><p>M\u00e1s que un evento, Disrupt Fest fue una declaraci\u00f3n de confianza en el talento centroamericano: una invitaci\u00f3n a pensar en grande desde lo local, a conectar comunidades y a transformar los retos en oportunidades.<\/p>\t\t\t\t\t\t\t\t<\/div>\n\t\t\t\t\t<\/div>\n\t\t\t\t<\/div>\n\t\t<div data-particle_enable=\"false\" data-particle-mobile-disabled=\"false\" class=\"elementor-element elementor-element-90eb801 e-flex e-con-boxed e-con e-parent\" data-id=\"90eb801\" data-element_type=\"container\" data-e-type=\"container\">\n\t\t\t\t\t<div class=\"e-con-inner\">\n\t\t\t\t<div class=\"elementor-element elementor-element-0f6bdc7 elementor-grid-eael-col-1 elementor-grid-tablet-eael-col-2 elementor-grid-mobile-eael-col-1 elementor-widget elementor-widget-eael-post-grid\" data-id=\"0f6bdc7\" data-element_type=\"widget\" data-e-type=\"widget\" data-settings=\"{&quot;eael_post_grid_columns&quot;:&quot;eael-col-1&quot;,&quot;eael_post_grid_columns_tablet&quot;:&quot;eael-col-2&quot;,&quot;eael_post_grid_columns_mobile&quot;:&quot;eael-col-1&quot;}\" data-widget_type=\"eael-post-grid.default\">\n\t\t\t\t\t<div id=\"eael-post-grid-0f6bdc7\" class=\"eael-post-grid-container\">\n            <div class=\"eael-post-grid eael-post-appender eael-post-appender-0f6bdc7 eael-post-grid-style-one\" data-layout-mode=\"masonry\"><article class=\"eael-grid-post  eael-post-grid-column eael-pg-post-8867 category-estamos-unidos\" data-id=\"8867\">\n        <div class=\"eael-grid-post-holder\">\n            <div class=\"eael-grid-post-holder-inner\"><div class=\"eael-entry-media\"><div class=\"eael-entry-overlay fade-in\"><i class=\"far fa-hand-pointer\" aria-hidden=\"true\"><\/i><a href=\"https:\/\/soymigrante.com\/revista\/soymigrante-com-mercado-viene-plataforma-digital-para-emprendedores-guatemaltecos\/\"><\/a><\/div><div class=\"eael-entry-thumbnail eael-image-ratio\">\n                <img decoding=\"async\" width=\"633\" height=\"621\" src=\"https:\/\/soymigrante.com\/revista\/wp-content\/uploads\/2024\/09\/Captura-de-pantalla-2024-09-05-120913.webp\" class=\"attachment-large size-large wp-image-8877\" alt=\"Tejedora ind\u00edgena con textiles coloridos y tradicionales, mostrando su cultura y arte en un fondo vibrante en la revista SoyMigrante.com.\" srcset=\"https:\/\/soymigrante.com\/revista\/wp-content\/uploads\/2024\/09\/Captura-de-pantalla-2024-09-05-120913.webp 633w, https:\/\/soymigrante.com\/revista\/wp-content\/uploads\/2024\/09\/Captura-de-pantalla-2024-09-05-120913-300x294.webp 300w, https:\/\/soymigrante.com\/revista\/wp-content\/uploads\/2024\/09\/Captura-de-pantalla-2024-09-05-120913-75x75.webp 75w\" sizes=\"(max-width: 633px) 100vw, 633px\" \/>\n            <\/div>\n        <\/div><div class=\"eael-entry-wrapper\"><header class=\"eael-entry-header\"><h2 class=\"eael-entry-title\"><a class=\"eael-grid-post-link\" href=\"https:\/\/soymigrante.com\/revista\/soymigrante-com-mercado-viene-plataforma-digital-para-emprendedores-guatemaltecos\/\" title=\"SoyMigrante.com\/Mercado es una  plataforma  digital para emprendedores guatemaltecos\">SoyMigrante.com\/Mercado es una  plataforma  digital para emprendedores guatemaltecos<\/a><\/h2><\/header><div class=\"eael-entry-content\">\n                        <div class=\"eael-grid-post-excerpt\"><a href=\"https:\/\/soymigrante.com\/revista\/soymigrante-com-mercado-viene-plataforma-digital-para-emprendedores-guatemaltecos\/\" class=\"eael-post-elements-readmore-btn\">CONOCE SU HISTORIA <\/a><\/div>\n                    <\/div><\/div><\/div>\n        <\/div>\n    <\/article><\/div>\n            <div class=\"clearfix\"><\/div>\n        <\/div>\t\t\t\t<\/div>\n\t\t\t\t\t<\/div>\n\t\t\t\t<\/div>\n\t\t<div data-particle_enable=\"false\" data-particle-mobile-disabled=\"false\" class=\"elementor-element elementor-element-01b47bd e-flex e-con-boxed e-con e-parent\" data-id=\"01b47bd\" data-element_type=\"container\" data-e-type=\"container\">\n\t\t\t\t\t<div class=\"e-con-inner\">\n\t\t\t\t<div class=\"elementor-element elementor-element-b5fb6a7 elementor-widget elementor-widget-heading\" data-id=\"b5fb6a7\" data-element_type=\"widget\" data-e-type=\"widget\" data-widget_type=\"heading.default\">\n\t\t\t\t\t<h3 class=\"elementor-heading-title elementor-size-default\">La transformaci\u00f3n no basta<\/h3>\t\t\t\t<\/div>\n\t\t\t\t\t<\/div>\n\t\t\t\t<\/div>\n\t\t<div data-particle_enable=\"false\" data-particle-mobile-disabled=\"false\" class=\"elementor-element elementor-element-18368ab e-flex e-con-boxed e-con e-parent\" data-id=\"18368ab\" data-element_type=\"container\" data-e-type=\"container\">\n\t\t\t\t\t<div class=\"e-con-inner\">\n\t\t\t\t<div class=\"elementor-element elementor-element-f4c6994 elementor-widget elementor-widget-text-editor\" data-id=\"f4c6994\" data-element_type=\"widget\" data-e-type=\"widget\" data-widget_type=\"text-editor.default\">\n\t\t\t\t\t\t\t\t\t<p>\u201cNo hay que esperar a que llegue el futuro. Hay que construirlo desde hoy, con creatividad, colaboraci\u00f3n y prop\u00f3sito\u201d, se escuch\u00f3 en uno de los foros.<\/p><p>&#8220;No hay que temer a la inteligencia artificial, porque no es un factor que sustituir\u00e1 a los humanos, sino potenciar\u00e1 sus capacidades. Hoy los equipos y las empresas tienen que integrar la IA como un activo para la productividad&#8221;<\/p><p>Esa frase resume el esp\u00edritu que dej\u00f3 Disrupt Fest 2025: el de una generaci\u00f3n que invitada a empujar el cambio de la sociedad a trav\u00e9s del \u00e9xito de sus ideas de negocio disruptivas.<\/p>\t\t\t\t\t\t\t\t<\/div>\n\t\t\t\t\t<\/div>\n\t\t\t\t<\/div>\n\t\t<div data-particle_enable=\"false\" data-particle-mobile-disabled=\"false\" class=\"elementor-element elementor-element-3cb3d24 e-flex e-con-boxed e-con e-parent\" data-id=\"3cb3d24\" data-element_type=\"container\" data-e-type=\"container\">\n\t\t\t\t\t<div class=\"e-con-inner\">\n\t\t\t\t<div class=\"elementor-element elementor-element-26d3b9c elementor-widget elementor-widget-heading\" data-id=\"26d3b9c\" data-element_type=\"widget\" data-e-type=\"widget\" data-widget_type=\"heading.default\">\n\t\t\t\t\t<h2 class=\"elementor-heading-title elementor-size-default\">Emprendedores de MERCADO est\u00e1n reinventando el comercio electr\u00f3nico<\/h2>\t\t\t\t<\/div>\n\t\t\t\t\t<\/div>\n\t\t\t\t<\/div>\n\t\t<div data-particle_enable=\"false\" data-particle-mobile-disabled=\"false\" class=\"elementor-element elementor-element-8fd50d5 e-flex e-con-boxed e-con e-parent\" data-id=\"8fd50d5\" data-element_type=\"container\" data-e-type=\"container\">\n\t\t\t\t\t<div class=\"e-con-inner\">\n\t\t\t\t<div class=\"elementor-element elementor-element-3e959d0 elementor-grid-eael-col-3 elementor-grid-tablet-eael-col-2 elementor-grid-mobile-eael-col-1 elementor-widget elementor-widget-eael-post-grid\" data-id=\"3e959d0\" data-element_type=\"widget\" data-e-type=\"widget\" data-settings=\"{&quot;eael_post_grid_columns&quot;:&quot;eael-col-3&quot;,&quot;eael_post_grid_columns_tablet&quot;:&quot;eael-col-2&quot;,&quot;eael_post_grid_columns_mobile&quot;:&quot;eael-col-1&quot;}\" data-widget_type=\"eael-post-grid.default\">\n\t\t\t\t\t<div id=\"eael-post-grid-3e959d0\" class=\"eael-post-grid-container\">\n            <div class=\"eael-post-grid eael-post-appender eael-post-appender-3e959d0 eael-post-grid-style-one\" data-layout-mode=\"masonry\"><article class=\"eael-grid-post  eael-post-grid-column eael-pg-post-24306 category-guate-nuestra tags-mercado-emprendedores\" data-id=\"24306\">\n        <div class=\"eael-grid-post-holder\">\n            <div class=\"eael-grid-post-holder-inner\"><div class=\"eael-entry-media\"><div class=\"eael-entry-overlay fade-in\"><i class=\"far fa-hand-pointer\" aria-hidden=\"true\"><\/i><a href=\"https:\/\/soymigrante.com\/revista\/mercaixil-productos-organicos-y-artesanales-de-calidad-elaborados-por-comunidades-del-area-ixil\/\"><\/a><\/div><div class=\"eael-entry-thumbnail eael-image-ratio\">\n                <img decoding=\"async\" width=\"1024\" height=\"1024\" src=\"https:\/\/soymigrante.com\/revista\/wp-content\/uploads\/2025\/02\/mercaixil4-1024x1024.jpg\" class=\"attachment-large size-large wp-image-24367\" alt=\"Variedad de productos org\u00e1nicos y alimentos naturales en una cesta de mimbre, resaltando la importancia de la alimentaci\u00f3n saludable y la promoci\u00f3n del comercio justo en el contexto de SoyMigrante.com.\" srcset=\"https:\/\/soymigrante.com\/revista\/wp-content\/uploads\/2025\/02\/mercaixil4-1024x1024.jpg 1024w, https:\/\/soymigrante.com\/revista\/wp-content\/uploads\/2025\/02\/mercaixil4-300x300.jpg 300w, https:\/\/soymigrante.com\/revista\/wp-content\/uploads\/2025\/02\/mercaixil4-150x150.jpg 150w, https:\/\/soymigrante.com\/revista\/wp-content\/uploads\/2025\/02\/mercaixil4-768x768.jpg 768w, https:\/\/soymigrante.com\/revista\/wp-content\/uploads\/2025\/02\/mercaixil4-75x75.webp 75w, https:\/\/soymigrante.com\/revista\/wp-content\/uploads\/2025\/02\/mercaixil4-750x750.webp 750w, https:\/\/soymigrante.com\/revista\/wp-content\/uploads\/2025\/02\/mercaixil4.webp 1080w\" sizes=\"(max-width: 1024px) 100vw, 1024px\" \/>\n            <\/div>\n        <\/div><div class=\"eael-entry-wrapper\"><header class=\"eael-entry-header\"><h2 class=\"eael-entry-title\"><a class=\"eael-grid-post-link\" href=\"https:\/\/soymigrante.com\/revista\/mercaixil-productos-organicos-y-artesanales-de-calidad-elaborados-por-comunidades-del-area-ixil\/\" title=\"MercaIxil: productos org\u00e1nicos de 210 comunidades del \u00e1rea Ixil tienen su tienda digital en MERCADO\">MercaIxil: productos org\u00e1nicos de 210 comunidades del \u00e1rea Ixil tienen su tienda digital en MERCADO<\/a><\/h2><\/header><div class=\"eael-entry-content\">\n                        <div class=\"eael-grid-post-excerpt\"><a href=\"https:\/\/soymigrante.com\/revista\/mercaixil-productos-organicos-y-artesanales-de-calidad-elaborados-por-comunidades-del-area-ixil\/\" class=\"eael-post-elements-readmore-btn\">CONOCE SU HISTORIA <\/a><\/div>\n                    <\/div><\/div><\/div>\n        <\/div>\n    <\/article><article class=\"eael-grid-post  eael-post-grid-column eael-pg-post-39764 category-guate-nuestra tags-mercado-emprendedores\" data-id=\"39764\">\n        <div class=\"eael-grid-post-holder\">\n            <div class=\"eael-grid-post-holder-inner\"><div class=\"eael-entry-media\"><div class=\"eael-entry-overlay fade-in\"><i class=\"far fa-hand-pointer\" aria-hidden=\"true\"><\/i><a href=\"https:\/\/soymigrante.com\/revista\/emprendedora-cristina-contreras-convirtio-sus-cualidades-en-menjurjes-tienda-digital-en-mercado\/\"><\/a><\/div><div class=\"eael-entry-thumbnail eael-image-ratio\">\n                <img loading=\"lazy\" decoding=\"async\" width=\"1024\" height=\"1024\" src=\"https:\/\/soymigrante.com\/revista\/wp-content\/uploads\/2025\/07\/menjurjes-tienda-en-soymigrante.com-mercado-1024x1024.png\" class=\"attachment-large size-large wp-image-39859\" alt=\"Aceite de cilantro y chile de Chilete en botellas grandes con etiquetado de SoyMigrante.com revista, mujer sonriente en fondo de madera mostrando productos tradicionales de la gastronom\u00eda peruana.\" srcset=\"https:\/\/soymigrante.com\/revista\/wp-content\/uploads\/2025\/07\/menjurjes-tienda-en-soymigrante.com-mercado-1024x1024.png 1024w, https:\/\/soymigrante.com\/revista\/wp-content\/uploads\/2025\/07\/menjurjes-tienda-en-soymigrante.com-mercado-300x300.png 300w, https:\/\/soymigrante.com\/revista\/wp-content\/uploads\/2025\/07\/menjurjes-tienda-en-soymigrante.com-mercado-150x150.png 150w, https:\/\/soymigrante.com\/revista\/wp-content\/uploads\/2025\/07\/menjurjes-tienda-en-soymigrante.com-mercado-768x768.png 768w, https:\/\/soymigrante.com\/revista\/wp-content\/uploads\/2025\/07\/menjurjes-tienda-en-soymigrante.com-mercado-75x75.webp 75w, https:\/\/soymigrante.com\/revista\/wp-content\/uploads\/2025\/07\/menjurjes-tienda-en-soymigrante.com-mercado-750x750.webp 750w, https:\/\/soymigrante.com\/revista\/wp-content\/uploads\/2025\/07\/menjurjes-tienda-en-soymigrante.com-mercado.webp 1080w\" sizes=\"(max-width: 1024px) 100vw, 1024px\" \/>\n            <\/div>\n        <\/div><div class=\"eael-entry-wrapper\"><header class=\"eael-entry-header\"><h2 class=\"eael-entry-title\"><a class=\"eael-grid-post-link\" href=\"https:\/\/soymigrante.com\/revista\/emprendedora-cristina-contreras-convirtio-sus-cualidades-en-menjurjes-tienda-digital-en-mercado\/\" title=\"Emprendedora Cristina Contreras convirti\u00f3 sus cualidades en Menjurjes, aceites saborizados a la venta en MERCADO\">Emprendedora Cristina Contreras convirti\u00f3 sus cualidades en Menjurjes, aceites saborizados a la venta en MERCADO<\/a><\/h2><\/header><div class=\"eael-entry-content\">\n                        <div class=\"eael-grid-post-excerpt\"><a href=\"https:\/\/soymigrante.com\/revista\/emprendedora-cristina-contreras-convirtio-sus-cualidades-en-menjurjes-tienda-digital-en-mercado\/\" class=\"eael-post-elements-readmore-btn\">CONOCE SU HISTORIA <\/a><\/div>\n                    <\/div><\/div><\/div>\n        <\/div>\n    <\/article><article class=\"eael-grid-post  eael-post-grid-column eael-pg-post-39523 category-guate-nuestra tags-mercado-emprendedores\" data-id=\"39523\">\n        <div class=\"eael-grid-post-holder\">\n            <div class=\"eael-grid-post-holder-inner\"><div class=\"eael-entry-media\"><div class=\"eael-entry-overlay fade-in\"><i class=\"far fa-hand-pointer\" aria-hidden=\"true\"><\/i><a href=\"https:\/\/soymigrante.com\/revista\/el-camino-de-yoselyn-y-su-tienda-yox-brand-que-ya-abrio-en-mercado\/\"><\/a><\/div><div class=\"eael-entry-thumbnail eael-image-ratio\">\n                <img loading=\"lazy\" decoding=\"async\" width=\"868\" height=\"868\" src=\"https:\/\/soymigrante.com\/revista\/wp-content\/uploads\/2025\/07\/Yox-Brand-emprendedora-Yoselin-Xpantzay-en-Tecpan-1.webp\" class=\"attachment-large size-large wp-image-39524\" alt=\"Soy-migrante-mujer-aut\u00e9ntica-vestido-colorido-vestimenta-tradicional, revistaporte, fotograf\u00eda de una mujer con ropa tradicional mexicana, tomada en un espejo, reflejada en fondo oscuro.\" srcset=\"https:\/\/soymigrante.com\/revista\/wp-content\/uploads\/2025\/07\/Yox-Brand-emprendedora-Yoselin-Xpantzay-en-Tecpan-1.webp 868w, https:\/\/soymigrante.com\/revista\/wp-content\/uploads\/2025\/07\/Yox-Brand-emprendedora-Yoselin-Xpantzay-en-Tecpan-1-300x300.jpg 300w, https:\/\/soymigrante.com\/revista\/wp-content\/uploads\/2025\/07\/Yox-Brand-emprendedora-Yoselin-Xpantzay-en-Tecpan-1-150x150.jpg 150w, https:\/\/soymigrante.com\/revista\/wp-content\/uploads\/2025\/07\/Yox-Brand-emprendedora-Yoselin-Xpantzay-en-Tecpan-1-768x768.jpg 768w, https:\/\/soymigrante.com\/revista\/wp-content\/uploads\/2025\/07\/Yox-Brand-emprendedora-Yoselin-Xpantzay-en-Tecpan-1-75x75.webp 75w, https:\/\/soymigrante.com\/revista\/wp-content\/uploads\/2025\/07\/Yox-Brand-emprendedora-Yoselin-Xpantzay-en-Tecpan-1-750x750.webp 750w\" sizes=\"(max-width: 868px) 100vw, 868px\" \/>\n            <\/div>\n        <\/div><div class=\"eael-entry-wrapper\"><header class=\"eael-entry-header\"><h2 class=\"eael-entry-title\"><a class=\"eael-grid-post-link\" href=\"https:\/\/soymigrante.com\/revista\/el-camino-de-yoselyn-y-su-tienda-yox-brand-que-ya-abrio-en-mercado\/\" title=\"El camino de Yoselyn y su tienda Yox Brand, que ya abri\u00f3 en MERCADO\">El camino de Yoselyn y su tienda Yox Brand, que ya abri\u00f3 en MERCADO<\/a><\/h2><\/header><div class=\"eael-entry-content\">\n                        <div class=\"eael-grid-post-excerpt\"><a href=\"https:\/\/soymigrante.com\/revista\/el-camino-de-yoselyn-y-su-tienda-yox-brand-que-ya-abrio-en-mercado\/\" class=\"eael-post-elements-readmore-btn\">CONOCE SU HISTORIA <\/a><\/div>\n                    <\/div><\/div><\/div>\n        <\/div>\n    <\/article><\/div>\n            <div class=\"clearfix\"><\/div>\n        <\/div>\t\t\t\t<\/div>\n\t\t\t\t\t<\/div>\n\t\t\t\t<\/div>\n\t\t\t\t<\/div>\n\t\t","protected":false},"excerpt":{"rendered":"<p>Tecnolog\u00eda, ideas frescas y los desaf\u00edos de futuro para empresas, start-ups y emprendedores configuraron el tornado de innovaci\u00f3n que deja en movimiento el Disrupt Fest 2025. Innovar no es solo crear productos, sino aprender -una y otra vez- a reinventarse de manera original, sorprendente, disruptiva. Ese fue uno de los grandes desaf\u00edos que dej\u00f3 latentes [&hellip;]<\/p>\n","protected":false},"author":1,"featured_media":48263,"comment_status":"open","ping_status":"open","sticky":false,"template":"","format":"standard","meta":{"_acf_changed":false,"_eb_attr":"","footnotes":""},"categories":[55],"tags":[],"class_list":["post-48262","post","type-post","status-publish","format-standard","has-post-thumbnail","hentry","category-bienestar"],"acf":[],"aioseo_notices":[],"aioseo_head":"\n\t\t<!-- All in One SEO Pro 4.9.6.2 - aioseo.com -->\n\t<meta name=\"description\" content=\"El esfuerzo y la creatividad emprendedora le vienen de familia a Yoselyn Xpantzay, de Tecp\u00e1n Guatemala, Chimaltenango. Su tienda digital Yox Brand ya abri\u00f3 MERCADO\" \/>\n\t<meta name=\"robots\" content=\"max-snippet:-1, max-image-preview:large, max-video-preview:-1\" \/>\n\t<meta name=\"author\" content=\"Gustavo Montenegro\"\/>\n\t<link rel=\"canonical\" href=\"https:\/\/soymigrante.com\/revista\/el-camino-de-yoselyn-y-su-tienda-yox-brand-que-ya-abrio-en-mercado\/\" \/>\n\t<meta name=\"generator\" content=\"All in One SEO Pro (AIOSEO) 4.9.6.2\" \/>\n\n\t\t<link rel=\"preconnect\" href=\"https:\/\/fonts.googleapis.com\" crossorigin>\n<link rel=\"preconnect\" href=\"https:\/\/fonts.gstatic.com\" crossorigin>\n\t\t<meta property=\"og:locale\" content=\"es_ES\" \/>\n\t\t<meta property=\"og:site_name\" content=\"SoyMigrante.com REVISTA \u2013 Nuestra misi\u00f3n es reconocer y dignificar al migrante.\" \/>\n\t\t<meta property=\"og:type\" content=\"article\" \/>\n\t\t<meta property=\"og:title\" content=\"Yox Brand ya abri\u00f3 su tienda digital en MERCADO\" \/>\n\t\t<meta property=\"og:description\" content=\"El esfuerzo y la creatividad emprendedora le vienen de familia a Yoselyn Xpantzay, de Tecp\u00e1n Guatemala, Chimaltenango. Su tienda digital Yox Brand ya abri\u00f3 MERCADO\" \/>\n\t\t<meta property=\"og:url\" content=\"https:\/\/soymigrante.com\/revista\/el-camino-de-yoselyn-y-su-tienda-yox-brand-que-ya-abrio-en-mercado\/\" \/>\n\t\t<meta property=\"og:image\" content=\"https:\/\/soymigrante.com\/revista\/wp-content\/uploads\/2025\/07\/Yox-Brand-emprendedora-Yoselin-Xpantzay-en-Tecpan-1.webp\" \/>\n\t\t<meta property=\"og:image:secure_url\" content=\"https:\/\/soymigrante.com\/revista\/wp-content\/uploads\/2025\/07\/Yox-Brand-emprendedora-Yoselin-Xpantzay-en-Tecpan-1.webp\" \/>\n\t\t<meta property=\"og:image:width\" content=\"868\" \/>\n\t\t<meta property=\"og:image:height\" content=\"868\" \/>\n\t\t<meta property=\"article:published_time\" content=\"2025-07-16T20:22:25+00:00\" \/>\n\t\t<meta property=\"article:modified_time\" content=\"2025-08-03T20:41:58+00:00\" \/>\n\t\t<meta property=\"article:publisher\" content=\"https:\/\/www.facebook.com\/soymigrantecom\" \/>\n\t\t<meta name=\"twitter:card\" content=\"summary_large_image\" \/>\n\t\t<meta name=\"twitter:site\" content=\"@SoyMigrante_com\" \/>\n\t\t<meta name=\"twitter:title\" content=\"Yox Brand ya abri\u00f3 su tienda digital en MERCADO\" \/>\n\t\t<meta name=\"twitter:description\" content=\"El esfuerzo y la creatividad emprendedora le vienen de familia a Yoselyn Xpantzay, de Tecp\u00e1n Guatemala, Chimaltenango. Su tienda digital Yox Brand ya abri\u00f3 MERCADO\" \/>\n\t\t<meta name=\"twitter:creator\" content=\"@SoyMigrante_com\" \/>\n\t\t<meta name=\"twitter:image\" content=\"https:\/\/soymigrante.com\/revista\/wp-content\/uploads\/2025\/07\/Yox-Brand-emprendedora-Yoselin-Xpantzay-en-Tecpan-1.webp\" \/>\n\t\t<!-- All in One SEO Pro -->\r\n\t\t<title>Yox Brand ya abri\u00f3 su tienda digital en MERCADO<\/title>\n\n","aioseo_head_json":{"title":"Yox Brand ya abri\u00f3 su tienda digital en MERCADO","description":"El esfuerzo y la creatividad emprendedora le vienen de familia a Yoselyn Xpantzay, de Tecp\u00e1n Guatemala, Chimaltenango. Su tienda digital Yox Brand ya abri\u00f3 MERCADO","canonical_url":"https:\/\/soymigrante.com\/revista\/el-camino-de-yoselyn-y-su-tienda-yox-brand-que-ya-abrio-en-mercado\/","robots":"max-snippet:-1, max-image-preview:large, max-video-preview:-1","keywords":"","webmasterTools":{"miscellaneous":"&lt;link rel=\"preconnect\" href=\"https:\/\/fonts.googleapis.com\" crossorigin&gt;\n&lt;link rel=\"preconnect\" href=\"https:\/\/fonts.gstatic.com\" crossorigin&gt;"},"schema":null,"og:locale":"es_ES","og:site_name":"SoyMigrante.com REVISTA \u2013 Nuestra misi\u00f3n es reconocer y dignificar al migrante.","og:type":"article","og:title":"Yox Brand ya abri\u00f3 su tienda digital en MERCADO","og:description":"El esfuerzo y la creatividad emprendedora le vienen de familia a Yoselyn Xpantzay, de Tecp\u00e1n Guatemala, Chimaltenango. Su tienda digital Yox Brand ya abri\u00f3 MERCADO","og:url":"https:\/\/soymigrante.com\/revista\/el-camino-de-yoselyn-y-su-tienda-yox-brand-que-ya-abrio-en-mercado\/","og:image":"https:\/\/soymigrante.com\/revista\/wp-content\/uploads\/2025\/07\/Yox-Brand-emprendedora-Yoselin-Xpantzay-en-Tecpan-1.webp","og:image:secure_url":"https:\/\/soymigrante.com\/revista\/wp-content\/uploads\/2025\/07\/Yox-Brand-emprendedora-Yoselin-Xpantzay-en-Tecpan-1.webp","og:image:width":868,"og:image:height":868,"article:published_time":"2025-07-16T20:22:25+00:00","article:modified_time":"2025-08-03T20:41:58+00:00","article:publisher":"https:\/\/www.facebook.com\/soymigrantecom","twitter:card":"summary_large_image","twitter:site":"@SoyMigrante_com","twitter:title":"Yox Brand ya abri\u00f3 su tienda digital en MERCADO","twitter:description":"El esfuerzo y la creatividad emprendedora le vienen de familia a Yoselyn Xpantzay, de Tecp\u00e1n Guatemala, Chimaltenango. Su tienda digital Yox Brand ya abri\u00f3 MERCADO","twitter:creator":"@SoyMigrante_com","twitter:image":"https:\/\/soymigrante.com\/revista\/wp-content\/uploads\/2025\/07\/Yox-Brand-emprendedora-Yoselin-Xpantzay-en-Tecpan-1.webp"},"aioseo_meta_data":{"post_id":"48262","title":"Claves innovadoras para emprendedores deja Disrupt Fest 2025","description":"Emprendedores siempre empujan la innovaci\u00f3n y deben seguir siendo disruptores para crecer es una de las claves generadas en el Disrupt Fest 2025","keywords":null,"keyphrases":{"focus":{"keyphrase":"Emprendedores","score":91,"analysis":{"keyphraseInTitle":{"score":9,"maxScore":9,"error":0},"keyphraseInDescription":{"score":9,"maxScore":9,"error":0},"keyphraseLength":{"score":9,"maxScore":9,"error":0,"length":1},"keyphraseInURL":{"score":5,"maxScore":5,"error":0},"keyphraseInIntroduction":{"score":9,"maxScore":9,"error":0},"keyphraseInSubHeadings":{"score":9,"maxScore":9,"error":0},"keyphraseInImageAlt":{"score":3,"maxScore":9,"error":1},"keywordDensity":{"type":"best","score":9,"maxScore":9,"error":0}}},"additional":[{"keyphrase":"Disrupt Fest","score":87,"analysis":{"keyphraseInDescription":{"score":9,"maxScore":9,"error":0},"keyphraseLength":{"score":9,"maxScore":9,"error":0,"length":2},"keyphraseInIntroduction":{"score":9,"maxScore":9,"error":0},"keyphraseInImageAlt":{"score":3,"maxScore":9,"error":1},"keywordDensity":{"type":"best","score":9,"maxScore":9,"error":0}}},{"keyphrase":"Innovaci\u00f3n","score":53,"analysis":{"keyphraseInDescription":{"score":9,"maxScore":9,"error":0},"keyphraseLength":{"score":9,"maxScore":9,"error":0,"length":2},"keyphraseInIntroduction":{"score":3,"maxScore":9,"error":1},"keyphraseInImageAlt":{"score":3,"maxScore":9,"error":1},"keywordDensity":{"score":0,"type":"low","maxScore":9,"error":1}}}]},"primary_term":null,"canonical_url":null,"og_title":null,"og_description":null,"og_object_type":"default","og_image_type":"default","og_image_url":null,"og_image_width":null,"og_image_height":null,"og_image_custom_url":null,"og_image_custom_fields":null,"og_video":"","og_custom_url":null,"og_article_section":null,"og_article_tags":null,"twitter_use_og":false,"twitter_card":"default","twitter_image_type":"default","twitter_image_url":null,"twitter_image_custom_url":null,"twitter_image_custom_fields":null,"twitter_title":null,"twitter_description":null,"schema":{"blockGraphs":[],"customGraphs":[],"default":{"data":{"Article":[],"Course":[],"Dataset":[],"FAQPage":[],"Movie":[],"Person":[],"Product":[],"ProductReview":[],"Car":[],"Recipe":[],"Service":[],"SoftwareApplication":[],"WebPage":[]},"graphName":"NewsArticle","isEnabled":true},"graphs":[]},"schema_type":"default","schema_type_options":null,"pillar_content":false,"robots_default":true,"robots_noindex":false,"robots_noarchive":false,"robots_nosnippet":false,"robots_nofollow":false,"robots_noimageindex":false,"robots_noodp":false,"robots_notranslate":false,"robots_max_snippet":"-1","robots_max_videopreview":"-1","robots_max_imagepreview":"large","priority":null,"frequency":"default","local_seo":null,"seo_analyzer_scan_date":"2025-11-07 19:01:04","breadcrumb_settings":null,"limit_modified_date":false,"reviewed_by":"0","open_ai":null,"ai":{"faqs":[],"keyPoints":[],"titles":[],"descriptions":[],"socialPosts":{"email":[],"linkedin":[],"twitter":[],"facebook":[],"instagram":[]}},"created":"2025-11-07 18:03:15","updated":"2026-02-05 07:00:15"},"aioseo_breadcrumb":"<div class=\"aioseo-breadcrumbs\"><span class=\"aioseo-breadcrumb\">\n\t<a href=\"https:\/\/soymigrante.com\/revista\" title=\"Home\">Home<\/a>\n<\/span><span class=\"aioseo-breadcrumb-separator\">\u00bb<\/span><span class=\"aioseo-breadcrumb\">\n\t<a href=\"https:\/\/soymigrante.com\/revista\/category\/bienestar\/\" title=\"Bienestar\">Bienestar<\/a>\n<\/span><span class=\"aioseo-breadcrumb-separator\">\u00bb<\/span><span class=\"aioseo-breadcrumb\">\n\tPoderosas claves de innovaci\u00f3n para emprendedores deja Disrupt Fest 2025\n<\/span><\/div>","aioseo_breadcrumb_json":[{"label":"Home","link":"https:\/\/soymigrante.com\/revista"},{"label":"Bienestar","link":"https:\/\/soymigrante.com\/revista\/category\/bienestar\/"},{"label":"Poderosas claves de innovaci\u00f3n para emprendedores deja Disrupt Fest 2025","link":"https:\/\/soymigrante.com\/revista\/innovacion-emprendedores-tecnologia-disrupt-fest-2025-lecciones\/"}],"_links":{"self":[{"href":"https:\/\/soymigrante.com\/revista\/wp-json\/wp\/v2\/posts\/48262","targetHints":{"allow":["GET"]}}],"collection":[{"href":"https:\/\/soymigrante.com\/revista\/wp-json\/wp\/v2\/posts"}],"about":[{"href":"https:\/\/soymigrante.com\/revista\/wp-json\/wp\/v2\/types\/post"}],"author":[{"embeddable":true,"href":"https:\/\/soymigrante.com\/revista\/wp-json\/wp\/v2\/users\/1"}],"replies":[{"embeddable":true,"href":"https:\/\/soymigrante.com\/revista\/wp-json\/wp\/v2\/comments?post=48262"}],"version-history":[{"count":13,"href":"https:\/\/soymigrante.com\/revista\/wp-json\/wp\/v2\/posts\/48262\/revisions"}],"predecessor-version":[{"id":48279,"href":"https:\/\/soymigrante.com\/revista\/wp-json\/wp\/v2\/posts\/48262\/revisions\/48279"}],"wp:featuredmedia":[{"embeddable":true,"href":"https:\/\/soymigrante.com\/revista\/wp-json\/wp\/v2\/media\/48263"}],"wp:attachment":[{"href":"https:\/\/soymigrante.com\/revista\/wp-json\/wp\/v2\/media?parent=48262"}],"wp:term":[{"taxonomy":"category","embeddable":true,"href":"https:\/\/soymigrante.com\/revista\/wp-json\/wp\/v2\/categories?post=48262"},{"taxonomy":"post_tag","embeddable":true,"href":"https:\/\/soymigrante.com\/revista\/wp-json\/wp\/v2\/tags?post=48262"}],"curies":[{"name":"wp","href":"https:\/\/api.w.org\/{rel}","templated":true}]}}