{"id":48222,"date":"2025-11-06T10:35:17","date_gmt":"2025-11-06T16:35:17","guid":{"rendered":"https:\/\/soymigrante.com\/revista\/?p=48222"},"modified":"2025-11-06T11:00:15","modified_gmt":"2025-11-06T17:00:15","slug":"las-tres-teorias-sobre-el-efecto-real-de-las-remesas-migrantes","status":"publish","type":"post","link":"https:\/\/soymigrante.com\/revista\/las-tres-teorias-sobre-el-efecto-real-de-las-remesas-migrantes\/","title":{"rendered":"Las tres teor\u00edas sobre el efecto real de las remesas migrantes a largo plazo"},"content":{"rendered":"\t\t<div data-elementor-type=\"wp-post\" data-elementor-id=\"48222\" class=\"elementor elementor-48222\" data-elementor-post-type=\"post\">\n\t\t\t\t<div data-particle_enable=\"false\" data-particle-mobile-disabled=\"false\" class=\"elementor-element elementor-element-743a6b1 e-flex e-con-boxed e-con e-parent\" data-id=\"743a6b1\" data-element_type=\"container\" data-e-type=\"container\">\n\t\t\t\t\t<div class=\"e-con-inner\">\n\t\t\t\t<div class=\"elementor-element elementor-element-e5e1e5d elementor-widget elementor-widget-heading\" data-id=\"e5e1e5d\" data-element_type=\"widget\" data-e-type=\"widget\" data-widget_type=\"heading.default\">\n\t\t\t\t\t<h2 class=\"elementor-heading-title elementor-size-default\">Las remesas son un acto de amor y responsabilidad del migrante guatemalteco para con su familia, eso es innegable. Pero sus efectos sociales y econ\u00f3micos a nivel pa\u00eds se discuten a partir de tres principales enfoques, tres teor\u00edas. \u00bfCu\u00e1l te parece m\u00e1s realista?<\/h2>\t\t\t\t<\/div>\n\t\t\t\t\t<\/div>\n\t\t\t\t<\/div>\n\t\t<div data-particle_enable=\"false\" data-particle-mobile-disabled=\"false\" class=\"elementor-element elementor-element-0aace57 e-flex e-con-boxed e-con e-parent\" data-id=\"0aace57\" data-element_type=\"container\" data-e-type=\"container\">\n\t\t\t\t\t<div class=\"e-con-inner\">\n\t\t\t\t<div class=\"elementor-element elementor-element-094915e elementor-widget elementor-widget-text-editor\" data-id=\"094915e\" data-element_type=\"widget\" data-e-type=\"widget\" data-widget_type=\"text-editor.default\">\n\t\t\t\t\t\t\t\t\t<p>Las remesas enviadas por migrantes guatemaltecos desde Estados Unidos para ayudar a sus familia son <a href=\"https:\/\/soymigrante.com\/revista\/aporte-economico-migrantes-guatemala\/\">un acto de amor y responsabilidad<\/a>. Tambi\u00e9n son en efecto <a href=\"https:\/\/soymigrante.com\/revista\/remesas-migrantes-reducen-pobreza-guatemala-efectos-desarrollo\/\">un factor de reducci\u00f3n de la pobreza mayor a cualquier otro<\/a> programa estatal. <a href=\"https:\/\/soymigrante.com\/revista\/migrantes-enviaron-us2106-millones-en-remesas-durante-mes-patrio-2025\/\">En 2025 se proyecta un nuevo r\u00e9cord<\/a>, siguiendo la tendencia de a\u00f1os previos.\u00a0 Pero \u00bfcu\u00e1les son las tendencias a futuro?<\/p><p>Para analizar sus efectos reales, concretos y a largo plazo a nivel social y econ\u00f3mico hay al menos tres teor\u00edas, las cuales trazan escenarios de futuro. \u00bfLas conoces?\u00a0 Aqu\u00ed est\u00e1 una s\u00edntesis, basada en el estudio de <a href=\"https:\/\/biblioteca.url.edu.gt\/wp-content\/uploads\/CParens\/Boletines\/LEconomics\/RevistaAcademica-no2\/04_landivar_economics_revista_2.pdf\">Evaluaci\u00f3n del impacto de las remesas y sus perspectivas a largo plazo, publicado por la Univeresidad Rafael Lend\u00edvar de Guatemala.<\/a><\/p>\t\t\t\t\t\t\t\t<\/div>\n\t\t\t\t\t<\/div>\n\t\t\t\t<\/div>\n\t\t<div data-particle_enable=\"false\" data-particle-mobile-disabled=\"false\" class=\"elementor-element elementor-element-748e503 e-flex e-con-boxed e-con e-parent\" data-id=\"748e503\" data-element_type=\"container\" data-e-type=\"container\">\n\t\t\t\t\t<div class=\"e-con-inner\">\n\t\t\t\t<div class=\"elementor-element elementor-element-a20ff93 elementor-widget elementor-widget-image\" data-id=\"a20ff93\" data-element_type=\"widget\" data-e-type=\"widget\" data-widget_type=\"image.default\">\n\t\t\t\t\t\t\t\t\t\t\t\t\t\t\t<img fetchpriority=\"high\" decoding=\"async\" width=\"1140\" height=\"760\" src=\"https:\/\/soymigrante.com\/revista\/wp-content\/uploads\/2025\/11\/remesas-migrantes-ilustracion-ia-envato-1140x760.png\" class=\"attachment-large size-large wp-image-48225\" alt=\"remesas migrantes ilustraci\u00f3n ia envato\" srcset=\"https:\/\/soymigrante.com\/revista\/wp-content\/uploads\/2025\/11\/remesas-migrantes-ilustracion-ia-envato-1140x760.png 1140w, https:\/\/soymigrante.com\/revista\/wp-content\/uploads\/2025\/11\/remesas-migrantes-ilustracion-ia-envato-300x200.png 300w, https:\/\/soymigrante.com\/revista\/wp-content\/uploads\/2025\/11\/remesas-migrantes-ilustracion-ia-envato-768x512.png 768w, https:\/\/soymigrante.com\/revista\/wp-content\/uploads\/2025\/11\/remesas-migrantes-ilustracion-ia-envato-750x500.png 750w, https:\/\/soymigrante.com\/revista\/wp-content\/uploads\/2025\/11\/remesas-migrantes-ilustracion-ia-envato.png 1536w\" sizes=\"(max-width: 1140px) 100vw, 1140px\" title=\"remesas migrantes ilustraci\u00f3n ia envato \u2013 SoyMigrante.com REVISTA\" \/>\t\t\t\t\t\t\t\t\t\t\t\t\t\t\t<\/div>\n\t\t\t\t\t<\/div>\n\t\t\t\t<\/div>\n\t\t<div data-particle_enable=\"false\" data-particle-mobile-disabled=\"false\" class=\"elementor-element elementor-element-a3666a8 e-flex e-con-boxed e-con e-parent\" data-id=\"a3666a8\" data-element_type=\"container\" data-e-type=\"container\">\n\t\t\t\t\t<div class=\"e-con-inner\">\n\t\t\t\t<div class=\"elementor-element elementor-element-b382254 elementor-widget elementor-widget-heading\" data-id=\"b382254\" data-element_type=\"widget\" data-e-type=\"widget\" data-widget_type=\"heading.default\">\n\t\t\t\t\t<h3 class=\"elementor-heading-title elementor-size-default\">Remesas migrantes: Teor\u00eda del desarrollo econ\u00f3mico<\/h3>\t\t\t\t<\/div>\n\t\t\t\t\t<\/div>\n\t\t\t\t<\/div>\n\t\t<div data-particle_enable=\"false\" data-particle-mobile-disabled=\"false\" class=\"elementor-element elementor-element-06dba93 e-flex e-con-boxed e-con e-parent\" data-id=\"06dba93\" data-element_type=\"container\" data-e-type=\"container\">\n\t\t\t\t\t<div class=\"e-con-inner\">\n\t\t\t\t<div class=\"elementor-element elementor-element-a4d9637 elementor-widget elementor-widget-text-editor\" data-id=\"a4d9637\" data-element_type=\"widget\" data-e-type=\"widget\" data-widget_type=\"text-editor.default\">\n\t\t\t\t\t\t\t\t\t<p>Las remesas se consideran una forma de ingreso externo que puede actuar como un catalizador para el desarrollo econ\u00f3mico de un pa\u00eds.<\/p><p>Las remesas aumentan el poder adquisitivo de las familias receptoras, permiti\u00e9ndoles no solo cubrir necesidades b\u00e1sicas, sino tambi\u00e9n invertir en educaci\u00f3n, salud y otras \u00e1reas cr\u00edticas para el desarrollo humano.\u00a0<\/p><p>Este incremento en el gasto de los hogares puede tener un efecto multiplicador en la econom\u00eda local, estimulando la demanda agregada y fomentando el crecimiento econ\u00f3mico a nivel nacional.\u00a0<\/p><p>Adem\u00e1s, en contextos donde el acceso al cr\u00e9dito es limitado, las remesas pueden ser una fuente crucial de financiamiento para peque\u00f1as y medianas empresas. Esto puede promover el emprendimiento y contribuir a la diversificaci\u00f3n econ\u00f3mica, reduciendo la dependencia de sectores espec\u00edficos y mejorando la resiliencia econ\u00f3mica ante crisis externas.\u00a0<\/p>\t\t\t\t\t\t\t\t<\/div>\n\t\t\t\t\t<\/div>\n\t\t\t\t<\/div>\n\t\t<div data-particle_enable=\"false\" data-particle-mobile-disabled=\"false\" class=\"elementor-element elementor-element-c4ec422 e-flex e-con-boxed e-con e-parent\" data-id=\"c4ec422\" data-element_type=\"container\" data-e-type=\"container\">\n\t\t\t\t\t<div class=\"e-con-inner\">\n\t\t\t\t<div class=\"elementor-element elementor-element-8860730 elementor-widget elementor-widget-image\" data-id=\"8860730\" data-element_type=\"widget\" data-e-type=\"widget\" data-widget_type=\"image.default\">\n\t\t\t\t\t\t\t\t\t\t\t\t\t\t\t<img decoding=\"async\" width=\"1140\" height=\"641\" src=\"https:\/\/soymigrante.com\/revista\/wp-content\/uploads\/2025\/11\/teoria-del-desarrollo-economico-remesas-migrantes-1140x641.jpg\" class=\"attachment-large size-large wp-image-48226\" alt=\"teor\u00eda de la dependencia remesas migrantes\" srcset=\"https:\/\/soymigrante.com\/revista\/wp-content\/uploads\/2025\/11\/teoria-del-desarrollo-economico-remesas-migrantes-1140x641.jpg 1140w, https:\/\/soymigrante.com\/revista\/wp-content\/uploads\/2025\/11\/teoria-del-desarrollo-economico-remesas-migrantes-300x169.jpg 300w, https:\/\/soymigrante.com\/revista\/wp-content\/uploads\/2025\/11\/teoria-del-desarrollo-economico-remesas-migrantes-768x432.jpg 768w, https:\/\/soymigrante.com\/revista\/wp-content\/uploads\/2025\/11\/teoria-del-desarrollo-economico-remesas-migrantes-750x422.jpg 750w, https:\/\/soymigrante.com\/revista\/wp-content\/uploads\/2025\/11\/teoria-del-desarrollo-economico-remesas-migrantes.jpg 1280w\" sizes=\"(max-width: 1140px) 100vw, 1140px\" title=\"teor\u00eda de la dependencia remesas  migrantes \u2013 SoyMigrante.com REVISTA\" \/>\t\t\t\t\t\t\t\t\t\t\t\t\t\t\t<\/div>\n\t\t\t\t\t<\/div>\n\t\t\t\t<\/div>\n\t\t<div data-particle_enable=\"false\" data-particle-mobile-disabled=\"false\" class=\"elementor-element elementor-element-8052f16 e-flex e-con-boxed e-con e-parent\" data-id=\"8052f16\" data-element_type=\"container\" data-e-type=\"container\">\n\t\t\t\t\t<div class=\"e-con-inner\">\n\t\t\t\t<div class=\"elementor-element elementor-element-584ff23 elementor-widget elementor-widget-heading\" data-id=\"584ff23\" data-element_type=\"widget\" data-e-type=\"widget\" data-widget_type=\"heading.default\">\n\t\t\t\t\t<h3 class=\"elementor-heading-title elementor-size-default\">Remesas migrantes: Teor\u00eda de la dependencia<\/h3>\t\t\t\t<\/div>\n\t\t\t\t\t<\/div>\n\t\t\t\t<\/div>\n\t\t<div data-particle_enable=\"false\" data-particle-mobile-disabled=\"false\" class=\"elementor-element elementor-element-5d45710 e-flex e-con-boxed e-con e-parent\" data-id=\"5d45710\" data-element_type=\"container\" data-e-type=\"container\">\n\t\t\t\t\t<div class=\"e-con-inner\">\n\t\t\t\t<div class=\"elementor-element elementor-element-39b22ba elementor-widget elementor-widget-text-editor\" data-id=\"39b22ba\" data-element_type=\"widget\" data-e-type=\"widget\" data-widget_type=\"text-editor.default\">\n\t\t\t\t\t\t\t\t\t<p>Por otro lado, la teor\u00eda de la dependencia plantea una visi\u00f3n m\u00e1s cr\u00edtica sobre el impacto de las remesas en los pa\u00edses receptores. Seg\u00fan este enfoque las remesas pueden crear una dependencia econ\u00f3mica que, en lugar de fomentar el desarrollo sostenible, perpet\u00faa una estructura econ\u00f3mica desigual.\u00a0<\/p><p>Esta dependencia puede manifestarse de varias maneras, como la reducci\u00f3n de la participaci\u00f3n laboral en la econom\u00eda local, ya que las familias receptoras podr\u00edan preferir depender de las remesas en lugar de buscar empleo o emprender actividades productivas.\u00a0<\/p><p>Adem\u00e1s, el flujo constante de remesas puede desincentivar a los gobiernos locales de implementar pol\u00edticas efectivas de desarrollo econ\u00f3mico y reducci\u00f3n de la pobreza, al considerar las remesas como una \u2018soluci\u00f3n f\u00e1cil\u2019 para los problemas econ\u00f3micos estructurales.\u00a0<\/p><p>Esta situaci\u00f3n puede llevar a una falta de inversi\u00f3n en infraestructura, educaci\u00f3n y otros sectores cr\u00edticos, lo que a largo plazo puede limitar el crecimiento econ\u00f3mico sostenible.\u00a0<\/p>\t\t\t\t\t\t\t\t<\/div>\n\t\t\t\t\t<\/div>\n\t\t\t\t<\/div>\n\t\t<div data-particle_enable=\"false\" data-particle-mobile-disabled=\"false\" class=\"elementor-element elementor-element-eaef8e4 e-flex e-con-boxed e-con e-parent\" data-id=\"eaef8e4\" data-element_type=\"container\" data-e-type=\"container\">\n\t\t\t\t\t<div class=\"e-con-inner\">\n\t\t\t\t<div class=\"elementor-element elementor-element-6278b1f elementor-widget elementor-widget-image\" data-id=\"6278b1f\" data-element_type=\"widget\" data-e-type=\"widget\" data-widget_type=\"image.default\">\n\t\t\t\t\t\t\t\t\t\t\t\t\t\t\t<img decoding=\"async\" width=\"1140\" height=\"760\" src=\"https:\/\/soymigrante.com\/revista\/wp-content\/uploads\/2025\/11\/teoria-del-criculo-vicioso-remeesas-migrantes-1140x760.png\" class=\"attachment-large size-large wp-image-48227\" alt=\"teoria del criculo vicioso remeesas migrantes\" srcset=\"https:\/\/soymigrante.com\/revista\/wp-content\/uploads\/2025\/11\/teoria-del-criculo-vicioso-remeesas-migrantes-1140x760.png 1140w, https:\/\/soymigrante.com\/revista\/wp-content\/uploads\/2025\/11\/teoria-del-criculo-vicioso-remeesas-migrantes-300x200.png 300w, https:\/\/soymigrante.com\/revista\/wp-content\/uploads\/2025\/11\/teoria-del-criculo-vicioso-remeesas-migrantes-768x512.png 768w, https:\/\/soymigrante.com\/revista\/wp-content\/uploads\/2025\/11\/teoria-del-criculo-vicioso-remeesas-migrantes-750x500.png 750w, https:\/\/soymigrante.com\/revista\/wp-content\/uploads\/2025\/11\/teoria-del-criculo-vicioso-remeesas-migrantes.png 1248w\" sizes=\"(max-width: 1140px) 100vw, 1140px\" title=\"teoria del criculo vicioso remeesas migrantes \u2013 SoyMigrante.com REVISTA\" \/>\t\t\t\t\t\t\t\t\t\t\t\t\t\t\t<\/div>\n\t\t\t\t\t<\/div>\n\t\t\t\t<\/div>\n\t\t<div data-particle_enable=\"false\" data-particle-mobile-disabled=\"false\" class=\"elementor-element elementor-element-5cfa8c9 e-flex e-con-boxed e-con e-parent\" data-id=\"5cfa8c9\" data-element_type=\"container\" data-e-type=\"container\">\n\t\t\t\t\t<div class=\"e-con-inner\">\n\t\t\t\t<div class=\"elementor-element elementor-element-7468af2 elementor-widget elementor-widget-heading\" data-id=\"7468af2\" data-element_type=\"widget\" data-e-type=\"widget\" data-widget_type=\"heading.default\">\n\t\t\t\t\t<h3 class=\"elementor-heading-title elementor-size-default\">Remesas migrantes: Teor\u00eda del c\u00edrculo vicioso<\/h3>\t\t\t\t<\/div>\n\t\t\t\t\t<\/div>\n\t\t\t\t<\/div>\n\t\t<div data-particle_enable=\"false\" data-particle-mobile-disabled=\"false\" class=\"elementor-element elementor-element-d732a2b e-flex e-con-boxed e-con e-parent\" data-id=\"d732a2b\" data-element_type=\"container\" data-e-type=\"container\">\n\t\t\t\t\t<div class=\"e-con-inner\">\n\t\t\t\t<div class=\"elementor-element elementor-element-1ba2728 elementor-widget elementor-widget-text-editor\" data-id=\"1ba2728\" data-element_type=\"widget\" data-e-type=\"widget\" data-widget_type=\"text-editor.default\">\n\t\t\t\t\t\t\t\t\t<p>La teor\u00eda del c\u00edrculo vicioso sugiere que, aunque las remesas pueden ofrecer un alivio econ\u00f3mico a corto plazo, pueden contribuir a perpetuar la pobreza y la desigualdad a largo plazo.\u00a0<\/p><p>Esta teor\u00eda destaca que la dependencia de las remesas puede llevar a una disminuci\u00f3n en la inversi\u00f3n en capital humano, como la educaci\u00f3n y el desarrollo de habilidades, ya que las familias pueden priorizar el consumo inmediato sobre la inversi\u00f3n en el futuro.\u00a0<\/p><p>Adem\u00e1s, la emigraci\u00f3n de una parte significativa de la poblaci\u00f3n activa en busca de mejores oportunidades en el extranjero puede reducir la base productiva del pa\u00eds receptor. Esto puede llevar a una disminuci\u00f3n en la competitividad y la innovaci\u00f3n, limitando las oportunidades de crecimiento econ\u00f3mico sostenible a largo plazo.\u00a0<\/p>\t\t\t\t\t\t\t\t<\/div>\n\t\t\t\t\t<\/div>\n\t\t\t\t<\/div>\n\t\t<div data-particle_enable=\"false\" data-particle-mobile-disabled=\"false\" class=\"elementor-element elementor-element-e541e09 e-flex e-con-boxed e-con e-parent\" data-id=\"e541e09\" data-element_type=\"container\" data-e-type=\"container\">\n\t\t\t\t\t<div class=\"e-con-inner\">\n\t\t\t\t<div class=\"elementor-element elementor-element-85f3300 elementor-widget elementor-widget-heading\" data-id=\"85f3300\" data-element_type=\"widget\" data-e-type=\"widget\" data-widget_type=\"heading.default\">\n\t\t\t\t\t<h2 class=\"elementor-heading-title elementor-size-default\">Un aporte clave para el pa\u00eds<\/h2>\t\t\t\t<\/div>\n\t\t\t\t\t<\/div>\n\t\t\t\t<\/div>\n\t\t<div data-particle_enable=\"false\" data-particle-mobile-disabled=\"false\" class=\"elementor-element elementor-element-60a13f2 e-flex e-con-boxed e-con e-parent\" data-id=\"60a13f2\" data-element_type=\"container\" data-e-type=\"container\">\n\t\t\t\t\t<div class=\"e-con-inner\">\n\t\t\t\t<div class=\"elementor-element elementor-element-07fe107 elementor-grid-eael-col-3 elementor-grid-tablet-eael-col-2 elementor-grid-mobile-eael-col-1 elementor-widget elementor-widget-eael-post-grid\" data-id=\"07fe107\" data-element_type=\"widget\" data-e-type=\"widget\" data-settings=\"{&quot;eael_post_grid_columns&quot;:&quot;eael-col-3&quot;,&quot;eael_post_grid_columns_tablet&quot;:&quot;eael-col-2&quot;,&quot;eael_post_grid_columns_mobile&quot;:&quot;eael-col-1&quot;}\" data-widget_type=\"eael-post-grid.default\">\n\t\t\t\t\t<div id=\"eael-post-grid-07fe107\" class=\"eael-post-grid-container\">\n            <div class=\"eael-post-grid eael-post-appender eael-post-appender-07fe107 eael-post-grid-style-one\" data-layout-mode=\"masonry\"><article class=\"eael-grid-post  eael-post-grid-column eael-pg-post-1650 category-estamos-unidos tags-remesas-migrantes\" data-id=\"1650\">\n        <div class=\"eael-grid-post-holder\">\n            <div class=\"eael-grid-post-holder-inner\"><div class=\"eael-entry-media\"><div class=\"eael-entry-overlay fade-in\"><i class=\"far fa-hand-pointer\" aria-hidden=\"true\"><\/i><a href=\"https:\/\/soymigrante.com\/revista\/impacto-remesas-guatemala-desde-eeuu\/\"><\/a><\/div><div class=\"eael-entry-thumbnail eael-image-ratio\">\n                <img loading=\"lazy\" decoding=\"async\" width=\"1024\" height=\"700\" src=\"https:\/\/soymigrante.com\/revista\/wp-content\/uploads\/2023\/06\/Captura-de-pantalla-2023-06-28-124853-1024x700.webp\" class=\"attachment-large size-large wp-image-1651\" alt=\"Ilustraci\u00f3n de d\u00f3lares para ilustrar tema de remesas migrantes de Estados Unidos a Guatemala\" \/>\n            <\/div>\n        <\/div><div class=\"eael-entry-wrapper\"><header class=\"eael-entry-header\"><h2 class=\"eael-entry-title\"><a class=\"eael-grid-post-link\" href=\"https:\/\/soymigrante.com\/revista\/impacto-remesas-guatemala-desde-eeuu\/\" title=\"\u00bfA d\u00f3nde van las remesas enviadas por migrantes guatemaltecos desde Estados Unidos?\">\u00bfA d\u00f3nde van las remesas enviadas por migrantes guatemaltecos desde Estados Unidos?<\/a><\/h2><\/header><div class=\"eael-entry-content\">\n                        <div class=\"eael-grid-post-excerpt\"><a href=\"https:\/\/soymigrante.com\/revista\/impacto-remesas-guatemala-desde-eeuu\/\" class=\"eael-post-elements-readmore-btn\">CONOCE SU HISTORIA <\/a><\/div>\n                    <\/div><\/div><\/div>\n        <\/div>\n    <\/article><article class=\"eael-grid-post  eael-post-grid-column eael-pg-post-4301 category-estamos-unidos tags-remesas-migrantes\" data-id=\"4301\">\n        <div class=\"eael-grid-post-holder\">\n            <div class=\"eael-grid-post-holder-inner\"><div class=\"eael-entry-media\"><div class=\"eael-entry-overlay fade-in\"><i class=\"far fa-hand-pointer\" aria-hidden=\"true\"><\/i><a href=\"https:\/\/soymigrante.com\/revista\/remesas-migrantes-cifra-record-guatemala-economia-dependenc\/\"><\/a><\/div><div class=\"eael-entry-thumbnail eael-image-ratio\">\n                <img loading=\"lazy\" decoding=\"async\" width=\"1024\" height=\"555\" src=\"https:\/\/soymigrante.com\/revista\/wp-content\/uploads\/2024\/01\/Captura-de-pantalla-2024-01-09-112350-1024x555.webp\" class=\"attachment-large size-large wp-image-4302\" alt=\"\" srcset=\"https:\/\/soymigrante.com\/revista\/wp-content\/uploads\/2024\/01\/Captura-de-pantalla-2024-01-09-112350-1024x555.webp 1024w, https:\/\/soymigrante.com\/revista\/wp-content\/uploads\/2024\/01\/Captura-de-pantalla-2024-01-09-112350-300x163.webp 300w, https:\/\/soymigrante.com\/revista\/wp-content\/uploads\/2024\/01\/Captura-de-pantalla-2024-01-09-112350-768x416.webp 768w, https:\/\/soymigrante.com\/revista\/wp-content\/uploads\/2024\/01\/Captura-de-pantalla-2024-01-09-112350-750x406.webp 750w, https:\/\/soymigrante.com\/revista\/wp-content\/uploads\/2024\/01\/Captura-de-pantalla-2024-01-09-112350-1140x618.webp 1140w, https:\/\/soymigrante.com\/revista\/wp-content\/uploads\/2024\/01\/Captura-de-pantalla-2024-01-09-112350.webp 1451w\" sizes=\"(max-width: 1024px) 100vw, 1024px\" \/>\n            <\/div>\n        <\/div><div class=\"eael-entry-wrapper\"><header class=\"eael-entry-header\"><h2 class=\"eael-entry-title\"><a class=\"eael-grid-post-link\" href=\"https:\/\/soymigrante.com\/revista\/remesas-migrantes-cifra-record-guatemala-economia-dependenc\/\" title=\"An\u00e1lisis: Econom\u00eda guatemalteca depende cada vez m\u00e1s de remesas migrantes\">An\u00e1lisis: Econom\u00eda guatemalteca depende cada vez m\u00e1s de remesas migrantes<\/a><\/h2><\/header><div class=\"eael-entry-content\">\n                        <div class=\"eael-grid-post-excerpt\"><a href=\"https:\/\/soymigrante.com\/revista\/remesas-migrantes-cifra-record-guatemala-economia-dependenc\/\" class=\"eael-post-elements-readmore-btn\">CONOCE SU HISTORIA <\/a><\/div>\n                    <\/div><\/div><\/div>\n        <\/div>\n    <\/article><article class=\"eael-grid-post  eael-post-grid-column eael-pg-post-23208 category-estamos-unidos\" data-id=\"23208\">\n        <div class=\"eael-grid-post-holder\">\n            <div class=\"eael-grid-post-holder-inner\"><div class=\"eael-entry-media\"><div class=\"eael-entry-overlay fade-in\"><i class=\"far fa-hand-pointer\" aria-hidden=\"true\"><\/i><a href=\"https:\/\/soymigrante.com\/revista\/remesas-han-sido-el-recurso-mas-efectivo-para-reducir-pobreza-afirma-economista-guillermo-diaz\/\"><\/a><\/div><div class=\"eael-entry-thumbnail eael-image-ratio\">\n                <img loading=\"lazy\" decoding=\"async\" width=\"695\" height=\"695\" src=\"https:\/\/soymigrante.com\/revista\/wp-content\/uploads\/2025\/01\/remesas-migranes.webp\" class=\"attachment-large size-large wp-image-23210\" alt=\"Remesas de dinero img, mujer en noche frente a casa de remesas, servicios de env\u00edo de dinero para migrantes, dinero internacional transferencia, fotograf\u00eda atm\u00f3sfera nocturna remesas.\" srcset=\"https:\/\/soymigrante.com\/revista\/wp-content\/uploads\/2025\/01\/remesas-migranes.webp 695w, https:\/\/soymigrante.com\/revista\/wp-content\/uploads\/2025\/01\/remesas-migranes-300x300.jpg 300w, https:\/\/soymigrante.com\/revista\/wp-content\/uploads\/2025\/01\/remesas-migranes-150x150.jpg 150w, https:\/\/soymigrante.com\/revista\/wp-content\/uploads\/2025\/01\/remesas-migranes-75x75.webp 75w\" sizes=\"(max-width: 695px) 100vw, 695px\" \/>\n            <\/div>\n        <\/div><div class=\"eael-entry-wrapper\"><header class=\"eael-entry-header\"><h2 class=\"eael-entry-title\"><a class=\"eael-grid-post-link\" href=\"https:\/\/soymigrante.com\/revista\/remesas-han-sido-el-recurso-mas-efectivo-para-reducir-pobreza-afirma-economista-guillermo-diaz\/\" title=\"Remesas migrantes han reducido la pobreza m\u00e1s que cualquier otro factor: economista Guillermo D\u00edaz\">Remesas migrantes han reducido la pobreza m\u00e1s que cualquier otro factor: economista Guillermo D\u00edaz<\/a><\/h2><\/header><div class=\"eael-entry-content\">\n                        <div class=\"eael-grid-post-excerpt\"><a href=\"https:\/\/soymigrante.com\/revista\/remesas-han-sido-el-recurso-mas-efectivo-para-reducir-pobreza-afirma-economista-guillermo-diaz\/\" class=\"eael-post-elements-readmore-btn\">CONOCE SU HISTORIA <\/a><\/div>\n                    <\/div><\/div><\/div>\n        <\/div>\n    <\/article><\/div>\n            <div class=\"clearfix\"><\/div>\n        <\/div>\t\t\t\t<\/div>\n\t\t\t\t\t<\/div>\n\t\t\t\t<\/div>\n\t\t\t\t<\/div>\n\t\t","protected":false},"excerpt":{"rendered":"<p>Las remesas son un acto de amor y responsabilidad del migrante guatemalteco para con su familia, eso es innegable. Pero sus efectos sociales y econ\u00f3micos a nivel pa\u00eds se discuten a partir de tres principales enfoques, tres teor\u00edas. \u00bfCu\u00e1l te parece m\u00e1s realista? Las remesas enviadas por migrantes guatemaltecos desde Estados Unidos para ayudar a [&hellip;]<\/p>\n","protected":false},"author":1,"featured_media":48235,"comment_status":"open","ping_status":"open","sticky":false,"template":"","format":"standard","meta":{"_acf_changed":false,"_eb_attr":"","footnotes":""},"categories":[54],"tags":[],"class_list":["post-48222","post","type-post","status-publish","format-standard","has-post-thumbnail","hentry","category-estamos-unidos"],"acf":[],"aioseo_notices":[],"aioseo_head":"\n\t\t<!-- All in One SEO Pro 4.9.6.2 - aioseo.com -->\n\t<meta name=\"description\" content=\"M\u00e1s que cualquier estrategia estal, las remesas enviadas por migrantes a sus familias han combatido la pobreza en comunidades, declara investigador guatemalteco.\" \/>\n\t<meta name=\"robots\" content=\"max-snippet:-1, max-image-preview:large, max-video-preview:-1\" \/>\n\t<meta name=\"author\" content=\"SoyMigrante.com REVISTA\"\/>\n\t<link rel=\"canonical\" href=\"https:\/\/soymigrante.com\/revista\/remesas-han-sido-el-recurso-mas-efectivo-para-reducir-pobreza-afirma-economista-guillermo-diaz\/\" \/>\n\t<meta name=\"generator\" content=\"All in One SEO Pro (AIOSEO) 4.9.6.2\" \/>\n\n\t\t<link rel=\"preconnect\" href=\"https:\/\/fonts.googleapis.com\" crossorigin>\n<link rel=\"preconnect\" href=\"https:\/\/fonts.gstatic.com\" crossorigin>\n\t\t<meta property=\"og:locale\" content=\"es_ES\" \/>\n\t\t<meta property=\"og:site_name\" content=\"SoyMigrante.com REVISTA \u2013 Nuestra misi\u00f3n es reconocer y dignificar al migrante.\" \/>\n\t\t<meta property=\"og:type\" content=\"article\" \/>\n\t\t<meta property=\"og:title\" content=\"Remesas migrantes son el mejor recurso para reducir pobreza\" \/>\n\t\t<meta property=\"og:description\" content=\"M\u00e1s que cualquier estrategia estal, las remesas enviadas por migrantes a sus familias han combatido la pobreza en comunidades, declara investigador guatemalteco.\" \/>\n\t\t<meta property=\"og:url\" content=\"https:\/\/soymigrante.com\/revista\/remesas-han-sido-el-recurso-mas-efectivo-para-reducir-pobreza-afirma-economista-guillermo-diaz\/\" \/>\n\t\t<meta property=\"og:image\" content=\"https:\/\/soymigrante.com\/revista\/wp-content\/uploads\/2025\/01\/remesas-migranes.webp\" \/>\n\t\t<meta property=\"og:image:secure_url\" content=\"https:\/\/soymigrante.com\/revista\/wp-content\/uploads\/2025\/01\/remesas-migranes.webp\" \/>\n\t\t<meta property=\"og:image:width\" content=\"695\" \/>\n\t\t<meta property=\"og:image:height\" content=\"695\" \/>\n\t\t<meta property=\"article:published_time\" content=\"2025-01-29T20:21:22+00:00\" \/>\n\t\t<meta property=\"article:modified_time\" content=\"2025-06-05T17:24:51+00:00\" \/>\n\t\t<meta property=\"article:publisher\" content=\"https:\/\/www.facebook.com\/soymigrantecom\" \/>\n\t\t<meta name=\"twitter:card\" content=\"summary_large_image\" \/>\n\t\t<meta name=\"twitter:site\" content=\"@SoyMigrante_com\" \/>\n\t\t<meta name=\"twitter:title\" content=\"Remesas migrantes son el mejor recurso para reducir pobreza\" \/>\n\t\t<meta name=\"twitter:description\" content=\"M\u00e1s que cualquier estrategia estal, las remesas enviadas por migrantes a sus familias han combatido la pobreza en comunidades, declara investigador guatemalteco.\" \/>\n\t\t<meta name=\"twitter:creator\" content=\"@SoyMigrante_com\" \/>\n\t\t<meta name=\"twitter:image\" content=\"https:\/\/soymigrante.com\/revista\/wp-content\/uploads\/2025\/01\/remesas-migranes.webp\" \/>\n\t\t<!-- All in One SEO Pro -->\r\n\t\t<title>Remesas migrantes son el mejor recurso para reducir pobreza<\/title>\n\n","aioseo_head_json":{"title":"Remesas migrantes son el mejor recurso para reducir pobreza","description":"M\u00e1s que cualquier estrategia estal, las remesas enviadas por migrantes a sus familias han combatido la pobreza en comunidades, declara investigador guatemalteco.","canonical_url":"https:\/\/soymigrante.com\/revista\/remesas-han-sido-el-recurso-mas-efectivo-para-reducir-pobreza-afirma-economista-guillermo-diaz\/","robots":"max-snippet:-1, max-image-preview:large, max-video-preview:-1","keywords":"","webmasterTools":{"miscellaneous":"&lt;link rel=\"preconnect\" href=\"https:\/\/fonts.googleapis.com\" crossorigin&gt;\n&lt;link rel=\"preconnect\" href=\"https:\/\/fonts.gstatic.com\" crossorigin&gt;"},"schema":null,"og:locale":"es_ES","og:site_name":"SoyMigrante.com REVISTA \u2013 Nuestra misi\u00f3n es reconocer y dignificar al migrante.","og:type":"article","og:title":"Remesas migrantes son el mejor recurso para reducir pobreza","og:description":"M\u00e1s que cualquier estrategia estal, las remesas enviadas por migrantes a sus familias han combatido la pobreza en comunidades, declara investigador guatemalteco.","og:url":"https:\/\/soymigrante.com\/revista\/remesas-han-sido-el-recurso-mas-efectivo-para-reducir-pobreza-afirma-economista-guillermo-diaz\/","og:image":"https:\/\/soymigrante.com\/revista\/wp-content\/uploads\/2025\/01\/remesas-migranes.webp","og:image:secure_url":"https:\/\/soymigrante.com\/revista\/wp-content\/uploads\/2025\/01\/remesas-migranes.webp","og:image:width":695,"og:image:height":695,"article:published_time":"2025-01-29T20:21:22+00:00","article:modified_time":"2025-06-05T17:24:51+00:00","article:publisher":"https:\/\/www.facebook.com\/soymigrantecom","twitter:card":"summary_large_image","twitter:site":"@SoyMigrante_com","twitter:title":"Remesas migrantes son el mejor recurso para reducir pobreza","twitter:description":"M\u00e1s que cualquier estrategia estal, las remesas enviadas por migrantes a sus familias han combatido la pobreza en comunidades, declara investigador guatemalteco.","twitter:creator":"@SoyMigrante_com","twitter:image":"https:\/\/soymigrante.com\/revista\/wp-content\/uploads\/2025\/01\/remesas-migranes.webp"},"aioseo_meta_data":{"post_id":"48222","title":"Las 3 teor\u00edas sobre el efecto de las remesas migrantes","description":"Las remesas son un acto de amor y responsabilidad de los migrantes guatemaltecos a sus familias. En el plano social y econ\u00f3mico su efecto se enfoca de 3 maneras","keywords":null,"keyphrases":{"focus":{"keyphrase":"Remesas","score":78,"analysis":{"keyphraseInTitle":{"score":9,"maxScore":9,"error":0},"keyphraseInDescription":{"score":9,"maxScore":9,"error":0},"keyphraseLength":{"score":9,"maxScore":9,"error":0,"length":1},"keyphraseInURL":{"score":5,"maxScore":5,"error":0},"keyphraseInIntroduction":{"score":9,"maxScore":9,"error":0},"keyphraseInSubHeadings":{"score":3,"maxScore":9,"error":1},"keyphraseInImageAlt":{"score":9,"maxScore":9,"error":0},"keywordDensity":{"type":"high","score":0,"maxScore":9,"error":1}}},"additional":[{"keyphrase":"Migrantes","score":100,"analysis":{"keyphraseInDescription":{"score":9,"maxScore":9,"error":0},"keyphraseLength":{"score":9,"maxScore":9,"error":0,"length":1},"keyphraseInIntroduction":{"score":9,"maxScore":9,"error":0},"keyphraseInImageAlt":{"score":9,"maxScore":9,"error":0},"keywordDensity":{"type":"best","score":9,"maxScore":9,"error":0}}}]},"primary_term":null,"canonical_url":null,"og_title":null,"og_description":null,"og_object_type":"default","og_image_type":"default","og_image_url":null,"og_image_width":null,"og_image_height":null,"og_image_custom_url":null,"og_image_custom_fields":null,"og_video":"","og_custom_url":null,"og_article_section":null,"og_article_tags":null,"twitter_use_og":false,"twitter_card":"default","twitter_image_type":"default","twitter_image_url":null,"twitter_image_custom_url":null,"twitter_image_custom_fields":null,"twitter_title":null,"twitter_description":null,"schema":{"blockGraphs":[],"customGraphs":[],"default":{"data":{"Article":[],"Course":[],"Dataset":[],"FAQPage":[],"Movie":[],"Person":[],"Product":[],"ProductReview":[],"Car":[],"Recipe":[],"Service":[],"SoftwareApplication":[],"WebPage":[]},"graphName":"NewsArticle","isEnabled":true},"graphs":[]},"schema_type":"default","schema_type_options":null,"pillar_content":false,"robots_default":true,"robots_noindex":false,"robots_noarchive":false,"robots_nosnippet":false,"robots_nofollow":false,"robots_noimageindex":false,"robots_noodp":false,"robots_notranslate":false,"robots_max_snippet":"-1","robots_max_videopreview":"-1","robots_max_imagepreview":"large","priority":null,"frequency":"default","local_seo":null,"seo_analyzer_scan_date":"2025-11-06 17:02:14","breadcrumb_settings":null,"limit_modified_date":false,"reviewed_by":"0","open_ai":null,"ai":{"faqs":[],"keyPoints":[],"titles":[],"descriptions":[],"socialPosts":{"email":[],"linkedin":[],"twitter":[],"facebook":[],"instagram":[]}},"created":"2025-11-06 15:36:10","updated":"2026-02-05 07:00:15"},"aioseo_breadcrumb":"<div class=\"aioseo-breadcrumbs\"><span class=\"aioseo-breadcrumb\">\n\t<a href=\"https:\/\/soymigrante.com\/revista\" title=\"Home\">Home<\/a>\n<\/span><span class=\"aioseo-breadcrumb-separator\">\u00bb<\/span><span class=\"aioseo-breadcrumb\">\n\t<a href=\"https:\/\/soymigrante.com\/revista\/category\/estamos-unidos\/\" title=\"Estamos Unidos\">Estamos Unidos<\/a>\n<\/span><span class=\"aioseo-breadcrumb-separator\">\u00bb<\/span><span class=\"aioseo-breadcrumb\">\n\tLas tres teor\u00edas sobre el efecto real de las remesas migrantes a largo plazo\n<\/span><\/div>","aioseo_breadcrumb_json":[{"label":"Home","link":"https:\/\/soymigrante.com\/revista"},{"label":"Estamos Unidos","link":"https:\/\/soymigrante.com\/revista\/category\/estamos-unidos\/"},{"label":"Las tres teor\u00edas sobre el efecto real de las remesas migrantes a largo plazo","link":"https:\/\/soymigrante.com\/revista\/las-tres-teorias-sobre-el-efecto-real-de-las-remesas-migrantes\/"}],"_links":{"self":[{"href":"https:\/\/soymigrante.com\/revista\/wp-json\/wp\/v2\/posts\/48222","targetHints":{"allow":["GET"]}}],"collection":[{"href":"https:\/\/soymigrante.com\/revista\/wp-json\/wp\/v2\/posts"}],"about":[{"href":"https:\/\/soymigrante.com\/revista\/wp-json\/wp\/v2\/types\/post"}],"author":[{"embeddable":true,"href":"https:\/\/soymigrante.com\/revista\/wp-json\/wp\/v2\/users\/1"}],"replies":[{"embeddable":true,"href":"https:\/\/soymigrante.com\/revista\/wp-json\/wp\/v2\/comments?post=48222"}],"version-history":[{"count":6,"href":"https:\/\/soymigrante.com\/revista\/wp-json\/wp\/v2\/posts\/48222\/revisions"}],"predecessor-version":[{"id":48234,"href":"https:\/\/soymigrante.com\/revista\/wp-json\/wp\/v2\/posts\/48222\/revisions\/48234"}],"wp:featuredmedia":[{"embeddable":true,"href":"https:\/\/soymigrante.com\/revista\/wp-json\/wp\/v2\/media\/48235"}],"wp:attachment":[{"href":"https:\/\/soymigrante.com\/revista\/wp-json\/wp\/v2\/media?parent=48222"}],"wp:term":[{"taxonomy":"category","embeddable":true,"href":"https:\/\/soymigrante.com\/revista\/wp-json\/wp\/v2\/categories?post=48222"},{"taxonomy":"post_tag","embeddable":true,"href":"https:\/\/soymigrante.com\/revista\/wp-json\/wp\/v2\/tags?post=48222"}],"curies":[{"name":"wp","href":"https:\/\/api.w.org\/{rel}","templated":true}]}}