{"id":48207,"date":"2025-11-06T09:25:15","date_gmt":"2025-11-06T15:25:15","guid":{"rendered":"https:\/\/soymigrante.com\/revista\/?p=48207"},"modified":"2025-11-06T11:35:16","modified_gmt":"2025-11-06T17:35:16","slug":"josue-morales-urbina-convierte-el-arte-en-un-hogar-entre-fronteras-desde-ny","status":"publish","type":"post","link":"https:\/\/soymigrante.com\/revista\/josue-morales-urbina-convierte-el-arte-en-un-hogar-entre-fronteras-desde-ny\/","title":{"rendered":"Josu\u00e9 Morales Urbina convierte el arte en un hogar entre fronteras desde New York"},"content":{"rendered":"\t\t<div data-elementor-type=\"wp-post\" data-elementor-id=\"48207\" class=\"elementor elementor-48207\" data-elementor-post-type=\"post\">\n\t\t\t\t<div data-particle_enable=\"false\" data-particle-mobile-disabled=\"false\" class=\"elementor-element elementor-element-6280372 e-flex e-con-boxed e-con e-parent\" data-id=\"6280372\" data-element_type=\"container\" data-e-type=\"container\">\n\t\t\t\t\t<div class=\"e-con-inner\">\n\t\t\t\t<div class=\"elementor-element elementor-element-ab26591 elementor-widget elementor-widget-heading\" data-id=\"ab26591\" data-element_type=\"widget\" data-e-type=\"widget\" data-widget_type=\"heading.default\">\n\t\t\t\t\t<h2 class=\"elementor-heading-title elementor-size-default\">Artista guatemalteco Josu\u00e9 Morales Urbina residente en New York, sorprende con sus instalaciones elaboradas a partir de materiales muy simples pero que se convierten en reto a la imaginaci\u00f3n.<\/h2>\t\t\t\t<\/div>\n\t\t\t\t\t<\/div>\n\t\t\t\t<\/div>\n\t\t<div data-particle_enable=\"false\" data-particle-mobile-disabled=\"false\" class=\"elementor-element elementor-element-e2495a3 e-flex e-con-boxed e-con e-parent\" data-id=\"e2495a3\" data-element_type=\"container\" data-e-type=\"container\">\n\t\t\t\t\t<div class=\"e-con-inner\">\n\t\t\t\t<div class=\"elementor-element elementor-element-eb73d1f elementor-widget elementor-widget-text-editor\" data-id=\"eb73d1f\" data-element_type=\"widget\" data-e-type=\"widget\" data-widget_type=\"text-editor.default\">\n\t\t\t\t\t\t\t\t\t<p>Nacido en <a href=\"https:\/\/soymigrante.com\/revista\/departamentos-de-guatemala-guatemala-tiene-la-mayor-area-metropolitana\/\">Ciudad de Guatemala<\/a> y radicado en <a href=\"https:\/\/soymigrante.com\/revista\/textiles-dla-rossa-de-totonicapan-se-presenta-en-new-york-fashion-week-2025\/\">Nueva York<\/a>, Josu\u00e9 Morales Urbina es un artista de instalaci\u00f3n que ha hecho del desarraigo un territorio creativo. Su obra indaga en el &#8220;desplazamiento transcultural&#8221;, la &#8220;impermanencia de la memoria&#8221; y la &#8220;b\u00fasqueda de pertenencia&#8221;.<\/p><p>Estos temas que emergen de su experiencia como &#8220;third culture kid&#8221;: alguien que creci\u00f3 entre dos culturas y que se ve influenciado por ambas, como si estuviera entre dos fronteras en un territorio neutral: &#8220;Mi pr\u00e1ctica art\u00edstica es mi hogar&#8230; y creo <a href=\"https:\/\/soymigrante.com\/revista\/category\/guate-nuestra\/arte-cultura\/\">arte<\/a> para construir un lugar para m\u00ed mismo\u201d, dijo en una entrevista.<\/p>\t\t\t\t\t\t\t\t<\/div>\n\t\t\t\t\t<\/div>\n\t\t\t\t<\/div>\n\t\t<div data-particle_enable=\"false\" data-particle-mobile-disabled=\"false\" class=\"elementor-element elementor-element-c5e5db9 e-flex e-con-boxed e-con e-parent\" data-id=\"c5e5db9\" data-element_type=\"container\" data-e-type=\"container\">\n\t\t\t\t\t<div class=\"e-con-inner\">\n\t\t\t\t<div class=\"elementor-element elementor-element-3b6f9b9 elementor-widget elementor-widget-image\" data-id=\"3b6f9b9\" data-element_type=\"widget\" data-e-type=\"widget\" data-widget_type=\"image.default\">\n\t\t\t\t\t\t\t\t\t\t\t\t<figure class=\"wp-caption\">\n\t\t\t\t\t\t\t\t\t\t<img fetchpriority=\"high\" decoding=\"async\" width=\"819\" height=\"1024\" src=\"https:\/\/soymigrante.com\/revista\/wp-content\/uploads\/2025\/11\/josue-morales-urbina-guatemalteco-ny-819x1024.jpeg\" class=\"attachment-large size-large wp-image-48212\" alt=\"El artista guatemalteco radicado en Nueva York, Jos\u00e9 Morales Urbina propone obras de arte que desaf\u00edan los sentidos a partir de elementos muy sencillos, reciclables, casi desechables pero convertidos en un mensaje que se queda en la memoria. (foto instagram Josu\u00e9 Morales Urbina)\" srcset=\"https:\/\/soymigrante.com\/revista\/wp-content\/uploads\/2025\/11\/josue-morales-urbina-guatemalteco-ny-819x1024.jpeg 819w, https:\/\/soymigrante.com\/revista\/wp-content\/uploads\/2025\/11\/josue-morales-urbina-guatemalteco-ny-240x300.jpeg 240w, https:\/\/soymigrante.com\/revista\/wp-content\/uploads\/2025\/11\/josue-morales-urbina-guatemalteco-ny-768x960.jpeg 768w, https:\/\/soymigrante.com\/revista\/wp-content\/uploads\/2025\/11\/josue-morales-urbina-guatemalteco-ny-750x938.jpeg 750w, https:\/\/soymigrante.com\/revista\/wp-content\/uploads\/2025\/11\/josue-morales-urbina-guatemalteco-ny.jpeg 1080w\" sizes=\"(max-width: 819px) 100vw, 819px\" title=\"El artista guatemalteco radicado en Nueva York, Jos\u00e9 Morales Urbina propone obras de arte que desaf\u00edan los sentidos  a partir de elementos muy sencillos, reciclables, casi desechables pero convertidos en un mensaje que se queda en la memoria. (foto instagram Josu\u00e9 Morales Urbina) \u2013 SoyMigrante.com REVISTA\" \/>\t\t\t\t\t\t\t\t\t\t\t<figcaption class=\"widget-image-caption wp-caption-text\">El artista guatemalteco radicado en Nueva York, Jos\u00e9 Morales Urbina propone obras de arte que desaf\u00edan los sentidos  a partir de elementos muy sencillos, reciclables, casi desechables pero convertidos en un mensaje que se queda en la memoria. (foto instagram Josu\u00e9 Morales Urbina)<\/figcaption>\n\t\t\t\t\t\t\t\t\t\t<\/figure>\n\t\t\t\t\t\t\t\t\t<\/div>\n\t\t\t\t\t<\/div>\n\t\t\t\t<\/div>\n\t\t<div data-particle_enable=\"false\" data-particle-mobile-disabled=\"false\" class=\"elementor-element elementor-element-a5d0071 e-flex e-con-boxed e-con e-parent\" data-id=\"a5d0071\" data-element_type=\"container\" data-e-type=\"container\">\n\t\t\t\t\t<div class=\"e-con-inner\">\n\t\t\t\t<div class=\"elementor-element elementor-element-30cba32 elementor-widget elementor-widget-text-editor\" data-id=\"30cba32\" data-element_type=\"widget\" data-e-type=\"widget\" data-widget_type=\"text-editor.default\">\n\t\t\t\t\t\t\t\t\t<p>Morales Urbina utiliza materiales ef\u00edmeros \u2014como <a href=\"https:\/\/soymigrante.com\/revista\/cafe-santa-clarita-tradicion-y-sabor-desde-alta-verapaz\/\">caf\u00e9<\/a>, <a href=\"https:\/\/soymigrante.com\/mercado\/miel-de-abeja-orgnica\">miel<\/a>, pan, c\u00e1scaras de mandarina o pajillas\u2014 para construir mundos sensoriales y po\u00e9ticos. \u201cPienso en el material junto a mis recuerdos de infancia\u201d, explica. \u201cEl <a href=\"https:\/\/soymigrante.com\/revista\/yo-naci-migrante-y-creci-migrante-artista-guatemalteca-magda-leon-en-rhode-island\/\">arte<\/a> de instalaci\u00f3n me atrae por la alquimia y las coincidencias que ocurren durante el proceso; es maleable, impredecible, y me permite activar no solo la vista, sino tambi\u00e9n el olfato, el tacto y el sonido\u201d.<\/p>\t\t\t\t\t\t\t\t<\/div>\n\t\t\t\t\t<\/div>\n\t\t\t\t<\/div>\n\t\t<div data-particle_enable=\"false\" data-particle-mobile-disabled=\"false\" class=\"elementor-element elementor-element-53fa3c4 e-flex e-con-boxed e-con e-parent\" data-id=\"53fa3c4\" data-element_type=\"container\" data-e-type=\"container\">\n\t\t\t\t\t<div class=\"e-con-inner\">\n\t\t\t\t<div class=\"elementor-element elementor-element-6a8e5f3 elementor-widget elementor-widget-html\" data-id=\"6a8e5f3\" data-element_type=\"widget\" data-e-type=\"widget\" data-widget_type=\"html.default\">\n\t\t\t\t\t<iframe src=\"https:\/\/www.facebook.com\/plugins\/video.php?height=476&href=https%3A%2F%2Fwww.facebook.com%2Freel%2F1344729279676899%2F&show_text=true&width=267&t=0\" width=\"267\" height=\"591\" style=\"border:none;overflow:hidden\" scrolling=\"no\" frameborder=\"0\" allowfullscreen=\"true\" allow=\"autoplay; clipboard-write; encrypted-media; picture-in-picture; web-share\" allowFullScreen=\"true\"><\/iframe>\t\t\t\t<\/div>\n\t\t\t\t\t<\/div>\n\t\t\t\t<\/div>\n\t\t<div data-particle_enable=\"false\" data-particle-mobile-disabled=\"false\" class=\"elementor-element elementor-element-313cbfd e-flex e-con-boxed e-con e-parent\" data-id=\"313cbfd\" data-element_type=\"container\" data-e-type=\"container\">\n\t\t\t\t\t<div class=\"e-con-inner\">\n\t\t\t\t<div class=\"elementor-element elementor-element-4c26b65 elementor-widget elementor-widget-text-editor\" data-id=\"4c26b65\" data-element_type=\"widget\" data-e-type=\"widget\" data-widget_type=\"text-editor.default\">\n\t\t\t\t\t\t\t\t\t<p>Esa relaci\u00f3n t\u00e1ctil y a la vez multisensorial con la materia proviene de su ni\u00f1ez en <a href=\"https:\/\/soymigrante.com\/revista\/22-departamentos-de-guatemala-un-corazon-multicultural-compartido\/\">Guatemala<\/a>. \u201cMi abuelo era arquitecto y me llevaba a las obras; me fascinaba tocar los materiales, sentirlos. Una vez casi pierdo el dedo me\u00f1ique al cortar una l\u00e1mina de metal\u201d, recuerda entre risas.\u00a0<\/p><p>Tambi\u00e9n evoca a su madre, feliz entre los <a href=\"https:\/\/soymigrante.com\/revista\/category\/guate-nuestra\/recetas-guatemaltecas\/\">ingredientes de su cocina<\/a>: \u201cSu cocina era un laboratorio; de ella aprend\u00ed el gozo de transformar las cosas comunes\u201d.<\/p>\t\t\t\t\t\t\t\t<\/div>\n\t\t\t\t\t<\/div>\n\t\t\t\t<\/div>\n\t\t<div data-particle_enable=\"false\" data-particle-mobile-disabled=\"false\" class=\"elementor-element elementor-element-1dec385 e-flex e-con-boxed e-con e-parent\" data-id=\"1dec385\" data-element_type=\"container\" data-e-type=\"container\">\n\t\t\t\t\t<div class=\"e-con-inner\">\n\t\t\t\t<div class=\"elementor-element elementor-element-235e459 elementor-widget elementor-widget-image\" data-id=\"235e459\" data-element_type=\"widget\" data-e-type=\"widget\" data-widget_type=\"image.default\">\n\t\t\t\t\t\t\t\t\t\t\t\t<figure class=\"wp-caption\">\n\t\t\t\t\t\t\t\t\t\t<img decoding=\"async\" width=\"1140\" height=\"761\" src=\"https:\/\/soymigrante.com\/revista\/wp-content\/uploads\/2025\/11\/la-obra-de-jose-morales-urbina-1140x761.jpg\" class=\"attachment-large size-large wp-image-48213\" alt=\"La instalaci\u00f3n Dasein (Ser ah\u00ed) es una caja elaborada con malla de colmenas combinada con papel por Josu\u00e9 Morales Urbina. Presenta una oportunidad de ver la vida de otra manera.\" srcset=\"https:\/\/soymigrante.com\/revista\/wp-content\/uploads\/2025\/11\/la-obra-de-jose-morales-urbina-1140x761.jpg 1140w, https:\/\/soymigrante.com\/revista\/wp-content\/uploads\/2025\/11\/la-obra-de-jose-morales-urbina-300x200.jpg 300w, https:\/\/soymigrante.com\/revista\/wp-content\/uploads\/2025\/11\/la-obra-de-jose-morales-urbina-768x513.jpg 768w, https:\/\/soymigrante.com\/revista\/wp-content\/uploads\/2025\/11\/la-obra-de-jose-morales-urbina-1536x1025.jpg 1536w, https:\/\/soymigrante.com\/revista\/wp-content\/uploads\/2025\/11\/la-obra-de-jose-morales-urbina-2048x1367.jpg 2048w, https:\/\/soymigrante.com\/revista\/wp-content\/uploads\/2025\/11\/la-obra-de-jose-morales-urbina-750x501.jpg 750w\" sizes=\"(max-width: 1140px) 100vw, 1140px\" title=\"La instalaci\u00f3n Dasein (Ser ah\u00ed) es una caja elaborada con malla de colmenas combinada con papel por  Josu\u00e9 Morales Urbina. Presenta una oportunidad de ver la vida de otra manera. \u2013 SoyMigrante.com REVISTA\" \/>\t\t\t\t\t\t\t\t\t\t\t<figcaption class=\"widget-image-caption wp-caption-text\">La instalaci\u00f3n Dasein (Ser ah\u00ed) es una caja elaborada con malla de colmenas combinada con papel por  Josu\u00e9 Morales Urbina. Presenta una oportunidad de ver la vida de otra manera.<\/figcaption>\n\t\t\t\t\t\t\t\t\t\t<\/figure>\n\t\t\t\t\t\t\t\t\t<\/div>\n\t\t\t\t\t<\/div>\n\t\t\t\t<\/div>\n\t\t<div data-particle_enable=\"false\" data-particle-mobile-disabled=\"false\" class=\"elementor-element elementor-element-901b7bd e-flex e-con-boxed e-con e-parent\" data-id=\"901b7bd\" data-element_type=\"container\" data-e-type=\"container\">\n\t\t\t\t\t<div class=\"e-con-inner\">\n\t\t\t\t<div class=\"elementor-element elementor-element-9cb60af elementor-widget elementor-widget-text-editor\" data-id=\"9cb60af\" data-element_type=\"widget\" data-e-type=\"widget\" data-widget_type=\"text-editor.default\">\n\t\t\t\t\t\t\t\t\t<p>El artista guatemalteco convierte esos objetos cotidianos \u2014pajillas, pan blanco, caf\u00e9, hula hoops reciclados\u2014 en protagonistas de sus instalaciones. \u201cHay poes\u00eda en los materiales ordinarios&#8230; Son parte de la vida dom\u00e9stica y de la identidad de quienes venimos de comunidades (migrantes) minoritarias\u201d, se\u00f1ala. \u201cNosotros queremos vernos grandes, visibles; lo mismo hacen los materiales que uso: dicen \u00a1M\u00edrame, existo!\u201d.<\/p><p>En obras como <a href=\"https:\/\/www.josuemoralesurbina.com\/meliflua\">Meliflua<\/a> (2023) o <a href=\"https:\/\/www.josuemoralesurbina.com\/ikigai\">Ikigai<\/a> (2024), Morales Urbina aborda la tensi\u00f3n entre lo natural y lo artificial, entre la memoria y la modernidad. La primera parte de su inspiraci\u00f3n proviene de un panal de miel de su infancia; la segunda, del aroma de la &#8220;manzana rosa&#8221;, una fruta guatemalteca cuyo olor \u201cparece una rosa, pero es una fruta\u201d.<\/p>\t\t\t\t\t\t\t\t<\/div>\n\t\t\t\t\t<\/div>\n\t\t\t\t<\/div>\n\t\t<div data-particle_enable=\"false\" data-particle-mobile-disabled=\"false\" class=\"elementor-element elementor-element-a0ee7ef e-flex e-con-boxed e-con e-parent\" data-id=\"a0ee7ef\" data-element_type=\"container\" data-e-type=\"container\">\n\t\t\t\t\t<div class=\"e-con-inner\">\n\t\t\t\t<div class=\"elementor-element elementor-element-93ac683 elementor-arrows-position-inside elementor-pagination-position-outside elementor-widget elementor-widget-image-carousel\" data-id=\"93ac683\" data-element_type=\"widget\" data-e-type=\"widget\" data-settings=\"{&quot;slides_to_show&quot;:&quot;1&quot;,&quot;navigation&quot;:&quot;both&quot;,&quot;autoplay&quot;:&quot;yes&quot;,&quot;pause_on_hover&quot;:&quot;yes&quot;,&quot;pause_on_interaction&quot;:&quot;yes&quot;,&quot;autoplay_speed&quot;:5000,&quot;infinite&quot;:&quot;yes&quot;,&quot;effect&quot;:&quot;slide&quot;,&quot;speed&quot;:500}\" data-widget_type=\"image-carousel.default\">\n\t\t\t\t\t\t\t<div class=\"elementor-image-carousel-wrapper swiper\" role=\"region\" aria-roledescription=\"carousel\" aria-label=\"Carrusel de im\u00e1genes\" dir=\"ltr\">\n\t\t\t<div class=\"elementor-image-carousel swiper-wrapper\" aria-live=\"off\">\n\t\t\t\t\t\t\t\t<div class=\"swiper-slide\" role=\"group\" aria-roledescription=\"slide\" aria-label=\"1 de 3\"><figure class=\"swiper-slide-inner\"><img decoding=\"async\" class=\"swiper-slide-image\" src=\"https:\/\/soymigrante.com\/revista\/wp-content\/uploads\/2025\/11\/468052864_17912702646034225_304360070834195529_n.jpg\" alt=\"Meraki es una instlaci\u00f3n hecha con tubos de vidrio rellenos con granos de caf\u00e9., por Josu\u00e9 Morales Urbina.\" \/><figcaption class=\"elementor-image-carousel-caption\">Meraki es una instlaci\u00f3n hecha con tubos de vidrio rellenos con granos de caf\u00e9., por Josu\u00e9 Morales Urbina.<\/figcaption><\/figure><\/div><div class=\"swiper-slide\" role=\"group\" aria-roledescription=\"slide\" aria-label=\"2 de 3\"><figure class=\"swiper-slide-inner\"><img decoding=\"async\" class=\"swiper-slide-image\" src=\"https:\/\/soymigrante.com\/revista\/wp-content\/uploads\/2025\/11\/456655481_17900579379034225_2741912891188601749_n-1140x762.jpg\" alt=\"Meraki es una instlaci\u00f3n hecha con tubos de vidrio rellenos con granos de caf\u00e9., por Josu\u00e9 Morales Urbina.\" \/><figcaption class=\"elementor-image-carousel-caption\">Meraki es una instlaci\u00f3n hecha con tubos de vidrio rellenos con granos de caf\u00e9., por Josu\u00e9 Morales Urbina.<\/figcaption><\/figure><\/div><div class=\"swiper-slide\" role=\"group\" aria-roledescription=\"slide\" aria-label=\"3 de 3\"><figure class=\"swiper-slide-inner\"><img decoding=\"async\" class=\"swiper-slide-image\" src=\"https:\/\/soymigrante.com\/revista\/wp-content\/uploads\/2025\/11\/456869451_17900579370034225_3257437199220527523_n-1140x762.jpg\" alt=\"Meraki es una instlaci\u00f3n hecha con tubos de vidrio rellenos con granos de caf\u00e9., por Josu\u00e9 Morales Urbina.\" \/><figcaption class=\"elementor-image-carousel-caption\">Meraki es una instlaci\u00f3n hecha con tubos de vidrio rellenos con granos de caf\u00e9., por Josu\u00e9 Morales Urbina.<\/figcaption><\/figure><\/div>\t\t\t<\/div>\n\t\t\t\t\t\t\t\t\t\t\t\t<div class=\"elementor-swiper-button elementor-swiper-button-prev\" role=\"button\" tabindex=\"0\">\n\t\t\t\t\t\t<i aria-hidden=\"true\" class=\"eicon-chevron-left\"><\/i>\t\t\t\t\t<\/div>\n\t\t\t\t\t<div class=\"elementor-swiper-button elementor-swiper-button-next\" role=\"button\" tabindex=\"0\">\n\t\t\t\t\t\t<i aria-hidden=\"true\" class=\"eicon-chevron-right\"><\/i>\t\t\t\t\t<\/div>\n\t\t\t\t\n\t\t\t\t\t\t\t\t\t<div class=\"swiper-pagination\"><\/div>\n\t\t\t\t\t\t\t\t\t<\/div>\n\t\t\t\t\t\t<\/div>\n\t\t\t\t\t<\/div>\n\t\t\t\t<\/div>\n\t\t<div data-particle_enable=\"false\" data-particle-mobile-disabled=\"false\" class=\"elementor-element elementor-element-38aece2 e-flex e-con-boxed e-con e-parent\" data-id=\"38aece2\" data-element_type=\"container\" data-e-type=\"container\">\n\t\t\t\t\t<div class=\"e-con-inner\">\n\t\t\t\t<div class=\"elementor-element elementor-element-36359ca elementor-widget elementor-widget-text-editor\" data-id=\"36359ca\" data-element_type=\"widget\" data-e-type=\"widget\" data-widget_type=\"text-editor.default\">\n\t\t\t\t\t\t\t\t\t<p>Para el guatemalteco Josu\u00e9 Morales Urbina cada instalaci\u00f3n es una exploraci\u00f3n de la &#8220;fragilidad del recuerdo y la belleza de lo ef\u00edmero&#8221;.\u00a0 A\u00f1ade: \u201cEl arte de instalaci\u00f3n debe desaparecer y volver a existir \u2014dice\u2014. Como la memoria, se disuelve, pero deja huella\u201d.\u00a0<\/p><p>Con residencias en Skowhegan, Vermont Studio Center y el Textile Arts Center de Brooklyn, su trayectoria fue reconocida con el Jersey City Arts Council Fellowship 2024 y en este octubre 2025 finaliz\u00f3 una exposici\u00f3n de sus instalaciones.<\/p><p>En cada pieza, Josu\u00e9 Morales Urbina crea un espacio donde lo sensorial se encuentra con lo emocional: una casa hecha de memoria, materia y luz.<\/p>\t\t\t\t\t\t\t\t<\/div>\n\t\t\t\t\t<\/div>\n\t\t\t\t<\/div>\n\t\t<div data-particle_enable=\"false\" data-particle-mobile-disabled=\"false\" class=\"elementor-element elementor-element-14be1e1 e-flex e-con-boxed e-con e-parent\" data-id=\"14be1e1\" data-element_type=\"container\" data-e-type=\"container\">\n\t\t\t\t\t<div class=\"e-con-inner\">\n\t\t\t\t<div class=\"elementor-element elementor-element-c1e4df3 elementor-widget elementor-widget-image\" data-id=\"c1e4df3\" data-element_type=\"widget\" data-e-type=\"widget\" data-widget_type=\"image.default\">\n\t\t\t\t\t\t\t\t\t\t\t\t<figure class=\"wp-caption\">\n\t\t\t\t\t\t\t\t\t\t<img decoding=\"async\" width=\"1140\" height=\"760\" src=\"https:\/\/soymigrante.com\/revista\/wp-content\/uploads\/2025\/11\/68c879bba6ce0d7dfd36f146_2_Morales-Urbina_Josue_Meliflua_2024-Josue-Morales-Urbina-copy-1140x760.jpg\" class=\"attachment-large size-large wp-image-48217\" alt=\"Meliflua fue una exposici\u00f3n del guatemalteco Josu\u00e9 Morales Urbina, en la cual combina materiales como el pl\u00e1stico con miel de abejas, como una reflexi\u00f3n sobre la vida, el entorno y el di\u00e1logo intercultural.\" srcset=\"https:\/\/soymigrante.com\/revista\/wp-content\/uploads\/2025\/11\/68c879bba6ce0d7dfd36f146_2_Morales-Urbina_Josue_Meliflua_2024-Josue-Morales-Urbina-copy-1140x760.jpg 1140w, https:\/\/soymigrante.com\/revista\/wp-content\/uploads\/2025\/11\/68c879bba6ce0d7dfd36f146_2_Morales-Urbina_Josue_Meliflua_2024-Josue-Morales-Urbina-copy-300x200.jpg 300w, https:\/\/soymigrante.com\/revista\/wp-content\/uploads\/2025\/11\/68c879bba6ce0d7dfd36f146_2_Morales-Urbina_Josue_Meliflua_2024-Josue-Morales-Urbina-copy-768x512.jpg 768w, https:\/\/soymigrante.com\/revista\/wp-content\/uploads\/2025\/11\/68c879bba6ce0d7dfd36f146_2_Morales-Urbina_Josue_Meliflua_2024-Josue-Morales-Urbina-copy-1536x1024.jpg 1536w, https:\/\/soymigrante.com\/revista\/wp-content\/uploads\/2025\/11\/68c879bba6ce0d7dfd36f146_2_Morales-Urbina_Josue_Meliflua_2024-Josue-Morales-Urbina-copy-2048x1365.jpg 2048w, https:\/\/soymigrante.com\/revista\/wp-content\/uploads\/2025\/11\/68c879bba6ce0d7dfd36f146_2_Morales-Urbina_Josue_Meliflua_2024-Josue-Morales-Urbina-copy-750x500.jpg 750w\" sizes=\"(max-width: 1140px) 100vw, 1140px\" title=\"Meliflua fue una exposici\u00f3n del guatemalteco Josu\u00e9 Morales Urbina, en la cual combina materiales como el pl\u00e1stico con miel de abejas, como una reflexi\u00f3n sobre la vida, el entorno y el di\u00e1logo intercultural. \u2013 SoyMigrante.com REVISTA\" \/>\t\t\t\t\t\t\t\t\t\t\t<figcaption class=\"widget-image-caption wp-caption-text\">Meliflua fue una exposici\u00f3n del guatemalteco Josu\u00e9 Morales Urbina, en la cual combina materiales como el pl\u00e1stico con miel de abejas, como una reflexi\u00f3n sobre la vida, el entorno y el di\u00e1logo intercultural.<\/figcaption>\n\t\t\t\t\t\t\t\t\t\t<\/figure>\n\t\t\t\t\t\t\t\t\t<\/div>\n\t\t\t\t\t<\/div>\n\t\t\t\t<\/div>\n\t\t<div data-particle_enable=\"false\" data-particle-mobile-disabled=\"false\" class=\"elementor-element elementor-element-56db8b0 e-flex e-con-boxed e-con e-parent\" data-id=\"56db8b0\" data-element_type=\"container\" data-e-type=\"container\">\n\t\t\t\t\t<div class=\"e-con-inner\">\n\t\t\t\t<div class=\"elementor-element elementor-element-6b8da02 elementor-widget elementor-widget-heading\" data-id=\"6b8da02\" data-element_type=\"widget\" data-e-type=\"widget\" data-widget_type=\"heading.default\">\n\t\t\t\t\t<h2 class=\"elementor-heading-title elementor-size-default\">Creatividad art\u00edstica guatemalteca sin l\u00edmite<\/h2>\t\t\t\t<\/div>\n\t\t\t\t\t<\/div>\n\t\t\t\t<\/div>\n\t\t<div data-particle_enable=\"false\" data-particle-mobile-disabled=\"false\" class=\"elementor-element elementor-element-786ea0f e-flex e-con-boxed e-con e-parent\" data-id=\"786ea0f\" data-element_type=\"container\" data-e-type=\"container\">\n\t\t\t\t\t<div class=\"e-con-inner\">\n\t\t\t\t<div class=\"elementor-element elementor-element-d550d5a elementor-grid-eael-col-3 elementor-grid-tablet-eael-col-2 elementor-grid-mobile-eael-col-1 elementor-widget elementor-widget-eael-post-grid\" data-id=\"d550d5a\" data-element_type=\"widget\" data-e-type=\"widget\" data-settings=\"{&quot;eael_post_grid_columns&quot;:&quot;eael-col-3&quot;,&quot;eael_post_grid_columns_tablet&quot;:&quot;eael-col-2&quot;,&quot;eael_post_grid_columns_mobile&quot;:&quot;eael-col-1&quot;}\" data-widget_type=\"eael-post-grid.default\">\n\t\t\t\t\t<div id=\"eael-post-grid-d550d5a\" class=\"eael-post-grid-container\">\n            <div class=\"eael-post-grid eael-post-appender eael-post-appender-d550d5a eael-post-grid-style-one\" data-layout-mode=\"masonry\"><article class=\"eael-grid-post  eael-post-grid-column eael-pg-post-42887 category-estamos-unidos\" data-id=\"42887\">\n        <div class=\"eael-grid-post-holder\">\n            <div class=\"eael-grid-post-holder-inner\"><div class=\"eael-entry-media\"><div class=\"eael-entry-overlay fade-in\"><i class=\"far fa-hand-pointer\" aria-hidden=\"true\"><\/i><a href=\"https:\/\/soymigrante.com\/revista\/el-silencio-del-volcan-una-exposicion-que-confronta-la-memoria\/\"><\/a><\/div><div class=\"eael-entry-thumbnail eael-image-ratio\">\n                <img loading=\"lazy\" decoding=\"async\" width=\"1024\" height=\"1024\" src=\"https:\/\/soymigrante.com\/revista\/wp-content\/uploads\/2025\/08\/Rosa-Chavez-e1756322927217-1024x1024.jpg\" class=\"attachment-large size-large wp-image-42888\" alt=\"T\u00e9cnica en m\u00fasica y cultura ind\u00edgena tocando la flauta mientras presenta cer\u00e1mica tradicional en evento cultural.\" srcset=\"https:\/\/soymigrante.com\/revista\/wp-content\/uploads\/2025\/08\/Rosa-Chavez-e1756322927217-1024x1024.jpg 1024w, https:\/\/soymigrante.com\/revista\/wp-content\/uploads\/2025\/08\/Rosa-Chavez-e1756322927217-300x300.jpg 300w, https:\/\/soymigrante.com\/revista\/wp-content\/uploads\/2025\/08\/Rosa-Chavez-e1756322927217-150x150.jpg 150w, https:\/\/soymigrante.com\/revista\/wp-content\/uploads\/2025\/08\/Rosa-Chavez-e1756322927217-768x768.jpg 768w, https:\/\/soymigrante.com\/revista\/wp-content\/uploads\/2025\/08\/Rosa-Chavez-e1756322927217-75x75.webp 75w, https:\/\/soymigrante.com\/revista\/wp-content\/uploads\/2025\/08\/Rosa-Chavez-e1756322927217-750x750.webp 750w, https:\/\/soymigrante.com\/revista\/wp-content\/uploads\/2025\/08\/Rosa-Chavez-e1756322927217-1140x1140.webp 1140w, https:\/\/soymigrante.com\/revista\/wp-content\/uploads\/2025\/08\/Rosa-Chavez-e1756322927217.webp 1440w\" sizes=\"(max-width: 1024px) 100vw, 1024px\" \/>\n            <\/div>\n        <\/div><div class=\"eael-entry-wrapper\"><header class=\"eael-entry-header\"><h2 class=\"eael-entry-title\"><a class=\"eael-grid-post-link\" href=\"https:\/\/soymigrante.com\/revista\/el-silencio-del-volcan-una-exposicion-que-confronta-la-memoria\/\" title=\"El silencio del volc\u00e1n: una exposici\u00f3n que confronta la memoria\">El silencio del volc\u00e1n: una exposici\u00f3n que confronta la memoria<\/a><\/h2><\/header><div class=\"eael-entry-content\">\n                        <div class=\"eael-grid-post-excerpt\"><a href=\"https:\/\/soymigrante.com\/revista\/el-silencio-del-volcan-una-exposicion-que-confronta-la-memoria\/\" class=\"eael-post-elements-readmore-btn\">CONOCE SU HISTORIA <\/a><\/div>\n                    <\/div><\/div><\/div>\n        <\/div>\n    <\/article><article class=\"eael-grid-post  eael-post-grid-column eael-pg-post-39736 category-exitos-guatemala\" data-id=\"39736\">\n        <div class=\"eael-grid-post-holder\">\n            <div class=\"eael-grid-post-holder-inner\"><div class=\"eael-entry-media\"><div class=\"eael-entry-overlay fade-in\"><i class=\"far fa-hand-pointer\" aria-hidden=\"true\"><\/i><a href=\"https:\/\/soymigrante.com\/revista\/yo-naci-migrante-y-creci-migrante-artista-guatemalteca-magda-leon-en-rhode-island\/\"><\/a><\/div><div class=\"eael-entry-thumbnail eael-image-ratio\">\n                <img loading=\"lazy\" decoding=\"async\" width=\"1024\" height=\"1024\" src=\"https:\/\/soymigrante.com\/revista\/wp-content\/uploads\/2025\/07\/artista-migrante-guatemalteca-Magda-Leon-1-1024x1024.jpg\" class=\"attachment-large size-large wp-image-39737\" alt=\"Fotograf\u00eda de una mujer sonriente en una exposici\u00f3n al aire libre con retratos en blanco y negro en una valla de malla, destacando arte, cultura y creatividad en el contexto de SoyMigrante.com REVISTA.\" srcset=\"https:\/\/soymigrante.com\/revista\/wp-content\/uploads\/2025\/07\/artista-migrante-guatemalteca-Magda-Leon-1-1024x1024.jpg 1024w, https:\/\/soymigrante.com\/revista\/wp-content\/uploads\/2025\/07\/artista-migrante-guatemalteca-Magda-Leon-1-300x300.jpg 300w, https:\/\/soymigrante.com\/revista\/wp-content\/uploads\/2025\/07\/artista-migrante-guatemalteca-Magda-Leon-1-150x150.jpg 150w, https:\/\/soymigrante.com\/revista\/wp-content\/uploads\/2025\/07\/artista-migrante-guatemalteca-Magda-Leon-1-768x768.jpg 768w, https:\/\/soymigrante.com\/revista\/wp-content\/uploads\/2025\/07\/artista-migrante-guatemalteca-Magda-Leon-1-75x75.jpg 75w, https:\/\/soymigrante.com\/revista\/wp-content\/uploads\/2025\/07\/artista-migrante-guatemalteca-Magda-Leon-1-750x750.jpg 750w, https:\/\/soymigrante.com\/revista\/wp-content\/uploads\/2025\/07\/artista-migrante-guatemalteca-Magda-Leon-1.jpg 1051w\" sizes=\"(max-width: 1024px) 100vw, 1024px\" \/>\n            <\/div>\n        <\/div><div class=\"eael-entry-wrapper\"><header class=\"eael-entry-header\"><h2 class=\"eael-entry-title\"><a class=\"eael-grid-post-link\" href=\"https:\/\/soymigrante.com\/revista\/yo-naci-migrante-y-creci-migrante-artista-guatemalteca-magda-leon-en-rhode-island\/\" title=\"&#8220;Yo nac\u00ed migrante y crec\u00ed migrante&#8221;: artista guatemalteca Magda Le\u00f3n, en Rhode Island\">&#8220;Yo nac\u00ed migrante y crec\u00ed migrante&#8221;: artista guatemalteca Magda Le\u00f3n, en Rhode Island<\/a><\/h2><\/header><div class=\"eael-entry-content\">\n                        <div class=\"eael-grid-post-excerpt\"><a href=\"https:\/\/soymigrante.com\/revista\/yo-naci-migrante-y-creci-migrante-artista-guatemalteca-magda-leon-en-rhode-island\/\" class=\"eael-post-elements-readmore-btn\">CONOCE SU HISTORIA <\/a><\/div>\n                    <\/div><\/div><\/div>\n        <\/div>\n    <\/article><article class=\"eael-grid-post  eael-post-grid-column eael-pg-post-47826 category-exitos-guatemala\" data-id=\"47826\">\n        <div class=\"eael-grid-post-holder\">\n            <div class=\"eael-grid-post-holder-inner\"><div class=\"eael-entry-media\"><div class=\"eael-entry-overlay fade-in\"><i class=\"far fa-hand-pointer\" aria-hidden=\"true\"><\/i><a href=\"https:\/\/soymigrante.com\/revista\/disenador-guatemalteco-pablo-leon-crea-comics-historia-y-esperanza-en-l-a\/\"><\/a><\/div><div class=\"eael-entry-thumbnail eael-image-ratio\">\n                <img loading=\"lazy\" decoding=\"async\" width=\"684\" height=\"676\" src=\"https:\/\/soymigrante.com\/revista\/wp-content\/uploads\/2025\/10\/pablo-leon-ilustrador-guatemalteco-los-angeles.png\" class=\"attachment-large size-large wp-image-47827\" alt=\"pablo leon ilustrador guatemalteco los angeles\" srcset=\"https:\/\/soymigrante.com\/revista\/wp-content\/uploads\/2025\/10\/pablo-leon-ilustrador-guatemalteco-los-angeles.png 684w, https:\/\/soymigrante.com\/revista\/wp-content\/uploads\/2025\/10\/pablo-leon-ilustrador-guatemalteco-los-angeles-300x296.png 300w, https:\/\/soymigrante.com\/revista\/wp-content\/uploads\/2025\/10\/pablo-leon-ilustrador-guatemalteco-los-angeles-75x75.png 75w\" sizes=\"(max-width: 684px) 100vw, 684px\" \/>\n            <\/div>\n        <\/div><div class=\"eael-entry-wrapper\"><header class=\"eael-entry-header\"><h2 class=\"eael-entry-title\"><a class=\"eael-grid-post-link\" href=\"https:\/\/soymigrante.com\/revista\/disenador-guatemalteco-pablo-leon-crea-comics-historia-y-esperanza-en-l-a\/\" title=\"Dise\u00f1ador guatemalteco Pablo Le\u00f3n crea comics, historia y esperanza en Los Angeles\">Dise\u00f1ador guatemalteco Pablo Le\u00f3n crea comics, historia y esperanza en Los Angeles<\/a><\/h2><\/header><div class=\"eael-entry-content\">\n                        <div class=\"eael-grid-post-excerpt\"><a href=\"https:\/\/soymigrante.com\/revista\/disenador-guatemalteco-pablo-leon-crea-comics-historia-y-esperanza-en-l-a\/\" class=\"eael-post-elements-readmore-btn\">CONOCE SU HISTORIA <\/a><\/div>\n                    <\/div><\/div><\/div>\n        <\/div>\n    <\/article><\/div>\n            <div class=\"clearfix\"><\/div>\n        <\/div>\t\t\t\t<\/div>\n\t\t\t\t\t<\/div>\n\t\t\t\t<\/div>\n\t\t\t\t<\/div>\n\t\t","protected":false},"excerpt":{"rendered":"<p>Artista guatemalteco Josu\u00e9 Morales Urbina residente en New York, sorprende con sus instalaciones elaboradas a partir de materiales muy simples pero que se convierten en reto a la imaginaci\u00f3n. Nacido en Ciudad de Guatemala y radicado en Nueva York, Josu\u00e9 Morales Urbina es un artista de instalaci\u00f3n que ha hecho del desarraigo un territorio creativo. [&hellip;]<\/p>\n","protected":false},"author":1,"featured_media":48209,"comment_status":"open","ping_status":"open","sticky":false,"template":"","format":"standard","meta":{"_acf_changed":false,"_eb_attr":"","footnotes":""},"categories":[50,274],"tags":[],"class_list":["post-48207","post","type-post","status-publish","format-standard","has-post-thumbnail","hentry","category-exitos","category-guatemala"],"acf":[],"aioseo_notices":[],"aioseo_head":"\n\t\t<!-- All in One SEO Pro 4.9.6.2 - aioseo.com -->\n\t<meta name=\"description\" content=\"Dise\u00f1ador guatemalteco Pablo Le\u00f3n ha producido historietas y animaciones, incluyendo Spiderman Miles Morales, memoria hist\u00f3rica de Guatemala y cultura maya.\" \/>\n\t<meta name=\"robots\" content=\"max-snippet:-1, max-image-preview:large, max-video-preview:-1\" \/>\n\t<meta name=\"author\" content=\"Gustavo Montenegro\"\/>\n\t<link rel=\"canonical\" href=\"https:\/\/soymigrante.com\/revista\/disenador-guatemalteco-pablo-leon-crea-comics-historia-y-esperanza-en-l-a\/\" \/>\n\t<meta name=\"generator\" content=\"All in One SEO Pro (AIOSEO) 4.9.6.2\" \/>\n\n\t\t<link rel=\"preconnect\" href=\"https:\/\/fonts.googleapis.com\" crossorigin>\n<link rel=\"preconnect\" href=\"https:\/\/fonts.gstatic.com\" crossorigin>\n\t\t<meta property=\"og:locale\" content=\"es_ES\" \/>\n\t\t<meta property=\"og:site_name\" content=\"SoyMigrante.com REVISTA \u2013 Nuestra misi\u00f3n es reconocer y dignificar al migrante.\" \/>\n\t\t<meta property=\"og:type\" content=\"article\" \/>\n\t\t<meta property=\"og:title\" content=\"Pablo Le\u00f3n dibuja comics, realidades y esperanzas en L.A.\" \/>\n\t\t<meta property=\"og:description\" content=\"Dise\u00f1ador guatemalteco Pablo Le\u00f3n ha producido historietas y animaciones, incluyendo Spiderman Miles Morales, memoria hist\u00f3rica de Guatemala y cultura maya.\" \/>\n\t\t<meta property=\"og:url\" content=\"https:\/\/soymigrante.com\/revista\/disenador-guatemalteco-pablo-leon-crea-comics-historia-y-esperanza-en-l-a\/\" \/>\n\t\t<meta property=\"og:image\" content=\"https:\/\/soymigrante.com\/revista\/wp-content\/uploads\/2025\/10\/pablo-leon-ilustrador-guatemalteco-los-angeles.png\" \/>\n\t\t<meta property=\"og:image:secure_url\" content=\"https:\/\/soymigrante.com\/revista\/wp-content\/uploads\/2025\/10\/pablo-leon-ilustrador-guatemalteco-los-angeles.png\" \/>\n\t\t<meta property=\"og:image:width\" content=\"684\" \/>\n\t\t<meta property=\"og:image:height\" content=\"676\" \/>\n\t\t<meta property=\"article:published_time\" content=\"2025-10-28T22:59:21+00:00\" \/>\n\t\t<meta property=\"article:modified_time\" content=\"2025-10-28T23:40:10+00:00\" \/>\n\t\t<meta property=\"article:publisher\" content=\"https:\/\/www.facebook.com\/soymigrantecom\" \/>\n\t\t<meta name=\"twitter:card\" content=\"summary_large_image\" \/>\n\t\t<meta name=\"twitter:site\" content=\"@SoyMigrante_com\" \/>\n\t\t<meta name=\"twitter:title\" content=\"Pablo Le\u00f3n dibuja comics, realidades y esperanzas en L.A.\" \/>\n\t\t<meta name=\"twitter:description\" content=\"Dise\u00f1ador guatemalteco Pablo Le\u00f3n ha producido historietas y animaciones, incluyendo Spiderman Miles Morales, memoria hist\u00f3rica de Guatemala y cultura maya.\" \/>\n\t\t<meta name=\"twitter:creator\" content=\"@SoyMigrante_com\" \/>\n\t\t<meta name=\"twitter:image\" content=\"https:\/\/soymigrante.com\/revista\/wp-content\/uploads\/2025\/10\/pablo-leon-ilustrador-guatemalteco-los-angeles.png\" \/>\n\t\t<!-- All in One SEO Pro -->\r\n\t\t<title>Pablo Le\u00f3n dibuja comics, realidades y esperanzas en L.A.<\/title>\n\n","aioseo_head_json":{"title":"Pablo Le\u00f3n dibuja comics, realidades y esperanzas en L.A.","description":"Dise\u00f1ador guatemalteco Pablo Le\u00f3n ha producido historietas y animaciones, incluyendo Spiderman Miles Morales, memoria hist\u00f3rica de Guatemala y cultura maya.","canonical_url":"https:\/\/soymigrante.com\/revista\/disenador-guatemalteco-pablo-leon-crea-comics-historia-y-esperanza-en-l-a\/","robots":"max-snippet:-1, max-image-preview:large, max-video-preview:-1","keywords":"","webmasterTools":{"miscellaneous":"&lt;link rel=\"preconnect\" href=\"https:\/\/fonts.googleapis.com\" crossorigin&gt;\n&lt;link rel=\"preconnect\" href=\"https:\/\/fonts.gstatic.com\" crossorigin&gt;"},"schema":null,"og:locale":"es_ES","og:site_name":"SoyMigrante.com REVISTA \u2013 Nuestra misi\u00f3n es reconocer y dignificar al migrante.","og:type":"article","og:title":"Pablo Le\u00f3n dibuja comics, realidades y esperanzas en L.A.","og:description":"Dise\u00f1ador guatemalteco Pablo Le\u00f3n ha producido historietas y animaciones, incluyendo Spiderman Miles Morales, memoria hist\u00f3rica de Guatemala y cultura maya.","og:url":"https:\/\/soymigrante.com\/revista\/disenador-guatemalteco-pablo-leon-crea-comics-historia-y-esperanza-en-l-a\/","og:image":"https:\/\/soymigrante.com\/revista\/wp-content\/uploads\/2025\/10\/pablo-leon-ilustrador-guatemalteco-los-angeles.png","og:image:secure_url":"https:\/\/soymigrante.com\/revista\/wp-content\/uploads\/2025\/10\/pablo-leon-ilustrador-guatemalteco-los-angeles.png","og:image:width":684,"og:image:height":676,"article:published_time":"2025-10-28T22:59:21+00:00","article:modified_time":"2025-10-28T23:40:10+00:00","article:publisher":"https:\/\/www.facebook.com\/soymigrantecom","twitter:card":"summary_large_image","twitter:site":"@SoyMigrante_com","twitter:title":"Pablo Le\u00f3n dibuja comics, realidades y esperanzas en L.A.","twitter:description":"Dise\u00f1ador guatemalteco Pablo Le\u00f3n ha producido historietas y animaciones, incluyendo Spiderman Miles Morales, memoria hist\u00f3rica de Guatemala y cultura maya.","twitter:creator":"@SoyMigrante_com","twitter:image":"https:\/\/soymigrante.com\/revista\/wp-content\/uploads\/2025\/10\/pablo-leon-ilustrador-guatemalteco-los-angeles.png"},"aioseo_meta_data":{"post_id":"48207","title":"Artista guatemalteco Josu\u00e9 Morales Urbina sorprende en NY","description":"Radicado en New York, el artista guatemalteco Josu\u00e9 Morales Urbina crea sorprendentes y desafiantes instalaciones a partir de materiales muy sencillos.","keywords":null,"keyphrases":{"focus":{"keyphrase":"Guatemalteco","score":85,"analysis":{"keyphraseInTitle":{"score":9,"maxScore":9,"error":0},"keyphraseInDescription":{"score":9,"maxScore":9,"error":0},"keyphraseLength":{"score":9,"maxScore":9,"error":0,"length":1},"keyphraseInURL":{"score":1,"maxScore":5,"error":1},"keyphraseInIntroduction":{"score":3,"maxScore":9,"error":1},"keyphraseInSubHeadings":{"score":9,"maxScore":9,"error":0},"keyphraseInImageAlt":{"score":9,"maxScore":9,"error":0},"keywordDensity":{"type":"best","score":9,"maxScore":9,"error":0}}},"additional":[{"keyphrase":"Artista","score":100,"analysis":{"keyphraseInDescription":{"score":9,"maxScore":9,"error":0},"keyphraseLength":{"score":9,"maxScore":9,"error":0,"length":1},"keyphraseInIntroduction":{"score":9,"maxScore":9,"error":0},"keyphraseInImageAlt":{"score":9,"maxScore":9,"error":0},"keywordDensity":{"type":"best","score":9,"maxScore":9,"error":0}}}]},"primary_term":null,"canonical_url":null,"og_title":null,"og_description":null,"og_object_type":"default","og_image_type":"default","og_image_url":null,"og_image_width":null,"og_image_height":null,"og_image_custom_url":null,"og_image_custom_fields":null,"og_video":"","og_custom_url":null,"og_article_section":null,"og_article_tags":null,"twitter_use_og":false,"twitter_card":"default","twitter_image_type":"default","twitter_image_url":null,"twitter_image_custom_url":null,"twitter_image_custom_fields":null,"twitter_title":null,"twitter_description":null,"schema":{"blockGraphs":[],"customGraphs":[],"default":{"data":{"Article":[],"Course":[],"Dataset":[],"FAQPage":[],"Movie":[],"Person":[],"Product":[],"ProductReview":[],"Car":[],"Recipe":[],"Service":[],"SoftwareApplication":[],"WebPage":[]},"graphName":"NewsArticle","isEnabled":true},"graphs":[]},"schema_type":"default","schema_type_options":null,"pillar_content":false,"robots_default":true,"robots_noindex":false,"robots_noarchive":false,"robots_nosnippet":false,"robots_nofollow":false,"robots_noimageindex":false,"robots_noodp":false,"robots_notranslate":false,"robots_max_snippet":"-1","robots_max_videopreview":"-1","robots_max_imagepreview":"large","priority":null,"frequency":"default","local_seo":null,"seo_analyzer_scan_date":"2025-11-06 17:36:23","breadcrumb_settings":null,"limit_modified_date":false,"reviewed_by":"0","open_ai":null,"ai":{"faqs":[],"keyPoints":[],"titles":[],"descriptions":[],"socialPosts":{"email":[],"linkedin":[],"twitter":[],"facebook":[],"instagram":[]}},"created":"2025-11-06 13:43:06","updated":"2026-02-05 07:00:14"},"aioseo_breadcrumb":"<div class=\"aioseo-breadcrumbs\"><span class=\"aioseo-breadcrumb\">\n\t<a href=\"https:\/\/soymigrante.com\/revista\" title=\"Home\">Home<\/a>\n<\/span><span class=\"aioseo-breadcrumb-separator\">\u00bb<\/span><span class=\"aioseo-breadcrumb\">\n\t<a href=\"https:\/\/soymigrante.com\/revista\/category\/exitos\/\" title=\"\u00c9xitos\">\u00c9xitos<\/a>\n<\/span><span class=\"aioseo-breadcrumb-separator\">\u00bb<\/span><span class=\"aioseo-breadcrumb\">\n\t<a href=\"https:\/\/soymigrante.com\/revista\/category\/exitos\/guatemala\/\" title=\"Guatemala\">Guatemala<\/a>\n<\/span><span class=\"aioseo-breadcrumb-separator\">\u00bb<\/span><span class=\"aioseo-breadcrumb\">\n\tJosu\u00e9 Morales Urbina convierte el arte en un hogar entre fronteras desde New York\n<\/span><\/div>","aioseo_breadcrumb_json":[{"label":"Home","link":"https:\/\/soymigrante.com\/revista"},{"label":"\u00c9xitos","link":"https:\/\/soymigrante.com\/revista\/category\/exitos\/"},{"label":"Guatemala","link":"https:\/\/soymigrante.com\/revista\/category\/exitos\/guatemala\/"},{"label":"Josu\u00e9 Morales Urbina convierte el arte en un hogar entre fronteras desde New York","link":"https:\/\/soymigrante.com\/revista\/josue-morales-urbina-convierte-el-arte-en-un-hogar-entre-fronteras-desde-ny\/"}],"_links":{"self":[{"href":"https:\/\/soymigrante.com\/revista\/wp-json\/wp\/v2\/posts\/48207","targetHints":{"allow":["GET"]}}],"collection":[{"href":"https:\/\/soymigrante.com\/revista\/wp-json\/wp\/v2\/posts"}],"about":[{"href":"https:\/\/soymigrante.com\/revista\/wp-json\/wp\/v2\/types\/post"}],"author":[{"embeddable":true,"href":"https:\/\/soymigrante.com\/revista\/wp-json\/wp\/v2\/users\/1"}],"replies":[{"embeddable":true,"href":"https:\/\/soymigrante.com\/revista\/wp-json\/wp\/v2\/comments?post=48207"}],"version-history":[{"count":7,"href":"https:\/\/soymigrante.com\/revista\/wp-json\/wp\/v2\/posts\/48207\/revisions"}],"predecessor-version":[{"id":48242,"href":"https:\/\/soymigrante.com\/revista\/wp-json\/wp\/v2\/posts\/48207\/revisions\/48242"}],"wp:featuredmedia":[{"embeddable":true,"href":"https:\/\/soymigrante.com\/revista\/wp-json\/wp\/v2\/media\/48209"}],"wp:attachment":[{"href":"https:\/\/soymigrante.com\/revista\/wp-json\/wp\/v2\/media?parent=48207"}],"wp:term":[{"taxonomy":"category","embeddable":true,"href":"https:\/\/soymigrante.com\/revista\/wp-json\/wp\/v2\/categories?post=48207"},{"taxonomy":"post_tag","embeddable":true,"href":"https:\/\/soymigrante.com\/revista\/wp-json\/wp\/v2\/tags?post=48207"}],"curies":[{"name":"wp","href":"https:\/\/api.w.org\/{rel}","templated":true}]}}