{"id":48173,"date":"2025-11-05T08:17:34","date_gmt":"2025-11-05T14:17:34","guid":{"rendered":"https:\/\/soymigrante.com\/revista\/?p=48173"},"modified":"2025-11-05T08:22:42","modified_gmt":"2025-11-05T14:22:42","slug":"artista-dominick-cocozza-nacido-guatemala-tzutujil-estadounidense-new-england-guatemalan-center","status":"publish","type":"post","link":"https:\/\/soymigrante.com\/revista\/artista-dominick-cocozza-nacido-guatemala-tzutujil-estadounidense-new-england-guatemalan-center\/","title":{"rendered":"Artista Dominick Cocozza, tzutujil estadounidense expone su obra en Centro Guatemalteco de New England"},"content":{"rendered":"\t\t<div data-elementor-type=\"wp-post\" data-elementor-id=\"48173\" class=\"elementor elementor-48173\" data-elementor-post-type=\"post\">\n\t\t\t\t<div data-particle_enable=\"false\" data-particle-mobile-disabled=\"false\" class=\"elementor-element elementor-element-feabcbd e-flex e-con-boxed e-con e-parent\" data-id=\"feabcbd\" data-element_type=\"container\" data-e-type=\"container\">\n\t\t\t\t\t<div class=\"e-con-inner\">\n\t\t\t\t<div class=\"elementor-element elementor-element-d0a513c elementor-widget elementor-widget-heading\" data-id=\"d0a513c\" data-element_type=\"widget\" data-e-type=\"widget\" data-widget_type=\"heading.default\">\n\t\t\t\t\t<h2 class=\"elementor-heading-title elementor-size-default\">Mu\u00f1ecas \"quitapenas\" de Guatemala estelarizan las pinturas de Dominick Cocozza, artista tzutujil nacido en Suchitep\u00e9quez, adoptado en USA, quien reconoce con orgullo sus ra\u00edces. El Guatemalan Center de New England present\u00f3 su exposici\u00f3n \"Me acuerdo\".<\/h2>\t\t\t\t<\/div>\n\t\t\t\t\t<\/div>\n\t\t\t\t<\/div>\n\t\t<div data-particle_enable=\"false\" data-particle-mobile-disabled=\"false\" class=\"elementor-element elementor-element-b3e2b79 e-flex e-con-boxed e-con e-parent\" data-id=\"b3e2b79\" data-element_type=\"container\" data-e-type=\"container\">\n\t\t\t\t\t<div class=\"e-con-inner\">\n\t\t\t\t<div class=\"elementor-element elementor-element-bc2556d elementor-widget elementor-widget-text-editor\" data-id=\"bc2556d\" data-element_type=\"widget\" data-e-type=\"widget\" data-widget_type=\"text-editor.default\">\n\t\t\t\t\t\t\t\t\t<p>Nacido en Mazatenango, <a href=\"https:\/\/soymigrante.com\/revista\/departamentos-de-guatemala-suchitepequez-es-llamado-la-tierra-del-venado\/\">Suchitep\u00e9que<\/a>z, Guatemala en 2001 y adoptado siendo un beb\u00e9 por una familia estadounidense,&nbsp; el artista Dominick Cocozza no habla espa\u00f1ol, pero s\u00ed un lenguaje universal: el del arte. Creci\u00f3 en Washington DC, muy cerca del Congreso de Estados Unidos.<\/p><p>Hoy, radicado en Providence, Rhode Island, onvierte su historia y su trabajo pict\u00f3rico en un puente entre culturas, identidades y memorias. A sus 24 a\u00f1os, este artista guatemalteco <a href=\"https:\/\/soymigrante.com\/revista\/pueblo-tzutujil-se-cobija-en-el-lago-atitlan-hace-mas-de-7-siglos\/\">maya tzutujil<\/a> estadounidense se perfila como una de las voces j\u00f3venes m\u00e1s singulares del arte contempor\u00e1neo latino, que expuso sus pinturas en el <a href=\"https:\/\/soymigrante.com\/revista\/barriletes-gigantes-y-homenaje-en-memoria-de-seres-queridos-en-rhode-island\/\">Centro Guatemalteco de Rhode Island.<\/a><\/p>\t\t\t\t\t\t\t\t<\/div>\n\t\t\t\t\t<\/div>\n\t\t\t\t<\/div>\n\t\t<div data-particle_enable=\"false\" data-particle-mobile-disabled=\"false\" class=\"elementor-element elementor-element-dac7374 e-flex e-con-boxed e-con e-parent\" data-id=\"dac7374\" data-element_type=\"container\" data-e-type=\"container\">\n\t\t\t\t\t<div class=\"e-con-inner\">\n\t\t\t\t<div class=\"elementor-element elementor-element-576d08e elementor-widget elementor-widget-image\" data-id=\"576d08e\" data-element_type=\"widget\" data-e-type=\"widget\" data-widget_type=\"image.default\">\n\t\t\t\t\t\t\t\t\t\t\t\t<figure class=\"wp-caption\">\n\t\t\t\t\t\t\t\t\t\t<img fetchpriority=\"high\" decoding=\"async\" width=\"768\" height=\"1024\" src=\"https:\/\/soymigrante.com\/revista\/wp-content\/uploads\/2025\/11\/dominick-cocozza-pintor-tzutujil-adoptado-en-estados-unidos-10-768x1024.jpg\" class=\"attachment-large size-large wp-image-48181\" alt=\"Yo soy Tzutujil, es el expresivo t\u00edtulo de esta pintura de Dominick Cocozza, en la cual mu\u00f1equitos tradicionales guatemaltecos se convierten en protagonistas de un reconocimiento de identidad. (Foto Nacho M\u00e9ndez)\" srcset=\"https:\/\/soymigrante.com\/revista\/wp-content\/uploads\/2025\/11\/dominick-cocozza-pintor-tzutujil-adoptado-en-estados-unidos-10-768x1024.jpg 768w, https:\/\/soymigrante.com\/revista\/wp-content\/uploads\/2025\/11\/dominick-cocozza-pintor-tzutujil-adoptado-en-estados-unidos-10-225x300.jpg 225w, https:\/\/soymigrante.com\/revista\/wp-content\/uploads\/2025\/11\/dominick-cocozza-pintor-tzutujil-adoptado-en-estados-unidos-10-1152x1536.jpg 1152w, https:\/\/soymigrante.com\/revista\/wp-content\/uploads\/2025\/11\/dominick-cocozza-pintor-tzutujil-adoptado-en-estados-unidos-10-750x1000.jpg 750w, https:\/\/soymigrante.com\/revista\/wp-content\/uploads\/2025\/11\/dominick-cocozza-pintor-tzutujil-adoptado-en-estados-unidos-10-1140x1520.jpg 1140w, https:\/\/soymigrante.com\/revista\/wp-content\/uploads\/2025\/11\/dominick-cocozza-pintor-tzutujil-adoptado-en-estados-unidos-10.jpg 1536w\" sizes=\"(max-width: 768px) 100vw, 768px\" title=\"Yo soy Tzutujil, es el expresivo t\u00edtulo de esta pintura de Dominick Cocozza, en la cual mu\u00f1equitos tradicionales guatemaltecos se convierten en protagonistas de un reconocimiento de identidad. (Foto Nacho M\u00e9ndez) \u2013 SoyMigrante.com REVISTA\" \/>\t\t\t\t\t\t\t\t\t\t\t<figcaption class=\"widget-image-caption wp-caption-text\">Yo soy Tzutujil, es el expresivo t\u00edtulo de esta pintura de Dominick Cocozza, en la cual mu\u00f1equitos tradicionales guatemaltecos se convierten en protagonistas de un reconocimiento de identidad. (Foto Nacho M\u00e9ndez)<\/figcaption>\n\t\t\t\t\t\t\t\t\t\t<\/figure>\n\t\t\t\t\t\t\t\t\t<\/div>\n\t\t\t\t\t<\/div>\n\t\t\t\t<\/div>\n\t\t<div data-particle_enable=\"false\" data-particle-mobile-disabled=\"false\" class=\"elementor-element elementor-element-6fe4493 e-flex e-con-boxed e-con e-parent\" data-id=\"6fe4493\" data-element_type=\"container\" data-e-type=\"container\">\n\t\t\t\t\t<div class=\"e-con-inner\">\n\t\t\t\t<div class=\"elementor-element elementor-element-8530056 elementor-widget elementor-widget-heading\" data-id=\"8530056\" data-element_type=\"widget\" data-e-type=\"widget\" data-widget_type=\"heading.default\">\n\t\t\t\t\t<h3 class=\"elementor-heading-title elementor-size-default\">Una Guatemalita en pleno Rhode Island<\/h3>\t\t\t\t<\/div>\n\t\t\t\t\t<\/div>\n\t\t\t\t<\/div>\n\t\t<div data-particle_enable=\"false\" data-particle-mobile-disabled=\"false\" class=\"elementor-element elementor-element-9493a1e e-flex e-con-boxed e-con e-parent\" data-id=\"9493a1e\" data-element_type=\"container\" data-e-type=\"container\">\n\t\t\t\t\t<div class=\"e-con-inner\">\n\t\t\t\t<div class=\"elementor-element elementor-element-e83e797 elementor-widget elementor-widget-text-editor\" data-id=\"e83e797\" data-element_type=\"widget\" data-e-type=\"widget\" data-widget_type=\"text-editor.default\">\n\t\t\t\t\t\t\t\t\t<p>As\u00ed se pudo ver en la exposici\u00f3n de pinturas Me acuerdo, <a href=\"https:\/\/www.dcocozzastudios.com\/about\">de Dominick Cocozza<\/a> que fue efectuada con el auspicio del Guatemalan Center of New England, en la cual fue posible admirar a mu\u00f1ecas t\u00edpicas guatemaltecas convertirse en protagonistas de escenas e historias, con profundo sentido de identidad y a la vez lenguaje universal.<\/p>\t\t\t\t\t\t\t\t<\/div>\n\t\t\t\t\t<\/div>\n\t\t\t\t<\/div>\n\t\t<div data-particle_enable=\"false\" data-particle-mobile-disabled=\"false\" class=\"elementor-element elementor-element-f764349 e-flex e-con-boxed e-con e-parent\" data-id=\"f764349\" data-element_type=\"container\" data-e-type=\"container\">\n\t\t\t\t\t<div class=\"e-con-inner\">\n\t\t\t\t<div class=\"elementor-element elementor-element-de07125 elementor-widget elementor-widget-text-editor\" data-id=\"de07125\" data-element_type=\"widget\" data-e-type=\"widget\" data-widget_type=\"text-editor.default\">\n\t\t\t\t\t\t\t\t\t<p style=\"font-style: normal; font-variant-ligatures: normal; font-variant-caps: normal; font-weight: 400; font-size: 22px; font-family: Roboto, sans-serif;\"><a href=\"https:\/\/soymigrante.com\/revista\/cada-guatemalteco-que-pueda-votar-en-usa-cuenta-tiana-ochoa-lider-migrante-en-rhode-island\/\">La directora del Guatemalan Center of New England, Tiana Ochoa<\/a> exalt\u00f3 la creatividad de Dominick, as\u00ed como su profundo apego a las ra\u00edces de identidad multicultural guatemalteca.<\/p><p>\u201cEl pintor Dominick Cocozza ofrece una mirada profunda y personal a sus ra\u00edces. Sus pinturas\u00a0 son figuras activas que encarnan narrativas personales y la identidad maya tz\u2019utujil del artista\u201d, coment\u00f3 <a href=\"https:\/\/soymigrante.com\/revista\/en-el-camino-migrante-de-nacho-mendez-se-cruzan-el-delivery-el-deporte-y-la-llorona\/\">el migrante y emprendedor guatemalteco Nacho M\u00e9ndez,<\/a> quien asisti\u00f3 a la exposici\u00f3n efectuada en la galer\u00eda Auntie&#8217;s House, de Providence, Rhode Island.<\/p>\t\t\t\t\t\t\t\t<\/div>\n\t\t\t\t\t<\/div>\n\t\t\t\t<\/div>\n\t\t<div data-particle_enable=\"false\" data-particle-mobile-disabled=\"false\" class=\"elementor-element elementor-element-12dd962 e-flex e-con-boxed e-con e-parent\" data-id=\"12dd962\" data-element_type=\"container\" data-e-type=\"container\">\n\t\t\t\t\t<div class=\"e-con-inner\">\n\t\t\t\t<div class=\"elementor-element elementor-element-3de888a elementor-widget elementor-widget-image\" data-id=\"3de888a\" data-element_type=\"widget\" data-e-type=\"widget\" data-widget_type=\"image.default\">\n\t\t\t\t\t\t\t\t\t\t\t\t<figure class=\"wp-caption\">\n\t\t\t\t\t\t\t\t\t\t<img decoding=\"async\" width=\"1140\" height=\"762\" src=\"https:\/\/soymigrante.com\/revista\/wp-content\/uploads\/2025\/11\/dominick-cocozza-pintor-tzutujil-adoptado-en-estados-unidos-2-1140x762.jpg\" class=\"attachment-large size-large wp-image-48180\" alt=\"La directora del Guatemalan Center of New England, Tiana Ochoa, admira una de las pinturas de Dominick Cocozza, artista originario de Mazatenango y adoptado por estadounidenses cuando ten\u00eda un a\u00f1o de edad. (Fotograf\u00eda Nacho M\u00e9ndez)\" srcset=\"https:\/\/soymigrante.com\/revista\/wp-content\/uploads\/2025\/11\/dominick-cocozza-pintor-tzutujil-adoptado-en-estados-unidos-2-1140x762.jpg 1140w, https:\/\/soymigrante.com\/revista\/wp-content\/uploads\/2025\/11\/dominick-cocozza-pintor-tzutujil-adoptado-en-estados-unidos-2-300x200.jpg 300w, https:\/\/soymigrante.com\/revista\/wp-content\/uploads\/2025\/11\/dominick-cocozza-pintor-tzutujil-adoptado-en-estados-unidos-2-768x513.jpg 768w, https:\/\/soymigrante.com\/revista\/wp-content\/uploads\/2025\/11\/dominick-cocozza-pintor-tzutujil-adoptado-en-estados-unidos-2-750x501.jpg 750w, https:\/\/soymigrante.com\/revista\/wp-content\/uploads\/2025\/11\/dominick-cocozza-pintor-tzutujil-adoptado-en-estados-unidos-2.jpg 1212w\" sizes=\"(max-width: 1140px) 100vw, 1140px\" title=\"La directora del Guatemalan Center of New England, Tiana Ochoa, admira una de las pinturas de Dominick Cocozza, artista originario de Mazatenango y adoptado por estadounidenses cuando ten\u00eda un a\u00f1o de edad. (Fotograf\u00eda Nacho M\u00e9ndez) \u2013 SoyMigrante.com REVISTA\" \/>\t\t\t\t\t\t\t\t\t\t\t<figcaption class=\"widget-image-caption wp-caption-text\">La directora del Guatemalan Center of New England, Tiana Ochoa, admira una de las pinturas de Dominick Cocozza, artista originario de Mazatenango y adoptado por estadounidenses cuando ten\u00eda un a\u00f1o de edad. (Fotograf\u00eda C\u00e9sar Teo)<\/figcaption>\n\t\t\t\t\t\t\t\t\t\t<\/figure>\n\t\t\t\t\t\t\t\t\t<\/div>\n\t\t\t\t\t<\/div>\n\t\t\t\t<\/div>\n\t\t<div data-particle_enable=\"false\" data-particle-mobile-disabled=\"false\" class=\"elementor-element elementor-element-69bebd4 e-flex e-con-boxed e-con e-parent\" data-id=\"69bebd4\" data-element_type=\"container\" data-e-type=\"container\">\n\t\t\t\t\t<div class=\"e-con-inner\">\n\t\t\t\t<div class=\"elementor-element elementor-element-814bec6 elementor-widget elementor-widget-heading\" data-id=\"814bec6\" data-element_type=\"widget\" data-e-type=\"widget\" data-widget_type=\"heading.default\">\n\t\t\t\t\t<h3 class=\"elementor-heading-title elementor-size-default\">Talento y sensibilidad de ra\u00edz guatemalteca<\/h3>\t\t\t\t<\/div>\n\t\t\t\t\t<\/div>\n\t\t\t\t<\/div>\n\t\t<div data-particle_enable=\"false\" data-particle-mobile-disabled=\"false\" class=\"elementor-element elementor-element-e61e659 e-flex e-con-boxed e-con e-parent\" data-id=\"e61e659\" data-element_type=\"container\" data-e-type=\"container\">\n\t\t\t\t\t<div class=\"e-con-inner\">\n\t\t\t\t<div class=\"elementor-element elementor-element-838adaf elementor-widget elementor-widget-text-editor\" data-id=\"838adaf\" data-element_type=\"widget\" data-e-type=\"widget\" data-widget_type=\"text-editor.default\">\n\t\t\t\t\t\t\t\t\t<p>El talento de <a href=\"https:\/\/www.dcocozzastudios.com\/about\">Dominick Cocozza<\/a> emergi\u00f3 en 2019, cuando\u00a0 estudiaba en Yorktown High School. Su pintura Migrantes fue seleccionada para exhibirse en el Capitolio de Estados Unidos como parte de la Competici\u00f3n Art\u00edstica del Congreso.\u00a0 La obra mostraba a dos ni\u00f1os con un cartel que dec\u00eda: &#8220;Trae a nuestra madre de regreso\u201d, una referencia directa a la pol\u00edtica de separaci\u00f3n familiar en la frontera estadounidense.<\/p><p>\u201cPara esta pieza en particular, me inspiraron los ni\u00f1os inmigrantes que se han separado de sus familias. Quiero ilustrar este tema en particular para informar a mis compa\u00f1eros de este conflicto crucial en curso\u201d, explic\u00f3 entonces Dominick.<\/p>\t\t\t\t\t\t\t\t<\/div>\n\t\t\t\t\t<\/div>\n\t\t\t\t<\/div>\n\t\t<div data-particle_enable=\"false\" data-particle-mobile-disabled=\"false\" class=\"elementor-element elementor-element-c7dd59c e-flex e-con-boxed e-con e-parent\" data-id=\"c7dd59c\" data-element_type=\"container\" data-e-type=\"container\">\n\t\t\t\t\t<div class=\"e-con-inner\">\n\t\t\t\t<div class=\"elementor-element elementor-element-5a0419b elementor-widget elementor-widget-image\" data-id=\"5a0419b\" data-element_type=\"widget\" data-e-type=\"widget\" data-widget_type=\"image.default\">\n\t\t\t\t\t\t\t\t\t\t\t\t<figure class=\"wp-caption\">\n\t\t\t\t\t\t\t\t\t\t<img decoding=\"async\" width=\"900\" height=\"634\" src=\"https:\/\/soymigrante.com\/revista\/wp-content\/uploads\/2025\/11\/dominick-cocozza-pintor-tzutujil-adoptado-en-estados-unidos-1.jpeg\" class=\"attachment-large size-large wp-image-48182\" alt=\"Esta fue la pintura de Dominick Cocozza, quien entonces estaba en Hish School, con la cual en 2019 fue seleccionado para el Certamen de Arte del Congreso en 2019. Traigan a mi mam\u00e1 de regreso, era el t\u00edtulo y expresaba el drama de las separaciones de menores y padres por pol\u00edticas migratorias inhumanas.\" srcset=\"https:\/\/soymigrante.com\/revista\/wp-content\/uploads\/2025\/11\/dominick-cocozza-pintor-tzutujil-adoptado-en-estados-unidos-1.jpeg 900w, https:\/\/soymigrante.com\/revista\/wp-content\/uploads\/2025\/11\/dominick-cocozza-pintor-tzutujil-adoptado-en-estados-unidos-1-300x211.jpeg 300w, https:\/\/soymigrante.com\/revista\/wp-content\/uploads\/2025\/11\/dominick-cocozza-pintor-tzutujil-adoptado-en-estados-unidos-1-768x541.jpeg 768w, https:\/\/soymigrante.com\/revista\/wp-content\/uploads\/2025\/11\/dominick-cocozza-pintor-tzutujil-adoptado-en-estados-unidos-1-120x86.jpeg 120w, https:\/\/soymigrante.com\/revista\/wp-content\/uploads\/2025\/11\/dominick-cocozza-pintor-tzutujil-adoptado-en-estados-unidos-1-750x528.jpeg 750w\" sizes=\"(max-width: 900px) 100vw, 900px\" title=\"Esta fue la pintura de Dominick Cocozza, quien entonces estaba en Hish School, con la cual en 2019 fue seleccionado para el Certamen de Arte del Congreso en 2019. Traigan a mi mam\u00e1 de regreso, era el t\u00edtulo y expresaba el drama de las separaciones de menores y padres por pol\u00edticas migratorias inhumanas. \u2013 SoyMigrante.com REVISTA\" \/>\t\t\t\t\t\t\t\t\t\t\t<figcaption class=\"widget-image-caption wp-caption-text\">Esta fue la pintura de Dominick Cocozza, quien entonces estaba en Hish School, con la cual en 2019 fue seleccionado para el Certamen de Arte del Congreso en 2019. Traigan a mi mam\u00e1 de regreso, era el t\u00edtulo y expresaba el drama de las separaciones de menores y padres por pol\u00edticas migratorias inhumanas. <\/figcaption>\n\t\t\t\t\t\t\t\t\t\t<\/figure>\n\t\t\t\t\t\t\t\t\t<\/div>\n\t\t\t\t\t<\/div>\n\t\t\t\t<\/div>\n\t\t<div data-particle_enable=\"false\" data-particle-mobile-disabled=\"false\" class=\"elementor-element elementor-element-e55ce97 e-flex e-con-boxed e-con e-parent\" data-id=\"e55ce97\" data-element_type=\"container\" data-e-type=\"container\">\n\t\t\t\t\t<div class=\"e-con-inner\">\n\t\t\t\t<div class=\"elementor-element elementor-element-233be95 elementor-widget elementor-widget-heading\" data-id=\"233be95\" data-element_type=\"widget\" data-e-type=\"widget\" data-widget_type=\"heading.default\">\n\t\t\t\t\t<h3 class=\"elementor-heading-title elementor-size-default\">Mu\u00f1equitas quitapenas signo de identidad  <\/h3>\t\t\t\t<\/div>\n\t\t\t\t\t<\/div>\n\t\t\t\t<\/div>\n\t\t<div data-particle_enable=\"false\" data-particle-mobile-disabled=\"false\" class=\"elementor-element elementor-element-0bbacae e-flex e-con-boxed e-con e-parent\" data-id=\"0bbacae\" data-element_type=\"container\" data-e-type=\"container\">\n\t\t\t\t\t<div class=\"e-con-inner\">\n\t\t\t\t<div class=\"elementor-element elementor-element-8b36fc5 elementor-widget elementor-widget-text-editor\" data-id=\"8b36fc5\" data-element_type=\"widget\" data-e-type=\"widget\" data-widget_type=\"text-editor.default\">\n\t\t\t\t\t\t\t\t\t<p>Aquella pintura fue el inicio de una trayectoria que ha unido sensibilidad social y exploraci\u00f3n identitaria. Tras graduarse de la Escuela de Dise\u00f1o de Rhode Island, con una licenciatura en pintura, Cocozza desarroll\u00f3 un estilo propio. Ha convertido las mu\u00f1equitas de tela, &#8220;quita penas&#8221; de Guatemala, en protagonistas simb\u00f3licas de una reafirmaci\u00f3n.\u00a0<\/p><p>Estas peque\u00f1as figuras, que en la tradici\u00f3n maya tzutujil se usan para ahuyentar las preocupaciones, cobran vida en sus lienzos como avatares de su propia biograf\u00eda. De he hecho, elabor\u00f3 un autorretrato con ellas.<\/p>\t\t\t\t\t\t\t\t<\/div>\n\t\t\t\t\t<\/div>\n\t\t\t\t<\/div>\n\t\t<div data-particle_enable=\"false\" data-particle-mobile-disabled=\"false\" class=\"elementor-element elementor-element-92646b2 e-flex e-con-boxed e-con e-parent\" data-id=\"92646b2\" data-element_type=\"container\" data-e-type=\"container\">\n\t\t\t\t\t<div class=\"e-con-inner\">\n\t\t\t\t<div class=\"elementor-element elementor-element-fdcf1ab elementor-widget elementor-widget-image\" data-id=\"fdcf1ab\" data-element_type=\"widget\" data-e-type=\"widget\" data-widget_type=\"image.default\">\n\t\t\t\t\t\t\t\t\t\t\t\t<figure class=\"wp-caption\">\n\t\t\t\t\t\t\t\t\t\t<img loading=\"lazy\" decoding=\"async\" width=\"1136\" height=\"839\" src=\"https:\/\/soymigrante.com\/revista\/wp-content\/uploads\/2025\/11\/dominick-cocozza-y-tiana-ochoa-2.png\" class=\"attachment-large size-large wp-image-48183\" alt=\"El pintor Dominick Cocozza durante la exposici\u00f3n Me Acuerdo, junto a la directora del Guatemalan Center of New England, Tiana Ochoa. (Foto Nacho M\u00e9ndez)\" srcset=\"https:\/\/soymigrante.com\/revista\/wp-content\/uploads\/2025\/11\/dominick-cocozza-y-tiana-ochoa-2.png 1136w, https:\/\/soymigrante.com\/revista\/wp-content\/uploads\/2025\/11\/dominick-cocozza-y-tiana-ochoa-2-300x222.png 300w, https:\/\/soymigrante.com\/revista\/wp-content\/uploads\/2025\/11\/dominick-cocozza-y-tiana-ochoa-2-768x567.png 768w, https:\/\/soymigrante.com\/revista\/wp-content\/uploads\/2025\/11\/dominick-cocozza-y-tiana-ochoa-2-750x554.png 750w\" sizes=\"(max-width: 1136px) 100vw, 1136px\" title=\"El pintor Dominick Cocozza durante la exposici\u00f3n Me Acuerdo, junto a la directora del Guatemalan Center of New England, Tiana Ochoa. (Foto Nacho M\u00e9ndez) \u2013 SoyMigrante.com REVISTA\" \/>\t\t\t\t\t\t\t\t\t\t\t<figcaption class=\"widget-image-caption wp-caption-text\">El pintor Dominick Cocozza durante la exposici\u00f3n Me Acuerdo, junto a la directora del Guatemalan Center of New England, Tiana Ochoa. (Foto C\u00e9sar Teo)<\/figcaption>\n\t\t\t\t\t\t\t\t\t\t<\/figure>\n\t\t\t\t\t\t\t\t\t<\/div>\n\t\t\t\t\t<\/div>\n\t\t\t\t<\/div>\n\t\t<div data-particle_enable=\"false\" data-particle-mobile-disabled=\"false\" class=\"elementor-element elementor-element-9233af7 e-flex e-con-boxed e-con e-parent\" data-id=\"9233af7\" data-element_type=\"container\" data-e-type=\"container\">\n\t\t\t\t\t<div class=\"e-con-inner\">\n\t\t\t\t<div class=\"elementor-element elementor-element-fa6c250 elementor-widget elementor-widget-image\" data-id=\"fa6c250\" data-element_type=\"widget\" data-e-type=\"widget\" data-widget_type=\"image.default\">\n\t\t\t\t\t\t\t\t\t\t\t\t<figure class=\"wp-caption\">\n\t\t\t\t\t\t\t\t\t\t<img loading=\"lazy\" decoding=\"async\" width=\"1024\" height=\"1024\" src=\"https:\/\/soymigrante.com\/revista\/wp-content\/uploads\/2025\/11\/dominick-cocozza-pintor-tzutujil-adoptado-en-estados-unidos-4-1024x1024.jpg\" class=\"attachment-large size-large wp-image-48187\" alt=\"Autorretrato de Dominick Cocozza en la forma de un mu\u00f1eco quitapenas, con lo cual reafirma su b\u00fasqueda de ra\u00edces de identidad maya en un entorno intercultural. (Foto Nacho M\u00e9ndez)\" srcset=\"https:\/\/soymigrante.com\/revista\/wp-content\/uploads\/2025\/11\/dominick-cocozza-pintor-tzutujil-adoptado-en-estados-unidos-4-1024x1024.jpg 1024w, https:\/\/soymigrante.com\/revista\/wp-content\/uploads\/2025\/11\/dominick-cocozza-pintor-tzutujil-adoptado-en-estados-unidos-4-300x300.jpg 300w, https:\/\/soymigrante.com\/revista\/wp-content\/uploads\/2025\/11\/dominick-cocozza-pintor-tzutujil-adoptado-en-estados-unidos-4-150x150.jpg 150w, https:\/\/soymigrante.com\/revista\/wp-content\/uploads\/2025\/11\/dominick-cocozza-pintor-tzutujil-adoptado-en-estados-unidos-4-768x768.jpg 768w, https:\/\/soymigrante.com\/revista\/wp-content\/uploads\/2025\/11\/dominick-cocozza-pintor-tzutujil-adoptado-en-estados-unidos-4-75x75.jpg 75w, https:\/\/soymigrante.com\/revista\/wp-content\/uploads\/2025\/11\/dominick-cocozza-pintor-tzutujil-adoptado-en-estados-unidos-4-750x750.jpg 750w, https:\/\/soymigrante.com\/revista\/wp-content\/uploads\/2025\/11\/dominick-cocozza-pintor-tzutujil-adoptado-en-estados-unidos-4-1140x1140.jpg 1140w, https:\/\/soymigrante.com\/revista\/wp-content\/uploads\/2025\/11\/dominick-cocozza-pintor-tzutujil-adoptado-en-estados-unidos-4.jpg 1531w\" sizes=\"(max-width: 1024px) 100vw, 1024px\" title=\"Autorretrato de Dominick Cocozza en la forma de un mu\u00f1eco quitapenas, con lo  cual reafirma su b\u00fasqueda de ra\u00edces de identidad maya en un entorno intercultural. (Foto Nacho M\u00e9ndez) \u2013 SoyMigrante.com REVISTA\" \/>\t\t\t\t\t\t\t\t\t\t\t<figcaption class=\"widget-image-caption wp-caption-text\">Autorretrato de Dominick Cocozza en la forma de un mu\u00f1eco quitapenas, con lo  cual reafirma su b\u00fasqueda de ra\u00edces de identidad maya en un entorno intercultural. (Foto Nacho M\u00e9ndez)<\/figcaption>\n\t\t\t\t\t\t\t\t\t\t<\/figure>\n\t\t\t\t\t\t\t\t\t<\/div>\n\t\t\t\t\t<\/div>\n\t\t\t\t<\/div>\n\t\t<div data-particle_enable=\"false\" data-particle-mobile-disabled=\"false\" class=\"elementor-element elementor-element-c7fb323 e-flex e-con-boxed e-con e-parent\" data-id=\"c7fb323\" data-element_type=\"container\" data-e-type=\"container\">\n\t\t\t\t\t<div class=\"e-con-inner\">\n\t\t\t\t<div class=\"elementor-element elementor-element-b2044e5 elementor-widget elementor-widget-heading\" data-id=\"b2044e5\" data-element_type=\"widget\" data-e-type=\"widget\" data-widget_type=\"heading.default\">\n\t\t\t\t\t<h3 class=\"elementor-heading-title elementor-size-default\">\"Que mis obras resuenen\"<\/h3>\t\t\t\t<\/div>\n\t\t\t\t\t<\/div>\n\t\t\t\t<\/div>\n\t\t<div data-particle_enable=\"false\" data-particle-mobile-disabled=\"false\" class=\"elementor-element elementor-element-7b74f27 e-flex e-con-boxed e-con e-parent\" data-id=\"7b74f27\" data-element_type=\"container\" data-e-type=\"container\">\n\t\t\t\t\t<div class=\"e-con-inner\">\n\t\t\t\t<div class=\"elementor-element elementor-element-f1c4677 elementor-widget elementor-widget-text-editor\" data-id=\"f1c4677\" data-element_type=\"widget\" data-e-type=\"widget\" data-widget_type=\"text-editor.default\">\n\t\t\t\t\t\t\t\t\t<p style=\"font-style: normal; font-variant-ligatures: normal; font-variant-caps: normal; font-weight: 400; font-size: 22px; font-family: Roboto, sans-serif;\">\u201cMis pinturas est\u00e1n guiadas por las posibilidades de la mu\u00f1eca quita penas guatemalteca, que encarna mi adopci\u00f3n transracial de Guatemala en 2002 y mi identidad maya tz\u2019utujil. Espero que mis obras resuenen con quienes conectan con la cultura guatemalteca y centroamericana\u201d, dijo en una entrevista con <a href=\"https:\/\/www.golocalprov.com\/lifestyle\/artist-on-the-rise-painter-dominick-cocozza-inside-art-with-michael-rose\">GoLocalProv.<\/a><\/p><p style=\"font-style: normal; font-variant-ligatures: normal; font-variant-caps: normal; font-weight: 400; font-size: 22px; font-family: Roboto, sans-serif;\">En efecto, el trabajo art\u00edstico de Dominick apunta al respeto, la valoraci\u00f3n, la tolerancia y tambi\u00e9n la ruptura de fronteras en favor de la convivencia.<\/p>\t\t\t\t\t\t\t\t<\/div>\n\t\t\t\t\t<\/div>\n\t\t\t\t<\/div>\n\t\t<div data-particle_enable=\"false\" data-particle-mobile-disabled=\"false\" class=\"elementor-element elementor-element-0d8655d e-flex e-con-boxed e-con e-parent\" data-id=\"0d8655d\" data-element_type=\"container\" data-e-type=\"container\">\n\t\t\t\t\t<div class=\"e-con-inner\">\n\t\t\t\t<div class=\"elementor-element elementor-element-de32dca elementor-arrows-position-inside elementor-pagination-position-outside elementor-widget elementor-widget-image-carousel\" data-id=\"de32dca\" data-element_type=\"widget\" data-e-type=\"widget\" data-settings=\"{&quot;slides_to_show&quot;:&quot;1&quot;,&quot;navigation&quot;:&quot;both&quot;,&quot;autoplay&quot;:&quot;yes&quot;,&quot;pause_on_hover&quot;:&quot;yes&quot;,&quot;pause_on_interaction&quot;:&quot;yes&quot;,&quot;autoplay_speed&quot;:5000,&quot;infinite&quot;:&quot;yes&quot;,&quot;effect&quot;:&quot;slide&quot;,&quot;speed&quot;:500}\" data-widget_type=\"image-carousel.default\">\n\t\t\t\t\t\t\t<div class=\"elementor-image-carousel-wrapper swiper\" role=\"region\" aria-roledescription=\"carousel\" aria-label=\"Carrusel de im\u00e1genes\" dir=\"ltr\">\n\t\t\t<div class=\"elementor-image-carousel swiper-wrapper\" aria-live=\"off\">\n\t\t\t\t\t\t\t\t<div class=\"swiper-slide\" role=\"group\" aria-roledescription=\"slide\" aria-label=\"1 de 6\"><figure class=\"swiper-slide-inner\"><img decoding=\"async\" class=\"swiper-slide-image\" src=\"https:\/\/soymigrante.com\/revista\/wp-content\/uploads\/2025\/11\/dominick-cocozza-pintor-tzutujil-adoptado-en-estados-unidos-13-768x1024.jpg\" alt=\"Dennis Cocozza naci\u00f3 en Mazatenango en 2001 y fue adoptado por estadounidenses. Su obra refleja la b\u00fasqueda de una identidad fundamental en su existencia.\" \/><figcaption class=\"elementor-image-carousel-caption\">Dennis Cocozza naci\u00f3 en Mazatenango en 2001 y fue adoptado  por estadounidenses. Su obra refleja la b\u00fasqueda de una identidad fundamental en su existencia.<\/figcaption><\/figure><\/div><div class=\"swiper-slide\" role=\"group\" aria-roledescription=\"slide\" aria-label=\"2 de 6\"><figure class=\"swiper-slide-inner\"><img decoding=\"async\" class=\"swiper-slide-image\" src=\"https:\/\/soymigrante.com\/revista\/wp-content\/uploads\/2025\/11\/dominick-cocozza-pintor-tzutujil-adoptado-en-estados-unidos-12-768x1024.jpg\" alt=\"Dennis Cocozza naci\u00f3 en Mazatenango en 2001 y fue adoptado por estadounidenses. Su obra refleja la b\u00fasqueda de una identidad fundamental en su existencia.\" \/><figcaption class=\"elementor-image-carousel-caption\">Dennis Cocozza naci\u00f3 en Mazatenango en 2001 y fue adoptado  por estadounidenses. Su obra refleja la b\u00fasqueda de una identidad fundamental en su existencia.<\/figcaption><\/figure><\/div><div class=\"swiper-slide\" role=\"group\" aria-roledescription=\"slide\" aria-label=\"3 de 6\"><figure class=\"swiper-slide-inner\"><img decoding=\"async\" class=\"swiper-slide-image\" src=\"https:\/\/soymigrante.com\/revista\/wp-content\/uploads\/2025\/11\/dominick-cocozza-pintor-tzutujil-adoptado-en-estados-unidos-8-768x1024.jpg\" alt=\"Dennis Cocozza naci\u00f3 en Mazatenango en 2001 y fue adoptado por estadounidenses. Su obra refleja la b\u00fasqueda de una identidad fundamental en su existencia.\" \/><figcaption class=\"elementor-image-carousel-caption\">Dennis Cocozza naci\u00f3 en Mazatenango en 2001 y fue adoptado  por estadounidenses. Su obra refleja la b\u00fasqueda de una identidad fundamental en su existencia.<\/figcaption><\/figure><\/div><div class=\"swiper-slide\" role=\"group\" aria-roledescription=\"slide\" aria-label=\"4 de 6\"><figure class=\"swiper-slide-inner\"><img decoding=\"async\" class=\"swiper-slide-image\" src=\"https:\/\/soymigrante.com\/revista\/wp-content\/uploads\/2025\/11\/dominick-cocozza-pintor-tzutujil-adoptado-en-estados-unidos-7-846x1024.jpg\" alt=\"Dennis Cocozza naci\u00f3 en Mazatenango en 2001 y fue adoptado por estadounidenses. Su obra refleja la b\u00fasqueda de una identidad fundamental en su existencia.\" \/><figcaption class=\"elementor-image-carousel-caption\">Dennis Cocozza naci\u00f3 en Mazatenango en 2001 y fue adoptado  por estadounidenses. Su obra refleja la b\u00fasqueda de una identidad fundamental en su existencia.<\/figcaption><\/figure><\/div><div class=\"swiper-slide\" role=\"group\" aria-roledescription=\"slide\" aria-label=\"5 de 6\"><figure class=\"swiper-slide-inner\"><img decoding=\"async\" class=\"swiper-slide-image\" src=\"https:\/\/soymigrante.com\/revista\/wp-content\/uploads\/2025\/11\/dominick-cocozza-pintor-tzutujil-adoptado-en-estados-unidos-6-1118x1024.jpg\" alt=\"Dennis Cocozza naci\u00f3 en Mazatenango en 2001 y fue adoptado por estadounidenses. Su obra refleja la b\u00fasqueda de una identidad fundamental en su existencia.\" \/><figcaption class=\"elementor-image-carousel-caption\">Dennis Cocozza naci\u00f3 en Mazatenango en 2001 y fue adoptado  por estadounidenses. Su obra refleja la b\u00fasqueda de una identidad fundamental en su existencia.<\/figcaption><\/figure><\/div><div class=\"swiper-slide\" role=\"group\" aria-roledescription=\"slide\" aria-label=\"6 de 6\"><figure class=\"swiper-slide-inner\"><img decoding=\"async\" class=\"swiper-slide-image\" src=\"https:\/\/soymigrante.com\/revista\/wp-content\/uploads\/2025\/11\/dominick-cocozza-pintor-tzutujil-adoptado-en-estados-unidos-5-1132x1024.jpg\" alt=\"Dennis Cocozza naci\u00f3 en Mazatenango en 2001 y fue adoptado por estadounidenses. Su obra refleja la b\u00fasqueda de una identidad fundamental en su existencia.\" \/><figcaption class=\"elementor-image-carousel-caption\">Dennis Cocozza naci\u00f3 en Mazatenango en 2001 y fue adoptado  por estadounidenses. Su obra refleja la b\u00fasqueda de una identidad fundamental en su existencia.<\/figcaption><\/figure><\/div>\t\t\t<\/div>\n\t\t\t\t\t\t\t\t\t\t\t\t<div class=\"elementor-swiper-button elementor-swiper-button-prev\" role=\"button\" tabindex=\"0\">\n\t\t\t\t\t\t<i aria-hidden=\"true\" class=\"eicon-chevron-left\"><\/i>\t\t\t\t\t<\/div>\n\t\t\t\t\t<div class=\"elementor-swiper-button elementor-swiper-button-next\" role=\"button\" tabindex=\"0\">\n\t\t\t\t\t\t<i aria-hidden=\"true\" class=\"eicon-chevron-right\"><\/i>\t\t\t\t\t<\/div>\n\t\t\t\t\n\t\t\t\t\t\t\t\t\t<div class=\"swiper-pagination\"><\/div>\n\t\t\t\t\t\t\t\t\t<\/div>\n\t\t\t\t\t\t<\/div>\n\t\t\t\t\t<\/div>\n\t\t\t\t<\/div>\n\t\t<div data-particle_enable=\"false\" data-particle-mobile-disabled=\"false\" class=\"elementor-element elementor-element-9a9b275 e-flex e-con-boxed e-con e-parent\" data-id=\"9a9b275\" data-element_type=\"container\" data-e-type=\"container\">\n\t\t\t\t\t<div class=\"e-con-inner\">\n\t\t\t\t<div class=\"elementor-element elementor-element-b5e6522 elementor-widget elementor-widget-heading\" data-id=\"b5e6522\" data-element_type=\"widget\" data-e-type=\"widget\" data-widget_type=\"heading.default\">\n\t\t\t\t\t<h3 class=\"elementor-heading-title elementor-size-default\">Testimonio de autenticidad<\/h3>\t\t\t\t<\/div>\n\t\t\t\t\t<\/div>\n\t\t\t\t<\/div>\n\t\t<div data-particle_enable=\"false\" data-particle-mobile-disabled=\"false\" class=\"elementor-element elementor-element-a705d61 e-flex e-con-boxed e-con e-parent\" data-id=\"a705d61\" data-element_type=\"container\" data-e-type=\"container\">\n\t\t\t\t\t<div class=\"e-con-inner\">\n\t\t\t\t<div class=\"elementor-element elementor-element-6414862 elementor-widget elementor-widget-text-editor\" data-id=\"6414862\" data-element_type=\"widget\" data-e-type=\"widget\" data-widget_type=\"text-editor.default\">\n\t\t\t\t\t\t\t\t\t<p style=\"font-style: normal; font-variant-ligatures: normal; font-variant-caps: normal; font-weight: 400; font-size: 22px; font-family: Roboto, sans-serif;\">El artista, que ha tenido ya unas 15 exposiciones\u00a0 y participado en residencias art\u00edstica como la del\u00a0 Vermont Studio Center y Ma\u2019s House en la reserva ind\u00edgena Shinnecock, ha sido presentado por CNN, BBC y otros medios. Su obra ya est\u00e1 en colecciones institucionales como la del Museo de Arte y Dise\u00f1o de Rhode Island.<\/p><p>En su trabajo, las quita penas no solo son objetos culturales, sino testimonios de identidad, met\u00e1foras de adopci\u00f3n, desarraigo y reencuentro. Cocozza, quien no habla espa\u00f1ol,\u00a0 se reconoce como un creador ind\u00edgena, usa el arte como lenguaje para reconectar con su pa\u00eds de origen: \u201cValoro la pintura como una oportunidad para conversar con las comunidades que son parientes de mi tierra natal\u201d, afirma.<\/p>\t\t\t\t\t\t\t\t<\/div>\n\t\t\t\t\t<\/div>\n\t\t\t\t<\/div>\n\t\t<div data-particle_enable=\"false\" data-particle-mobile-disabled=\"false\" class=\"elementor-element elementor-element-7e78b41 e-flex e-con-boxed e-con e-parent\" data-id=\"7e78b41\" data-element_type=\"container\" data-e-type=\"container\">\n\t\t\t\t\t<div class=\"e-con-inner\">\n\t\t\t\t<div class=\"elementor-element elementor-element-5b135c2 elementor-widget elementor-widget-html\" data-id=\"5b135c2\" data-element_type=\"widget\" data-e-type=\"widget\" data-widget_type=\"html.default\">\n\t\t\t\t\t<iframe width=\"560\" height=\"415\" src=\"https:\/\/www.youtube.com\/embed\/yFCppp7b9Os?si=iqwjf8-_BuQeNVb9\" title=\"YouTube video player\" frameborder=\"0\" allow=\"accelerometer; autoplay; clipboard-write; encrypted-media; gyroscope; picture-in-picture; web-share\" referrerpolicy=\"strict-origin-when-cross-origin\" allowfullscreen><\/iframe>\t\t\t\t<\/div>\n\t\t\t\t\t<\/div>\n\t\t\t\t<\/div>\n\t\t<div data-particle_enable=\"false\" data-particle-mobile-disabled=\"false\" class=\"elementor-element elementor-element-1e2ba16 e-flex e-con-boxed e-con e-parent\" data-id=\"1e2ba16\" data-element_type=\"container\" data-e-type=\"container\">\n\t\t\t\t\t<div class=\"e-con-inner\">\n\t\t\t\t<div class=\"elementor-element elementor-element-b77aaed elementor-widget elementor-widget-heading\" data-id=\"b77aaed\" data-element_type=\"widget\" data-e-type=\"widget\" data-widget_type=\"heading.default\">\n\t\t\t\t\t<h2 class=\"elementor-heading-title elementor-size-default\">M\u00e1s que te podr\u00eda interesar<\/h2>\t\t\t\t<\/div>\n\t\t\t\t\t<\/div>\n\t\t\t\t<\/div>\n\t\t<div data-particle_enable=\"false\" data-particle-mobile-disabled=\"false\" class=\"elementor-element elementor-element-5c4c47c e-flex e-con-boxed e-con e-parent\" data-id=\"5c4c47c\" data-element_type=\"container\" data-e-type=\"container\">\n\t\t\t\t\t<div class=\"e-con-inner\">\n\t\t\t\t<div class=\"elementor-element elementor-element-bd816a0 elementor-grid-eael-col-3 elementor-grid-tablet-eael-col-2 elementor-grid-mobile-eael-col-1 elementor-widget elementor-widget-eael-post-grid\" data-id=\"bd816a0\" data-element_type=\"widget\" data-e-type=\"widget\" data-settings=\"{&quot;eael_post_grid_columns&quot;:&quot;eael-col-3&quot;,&quot;eael_post_grid_columns_tablet&quot;:&quot;eael-col-2&quot;,&quot;eael_post_grid_columns_mobile&quot;:&quot;eael-col-1&quot;}\" data-widget_type=\"eael-post-grid.default\">\n\t\t\t\t\t<div id=\"eael-post-grid-bd816a0\" class=\"eael-post-grid-container\">\n            <div class=\"eael-post-grid eael-post-appender eael-post-appender-bd816a0 eael-post-grid-style-one\" data-layout-mode=\"masonry\"><article class=\"eael-grid-post  eael-post-grid-column eael-pg-post-9129 category-pueblos-de-guatemala\" data-id=\"9129\">\n        <div class=\"eael-grid-post-holder\">\n            <div class=\"eael-grid-post-holder-inner\"><div class=\"eael-entry-media\"><div class=\"eael-entry-overlay fade-in\"><i class=\"far fa-hand-pointer\" aria-hidden=\"true\"><\/i><a href=\"https:\/\/soymigrante.com\/revista\/pueblo-tzutujil-se-cobija-en-el-lago-atitlan-hace-mas-de-7-siglos\/\"><\/a><\/div><div class=\"eael-entry-thumbnail eael-image-ratio\">\n                <img loading=\"lazy\" decoding=\"async\" width=\"1024\" height=\"1024\" src=\"https:\/\/soymigrante.com\/revista\/wp-content\/uploads\/2024\/09\/tzutujil-2-1-1024x1024.webp\" class=\"attachment-large size-large wp-image-9521\" alt=\"Gente ind\u00edgena con trajes tradicionales y paisaje monta\u00f1oso al fondo, reflejando cultura y tradici\u00f3n en M\u00e9xico.\" srcset=\"https:\/\/soymigrante.com\/revista\/wp-content\/uploads\/2024\/09\/tzutujil-2-1-1024x1024.webp 1024w, https:\/\/soymigrante.com\/revista\/wp-content\/uploads\/2024\/09\/tzutujil-2-1-300x300.webp 300w, https:\/\/soymigrante.com\/revista\/wp-content\/uploads\/2024\/09\/tzutujil-2-1-150x150.webp 150w, https:\/\/soymigrante.com\/revista\/wp-content\/uploads\/2024\/09\/tzutujil-2-1-768x768.webp 768w, https:\/\/soymigrante.com\/revista\/wp-content\/uploads\/2024\/09\/tzutujil-2-1-75x75.webp 75w, https:\/\/soymigrante.com\/revista\/wp-content\/uploads\/2024\/09\/tzutujil-2-1-750x750.webp 750w, https:\/\/soymigrante.com\/revista\/wp-content\/uploads\/2024\/09\/tzutujil-2-1.webp 1066w\" sizes=\"(max-width: 1024px) 100vw, 1024px\" \/>\n            <\/div>\n        <\/div><div class=\"eael-entry-wrapper\"><header class=\"eael-entry-header\"><h2 class=\"eael-entry-title\"><a class=\"eael-grid-post-link\" href=\"https:\/\/soymigrante.com\/revista\/pueblo-tzutujil-se-cobija-en-el-lago-atitlan-hace-mas-de-7-siglos\/\" title=\"Pueblo Tz&#8217;utujil lleva m\u00e1s de 700 a\u00f1os en las riberas del  lago de Atitl\u00e1n\">Pueblo Tz&#8217;utujil lleva m\u00e1s de 700 a\u00f1os en las riberas del  lago de Atitl\u00e1n<\/a><\/h2><\/header><div class=\"eael-entry-content\">\n                        <div class=\"eael-grid-post-excerpt\"><a href=\"https:\/\/soymigrante.com\/revista\/pueblo-tzutujil-se-cobija-en-el-lago-atitlan-hace-mas-de-7-siglos\/\" class=\"eael-post-elements-readmore-btn\">CONOCE SU HISTORIA <\/a><\/div>\n                    <\/div><\/div><\/div>\n        <\/div>\n    <\/article><article class=\"eael-grid-post  eael-post-grid-column eael-pg-post-3245 category-estamos-unidos\" data-id=\"3245\">\n        <div class=\"eael-grid-post-holder\">\n            <div class=\"eael-grid-post-holder-inner\"><div class=\"eael-entry-media\"><div class=\"eael-entry-overlay fade-in\"><i class=\"far fa-hand-pointer\" aria-hidden=\"true\"><\/i><a href=\"https:\/\/soymigrante.com\/revista\/houston-artista-maya-tzutujil-efectua-un-performance-en-homenaje-a-migrantes\/\"><\/a><\/div><div class=\"eael-entry-thumbnail eael-image-ratio\">\n                <img loading=\"lazy\" decoding=\"async\" width=\"1024\" height=\"658\" src=\"https:\/\/soymigrante.com\/revista\/wp-content\/uploads\/2023\/11\/Artista-guatemalteco-Benvenuto-Chavajay-efectua-homenaje-a-migrantes-fallecidos-en-Houston-Texas-3-1024x658.webp\" class=\"attachment-large size-large wp-image-3246\" alt=\"\" srcset=\"https:\/\/soymigrante.com\/revista\/wp-content\/uploads\/2023\/11\/Artista-guatemalteco-Benvenuto-Chavajay-efectua-homenaje-a-migrantes-fallecidos-en-Houston-Texas-3-1024x658.webp 1024w, https:\/\/soymigrante.com\/revista\/wp-content\/uploads\/2023\/11\/Artista-guatemalteco-Benvenuto-Chavajay-efectua-homenaje-a-migrantes-fallecidos-en-Houston-Texas-3-300x193.webp 300w, https:\/\/soymigrante.com\/revista\/wp-content\/uploads\/2023\/11\/Artista-guatemalteco-Benvenuto-Chavajay-efectua-homenaje-a-migrantes-fallecidos-en-Houston-Texas-3-768x493.webp 768w, https:\/\/soymigrante.com\/revista\/wp-content\/uploads\/2023\/11\/Artista-guatemalteco-Benvenuto-Chavajay-efectua-homenaje-a-migrantes-fallecidos-en-Houston-Texas-3-1536x987.webp 1536w, https:\/\/soymigrante.com\/revista\/wp-content\/uploads\/2023\/11\/Artista-guatemalteco-Benvenuto-Chavajay-efectua-homenaje-a-migrantes-fallecidos-en-Houston-Texas-3-750x482.webp 750w, https:\/\/soymigrante.com\/revista\/wp-content\/uploads\/2023\/11\/Artista-guatemalteco-Benvenuto-Chavajay-efectua-homenaje-a-migrantes-fallecidos-en-Houston-Texas-3-1140x732.webp 1140w, https:\/\/soymigrante.com\/revista\/wp-content\/uploads\/2023\/11\/Artista-guatemalteco-Benvenuto-Chavajay-efectua-homenaje-a-migrantes-fallecidos-en-Houston-Texas-3.webp 1600w\" sizes=\"(max-width: 1024px) 100vw, 1024px\" \/>\n            <\/div>\n        <\/div><div class=\"eael-entry-wrapper\"><header class=\"eael-entry-header\"><h2 class=\"eael-entry-title\"><a class=\"eael-grid-post-link\" href=\"https:\/\/soymigrante.com\/revista\/houston-artista-maya-tzutujil-efectua-un-performance-en-homenaje-a-migrantes\/\" title=\"Artista tzutujil efect\u00faa performance en Houston a la memoria de almas de migrantes\">Artista tzutujil efect\u00faa performance en Houston a la memoria de almas de migrantes<\/a><\/h2><\/header><div class=\"eael-entry-content\">\n                        <div class=\"eael-grid-post-excerpt\"><a href=\"https:\/\/soymigrante.com\/revista\/houston-artista-maya-tzutujil-efectua-un-performance-en-homenaje-a-migrantes\/\" class=\"eael-post-elements-readmore-btn\">CONOCE SU HISTORIA <\/a><\/div>\n                    <\/div><\/div><\/div>\n        <\/div>\n    <\/article><article class=\"eael-grid-post  eael-post-grid-column eael-pg-post-11983 category-exitos\" data-id=\"11983\">\n        <div class=\"eael-grid-post-holder\">\n            <div class=\"eael-grid-post-holder-inner\"><div class=\"eael-entry-media\"><div class=\"eael-entry-overlay fade-in\"><i class=\"far fa-hand-pointer\" aria-hidden=\"true\"><\/i><a href=\"https:\/\/soymigrante.com\/revista\/cada-guatemalteco-que-pueda-votar-en-usa-cuenta-tiana-ochoa-lider-migrante-en-rhode-island\/\"><\/a><\/div><div class=\"eael-entry-thumbnail eael-image-ratio\">\n                <img loading=\"lazy\" decoding=\"async\" width=\"960\" height=\"959\" src=\"https:\/\/soymigrante.com\/revista\/wp-content\/uploads\/2024\/11\/tiana-ochoa-lider-migrante-rhode-island-18.webp\" class=\"attachment-large size-large wp-image-11984\" alt=\"Vestido de mujer con estampado azul y negro, sonrisa y accesorios elegantes, en fondo negro.\" srcset=\"https:\/\/soymigrante.com\/revista\/wp-content\/uploads\/2024\/11\/tiana-ochoa-lider-migrante-rhode-island-18.webp 960w, https:\/\/soymigrante.com\/revista\/wp-content\/uploads\/2024\/11\/tiana-ochoa-lider-migrante-rhode-island-18-300x300.webp 300w, https:\/\/soymigrante.com\/revista\/wp-content\/uploads\/2024\/11\/tiana-ochoa-lider-migrante-rhode-island-18-150x150.webp 150w, https:\/\/soymigrante.com\/revista\/wp-content\/uploads\/2024\/11\/tiana-ochoa-lider-migrante-rhode-island-18-768x767.jpg 768w, https:\/\/soymigrante.com\/revista\/wp-content\/uploads\/2024\/11\/tiana-ochoa-lider-migrante-rhode-island-18-75x75.webp 75w, https:\/\/soymigrante.com\/revista\/wp-content\/uploads\/2024\/11\/tiana-ochoa-lider-migrante-rhode-island-18-750x749.webp 750w\" sizes=\"(max-width: 960px) 100vw, 960px\" \/>\n            <\/div>\n        <\/div><div class=\"eael-entry-wrapper\"><header class=\"eael-entry-header\"><h2 class=\"eael-entry-title\"><a class=\"eael-grid-post-link\" href=\"https:\/\/soymigrante.com\/revista\/cada-guatemalteco-que-pueda-votar-en-usa-cuenta-tiana-ochoa-lider-migrante-en-rhode-island\/\" title=\"Tiana Ochoa, l\u00edder migrante en Rhode Island, sirve a la comunidad  hispana, especialmente a la ni\u00f1ez\">Tiana Ochoa, l\u00edder migrante en Rhode Island, sirve a la comunidad  hispana, especialmente a la ni\u00f1ez<\/a><\/h2><\/header><div class=\"eael-entry-content\">\n                        <div class=\"eael-grid-post-excerpt\"><a href=\"https:\/\/soymigrante.com\/revista\/cada-guatemalteco-que-pueda-votar-en-usa-cuenta-tiana-ochoa-lider-migrante-en-rhode-island\/\" class=\"eael-post-elements-readmore-btn\">CONOCE SU HISTORIA <\/a><\/div>\n                    <\/div><\/div><\/div>\n        <\/div>\n    <\/article><\/div>\n            <div class=\"clearfix\"><\/div>\n        <\/div>\t\t\t\t<\/div>\n\t\t\t\t\t<\/div>\n\t\t\t\t<\/div>\n\t\t\t\t<\/div>\n\t\t","protected":false},"excerpt":{"rendered":"<p>Mu\u00f1ecas &#8220;quitapenas&#8221; de Guatemala estelarizan las pinturas de Dominick Cocozza, artista tzutujil nacido en Suchitep\u00e9quez, adoptado en USA, quien reconoce con orgullo sus ra\u00edces. El Guatemalan Center de New England present\u00f3 su exposici\u00f3n &#8220;Me acuerdo&#8221;. Nacido en Mazatenango, Suchitep\u00e9quez, Guatemala en 2001 y adoptado siendo un beb\u00e9 por una familia estadounidense,&nbsp; el artista Dominick Cocozza [&hellip;]<\/p>\n","protected":false},"author":7,"featured_media":48174,"comment_status":"open","ping_status":"open","sticky":false,"template":"","format":"standard","meta":{"_acf_changed":false,"_eb_attr":"","footnotes":""},"categories":[50,274],"tags":[],"class_list":["post-48173","post","type-post","status-publish","format-standard","has-post-thumbnail","hentry","category-exitos","category-guatemala"],"acf":[],"aioseo_notices":[],"aioseo_head":"\n\t\t<!-- All in One SEO Pro 4.9.6.2 - aioseo.com -->\n\t<meta name=\"description\" content=\"Psic\u00f3loga, educadora, trabajadora social y presidenta del Centro Guatemalteco de New England, en Rhode Island, Tiana Ochoa sirve a la comunidad migrante hispana.\" \/>\n\t<meta name=\"robots\" content=\"max-snippet:-1, max-image-preview:large, max-video-preview:-1\" \/>\n\t<meta name=\"author\" content=\"Gustavo Montenegro\"\/>\n\t<link rel=\"canonical\" href=\"https:\/\/soymigrante.com\/revista\/cada-guatemalteco-que-pueda-votar-en-usa-cuenta-tiana-ochoa-lider-migrante-en-rhode-island\/\" \/>\n\t<meta name=\"generator\" content=\"All in One SEO Pro (AIOSEO) 4.9.6.2\" \/>\n\n\t\t<link rel=\"preconnect\" href=\"https:\/\/fonts.googleapis.com\" crossorigin>\n<link rel=\"preconnect\" href=\"https:\/\/fonts.gstatic.com\" crossorigin>\n\t\t<meta property=\"og:locale\" content=\"es_ES\" \/>\n\t\t<meta property=\"og:site_name\" content=\"SoyMigrante.com REVISTA \u2013 Nuestra misi\u00f3n es reconocer y dignificar al migrante.\" \/>\n\t\t<meta property=\"og:type\" content=\"article\" \/>\n\t\t<meta property=\"og:title\" content=\"Tiana Ochoa lidera servicio a guatemaltecos en Rhode Island\" \/>\n\t\t<meta property=\"og:description\" content=\"Psic\u00f3loga, educadora, trabajadora social y presidenta del Centro Guatemalteco de New England, en Rhode Island, Tiana Ochoa sirve a la comunidad migrante hispana.\" \/>\n\t\t<meta property=\"og:url\" content=\"https:\/\/soymigrante.com\/revista\/cada-guatemalteco-que-pueda-votar-en-usa-cuenta-tiana-ochoa-lider-migrante-en-rhode-island\/\" \/>\n\t\t<meta property=\"og:image\" content=\"https:\/\/soymigrante.com\/revista\/wp-content\/uploads\/2024\/11\/tiana-ochoa-lider-migrante-rhode-island-18.webp\" \/>\n\t\t<meta property=\"og:image:secure_url\" content=\"https:\/\/soymigrante.com\/revista\/wp-content\/uploads\/2024\/11\/tiana-ochoa-lider-migrante-rhode-island-18.webp\" \/>\n\t\t<meta property=\"og:image:width\" content=\"960\" \/>\n\t\t<meta property=\"og:image:height\" content=\"959\" \/>\n\t\t<meta property=\"article:published_time\" content=\"2024-11-05T15:00:00+00:00\" \/>\n\t\t<meta property=\"article:modified_time\" content=\"2025-11-02T15:36:05+00:00\" \/>\n\t\t<meta property=\"article:publisher\" content=\"https:\/\/www.facebook.com\/soymigrantecom\" \/>\n\t\t<meta name=\"twitter:card\" content=\"summary_large_image\" \/>\n\t\t<meta name=\"twitter:site\" content=\"@SoyMigrante_com\" \/>\n\t\t<meta name=\"twitter:title\" content=\"Tiana Ochoa lidera servicio a guatemaltecos en Rhode Island\" \/>\n\t\t<meta name=\"twitter:description\" content=\"Psic\u00f3loga, educadora, trabajadora social y presidenta del Centro Guatemalteco de New England, en Rhode Island, Tiana Ochoa sirve a la comunidad migrante hispana.\" \/>\n\t\t<meta name=\"twitter:creator\" content=\"@SoyMigrante_com\" \/>\n\t\t<meta name=\"twitter:image\" content=\"https:\/\/soymigrante.com\/revista\/wp-content\/uploads\/2024\/11\/tiana-ochoa-lider-migrante-rhode-island-18.webp\" \/>\n\t\t<!-- All in One SEO Pro -->\r\n\t\t<title>Tiana Ochoa lidera servicio a guatemaltecos en Rhode Island<\/title>\n\n","aioseo_head_json":{"title":"Tiana Ochoa lidera servicio a guatemaltecos en Rhode Island","description":"Psic\u00f3loga, educadora, trabajadora social y presidenta del Centro Guatemalteco de New England, en Rhode Island, Tiana Ochoa sirve a la comunidad migrante hispana.","canonical_url":"https:\/\/soymigrante.com\/revista\/cada-guatemalteco-que-pueda-votar-en-usa-cuenta-tiana-ochoa-lider-migrante-en-rhode-island\/","robots":"max-snippet:-1, max-image-preview:large, max-video-preview:-1","keywords":"","webmasterTools":{"miscellaneous":"&lt;link rel=\"preconnect\" href=\"https:\/\/fonts.googleapis.com\" crossorigin&gt;\n&lt;link rel=\"preconnect\" href=\"https:\/\/fonts.gstatic.com\" crossorigin&gt;"},"schema":null,"og:locale":"es_ES","og:site_name":"SoyMigrante.com REVISTA \u2013 Nuestra misi\u00f3n es reconocer y dignificar al migrante.","og:type":"article","og:title":"Tiana Ochoa lidera servicio a guatemaltecos en Rhode Island","og:description":"Psic\u00f3loga, educadora, trabajadora social y presidenta del Centro Guatemalteco de New England, en Rhode Island, Tiana Ochoa sirve a la comunidad migrante hispana.","og:url":"https:\/\/soymigrante.com\/revista\/cada-guatemalteco-que-pueda-votar-en-usa-cuenta-tiana-ochoa-lider-migrante-en-rhode-island\/","og:image":"https:\/\/soymigrante.com\/revista\/wp-content\/uploads\/2024\/11\/tiana-ochoa-lider-migrante-rhode-island-18.webp","og:image:secure_url":"https:\/\/soymigrante.com\/revista\/wp-content\/uploads\/2024\/11\/tiana-ochoa-lider-migrante-rhode-island-18.webp","og:image:width":960,"og:image:height":959,"article:published_time":"2024-11-05T15:00:00+00:00","article:modified_time":"2025-11-02T15:36:05+00:00","article:publisher":"https:\/\/www.facebook.com\/soymigrantecom","twitter:card":"summary_large_image","twitter:site":"@SoyMigrante_com","twitter:title":"Tiana Ochoa lidera servicio a guatemaltecos en Rhode Island","twitter:description":"Psic\u00f3loga, educadora, trabajadora social y presidenta del Centro Guatemalteco de New England, en Rhode Island, Tiana Ochoa sirve a la comunidad migrante hispana.","twitter:creator":"@SoyMigrante_com","twitter:image":"https:\/\/soymigrante.com\/revista\/wp-content\/uploads\/2024\/11\/tiana-ochoa-lider-migrante-rhode-island-18.webp"},"aioseo_meta_data":{"post_id":"48173","title":"Artista tzutujil estadounidense expone obra en New England","description":"\"Me acuerdo\" es la exposici\u00f3n del artista Dominick Cocozza, nacido en Suchitep\u00e9quez y criado en USA. Expone sus pinturas en el Centro Guatemalteco de New England.","keywords":null,"keyphrases":{"focus":{"keyphrase":"Guatemalteco","score":69,"analysis":{"keyphraseInTitle":{"score":3,"maxScore":9,"error":1},"keyphraseInDescription":{"score":9,"maxScore":9,"error":0},"keyphraseLength":{"score":9,"maxScore":9,"error":0,"length":1},"keyphraseInURL":{"score":1,"maxScore":5,"error":1}}},"additional":[{"keyphrase":"Artista","score":100,"analysis":{"keyphraseInDescription":{"score":9,"maxScore":9,"error":0},"keyphraseLength":{"score":9,"maxScore":9,"error":0,"length":1}}}]},"primary_term":null,"canonical_url":null,"og_title":null,"og_description":null,"og_object_type":"default","og_image_type":"default","og_image_url":null,"og_image_width":null,"og_image_height":null,"og_image_custom_url":null,"og_image_custom_fields":null,"og_video":"","og_custom_url":null,"og_article_section":null,"og_article_tags":null,"twitter_use_og":false,"twitter_card":"default","twitter_image_type":"default","twitter_image_url":null,"twitter_image_custom_url":null,"twitter_image_custom_fields":null,"twitter_title":null,"twitter_description":null,"schema":{"blockGraphs":[],"customGraphs":[],"default":{"data":{"Article":[],"Course":[],"Dataset":[],"FAQPage":[],"Movie":[],"Person":[],"Product":[],"ProductReview":[],"Car":[],"Recipe":[],"Service":[],"SoftwareApplication":[],"WebPage":[]},"graphName":"NewsArticle","isEnabled":true},"graphs":[]},"schema_type":"default","schema_type_options":null,"pillar_content":false,"robots_default":true,"robots_noindex":false,"robots_noarchive":false,"robots_nosnippet":false,"robots_nofollow":false,"robots_noimageindex":false,"robots_noodp":false,"robots_notranslate":false,"robots_max_snippet":"-1","robots_max_videopreview":"-1","robots_max_imagepreview":"large","priority":null,"frequency":"default","local_seo":null,"seo_analyzer_scan_date":"2025-11-05 14:23:12","breadcrumb_settings":null,"limit_modified_date":false,"reviewed_by":"0","open_ai":null,"ai":{"faqs":[],"keyPoints":[],"titles":[],"descriptions":[],"socialPosts":{"email":[],"linkedin":[],"twitter":[],"facebook":[],"instagram":[]}},"created":"2025-11-05 12:57:56","updated":"2026-02-05 06:57:13"},"aioseo_breadcrumb":"<div class=\"aioseo-breadcrumbs\"><span class=\"aioseo-breadcrumb\">\n\t<a href=\"https:\/\/soymigrante.com\/revista\" title=\"Home\">Home<\/a>\n<\/span><span class=\"aioseo-breadcrumb-separator\">\u00bb<\/span><span class=\"aioseo-breadcrumb\">\n\t<a href=\"https:\/\/soymigrante.com\/revista\/category\/exitos\/\" title=\"\u00c9xitos\">\u00c9xitos<\/a>\n<\/span><span class=\"aioseo-breadcrumb-separator\">\u00bb<\/span><span class=\"aioseo-breadcrumb\">\n\t<a href=\"https:\/\/soymigrante.com\/revista\/category\/exitos\/guatemala\/\" title=\"Guatemala\">Guatemala<\/a>\n<\/span><span class=\"aioseo-breadcrumb-separator\">\u00bb<\/span><span class=\"aioseo-breadcrumb\">\n\tArtista Dominick Cocozza, tzutujil estadounidense expone su obra en Centro Guatemalteco de New England\n<\/span><\/div>","aioseo_breadcrumb_json":[{"label":"Home","link":"https:\/\/soymigrante.com\/revista"},{"label":"\u00c9xitos","link":"https:\/\/soymigrante.com\/revista\/category\/exitos\/"},{"label":"Guatemala","link":"https:\/\/soymigrante.com\/revista\/category\/exitos\/guatemala\/"},{"label":"Artista Dominick Cocozza, tzutujil estadounidense expone su obra en Centro Guatemalteco de New England","link":"https:\/\/soymigrante.com\/revista\/artista-dominick-cocozza-nacido-guatemala-tzutujil-estadounidense-new-england-guatemalan-center\/"}],"_links":{"self":[{"href":"https:\/\/soymigrante.com\/revista\/wp-json\/wp\/v2\/posts\/48173","targetHints":{"allow":["GET"]}}],"collection":[{"href":"https:\/\/soymigrante.com\/revista\/wp-json\/wp\/v2\/posts"}],"about":[{"href":"https:\/\/soymigrante.com\/revista\/wp-json\/wp\/v2\/types\/post"}],"author":[{"embeddable":true,"href":"https:\/\/soymigrante.com\/revista\/wp-json\/wp\/v2\/users\/7"}],"replies":[{"embeddable":true,"href":"https:\/\/soymigrante.com\/revista\/wp-json\/wp\/v2\/comments?post=48173"}],"version-history":[{"count":10,"href":"https:\/\/soymigrante.com\/revista\/wp-json\/wp\/v2\/posts\/48173\/revisions"}],"predecessor-version":[{"id":48196,"href":"https:\/\/soymigrante.com\/revista\/wp-json\/wp\/v2\/posts\/48173\/revisions\/48196"}],"wp:featuredmedia":[{"embeddable":true,"href":"https:\/\/soymigrante.com\/revista\/wp-json\/wp\/v2\/media\/48174"}],"wp:attachment":[{"href":"https:\/\/soymigrante.com\/revista\/wp-json\/wp\/v2\/media?parent=48173"}],"wp:term":[{"taxonomy":"category","embeddable":true,"href":"https:\/\/soymigrante.com\/revista\/wp-json\/wp\/v2\/categories?post=48173"},{"taxonomy":"post_tag","embeddable":true,"href":"https:\/\/soymigrante.com\/revista\/wp-json\/wp\/v2\/tags?post=48173"}],"curies":[{"name":"wp","href":"https:\/\/api.w.org\/{rel}","templated":true}]}}