{"id":4817,"date":"2024-02-10T11:57:32","date_gmt":"2024-02-10T17:57:32","guid":{"rendered":"https:\/\/soymigrante.com\/revista\/?p=4817"},"modified":"2024-04-30T05:46:34","modified_gmt":"2024-04-30T11:46:34","slug":"migrante-guatemalteco-axel-cifuentes-oklahoma-grandes-metas-transformacion","status":"publish","type":"post","link":"https:\/\/soymigrante.com\/revista\/migrante-guatemalteco-axel-cifuentes-oklahoma-grandes-metas-transformacion\/","title":{"rendered":"Hermanos migrantes: el arquitecto Axel Cifuentes remodel\u00f3 su futuro"},"content":{"rendered":"\t\t<div data-elementor-type=\"wp-post\" data-elementor-id=\"4817\" class=\"elementor elementor-4817\" data-elementor-post-type=\"post\">\n\t\t\t\t\t\t<section data-particle_enable=\"false\" data-particle-mobile-disabled=\"false\" class=\"elementor-section elementor-top-section elementor-element elementor-element-c6a09f6 elementor-section-boxed elementor-section-height-default elementor-section-height-default\" data-id=\"c6a09f6\" data-element_type=\"section\" data-e-type=\"section\">\n\t\t\t\t\t\t<div class=\"elementor-container elementor-column-gap-default\">\n\t\t\t\t\t<div class=\"elementor-column elementor-col-100 elementor-top-column elementor-element elementor-element-2b93ceb\" data-id=\"2b93ceb\" data-element_type=\"column\" data-e-type=\"column\">\n\t\t\t<div class=\"elementor-widget-wrap elementor-element-populated\">\n\t\t\t\t\t\t<div class=\"elementor-element elementor-element-1d3ca93 elementor-widget elementor-widget-heading\" data-id=\"1d3ca93\" data-element_type=\"widget\" data-e-type=\"widget\" data-widget_type=\"heading.default\">\n\t\t\t\t\t<h1 class=\"elementor-heading-title elementor-size-default\">Una pasant\u00eda de seis meses en 2011 se convirti\u00f3 en ruta de transformaci\u00f3n para el migrante y arquitecto guatemalteco Axel Cifuentes, quien hoy trabaja con sus tres hermanos en su propia compa\u00f1\u00eda de construcci\u00f3n y bienes ra\u00edces en Oklahoma, EE.UU.<\/h1>\t\t\t\t<\/div>\n\t\t\t\t\t<\/div>\n\t\t<\/div>\n\t\t\t\t\t<\/div>\n\t\t<\/section>\n\t\t\t\t<section data-particle_enable=\"false\" data-particle-mobile-disabled=\"false\" class=\"elementor-section elementor-top-section elementor-element elementor-element-8f87064 elementor-section-boxed elementor-section-height-default elementor-section-height-default\" data-id=\"8f87064\" data-element_type=\"section\" data-e-type=\"section\">\n\t\t\t\t\t\t<div class=\"elementor-container elementor-column-gap-default\">\n\t\t\t\t\t<div class=\"elementor-column elementor-col-100 elementor-top-column elementor-element elementor-element-8dc617c\" data-id=\"8dc617c\" data-element_type=\"column\" data-e-type=\"column\">\n\t\t\t<div class=\"elementor-widget-wrap elementor-element-populated\">\n\t\t\t\t\t\t<div class=\"elementor-element elementor-element-2cd43e6 elementor-widget elementor-widget-text-editor\" data-id=\"2cd43e6\" data-element_type=\"widget\" data-e-type=\"widget\" data-widget_type=\"text-editor.default\">\n\t\t\t\t\t\t\t\t\t<p>En 2011, Axel Cifuentes estaba a punto de graduarse de arquitecto en Quetzaltenango, Guatemala pero en busca de experiencia laboral consigui\u00f3 un interinato en una empresa de Oklahoma, Estados Unidos. Era por seis meses, pero nunca imagin\u00f3 que se volver\u00eda un viaje de por vida.\u00a0<\/p><p>&#8220;Nada es casualidad, pienso que Dios tiene un plan, porque muchas cosas sucedieron para que hoy estemos juntos aqu\u00ed&#8221;, dice Axel, quien actualmente vive en Dallas, Texas, pero que fund\u00f3 junto a sus\u00a0 tres hermanos, Alejandra, Emilia y Danilo Cifuentes, una compa\u00f1\u00eda de construcci\u00f3n, remodelaci\u00f3n y bienes ra\u00edces con la cual trabaja proyectos en EE.UU. y tambi\u00e9n en Guatemala.\u00a0<\/p>\t\t\t\t\t\t\t\t<\/div>\n\t\t\t\t\t<\/div>\n\t\t<\/div>\n\t\t\t\t\t<\/div>\n\t\t<\/section>\n\t\t\t\t<section data-particle_enable=\"false\" data-particle-mobile-disabled=\"false\" class=\"elementor-section elementor-top-section elementor-element elementor-element-f6661f2 elementor-section-boxed elementor-section-height-default elementor-section-height-default\" data-id=\"f6661f2\" data-element_type=\"section\" data-e-type=\"section\">\n\t\t\t\t\t\t<div class=\"elementor-container elementor-column-gap-default\">\n\t\t\t\t\t<div class=\"elementor-column elementor-col-100 elementor-top-column elementor-element elementor-element-06e5273\" data-id=\"06e5273\" data-element_type=\"column\" data-e-type=\"column\">\n\t\t\t<div class=\"elementor-widget-wrap elementor-element-populated\">\n\t\t\t\t\t\t<div class=\"elementor-element elementor-element-297e393 elementor-widget elementor-widget-image\" data-id=\"297e393\" data-element_type=\"widget\" data-e-type=\"widget\" data-widget_type=\"image.default\">\n\t\t\t\t\t\t\t\t\t\t\t\t<figure class=\"wp-caption\">\n\t\t\t\t\t\t\t\t\t\t<img fetchpriority=\"high\" decoding=\"async\" width=\"1024\" height=\"736\" src=\"https:\/\/soymigrante.com\/revista\/wp-content\/uploads\/2024\/02\/HERMANOS-CIFUENTES-NOMBRE-1024x736.webp\" class=\"attachment-large size-large wp-image-4820\" alt=\"Hermanos migrantes: Los Hermanos Cifuentes. Juntos fundaron y conducen la compa\u00f1\u00eda CV Design and Construction, en Oklahoma. Cada uno con su historia de retos y logros, pero con una fortaleza mayor: su fe en Dios y su uni\u00f3n familiar. Alejandra, la mayor, es abogada; Emilia, es ingeniera civil; Axel es arquitecto y Danilo tambi\u00e9n es ingeniero.\" srcset=\"https:\/\/soymigrante.com\/revista\/wp-content\/uploads\/2024\/02\/HERMANOS-CIFUENTES-NOMBRE-1024x736.webp 1024w, https:\/\/soymigrante.com\/revista\/wp-content\/uploads\/2024\/02\/HERMANOS-CIFUENTES-NOMBRE-300x216.webp 300w, https:\/\/soymigrante.com\/revista\/wp-content\/uploads\/2024\/02\/HERMANOS-CIFUENTES-NOMBRE-768x552.webp 768w, https:\/\/soymigrante.com\/revista\/wp-content\/uploads\/2024\/02\/HERMANOS-CIFUENTES-NOMBRE-1536x1104.webp 1536w, https:\/\/soymigrante.com\/revista\/wp-content\/uploads\/2024\/02\/HERMANOS-CIFUENTES-NOMBRE-120x86.webp 120w, https:\/\/soymigrante.com\/revista\/wp-content\/uploads\/2024\/02\/HERMANOS-CIFUENTES-NOMBRE-750x539.webp 750w, https:\/\/soymigrante.com\/revista\/wp-content\/uploads\/2024\/02\/HERMANOS-CIFUENTES-NOMBRE-1140x819.webp 1140w, https:\/\/soymigrante.com\/revista\/wp-content\/uploads\/2024\/02\/HERMANOS-CIFUENTES-NOMBRE.webp 1918w\" sizes=\"(max-width: 1024px) 100vw, 1024px\" title=\"Hermanos migrantes: Los Hermanos Cifuentes. Juntos fundaron y conducen la compa\u00f1\u00eda CV Design and Construction, en Oklahoma.  Cada uno con su historia de retos y logros, pero con una fortaleza mayor: su fe en Dios y su uni\u00f3n familiar. Alejandra, la mayor, es abogada; Emilia, es ingeniera civil; Axel es arquitecto y Danilo tambi\u00e9n es ingeniero. \u2013 SoyMigrante.com REVISTA\" \/>\t\t\t\t\t\t\t\t\t\t\t<figcaption class=\"widget-image-caption wp-caption-text\">Hermanos migrantes: Los Hermanos Cifuentes. Juntos fundaron y conducen la compa\u00f1\u00eda CV Design and Construction, en Oklahoma.  Cada uno con su historia de retos y logros, pero con una fortaleza mayor: su fe en Dios y su uni\u00f3n familiar. Alejandra, la mayor, es abogada; Emilia, es ingeniera civil; Axel es arquitecto y Danilo tambi\u00e9n es ingeniero.<\/figcaption>\n\t\t\t\t\t\t\t\t\t\t<\/figure>\n\t\t\t\t\t\t\t\t\t<\/div>\n\t\t\t\t\t<\/div>\n\t\t<\/div>\n\t\t\t\t\t<\/div>\n\t\t<\/section>\n\t\t\t\t<section data-particle_enable=\"false\" data-particle-mobile-disabled=\"false\" class=\"elementor-section elementor-top-section elementor-element elementor-element-28e98e5 elementor-section-boxed elementor-section-height-default elementor-section-height-default\" data-id=\"28e98e5\" data-element_type=\"section\" data-e-type=\"section\">\n\t\t\t\t\t\t<div class=\"elementor-container elementor-column-gap-default\">\n\t\t\t\t\t<div class=\"elementor-column elementor-col-100 elementor-top-column elementor-element elementor-element-a1d18cb\" data-id=\"a1d18cb\" data-element_type=\"column\" data-e-type=\"column\">\n\t\t\t<div class=\"elementor-widget-wrap elementor-element-populated\">\n\t\t\t\t\t\t<div class=\"elementor-element elementor-element-f28a767 elementor-widget elementor-widget-heading\" data-id=\"f28a767\" data-element_type=\"widget\" data-e-type=\"widget\" data-widget_type=\"heading.default\">\n\t\t\t\t\t<h2 class=\"elementor-heading-title elementor-size-default\">\"Perder el miedo a hablar, preguntar y al posible \"No\" es vital\"<\/h2>\t\t\t\t<\/div>\n\t\t\t\t\t<\/div>\n\t\t<\/div>\n\t\t\t\t\t<\/div>\n\t\t<\/section>\n\t\t\t\t<section data-particle_enable=\"false\" data-particle-mobile-disabled=\"false\" class=\"elementor-section elementor-top-section elementor-element elementor-element-cd71753 elementor-section-boxed elementor-section-height-default elementor-section-height-default\" data-id=\"cd71753\" data-element_type=\"section\" data-e-type=\"section\">\n\t\t\t\t\t\t<div class=\"elementor-container elementor-column-gap-default\">\n\t\t\t\t\t<div class=\"elementor-column elementor-col-100 elementor-top-column elementor-element elementor-element-99fbe26\" data-id=\"99fbe26\" data-element_type=\"column\" data-e-type=\"column\">\n\t\t\t<div class=\"elementor-widget-wrap elementor-element-populated\">\n\t\t\t\t\t\t<div class=\"elementor-element elementor-element-48a6122 elementor-widget elementor-widget-text-editor\" data-id=\"48a6122\" data-element_type=\"widget\" data-e-type=\"widget\" data-widget_type=\"text-editor.default\">\n\t\t\t\t\t\t\t\t\t<p>Axel relata: &#8220;El plan inicial del interinato era por seis meses. Tuve que posponer mis examenes de graduaci\u00f3n para poder viajar. La empresa era una petrolera, en un peque\u00f1o pueblo de Oklahoma. Mi ingl\u00e9s era muy b\u00e1sico, as\u00ed que tuve que mejorarlo r\u00e1pido y no fue facil. Pero al cabo de seis meses me dicen: nos gusta tu trabajo, adem\u00e1s nos estas ayudando mucho a traducir ingl\u00e9s a espa\u00f1ol, ya que ten\u00edan muchos empleados de habla hispana. Tramitan que me quede otros seis meses. al a\u00f1o ya para regresar a Guatemala, me dicen: \u00bf<i>Te gustar\u00eda venirte a trabajar de tiempo completo?<\/i>\u00a0 volv\u00ed a Guatemala a sacar mis privados, a graduarme y\u00a0 vuelvo a Oklahoma. Me qued\u00e9 siete a\u00f1os y ellos me ayudaron a tramitar mi residencia&#8221;.<\/p><p>Todo parece de ensue\u00f1o, pero no fue f\u00e1cil, relata Axel: &#8220;Yo llor\u00e9, me sent\u00ed solo. No ten\u00eda amigos, no conoc\u00eda a nadie, no hay con quien conversar ni tomar un caf\u00e9. Esa transici\u00f3n fue muy dif\u00edcil&#8221;.<\/p><p>Dos cosas le ayudaron a sobrepasar aquello: &#8220;Confiar en Dios es la primera clave. No podr\u00eda estar donde estoy solo por m\u00ed mismo. Pero tambi\u00e9n hablarle a las personas. Acercarte a un extra\u00f1o y preguntarle: \u00bfPodr\u00edas regalarme una hora para conversar y mejorar mi ingl\u00e9s? As\u00ed conoc\u00ed a gente fant\u00e1stica. Eran ciudadanos americanos a quienes les hac\u00eda la pregunta. Eran extra\u00f1os y hoy son mis amigos. Perder el miedo a hablar y preguntar es vital. Te pueden decir que no, pero otros aceptaban con gusto\u00a0 y yo les contaba qui\u00e9n era, de donde ven\u00eda y c\u00f3mo era mi pa\u00eds&#8221;.<\/p>\t\t\t\t\t\t\t\t<\/div>\n\t\t\t\t\t<\/div>\n\t\t<\/div>\n\t\t\t\t\t<\/div>\n\t\t<\/section>\n\t\t\t\t<section data-particle_enable=\"false\" data-particle-mobile-disabled=\"false\" class=\"elementor-section elementor-top-section elementor-element elementor-element-08490bb elementor-section-boxed elementor-section-height-default elementor-section-height-default\" data-id=\"08490bb\" data-element_type=\"section\" data-e-type=\"section\">\n\t\t\t\t\t\t<div class=\"elementor-container elementor-column-gap-default\">\n\t\t\t\t\t<div class=\"elementor-column elementor-col-100 elementor-top-column elementor-element elementor-element-6d5e3c4\" data-id=\"6d5e3c4\" data-element_type=\"column\" data-e-type=\"column\">\n\t\t\t<div class=\"elementor-widget-wrap elementor-element-populated\">\n\t\t\t\t\t\t<div class=\"elementor-element elementor-element-8bd2142 elementor-widget elementor-widget-image\" data-id=\"8bd2142\" data-element_type=\"widget\" data-e-type=\"widget\" data-widget_type=\"image.default\">\n\t\t\t\t\t\t\t\t\t\t\t\t<figure class=\"wp-caption\">\n\t\t\t\t\t\t\t\t\t\t<img decoding=\"async\" width=\"720\" height=\"620\" src=\"https:\/\/soymigrante.com\/revista\/wp-content\/uploads\/2024\/02\/axel-cifuentes-arquitecto.webp\" class=\"attachment-large size-large wp-image-4821\" alt=\"Despu\u00e9s de su interinato en una compa\u00f1\u00eda petrolera de Oklahoma, donde labor\u00f3 como dise\u00f1ador, Axel regres\u00f3 a Guatemala para efectuar sus examenes privados y graduarse de Arquitecto. Al regresar, no se fue solo, se llev\u00f3 a su hermano Danilo, que es ingeniero civil.\" srcset=\"https:\/\/soymigrante.com\/revista\/wp-content\/uploads\/2024\/02\/axel-cifuentes-arquitecto.webp 720w, https:\/\/soymigrante.com\/revista\/wp-content\/uploads\/2024\/02\/axel-cifuentes-arquitecto-300x258.webp 300w\" sizes=\"(max-width: 720px) 100vw, 720px\" title=\"Despu\u00e9s de su interinato en una compa\u00f1\u00eda petrolera de Oklahoma, donde labor\u00f3 como dise\u00f1ador, Axel regres\u00f3 a Guatemala para  efectuar sus examenes privados y graduarse de Arquitecto. Al regresar, no se fue solo, se llev\u00f3 a su hermano Danilo, que es ingeniero civil. \u2013 SoyMigrante.com REVISTA\" \/>\t\t\t\t\t\t\t\t\t\t\t<figcaption class=\"widget-image-caption wp-caption-text\">Despu\u00e9s de su interinato en una compa\u00f1\u00eda petrolera de Oklahoma, donde labor\u00f3 como dise\u00f1ador, Axel regres\u00f3 a Guatemala para  efectuar sus examenes privados y graduarse de Arquitecto. Al regresar, no se fue solo, se llev\u00f3 a su hermano Danilo, que es ingeniero civil.<\/figcaption>\n\t\t\t\t\t\t\t\t\t\t<\/figure>\n\t\t\t\t\t\t\t\t\t<\/div>\n\t\t\t\t\t<\/div>\n\t\t<\/div>\n\t\t\t\t\t<\/div>\n\t\t<\/section>\n\t\t\t\t<section data-particle_enable=\"false\" data-particle-mobile-disabled=\"false\" class=\"elementor-section elementor-top-section elementor-element elementor-element-5a298be elementor-section-boxed elementor-section-height-default elementor-section-height-default\" data-id=\"5a298be\" data-element_type=\"section\" data-e-type=\"section\">\n\t\t\t\t\t\t<div class=\"elementor-container elementor-column-gap-default\">\n\t\t\t\t\t<div class=\"elementor-column elementor-col-100 elementor-top-column elementor-element elementor-element-dd9c399\" data-id=\"dd9c399\" data-element_type=\"column\" data-e-type=\"column\">\n\t\t\t<div class=\"elementor-widget-wrap elementor-element-populated\">\n\t\t\t\t\t\t<div class=\"elementor-element elementor-element-fbe1cce elementor-widget elementor-widget-heading\" data-id=\"fbe1cce\" data-element_type=\"widget\" data-e-type=\"widget\" data-widget_type=\"heading.default\">\n\t\t\t\t\t<h2 class=\"elementor-heading-title elementor-size-default\">Ve la mano de Dios en tantas puertas abiertas<\/h2>\t\t\t\t<\/div>\n\t\t\t\t\t<\/div>\n\t\t<\/div>\n\t\t\t\t\t<\/div>\n\t\t<\/section>\n\t\t\t\t<section data-particle_enable=\"false\" data-particle-mobile-disabled=\"false\" class=\"elementor-section elementor-top-section elementor-element elementor-element-32636c8 elementor-section-boxed elementor-section-height-default elementor-section-height-default\" data-id=\"32636c8\" data-element_type=\"section\" data-e-type=\"section\">\n\t\t\t\t\t\t<div class=\"elementor-container elementor-column-gap-default\">\n\t\t\t\t\t<div class=\"elementor-column elementor-col-100 elementor-top-column elementor-element elementor-element-3ff2437\" data-id=\"3ff2437\" data-element_type=\"column\" data-e-type=\"column\">\n\t\t\t<div class=\"elementor-widget-wrap elementor-element-populated\">\n\t\t\t\t\t\t<div class=\"elementor-element elementor-element-48f3dab elementor-widget elementor-widget-text-editor\" data-id=\"48f3dab\" data-element_type=\"widget\" data-e-type=\"widget\" data-widget_type=\"text-editor.default\">\n\t\t\t\t\t\t\t\t\t<p>Mientras trabajaba en su primer a\u00f1o, la compa\u00f1\u00eda le pregunt\u00f3 a Axel: &#8220;\u00bfConoces a alguien m\u00e1s que trabaje as\u00ed como vos?&#8221;. Axel llam\u00f3 a su hermano Danilo Cifuentes, ingeniero, quien acept\u00f3 el reto. Regres\u00f3 por \u00e9l a Guatemala, efectuaron los tr\u00e1mites de visa de trabajo.\u00a0 &#8220;Nos venimos los dos. Viajamos por tierra desde Guatemala en un Toyota Hilux. Cruzamos todo M\u00e9xico, hasta Oklahoma&#8221;.<\/p><p><span style=\"color: var( --e-global-color-text );\">Axel agradece y atribuye todo su viaje a Dios:\u00a0 &#8220;Fue un milagro que me hayan dado visa de trabajo desde el inicio. A\u00fan no era arquitecto, no me hab\u00eda graduado. Fue un milagro que una empresa en un pueblo muy peque\u00f1o abra la oportunidad a dos hermanos hispanos de sacar visas de trabajo. Es incre\u00edble. Es dif\u00edcil que le den la visa de trabajo a una persona, menos a dos hermanos en tan poco tiempo&#8221;.\u00a0<\/span><\/p><p><span style=\"color: var( --e-global-color-text );\">Eval\u00faa algo m\u00e1s: &#8220;Adem\u00e1s, los de la empresa bien pudieron contratar a alguien de la zona y le hubiera resultado m\u00e1s econ\u00f3mico, porque a nosotros nos dieron\u00a0 tiempo, recursos, abogados. Todav\u00eda hoy no me lo explico. Y el tr\u00e1mite de la residencia se hizo con ayuda de la misma empresa. Trabaj\u00e9 con ellos siete a\u00f1os y me apoyaron con todo el tr\u00e1mite. Mi permiso sale en febrero y la empresa quiebra en marzo.Podr\u00edas decir es coincidencia, pero yo no lo creo. Es Dios&#8221;.<\/span><\/p>\t\t\t\t\t\t\t\t<\/div>\n\t\t\t\t\t<\/div>\n\t\t<\/div>\n\t\t\t\t\t<\/div>\n\t\t<\/section>\n\t\t\t\t<section data-particle_enable=\"false\" data-particle-mobile-disabled=\"false\" class=\"elementor-section elementor-top-section elementor-element elementor-element-22edbc2 elementor-section-boxed elementor-section-height-default elementor-section-height-default\" data-id=\"22edbc2\" data-element_type=\"section\" data-e-type=\"section\">\n\t\t\t\t\t\t<div class=\"elementor-container elementor-column-gap-default\">\n\t\t\t\t\t<div class=\"elementor-column elementor-col-100 elementor-top-column elementor-element elementor-element-443eacd\" data-id=\"443eacd\" data-element_type=\"column\" data-e-type=\"column\">\n\t\t\t<div class=\"elementor-widget-wrap elementor-element-populated\">\n\t\t\t\t\t\t<div class=\"elementor-element elementor-element-56cc87f elementor-widget elementor-widget-image\" data-id=\"56cc87f\" data-element_type=\"widget\" data-e-type=\"widget\" data-widget_type=\"image.default\">\n\t\t\t\t\t\t\t\t\t\t\t\t<figure class=\"wp-caption\">\n\t\t\t\t\t\t\t\t\t\t<img decoding=\"async\" width=\"522\" height=\"528\" src=\"https:\/\/soymigrante.com\/revista\/wp-content\/uploads\/2024\/02\/Captura-de-pantalla-2024-02-10-091054.webp\" class=\"attachment-large size-large wp-image-4822\" alt=\"Un ejemplo de las remodelaciones que efect\u00faa la compa\u00f1\u00eda de los hermanos Cifuentes. Compran propiedades, las restauran, remodelan y modernizan. Axel es la mente creativa e inspirada del dise\u00f1o; los hermanos aportan sus conocimientos t\u00e9cnicos para cumplir con regulaciones y est\u00e1ndares.\" srcset=\"https:\/\/soymigrante.com\/revista\/wp-content\/uploads\/2024\/02\/Captura-de-pantalla-2024-02-10-091054.webp 522w, https:\/\/soymigrante.com\/revista\/wp-content\/uploads\/2024\/02\/Captura-de-pantalla-2024-02-10-091054-297x300.webp 297w, https:\/\/soymigrante.com\/revista\/wp-content\/uploads\/2024\/02\/Captura-de-pantalla-2024-02-10-091054-75x75.webp 75w\" sizes=\"(max-width: 522px) 100vw, 522px\" title=\"Un ejemplo de las remodelaciones que efect\u00faa la compa\u00f1\u00eda de los hermanos Cifuentes. Compran propiedades, las restauran, remodelan y modernizan. Axel es la mente creativa e inspirada del dise\u00f1o; los hermanos aportan sus conocimientos  t\u00e9cnicos para cumplir con regulaciones y est\u00e1ndares. \u2013 SoyMigrante.com REVISTA\" \/>\t\t\t\t\t\t\t\t\t\t\t<figcaption class=\"widget-image-caption wp-caption-text\">Un ejemplo de las remodelaciones que efect\u00faa la compa\u00f1\u00eda de los hermanos Cifuentes. Compran propiedades, las restauran, remodelan y modernizan. Axel es la mente creativa e inspirada del dise\u00f1o; los hermanos aportan sus conocimientos  t\u00e9cnicos para cumplir con regulaciones y est\u00e1ndares.<\/figcaption>\n\t\t\t\t\t\t\t\t\t\t<\/figure>\n\t\t\t\t\t\t\t\t\t<\/div>\n\t\t\t\t\t<\/div>\n\t\t<\/div>\n\t\t\t\t\t<\/div>\n\t\t<\/section>\n\t\t\t\t<section data-particle_enable=\"false\" data-particle-mobile-disabled=\"false\" class=\"elementor-section elementor-top-section elementor-element elementor-element-a6b1379 elementor-section-boxed elementor-section-height-default elementor-section-height-default\" data-id=\"a6b1379\" data-element_type=\"section\" data-e-type=\"section\">\n\t\t\t\t\t\t<div class=\"elementor-container elementor-column-gap-default\">\n\t\t\t\t\t<div class=\"elementor-column elementor-col-100 elementor-top-column elementor-element elementor-element-169b55f\" data-id=\"169b55f\" data-element_type=\"column\" data-e-type=\"column\">\n\t\t\t<div class=\"elementor-widget-wrap elementor-element-populated\">\n\t\t\t\t\t\t<div class=\"elementor-element elementor-element-edb76ee elementor-widget elementor-widget-heading\" data-id=\"edb76ee\" data-element_type=\"widget\" data-e-type=\"widget\" data-widget_type=\"heading.default\">\n\t\t\t\t\t<h2 class=\"elementor-heading-title elementor-size-default\">Surge el emprendimiento de Los Cifuentes<\/h2>\t\t\t\t<\/div>\n\t\t\t\t\t<\/div>\n\t\t<\/div>\n\t\t\t\t\t<\/div>\n\t\t<\/section>\n\t\t\t\t<section data-particle_enable=\"false\" data-particle-mobile-disabled=\"false\" class=\"elementor-section elementor-top-section elementor-element elementor-element-baf50da elementor-section-boxed elementor-section-height-default elementor-section-height-default\" data-id=\"baf50da\" data-element_type=\"section\" data-e-type=\"section\">\n\t\t\t\t\t\t<div class=\"elementor-container elementor-column-gap-default\">\n\t\t\t\t\t<div class=\"elementor-column elementor-col-100 elementor-top-column elementor-element elementor-element-14ba3b1\" data-id=\"14ba3b1\" data-element_type=\"column\" data-e-type=\"column\">\n\t\t\t<div class=\"elementor-widget-wrap elementor-element-populated\">\n\t\t\t\t\t\t<div class=\"elementor-element elementor-element-6824ddf elementor-widget elementor-widget-text-editor\" data-id=\"6824ddf\" data-element_type=\"widget\" data-e-type=\"widget\" data-widget_type=\"text-editor.default\">\n\t\t\t\t\t\t\t\t\t<p>Durante la pandemia, Axel trabaj\u00f3 con una empresa de metalurgia. Pero su sue\u00f1o era poder desarrollarse en arquitectura &#8220;Esa era mi pasi\u00f3n, mi carrera, mi campo y no hab\u00eda podido practicarlo. Entonces aparece una una firma familiar de arquitectos en el estado de Oklahoma. Me contratan y me empiezan a ense\u00f1ar, a actualizar. Lo que uno aprende en la carrera de Guatemala es muy distinto a lo que hace en Estados Unidos y adem\u00e1s no hab\u00eda tenido experiencia en arquitectura durante siete a\u00f1os. Todo era nuevo: los conceptos, la tecnolog\u00eda, los programas de dise\u00f1o. Me ense\u00f1aron tanto: otro milagro&#8221;.<\/p><p>En 2022 surge la idea del emprendimiento familiar, entre hermanos, inspirados en ideas inculcadas por su padre. &#8220;Mi pap\u00e1 en Quetzaltenango invert\u00eda en propiedades ara venderlas. La tierra gana valor. POr eso mi hermano Danilo es ingeniero civil. A \u00e9l le gusta ejecutar la construcci\u00f3n y a m\u00ed el dise\u00f1o. As\u00ed que un d\u00eda comenzamos la empresa. Compet\u00edamos contra empresas estadounidenses con experiencia y tama\u00f1o&#8221;.<\/p><p>Axel reconoce que ser guatemaltecos es un gran valor pero a la vez fue un reto descubrirlo. &#8220;Mi hermano me anim\u00f3, se tir\u00f3 al agua y me jal\u00f3 de los pies cuando yo estaba de huir. Se empez\u00f3 un proyecto, despu\u00e9s otro. Funcion\u00f3, empezamos a crecer. Luego se involucraron mis hermanas: Alejandra, que es abogada; y\u00a0 Emilia que tambi\u00e9n es ingeniera civil&#8221;.<\/p>\t\t\t\t\t\t\t\t<\/div>\n\t\t\t\t\t<\/div>\n\t\t<\/div>\n\t\t\t\t\t<\/div>\n\t\t<\/section>\n\t\t\t\t<section data-particle_enable=\"false\" data-particle-mobile-disabled=\"false\" class=\"elementor-section elementor-top-section elementor-element elementor-element-552bf78 elementor-section-boxed elementor-section-height-default elementor-section-height-default\" data-id=\"552bf78\" data-element_type=\"section\" data-e-type=\"section\">\n\t\t\t\t\t\t<div class=\"elementor-container elementor-column-gap-default\">\n\t\t\t\t\t<div class=\"elementor-column elementor-col-100 elementor-top-column elementor-element elementor-element-9054c58\" data-id=\"9054c58\" data-element_type=\"column\" data-e-type=\"column\">\n\t\t\t<div class=\"elementor-widget-wrap elementor-element-populated\">\n\t\t\t\t\t\t<div class=\"elementor-element elementor-element-ca97506 elementor-widget elementor-widget-video\" data-id=\"ca97506\" data-element_type=\"widget\" data-e-type=\"widget\" data-settings=\"{&quot;video_type&quot;:&quot;hosted&quot;,&quot;controls&quot;:&quot;yes&quot;}\" data-widget_type=\"video.default\">\n\t\t\t\t\t\t\t<div class=\"e-hosted-video elementor-wrapper elementor-open-inline\">\n\t\t\t\t\t<video class=\"elementor-video\" src=\"https:\/\/soymigrante.com\/revista\/wp-content\/uploads\/2024\/02\/Proyecto-de-la-compania-CV-Properties-Oklahoma.mp4\" controls=\"\" preload=\"auto\" controlsList=\"nodownload\"><\/video>\n\t\t\t\t<\/div>\n\t\t\t\t\t\t<\/div>\n\t\t\t\t\t<\/div>\n\t\t<\/div>\n\t\t\t\t\t<\/div>\n\t\t<\/section>\n\t\t\t\t<section data-particle_enable=\"false\" data-particle-mobile-disabled=\"false\" class=\"elementor-section elementor-top-section elementor-element elementor-element-56d6c38 elementor-section-boxed elementor-section-height-default elementor-section-height-default\" data-id=\"56d6c38\" data-element_type=\"section\" data-e-type=\"section\">\n\t\t\t\t\t\t<div class=\"elementor-container elementor-column-gap-default\">\n\t\t\t\t\t<div class=\"elementor-column elementor-col-100 elementor-top-column elementor-element elementor-element-e0c8803\" data-id=\"e0c8803\" data-element_type=\"column\" data-e-type=\"column\">\n\t\t\t<div class=\"elementor-widget-wrap elementor-element-populated\">\n\t\t\t\t\t\t<div class=\"elementor-element elementor-element-e497ead elementor-widget elementor-widget-text-editor\" data-id=\"e497ead\" data-element_type=\"widget\" data-e-type=\"widget\" data-widget_type=\"text-editor.default\">\n\t\t\t\t\t\t\t\t\t<p><b>Publicidad en redes sociales de una de las\u00a0 casas adquiridas y remodeladas por CV Design and Construction, la compa\u00f1\u00eda de los hermanos Cifuentes en Oklahoma.<\/b><\/p>\t\t\t\t\t\t\t\t<\/div>\n\t\t\t\t\t<\/div>\n\t\t<\/div>\n\t\t\t\t\t<\/div>\n\t\t<\/section>\n\t\t\t\t<section data-particle_enable=\"false\" data-particle-mobile-disabled=\"false\" class=\"elementor-section elementor-top-section elementor-element elementor-element-81f6afa elementor-section-boxed elementor-section-height-default elementor-section-height-default\" data-id=\"81f6afa\" data-element_type=\"section\" data-e-type=\"section\">\n\t\t\t\t\t\t<div class=\"elementor-container elementor-column-gap-default\">\n\t\t\t\t\t<div class=\"elementor-column elementor-col-100 elementor-top-column elementor-element elementor-element-e18f0de\" data-id=\"e18f0de\" data-element_type=\"column\" data-e-type=\"column\">\n\t\t\t<div class=\"elementor-widget-wrap elementor-element-populated\">\n\t\t\t\t\t\t<div class=\"elementor-element elementor-element-3286b0c elementor-widget elementor-widget-heading\" data-id=\"3286b0c\" data-element_type=\"widget\" data-e-type=\"widget\" data-widget_type=\"heading.default\">\n\t\t\t\t\t<h2 class=\"elementor-heading-title elementor-size-default\">Uni\u00f3n de talentos: el mayor tesoro<\/h2>\t\t\t\t<\/div>\n\t\t\t\t\t<\/div>\n\t\t<\/div>\n\t\t\t\t\t<\/div>\n\t\t<\/section>\n\t\t\t\t<section data-particle_enable=\"false\" data-particle-mobile-disabled=\"false\" class=\"elementor-section elementor-top-section elementor-element elementor-element-4f9abcf elementor-section-boxed elementor-section-height-default elementor-section-height-default\" data-id=\"4f9abcf\" data-element_type=\"section\" data-e-type=\"section\">\n\t\t\t\t\t\t<div class=\"elementor-container elementor-column-gap-default\">\n\t\t\t\t\t<div class=\"elementor-column elementor-col-100 elementor-top-column elementor-element elementor-element-ce65d54\" data-id=\"ce65d54\" data-element_type=\"column\" data-e-type=\"column\">\n\t\t\t<div class=\"elementor-widget-wrap elementor-element-populated\">\n\t\t\t\t\t\t<div class=\"elementor-element elementor-element-0a53013 elementor-widget elementor-widget-text-editor\" data-id=\"0a53013\" data-element_type=\"widget\" data-e-type=\"widget\" data-widget_type=\"text-editor.default\">\n\t\t\t\t\t\t\t\t\t<p>Los cuatro hermanos tienen claro que en la empresa son socios profesionales. Arreglan las diferencias de opini\u00f3n buscando un punto medio. &#8220;A nosotros se nos ense\u00f1o este orden: Dios,familia y por \u00faltimo dinero. Eso nos ayuda a mantener el balance y los objetivos&#8221;.<\/p><p>Axel es el artista del equipo. Al remodelar una casa no hace dibujos, sino descripciones, &#8220;insights&#8221;, texturas y colores. &#8220;Esta pared la podemos mover, calculo el color de la pintura de acabados y lo describo. si me piden un modelo en 3D o un dibujo no mucho me gusta. Trabajo con la intuici\u00f3n y la creatividad. Claro luego viene la transici\u00f3n, cuando mi hermano, ingeniero me dice: esto no lo pod\u00e9s mover por la estructura. el pone las reglas, yo soy m\u00e1s artesanal y acompa\u00f1ar el proceso hasta que queda como lo imagin\u00e9.<\/p><p>\u00a0Axel vive ahora en Dallas, en busca de mayor proyecci\u00f3n para la empresa, comenzar proyectos en Texas y su sue\u00f1o es expandirse a m\u00e1s Estados. Competir con compa\u00f1\u00edas m\u00e1s grandes, tener proyectos ya no de casas sino de edificios. La diferencia es que al inicio ten\u00edamos miedo. Hoy no. vamos seguros de la mano de Dios&#8221;.<\/p>\t\t\t\t\t\t\t\t<\/div>\n\t\t\t\t\t<\/div>\n\t\t<\/div>\n\t\t\t\t\t<\/div>\n\t\t<\/section>\n\t\t\t\t<section data-particle_enable=\"false\" data-particle-mobile-disabled=\"false\" class=\"elementor-section elementor-top-section elementor-element elementor-element-a32b7d5 elementor-section-boxed elementor-section-height-default elementor-section-height-default\" data-id=\"a32b7d5\" data-element_type=\"section\" data-e-type=\"section\">\n\t\t\t\t\t\t<div class=\"elementor-container elementor-column-gap-default\">\n\t\t\t\t\t<div class=\"elementor-column elementor-col-100 elementor-top-column elementor-element elementor-element-da1f629\" data-id=\"da1f629\" data-element_type=\"column\" data-e-type=\"column\">\n\t\t\t<div class=\"elementor-widget-wrap elementor-element-populated\">\n\t\t\t\t\t\t<div class=\"elementor-element elementor-element-2ced8ef elementor-grid-eael-col-3 elementor-grid-tablet-eael-col-2 elementor-grid-mobile-eael-col-1 elementor-widget elementor-widget-global elementor-global-4918 elementor-widget-eael-post-grid\" data-id=\"2ced8ef\" data-element_type=\"widget\" data-e-type=\"widget\" data-settings=\"{&quot;eael_post_grid_columns&quot;:&quot;eael-col-3&quot;,&quot;eael_post_grid_columns_tablet&quot;:&quot;eael-col-2&quot;,&quot;eael_post_grid_columns_mobile&quot;:&quot;eael-col-1&quot;}\" data-widget_type=\"eael-post-grid.default\">\n\t\t\t\t\t<div id=\"eael-post-grid-2ced8ef\" class=\"eael-post-grid-container\">\n            <div class=\"eael-post-grid eael-post-appender eael-post-appender-2ced8ef eael-post-grid-style-one\" data-layout-mode=\"masonry\"><article class=\"eael-grid-post  eael-post-grid-column eael-pg-post-2292 category-exitos\" data-id=\"2292\">\n        <div class=\"eael-grid-post-holder\">\n            <div class=\"eael-grid-post-holder-inner\"><div class=\"eael-entry-media\"><div class=\"eael-entry-overlay fade-in\"><i class=\"fas fa-hand-pointer\" aria-hidden=\"true\"><\/i><a href=\"https:\/\/soymigrante.com\/revista\/sandy-castillo-emprendedora-guatemalteca-eeuu\/\"><\/a><\/div><div class=\"eael-entry-thumbnail \">\n                <img loading=\"lazy\" decoding=\"async\" width=\"300\" height=\"240\" src=\"https:\/\/soymigrante.com\/revista\/wp-content\/uploads\/2023\/08\/sandy-300x240.webp\" class=\"attachment-medium size-medium wp-image-2295\" alt=\"\" srcset=\"https:\/\/soymigrante.com\/revista\/wp-content\/uploads\/2023\/08\/sandy-300x240.webp 300w, https:\/\/soymigrante.com\/revista\/wp-content\/uploads\/2023\/08\/sandy-768x614.webp 768w, https:\/\/soymigrante.com\/revista\/wp-content\/uploads\/2023\/08\/sandy-750x599.webp 750w, https:\/\/soymigrante.com\/revista\/wp-content\/uploads\/2023\/08\/sandy.webp 980w\" sizes=\"(max-width: 300px) 100vw, 300px\" \/>\n            <\/div>\n        <\/div><div class=\"eael-entry-wrapper\"><header class=\"eael-entry-header\"><h2 class=\"eael-entry-title\"><a class=\"eael-grid-post-link\" href=\"https:\/\/soymigrante.com\/revista\/sandy-castillo-emprendedora-guatemalteca-eeuu\/\" title=\"Sandy Castillo: De Migrante a emprendedora en EE.UU.\">Sandy Castillo: De Migrante a emprendedora en EE.UU.<\/a><\/h2><\/header><div class=\"eael-entry-content\">\n                        <div class=\"eael-grid-post-excerpt\"><a href=\"https:\/\/soymigrante.com\/revista\/sandy-castillo-emprendedora-guatemalteca-eeuu\/\" class=\"eael-post-elements-readmore-btn\">Leer m\u00e1s<\/a><\/div>\n                    <\/div><\/div><\/div>\n        <\/div>\n    <\/article><article class=\"eael-grid-post  eael-post-grid-column eael-pg-post-3329 category-exitos\" data-id=\"3329\">\n        <div class=\"eael-grid-post-holder\">\n            <div class=\"eael-grid-post-holder-inner\"><div class=\"eael-entry-media\"><div class=\"eael-entry-overlay fade-in\"><i class=\"fas fa-hand-pointer\" aria-hidden=\"true\"><\/i><a href=\"https:\/\/soymigrante.com\/revista\/los-cuadernos-y-tipicos-de-aida-migrante-guatemalteca\/\"><\/a><\/div><div class=\"eael-entry-thumbnail \">\n                <img loading=\"lazy\" decoding=\"async\" width=\"300\" height=\"300\" src=\"https:\/\/soymigrante.com\/revista\/wp-content\/uploads\/2023\/11\/Aida-Barrios-Huinil-300x300.webp\" class=\"attachment-medium size-medium wp-image-3311\" alt=\"Aida Barrios Huinil migrante guatemalteca se ha convertido en profesional actualmente imparte clases a ni\u00f1os y ni\u00f1as. Ense\u00f1a matem\u00e1ticas, espa\u00f1ol y tambi\u00e9n muestra su cultura a trav\u00e9s de cantos y cuentos en idioma mam.\" srcset=\"https:\/\/soymigrante.com\/revista\/wp-content\/uploads\/2023\/11\/Aida-Barrios-Huinil-300x300.webp 300w, https:\/\/soymigrante.com\/revista\/wp-content\/uploads\/2023\/11\/Aida-Barrios-Huinil-1024x1024.webp 1024w, https:\/\/soymigrante.com\/revista\/wp-content\/uploads\/2023\/11\/Aida-Barrios-Huinil-150x150.webp 150w, https:\/\/soymigrante.com\/revista\/wp-content\/uploads\/2023\/11\/Aida-Barrios-Huinil-768x768.webp 768w, https:\/\/soymigrante.com\/revista\/wp-content\/uploads\/2023\/11\/Aida-Barrios-Huinil-1536x1536.webp 1536w, https:\/\/soymigrante.com\/revista\/wp-content\/uploads\/2023\/11\/Aida-Barrios-Huinil-scaled.webp 1920w, https:\/\/soymigrante.com\/revista\/wp-content\/uploads\/2023\/11\/Aida-Barrios-Huinil-75x75.webp 75w, https:\/\/soymigrante.com\/revista\/wp-content\/uploads\/2023\/11\/Aida-Barrios-Huinil-750x750.webp 750w, https:\/\/soymigrante.com\/revista\/wp-content\/uploads\/2023\/11\/Aida-Barrios-Huinil-1140x1140.webp 1140w, https:\/\/soymigrante.com\/revista\/wp-content\/uploads\/2023\/11\/Aida-Barrios-Huinil-600x600.webp 600w\" sizes=\"(max-width: 300px) 100vw, 300px\" \/>\n            <\/div>\n        <\/div><div class=\"eael-entry-wrapper\"><header class=\"eael-entry-header\"><h2 class=\"eael-entry-title\"><a class=\"eael-grid-post-link\" href=\"https:\/\/soymigrante.com\/revista\/los-cuadernos-y-tipicos-de-aida-migrante-guatemalteca\/\" title=\"Migrante y emprendedora mam A\u00edda Barrios es maestra de primaria en California\">Migrante y emprendedora mam A\u00edda Barrios es maestra de primaria en California<\/a><\/h2><\/header><div class=\"eael-entry-content\">\n                        <div class=\"eael-grid-post-excerpt\"><a href=\"https:\/\/soymigrante.com\/revista\/los-cuadernos-y-tipicos-de-aida-migrante-guatemalteca\/\" class=\"eael-post-elements-readmore-btn\">Leer m\u00e1s<\/a><\/div>\n                    <\/div><\/div><\/div>\n        <\/div>\n    <\/article><article class=\"eael-grid-post  eael-post-grid-column eael-pg-post-3963 category-exitos\" data-id=\"3963\">\n        <div class=\"eael-grid-post-holder\">\n            <div class=\"eael-grid-post-holder-inner\"><div class=\"eael-entry-media\"><div class=\"eael-entry-overlay fade-in\"><i class=\"fas fa-hand-pointer\" aria-hidden=\"true\"><\/i><a href=\"https:\/\/soymigrante.com\/revista\/tirar-regalar-vender-cambiar-la-ruta-migrante-de-silvia-obregon\/\"><\/a><\/div><div class=\"eael-entry-thumbnail \">\n                <img loading=\"lazy\" decoding=\"async\" width=\"300\" height=\"253\" src=\"https:\/\/soymigrante.com\/revista\/wp-content\/uploads\/2023\/12\/silvia-colibri-volando-300x253.webp\" class=\"attachment-medium size-medium wp-image-3971\" alt=\"\" srcset=\"https:\/\/soymigrante.com\/revista\/wp-content\/uploads\/2023\/12\/silvia-colibri-volando-300x253.webp 300w, https:\/\/soymigrante.com\/revista\/wp-content\/uploads\/2023\/12\/silvia-colibri-volando-1024x863.webp 1024w, https:\/\/soymigrante.com\/revista\/wp-content\/uploads\/2023\/12\/silvia-colibri-volando-768x647.webp 768w, https:\/\/soymigrante.com\/revista\/wp-content\/uploads\/2023\/12\/silvia-colibri-volando-1536x1295.webp 1536w, https:\/\/soymigrante.com\/revista\/wp-content\/uploads\/2023\/12\/silvia-colibri-volando-750x632.webp 750w, https:\/\/soymigrante.com\/revista\/wp-content\/uploads\/2023\/12\/silvia-colibri-volando-1140x961.webp 1140w, https:\/\/soymigrante.com\/revista\/wp-content\/uploads\/2023\/12\/silvia-colibri-volando.webp 1554w\" sizes=\"(max-width: 300px) 100vw, 300px\" \/>\n            <\/div>\n        <\/div><div class=\"eael-entry-wrapper\"><header class=\"eael-entry-header\"><h2 class=\"eael-entry-title\"><a class=\"eael-grid-post-link\" href=\"https:\/\/soymigrante.com\/revista\/tirar-regalar-vender-cambiar-la-ruta-migrante-de-silvia-obregon\/\" title=\"El vuelo migrante de la emprendedora Silvia Leonora Obreg\u00f3n\">El vuelo migrante de la emprendedora Silvia Leonora Obreg\u00f3n<\/a><\/h2><\/header><div class=\"eael-entry-content\">\n                        <div class=\"eael-grid-post-excerpt\"><a href=\"https:\/\/soymigrante.com\/revista\/tirar-regalar-vender-cambiar-la-ruta-migrante-de-silvia-obregon\/\" class=\"eael-post-elements-readmore-btn\">Leer m\u00e1s<\/a><\/div>\n                    <\/div><\/div><\/div>\n        <\/div>\n    <\/article><\/div>\n            <div class=\"clearfix\"><\/div>\n        <\/div>\t\t\t\t<\/div>\n\t\t\t\t\t<\/div>\n\t\t<\/div>\n\t\t\t\t\t<\/div>\n\t\t<\/section>\n\t\t\t\t<section data-particle_enable=\"false\" data-particle-mobile-disabled=\"false\" class=\"elementor-section elementor-top-section elementor-element elementor-element-436f3ca elementor-section-boxed elementor-section-height-default elementor-section-height-default\" data-id=\"436f3ca\" data-element_type=\"section\" data-e-type=\"section\">\n\t\t\t\t\t\t<div class=\"elementor-container elementor-column-gap-default\">\n\t\t\t\t\t<div class=\"elementor-column elementor-col-100 elementor-top-column elementor-element elementor-element-6bcf399\" data-id=\"6bcf399\" data-element_type=\"column\" data-e-type=\"column\">\n\t\t\t<div class=\"elementor-widget-wrap elementor-element-populated\">\n\t\t\t\t\t\t<div class=\"elementor-element elementor-element-fb2b80a elementor-arrows-position-inside elementor-pagination-position-outside elementor-widget elementor-widget-image-carousel\" data-id=\"fb2b80a\" data-element_type=\"widget\" data-e-type=\"widget\" data-settings=\"{&quot;slides_to_show&quot;:&quot;1&quot;,&quot;navigation&quot;:&quot;both&quot;,&quot;autoplay&quot;:&quot;yes&quot;,&quot;pause_on_hover&quot;:&quot;yes&quot;,&quot;pause_on_interaction&quot;:&quot;yes&quot;,&quot;autoplay_speed&quot;:5000,&quot;infinite&quot;:&quot;yes&quot;,&quot;effect&quot;:&quot;slide&quot;,&quot;speed&quot;:500}\" data-widget_type=\"image-carousel.default\">\n\t\t\t\t\t\t\t<div class=\"elementor-image-carousel-wrapper swiper\" role=\"region\" aria-roledescription=\"carousel\" aria-label=\"Carrusel de im\u00e1genes\" dir=\"ltr\">\n\t\t\t<div class=\"elementor-image-carousel swiper-wrapper\" aria-live=\"off\">\n\t\t\t\t\t\t\t\t<div class=\"swiper-slide\" role=\"group\" aria-roledescription=\"slide\" aria-label=\"1 de 9\"><figure class=\"swiper-slide-inner\"><img decoding=\"async\" class=\"swiper-slide-image\" src=\"https:\/\/soymigrante.com\/revista\/wp-content\/uploads\/2024\/02\/Captura-de-pantalla-2024-02-10-090444.webp\" alt=\"ANTES Y DESPU\u00c9S de algunos proyectos de CV Design and Construction, la compa\u00f1\u00eda de los hermanos Cifuentes.\" \/><figcaption class=\"elementor-image-carousel-caption\">ANTES Y DESPU\u00c9S de algunos proyectos de CV Design and Construction, la compa\u00f1\u00eda de los hermanos Cifuentes.<\/figcaption><\/figure><\/div><div class=\"swiper-slide\" role=\"group\" aria-roledescription=\"slide\" aria-label=\"2 de 9\"><figure class=\"swiper-slide-inner\"><img decoding=\"async\" class=\"swiper-slide-image\" src=\"https:\/\/soymigrante.com\/revista\/wp-content\/uploads\/2024\/02\/Captura-de-pantalla-2024-02-10-090407.webp\" alt=\"ANTES Y DESPU\u00c9S de algunos proyectos de CV Design and Construction, la compa\u00f1\u00eda de los hermanos Cifuentes.\" \/><figcaption class=\"elementor-image-carousel-caption\">ANTES Y DESPU\u00c9S de algunos proyectos de CV Design and Construction, la compa\u00f1\u00eda de los hermanos Cifuentes.<\/figcaption><\/figure><\/div><div class=\"swiper-slide\" role=\"group\" aria-roledescription=\"slide\" aria-label=\"3 de 9\"><figure class=\"swiper-slide-inner\"><img decoding=\"async\" class=\"swiper-slide-image\" src=\"https:\/\/soymigrante.com\/revista\/wp-content\/uploads\/2024\/02\/Captura-de-pantalla-2024-02-10-090949.webp\" alt=\"ANTES Y DESPU\u00c9S de algunos proyectos de CV Design and Construction, la compa\u00f1\u00eda de los hermanos Cifuentes.\" \/><figcaption class=\"elementor-image-carousel-caption\">ANTES Y DESPU\u00c9S de algunos proyectos de CV Design and Construction, la compa\u00f1\u00eda de los hermanos Cifuentes.<\/figcaption><\/figure><\/div><div class=\"swiper-slide\" role=\"group\" aria-roledescription=\"slide\" aria-label=\"4 de 9\"><figure class=\"swiper-slide-inner\"><img decoding=\"async\" class=\"swiper-slide-image\" src=\"https:\/\/soymigrante.com\/revista\/wp-content\/uploads\/2024\/02\/Captura-de-pantalla-2024-02-10-115908.webp\" alt=\"ANTES Y DESPU\u00c9S de algunos proyectos de CV Design and Construction, la compa\u00f1\u00eda de los hermanos Cifuentes.\" \/><figcaption class=\"elementor-image-carousel-caption\">ANTES Y DESPU\u00c9S de algunos proyectos de CV Design and Construction, la compa\u00f1\u00eda de los hermanos Cifuentes.<\/figcaption><\/figure><\/div><div class=\"swiper-slide\" role=\"group\" aria-roledescription=\"slide\" aria-label=\"5 de 9\"><figure class=\"swiper-slide-inner\"><img decoding=\"async\" class=\"swiper-slide-image\" src=\"https:\/\/soymigrante.com\/revista\/wp-content\/uploads\/2024\/02\/Captura-de-pantalla-2024-02-10-090509.webp\" alt=\"ANTES Y DESPU\u00c9S de algunos proyectos de CV Design and Construction, la compa\u00f1\u00eda de los hermanos Cifuentes.\" \/><figcaption class=\"elementor-image-carousel-caption\">ANTES Y DESPU\u00c9S de algunos proyectos de CV Design and Construction, la compa\u00f1\u00eda de los hermanos Cifuentes.<\/figcaption><\/figure><\/div><div class=\"swiper-slide\" role=\"group\" aria-roledescription=\"slide\" aria-label=\"6 de 9\"><figure class=\"swiper-slide-inner\"><img decoding=\"async\" class=\"swiper-slide-image\" src=\"https:\/\/soymigrante.com\/revista\/wp-content\/uploads\/2024\/02\/Captura-de-pantalla-2024-02-10-090539.webp\" alt=\"ANTES Y DESPU\u00c9S de algunos proyectos de CV Design and Construction, la compa\u00f1\u00eda de los hermanos Cifuentes.\" \/><figcaption class=\"elementor-image-carousel-caption\">ANTES Y DESPU\u00c9S de algunos proyectos de CV Design and Construction, la compa\u00f1\u00eda de los hermanos Cifuentes.<\/figcaption><\/figure><\/div><div class=\"swiper-slide\" role=\"group\" aria-roledescription=\"slide\" aria-label=\"7 de 9\"><figure class=\"swiper-slide-inner\"><img decoding=\"async\" class=\"swiper-slide-image\" src=\"https:\/\/soymigrante.com\/revista\/wp-content\/uploads\/2024\/02\/Captura-de-pantalla-2024-02-10-090608.webp\" alt=\"ANTES Y DESPU\u00c9S de algunos proyectos de CV Design and Construction, la compa\u00f1\u00eda de los hermanos Cifuentes.\" \/><figcaption class=\"elementor-image-carousel-caption\">ANTES Y DESPU\u00c9S de algunos proyectos de CV Design and Construction, la compa\u00f1\u00eda de los hermanos Cifuentes.<\/figcaption><\/figure><\/div><div class=\"swiper-slide\" role=\"group\" aria-roledescription=\"slide\" aria-label=\"8 de 9\"><figure class=\"swiper-slide-inner\"><img decoding=\"async\" class=\"swiper-slide-image\" src=\"https:\/\/soymigrante.com\/revista\/wp-content\/uploads\/2024\/02\/Captura-de-pantalla-2024-02-10-090632.webp\" alt=\"ANTES Y DESPU\u00c9S de algunos proyectos de CV Design and Construction, la compa\u00f1\u00eda de los hermanos Cifuentes.\" \/><figcaption class=\"elementor-image-carousel-caption\">ANTES Y DESPU\u00c9S de algunos proyectos de CV Design and Construction, la compa\u00f1\u00eda de los hermanos Cifuentes.<\/figcaption><\/figure><\/div><div class=\"swiper-slide\" role=\"group\" aria-roledescription=\"slide\" aria-label=\"9 de 9\"><figure class=\"swiper-slide-inner\"><img decoding=\"async\" class=\"swiper-slide-image\" src=\"https:\/\/soymigrante.com\/revista\/wp-content\/uploads\/2024\/02\/Captura-de-pantalla-2024-02-10-120340.webp\" alt=\"Pasi\u00f3n  por la calidad, la excelencia y el servicio, distingue a la compa\u00f1\u00eda de los  hermanos Cifuentes\" \/><figcaption class=\"elementor-image-carousel-caption\">Pasi\u00f3n  por la calidad, la excelencia y el servicio, distingue a la compa\u00f1\u00eda de los  hermanos Cifuentes<\/figcaption><\/figure><\/div>\t\t\t<\/div>\n\t\t\t\t\t\t\t\t\t\t\t\t<div class=\"elementor-swiper-button elementor-swiper-button-prev\" role=\"button\" tabindex=\"0\">\n\t\t\t\t\t\t<i aria-hidden=\"true\" class=\"eicon-chevron-left\"><\/i>\t\t\t\t\t<\/div>\n\t\t\t\t\t<div class=\"elementor-swiper-button elementor-swiper-button-next\" role=\"button\" tabindex=\"0\">\n\t\t\t\t\t\t<i aria-hidden=\"true\" class=\"eicon-chevron-right\"><\/i>\t\t\t\t\t<\/div>\n\t\t\t\t\n\t\t\t\t\t\t\t\t\t<div class=\"swiper-pagination\"><\/div>\n\t\t\t\t\t\t\t\t\t<\/div>\n\t\t\t\t\t\t<\/div>\n\t\t\t\t\t<\/div>\n\t\t<\/div>\n\t\t\t\t\t<\/div>\n\t\t<\/section>\n\t\t\t\t<section data-particle_enable=\"false\" data-particle-mobile-disabled=\"false\" class=\"elementor-section elementor-top-section elementor-element elementor-element-4370855 elementor-section-boxed elementor-section-height-default elementor-section-height-default\" data-id=\"4370855\" data-element_type=\"section\" data-e-type=\"section\">\n\t\t\t\t\t\t<div class=\"elementor-container elementor-column-gap-default\">\n\t\t\t\t\t<div class=\"elementor-column elementor-col-100 elementor-top-column elementor-element elementor-element-b7eaf95\" data-id=\"b7eaf95\" data-element_type=\"column\" data-e-type=\"column\">\n\t\t\t<div class=\"elementor-widget-wrap elementor-element-populated\">\n\t\t\t\t\t\t<div class=\"elementor-element elementor-element-3700585 elementor-widget elementor-widget-heading\" data-id=\"3700585\" data-element_type=\"widget\" data-e-type=\"widget\" data-widget_type=\"heading.default\">\n\t\t\t\t\t<h2 class=\"elementor-heading-title elementor-size-default\">Ideas para una vida siempre mejor<\/h2>\t\t\t\t<\/div>\n\t\t\t\t\t<\/div>\n\t\t<\/div>\n\t\t\t\t\t<\/div>\n\t\t<\/section>\n\t\t\t\t<section data-particle_enable=\"false\" data-particle-mobile-disabled=\"false\" class=\"elementor-section elementor-top-section elementor-element elementor-element-5f3cc4d elementor-section-boxed elementor-section-height-default elementor-section-height-default\" data-id=\"5f3cc4d\" data-element_type=\"section\" data-e-type=\"section\">\n\t\t\t\t\t\t<div class=\"elementor-container elementor-column-gap-default\">\n\t\t\t\t\t<div class=\"elementor-column elementor-col-100 elementor-top-column elementor-element elementor-element-45eef4d\" data-id=\"45eef4d\" data-element_type=\"column\" data-e-type=\"column\">\n\t\t\t<div class=\"elementor-widget-wrap elementor-element-populated\">\n\t\t\t\t\t\t<div class=\"elementor-element elementor-element-b684cb3 elementor-widget elementor-widget-blfe-post-grid\" data-id=\"b684cb3\" data-element_type=\"widget\" data-e-type=\"widget\" data-settings=\"{&quot;columns&quot;:&quot;3&quot;,&quot;columns_tablet&quot;:&quot;6&quot;,&quot;columns_mobile&quot;:&quot;12&quot;,&quot;hero1_layout_column_gap&quot;:{&quot;unit&quot;:&quot;px&quot;,&quot;size&quot;:30,&quot;sizes&quot;:[]},&quot;hero1_layout_column_gap_tablet&quot;:{&quot;unit&quot;:&quot;px&quot;,&quot;size&quot;:&quot;&quot;,&quot;sizes&quot;:[]},&quot;hero1_layout_column_gap_mobile&quot;:{&quot;unit&quot;:&quot;px&quot;,&quot;size&quot;:&quot;&quot;,&quot;sizes&quot;:[]},&quot;hero1_layout_row_gap&quot;:{&quot;unit&quot;:&quot;px&quot;,&quot;size&quot;:30,&quot;sizes&quot;:[]},&quot;hero1_layout_row_gap_tablet&quot;:{&quot;unit&quot;:&quot;px&quot;,&quot;size&quot;:&quot;&quot;,&quot;sizes&quot;:[]},&quot;hero1_layout_row_gap_mobile&quot;:{&quot;unit&quot;:&quot;px&quot;,&quot;size&quot;:&quot;&quot;,&quot;sizes&quot;:[]}}\" data-widget_type=\"blfe-post-grid.hero1\">\n\t\t\t\t<div class=\"elementor-widget-container\">\n\t\t\t\t\t\n                        <div class=\"blfe-post-grid-container \">\n            \n                <div data-skin=\"hero1\" class=\"blfe-row blfe-posts-inner blfe-hero1 blfe-posts-inner blfe-col-3 blfe-col-tab-6 blfe-col-mob-12     \">\n                            <div class=\"blfe-post-grid-item\">\n            <div class=\"blfe-post-grid-item-inner blfe-modern-zoom\">\n                        <div class=\"blfe-post-grid-bg-image\">\n            <a class=\"blfe-post-grid-image-inner\" href=\"https:\/\/soymigrante.com\/revista\/cantautora-migrante-guatemalteca-wendy-dgi-crea-cancion-desafiante-la-envidia\/\" title=\"&#8220;La Envidia&#8221;: cantautora migrante guatemalteca Wendy DGi crea una canci\u00f3n desafiante\" rel=\"nofollow\" target=\"_blank\"><img decoding=\"async\" src=\"https:\/\/soymigrante.com\/revista\/wp-content\/uploads\/2026\/04\/wendy-DGi-cantautora-migrante-guatemalteca-en-nueva-york-copia.jpg\" alt=\"&#8220;La Envidia&#8221;: cantautora migrante guatemalteca Wendy DGi crea una canci\u00f3n desafiante\"\/><\/a>        <\/div>\n                        <div class=\"blfe-post-grid-details\">\n                    <div class=\"blfe-post-grid-details-inner\">\n                        <span class=\"blfe-post-category\"><a href=\"https:\/\/soymigrante.com\/revista\/category\/estamos-unidos\/lugar-de-voces\/\">Lugar de Voces<\/a><\/span>                        <h3 class=\"blfe-post-grid-title\">\n            <a href=\"https:\/\/soymigrante.com\/revista\/cantautora-migrante-guatemalteca-wendy-dgi-crea-cancion-desafiante-la-envidia\/\" title=\"&#8220;La Envidia&#8221;: cantautora migrante guatemalteca Wendy DGi crea una canci\u00f3n desafiante\" rel=\"nofollow\" target=\"_blank\">&#8220;La Envidia&#8221;: cantautora migrante guatemalteca Wendy DGi crea una canci\u00f3n desafiante<\/a>\n            <\/h3>                                                            <div class=\"blfe-post-grid-meta\">\n                <span class=\"blfe-post-grid-time\"><i class=\"fas fa-book-reader\"><\/i>3 Min read<\/span>            <\/div>\n                                                        <\/div>\n                <\/div>\n\n            <\/div>\n        <\/div>\n                <div class=\"blfe-post-grid-item\">\n            <div class=\"blfe-post-grid-item-inner blfe-modern-zoom\">\n                        <div class=\"blfe-post-grid-bg-image\">\n            <a class=\"blfe-post-grid-image-inner\" href=\"https:\/\/soymigrante.com\/revista\/estrategias-para-fidelizar-clientes-pequenas-acciones-que-te-ayudaran-en-el-comercio-digital\/\" title=\"Estrategias para fidelizar clientes: peque\u00f1as acciones que te ayudar\u00e1n en el comercio digital\" rel=\"nofollow\" target=\"_blank\"><img decoding=\"async\" src=\"https:\/\/soymigrante.com\/revista\/wp-content\/uploads\/2026\/04\/vendedora-soymigrantecom-emprendimiento-emprendedora-comercio-digital.png\" alt=\"Estrategias para fidelizar clientes: peque\u00f1as acciones que te ayudar\u00e1n en el comercio digital\"\/><\/a>        <\/div>\n                        <div class=\"blfe-post-grid-details\">\n                    <div class=\"blfe-post-grid-details-inner\">\n                        <span class=\"blfe-post-category\"><a href=\"https:\/\/soymigrante.com\/revista\/category\/bienestar\/\">Bienestar<\/a><\/span>                        <h3 class=\"blfe-post-grid-title\">\n            <a href=\"https:\/\/soymigrante.com\/revista\/estrategias-para-fidelizar-clientes-pequenas-acciones-que-te-ayudaran-en-el-comercio-digital\/\" title=\"Estrategias para fidelizar clientes: peque\u00f1as acciones que te ayudar\u00e1n en el comercio digital\" rel=\"nofollow\" target=\"_blank\">Estrategias para fidelizar clientes: peque\u00f1as acciones que te ayudar\u00e1n en el comercio digital<\/a>\n            <\/h3>                                                            <div class=\"blfe-post-grid-meta\">\n                <span class=\"blfe-post-grid-time\"><i class=\"fas fa-book-reader\"><\/i>5 Min read<\/span>            <\/div>\n                                                        <\/div>\n                <\/div>\n\n            <\/div>\n        <\/div>\n                <div class=\"blfe-post-grid-item\">\n            <div class=\"blfe-post-grid-item-inner blfe-modern-zoom\">\n                        <div class=\"blfe-post-grid-bg-image\">\n            <a class=\"blfe-post-grid-image-inner\" href=\"https:\/\/soymigrante.com\/revista\/significados-de-nombres-indigenas-de-algunos-estados-de-los-estados-unidos\/\" title=\"Significados de nombres ind\u00edgenas de algunos Estados de los Estados Unidos\" rel=\"nofollow\" target=\"_blank\"><img decoding=\"async\" src=\"https:\/\/soymigrante.com\/revista\/wp-content\/uploads\/2026\/04\/nombres-indigenas-Estados-Unidos.jpg\" alt=\"Significados de nombres ind\u00edgenas de algunos Estados de los Estados Unidos\"\/><\/a>        <\/div>\n                        <div class=\"blfe-post-grid-details\">\n                    <div class=\"blfe-post-grid-details-inner\">\n                        <span class=\"blfe-post-category\"><a href=\"https:\/\/soymigrante.com\/revista\/category\/estamos-unidos\/lugar-de-voces\/\">Lugar de Voces<\/a><\/span>                        <h3 class=\"blfe-post-grid-title\">\n            <a href=\"https:\/\/soymigrante.com\/revista\/significados-de-nombres-indigenas-de-algunos-estados-de-los-estados-unidos\/\" title=\"Significados de nombres ind\u00edgenas de algunos Estados de los Estados Unidos\" rel=\"nofollow\" target=\"_blank\">Significados de nombres ind\u00edgenas de algunos Estados de los Estados Unidos<\/a>\n            <\/h3>                                                            <div class=\"blfe-post-grid-meta\">\n                <span class=\"blfe-post-grid-time\"><i class=\"fas fa-book-reader\"><\/i>4 Min read<\/span>            <\/div>\n                                                        <\/div>\n                <\/div>\n\n            <\/div>\n        <\/div>\n                        <\/div>\n\n                        <\/div>\n            \n                        <div class=\"blfe-post-footer\">\n                        <\/div>\n            \t\t\t\t<\/div>\n\t\t\t\t<\/div>\n\t\t\t\t\t<\/div>\n\t\t<\/div>\n\t\t\t\t\t<\/div>\n\t\t<\/section>\n\t\t\t\t<\/div>\n\t\t","protected":false},"excerpt":{"rendered":"<p>Una pasant\u00eda de seis meses en 2011 se convirti\u00f3 en ruta de transformaci\u00f3n para el migrante y arquitecto guatemalteco Axel Cifuentes, quien hoy trabaja con sus tres hermanos en su propia compa\u00f1\u00eda de construcci\u00f3n y bienes ra\u00edces en Oklahoma, EE.UU. En 2011, Axel Cifuentes estaba a punto de graduarse de arquitecto en Quetzaltenango, Guatemala pero [&hellip;]<\/p>\n","protected":false},"author":7,"featured_media":4818,"comment_status":"open","ping_status":"open","sticky":false,"template":"","format":"standard","meta":{"_acf_changed":false,"_eb_attr":"","footnotes":""},"categories":[50],"tags":[],"class_list":["post-4817","post","type-post","status-publish","format-standard","has-post-thumbnail","hentry","category-exitos"],"acf":[],"aioseo_notices":[],"aioseo_head":"\n\t\t<!-- All in One SEO Pro 4.9.6.2 - aioseo.com -->\n\t<meta name=\"description\" content=\"Antes de la llegada de los europeos hab\u00eda pueblos milenarios en Norte Am\u00e9rica. De hecho varios nombres de Estados vienen de idiomas ind\u00edgenas que siguen all\u00ed.\" \/>\n\t<meta name=\"robots\" content=\"max-snippet:-1, max-image-preview:large, max-video-preview:-1\" \/>\n\t<meta name=\"author\" content=\"SoyMigrante.com REVISTA\"\/>\n\t<link rel=\"canonical\" href=\"https:\/\/soymigrante.com\/revista\/significados-de-nombres-indigenas-de-algunos-estados-de-los-estados-unidos\/\" \/>\n\t<meta name=\"generator\" content=\"All in One SEO Pro (AIOSEO) 4.9.6.2\" \/>\n\n\t\t<link rel=\"preconnect\" href=\"https:\/\/fonts.googleapis.com\" crossorigin>\n<link rel=\"preconnect\" href=\"https:\/\/fonts.gstatic.com\" crossorigin>\n\t\t<meta property=\"og:locale\" content=\"es_ES\" \/>\n\t\t<meta property=\"og:site_name\" content=\"SoyMigrante.com REVISTA \u2013 Nuestra misi\u00f3n es reconocer y dignificar al migrante.\" \/>\n\t\t<meta property=\"og:type\" content=\"article\" \/>\n\t\t<meta property=\"og:title\" content=\"Significados de nombres ind\u00edgenas de varios Estados de USA\" \/>\n\t\t<meta property=\"og:description\" content=\"Antes de la llegada de los europeos hab\u00eda pueblos milenarios en Norte Am\u00e9rica. De hecho varios nombres de Estados vienen de idiomas ind\u00edgenas que siguen all\u00ed.\" \/>\n\t\t<meta property=\"og:url\" content=\"https:\/\/soymigrante.com\/revista\/significados-de-nombres-indigenas-de-algunos-estados-de-los-estados-unidos\/\" \/>\n\t\t<meta property=\"og:image\" content=\"https:\/\/soymigrante.com\/revista\/wp-content\/uploads\/2026\/04\/nombres-indigenas-Estados-Unidos.jpg\" \/>\n\t\t<meta property=\"og:image:secure_url\" content=\"https:\/\/soymigrante.com\/revista\/wp-content\/uploads\/2026\/04\/nombres-indigenas-Estados-Unidos.jpg\" \/>\n\t\t<meta property=\"og:image:width\" content=\"1200\" \/>\n\t\t<meta property=\"og:image:height\" content=\"1200\" \/>\n\t\t<meta property=\"article:published_time\" content=\"2026-04-14T13:07:59+00:00\" \/>\n\t\t<meta property=\"article:modified_time\" content=\"2026-04-14T13:13:16+00:00\" \/>\n\t\t<meta property=\"article:publisher\" content=\"https:\/\/www.facebook.com\/soymigrantecom\" \/>\n\t\t<meta name=\"twitter:card\" content=\"summary_large_image\" \/>\n\t\t<meta name=\"twitter:site\" content=\"@SoyMigrante_com\" \/>\n\t\t<meta name=\"twitter:title\" content=\"Significados de nombres ind\u00edgenas de varios Estados de USA\" \/>\n\t\t<meta name=\"twitter:description\" content=\"Antes de la llegada de los europeos hab\u00eda pueblos milenarios en Norte Am\u00e9rica. De hecho varios nombres de Estados vienen de idiomas ind\u00edgenas que siguen all\u00ed.\" \/>\n\t\t<meta name=\"twitter:creator\" content=\"@SoyMigrante_com\" \/>\n\t\t<meta name=\"twitter:image\" content=\"https:\/\/soymigrante.com\/revista\/wp-content\/uploads\/2026\/04\/nombres-indigenas-Estados-Unidos.jpg\" \/>\n\t\t<!-- All in One SEO Pro -->\r\n\t\t<title>Significados de nombres ind\u00edgenas de varios Estados de USA<\/title>\n\n","aioseo_head_json":{"title":"Significados de nombres ind\u00edgenas de varios Estados de USA","description":"Antes de la llegada de los europeos hab\u00eda pueblos milenarios en Norte Am\u00e9rica. De hecho varios nombres de Estados vienen de idiomas ind\u00edgenas que siguen all\u00ed.","canonical_url":"https:\/\/soymigrante.com\/revista\/significados-de-nombres-indigenas-de-algunos-estados-de-los-estados-unidos\/","robots":"max-snippet:-1, max-image-preview:large, max-video-preview:-1","keywords":"","webmasterTools":{"miscellaneous":"&lt;link rel=\"preconnect\" href=\"https:\/\/fonts.googleapis.com\" crossorigin&gt;\n&lt;link rel=\"preconnect\" href=\"https:\/\/fonts.gstatic.com\" crossorigin&gt;"},"schema":null,"og:locale":"es_ES","og:site_name":"SoyMigrante.com REVISTA \u2013 Nuestra misi\u00f3n es reconocer y dignificar al migrante.","og:type":"article","og:title":"Significados de nombres ind\u00edgenas de varios Estados de USA","og:description":"Antes de la llegada de los europeos hab\u00eda pueblos milenarios en Norte Am\u00e9rica. De hecho varios nombres de Estados vienen de idiomas ind\u00edgenas que siguen all\u00ed.","og:url":"https:\/\/soymigrante.com\/revista\/significados-de-nombres-indigenas-de-algunos-estados-de-los-estados-unidos\/","og:image":"https:\/\/soymigrante.com\/revista\/wp-content\/uploads\/2026\/04\/nombres-indigenas-Estados-Unidos.jpg","og:image:secure_url":"https:\/\/soymigrante.com\/revista\/wp-content\/uploads\/2026\/04\/nombres-indigenas-Estados-Unidos.jpg","og:image:width":1200,"og:image:height":1200,"article:published_time":"2026-04-14T13:07:59+00:00","article:modified_time":"2026-04-14T13:13:16+00:00","article:publisher":"https:\/\/www.facebook.com\/soymigrantecom","twitter:card":"summary_large_image","twitter:site":"@SoyMigrante_com","twitter:title":"Significados de nombres ind\u00edgenas de varios Estados de USA","twitter:description":"Antes de la llegada de los europeos hab\u00eda pueblos milenarios en Norte Am\u00e9rica. De hecho varios nombres de Estados vienen de idiomas ind\u00edgenas que siguen all\u00ed.","twitter:creator":"@SoyMigrante_com","twitter:image":"https:\/\/soymigrante.com\/revista\/wp-content\/uploads\/2026\/04\/nombres-indigenas-Estados-Unidos.jpg"},"aioseo_meta_data":{"post_id":"4817","title":null,"description":null,"keywords":[],"keyphrases":{"focus":{"keyphrase":"Migrantes","score":63,"analysis":{"keyphraseInTitle":{"score":9,"maxScore":9,"error":0},"keyphraseInDescription":{"score":9,"maxScore":9,"error":0},"keyphraseLength":{"score":9,"maxScore":9,"error":0,"length":1},"keyphraseInURL":{"score":1,"maxScore":5,"error":1},"keyphraseInIntroduction":{"score":3,"maxScore":9,"error":1},"keyphraseInSubHeadings":{"score":3,"maxScore":9,"error":1},"keyphraseInImageAlt":{"score":9,"maxScore":9,"error":0},"keywordDensity":{"score":0,"type":"low","maxScore":9,"error":1}}},"additional":[]},"primary_term":null,"canonical_url":null,"og_title":null,"og_description":"#post_excerpt","og_object_type":"article","og_image_type":"default","og_image_url":null,"og_image_width":null,"og_image_height":null,"og_image_custom_url":null,"og_image_custom_fields":null,"og_video":"","og_custom_url":null,"og_article_section":null,"og_article_tags":[],"twitter_use_og":false,"twitter_card":"default","twitter_image_type":"default","twitter_image_url":null,"twitter_image_custom_url":null,"twitter_image_custom_fields":null,"twitter_title":null,"twitter_description":null,"schema":{"blockGraphs":[],"customGraphs":[],"default":{"data":{"Article":[],"Course":[],"Dataset":[],"FAQPage":[],"Movie":[],"Person":[],"Product":[],"ProductReview":[],"Car":[],"Recipe":[],"Service":[],"SoftwareApplication":[],"WebPage":[]},"graphName":"BlogPosting","isEnabled":true},"graphs":[]},"schema_type":"default","schema_type_options":null,"pillar_content":false,"robots_default":true,"robots_noindex":false,"robots_noarchive":false,"robots_nosnippet":false,"robots_nofollow":false,"robots_noimageindex":false,"robots_noodp":false,"robots_notranslate":false,"robots_max_snippet":"-1","robots_max_videopreview":"-1","robots_max_imagepreview":"large","priority":null,"frequency":"default","local_seo":null,"seo_analyzer_scan_date":"2025-10-08 21:09:24","breadcrumb_settings":null,"limit_modified_date":false,"reviewed_by":null,"open_ai":null,"ai":null,"created":"2024-02-10 16:53:49","updated":"2026-02-04 10:53:49"},"aioseo_breadcrumb":"<div class=\"aioseo-breadcrumbs\"><span class=\"aioseo-breadcrumb\">\n\t<a href=\"https:\/\/soymigrante.com\/revista\" title=\"Home\">Home<\/a>\n<\/span><span class=\"aioseo-breadcrumb-separator\">\u00bb<\/span><span class=\"aioseo-breadcrumb\">\n\t<a href=\"https:\/\/soymigrante.com\/revista\/category\/exitos\/\" title=\"\u00c9xitos\">\u00c9xitos<\/a>\n<\/span><span class=\"aioseo-breadcrumb-separator\">\u00bb<\/span><span class=\"aioseo-breadcrumb\">\n\tHermanos migrantes: el arquitecto Axel Cifuentes remodel\u00f3 su futuro\n<\/span><\/div>","aioseo_breadcrumb_json":[{"label":"Home","link":"https:\/\/soymigrante.com\/revista"},{"label":"\u00c9xitos","link":"https:\/\/soymigrante.com\/revista\/category\/exitos\/"},{"label":"Hermanos migrantes: el arquitecto Axel Cifuentes remodel\u00f3 su futuro","link":"https:\/\/soymigrante.com\/revista\/migrante-guatemalteco-axel-cifuentes-oklahoma-grandes-metas-transformacion\/"}],"_links":{"self":[{"href":"https:\/\/soymigrante.com\/revista\/wp-json\/wp\/v2\/posts\/4817","targetHints":{"allow":["GET"]}}],"collection":[{"href":"https:\/\/soymigrante.com\/revista\/wp-json\/wp\/v2\/posts"}],"about":[{"href":"https:\/\/soymigrante.com\/revista\/wp-json\/wp\/v2\/types\/post"}],"author":[{"embeddable":true,"href":"https:\/\/soymigrante.com\/revista\/wp-json\/wp\/v2\/users\/7"}],"replies":[{"embeddable":true,"href":"https:\/\/soymigrante.com\/revista\/wp-json\/wp\/v2\/comments?post=4817"}],"version-history":[{"count":0,"href":"https:\/\/soymigrante.com\/revista\/wp-json\/wp\/v2\/posts\/4817\/revisions"}],"wp:featuredmedia":[{"embeddable":true,"href":"https:\/\/soymigrante.com\/revista\/wp-json\/wp\/v2\/media\/4818"}],"wp:attachment":[{"href":"https:\/\/soymigrante.com\/revista\/wp-json\/wp\/v2\/media?parent=4817"}],"wp:term":[{"taxonomy":"category","embeddable":true,"href":"https:\/\/soymigrante.com\/revista\/wp-json\/wp\/v2\/categories?post=4817"},{"taxonomy":"post_tag","embeddable":true,"href":"https:\/\/soymigrante.com\/revista\/wp-json\/wp\/v2\/tags?post=4817"}],"curies":[{"name":"wp","href":"https:\/\/api.w.org\/{rel}","templated":true}]}}