{"id":48159,"date":"2025-11-04T11:24:03","date_gmt":"2025-11-04T17:24:03","guid":{"rendered":"https:\/\/soymigrante.com\/revista\/?p=48159"},"modified":"2025-11-04T11:24:10","modified_gmt":"2025-11-04T17:24:10","slug":"la-exitosa-ruta-gastronomica-de-los-migrantes-salvadorenos-elmer-y-delmy-melendez","status":"publish","type":"post","link":"https:\/\/soymigrante.com\/revista\/la-exitosa-ruta-gastronomica-de-los-migrantes-salvadorenos-elmer-y-delmy-melendez\/","title":{"rendered":"La exitosa ruta gastron\u00f3mica de los migrantes salvadore\u00f1os Elmer y Delmy Mel\u00e9ndez"},"content":{"rendered":"\t\t<div data-elementor-type=\"wp-post\" data-elementor-id=\"48159\" class=\"elementor elementor-48159\" data-elementor-post-type=\"post\">\n\t\t\t\t<div data-particle_enable=\"false\" data-particle-mobile-disabled=\"false\" class=\"elementor-element elementor-element-40708be e-flex e-con-boxed e-con e-parent\" data-id=\"40708be\" data-element_type=\"container\" data-e-type=\"container\">\n\t\t\t\t\t<div class=\"e-con-inner\">\n\t\t\t\t<div class=\"elementor-element elementor-element-9d42778 elementor-widget elementor-widget-heading\" data-id=\"9d42778\" data-element_type=\"widget\" data-e-type=\"widget\" data-widget_type=\"heading.default\">\n\t\t\t\t\t<h2 class=\"elementor-heading-title elementor-size-default\">Detr\u00e1s del \u00e9xito del salvadore\u00f1o Elmer Mel\u00e9ndez hay much\u00edsimos a\u00f1os de trabajo y tambi\u00e9n el apoyo incondicional de su esposa Delmy.<\/h2>\t\t\t\t<\/div>\n\t\t\t\t\t<\/div>\n\t\t\t\t<\/div>\n\t\t<div data-particle_enable=\"false\" data-particle-mobile-disabled=\"false\" class=\"elementor-element elementor-element-ab93ec5 e-flex e-con-boxed e-con e-parent\" data-id=\"ab93ec5\" data-element_type=\"container\" data-e-type=\"container\">\n\t\t\t\t\t<div class=\"e-con-inner\">\n\t\t\t\t<div class=\"elementor-element elementor-element-8e00a74 elementor-widget elementor-widget-text-editor\" data-id=\"8e00a74\" data-element_type=\"widget\" data-e-type=\"widget\" data-widget_type=\"text-editor.default\">\n\t\t\t\t\t\t\t\t\t<p>Por m\u00e1s de dos d\u00e9cadas, el migrante salvadore\u00f1o Elmer Mel\u00e9ndez ha cocinado algo m\u00e1s que platillos: ha cocinado oportunidades. Lleg\u00f3 a Estados Unidos desde El Salvador en 1999, junto a su esposa Delmy y sus hijos, buscando seguridad y un mejor futuro educativo para su familia.\u00a0<\/p><p>Lo que empez\u00f3 con un empleo modesto como lavaplatos en Massachusetts, se transform\u00f3 con los a\u00f1os en una historia de perseverancia, trabajo incansable y amor por la comunidad, toda una lecci\u00f3n de <a href=\"https:\/\/soymigrante.com\/revista\/migrantes-guatemaltecos-expresan-objetivos-y-suenos-para-este-2025\/\">superaci\u00f3n migrante.\u00a0<\/a><\/p>\t\t\t\t\t\t\t\t<\/div>\n\t\t\t\t\t<\/div>\n\t\t\t\t<\/div>\n\t\t<div data-particle_enable=\"false\" data-particle-mobile-disabled=\"false\" class=\"elementor-element elementor-element-fa6cfca e-flex e-con-boxed e-con e-parent\" data-id=\"fa6cfca\" data-element_type=\"container\" data-e-type=\"container\">\n\t\t\t\t\t<div class=\"e-con-inner\">\n\t\t\t\t<div class=\"elementor-element elementor-element-ab55cc3 elementor-widget elementor-widget-image\" data-id=\"ab55cc3\" data-element_type=\"widget\" data-e-type=\"widget\" data-widget_type=\"image.default\">\n\t\t\t\t\t\t\t\t\t\t\t\t<figure class=\"wp-caption\">\n\t\t\t\t\t\t\t\t\t\t<img fetchpriority=\"high\" decoding=\"async\" width=\"960\" height=\"720\" src=\"https:\/\/soymigrante.com\/revista\/wp-content\/uploads\/2025\/11\/186506514_4058512350854716_7547985860754115333_n.jpg\" class=\"attachment-large size-large wp-image-48164\" alt=\"La cultura de trabajo, respeto y visi\u00f3n de futuro es clave para el \u00e9xito de los esposos salvadore\u00f1os Delmy y Elmer Mel\u00e9ndez, que dirigen cuatro restaurantes en el \u00e1rea de Massachussets.\" srcset=\"https:\/\/soymigrante.com\/revista\/wp-content\/uploads\/2025\/11\/186506514_4058512350854716_7547985860754115333_n.jpg 960w, https:\/\/soymigrante.com\/revista\/wp-content\/uploads\/2025\/11\/186506514_4058512350854716_7547985860754115333_n-300x225.jpg 300w, https:\/\/soymigrante.com\/revista\/wp-content\/uploads\/2025\/11\/186506514_4058512350854716_7547985860754115333_n-768x576.jpg 768w, https:\/\/soymigrante.com\/revista\/wp-content\/uploads\/2025\/11\/186506514_4058512350854716_7547985860754115333_n-750x563.jpg 750w\" sizes=\"(max-width: 960px) 100vw, 960px\" title=\"La cultura de trabajo, respeto y visi\u00f3n de futuro es clave para el \u00e9xito de los esposos salvadore\u00f1os Delmy y Elmer Mel\u00e9ndez, que dirigen cuatro restaurantes en el \u00e1rea de Massachussets. \u2013 SoyMigrante.com REVISTA\" \/>\t\t\t\t\t\t\t\t\t\t\t<figcaption class=\"widget-image-caption wp-caption-text\">La cultura de trabajo, respeto y visi\u00f3n de futuro es clave para el \u00e9xito de los esposos salvadore\u00f1os Delmy y Elmer Mel\u00e9ndez, que dirigen cuatro restaurantes en el \u00e1rea de Massachussets.<\/figcaption>\n\t\t\t\t\t\t\t\t\t\t<\/figure>\n\t\t\t\t\t\t\t\t\t<\/div>\n\t\t\t\t\t<\/div>\n\t\t\t\t<\/div>\n\t\t<div data-particle_enable=\"false\" data-particle-mobile-disabled=\"false\" class=\"elementor-element elementor-element-e5ec539 e-flex e-con-boxed e-con e-parent\" data-id=\"e5ec539\" data-element_type=\"container\" data-e-type=\"container\">\n\t\t\t\t\t<div class=\"e-con-inner\">\n\t\t\t\t<div class=\"elementor-element elementor-element-38656d6 elementor-widget elementor-widget-text-editor\" data-id=\"38656d6\" data-element_type=\"widget\" data-e-type=\"widget\" data-widget_type=\"text-editor.default\">\n\t\t\t\t\t\t\t\t\t<p>Hoy, Mel\u00e9ndez es fundador y copropietario de cuatro restaurantes en el centro de <a href=\"https:\/\/soymigrante.com\/revista\/alegria-y-gratitud-por-una-licencia-de-conducir-en-massachussets\/\">Massachusetts<\/a> \u2014Dario\u2019s Ristorante, Tacos Tequila y dos sedes de Bandoleros en Devens y Concord\u2014, espacios que reflejan no solo su pasi\u00f3n por la cocina, sino tambi\u00e9n su deseo de crear lugares donde la comunidad se sienta bienvenida, celebrada y en casa.<\/p><p>El primer paso de su carrera comenz\u00f3 en los fogones de un restaurante italiano donde, tras aprender cada oficio posible \u2014lavar platos, preparar ingredientes, atender catering\u2014, termin\u00f3 comprando el local y convirti\u00e9ndolo en Dario\u2019s, una <a href=\"https:\/\/soymigrante.com\/revista\/exitosa-pizzeria-de-guatemalteco-mario-cardenas-es-elogiada-en-saratoga-ny\/\">pizzer\u00eda<\/a> que mantuvo su nombre original por razones econ\u00f3micas, pero que \u00e9l y su esposa Delmy transformaron en sin\u00f3nimo de buena comida y ambiente familiar.<\/p>\t\t\t\t\t\t\t\t<\/div>\n\t\t\t\t\t<\/div>\n\t\t\t\t<\/div>\n\t\t<div data-particle_enable=\"false\" data-particle-mobile-disabled=\"false\" class=\"elementor-element elementor-element-11b04a5 e-flex e-con-boxed e-con e-parent\" data-id=\"11b04a5\" data-element_type=\"container\" data-e-type=\"container\">\n\t\t\t\t\t<div class=\"e-con-inner\">\n\t\t\t\t<div class=\"elementor-element elementor-element-74dcfd4 elementor-widget elementor-widget-html\" data-id=\"74dcfd4\" data-element_type=\"widget\" data-e-type=\"widget\" data-widget_type=\"html.default\">\n\t\t\t\t\t<iframe src=\"https:\/\/www.facebook.com\/plugins\/post.php?href=https%3A%2F%2Fwww.facebook.com%2Felmer.melendez.37%2Fposts%2Fpfbid036n4Q1beT9y1atsDVy8XG2m9EMSadL7ThZC8pCqS3JpRDnU8kDEE5BCaZ4HmCTi6Nl&show_text=true&width=500\" width=\"500\" height=\"663\" style=\"border:none;overflow:hidden\" scrolling=\"no\" frameborder=\"0\" allowfullscreen=\"true\" allow=\"autoplay; clipboard-write; encrypted-media; picture-in-picture; web-share\"><\/iframe>\t\t\t\t<\/div>\n\t\t\t\t\t<\/div>\n\t\t\t\t<\/div>\n\t\t<div data-particle_enable=\"false\" data-particle-mobile-disabled=\"false\" class=\"elementor-element elementor-element-9b6c29b e-flex e-con-boxed e-con e-parent\" data-id=\"9b6c29b\" data-element_type=\"container\" data-e-type=\"container\">\n\t\t\t\t\t<div class=\"e-con-inner\">\n\t\t\t\t<div class=\"elementor-element elementor-element-5afd506 elementor-widget elementor-widget-text-editor\" data-id=\"5afd506\" data-element_type=\"widget\" data-e-type=\"widget\" data-widget_type=\"text-editor.default\">\n\t\t\t\t\t\t\t\t\t<p>Despu\u00e9s vino la expansi\u00f3n. Aunque Elmer y Delmy son salvadore\u00f1os, la cultura y gastronom\u00eda mexicana siempre los hab\u00edan fascinado. Notaron que en su zona no hab\u00eda restaurantes mexicanos con la calidad que imaginaban, y de esa observaci\u00f3n naci\u00f3 Tacos Tequila, un espacio vibrante que pronto se convirti\u00f3 en punto de encuentro local. El \u00e9xito los impuls\u00f3 a abrir nuevos proyectos bajo la marca <a href=\"https:\/\/www.facebook.com\/pages\/Bandoleros%20Mexican%20Grill\/851959014665880\/\">Bandoleros,<\/a> consolidando as\u00ed una peque\u00f1a red de restaurantes que hoy da empleo, identidad y sabor a varias comunidades.<\/p><p>M\u00e1s all\u00e1 de los men\u00fas, Elmer y Delmy se han distinguido por su filosof\u00eda empresarial: compartir el \u00e9xito. En sus locales, los trabajadores participan de un programa de reparto de utilidades que incluye a cocineros, chefs y gerentes. La pareja cree que cada persona que contribuye al servicio merece crecer con ellos, y ese enfoque humano ha convertido a su equipo en una verdadera familia laboral.<\/p><p>Elmer no oculta que el camino fue arduo. Durante sus primeros a\u00f1os en Estados Unidos lleg\u00f3 a trabajar m\u00e1s de 90 horas semanales, con pocas horas de sue\u00f1o y escaso tiempo para ver crecer a sus hijos. Pero en lugar de rendirse, con <a href=\"https:\/\/soymigrante.com\/revista\/se-pueden-trazar-metas-espirituales-como-lograr-una-mejora-interna\/\">mucha fe,<\/a> transform\u00f3 el cansancio en motivaci\u00f3n. Su lema personal \u2014que el trabajo constante es la verdadera receta de la suerte\u2014 lo ha acompa\u00f1ado en cada etapa de su vida empresarial.<\/p><p>Su conexi\u00f3n con la comunidad de Fitchburg, una ciudad trabajadora a una hora de Boston, ha sido fundamental. Desde su primer restaurante, Mel\u00e9ndez apost\u00f3 por revitalizar la zona, ofreciendo empleos y creando espacios que atraen a familias, estudiantes y visitantes. Su presencia ha contribuido a darle nueva vida a la calle principal y a fortalecer el sentido de orgullo local.<\/p>\t\t\t\t\t\t\t\t<\/div>\n\t\t\t\t\t<\/div>\n\t\t\t\t<\/div>\n\t\t<div data-particle_enable=\"false\" data-particle-mobile-disabled=\"false\" class=\"elementor-element elementor-element-4977830 e-flex e-con-boxed e-con e-parent\" data-id=\"4977830\" data-element_type=\"container\" data-e-type=\"container\">\n\t\t\t\t\t<div class=\"e-con-inner\">\n\t\t\t\t<div class=\"elementor-element elementor-element-6967acf elementor-widget elementor-widget-image\" data-id=\"6967acf\" data-element_type=\"widget\" data-e-type=\"widget\" data-widget_type=\"image.default\">\n\t\t\t\t\t\t\t\t\t\t\t\t<figure class=\"wp-caption\">\n\t\t\t\t\t\t\t\t\t\t<img decoding=\"async\" width=\"1140\" height=\"855\" src=\"https:\/\/soymigrante.com\/revista\/wp-content\/uploads\/2025\/11\/tequila-tacos-1140x855.jpg\" class=\"attachment-large size-large wp-image-48165\" alt=\"La comida mexicana siempre fascin\u00f3 a Elmer y Delmy Mel\u00e9ndez, quienes crearon Tacos Tequila, en Fitchburg, Massachussets\" srcset=\"https:\/\/soymigrante.com\/revista\/wp-content\/uploads\/2025\/11\/tequila-tacos-1140x855.jpg 1140w, https:\/\/soymigrante.com\/revista\/wp-content\/uploads\/2025\/11\/tequila-tacos-300x225.jpg 300w, https:\/\/soymigrante.com\/revista\/wp-content\/uploads\/2025\/11\/tequila-tacos-768x576.jpg 768w, https:\/\/soymigrante.com\/revista\/wp-content\/uploads\/2025\/11\/tequila-tacos-1536x1152.jpg 1536w, https:\/\/soymigrante.com\/revista\/wp-content\/uploads\/2025\/11\/tequila-tacos-750x563.jpg 750w, https:\/\/soymigrante.com\/revista\/wp-content\/uploads\/2025\/11\/tequila-tacos.jpg 2048w\" sizes=\"(max-width: 1140px) 100vw, 1140px\" title=\"La comida mexicana siempre fascin\u00f3 a Elmer y Delmy Mel\u00e9ndez, quienes crearon Tacos Tequila, en Fitchburg, Massachussets \u2013 SoyMigrante.com REVISTA\" \/>\t\t\t\t\t\t\t\t\t\t\t<figcaption class=\"widget-image-caption wp-caption-text\">La comida mexicana siempre fascin\u00f3 a Elmer y Delmy Mel\u00e9ndez, quienes crearon Tacos Tequila, en Fitchburg, Massachussets<\/figcaption>\n\t\t\t\t\t\t\t\t\t\t<\/figure>\n\t\t\t\t\t\t\t\t\t<\/div>\n\t\t\t\t\t<\/div>\n\t\t\t\t<\/div>\n\t\t<div data-particle_enable=\"false\" data-particle-mobile-disabled=\"false\" class=\"elementor-element elementor-element-d07601d e-flex e-con-boxed e-con e-parent\" data-id=\"d07601d\" data-element_type=\"container\" data-e-type=\"container\">\n\t\t\t\t\t<div class=\"e-con-inner\">\n\t\t\t\t<div class=\"elementor-element elementor-element-e06c9e7 elementor-widget elementor-widget-text-editor\" data-id=\"e06c9e7\" data-element_type=\"widget\" data-e-type=\"widget\" data-widget_type=\"text-editor.default\">\n\t\t\t\t\t\t\t\t\t<p>Para Elmer, el \u00e9xito en la industria gastron\u00f3mica no se mide solo en ventas o premios, sino en el impacto positivo sobre las personas. \u201cCuando entra un cliente que no ve\u00eda hace a\u00f1os y vuelve con su familia, ah\u00ed est\u00e1 la verdadera recompensa\u201d, suele decir a quienes lo rodean.<\/p><p>Su historia resume lo que muchos llaman el <a href=\"https:\/\/soymigrante.com\/revista\/realidades-sueno-americano-inmigrantes\/\">\u201csue\u00f1o americano\u201d<\/a>, pero en versi\u00f3n trabajada a pulso, con acento salvadore\u00f1o y aroma a pizza reci\u00e9n horneada o tacos al pastor. Desde aquel joven que lleg\u00f3 al pa\u00eds sin contactos ni dominio del idioma, hasta el restaurantero que hoy inspira a otros migrantes, Elmer Mel\u00e9ndez ha demostrado que con disciplina, humildad y pasi\u00f3n se puede construir un legado \u2014uno que se sirve en cada plato y se celebra en cada mesa de Bandoleros.<\/p>\t\t\t\t\t\t\t\t<\/div>\n\t\t\t\t\t<\/div>\n\t\t\t\t<\/div>\n\t\t<div data-particle_enable=\"false\" data-particle-mobile-disabled=\"false\" class=\"elementor-element elementor-element-3b926e8 e-flex e-con-boxed e-con e-parent\" data-id=\"3b926e8\" data-element_type=\"container\" data-e-type=\"container\">\n\t\t\t\t\t<div class=\"e-con-inner\">\n\t\t\t\t<div class=\"elementor-element elementor-element-c694a78 elementor-widget elementor-widget-heading\" data-id=\"c694a78\" data-element_type=\"widget\" data-e-type=\"widget\" data-widget_type=\"heading.default\">\n\t\t\t\t\t<h2 class=\"elementor-heading-title elementor-size-default\">Talento centroamericano en USA<\/h2>\t\t\t\t<\/div>\n\t\t\t\t\t<\/div>\n\t\t\t\t<\/div>\n\t\t<div data-particle_enable=\"false\" data-particle-mobile-disabled=\"false\" class=\"elementor-element elementor-element-09c94f9 e-flex e-con-boxed e-con e-parent\" data-id=\"09c94f9\" data-element_type=\"container\" data-e-type=\"container\">\n\t\t\t\t\t<div class=\"e-con-inner\">\n\t\t\t\t<div class=\"elementor-element elementor-element-f2b5513 elementor-grid-eael-col-3 elementor-grid-tablet-eael-col-2 elementor-grid-mobile-eael-col-1 elementor-widget elementor-widget-eael-post-grid\" data-id=\"f2b5513\" data-element_type=\"widget\" data-e-type=\"widget\" data-settings=\"{&quot;eael_post_grid_columns&quot;:&quot;eael-col-3&quot;,&quot;eael_post_grid_columns_tablet&quot;:&quot;eael-col-2&quot;,&quot;eael_post_grid_columns_mobile&quot;:&quot;eael-col-1&quot;}\" data-widget_type=\"eael-post-grid.default\">\n\t\t\t\t\t<div id=\"eael-post-grid-f2b5513\" class=\"eael-post-grid-container\">\n            <div class=\"eael-post-grid eael-post-appender eael-post-appender-f2b5513 eael-post-grid-style-one\" data-layout-mode=\"masonry\"><article class=\"eael-grid-post  eael-post-grid-column eael-pg-post-214 category-exitos-guatemala tags-michigan\" data-id=\"214\">\n        <div class=\"eael-grid-post-holder\">\n            <div class=\"eael-grid-post-holder-inner\"><div class=\"eael-entry-media\"><div class=\"eael-entry-overlay fade-in\"><i class=\"far fa-hand-pointer\" aria-hidden=\"true\"><\/i><a href=\"https:\/\/soymigrante.com\/revista\/juan-francisco-es-qanjobal-comunicador-impulsor-de-talentos-y-experto-en-robotica\/\"><\/a><\/div><div class=\"eael-entry-thumbnail eael-image-ratio\">\n                <img decoding=\"async\" width=\"689\" height=\"1024\" src=\"https:\/\/soymigrante.com\/revista\/wp-content\/uploads\/2023\/02\/PANCHOLON-1-689x1024.jpg\" class=\"attachment-large size-large wp-image-960\" alt=\"Pancolon Radio Internacional Francisco\" srcset=\"https:\/\/soymigrante.com\/revista\/wp-content\/uploads\/2023\/02\/PANCHOLON-1-689x1024.jpg 689w, https:\/\/soymigrante.com\/revista\/wp-content\/uploads\/2023\/02\/PANCHOLON-1-202x300.webp 202w, https:\/\/soymigrante.com\/revista\/wp-content\/uploads\/2023\/02\/PANCHOLON-1.webp 720w\" sizes=\"(max-width: 689px) 100vw, 689px\" \/>\n            <\/div>\n        <\/div><div class=\"eael-entry-wrapper\"><header class=\"eael-entry-header\"><h2 class=\"eael-entry-title\"><a class=\"eael-grid-post-link\" href=\"https:\/\/soymigrante.com\/revista\/juan-francisco-es-qanjobal-comunicador-impulsor-de-talentos-y-experto-en-robotica\/\" title=\"Los guatemaltecos debemos cambiar de chip: Juan Francisco\">Los guatemaltecos debemos cambiar de chip: Juan Francisco<\/a><\/h2><\/header><div class=\"eael-entry-content\">\n                        <div class=\"eael-grid-post-excerpt\"><a href=\"https:\/\/soymigrante.com\/revista\/juan-francisco-es-qanjobal-comunicador-impulsor-de-talentos-y-experto-en-robotica\/\" class=\"eael-post-elements-readmore-btn\">CONOCE SU HISTORIA <\/a><\/div>\n                    <\/div><\/div><\/div>\n        <\/div>\n    <\/article><article class=\"eael-grid-post  eael-post-grid-column eael-pg-post-47204 category-el-salvador-exitos\" data-id=\"47204\">\n        <div class=\"eael-grid-post-holder\">\n            <div class=\"eael-grid-post-holder-inner\"><div class=\"eael-entry-media\"><div class=\"eael-entry-overlay fade-in\"><i class=\"far fa-hand-pointer\" aria-hidden=\"true\"><\/i><a href=\"https:\/\/soymigrante.com\/revista\/migrante-salvadorena-dora-rodriguez-sobrevivio-y-ayuda-a-sobrevivir\/\"><\/a><\/div><div class=\"eael-entry-thumbnail eael-image-ratio\">\n                <img loading=\"lazy\" decoding=\"async\" width=\"662\" height=\"1024\" src=\"https:\/\/soymigrante.com\/revista\/wp-content\/uploads\/2025\/10\/dora-rodriguez-salvadorena-662x1024.webp\" class=\"attachment-large size-large wp-image-47206\" alt=\"dora rodriguez salvadore\u00f1a\" srcset=\"https:\/\/soymigrante.com\/revista\/wp-content\/uploads\/2025\/10\/dora-rodriguez-salvadorena-662x1024.webp 662w, https:\/\/soymigrante.com\/revista\/wp-content\/uploads\/2025\/10\/dora-rodriguez-salvadorena-194x300.webp 194w, https:\/\/soymigrante.com\/revista\/wp-content\/uploads\/2025\/10\/dora-rodriguez-salvadorena-768x1189.webp 768w, https:\/\/soymigrante.com\/revista\/wp-content\/uploads\/2025\/10\/dora-rodriguez-salvadorena-992x1536.webp 992w, https:\/\/soymigrante.com\/revista\/wp-content\/uploads\/2025\/10\/dora-rodriguez-salvadorena-750x1161.webp 750w, https:\/\/soymigrante.com\/revista\/wp-content\/uploads\/2025\/10\/dora-rodriguez-salvadorena-1140x1765.webp 1140w, https:\/\/soymigrante.com\/revista\/wp-content\/uploads\/2025\/10\/dora-rodriguez-salvadorena.webp 1323w\" sizes=\"(max-width: 662px) 100vw, 662px\" \/>\n            <\/div>\n        <\/div><div class=\"eael-entry-wrapper\"><header class=\"eael-entry-header\"><h2 class=\"eael-entry-title\"><a class=\"eael-grid-post-link\" href=\"https:\/\/soymigrante.com\/revista\/migrante-salvadorena-dora-rodriguez-sobrevivio-y-ayuda-a-sobrevivir\/\" title=\"Migrante salvadore\u00f1a Dora Rodr\u00edguez sobrevivi\u00f3 y ayuda a sobrevivir\">Migrante salvadore\u00f1a Dora Rodr\u00edguez sobrevivi\u00f3 y ayuda a sobrevivir<\/a><\/h2><\/header><div class=\"eael-entry-content\">\n                        <div class=\"eael-grid-post-excerpt\"><a href=\"https:\/\/soymigrante.com\/revista\/migrante-salvadorena-dora-rodriguez-sobrevivio-y-ayuda-a-sobrevivir\/\" class=\"eael-post-elements-readmore-btn\">CONOCE SU HISTORIA <\/a><\/div>\n                    <\/div><\/div><\/div>\n        <\/div>\n    <\/article><article class=\"eael-grid-post  eael-post-grid-column eael-pg-post-47344 category-exitos-honduras\" data-id=\"47344\">\n        <div class=\"eael-grid-post-holder\">\n            <div class=\"eael-grid-post-holder-inner\"><div class=\"eael-entry-media\"><div class=\"eael-entry-overlay fade-in\"><i class=\"far fa-hand-pointer\" aria-hidden=\"true\"><\/i><a href=\"https:\/\/soymigrante.com\/revista\/eva-cortes-la-voz-hondurena-de-un-jazz-sin-fronteras\/\"><\/a><\/div><div class=\"eael-entry-thumbnail eael-image-ratio\">\n                <img loading=\"lazy\" decoding=\"async\" width=\"500\" height=\"500\" src=\"https:\/\/soymigrante.com\/revista\/wp-content\/uploads\/2025\/10\/500x500-000000-80-0-0.jpg\" class=\"attachment-large size-large wp-image-47345\" alt=\"eva cortes cantante hondure\u00f1a\" srcset=\"https:\/\/soymigrante.com\/revista\/wp-content\/uploads\/2025\/10\/500x500-000000-80-0-0.jpg 500w, https:\/\/soymigrante.com\/revista\/wp-content\/uploads\/2025\/10\/500x500-000000-80-0-0-300x300.jpg 300w, https:\/\/soymigrante.com\/revista\/wp-content\/uploads\/2025\/10\/500x500-000000-80-0-0-150x150.jpg 150w, https:\/\/soymigrante.com\/revista\/wp-content\/uploads\/2025\/10\/500x500-000000-80-0-0-75x75.jpg 75w\" sizes=\"(max-width: 500px) 100vw, 500px\" \/>\n            <\/div>\n        <\/div><div class=\"eael-entry-wrapper\"><header class=\"eael-entry-header\"><h2 class=\"eael-entry-title\"><a class=\"eael-grid-post-link\" href=\"https:\/\/soymigrante.com\/revista\/eva-cortes-la-voz-hondurena-de-un-jazz-sin-fronteras\/\" title=\"Eva Cort\u00e9s, la voz hondure\u00f1a de un jazz sin fronteras\">Eva Cort\u00e9s, la voz hondure\u00f1a de un jazz sin fronteras<\/a><\/h2><\/header><div class=\"eael-entry-content\">\n                        <div class=\"eael-grid-post-excerpt\"><a href=\"https:\/\/soymigrante.com\/revista\/eva-cortes-la-voz-hondurena-de-un-jazz-sin-fronteras\/\" class=\"eael-post-elements-readmore-btn\">CONOCE SU HISTORIA <\/a><\/div>\n                    <\/div><\/div><\/div>\n        <\/div>\n    <\/article><\/div>\n            <div class=\"clearfix\"><\/div>\n        <\/div>\t\t\t\t<\/div>\n\t\t\t\t\t<\/div>\n\t\t\t\t<\/div>\n\t\t\t\t<\/div>\n\t\t","protected":false},"excerpt":{"rendered":"<p>Detr\u00e1s del \u00e9xito del salvadore\u00f1o Elmer Mel\u00e9ndez hay much\u00edsimos a\u00f1os de trabajo y tambi\u00e9n el apoyo incondicional de su esposa Delmy. Por m\u00e1s de dos d\u00e9cadas, el migrante salvadore\u00f1o Elmer Mel\u00e9ndez ha cocinado algo m\u00e1s que platillos: ha cocinado oportunidades. Lleg\u00f3 a Estados Unidos desde El Salvador en 1999, junto a su esposa Delmy y [&hellip;]<\/p>\n","protected":false},"author":1,"featured_media":48161,"comment_status":"open","ping_status":"open","sticky":false,"template":"","format":"standard","meta":{"_acf_changed":false,"_eb_attr":"","footnotes":""},"categories":[275,50],"tags":[],"class_list":["post-48159","post","type-post","status-publish","format-standard","has-post-thumbnail","hentry","category-el-salvador","category-exitos"],"acf":[],"aioseo_notices":[],"aioseo_head":"\n\t\t<!-- All in One SEO Pro 4.9.6.2 - aioseo.com -->\n\t<meta name=\"description\" content=\"Naci\u00f3 en Tegucigalpa y creaci\u00f3 en Espa\u00f1a. Eva Cort\u00e9s es una de las grandes voces del jazz contempor\u00e1neo. Su estilo vers\u00e1til, soltura y tesitura son admirables.\" \/>\n\t<meta name=\"robots\" content=\"max-snippet:-1, max-image-preview:large, max-video-preview:-1\" \/>\n\t<meta name=\"author\" content=\"SoyMigrante.com REVISTA\"\/>\n\t<link rel=\"canonical\" href=\"https:\/\/soymigrante.com\/revista\/eva-cortes-la-voz-hondurena-de-un-jazz-sin-fronteras\/\" \/>\n\t<meta name=\"generator\" content=\"All in One SEO Pro (AIOSEO) 4.9.6.2\" \/>\n\n\t\t<link rel=\"preconnect\" href=\"https:\/\/fonts.googleapis.com\" crossorigin>\n<link rel=\"preconnect\" href=\"https:\/\/fonts.gstatic.com\" crossorigin>\n\t\t<meta property=\"og:locale\" content=\"es_ES\" \/>\n\t\t<meta property=\"og:site_name\" content=\"SoyMigrante.com REVISTA \u2013 Nuestra misi\u00f3n es reconocer y dignificar al migrante.\" \/>\n\t\t<meta property=\"og:type\" content=\"article\" \/>\n\t\t<meta property=\"og:title\" content=\"Eva Cort\u00e9s, la voz hondure\u00f1a de un jazz sin fronteras\" \/>\n\t\t<meta property=\"og:description\" content=\"Naci\u00f3 en Tegucigalpa y creaci\u00f3 en Espa\u00f1a. Eva Cort\u00e9s es una de las grandes voces del jazz contempor\u00e1neo. Su estilo vers\u00e1til, soltura y tesitura son admirables.\" \/>\n\t\t<meta property=\"og:url\" content=\"https:\/\/soymigrante.com\/revista\/eva-cortes-la-voz-hondurena-de-un-jazz-sin-fronteras\/\" \/>\n\t\t<meta property=\"og:image\" content=\"https:\/\/soymigrante.com\/revista\/wp-content\/uploads\/2025\/10\/500x500-000000-80-0-0.jpg\" \/>\n\t\t<meta property=\"og:image:secure_url\" content=\"https:\/\/soymigrante.com\/revista\/wp-content\/uploads\/2025\/10\/500x500-000000-80-0-0.jpg\" \/>\n\t\t<meta property=\"og:image:width\" content=\"500\" \/>\n\t\t<meta property=\"og:image:height\" content=\"500\" \/>\n\t\t<meta property=\"article:published_time\" content=\"2025-10-16T22:24:45+00:00\" \/>\n\t\t<meta property=\"article:modified_time\" content=\"2025-10-16T22:24:57+00:00\" \/>\n\t\t<meta property=\"article:publisher\" content=\"https:\/\/www.facebook.com\/soymigrantecom\" \/>\n\t\t<meta name=\"twitter:card\" content=\"summary_large_image\" \/>\n\t\t<meta name=\"twitter:site\" content=\"@SoyMigrante_com\" \/>\n\t\t<meta name=\"twitter:title\" content=\"Eva Cort\u00e9s, la voz hondure\u00f1a de un jazz sin fronteras\" \/>\n\t\t<meta name=\"twitter:description\" content=\"Naci\u00f3 en Tegucigalpa y creaci\u00f3 en Espa\u00f1a. Eva Cort\u00e9s es una de las grandes voces del jazz contempor\u00e1neo. Su estilo vers\u00e1til, soltura y tesitura son admirables.\" \/>\n\t\t<meta name=\"twitter:creator\" content=\"@SoyMigrante_com\" \/>\n\t\t<meta name=\"twitter:image\" content=\"https:\/\/soymigrante.com\/revista\/wp-content\/uploads\/2025\/10\/500x500-000000-80-0-0.jpg\" \/>\n\t\t<!-- All in One SEO Pro -->\r\n\t\t<title>Eva Cort\u00e9s, la voz hondure\u00f1a de un jazz sin fronteras<\/title>\n\n","aioseo_head_json":{"title":"Eva Cort\u00e9s, la voz hondure\u00f1a de un jazz sin fronteras","description":"Naci\u00f3 en Tegucigalpa y creaci\u00f3 en Espa\u00f1a. Eva Cort\u00e9s es una de las grandes voces del jazz contempor\u00e1neo. Su estilo vers\u00e1til, soltura y tesitura son admirables.","canonical_url":"https:\/\/soymigrante.com\/revista\/eva-cortes-la-voz-hondurena-de-un-jazz-sin-fronteras\/","robots":"max-snippet:-1, max-image-preview:large, max-video-preview:-1","keywords":"","webmasterTools":{"miscellaneous":"&lt;link rel=\"preconnect\" href=\"https:\/\/fonts.googleapis.com\" crossorigin&gt;\n&lt;link rel=\"preconnect\" href=\"https:\/\/fonts.gstatic.com\" crossorigin&gt;"},"schema":null,"og:locale":"es_ES","og:site_name":"SoyMigrante.com REVISTA \u2013 Nuestra misi\u00f3n es reconocer y dignificar al migrante.","og:type":"article","og:title":"Eva Cort\u00e9s, la voz hondure\u00f1a de un jazz sin fronteras","og:description":"Naci\u00f3 en Tegucigalpa y creaci\u00f3 en Espa\u00f1a. Eva Cort\u00e9s es una de las grandes voces del jazz contempor\u00e1neo. Su estilo vers\u00e1til, soltura y tesitura son admirables.","og:url":"https:\/\/soymigrante.com\/revista\/eva-cortes-la-voz-hondurena-de-un-jazz-sin-fronteras\/","og:image":"https:\/\/soymigrante.com\/revista\/wp-content\/uploads\/2025\/10\/500x500-000000-80-0-0.jpg","og:image:secure_url":"https:\/\/soymigrante.com\/revista\/wp-content\/uploads\/2025\/10\/500x500-000000-80-0-0.jpg","og:image:width":500,"og:image:height":500,"article:published_time":"2025-10-16T22:24:45+00:00","article:modified_time":"2025-10-16T22:24:57+00:00","article:publisher":"https:\/\/www.facebook.com\/soymigrantecom","twitter:card":"summary_large_image","twitter:site":"@SoyMigrante_com","twitter:title":"Eva Cort\u00e9s, la voz hondure\u00f1a de un jazz sin fronteras","twitter:description":"Naci\u00f3 en Tegucigalpa y creaci\u00f3 en Espa\u00f1a. Eva Cort\u00e9s es una de las grandes voces del jazz contempor\u00e1neo. Su estilo vers\u00e1til, soltura y tesitura son admirables.","twitter:creator":"@SoyMigrante_com","twitter:image":"https:\/\/soymigrante.com\/revista\/wp-content\/uploads\/2025\/10\/500x500-000000-80-0-0.jpg"},"aioseo_meta_data":{"post_id":"48159","title":null,"description":"Esposos salvadore\u00f1os Delmy y Elmer Mel\u00e9ndez son modelo de superaci\u00f3n, desarrollo empresarial y gran experiencia de sabor en sus restaurantes en USA","keywords":null,"keyphrases":{"focus":{"keyphrase":"Gastron\u00f3mico","score":37,"analysis":{"keyphraseInTitle":{"score":3,"maxScore":9,"error":1},"keyphraseInDescription":{"score":3,"maxScore":9,"error":1},"keyphraseLength":{"score":9,"maxScore":9,"error":0,"length":2},"keyphraseInURL":{"score":1,"maxScore":5,"error":1},"keyphraseInIntroduction":{"score":3,"maxScore":9,"error":1},"keyphraseInSubHeadings":{"score":3,"maxScore":9,"error":1},"keyphraseInImageAlt":{"score":3,"maxScore":9,"error":1},"keywordDensity":{"score":0,"type":"low","maxScore":9,"error":1}}},"additional":[{"keyphrase":"salvadore\u00f1os","score":67,"analysis":{"keyphraseInDescription":{"score":9,"maxScore":9,"error":0},"keyphraseLength":{"score":9,"maxScore":9,"error":0,"length":2},"keyphraseInIntroduction":{"score":3,"maxScore":9,"error":1},"keyphraseInImageAlt":{"score":9,"maxScore":9,"error":0},"keywordDensity":{"score":0,"type":"low","maxScore":9,"error":1}}}]},"primary_term":null,"canonical_url":null,"og_title":null,"og_description":null,"og_object_type":"default","og_image_type":"default","og_image_url":null,"og_image_width":null,"og_image_height":null,"og_image_custom_url":null,"og_image_custom_fields":null,"og_video":"","og_custom_url":null,"og_article_section":null,"og_article_tags":null,"twitter_use_og":false,"twitter_card":"default","twitter_image_type":"default","twitter_image_url":null,"twitter_image_custom_url":null,"twitter_image_custom_fields":null,"twitter_title":null,"twitter_description":null,"schema":{"blockGraphs":[],"customGraphs":[],"default":{"data":{"Article":[],"Course":[],"Dataset":[],"FAQPage":[],"Movie":[],"Person":[],"Product":[],"ProductReview":[],"Car":[],"Recipe":[],"Service":[],"SoftwareApplication":[],"WebPage":[]},"graphName":"NewsArticle","isEnabled":true},"graphs":[]},"schema_type":"default","schema_type_options":null,"pillar_content":false,"robots_default":true,"robots_noindex":false,"robots_noarchive":false,"robots_nosnippet":false,"robots_nofollow":false,"robots_noimageindex":false,"robots_noodp":false,"robots_notranslate":false,"robots_max_snippet":"-1","robots_max_videopreview":"-1","robots_max_imagepreview":"large","priority":null,"frequency":"default","local_seo":null,"seo_analyzer_scan_date":"2025-11-04 17:26:07","breadcrumb_settings":null,"limit_modified_date":false,"reviewed_by":"0","open_ai":null,"ai":{"faqs":[],"keyPoints":[],"titles":[],"descriptions":[],"socialPosts":{"email":[],"linkedin":[],"twitter":[],"facebook":[],"instagram":[]}},"created":"2025-11-04 17:05:15","updated":"2026-02-05 06:57:12"},"aioseo_breadcrumb":"<div class=\"aioseo-breadcrumbs\"><span class=\"aioseo-breadcrumb\">\n\t<a href=\"https:\/\/soymigrante.com\/revista\" title=\"Home\">Home<\/a>\n<\/span><span class=\"aioseo-breadcrumb-separator\">\u00bb<\/span><span class=\"aioseo-breadcrumb\">\n\t<a href=\"https:\/\/soymigrante.com\/revista\/category\/exitos\/\" title=\"\u00c9xitos\">\u00c9xitos<\/a>\n<\/span><span class=\"aioseo-breadcrumb-separator\">\u00bb<\/span><span class=\"aioseo-breadcrumb\">\n\t<a href=\"https:\/\/soymigrante.com\/revista\/category\/exitos\/el-salvador\/\" title=\"El Salvador\">El Salvador<\/a>\n<\/span><span class=\"aioseo-breadcrumb-separator\">\u00bb<\/span><span class=\"aioseo-breadcrumb\">\n\tLa exitosa ruta gastron\u00f3mica de los migrantes salvadore\u00f1os Elmer y Delmy Mel\u00e9ndez\n<\/span><\/div>","aioseo_breadcrumb_json":[{"label":"Home","link":"https:\/\/soymigrante.com\/revista"},{"label":"\u00c9xitos","link":"https:\/\/soymigrante.com\/revista\/category\/exitos\/"},{"label":"El Salvador","link":"https:\/\/soymigrante.com\/revista\/category\/exitos\/el-salvador\/"},{"label":"La exitosa ruta gastron\u00f3mica de los migrantes salvadore\u00f1os Elmer y Delmy Mel\u00e9ndez","link":"https:\/\/soymigrante.com\/revista\/la-exitosa-ruta-gastronomica-de-los-migrantes-salvadorenos-elmer-y-delmy-melendez\/"}],"_links":{"self":[{"href":"https:\/\/soymigrante.com\/revista\/wp-json\/wp\/v2\/posts\/48159","targetHints":{"allow":["GET"]}}],"collection":[{"href":"https:\/\/soymigrante.com\/revista\/wp-json\/wp\/v2\/posts"}],"about":[{"href":"https:\/\/soymigrante.com\/revista\/wp-json\/wp\/v2\/types\/post"}],"author":[{"embeddable":true,"href":"https:\/\/soymigrante.com\/revista\/wp-json\/wp\/v2\/users\/1"}],"replies":[{"embeddable":true,"href":"https:\/\/soymigrante.com\/revista\/wp-json\/wp\/v2\/comments?post=48159"}],"version-history":[{"count":6,"href":"https:\/\/soymigrante.com\/revista\/wp-json\/wp\/v2\/posts\/48159\/revisions"}],"predecessor-version":[{"id":48169,"href":"https:\/\/soymigrante.com\/revista\/wp-json\/wp\/v2\/posts\/48159\/revisions\/48169"}],"wp:featuredmedia":[{"embeddable":true,"href":"https:\/\/soymigrante.com\/revista\/wp-json\/wp\/v2\/media\/48161"}],"wp:attachment":[{"href":"https:\/\/soymigrante.com\/revista\/wp-json\/wp\/v2\/media?parent=48159"}],"wp:term":[{"taxonomy":"category","embeddable":true,"href":"https:\/\/soymigrante.com\/revista\/wp-json\/wp\/v2\/categories?post=48159"},{"taxonomy":"post_tag","embeddable":true,"href":"https:\/\/soymigrante.com\/revista\/wp-json\/wp\/v2\/tags?post=48159"}],"curies":[{"name":"wp","href":"https:\/\/api.w.org\/{rel}","templated":true}]}}