{"id":48123,"date":"2025-11-04T07:02:06","date_gmt":"2025-11-04T13:02:06","guid":{"rendered":"https:\/\/soymigrante.com\/revista\/?p=48123"},"modified":"2025-12-30T11:31:55","modified_gmt":"2025-12-30T17:31:55","slug":"garifunas-en-ny-lanzan-documental-yurumein-filmado-en-livingston-izabal","status":"publish","type":"post","link":"https:\/\/soymigrante.com\/revista\/garifunas-en-ny-lanzan-documental-yurumein-filmado-en-livingston-izabal\/","title":{"rendered":"Gar\u00edfunas Arnold Ciego y Gilroy Alvarez en NY lanzan documental Yurumein filmado en L\u00edvingston, Izabal"},"content":{"rendered":"\t\t<div data-elementor-type=\"wp-post\" data-elementor-id=\"48123\" class=\"elementor elementor-48123\" data-elementor-post-type=\"post\">\n\t\t\t\t<div data-particle_enable=\"false\" data-particle-mobile-disabled=\"false\" class=\"elementor-element elementor-element-1e713d7 e-flex e-con-boxed e-con e-parent\" data-id=\"1e713d7\" data-element_type=\"container\" data-e-type=\"container\">\n\t\t\t\t\t<div class=\"e-con-inner\">\n\t\t\t\t<div class=\"elementor-element elementor-element-a6fff14 elementor-widget elementor-widget-heading\" data-id=\"a6fff14\" data-element_type=\"widget\" data-e-type=\"widget\" data-widget_type=\"heading.default\">\n\t\t\t\t\t<h2 class=\"elementor-heading-title elementor-size-default\">Dos migrantes guatemaltecos gar\u00edfunas que nunca olvidan sus ra\u00edces, impulsaron la producci\u00f3n del documental Yurumein de 2024 en L\u00edvingston, Izabal, el cual se estren\u00f3 en este 2025: un testimonio de amor a su tierra e identidad. <\/h2>\t\t\t\t<\/div>\n\t\t\t\t\t<\/div>\n\t\t\t\t<\/div>\n\t\t<div data-particle_enable=\"false\" data-particle-mobile-disabled=\"false\" class=\"elementor-element elementor-element-7455839 e-flex e-con-boxed e-con e-parent\" data-id=\"7455839\" data-element_type=\"container\" data-e-type=\"container\">\n\t\t\t\t\t<div class=\"e-con-inner\">\n\t\t\t\t<div class=\"elementor-element elementor-element-12e5e08 elementor-widget elementor-widget-text-editor\" data-id=\"12e5e08\" data-element_type=\"widget\" data-e-type=\"widget\" data-widget_type=\"text-editor.default\">\n\t\t\t\t\t\t\t\t\t<p>Dos amigos gar\u00edfunas guatemaltecos, migrantes, <a href=\"https:\/\/soymigrante.com\/revista\/empresario-migrante-guatemalteco-arnold-ciego-impulsa-identidad-garifuna-desde-bronx-ny\/\">Arnold Ciego<\/a> y <a href=\"https:\/\/soymigrante.com\/revista\/asi-cambio-de-pies-a-cabeza-el-sueno-de-gilroy-alvarez\/\">Gilroy \u00c1lvarez,&nbsp;<\/a>miembros de la asociaci\u00f3n <a href=\"https:\/\/www.facebook.com\/hijosdelivingstonenny\/\">Hijos de L\u00edvingston en Nueva York<\/a>, ten\u00edan una gran ilusi\u00f3n: registrar en un documental el relato de la tradicional fiesta Yurumein, que <a href=\"https:\/\/soymigrante.com\/revista\/pueblo-garinagu-garifuna-lleva-mas-de-dos-siglos-en-guatemala\/\">conmemora la llegada de sus antepasados a La Buga, dando origen a un pueblo<\/a> lleno de tradici\u00f3n, expresiones y cultura.<\/p>\n<p><a href=\"https:\/\/www.youtube.com\/watch?v=ayA09Vb6438&amp;list=PLokPRfgoGVJTGmGaXg0sMyJDOPi3QZ6rf&amp;index=1&amp;t=1124s\">\u201cYurumein: el viaje de la memoria y la herencia gar\u00edfuna\u201d<\/a> es m\u00e1s que un documental: es un acto de amor, resistencia y reivindicaci\u00f3n cultural <a href=\"https:\/\/soymigrante.com\/revista\/pueblo-garinagu-garifuna-lleva-mas-de-dos-siglos-en-guatemala\/\">del pueblo Gar\u00edfuna.<\/a> Este trabajo audiovisual \u2014lanzado en septiembre y disponible gratuitamente en YouTube\u2014 recorre la traves\u00eda hist\u00f3rica del pueblo gar\u00edfuna desde su exilio en San Vicente hasta su llegada a L\u00edvingston, Izabal, donde a\u00fan mantiene sus ra\u00edces.<\/p>\n<p><a href=\"https:\/\/soymigrante.com\/revista\/el-26-de-noviembre-se-celebra-el-dia-de-los-garifunas-en-guatemala-para-honrar-su-dignidad-y-resiliencia\/\">Cada 26 de noviembre se celebra el D\u00eda Nacional del Gar\u00edfuna<\/a>, en honor, precisamente a la fundaci\u00f3n de su primer pueblo en el caribe.<\/p>\t\t\t\t\t\t\t\t<\/div>\n\t\t\t\t\t<\/div>\n\t\t\t\t<\/div>\n\t\t<div data-particle_enable=\"false\" data-particle-mobile-disabled=\"false\" class=\"elementor-element elementor-element-7842986 e-flex e-con-boxed e-con e-parent\" data-id=\"7842986\" data-element_type=\"container\" data-e-type=\"container\">\n\t\t\t\t\t<div class=\"e-con-inner\">\n\t\t\t\t<div class=\"elementor-element elementor-element-f69b76a elementor-widget elementor-widget-image\" data-id=\"f69b76a\" data-element_type=\"widget\" data-e-type=\"widget\" data-widget_type=\"image.default\">\n\t\t\t\t\t\t\t\t\t\t\t\t<figure class=\"wp-caption\">\n\t\t\t\t\t\t\t\t\t\t<img fetchpriority=\"high\" decoding=\"async\" width=\"1140\" height=\"641\" src=\"https:\/\/soymigrante.com\/revista\/wp-content\/uploads\/2025\/11\/yurumein-pueblo-garifuna-documental-ny-9-1140x641.jpg\" class=\"attachment-large size-large wp-image-48131\" alt=\"Empresario gar\u00edfuna guatemalteco migrante Gilroy \u00c1lvarez relata aspectos del documental Yurumein, durante su lanzamiento en el consulado de Guatemala en Nueva York. (Foto Arnold Ciego)\" srcset=\"https:\/\/soymigrante.com\/revista\/wp-content\/uploads\/2025\/11\/yurumein-pueblo-garifuna-documental-ny-9-1140x641.jpg 1140w, https:\/\/soymigrante.com\/revista\/wp-content\/uploads\/2025\/11\/yurumein-pueblo-garifuna-documental-ny-9-300x169.jpg 300w, https:\/\/soymigrante.com\/revista\/wp-content\/uploads\/2025\/11\/yurumein-pueblo-garifuna-documental-ny-9-768x432.jpg 768w, https:\/\/soymigrante.com\/revista\/wp-content\/uploads\/2025\/11\/yurumein-pueblo-garifuna-documental-ny-9-1536x864.jpg 1536w, https:\/\/soymigrante.com\/revista\/wp-content\/uploads\/2025\/11\/yurumein-pueblo-garifuna-documental-ny-9-750x422.jpg 750w, https:\/\/soymigrante.com\/revista\/wp-content\/uploads\/2025\/11\/yurumein-pueblo-garifuna-documental-ny-9.jpg 2048w\" sizes=\"(max-width: 1140px) 100vw, 1140px\" title=\"Empresario gar\u00edfuna guatemalteco migrante Gilroy \u00c1lvarez relata aspectos del documental Yurumein, durante su lanzamiento en el consulado de Guatemala en Nueva York. (Foto Arnold Ciego) \u2013 SoyMigrante.com REVISTA\" \/>\t\t\t\t\t\t\t\t\t\t\t<figcaption class=\"widget-image-caption wp-caption-text\">Empresario gar\u00edfuna guatemalteco migrante Gilroy \u00c1lvarez relata aspectos del documental Yurumein, durante su lanzamiento en el consulado de Guatemala en Nueva York. (Foto Arnold Ciego)<\/figcaption>\n\t\t\t\t\t\t\t\t\t\t<\/figure>\n\t\t\t\t\t\t\t\t\t<\/div>\n\t\t\t\t\t<\/div>\n\t\t\t\t<\/div>\n\t\t<div data-particle_enable=\"false\" data-particle-mobile-disabled=\"false\" class=\"elementor-element elementor-element-eda5cca e-flex e-con-boxed e-con e-parent\" data-id=\"eda5cca\" data-element_type=\"container\" data-e-type=\"container\">\n\t\t\t\t\t<div class=\"e-con-inner\">\n\t\t\t\t<div class=\"elementor-element elementor-element-27c56fd elementor-widget elementor-widget-text-editor\" data-id=\"27c56fd\" data-element_type=\"widget\" data-e-type=\"widget\" data-widget_type=\"text-editor.default\">\n\t\t\t\t\t\t\t\t\t<p><em>Yurumein,\u00a0<\/em>nombre <a href=\"https:\/\/soymigrante.com\/revista\/pueblo-garinagu-garifuna-lleva-mas-de-dos-siglos-en-guatemala\/\">gar\u00edfuna<\/a> de San Vicente, que a su vez es el nombre de la tradicional danza conmemorativa de origen, se propone como una experiencia de memoria viva. Narra c\u00f3mo los gar\u00edfunas, descendientes de africanos y caribes, fueron expulsados de su tierra original en el siglo XVIII y, pese a la adversidad, lograron establecer comunidades vibrantes en Guatemala, Belice y Honduras. A trav\u00e9s de im\u00e1genes, testimonios y m\u00fasica, el documental honra ese recorrido de dolor, resiliencia y orgullo.<\/p><p>\u201c<strong>No es solo historia, es identidad<\/strong>\u201d, afirma la sinopsis oficial, subrayando que la pieza celebra la lengua, la m\u00fasica, la gastronom\u00eda y las tradiciones gar\u00edfunas como pilares de una herencia que sigue inspirando al mundo.\u00a0<\/p>\t\t\t\t\t\t\t\t<\/div>\n\t\t\t\t\t<\/div>\n\t\t\t\t<\/div>\n\t\t<div data-particle_enable=\"false\" data-particle-mobile-disabled=\"false\" class=\"elementor-element elementor-element-2cf4be7 e-flex e-con-boxed e-con e-parent\" data-id=\"2cf4be7\" data-element_type=\"container\" data-e-type=\"container\">\n\t\t\t\t\t<div class=\"e-con-inner\">\n\t\t\t\t<div class=\"elementor-element elementor-element-4930e84 elementor-widget elementor-widget-image\" data-id=\"4930e84\" data-element_type=\"widget\" data-e-type=\"widget\" data-widget_type=\"image.default\">\n\t\t\t\t\t\t\t\t\t\t\t\t<figure class=\"wp-caption\">\n\t\t\t\t\t\t\t\t\t\t\t<a href=\"https:\/\/soymigrante.com\/revista\/empresario-migrante-guatemalteco-arnold-ciego-impulsa-identidad-garifuna-desde-bronx-ny\/\">\n\t\t\t\t\t\t\t<img decoding=\"async\" width=\"1140\" height=\"761\" src=\"https:\/\/soymigrante.com\/revista\/wp-content\/uploads\/2025\/11\/yurumein-pueblo-garifuna-documental-ny-6-1140x761.jpg\" class=\"attachment-large size-large wp-image-48132\" alt=\"Empresario gar\u00edfuna migrante guatemalteco Arnold Ciego, dirigi\u00f3 la realizaci\u00f3n del documental en su natal L\u00edvingston, Izabal, durante la fiesta Yurumein de 2024.\" srcset=\"https:\/\/soymigrante.com\/revista\/wp-content\/uploads\/2025\/11\/yurumein-pueblo-garifuna-documental-ny-6-1140x761.jpg 1140w, https:\/\/soymigrante.com\/revista\/wp-content\/uploads\/2025\/11\/yurumein-pueblo-garifuna-documental-ny-6-300x200.jpg 300w, https:\/\/soymigrante.com\/revista\/wp-content\/uploads\/2025\/11\/yurumein-pueblo-garifuna-documental-ny-6-768x513.jpg 768w, https:\/\/soymigrante.com\/revista\/wp-content\/uploads\/2025\/11\/yurumein-pueblo-garifuna-documental-ny-6-750x501.jpg 750w, https:\/\/soymigrante.com\/revista\/wp-content\/uploads\/2025\/11\/yurumein-pueblo-garifuna-documental-ny-6.jpg 1284w\" sizes=\"(max-width: 1140px) 100vw, 1140px\" title=\"Empresario gar\u00edfuna migrante guatemalteco Arnold Ciego, dirigi\u00f3 la realizaci\u00f3n del documental en su natal L\u00edvingston, Izabal, durante la fiesta Yurumein de 2024. \u2013 SoyMigrante.com REVISTA\" \/>\t\t\t\t\t\t\t\t<\/a>\n\t\t\t\t\t\t\t\t\t\t\t<figcaption class=\"widget-image-caption wp-caption-text\">Empresario gar\u00edfuna migrante guatemalteco Arnold Ciego, dirigi\u00f3 la realizaci\u00f3n del documental en su natal L\u00edvingston, Izabal, durante la fiesta Yurumein de 2024.<\/figcaption>\n\t\t\t\t\t\t\t\t\t\t<\/figure>\n\t\t\t\t\t\t\t\t\t<\/div>\n\t\t\t\t\t<\/div>\n\t\t\t\t<\/div>\n\t\t<div data-particle_enable=\"false\" data-particle-mobile-disabled=\"false\" class=\"elementor-element elementor-element-0d5f526 e-flex e-con-boxed e-con e-parent\" data-id=\"0d5f526\" data-element_type=\"container\" data-e-type=\"container\">\n\t\t\t\t\t<div class=\"e-con-inner\">\n\t\t\t\t<div class=\"elementor-element elementor-element-5695b18 elementor-widget elementor-widget-text-editor\" data-id=\"5695b18\" data-element_type=\"widget\" data-e-type=\"widget\" data-widget_type=\"text-editor.default\">\n\t\t\t\t\t\t\t\t\t<p>Para el productor y director\u00a0<a href=\"https:\/\/soymigrante.com\/revista\/empresario-migrante-guatemalteco-arnold-ciego-impulsa-identidad-garifuna-desde-bronx-ny\/\">Arnold Ciego<\/a>, el proyecto es un homenaje colectivo, que se hizo posible gracias a la colaboraci\u00f3n de su gran coterr\u00e1neo a quien reconoce. \u201c<a href=\"https:\/\/soymigrante.com\/revista\/asi-cambio-de-pies-a-cabeza-el-sueno-de-gilroy-alvarez\/\">Gilroy \u00c1lvarez <\/a>fue el verdadero visionario detr\u00e1s del <a href=\"https:\/\/www.youtube.com\/watch?v=ayA09Vb6438&amp;list=PLokPRfgoGVJTGmGaXg0sMyJDOPi3QZ6rf&amp;index=1&amp;t=1124s\">documental<\/a>\u201d, afirma.\u00a0 \u201cLo que hoy celebramos no es solo un logro audiovisual, sino la evidencia viva de lo que significa creer en la cultura y sostenerla con amor, tiempo y recursos propios.\u201d<\/p><p>Ciego destaca que con este esfuerzo \u201cse apost\u00f3 por nuestra historia, por nuestra memoria y por nuestra identidad gar\u00edfuna, aun cuando los caminos eran inciertos\u201d. El resultado es un legado f\u00edlmico que, en palabras de su coautor, \u201clleva impresa la huella del compromiso y la pasi\u00f3n por la cultura gar\u00edfuna\u201d.<\/p>\t\t\t\t\t\t\t\t<\/div>\n\t\t\t\t\t<\/div>\n\t\t\t\t<\/div>\n\t\t<div data-particle_enable=\"false\" data-particle-mobile-disabled=\"false\" class=\"elementor-element elementor-element-c7f3a53 e-flex e-con-boxed e-con e-parent\" data-id=\"c7f3a53\" data-element_type=\"container\" data-e-type=\"container\">\n\t\t\t\t\t<div class=\"e-con-inner\">\n\t\t\t\t<div class=\"elementor-element elementor-element-2ccfd9a elementor-widget elementor-widget-html\" data-id=\"2ccfd9a\" data-element_type=\"widget\" data-e-type=\"widget\" data-widget_type=\"html.default\">\n\t\t\t\t\t<iframe width=\"560\" height=\"415\" src=\"https:\/\/www.youtube.com\/embed\/ayA09Vb6438?si=sK6VeLzHNm5iRXgR\" title=\"YouTube video player\" frameborder=\"0\" allow=\"accelerometer; autoplay; clipboard-write; encrypted-media; gyroscope; picture-in-picture; web-share\" referrerpolicy=\"strict-origin-when-cross-origin\" allowfullscreen><\/iframe>\t\t\t\t<\/div>\n\t\t\t\t\t<\/div>\n\t\t\t\t<\/div>\n\t\t<div data-particle_enable=\"false\" data-particle-mobile-disabled=\"false\" class=\"elementor-element elementor-element-2cdff32 e-flex e-con-boxed e-con e-parent\" data-id=\"2cdff32\" data-element_type=\"container\" data-e-type=\"container\">\n\t\t\t\t\t<div class=\"e-con-inner\">\n\t\t\t\t<div class=\"elementor-element elementor-element-940ba94 elementor-widget elementor-widget-text-editor\" data-id=\"940ba94\" data-element_type=\"widget\" data-e-type=\"widget\" data-widget_type=\"text-editor.default\">\n\t\t\t\t\t\t\t\t\t<p>Por su parte, <a href=\"https:\/\/soymigrante.com\/revista\/asi-cambio-de-pies-a-cabeza-el-sueno-de-gilroy-alvarez\/\">Gilroy \u00c1lvarez, quien se desempe\u00f1a como asesor financiero,<\/a>\u00a0ha invitado al p\u00fablico a ver el documental no solo como una obra informativa, sino como un punto de encuentro con la identidad caribe\u00f1a y afrodescendiente de Guatemala. \u201cQueremos que la gente conozca nuestras ra\u00edces, nuestra m\u00fasica, nuestra gastronom\u00eda y nuestras danzas. Que sepan que el pueblo <a href=\"https:\/\/soymigrante.com\/revista\/pueblo-garinagu-garifuna-lleva-mas-de-dos-siglos-en-guatemala\/\">gar\u00edfuna<\/a> vive, canta, cocina y resiste en Livingston, en Belice, en Honduras\u2026 y tambi\u00e9n en Nueva York.\u201d<\/p><p>Con esta producci\u00f3n, los realizadores reafirman que la migraci\u00f3n no es ruptura, sino continuidad: una forma de extender la memoria hacia nuevas geograf\u00edas. \u201c<a href=\"https:\/\/www.youtube.com\/watch?v=ayA09Vb6438&amp;list=PLokPRfgoGVJTGmGaXg0sMyJDOPi3QZ6rf&amp;index=1&amp;t=1124s\">Yurumein\u201d no solo recupera la historia<\/a> de un pueblo que fue desplazado, sino que demuestra que, pese a los siglos y las fronteras, la identidad gar\u00edfuna sigue viva \u2014en el tambor, en la palabra y en la imagen.<\/p><p><a href=\"https:\/\/www.youtube.com\/watch?v=ayA09Vb6438&amp;list=PLokPRfgoGVJTGmGaXg0sMyJDOPi3QZ6rf&amp;index=1&amp;t=1124s\">El documental Yurumein<\/a> es una obra necesaria que relata la experiencia gar\u00edfuna con ojos de <a href=\"https:\/\/soymigrante.com\/revista\/pueblo-garinagu-garifuna-lleva-mas-de-dos-siglos-en-guatemala\/\">gar\u00edfuna<\/a>: una memoria encendida que conecta pasado y presente para proyectarlo al futuro.<\/p>\t\t\t\t\t\t\t\t<\/div>\n\t\t\t\t\t<\/div>\n\t\t\t\t<\/div>\n\t\t<div data-particle_enable=\"false\" data-particle-mobile-disabled=\"false\" class=\"elementor-element elementor-element-443a939 e-flex e-con-boxed e-con e-parent\" data-id=\"443a939\" data-element_type=\"container\" data-e-type=\"container\">\n\t\t\t\t\t<div class=\"e-con-inner\">\n\t\t\t\t<div class=\"elementor-element elementor-element-61b59fe elementor-widget elementor-widget-image-gallery\" data-id=\"61b59fe\" data-element_type=\"widget\" data-e-type=\"widget\" data-widget_type=\"image-gallery.default\">\n\t\t\t\t\t\t\t<div class=\"elementor-image-gallery\">\n\t\t\t<div id='gallery-35' class='gallery galleryid-48123 gallery-columns-1 gallery-size-large'><figure class='gallery-item'>\n\t\t\t<div class='gallery-icon landscape'>\n\t\t\t\t<a data-elementor-open-lightbox=\"yes\" data-elementor-lightbox-slideshow=\"61b59fe\" data-elementor-lightbox-title=\"Seg\u00fan el relato hist\u00f3rico, el 24 de noviembre de 1802 llegaron los primeros gar\u00edfunas a La Buga, nombre tradicional de L\u00edvingston, Izabal.\" data-elementor-lightbox-description=\"Seg\u00fan el relato hist\u00f3rico, el 24 de noviembre de 1802 llegaron los primeros gar\u00edfunas a La Buga, nombre tradicional de L\u00edvingston, Izabal.\" data-e-action-hash=\"#elementor-action%3Aaction%3Dlightbox%26settings%3DeyJpZCI6NDgxMzMsInVybCI6Imh0dHBzOlwvXC9zb3ltaWdyYW50ZS5jb21cL3JldmlzdGFcL3dwLWNvbnRlbnRcL3VwbG9hZHNcLzIwMjVcLzExXC95dXJ1bWVpbi1wdWVibG8tZ2FyaWZ1bmEtZG9jdW1lbnRhbC1ueS0yLmpwZyIsInNsaWRlc2hvdyI6IjYxYjU5ZmUifQ%3D%3D\" href='https:\/\/soymigrante.com\/revista\/wp-content\/uploads\/2025\/11\/yurumein-pueblo-garifuna-documental-ny-2.jpg'><img decoding=\"async\" width=\"1140\" height=\"761\" src=\"https:\/\/soymigrante.com\/revista\/wp-content\/uploads\/2025\/11\/yurumein-pueblo-garifuna-documental-ny-2-1140x761.jpg\" class=\"attachment-large size-large\" alt=\"Seg\u00fan el relato hist\u00f3rico, el 24 de noviembre de 1802 llegaron los primeros gar\u00edfunas a La Buga, nombre tradicional de L\u00edvingston, Izabal.\" aria-describedby=\"gallery-35-48133\" srcset=\"https:\/\/soymigrante.com\/revista\/wp-content\/uploads\/2025\/11\/yurumein-pueblo-garifuna-documental-ny-2-1140x761.jpg 1140w, https:\/\/soymigrante.com\/revista\/wp-content\/uploads\/2025\/11\/yurumein-pueblo-garifuna-documental-ny-2-300x200.jpg 300w, https:\/\/soymigrante.com\/revista\/wp-content\/uploads\/2025\/11\/yurumein-pueblo-garifuna-documental-ny-2-768x513.jpg 768w, https:\/\/soymigrante.com\/revista\/wp-content\/uploads\/2025\/11\/yurumein-pueblo-garifuna-documental-ny-2-1536x1026.jpg 1536w, https:\/\/soymigrante.com\/revista\/wp-content\/uploads\/2025\/11\/yurumein-pueblo-garifuna-documental-ny-2-750x501.jpg 750w, https:\/\/soymigrante.com\/revista\/wp-content\/uploads\/2025\/11\/yurumein-pueblo-garifuna-documental-ny-2.jpg 2048w\" sizes=\"(max-width: 1140px) 100vw, 1140px\" title=\"Seg\u00fan el relato hist\u00f3rico, el 24 de noviembre de 1802 llegaron los primeros gar\u00edfunas a La Buga, nombre tradicional de L\u00edvingston, Izabal. \u2013 SoyMigrante.com REVISTA\" \/><\/a>\n\t\t\t<\/div>\n\t\t\t\t<figcaption class='wp-caption-text gallery-caption' id='gallery-35-48133'>\n\t\t\t\tSeg\u00fan el relato hist\u00f3rico, el 24 de noviembre de 1802 llegaron los primeros gar\u00edfunas a La Buga, nombre tradicional de L\u00edvingston, Izabal.\n\t\t\t\t<\/figcaption><\/figure><figure class='gallery-item'>\n\t\t\t<div class='gallery-icon landscape'>\n\t\t\t\t<a data-elementor-open-lightbox=\"yes\" data-elementor-lightbox-slideshow=\"61b59fe\" data-elementor-lightbox-title=\"El documental Yurumein recopila la alegr\u00eda que reina en L\u00edvingston durante la fiesta anual de Yurumein\" data-elementor-lightbox-description=\"El documental Yurumein recopila la alegr\u00eda que reina en L\u00edvingston durante la fiesta anual de Yurumein\" data-e-action-hash=\"#elementor-action%3Aaction%3Dlightbox%26settings%3DeyJpZCI6NDgxMzQsInVybCI6Imh0dHBzOlwvXC9zb3ltaWdyYW50ZS5jb21cL3JldmlzdGFcL3dwLWNvbnRlbnRcL3VwbG9hZHNcLzIwMjVcLzExXC95dXJ1bWVpbi1wdWVibG8tZ2FyaWZ1bmEtZG9jdW1lbnRhbC1ueS0zLmpwZyIsInNsaWRlc2hvdyI6IjYxYjU5ZmUifQ%3D%3D\" href='https:\/\/soymigrante.com\/revista\/wp-content\/uploads\/2025\/11\/yurumein-pueblo-garifuna-documental-ny-3.jpg'><img loading=\"lazy\" decoding=\"async\" width=\"1140\" height=\"761\" src=\"https:\/\/soymigrante.com\/revista\/wp-content\/uploads\/2025\/11\/yurumein-pueblo-garifuna-documental-ny-3-1140x761.jpg\" class=\"attachment-large size-large\" alt=\"El documental Yurumein recopila la alegr\u00eda que reina en L\u00edvingston durante la fiesta anual de Yurumein\" aria-describedby=\"gallery-35-48134\" srcset=\"https:\/\/soymigrante.com\/revista\/wp-content\/uploads\/2025\/11\/yurumein-pueblo-garifuna-documental-ny-3-1140x761.jpg 1140w, https:\/\/soymigrante.com\/revista\/wp-content\/uploads\/2025\/11\/yurumein-pueblo-garifuna-documental-ny-3-300x200.jpg 300w, https:\/\/soymigrante.com\/revista\/wp-content\/uploads\/2025\/11\/yurumein-pueblo-garifuna-documental-ny-3-768x513.jpg 768w, https:\/\/soymigrante.com\/revista\/wp-content\/uploads\/2025\/11\/yurumein-pueblo-garifuna-documental-ny-3-1536x1026.jpg 1536w, https:\/\/soymigrante.com\/revista\/wp-content\/uploads\/2025\/11\/yurumein-pueblo-garifuna-documental-ny-3-750x501.jpg 750w, https:\/\/soymigrante.com\/revista\/wp-content\/uploads\/2025\/11\/yurumein-pueblo-garifuna-documental-ny-3.jpg 2048w\" sizes=\"(max-width: 1140px) 100vw, 1140px\" title=\"El documental Yurumein recopila la alegr\u00eda que reina en L\u00edvingston durante la fiesta anual de Yurumein \u2013 SoyMigrante.com REVISTA\" \/><\/a>\n\t\t\t<\/div>\n\t\t\t\t<figcaption class='wp-caption-text gallery-caption' id='gallery-35-48134'>\n\t\t\t\tEl documental Yurumein recopila la alegr\u00eda que reina en L\u00edvingston durante la fiesta anual de Yurumein\n\t\t\t\t<\/figcaption><\/figure><figure class='gallery-item'>\n\t\t\t<div class='gallery-icon landscape'>\n\t\t\t\t<a data-elementor-open-lightbox=\"yes\" data-elementor-lightbox-slideshow=\"61b59fe\" data-elementor-lightbox-title=\"Los dos amigos y empresarios gar\u00edfunas guatemaltecos en Nueva York, Arnold Ciego y Gilroy \u00c1lvarez se unieron para homenajear a su cultura.\" data-elementor-lightbox-description=\"Los dos amigos y empresarios gar\u00edfunas guatemaltecos en Nueva York, Arnold Ciego y Gilroy \u00c1lvarez se unieron para homenajear a su cultura.\" data-e-action-hash=\"#elementor-action%3Aaction%3Dlightbox%26settings%3DeyJpZCI6NDgxMzUsInVybCI6Imh0dHBzOlwvXC9zb3ltaWdyYW50ZS5jb21cL3JldmlzdGFcL3dwLWNvbnRlbnRcL3VwbG9hZHNcLzIwMjVcLzExXC95dXJ1bWVpbi1wdWVibG8tZ2FyaWZ1bmEtZG9jdW1lbnRhbC1ueS01LmpwZyIsInNsaWRlc2hvdyI6IjYxYjU5ZmUifQ%3D%3D\" href='https:\/\/soymigrante.com\/revista\/wp-content\/uploads\/2025\/11\/yurumein-pueblo-garifuna-documental-ny-5.jpg'><img loading=\"lazy\" decoding=\"async\" width=\"1140\" height=\"752\" src=\"https:\/\/soymigrante.com\/revista\/wp-content\/uploads\/2025\/11\/yurumein-pueblo-garifuna-documental-ny-5-1140x752.jpg\" class=\"attachment-large size-large\" alt=\"Los dos amigos y empresarios gar\u00edfunas guatemaltecos en Nueva York, Arnold Ciego y Gilroy \u00c1lvarez se unieron para homenajear a su cultura.\" aria-describedby=\"gallery-35-48135\" srcset=\"https:\/\/soymigrante.com\/revista\/wp-content\/uploads\/2025\/11\/yurumein-pueblo-garifuna-documental-ny-5-1140x752.jpg 1140w, https:\/\/soymigrante.com\/revista\/wp-content\/uploads\/2025\/11\/yurumein-pueblo-garifuna-documental-ny-5-300x198.jpg 300w, https:\/\/soymigrante.com\/revista\/wp-content\/uploads\/2025\/11\/yurumein-pueblo-garifuna-documental-ny-5-768x507.jpg 768w, https:\/\/soymigrante.com\/revista\/wp-content\/uploads\/2025\/11\/yurumein-pueblo-garifuna-documental-ny-5-750x495.jpg 750w, https:\/\/soymigrante.com\/revista\/wp-content\/uploads\/2025\/11\/yurumein-pueblo-garifuna-documental-ny-5.jpg 1284w\" sizes=\"(max-width: 1140px) 100vw, 1140px\" title=\"Los dos amigos y empresarios gar\u00edfunas guatemaltecos en Nueva York, Arnold Ciego y Gilroy \u00c1lvarez se unieron para homenajear a su cultura. \u2013 SoyMigrante.com REVISTA\" \/><\/a>\n\t\t\t<\/div>\n\t\t\t\t<figcaption class='wp-caption-text gallery-caption' id='gallery-35-48135'>\n\t\t\t\tLos dos amigos y empresarios gar\u00edfunas guatemaltecos en Nueva York, Arnold Ciego y Gilroy \u00c1lvarez se unieron para homenajear a su cultura.\n\t\t\t\t<\/figcaption><\/figure><figure class='gallery-item'>\n\t\t\t<div class='gallery-icon landscape'>\n\t\t\t\t<a data-elementor-open-lightbox=\"yes\" data-elementor-lightbox-slideshow=\"61b59fe\" data-elementor-lightbox-title=\"Entrevistas con l\u00edderes, pobladores, artesanos y artistas de L\u00edvingston le dan el alma al documental Yurumein\" data-elementor-lightbox-description=\"Entrevistas con l\u00edderes, pobladores, artesanos y artistas de L\u00edvingston le dan el alma al documental Yurumein\" data-e-action-hash=\"#elementor-action%3Aaction%3Dlightbox%26settings%3DeyJpZCI6NDgxMzcsInVybCI6Imh0dHBzOlwvXC9zb3ltaWdyYW50ZS5jb21cL3JldmlzdGFcL3dwLWNvbnRlbnRcL3VwbG9hZHNcLzIwMjVcLzExXC95dXJ1bWVpbi1wdWVibG8tZ2FyaWZ1bmEtZG9jdW1lbnRhbC1ueS04LmpwZyIsInNsaWRlc2hvdyI6IjYxYjU5ZmUifQ%3D%3D\" href='https:\/\/soymigrante.com\/revista\/wp-content\/uploads\/2025\/11\/yurumein-pueblo-garifuna-documental-ny-8.jpg'><img loading=\"lazy\" decoding=\"async\" width=\"1140\" height=\"632\" src=\"https:\/\/soymigrante.com\/revista\/wp-content\/uploads\/2025\/11\/yurumein-pueblo-garifuna-documental-ny-8-1140x632.jpg\" class=\"attachment-large size-large\" alt=\"Entrevistas con l\u00edderes, pobladores, artesanos y artistas de L\u00edvingston le dan el alma al documental Yurumein\" aria-describedby=\"gallery-35-48137\" srcset=\"https:\/\/soymigrante.com\/revista\/wp-content\/uploads\/2025\/11\/yurumein-pueblo-garifuna-documental-ny-8-1140x632.jpg 1140w, https:\/\/soymigrante.com\/revista\/wp-content\/uploads\/2025\/11\/yurumein-pueblo-garifuna-documental-ny-8-300x166.jpg 300w, https:\/\/soymigrante.com\/revista\/wp-content\/uploads\/2025\/11\/yurumein-pueblo-garifuna-documental-ny-8-768x426.jpg 768w, https:\/\/soymigrante.com\/revista\/wp-content\/uploads\/2025\/11\/yurumein-pueblo-garifuna-documental-ny-8-750x416.jpg 750w, https:\/\/soymigrante.com\/revista\/wp-content\/uploads\/2025\/11\/yurumein-pueblo-garifuna-documental-ny-8.jpg 1284w\" sizes=\"(max-width: 1140px) 100vw, 1140px\" title=\"Entrevistas con l\u00edderes, pobladores, artesanos y artistas de L\u00edvingston le dan el alma al documental Yurumein \u2013 SoyMigrante.com REVISTA\" \/><\/a>\n\t\t\t<\/div>\n\t\t\t\t<figcaption class='wp-caption-text gallery-caption' id='gallery-35-48137'>\n\t\t\t\tEntrevistas con l\u00edderes, pobladores, artesanos y artistas de L\u00edvingston le dan el alma al documental Yurumein\n\t\t\t\t<\/figcaption><\/figure>\n\t\t<\/div>\n\t\t<\/div>\n\t\t\t\t\t\t<\/div>\n\t\t\t\t\t<\/div>\n\t\t\t\t<\/div>\n\t\t<div data-particle_enable=\"false\" data-particle-mobile-disabled=\"false\" class=\"elementor-element elementor-element-b1a3ef3 e-flex e-con-boxed e-con e-parent\" data-id=\"b1a3ef3\" data-element_type=\"container\" data-e-type=\"container\">\n\t\t\t\t\t<div class=\"e-con-inner\">\n\t\t\t\t<div class=\"elementor-element elementor-element-b606294 elementor-widget elementor-widget-heading\" data-id=\"b606294\" data-element_type=\"widget\" data-e-type=\"widget\" data-widget_type=\"heading.default\">\n\t\t\t\t\t<h2 class=\"elementor-heading-title elementor-size-default\">Conoce m\u00e1s aqu\u00ed<\/h2>\t\t\t\t<\/div>\n\t\t\t\t\t<\/div>\n\t\t\t\t<\/div>\n\t\t<div data-particle_enable=\"false\" data-particle-mobile-disabled=\"false\" class=\"elementor-element elementor-element-c816c88 e-flex e-con-boxed e-con e-parent\" data-id=\"c816c88\" data-element_type=\"container\" data-e-type=\"container\">\n\t\t\t\t\t<div class=\"e-con-inner\">\n\t\t\t\t<div class=\"elementor-element elementor-element-3201cc0 elementor-grid-eael-col-3 elementor-grid-tablet-eael-col-2 elementor-grid-mobile-eael-col-1 elementor-widget elementor-widget-eael-post-grid\" data-id=\"3201cc0\" data-element_type=\"widget\" data-e-type=\"widget\" data-settings=\"{&quot;eael_post_grid_columns&quot;:&quot;eael-col-3&quot;,&quot;eael_post_grid_columns_tablet&quot;:&quot;eael-col-2&quot;,&quot;eael_post_grid_columns_mobile&quot;:&quot;eael-col-1&quot;}\" data-widget_type=\"eael-post-grid.default\">\n\t\t\t\t\t<div id=\"eael-post-grid-3201cc0\" class=\"eael-post-grid-container\">\n            <div class=\"eael-post-grid eael-post-appender eael-post-appender-3201cc0 eael-post-grid-style-one\" data-layout-mode=\"masonry\"><article class=\"eael-grid-post  eael-post-grid-column eael-pg-post-13242 category-guate-nuestra\" data-id=\"13242\">\n        <div class=\"eael-grid-post-holder\">\n            <div class=\"eael-grid-post-holder-inner\"><div class=\"eael-entry-media\"><div class=\"eael-entry-overlay fade-in\"><i class=\"far fa-hand-pointer\" aria-hidden=\"true\"><\/i><a href=\"https:\/\/soymigrante.com\/revista\/el-26-de-noviembre-se-celebra-el-dia-de-los-garifunas-en-guatemala-para-honrar-su-dignidad-y-resiliencia\/\"><\/a><\/div><div class=\"eael-entry-thumbnail eael-image-ratio\">\n                <img loading=\"lazy\" decoding=\"async\" width=\"718\" height=\"718\" src=\"https:\/\/soymigrante.com\/revista\/wp-content\/uploads\/2024\/11\/Garifunas-e1731614396193.webp\" class=\"attachment-large size-large wp-image-13244\" alt=\"Vibrante celebraci\u00f3n cultural con artistas tocando tambores y bailando en una festividad tradicional africana, destacando la m\u00fasica, el baile y las vestimentas coloridas.\" srcset=\"https:\/\/soymigrante.com\/revista\/wp-content\/uploads\/2024\/11\/Garifunas-e1731614396193.webp 718w, https:\/\/soymigrante.com\/revista\/wp-content\/uploads\/2024\/11\/Garifunas-e1731614396193-300x300.jpeg 300w, https:\/\/soymigrante.com\/revista\/wp-content\/uploads\/2024\/11\/Garifunas-e1731614396193-150x150.jpeg 150w, https:\/\/soymigrante.com\/revista\/wp-content\/uploads\/2024\/11\/Garifunas-e1731614396193-75x75.webp 75w\" sizes=\"(max-width: 718px) 100vw, 718px\" \/>\n            <\/div>\n        <\/div><div class=\"eael-entry-wrapper\"><header class=\"eael-entry-header\"><h2 class=\"eael-entry-title\"><a class=\"eael-grid-post-link\" href=\"https:\/\/soymigrante.com\/revista\/el-26-de-noviembre-se-celebra-el-dia-de-los-garifunas-en-guatemala-para-honrar-su-dignidad-y-resiliencia\/\" title=\"El 26 de noviembre se celebra el d\u00eda de los gar\u00edfunas en Guatemala para honrar su dignidad y resiliencia\">El 26 de noviembre se celebra el d\u00eda de los gar\u00edfunas en Guatemala para honrar su dignidad y resiliencia<\/a><\/h2><\/header><div class=\"eael-entry-content\">\n                        <div class=\"eael-grid-post-excerpt\"><a href=\"https:\/\/soymigrante.com\/revista\/el-26-de-noviembre-se-celebra-el-dia-de-los-garifunas-en-guatemala-para-honrar-su-dignidad-y-resiliencia\/\" class=\"eael-post-elements-readmore-btn\">CONOCE SU HISTORIA <\/a><\/div>\n                    <\/div><\/div><\/div>\n        <\/div>\n    <\/article><article class=\"eael-grid-post  eael-post-grid-column eael-pg-post-8709 category-pueblos-de-guatemala\" data-id=\"8709\">\n        <div class=\"eael-grid-post-holder\">\n            <div class=\"eael-grid-post-holder-inner\"><div class=\"eael-entry-media\"><div class=\"eael-entry-overlay fade-in\"><i class=\"far fa-hand-pointer\" aria-hidden=\"true\"><\/i><a href=\"https:\/\/soymigrante.com\/revista\/pueblo-garinagu-garifuna-lleva-mas-de-dos-siglos-en-guatemala\/\"><\/a><\/div><div class=\"eael-entry-thumbnail eael-image-ratio\">\n                <img loading=\"lazy\" decoding=\"async\" width=\"664\" height=\"664\" src=\"https:\/\/soymigrante.com\/revista\/wp-content\/uploads\/2024\/09\/garifuna-garinagu.webp\" class=\"attachment-large size-large wp-image-8710\" alt=\"Trabajador migrante en manifestaci\u00f3n, derechos laborales, emigrantes, igualdad social, protesta migrante.\" srcset=\"https:\/\/soymigrante.com\/revista\/wp-content\/uploads\/2024\/09\/garifuna-garinagu.webp 664w, https:\/\/soymigrante.com\/revista\/wp-content\/uploads\/2024\/09\/garifuna-garinagu-300x300.webp 300w, https:\/\/soymigrante.com\/revista\/wp-content\/uploads\/2024\/09\/garifuna-garinagu-150x150.webp 150w, https:\/\/soymigrante.com\/revista\/wp-content\/uploads\/2024\/09\/garifuna-garinagu-75x75.webp 75w\" sizes=\"(max-width: 664px) 100vw, 664px\" \/>\n            <\/div>\n        <\/div><div class=\"eael-entry-wrapper\"><header class=\"eael-entry-header\"><h2 class=\"eael-entry-title\"><a class=\"eael-grid-post-link\" href=\"https:\/\/soymigrante.com\/revista\/pueblo-garinagu-garifuna-lleva-mas-de-dos-siglos-en-guatemala\/\" title=\"Pueblo Gar\u00ednagu (Gar\u00edfuna) lleva m\u00e1s de 200 a\u00f1os en Guatemala y el 26 noviembre es su d\u00eda\">Pueblo Gar\u00ednagu (Gar\u00edfuna) lleva m\u00e1s de 200 a\u00f1os en Guatemala y el 26 noviembre es su d\u00eda<\/a><\/h2><\/header><div class=\"eael-entry-content\">\n                        <div class=\"eael-grid-post-excerpt\"><a href=\"https:\/\/soymigrante.com\/revista\/pueblo-garinagu-garifuna-lleva-mas-de-dos-siglos-en-guatemala\/\" class=\"eael-post-elements-readmore-btn\">CONOCE SU HISTORIA <\/a><\/div>\n                    <\/div><\/div><\/div>\n        <\/div>\n    <\/article><article class=\"eael-grid-post  eael-post-grid-column eael-pg-post-2581 category-guate-nuestra tags-danzas-de-guatemala\" data-id=\"2581\">\n        <div class=\"eael-grid-post-holder\">\n            <div class=\"eael-grid-post-holder-inner\"><div class=\"eael-entry-media\"><div class=\"eael-entry-overlay fade-in\"><i class=\"far fa-hand-pointer\" aria-hidden=\"true\"><\/i><a href=\"https:\/\/soymigrante.com\/revista\/guatemala-danza-yancunu-es-un-baile-garifuna-que-evoca-a-un-pueblo-migrante-en-lucha-por-su-libertad\/\"><\/a><\/div><div class=\"eael-entry-thumbnail eael-image-ratio\">\n                <img loading=\"lazy\" decoding=\"async\" width=\"960\" height=\"540\" src=\"https:\/\/soymigrante.com\/revista\/wp-content\/uploads\/2023\/09\/yancunu-en-el-bronx-2020.jpg\" class=\"attachment-large size-large wp-image-2583\" alt=\"Baile de Yancun\u00fa o Wuaranagu\u00e1, en un parque de el barrio de el Bronx, Nueva York, efectuado en 2020.\" srcset=\"https:\/\/soymigrante.com\/revista\/wp-content\/uploads\/2023\/09\/yancunu-en-el-bronx-2020.jpg 960w, https:\/\/soymigrante.com\/revista\/wp-content\/uploads\/2023\/09\/yancunu-en-el-bronx-2020-300x169.webp 300w, https:\/\/soymigrante.com\/revista\/wp-content\/uploads\/2023\/09\/yancunu-en-el-bronx-2020-768x432.webp 768w, https:\/\/soymigrante.com\/revista\/wp-content\/uploads\/2023\/09\/yancunu-en-el-bronx-2020-750x422.webp 750w\" sizes=\"(max-width: 960px) 100vw, 960px\" \/>\n            <\/div>\n        <\/div><div class=\"eael-entry-wrapper\"><header class=\"eael-entry-header\"><h2 class=\"eael-entry-title\"><a class=\"eael-grid-post-link\" href=\"https:\/\/soymigrante.com\/revista\/guatemala-danza-yancunu-es-un-baile-garifuna-que-evoca-a-un-pueblo-migrante-en-lucha-por-su-libertad\/\" title=\"Danzas de Guatemala: Yancun\u00fa es un baile gar\u00edfuna para expresar libertad\">Danzas de Guatemala: Yancun\u00fa es un baile gar\u00edfuna para expresar libertad<\/a><\/h2><\/header><div class=\"eael-entry-content\">\n                        <div class=\"eael-grid-post-excerpt\"><a href=\"https:\/\/soymigrante.com\/revista\/guatemala-danza-yancunu-es-un-baile-garifuna-que-evoca-a-un-pueblo-migrante-en-lucha-por-su-libertad\/\" class=\"eael-post-elements-readmore-btn\">CONOCE SU HISTORIA <\/a><\/div>\n                    <\/div><\/div><\/div>\n        <\/div>\n    <\/article><\/div>\n            <div class=\"clearfix\"><\/div>\n        <\/div>\t\t\t\t<\/div>\n\t\t\t\t\t<\/div>\n\t\t\t\t<\/div>\n\t\t\t\t<\/div>\n\t\t","protected":false},"excerpt":{"rendered":"<p>Dos migrantes guatemaltecos gar\u00edfunas que nunca olvidan sus ra\u00edces, impulsaron la producci\u00f3n del documental Yurumein de 2024 en L\u00edvingston, Izabal, el cual se estren\u00f3 en este 2025: un testimonio de amor a su tierra e identidad. Dos amigos gar\u00edfunas guatemaltecos, migrantes, Arnold Ciego y Gilroy \u00c1lvarez,&nbsp;miembros de la asociaci\u00f3n Hijos de L\u00edvingston en Nueva York, [&hellip;]<\/p>\n","protected":false},"author":1,"featured_media":48125,"comment_status":"open","ping_status":"open","sticky":false,"template":"","format":"standard","meta":{"_acf_changed":false,"_eb_attr":"","footnotes":""},"categories":[54],"tags":[],"class_list":["post-48123","post","type-post","status-publish","format-standard","has-post-thumbnail","hentry","category-estamos-unidos"],"acf":[],"aioseo_notices":[],"aioseo_head":"\n\t\t<!-- All in One SEO Pro 4.9.6.2 - aioseo.com -->\n\t<meta name=\"description\" content=\"La cultura de Guatemala integra cuatro grandes pueblos: ladinos, mayas, xincas y gar\u00edfunas. Los afrodescendientes habitan en L\u00edvingston, Izabal, de donde han migrado a todo el pa\u00eds y a Estados Unidos. Yancun\u00fa es una danza de batalla que evoca su esp\u00edritu libre. Con dignidad se conmemora una llegada y un anhelo de libertad a trav\u00e9s La etnia gar\u00edfuna celebra cada 26 de noviembre con esta danza la llegada a L\u00edvingston, Guatemala y otras localidades del caribe centroamericano.\" \/>\n\t<meta name=\"robots\" content=\"max-snippet:-1, max-image-preview:large, max-video-preview:-1\" \/>\n\t<meta name=\"author\" content=\"SoyMigrante.com REVISTA\"\/>\n\t<link rel=\"canonical\" href=\"https:\/\/soymigrante.com\/revista\/garifunas-en-ny-lanzan-documental-yurumein-filmado-en-livingston-izabal\/\" \/>\n\t<meta name=\"generator\" content=\"All in One SEO Pro (AIOSEO) 4.9.6.2\" \/>\n\n\t\t<link rel=\"preconnect\" href=\"https:\/\/fonts.googleapis.com\" crossorigin>\n<link rel=\"preconnect\" href=\"https:\/\/fonts.gstatic.com\" crossorigin>\n\t\t<meta property=\"og:locale\" content=\"es_ES\" \/>\n\t\t<meta property=\"og:site_name\" content=\"SoyMigrante.com REVISTA \u2013 Nuestra misi\u00f3n es reconocer y dignificar al migrante.\" \/>\n\t\t<meta property=\"og:type\" content=\"article\" \/>\n\t\t<meta property=\"og:title\" content=\"Gar\u00edfunas en NY impulsan hist\u00f3rico documental Yurumein\" \/>\n\t\t<meta property=\"og:description\" content=\"Documental Yurumein, impulsado por Hijos de L\u00edvingston en New York, registra fiesta de 223 a\u00f1os del pueblo gar\u00edfuna. Entrevistas, bailes y tradici\u00f3n\" \/>\n\t\t<meta property=\"og:url\" content=\"https:\/\/soymigrante.com\/revista\/garifunas-en-ny-lanzan-documental-yurumein-filmado-en-livingston-izabal\/\" \/>\n\t\t<meta property=\"og:image\" content=\"https:\/\/soymigrante.com\/revista\/wp-content\/uploads\/2025\/11\/yurumein-fiesta-garifuna.png\" \/>\n\t\t<meta property=\"og:image:secure_url\" content=\"https:\/\/soymigrante.com\/revista\/wp-content\/uploads\/2025\/11\/yurumein-fiesta-garifuna.png\" \/>\n\t\t<meta property=\"og:image:width\" content=\"1332\" \/>\n\t\t<meta property=\"og:image:height\" content=\"581\" \/>\n\t\t<meta property=\"article:published_time\" content=\"2025-11-04T13:02:06+00:00\" \/>\n\t\t<meta property=\"article:modified_time\" content=\"2025-12-30T17:31:55+00:00\" \/>\n\t\t<meta property=\"article:publisher\" content=\"https:\/\/www.facebook.com\/soymigrantecom\" \/>\n\t\t<meta name=\"twitter:card\" content=\"summary_large_image\" \/>\n\t\t<meta name=\"twitter:site\" content=\"@SoyMigrante_com\" \/>\n\t\t<meta name=\"twitter:title\" content=\"Gar\u00edfunas en NY impulsan hist\u00f3rico documental Yurumein\" \/>\n\t\t<meta name=\"twitter:description\" content=\"Documental Yurumein, impulsado por Hijos de L\u00edvingston en New York, registra fiesta de 223 a\u00f1os del pueblo gar\u00edfuna. Entrevistas, bailes y tradici\u00f3n\" \/>\n\t\t<meta name=\"twitter:creator\" content=\"@SoyMigrante_com\" \/>\n\t\t<meta name=\"twitter:image\" content=\"https:\/\/soymigrante.com\/revista\/wp-content\/uploads\/2025\/11\/yurumein-fiesta-garifuna.png\" \/>\n\t\t<!-- All in One SEO Pro -->\r\n\t\t<title>Gar\u00edfunas en NY impulsan hist\u00f3rico documental Yurumein<\/title>\n\n","aioseo_head_json":{"title":"Gar\u00edfunas en NY impulsan hist\u00f3rico documental Yurumein","description":"Documental Yurumein, impulsado por Hijos de L\u00edvingston en New York, registra fiesta de 223 a\u00f1os del pueblo gar\u00edfuna. Entrevistas, bailes y tradici\u00f3n","canonical_url":"https:\/\/soymigrante.com\/revista\/garifunas-en-ny-lanzan-documental-yurumein-filmado-en-livingston-izabal\/","robots":"max-snippet:-1, max-image-preview:large, max-video-preview:-1","keywords":"","webmasterTools":{"miscellaneous":"&lt;link rel=\"preconnect\" href=\"https:\/\/fonts.googleapis.com\" crossorigin&gt;\n&lt;link rel=\"preconnect\" href=\"https:\/\/fonts.gstatic.com\" crossorigin&gt;"},"schema":null,"og:locale":"es_ES","og:site_name":"SoyMigrante.com REVISTA \u2013 Nuestra misi\u00f3n es reconocer y dignificar al migrante.","og:type":"article","og:title":"Gar\u00edfunas en NY impulsan hist\u00f3rico documental Yurumein","og:description":"Documental Yurumein, impulsado por Hijos de L\u00edvingston en New York, registra fiesta de 223 a\u00f1os del pueblo gar\u00edfuna. Entrevistas, bailes y tradici\u00f3n","og:url":"https:\/\/soymigrante.com\/revista\/garifunas-en-ny-lanzan-documental-yurumein-filmado-en-livingston-izabal\/","og:image":"https:\/\/soymigrante.com\/revista\/wp-content\/uploads\/2025\/11\/yurumein-fiesta-garifuna.png","og:image:secure_url":"https:\/\/soymigrante.com\/revista\/wp-content\/uploads\/2025\/11\/yurumein-fiesta-garifuna.png","og:image:width":1332,"og:image:height":581,"article:published_time":"2025-11-04T13:02:06+00:00","article:modified_time":"2025-12-30T17:31:55+00:00","article:publisher":"https:\/\/www.facebook.com\/soymigrantecom","twitter:card":"summary_large_image","twitter:site":"@SoyMigrante_com","twitter:title":"Gar\u00edfunas en NY impulsan hist\u00f3rico documental Yurumein","twitter:description":"Documental Yurumein, impulsado por Hijos de L\u00edvingston en New York, registra fiesta de 223 a\u00f1os del pueblo gar\u00edfuna. Entrevistas, bailes y tradici\u00f3n","twitter:creator":"@SoyMigrante_com","twitter:image":"https:\/\/soymigrante.com\/revista\/wp-content\/uploads\/2025\/11\/yurumein-fiesta-garifuna.png"},"aioseo_meta_data":{"post_id":"48123","title":"Gar\u00edfunas en NY impulsan hist\u00f3rico documental Yurumein","description":"Documental Yurumein, impulsado por Hijos de L\u00edvingston en New York, registra fiesta de 223 a\u00f1os del pueblo gar\u00edfuna. Entrevistas, bailes y tradici\u00f3n","keywords":null,"keyphrases":{"focus":{"keyphrase":"Gar\u00edfunas","score":82,"analysis":{"keyphraseInTitle":{"score":9,"maxScore":9,"error":0},"keyphraseInDescription":{"score":3,"maxScore":9,"error":1},"keyphraseLength":{"score":9,"maxScore":9,"error":0,"length":2},"keyphraseInURL":{"score":5,"maxScore":5,"error":0},"keyphraseInIntroduction":{"score":9,"maxScore":9,"error":0},"keyphraseInSubHeadings":{"score":3,"maxScore":9,"error":1},"keyphraseInImageAlt":{"score":9,"maxScore":9,"error":0},"keywordDensity":{"type":"best","score":9,"maxScore":9,"error":0}}},"additional":[{"keyphrase":"Yurumein","score":100,"analysis":{"keyphraseInDescription":{"score":9,"maxScore":9,"error":0},"keyphraseLength":{"score":9,"maxScore":9,"error":0,"length":1},"keyphraseInIntroduction":{"score":9,"maxScore":9,"error":0},"keyphraseInImageAlt":{"score":9,"maxScore":9,"error":0},"keywordDensity":{"type":"best","score":9,"maxScore":9,"error":0}}}]},"primary_term":null,"canonical_url":null,"og_title":null,"og_description":null,"og_object_type":"default","og_image_type":"default","og_image_url":null,"og_image_width":null,"og_image_height":null,"og_image_custom_url":null,"og_image_custom_fields":null,"og_video":"","og_custom_url":null,"og_article_section":null,"og_article_tags":null,"twitter_use_og":false,"twitter_card":"default","twitter_image_type":"default","twitter_image_url":null,"twitter_image_custom_url":null,"twitter_image_custom_fields":null,"twitter_title":null,"twitter_description":null,"schema":{"blockGraphs":[],"customGraphs":[],"default":{"data":{"Article":[],"Course":[],"Dataset":[],"FAQPage":[],"Movie":[],"Person":[],"Product":[],"ProductReview":[],"Car":[],"Recipe":[],"Service":[],"SoftwareApplication":[],"WebPage":[]},"graphName":"NewsArticle","isEnabled":true},"graphs":[]},"schema_type":"default","schema_type_options":null,"pillar_content":false,"robots_default":true,"robots_noindex":false,"robots_noarchive":false,"robots_nosnippet":false,"robots_nofollow":false,"robots_noimageindex":false,"robots_noodp":false,"robots_notranslate":false,"robots_max_snippet":"-1","robots_max_videopreview":"-1","robots_max_imagepreview":"large","priority":null,"frequency":"default","local_seo":null,"seo_analyzer_scan_date":"2026-01-05 20:49:09","breadcrumb_settings":null,"limit_modified_date":false,"reviewed_by":"0","open_ai":null,"ai":{"faqs":[],"keyPoints":[],"titles":[],"descriptions":[],"socialPosts":{"email":[],"linkedin":[],"twitter":[],"facebook":[],"instagram":[]}},"created":"2025-11-04 11:38:01","updated":"2026-02-05 06:57:12"},"aioseo_breadcrumb":"<div class=\"aioseo-breadcrumbs\"><span class=\"aioseo-breadcrumb\">\n\t<a href=\"https:\/\/soymigrante.com\/revista\" title=\"Home\">Home<\/a>\n<\/span><span class=\"aioseo-breadcrumb-separator\">\u00bb<\/span><span class=\"aioseo-breadcrumb\">\n\t<a href=\"https:\/\/soymigrante.com\/revista\/category\/estamos-unidos\/\" title=\"Estamos Unidos\">Estamos Unidos<\/a>\n<\/span><span class=\"aioseo-breadcrumb-separator\">\u00bb<\/span><span class=\"aioseo-breadcrumb\">\n\tGar\u00edfunas Arnold Ciego y Gilroy Alvarez en NY lanzan documental Yurumein filmado en L\u00edvingston, Izabal\n<\/span><\/div>","aioseo_breadcrumb_json":[{"label":"Home","link":"https:\/\/soymigrante.com\/revista"},{"label":"Estamos Unidos","link":"https:\/\/soymigrante.com\/revista\/category\/estamos-unidos\/"},{"label":"Gar\u00edfunas Arnold Ciego y Gilroy Alvarez en NY lanzan documental Yurumein filmado en L\u00edvingston, Izabal","link":"https:\/\/soymigrante.com\/revista\/garifunas-en-ny-lanzan-documental-yurumein-filmado-en-livingston-izabal\/"}],"_links":{"self":[{"href":"https:\/\/soymigrante.com\/revista\/wp-json\/wp\/v2\/posts\/48123","targetHints":{"allow":["GET"]}}],"collection":[{"href":"https:\/\/soymigrante.com\/revista\/wp-json\/wp\/v2\/posts"}],"about":[{"href":"https:\/\/soymigrante.com\/revista\/wp-json\/wp\/v2\/types\/post"}],"author":[{"embeddable":true,"href":"https:\/\/soymigrante.com\/revista\/wp-json\/wp\/v2\/users\/1"}],"replies":[{"embeddable":true,"href":"https:\/\/soymigrante.com\/revista\/wp-json\/wp\/v2\/comments?post=48123"}],"version-history":[{"count":11,"href":"https:\/\/soymigrante.com\/revista\/wp-json\/wp\/v2\/posts\/48123\/revisions"}],"predecessor-version":[{"id":50378,"href":"https:\/\/soymigrante.com\/revista\/wp-json\/wp\/v2\/posts\/48123\/revisions\/50378"}],"wp:featuredmedia":[{"embeddable":true,"href":"https:\/\/soymigrante.com\/revista\/wp-json\/wp\/v2\/media\/48125"}],"wp:attachment":[{"href":"https:\/\/soymigrante.com\/revista\/wp-json\/wp\/v2\/media?parent=48123"}],"wp:term":[{"taxonomy":"category","embeddable":true,"href":"https:\/\/soymigrante.com\/revista\/wp-json\/wp\/v2\/categories?post=48123"},{"taxonomy":"post_tag","embeddable":true,"href":"https:\/\/soymigrante.com\/revista\/wp-json\/wp\/v2\/tags?post=48123"}],"curies":[{"name":"wp","href":"https:\/\/api.w.org\/{rel}","templated":true}]}}