{"id":4809,"date":"2024-02-09T15:22:59","date_gmt":"2024-02-09T21:22:59","guid":{"rendered":"https:\/\/soymigrante.com\/revista\/?p=4809"},"modified":"2024-11-01T15:44:23","modified_gmt":"2024-11-01T21:44:23","slug":"migrante-mister-oklahoma-donativo-utiles-escolares-guatemala","status":"publish","type":"post","link":"https:\/\/soymigrante.com\/revista\/migrante-mister-oklahoma-donativo-utiles-escolares-guatemala\/","title":{"rendered":"M\u00edster Oklahoma Brian de Le\u00f3n entrega donativo migrante en Guatemala"},"content":{"rendered":"\t\t<div data-elementor-type=\"wp-post\" data-elementor-id=\"4809\" class=\"elementor elementor-4809\" data-elementor-post-type=\"post\">\n\t\t\t\t\t\t<section data-particle_enable=\"false\" data-particle-mobile-disabled=\"false\" class=\"elementor-section elementor-top-section elementor-element elementor-element-df9bed8 elementor-section-boxed elementor-section-height-default elementor-section-height-default\" data-id=\"df9bed8\" data-element_type=\"section\" data-e-type=\"section\">\n\t\t\t\t\t\t<div class=\"elementor-container elementor-column-gap-default\">\n\t\t\t\t\t<div class=\"elementor-column elementor-col-100 elementor-top-column elementor-element elementor-element-709e008\" data-id=\"709e008\" data-element_type=\"column\" data-e-type=\"column\">\n\t\t\t<div class=\"elementor-widget-wrap elementor-element-populated\">\n\t\t\t\t\t\t<div class=\"elementor-element elementor-element-341c0b2 elementor-widget elementor-widget-heading\" data-id=\"341c0b2\" data-element_type=\"widget\" data-e-type=\"widget\" data-widget_type=\"heading.default\">\n\t\t\t\t\t<h1 class=\"elementor-heading-title elementor-size-default\">Brian De Le\u00f3n promovi\u00f3 el proyecto de donar \u00fatiles escolares a ni\u00f1os de comunidades de Palestina de Los Altos, Quetzaltenango y Comitancillo, San Marcos, Guatemala. Con el respaldo de su familia, amigos y la comunidad migrante, m\u00e1s de 700 ni\u00f1os fueron beneficiados.\n<\/h1>\t\t\t\t<\/div>\n\t\t\t\t\t<\/div>\n\t\t<\/div>\n\t\t\t\t\t<\/div>\n\t\t<\/section>\n\t\t\t\t<section data-particle_enable=\"false\" data-particle-mobile-disabled=\"false\" class=\"elementor-section elementor-top-section elementor-element elementor-element-1111200 elementor-section-boxed elementor-section-height-default elementor-section-height-default\" data-id=\"1111200\" data-element_type=\"section\" data-e-type=\"section\">\n\t\t\t\t\t\t<div class=\"elementor-container elementor-column-gap-default\">\n\t\t\t\t\t<div class=\"elementor-column elementor-col-100 elementor-top-column elementor-element elementor-element-3f2e4aa\" data-id=\"3f2e4aa\" data-element_type=\"column\" data-e-type=\"column\">\n\t\t\t<div class=\"elementor-widget-wrap elementor-element-populated\">\n\t\t\t\t\t\t<div class=\"elementor-element elementor-element-7bb7345 elementor-widget elementor-widget-image\" data-id=\"7bb7345\" data-element_type=\"widget\" data-e-type=\"widget\" data-widget_type=\"image.default\">\n\t\t\t\t\t\t\t\t\t\t\t\t<figure class=\"wp-caption\">\n\t\t\t\t\t\t\t\t\t\t<img fetchpriority=\"high\" decoding=\"async\" width=\"768\" height=\"655\" src=\"https:\/\/soymigrante.com\/revista\/wp-content\/uploads\/2024\/02\/en-palestina-768x655.webp\" class=\"attachment-medium_large size-medium_large wp-image-4798\" alt=\"Brian lleg\u00f3 a Guatemala por una semana para visitar a su familia y realizar la entrega de \u00fatiles escolares a las comunidades\" srcset=\"https:\/\/soymigrante.com\/revista\/wp-content\/uploads\/2024\/02\/en-palestina-768x655.webp 768w, https:\/\/soymigrante.com\/revista\/wp-content\/uploads\/2024\/02\/en-palestina-300x256.webp 300w, https:\/\/soymigrante.com\/revista\/wp-content\/uploads\/2024\/02\/en-palestina-1024x873.webp 1024w, https:\/\/soymigrante.com\/revista\/wp-content\/uploads\/2024\/02\/en-palestina-1536x1310.webp 1536w, https:\/\/soymigrante.com\/revista\/wp-content\/uploads\/2024\/02\/en-palestina-750x640.webp 750w, https:\/\/soymigrante.com\/revista\/wp-content\/uploads\/2024\/02\/en-palestina-1140x972.webp 1140w, https:\/\/soymigrante.com\/revista\/wp-content\/uploads\/2024\/02\/en-palestina.webp 1700w\" sizes=\"(max-width: 768px) 100vw, 768px\" \/>\t\t\t\t\t\t\t\t\t\t\t<figcaption class=\"widget-image-caption wp-caption-text\">Brian lleg\u00f3 a Guatemala por una semana para visitar a su familia y realizar la entrega de \u00fatiles escolares a las comunidades<\/figcaption>\n\t\t\t\t\t\t\t\t\t\t<\/figure>\n\t\t\t\t\t\t\t\t\t<\/div>\n\t\t\t\t\t<\/div>\n\t\t<\/div>\n\t\t\t\t\t<\/div>\n\t\t<\/section>\n\t\t\t\t<section data-particle_enable=\"false\" data-particle-mobile-disabled=\"false\" class=\"elementor-section elementor-top-section elementor-element elementor-element-7c182bb elementor-section-boxed elementor-section-height-default elementor-section-height-default\" data-id=\"7c182bb\" data-element_type=\"section\" data-e-type=\"section\">\n\t\t\t\t\t\t<div class=\"elementor-container elementor-column-gap-default\">\n\t\t\t\t\t<div class=\"elementor-column elementor-col-100 elementor-top-column elementor-element elementor-element-6fb970c\" data-id=\"6fb970c\" data-element_type=\"column\" data-e-type=\"column\">\n\t\t\t<div class=\"elementor-widget-wrap elementor-element-populated\">\n\t\t\t\t\t\t<div class=\"elementor-element elementor-element-31d597a elementor-widget elementor-widget-text-editor\" data-id=\"31d597a\" data-element_type=\"widget\" data-e-type=\"widget\" data-widget_type=\"text-editor.default\">\n\t\t\t\t\t\t\t\t\t<p><span style=\"font-weight: 400;\">Brian De Le\u00f3n, nacido en el municipio de Palestina de Los Altos, Quetzaltenango, Guatemala, mantiene una fuerte identificaci\u00f3n con su comunidad. Su madre tambi\u00e9n es originaria de Palestina, mientras que su padre proviene de Sibilia, Quetzaltenango. A\u00f1os atr\u00e1s, ellos tomaron la decisi\u00f3n de viajar a Estados Unidos en busca de mejores oportunidades, y poco despu\u00e9s, Brian se reuni\u00f3 con su familia.<\/span><\/p>\n<p style=\"text-align: left; \"><span style=\"font-weight: 400; color: var( --e-global-color-text );\">Brian reside en el estado de Oklahoma, Estados Unidos, desde hace 15 a\u00f1os.&nbsp; Por su enorme participaci\u00f3n en la comunidad migrante fue designado con el t\u00edtulo M\u00edster Oklahoma 2023-2024, otorgado por la Asociaci\u00f3n de Guatemaltecos en dicho Estado. En 2020 finaliz\u00f3 su secundaria en la escuela Putnam City West y tambi\u00e9n obtuvo el t\u00edtulo de Mec\u00e1nica en General y Tecnolog\u00eda Diesel, del Centro Tecnol\u00f3gico Francis Tuttle. Actualmente trabaja&nbsp; en el centro de servicio Joe Cooper Ford.<\/span><span style=\"font-weight: 400;\"><font color=\"#201d1d\" face=\"Merriweather, sans-serif\">&nbsp;<\/font><\/span><\/p>\n<p><span style=\"font-weight: 400;\">Con el prop\u00f3sito de fomentar un ambiente propicio para el \u00e9xito acad\u00e9mico durante el per\u00edodo escolar, Brian regres\u00f3 a su municipio natal, Palestina de Los Altos, Quetzaltenango, as\u00ed como a las comunidades aleda\u00f1as. All\u00ed, proporcion\u00f3 paquetes de \u00fatiles escolares a ni\u00f1os y ni\u00f1as de las escuelas locales en el inicio del ciclo lectivo. Dicho donativo ha sido aportado por \u00e9l mismo, as\u00ed como familiares, amigos y migrantes en Oklahoma.<\/span><\/p>\t\t\t\t\t\t\t\t<\/div>\n\t\t\t\t\t<\/div>\n\t\t<\/div>\n\t\t\t\t\t<\/div>\n\t\t<\/section>\n\t\t\t\t<section data-particle_enable=\"false\" data-particle-mobile-disabled=\"false\" class=\"elementor-section elementor-top-section elementor-element elementor-element-9976d91 elementor-section-boxed elementor-section-height-default elementor-section-height-default\" data-id=\"9976d91\" data-element_type=\"section\" data-e-type=\"section\">\n\t\t\t\t\t\t<div class=\"elementor-container elementor-column-gap-default\">\n\t\t\t\t\t<div class=\"elementor-column elementor-col-100 elementor-top-column elementor-element elementor-element-cd2ec67\" data-id=\"cd2ec67\" data-element_type=\"column\" data-e-type=\"column\">\n\t\t\t<div class=\"elementor-widget-wrap elementor-element-populated\">\n\t\t\t\t\t\t<div class=\"elementor-element elementor-element-582d393 elementor-arrows-position-inside elementor-pagination-position-outside elementor-widget elementor-widget-image-carousel\" data-id=\"582d393\" data-element_type=\"widget\" data-e-type=\"widget\" data-settings=\"{&quot;slides_to_show&quot;:&quot;1&quot;,&quot;navigation&quot;:&quot;both&quot;,&quot;autoplay&quot;:&quot;yes&quot;,&quot;pause_on_hover&quot;:&quot;yes&quot;,&quot;pause_on_interaction&quot;:&quot;yes&quot;,&quot;autoplay_speed&quot;:5000,&quot;infinite&quot;:&quot;yes&quot;,&quot;effect&quot;:&quot;slide&quot;,&quot;speed&quot;:500}\" data-widget_type=\"image-carousel.default\">\n\t\t\t\t\t\t\t<div class=\"elementor-image-carousel-wrapper swiper\" role=\"region\" aria-roledescription=\"carousel\" aria-label=\"Carrusel de im\u00e1genes\" dir=\"ltr\">\n\t\t\t<div class=\"elementor-image-carousel swiper-wrapper\" aria-live=\"off\">\n\t\t\t\t\t\t\t\t<div class=\"swiper-slide\" role=\"group\" aria-roledescription=\"slide\" aria-label=\"1 de 4\"><figure class=\"swiper-slide-inner\"><img decoding=\"async\" class=\"swiper-slide-image\" src=\"https:\/\/soymigrante.com\/revista\/wp-content\/uploads\/2024\/02\/en-palestina-768x655.webp\" alt=\"Brian lleg\u00f3 a Guatemala por una semana para visitar a su familia y realizar la entrega de \u00fatiles escolares a las comunidades\" \/><figcaption class=\"elementor-image-carousel-caption\">Brian lleg\u00f3 a Guatemala por una semana para visitar a su familia y realizar la entrega de \u00fatiles escolares a las comunidades<\/figcaption><\/figure><\/div><div class=\"swiper-slide\" role=\"group\" aria-roledescription=\"slide\" aria-label=\"2 de 4\"><figure class=\"swiper-slide-inner\"><img decoding=\"async\" class=\"swiper-slide-image\" src=\"https:\/\/soymigrante.com\/revista\/wp-content\/uploads\/2024\/02\/en-el-mercado-768x655.webp\" alt=\"Brian aprovecho para visitar lugares de Palestina, &quot;Estoy muy contento de estar en mi tierra&quot;\" \/><figcaption class=\"elementor-image-carousel-caption\">Brian aprovecho para visitar lugares de Palestina, \"Estoy muy contento de estar en mi tierra\"<\/figcaption><\/figure><\/div><div class=\"swiper-slide\" role=\"group\" aria-roledescription=\"slide\" aria-label=\"3 de 4\"><figure class=\"swiper-slide-inner\"><img decoding=\"async\" class=\"swiper-slide-image\" src=\"https:\/\/soymigrante.com\/revista\/wp-content\/uploads\/2024\/02\/compartiendo-768x655.webp\" alt=\"Brian tambi\u00e9n comparti\u00f3 con su gente a trav\u00e9s de conversaciones y fotograf\u00edas\" \/><figcaption class=\"elementor-image-carousel-caption\">Brian tambi\u00e9n comparti\u00f3 con su gente a trav\u00e9s de conversaciones y fotograf\u00edas <\/figcaption><\/figure><\/div><div class=\"swiper-slide\" role=\"group\" aria-roledescription=\"slide\" aria-label=\"4 de 4\"><figure class=\"swiper-slide-inner\"><img decoding=\"async\" class=\"swiper-slide-image\" src=\"https:\/\/soymigrante.com\/revista\/wp-content\/uploads\/2024\/02\/PXL_20240202_164611447-768x655.webp\" alt=\"El objetivo de Brian es realizar actividades con ni\u00f1os y ni\u00f1as de Palestina y lugares aleda\u00f1os\" \/><figcaption class=\"elementor-image-carousel-caption\">El objetivo de Brian es realizar actividades con ni\u00f1os y ni\u00f1as de Palestina y lugares aleda\u00f1os<\/figcaption><\/figure><\/div>\t\t\t<\/div>\n\t\t\t\t\t\t\t\t\t\t\t\t<div class=\"elementor-swiper-button elementor-swiper-button-prev\" role=\"button\" tabindex=\"0\">\n\t\t\t\t\t\t<i aria-hidden=\"true\" class=\"eicon-chevron-left\"><\/i>\t\t\t\t\t<\/div>\n\t\t\t\t\t<div class=\"elementor-swiper-button elementor-swiper-button-next\" role=\"button\" tabindex=\"0\">\n\t\t\t\t\t\t<i aria-hidden=\"true\" class=\"eicon-chevron-right\"><\/i>\t\t\t\t\t<\/div>\n\t\t\t\t\n\t\t\t\t\t\t\t\t\t<div class=\"swiper-pagination\"><\/div>\n\t\t\t\t\t\t\t\t\t<\/div>\n\t\t\t\t\t\t<\/div>\n\t\t\t\t\t<\/div>\n\t\t<\/div>\n\t\t\t\t\t<\/div>\n\t\t<\/section>\n\t\t\t\t<section data-particle_enable=\"false\" data-particle-mobile-disabled=\"false\" class=\"elementor-section elementor-top-section elementor-element elementor-element-25da34a elementor-section-boxed elementor-section-height-default elementor-section-height-default\" data-id=\"25da34a\" data-element_type=\"section\" data-e-type=\"section\">\n\t\t\t\t\t\t<div class=\"elementor-container elementor-column-gap-default\">\n\t\t\t\t\t<div class=\"elementor-column elementor-col-100 elementor-top-column elementor-element elementor-element-defa3f1\" data-id=\"defa3f1\" data-element_type=\"column\" data-e-type=\"column\">\n\t\t\t<div class=\"elementor-widget-wrap elementor-element-populated\">\n\t\t\t\t\t\t<div class=\"elementor-element elementor-element-7ebe642 elementor-widget elementor-widget-heading\" data-id=\"7ebe642\" data-element_type=\"widget\" data-e-type=\"widget\" data-widget_type=\"heading.default\">\n\t\t\t\t\t<h2 class=\"elementor-heading-title elementor-size-default\">Migrante vuelve con aporte\n<\/h2>\t\t\t\t<\/div>\n\t\t\t\t\t<\/div>\n\t\t<\/div>\n\t\t\t\t\t<\/div>\n\t\t<\/section>\n\t\t\t\t<section data-particle_enable=\"false\" data-particle-mobile-disabled=\"false\" class=\"elementor-section elementor-top-section elementor-element elementor-element-c926dc6 elementor-section-boxed elementor-section-height-default elementor-section-height-default\" data-id=\"c926dc6\" data-element_type=\"section\" data-e-type=\"section\">\n\t\t\t\t\t\t<div class=\"elementor-container elementor-column-gap-default\">\n\t\t\t\t\t<div class=\"elementor-column elementor-col-100 elementor-top-column elementor-element elementor-element-d5f166c\" data-id=\"d5f166c\" data-element_type=\"column\" data-e-type=\"column\">\n\t\t\t<div class=\"elementor-widget-wrap elementor-element-populated\">\n\t\t\t\t\t\t<div class=\"elementor-element elementor-element-02adc2a elementor-widget elementor-widget-text-editor\" data-id=\"02adc2a\" data-element_type=\"widget\" data-e-type=\"widget\" data-widget_type=\"text-editor.default\">\n\t\t\t\t\t\t\t\t\t<p><span style=\"font-weight: 400;\">&#8220;Viaj\u00e9 a Guatemala para llevar a cabo uno de mis proyectos, ha sido una experiencia muy significativa. Desde que obtuve el t\u00edtulo de M\u00edster Oklahoma, me propuse visitar mi comunidad y proporcionar materiales escolares a los ni\u00f1os y ni\u00f1as de bajos recursos. Esta iniciativa me ha permitido compartir y demostrar mi amor por mi tierra natal&#8221;, expresa Brian.<\/span><\/p><p><span style=\"font-weight: 400;\">Tambi\u00e9n coordin\u00f3 con empresas locales de Oklahoma para organizar la recolecci\u00f3n de \u00fatiles escolares y destinar las donaciones a m\u00e1s de 700 ni\u00f1os y ni\u00f1as en diversas localidades, como el Caser\u00edo Piedra de Fuego, Roble Grande, Caser\u00edo Tuijala Comitancillo, San Marcos, Aldea el Carmen, Caser\u00edo Tojwabil, Caser\u00edo el Carmen dos de Palestina de Los Altos, Quetzaltenango, Guatemala.<\/span><\/p><p><span style=\"font-weight: 400;\">&#8220;Visitamos varias comunidades en San Marcos y Palestina de Los Altos, y como parte de nuestra contribuci\u00f3n, don\u00e9 algunos juegos infantiles. Los kits escolares inclu\u00edan cuadernos, libros, crayones, lapiceros y otros art\u00edculos esenciales&#8221;, agreg\u00f3 Brian.<\/span><\/p>\t\t\t\t\t\t\t\t<\/div>\n\t\t\t\t\t<\/div>\n\t\t<\/div>\n\t\t\t\t\t<\/div>\n\t\t<\/section>\n\t\t\t\t<section data-particle_enable=\"false\" data-particle-mobile-disabled=\"false\" class=\"elementor-section elementor-top-section elementor-element elementor-element-b32a952 elementor-section-boxed elementor-section-height-default elementor-section-height-default\" data-id=\"b32a952\" data-element_type=\"section\" data-e-type=\"section\">\n\t\t\t\t\t\t<div class=\"elementor-container elementor-column-gap-default\">\n\t\t\t\t\t<div class=\"elementor-column elementor-col-100 elementor-top-column elementor-element elementor-element-5cfaab3\" data-id=\"5cfaab3\" data-element_type=\"column\" data-e-type=\"column\">\n\t\t\t<div class=\"elementor-widget-wrap elementor-element-populated\">\n\t\t\t\t\t\t<div class=\"elementor-element elementor-element-77086cb elementor-arrows-position-inside elementor-pagination-position-outside elementor-widget elementor-widget-image-carousel\" data-id=\"77086cb\" data-element_type=\"widget\" data-e-type=\"widget\" data-settings=\"{&quot;slides_to_show&quot;:&quot;1&quot;,&quot;navigation&quot;:&quot;both&quot;,&quot;autoplay&quot;:&quot;yes&quot;,&quot;pause_on_hover&quot;:&quot;yes&quot;,&quot;pause_on_interaction&quot;:&quot;yes&quot;,&quot;autoplay_speed&quot;:5000,&quot;infinite&quot;:&quot;yes&quot;,&quot;effect&quot;:&quot;slide&quot;,&quot;speed&quot;:500}\" data-widget_type=\"image-carousel.default\">\n\t\t\t\t\t\t\t<div class=\"elementor-image-carousel-wrapper swiper\" role=\"region\" aria-roledescription=\"carousel\" aria-label=\"Carrusel de im\u00e1genes\" dir=\"ltr\">\n\t\t\t<div class=\"elementor-image-carousel swiper-wrapper\" aria-live=\"off\">\n\t\t\t\t\t\t\t\t<div class=\"swiper-slide\" role=\"group\" aria-roledescription=\"slide\" aria-label=\"1 de 4\"><figure class=\"swiper-slide-inner\"><img decoding=\"async\" class=\"swiper-slide-image\" src=\"https:\/\/soymigrante.com\/revista\/wp-content\/uploads\/2024\/02\/visita-768x655.webp\" alt=\"De visita a la panader\u00eda ic\u00f3nica de Palestina de Los Altos, Quetzaltenango\" \/><figcaption class=\"elementor-image-carousel-caption\">De visita a la panader\u00eda ic\u00f3nica de Palestina de Los Altos, Quetzaltenango, Guatemala <\/figcaption><\/figure><\/div><div class=\"swiper-slide\" role=\"group\" aria-roledescription=\"slide\" aria-label=\"2 de 4\"><figure class=\"swiper-slide-inner\"><img decoding=\"async\" class=\"swiper-slide-image\" src=\"https:\/\/soymigrante.com\/revista\/wp-content\/uploads\/2024\/02\/en-la-municipalidad-768x655.webp\" alt=\"De visita en la municipalidad de Palestina de Los Altos Quetzaltenango, Guatemala\" \/><figcaption class=\"elementor-image-carousel-caption\">De visita en la municipalidad de Palestina de Los Altos Quetzaltenango, Guatemala <\/figcaption><\/figure><\/div><div class=\"swiper-slide\" role=\"group\" aria-roledescription=\"slide\" aria-label=\"3 de 4\"><figure class=\"swiper-slide-inner\"><img decoding=\"async\" class=\"swiper-slide-image\" src=\"https:\/\/soymigrante.com\/revista\/wp-content\/uploads\/2024\/02\/en-la-municipalidad-de-Quetzaltenango-1-768x655.webp\" alt=\"De visita en la municipalidad de la ciudad de Quetzaltenango, Guatemala\" \/><figcaption class=\"elementor-image-carousel-caption\">De visita en la municipalidad de la ciudad de Quetzaltenango, Guatemala <\/figcaption><\/figure><\/div><div class=\"swiper-slide\" role=\"group\" aria-roledescription=\"slide\" aria-label=\"4 de 4\"><figure class=\"swiper-slide-inner\"><img decoding=\"async\" class=\"swiper-slide-image\" src=\"https:\/\/soymigrante.com\/revista\/wp-content\/uploads\/2024\/02\/en-xela-768x655.webp\" alt=\"Paseo por la ciudad de Quetzaltenango, Guatemala\" \/><figcaption class=\"elementor-image-carousel-caption\">Paseo por la ciudad de Quetzaltenango, Guatemala <\/figcaption><\/figure><\/div>\t\t\t<\/div>\n\t\t\t\t\t\t\t\t\t\t\t\t<div class=\"elementor-swiper-button elementor-swiper-button-prev\" role=\"button\" tabindex=\"0\">\n\t\t\t\t\t\t<i aria-hidden=\"true\" class=\"eicon-chevron-left\"><\/i>\t\t\t\t\t<\/div>\n\t\t\t\t\t<div class=\"elementor-swiper-button elementor-swiper-button-next\" role=\"button\" tabindex=\"0\">\n\t\t\t\t\t\t<i aria-hidden=\"true\" class=\"eicon-chevron-right\"><\/i>\t\t\t\t\t<\/div>\n\t\t\t\t\n\t\t\t\t\t\t\t\t\t<div class=\"swiper-pagination\"><\/div>\n\t\t\t\t\t\t\t\t\t<\/div>\n\t\t\t\t\t\t<\/div>\n\t\t\t\t\t<\/div>\n\t\t<\/div>\n\t\t\t\t\t<\/div>\n\t\t<\/section>\n\t\t\t\t<section data-particle_enable=\"false\" data-particle-mobile-disabled=\"false\" class=\"elementor-section elementor-top-section elementor-element elementor-element-c6e323e elementor-section-boxed elementor-section-height-default elementor-section-height-default\" data-id=\"c6e323e\" data-element_type=\"section\" data-e-type=\"section\">\n\t\t\t\t\t\t<div class=\"elementor-container elementor-column-gap-default\">\n\t\t\t\t\t<div class=\"elementor-column elementor-col-100 elementor-top-column elementor-element elementor-element-e6f12ee\" data-id=\"e6f12ee\" data-element_type=\"column\" data-e-type=\"column\">\n\t\t\t<div class=\"elementor-widget-wrap elementor-element-populated\">\n\t\t\t\t\t\t<div class=\"elementor-element elementor-element-0120863 elementor-widget elementor-widget-heading\" data-id=\"0120863\" data-element_type=\"widget\" data-e-type=\"widget\" data-widget_type=\"heading.default\">\n\t\t\t\t\t<h2 class=\"elementor-heading-title elementor-size-default\">Agradecimiento por el esfuerzo\n<\/h2>\t\t\t\t<\/div>\n\t\t\t\t\t<\/div>\n\t\t<\/div>\n\t\t\t\t\t<\/div>\n\t\t<\/section>\n\t\t\t\t<section data-particle_enable=\"false\" data-particle-mobile-disabled=\"false\" class=\"elementor-section elementor-top-section elementor-element elementor-element-37f2759 elementor-section-boxed elementor-section-height-default elementor-section-height-default\" data-id=\"37f2759\" data-element_type=\"section\" data-e-type=\"section\">\n\t\t\t\t\t\t<div class=\"elementor-container elementor-column-gap-default\">\n\t\t\t\t\t<div class=\"elementor-column elementor-col-100 elementor-top-column elementor-element elementor-element-3290132\" data-id=\"3290132\" data-element_type=\"column\" data-e-type=\"column\">\n\t\t\t<div class=\"elementor-widget-wrap elementor-element-populated\">\n\t\t\t\t\t\t<div class=\"elementor-element elementor-element-761a14f elementor-widget elementor-widget-text-editor\" data-id=\"761a14f\" data-element_type=\"widget\" data-e-type=\"widget\" data-widget_type=\"text-editor.default\">\n\t\t\t\t\t\t\t\t\t<p><span style=\"font-weight: 400;\">&#8220;Considero que hay diversos problemas y necesidades, especialmente entre la ni\u00f1ez. He observado que muchos de ellos abandonan la escuela debido a la falta de materiales escolares o porque necesitan trabajar. Esta experiencia me ha permitido acercarme a la realidad y contribuir con los recursos necesarios\u201d mencion\u00f3.<\/span><\/p><p><span style=\"font-weight: 400;\">Brian en ocasiones visita su tierra natal, pero es la primera vez que dirige sus acciones hacia las comunidades del municipio, por lo que esta experiencia marc\u00f3 una parte significativa de su vida. &#8220;Siempre visito a mi familia, pero en esta oportunidad me involucro en este tipo de actividades, es un sentimiento inexplicable&#8221;.<\/span><\/p><p><span style=\"font-weight: 400;\">Durante la distribuci\u00f3n de los kits escolares, la familia y voluntarios en Guatemala coordinaron con autoridades comunales y educativas \u201cCuando iniciamos con la entrega, nos enfrentamos a un desaf\u00edo debido a la lejan\u00eda de las comunidades y las profundas necesidades. Pero la expresi\u00f3n de alegr\u00eda y emoci\u00f3n en los rostros de los ni\u00f1os y ni\u00f1as fue inigualable\u201d.<\/span><\/p><p><span style=\"font-weight: 400;\">En las escuelas se hicieron evidentes las carencias de espacios y recursos \u201cEn las aulas, nos encontramos con m\u00e1s de 40 estudiantes, lo que evidencia la necesidad de espacios m\u00e1s amplios. Aunque la pobreza en Guatemala es una realidad palpable, creemos que al colaborar unos con otros podemos salir adelante\u201d<\/span><\/p><p><span style=\"font-weight: 400;\">\u201cHago un llamado a las autoridades de Guatemala para que realmente vean las necesidades de nuestra gente, que distribuyan bien los recursos y brinden una educaci\u00f3n integral para los ni\u00f1os y ni\u00f1as ya que son los futuros dirigentes del pa\u00eds\u201d.\u00a0<\/span><\/p>\t\t\t\t\t\t\t\t<\/div>\n\t\t\t\t\t<\/div>\n\t\t<\/div>\n\t\t\t\t\t<\/div>\n\t\t<\/section>\n\t\t\t\t<section data-particle_enable=\"false\" data-particle-mobile-disabled=\"false\" class=\"elementor-section elementor-top-section elementor-element elementor-element-46ba826 elementor-section-boxed elementor-section-height-default elementor-section-height-default\" data-id=\"46ba826\" data-element_type=\"section\" data-e-type=\"section\">\n\t\t\t\t\t\t<div class=\"elementor-container elementor-column-gap-default\">\n\t\t\t\t\t<div class=\"elementor-column elementor-col-100 elementor-top-column elementor-element elementor-element-b77bb24\" data-id=\"b77bb24\" data-element_type=\"column\" data-e-type=\"column\">\n\t\t\t<div class=\"elementor-widget-wrap elementor-element-populated\">\n\t\t\t\t\t\t<div class=\"elementor-element elementor-element-98de37f elementor-arrows-position-inside elementor-pagination-position-outside elementor-widget elementor-widget-image-carousel\" data-id=\"98de37f\" data-element_type=\"widget\" data-e-type=\"widget\" data-settings=\"{&quot;slides_to_show&quot;:&quot;1&quot;,&quot;navigation&quot;:&quot;both&quot;,&quot;autoplay&quot;:&quot;yes&quot;,&quot;pause_on_hover&quot;:&quot;yes&quot;,&quot;pause_on_interaction&quot;:&quot;yes&quot;,&quot;autoplay_speed&quot;:5000,&quot;infinite&quot;:&quot;yes&quot;,&quot;effect&quot;:&quot;slide&quot;,&quot;speed&quot;:500}\" data-widget_type=\"image-carousel.default\">\n\t\t\t\t\t\t\t<div class=\"elementor-image-carousel-wrapper swiper\" role=\"region\" aria-roledescription=\"carousel\" aria-label=\"Carrusel de im\u00e1genes\" dir=\"ltr\">\n\t\t\t<div class=\"elementor-image-carousel swiper-wrapper\" aria-live=\"off\">\n\t\t\t\t\t\t\t\t<div class=\"swiper-slide\" role=\"group\" aria-roledescription=\"slide\" aria-label=\"1 de 10\"><figure class=\"swiper-slide-inner\"><img decoding=\"async\" class=\"swiper-slide-image\" src=\"https:\/\/soymigrante.com\/revista\/wp-content\/uploads\/2024\/02\/patrocinadores-768x655.webp\" alt=\"rian viaj\u00f3 a Guatemala gracias al apoyo de cinco empresas locales de Oklahoma. Supermercados Morelos, Supermercado Feria Latina, Caf\u00e9 y Cantina Monterrey Yac, De Le\u00f3n, autos serv\u00eds Morales y donadores an\u00f3nimos.\" \/><figcaption class=\"elementor-image-carousel-caption\">rian viaj\u00f3 a Guatemala gracias al apoyo de cinco empresas locales de Oklahoma. Supermercados Morelos, Supermercado Feria Latina, Caf\u00e9 y Cantina Monterrey Yac, De Le\u00f3n, autos serv\u00eds Morales y donadores an\u00f3nimos.\n<\/figcaption><\/figure><\/div><div class=\"swiper-slide\" role=\"group\" aria-roledescription=\"slide\" aria-label=\"2 de 10\"><figure class=\"swiper-slide-inner\"><img decoding=\"async\" class=\"swiper-slide-image\" src=\"https:\/\/soymigrante.com\/revista\/wp-content\/uploads\/2024\/02\/caserio-los-cabrera-palestina-de-los-altos-768x655.webp\" alt=\"caser\u00edo los Cabrera Palestina de Los Altos, Quetzaltenango entrega de un columpio\" \/><figcaption class=\"elementor-image-carousel-caption\">En Caser\u00edo los Cabrera Palestina de Los Altos, Quetzaltenango entrega de un columpio <\/figcaption><\/figure><\/div><div class=\"swiper-slide\" role=\"group\" aria-roledescription=\"slide\" aria-label=\"3 de 10\"><figure class=\"swiper-slide-inner\"><img decoding=\"async\" class=\"swiper-slide-image\" src=\"https:\/\/soymigrante.com\/revista\/wp-content\/uploads\/2024\/02\/Caserio-piedra-de-fuego-comintancillo-san-marcos-768x655.webp\" alt=\"Caser\u00edo Piedra de Fuego, Comitancillo, Quetzaltenango entrega de kits escolares\" \/><figcaption class=\"elementor-image-carousel-caption\">Caser\u00edo Piedra de Fuego, Comitancillo, Quetzaltenango entrega de kits escolares <\/figcaption><\/figure><\/div><div class=\"swiper-slide\" role=\"group\" aria-roledescription=\"slide\" aria-label=\"4 de 10\"><figure class=\"swiper-slide-inner\"><img decoding=\"async\" class=\"swiper-slide-image\" src=\"https:\/\/soymigrante.com\/revista\/wp-content\/uploads\/2024\/02\/caserio-piedra-de-fuego-768x655.webp\" alt=\"Brian viaj\u00f3 a Guatemala gracias al apoyo de cinco empresas locales de Oklahoma. Supermercados Morelos, Supermercado Feria Latina, Caf\u00e9 y Cantina Monterrey Yac, De Le\u00f3n, autos serv\u00eds Morales y donadores an\u00f3nimos.\" \/><figcaption class=\"elementor-image-carousel-caption\">Brian viaj\u00f3 a Guatemala gracias al apoyo de cinco empresas locales de Oklahoma. Supermercados Morelos, Supermercado Feria Latina, Caf\u00e9 y Cantina Monterrey Yac, De Le\u00f3n, autos serv\u00eds Morales y donadores an\u00f3nimos.\n<\/figcaption><\/figure><\/div><div class=\"swiper-slide\" role=\"group\" aria-roledescription=\"slide\" aria-label=\"5 de 10\"><figure class=\"swiper-slide-inner\"><img decoding=\"async\" class=\"swiper-slide-image\" src=\"https:\/\/soymigrante.com\/revista\/wp-content\/uploads\/2024\/02\/caserio-teuijala-768x655.webp\" alt=\"Entrega de kits escolares en el Caser\u00edo Teujiala, Palestina de Los Altos\" \/><figcaption class=\"elementor-image-carousel-caption\">Entrega de kits escolares en el Caser\u00edo Teujiala, Palestina de Los Altos<\/figcaption><\/figure><\/div><div class=\"swiper-slide\" role=\"group\" aria-roledescription=\"slide\" aria-label=\"6 de 10\"><figure class=\"swiper-slide-inner\"><img decoding=\"async\" class=\"swiper-slide-image\" src=\"https:\/\/soymigrante.com\/revista\/wp-content\/uploads\/2024\/02\/caserio-tuijala-comintancillo-768x655.webp\" alt=\"Brian viaj\u00f3 a Guatemala gracias al apoyo de cinco empresas locales de Oklahoma. Supermercados Morelos, Supermercado Feria Latina, Caf\u00e9 y Cantina Monterrey Yac, De Le\u00f3n, autos serv\u00eds Morales y donadores an\u00f3nimos.\" \/><figcaption class=\"elementor-image-carousel-caption\">Ni\u00f1os y ni\u00f1as de las diferentes comunidades fueron beneficiados con \u00fatiles escolares <\/figcaption><\/figure><\/div><div class=\"swiper-slide\" role=\"group\" aria-roledescription=\"slide\" aria-label=\"7 de 10\"><figure class=\"swiper-slide-inner\"><img decoding=\"async\" class=\"swiper-slide-image\" src=\"https:\/\/soymigrante.com\/revista\/wp-content\/uploads\/2024\/02\/comintancillo-768x655.webp\" alt=\"En Comitancillo, San Marcos tambi\u00e9n se realiz\u00f3 la entrega de \u00fatiles escolares\" \/><\/figure><\/div><div class=\"swiper-slide\" role=\"group\" aria-roledescription=\"slide\" aria-label=\"8 de 10\"><figure class=\"swiper-slide-inner\"><img decoding=\"async\" class=\"swiper-slide-image\" src=\"https:\/\/soymigrante.com\/revista\/wp-content\/uploads\/2024\/02\/equipo-de-trabajo-768x655.webp\" alt=\"Familia y voluntarios apoyaron el evento en Guatemala\" \/><figcaption class=\"elementor-image-carousel-caption\">Familia y voluntarios apoyaron el evento en Guatemala <\/figcaption><\/figure><\/div><div class=\"swiper-slide\" role=\"group\" aria-roledescription=\"slide\" aria-label=\"9 de 10\"><figure class=\"swiper-slide-inner\"><img decoding=\"async\" class=\"swiper-slide-image\" src=\"https:\/\/soymigrante.com\/revista\/wp-content\/uploads\/2024\/02\/Brian-con-su-familia-768x655.webp\" alt=\"Brian cont\u00f3 con el apoyo de sus t\u00edas, primos y dem\u00e1s familiares\" \/><figcaption class=\"elementor-image-carousel-caption\">Brian cont\u00f3 con el apoyo de sus t\u00edas, primos y dem\u00e1s familiares <\/figcaption><\/figure><\/div><div class=\"swiper-slide\" role=\"group\" aria-roledescription=\"slide\" aria-label=\"10 de 10\"><figure class=\"swiper-slide-inner\"><img decoding=\"async\" class=\"swiper-slide-image\" src=\"https:\/\/soymigrante.com\/revista\/wp-content\/uploads\/2024\/02\/aldea-el-carmen-768x655.webp\" alt=\"En aldea el Carmen, Palestina de Los Altos, Quetzaltenango, Guatemala.\" \/><figcaption class=\"elementor-image-carousel-caption\">En aldea el Carmen, Palestina de Los Altos, Quetzaltenango, Guatemala.<\/figcaption><\/figure><\/div>\t\t\t<\/div>\n\t\t\t\t\t\t\t\t\t\t\t\t<div class=\"elementor-swiper-button elementor-swiper-button-prev\" role=\"button\" tabindex=\"0\">\n\t\t\t\t\t\t<i aria-hidden=\"true\" class=\"eicon-chevron-left\"><\/i>\t\t\t\t\t<\/div>\n\t\t\t\t\t<div class=\"elementor-swiper-button elementor-swiper-button-next\" role=\"button\" tabindex=\"0\">\n\t\t\t\t\t\t<i aria-hidden=\"true\" class=\"eicon-chevron-right\"><\/i>\t\t\t\t\t<\/div>\n\t\t\t\t\n\t\t\t\t\t\t\t\t\t<div class=\"swiper-pagination\"><\/div>\n\t\t\t\t\t\t\t\t\t<\/div>\n\t\t\t\t\t\t<\/div>\n\t\t\t\t\t<\/div>\n\t\t<\/div>\n\t\t\t\t\t<\/div>\n\t\t<\/section>\n\t\t\t\t<section data-particle_enable=\"false\" data-particle-mobile-disabled=\"false\" class=\"elementor-section elementor-top-section elementor-element elementor-element-3214d60 elementor-section-boxed elementor-section-height-default elementor-section-height-default\" data-id=\"3214d60\" data-element_type=\"section\" data-e-type=\"section\">\n\t\t\t\t\t\t<div class=\"elementor-container elementor-column-gap-default\">\n\t\t\t\t\t<div class=\"elementor-column elementor-col-100 elementor-top-column elementor-element elementor-element-f0610e4\" data-id=\"f0610e4\" data-element_type=\"column\" data-e-type=\"column\">\n\t\t\t<div class=\"elementor-widget-wrap elementor-element-populated\">\n\t\t\t\t\t\t<div class=\"elementor-element elementor-element-b13f7c5 elementor-widget elementor-widget-heading\" data-id=\"b13f7c5\" data-element_type=\"widget\" data-e-type=\"widget\" data-widget_type=\"heading.default\">\n\t\t\t\t\t<h2 class=\"elementor-heading-title elementor-size-default\">Coraz\u00f3n migrante, ra\u00edz en Guatemala\n<\/h2>\t\t\t\t<\/div>\n\t\t\t\t\t<\/div>\n\t\t<\/div>\n\t\t\t\t\t<\/div>\n\t\t<\/section>\n\t\t\t\t<section data-particle_enable=\"false\" data-particle-mobile-disabled=\"false\" class=\"elementor-section elementor-top-section elementor-element elementor-element-e57cbde elementor-section-boxed elementor-section-height-default elementor-section-height-default\" data-id=\"e57cbde\" data-element_type=\"section\" data-e-type=\"section\">\n\t\t\t\t\t\t<div class=\"elementor-container elementor-column-gap-default\">\n\t\t\t\t\t<div class=\"elementor-column elementor-col-100 elementor-top-column elementor-element elementor-element-76396ae\" data-id=\"76396ae\" data-element_type=\"column\" data-e-type=\"column\">\n\t\t\t<div class=\"elementor-widget-wrap elementor-element-populated\">\n\t\t\t\t\t\t<div class=\"elementor-element elementor-element-17a3ca0 elementor-widget elementor-widget-text-editor\" data-id=\"17a3ca0\" data-element_type=\"widget\" data-e-type=\"widget\" data-widget_type=\"text-editor.default\">\n\t\t\t\t\t\t\t\t\t<p><span style=\"font-weight: 400;\">Brian destac\u00f3 que su vida en Estados Unidos ha sido dif\u00edcil, al igual que la de muchos migrantes. Desde una edad temprana, ha enfrentado desaf\u00edos como el idioma y la adaptaci\u00f3n a cambios sociales. Sin embargo, sus ra\u00edces siempre han permanecido s\u00f3lidas, gracias a los valores y al amor por su patria que sus padres le han inculcado.<\/span><\/p>\n<p><span style=\"font-weight: 400;\">Brian ha tenido la oportunidad de participar en grupos de bailes folcl\u00f3ricos, espacios que promueve Hilda De Le\u00f3n, actual presidenta de la organizaci\u00f3n guatemaltecos en Oklahoma. \u201cCon estas oportunidades puedo conocer m\u00e1s de mis ra\u00edces y de la cultura guatemalteca, me siento orgullo de ser guatemalteco\u201d. Expres\u00f3.<\/span><\/p>\n<p><span style=\"font-weight: 400;\">El objetivo de Brian es reconectar su tierra y la gente, debido a las necesidades que enfrentan sectores como la ni\u00f1ez. \u201cIncentivo a m\u00e1s personas a contribuir con sus comunidades desde lo que puedan\u201d Afirm\u00f3.&nbsp;<\/span><span style=\"font-weight: 400; color: var( --e-global-color-text );\">Una de sus metas a futuro es realizar donaciones con suministros para las comunidades, en especial para las escuelas.<\/span><\/p>\t\t\t\t\t\t\t\t<\/div>\n\t\t\t\t\t<\/div>\n\t\t<\/div>\n\t\t\t\t\t<\/div>\n\t\t<\/section>\n\t\t\t\t<section data-particle_enable=\"false\" data-particle-mobile-disabled=\"false\" class=\"elementor-section elementor-top-section elementor-element elementor-element-1ddac86 elementor-section-boxed elementor-section-height-default elementor-section-height-default\" data-id=\"1ddac86\" data-element_type=\"section\" data-e-type=\"section\">\n\t\t\t\t\t\t<div class=\"elementor-container elementor-column-gap-default\">\n\t\t\t\t\t<div class=\"elementor-column elementor-col-100 elementor-top-column elementor-element elementor-element-6507ce3\" data-id=\"6507ce3\" data-element_type=\"column\" data-e-type=\"column\">\n\t\t\t<div class=\"elementor-widget-wrap elementor-element-populated\">\n\t\t\t\t\t\t<div class=\"elementor-element elementor-element-2612286 elementor-widget elementor-widget-heading\" data-id=\"2612286\" data-element_type=\"widget\" data-e-type=\"widget\" data-widget_type=\"heading.default\">\n\t\t\t\t\t<h2 class=\"elementor-heading-title elementor-size-default\">Entrega de \u00datiles escolares en Aldea Piedra de Fuego, Comitancillo San Marcos<\/h2>\t\t\t\t<\/div>\n\t\t\t\t\t<\/div>\n\t\t<\/div>\n\t\t\t\t\t<\/div>\n\t\t<\/section>\n\t\t\t\t<section data-particle_enable=\"false\" data-particle-mobile-disabled=\"false\" class=\"elementor-section elementor-top-section elementor-element elementor-element-d896212 elementor-section-boxed elementor-section-height-default elementor-section-height-default\" data-id=\"d896212\" data-element_type=\"section\" data-e-type=\"section\">\n\t\t\t\t\t\t<div class=\"elementor-container elementor-column-gap-default\">\n\t\t\t\t\t<div class=\"elementor-column elementor-col-100 elementor-top-column elementor-element elementor-element-82766b7\" data-id=\"82766b7\" data-element_type=\"column\" data-e-type=\"column\">\n\t\t\t<div class=\"elementor-widget-wrap elementor-element-populated\">\n\t\t\t\t\t\t<div class=\"elementor-element elementor-element-94afc03 elementor-widget elementor-widget-facebook-embed\" data-id=\"94afc03\" data-element_type=\"widget\" data-e-type=\"widget\" data-widget_type=\"facebook-embed.default\">\n\t\t\t\t\t<div style=\"min-height: 1px\" class=\"elementor-facebook-widget fb-video\" data-href=\"https:\/\/fb.watch\/q62XNLIoO6\/\" data-show-text=\"false\" data-allowfullscreen=\"false\" data-autoplay=\"true\" data-show-captions=\"false\"><\/div>\t\t\t\t<\/div>\n\t\t\t\t\t<\/div>\n\t\t<\/div>\n\t\t\t\t\t<\/div>\n\t\t<\/section>\n\t\t\t\t<section data-particle_enable=\"false\" data-particle-mobile-disabled=\"false\" class=\"elementor-section elementor-top-section elementor-element elementor-element-f25e3d5 elementor-section-boxed elementor-section-height-default elementor-section-height-default\" data-id=\"f25e3d5\" data-element_type=\"section\" data-e-type=\"section\">\n\t\t\t\t\t\t<div class=\"elementor-container elementor-column-gap-default\">\n\t\t\t\t\t<div class=\"elementor-column elementor-col-100 elementor-top-column elementor-element elementor-element-2e7c2a6\" data-id=\"2e7c2a6\" data-element_type=\"column\" data-e-type=\"column\">\n\t\t\t<div class=\"elementor-widget-wrap elementor-element-populated\">\n\t\t\t\t\t\t<div class=\"elementor-element elementor-element-6cb223e elementor-testimonial--skin-default elementor-testimonial--layout-image_inline elementor-testimonial--align-center elementor-arrows-yes elementor-pagination-type-bullets elementor-widget elementor-widget-testimonial-carousel\" data-id=\"6cb223e\" data-element_type=\"widget\" data-e-type=\"widget\" data-settings=\"{&quot;space_between&quot;:{&quot;unit&quot;:&quot;px&quot;,&quot;size&quot;:17,&quot;sizes&quot;:[]},&quot;show_arrows&quot;:&quot;yes&quot;,&quot;pagination&quot;:&quot;bullets&quot;,&quot;speed&quot;:500,&quot;autoplay&quot;:&quot;yes&quot;,&quot;autoplay_speed&quot;:5000,&quot;loop&quot;:&quot;yes&quot;,&quot;pause_on_hover&quot;:&quot;yes&quot;,&quot;pause_on_interaction&quot;:&quot;yes&quot;,&quot;space_between_tablet&quot;:{&quot;unit&quot;:&quot;px&quot;,&quot;size&quot;:10,&quot;sizes&quot;:[]},&quot;space_between_mobile&quot;:{&quot;unit&quot;:&quot;px&quot;,&quot;size&quot;:10,&quot;sizes&quot;:[]}}\" data-widget_type=\"testimonial-carousel.default\">\n\t\t\t\t\t\t\t\t\t\t<div class=\"elementor-main-swiper swiper\" role=\"region\" aria-roledescription=\"carousel\" aria-label=\"Diapositivas\">\n\t\t\t\t<div class=\"swiper-wrapper\">\n\t\t\t\t\t\t\t\t\t\t\t<div class=\"swiper-slide\" role=\"group\" aria-roledescription=\"slide\">\n\t\t\t\t\t\t\t\t\t<div class=\"elementor-testimonial\">\n\t\t\t\t\t\t\t<div class=\"elementor-testimonial__content\">\n\t\t\t\t\t<div class=\"elementor-testimonial__text\">\n\t\t\t\t\t\t\"Estoy muy motivado y quiero llevar a cabo este proyecto cada a\u00f1o. Mi sue\u00f1o es que los ni\u00f1os y ni\u00f1as puedan estudiar y disfrutar de su ni\u00f1ez en Guatemala. Los animo a estudiar y a perseverar para el futuro; mis padres y yo somos prueba de que se puede salir adelante\".\t\t\t\t\t<\/div>\n\t\t\t\t\t\t\t\t\t<\/div>\n\t\t\t\t\t\t<div class=\"elementor-testimonial__footer\">\n\t\t\t\t\t\t\t\t\t<div class=\"elementor-testimonial__image\">\n\t\t\t\t\t\t<img decoding=\"async\" src=\"https:\/\/soymigrante.com\/revista\/wp-content\/uploads\/2024\/02\/Brian.webp\" alt=\"Brian viaj\u00f3 a Guatemala para realizar la entrega de \u00fatiles escolares a las comunidades de tierra natal\">\n\t\t\t\t\t\t\t\t\t\t\t<\/div>\n\t\t\t\t\t\t\t\t<cite class=\"elementor-testimonial__cite\"><span class=\"elementor-testimonial__name\">Brian De Le\u00f3n<\/span><span class=\"elementor-testimonial__title\">Migrante y M\u00edster Oklahoma <\/span><\/cite>\t\t\t<\/div>\n\t\t<\/div>\n\t\t\t\t\t\t\t\t<\/div>\n\t\t\t\t\t\t\t\t\t<\/div>\n\t\t\t\t\t\t\t<\/div>\n\t\t\t\t\t\t\t\t<\/div>\n\t\t\t\t\t<\/div>\n\t\t<\/div>\n\t\t\t\t\t<\/div>\n\t\t<\/section>\n\t\t\t\t<section data-particle_enable=\"false\" data-particle-mobile-disabled=\"false\" class=\"elementor-section elementor-top-section elementor-element elementor-element-ae6e264 elementor-section-boxed elementor-section-height-default elementor-section-height-default\" data-id=\"ae6e264\" data-element_type=\"section\" data-e-type=\"section\">\n\t\t\t\t\t\t<div class=\"elementor-container elementor-column-gap-default\">\n\t\t\t\t\t<div class=\"elementor-column elementor-col-100 elementor-top-column elementor-element elementor-element-8f84018\" data-id=\"8f84018\" data-element_type=\"column\" data-e-type=\"column\">\n\t\t\t<div class=\"elementor-widget-wrap elementor-element-populated\">\n\t\t\t\t\t\t<div class=\"elementor-element elementor-element-2b3a4e9 elementor-widget elementor-widget-video\" data-id=\"2b3a4e9\" data-element_type=\"widget\" data-e-type=\"widget\" data-settings=\"{&quot;youtube_url&quot;:&quot;https:\\\/\\\/www.youtube.com\\\/watch?v=ninQGfwu3bI&quot;,&quot;autoplay&quot;:&quot;yes&quot;,&quot;video_type&quot;:&quot;youtube&quot;}\" data-widget_type=\"video.default\">\n\t\t\t\t\t\t\t<div class=\"elementor-wrapper elementor-open-inline\">\n\t\t\t<div class=\"elementor-video\"><\/div>\t\t<\/div>\n\t\t\t\t\t\t<\/div>\n\t\t\t\t\t<\/div>\n\t\t<\/div>\n\t\t\t\t\t<\/div>\n\t\t<\/section>\n\t\t\t\t<section data-particle_enable=\"false\" data-particle-mobile-disabled=\"false\" class=\"elementor-section elementor-top-section elementor-element elementor-element-bdf1ee8 elementor-section-boxed elementor-section-height-default elementor-section-height-default\" data-id=\"bdf1ee8\" data-element_type=\"section\" data-e-type=\"section\">\n\t\t\t\t\t\t<div class=\"elementor-container elementor-column-gap-default\">\n\t\t\t\t\t<div class=\"elementor-column elementor-col-100 elementor-top-column elementor-element elementor-element-31514a2\" data-id=\"31514a2\" data-element_type=\"column\" data-e-type=\"column\">\n\t\t\t<div class=\"elementor-widget-wrap elementor-element-populated\">\n\t\t\t\t\t\t<div class=\"elementor-element elementor-element-37400da elementor-widget elementor-widget-heading\" data-id=\"37400da\" data-element_type=\"widget\" data-e-type=\"widget\" data-widget_type=\"heading.default\">\n\t\t\t\t\t<h2 class=\"elementor-heading-title elementor-size-default\">Lee m\u00e1s historias de \u00e9xito... <\/h2>\t\t\t\t<\/div>\n\t\t\t\t\t<\/div>\n\t\t<\/div>\n\t\t\t\t\t<\/div>\n\t\t<\/section>\n\t\t\t\t<section data-particle_enable=\"false\" data-particle-mobile-disabled=\"false\" class=\"elementor-section elementor-top-section elementor-element elementor-element-a8e0553 elementor-section-boxed elementor-section-height-default elementor-section-height-default\" data-id=\"a8e0553\" data-element_type=\"section\" data-e-type=\"section\">\n\t\t\t\t\t\t<div class=\"elementor-container elementor-column-gap-default\">\n\t\t\t\t\t<div class=\"elementor-column elementor-col-100 elementor-top-column elementor-element elementor-element-099d76b\" data-id=\"099d76b\" data-element_type=\"column\" data-e-type=\"column\">\n\t\t\t<div class=\"elementor-widget-wrap elementor-element-populated\">\n\t\t\t\t\t\t<div class=\"elementor-element elementor-element-722ba2a elementor-grid-eael-col-2 elementor-grid-tablet-eael-col-2 elementor-grid-mobile-eael-col-1 elementor-widget elementor-widget-eael-post-grid\" data-id=\"722ba2a\" data-element_type=\"widget\" data-e-type=\"widget\" data-settings=\"{&quot;eael_post_grid_columns&quot;:&quot;eael-col-2&quot;,&quot;eael_post_grid_columns_tablet&quot;:&quot;eael-col-2&quot;,&quot;eael_post_grid_columns_mobile&quot;:&quot;eael-col-1&quot;}\" data-widget_type=\"eael-post-grid.default\">\n\t\t\t\t\t<div id=\"eael-post-grid-722ba2a\" class=\"eael-post-grid-container\">\n            <div class=\"eael-post-grid eael-post-appender eael-post-appender-722ba2a eael-post-grid-style-one\" data-layout-mode=\"masonry\"><article class=\"eael-grid-post  eael-post-grid-column eael-pg-post-4731 category-exitos\" data-id=\"4731\">\n        <div class=\"eael-grid-post-holder\">\n            <div class=\"eael-grid-post-holder-inner\"><div class=\"eael-entry-media\"><div class=\"eael-entry-overlay fade-in\"><i class=\"fas fa-long-arrow-alt-right\" aria-hidden=\"true\"><\/i><a href=\"https:\/\/soymigrante.com\/revista\/sofia-valdez-migrante-guatemalteca-oklahoma-cafe-familiar-la-antigua\/\"><\/a><\/div><div class=\"eael-entry-thumbnail \">\n                <img decoding=\"async\" width=\"300\" height=\"217\" src=\"https:\/\/soymigrante.com\/revista\/wp-content\/uploads\/2024\/02\/cafe-antigua-300x217.webp\" class=\"attachment-medium size-medium wp-image-4735\" alt=\"Ana Sof\u00eda Valdez, una migrante guatemalteca, impulsa el restaurante Caf\u00e9 Antigua con su ingenio culinario, pero tambi\u00e9n sirve como un inspirador ejemplo de empoderamiento femenino.\" srcset=\"https:\/\/soymigrante.com\/revista\/wp-content\/uploads\/2024\/02\/cafe-antigua-300x217.webp 300w, https:\/\/soymigrante.com\/revista\/wp-content\/uploads\/2024\/02\/cafe-antigua-1024x740.webp 1024w, https:\/\/soymigrante.com\/revista\/wp-content\/uploads\/2024\/02\/cafe-antigua-768x555.webp 768w, https:\/\/soymigrante.com\/revista\/wp-content\/uploads\/2024\/02\/cafe-antigua-1536x1109.webp 1536w, https:\/\/soymigrante.com\/revista\/wp-content\/uploads\/2024\/02\/cafe-antigua-120x86.webp 120w, https:\/\/soymigrante.com\/revista\/wp-content\/uploads\/2024\/02\/cafe-antigua-750x542.webp 750w, https:\/\/soymigrante.com\/revista\/wp-content\/uploads\/2024\/02\/cafe-antigua-1140x823.webp 1140w, https:\/\/soymigrante.com\/revista\/wp-content\/uploads\/2024\/02\/cafe-antigua.webp 1800w\" sizes=\"(max-width: 300px) 100vw, 300px\" \/>\n            <\/div>\n        <\/div><div class=\"eael-entry-wrapper\"><header class=\"eael-entry-header\"><h2 class=\"eael-entry-title\"><a class=\"eael-grid-post-link\" href=\"https:\/\/soymigrante.com\/revista\/sofia-valdez-migrante-guatemalteca-oklahoma-cafe-familiar-la-antigua\/\" title=\"Migrante Sof\u00eda Valdez florece en el caf\u00e9 familiar La Antigua\">Migrante Sof\u00eda Valdez florece en el caf\u00e9 familiar La Antigua<\/a><\/h2><\/header><\/div><\/div>\n        <\/div>\n    <\/article><article class=\"eael-grid-post  eael-post-grid-column eael-pg-post-3422 category-exitos\" data-id=\"3422\">\n        <div class=\"eael-grid-post-holder\">\n            <div class=\"eael-grid-post-holder-inner\"><div class=\"eael-entry-media\"><div class=\"eael-entry-overlay fade-in\"><i class=\"fas fa-long-arrow-alt-right\" aria-hidden=\"true\"><\/i><a href=\"https:\/\/soymigrante.com\/revista\/el-nuevo-comienzo-de-dadiana-migrante-guatemalteca\/\"><\/a><\/div><div class=\"eael-entry-thumbnail \">\n                <img decoding=\"async\" width=\"300\" height=\"300\" src=\"https:\/\/soymigrante.com\/revista\/wp-content\/uploads\/2023\/11\/Matias-y-Dadiana--300x300.webp\" class=\"attachment-medium size-medium wp-image-3437\" alt=\"Dadiana y su hijo Mat\u00edas\" srcset=\"https:\/\/soymigrante.com\/revista\/wp-content\/uploads\/2023\/11\/Matias-y-Dadiana--300x300.webp 300w, https:\/\/soymigrante.com\/revista\/wp-content\/uploads\/2023\/11\/Matias-y-Dadiana--1024x1024.webp 1024w, https:\/\/soymigrante.com\/revista\/wp-content\/uploads\/2023\/11\/Matias-y-Dadiana--150x150.webp 150w, https:\/\/soymigrante.com\/revista\/wp-content\/uploads\/2023\/11\/Matias-y-Dadiana--768x768.webp 768w, https:\/\/soymigrante.com\/revista\/wp-content\/uploads\/2023\/11\/Matias-y-Dadiana--1536x1536.webp 1536w, https:\/\/soymigrante.com\/revista\/wp-content\/uploads\/2023\/11\/Matias-y-Dadiana--scaled.webp 1920w, https:\/\/soymigrante.com\/revista\/wp-content\/uploads\/2023\/11\/Matias-y-Dadiana--75x75.webp 75w, https:\/\/soymigrante.com\/revista\/wp-content\/uploads\/2023\/11\/Matias-y-Dadiana--750x750.webp 750w, https:\/\/soymigrante.com\/revista\/wp-content\/uploads\/2023\/11\/Matias-y-Dadiana--1140x1140.webp 1140w, https:\/\/soymigrante.com\/revista\/wp-content\/uploads\/2023\/11\/Matias-y-Dadiana--600x600.webp 600w\" sizes=\"(max-width: 300px) 100vw, 300px\" \/>\n            <\/div>\n        <\/div><div class=\"eael-entry-wrapper\"><header class=\"eael-entry-header\"><h2 class=\"eael-entry-title\"><a class=\"eael-grid-post-link\" href=\"https:\/\/soymigrante.com\/revista\/el-nuevo-comienzo-de-dadiana-migrante-guatemalteca\/\" title=\"El nuevo comienzo de Dadiana, comunicadora y migrante guatemalteca\u00a0\">El nuevo comienzo de Dadiana, comunicadora y migrante guatemalteca\u00a0<\/a><\/h2><\/header><\/div><\/div>\n        <\/div>\n    <\/article><article class=\"eael-grid-post  eael-post-grid-column eael-pg-post-2674 category-exitos\" data-id=\"2674\">\n        <div class=\"eael-grid-post-holder\">\n            <div class=\"eael-grid-post-holder-inner\"><div class=\"eael-entry-media\"><div class=\"eael-entry-overlay fade-in\"><i class=\"fas fa-long-arrow-alt-right\" aria-hidden=\"true\"><\/i><a href=\"https:\/\/soymigrante.com\/revista\/animado-corazon-migrante-de-raiz-guatemalteca-el-exitoso-productor-eric-tran\/\"><\/a><\/div><div class=\"eael-entry-thumbnail \">\n                <img loading=\"lazy\" decoding=\"async\" width=\"300\" height=\"226\" src=\"https:\/\/soymigrante.com\/revista\/wp-content\/uploads\/2023\/09\/otra-sipson-e1695655800134-300x226.webp\" class=\"attachment-medium size-medium wp-image-2689\" alt=\"Eric Tran, animador y cineasta estadounidense, de madre migrante guatemalteca\" srcset=\"https:\/\/soymigrante.com\/revista\/wp-content\/uploads\/2023\/09\/otra-sipson-e1695655800134-300x226.webp 300w, https:\/\/soymigrante.com\/revista\/wp-content\/uploads\/2023\/09\/otra-sipson-e1695655800134.webp 584w\" sizes=\"(max-width: 300px) 100vw, 300px\" \/>\n            <\/div>\n        <\/div><div class=\"eael-entry-wrapper\"><header class=\"eael-entry-header\"><h2 class=\"eael-entry-title\"><a class=\"eael-grid-post-link\" href=\"https:\/\/soymigrante.com\/revista\/animado-corazon-migrante-de-raiz-guatemalteca-el-exitoso-productor-eric-tran\/\" title=\"Un coraz\u00f3n migrante de ra\u00edz guatemalteca: el exitoso productor y animador Erick Tran\">Un coraz\u00f3n migrante de ra\u00edz guatemalteca: el exitoso productor y animador Erick Tran<\/a><\/h2><\/header><\/div><\/div>\n        <\/div>\n    <\/article><article class=\"eael-grid-post  eael-post-grid-column eael-pg-post-2207 category-exitos\" data-id=\"2207\">\n        <div class=\"eael-grid-post-holder\">\n            <div class=\"eael-grid-post-holder-inner\"><div class=\"eael-entry-media\"><div class=\"eael-entry-overlay fade-in\"><i class=\"fas fa-long-arrow-alt-right\" aria-hidden=\"true\"><\/i><a href=\"https:\/\/soymigrante.com\/revista\/migrante-rudy-figueroa-empresario-guatemalteco\/\"><\/a><\/div><div class=\"eael-entry-thumbnail \">\n                <img loading=\"lazy\" decoding=\"async\" width=\"300\" height=\"213\" src=\"https:\/\/soymigrante.com\/revista\/wp-content\/uploads\/2023\/08\/El-empresario-Rudy-Figueroa-celebra-a-distancia-se-comunica-por-plataformas-con-las-personas-de-su-aldea-1-300x213.webp\" class=\"attachment-medium size-medium wp-image-2241\" alt=\"A trav\u00e9s de videollamada, Rudy se alegra con las sonrisas y la gratitud de los ancianos de El Pilar, La Democracia.\" srcset=\"https:\/\/soymigrante.com\/revista\/wp-content\/uploads\/2023\/08\/El-empresario-Rudy-Figueroa-celebra-a-distancia-se-comunica-por-plataformas-con-las-personas-de-su-aldea-1-300x213.webp 300w, https:\/\/soymigrante.com\/revista\/wp-content\/uploads\/2023\/08\/El-empresario-Rudy-Figueroa-celebra-a-distancia-se-comunica-por-plataformas-con-las-personas-de-su-aldea-1-768x544.webp 768w, https:\/\/soymigrante.com\/revista\/wp-content\/uploads\/2023\/08\/El-empresario-Rudy-Figueroa-celebra-a-distancia-se-comunica-por-plataformas-con-las-personas-de-su-aldea-1-120x86.webp 120w, https:\/\/soymigrante.com\/revista\/wp-content\/uploads\/2023\/08\/El-empresario-Rudy-Figueroa-celebra-a-distancia-se-comunica-por-plataformas-con-las-personas-de-su-aldea-1-350x250.webp 350w, https:\/\/soymigrante.com\/revista\/wp-content\/uploads\/2023\/08\/El-empresario-Rudy-Figueroa-celebra-a-distancia-se-comunica-por-plataformas-con-las-personas-de-su-aldea-1-750x532.webp 750w, https:\/\/soymigrante.com\/revista\/wp-content\/uploads\/2023\/08\/El-empresario-Rudy-Figueroa-celebra-a-distancia-se-comunica-por-plataformas-con-las-personas-de-su-aldea-1.webp 896w\" sizes=\"(max-width: 300px) 100vw, 300px\" \/>\n            <\/div>\n        <\/div><div class=\"eael-entry-wrapper\"><header class=\"eael-entry-header\"><h2 class=\"eael-entry-title\"><a class=\"eael-grid-post-link\" href=\"https:\/\/soymigrante.com\/revista\/migrante-rudy-figueroa-empresario-guatemalteco\/\" title=\"Rudy Figueroa: Exitoso empresario guatemalteco que no olvida sus ra\u00edces\">Rudy Figueroa: Exitoso empresario guatemalteco que no olvida sus ra\u00edces<\/a><\/h2><\/header><\/div><\/div>\n        <\/div>\n    <\/article><article class=\"eael-grid-post  eael-post-grid-column eael-pg-post-1845 category-exitos tags-utah\" data-id=\"1845\">\n        <div class=\"eael-grid-post-holder\">\n            <div class=\"eael-grid-post-holder-inner\"><div class=\"eael-entry-media\"><div class=\"eael-entry-overlay fade-in\"><i class=\"fas fa-long-arrow-alt-right\" aria-hidden=\"true\"><\/i><a href=\"https:\/\/soymigrante.com\/revista\/arquitecto-maya-joaquin-universidad-utah\/\"><\/a><\/div><div class=\"eael-entry-thumbnail \">\n                <img loading=\"lazy\" decoding=\"async\" width=\"300\" height=\"221\" src=\"https:\/\/soymigrante.com\/revista\/wp-content\/uploads\/2023\/07\/Captura-de-pantalla-2023-07-13-224719-300x221.webp\" class=\"attachment-medium size-medium wp-image-1850\" alt=\"Joaqu\u00edn L\u00f3pez se encuentra estudiando el doctorado en planificaci\u00f3n urbana con enfoque ind\u00edgena en la Universidad de Utah. Espec\u00edficamente ha trabajado con la Naci\u00f3n Navajo.\" srcset=\"https:\/\/soymigrante.com\/revista\/wp-content\/uploads\/2023\/07\/Captura-de-pantalla-2023-07-13-224719-300x221.webp 300w, https:\/\/soymigrante.com\/revista\/wp-content\/uploads\/2023\/07\/Captura-de-pantalla-2023-07-13-224719-1024x756.webp 1024w, https:\/\/soymigrante.com\/revista\/wp-content\/uploads\/2023\/07\/Captura-de-pantalla-2023-07-13-224719-768x567.webp 768w, https:\/\/soymigrante.com\/revista\/wp-content\/uploads\/2023\/07\/Captura-de-pantalla-2023-07-13-224719-750x553.webp 750w, https:\/\/soymigrante.com\/revista\/wp-content\/uploads\/2023\/07\/Captura-de-pantalla-2023-07-13-224719-1140x841.webp 1140w, https:\/\/soymigrante.com\/revista\/wp-content\/uploads\/2023\/07\/Captura-de-pantalla-2023-07-13-224719.webp 1255w\" sizes=\"(max-width: 300px) 100vw, 300px\" \/>\n            <\/div>\n        <\/div><div class=\"eael-entry-wrapper\"><header class=\"eael-entry-header\"><h2 class=\"eael-entry-title\"><a class=\"eael-grid-post-link\" href=\"https:\/\/soymigrante.com\/revista\/arquitecto-maya-joaquin-universidad-utah\/\" title=\"Identidad maya viaja con arquitecto migrante Joaqu\u00edn L\u00f3pez\">Identidad maya viaja con arquitecto migrante Joaqu\u00edn L\u00f3pez<\/a><\/h2><\/header><\/div><\/div>\n        <\/div>\n    <\/article><article class=\"eael-grid-post  eael-post-grid-column eael-pg-post-235 category-exitos\" data-id=\"235\">\n        <div class=\"eael-grid-post-holder\">\n            <div class=\"eael-grid-post-holder-inner\"><div class=\"eael-entry-media\"><div class=\"eael-entry-overlay fade-in\"><i class=\"fas fa-long-arrow-alt-right\" aria-hidden=\"true\"><\/i><a href=\"https:\/\/soymigrante.com\/revista\/cronologia-ricardo-arjona\/\"><\/a><\/div><div class=\"eael-entry-thumbnail \">\n                <img loading=\"lazy\" decoding=\"async\" width=\"300\" height=\"169\" src=\"https:\/\/soymigrante.com\/revista\/wp-content\/uploads\/2023\/02\/1-EXITOS-ARJONA-A-300x169.webp\" class=\"attachment-medium size-medium wp-image-236\" alt=\"\" srcset=\"https:\/\/soymigrante.com\/revista\/wp-content\/uploads\/2023\/02\/1-EXITOS-ARJONA-A-300x169.webp 300w, https:\/\/soymigrante.com\/revista\/wp-content\/uploads\/2023\/02\/1-EXITOS-ARJONA-A-1024x576.jpg 1024w, https:\/\/soymigrante.com\/revista\/wp-content\/uploads\/2023\/02\/1-EXITOS-ARJONA-A-768x432.jpg 768w, https:\/\/soymigrante.com\/revista\/wp-content\/uploads\/2023\/02\/1-EXITOS-ARJONA-A-750x422.webp 750w, https:\/\/soymigrante.com\/revista\/wp-content\/uploads\/2023\/02\/1-EXITOS-ARJONA-A-1140x641.jpg 1140w, https:\/\/soymigrante.com\/revista\/wp-content\/uploads\/2023\/02\/1-EXITOS-ARJONA-A.webp 1280w\" sizes=\"(max-width: 300px) 100vw, 300px\" \/>\n            <\/div>\n        <\/div><div class=\"eael-entry-wrapper\"><header class=\"eael-entry-header\"><h2 class=\"eael-entry-title\"><a class=\"eael-grid-post-link\" href=\"https:\/\/soymigrante.com\/revista\/cronologia-ricardo-arjona\/\" title=\"Ricardo Arjona: una cronolog\u00eda migrante desde antes de nacer\">Ricardo Arjona: una cronolog\u00eda migrante desde antes de nacer<\/a><\/h2><\/header><\/div><\/div>\n        <\/div>\n    <\/article><\/div>\n            <div class=\"clearfix\"><\/div>\n        <\/div>            <div class=\"eael-load-more-button-wrap eael-force-hide\">\n                <button class=\"eael-load-more-button\" id=\"eael-load-more-btn-722ba2a\" data-widget-id=\"722ba2a\" data-widget=\"722ba2a\" data-page-id=\"4809\" data-template=\"{&quot;dir&quot;:&quot;lite&quot;,&quot;file_name&quot;:&quot;one.php&quot;,&quot;name&quot;:&quot;Post-Grid&quot;}\" data-class=\"Essential_Addons_Elementor\\Elements\\Post_Grid\" data-layout=\"masonry\" data-page=\"1\" data-args=\"orderby=date&amp;order=desc&amp;ignore_sticky_posts=1&amp;post_status=publish&amp;posts_per_page=6&amp;offset=0&amp;post_type=any&amp;post__in%5B0%5D=2207&amp;post__in%5B1%5D=2674&amp;post__in%5B2%5D=235&amp;post__in%5B3%5D=223&amp;post__in%5B4%5D=1845&amp;post__in%5B5%5D=3422&amp;post__in%5B6%5D=4731\" data-max-page=\"2\">\n                    <span class=\"eael-btn-loader button__loader\"><\/span>\n                    <span class=\"eael_load_more_text\">Cargar m\u00e1s<\/span>\n                <\/button>\n            <\/div>\n            \t\t\t\t<\/div>\n\t\t\t\t\t<\/div>\n\t\t<\/div>\n\t\t\t\t\t<\/div>\n\t\t<\/section>\n\t\t\t\t<\/div>\n\t\t","protected":false},"excerpt":{"rendered":"<p>Brian De Le\u00f3n promovi\u00f3 el proyecto de donar \u00fatiles escolares a ni\u00f1os de comunidades de Palestina de Los Altos, Quetzaltenango y Comitancillo, San Marcos, Guatemala. Con el respaldo de su familia, amigos y la comunidad migrante, m\u00e1s de 700 ni\u00f1os fueron beneficiados. Brian lleg\u00f3 a Guatemala por una semana para visitar a su familia y [&hellip;]<\/p>\n","protected":false},"author":10,"featured_media":4815,"comment_status":"open","ping_status":"open","sticky":false,"template":"","format":"standard","meta":{"_acf_changed":false,"_eb_attr":"","footnotes":""},"categories":[50],"tags":[],"class_list":["post-4809","post","type-post","status-publish","format-standard","has-post-thumbnail","hentry","category-exitos"],"acf":[],"aioseo_notices":[],"aioseo_head":"\n\t\t<!-- All in One SEO Pro 4.9.6.2 - aioseo.com -->\n\t<meta name=\"description\" content=\"Ser migrante fue un salto de fe para el cantautor guatemalteco Ricardo Arjona. Al igual que para muchos otros connacionales que se han marchado fuera del pa\u00eds, especialmente a EE.UU., en busca de oportunidades de \u00e9xito, no fue un camino sencillo ni breve. Con base en una autobiograf\u00eda publicada como parte del folleto de un \u00e1lbum en 2005 y datos de diversas entrevistas durante sus giras, se construye esta cronolog\u00eda que inicia hace m\u00e1s de siglo y medio.\" \/>\n\t<meta name=\"robots\" content=\"max-snippet:-1, max-image-preview:large, max-video-preview:-1\" \/>\n\t<meta name=\"author\" content=\"SoyMigrante.com REVISTA\"\/>\n\t<link rel=\"canonical\" href=\"https:\/\/soymigrante.com\/revista\/cronologia-ricardo-arjona\/\" \/>\n\t<meta name=\"generator\" content=\"All in One SEO Pro (AIOSEO) 4.9.6.2\" \/>\n\n\t\t<link rel=\"preconnect\" href=\"https:\/\/fonts.googleapis.com\" crossorigin>\n<link rel=\"preconnect\" href=\"https:\/\/fonts.gstatic.com\" crossorigin>\n\t\t<meta property=\"og:locale\" content=\"es_ES\" \/>\n\t\t<meta property=\"og:site_name\" content=\"SoyMigrante.com REVISTA \u2013 Nuestra misi\u00f3n es reconocer y dignificar al migrante.\" \/>\n\t\t<meta property=\"og:type\" content=\"article\" \/>\n\t\t<meta property=\"og:title\" content=\"Ricardo Arjona: una cronolog\u00eda migrante desde antes de nacer\" \/>\n\t\t<meta property=\"og:description\" content=\"Ser migrante fue un salto de fe para el cantautor guatemalteco Ricardo Arjona. Al igual que para muchos otros connacionales que se han marchado fuera del pa\u00eds, especialmente a EE.UU., en busca de oportunidades de \u00e9xito, no fue un camino sencillo ni breve. Con base en una autobiograf\u00eda publicada como parte del folleto de un \u00e1lbum en 2005 y datos de diversas entrevistas durante sus giras, se construye esta cronolog\u00eda que inicia hace m\u00e1s de siglo y medio.\" \/>\n\t\t<meta property=\"og:url\" content=\"https:\/\/soymigrante.com\/revista\/cronologia-ricardo-arjona\/\" \/>\n\t\t<meta property=\"og:image\" content=\"https:\/\/soymigrante.com\/revista\/wp-content\/uploads\/2023\/02\/1-EXITOS-ARJONA-A.webp\" \/>\n\t\t<meta property=\"og:image:secure_url\" content=\"https:\/\/soymigrante.com\/revista\/wp-content\/uploads\/2023\/02\/1-EXITOS-ARJONA-A.webp\" \/>\n\t\t<meta property=\"og:image:width\" content=\"1280\" \/>\n\t\t<meta property=\"og:image:height\" content=\"720\" \/>\n\t\t<meta property=\"article:published_time\" content=\"2023-05-26T00:48:12+00:00\" \/>\n\t\t<meta property=\"article:modified_time\" content=\"2024-06-25T22:20:19+00:00\" \/>\n\t\t<meta property=\"article:publisher\" content=\"https:\/\/www.facebook.com\/soymigrantecom\" \/>\n\t\t<meta name=\"twitter:card\" content=\"summary_large_image\" \/>\n\t\t<meta name=\"twitter:site\" content=\"@SoyMigrante_com\" \/>\n\t\t<meta name=\"twitter:title\" content=\"Ricardo Arjona: una cronolog\u00eda migrante desde antes de nacer\" \/>\n\t\t<meta name=\"twitter:description\" content=\"Ser migrante fue un salto de fe para el cantautor guatemalteco Ricardo Arjona. Al igual que para muchos otros connacionales que se han marchado fuera del pa\u00eds, especialmente a EE.UU., en busca de oportunidades de \u00e9xito, no fue un camino sencillo ni breve. Con base en una autobiograf\u00eda publicada como parte del folleto de un \u00e1lbum en 2005 y datos de diversas entrevistas durante sus giras, se construye esta cronolog\u00eda que inicia hace m\u00e1s de siglo y medio.\" \/>\n\t\t<meta name=\"twitter:creator\" content=\"@SoyMigrante_com\" \/>\n\t\t<meta name=\"twitter:image\" content=\"https:\/\/soymigrante.com\/revista\/wp-content\/uploads\/2023\/02\/1-EXITOS-ARJONA-A.webp\" \/>\n\t\t<!-- All in One SEO Pro -->\r\n\t\t<title>Ricardo Arjona: una cronolog\u00eda migrante desde antes de nacer<\/title>\n\n","aioseo_head_json":{"title":"Ricardo Arjona: una cronolog\u00eda migrante desde antes de nacer","description":"Ser migrante fue un salto de fe para el cantautor guatemalteco Ricardo Arjona. Al igual que para muchos otros connacionales que se han marchado fuera del pa\u00eds, especialmente a EE.UU., en busca de oportunidades de \u00e9xito, no fue un camino sencillo ni breve. Con base en una autobiograf\u00eda publicada como parte del folleto de un \u00e1lbum en 2005 y datos de diversas entrevistas durante sus giras, se construye esta cronolog\u00eda que inicia hace m\u00e1s de siglo y medio.","canonical_url":"https:\/\/soymigrante.com\/revista\/cronologia-ricardo-arjona\/","robots":"max-snippet:-1, max-image-preview:large, max-video-preview:-1","keywords":"","webmasterTools":{"miscellaneous":"&lt;link rel=\"preconnect\" href=\"https:\/\/fonts.googleapis.com\" crossorigin&gt;\n&lt;link rel=\"preconnect\" href=\"https:\/\/fonts.gstatic.com\" crossorigin&gt;"},"schema":null,"og:locale":"es_ES","og:site_name":"SoyMigrante.com REVISTA \u2013 Nuestra misi\u00f3n es reconocer y dignificar al migrante.","og:type":"article","og:title":"Ricardo Arjona: una cronolog\u00eda migrante desde antes de nacer","og:description":"Ser migrante fue un salto de fe para el cantautor guatemalteco Ricardo Arjona. Al igual que para muchos otros connacionales que se han marchado fuera del pa\u00eds, especialmente a EE.UU., en busca de oportunidades de \u00e9xito, no fue un camino sencillo ni breve. Con base en una autobiograf\u00eda publicada como parte del folleto de un \u00e1lbum en 2005 y datos de diversas entrevistas durante sus giras, se construye esta cronolog\u00eda que inicia hace m\u00e1s de siglo y medio.","og:url":"https:\/\/soymigrante.com\/revista\/cronologia-ricardo-arjona\/","og:image":"https:\/\/soymigrante.com\/revista\/wp-content\/uploads\/2023\/02\/1-EXITOS-ARJONA-A.webp","og:image:secure_url":"https:\/\/soymigrante.com\/revista\/wp-content\/uploads\/2023\/02\/1-EXITOS-ARJONA-A.webp","og:image:width":1280,"og:image:height":720,"article:published_time":"2023-05-26T00:48:12+00:00","article:modified_time":"2024-06-25T22:20:19+00:00","article:publisher":"https:\/\/www.facebook.com\/soymigrantecom","twitter:card":"summary_large_image","twitter:site":"@SoyMigrante_com","twitter:title":"Ricardo Arjona: una cronolog\u00eda migrante desde antes de nacer","twitter:description":"Ser migrante fue un salto de fe para el cantautor guatemalteco Ricardo Arjona. Al igual que para muchos otros connacionales que se han marchado fuera del pa\u00eds, especialmente a EE.UU., en busca de oportunidades de \u00e9xito, no fue un camino sencillo ni breve. Con base en una autobiograf\u00eda publicada como parte del folleto de un \u00e1lbum en 2005 y datos de diversas entrevistas durante sus giras, se construye esta cronolog\u00eda que inicia hace m\u00e1s de siglo y medio.","twitter:creator":"@SoyMigrante_com","twitter:image":"https:\/\/soymigrante.com\/revista\/wp-content\/uploads\/2023\/02\/1-EXITOS-ARJONA-A.webp"},"aioseo_meta_data":{"post_id":"4809","title":null,"description":"Migrante guatemaltec m\u00edster Oklahoma, se propone contribuir a la educaci\u00f3n con la donaci\u00f3n de \u00fatiles escolares en su tierra natal Palestina de Los Altos","keywords":[],"keyphrases":{"focus":{"keyphrase":"migrante","score":82,"analysis":{"keyphraseInTitle":{"score":9,"maxScore":9,"error":0},"keyphraseInDescription":{"score":9,"maxScore":9,"error":0},"keyphraseLength":{"score":9,"maxScore":9,"error":0,"length":1},"keyphraseInURL":{"score":5,"maxScore":5,"error":0},"keyphraseInIntroduction":{"score":3,"maxScore":9,"error":1},"keyphraseInSubHeadings":{"score":3,"maxScore":9,"error":1},"keyphraseInImageAlt":{"score":9,"maxScore":9,"error":0},"keywordDensity":{"type":"best","score":9,"maxScore":9,"error":0}}},"additional":[]},"primary_term":null,"canonical_url":null,"og_title":null,"og_description":null,"og_object_type":"default","og_image_type":"default","og_image_url":null,"og_image_width":null,"og_image_height":null,"og_image_custom_url":null,"og_image_custom_fields":null,"og_video":"","og_custom_url":null,"og_article_section":null,"og_article_tags":[],"twitter_use_og":false,"twitter_card":"default","twitter_image_type":"default","twitter_image_url":null,"twitter_image_custom_url":null,"twitter_image_custom_fields":null,"twitter_title":null,"twitter_description":null,"schema":{"blockGraphs":[],"customGraphs":[],"default":{"data":{"Article":[],"Course":[],"Dataset":[],"FAQPage":[],"Movie":[],"Person":[],"Product":[],"ProductReview":[],"Car":[],"Recipe":[],"Service":[],"SoftwareApplication":[],"WebPage":[]},"graphName":"BlogPosting","isEnabled":true},"graphs":[]},"schema_type":"default","schema_type_options":null,"pillar_content":false,"robots_default":true,"robots_noindex":false,"robots_noarchive":false,"robots_nosnippet":false,"robots_nofollow":false,"robots_noimageindex":false,"robots_noodp":false,"robots_notranslate":false,"robots_max_snippet":"-1","robots_max_videopreview":"-1","robots_max_imagepreview":"large","priority":null,"frequency":"default","local_seo":null,"seo_analyzer_scan_date":"2025-10-08 21:08:19","breadcrumb_settings":null,"limit_modified_date":false,"reviewed_by":null,"open_ai":null,"ai":null,"created":"2024-02-09 07:55:35","updated":"2026-02-04 10:53:48"},"aioseo_breadcrumb":"<div class=\"aioseo-breadcrumbs\"><span class=\"aioseo-breadcrumb\">\n\t<a href=\"https:\/\/soymigrante.com\/revista\" title=\"Home\">Home<\/a>\n<\/span><span class=\"aioseo-breadcrumb-separator\">\u00bb<\/span><span class=\"aioseo-breadcrumb\">\n\t<a href=\"https:\/\/soymigrante.com\/revista\/category\/exitos\/\" title=\"\u00c9xitos\">\u00c9xitos<\/a>\n<\/span><span class=\"aioseo-breadcrumb-separator\">\u00bb<\/span><span class=\"aioseo-breadcrumb\">\n\tM\u00edster Oklahoma Brian de Le\u00f3n entrega donativo migrante en Guatemala\n<\/span><\/div>","aioseo_breadcrumb_json":[{"label":"Home","link":"https:\/\/soymigrante.com\/revista"},{"label":"\u00c9xitos","link":"https:\/\/soymigrante.com\/revista\/category\/exitos\/"},{"label":"M\u00edster Oklahoma Brian de Le\u00f3n entrega donativo migrante en Guatemala","link":"https:\/\/soymigrante.com\/revista\/migrante-mister-oklahoma-donativo-utiles-escolares-guatemala\/"}],"_links":{"self":[{"href":"https:\/\/soymigrante.com\/revista\/wp-json\/wp\/v2\/posts\/4809","targetHints":{"allow":["GET"]}}],"collection":[{"href":"https:\/\/soymigrante.com\/revista\/wp-json\/wp\/v2\/posts"}],"about":[{"href":"https:\/\/soymigrante.com\/revista\/wp-json\/wp\/v2\/types\/post"}],"author":[{"embeddable":true,"href":"https:\/\/soymigrante.com\/revista\/wp-json\/wp\/v2\/users\/10"}],"replies":[{"embeddable":true,"href":"https:\/\/soymigrante.com\/revista\/wp-json\/wp\/v2\/comments?post=4809"}],"version-history":[{"count":0,"href":"https:\/\/soymigrante.com\/revista\/wp-json\/wp\/v2\/posts\/4809\/revisions"}],"wp:featuredmedia":[{"embeddable":true,"href":"https:\/\/soymigrante.com\/revista\/wp-json\/wp\/v2\/media\/4815"}],"wp:attachment":[{"href":"https:\/\/soymigrante.com\/revista\/wp-json\/wp\/v2\/media?parent=4809"}],"wp:term":[{"taxonomy":"category","embeddable":true,"href":"https:\/\/soymigrante.com\/revista\/wp-json\/wp\/v2\/categories?post=4809"},{"taxonomy":"post_tag","embeddable":true,"href":"https:\/\/soymigrante.com\/revista\/wp-json\/wp\/v2\/tags?post=4809"}],"curies":[{"name":"wp","href":"https:\/\/api.w.org\/{rel}","templated":true}]}}