{"id":48062,"date":"2025-11-03T06:47:06","date_gmt":"2025-11-03T12:47:06","guid":{"rendered":"https:\/\/soymigrante.com\/revista\/?p=48062"},"modified":"2025-11-03T06:54:43","modified_gmt":"2025-11-03T12:54:43","slug":"ninos-nacidos-en-usa-enviados-a-guatemala-tras-deportacion-de-sus-padres","status":"publish","type":"post","link":"https:\/\/soymigrante.com\/revista\/ninos-nacidos-en-usa-enviados-a-guatemala-tras-deportacion-de-sus-padres\/","title":{"rendered":"Ni\u00f1os nacidos en USA enviados a Guatemala tras deportaci\u00f3n de sus padres"},"content":{"rendered":"\t\t<div data-elementor-type=\"wp-post\" data-elementor-id=\"48062\" class=\"elementor elementor-48062\" data-elementor-post-type=\"post\">\n\t\t\t\t<div data-particle_enable=\"false\" data-particle-mobile-disabled=\"false\" class=\"elementor-element elementor-element-1350deb e-flex e-con-boxed e-con e-parent\" data-id=\"1350deb\" data-element_type=\"container\" data-e-type=\"container\">\n\t\t\t\t\t<div class=\"e-con-inner\">\n\t\t\t\t<div class=\"elementor-element elementor-element-edb40df elementor-widget elementor-widget-heading\" data-id=\"edb40df\" data-element_type=\"widget\" data-e-type=\"widget\" data-widget_type=\"heading.default\">\n\t\t\t\t\t<h2 class=\"elementor-heading-title elementor-size-default\">Guatemalan Maya Center en Florida apoya a ni\u00f1os, nacidos en USA, que quedaron solos por la deportaci\u00f3n de sus padres a Guatemala. Es una de las realidades m\u00e1s duras de la pol\u00edtica contra migrantes.<\/h2>\t\t\t\t<\/div>\n\t\t\t\t\t<\/div>\n\t\t\t\t<\/div>\n\t\t<div data-particle_enable=\"false\" data-particle-mobile-disabled=\"false\" class=\"elementor-element elementor-element-411cd60 e-flex e-con-boxed e-con e-parent\" data-id=\"411cd60\" data-element_type=\"container\" data-e-type=\"container\">\n\t\t\t\t\t<div class=\"e-con-inner\">\n\t\t\t\t<div class=\"elementor-element elementor-element-e623eae elementor-widget elementor-widget-text-editor\" data-id=\"e623eae\" data-element_type=\"widget\" data-e-type=\"widget\" data-widget_type=\"text-editor.default\">\n\t\t\t\t\t\t\t\t\t<p>Alejandro, Beatriz, Lissette, Antonio: son algunos de los rostros m\u00e1s recientes de una tragedia silenciosa que crece en Estados Unidos: ni\u00f1os ciudadanos estadounidenses que deben abandonar el pa\u00eds donde han nacido, crecido, estudiado, para reunirse en Guatemala con sus padres <a href=\"https:\/\/soymigrante.com\/revista\/van-527-mil-deportados-en-2025-reporta-gobierno-de-estados-unidos\/\">deportados<\/a>.<\/p><p>El 9 de octubre, cuatro menores volaron desde Miami hacia la Ciudad de Guatemala, donde los esperaban sus madres despu\u00e9s de meses de separaci\u00f3n forzada por las redadas migratorias del gobierno estadounidense.\u00a0<\/p><p>El apoyo para esta reunificaci\u00f3n fue aportado por el <a href=\"https:\/\/www.guatemalanmaya.org\/\"><strong>Guatemalan Maya Center<\/strong>, una organizaci\u00f3n sin fines de lucro<\/a> con sede en Lake Worth Beach, Florida, que ha acompa\u00f1ado a decenas de familias guatemaltecas e ind\u00edgenas afectadas por la pol\u00edtica de deportaciones.<\/p>\t\t\t\t\t\t\t\t<\/div>\n\t\t\t\t\t<\/div>\n\t\t\t\t<\/div>\n\t\t<div data-particle_enable=\"false\" data-particle-mobile-disabled=\"false\" class=\"elementor-element elementor-element-473cea3 e-flex e-con-boxed e-con e-parent\" data-id=\"473cea3\" data-element_type=\"container\" data-e-type=\"container\">\n\t\t\t\t\t<div class=\"e-con-inner\">\n\t\t\t\t<div class=\"elementor-element elementor-element-193bdf2 elementor-widget elementor-widget-image\" data-id=\"193bdf2\" data-element_type=\"widget\" data-e-type=\"widget\" data-widget_type=\"image.default\">\n\t\t\t\t\t\t\t\t\t\t\t\t<figure class=\"wp-caption\">\n\t\t\t\t\t\t\t\t\t\t\t<a href=\"https:\/\/www.guatemalanmaya.org\/\">\n\t\t\t\t\t\t\t<img fetchpriority=\"high\" decoding=\"async\" width=\"1140\" height=\"855\" src=\"https:\/\/soymigrante.com\/revista\/wp-content\/uploads\/2025\/11\/guatemalan-maya-center-4-1140x855.jpg\" class=\"attachment-large size-large wp-image-48066\" alt=\"Ni\u00f1os nacidos en Estados Unidos en el aeropuerto La Aurora de Guatemala, un pa\u00eds que nunca han conocido, donde se reunieron con sus padres que fueron deportados. (Foto Guatemalan Maya Center)\" srcset=\"https:\/\/soymigrante.com\/revista\/wp-content\/uploads\/2025\/11\/guatemalan-maya-center-4-1140x855.jpg 1140w, https:\/\/soymigrante.com\/revista\/wp-content\/uploads\/2025\/11\/guatemalan-maya-center-4-300x225.jpg 300w, https:\/\/soymigrante.com\/revista\/wp-content\/uploads\/2025\/11\/guatemalan-maya-center-4-768x576.jpg 768w, https:\/\/soymigrante.com\/revista\/wp-content\/uploads\/2025\/11\/guatemalan-maya-center-4-750x563.jpg 750w, https:\/\/soymigrante.com\/revista\/wp-content\/uploads\/2025\/11\/guatemalan-maya-center-4.jpg 1440w\" sizes=\"(max-width: 1140px) 100vw, 1140px\" title=\"Ni\u00f1os nacidos en Estados Unidos en el aeropuerto La Aurora de Guatemala, un pa\u00eds que nunca han conocido, donde se reunieron con sus padres que fueron deportados. (Foto Guatemalan Maya Center) \u2013 SoyMigrante.com REVISTA\" \/>\t\t\t\t\t\t\t\t<\/a>\n\t\t\t\t\t\t\t\t\t\t\t<figcaption class=\"widget-image-caption wp-caption-text\">Ni\u00f1os nacidos en Estados Unidos en el aeropuerto La Aurora de Guatemala, un pa\u00eds que nunca han conocido, donde se reunieron con sus padres que fueron deportados. (Foto Guatemalan Maya Center)<\/figcaption>\n\t\t\t\t\t\t\t\t\t\t<\/figure>\n\t\t\t\t\t\t\t\t\t<\/div>\n\t\t\t\t\t<\/div>\n\t\t\t\t<\/div>\n\t\t<div data-particle_enable=\"false\" data-particle-mobile-disabled=\"false\" class=\"elementor-element elementor-element-db538aa e-flex e-con-boxed e-con e-parent\" data-id=\"db538aa\" data-element_type=\"container\" data-e-type=\"container\">\n\t\t\t\t\t<div class=\"e-con-inner\">\n\t\t\t\t<div class=\"elementor-element elementor-element-f6ff2f6 elementor-widget elementor-widget-heading\" data-id=\"f6ff2f6\" data-element_type=\"widget\" data-e-type=\"widget\" data-widget_type=\"heading.default\">\n\t\t\t\t\t<h3 class=\"elementor-heading-title elementor-size-default\">Beatriz lleg\u00f3 y ya no estaba su mam\u00e1<\/h3>\t\t\t\t<\/div>\n\t\t\t\t\t<\/div>\n\t\t\t\t<\/div>\n\t\t<div data-particle_enable=\"false\" data-particle-mobile-disabled=\"false\" class=\"elementor-element elementor-element-a7456ea e-flex e-con-boxed e-con e-parent\" data-id=\"a7456ea\" data-element_type=\"container\" data-e-type=\"container\">\n\t\t\t\t\t<div class=\"e-con-inner\">\n\t\t\t\t<div class=\"elementor-element elementor-element-33ed80a elementor-widget elementor-widget-text-editor\" data-id=\"33ed80a\" data-element_type=\"widget\" data-e-type=\"widget\" data-widget_type=\"text-editor.default\">\n\t\t\t\t\t\t\t\t\t<p>En una tarde de Agosto, Beatriz regres\u00f3 de la escuela a su casa y su mam\u00e1 no estaba all\u00ed. Beatriz esper\u00f3 y esper\u00f3, pero su mam\u00e1 nunca apareci\u00f3, relata<a href=\"https:\/\/www.palmbeachpost.com\/news\/\"> la periodista Valentina Palm en una nota de The Palm Beach Post.\u00a0<\/a> Un vecino vi\u00f3, de noche, que la ni\u00f1a estaba sola y avis\u00f3 al <a href=\"https:\/\/www.guatemalanmaya.org\/\">Guatemalan Maya Center. <\/a>La madre de Beatriz hab\u00eda sido detenida por agentes migratorios.\u00a0<\/p><p>La ni\u00f1a tuvo que ir de casa en casa durante los siguientes dos meses hasta que un medio hermano la tuvo a su cuidado. La ni\u00f1a fue enviada como refugiada a Guatemala, para reunirse con su mam\u00e1, que hab\u00eda sido deportada.\u00a0\u00a0<span style=\"font-family: Roboto, sans-serif; font-size: 22px; font-style: normal; font-variant-ligatures: normal; font-variant-caps: normal; font-weight: 400;\">\u201cAunque va a un pa\u00eds completamente ajeno, para ella el hogar es donde est\u00e1 su mam\u00e1\u201d, relat\u00f3 Blanco.<\/span><\/p><p><a href=\"https:\/\/www.palmbeachpost.com\/news\/\">Ver la nota completa en ingl\u00e9s.<\/a><\/p>\t\t\t\t\t\t\t\t<\/div>\n\t\t\t\t\t<\/div>\n\t\t\t\t<\/div>\n\t\t<div data-particle_enable=\"false\" data-particle-mobile-disabled=\"false\" class=\"elementor-element elementor-element-0fd9600 e-flex e-con-boxed e-con e-parent\" data-id=\"0fd9600\" data-element_type=\"container\" data-e-type=\"container\">\n\t\t\t\t\t<div class=\"e-con-inner\">\n\t\t\t\t<div class=\"elementor-element elementor-element-40aa89b elementor-widget elementor-widget-image\" data-id=\"40aa89b\" data-element_type=\"widget\" data-e-type=\"widget\" data-widget_type=\"image.default\">\n\t\t\t\t\t\t\t\t\t\t\t\t<figure class=\"wp-caption\">\n\t\t\t\t\t\t\t\t\t\t<img decoding=\"async\" width=\"768\" height=\"1024\" src=\"https:\/\/soymigrante.com\/revista\/wp-content\/uploads\/2025\/11\/deportados-ninos-nacidos-en-estados-unidos-768x1024.jpg\" class=\"attachment-large size-large wp-image-48067\" alt=\"Un familiar de dos ni\u00f1os se despide de ellos poco antes de que aborden un vuelo hacia Guatemala para reunirse con su mam\u00e1, que fue deportada. (Foto Guatemalan Maya Center)\" srcset=\"https:\/\/soymigrante.com\/revista\/wp-content\/uploads\/2025\/11\/deportados-ninos-nacidos-en-estados-unidos-768x1024.jpg 768w, https:\/\/soymigrante.com\/revista\/wp-content\/uploads\/2025\/11\/deportados-ninos-nacidos-en-estados-unidos-225x300.jpg 225w, https:\/\/soymigrante.com\/revista\/wp-content\/uploads\/2025\/11\/deportados-ninos-nacidos-en-estados-unidos-1152x1536.jpg 1152w, https:\/\/soymigrante.com\/revista\/wp-content\/uploads\/2025\/11\/deportados-ninos-nacidos-en-estados-unidos-750x1000.jpg 750w, https:\/\/soymigrante.com\/revista\/wp-content\/uploads\/2025\/11\/deportados-ninos-nacidos-en-estados-unidos-1140x1520.jpg 1140w, https:\/\/soymigrante.com\/revista\/wp-content\/uploads\/2025\/11\/deportados-ninos-nacidos-en-estados-unidos.jpg 1200w\" sizes=\"(max-width: 768px) 100vw, 768px\" title=\"Un familiar de dos ni\u00f1os se despide de ellos poco antes de que aborden un vuelo hacia Guatemala para reunirse con su mam\u00e1, que fue deportada. (Foto Guatemalan Maya Center) \u2013 SoyMigrante.com REVISTA\" \/>\t\t\t\t\t\t\t\t\t\t\t<figcaption class=\"widget-image-caption wp-caption-text\">Un familiar de dos ni\u00f1os se despide de ellos poco antes de que aborden un vuelo hacia Guatemala para reunirse con su mam\u00e1, que fue deportada. (Foto Guatemalan Maya Center)<\/figcaption>\n\t\t\t\t\t\t\t\t\t\t<\/figure>\n\t\t\t\t\t\t\t\t\t<\/div>\n\t\t\t\t\t<\/div>\n\t\t\t\t<\/div>\n\t\t<div data-particle_enable=\"false\" data-particle-mobile-disabled=\"false\" class=\"elementor-element elementor-element-90a6631 e-flex e-con-boxed e-con e-parent\" data-id=\"90a6631\" data-element_type=\"container\" data-e-type=\"container\">\n\t\t\t\t\t<div class=\"e-con-inner\">\n\t\t\t\t<div class=\"elementor-element elementor-element-fd06768 elementor-widget elementor-widget-heading\" data-id=\"fd06768\" data-element_type=\"widget\" data-e-type=\"widget\" data-widget_type=\"heading.default\">\n\t\t\t\t\t<h3 class=\"elementor-heading-title elementor-size-default\">Historias de separaci\u00f3n<\/h3>\t\t\t\t<\/div>\n\t\t\t\t\t<\/div>\n\t\t\t\t<\/div>\n\t\t<div data-particle_enable=\"false\" data-particle-mobile-disabled=\"false\" class=\"elementor-element elementor-element-7675313 e-flex e-con-boxed e-con e-parent\" data-id=\"7675313\" data-element_type=\"container\" data-e-type=\"container\">\n\t\t\t\t\t<div class=\"e-con-inner\">\n\t\t\t\t<div class=\"elementor-element elementor-element-dc3a44a elementor-widget elementor-widget-text-editor\" data-id=\"dc3a44a\" data-element_type=\"widget\" data-e-type=\"widget\" data-widget_type=\"text-editor.default\">\n\t\t\t\t\t\t\t\t\t<p>Alejandro, de 12 a\u00f1os, fue el mayor de siete hermanos que quedaron solos cuando sus padres fueron detenidos y deportados. Nacido en Guatemala pero criado en Palm Beach County, hab\u00eda encontrado en la <a href=\"https:\/\/soymigrante.com\/revista\/ya-suenan-las-practicas-de-bandas-escolares-de-guatemala-rumbo-al-15-de-septiembre\/\">banda escolar<\/a> un refugio y un s\u00edmbolo de pertenencia. Le ilusionaba tocar la trompeta.\u00a0<\/p><p>Por ello, antes de partir hacia <a href=\"https:\/\/soymigrante.com\/revista\/22-departamentos-de-guatemala-un-corazon-multicultural-compartido\/\">Guatemala,<\/a> un sacerdote le regal\u00f3 otro instrumento, para que siguiera tocando en su nuevo hogar. \u201cFue devastador \u2014dijo Mariana Blanco, directora del Guatemalan Maya Center\u2014. Sab\u00eda que al llegar a Guatemala tendr\u00eda que dejar los estudios y comenzar a trabajar\u201d.<\/p><p>El propio centro relat\u00f3 as\u00ed el caso:<\/p><blockquote><p><i>\u201cRecibimos una de esas llamadas que nunca queremos recibir: siete hermanos, todos menores de 12 a\u00f1os, se hab\u00edan quedado solos. Sus padres salieron a comprar un desayuno especial y nunca regresaron. Hab\u00edan sido detenidos por ICE. Inmediatamente comenzamos a trabajar para reunir a la familia. Coordinamos documentos con el consulado, recaudamos fondos para los boletos y encontramos acompa\u00f1antes que viajaran con ellos. Gracias a nuestras alianzas y donantes, cubrimos m\u00e1s de 2,000 d\u00f3lares en gastos\u201d, public\u00f3 el Guatemalan Maya Center.<\/i><\/p><\/blockquote><p>A d\u00edas del vuelo, el ni\u00f1o mayor \u2014Alejandro\u2014 rompi\u00f3 en llanto al saber que deb\u00eda dejar atr\u00e1s su escuela, sus amigos y su reci\u00e9n estrenado lugar en la banda musical. \u201cBuscamos por todos lados hasta que el padre Frank encontr\u00f3 una trompeta para que se llevara un pedacito de su hogar a Guatemala\u201d, agreg\u00f3 la organizaci\u00f3n.<\/p><p>Para Lissette, de 10 a\u00f1os, y su hermano Antonio, de 6, el reencuentro signific\u00f3 tambi\u00e9n una despedida. Su padre, Mauricio, los ayud\u00f3 a vestirse y pein\u00f3 a Lissette por \u00faltima vez. En el aeropuerto, entre abrazos y l\u00e1grimas, la ni\u00f1a comprendi\u00f3 que ver\u00eda a su mam\u00e1 pero dejar\u00eda atr\u00e1s a su padre, quien no pod\u00eda hacerse cargo de ellos, pero seguir\u00eda trabajando para enviarles apoyo econ\u00f3mico a Guatemala. \u201cCuando los ni\u00f1os entendieron que su pap\u00e1 no los acompa\u00f1ar\u00eda, fue un momento desgarrador\u201d, escribi\u00f3 el centro en sus redes.<\/p>\t\t\t\t\t\t\t\t<\/div>\n\t\t\t\t\t<\/div>\n\t\t\t\t<\/div>\n\t\t<div data-particle_enable=\"false\" data-particle-mobile-disabled=\"false\" class=\"elementor-element elementor-element-0a46474 e-flex e-con-boxed e-con e-parent\" data-id=\"0a46474\" data-element_type=\"container\" data-e-type=\"container\">\n\t\t\t\t\t<div class=\"e-con-inner\">\n\t\t\t\t<div class=\"elementor-element elementor-element-70e17c9 elementor-widget elementor-widget-image\" data-id=\"70e17c9\" data-element_type=\"widget\" data-e-type=\"widget\" data-widget_type=\"image.default\">\n\t\t\t\t\t\t\t\t\t\t\t\t<figure class=\"wp-caption\">\n\t\t\t\t\t\t\t\t\t\t<img decoding=\"async\" width=\"766\" height=\"574\" src=\"https:\/\/soymigrante.com\/revista\/wp-content\/uploads\/2025\/11\/guatemalan-maya-center-6.jpg\" class=\"attachment-large size-large wp-image-48068\" alt=\"Una monja y un voluntario viajaron a Guatemala con siete ni\u00f1os cuyos padres hab\u00edan sido deportados el mes anterior. El mayor, de 12 a\u00f1os, acababa de ser aceptado en la banda escolar y llor\u00f3 al saber que deb\u00eda dejar la escuela y devolver su trompeta. En el aeropuerto, recibir una nueva trompeta fue el \u00fanico momento de alegr\u00eda en un d\u00eda lleno de tristeza. Mientras consolaban a los ni\u00f1os y les dec\u00edan que no estaban solos, dos mujeres observaban la escena con l\u00e1grimas en los ojos, compartiendo su dolor. Para los presentes, aquel gesto se sinti\u00f3 como un mensaje de esperanza y solidaridad. (Foto Guatemalan Maya Center)\" srcset=\"https:\/\/soymigrante.com\/revista\/wp-content\/uploads\/2025\/11\/guatemalan-maya-center-6.jpg 766w, https:\/\/soymigrante.com\/revista\/wp-content\/uploads\/2025\/11\/guatemalan-maya-center-6-300x225.jpg 300w, https:\/\/soymigrante.com\/revista\/wp-content\/uploads\/2025\/11\/guatemalan-maya-center-6-750x562.jpg 750w\" sizes=\"(max-width: 766px) 100vw, 766px\" title=\"Una monja y un voluntario viajaron a Guatemala con siete ni\u00f1os cuyos padres hab\u00edan sido deportados el mes anterior. El mayor, de 12 a\u00f1os, acababa de ser aceptado en la banda escolar y llor\u00f3 al saber que deb\u00eda dejar la escuela y devolver su trompeta. En el aeropuerto, recibir una nueva trompeta fue el \u00fanico momento de alegr\u00eda en un d\u00eda lleno de tristeza. Mientras consolaban a los ni\u00f1os y les dec\u00edan que no estaban solos, dos mujeres observaban la escena con l\u00e1grimas en los ojos, compartiendo su dolor. Para los presentes, aquel gesto se sinti\u00f3 como un mensaje de esperanza y solidaridad. (Foto Guatemalan Maya Center) \u2013 SoyMigrante.com REVISTA\" \/>\t\t\t\t\t\t\t\t\t\t\t<figcaption class=\"widget-image-caption wp-caption-text\">Una monja y un voluntario viajaron a Guatemala con siete ni\u00f1os cuyos padres hab\u00edan sido deportados el mes anterior. El mayor, de 12 a\u00f1os, acababa de ser aceptado en la banda escolar y llor\u00f3 al saber que deb\u00eda dejar la escuela y devolver su trompeta. En el aeropuerto, recibir una nueva trompeta fue el \u00fanico momento de alegr\u00eda en un d\u00eda lleno de tristeza. Mientras consolaban a los ni\u00f1os y les dec\u00edan que no estaban solos, dos mujeres observaban la escena con l\u00e1grimas en los ojos, compartiendo su dolor. Para los presentes, aquel gesto se sinti\u00f3 como un mensaje de esperanza y solidaridad. (Foto Guatemalan Maya Center)<\/figcaption>\n\t\t\t\t\t\t\t\t\t\t<\/figure>\n\t\t\t\t\t\t\t\t\t<\/div>\n\t\t\t\t<div class=\"elementor-element elementor-element-da3b9f2 elementor-widget elementor-widget-html\" data-id=\"da3b9f2\" data-element_type=\"widget\" data-e-type=\"widget\" data-widget_type=\"html.default\">\n\t\t\t\t\t<iframe src=\"https:\/\/www.facebook.com\/plugins\/post.php?href=https%3A%2F%2Fwww.facebook.com%2Fguatemalanmayacenter%2Fposts%2Fpfbid0DegGkYb4jA59xiQYGrNHb5jeAQsu4J5k7CpoVGtJadtAdaH62XTnzMiuWz9XUsK5l&show_text=true&width=500\" width=\"500\" height=\"0\" style=\"border:none;overflow:hidden\" scrolling=\"no\" frameborder=\"0\" allowfullscreen=\"true\" allow=\"autoplay; clipboard-write; encrypted-media; picture-in-picture; web-share\"><\/iframe>\t\t\t\t<\/div>\n\t\t\t\t\t<\/div>\n\t\t\t\t<\/div>\n\t\t<div data-particle_enable=\"false\" data-particle-mobile-disabled=\"false\" class=\"elementor-element elementor-element-192e751 e-flex e-con-boxed e-con e-parent\" data-id=\"192e751\" data-element_type=\"container\" data-e-type=\"container\">\n\t\t\t\t\t<div class=\"e-con-inner\">\n\t\t\t\t<div class=\"elementor-element elementor-element-8159766 elementor-widget elementor-widget-heading\" data-id=\"8159766\" data-element_type=\"widget\" data-e-type=\"widget\" data-widget_type=\"heading.default\">\n\t\t\t\t\t<h3 class=\"elementor-heading-title elementor-size-default\">El apoyo del Guatemalan Maya Center<\/h3>\t\t\t\t<\/div>\n\t\t\t\t\t<\/div>\n\t\t\t\t<\/div>\n\t\t<div data-particle_enable=\"false\" data-particle-mobile-disabled=\"false\" class=\"elementor-element elementor-element-e61dd57 e-flex e-con-boxed e-con e-parent\" data-id=\"e61dd57\" data-element_type=\"container\" data-e-type=\"container\">\n\t\t\t\t\t<div class=\"e-con-inner\">\n\t\t\t\t<div class=\"elementor-element elementor-element-bee4c69 elementor-widget elementor-widget-text-editor\" data-id=\"bee4c69\" data-element_type=\"widget\" data-e-type=\"widget\" data-widget_type=\"text-editor.default\">\n\t\t\t\t\t\t\t\t\t<p>Fundado hace m\u00e1s de tres d\u00e9cadas por el sacerdote <strong>Frank O\u2019Loughlin<\/strong>, <a href=\"https:\/\/www.guatemalanmaya.org\/\">el <strong>Guatemalan Maya Center<\/strong> <\/a>naci\u00f3 para servir a la comunidad ind\u00edgena guatemalteca que lleg\u00f3 a Florida escapando del conflicto armado en su pa\u00eds. Hoy, bajo la direcci\u00f3n de <strong>Mariana Blanco<\/strong>, la organizaci\u00f3n brinda asistencia en vivienda, salud, educaci\u00f3n y defensa de los derechos humanos de los migrantes.<\/p>\n<p>En los \u00faltimos meses, su trabajo se ha enfocado en responder a las consecuencias humanitarias del <a href=\"https:\/\/soymigrante.com\/revista\/van-527-mil-deportados-en-2025-reporta-gobierno-de-estados-unidos\/\">aumento de deportaciones<\/a> que dejan a menores sin uno o ambos padres. Solo en octubre, el centro ayud\u00f3 a reunir a seis ni\u00f1os estadounidenses con sus madres deportadas.&nbsp;<\/p>\n<p>\u201cLo que el gobierno est\u00e1 haciendo es reprobable \u2014dijo Blanco\u2014. Est\u00e1n deteniendo a personas que llevaban a\u00f1os siguiendo sus casos legales y dejan a sus hijos completamente vulnerables\u201d.<\/p>\n<p>El abogado <strong>\u00d3scar de la Guardia<\/strong>, quien viaj\u00f3 con los menores a Guatemala para asegurar su debida entrega a familiares, afirm\u00f3 que \u201cestos ni\u00f1os se est\u00e1n convirtiendo en refugiados al rev\u00e9s, forzados a abandonar el \u00fanico hogar que han conocido\u201d.<\/p>\n<p>Las familias reunificadas viven ahora en comunidades rurales de Guatemala, muchas de ellas de origen <a href=\"https:\/\/soymigrante.com\/revista\/category\/guate-nuestra\/pueblos-de-guatemala\/\">maya<\/a>, donde los recursos y las oportunidades educativas son limitados. \u201cRegresan a lugares donde la escuela no siempre es una opci\u00f3n\u201d, advirti\u00f3 Blanco. \u201cEsto no deber\u00eda estar ocurriendo\u201d.<\/p>\n<p>Con cada vuelo que organiza, el Guatemalan Maya Center recuerda la paradoja de ni\u00f1os estadounidenses obligados a dejar su pa\u00eds natal para mantener unida a su familia. Su misi\u00f3n, dicen, seguir\u00e1 siendo que esos reencuentros no signifiquen el fin de un futuro, sino la posibilidad de reconstruirlo.<\/p>\t\t\t\t\t\t\t\t<\/div>\n\t\t\t\t\t<\/div>\n\t\t\t\t<\/div>\n\t\t<div data-particle_enable=\"false\" data-particle-mobile-disabled=\"false\" class=\"elementor-element elementor-element-19e1665 e-flex e-con-boxed e-con e-parent\" data-id=\"19e1665\" data-element_type=\"container\" data-e-type=\"container\">\n\t\t\t\t\t<div class=\"e-con-inner\">\n\t\t\t\t<div class=\"elementor-element elementor-element-cc2933b elementor-widget elementor-widget-image\" data-id=\"cc2933b\" data-element_type=\"widget\" data-e-type=\"widget\" data-widget_type=\"image.default\">\n\t\t\t\t\t\t\t\t\t\t\t\t<figure class=\"wp-caption\">\n\t\t\t\t\t\t\t\t\t\t\t<a href=\"https:\/\/www.guatemalanmaya.org\/\">\n\t\t\t\t\t\t\t<img loading=\"lazy\" decoding=\"async\" width=\"1140\" height=\"563\" src=\"https:\/\/soymigrante.com\/revista\/wp-content\/uploads\/2025\/11\/centro-maya-guatemalteco-1140x563.png\" class=\"attachment-large size-large wp-image-48069\" alt=\"Fundado hace m\u00e1s de tres d\u00e9cadas por el sacerdote Frank O\u2019Loughlin, el Guatemalan Maya Center naci\u00f3 para servir a la comunidad ind\u00edgena guatemalteca que lleg\u00f3 a Florida escapando del conflicto armado en su pa\u00eds. Hoy, bajo la direcci\u00f3n de Mariana Blanco, la organizaci\u00f3n brinda asistencia en vivienda, salud, educaci\u00f3n y defensa de los derechos humanos de los migrantes.\" srcset=\"https:\/\/soymigrante.com\/revista\/wp-content\/uploads\/2025\/11\/centro-maya-guatemalteco-1140x563.png 1140w, https:\/\/soymigrante.com\/revista\/wp-content\/uploads\/2025\/11\/centro-maya-guatemalteco-300x148.png 300w, https:\/\/soymigrante.com\/revista\/wp-content\/uploads\/2025\/11\/centro-maya-guatemalteco-768x379.png 768w, https:\/\/soymigrante.com\/revista\/wp-content\/uploads\/2025\/11\/centro-maya-guatemalteco-1536x759.png 1536w, https:\/\/soymigrante.com\/revista\/wp-content\/uploads\/2025\/11\/centro-maya-guatemalteco-2048x1012.png 2048w, https:\/\/soymigrante.com\/revista\/wp-content\/uploads\/2025\/11\/centro-maya-guatemalteco-750x370.png 750w\" sizes=\"(max-width: 1140px) 100vw, 1140px\" title=\"Fundado hace m\u00e1s de tres d\u00e9cadas por el sacerdote Frank O\u2019Loughlin, el Guatemalan Maya Center naci\u00f3 para servir a la comunidad ind\u00edgena guatemalteca que lleg\u00f3 a Florida escapando del conflicto armado en su pa\u00eds. Hoy, bajo la direcci\u00f3n de Mariana Blanco, la organizaci\u00f3n brinda asistencia en vivienda, salud, educaci\u00f3n y defensa de los derechos humanos de los migrantes. \u2013 SoyMigrante.com REVISTA\" \/>\t\t\t\t\t\t\t\t<\/a>\n\t\t\t\t\t\t\t\t\t\t\t<figcaption class=\"widget-image-caption wp-caption-text\">Fundado hace m\u00e1s de tres d\u00e9cadas por el sacerdote Frank O\u2019Loughlin, el Guatemalan Maya Center naci\u00f3 para servir a la comunidad ind\u00edgena guatemalteca que lleg\u00f3 a Florida escapando del conflicto armado en su pa\u00eds. Hoy, bajo la direcci\u00f3n de Mariana Blanco, la organizaci\u00f3n brinda asistencia en vivienda, salud, educaci\u00f3n y defensa de los derechos humanos de los migrantes.<\/figcaption>\n\t\t\t\t\t\t\t\t\t\t<\/figure>\n\t\t\t\t\t\t\t\t\t<\/div>\n\t\t\t\t\t<\/div>\n\t\t\t\t<\/div>\n\t\t<div data-particle_enable=\"false\" data-particle-mobile-disabled=\"false\" class=\"elementor-element elementor-element-9a4c8f6 e-flex e-con-boxed e-con e-parent\" data-id=\"9a4c8f6\" data-element_type=\"container\" data-e-type=\"container\">\n\t\t\t\t\t<div class=\"e-con-inner\">\n\t\t\t\t<div class=\"elementor-element elementor-element-59a0b24 elementor-widget elementor-widget-heading\" data-id=\"59a0b24\" data-element_type=\"widget\" data-e-type=\"widget\" data-widget_type=\"heading.default\">\n\t\t\t\t\t<h2 class=\"elementor-heading-title elementor-size-default\">Tambi\u00e9n te podr\u00eda servir esta info<\/h2>\t\t\t\t<\/div>\n\t\t\t\t\t<\/div>\n\t\t\t\t<\/div>\n\t\t<div data-particle_enable=\"false\" data-particle-mobile-disabled=\"false\" class=\"elementor-element elementor-element-f153627 e-flex e-con-boxed e-con e-parent\" data-id=\"f153627\" data-element_type=\"container\" data-e-type=\"container\">\n\t\t\t\t\t<div class=\"e-con-inner\">\n\t\t\t\t<div class=\"elementor-element elementor-element-39b6bfb elementor-grid-eael-col-3 elementor-grid-tablet-eael-col-2 elementor-grid-mobile-eael-col-1 elementor-widget elementor-widget-eael-post-grid\" data-id=\"39b6bfb\" data-element_type=\"widget\" data-e-type=\"widget\" data-settings=\"{&quot;eael_post_grid_columns&quot;:&quot;eael-col-3&quot;,&quot;eael_post_grid_columns_tablet&quot;:&quot;eael-col-2&quot;,&quot;eael_post_grid_columns_mobile&quot;:&quot;eael-col-1&quot;}\" data-widget_type=\"eael-post-grid.default\">\n\t\t\t\t\t<div id=\"eael-post-grid-39b6bfb\" class=\"eael-post-grid-container\">\n            <div class=\"eael-post-grid eael-post-appender eael-post-appender-39b6bfb eael-post-grid-style-one\" data-layout-mode=\"masonry\"><article class=\"eael-grid-post  eael-post-grid-column eael-pg-post-29106 category-recursos-migratorios\" data-id=\"29106\">\n        <div class=\"eael-grid-post-holder\">\n            <div class=\"eael-grid-post-holder-inner\"><div class=\"eael-entry-media\"><div class=\"eael-entry-overlay fade-in\"><i class=\"far fa-hand-pointer\" aria-hidden=\"true\"><\/i><a href=\"https:\/\/soymigrante.com\/revista\/la-apostilla-es-clave-en-guatemala-para-muchos-tramites-legales-de-migrantes\/\"><\/a><\/div><div class=\"eael-entry-thumbnail eael-image-ratio\">\n                <img loading=\"lazy\" decoding=\"async\" width=\"720\" height=\"720\" src=\"https:\/\/soymigrante.com\/revista\/wp-content\/uploads\/2025\/03\/Apostilla-1-e1742838864137.webp\" class=\"attachment-large size-large wp-image-29110\" alt=\"Apostilla de Guatemala con c\u00f3digo QR para verificar autenticidad de documentos oficiales en el pa\u00eds.\" srcset=\"https:\/\/soymigrante.com\/revista\/wp-content\/uploads\/2025\/03\/Apostilla-1-e1742838864137.webp 720w, https:\/\/soymigrante.com\/revista\/wp-content\/uploads\/2025\/03\/Apostilla-1-e1742838864137-300x300.png 300w, https:\/\/soymigrante.com\/revista\/wp-content\/uploads\/2025\/03\/Apostilla-1-e1742838864137-150x150.png 150w, https:\/\/soymigrante.com\/revista\/wp-content\/uploads\/2025\/03\/Apostilla-1-e1742838864137-75x75.webp 75w\" sizes=\"(max-width: 720px) 100vw, 720px\" \/>\n            <\/div>\n        <\/div><div class=\"eael-entry-wrapper\"><header class=\"eael-entry-header\"><h2 class=\"eael-entry-title\"><a class=\"eael-grid-post-link\" href=\"https:\/\/soymigrante.com\/revista\/la-apostilla-es-clave-en-guatemala-para-muchos-tramites-legales-de-migrantes\/\" title=\"La apostilla es clave en Guatemala para muchos tr\u00e1mites legales de migrantes\">La apostilla es clave en Guatemala para muchos tr\u00e1mites legales de migrantes<\/a><\/h2><\/header><div class=\"eael-entry-content\">\n                        <div class=\"eael-grid-post-excerpt\"><a href=\"https:\/\/soymigrante.com\/revista\/la-apostilla-es-clave-en-guatemala-para-muchos-tramites-legales-de-migrantes\/\" class=\"eael-post-elements-readmore-btn\">CONOCE SU HISTORIA <\/a><\/div>\n                    <\/div><\/div><\/div>\n        <\/div>\n    <\/article><article class=\"eael-grid-post  eael-post-grid-column eael-pg-post-42272 category-estamos-unidos\" data-id=\"42272\">\n        <div class=\"eael-grid-post-holder\">\n            <div class=\"eael-grid-post-holder-inner\"><div class=\"eael-entry-media\"><div class=\"eael-entry-overlay fade-in\"><i class=\"far fa-hand-pointer\" aria-hidden=\"true\"><\/i><a href=\"https:\/\/soymigrante.com\/revista\/por-que-es-necesario-portar-siempre-tu-green-card-en-estados-unidos\/\"><\/a><\/div><div class=\"eael-entry-thumbnail eael-image-ratio\">\n                <img loading=\"lazy\" decoding=\"async\" width=\"1024\" height=\"684\" src=\"https:\/\/soymigrante.com\/revista\/wp-content\/uploads\/2025\/08\/green-card-2-1024x684.jpg\" class=\"attachment-large size-large wp-image-42273\" alt=\"Tarjeta de residencia permanente en EE.UU. con bandera de Estados Unidos y pasaporte, s\u00edmbolo de migraci\u00f3n y ciudadan\u00eda.\" \/>\n            <\/div>\n        <\/div><div class=\"eael-entry-wrapper\"><header class=\"eael-entry-header\"><h2 class=\"eael-entry-title\"><a class=\"eael-grid-post-link\" href=\"https:\/\/soymigrante.com\/revista\/por-que-es-necesario-portar-siempre-tu-green-card-en-estados-unidos\/\" title=\"\u00bfPor qu\u00e9 es necesario portar SIEMPRE tu Green Card en Estados Unidos?\">\u00bfPor qu\u00e9 es necesario portar SIEMPRE tu Green Card en Estados Unidos?<\/a><\/h2><\/header><div class=\"eael-entry-content\">\n                        <div class=\"eael-grid-post-excerpt\"><a href=\"https:\/\/soymigrante.com\/revista\/por-que-es-necesario-portar-siempre-tu-green-card-en-estados-unidos\/\" class=\"eael-post-elements-readmore-btn\">CONOCE SU HISTORIA <\/a><\/div>\n                    <\/div><\/div><\/div>\n        <\/div>\n    <\/article><article class=\"eael-grid-post  eael-post-grid-column eael-pg-post-47441 category-recursos-migratorios\" data-id=\"47441\">\n        <div class=\"eael-grid-post-holder\">\n            <div class=\"eael-grid-post-holder-inner\"><div class=\"eael-entry-media\"><div class=\"eael-entry-overlay fade-in\"><i class=\"far fa-hand-pointer\" aria-hidden=\"true\"><\/i><a href=\"https:\/\/soymigrante.com\/revista\/estas-son-las-128-preguntas-y-respuestas-del-examen-de-ciudadania-usa-2025\/\"><\/a><\/div><div class=\"eael-entry-thumbnail eael-image-ratio\">\n                <img loading=\"lazy\" decoding=\"async\" width=\"1024\" height=\"1024\" src=\"https:\/\/soymigrante.com\/revista\/wp-content\/uploads\/2025\/10\/ciudadania-examen-y-juramento-1024x1024.jpg\" class=\"attachment-large size-large wp-image-47446\" alt=\"ciudadania examen y juramento\" srcset=\"https:\/\/soymigrante.com\/revista\/wp-content\/uploads\/2025\/10\/ciudadania-examen-y-juramento-1024x1024.jpg 1024w, https:\/\/soymigrante.com\/revista\/wp-content\/uploads\/2025\/10\/ciudadania-examen-y-juramento-300x300.jpg 300w, https:\/\/soymigrante.com\/revista\/wp-content\/uploads\/2025\/10\/ciudadania-examen-y-juramento-150x150.jpg 150w, https:\/\/soymigrante.com\/revista\/wp-content\/uploads\/2025\/10\/ciudadania-examen-y-juramento-768x768.jpg 768w, https:\/\/soymigrante.com\/revista\/wp-content\/uploads\/2025\/10\/ciudadania-examen-y-juramento-75x75.jpg 75w, https:\/\/soymigrante.com\/revista\/wp-content\/uploads\/2025\/10\/ciudadania-examen-y-juramento-750x750.jpg 750w, https:\/\/soymigrante.com\/revista\/wp-content\/uploads\/2025\/10\/ciudadania-examen-y-juramento-1140x1140.jpg 1140w, https:\/\/soymigrante.com\/revista\/wp-content\/uploads\/2025\/10\/ciudadania-examen-y-juramento.jpg 1388w\" sizes=\"(max-width: 1024px) 100vw, 1024px\" \/>\n            <\/div>\n        <\/div><div class=\"eael-entry-wrapper\"><header class=\"eael-entry-header\"><h2 class=\"eael-entry-title\"><a class=\"eael-grid-post-link\" href=\"https:\/\/soymigrante.com\/revista\/estas-son-las-128-preguntas-y-respuestas-del-examen-de-ciudadania-usa-2025\/\" title=\"Estas son las 128 preguntas y respuestas del examen de ciudadan\u00eda USA 2025\">Estas son las 128 preguntas y respuestas del examen de ciudadan\u00eda USA 2025<\/a><\/h2><\/header><div class=\"eael-entry-content\">\n                        <div class=\"eael-grid-post-excerpt\"><a href=\"https:\/\/soymigrante.com\/revista\/estas-son-las-128-preguntas-y-respuestas-del-examen-de-ciudadania-usa-2025\/\" class=\"eael-post-elements-readmore-btn\">CONOCE SU HISTORIA <\/a><\/div>\n                    <\/div><\/div><\/div>\n        <\/div>\n    <\/article><\/div>\n            <div class=\"clearfix\"><\/div>\n        <\/div>\t\t\t\t<\/div>\n\t\t\t\t\t<\/div>\n\t\t\t\t<\/div>\n\t\t\t\t<\/div>\n\t\t","protected":false},"excerpt":{"rendered":"<p>Guatemalan Maya Center en Florida apoya a ni\u00f1os, nacidos en USA, que quedaron solos por la deportaci\u00f3n de sus padres a Guatemala. Es una de las realidades m\u00e1s duras de la pol\u00edtica contra migrantes. Alejandro, Beatriz, Lissette, Antonio: son algunos de los rostros m\u00e1s recientes de una tragedia silenciosa que crece en Estados Unidos: ni\u00f1os [&hellip;]<\/p>\n","protected":false},"author":1,"featured_media":48063,"comment_status":"open","ping_status":"open","sticky":false,"template":"","format":"standard","meta":{"_acf_changed":false,"_eb_attr":"","footnotes":""},"categories":[280],"tags":[],"class_list":["post-48062","post","type-post","status-publish","format-standard","has-post-thumbnail","hentry","category-noticias"],"acf":[],"aioseo_notices":[],"aioseo_head":"\n\t\t<!-- All in One SEO Pro 4.9.6.2 - aioseo.com -->\n\t<meta name=\"description\" content=\"El ex\u00e1men para la ciudadan\u00eda de Estados Unidos pas\u00f3 de 100 a 128 posibles preguntas. Esta es una gu\u00eda con respuestas en ingl\u00e9s. El ex\u00e1men es en ingl\u00e9s\" \/>\n\t<meta name=\"robots\" content=\"max-snippet:-1, max-image-preview:large, max-video-preview:-1\" \/>\n\t<meta name=\"author\" content=\"SoyMigrante.com REVISTA\"\/>\n\t<link rel=\"canonical\" href=\"https:\/\/soymigrante.com\/revista\/estas-son-las-128-preguntas-y-respuestas-del-examen-de-ciudadania-usa-2025\/\" \/>\n\t<meta name=\"generator\" content=\"All in One SEO Pro (AIOSEO) 4.9.6.2\" \/>\n\n\t\t<link rel=\"preconnect\" href=\"https:\/\/fonts.googleapis.com\" crossorigin>\n<link rel=\"preconnect\" href=\"https:\/\/fonts.gstatic.com\" crossorigin>\n\t\t<meta property=\"og:locale\" content=\"es_ES\" \/>\n\t\t<meta property=\"og:site_name\" content=\"SoyMigrante.com REVISTA \u2013 Nuestra misi\u00f3n es reconocer y dignificar al migrante.\" \/>\n\t\t<meta property=\"og:type\" content=\"article\" \/>\n\t\t<meta property=\"og:title\" content=\"Preguntas y respuestas del ex\u00e1men de ciudadan\u00eda USA 2025\" \/>\n\t\t<meta property=\"og:description\" content=\"El ex\u00e1men para la ciudadan\u00eda de Estados Unidos pas\u00f3 de 100 a 128 posibles preguntas. Esta es una gu\u00eda con respuestas en ingl\u00e9s. El ex\u00e1men es en ingl\u00e9s\" \/>\n\t\t<meta property=\"og:url\" content=\"https:\/\/soymigrante.com\/revista\/estas-son-las-128-preguntas-y-respuestas-del-examen-de-ciudadania-usa-2025\/\" \/>\n\t\t<meta property=\"og:image\" content=\"https:\/\/soymigrante.com\/revista\/wp-content\/uploads\/2025\/10\/ciudadania-examen-y-juramento.jpg\" \/>\n\t\t<meta property=\"og:image:secure_url\" content=\"https:\/\/soymigrante.com\/revista\/wp-content\/uploads\/2025\/10\/ciudadania-examen-y-juramento.jpg\" \/>\n\t\t<meta property=\"og:image:width\" content=\"1388\" \/>\n\t\t<meta property=\"og:image:height\" content=\"1388\" \/>\n\t\t<meta property=\"article:published_time\" content=\"2025-10-21T14:59:49+00:00\" \/>\n\t\t<meta property=\"article:modified_time\" content=\"2026-03-06T00:18:00+00:00\" \/>\n\t\t<meta property=\"article:publisher\" content=\"https:\/\/www.facebook.com\/soymigrantecom\" \/>\n\t\t<meta name=\"twitter:card\" content=\"summary_large_image\" \/>\n\t\t<meta name=\"twitter:site\" content=\"@SoyMigrante_com\" \/>\n\t\t<meta name=\"twitter:title\" content=\"Preguntas y respuestas del ex\u00e1men de ciudadan\u00eda USA 2025\" \/>\n\t\t<meta name=\"twitter:description\" content=\"El ex\u00e1men para la ciudadan\u00eda de Estados Unidos pas\u00f3 de 100 a 128 posibles preguntas. Esta es una gu\u00eda con respuestas en ingl\u00e9s. El ex\u00e1men es en ingl\u00e9s\" \/>\n\t\t<meta name=\"twitter:creator\" content=\"@SoyMigrante_com\" \/>\n\t\t<meta name=\"twitter:image\" content=\"https:\/\/soymigrante.com\/revista\/wp-content\/uploads\/2025\/10\/ciudadania-examen-y-juramento.jpg\" \/>\n\t\t<!-- All in One SEO Pro -->\r\n\t\t<title>Preguntas y respuestas del ex\u00e1men de ciudadan\u00eda USA 2025<\/title>\n\n","aioseo_head_json":{"title":"Preguntas y respuestas del ex\u00e1men de ciudadan\u00eda USA 2025","description":"El ex\u00e1men para la ciudadan\u00eda de Estados Unidos pas\u00f3 de 100 a 128 posibles preguntas. Esta es una gu\u00eda con respuestas en ingl\u00e9s. El ex\u00e1men es en ingl\u00e9s","canonical_url":"https:\/\/soymigrante.com\/revista\/estas-son-las-128-preguntas-y-respuestas-del-examen-de-ciudadania-usa-2025\/","robots":"max-snippet:-1, max-image-preview:large, max-video-preview:-1","keywords":"","webmasterTools":{"miscellaneous":"&lt;link rel=\"preconnect\" href=\"https:\/\/fonts.googleapis.com\" crossorigin&gt;\n&lt;link rel=\"preconnect\" href=\"https:\/\/fonts.gstatic.com\" crossorigin&gt;"},"schema":null,"og:locale":"es_ES","og:site_name":"SoyMigrante.com REVISTA \u2013 Nuestra misi\u00f3n es reconocer y dignificar al migrante.","og:type":"article","og:title":"Preguntas y respuestas del ex\u00e1men de ciudadan\u00eda USA 2025","og:description":"El ex\u00e1men para la ciudadan\u00eda de Estados Unidos pas\u00f3 de 100 a 128 posibles preguntas. Esta es una gu\u00eda con respuestas en ingl\u00e9s. El ex\u00e1men es en ingl\u00e9s","og:url":"https:\/\/soymigrante.com\/revista\/estas-son-las-128-preguntas-y-respuestas-del-examen-de-ciudadania-usa-2025\/","og:image":"https:\/\/soymigrante.com\/revista\/wp-content\/uploads\/2025\/10\/ciudadania-examen-y-juramento.jpg","og:image:secure_url":"https:\/\/soymigrante.com\/revista\/wp-content\/uploads\/2025\/10\/ciudadania-examen-y-juramento.jpg","og:image:width":1388,"og:image:height":1388,"article:published_time":"2025-10-21T14:59:49+00:00","article:modified_time":"2026-03-06T00:18:00+00:00","article:publisher":"https:\/\/www.facebook.com\/soymigrantecom","twitter:card":"summary_large_image","twitter:site":"@SoyMigrante_com","twitter:title":"Preguntas y respuestas del ex\u00e1men de ciudadan\u00eda USA 2025","twitter:description":"El ex\u00e1men para la ciudadan\u00eda de Estados Unidos pas\u00f3 de 100 a 128 posibles preguntas. Esta es una gu\u00eda con respuestas en ingl\u00e9s. El ex\u00e1men es en ingl\u00e9s","twitter:creator":"@SoyMigrante_com","twitter:image":"https:\/\/soymigrante.com\/revista\/wp-content\/uploads\/2025\/10\/ciudadania-examen-y-juramento.jpg"},"aioseo_meta_data":{"post_id":"48062","title":"Ni\u00f1os nacidos en USA enviados a Guatemala: padres deportados","description":"Ni\u00f1os nacidos en USA van a un hogar que nunca han conocido, a reunirse en Guiatemala con sus padres deportados. Apoyo de Guatemalan Maya Center es clave.","keywords":null,"keyphrases":{"focus":{"keyphrase":"Ni\u00f1os nacidos en USA","score":56,"analysis":{"keyphraseInTitle":{"score":9,"maxScore":9,"error":0},"keyphraseInDescription":{"score":9,"maxScore":9,"error":0},"keyphraseLength":{"score":6,"maxScore":9,"error":1,"length":5},"keyphraseInURL":{"score":5,"maxScore":5,"error":0},"keyphraseInIntroduction":{"score":3,"maxScore":9,"error":1},"keyphraseInSubHeadings":{"score":3,"maxScore":9,"error":1},"keyphraseInImageAlt":{"score":3,"maxScore":9,"error":1},"keywordDensity":{"score":0,"type":"low","maxScore":9,"error":1}}},"additional":[{"keyphrase":"Guatemala","score":87,"analysis":{"keyphraseInDescription":{"score":3,"maxScore":9,"error":1},"keyphraseLength":{"score":9,"maxScore":9,"error":0,"length":1},"keyphraseInIntroduction":{"score":9,"maxScore":9,"error":0},"keyphraseInImageAlt":{"score":9,"maxScore":9,"error":0},"keywordDensity":{"type":"best","score":9,"maxScore":9,"error":0}}}]},"primary_term":null,"canonical_url":null,"og_title":null,"og_description":null,"og_object_type":"default","og_image_type":"default","og_image_url":null,"og_image_width":null,"og_image_height":null,"og_image_custom_url":null,"og_image_custom_fields":null,"og_video":"","og_custom_url":null,"og_article_section":null,"og_article_tags":null,"twitter_use_og":false,"twitter_card":"default","twitter_image_type":"default","twitter_image_url":null,"twitter_image_custom_url":null,"twitter_image_custom_fields":null,"twitter_title":null,"twitter_description":null,"schema":{"blockGraphs":[],"customGraphs":[],"default":{"data":{"Article":[],"Course":[],"Dataset":[],"FAQPage":[],"Movie":[],"Person":[],"Product":[],"ProductReview":[],"Car":[],"Recipe":[],"Service":[],"SoftwareApplication":[],"WebPage":[]},"graphName":"NewsArticle","isEnabled":true},"graphs":[]},"schema_type":"default","schema_type_options":null,"pillar_content":false,"robots_default":true,"robots_noindex":false,"robots_noarchive":false,"robots_nosnippet":false,"robots_nofollow":false,"robots_noimageindex":false,"robots_noodp":false,"robots_notranslate":false,"robots_max_snippet":"-1","robots_max_videopreview":"-1","robots_max_imagepreview":"large","priority":null,"frequency":"default","local_seo":null,"seo_analyzer_scan_date":"2025-11-03 12:56:14","breadcrumb_settings":null,"limit_modified_date":false,"reviewed_by":"0","open_ai":null,"ai":{"faqs":[],"keyPoints":[],"titles":[],"descriptions":[],"socialPosts":{"email":[],"linkedin":[],"twitter":[],"facebook":[],"instagram":[]}},"created":"2025-11-03 11:58:16","updated":"2026-02-05 06:57:10"},"aioseo_breadcrumb":"<div class=\"aioseo-breadcrumbs\"><span class=\"aioseo-breadcrumb\">\n\t<a href=\"https:\/\/soymigrante.com\/revista\" title=\"Home\">Home<\/a>\n<\/span><span class=\"aioseo-breadcrumb-separator\">\u00bb<\/span><span class=\"aioseo-breadcrumb\">\n\t<a href=\"https:\/\/soymigrante.com\/revista\/category\/noticias\/\" title=\"Noticias\">Noticias<\/a>\n<\/span><span class=\"aioseo-breadcrumb-separator\">\u00bb<\/span><span class=\"aioseo-breadcrumb\">\n\tNi\u00f1os nacidos en USA enviados a Guatemala tras deportaci\u00f3n de sus padres\n<\/span><\/div>","aioseo_breadcrumb_json":[{"label":"Home","link":"https:\/\/soymigrante.com\/revista"},{"label":"Noticias","link":"https:\/\/soymigrante.com\/revista\/category\/noticias\/"},{"label":"Ni\u00f1os nacidos en USA enviados a Guatemala tras deportaci\u00f3n de sus padres","link":"https:\/\/soymigrante.com\/revista\/ninos-nacidos-en-usa-enviados-a-guatemala-tras-deportacion-de-sus-padres\/"}],"_links":{"self":[{"href":"https:\/\/soymigrante.com\/revista\/wp-json\/wp\/v2\/posts\/48062","targetHints":{"allow":["GET"]}}],"collection":[{"href":"https:\/\/soymigrante.com\/revista\/wp-json\/wp\/v2\/posts"}],"about":[{"href":"https:\/\/soymigrante.com\/revista\/wp-json\/wp\/v2\/types\/post"}],"author":[{"embeddable":true,"href":"https:\/\/soymigrante.com\/revista\/wp-json\/wp\/v2\/users\/1"}],"replies":[{"embeddable":true,"href":"https:\/\/soymigrante.com\/revista\/wp-json\/wp\/v2\/comments?post=48062"}],"version-history":[{"count":11,"href":"https:\/\/soymigrante.com\/revista\/wp-json\/wp\/v2\/posts\/48062\/revisions"}],"predecessor-version":[{"id":48079,"href":"https:\/\/soymigrante.com\/revista\/wp-json\/wp\/v2\/posts\/48062\/revisions\/48079"}],"wp:featuredmedia":[{"embeddable":true,"href":"https:\/\/soymigrante.com\/revista\/wp-json\/wp\/v2\/media\/48063"}],"wp:attachment":[{"href":"https:\/\/soymigrante.com\/revista\/wp-json\/wp\/v2\/media?parent=48062"}],"wp:term":[{"taxonomy":"category","embeddable":true,"href":"https:\/\/soymigrante.com\/revista\/wp-json\/wp\/v2\/categories?post=48062"},{"taxonomy":"post_tag","embeddable":true,"href":"https:\/\/soymigrante.com\/revista\/wp-json\/wp\/v2\/tags?post=48062"}],"curies":[{"name":"wp","href":"https:\/\/api.w.org\/{rel}","templated":true}]}}