{"id":48041,"date":"2025-11-02T09:05:31","date_gmt":"2025-11-02T15:05:31","guid":{"rendered":"https:\/\/soymigrante.com\/revista\/?p=48041"},"modified":"2025-11-02T09:09:36","modified_gmt":"2025-11-02T15:09:36","slug":"barriletes-gigantes-y-homenaje-en-memoria-de-seres-queridos-en-rhode-island","status":"publish","type":"post","link":"https:\/\/soymigrante.com\/revista\/barriletes-gigantes-y-homenaje-en-memoria-de-seres-queridos-en-rhode-island\/","title":{"rendered":"Barriletes gigantes y homenaje en memoria de seres queridos en Rhode Island"},"content":{"rendered":"\t\t<div data-elementor-type=\"wp-post\" data-elementor-id=\"48041\" class=\"elementor elementor-48041\" data-elementor-post-type=\"post\">\n\t\t\t\t<div data-particle_enable=\"false\" data-particle-mobile-disabled=\"false\" class=\"elementor-element elementor-element-921d337 e-flex e-con-boxed e-con e-parent\" data-id=\"921d337\" data-element_type=\"container\" data-e-type=\"container\">\n\t\t\t\t\t<div class=\"e-con-inner\">\n\t\t\t\t<div class=\"elementor-element elementor-element-8c5e8e6 elementor-widget elementor-widget-heading\" data-id=\"8c5e8e6\" data-element_type=\"widget\" data-e-type=\"widget\" data-widget_type=\"heading.default\">\n\t\t\t\t\t<h2 class=\"elementor-heading-title elementor-size-default\">El Centro Guatemalteco en New England, Rhode Island, expuso barriletes de Sumpango y tambi\u00e9n los elaborados en talleres dirigidos por la artista guatemalteca Magda Le\u00f3n.<\/h2>\t\t\t\t<\/div>\n\t\t\t\t\t<\/div>\n\t\t\t\t<\/div>\n\t\t<div data-particle_enable=\"false\" data-particle-mobile-disabled=\"false\" class=\"elementor-element elementor-element-e526796 e-flex e-con-boxed e-con e-parent\" data-id=\"e526796\" data-element_type=\"container\" data-e-type=\"container\">\n\t\t\t\t\t<div class=\"e-con-inner\">\n\t\t\t\t<div class=\"elementor-element elementor-element-204825f elementor-widget elementor-widget-text-editor\" data-id=\"204825f\" data-element_type=\"widget\" data-e-type=\"widget\" data-widget_type=\"text-editor.default\">\n\t\t\t\t\t\t\t\t\t<p>Este 1 y 2 de noviembre son muy especiales en el <a href=\"https:\/\/soymigrante.com\/revista\/cada-guatemalteco-que-pueda-votar-en-usa-cuenta-tiana-ochoa-lider-migrante-en-rhode-island\/\">Guatemalan Center of New England<\/a>, Rhode Island, Estados Unidos, porque por primera vez se presentaron <a href=\"https:\/\/soymigrante.com\/revista\/barriletes-gigantes-de-sumpango-y-santiago-10-poderosos-simbolismos\/\">barriletes gigantes<\/a> de Sumpango, en una exhibici\u00f3n gratuita abierta a todas las comunidades locales.<\/p><p>La pieza central de la muestra fue un barrilete elaborado por el colectivo <a href=\"https:\/\/www.facebook.com\/grupo.cotorrosaudaces\">Cotorros Audaces,<\/a> de Sumpango, Sacatep\u00e9quez, el cual deslumbr\u00f3 a todos los observadores, guatemaltecos y de otras nacionalidades.<\/p><p>El objetivo de la actividad era mostrar la riqueza multicultural de <a href=\"https:\/\/soymigrante.com\/revista\/22-departamentos-de-guatemala-un-corazon-multicultural-compartido\/\">Guatemala, <\/a>fortalecer las ra\u00edces de identidad de connacionales y tender lazos de amistad, arte y espiritualidad con las comunidades latinoamericanas y estadounidenses de Rhode Island.<\/p>\t\t\t\t\t\t\t\t<\/div>\n\t\t\t\t\t<\/div>\n\t\t\t\t<\/div>\n\t\t<div data-particle_enable=\"false\" data-particle-mobile-disabled=\"false\" class=\"elementor-element elementor-element-4162cca e-flex e-con-boxed e-con e-parent\" data-id=\"4162cca\" data-element_type=\"container\" data-e-type=\"container\">\n\t\t\t\t\t<div class=\"e-con-inner\">\n\t\t\t\t<div class=\"elementor-element elementor-element-414c679 elementor-widget elementor-widget-image\" data-id=\"414c679\" data-element_type=\"widget\" data-e-type=\"widget\" data-widget_type=\"image.default\">\n\t\t\t\t\t\t\t\t\t\t\t\t<figure class=\"wp-caption\">\n\t\t\t\t\t\t\t\t\t\t<img fetchpriority=\"high\" decoding=\"async\" width=\"1140\" height=\"855\" src=\"https:\/\/soymigrante.com\/revista\/wp-content\/uploads\/2025\/11\/barrilete-guatemalteco-rhode-island-1140x855.jpg\" class=\"attachment-large size-large wp-image-48044\" alt=\"El barrilete de Sumpango Sacatep\u00e9quez deslumbr\u00f3 a guatemaltecos y tambien a visitantes de otras comunidades radicadas en Rhode Island. Tambi\u00e9n se exhibi\u00f3 el barrilete elaborado colectivamente bajo la coordinaci\u00f3n de la artista guatemalteca Magda Le\u00f3n.\" srcset=\"https:\/\/soymigrante.com\/revista\/wp-content\/uploads\/2025\/11\/barrilete-guatemalteco-rhode-island-1140x855.jpg 1140w, https:\/\/soymigrante.com\/revista\/wp-content\/uploads\/2025\/11\/barrilete-guatemalteco-rhode-island-300x225.jpg 300w, https:\/\/soymigrante.com\/revista\/wp-content\/uploads\/2025\/11\/barrilete-guatemalteco-rhode-island-768x576.jpg 768w, https:\/\/soymigrante.com\/revista\/wp-content\/uploads\/2025\/11\/barrilete-guatemalteco-rhode-island-1536x1152.jpg 1536w, https:\/\/soymigrante.com\/revista\/wp-content\/uploads\/2025\/11\/barrilete-guatemalteco-rhode-island-750x563.jpg 750w, https:\/\/soymigrante.com\/revista\/wp-content\/uploads\/2025\/11\/barrilete-guatemalteco-rhode-island.jpg 2048w\" sizes=\"(max-width: 1140px) 100vw, 1140px\" title=\"El barrilete de Sumpango Sacatep\u00e9quez  deslumbr\u00f3 a guatemaltecos y tambien a visitantes de otras comunidades radicadas en Rhode Island. Tambi\u00e9n se exhibi\u00f3 el barrilete elaborado colectivamente bajo la coordinaci\u00f3n de la artista guatemalteca Magda Le\u00f3n. \u2013 SoyMigrante.com REVISTA\" \/>\t\t\t\t\t\t\t\t\t\t\t<figcaption class=\"widget-image-caption wp-caption-text\">El barrilete de Sumpango Sacatep\u00e9quez  deslumbr\u00f3 a guatemaltecos y tambien a visitantes de otras comunidades radicadas en Rhode Island. Tambi\u00e9n se exhibi\u00f3 el barrilete elaborado colectivamente bajo la coordinaci\u00f3n de la artista guatemalteca Magda Le\u00f3n.<\/figcaption>\n\t\t\t\t\t\t\t\t\t\t<\/figure>\n\t\t\t\t\t\t\t\t\t<\/div>\n\t\t\t\t\t<\/div>\n\t\t\t\t<\/div>\n\t\t<div data-particle_enable=\"false\" data-particle-mobile-disabled=\"false\" class=\"elementor-element elementor-element-bccfbbc e-flex e-con-boxed e-con e-parent\" data-id=\"bccfbbc\" data-element_type=\"container\" data-e-type=\"container\">\n\t\t\t\t\t<div class=\"e-con-inner\">\n\t\t\t\t<div class=\"elementor-element elementor-element-7353e3b elementor-widget elementor-widget-image\" data-id=\"7353e3b\" data-element_type=\"widget\" data-e-type=\"widget\" data-widget_type=\"image.default\">\n\t\t\t\t\t\t\t\t\t\t\t\t<figure class=\"wp-caption\">\n\t\t\t\t\t\t\t\t\t\t<img decoding=\"async\" width=\"768\" height=\"1024\" src=\"https:\/\/soymigrante.com\/revista\/wp-content\/uploads\/2025\/11\/exposicion-barrilete-gigante-768x1024.jpg\" class=\"attachment-large size-large wp-image-48046\" alt=\"Este 1 y 2 de noviembre se efect\u00faa la exhibici\u00f3n de barriletes gigantes guatemaltecos patrocinada por el Centro Guatemalteco de New England. Desde el 1 llegaron visitantes de varias nacionalidades. (Foto Magda Le\u00f3n)\" srcset=\"https:\/\/soymigrante.com\/revista\/wp-content\/uploads\/2025\/11\/exposicion-barrilete-gigante-768x1024.jpg 768w, https:\/\/soymigrante.com\/revista\/wp-content\/uploads\/2025\/11\/exposicion-barrilete-gigante-225x300.jpg 225w, https:\/\/soymigrante.com\/revista\/wp-content\/uploads\/2025\/11\/exposicion-barrilete-gigante-1152x1536.jpg 1152w, https:\/\/soymigrante.com\/revista\/wp-content\/uploads\/2025\/11\/exposicion-barrilete-gigante-750x1000.jpg 750w, https:\/\/soymigrante.com\/revista\/wp-content\/uploads\/2025\/11\/exposicion-barrilete-gigante-1140x1520.jpg 1140w, https:\/\/soymigrante.com\/revista\/wp-content\/uploads\/2025\/11\/exposicion-barrilete-gigante.jpg 1536w\" sizes=\"(max-width: 768px) 100vw, 768px\" title=\"Este 1 y 2 de noviembre se efect\u00faa la exhibici\u00f3n de barriletes gigantes guatemaltecos patrocinada por el Centro Guatemalteco de New England. Desde el 1 llegaron visitantes de varias nacionalidades. (Foto Magda Le\u00f3n) \u2013 SoyMigrante.com REVISTA\" \/>\t\t\t\t\t\t\t\t\t\t\t<figcaption class=\"widget-image-caption wp-caption-text\">Este 1 y 2 de noviembre se efect\u00faa la exhibici\u00f3n de barriletes gigantes guatemaltecos patrocinada por el Centro Guatemalteco de New England. Desde el 1 llegaron visitantes de varias nacionalidades. (Foto Magda Le\u00f3n)<\/figcaption>\n\t\t\t\t\t\t\t\t\t\t<\/figure>\n\t\t\t\t\t\t\t\t\t<\/div>\n\t\t\t\t\t<\/div>\n\t\t\t\t<\/div>\n\t\t<div data-particle_enable=\"false\" data-particle-mobile-disabled=\"false\" class=\"elementor-element elementor-element-7e40227 e-flex e-con-boxed e-con e-parent\" data-id=\"7e40227\" data-element_type=\"container\" data-e-type=\"container\">\n\t\t\t\t\t<div class=\"e-con-inner\">\n\t\t\t\t<div class=\"elementor-element elementor-element-2bb2718 elementor-widget elementor-widget-heading\" data-id=\"2bb2718\" data-element_type=\"widget\" data-e-type=\"widget\" data-widget_type=\"heading.default\">\n\t\t\t\t\t<h3 class=\"elementor-heading-title elementor-size-default\">Homenaje de arte y memorias a los seres amados<\/h3>\t\t\t\t<\/div>\n\t\t\t\t\t<\/div>\n\t\t\t\t<\/div>\n\t\t<div data-particle_enable=\"false\" data-particle-mobile-disabled=\"false\" class=\"elementor-element elementor-element-24b52b0 e-flex e-con-boxed e-con e-parent\" data-id=\"24b52b0\" data-element_type=\"container\" data-e-type=\"container\">\n\t\t\t\t\t<div class=\"e-con-inner\">\n\t\t\t\t<div class=\"elementor-element elementor-element-c2d9190 elementor-widget elementor-widget-text-editor\" data-id=\"c2d9190\" data-element_type=\"widget\" data-e-type=\"widget\" data-widget_type=\"text-editor.default\">\n\t\t\t\t\t\t\t\t\t<p>El<a href=\"https:\/\/soymigrante.com\/revista\/barriletes-gigantes-de-sumpango-y-santiago-10-poderosos-simbolismos\/\"> simbolismo de los barriletes gigantes de Santiago y Sumpango<\/a> Sacatep\u00e9quez, Guatemala, encierra esa conexi\u00f3n tan profunda del presente con los esp\u00edritus de los seres que ya no est\u00e1n con nosotros.<\/p><p>Esto motiv\u00f3 a la realizaci\u00f3n de un taller de barriletes, en el mismo local de exposici\u00f3n. Familias guatemaltecas participaron pero tambi\u00e9n de otras nacionalidades hispanas, en un abrazo de hermandad a trav\u00e9s de la tradici\u00f3n.\u00a0<\/p>\t\t\t\t\t\t\t\t<\/div>\n\t\t\t\t\t<\/div>\n\t\t\t\t<\/div>\n\t\t<div data-particle_enable=\"false\" data-particle-mobile-disabled=\"false\" class=\"elementor-element elementor-element-55727b7 e-flex e-con-boxed e-con e-parent\" data-id=\"55727b7\" data-element_type=\"container\" data-e-type=\"container\">\n\t\t\t\t\t<div class=\"e-con-inner\">\n\t\t\t\t<div class=\"elementor-element elementor-element-72f3fa1 elementor-widget elementor-widget-image\" data-id=\"72f3fa1\" data-element_type=\"widget\" data-e-type=\"widget\" data-widget_type=\"image.default\">\n\t\t\t\t\t\t\t\t\t\t\t\t<figure class=\"wp-caption\">\n\t\t\t\t\t\t\t\t\t\t<img decoding=\"async\" width=\"768\" height=\"1024\" src=\"https:\/\/soymigrante.com\/revista\/wp-content\/uploads\/2025\/11\/altar-magda-leon-768x1024.jpg\" class=\"attachment-large size-large wp-image-48045\" alt=\"Altar en conmemoraci\u00f3n de los seres queridos ya fallecidos, abierto en el mismo espacio de exposici\u00f3n de los barriletes, para que todos los asistentes pudieran meditar y depositar recuerdos. Al fondo se observa el quilt de hojas de tamal obra de la artista guatemalteca Magda Le\u00f3n.\" srcset=\"https:\/\/soymigrante.com\/revista\/wp-content\/uploads\/2025\/11\/altar-magda-leon-768x1024.jpg 768w, https:\/\/soymigrante.com\/revista\/wp-content\/uploads\/2025\/11\/altar-magda-leon-225x300.jpg 225w, https:\/\/soymigrante.com\/revista\/wp-content\/uploads\/2025\/11\/altar-magda-leon-1152x1536.jpg 1152w, https:\/\/soymigrante.com\/revista\/wp-content\/uploads\/2025\/11\/altar-magda-leon-750x1000.jpg 750w, https:\/\/soymigrante.com\/revista\/wp-content\/uploads\/2025\/11\/altar-magda-leon-1140x1520.jpg 1140w, https:\/\/soymigrante.com\/revista\/wp-content\/uploads\/2025\/11\/altar-magda-leon.jpg 1536w\" sizes=\"(max-width: 768px) 100vw, 768px\" title=\"Altar en conmemoraci\u00f3n de los seres queridos ya fallecidos, abierto en el mismo espacio de exposici\u00f3n de los barriletes, para que todos los asistentes pudieran meditar y depositar recuerdos. Al fondo se observa el quilt de hojas de tamal obra de la artista guatemalteca Magda Le\u00f3n. \u2013 SoyMigrante.com REVISTA\" \/>\t\t\t\t\t\t\t\t\t\t\t<figcaption class=\"widget-image-caption wp-caption-text\">Altar en conmemoraci\u00f3n de los seres queridos ya fallecidos, abierto en el mismo espacio de exposici\u00f3n de los barriletes, para que todos los asistentes pudieran meditar y depositar recuerdos. Al fondo se observa el quilt de hojas de tamal obra de la artista guatemalteca Magda Le\u00f3n.<\/figcaption>\n\t\t\t\t\t\t\t\t\t\t<\/figure>\n\t\t\t\t\t\t\t\t\t<\/div>\n\t\t\t\t\t<\/div>\n\t\t\t\t<\/div>\n\t\t<div data-particle_enable=\"false\" data-particle-mobile-disabled=\"false\" class=\"elementor-element elementor-element-3750c7c e-flex e-con-boxed e-con e-parent\" data-id=\"3750c7c\" data-element_type=\"container\" data-e-type=\"container\">\n\t\t\t\t\t<div class=\"e-con-inner\">\n\t\t\t\t<div class=\"elementor-element elementor-element-1692294 elementor-widget elementor-widget-heading\" data-id=\"1692294\" data-element_type=\"widget\" data-e-type=\"widget\" data-widget_type=\"heading.default\">\n\t\t\t\t\t<h2 class=\"elementor-heading-title elementor-size-default\">Recuerdo de difuntos<\/h2>\t\t\t\t<\/div>\n\t\t\t\t\t<\/div>\n\t\t\t\t<\/div>\n\t\t<div data-particle_enable=\"false\" data-particle-mobile-disabled=\"false\" class=\"elementor-element elementor-element-6303edc e-flex e-con-boxed e-con e-parent\" data-id=\"6303edc\" data-element_type=\"container\" data-e-type=\"container\">\n\t\t\t\t\t<div class=\"e-con-inner\">\n\t\t\t\t<div class=\"elementor-element elementor-element-d22b6da elementor-widget elementor-widget-text-editor\" data-id=\"d22b6da\" data-element_type=\"widget\" data-e-type=\"widget\" data-widget_type=\"text-editor.default\">\n\t\t\t\t\t\t\t\t\t<p>Por ese mismo motivo, adem\u00e1s de la presentaci\u00f3n del barrilete en Rhode Island, la artista Magda Le\u00f3n elabor\u00f3 un altar en donde todas las personas pod\u00edan depositar ofrendas, cartas, fotos, recuerdos dedicados a ese ser querido que ya falleci\u00f3.<\/p><p>Lo llamativo fue que como tel\u00f3n de fondo, literalmente, para este altar, ella coloc\u00f3 una de sus obras art\u00edsticas: un quilt elaborado con hojas de tamal, como &#8220;una hoja de tamal gigante&#8221;, expresa la artista misma. En una ocasi\u00f3n, esta hoja enorme sirvi\u00f3 para un performance en el cual ella se envolv\u00eda como &#8220;la carne del tamal&#8221;, en un reconocimiento a la permanencia de este platillo guatemalteco tan emblem\u00e1tico y en referencia a la brevedad de la vida.<\/p>\t\t\t\t\t\t\t\t<\/div>\n\t\t\t\t\t<\/div>\n\t\t\t\t<\/div>\n\t\t<div data-particle_enable=\"false\" data-particle-mobile-disabled=\"false\" class=\"elementor-element elementor-element-2e24522 e-flex e-con-boxed e-con e-parent\" data-id=\"2e24522\" data-element_type=\"container\" data-e-type=\"container\">\n\t\t\t\t\t<div class=\"e-con-inner\">\n\t\t\t\t<div class=\"elementor-element elementor-element-93aafec elementor-widget elementor-widget-html\" data-id=\"93aafec\" data-element_type=\"widget\" data-e-type=\"widget\" data-widget_type=\"html.default\">\n\t\t\t\t\t<iframe src=\"https:\/\/www.facebook.com\/plugins\/post.php?href=https%3A%2F%2Fwww.facebook.com%2Fphoto.php%3Ffbid%3D10242155701368253%26set%3Da.1875778733434%26type%3D3&show_text=true&width=500\" width=\"500\" height=\"741\" style=\"border:none;overflow:hidden\" scrolling=\"no\" frameborder=\"0\" allowfullscreen=\"true\" allow=\"autoplay; clipboard-write; encrypted-media; picture-in-picture; web-share\"><\/iframe>\t\t\t\t<\/div>\n\t\t\t\t\t<\/div>\n\t\t\t\t<\/div>\n\t\t<div data-particle_enable=\"false\" data-particle-mobile-disabled=\"false\" class=\"elementor-element elementor-element-bf555e4 e-flex e-con-boxed e-con e-parent\" data-id=\"bf555e4\" data-element_type=\"container\" data-e-type=\"container\">\n\t\t\t\t\t<div class=\"e-con-inner\">\n\t\t\t\t<div class=\"elementor-element elementor-element-7c39683 elementor-widget elementor-widget-heading\" data-id=\"7c39683\" data-element_type=\"widget\" data-e-type=\"widget\" data-widget_type=\"heading.default\">\n\t\t\t\t\t<h2 class=\"elementor-heading-title elementor-size-default\">Tambi\u00e9n te podr\u00eda interesar conocer m\u00e1s de esto<\/h2>\t\t\t\t<\/div>\n\t\t\t\t\t<\/div>\n\t\t\t\t<\/div>\n\t\t<div data-particle_enable=\"false\" data-particle-mobile-disabled=\"false\" class=\"elementor-element elementor-element-cdd28b7 e-flex e-con-boxed e-con e-parent\" data-id=\"cdd28b7\" data-element_type=\"container\" data-e-type=\"container\">\n\t\t\t\t\t<div class=\"e-con-inner\">\n\t\t\t\t<div class=\"elementor-element elementor-element-a709a88 elementor-grid-eael-col-3 elementor-grid-tablet-eael-col-2 elementor-grid-mobile-eael-col-1 elementor-widget elementor-widget-eael-post-grid\" data-id=\"a709a88\" data-element_type=\"widget\" data-e-type=\"widget\" data-settings=\"{&quot;eael_post_grid_columns&quot;:&quot;eael-col-3&quot;,&quot;eael_post_grid_columns_tablet&quot;:&quot;eael-col-2&quot;,&quot;eael_post_grid_columns_mobile&quot;:&quot;eael-col-1&quot;}\" data-widget_type=\"eael-post-grid.default\">\n\t\t\t\t\t<div id=\"eael-post-grid-a709a88\" class=\"eael-post-grid-container\">\n            <div class=\"eael-post-grid eael-post-appender eael-post-appender-a709a88 eael-post-grid-style-one\" data-layout-mode=\"masonry\"><article class=\"eael-grid-post  eael-post-grid-column eael-pg-post-11983 category-exitos\" data-id=\"11983\">\n        <div class=\"eael-grid-post-holder\">\n            <div class=\"eael-grid-post-holder-inner\"><div class=\"eael-entry-media\"><div class=\"eael-entry-overlay fade-in\"><i class=\"far fa-hand-pointer\" aria-hidden=\"true\"><\/i><a href=\"https:\/\/soymigrante.com\/revista\/cada-guatemalteco-que-pueda-votar-en-usa-cuenta-tiana-ochoa-lider-migrante-en-rhode-island\/\"><\/a><\/div><div class=\"eael-entry-thumbnail eael-image-ratio\">\n                <img loading=\"lazy\" decoding=\"async\" width=\"960\" height=\"959\" src=\"https:\/\/soymigrante.com\/revista\/wp-content\/uploads\/2024\/11\/tiana-ochoa-lider-migrante-rhode-island-18.webp\" class=\"attachment-large size-large wp-image-11984\" alt=\"Vestido de mujer con estampado azul y negro, sonrisa y accesorios elegantes, en fondo negro.\" srcset=\"https:\/\/soymigrante.com\/revista\/wp-content\/uploads\/2024\/11\/tiana-ochoa-lider-migrante-rhode-island-18.webp 960w, https:\/\/soymigrante.com\/revista\/wp-content\/uploads\/2024\/11\/tiana-ochoa-lider-migrante-rhode-island-18-300x300.webp 300w, https:\/\/soymigrante.com\/revista\/wp-content\/uploads\/2024\/11\/tiana-ochoa-lider-migrante-rhode-island-18-150x150.webp 150w, https:\/\/soymigrante.com\/revista\/wp-content\/uploads\/2024\/11\/tiana-ochoa-lider-migrante-rhode-island-18-768x767.jpg 768w, https:\/\/soymigrante.com\/revista\/wp-content\/uploads\/2024\/11\/tiana-ochoa-lider-migrante-rhode-island-18-75x75.webp 75w, https:\/\/soymigrante.com\/revista\/wp-content\/uploads\/2024\/11\/tiana-ochoa-lider-migrante-rhode-island-18-750x749.webp 750w\" sizes=\"(max-width: 960px) 100vw, 960px\" \/>\n            <\/div>\n        <\/div><div class=\"eael-entry-wrapper\"><header class=\"eael-entry-header\"><h2 class=\"eael-entry-title\"><a class=\"eael-grid-post-link\" href=\"https:\/\/soymigrante.com\/revista\/cada-guatemalteco-que-pueda-votar-en-usa-cuenta-tiana-ochoa-lider-migrante-en-rhode-island\/\" title=\"Tiana Ochoa, l\u00edder migrante en Rhode Island, sirve a la comunidad  hispana, especialmente a la ni\u00f1ez\">Tiana Ochoa, l\u00edder migrante en Rhode Island, sirve a la comunidad  hispana, especialmente a la ni\u00f1ez<\/a><\/h2><\/header><div class=\"eael-entry-content\">\n                        <div class=\"eael-grid-post-excerpt\"><a href=\"https:\/\/soymigrante.com\/revista\/cada-guatemalteco-que-pueda-votar-en-usa-cuenta-tiana-ochoa-lider-migrante-en-rhode-island\/\" class=\"eael-post-elements-readmore-btn\">CONOCE SU HISTORIA <\/a><\/div>\n                    <\/div><\/div><\/div>\n        <\/div>\n    <\/article><article class=\"eael-grid-post  eael-post-grid-column eael-pg-post-39736 category-exitos-guatemala\" data-id=\"39736\">\n        <div class=\"eael-grid-post-holder\">\n            <div class=\"eael-grid-post-holder-inner\"><div class=\"eael-entry-media\"><div class=\"eael-entry-overlay fade-in\"><i class=\"far fa-hand-pointer\" aria-hidden=\"true\"><\/i><a href=\"https:\/\/soymigrante.com\/revista\/yo-naci-migrante-y-creci-migrante-artista-guatemalteca-magda-leon-en-rhode-island\/\"><\/a><\/div><div class=\"eael-entry-thumbnail eael-image-ratio\">\n                <img loading=\"lazy\" decoding=\"async\" width=\"1024\" height=\"1024\" src=\"https:\/\/soymigrante.com\/revista\/wp-content\/uploads\/2025\/07\/artista-migrante-guatemalteca-Magda-Leon-1-1024x1024.jpg\" class=\"attachment-large size-large wp-image-39737\" alt=\"Fotograf\u00eda de una mujer sonriente en una exposici\u00f3n al aire libre con retratos en blanco y negro en una valla de malla, destacando arte, cultura y creatividad en el contexto de SoyMigrante.com REVISTA.\" srcset=\"https:\/\/soymigrante.com\/revista\/wp-content\/uploads\/2025\/07\/artista-migrante-guatemalteca-Magda-Leon-1-1024x1024.jpg 1024w, https:\/\/soymigrante.com\/revista\/wp-content\/uploads\/2025\/07\/artista-migrante-guatemalteca-Magda-Leon-1-300x300.jpg 300w, https:\/\/soymigrante.com\/revista\/wp-content\/uploads\/2025\/07\/artista-migrante-guatemalteca-Magda-Leon-1-150x150.jpg 150w, https:\/\/soymigrante.com\/revista\/wp-content\/uploads\/2025\/07\/artista-migrante-guatemalteca-Magda-Leon-1-768x768.jpg 768w, https:\/\/soymigrante.com\/revista\/wp-content\/uploads\/2025\/07\/artista-migrante-guatemalteca-Magda-Leon-1-75x75.jpg 75w, https:\/\/soymigrante.com\/revista\/wp-content\/uploads\/2025\/07\/artista-migrante-guatemalteca-Magda-Leon-1-750x750.jpg 750w, https:\/\/soymigrante.com\/revista\/wp-content\/uploads\/2025\/07\/artista-migrante-guatemalteca-Magda-Leon-1.jpg 1051w\" sizes=\"(max-width: 1024px) 100vw, 1024px\" \/>\n            <\/div>\n        <\/div><div class=\"eael-entry-wrapper\"><header class=\"eael-entry-header\"><h2 class=\"eael-entry-title\"><a class=\"eael-grid-post-link\" href=\"https:\/\/soymigrante.com\/revista\/yo-naci-migrante-y-creci-migrante-artista-guatemalteca-magda-leon-en-rhode-island\/\" title=\"&#8220;Yo nac\u00ed migrante y crec\u00ed migrante&#8221;: artista guatemalteca Magda Le\u00f3n, en Rhode Island\">&#8220;Yo nac\u00ed migrante y crec\u00ed migrante&#8221;: artista guatemalteca Magda Le\u00f3n, en Rhode Island<\/a><\/h2><\/header><div class=\"eael-entry-content\">\n                        <div class=\"eael-grid-post-excerpt\"><a href=\"https:\/\/soymigrante.com\/revista\/yo-naci-migrante-y-creci-migrante-artista-guatemalteca-magda-leon-en-rhode-island\/\" class=\"eael-post-elements-readmore-btn\">CONOCE SU HISTORIA <\/a><\/div>\n                    <\/div><\/div><\/div>\n        <\/div>\n    <\/article><article class=\"eael-grid-post  eael-post-grid-column eael-pg-post-43640 category-estamos-unidos\" data-id=\"43640\">\n        <div class=\"eael-grid-post-holder\">\n            <div class=\"eael-grid-post-holder-inner\"><div class=\"eael-entry-media\"><div class=\"eael-entry-overlay fade-in\"><i class=\"far fa-hand-pointer\" aria-hidden=\"true\"><\/i><a href=\"https:\/\/soymigrante.com\/revista\/barrilete-gigante-y-migrante-lucira-en-festival-guatemala-de-rhode-island\/\"><\/a><\/div><div class=\"eael-entry-thumbnail eael-image-ratio\">\n                <img loading=\"lazy\" decoding=\"async\" width=\"1024\" height=\"1024\" src=\"https:\/\/soymigrante.com\/revista\/wp-content\/uploads\/2025\/09\/barrilete-gigante-rhode-island-magda-leon-3-1024x1024.png\" class=\"attachment-large size-large wp-image-43641\" alt=\"barrilete gigante rhode island magda leon 3\" srcset=\"https:\/\/soymigrante.com\/revista\/wp-content\/uploads\/2025\/09\/barrilete-gigante-rhode-island-magda-leon-3-1024x1024.png 1024w, https:\/\/soymigrante.com\/revista\/wp-content\/uploads\/2025\/09\/barrilete-gigante-rhode-island-magda-leon-3-300x300.png 300w, https:\/\/soymigrante.com\/revista\/wp-content\/uploads\/2025\/09\/barrilete-gigante-rhode-island-magda-leon-3-150x150.png 150w, https:\/\/soymigrante.com\/revista\/wp-content\/uploads\/2025\/09\/barrilete-gigante-rhode-island-magda-leon-3-768x768.png 768w, https:\/\/soymigrante.com\/revista\/wp-content\/uploads\/2025\/09\/barrilete-gigante-rhode-island-magda-leon-3-75x75.png 75w, https:\/\/soymigrante.com\/revista\/wp-content\/uploads\/2025\/09\/barrilete-gigante-rhode-island-magda-leon-3-750x750.png 750w, https:\/\/soymigrante.com\/revista\/wp-content\/uploads\/2025\/09\/barrilete-gigante-rhode-island-magda-leon-3.png 1031w\" sizes=\"(max-width: 1024px) 100vw, 1024px\" \/>\n            <\/div>\n        <\/div><div class=\"eael-entry-wrapper\"><header class=\"eael-entry-header\"><h2 class=\"eael-entry-title\"><a class=\"eael-grid-post-link\" href=\"https:\/\/soymigrante.com\/revista\/barrilete-gigante-y-migrante-lucira-en-festival-guatemala-de-rhode-island\/\" title=\"Barrilete gigante y migrante lucir\u00e1 en festival Guatemala de Rhode Island\">Barrilete gigante y migrante lucir\u00e1 en festival Guatemala de Rhode Island<\/a><\/h2><\/header><div class=\"eael-entry-content\">\n                        <div class=\"eael-grid-post-excerpt\"><a href=\"https:\/\/soymigrante.com\/revista\/barrilete-gigante-y-migrante-lucira-en-festival-guatemala-de-rhode-island\/\" class=\"eael-post-elements-readmore-btn\">CONOCE SU HISTORIA <\/a><\/div>\n                    <\/div><\/div><\/div>\n        <\/div>\n    <\/article><\/div>\n            <div class=\"clearfix\"><\/div>\n        <\/div>\t\t\t\t<\/div>\n\t\t\t\t\t<\/div>\n\t\t\t\t<\/div>\n\t\t\t\t<\/div>\n\t\t","protected":false},"excerpt":{"rendered":"<p>El Centro Guatemalteco en New England, Rhode Island, expuso barriletes de Sumpango y tambi\u00e9n los elaborados en talleres dirigidos por la artista guatemalteca Magda Le\u00f3n. Este 1 y 2 de noviembre son muy especiales en el Guatemalan Center of New England, Rhode Island, Estados Unidos, porque por primera vez se presentaron barriletes gigantes de Sumpango, [&hellip;]<\/p>\n","protected":false},"author":7,"featured_media":48042,"comment_status":"open","ping_status":"open","sticky":false,"template":"","format":"standard","meta":{"_acf_changed":false,"_eb_attr":"","footnotes":""},"categories":[54],"tags":[],"class_list":["post-48041","post","type-post","status-publish","format-standard","has-post-thumbnail","hentry","category-estamos-unidos"],"acf":[],"aioseo_notices":[],"aioseo_head":"\n\t\t<!-- All in One SEO Pro 4.9.6.2 - aioseo.com -->\n\t<meta name=\"description\" content=\"Artista migrante guatemalteca Magda Le\u00f3n dirige elaboraci\u00f3n de un barrilete gigante, con tem\u00e1tica multicultural. Se exhibir\u00e1 en Festival Guatemala.\" \/>\n\t<meta name=\"robots\" content=\"max-snippet:-1, max-image-preview:large, max-video-preview:-1\" \/>\n\t<meta name=\"author\" content=\"Gustavo Montenegro\"\/>\n\t<link rel=\"canonical\" href=\"https:\/\/soymigrante.com\/revista\/barrilete-gigante-y-migrante-lucira-en-festival-guatemala-de-rhode-island\/\" \/>\n\t<meta name=\"generator\" content=\"All in One SEO Pro (AIOSEO) 4.9.6.2\" \/>\n\n\t\t<link rel=\"preconnect\" href=\"https:\/\/fonts.googleapis.com\" crossorigin>\n<link rel=\"preconnect\" href=\"https:\/\/fonts.gstatic.com\" crossorigin>\n\t\t<meta property=\"og:locale\" content=\"es_ES\" \/>\n\t\t<meta property=\"og:site_name\" content=\"SoyMigrante.com REVISTA \u2013 Nuestra misi\u00f3n es reconocer y dignificar al migrante.\" \/>\n\t\t<meta property=\"og:type\" content=\"article\" \/>\n\t\t<meta property=\"og:title\" content=\"Barrilete gigante en Festival Guatemala de Rhode Island\" \/>\n\t\t<meta property=\"og:description\" content=\"Artista migrante guatemalteca Magda Le\u00f3n dirige elaboraci\u00f3n de un barrilete gigante, con tem\u00e1tica multicultural. Se exhibir\u00e1 en Festival Guatemala.\" \/>\n\t\t<meta property=\"og:url\" content=\"https:\/\/soymigrante.com\/revista\/barrilete-gigante-y-migrante-lucira-en-festival-guatemala-de-rhode-island\/\" \/>\n\t\t<meta property=\"og:image\" content=\"https:\/\/soymigrante.com\/revista\/wp-content\/uploads\/2025\/09\/barrilete-gigante-rhode-island-magda-leon-3.png\" \/>\n\t\t<meta property=\"og:image:secure_url\" content=\"https:\/\/soymigrante.com\/revista\/wp-content\/uploads\/2025\/09\/barrilete-gigante-rhode-island-magda-leon-3.png\" \/>\n\t\t<meta property=\"og:image:width\" content=\"1031\" \/>\n\t\t<meta property=\"og:image:height\" content=\"1031\" \/>\n\t\t<meta property=\"article:published_time\" content=\"2025-09-03T18:23:50+00:00\" \/>\n\t\t<meta property=\"article:modified_time\" content=\"2025-09-03T18:54:26+00:00\" \/>\n\t\t<meta property=\"article:publisher\" content=\"https:\/\/www.facebook.com\/soymigrantecom\" \/>\n\t\t<meta name=\"twitter:card\" content=\"summary_large_image\" \/>\n\t\t<meta name=\"twitter:site\" content=\"@SoyMigrante_com\" \/>\n\t\t<meta name=\"twitter:title\" content=\"Barrilete gigante en Festival Guatemala de Rhode Island\" \/>\n\t\t<meta name=\"twitter:description\" content=\"Artista migrante guatemalteca Magda Le\u00f3n dirige elaboraci\u00f3n de un barrilete gigante, con tem\u00e1tica multicultural. Se exhibir\u00e1 en Festival Guatemala.\" \/>\n\t\t<meta name=\"twitter:creator\" content=\"@SoyMigrante_com\" \/>\n\t\t<meta name=\"twitter:image\" content=\"https:\/\/soymigrante.com\/revista\/wp-content\/uploads\/2025\/09\/barrilete-gigante-rhode-island-magda-leon-3.png\" \/>\n\t\t<!-- All in One SEO Pro -->\r\n\t\t<title>Barrilete gigante en Festival Guatemala de Rhode Island<\/title>\n\n","aioseo_head_json":{"title":"Barrilete gigante en Festival Guatemala de Rhode Island","description":"Artista migrante guatemalteca Magda Le\u00f3n dirige elaboraci\u00f3n de un barrilete gigante, con tem\u00e1tica multicultural. Se exhibir\u00e1 en Festival Guatemala.","canonical_url":"https:\/\/soymigrante.com\/revista\/barrilete-gigante-y-migrante-lucira-en-festival-guatemala-de-rhode-island\/","robots":"max-snippet:-1, max-image-preview:large, max-video-preview:-1","keywords":"","webmasterTools":{"miscellaneous":"&lt;link rel=\"preconnect\" href=\"https:\/\/fonts.googleapis.com\" crossorigin&gt;\n&lt;link rel=\"preconnect\" href=\"https:\/\/fonts.gstatic.com\" crossorigin&gt;"},"schema":null,"og:locale":"es_ES","og:site_name":"SoyMigrante.com REVISTA \u2013 Nuestra misi\u00f3n es reconocer y dignificar al migrante.","og:type":"article","og:title":"Barrilete gigante en Festival Guatemala de Rhode Island","og:description":"Artista migrante guatemalteca Magda Le\u00f3n dirige elaboraci\u00f3n de un barrilete gigante, con tem\u00e1tica multicultural. Se exhibir\u00e1 en Festival Guatemala.","og:url":"https:\/\/soymigrante.com\/revista\/barrilete-gigante-y-migrante-lucira-en-festival-guatemala-de-rhode-island\/","og:image":"https:\/\/soymigrante.com\/revista\/wp-content\/uploads\/2025\/09\/barrilete-gigante-rhode-island-magda-leon-3.png","og:image:secure_url":"https:\/\/soymigrante.com\/revista\/wp-content\/uploads\/2025\/09\/barrilete-gigante-rhode-island-magda-leon-3.png","og:image:width":1031,"og:image:height":1031,"article:published_time":"2025-09-03T18:23:50+00:00","article:modified_time":"2025-09-03T18:54:26+00:00","article:publisher":"https:\/\/www.facebook.com\/soymigrantecom","twitter:card":"summary_large_image","twitter:site":"@SoyMigrante_com","twitter:title":"Barrilete gigante en Festival Guatemala de Rhode Island","twitter:description":"Artista migrante guatemalteca Magda Le\u00f3n dirige elaboraci\u00f3n de un barrilete gigante, con tem\u00e1tica multicultural. Se exhibir\u00e1 en Festival Guatemala.","twitter:creator":"@SoyMigrante_com","twitter:image":"https:\/\/soymigrante.com\/revista\/wp-content\/uploads\/2025\/09\/barrilete-gigante-rhode-island-magda-leon-3.png"},"aioseo_meta_data":{"post_id":"48041","title":"Barriletes gigantes guatemaltecos admirados en Rhode Island","description":"Centro Guatemalteco de New England exhibi\u00f3 barriletes de Sumpango y otros hechos all\u00ed mismo. Artista Magda Le\u00f3n elabor\u00f3 un altar en memoria de seres queridos.","keywords":null,"keyphrases":{"focus":{"keyphrase":"Guatemalteco","score":69,"analysis":{"keyphraseInTitle":{"score":3,"maxScore":9,"error":1},"keyphraseInDescription":{"score":9,"maxScore":9,"error":0},"keyphraseLength":{"score":9,"maxScore":9,"error":0,"length":1},"keyphraseInURL":{"score":1,"maxScore":5,"error":1}}},"additional":[{"keyphrase":"Barriletes","score":100,"analysis":{"keyphraseInDescription":{"score":9,"maxScore":9,"error":0},"keyphraseLength":{"score":9,"maxScore":9,"error":0,"length":1}}}]},"primary_term":null,"canonical_url":null,"og_title":null,"og_description":null,"og_object_type":"default","og_image_type":"default","og_image_url":null,"og_image_width":null,"og_image_height":null,"og_image_custom_url":null,"og_image_custom_fields":null,"og_video":"","og_custom_url":null,"og_article_section":null,"og_article_tags":null,"twitter_use_og":false,"twitter_card":"default","twitter_image_type":"default","twitter_image_url":null,"twitter_image_custom_url":null,"twitter_image_custom_fields":null,"twitter_title":null,"twitter_description":null,"schema":{"blockGraphs":[],"customGraphs":[],"default":{"data":{"Article":[],"Course":[],"Dataset":[],"FAQPage":[],"Movie":[],"Person":[],"Product":[],"ProductReview":[],"Car":[],"Recipe":[],"Service":[],"SoftwareApplication":[],"WebPage":[]},"graphName":"NewsArticle","isEnabled":true},"graphs":[]},"schema_type":"default","schema_type_options":null,"pillar_content":false,"robots_default":true,"robots_noindex":false,"robots_noarchive":false,"robots_nosnippet":false,"robots_nofollow":false,"robots_noimageindex":false,"robots_noodp":false,"robots_notranslate":false,"robots_max_snippet":"-1","robots_max_videopreview":"-1","robots_max_imagepreview":"large","priority":null,"frequency":"default","local_seo":null,"seo_analyzer_scan_date":"2025-11-02 15:11:17","breadcrumb_settings":null,"limit_modified_date":false,"reviewed_by":"0","open_ai":null,"ai":{"faqs":[],"keyPoints":[],"titles":[],"descriptions":[],"socialPosts":{"email":[],"linkedin":[],"twitter":[],"facebook":[],"instagram":[]}},"created":"2025-11-02 14:41:00","updated":"2026-02-05 06:57:10"},"aioseo_breadcrumb":"<div class=\"aioseo-breadcrumbs\"><span class=\"aioseo-breadcrumb\">\n\t<a href=\"https:\/\/soymigrante.com\/revista\" title=\"Home\">Home<\/a>\n<\/span><span class=\"aioseo-breadcrumb-separator\">\u00bb<\/span><span class=\"aioseo-breadcrumb\">\n\t<a href=\"https:\/\/soymigrante.com\/revista\/category\/estamos-unidos\/\" title=\"Estamos Unidos\">Estamos Unidos<\/a>\n<\/span><span class=\"aioseo-breadcrumb-separator\">\u00bb<\/span><span class=\"aioseo-breadcrumb\">\n\tBarriletes gigantes y homenaje en memoria de seres queridos en Rhode Island\n<\/span><\/div>","aioseo_breadcrumb_json":[{"label":"Home","link":"https:\/\/soymigrante.com\/revista"},{"label":"Estamos Unidos","link":"https:\/\/soymigrante.com\/revista\/category\/estamos-unidos\/"},{"label":"Barriletes gigantes y homenaje en memoria de seres queridos en Rhode Island","link":"https:\/\/soymigrante.com\/revista\/barriletes-gigantes-y-homenaje-en-memoria-de-seres-queridos-en-rhode-island\/"}],"_links":{"self":[{"href":"https:\/\/soymigrante.com\/revista\/wp-json\/wp\/v2\/posts\/48041","targetHints":{"allow":["GET"]}}],"collection":[{"href":"https:\/\/soymigrante.com\/revista\/wp-json\/wp\/v2\/posts"}],"about":[{"href":"https:\/\/soymigrante.com\/revista\/wp-json\/wp\/v2\/types\/post"}],"author":[{"embeddable":true,"href":"https:\/\/soymigrante.com\/revista\/wp-json\/wp\/v2\/users\/7"}],"replies":[{"embeddable":true,"href":"https:\/\/soymigrante.com\/revista\/wp-json\/wp\/v2\/comments?post=48041"}],"version-history":[{"count":11,"href":"https:\/\/soymigrante.com\/revista\/wp-json\/wp\/v2\/posts\/48041\/revisions"}],"predecessor-version":[{"id":48056,"href":"https:\/\/soymigrante.com\/revista\/wp-json\/wp\/v2\/posts\/48041\/revisions\/48056"}],"wp:featuredmedia":[{"embeddable":true,"href":"https:\/\/soymigrante.com\/revista\/wp-json\/wp\/v2\/media\/48042"}],"wp:attachment":[{"href":"https:\/\/soymigrante.com\/revista\/wp-json\/wp\/v2\/media?parent=48041"}],"wp:term":[{"taxonomy":"category","embeddable":true,"href":"https:\/\/soymigrante.com\/revista\/wp-json\/wp\/v2\/categories?post=48041"},{"taxonomy":"post_tag","embeddable":true,"href":"https:\/\/soymigrante.com\/revista\/wp-json\/wp\/v2\/tags?post=48041"}],"curies":[{"name":"wp","href":"https:\/\/api.w.org\/{rel}","templated":true}]}}