{"id":48022,"date":"2025-11-02T08:30:11","date_gmt":"2025-11-02T14:30:11","guid":{"rendered":"https:\/\/soymigrante.com\/revista\/?p=48022"},"modified":"2025-11-02T09:15:54","modified_gmt":"2025-11-02T15:15:54","slug":"galeria-de-barriletes-gigantes-2025-en-santiago-y-sumpango-sacatepequez","status":"publish","type":"post","link":"https:\/\/soymigrante.com\/revista\/galeria-de-barriletes-gigantes-2025-en-santiago-y-sumpango-sacatepequez\/","title":{"rendered":"Galer\u00eda de barriletes gigantes 2025 en Santiago y Sumpango Sacatep\u00e9quez"},"content":{"rendered":"\t\t<div data-elementor-type=\"wp-post\" data-elementor-id=\"48022\" class=\"elementor elementor-48022\" data-elementor-post-type=\"post\">\n\t\t\t\t<div data-particle_enable=\"false\" data-particle-mobile-disabled=\"false\" class=\"elementor-element elementor-element-6a57e8c e-flex e-con-boxed e-con e-parent\" data-id=\"6a57e8c\" data-element_type=\"container\" data-e-type=\"container\">\n\t\t\t\t\t<div class=\"e-con-inner\">\n\t\t\t\t<div class=\"elementor-element elementor-element-283db44 elementor-widget elementor-widget-heading\" data-id=\"283db44\" data-element_type=\"widget\" data-e-type=\"widget\" data-widget_type=\"heading.default\">\n\t\t\t\t\t<h2 class=\"elementor-heading-title elementor-size-default\">Sumpango Sacatep\u00e9quez y Santiago Sacatep\u00e9quez vuelven a deslumbrar al mundo con sus barriletes gigantes 2025.<\/h2>\t\t\t\t<\/div>\n\t\t\t\t\t<\/div>\n\t\t\t\t<\/div>\n\t\t<div data-particle_enable=\"false\" data-particle-mobile-disabled=\"false\" class=\"elementor-element elementor-element-e572fab e-flex e-con-boxed e-con e-parent\" data-id=\"e572fab\" data-element_type=\"container\" data-e-type=\"container\">\n\t\t\t\t\t<div class=\"e-con-inner\">\n\t\t\t\t<div class=\"elementor-element elementor-element-33b7764 elementor-widget elementor-widget-text-editor\" data-id=\"33b7764\" data-element_type=\"widget\" data-e-type=\"widget\" data-widget_type=\"text-editor.default\">\n\t\t\t\t\t\t\t\t\t<p>Los cielos de Santiago y Sumpango Sacatep\u00e9quez se llenaron nuevamente de color, arte y espiritualidad durante la celebraci\u00f3n, en cada uno de esos municipios, de su tradicional <strong>Festival de Barriletes Gigantes<\/strong>, una de las expresiones culturales m\u00e1s emblem\u00e1ticas de Guatemala, <a href=\"https:\/\/soymigrante.com\/revista\/barriletes-gigantes-de-guatemala-son-incluidos-en-lista-del-patrimonio-cultural-de-la-humanidad\/\">declarada por la UNESCO como <strong>Patrimonio Cultural Inmaterial de la Humanidad<\/strong>.<\/a><\/p>\n<p>Estas son algunas im\u00e1genes de los deslumbrantes barriletes que forman parte de las<a href=\"https:\/\/soymigrante.com\/revista\/estas-son-las-tradiciones-del-dia-de-difuntos-en-guatemala\/\"> tradiciones del 1 y 2 de noviembre<\/a> en Guatemala y que <a href=\"https:\/\/soymigrante.com\/revista\/barrilete-gigante-de-sumpango-sacatepequez-surco-el-cielo-en-brooklyn-ny\/\">ya ha borrado fronteras.&nbsp;<\/a>Sin duda alguna, el momento de la elevaci\u00f3n del mayor barrilete, de 22 metros de di\u00e1metro, <a href=\"https:\/\/www.facebook.com\/profile.php?id=61580236041985\">captado por el artista fotogr\u00e1fico Enrique C.A. <\/a>constituye una de las m\u00e1s deslumbrantes escenas de esta tradici\u00f3n en 2025.<\/p>\t\t\t\t\t\t\t\t<\/div>\n\t\t\t\t\t<\/div>\n\t\t\t\t<\/div>\n\t\t<div data-particle_enable=\"false\" data-particle-mobile-disabled=\"false\" class=\"elementor-element elementor-element-23dde35 e-flex e-con-boxed e-con e-parent\" data-id=\"23dde35\" data-element_type=\"container\" data-e-type=\"container\">\n\t\t\t\t\t<div class=\"e-con-inner\">\n\t\t\t\t<div class=\"elementor-element elementor-element-f3c02dd elementor-widget elementor-widget-html\" data-id=\"f3c02dd\" data-element_type=\"widget\" data-e-type=\"widget\" data-widget_type=\"html.default\">\n\t\t\t\t\t<iframe src=\"https:\/\/www.facebook.com\/plugins\/video.php?height=314&href=https%3A%2F%2Fwww.facebook.com%2Freel%2F1359784582433854%2F&show_text=false&width=560&t=0\" width=\"560\" height=\"414\" style=\"border:none;overflow:hidden\" scrolling=\"no\" frameborder=\"0\" allowfullscreen=\"true\" allow=\"autoplay; clipboard-write; encrypted-media; picture-in-picture; web-share\" allowFullScreen=\"true\"><\/iframe>\t\t\t\t<\/div>\n\t\t\t\t\t<\/div>\n\t\t\t\t<\/div>\n\t\t<div data-particle_enable=\"false\" data-particle-mobile-disabled=\"false\" class=\"elementor-element elementor-element-9265523 e-flex e-con-boxed e-con e-parent\" data-id=\"9265523\" data-element_type=\"container\" data-e-type=\"container\">\n\t\t\t\t\t<div class=\"e-con-inner\">\n\t\t\t\t<div class=\"elementor-element elementor-element-e6c7703 elementor-widget elementor-widget-heading\" data-id=\"e6c7703\" data-element_type=\"widget\" data-e-type=\"widget\" data-widget_type=\"heading.default\">\n\t\t\t\t\t<h2 class=\"elementor-heading-title elementor-size-default\">Santiago Sacatep\u00e9quez, barriletes 2025<\/h2>\t\t\t\t<\/div>\n\t\t\t\t\t<\/div>\n\t\t\t\t<\/div>\n\t\t<div data-particle_enable=\"false\" data-particle-mobile-disabled=\"false\" class=\"elementor-element elementor-element-db5fb05 e-flex e-con-boxed e-con e-parent\" data-id=\"db5fb05\" data-element_type=\"container\" data-e-type=\"container\">\n\t\t\t\t\t<div class=\"e-con-inner\">\n\t\t\t\t<div class=\"elementor-element elementor-element-a44b91c elementor-widget elementor-widget-text-editor\" data-id=\"a44b91c\" data-element_type=\"widget\" data-e-type=\"widget\" data-widget_type=\"text-editor.default\">\n\t\t\t\t\t\t\t\t\t<p>El cementerio de Santiago Sacatep\u00e9quez se lleno de vida, creatividad y tradici\u00f3n este 1 de noviembre, en el 126 Festival de Barriletes Gigantes, que atrajo a miles de visitantes de toda <a href=\"https:\/\/soymigrante.com\/revista\/22-departamentos-de-guatemala-un-corazon-multicultural-compartido\/\">Guatemala<\/a> y tambi\u00e9n de otros pa\u00edses.<\/p>\t\t\t\t\t\t\t\t<\/div>\n\t\t\t\t\t<\/div>\n\t\t\t\t<\/div>\n\t\t<div data-particle_enable=\"false\" data-particle-mobile-disabled=\"false\" class=\"elementor-element elementor-element-e4050f3 e-flex e-con-boxed e-con e-parent\" data-id=\"e4050f3\" data-element_type=\"container\" data-e-type=\"container\">\n\t\t\t\t\t<div class=\"e-con-inner\">\n\t\t\t\t<div class=\"elementor-element elementor-element-cd03c1c elementor-widget elementor-widget-image-gallery\" data-id=\"cd03c1c\" data-element_type=\"widget\" data-e-type=\"widget\" data-widget_type=\"image-gallery.default\">\n\t\t\t\t\t\t\t<div class=\"elementor-image-gallery\">\n\t\t\t<div id='gallery-15' class='gallery galleryid-48022 gallery-columns-1 gallery-size-large'><figure class='gallery-item'>\n\t\t\t<div class='gallery-icon landscape'>\n\t\t\t\t<a data-elementor-open-lightbox=\"yes\" data-elementor-lightbox-slideshow=\"cd03c1c\" data-elementor-lightbox-title=\"Sacatep\u00e9quez se dieron cita en el cementerio. (Foto Ministerio de Cultura y Deportes)\" data-elementor-lightbox-description=\"Sacatep\u00e9quez se dieron cita en el cementerio. (Foto Ministerio de Cultura y Deportes)\" data-e-action-hash=\"#elementor-action%3Aaction%3Dlightbox%26settings%3DeyJpZCI6NDgwMjcsInVybCI6Imh0dHBzOlwvXC9zb3ltaWdyYW50ZS5jb21cL3JldmlzdGFcL3dwLWNvbnRlbnRcL3VwbG9hZHNcLzIwMjVcLzExXC9zYW50aWFnby00LmpwZyIsInNsaWRlc2hvdyI6ImNkMDNjMWMifQ%3D%3D\" href='https:\/\/soymigrante.com\/revista\/wp-content\/uploads\/2025\/11\/santiago-4.jpg'><img fetchpriority=\"high\" decoding=\"async\" width=\"1140\" height=\"760\" src=\"https:\/\/soymigrante.com\/revista\/wp-content\/uploads\/2025\/11\/santiago-4-1140x760.jpg\" class=\"attachment-large size-large\" alt=\"Desde muy temprano, vecinos y grupos art\u00edsticods de Santiago Sacatep\u00e9quez se dieron cita en el cementerio. (Foto Ministerio de Cultura y Deportes)\" aria-describedby=\"gallery-15-48027\" srcset=\"https:\/\/soymigrante.com\/revista\/wp-content\/uploads\/2025\/11\/santiago-4-1140x760.jpg 1140w, https:\/\/soymigrante.com\/revista\/wp-content\/uploads\/2025\/11\/santiago-4-300x200.jpg 300w, https:\/\/soymigrante.com\/revista\/wp-content\/uploads\/2025\/11\/santiago-4-768x512.jpg 768w, https:\/\/soymigrante.com\/revista\/wp-content\/uploads\/2025\/11\/santiago-4-750x500.jpg 750w, https:\/\/soymigrante.com\/revista\/wp-content\/uploads\/2025\/11\/santiago-4.jpg 1280w\" sizes=\"(max-width: 1140px) 100vw, 1140px\" title=\"Sacatep\u00e9quez se dieron cita en el cementerio. (Foto Ministerio de Cultura y Deportes) \u2013 SoyMigrante.com REVISTA\" \/><\/a>\n\t\t\t<\/div>\n\t\t\t\t<figcaption class='wp-caption-text gallery-caption' id='gallery-15-48027'>\n\t\t\t\tSacatep\u00e9quez se dieron cita en el cementerio. (Foto Ministerio de Cultura y Deportes)\n\t\t\t\t<\/figcaption><\/figure><figure class='gallery-item'>\n\t\t\t<div class='gallery-icon landscape'>\n\t\t\t\t<a data-elementor-open-lightbox=\"yes\" data-elementor-lightbox-slideshow=\"cd03c1c\" data-elementor-lightbox-title=\"La tem\u00e1tica aut\u00e9ntica que resalta los valores de la comunidad de Santiago son omnipresentes. (Foto MCD)\" data-elementor-lightbox-description=\"La tem\u00e1tica aut\u00e9ntica que resalta los valores de la comunidad de Santiago son omnipresentes. (Foto MCD)\" data-e-action-hash=\"#elementor-action%3Aaction%3Dlightbox%26settings%3DeyJpZCI6NDgwMjUsInVybCI6Imh0dHBzOlwvXC9zb3ltaWdyYW50ZS5jb21cL3JldmlzdGFcL3dwLWNvbnRlbnRcL3VwbG9hZHNcLzIwMjVcLzExXC9zYW50aWFnby02LmpwZyIsInNsaWRlc2hvdyI6ImNkMDNjMWMifQ%3D%3D\" href='https:\/\/soymigrante.com\/revista\/wp-content\/uploads\/2025\/11\/santiago-6.jpg'><img decoding=\"async\" width=\"1140\" height=\"760\" src=\"https:\/\/soymigrante.com\/revista\/wp-content\/uploads\/2025\/11\/santiago-6-1140x760.jpg\" class=\"attachment-large size-large\" alt=\"La tem\u00e1tica aut\u00e9ntica que resalta los valores de la comunidad de Santiago son omnipresentes. (Foto MCD)\" aria-describedby=\"gallery-15-48025\" srcset=\"https:\/\/soymigrante.com\/revista\/wp-content\/uploads\/2025\/11\/santiago-6-1140x760.jpg 1140w, https:\/\/soymigrante.com\/revista\/wp-content\/uploads\/2025\/11\/santiago-6-300x200.jpg 300w, https:\/\/soymigrante.com\/revista\/wp-content\/uploads\/2025\/11\/santiago-6-768x512.jpg 768w, https:\/\/soymigrante.com\/revista\/wp-content\/uploads\/2025\/11\/santiago-6-750x500.jpg 750w, https:\/\/soymigrante.com\/revista\/wp-content\/uploads\/2025\/11\/santiago-6.jpg 1280w\" sizes=\"(max-width: 1140px) 100vw, 1140px\" title=\"La tem\u00e1tica aut\u00e9ntica que resalta los valores de la comunidad de Santiago son omnipresentes. (Foto MCD) \u2013 SoyMigrante.com REVISTA\" \/><\/a>\n\t\t\t<\/div>\n\t\t\t\t<figcaption class='wp-caption-text gallery-caption' id='gallery-15-48025'>\n\t\t\t\tLa tem\u00e1tica aut\u00e9ntica que resalta los valores de la comunidad de Santiago son omnipresentes. (Foto MCD)\n\t\t\t\t<\/figcaption><\/figure><figure class='gallery-item'>\n\t\t\t<div class='gallery-icon landscape'>\n\t\t\t\t<a data-elementor-open-lightbox=\"yes\" data-elementor-lightbox-slideshow=\"cd03c1c\" data-elementor-lightbox-title=\"Cada detalle cuidado al m\u00e1ximo, confeccionado en papel de china con semanas de anticipaci\u00f3n deslumbra a ojos nacionales y extranjeros en Santiago Sacatep\u00e9quez. (Foto MCD)\" data-elementor-lightbox-description=\"Cada detalle cuidado al m\u00e1ximo, confeccionado en papel de china con semanas de anticipaci\u00f3n deslumbra a ojos nacionales y extranjeros en Santiago Sacatep\u00e9quez. (Foto MCD)\" data-e-action-hash=\"#elementor-action%3Aaction%3Dlightbox%26settings%3DeyJpZCI6NDgwMjYsInVybCI6Imh0dHBzOlwvXC9zb3ltaWdyYW50ZS5jb21cL3JldmlzdGFcL3dwLWNvbnRlbnRcL3VwbG9hZHNcLzIwMjVcLzExXC9zYW50aWFnby01LmpwZyIsInNsaWRlc2hvdyI6ImNkMDNjMWMifQ%3D%3D\" href='https:\/\/soymigrante.com\/revista\/wp-content\/uploads\/2025\/11\/santiago-5.jpg'><img decoding=\"async\" width=\"1140\" height=\"760\" src=\"https:\/\/soymigrante.com\/revista\/wp-content\/uploads\/2025\/11\/santiago-5-1140x760.jpg\" class=\"attachment-large size-large\" alt=\"Cada detalle cuidado al m\u00e1ximo, confeccionado en papel de china con semanas de anticipaci\u00f3n deslumbra a ojos nacionales y extranjeros en Santiago Sacatep\u00e9quez. (Foto MCD)\" aria-describedby=\"gallery-15-48026\" srcset=\"https:\/\/soymigrante.com\/revista\/wp-content\/uploads\/2025\/11\/santiago-5-1140x760.jpg 1140w, https:\/\/soymigrante.com\/revista\/wp-content\/uploads\/2025\/11\/santiago-5-300x200.jpg 300w, https:\/\/soymigrante.com\/revista\/wp-content\/uploads\/2025\/11\/santiago-5-768x512.jpg 768w, https:\/\/soymigrante.com\/revista\/wp-content\/uploads\/2025\/11\/santiago-5-750x500.jpg 750w, https:\/\/soymigrante.com\/revista\/wp-content\/uploads\/2025\/11\/santiago-5.jpg 1280w\" sizes=\"(max-width: 1140px) 100vw, 1140px\" title=\"Cada detalle cuidado al m\u00e1ximo, confeccionado en papel de china con semanas de anticipaci\u00f3n deslumbra a ojos nacionales y extranjeros en Santiago Sacatep\u00e9quez. (Foto MCD) \u2013 SoyMigrante.com REVISTA\" \/><\/a>\n\t\t\t<\/div>\n\t\t\t\t<figcaption class='wp-caption-text gallery-caption' id='gallery-15-48026'>\n\t\t\t\tCada detalle cuidado al m\u00e1ximo, confeccionado en papel de china con semanas de anticipaci\u00f3n deslumbra a ojos nacionales y extranjeros en Santiago Sacatep\u00e9quez. (Foto MCD)\n\t\t\t\t<\/figcaption><\/figure><figure class='gallery-item'>\n\t\t\t<div class='gallery-icon landscape'>\n\t\t\t\t<a data-elementor-open-lightbox=\"yes\" data-elementor-lightbox-slideshow=\"cd03c1c\" data-elementor-lightbox-title=\"La imaginaci\u00f3n es el l\u00edmite y la realidad pasa a convertirse en parte del caleidoscopio m\u00e1gico de papel. (Fotos MCD)\" data-elementor-lightbox-description=\"La imaginaci\u00f3n es el l\u00edmite y la realidad pasa a convertirse en parte del caleidoscopio m\u00e1gico de papel. (Fotos MCD)\" data-e-action-hash=\"#elementor-action%3Aaction%3Dlightbox%26settings%3DeyJpZCI6NDgwMjgsInVybCI6Imh0dHBzOlwvXC9zb3ltaWdyYW50ZS5jb21cL3JldmlzdGFcL3dwLWNvbnRlbnRcL3VwbG9hZHNcLzIwMjVcLzExXC9zYW50aWFnby0zLmpwZyIsInNsaWRlc2hvdyI6ImNkMDNjMWMifQ%3D%3D\" href='https:\/\/soymigrante.com\/revista\/wp-content\/uploads\/2025\/11\/santiago-3.jpg'><img loading=\"lazy\" decoding=\"async\" width=\"1140\" height=\"760\" src=\"https:\/\/soymigrante.com\/revista\/wp-content\/uploads\/2025\/11\/santiago-3-1140x760.jpg\" class=\"attachment-large size-large\" alt=\"La imaginaci\u00f3n es el l\u00edmite y la realidad pasa a convertirse en parte del caleidoscopio m\u00e1gico de papel. (Fotos MCD)\" aria-describedby=\"gallery-15-48028\" srcset=\"https:\/\/soymigrante.com\/revista\/wp-content\/uploads\/2025\/11\/santiago-3-1140x760.jpg 1140w, https:\/\/soymigrante.com\/revista\/wp-content\/uploads\/2025\/11\/santiago-3-300x200.jpg 300w, https:\/\/soymigrante.com\/revista\/wp-content\/uploads\/2025\/11\/santiago-3-768x512.jpg 768w, https:\/\/soymigrante.com\/revista\/wp-content\/uploads\/2025\/11\/santiago-3-750x500.jpg 750w, https:\/\/soymigrante.com\/revista\/wp-content\/uploads\/2025\/11\/santiago-3.jpg 1280w\" sizes=\"(max-width: 1140px) 100vw, 1140px\" title=\"La imaginaci\u00f3n es el l\u00edmite y la realidad pasa a convertirse en parte del caleidoscopio m\u00e1gico de papel. (Fotos MCD) \u2013 SoyMigrante.com REVISTA\" \/><\/a>\n\t\t\t<\/div>\n\t\t\t\t<figcaption class='wp-caption-text gallery-caption' id='gallery-15-48028'>\n\t\t\t\tLa imaginaci\u00f3n es el l\u00edmite y la realidad pasa a convertirse en parte del caleidoscopio m\u00e1gico de papel. (Fotos MCD)\n\t\t\t\t<\/figcaption><\/figure><figure class='gallery-item'>\n\t\t\t<div class='gallery-icon landscape'>\n\t\t\t\t<a data-elementor-open-lightbox=\"yes\" data-elementor-lightbox-slideshow=\"cd03c1c\" data-elementor-lightbox-title=\"santiago 2\" data-elementor-lightbox-description=\"La memoria de los difuntos se une con la de los vivos, en una expresi\u00f3n aut\u00e9ntica de identidad. Santiago Sacatep\u00e9quez volvi\u00f3 a sorprender a miles de asistentes. (Foto MCD)\" data-e-action-hash=\"#elementor-action%3Aaction%3Dlightbox%26settings%3DeyJpZCI6NDgwMjksInVybCI6Imh0dHBzOlwvXC9zb3ltaWdyYW50ZS5jb21cL3JldmlzdGFcL3dwLWNvbnRlbnRcL3VwbG9hZHNcLzIwMjVcLzExXC9zYW50aWFnby0yLmpwZyIsInNsaWRlc2hvdyI6ImNkMDNjMWMifQ%3D%3D\" href='https:\/\/soymigrante.com\/revista\/wp-content\/uploads\/2025\/11\/santiago-2.jpg'><img loading=\"lazy\" decoding=\"async\" width=\"1140\" height=\"641\" src=\"https:\/\/soymigrante.com\/revista\/wp-content\/uploads\/2025\/11\/santiago-2-1140x641.jpg\" class=\"attachment-large size-large\" alt=\"La memoria de los difuntos se une con la de los vivos, en una expresi\u00f3n aut\u00e9ntica de identidad. Santiago Sacatep\u00e9quez volvi\u00f3 a sorprender a miles de asistentes. (Foto MCD)\" aria-describedby=\"gallery-15-48029\" srcset=\"https:\/\/soymigrante.com\/revista\/wp-content\/uploads\/2025\/11\/santiago-2-1140x641.jpg 1140w, https:\/\/soymigrante.com\/revista\/wp-content\/uploads\/2025\/11\/santiago-2-300x169.jpg 300w, https:\/\/soymigrante.com\/revista\/wp-content\/uploads\/2025\/11\/santiago-2-768x432.jpg 768w, https:\/\/soymigrante.com\/revista\/wp-content\/uploads\/2025\/11\/santiago-2-750x422.jpg 750w, https:\/\/soymigrante.com\/revista\/wp-content\/uploads\/2025\/11\/santiago-2.jpg 1280w\" sizes=\"(max-width: 1140px) 100vw, 1140px\" title=\"santiago 2 \u2013 SoyMigrante.com REVISTA\" \/><\/a>\n\t\t\t<\/div>\n\t\t\t\t<figcaption class='wp-caption-text gallery-caption' id='gallery-15-48029'>\n\t\t\t\tLa memoria de los difuntos se une con la de los vivos, en una expresi\u00f3n aut\u00e9ntica de identidad. Santiago Sacatep\u00e9quez volvi\u00f3 a sorprender a miles de asistentes. (Foto MCD)\n\t\t\t\t<\/figcaption><\/figure><figure class='gallery-item'>\n\t\t\t<div class='gallery-icon landscape'>\n\t\t\t\t<a data-elementor-open-lightbox=\"yes\" data-elementor-lightbox-slideshow=\"cd03c1c\" data-elementor-lightbox-title=\"Los barriletes que sobreviven o quedan intactos del 1 de noviembre, vuelven a ser exhibir el 2 de noviembre en Santiago Sacatep\u00e9quez (Foto MCD)\" data-elementor-lightbox-description=\"Los barriletes que sobreviven o quedan intactos del 1 de noviembre, vuelven a ser exhibir el 2 de noviembre en Santiago Sacatep\u00e9quez (Foto MCD)\" data-e-action-hash=\"#elementor-action%3Aaction%3Dlightbox%26settings%3DeyJpZCI6NDgwMzAsInVybCI6Imh0dHBzOlwvXC9zb3ltaWdyYW50ZS5jb21cL3JldmlzdGFcL3dwLWNvbnRlbnRcL3VwbG9hZHNcLzIwMjVcLzExXC9zYW50aWFnby1zYWNhdGVwZXF1ZXouanBnIiwic2xpZGVzaG93IjoiY2QwM2MxYyJ9\" href='https:\/\/soymigrante.com\/revista\/wp-content\/uploads\/2025\/11\/santiago-sacatepequez.jpg'><img loading=\"lazy\" decoding=\"async\" width=\"1140\" height=\"641\" src=\"https:\/\/soymigrante.com\/revista\/wp-content\/uploads\/2025\/11\/santiago-sacatepequez-1140x641.jpg\" class=\"attachment-large size-large\" alt=\"Los barriletes que sobreviven o quedan intactos del 1 de noviembre, vuelven a ser exhibir el 2 de noviembre en Santiago Sacatep\u00e9quez (Foto MCD)\" aria-describedby=\"gallery-15-48030\" srcset=\"https:\/\/soymigrante.com\/revista\/wp-content\/uploads\/2025\/11\/santiago-sacatepequez-1140x641.jpg 1140w, https:\/\/soymigrante.com\/revista\/wp-content\/uploads\/2025\/11\/santiago-sacatepequez-300x169.jpg 300w, https:\/\/soymigrante.com\/revista\/wp-content\/uploads\/2025\/11\/santiago-sacatepequez-768x432.jpg 768w, https:\/\/soymigrante.com\/revista\/wp-content\/uploads\/2025\/11\/santiago-sacatepequez-750x422.jpg 750w, https:\/\/soymigrante.com\/revista\/wp-content\/uploads\/2025\/11\/santiago-sacatepequez.jpg 1280w\" sizes=\"(max-width: 1140px) 100vw, 1140px\" title=\"Los barriletes que sobreviven o quedan intactos del 1 de noviembre, vuelven a ser exhibir el 2 de noviembre en Santiago Sacatep\u00e9quez (Foto MCD) \u2013 SoyMigrante.com REVISTA\" \/><\/a>\n\t\t\t<\/div>\n\t\t\t\t<figcaption class='wp-caption-text gallery-caption' id='gallery-15-48030'>\n\t\t\t\tLos barriletes que sobreviven o quedan intactos del 1 de noviembre, vuelven a ser exhibir el 2 de noviembre en Santiago Sacatep\u00e9quez (Foto MCD)\n\t\t\t\t<\/figcaption><\/figure>\n\t\t<\/div>\n\t\t<\/div>\n\t\t\t\t\t\t<\/div>\n\t\t\t\t\t<\/div>\n\t\t\t\t<\/div>\n\t\t<div data-particle_enable=\"false\" data-particle-mobile-disabled=\"false\" class=\"elementor-element elementor-element-5cc8ec8 e-flex e-con-boxed e-con e-parent\" data-id=\"5cc8ec8\" data-element_type=\"container\" data-e-type=\"container\">\n\t\t\t\t\t<div class=\"e-con-inner\">\n\t\t\t\t<div class=\"elementor-element elementor-element-03558fa elementor-widget elementor-widget-html\" data-id=\"03558fa\" data-element_type=\"widget\" data-e-type=\"widget\" data-widget_type=\"html.default\">\n\t\t\t\t\t<iframe width=\"560\" height=\"315\" src=\"https:\/\/www.youtube.com\/embed\/D9E2voXURuM?si=YHzdOqvlP1RqxKx6\" title=\"YouTube video player\" frameborder=\"0\" allow=\"accelerometer; autoplay; clipboard-write; encrypted-media; gyroscope; picture-in-picture; web-share\" referrerpolicy=\"strict-origin-when-cross-origin\" allowfullscreen><\/iframe>\t\t\t\t<\/div>\n\t\t\t\t\t<\/div>\n\t\t\t\t<\/div>\n\t\t<div data-particle_enable=\"false\" data-particle-mobile-disabled=\"false\" class=\"elementor-element elementor-element-9799c2e e-flex e-con-boxed e-con e-parent\" data-id=\"9799c2e\" data-element_type=\"container\" data-e-type=\"container\">\n\t\t\t\t\t<div class=\"e-con-inner\">\n\t\t\t\t<div class=\"elementor-element elementor-element-6c2869d elementor-widget-divider--view-line elementor-widget elementor-widget-divider\" data-id=\"6c2869d\" data-element_type=\"widget\" data-e-type=\"widget\" data-widget_type=\"divider.default\">\n\t\t\t\t\t\t\t<div class=\"elementor-divider\">\n\t\t\t<span class=\"elementor-divider-separator\">\n\t\t\t\t\t\t<\/span>\n\t\t<\/div>\n\t\t\t\t\t\t<\/div>\n\t\t\t\t\t<\/div>\n\t\t\t\t<\/div>\n\t\t<div data-particle_enable=\"false\" data-particle-mobile-disabled=\"false\" class=\"elementor-element elementor-element-60df943 e-flex e-con-boxed e-con e-parent\" data-id=\"60df943\" data-element_type=\"container\" data-e-type=\"container\">\n\t\t\t\t\t<div class=\"e-con-inner\">\n\t\t\t\t<div class=\"elementor-element elementor-element-5caebd1 elementor-widget elementor-widget-heading\" data-id=\"5caebd1\" data-element_type=\"widget\" data-e-type=\"widget\" data-widget_type=\"heading.default\">\n\t\t\t\t\t<h2 class=\"elementor-heading-title elementor-size-default\">Barriletes 2025 en Sumpango Sacatep\u00e9quez<\/h2>\t\t\t\t<\/div>\n\t\t\t\t\t<\/div>\n\t\t\t\t<\/div>\n\t\t<div data-particle_enable=\"false\" data-particle-mobile-disabled=\"false\" class=\"elementor-element elementor-element-bcc5e85 e-flex e-con-boxed e-con e-parent\" data-id=\"bcc5e85\" data-element_type=\"container\" data-e-type=\"container\">\n\t\t\t\t\t<div class=\"e-con-inner\">\n\t\t\t\t<div class=\"elementor-element elementor-element-a50a178 elementor-widget elementor-widget-text-editor\" data-id=\"a50a178\" data-element_type=\"widget\" data-e-type=\"widget\" data-widget_type=\"text-editor.default\">\n\t\t\t\t\t\t\t\t\t<p>La villa de Sumpango Sacatep\u00e9quez deslumbr\u00f3 de nuevo a propios y extra\u00f1os con sus originales creaciones: los barriletes gigantes reflejaron leyendas, tradiciones, oficios, historia y m\u00e1s.<\/p>\t\t\t\t\t\t\t\t<\/div>\n\t\t\t\t\t<\/div>\n\t\t\t\t<\/div>\n\t\t<div data-particle_enable=\"false\" data-particle-mobile-disabled=\"false\" class=\"elementor-element elementor-element-c98b988 e-flex e-con-boxed e-con e-parent\" data-id=\"c98b988\" data-element_type=\"container\" data-e-type=\"container\">\n\t\t\t\t\t<div class=\"e-con-inner\">\n\t\t\t\t<div class=\"elementor-element elementor-element-8d43731 elementor-widget elementor-widget-image-gallery\" data-id=\"8d43731\" data-element_type=\"widget\" data-e-type=\"widget\" data-widget_type=\"image-gallery.default\">\n\t\t\t\t\t\t\t<div class=\"elementor-image-gallery\">\n\t\t\t<div id='gallery-16' class='gallery galleryid-48022 gallery-columns-1 gallery-size-large'><figure class='gallery-item'>\n\t\t\t<div class='gallery-icon landscape'>\n\t\t\t\t<a data-elementor-open-lightbox=\"yes\" data-elementor-lightbox-slideshow=\"8d43731\" data-elementor-lightbox-title=\"El esfuerzo colectivo y el trabajo en equipo son la principal fuerza que mueve la tradici\u00f3n de los barriletes de Sumpango Sacatep\u00e9quez (Foto Ministerio de Cultura y Deportes Guatemala)\" data-elementor-lightbox-description=\"El esfuerzo colectivo y el trabajo en equipo son la principal fuerza que mueve la tradici\u00f3n de los barriletes de Sumpango Sacatep\u00e9quez (Foto Ministerio de Cultura y Deportes Guatemala)\" data-e-action-hash=\"#elementor-action%3Aaction%3Dlightbox%26settings%3DeyJpZCI6NDgwMzEsInVybCI6Imh0dHBzOlwvXC9zb3ltaWdyYW50ZS5jb21cL3JldmlzdGFcL3dwLWNvbnRlbnRcL3VwbG9hZHNcLzIwMjVcLzExXC9zdW1wYW5nby1tY2QtNS5qcGciLCJzbGlkZXNob3ciOiI4ZDQzNzMxIn0%3D\" href='https:\/\/soymigrante.com\/revista\/wp-content\/uploads\/2025\/11\/sumpango-mcd-5.jpg'><img loading=\"lazy\" decoding=\"async\" width=\"1140\" height=\"761\" src=\"https:\/\/soymigrante.com\/revista\/wp-content\/uploads\/2025\/11\/sumpango-mcd-5-1140x761.jpg\" class=\"attachment-large size-large\" alt=\"El esfuerzo colectivo y el trabajo en equipo son la principal fuerza que mueve la tradici\u00f3n de los barriletes de Sumpango Sacatep\u00e9quez (Foto Ministerio de Cultura y Deportes Guatemala)\" aria-describedby=\"gallery-16-48031\" srcset=\"https:\/\/soymigrante.com\/revista\/wp-content\/uploads\/2025\/11\/sumpango-mcd-5-1140x761.jpg 1140w, https:\/\/soymigrante.com\/revista\/wp-content\/uploads\/2025\/11\/sumpango-mcd-5-300x200.jpg 300w, https:\/\/soymigrante.com\/revista\/wp-content\/uploads\/2025\/11\/sumpango-mcd-5-768x512.jpg 768w, https:\/\/soymigrante.com\/revista\/wp-content\/uploads\/2025\/11\/sumpango-mcd-5-750x500.jpg 750w, https:\/\/soymigrante.com\/revista\/wp-content\/uploads\/2025\/11\/sumpango-mcd-5.jpg 1280w\" sizes=\"(max-width: 1140px) 100vw, 1140px\" title=\"El esfuerzo colectivo y el trabajo en equipo son la principal fuerza que mueve la tradici\u00f3n de los barriletes de Sumpango Sacatep\u00e9quez (Foto Ministerio de Cultura y Deportes Guatemala) \u2013 SoyMigrante.com REVISTA\" \/><\/a>\n\t\t\t<\/div>\n\t\t\t\t<figcaption class='wp-caption-text gallery-caption' id='gallery-16-48031'>\n\t\t\t\tEl esfuerzo colectivo y el trabajo en equipo son la principal fuerza que mueve la tradici\u00f3n de los barriletes de Sumpango Sacatep\u00e9quez (Foto Ministerio de Cultura y Deportes Guatemala)\n\t\t\t\t<\/figcaption><\/figure><figure class='gallery-item'>\n\t\t\t<div class='gallery-icon landscape'>\n\t\t\t\t<a data-elementor-open-lightbox=\"yes\" data-elementor-lightbox-slideshow=\"8d43731\" data-elementor-lightbox-title=\"Multitudinaria asistencia al Festival de Barriletes de Sumpango 2025. (Foto MCD)\" data-elementor-lightbox-description=\"Multitudinaria asistencia al Festival de Barriletes de Sumpango 2025. (Foto MCD)\" data-e-action-hash=\"#elementor-action%3Aaction%3Dlightbox%26settings%3DeyJpZCI6NDgwMzIsInVybCI6Imh0dHBzOlwvXC9zb3ltaWdyYW50ZS5jb21cL3JldmlzdGFcL3dwLWNvbnRlbnRcL3VwbG9hZHNcLzIwMjVcLzExXC9zdW1wYW5nby1tY2QtMy5qcGciLCJzbGlkZXNob3ciOiI4ZDQzNzMxIn0%3D\" href='https:\/\/soymigrante.com\/revista\/wp-content\/uploads\/2025\/11\/sumpango-mcd-3.jpg'><img loading=\"lazy\" decoding=\"async\" width=\"1140\" height=\"641\" src=\"https:\/\/soymigrante.com\/revista\/wp-content\/uploads\/2025\/11\/sumpango-mcd-3-1140x641.jpg\" class=\"attachment-large size-large\" alt=\"Multitudinaria asistencia al Festival de Barriletes de Sumpango 2025. (Foto MCD)\" aria-describedby=\"gallery-16-48032\" srcset=\"https:\/\/soymigrante.com\/revista\/wp-content\/uploads\/2025\/11\/sumpango-mcd-3-1140x641.jpg 1140w, https:\/\/soymigrante.com\/revista\/wp-content\/uploads\/2025\/11\/sumpango-mcd-3-300x169.jpg 300w, https:\/\/soymigrante.com\/revista\/wp-content\/uploads\/2025\/11\/sumpango-mcd-3-768x432.jpg 768w, https:\/\/soymigrante.com\/revista\/wp-content\/uploads\/2025\/11\/sumpango-mcd-3-750x422.jpg 750w, https:\/\/soymigrante.com\/revista\/wp-content\/uploads\/2025\/11\/sumpango-mcd-3.jpg 1280w\" sizes=\"(max-width: 1140px) 100vw, 1140px\" title=\"Multitudinaria asistencia al Festival de Barriletes de Sumpango 2025. (Foto MCD) \u2013 SoyMigrante.com REVISTA\" \/><\/a>\n\t\t\t<\/div>\n\t\t\t\t<figcaption class='wp-caption-text gallery-caption' id='gallery-16-48032'>\n\t\t\t\tMultitudinaria asistencia al Festival de Barriletes de Sumpango 2025. (Foto MCD)\n\t\t\t\t<\/figcaption><\/figure><figure class='gallery-item'>\n\t\t\t<div class='gallery-icon landscape'>\n\t\t\t\t<a data-elementor-open-lightbox=\"yes\" data-elementor-lightbox-slideshow=\"8d43731\" data-elementor-lightbox-title=\"Cada grupo participante en el Festival de Barriletes Gigantes de Sumpango se esmer\u00f3 para presentar una obra expresiva, con ra\u00edces culturales y a la vez con deslumbrante calidad. (Foto MCD)\" data-elementor-lightbox-description=\"Cada grupo participante en el Festival de Barriletes Gigantes de Sumpango se esmer\u00f3 para presentar una obra expresiva, con ra\u00edces culturales y a la vez con deslumbrante calidad. (Foto MCD)\" data-e-action-hash=\"#elementor-action%3Aaction%3Dlightbox%26settings%3DeyJpZCI6NDgwMzMsInVybCI6Imh0dHBzOlwvXC9zb3ltaWdyYW50ZS5jb21cL3JldmlzdGFcL3dwLWNvbnRlbnRcL3VwbG9hZHNcLzIwMjVcLzExXC9zdW1wYW5nby1tY2QyLmpwZyIsInNsaWRlc2hvdyI6IjhkNDM3MzEifQ%3D%3D\" href='https:\/\/soymigrante.com\/revista\/wp-content\/uploads\/2025\/11\/sumpango-mcd2.jpg'><img loading=\"lazy\" decoding=\"async\" width=\"1140\" height=\"761\" src=\"https:\/\/soymigrante.com\/revista\/wp-content\/uploads\/2025\/11\/sumpango-mcd2-1140x761.jpg\" class=\"attachment-large size-large\" alt=\"Cada grupo participante en el Festival de Barriletes Gigantes de Sumpango se esmer\u00f3 para presentar una obra expresiva, con ra\u00edces culturales y a la vez con deslumbrante calidad. (Foto MCD)\" aria-describedby=\"gallery-16-48033\" srcset=\"https:\/\/soymigrante.com\/revista\/wp-content\/uploads\/2025\/11\/sumpango-mcd2-1140x761.jpg 1140w, https:\/\/soymigrante.com\/revista\/wp-content\/uploads\/2025\/11\/sumpango-mcd2-300x200.jpg 300w, https:\/\/soymigrante.com\/revista\/wp-content\/uploads\/2025\/11\/sumpango-mcd2-768x512.jpg 768w, https:\/\/soymigrante.com\/revista\/wp-content\/uploads\/2025\/11\/sumpango-mcd2-750x500.jpg 750w, https:\/\/soymigrante.com\/revista\/wp-content\/uploads\/2025\/11\/sumpango-mcd2.jpg 1280w\" sizes=\"(max-width: 1140px) 100vw, 1140px\" title=\"Cada grupo participante en el Festival de Barriletes Gigantes de Sumpango se esmer\u00f3 para presentar una obra expresiva, con ra\u00edces culturales y a la vez con deslumbrante calidad. (Foto MCD) \u2013 SoyMigrante.com REVISTA\" \/><\/a>\n\t\t\t<\/div>\n\t\t\t\t<figcaption class='wp-caption-text gallery-caption' id='gallery-16-48033'>\n\t\t\t\tCada grupo participante en el Festival de Barriletes Gigantes de Sumpango se esmer\u00f3 para presentar una obra expresiva, con ra\u00edces culturales y a la vez con deslumbrante calidad. (Foto MCD)\n\t\t\t\t<\/figcaption><\/figure><figure class='gallery-item'>\n\t\t\t<div class='gallery-icon landscape'>\n\t\t\t\t<a data-elementor-open-lightbox=\"yes\" data-elementor-lightbox-slideshow=\"8d43731\" data-elementor-lightbox-title=\"Las tem\u00e1ticas de los barriletes fusionan historia y actualidad, presencia y simbolismo, la alegr\u00eda de la vida y el recuerdo de quienes ya partieron. (Foto MCD)\" data-elementor-lightbox-description=\"Las tem\u00e1ticas de los barriletes fusionan historia y actualidad, presencia y simbolismo, la alegr\u00eda de la vida y el recuerdo de quienes ya partieron. (Foto MCD)\" data-e-action-hash=\"#elementor-action%3Aaction%3Dlightbox%26settings%3DeyJpZCI6NDgwMzQsInVybCI6Imh0dHBzOlwvXC9zb3ltaWdyYW50ZS5jb21cL3JldmlzdGFcL3dwLWNvbnRlbnRcL3VwbG9hZHNcLzIwMjVcLzExXC9zdW1wYW5nby1tY2QxLmpwZyIsInNsaWRlc2hvdyI6IjhkNDM3MzEifQ%3D%3D\" href='https:\/\/soymigrante.com\/revista\/wp-content\/uploads\/2025\/11\/sumpango-mcd1.jpg'><img loading=\"lazy\" decoding=\"async\" width=\"1140\" height=\"761\" src=\"https:\/\/soymigrante.com\/revista\/wp-content\/uploads\/2025\/11\/sumpango-mcd1-1140x761.jpg\" class=\"attachment-large size-large\" alt=\"Las tem\u00e1ticas de los barriletes fusionan historia y actualidad, presencia y simbolismo, la alegr\u00eda de la vida y el recuerdo de quienes ya partieron. (Foto MCD)\" aria-describedby=\"gallery-16-48034\" srcset=\"https:\/\/soymigrante.com\/revista\/wp-content\/uploads\/2025\/11\/sumpango-mcd1-1140x761.jpg 1140w, https:\/\/soymigrante.com\/revista\/wp-content\/uploads\/2025\/11\/sumpango-mcd1-300x200.jpg 300w, https:\/\/soymigrante.com\/revista\/wp-content\/uploads\/2025\/11\/sumpango-mcd1-768x512.jpg 768w, https:\/\/soymigrante.com\/revista\/wp-content\/uploads\/2025\/11\/sumpango-mcd1-750x500.jpg 750w, https:\/\/soymigrante.com\/revista\/wp-content\/uploads\/2025\/11\/sumpango-mcd1.jpg 1280w\" sizes=\"(max-width: 1140px) 100vw, 1140px\" title=\"Las tem\u00e1ticas de los barriletes fusionan historia y actualidad, presencia y simbolismo, la alegr\u00eda de la vida y el recuerdo de quienes ya partieron. (Foto MCD) \u2013 SoyMigrante.com REVISTA\" \/><\/a>\n\t\t\t<\/div>\n\t\t\t\t<figcaption class='wp-caption-text gallery-caption' id='gallery-16-48034'>\n\t\t\t\tLas tem\u00e1ticas de los barriletes fusionan historia y actualidad, presencia y simbolismo, la alegr\u00eda de la vida y el recuerdo de quienes ya partieron. (Foto MCD)\n\t\t\t\t<\/figcaption><\/figure>\n\t\t<\/div>\n\t\t<\/div>\n\t\t\t\t\t\t<\/div>\n\t\t\t\t\t<\/div>\n\t\t\t\t<\/div>\n\t\t<div data-particle_enable=\"false\" data-particle-mobile-disabled=\"false\" class=\"elementor-element elementor-element-6af70ef e-flex e-con-boxed e-con e-parent\" data-id=\"6af70ef\" data-element_type=\"container\" data-e-type=\"container\">\n\t\t\t\t\t<div class=\"e-con-inner\">\n\t\t\t\t<div class=\"elementor-element elementor-element-91c73ef elementor-widget elementor-widget-html\" data-id=\"91c73ef\" data-element_type=\"widget\" data-e-type=\"widget\" data-widget_type=\"html.default\">\n\t\t\t\t\t<iframe width=\"560\" height=\"415\" src=\"https:\/\/www.youtube.com\/embed\/RkM6ITtvD64?si=NvBoyJLY4KR9H9Nh\" title=\"YouTube video player\" frameborder=\"0\" allow=\"accelerometer; autoplay; clipboard-write; encrypted-media; gyroscope; picture-in-picture; web-share\" referrerpolicy=\"strict-origin-when-cross-origin\" allowfullscreen><\/iframe>\t\t\t\t<\/div>\n\t\t\t\t\t<\/div>\n\t\t\t\t<\/div>\n\t\t<div data-particle_enable=\"false\" data-particle-mobile-disabled=\"false\" class=\"elementor-element elementor-element-e6959f4 e-flex e-con-boxed e-con e-parent\" data-id=\"e6959f4\" data-element_type=\"container\" data-e-type=\"container\">\n\t\t\t\t\t<div class=\"e-con-inner\">\n\t\t\t\t<div class=\"elementor-element elementor-element-1c31aa1 elementor-widget elementor-widget-heading\" data-id=\"1c31aa1\" data-element_type=\"widget\" data-e-type=\"widget\" data-widget_type=\"heading.default\">\n\t\t\t\t\t<h2 class=\"elementor-heading-title elementor-size-default\">Conoce m\u00e1s de los Pueblos de Guatemala<\/h2>\t\t\t\t<\/div>\n\t\t\t\t\t<\/div>\n\t\t\t\t<\/div>\n\t\t<div data-particle_enable=\"false\" data-particle-mobile-disabled=\"false\" class=\"elementor-element elementor-element-d34bd0c e-flex e-con-boxed e-con e-parent\" data-id=\"d34bd0c\" data-element_type=\"container\" data-e-type=\"container\">\n\t\t\t\t\t<div class=\"e-con-inner\">\n\t\t\t\t<div class=\"elementor-element elementor-element-fc34a8f elementor-grid-eael-col-3 elementor-grid-tablet-eael-col-2 elementor-grid-mobile-eael-col-1 elementor-widget elementor-widget-eael-post-grid\" data-id=\"fc34a8f\" data-element_type=\"widget\" data-e-type=\"widget\" data-settings=\"{&quot;eael_post_grid_columns&quot;:&quot;eael-col-3&quot;,&quot;eael_post_grid_columns_tablet&quot;:&quot;eael-col-2&quot;,&quot;eael_post_grid_columns_mobile&quot;:&quot;eael-col-1&quot;}\" data-widget_type=\"eael-post-grid.default\">\n\t\t\t\t\t<div id=\"eael-post-grid-fc34a8f\" class=\"eael-post-grid-container\">\n            <div class=\"eael-post-grid eael-post-appender eael-post-appender-fc34a8f eael-post-grid-style-one\" data-layout-mode=\"masonry\"><article class=\"eael-grid-post  eael-post-grid-column eael-pg-post-44439 category-guate-nuestra-pueblos-de-guatemala\" data-id=\"44439\">\n        <div class=\"eael-grid-post-holder\">\n            <div class=\"eael-grid-post-holder-inner\"><div class=\"eael-entry-media\"><div class=\"eael-entry-overlay fade-in\"><i class=\"far fa-hand-pointer\" aria-hidden=\"true\"><\/i><a href=\"https:\/\/soymigrante.com\/revista\/san-juan-comalapa-la-cuna-del-arte-popular-en-guatemala\/\"><\/a><\/div><div class=\"eael-entry-thumbnail eael-image-ratio\">\n                <img loading=\"lazy\" decoding=\"async\" width=\"674\" height=\"674\" src=\"https:\/\/soymigrante.com\/revista\/wp-content\/uploads\/2025\/09\/San-Juan-Comalapa-5-e1757615970442.jpg\" class=\"attachment-large size-large wp-image-44440\" alt=\"San Juan Comalapa, la cuna del arte en Guatemala\" srcset=\"https:\/\/soymigrante.com\/revista\/wp-content\/uploads\/2025\/09\/San-Juan-Comalapa-5-e1757615970442.jpg 674w, https:\/\/soymigrante.com\/revista\/wp-content\/uploads\/2025\/09\/San-Juan-Comalapa-5-e1757615970442-300x300.jpg 300w, https:\/\/soymigrante.com\/revista\/wp-content\/uploads\/2025\/09\/San-Juan-Comalapa-5-e1757615970442-150x150.jpg 150w, https:\/\/soymigrante.com\/revista\/wp-content\/uploads\/2025\/09\/San-Juan-Comalapa-5-e1757615970442-75x75.jpg 75w\" sizes=\"(max-width: 674px) 100vw, 674px\" \/>\n            <\/div>\n        <\/div><div class=\"eael-entry-wrapper\"><header class=\"eael-entry-header\"><h2 class=\"eael-entry-title\"><a class=\"eael-grid-post-link\" href=\"https:\/\/soymigrante.com\/revista\/san-juan-comalapa-la-cuna-del-arte-popular-en-guatemala\/\" title=\"San Juan Comalapa, la cuna del arte popular en Guatemala\">San Juan Comalapa, la cuna del arte popular en Guatemala<\/a><\/h2><\/header><div class=\"eael-entry-content\">\n                        <div class=\"eael-grid-post-excerpt\"><a href=\"https:\/\/soymigrante.com\/revista\/san-juan-comalapa-la-cuna-del-arte-popular-en-guatemala\/\" class=\"eael-post-elements-readmore-btn\">CONOCE SU HISTORIA <\/a><\/div>\n                    <\/div><\/div><\/div>\n        <\/div>\n    <\/article><article class=\"eael-grid-post  eael-post-grid-column eael-pg-post-9006 category-pueblos-de-guatemala\" data-id=\"9006\">\n        <div class=\"eael-grid-post-holder\">\n            <div class=\"eael-grid-post-holder-inner\"><div class=\"eael-entry-media\"><div class=\"eael-entry-overlay fade-in\"><i class=\"far fa-hand-pointer\" aria-hidden=\"true\"><\/i><a href=\"https:\/\/soymigrante.com\/revista\/tzunun-tzii-es-el-nombre-prehispanico-del-pueblo-uspanteko-y-su-nahual-es-un-colibri\/\"><\/a><\/div><div class=\"eael-entry-thumbnail eael-image-ratio\">\n                <img loading=\"lazy\" decoding=\"async\" width=\"1024\" height=\"1024\" src=\"https:\/\/soymigrante.com\/revista\/wp-content\/uploads\/2024\/09\/uspanteko-1024x1024.webp\" class=\"attachment-large size-large wp-image-9460\" alt=\"Princesas del pueblo Uspanteko, foto Muni Uspantan\" srcset=\"https:\/\/soymigrante.com\/revista\/wp-content\/uploads\/2024\/09\/uspanteko-1024x1024.webp 1024w, https:\/\/soymigrante.com\/revista\/wp-content\/uploads\/2024\/09\/uspanteko-300x300.webp 300w, https:\/\/soymigrante.com\/revista\/wp-content\/uploads\/2024\/09\/uspanteko-150x150.webp 150w, https:\/\/soymigrante.com\/revista\/wp-content\/uploads\/2024\/09\/uspanteko-768x768.webp 768w, https:\/\/soymigrante.com\/revista\/wp-content\/uploads\/2024\/09\/uspanteko-75x75.webp 75w, https:\/\/soymigrante.com\/revista\/wp-content\/uploads\/2024\/09\/uspanteko-750x750.webp 750w, https:\/\/soymigrante.com\/revista\/wp-content\/uploads\/2024\/09\/uspanteko-1140x1140.webp 1140w, https:\/\/soymigrante.com\/revista\/wp-content\/uploads\/2024\/09\/uspanteko.webp 1401w\" sizes=\"(max-width: 1024px) 100vw, 1024px\" \/>\n            <\/div>\n        <\/div><div class=\"eael-entry-wrapper\"><header class=\"eael-entry-header\"><h2 class=\"eael-entry-title\"><a class=\"eael-grid-post-link\" href=\"https:\/\/soymigrante.com\/revista\/tzunun-tzii-es-el-nombre-prehispanico-del-pueblo-uspanteko-y-su-nahual-es-un-colibri\/\" title=\"Tz&#8217;unun Tziij es el nombre prehisp\u00e1nico del pueblo Uspanteko y su nahual es un colibr\u00ed\">Tz&#8217;unun Tziij es el nombre prehisp\u00e1nico del pueblo Uspanteko y su nahual es un colibr\u00ed<\/a><\/h2><\/header><div class=\"eael-entry-content\">\n                        <div class=\"eael-grid-post-excerpt\"><a href=\"https:\/\/soymigrante.com\/revista\/tzunun-tzii-es-el-nombre-prehispanico-del-pueblo-uspanteko-y-su-nahual-es-un-colibri\/\" class=\"eael-post-elements-readmore-btn\">CONOCE SU HISTORIA <\/a><\/div>\n                    <\/div><\/div><\/div>\n        <\/div>\n    <\/article><article class=\"eael-grid-post  eael-post-grid-column eael-pg-post-9481 category-pueblos-de-guatemala\" data-id=\"9481\">\n        <div class=\"eael-grid-post-holder\">\n            <div class=\"eael-grid-post-holder-inner\"><div class=\"eael-entry-media\"><div class=\"eael-entry-overlay fade-in\"><i class=\"far fa-hand-pointer\" aria-hidden=\"true\"><\/i><a href=\"https:\/\/soymigrante.com\/revista\/pueblo-xinka-esta-vivo-y-presente-en-el-suroriente-guatemalteco\/\"><\/a><\/div><div class=\"eael-entry-thumbnail eael-image-ratio\">\n                <img loading=\"lazy\" decoding=\"async\" width=\"845\" height=\"845\" src=\"https:\/\/soymigrante.com\/revista\/wp-content\/uploads\/2024\/09\/xincas.webp\" class=\"attachment-large size-large wp-image-9482\" alt=\"Pueblo Xinka est\u00e1 vivo y presente en el suroriente guatemalteco\" srcset=\"https:\/\/soymigrante.com\/revista\/wp-content\/uploads\/2024\/09\/xincas.webp 845w, https:\/\/soymigrante.com\/revista\/wp-content\/uploads\/2024\/09\/xincas-300x300.webp 300w, https:\/\/soymigrante.com\/revista\/wp-content\/uploads\/2024\/09\/xincas-150x150.webp 150w, https:\/\/soymigrante.com\/revista\/wp-content\/uploads\/2024\/09\/xincas-768x768.webp 768w, https:\/\/soymigrante.com\/revista\/wp-content\/uploads\/2024\/09\/xincas-75x75.webp 75w, https:\/\/soymigrante.com\/revista\/wp-content\/uploads\/2024\/09\/xincas-750x750.webp 750w\" sizes=\"(max-width: 845px) 100vw, 845px\" \/>\n            <\/div>\n        <\/div><div class=\"eael-entry-wrapper\"><header class=\"eael-entry-header\"><h2 class=\"eael-entry-title\"><a class=\"eael-grid-post-link\" href=\"https:\/\/soymigrante.com\/revista\/pueblo-xinka-esta-vivo-y-presente-en-el-suroriente-guatemalteco\/\" title=\"Pueblo Xinka est\u00e1 vivo y presente en el suroriente guatemalteco\">Pueblo Xinka est\u00e1 vivo y presente en el suroriente guatemalteco<\/a><\/h2><\/header><div class=\"eael-entry-content\">\n                        <div class=\"eael-grid-post-excerpt\"><a href=\"https:\/\/soymigrante.com\/revista\/pueblo-xinka-esta-vivo-y-presente-en-el-suroriente-guatemalteco\/\" class=\"eael-post-elements-readmore-btn\">CONOCE SU HISTORIA <\/a><\/div>\n                    <\/div><\/div><\/div>\n        <\/div>\n    <\/article><\/div>\n            <div class=\"clearfix\"><\/div>\n        <\/div>            <div class=\"eael-load-more-button-wrap eael-force-hide\">\n                <button class=\"eael-load-more-button\" id=\"eael-load-more-btn-fc34a8f\" data-widget-id=\"fc34a8f\" data-widget=\"fc34a8f\" data-page-id=\"48022\" data-template=\"{&quot;dir&quot;:&quot;lite&quot;,&quot;file_name&quot;:&quot;one.php&quot;,&quot;name&quot;:&quot;Post-Grid&quot;}\" data-class=\"Essential_Addons_Elementor\\Elements\\Post_Grid\" data-layout=\"masonry\" data-page=\"1\" data-args=\"orderby=author&amp;order=desc&amp;ignore_sticky_posts=1&amp;post_status=publish&amp;posts_per_page=3&amp;offset=0&amp;post_type=post&amp;tax_query%5B0%5D%5Btaxonomy%5D=category&amp;tax_query%5B0%5D%5Bfield%5D=term_id&amp;tax_query%5B0%5D%5Bterms%5D%5B0%5D=125&amp;tax_query%5Brelation%5D=AND\" data-max-page=\"9\">\n                    <span class=\"eael-btn-loader button__loader\"><\/span>\n                    <span class=\"eael_load_more_text\">Load More<\/span>\n                <\/button>\n            <\/div>\n            \t\t\t\t<\/div>\n\t\t\t\t\t<\/div>\n\t\t\t\t<\/div>\n\t\t\t\t<\/div>\n\t\t","protected":false},"excerpt":{"rendered":"<p>Sumpango Sacatep\u00e9quez y Santiago Sacatep\u00e9quez vuelven a deslumbrar al mundo con sus barriletes gigantes 2025. Los cielos de Santiago y Sumpango Sacatep\u00e9quez se llenaron nuevamente de color, arte y espiritualidad durante la celebraci\u00f3n, en cada uno de esos municipios, de su tradicional Festival de Barriletes Gigantes, una de las expresiones culturales m\u00e1s emblem\u00e1ticas de Guatemala, [&hellip;]<\/p>\n","protected":false},"author":1,"featured_media":48023,"comment_status":"open","ping_status":"open","sticky":false,"template":"","format":"standard","meta":{"_acf_changed":false,"_eb_attr":"","footnotes":""},"categories":[58],"tags":[],"class_list":["post-48022","post","type-post","status-publish","format-standard","has-post-thumbnail","hentry","category-guate-nuestra"],"acf":[],"aioseo_notices":[],"aioseo_head":"\n\t\t<!-- All in One SEO Pro 4.9.6.2 - aioseo.com -->\n\t<meta name=\"description\" content=\"Reducci\u00f3n de hablantes y subregistros, accidentales o deliberados, llevaron por d\u00e9cadas a creer ue el pueblo Xinca ya no exist\u00eda. Pero est\u00e1 all\u00ed vivo y presente.\" \/>\n\t<meta name=\"robots\" content=\"max-snippet:-1, max-image-preview:large, max-video-preview:-1\" \/>\n\t<meta name=\"author\" content=\"Edwin Castro\"\/>\n\t<link rel=\"canonical\" href=\"https:\/\/soymigrante.com\/revista\/pueblo-xinka-esta-vivo-y-presente-en-el-suroriente-guatemalteco\/\" \/>\n\t<meta name=\"generator\" content=\"All in One SEO Pro (AIOSEO) 4.9.6.2\" \/>\n\n\t\t<link rel=\"preconnect\" href=\"https:\/\/fonts.googleapis.com\" crossorigin>\n<link rel=\"preconnect\" href=\"https:\/\/fonts.gstatic.com\" crossorigin>\n\t\t<meta property=\"og:locale\" content=\"es_ES\" \/>\n\t\t<meta property=\"og:site_name\" content=\"SoyMigrante.com REVISTA \u2013 Nuestra misi\u00f3n es reconocer y dignificar al migrante.\" \/>\n\t\t<meta property=\"og:type\" content=\"article\" \/>\n\t\t<meta property=\"og:title\" content=\"Pueblo Xinca est\u00e1 presente en el suroriente guatemalteco\" \/>\n\t\t<meta property=\"og:description\" content=\"Reducci\u00f3n de hablantes y subregistros, accidentales o deliberados, llevaron por d\u00e9cadas a creer ue el pueblo Xinca ya no exist\u00eda. Pero est\u00e1 all\u00ed vivo y presente.\" \/>\n\t\t<meta property=\"og:url\" content=\"https:\/\/soymigrante.com\/revista\/pueblo-xinka-esta-vivo-y-presente-en-el-suroriente-guatemalteco\/\" \/>\n\t\t<meta property=\"og:image\" content=\"https:\/\/soymigrante.com\/revista\/wp-content\/uploads\/2024\/09\/xincas.webp\" \/>\n\t\t<meta property=\"og:image:secure_url\" content=\"https:\/\/soymigrante.com\/revista\/wp-content\/uploads\/2024\/09\/xincas.webp\" \/>\n\t\t<meta property=\"og:image:width\" content=\"845\" \/>\n\t\t<meta property=\"og:image:height\" content=\"845\" \/>\n\t\t<meta property=\"article:published_time\" content=\"2024-09-20T17:09:28+00:00\" \/>\n\t\t<meta property=\"article:modified_time\" content=\"2025-09-17T13:44:44+00:00\" \/>\n\t\t<meta property=\"article:publisher\" content=\"https:\/\/www.facebook.com\/soymigrantecom\" \/>\n\t\t<meta name=\"twitter:card\" content=\"summary_large_image\" \/>\n\t\t<meta name=\"twitter:site\" content=\"@SoyMigrante_com\" \/>\n\t\t<meta name=\"twitter:title\" content=\"Pueblo Xinca est\u00e1 presente en el suroriente guatemalteco\" \/>\n\t\t<meta name=\"twitter:description\" content=\"Reducci\u00f3n de hablantes y subregistros, accidentales o deliberados, llevaron por d\u00e9cadas a creer ue el pueblo Xinca ya no exist\u00eda. Pero est\u00e1 all\u00ed vivo y presente.\" \/>\n\t\t<meta name=\"twitter:creator\" content=\"@SoyMigrante_com\" \/>\n\t\t<meta name=\"twitter:image\" content=\"https:\/\/soymigrante.com\/revista\/wp-content\/uploads\/2024\/09\/xincas.webp\" \/>\n\t\t<!-- All in One SEO Pro -->\r\n\t\t<title>Pueblo Xinca est\u00e1 presente en el suroriente guatemalteco<\/title>\n\n","aioseo_head_json":{"title":"Pueblo Xinca est\u00e1 presente en el suroriente guatemalteco","description":"Reducci\u00f3n de hablantes y subregistros, accidentales o deliberados, llevaron por d\u00e9cadas a creer ue el pueblo Xinca ya no exist\u00eda. Pero est\u00e1 all\u00ed vivo y presente.","canonical_url":"https:\/\/soymigrante.com\/revista\/pueblo-xinka-esta-vivo-y-presente-en-el-suroriente-guatemalteco\/","robots":"max-snippet:-1, max-image-preview:large, max-video-preview:-1","keywords":"","webmasterTools":{"miscellaneous":"&lt;link rel=\"preconnect\" href=\"https:\/\/fonts.googleapis.com\" crossorigin&gt;\n&lt;link rel=\"preconnect\" href=\"https:\/\/fonts.gstatic.com\" crossorigin&gt;"},"schema":null,"og:locale":"es_ES","og:site_name":"SoyMigrante.com REVISTA \u2013 Nuestra misi\u00f3n es reconocer y dignificar al migrante.","og:type":"article","og:title":"Pueblo Xinca est\u00e1 presente en el suroriente guatemalteco","og:description":"Reducci\u00f3n de hablantes y subregistros, accidentales o deliberados, llevaron por d\u00e9cadas a creer ue el pueblo Xinca ya no exist\u00eda. Pero est\u00e1 all\u00ed vivo y presente.","og:url":"https:\/\/soymigrante.com\/revista\/pueblo-xinka-esta-vivo-y-presente-en-el-suroriente-guatemalteco\/","og:image":"https:\/\/soymigrante.com\/revista\/wp-content\/uploads\/2024\/09\/xincas.webp","og:image:secure_url":"https:\/\/soymigrante.com\/revista\/wp-content\/uploads\/2024\/09\/xincas.webp","og:image:width":845,"og:image:height":845,"article:published_time":"2024-09-20T17:09:28+00:00","article:modified_time":"2025-09-17T13:44:44+00:00","article:publisher":"https:\/\/www.facebook.com\/soymigrantecom","twitter:card":"summary_large_image","twitter:site":"@SoyMigrante_com","twitter:title":"Pueblo Xinca est\u00e1 presente en el suroriente guatemalteco","twitter:description":"Reducci\u00f3n de hablantes y subregistros, accidentales o deliberados, llevaron por d\u00e9cadas a creer ue el pueblo Xinca ya no exist\u00eda. Pero est\u00e1 all\u00ed vivo y presente.","twitter:creator":"@SoyMigrante_com","twitter:image":"https:\/\/soymigrante.com\/revista\/wp-content\/uploads\/2024\/09\/xincas.webp"},"aioseo_meta_data":{"post_id":"48022","title":"Barriletes gigantes 2025 en Santiago y Sumpango Sacatep\u00e9quez","description":"Unos volaron, otros no, pero todos los barriletes gigantes de Santiago y Sumpango Sacatep\u00e9quez s\u00ed pusieron a volar la imaginaci\u00f3n de los espectadores. Fotos","keywords":null,"keyphrases":{"focus":{"keyphrase":"Barriletes gigantes","score":91,"analysis":{"keyphraseInTitle":{"score":9,"maxScore":9,"error":0},"keyphraseInDescription":{"score":9,"maxScore":9,"error":0},"keyphraseLength":{"score":9,"maxScore":9,"error":0,"length":2},"keyphraseInURL":{"score":5,"maxScore":5,"error":0},"keyphraseInIntroduction":{"score":9,"maxScore":9,"error":0},"keyphraseInSubHeadings":{"score":3,"maxScore":9,"error":1},"keyphraseInImageAlt":{"score":9,"maxScore":9,"error":0},"keywordDensity":{"type":"best","score":9,"maxScore":9,"error":0}}},"additional":[{"keyphrase":"Sumpango","score":100,"analysis":{"keyphraseInDescription":{"score":9,"maxScore":9,"error":0},"keyphraseLength":{"score":9,"maxScore":9,"error":0,"length":1},"keyphraseInIntroduction":{"score":9,"maxScore":9,"error":0},"keyphraseInImageAlt":{"score":9,"maxScore":9,"error":0},"keywordDensity":{"type":"best","score":9,"maxScore":9,"error":0}}},{"keyphrase":"Santiago","score":100,"analysis":{"keyphraseInDescription":{"score":9,"maxScore":9,"error":0},"keyphraseLength":{"score":9,"maxScore":9,"error":0,"length":1},"keyphraseInIntroduction":{"score":9,"maxScore":9,"error":0},"keyphraseInImageAlt":{"score":9,"maxScore":9,"error":0},"keywordDensity":{"type":"best","score":9,"maxScore":9,"error":0}}}]},"primary_term":null,"canonical_url":null,"og_title":null,"og_description":null,"og_object_type":"default","og_image_type":"default","og_image_url":null,"og_image_width":null,"og_image_height":null,"og_image_custom_url":null,"og_image_custom_fields":null,"og_video":"","og_custom_url":null,"og_article_section":null,"og_article_tags":null,"twitter_use_og":false,"twitter_card":"default","twitter_image_type":"default","twitter_image_url":null,"twitter_image_custom_url":null,"twitter_image_custom_fields":null,"twitter_title":null,"twitter_description":null,"schema":{"blockGraphs":[],"customGraphs":[],"default":{"data":{"Article":[],"Course":[],"Dataset":[],"FAQPage":[],"Movie":[],"Person":[],"Product":[],"ProductReview":[],"Car":[],"Recipe":[],"Service":[],"SoftwareApplication":[],"WebPage":[]},"graphName":"NewsArticle","isEnabled":true},"graphs":[]},"schema_type":"default","schema_type_options":null,"pillar_content":false,"robots_default":true,"robots_noindex":false,"robots_noarchive":false,"robots_nosnippet":false,"robots_nofollow":false,"robots_noimageindex":false,"robots_noodp":false,"robots_notranslate":false,"robots_max_snippet":"-1","robots_max_videopreview":"-1","robots_max_imagepreview":"large","priority":null,"frequency":"default","local_seo":null,"seo_analyzer_scan_date":"2025-11-02 15:17:27","breadcrumb_settings":null,"limit_modified_date":false,"reviewed_by":"0","open_ai":null,"ai":{"faqs":[],"keyPoints":[],"titles":[],"descriptions":[],"socialPosts":{"email":[],"linkedin":[],"twitter":[],"facebook":[],"instagram":[]}},"created":"2025-11-02 13:44:09","updated":"2026-02-05 06:57:10"},"aioseo_breadcrumb":"<div class=\"aioseo-breadcrumbs\"><span class=\"aioseo-breadcrumb\">\n\t<a href=\"https:\/\/soymigrante.com\/revista\" title=\"Home\">Home<\/a>\n<\/span><span class=\"aioseo-breadcrumb-separator\">\u00bb<\/span><span class=\"aioseo-breadcrumb\">\n\t<a href=\"https:\/\/soymigrante.com\/revista\/category\/guate-nuestra\/\" title=\"Guate Nuestra\">Guate Nuestra<\/a>\n<\/span><span class=\"aioseo-breadcrumb-separator\">\u00bb<\/span><span class=\"aioseo-breadcrumb\">\n\tGaler\u00eda de barriletes gigantes 2025 en Santiago y Sumpango Sacatep\u00e9quez\n<\/span><\/div>","aioseo_breadcrumb_json":[{"label":"Home","link":"https:\/\/soymigrante.com\/revista"},{"label":"Guate Nuestra","link":"https:\/\/soymigrante.com\/revista\/category\/guate-nuestra\/"},{"label":"Galer\u00eda de barriletes gigantes 2025 en Santiago y Sumpango Sacatep\u00e9quez","link":"https:\/\/soymigrante.com\/revista\/galeria-de-barriletes-gigantes-2025-en-santiago-y-sumpango-sacatepequez\/"}],"_links":{"self":[{"href":"https:\/\/soymigrante.com\/revista\/wp-json\/wp\/v2\/posts\/48022","targetHints":{"allow":["GET"]}}],"collection":[{"href":"https:\/\/soymigrante.com\/revista\/wp-json\/wp\/v2\/posts"}],"about":[{"href":"https:\/\/soymigrante.com\/revista\/wp-json\/wp\/v2\/types\/post"}],"author":[{"embeddable":true,"href":"https:\/\/soymigrante.com\/revista\/wp-json\/wp\/v2\/users\/1"}],"replies":[{"embeddable":true,"href":"https:\/\/soymigrante.com\/revista\/wp-json\/wp\/v2\/comments?post=48022"}],"version-history":[{"count":8,"href":"https:\/\/soymigrante.com\/revista\/wp-json\/wp\/v2\/posts\/48022\/revisions"}],"predecessor-version":[{"id":48060,"href":"https:\/\/soymigrante.com\/revista\/wp-json\/wp\/v2\/posts\/48022\/revisions\/48060"}],"wp:featuredmedia":[{"embeddable":true,"href":"https:\/\/soymigrante.com\/revista\/wp-json\/wp\/v2\/media\/48023"}],"wp:attachment":[{"href":"https:\/\/soymigrante.com\/revista\/wp-json\/wp\/v2\/media?parent=48022"}],"wp:term":[{"taxonomy":"category","embeddable":true,"href":"https:\/\/soymigrante.com\/revista\/wp-json\/wp\/v2\/categories?post=48022"},{"taxonomy":"post_tag","embeddable":true,"href":"https:\/\/soymigrante.com\/revista\/wp-json\/wp\/v2\/tags?post=48022"}],"curies":[{"name":"wp","href":"https:\/\/api.w.org\/{rel}","templated":true}]}}