{"id":47974,"date":"2025-10-31T11:51:00","date_gmt":"2025-10-31T17:51:00","guid":{"rendered":"https:\/\/soymigrante.com\/revista\/?p=47974"},"modified":"2025-10-31T12:09:39","modified_gmt":"2025-10-31T18:09:39","slug":"dia-de-difuntos-oracion-en-memoria-del-alma-de-un-ser-querido","status":"publish","type":"post","link":"https:\/\/soymigrante.com\/revista\/dia-de-difuntos-oracion-en-memoria-del-alma-de-un-ser-querido\/","title":{"rendered":"D\u00eda de Difuntos &#8211; Oraci\u00f3n en memoria del alma de un ser querido"},"content":{"rendered":"\t\t<div data-elementor-type=\"wp-post\" data-elementor-id=\"47974\" class=\"elementor elementor-47974\" data-elementor-post-type=\"post\">\n\t\t\t\t<div data-particle_enable=\"false\" data-particle-mobile-disabled=\"false\" class=\"elementor-element elementor-element-416a402 e-flex e-con-boxed e-con e-parent\" data-id=\"416a402\" data-element_type=\"container\" data-e-type=\"container\">\n\t\t\t\t\t<div class=\"e-con-inner\">\n\t\t\t\t<div class=\"elementor-element elementor-element-6480d59 elementor-widget elementor-widget-heading\" data-id=\"6480d59\" data-element_type=\"widget\" data-e-type=\"widget\" data-widget_type=\"heading.default\">\n\t\t\t\t\t<h2 class=\"elementor-heading-title elementor-size-default\">El pesar por el fallecimiento de un ser querido, familiar o amigo es inevitable y quiz\u00e1 mucho m\u00e1s marcado si se est\u00e1 lejos por razones migrantes. Esta oraci\u00f3n puede ayudar a confortar el coraz\u00f3n y a mantener la esperanza.<\/h2>\t\t\t\t<\/div>\n\t\t\t\t\t<\/div>\n\t\t\t\t<\/div>\n\t\t<div data-particle_enable=\"false\" data-particle-mobile-disabled=\"false\" class=\"elementor-element elementor-element-e73f794 e-flex e-con-boxed e-con e-parent\" data-id=\"e73f794\" data-element_type=\"container\" data-e-type=\"container\">\n\t\t\t\t\t<div class=\"e-con-inner\">\n\t\t\t\t<div class=\"elementor-element elementor-element-20a0c73 elementor-widget elementor-widget-text-editor\" data-id=\"20a0c73\" data-element_type=\"widget\" data-e-type=\"widget\" data-widget_type=\"text-editor.default\">\n\t\t\t\t\t\t\t\t\t<p>No hay nada que ayude a reducir la pena por el fallecimiento de un ser querido, padre,madre, hermano, hijo, nieto, abuelo, o de un amigo apreciado. <a href=\"https:\/\/soymigrante.com\/revista\/momentos-dificiles-estando-lejos-como-afrontar-los-duelos-del-migrante\/\">Es un duelo que requiere mucha fortaleza. <\/a>Es una p\u00e9rdida que se siente a lo largo del tiempo y m\u00e1s a\u00fan cuando por estar lejos no se puede asistir a sus honras f\u00fanebres.<\/p><p>Pero la<a href=\"https:\/\/soymigrante.com\/revista\/oracion-del-migrante-en-ruta-estados-unidos\/\"> oraci\u00f3n <\/a>no tiene distancia y une corazones, sentimientos, fortalezas. Esta oraci\u00f3n ecum\u00e9nica se puede rezar por todo difunto. Se puede a\u00f1adir el nombre y parentesco.<\/p><p>Se puede rezar con motivo del <a href=\"https:\/\/soymigrante.com\/revista\/asi-se-vivia-el-dia-de-los-santos-y-de-difuntos-en-guatemala-hace-mas-de-150-anos\/\">D\u00eda de Difuntos<\/a>, pero tambi\u00e9n en cualquier tiempo, para <a href=\"https:\/\/soymigrante.com\/revista\/por-que-la-gratitud-es-la-mejor-actitud-incluso-tiempos-dificiles\/\">agradecer,<\/a> recordar, valorar y mantener ese afecto en el alma.<\/p>\t\t\t\t\t\t\t\t<\/div>\n\t\t\t\t\t<\/div>\n\t\t\t\t<\/div>\n\t\t<div data-particle_enable=\"false\" data-particle-mobile-disabled=\"false\" class=\"elementor-element elementor-element-3e9774c e-flex e-con-boxed e-con e-parent\" data-id=\"3e9774c\" data-element_type=\"container\" data-e-type=\"container\">\n\t\t\t\t\t<div class=\"e-con-inner\">\n\t\t\t\t<div class=\"elementor-element elementor-element-b751e08 elementor-widget elementor-widget-image\" data-id=\"b751e08\" data-element_type=\"widget\" data-e-type=\"widget\" data-widget_type=\"image.default\">\n\t\t\t\t\t\t\t\t\t\t\t\t\t\t\t<img fetchpriority=\"high\" decoding=\"async\" width=\"993\" height=\"993\" src=\"https:\/\/soymigrante.com\/revista\/wp-content\/uploads\/2025\/10\/oracion-alma-seres-queridos-fallecidos-2-1.png\" class=\"attachment-large size-large wp-image-47983\" alt=\"oracion alma seres queridos fallecidos 2\" srcset=\"https:\/\/soymigrante.com\/revista\/wp-content\/uploads\/2025\/10\/oracion-alma-seres-queridos-fallecidos-2-1.png 993w, https:\/\/soymigrante.com\/revista\/wp-content\/uploads\/2025\/10\/oracion-alma-seres-queridos-fallecidos-2-1-300x300.png 300w, https:\/\/soymigrante.com\/revista\/wp-content\/uploads\/2025\/10\/oracion-alma-seres-queridos-fallecidos-2-1-150x150.png 150w, https:\/\/soymigrante.com\/revista\/wp-content\/uploads\/2025\/10\/oracion-alma-seres-queridos-fallecidos-2-1-768x768.png 768w, https:\/\/soymigrante.com\/revista\/wp-content\/uploads\/2025\/10\/oracion-alma-seres-queridos-fallecidos-2-1-75x75.png 75w, https:\/\/soymigrante.com\/revista\/wp-content\/uploads\/2025\/10\/oracion-alma-seres-queridos-fallecidos-2-1-750x750.png 750w\" sizes=\"(max-width: 993px) 100vw, 993px\" title=\"oracion alma seres queridos fallecidos 2 \u2013 SoyMigrante.com REVISTA\" \/>\t\t\t\t\t\t\t\t\t\t\t\t\t\t\t<\/div>\n\t\t\t\t\t<\/div>\n\t\t\t\t<\/div>\n\t\t<div data-particle_enable=\"false\" data-particle-mobile-disabled=\"false\" class=\"elementor-element elementor-element-42a3485 e-flex e-con-boxed e-con e-parent\" data-id=\"42a3485\" data-element_type=\"container\" data-e-type=\"container\">\n\t\t\t\t\t<div class=\"e-con-inner\">\n\t\t\t\t<div class=\"elementor-element elementor-element-490690a elementor-widget elementor-widget-heading\" data-id=\"490690a\" data-element_type=\"widget\" data-e-type=\"widget\" data-widget_type=\"heading.default\">\n\t\t\t\t\t<h2 class=\"elementor-heading-title elementor-size-default\">Por intenci\u00f3n de un ser amado ya fallecido<\/h2>\t\t\t\t<\/div>\n\t\t\t\t\t<\/div>\n\t\t\t\t<\/div>\n\t\t<div data-particle_enable=\"false\" data-particle-mobile-disabled=\"false\" class=\"elementor-element elementor-element-b5f5943 e-flex e-con-boxed e-con e-parent\" data-id=\"b5f5943\" data-element_type=\"container\" data-e-type=\"container\">\n\t\t\t\t\t<div class=\"e-con-inner\">\n\t\t\t\t<div class=\"elementor-element elementor-element-5cb50ac elementor-widget elementor-widget-text-editor\" data-id=\"5cb50ac\" data-element_type=\"widget\" data-e-type=\"widget\" data-widget_type=\"text-editor.default\">\n\t\t\t\t\t\t\t\t\t<p data-start=\"382\" data-end=\"678\"><i>Se\u00f1or, T\u00fa eres el due\u00f1o del tiempo y de todo lo creado.<br data-start=\"388\" data-end=\"391\" \/>En tus manos descansan aquellos a quienes amamos<br \/>\u00a0y que un d\u00eda partieron antes que nosotros.<br data-start=\"482\" data-end=\"485\" \/>T\u00fa sabes del silencio que deja su ausencia, <br \/>del vac\u00edo que se siente cuando el adi\u00f3s qued\u00f3 pendiente, <br \/>y de la nostalgia que experimentan quienes tuvieron<br \/>que vivir lejos de su tierra y de los suyos.<\/i><\/p><p data-start=\"382\" data-end=\"678\"><i>Hoy te quiero agradecer por la vida y el amor de\u00a0<br \/><u>(mencionar nombre y parentesco)<br \/><\/u>quien con sus acciones generosas <br \/>me brind\u00f3 un reflejo de tu\u00a0 bondad\u00a0y misericordia.<\/i><\/p><p data-start=\"680\" data-end=\"829\"><i>Hoy te pido, con el coraz\u00f3n lleno de amor y de recuerdos,<br \/>que nos sigas bendiciendo con el testimonio que dej\u00f3<br \/>nuestro ser querido,<br data-start=\"770\" data-end=\"773\" \/>cuya vida fue un regalo que sigue iluminando mis d\u00edas.<br \/>Gracias Se\u00f1or, por haber enviado a tu hijo <a href=\"https:\/\/soymigrante.com\/revista\/cristo-esquipulas-veneracion-migrantes-basilica-estados-unidos-guatemala\/\">Jes\u00fas<\/a>,<br \/>quien tambi\u00e9n entreg\u00f3 su vida por nosotros.<\/i><\/p><p data-start=\"831\" data-end=\"981\"><i>Dale, Se\u00f1or, el descanso eterno en tu presencia,<br data-start=\"879\" data-end=\"882\" \/>donde no hay distancia ni despedidas,<br data-start=\"919\" data-end=\"922\" \/>donde el alma se reencuentra con la paz y el amor eterno.<\/i><\/p><p data-start=\"983\" data-end=\"1241\"><i>Quiero seguirte sirviendo Se\u00f1or, con mis trabajos y sue\u00f1os.<br \/>Desde lejos aprend\u00ed a llorar en silencio.<br data-start=\"1036\" data-end=\"1039\" \/>dame el consuelo que s\u00f3lo t\u00fa puedes dar:<br data-start=\"1079\" data-end=\"1082\" \/>la certeza de que el amor nunca muere,<br \/>porque t\u00fa eres el AMOR INFINITO<br data-start=\"1117\" data-end=\"1120\" \/>porque los lazos del alma inmortal no se rompen con la ausencia,<br data-start=\"1172\" data-end=\"1175\" \/>y que un d\u00eda, cuando t\u00fa lo dispongas, <br \/>volveremos a encontrarnos.<\/i><\/p><p data-start=\"1243\" data-end=\"1453\"><i>Haz que cada recuerdo de <u>(Nombre de la persona) <\/u><br \/>sea una bendici\u00f3n,que su risa y su bondad <br \/>sigan vivos en mi memoria,<br data-start=\"1341\" data-end=\"1344\" \/>y que al mirar al cielo, pueda sentir que me acompa\u00f1a,<br data-start=\"1398\" data-end=\"1401\" \/>m\u00e1s all\u00e1 del tiempo, de las fronteras y del dolor.<br \/><\/i><i>Am\u00e9n.<\/i><\/p>\t\t\t\t\t\t\t\t<\/div>\n\t\t\t\t\t<\/div>\n\t\t\t\t<\/div>\n\t\t<div data-particle_enable=\"false\" data-particle-mobile-disabled=\"false\" class=\"elementor-element elementor-element-2453d29 e-flex e-con-boxed e-con e-parent\" data-id=\"2453d29\" data-element_type=\"container\" data-e-type=\"container\">\n\t\t\t\t\t<div class=\"e-con-inner\">\n\t\t\t\t<div class=\"elementor-element elementor-element-4cc1d79 elementor-widget elementor-widget-heading\" data-id=\"4cc1d79\" data-element_type=\"widget\" data-e-type=\"widget\" data-widget_type=\"heading.default\">\n\t\t\t\t\t<h2 class=\"elementor-heading-title elementor-size-default\">El amor nunca termina<\/h2>\t\t\t\t<\/div>\n\t\t\t\t\t<\/div>\n\t\t\t\t<\/div>\n\t\t<div data-particle_enable=\"false\" data-particle-mobile-disabled=\"false\" class=\"elementor-element elementor-element-f5eeca4 e-flex e-con-boxed e-con e-parent\" data-id=\"f5eeca4\" data-element_type=\"container\" data-e-type=\"container\">\n\t\t\t\t\t<div class=\"e-con-inner\">\n\t\t\t\t<div class=\"elementor-element elementor-element-30c85fd elementor-grid-eael-col-3 elementor-grid-tablet-eael-col-2 elementor-grid-mobile-eael-col-1 elementor-widget elementor-widget-eael-post-grid\" data-id=\"30c85fd\" data-element_type=\"widget\" data-e-type=\"widget\" data-settings=\"{&quot;eael_post_grid_columns&quot;:&quot;eael-col-3&quot;,&quot;eael_post_grid_columns_tablet&quot;:&quot;eael-col-2&quot;,&quot;eael_post_grid_columns_mobile&quot;:&quot;eael-col-1&quot;}\" data-widget_type=\"eael-post-grid.default\">\n\t\t\t\t\t<div id=\"eael-post-grid-30c85fd\" class=\"eael-post-grid-container\">\n            <div class=\"eael-post-grid eael-post-appender eael-post-appender-30c85fd eael-post-grid-style-one\" data-layout-mode=\"masonry\"><article class=\"eael-grid-post  eael-post-grid-column eael-pg-post-10531 category-guate-nuestra\" data-id=\"10531\">\n        <div class=\"eael-grid-post-holder\">\n            <div class=\"eael-grid-post-holder-inner\"><div class=\"eael-entry-media\"><div class=\"eael-entry-overlay fade-in\"><i class=\"far fa-hand-pointer\" aria-hidden=\"true\"><\/i><a href=\"https:\/\/soymigrante.com\/revista\/estas-son-las-tradiciones-del-dia-de-difuntos-en-guatemala\/\"><\/a><\/div><div class=\"eael-entry-thumbnail eael-image-ratio\">\n                <img decoding=\"async\" width=\"1024\" height=\"674\" src=\"https:\/\/soymigrante.com\/revista\/wp-content\/uploads\/2024\/10\/Estas-son-las-tradiciones-del-Dia-de-Muertos-en-Guatemala1-1024x674.webp\" class=\"attachment-large size-large wp-image-10532\" alt=\"Florer\u00eda y monumento en un cementerio mexicano con nichos y placas conmemorativas, decoradas con flores frescas y artificiales, en un d\u00eda soleado, s\u00edmbolo de memoria y homenaje.\" srcset=\"https:\/\/soymigrante.com\/revista\/wp-content\/uploads\/2024\/10\/Estas-son-las-tradiciones-del-Dia-de-Muertos-en-Guatemala1-1024x674.webp 1024w, https:\/\/soymigrante.com\/revista\/wp-content\/uploads\/2024\/10\/Estas-son-las-tradiciones-del-Dia-de-Muertos-en-Guatemala1-300x197.webp 300w, https:\/\/soymigrante.com\/revista\/wp-content\/uploads\/2024\/10\/Estas-son-las-tradiciones-del-Dia-de-Muertos-en-Guatemala1-768x505.webp 768w, https:\/\/soymigrante.com\/revista\/wp-content\/uploads\/2024\/10\/Estas-son-las-tradiciones-del-Dia-de-Muertos-en-Guatemala1-1536x1011.webp 1536w, https:\/\/soymigrante.com\/revista\/wp-content\/uploads\/2024\/10\/Estas-son-las-tradiciones-del-Dia-de-Muertos-en-Guatemala1-scaled.webp 1920w, https:\/\/soymigrante.com\/revista\/wp-content\/uploads\/2024\/10\/Estas-son-las-tradiciones-del-Dia-de-Muertos-en-Guatemala1-750x494.webp 750w, https:\/\/soymigrante.com\/revista\/wp-content\/uploads\/2024\/10\/Estas-son-las-tradiciones-del-Dia-de-Muertos-en-Guatemala1-1140x750.webp 1140w\" sizes=\"(max-width: 1024px) 100vw, 1024px\" \/>\n            <\/div>\n        <\/div><div class=\"eael-entry-wrapper\"><header class=\"eael-entry-header\"><h2 class=\"eael-entry-title\"><a class=\"eael-grid-post-link\" href=\"https:\/\/soymigrante.com\/revista\/estas-son-las-tradiciones-del-dia-de-difuntos-en-guatemala\/\" title=\"Estas son las tradiciones del D\u00eda de Difuntos en Guatemala\">Estas son las tradiciones del D\u00eda de Difuntos en Guatemala<\/a><\/h2><\/header><div class=\"eael-entry-content\">\n                        <div class=\"eael-grid-post-excerpt\"><a href=\"https:\/\/soymigrante.com\/revista\/estas-son-las-tradiciones-del-dia-de-difuntos-en-guatemala\/\" class=\"eael-post-elements-readmore-btn\">CONOCE SU HISTORIA <\/a><\/div>\n                    <\/div><\/div><\/div>\n        <\/div>\n    <\/article><article class=\"eael-grid-post  eael-post-grid-column eael-pg-post-300 category-bienestar\" data-id=\"300\">\n        <div class=\"eael-grid-post-holder\">\n            <div class=\"eael-grid-post-holder-inner\"><div class=\"eael-entry-media\"><div class=\"eael-entry-overlay fade-in\"><i class=\"far fa-hand-pointer\" aria-hidden=\"true\"><\/i><a href=\"https:\/\/soymigrante.com\/revista\/el-duelo-migratorio-existe-y-no-solo-es-uno-son-siete-los-duelos-del-migrante\/\"><\/a><\/div><div class=\"eael-entry-thumbnail eael-image-ratio\">\n                <img decoding=\"async\" width=\"1024\" height=\"1024\" src=\"https:\/\/soymigrante.com\/revista\/wp-content\/uploads\/2024\/01\/Duelo-de-distancia-es-real.webp\" class=\"attachment-large size-large wp-image-6099\" alt=\"Hermosa ilustraci\u00f3n de un atardecer en una cafeter\u00eda, mostrando una figura sentada contemplando el paisaje y la luna llena, con tonos c\u00e1lidos y un ambiente introspectivo, ideal para temas de migraci\u00f3n, reflexi\u00f3n y cultura.\" srcset=\"https:\/\/soymigrante.com\/revista\/wp-content\/uploads\/2024\/01\/Duelo-de-distancia-es-real.webp 1024w, https:\/\/soymigrante.com\/revista\/wp-content\/uploads\/2024\/01\/Duelo-de-distancia-es-real-300x300.webp 300w, https:\/\/soymigrante.com\/revista\/wp-content\/uploads\/2024\/01\/Duelo-de-distancia-es-real-150x150.webp 150w, https:\/\/soymigrante.com\/revista\/wp-content\/uploads\/2024\/01\/Duelo-de-distancia-es-real-768x768.webp 768w, https:\/\/soymigrante.com\/revista\/wp-content\/uploads\/2024\/01\/Duelo-de-distancia-es-real-75x75.webp 75w, https:\/\/soymigrante.com\/revista\/wp-content\/uploads\/2024\/01\/Duelo-de-distancia-es-real-750x750.webp 750w, https:\/\/soymigrante.com\/revista\/wp-content\/uploads\/2024\/01\/Duelo-de-distancia-es-real-600x600.webp 600w\" sizes=\"(max-width: 1024px) 100vw, 1024px\" \/>\n            <\/div>\n        <\/div><div class=\"eael-entry-wrapper\"><header class=\"eael-entry-header\"><h2 class=\"eael-entry-title\"><a class=\"eael-grid-post-link\" href=\"https:\/\/soymigrante.com\/revista\/el-duelo-migratorio-existe-y-no-solo-es-uno-son-siete-los-duelos-del-migrante\/\" title=\"Duelo de distancia  es real pero se puede y se debe superar\">Duelo de distancia  es real pero se puede y se debe superar<\/a><\/h2><\/header><div class=\"eael-entry-content\">\n                        <div class=\"eael-grid-post-excerpt\"><a href=\"https:\/\/soymigrante.com\/revista\/el-duelo-migratorio-existe-y-no-solo-es-uno-son-siete-los-duelos-del-migrante\/\" class=\"eael-post-elements-readmore-btn\">CONOCE SU HISTORIA <\/a><\/div>\n                    <\/div><\/div><\/div>\n        <\/div>\n    <\/article><article class=\"eael-grid-post  eael-post-grid-column eael-pg-post-21564 category-bienestar\" data-id=\"21564\">\n        <div class=\"eael-grid-post-holder\">\n            <div class=\"eael-grid-post-holder-inner\"><div class=\"eael-entry-media\"><div class=\"eael-entry-overlay fade-in\"><i class=\"far fa-hand-pointer\" aria-hidden=\"true\"><\/i><a href=\"https:\/\/soymigrante.com\/revista\/momentos-dificiles-estando-lejos-como-afrontar-los-duelos-del-migrante\/\"><\/a><\/div><div class=\"eael-entry-thumbnail eael-image-ratio\">\n                <img loading=\"lazy\" decoding=\"async\" width=\"1024\" height=\"1024\" src=\"https:\/\/soymigrante.com\/revista\/wp-content\/uploads\/2025\/01\/Afrontar-el-duelo-como-migrante-guatemalteco-en-Estados-Unidos-1-scaled-e1737154999609-1024x1024.webp\" class=\"attachment-large size-large wp-image-21567\" alt=\"Velas encendidas en honor a migrantes, s\u00edmbolo de memoria y esperanza en la comunidad migrante en homenaje en SoyMigrante.com REVISTA.\" srcset=\"https:\/\/soymigrante.com\/revista\/wp-content\/uploads\/2025\/01\/Afrontar-el-duelo-como-migrante-guatemalteco-en-Estados-Unidos-1-scaled-e1737154999609-1024x1024.webp 1024w, https:\/\/soymigrante.com\/revista\/wp-content\/uploads\/2025\/01\/Afrontar-el-duelo-como-migrante-guatemalteco-en-Estados-Unidos-1-scaled-e1737154999609-300x300.webp 300w, https:\/\/soymigrante.com\/revista\/wp-content\/uploads\/2025\/01\/Afrontar-el-duelo-como-migrante-guatemalteco-en-Estados-Unidos-1-scaled-e1737154999609-150x150.webp 150w, https:\/\/soymigrante.com\/revista\/wp-content\/uploads\/2025\/01\/Afrontar-el-duelo-como-migrante-guatemalteco-en-Estados-Unidos-1-scaled-e1737154999609-768x768.webp 768w, https:\/\/soymigrante.com\/revista\/wp-content\/uploads\/2025\/01\/Afrontar-el-duelo-como-migrante-guatemalteco-en-Estados-Unidos-1-scaled-e1737154999609-75x75.webp 75w, https:\/\/soymigrante.com\/revista\/wp-content\/uploads\/2025\/01\/Afrontar-el-duelo-como-migrante-guatemalteco-en-Estados-Unidos-1-scaled-e1737154999609-750x750.webp 750w, https:\/\/soymigrante.com\/revista\/wp-content\/uploads\/2025\/01\/Afrontar-el-duelo-como-migrante-guatemalteco-en-Estados-Unidos-1-scaled-e1737154999609-1140x1140.webp 1140w, https:\/\/soymigrante.com\/revista\/wp-content\/uploads\/2025\/01\/Afrontar-el-duelo-como-migrante-guatemalteco-en-Estados-Unidos-1-scaled-e1737154999609.webp 1377w\" sizes=\"(max-width: 1024px) 100vw, 1024px\" \/>\n            <\/div>\n        <\/div><div class=\"eael-entry-wrapper\"><header class=\"eael-entry-header\"><h2 class=\"eael-entry-title\"><a class=\"eael-grid-post-link\" href=\"https:\/\/soymigrante.com\/revista\/momentos-dificiles-estando-lejos-como-afrontar-los-duelos-del-migrante\/\" title=\"Momentos dif\u00edciles estando lejos: c\u00f3mo afrontar los duelos del migrante\">Momentos dif\u00edciles estando lejos: c\u00f3mo afrontar los duelos del migrante<\/a><\/h2><\/header><div class=\"eael-entry-content\">\n                        <div class=\"eael-grid-post-excerpt\"><a href=\"https:\/\/soymigrante.com\/revista\/momentos-dificiles-estando-lejos-como-afrontar-los-duelos-del-migrante\/\" class=\"eael-post-elements-readmore-btn\">CONOCE SU HISTORIA <\/a><\/div>\n                    <\/div><\/div><\/div>\n        <\/div>\n    <\/article><\/div>\n            <div class=\"clearfix\"><\/div>\n        <\/div>\t\t\t\t<\/div>\n\t\t\t\t\t<\/div>\n\t\t\t\t<\/div>\n\t\t\t\t<\/div>\n\t\t","protected":false},"excerpt":{"rendered":"<p>El pesar por el fallecimiento de un ser querido, familiar o amigo es inevitable y quiz\u00e1 mucho m\u00e1s marcado si se est\u00e1 lejos por razones migrantes. Esta oraci\u00f3n puede ayudar a confortar el coraz\u00f3n y a mantener la esperanza. No hay nada que ayude a reducir la pena por el fallecimiento de un ser querido, [&hellip;]<\/p>\n","protected":false},"author":7,"featured_media":47978,"comment_status":"open","ping_status":"open","sticky":false,"template":"","format":"standard","meta":{"_acf_changed":false,"_eb_attr":"","footnotes":""},"categories":[259],"tags":[],"class_list":["post-47974","post","type-post","status-publish","format-standard","has-post-thumbnail","hentry","category-salud-emocional"],"acf":[],"aioseo_notices":[],"aioseo_head":"\n\t\t<!-- All in One SEO Pro 4.9.6.2 - aioseo.com -->\n\t<meta name=\"description\" content=\"Afrontar el duelo como migrante es un momento duro, perder a un familiar estando lejos es dif\u00edcil, pero hay maneras para superarlo.\" \/>\n\t<meta name=\"robots\" content=\"max-snippet:-1, max-image-preview:large, max-video-preview:-1\" \/>\n\t<meta name=\"author\" content=\"SoyMigrante.com REVISTA\"\/>\n\t<link rel=\"canonical\" href=\"https:\/\/soymigrante.com\/revista\/momentos-dificiles-estando-lejos-como-afrontar-los-duelos-del-migrante\/\" \/>\n\t<meta name=\"generator\" content=\"All in One SEO Pro (AIOSEO) 4.9.6.2\" \/>\n\n\t\t<link rel=\"preconnect\" href=\"https:\/\/fonts.googleapis.com\" crossorigin>\n<link rel=\"preconnect\" href=\"https:\/\/fonts.gstatic.com\" crossorigin>\n\t\t<meta property=\"og:locale\" content=\"es_ES\" \/>\n\t\t<meta property=\"og:site_name\" content=\"SoyMigrante.com REVISTA \u2013 Nuestra misi\u00f3n es reconocer y dignificar al migrante.\" \/>\n\t\t<meta property=\"og:type\" content=\"article\" \/>\n\t\t<meta property=\"og:title\" content=\"Momentos dif\u00edciles estando lejos: c\u00f3mo afrontar los duelos del migrante\" \/>\n\t\t<meta property=\"og:description\" content=\"Afrontar el duelo como migrante es un momento duro, perder a un familiar estando lejos es dif\u00edcil, pero hay maneras para superarlo.\" \/>\n\t\t<meta property=\"og:url\" content=\"https:\/\/soymigrante.com\/revista\/momentos-dificiles-estando-lejos-como-afrontar-los-duelos-del-migrante\/\" \/>\n\t\t<meta property=\"og:image\" content=\"https:\/\/soymigrante.com\/revista\/wp-content\/uploads\/2025\/01\/Afrontar-el-duelo-como-migrante-guatemalteco-en-Estados-Unidos-1-scaled-e1737154999609.webp\" \/>\n\t\t<meta property=\"og:image:secure_url\" content=\"https:\/\/soymigrante.com\/revista\/wp-content\/uploads\/2025\/01\/Afrontar-el-duelo-como-migrante-guatemalteco-en-Estados-Unidos-1-scaled-e1737154999609.webp\" \/>\n\t\t<meta property=\"og:image:width\" content=\"1377\" \/>\n\t\t<meta property=\"og:image:height\" content=\"1377\" \/>\n\t\t<meta property=\"article:published_time\" content=\"2025-10-20T15:34:53+00:00\" \/>\n\t\t<meta property=\"article:modified_time\" content=\"2025-10-20T15:35:02+00:00\" \/>\n\t\t<meta property=\"article:publisher\" content=\"https:\/\/www.facebook.com\/soymigrantecom\" \/>\n\t\t<meta name=\"twitter:card\" content=\"summary_large_image\" \/>\n\t\t<meta name=\"twitter:site\" content=\"@SoyMigrante_com\" \/>\n\t\t<meta name=\"twitter:title\" content=\"Momentos dif\u00edciles estando lejos: c\u00f3mo afrontar los duelos del migrante\" \/>\n\t\t<meta name=\"twitter:description\" content=\"Afrontar el duelo como migrante es un momento duro, perder a un familiar estando lejos es dif\u00edcil, pero hay maneras para superarlo.\" \/>\n\t\t<meta name=\"twitter:creator\" content=\"@SoyMigrante_com\" \/>\n\t\t<meta name=\"twitter:image\" content=\"https:\/\/soymigrante.com\/revista\/wp-content\/uploads\/2025\/01\/Afrontar-el-duelo-como-migrante-guatemalteco-en-Estados-Unidos-1-scaled-e1737154999609.webp\" \/>\n\t\t<!-- All in One SEO Pro -->\r\n\t\t<title>Momentos dif\u00edciles estando lejos: c\u00f3mo afrontar los duelos del migrante<\/title>\n\n","aioseo_head_json":{"title":"Momentos dif\u00edciles estando lejos: c\u00f3mo afrontar los duelos del migrante","description":"Afrontar el duelo como migrante es un momento duro, perder a un familiar estando lejos es dif\u00edcil, pero hay maneras para superarlo.","canonical_url":"https:\/\/soymigrante.com\/revista\/momentos-dificiles-estando-lejos-como-afrontar-los-duelos-del-migrante\/","robots":"max-snippet:-1, max-image-preview:large, max-video-preview:-1","keywords":"","webmasterTools":{"miscellaneous":"&lt;link rel=\"preconnect\" href=\"https:\/\/fonts.googleapis.com\" crossorigin&gt;\n&lt;link rel=\"preconnect\" href=\"https:\/\/fonts.gstatic.com\" crossorigin&gt;"},"schema":null,"og:locale":"es_ES","og:site_name":"SoyMigrante.com REVISTA \u2013 Nuestra misi\u00f3n es reconocer y dignificar al migrante.","og:type":"article","og:title":"Momentos dif\u00edciles estando lejos: c\u00f3mo afrontar los duelos del migrante","og:description":"Afrontar el duelo como migrante es un momento duro, perder a un familiar estando lejos es dif\u00edcil, pero hay maneras para superarlo.","og:url":"https:\/\/soymigrante.com\/revista\/momentos-dificiles-estando-lejos-como-afrontar-los-duelos-del-migrante\/","og:image":"https:\/\/soymigrante.com\/revista\/wp-content\/uploads\/2025\/01\/Afrontar-el-duelo-como-migrante-guatemalteco-en-Estados-Unidos-1-scaled-e1737154999609.webp","og:image:secure_url":"https:\/\/soymigrante.com\/revista\/wp-content\/uploads\/2025\/01\/Afrontar-el-duelo-como-migrante-guatemalteco-en-Estados-Unidos-1-scaled-e1737154999609.webp","og:image:width":1377,"og:image:height":1377,"article:published_time":"2025-10-20T15:34:53+00:00","article:modified_time":"2025-10-20T15:35:02+00:00","article:publisher":"https:\/\/www.facebook.com\/soymigrantecom","twitter:card":"summary_large_image","twitter:site":"@SoyMigrante_com","twitter:title":"Momentos dif\u00edciles estando lejos: c\u00f3mo afrontar los duelos del migrante","twitter:description":"Afrontar el duelo como migrante es un momento duro, perder a un familiar estando lejos es dif\u00edcil, pero hay maneras para superarlo.","twitter:creator":"@SoyMigrante_com","twitter:image":"https:\/\/soymigrante.com\/revista\/wp-content\/uploads\/2025\/01\/Afrontar-el-duelo-como-migrante-guatemalteco-en-Estados-Unidos-1-scaled-e1737154999609.webp"},"aioseo_meta_data":{"post_id":"47974","title":null,"description":"Cada 1 y 2 de noviembre se recuerda a familiares, amigos y bienhechores ya fallecidos. En un plano de fe, se agradece por su vida a Dios y se pide por su alma.","keywords":null,"keyphrases":{"focus":{"keyphrase":"Oraci\u00f3n","score":81,"analysis":{"keyphraseInTitle":{"score":9,"maxScore":9,"error":0},"keyphraseInDescription":{"score":3,"maxScore":9,"error":1},"keyphraseLength":{"score":9,"maxScore":9,"error":0,"length":2},"keyphraseInURL":{"score":5,"maxScore":5,"error":0}}},"additional":[{"keyphrase":"Difuntos","score":67,"analysis":{"keyphraseInDescription":{"score":3,"maxScore":9,"error":1},"keyphraseLength":{"score":9,"maxScore":9,"error":0,"length":1}}}]},"primary_term":null,"canonical_url":null,"og_title":null,"og_description":null,"og_object_type":"default","og_image_type":"default","og_image_url":null,"og_image_width":null,"og_image_height":null,"og_image_custom_url":null,"og_image_custom_fields":null,"og_video":"","og_custom_url":null,"og_article_section":null,"og_article_tags":null,"twitter_use_og":false,"twitter_card":"default","twitter_image_type":"default","twitter_image_url":null,"twitter_image_custom_url":null,"twitter_image_custom_fields":null,"twitter_title":null,"twitter_description":null,"schema":{"blockGraphs":[],"customGraphs":[],"default":{"data":{"Article":[],"Course":[],"Dataset":[],"FAQPage":[],"Movie":[],"Person":[],"Product":[],"ProductReview":[],"Car":[],"Recipe":[],"Service":[],"SoftwareApplication":[],"WebPage":[]},"graphName":"NewsArticle","isEnabled":true},"graphs":[]},"schema_type":"default","schema_type_options":null,"pillar_content":false,"robots_default":true,"robots_noindex":false,"robots_noarchive":false,"robots_nosnippet":false,"robots_nofollow":false,"robots_noimageindex":false,"robots_noodp":false,"robots_notranslate":false,"robots_max_snippet":"-1","robots_max_videopreview":"-1","robots_max_imagepreview":"large","priority":null,"frequency":"default","local_seo":null,"seo_analyzer_scan_date":"2025-10-31 18:11:52","breadcrumb_settings":null,"limit_modified_date":false,"reviewed_by":"0","open_ai":null,"ai":{"faqs":[],"keyPoints":[],"titles":[],"descriptions":[],"socialPosts":{"email":[],"linkedin":[],"twitter":[],"facebook":[],"instagram":[]}},"created":"2025-10-31 16:46:14","updated":"2026-02-05 06:56:18"},"aioseo_breadcrumb":"<div class=\"aioseo-breadcrumbs\"><span class=\"aioseo-breadcrumb\">\n\t<a href=\"https:\/\/soymigrante.com\/revista\" title=\"Home\">Home<\/a>\n<\/span><span class=\"aioseo-breadcrumb-separator\">\u00bb<\/span><span class=\"aioseo-breadcrumb\">\n\t<a href=\"https:\/\/soymigrante.com\/revista\/category\/bienestar\/\" title=\"Bienestar\">Bienestar<\/a>\n<\/span><span class=\"aioseo-breadcrumb-separator\">\u00bb<\/span><span class=\"aioseo-breadcrumb\">\n\t<a href=\"https:\/\/soymigrante.com\/revista\/category\/bienestar\/salud-emocional\/\" title=\"Salud Emocional\">Salud Emocional<\/a>\n<\/span><span class=\"aioseo-breadcrumb-separator\">\u00bb<\/span><span class=\"aioseo-breadcrumb\">\n\tD\u00eda de Difuntos \u2013 Oraci\u00f3n en memoria del alma de un ser querido\n<\/span><\/div>","aioseo_breadcrumb_json":[{"label":"Home","link":"https:\/\/soymigrante.com\/revista"},{"label":"Bienestar","link":"https:\/\/soymigrante.com\/revista\/category\/bienestar\/"},{"label":"Salud Emocional","link":"https:\/\/soymigrante.com\/revista\/category\/bienestar\/salud-emocional\/"},{"label":"D\u00eda de Difuntos &#8211; Oraci\u00f3n en memoria del alma de un ser querido","link":"https:\/\/soymigrante.com\/revista\/dia-de-difuntos-oracion-en-memoria-del-alma-de-un-ser-querido\/"}],"_links":{"self":[{"href":"https:\/\/soymigrante.com\/revista\/wp-json\/wp\/v2\/posts\/47974","targetHints":{"allow":["GET"]}}],"collection":[{"href":"https:\/\/soymigrante.com\/revista\/wp-json\/wp\/v2\/posts"}],"about":[{"href":"https:\/\/soymigrante.com\/revista\/wp-json\/wp\/v2\/types\/post"}],"author":[{"embeddable":true,"href":"https:\/\/soymigrante.com\/revista\/wp-json\/wp\/v2\/users\/7"}],"replies":[{"embeddable":true,"href":"https:\/\/soymigrante.com\/revista\/wp-json\/wp\/v2\/comments?post=47974"}],"version-history":[{"count":14,"href":"https:\/\/soymigrante.com\/revista\/wp-json\/wp\/v2\/posts\/47974\/revisions"}],"predecessor-version":[{"id":47992,"href":"https:\/\/soymigrante.com\/revista\/wp-json\/wp\/v2\/posts\/47974\/revisions\/47992"}],"wp:featuredmedia":[{"embeddable":true,"href":"https:\/\/soymigrante.com\/revista\/wp-json\/wp\/v2\/media\/47978"}],"wp:attachment":[{"href":"https:\/\/soymigrante.com\/revista\/wp-json\/wp\/v2\/media?parent=47974"}],"wp:term":[{"taxonomy":"category","embeddable":true,"href":"https:\/\/soymigrante.com\/revista\/wp-json\/wp\/v2\/categories?post=47974"},{"taxonomy":"post_tag","embeddable":true,"href":"https:\/\/soymigrante.com\/revista\/wp-json\/wp\/v2\/tags?post=47974"}],"curies":[{"name":"wp","href":"https:\/\/api.w.org\/{rel}","templated":true}]}}