{"id":47931,"date":"2025-10-30T18:01:40","date_gmt":"2025-10-31T00:01:40","guid":{"rendered":"https:\/\/soymigrante.com\/revista\/?p=47931"},"modified":"2025-10-30T18:21:57","modified_gmt":"2025-10-31T00:21:57","slug":"barriletes-gigantes-de-sumpango-y-santiago-10-poderosos-simbolismos","status":"publish","type":"post","link":"https:\/\/soymigrante.com\/revista\/barriletes-gigantes-de-sumpango-y-santiago-10-poderosos-simbolismos\/","title":{"rendered":"Barriletes gigantes de Sumpango y Santiago: 10 poderosos simbolismos"},"content":{"rendered":"\t\t<div data-elementor-type=\"wp-post\" data-elementor-id=\"47931\" class=\"elementor elementor-47931\" data-elementor-post-type=\"post\">\n\t\t\t\t<div data-particle_enable=\"false\" data-particle-mobile-disabled=\"false\" class=\"elementor-element elementor-element-c210c27 e-flex e-con-boxed e-con e-parent\" data-id=\"c210c27\" data-element_type=\"container\" data-e-type=\"container\">\n\t\t\t\t\t<div class=\"e-con-inner\">\n\t\t\t\t<div class=\"elementor-element elementor-element-022e234 elementor-widget elementor-widget-heading\" data-id=\"022e234\" data-element_type=\"widget\" data-e-type=\"widget\" data-widget_type=\"heading.default\">\n\t\t\t\t\t<h2 class=\"elementor-heading-title elementor-size-default\">S\u00edmbolos mundiales del noviembre guatemalteco: uni\u00f3n de leyendas y artesan\u00eda con papel de china; de viento y trabajo en equipo. Los barriletes gigantes de Guatemala tienen poderoso simbolismo.<\/h2>\t\t\t\t<\/div>\n\t\t\t\t\t<\/div>\n\t\t\t\t<\/div>\n\t\t<div data-particle_enable=\"false\" data-particle-mobile-disabled=\"false\" class=\"elementor-element elementor-element-88c5916 e-flex e-con-boxed e-con e-parent\" data-id=\"88c5916\" data-element_type=\"container\" data-e-type=\"container\">\n\t\t\t\t\t<div class=\"e-con-inner\">\n\t\t\t\t<div class=\"elementor-element elementor-element-f13ff38 elementor-widget elementor-widget-text-editor\" data-id=\"f13ff38\" data-element_type=\"widget\" data-e-type=\"widget\" data-widget_type=\"text-editor.default\">\n\t\t\t\t\t\t\t\t\t<p data-start=\"403\" data-end=\"865\">Cada 1 y 2 de noviembre, los pueblos de <strong data-start=\"443\" data-end=\"455\">Sumpango<\/strong> y <strong data-start=\"458\" data-end=\"483\">Santiago Sacatep\u00e9quez<\/strong>, en el departamento de <a href=\"https:\/\/soymigrante.com\/revista\/departamentos-de-guatemala-sacatepequez-surgio-en-1839-y-alguna-vez-tuvo-hasta-24-municipios\/\">Sacatep\u00e9quez,<\/a> se llenan de color, papel, bamb\u00fa y viento. Desde el siglo XIX \u2014y seg\u00fan registros orales, desde mucho antes\u2014, los habitantes elaboran <strong data-start=\"654\" data-end=\"677\">barriletes gigantes<\/strong> como parte de la conmemoraci\u00f3n del <strong data-start=\"713\" data-end=\"765\">D\u00eda de Todos los Santos y de los Fieles Difuntos<\/strong>, tradici\u00f3n declarada por la <strong data-start=\"794\" data-end=\"864\">UNESCO en 2020 como <a href=\"https:\/\/soymigrante.com\/revista\/barriletes-gigantes-de-guatemala-son-incluidos-en-lista-del-patrimonio-cultural-de-la-humanidad\/\">Patrimonio Cultural Inmaterial de la Humanidad<\/a><\/strong>.<\/p><p data-start=\"867\" data-end=\"1034\">M\u00e1s que una obra artesanal o un festival, el <strong data-start=\"912\" data-end=\"925\">barrilete<\/strong> es un lenguaje simb\u00f3lico que comunica la espiritualidad, la memoria colectiva y la identidad de un pueblo. Pero adem\u00e1s <a href=\"https:\/\/soymigrante.com\/revista\/barriletes-gigantes-de-sumpango-llegan-a-new-york-este-2025\/\">ya han sobrepasado las fronteras patrias.<\/a><\/p><p data-start=\"1036\" data-end=\"1140\">Y ese poder simb\u00f3lico se puede atribuir a\u00a0<strong data-start=\"1063\" data-end=\"1095\">diez significados esenciales<\/strong> que encierra esta pr\u00e1ctica ancestral y viva:<\/p><hr data-start=\"1142\" data-end=\"1145\" \/><h3 data-start=\"1147\" data-end=\"1208\">1. <strong data-start=\"1154\" data-end=\"1206\">Puente entre el mundo de los vivos y los muertos<\/strong><\/h3><p data-start=\"1209\" data-end=\"1446\">El vuelo del barrilete simboliza la comunicaci\u00f3n con los antepasados. Seg\u00fan la tradici\u00f3n, el viento transporta los mensajes escritos en el papel hacia el cielo, estableciendo un lazo espiritual con los difuntos que regresan en noviembre.<\/p><h3 data-start=\"1448\" data-end=\"1498\">2. <strong data-start=\"1455\" data-end=\"1496\">Homenaje y acompa\u00f1amiento a las almas<\/strong><\/h3><p data-start=\"1499\" data-end=\"1692\">Los barriletes se elevan en los cementerios para <strong data-start=\"1548\" data-end=\"1572\"><a href=\"https:\/\/soymigrante.com\/revista\/asi-se-vivia-el-dia-de-los-santos-y-de-difuntos-en-guatemala-hace-mas-de-150-anos\/\">honrar a los difuntos\u00a0<\/a><\/strong>y acompa\u00f1arlos en su visita. Su presencia llena de color y m\u00fasica el campo santo, convirtiendo el duelo en celebraci\u00f3n.<\/p><h3 data-start=\"1694\" data-end=\"1750\">3. <strong data-start=\"1701\" data-end=\"1748\">S\u00edmbolo de identidad y cohesi\u00f3n comunitaria<\/strong><\/h3><p data-start=\"1751\" data-end=\"1953\">Cada grupo de j\u00f3venes y adultos se une durante meses para construir su barrilete, en un proceso que refuerza los lazos intergeneracionales y el orgullo por las ra\u00edces kaqchikeles de Sumpango y Santiago.<\/p>\t\t\t\t\t\t\t\t<\/div>\n\t\t\t\t\t<\/div>\n\t\t\t\t<\/div>\n\t\t<div data-particle_enable=\"false\" data-particle-mobile-disabled=\"false\" class=\"elementor-element elementor-element-a8a034d e-flex e-con-boxed e-con e-parent\" data-id=\"a8a034d\" data-element_type=\"container\" data-e-type=\"container\">\n\t\t\t\t\t<div class=\"e-con-inner\">\n\t\t\t\t<div class=\"elementor-element elementor-element-c69c632 elementor-grid-eael-col-1 elementor-grid-tablet-eael-col-2 elementor-grid-mobile-eael-col-1 elementor-widget elementor-widget-eael-post-grid\" data-id=\"c69c632\" data-element_type=\"widget\" data-e-type=\"widget\" data-settings=\"{&quot;eael_post_grid_columns&quot;:&quot;eael-col-1&quot;,&quot;eael_post_grid_columns_tablet&quot;:&quot;eael-col-2&quot;,&quot;eael_post_grid_columns_mobile&quot;:&quot;eael-col-1&quot;}\" data-widget_type=\"eael-post-grid.default\">\n\t\t\t\t\t<div id=\"eael-post-grid-c69c632\" class=\"eael-post-grid-container\">\n            <div class=\"eael-post-grid eael-post-appender eael-post-appender-c69c632 eael-post-grid-style-one\" data-layout-mode=\"masonry\"><article class=\"eael-grid-post  eael-post-grid-column eael-pg-post-15564 category-guate-nuestra\" data-id=\"15564\">\n        <div class=\"eael-grid-post-holder\">\n            <div class=\"eael-grid-post-holder-inner\"><div class=\"eael-entry-media\"><div class=\"eael-entry-overlay fade-in\"><i class=\"far fa-hand-pointer\" aria-hidden=\"true\"><\/i><a href=\"https:\/\/soymigrante.com\/revista\/barriletes-gigantes-de-guatemala-son-incluidos-en-lista-del-patrimonio-cultural-de-la-humanidad\/\"><\/a><\/div><div class=\"eael-entry-thumbnail eael-image-ratio\">\n                <img fetchpriority=\"high\" decoding=\"async\" width=\"1024\" height=\"1024\" src=\"https:\/\/soymigrante.com\/revista\/wp-content\/uploads\/2024\/12\/barriletes-sumpango-feature-1024x1024.jpeg\" class=\"attachment-large size-large wp-image-15638\" alt=\"Vuelos de papalotes tradicionales en la celebraci\u00f3n de D\u00eda de Muertos en M\u00e9xico, con coloridos dise\u00f1os y gran multitud participando en la festividad ind\u00edgena.\" srcset=\"https:\/\/soymigrante.com\/revista\/wp-content\/uploads\/2024\/12\/barriletes-sumpango-feature-1024x1024.jpeg 1024w, https:\/\/soymigrante.com\/revista\/wp-content\/uploads\/2024\/12\/barriletes-sumpango-feature-300x300.jpeg 300w, https:\/\/soymigrante.com\/revista\/wp-content\/uploads\/2024\/12\/barriletes-sumpango-feature-150x150.jpeg 150w, https:\/\/soymigrante.com\/revista\/wp-content\/uploads\/2024\/12\/barriletes-sumpango-feature-768x768.jpeg 768w, https:\/\/soymigrante.com\/revista\/wp-content\/uploads\/2024\/12\/barriletes-sumpango-feature-1536x1536.jpeg 1536w, https:\/\/soymigrante.com\/revista\/wp-content\/uploads\/2024\/12\/barriletes-sumpango-feature-2048x2048.jpeg 2048w, https:\/\/soymigrante.com\/revista\/wp-content\/uploads\/2024\/12\/barriletes-sumpango-feature-75x75.webp 75w, https:\/\/soymigrante.com\/revista\/wp-content\/uploads\/2024\/12\/barriletes-sumpango-feature-750x750.webp 750w, https:\/\/soymigrante.com\/revista\/wp-content\/uploads\/2024\/12\/barriletes-sumpango-feature-1140x1140.webp 1140w, https:\/\/soymigrante.com\/revista\/wp-content\/uploads\/2024\/12\/barriletes-sumpango-feature.webp 1920w\" sizes=\"(max-width: 1024px) 100vw, 1024px\" \/>\n            <\/div>\n        <\/div><div class=\"eael-entry-wrapper\"><header class=\"eael-entry-header\"><h2 class=\"eael-entry-title\"><a class=\"eael-grid-post-link\" href=\"https:\/\/soymigrante.com\/revista\/barriletes-gigantes-de-guatemala-son-incluidos-en-lista-del-patrimonio-cultural-de-la-humanidad\/\" title=\"Barriletes Gigantes de Guatemala son incluidos en lista del Patrimonio Cultural de la Humanidad\">Barriletes Gigantes de Guatemala son incluidos en lista del Patrimonio Cultural de la Humanidad<\/a><\/h2><\/header><div class=\"eael-entry-content\">\n                        <div class=\"eael-grid-post-excerpt\"><a href=\"https:\/\/soymigrante.com\/revista\/barriletes-gigantes-de-guatemala-son-incluidos-en-lista-del-patrimonio-cultural-de-la-humanidad\/\" class=\"eael-post-elements-readmore-btn\">CONOCE SU HISTORIA <\/a><\/div>\n                    <\/div><\/div><\/div>\n        <\/div>\n    <\/article><\/div>\n            <div class=\"clearfix\"><\/div>\n        <\/div>\t\t\t\t<\/div>\n\t\t\t\t\t<\/div>\n\t\t\t\t<\/div>\n\t\t<div data-particle_enable=\"false\" data-particle-mobile-disabled=\"false\" class=\"elementor-element elementor-element-19e3d71 e-flex e-con-boxed e-con e-parent\" data-id=\"19e3d71\" data-element_type=\"container\" data-e-type=\"container\">\n\t\t\t\t\t<div class=\"e-con-inner\">\n\t\t\t\t<div class=\"elementor-element elementor-element-5dafd38 elementor-widget elementor-widget-text-editor\" data-id=\"5dafd38\" data-element_type=\"widget\" data-e-type=\"widget\" data-widget_type=\"text-editor.default\">\n\t\t\t\t\t\t\t\t\t<p><span style=\"color: #000000; font-family: Mulish, sans-serif; font-size: 29px; font-weight: bold;\">4. <\/span><strong style=\"color: #000000; font-family: Mulish, sans-serif; font-size: 29px;\" data-start=\"1962\" data-end=\"1992\">Lenguaje visual y pol\u00edtico<\/strong><\/p><p data-start=\"1995\" data-end=\"2242\">En las \u00faltimas d\u00e9cadas, los barriletes se han transformado en <strong data-start=\"2057\" data-end=\"2077\">murales de papel<\/strong> que denuncian la migraci\u00f3n forzada, la violencia, la destrucci\u00f3n ambiental o el racismo. A trav\u00e9s del arte, los pueblos expresan sus esperanzas y demandas sociales.<\/p><h3 data-start=\"2244\" data-end=\"2279\">5. <strong data-start=\"2251\" data-end=\"2277\">Obra art\u00edstica ef\u00edmera<\/strong><\/h3><p data-start=\"2280\" data-end=\"2504\">Su elaboraci\u00f3n combina ingenier\u00eda, est\u00e9tica y simbolismo. Algunos alcanzan <strong data-start=\"2355\" data-end=\"2387\">m\u00e1s de 20 metros de di\u00e1metro<\/strong> y requieren de meses de trabajo, ensamblando bamb\u00fa, papel de seda y cuerda, en un arte que desaparece con el viento.<\/p><h3 data-start=\"2506\" data-end=\"2559\">6. <strong data-start=\"2513\" data-end=\"2557\">S\u00edmbolo de resistencia cultural ind\u00edgena<\/strong><\/h3><p data-start=\"2560\" data-end=\"2746\">Mantener viva esta tradici\u00f3n es una forma de <strong data-start=\"2605\" data-end=\"2654\">resistencia frente a la colonizaci\u00f3n cultural<\/strong>. El barrilete reafirma la cosmovisi\u00f3n maya-kaqchikel y su comprensi\u00f3n espiritual del mundo.<\/p><h3 data-start=\"2748\" data-end=\"2796\">7. <strong data-start=\"2755\" data-end=\"2794\">Oraci\u00f3n al viento y v\u00ednculo c\u00f3smico<\/strong><\/h3><p data-start=\"2797\" data-end=\"3003\">Para la espiritualidad maya, el viento representa energ\u00eda vital. Elevar un barrilete es <strong data-start=\"2885\" data-end=\"2921\">ofrecer una plegaria al universo<\/strong>, una forma de armonizar a la comunidad con las fuerzas naturales y los ancestros.<\/p>\t\t\t\t\t\t\t\t<\/div>\n\t\t\t\t\t<\/div>\n\t\t\t\t<\/div>\n\t\t<div data-particle_enable=\"false\" data-particle-mobile-disabled=\"false\" class=\"elementor-element elementor-element-a7f6018 e-flex e-con-boxed e-con e-parent\" data-id=\"a7f6018\" data-element_type=\"container\" data-e-type=\"container\">\n\t\t\t\t\t<div class=\"e-con-inner\">\n\t\t\t\t<div class=\"elementor-element elementor-element-b888ac7 elementor-grid-eael-col-1 elementor-grid-tablet-eael-col-2 elementor-grid-mobile-eael-col-1 elementor-widget elementor-widget-eael-post-grid\" data-id=\"b888ac7\" data-element_type=\"widget\" data-e-type=\"widget\" data-settings=\"{&quot;eael_post_grid_columns&quot;:&quot;eael-col-1&quot;,&quot;eael_post_grid_columns_tablet&quot;:&quot;eael-col-2&quot;,&quot;eael_post_grid_columns_mobile&quot;:&quot;eael-col-1&quot;}\" data-widget_type=\"eael-post-grid.default\">\n\t\t\t\t\t<div id=\"eael-post-grid-b888ac7\" class=\"eael-post-grid-container\">\n            <div class=\"eael-post-grid eael-post-appender eael-post-appender-b888ac7 eael-post-grid-style-one\" data-layout-mode=\"masonry\"><article class=\"eael-grid-post  eael-post-grid-column eael-pg-post-47316 category-guate-nuestra\" data-id=\"47316\">\n        <div class=\"eael-grid-post-holder\">\n            <div class=\"eael-grid-post-holder-inner\"><div class=\"eael-entry-media\"><div class=\"eael-entry-overlay fade-in\"><i class=\"far fa-hand-pointer\" aria-hidden=\"true\"><\/i><a href=\"https:\/\/soymigrante.com\/revista\/barrilete-gigante-de-sumpango-sacatepequez-surco-el-cielo-en-brooklyn-ny\/\"><\/a><\/div><div class=\"eael-entry-thumbnail eael-image-ratio\">\n                <img decoding=\"async\" width=\"741\" height=\"734\" src=\"https:\/\/soymigrante.com\/revista\/wp-content\/uploads\/2025\/10\/barrilete-gigante-en-brooklyn-ny.png\" class=\"attachment-large size-large wp-image-47317\" alt=\"barrilete gigante en brooklyn ny\" srcset=\"https:\/\/soymigrante.com\/revista\/wp-content\/uploads\/2025\/10\/barrilete-gigante-en-brooklyn-ny.png 741w, https:\/\/soymigrante.com\/revista\/wp-content\/uploads\/2025\/10\/barrilete-gigante-en-brooklyn-ny-300x297.png 300w, https:\/\/soymigrante.com\/revista\/wp-content\/uploads\/2025\/10\/barrilete-gigante-en-brooklyn-ny-150x150.png 150w, https:\/\/soymigrante.com\/revista\/wp-content\/uploads\/2025\/10\/barrilete-gigante-en-brooklyn-ny-75x75.png 75w\" sizes=\"(max-width: 741px) 100vw, 741px\" \/>\n            <\/div>\n        <\/div><div class=\"eael-entry-wrapper\"><header class=\"eael-entry-header\"><h2 class=\"eael-entry-title\"><a class=\"eael-grid-post-link\" href=\"https:\/\/soymigrante.com\/revista\/barrilete-gigante-de-sumpango-sacatepequez-surco-el-cielo-en-brooklyn-ny\/\" title=\"Barrilete gigante de Sumpango Sacatep\u00e9quez surc\u00f3 el cielo en Brooklyn NY\">Barrilete gigante de Sumpango Sacatep\u00e9quez surc\u00f3 el cielo en Brooklyn NY<\/a><\/h2><\/header><div class=\"eael-entry-content\">\n                        <div class=\"eael-grid-post-excerpt\"><a href=\"https:\/\/soymigrante.com\/revista\/barrilete-gigante-de-sumpango-sacatepequez-surco-el-cielo-en-brooklyn-ny\/\" class=\"eael-post-elements-readmore-btn\">CONOCE SU HISTORIA <\/a><\/div>\n                    <\/div><\/div><\/div>\n        <\/div>\n    <\/article><\/div>\n            <div class=\"clearfix\"><\/div>\n        <\/div>\t\t\t\t<\/div>\n\t\t\t\t\t<\/div>\n\t\t\t\t<\/div>\n\t\t<div data-particle_enable=\"false\" data-particle-mobile-disabled=\"false\" class=\"elementor-element elementor-element-2a1168e e-flex e-con-boxed e-con e-parent\" data-id=\"2a1168e\" data-element_type=\"container\" data-e-type=\"container\">\n\t\t\t\t\t<div class=\"e-con-inner\">\n\t\t\t\t<div class=\"elementor-element elementor-element-a3724fa elementor-widget elementor-widget-text-editor\" data-id=\"a3724fa\" data-element_type=\"widget\" data-e-type=\"widget\" data-widget_type=\"text-editor.default\">\n\t\t\t\t\t\t\t\t\t<p><span style=\"color: #000000; font-family: Mulish, sans-serif; font-size: 29px; font-weight: bold;\">8. <\/span><strong style=\"color: #000000; font-family: Mulish, sans-serif; font-size: 29px;\" data-start=\"3012\" data-end=\"3052\">Escuela viva de saberes comunitarios<\/strong><\/p>\n<p data-start=\"3055\" data-end=\"3244\">El proceso de construcci\u00f3n transmite valores, t\u00e9cnicas y conocimientos entre generaciones. Los ni\u00f1os aprenden no solo a volar un barrilete, sino tambi\u00e9n a <strong data-start=\"3210\" data-end=\"3243\">construir comunidad y memoria<\/strong>.<\/p>\n<h3 data-start=\"3246\" data-end=\"3288\">9. <strong data-start=\"3253\" data-end=\"3286\">Afirmaci\u00f3n de paz y esperanza<\/strong><\/h3>\n<p data-start=\"3289\" data-end=\"3494\">Originalmente, los barriletes serv\u00edan para <strong data-start=\"3332\" data-end=\"3365\">ahuyentar los malos esp\u00edritus<\/strong> y proteger a los pueblos. Hoy, conservan ese sentido: elevarlos es pedir equilibrio, armon\u00eda y paz para los vivos y los muertos.<\/p>\n<h3 data-start=\"3496\" data-end=\"3560\">10. <strong data-start=\"3504\" data-end=\"3558\">S\u00edmbolo transnacional de la identidad guatemalteca<\/strong><\/h3>\n<p data-start=\"3561\" data-end=\"4145\">En los \u00faltimos a\u00f1os, <a href=\"https:\/\/soymigrante.com\/revista\/barrilete-gigante-y-migrante-lucira-en-festival-guatemala-de-rhode-island\/\"><strong data-start=\"3582\" data-end=\"3627\">migrantes guatemaltecos en Estados Unidos<\/strong> han comenzado a <\/a><strong data-start=\"3644\" data-end=\"3731\"><a href=\"https:\/\/soymigrante.com\/revista\/barrilete-gigante-y-migrante-lucira-en-festival-guatemala-de-rhode-island\/\">recrear esta tradici\u00f3n en ciudades c<\/a>omo Los \u00c1ngeles, Rhode Island y Nueva York<\/strong>.<br data-start=\"3732\" data-end=\"3735\">All\u00ed, los barriletes \u2014m\u00e1s peque\u00f1os pero igualmente coloridos\u2014 se elevan en parques y comunidades migrantes para <strong data-start=\"3847\" data-end=\"3898\">honrar a los familiares fallecidos en Guatemala<\/strong>, o a los que murieron en el camino migratorio.<\/p>\n<p data-start=\"3561\" data-end=\"4145\">En esos actos ceremoniales masivos, el barrilete vuelve a ser <strong data-start=\"3989\" data-end=\"4016\">puente entre dos mundos<\/strong>: une el cielo y la tierra, pero tambi\u00e9n <strong data-start=\"4057\" data-end=\"4081\">Guatemala y el norte<\/strong>, recordando que la memoria y la identidad viajan con el viento: no es solo un espect\u00e1culo, es el c\u00edrculo del tiempo sobre el cielo.<\/p>\t\t\t\t\t\t\t\t<\/div>\n\t\t\t\t<div class=\"elementor-element elementor-element-b1c5cdf elementor-widget elementor-widget-html\" data-id=\"b1c5cdf\" data-element_type=\"widget\" data-e-type=\"widget\" data-widget_type=\"html.default\">\n\t\t\t\t\t<iframe width=\"560\" height=\"415\" src=\"https:\/\/www.youtube.com\/embed\/UHmIGBGt7qU?si=MjBPh0A6gORztZEZ\" title=\"YouTube video player\" frameborder=\"0\" allow=\"accelerometer; autoplay; clipboard-write; encrypted-media; gyroscope; picture-in-picture; web-share\" referrerpolicy=\"strict-origin-when-cross-origin\" allowfullscreen><\/iframe>\t\t\t\t<\/div>\n\t\t\t\t\t<\/div>\n\t\t\t\t<\/div>\n\t\t<div data-particle_enable=\"false\" data-particle-mobile-disabled=\"false\" class=\"elementor-element elementor-element-f8de2e1 e-flex e-con-boxed e-con e-parent\" data-id=\"f8de2e1\" data-element_type=\"container\" data-e-type=\"container\">\n\t\t\t\t\t<div class=\"e-con-inner\">\n\t\t\t\t<div class=\"elementor-element elementor-element-9abc3df elementor-widget elementor-widget-text-editor\" data-id=\"9abc3df\" data-element_type=\"widget\" data-e-type=\"widget\" data-widget_type=\"text-editor.default\">\n\t\t\t\t\t\t\t\t\t<h3>Para finalizar unos datos breves<\/h3><ul data-start=\"4181\" data-end=\"4866\"><li data-start=\"4181\" data-end=\"4364\"><p data-start=\"4183\" data-end=\"4364\">Los primeros registros escritos sobre los barriletes datan del <strong data-start=\"4246\" data-end=\"4259\">siglo XIX<\/strong>, aunque su ra\u00edz podr\u00eda ser <strong data-start=\"4287\" data-end=\"4303\">prehisp\u00e1nica<\/strong>, vinculada con ceremonias agr\u00edcolas y rituales funerarios.<\/p><\/li><li data-start=\"4365\" data-end=\"4511\"><p data-start=\"4367\" data-end=\"4511\">El <strong data-start=\"4370\" data-end=\"4394\">festival de Sumpango<\/strong> se celebra formalmente desde <strong data-start=\"4424\" data-end=\"4432\">1899<\/strong>, y el de <strong data-start=\"4442\" data-end=\"4467\">Santiago Sacatep\u00e9quez<\/strong> desde <strong data-start=\"4474\" data-end=\"4482\">1898<\/strong>, seg\u00fan documentos locales.<\/p><\/li><li data-start=\"4512\" data-end=\"4676\"><p data-start=\"4514\" data-end=\"4676\">En <strong data-start=\"4517\" data-end=\"4525\">2020<\/strong>, la <strong data-start=\"4530\" data-end=\"4540\">UNESCO<\/strong> inscribi\u00f3 la tradici\u00f3n como <strong data-start=\"4569\" data-end=\"4619\">Patrimonio Cultural Inmaterial de la Humanidad<\/strong>, reconociendo su valor art\u00edstico, social y espiritual.<\/p><\/li><li data-start=\"4677\" data-end=\"4866\"><p data-start=\"4679\" data-end=\"4866\">En el extranjero, los <strong data-start=\"4701\" data-end=\"4725\">barriletes migrantes<\/strong> se han convertido en un s\u00edmbolo de <strong data-start=\"4761\" data-end=\"4809\">nostalgia, resiliencia y conexi\u00f3n espiritual<\/strong> de las comunidades guatemaltecas dispersas por el mundo.<\/p><\/li><\/ul>\t\t\t\t\t\t\t\t<\/div>\n\t\t\t\t\t<\/div>\n\t\t\t\t<\/div>\n\t\t<div data-particle_enable=\"false\" data-particle-mobile-disabled=\"false\" class=\"elementor-element elementor-element-26fb910 e-flex e-con-boxed e-con e-parent\" data-id=\"26fb910\" data-element_type=\"container\" data-e-type=\"container\">\n\t\t\t\t\t<div class=\"e-con-inner\">\n\t\t\t\t<div class=\"elementor-element elementor-element-d71a81f elementor-widget elementor-widget-heading\" data-id=\"d71a81f\" data-element_type=\"widget\" data-e-type=\"widget\" data-widget_type=\"heading.default\">\n\t\t\t\t\t<h2 class=\"elementor-heading-title elementor-size-default\">M\u00e1s tradiciones de la \u00e9poca<\/h2>\t\t\t\t<\/div>\n\t\t\t\t\t<\/div>\n\t\t\t\t<\/div>\n\t\t<div data-particle_enable=\"false\" data-particle-mobile-disabled=\"false\" class=\"elementor-element elementor-element-7daa027 e-flex e-con-boxed e-con e-parent\" data-id=\"7daa027\" data-element_type=\"container\" data-e-type=\"container\">\n\t\t\t\t\t<div class=\"e-con-inner\">\n\t\t\t\t<div class=\"elementor-element elementor-element-dbc0549 elementor-grid-eael-col-3 elementor-grid-tablet-eael-col-2 elementor-grid-mobile-eael-col-1 elementor-widget elementor-widget-eael-post-grid\" data-id=\"dbc0549\" data-element_type=\"widget\" data-e-type=\"widget\" data-settings=\"{&quot;eael_post_grid_columns&quot;:&quot;eael-col-3&quot;,&quot;eael_post_grid_columns_tablet&quot;:&quot;eael-col-2&quot;,&quot;eael_post_grid_columns_mobile&quot;:&quot;eael-col-1&quot;}\" data-widget_type=\"eael-post-grid.default\">\n\t\t\t\t\t<div id=\"eael-post-grid-dbc0549\" class=\"eael-post-grid-container\">\n            <div class=\"eael-post-grid eael-post-appender eael-post-appender-dbc0549 eael-post-grid-style-one\" data-layout-mode=\"masonry\"><article class=\"eael-grid-post  eael-post-grid-column eael-pg-post-11778 category-guate-nuestra\" data-id=\"11778\">\n        <div class=\"eael-grid-post-holder\">\n            <div class=\"eael-grid-post-holder-inner\"><div class=\"eael-entry-media\"><div class=\"eael-entry-overlay fade-in\"><i class=\"far fa-hand-pointer\" aria-hidden=\"true\"><\/i><a href=\"https:\/\/soymigrante.com\/revista\/migrantes-elevan-sus-barriletes-en-llanura-de-los-berkshires-massachussetes\/\"><\/a><\/div><div class=\"eael-entry-thumbnail eael-image-ratio\">\n                <img decoding=\"async\" width=\"1024\" height=\"1024\" src=\"https:\/\/soymigrante.com\/revista\/wp-content\/uploads\/2024\/11\/barriletes-migrantes-massachussets-6-1-1024x1024.jpg\" class=\"attachment-large size-large wp-image-11786\" alt=\"Sirenas volando en el cielo con tierra de fondo, personas viendo la cometa en un campo abierto, imagen que representa libertad, cultura y comunidad en las comunidades migrantes en M\u00e9xico y el mundo.\" srcset=\"https:\/\/soymigrante.com\/revista\/wp-content\/uploads\/2024\/11\/barriletes-migrantes-massachussets-6-1-1024x1024.jpg 1024w, https:\/\/soymigrante.com\/revista\/wp-content\/uploads\/2024\/11\/barriletes-migrantes-massachussets-6-1-300x300.webp 300w, https:\/\/soymigrante.com\/revista\/wp-content\/uploads\/2024\/11\/barriletes-migrantes-massachussets-6-1-150x150.webp 150w, https:\/\/soymigrante.com\/revista\/wp-content\/uploads\/2024\/11\/barriletes-migrantes-massachussets-6-1-768x768.jpg 768w, https:\/\/soymigrante.com\/revista\/wp-content\/uploads\/2024\/11\/barriletes-migrantes-massachussets-6-1-75x75.webp 75w, https:\/\/soymigrante.com\/revista\/wp-content\/uploads\/2024\/11\/barriletes-migrantes-massachussets-6-1-750x750.webp 750w, https:\/\/soymigrante.com\/revista\/wp-content\/uploads\/2024\/11\/barriletes-migrantes-massachussets-6-1-1140x1140.jpg 1140w, https:\/\/soymigrante.com\/revista\/wp-content\/uploads\/2024\/11\/barriletes-migrantes-massachussets-6-1.webp 1227w\" sizes=\"(max-width: 1024px) 100vw, 1024px\" \/>\n            <\/div>\n        <\/div><div class=\"eael-entry-wrapper\"><header class=\"eael-entry-header\"><h2 class=\"eael-entry-title\"><a class=\"eael-grid-post-link\" href=\"https:\/\/soymigrante.com\/revista\/migrantes-elevan-sus-barriletes-en-llanura-de-los-berkshires-massachussetes\/\" title=\"Migrantes elevan sus barriletes en llanura de los Berkshires, Massachussetes.\">Migrantes elevan sus barriletes en llanura de los Berkshires, Massachussetes.<\/a><\/h2><\/header><div class=\"eael-entry-content\">\n                        <div class=\"eael-grid-post-excerpt\"><a href=\"https:\/\/soymigrante.com\/revista\/migrantes-elevan-sus-barriletes-en-llanura-de-los-berkshires-massachussetes\/\" class=\"eael-post-elements-readmore-btn\">CONOCE SU HISTORIA <\/a><\/div>\n                    <\/div><\/div><\/div>\n        <\/div>\n    <\/article><article class=\"eael-grid-post  eael-post-grid-column eael-pg-post-47097 category-estamos-unidos-uncategorized\" data-id=\"47097\">\n        <div class=\"eael-grid-post-holder\">\n            <div class=\"eael-grid-post-holder-inner\"><div class=\"eael-entry-media\"><div class=\"eael-entry-overlay fade-in\"><i class=\"far fa-hand-pointer\" aria-hidden=\"true\"><\/i><a href=\"https:\/\/soymigrante.com\/revista\/en-imagenes-barriletes-de-sumpango-en-museo-de-los-ninos-y-residencia-del-alcalde-de-ny\/\"><\/a><\/div><div class=\"eael-entry-thumbnail eael-image-ratio\">\n                <img loading=\"lazy\" decoding=\"async\" width=\"900\" height=\"900\" src=\"https:\/\/soymigrante.com\/revista\/wp-content\/uploads\/2025\/10\/barriletes-gigantes-sumpango-en-new-york-10.jpg\" class=\"attachment-large size-large wp-image-47100\" alt=\"barriletes gigantes sumpango en new york 10\" srcset=\"https:\/\/soymigrante.com\/revista\/wp-content\/uploads\/2025\/10\/barriletes-gigantes-sumpango-en-new-york-10.jpg 900w, https:\/\/soymigrante.com\/revista\/wp-content\/uploads\/2025\/10\/barriletes-gigantes-sumpango-en-new-york-10-300x300.jpg 300w, https:\/\/soymigrante.com\/revista\/wp-content\/uploads\/2025\/10\/barriletes-gigantes-sumpango-en-new-york-10-150x150.jpg 150w, https:\/\/soymigrante.com\/revista\/wp-content\/uploads\/2025\/10\/barriletes-gigantes-sumpango-en-new-york-10-768x768.jpg 768w, https:\/\/soymigrante.com\/revista\/wp-content\/uploads\/2025\/10\/barriletes-gigantes-sumpango-en-new-york-10-75x75.jpg 75w, https:\/\/soymigrante.com\/revista\/wp-content\/uploads\/2025\/10\/barriletes-gigantes-sumpango-en-new-york-10-750x750.jpg 750w\" sizes=\"(max-width: 900px) 100vw, 900px\" \/>\n            <\/div>\n        <\/div><div class=\"eael-entry-wrapper\"><header class=\"eael-entry-header\"><h2 class=\"eael-entry-title\"><a class=\"eael-grid-post-link\" href=\"https:\/\/soymigrante.com\/revista\/en-imagenes-barriletes-de-sumpango-en-museo-de-los-ninos-y-residencia-del-alcalde-de-ny\/\" title=\"En im\u00e1genes: Barriletes de Sumpango en Museo de los Ni\u00f1os y residencia del Alcalde de NY\">En im\u00e1genes: Barriletes de Sumpango en Museo de los Ni\u00f1os y residencia del Alcalde de NY<\/a><\/h2><\/header><div class=\"eael-entry-content\">\n                        <div class=\"eael-grid-post-excerpt\"><a href=\"https:\/\/soymigrante.com\/revista\/en-imagenes-barriletes-de-sumpango-en-museo-de-los-ninos-y-residencia-del-alcalde-de-ny\/\" class=\"eael-post-elements-readmore-btn\">CONOCE SU HISTORIA <\/a><\/div>\n                    <\/div><\/div><\/div>\n        <\/div>\n    <\/article><article class=\"eael-grid-post  eael-post-grid-column eael-pg-post-47508 category-guate-nuestra\" data-id=\"47508\">\n        <div class=\"eael-grid-post-holder\">\n            <div class=\"eael-grid-post-holder-inner\"><div class=\"eael-entry-media\"><div class=\"eael-entry-overlay fade-in\"><i class=\"far fa-hand-pointer\" aria-hidden=\"true\"><\/i><a href=\"https:\/\/soymigrante.com\/revista\/asi-se-vivia-el-dia-de-los-santos-y-de-difuntos-en-guatemala-hace-mas-de-150-anos\/\"><\/a><\/div><div class=\"eael-entry-thumbnail eael-image-ratio\">\n                <img loading=\"lazy\" decoding=\"async\" width=\"421\" height=\"416\" src=\"https:\/\/soymigrante.com\/revista\/wp-content\/uploads\/2025\/10\/1.png\" class=\"attachment-large size-large wp-image-47510\" alt=\"Cronica D\u00eda de Difuntos en Guatemala siglo 19\" srcset=\"https:\/\/soymigrante.com\/revista\/wp-content\/uploads\/2025\/10\/1.png 421w, https:\/\/soymigrante.com\/revista\/wp-content\/uploads\/2025\/10\/1-300x296.png 300w, https:\/\/soymigrante.com\/revista\/wp-content\/uploads\/2025\/10\/1-75x75.png 75w\" sizes=\"(max-width: 421px) 100vw, 421px\" \/>\n            <\/div>\n        <\/div><div class=\"eael-entry-wrapper\"><header class=\"eael-entry-header\"><h2 class=\"eael-entry-title\"><a class=\"eael-grid-post-link\" href=\"https:\/\/soymigrante.com\/revista\/asi-se-vivia-el-dia-de-los-santos-y-de-difuntos-en-guatemala-hace-mas-de-150-anos\/\" title=\"As\u00ed se viv\u00eda el D\u00eda de Los Santos y de Difuntos en Guatemala hace m\u00e1s de 150 a\u00f1os\">As\u00ed se viv\u00eda el D\u00eda de Los Santos y de Difuntos en Guatemala hace m\u00e1s de 150 a\u00f1os<\/a><\/h2><\/header><div class=\"eael-entry-content\">\n                        <div class=\"eael-grid-post-excerpt\"><a href=\"https:\/\/soymigrante.com\/revista\/asi-se-vivia-el-dia-de-los-santos-y-de-difuntos-en-guatemala-hace-mas-de-150-anos\/\" class=\"eael-post-elements-readmore-btn\">CONOCE SU HISTORIA <\/a><\/div>\n                    <\/div><\/div><\/div>\n        <\/div>\n    <\/article><\/div>\n            <div class=\"clearfix\"><\/div>\n        <\/div>\t\t\t\t<\/div>\n\t\t\t\t\t<\/div>\n\t\t\t\t<\/div>\n\t\t\t\t<\/div>\n\t\t","protected":false},"excerpt":{"rendered":"<p>S\u00edmbolos mundiales del noviembre guatemalteco: uni\u00f3n de leyendas y artesan\u00eda con papel de china; de viento y trabajo en equipo. Los barriletes gigantes de Guatemala tienen poderoso simbolismo. Cada 1 y 2 de noviembre, los pueblos de Sumpango y Santiago Sacatep\u00e9quez, en el departamento de Sacatep\u00e9quez, se llenan de color, papel, bamb\u00fa y viento. Desde [&hellip;]<\/p>\n","protected":false},"author":1,"featured_media":47932,"comment_status":"open","ping_status":"open","sticky":false,"template":"","format":"standard","meta":{"_acf_changed":false,"_eb_attr":"","footnotes":""},"categories":[58],"tags":[],"class_list":["post-47931","post","type-post","status-publish","format-standard","has-post-thumbnail","hentry","category-guate-nuestra"],"acf":[],"aioseo_notices":[],"aioseo_head":"\n\t\t<!-- All in One SEO Pro 4.9.6.2 - aioseo.com -->\n\t<meta name=\"description\" content=\"Relato de un testigo ocular: en 1854 y 1865. El escritor Jos\u00e9 Milla cuenta c\u00f3mo se viv\u00eda el D\u00eda de Los Santos y Difuntos en Guatemala, con todo y fiambre.\" \/>\n\t<meta name=\"robots\" content=\"max-snippet:-1, max-image-preview:large, max-video-preview:-1\" \/>\n\t<meta name=\"author\" content=\"SoyMigrante.com REVISTA\"\/>\n\t<link rel=\"canonical\" href=\"https:\/\/soymigrante.com\/revista\/asi-se-vivia-el-dia-de-los-santos-y-de-difuntos-en-guatemala-hace-mas-de-150-anos\/\" \/>\n\t<meta name=\"generator\" content=\"All in One SEO Pro (AIOSEO) 4.9.6.2\" \/>\n\n\t\t<link rel=\"preconnect\" href=\"https:\/\/fonts.googleapis.com\" crossorigin>\n<link rel=\"preconnect\" href=\"https:\/\/fonts.gstatic.com\" crossorigin>\n\t\t<meta property=\"og:locale\" content=\"es_ES\" \/>\n\t\t<meta property=\"og:site_name\" content=\"SoyMigrante.com REVISTA \u2013 Nuestra misi\u00f3n es reconocer y dignificar al migrante.\" \/>\n\t\t<meta property=\"og:type\" content=\"article\" \/>\n\t\t<meta property=\"og:title\" content=\"As\u00ed se viv\u00eda D\u00eda de Difuntos en Guatemala hace siglo y medio\" \/>\n\t\t<meta property=\"og:description\" content=\"Relato de un testigo ocular: en 1854 y 1865. El escritor Jos\u00e9 Milla cuenta c\u00f3mo se viv\u00eda el D\u00eda de Los Santos y Difuntos en Guatemala, con todo y fiambre.\" \/>\n\t\t<meta property=\"og:url\" content=\"https:\/\/soymigrante.com\/revista\/asi-se-vivia-el-dia-de-los-santos-y-de-difuntos-en-guatemala-hace-mas-de-150-anos\/\" \/>\n\t\t<meta property=\"og:image\" content=\"https:\/\/soymigrante.com\/revista\/wp-content\/uploads\/2025\/10\/1.png\" \/>\n\t\t<meta property=\"og:image:secure_url\" content=\"https:\/\/soymigrante.com\/revista\/wp-content\/uploads\/2025\/10\/1.png\" \/>\n\t\t<meta property=\"og:image:width\" content=\"421\" \/>\n\t\t<meta property=\"og:image:height\" content=\"416\" \/>\n\t\t<meta property=\"article:published_time\" content=\"2025-10-22T17:18:27+00:00\" \/>\n\t\t<meta property=\"article:modified_time\" content=\"2025-10-22T17:33:44+00:00\" \/>\n\t\t<meta property=\"article:publisher\" content=\"https:\/\/www.facebook.com\/soymigrantecom\" \/>\n\t\t<meta name=\"twitter:card\" content=\"summary_large_image\" \/>\n\t\t<meta name=\"twitter:site\" content=\"@SoyMigrante_com\" \/>\n\t\t<meta name=\"twitter:title\" content=\"As\u00ed se viv\u00eda D\u00eda de Difuntos en Guatemala hace siglo y medio\" \/>\n\t\t<meta name=\"twitter:description\" content=\"Relato de un testigo ocular: en 1854 y 1865. El escritor Jos\u00e9 Milla cuenta c\u00f3mo se viv\u00eda el D\u00eda de Los Santos y Difuntos en Guatemala, con todo y fiambre.\" \/>\n\t\t<meta name=\"twitter:creator\" content=\"@SoyMigrante_com\" \/>\n\t\t<meta name=\"twitter:image\" content=\"https:\/\/soymigrante.com\/revista\/wp-content\/uploads\/2025\/10\/1.png\" \/>\n\t\t<!-- All in One SEO Pro -->\r\n\t\t<title>As\u00ed se viv\u00eda D\u00eda de Difuntos en Guatemala hace siglo y medio<\/title>\n\n","aioseo_head_json":{"title":"As\u00ed se viv\u00eda D\u00eda de Difuntos en Guatemala hace siglo y medio","description":"Relato de un testigo ocular: en 1854 y 1865. El escritor Jos\u00e9 Milla cuenta c\u00f3mo se viv\u00eda el D\u00eda de Los Santos y Difuntos en Guatemala, con todo y fiambre.","canonical_url":"https:\/\/soymigrante.com\/revista\/asi-se-vivia-el-dia-de-los-santos-y-de-difuntos-en-guatemala-hace-mas-de-150-anos\/","robots":"max-snippet:-1, max-image-preview:large, max-video-preview:-1","keywords":"","webmasterTools":{"miscellaneous":"&lt;link rel=\"preconnect\" href=\"https:\/\/fonts.googleapis.com\" crossorigin&gt;\n&lt;link rel=\"preconnect\" href=\"https:\/\/fonts.gstatic.com\" crossorigin&gt;"},"schema":null,"og:locale":"es_ES","og:site_name":"SoyMigrante.com REVISTA \u2013 Nuestra misi\u00f3n es reconocer y dignificar al migrante.","og:type":"article","og:title":"As\u00ed se viv\u00eda D\u00eda de Difuntos en Guatemala hace siglo y medio","og:description":"Relato de un testigo ocular: en 1854 y 1865. El escritor Jos\u00e9 Milla cuenta c\u00f3mo se viv\u00eda el D\u00eda de Los Santos y Difuntos en Guatemala, con todo y fiambre.","og:url":"https:\/\/soymigrante.com\/revista\/asi-se-vivia-el-dia-de-los-santos-y-de-difuntos-en-guatemala-hace-mas-de-150-anos\/","og:image":"https:\/\/soymigrante.com\/revista\/wp-content\/uploads\/2025\/10\/1.png","og:image:secure_url":"https:\/\/soymigrante.com\/revista\/wp-content\/uploads\/2025\/10\/1.png","og:image:width":421,"og:image:height":416,"article:published_time":"2025-10-22T17:18:27+00:00","article:modified_time":"2025-10-22T17:33:44+00:00","article:publisher":"https:\/\/www.facebook.com\/soymigrantecom","twitter:card":"summary_large_image","twitter:site":"@SoyMigrante_com","twitter:title":"As\u00ed se viv\u00eda D\u00eda de Difuntos en Guatemala hace siglo y medio","twitter:description":"Relato de un testigo ocular: en 1854 y 1865. El escritor Jos\u00e9 Milla cuenta c\u00f3mo se viv\u00eda el D\u00eda de Los Santos y Difuntos en Guatemala, con todo y fiambre.","twitter:creator":"@SoyMigrante_com","twitter:image":"https:\/\/soymigrante.com\/revista\/wp-content\/uploads\/2025\/10\/1.png"},"aioseo_meta_data":{"post_id":"47931","title":null,"description":null,"keywords":null,"keyphrases":{"focus":{"keyphrase":"Barriletes Sumpango","score":0,"analysis":[]}},"primary_term":null,"canonical_url":null,"og_title":null,"og_description":null,"og_object_type":"default","og_image_type":"default","og_image_url":null,"og_image_width":null,"og_image_height":null,"og_image_custom_url":null,"og_image_custom_fields":null,"og_video":"","og_custom_url":null,"og_article_section":null,"og_article_tags":null,"twitter_use_og":false,"twitter_card":"default","twitter_image_type":"default","twitter_image_url":null,"twitter_image_custom_url":null,"twitter_image_custom_fields":null,"twitter_title":null,"twitter_description":null,"schema":{"blockGraphs":[],"customGraphs":[],"default":{"data":{"Article":[],"Course":[],"Dataset":[],"FAQPage":[],"Movie":[],"Person":[],"Product":[],"ProductReview":[],"Car":[],"Recipe":[],"Service":[],"SoftwareApplication":[],"WebPage":[]},"graphName":"NewsArticle","isEnabled":true},"graphs":[]},"schema_type":"default","schema_type_options":null,"pillar_content":false,"robots_default":true,"robots_noindex":false,"robots_noarchive":false,"robots_nosnippet":false,"robots_nofollow":false,"robots_noimageindex":false,"robots_noodp":false,"robots_notranslate":false,"robots_max_snippet":"-1","robots_max_videopreview":"-1","robots_max_imagepreview":"large","priority":null,"frequency":"default","local_seo":null,"seo_analyzer_scan_date":"2026-01-29 16:00:25","breadcrumb_settings":null,"limit_modified_date":false,"reviewed_by":"0","open_ai":null,"ai":{"faqs":[],"keyPoints":[],"titles":[],"descriptions":[],"socialPosts":{"email":[],"linkedin":[],"twitter":[],"facebook":[],"instagram":[]}},"created":"2025-10-30 23:04:27","updated":"2026-02-05 06:56:18"},"aioseo_breadcrumb":"<div class=\"aioseo-breadcrumbs\"><span class=\"aioseo-breadcrumb\">\n\t<a href=\"https:\/\/soymigrante.com\/revista\" title=\"Home\">Home<\/a>\n<\/span><span class=\"aioseo-breadcrumb-separator\">\u00bb<\/span><span class=\"aioseo-breadcrumb\">\n\t<a href=\"https:\/\/soymigrante.com\/revista\/category\/guate-nuestra\/\" title=\"Guate Nuestra\">Guate Nuestra<\/a>\n<\/span><span class=\"aioseo-breadcrumb-separator\">\u00bb<\/span><span class=\"aioseo-breadcrumb\">\n\tBarriletes gigantes de Sumpango y Santiago: 10 poderosos simbolismos\n<\/span><\/div>","aioseo_breadcrumb_json":[{"label":"Home","link":"https:\/\/soymigrante.com\/revista"},{"label":"Guate Nuestra","link":"https:\/\/soymigrante.com\/revista\/category\/guate-nuestra\/"},{"label":"Barriletes gigantes de Sumpango y Santiago: 10 poderosos simbolismos","link":"https:\/\/soymigrante.com\/revista\/barriletes-gigantes-de-sumpango-y-santiago-10-poderosos-simbolismos\/"}],"_links":{"self":[{"href":"https:\/\/soymigrante.com\/revista\/wp-json\/wp\/v2\/posts\/47931","targetHints":{"allow":["GET"]}}],"collection":[{"href":"https:\/\/soymigrante.com\/revista\/wp-json\/wp\/v2\/posts"}],"about":[{"href":"https:\/\/soymigrante.com\/revista\/wp-json\/wp\/v2\/types\/post"}],"author":[{"embeddable":true,"href":"https:\/\/soymigrante.com\/revista\/wp-json\/wp\/v2\/users\/1"}],"replies":[{"embeddable":true,"href":"https:\/\/soymigrante.com\/revista\/wp-json\/wp\/v2\/comments?post=47931"}],"version-history":[{"count":5,"href":"https:\/\/soymigrante.com\/revista\/wp-json\/wp\/v2\/posts\/47931\/revisions"}],"predecessor-version":[{"id":47937,"href":"https:\/\/soymigrante.com\/revista\/wp-json\/wp\/v2\/posts\/47931\/revisions\/47937"}],"wp:featuredmedia":[{"embeddable":true,"href":"https:\/\/soymigrante.com\/revista\/wp-json\/wp\/v2\/media\/47932"}],"wp:attachment":[{"href":"https:\/\/soymigrante.com\/revista\/wp-json\/wp\/v2\/media?parent=47931"}],"wp:term":[{"taxonomy":"category","embeddable":true,"href":"https:\/\/soymigrante.com\/revista\/wp-json\/wp\/v2\/categories?post=47931"},{"taxonomy":"post_tag","embeddable":true,"href":"https:\/\/soymigrante.com\/revista\/wp-json\/wp\/v2\/tags?post=47931"}],"curies":[{"name":"wp","href":"https:\/\/api.w.org\/{rel}","templated":true}]}}