{"id":47872,"date":"2025-10-29T15:00:00","date_gmt":"2025-10-29T21:00:00","guid":{"rendered":"https:\/\/soymigrante.com\/revista\/?p=47872"},"modified":"2025-10-29T16:04:58","modified_gmt":"2025-10-29T22:04:58","slug":"visas-de-trabajo-en-us-ya-no-tendran-extension-automatica","status":"publish","type":"post","link":"https:\/\/soymigrante.com\/revista\/visas-de-trabajo-en-us-ya-no-tendran-extension-automatica\/","title":{"rendered":"Permisos de trabajo en Estados Unidos ya no tendr\u00e1n extensi\u00f3n autom\u00e1tica"},"content":{"rendered":"\t\t<div data-elementor-type=\"wp-post\" data-elementor-id=\"47872\" class=\"elementor elementor-47872\" data-elementor-post-type=\"post\">\n\t\t\t\t<div data-particle_enable=\"false\" data-particle-mobile-disabled=\"false\" class=\"elementor-element elementor-element-c661f9f e-flex e-con-boxed e-con e-parent\" data-id=\"c661f9f\" data-element_type=\"container\" data-e-type=\"container\">\n\t\t\t\t\t<div class=\"e-con-inner\">\n\t\t\t\t<div class=\"elementor-element elementor-element-f7b9b3a elementor-widget elementor-widget-heading\" data-id=\"f7b9b3a\" data-element_type=\"widget\" data-e-type=\"widget\" data-widget_type=\"heading.default\">\n\t\t\t\t\t<h2 class=\"elementor-heading-title elementor-size-default\">A partir del 30 de octubre de 2025 ya no se renovar\u00e1 autom\u00e1ticamente los documentos de autorizaci\u00f3n de empleo para extranjeros en USA con tan solo efectuar la solicitud. \u00bfQu\u00e9 quiere decir esto?<\/h2>\t\t\t\t<\/div>\n\t\t\t\t\t<\/div>\n\t\t\t\t<\/div>\n\t\t<div data-particle_enable=\"false\" data-particle-mobile-disabled=\"false\" class=\"elementor-element elementor-element-7e19dc4 e-flex e-con-boxed e-con e-parent\" data-id=\"7e19dc4\" data-element_type=\"container\" data-e-type=\"container\">\n\t\t\t\t\t<div class=\"e-con-inner\">\n\t\t\t\t<div class=\"elementor-element elementor-element-e284c78 elementor-widget elementor-widget-text-editor\" data-id=\"e284c78\" data-element_type=\"widget\" data-e-type=\"widget\" data-widget_type=\"text-editor.default\">\n\t\t\t\t\t\t\t\t\t<p>El <a href=\"https:\/\/soymigrante.com\/revista\/van-527-mil-deportados-en-2025-reporta-gobierno-de-estados-unidos\/\">Departamento de Seguridad Nacional <\/a>ha anunciado una regla final provisional que pone fin a la pr\u00e1ctica de extender autom\u00e1ticamente los documentos de autorizaci\u00f3n de <a href=\"https:\/\/soymigrante.com\/revista\/guatemalteco-dennys-mejia-experiencia-usa-trabajo-temporal-visa\/\">empleo<\/a> (EAD) para los extranjeros que presentan solicitudes de renovaci\u00f3n en ciertas categor\u00edas de autorizaci\u00f3n de empleo. Es decir, iniciar el tr\u00e1mite no altera la fecha de expiraci\u00f3n del permiso, por lo cual se recomienda iniciar la renovaci\u00f3n hasta seis meses antes del plazo establecido.<\/p><p>Aunque esta medida se da en el entorno de las pol\u00edticas de refuerzo a la seguridad nacional, hay sectores que temen un impacto en la llegada de talento humano de otros pa\u00edses, sobre todo en el sector tecnol\u00f3gico.<\/p><p>Los extranjeros que renueven sus documentos de autorizaci\u00f3n de empleo despu\u00e9s del 30 de octubre de 2025, ya no recibir\u00e1n una extensi\u00f3n autom\u00e1tica de sus EAD, sino tendr\u00e1n el tiempo l\u00edmite estipulado.<\/p><p>Para iniciar la solicitud de una extensi\u00f3n de permiso de trabajo en Estados Unidos, se debe llenar formulario con el<a href=\"https:\/\/www.uscis.gov\/es\/i-765\"> Departamento de Autorizaci\u00f3n del Empleo de Extranjeros, en USCIS.<\/a><\/p><p>Hay excepciones limitadas a esta regla, incluidas las extensiones proporcionadas por ley o a trav\u00e9s de una notificaci\u00f3n del Registro Federal para la documentaci\u00f3n de empleo relacionada con el Estatus de Protecci\u00f3n Temporal.\u00a0 En todo caso, las personas <a href=\"https:\/\/soymigrante.com\/revista\/como-hallar-un-abogado-experto-en-migracion-aila-puede-ser-de-utilidad\/\">pueden buscar asesor\u00eda legal para efectuar su tr\u00e1mite apropiadamente.<\/a><\/p><p>&#8220;Poner fin a las extensiones autom\u00e1ticas de los EAD da lugar a una investigaci\u00f3n m\u00e1s frecuente de los extranjeros que solicitan autorizaci\u00f3n de empleo para trabajar en Estados Unidos. Evaluar los antecedentes de un extranjero con m\u00e1s frecuencia permitir\u00e1 al <a href=\"https:\/\/www.uscis.gov\/es\">Servicio de Ciudadan\u00eda e Inmigraci\u00f3n de los Estados Unidos (USCIS)<\/a> disuadir el fraude y detectar a los extranjeros que tienen intenciones potencialmente da\u00f1inas para que puedan ser procesados para su remoci\u00f3n de Estados Unidos&#8221;, se\u00f1ala el comunicado.<\/p><p>\u201cUSCIS est\u00e1 poniendo un \u00e9nfasis renovado en las verificaciones de antecedentes e investigaciones de seguridad, eliminando pol\u00edticas implementadas por la administraci\u00f3n anterior que priorizaban la conveniencia de los extranjeros por encima de la seguridad y protecci\u00f3n de los estadounidenses\u201d, dijo el director de USCIS, Joseph Edlow.\u00a0<\/p><p>&#8220;USCIS recomienda a los extranjeros que soliciten una renovaci\u00f3n oportuna de sus EAD a presentar apropiadamente la solicitud de renovaci\u00f3n con hasta <b>180 d\u00edas de anticipaci\u00f3n <\/b>de la expiraci\u00f3n de sus EAD. Cuanto m\u00e1s tiempo espere un extranjero para presentar una solicitud de renovaci\u00f3n de su EAD, m\u00e1s probable es que experimente una interrupci\u00f3n temporal en su autorizaci\u00f3n de empleo o documentaci\u00f3n&#8221;, finaliza el comunicado. La regla final provisional no afecta a los EAD extendidos autom\u00e1ticamente antes del 30 de octubre de 2025.<br \/><br \/><\/p>\t\t\t\t\t\t\t\t<\/div>\n\t\t\t\t\t<\/div>\n\t\t\t\t<\/div>\n\t\t<div data-particle_enable=\"false\" data-particle-mobile-disabled=\"false\" class=\"elementor-element elementor-element-62dc20e e-flex e-con-boxed e-con e-parent\" data-id=\"62dc20e\" data-element_type=\"container\" data-e-type=\"container\">\n\t\t\t\t\t<div class=\"e-con-inner\">\n\t\t\t\t<div class=\"elementor-element elementor-element-61bd66f elementor-widget elementor-widget-heading\" data-id=\"61bd66f\" data-element_type=\"widget\" data-e-type=\"widget\" data-widget_type=\"heading.default\">\n\t\t\t\t\t<h2 class=\"elementor-heading-title elementor-size-default\">Tambi\u00e9n podr\u00eda ser de utilidad<\/h2>\t\t\t\t<\/div>\n\t\t\t\t\t<\/div>\n\t\t\t\t<\/div>\n\t\t<div data-particle_enable=\"false\" data-particle-mobile-disabled=\"false\" class=\"elementor-element elementor-element-0062267 e-flex e-con-boxed e-con e-parent\" data-id=\"0062267\" data-element_type=\"container\" data-e-type=\"container\">\n\t\t\t\t\t<div class=\"e-con-inner\">\n\t\t\t\t<div class=\"elementor-element elementor-element-44bb76f elementor-grid-eael-col-3 elementor-grid-tablet-eael-col-2 elementor-grid-mobile-eael-col-1 elementor-widget elementor-widget-eael-post-grid\" data-id=\"44bb76f\" data-element_type=\"widget\" data-e-type=\"widget\" data-settings=\"{&quot;eael_post_grid_columns&quot;:&quot;eael-col-3&quot;,&quot;eael_post_grid_columns_tablet&quot;:&quot;eael-col-2&quot;,&quot;eael_post_grid_columns_mobile&quot;:&quot;eael-col-1&quot;}\" data-widget_type=\"eael-post-grid.default\">\n\t\t\t\t\t<div id=\"eael-post-grid-44bb76f\" class=\"eael-post-grid-container\">\n            <div class=\"eael-post-grid eael-post-appender eael-post-appender-44bb76f eael-post-grid-style-one\" data-layout-mode=\"masonry\"><article class=\"eael-grid-post  eael-post-grid-column eael-pg-post-22328 category-recursos-migratorios\" data-id=\"22328\">\n        <div class=\"eael-grid-post-holder\">\n            <div class=\"eael-grid-post-holder-inner\"><div class=\"eael-entry-media\"><div class=\"eael-entry-overlay fade-in\"><i class=\"far fa-hand-pointer\" aria-hidden=\"true\"><\/i><a href=\"https:\/\/soymigrante.com\/revista\/experto-en-migracion-radicado-en-texas-responde-preguntas-sobre-medidas-migratorias\/\"><\/a><\/div><div class=\"eael-entry-thumbnail eael-image-ratio\">\n                <img fetchpriority=\"high\" decoding=\"async\" width=\"1024\" height=\"1024\" src=\"https:\/\/soymigrante.com\/revista\/wp-content\/uploads\/2025\/01\/inmigracion-1024x1024.jpg\" class=\"attachment-large size-large wp-image-22388\" alt=\"Joven con mochila y bandera estadounidense en una marcha o celebraci\u00f3n, representando el migrante y la comunidad en Estados Unidos, en contexto de inmigraci\u00f3n y diversidad cultural.\" srcset=\"https:\/\/soymigrante.com\/revista\/wp-content\/uploads\/2025\/01\/inmigracion-1024x1024.jpg 1024w, https:\/\/soymigrante.com\/revista\/wp-content\/uploads\/2025\/01\/inmigracion-300x300.jpg 300w, https:\/\/soymigrante.com\/revista\/wp-content\/uploads\/2025\/01\/inmigracion-150x150.jpg 150w, https:\/\/soymigrante.com\/revista\/wp-content\/uploads\/2025\/01\/inmigracion-768x768.jpg 768w, https:\/\/soymigrante.com\/revista\/wp-content\/uploads\/2025\/01\/inmigracion-1536x1536.jpg 1536w, https:\/\/soymigrante.com\/revista\/wp-content\/uploads\/2025\/01\/inmigracion-2048x2048.jpg 2048w, https:\/\/soymigrante.com\/revista\/wp-content\/uploads\/2025\/01\/inmigracion-75x75.webp 75w, https:\/\/soymigrante.com\/revista\/wp-content\/uploads\/2025\/01\/inmigracion-750x750.webp 750w, https:\/\/soymigrante.com\/revista\/wp-content\/uploads\/2025\/01\/inmigracion-1140x1140.webp 1140w, https:\/\/soymigrante.com\/revista\/wp-content\/uploads\/2025\/01\/inmigracion-scaled.webp 1920w\" sizes=\"(max-width: 1024px) 100vw, 1024px\" \/>\n            <\/div>\n        <\/div><div class=\"eael-entry-wrapper\"><header class=\"eael-entry-header\"><h2 class=\"eael-entry-title\"><a class=\"eael-grid-post-link\" href=\"https:\/\/soymigrante.com\/revista\/experto-en-migracion-radicado-en-texas-responde-preguntas-sobre-medidas-migratorias\/\" title=\"Experto en migraci\u00f3n radicado en Texas responde preguntas sobre medidas migratorias\">Experto en migraci\u00f3n radicado en Texas responde preguntas sobre medidas migratorias<\/a><\/h2><\/header><div class=\"eael-entry-content\">\n                        <div class=\"eael-grid-post-excerpt\"><a href=\"https:\/\/soymigrante.com\/revista\/experto-en-migracion-radicado-en-texas-responde-preguntas-sobre-medidas-migratorias\/\" class=\"eael-post-elements-readmore-btn\">CONOCE SU HISTORIA <\/a><\/div>\n                    <\/div><\/div><\/div>\n        <\/div>\n    <\/article><article class=\"eael-grid-post  eael-post-grid-column eael-pg-post-15206 category-recursos-migratorios\" data-id=\"15206\">\n        <div class=\"eael-grid-post-holder\">\n            <div class=\"eael-grid-post-holder-inner\"><div class=\"eael-entry-media\"><div class=\"eael-entry-overlay fade-in\"><i class=\"far fa-hand-pointer\" aria-hidden=\"true\"><\/i><a href=\"https:\/\/soymigrante.com\/revista\/beneficios-del-head-start-en-usa-para-el-cuidado-de-ninos-menores-de-5-anos\/\"><\/a><\/div><div class=\"eael-entry-thumbnail eael-image-ratio\">\n                <img decoding=\"async\" width=\"1024\" height=\"1024\" src=\"https:\/\/soymigrante.com\/revista\/wp-content\/uploads\/2024\/12\/head-start-usa-2-1024x1024.jpg\" class=\"attachment-large size-large wp-image-15209\" alt=\"Ni\u00f1o sonriendo con madre en ambiente hogare\u00f1o, destacando la importancia de la familia en la comunidad de migrantes.\" srcset=\"https:\/\/soymigrante.com\/revista\/wp-content\/uploads\/2024\/12\/head-start-usa-2-1024x1024.jpg 1024w, https:\/\/soymigrante.com\/revista\/wp-content\/uploads\/2024\/12\/head-start-usa-2-300x300.jpg 300w, https:\/\/soymigrante.com\/revista\/wp-content\/uploads\/2024\/12\/head-start-usa-2-150x150.jpg 150w, https:\/\/soymigrante.com\/revista\/wp-content\/uploads\/2024\/12\/head-start-usa-2-768x768.jpg 768w, https:\/\/soymigrante.com\/revista\/wp-content\/uploads\/2024\/12\/head-start-usa-2-1536x1536.jpg 1536w, https:\/\/soymigrante.com\/revista\/wp-content\/uploads\/2024\/12\/head-start-usa-2-2048x2048.jpg 2048w, https:\/\/soymigrante.com\/revista\/wp-content\/uploads\/2024\/12\/head-start-usa-2-75x75.webp 75w, https:\/\/soymigrante.com\/revista\/wp-content\/uploads\/2024\/12\/head-start-usa-2-750x750.webp 750w, https:\/\/soymigrante.com\/revista\/wp-content\/uploads\/2024\/12\/head-start-usa-2-1140x1140.webp 1140w, https:\/\/soymigrante.com\/revista\/wp-content\/uploads\/2024\/12\/head-start-usa-2-scaled.webp 1920w\" sizes=\"(max-width: 1024px) 100vw, 1024px\" \/>\n            <\/div>\n        <\/div><div class=\"eael-entry-wrapper\"><header class=\"eael-entry-header\"><h2 class=\"eael-entry-title\"><a class=\"eael-grid-post-link\" href=\"https:\/\/soymigrante.com\/revista\/beneficios-del-head-start-en-usa-para-el-cuidado-de-ninos-menores-de-5-anos\/\" title=\"Beneficios del Head Start en USA para el cuidado de ni\u00f1os menores de 5 a\u00f1os\">Beneficios del Head Start en USA para el cuidado de ni\u00f1os menores de 5 a\u00f1os<\/a><\/h2><\/header><div class=\"eael-entry-content\">\n                        <div class=\"eael-grid-post-excerpt\"><a href=\"https:\/\/soymigrante.com\/revista\/beneficios-del-head-start-en-usa-para-el-cuidado-de-ninos-menores-de-5-anos\/\" class=\"eael-post-elements-readmore-btn\">CONOCE SU HISTORIA <\/a><\/div>\n                    <\/div><\/div><\/div>\n        <\/div>\n    <\/article><article class=\"eael-grid-post  eael-post-grid-column eael-pg-post-14107 category-recursos-migratorios\" data-id=\"14107\">\n        <div class=\"eael-grid-post-holder\">\n            <div class=\"eael-grid-post-holder-inner\"><div class=\"eael-entry-media\"><div class=\"eael-entry-overlay fade-in\"><i class=\"far fa-hand-pointer\" aria-hidden=\"true\"><\/i><a href=\"https:\/\/soymigrante.com\/revista\/usa-autoriza-visas-temporales-de-trabajo-para-guatemaltecos-en-el-2025\/\"><\/a><\/div><div class=\"eael-entry-thumbnail eael-image-ratio\">\n                <img decoding=\"async\" width=\"897\" height=\"897\" src=\"https:\/\/soymigrante.com\/revista\/wp-content\/uploads\/2024\/11\/trabajo-migrante.webp\" class=\"attachment-large size-large wp-image-14150\" alt=\"Nana limpiando una habitaci\u00f3n con aspiradora en un hotel moderno, mostrando servicios de limpieza y cuidado del hogar para migrantes en el contexto de #SoyMigrante.\" srcset=\"https:\/\/soymigrante.com\/revista\/wp-content\/uploads\/2024\/11\/trabajo-migrante.webp 897w, https:\/\/soymigrante.com\/revista\/wp-content\/uploads\/2024\/11\/trabajo-migrante-300x300.jpg 300w, https:\/\/soymigrante.com\/revista\/wp-content\/uploads\/2024\/11\/trabajo-migrante-150x150.jpg 150w, https:\/\/soymigrante.com\/revista\/wp-content\/uploads\/2024\/11\/trabajo-migrante-768x768.jpg 768w, https:\/\/soymigrante.com\/revista\/wp-content\/uploads\/2024\/11\/trabajo-migrante-75x75.webp 75w, https:\/\/soymigrante.com\/revista\/wp-content\/uploads\/2024\/11\/trabajo-migrante-750x750.webp 750w\" sizes=\"(max-width: 897px) 100vw, 897px\" \/>\n            <\/div>\n        <\/div><div class=\"eael-entry-wrapper\"><header class=\"eael-entry-header\"><h2 class=\"eael-entry-title\"><a class=\"eael-grid-post-link\" href=\"https:\/\/soymigrante.com\/revista\/usa-autoriza-visas-temporales-de-trabajo-para-guatemaltecos-en-el-2025\/\" title=\"USA autoriza aumento de visas temporales de trabajo para guatemaltecos en el 2025\">USA autoriza aumento de visas temporales de trabajo para guatemaltecos en el 2025<\/a><\/h2><\/header><div class=\"eael-entry-content\">\n                        <div class=\"eael-grid-post-excerpt\"><a href=\"https:\/\/soymigrante.com\/revista\/usa-autoriza-visas-temporales-de-trabajo-para-guatemaltecos-en-el-2025\/\" class=\"eael-post-elements-readmore-btn\">CONOCE SU HISTORIA <\/a><\/div>\n                    <\/div><\/div><\/div>\n        <\/div>\n    <\/article><\/div>\n            <div class=\"clearfix\"><\/div>\n        <\/div>            <div class=\"eael-load-more-button-wrap eael-force-hide\">\n                <button class=\"eael-load-more-button\" id=\"eael-load-more-btn-44bb76f\" data-widget-id=\"44bb76f\" data-widget=\"44bb76f\" data-page-id=\"47872\" data-template=\"{&quot;dir&quot;:&quot;lite&quot;,&quot;file_name&quot;:&quot;one.php&quot;,&quot;name&quot;:&quot;Post-Grid&quot;}\" data-class=\"Essential_Addons_Elementor\\Elements\\Post_Grid\" data-layout=\"masonry\" data-page=\"1\" data-args=\"orderby=author&amp;order=desc&amp;ignore_sticky_posts=1&amp;post_status=publish&amp;posts_per_page=3&amp;offset=0&amp;post_type=post&amp;tax_query%5B0%5D%5Btaxonomy%5D=category&amp;tax_query%5B0%5D%5Bfield%5D=term_id&amp;tax_query%5B0%5D%5Bterms%5D%5B0%5D=59&amp;tax_query%5Brelation%5D=AND\" data-max-page=\"32\">\n                    <span class=\"eael-btn-loader button__loader\"><\/span>\n                    <span class=\"eael_load_more_text\">Load More<\/span>\n                <\/button>\n            <\/div>\n            \t\t\t\t<\/div>\n\t\t\t\t\t<\/div>\n\t\t\t\t<\/div>\n\t\t\t\t<\/div>\n\t\t","protected":false},"excerpt":{"rendered":"<p>A partir del 30 de octubre de 2025 ya no se renovar\u00e1 autom\u00e1ticamente los documentos de autorizaci\u00f3n de empleo para extranjeros en USA con tan solo efectuar la solicitud. \u00bfQu\u00e9 quiere decir esto? El Departamento de Seguridad Nacional ha anunciado una regla final provisional que pone fin a la pr\u00e1ctica de extender autom\u00e1ticamente los documentos [&hellip;]<\/p>\n","protected":false},"author":1,"featured_media":47873,"comment_status":"open","ping_status":"open","sticky":false,"template":"","format":"standard","meta":{"_acf_changed":false,"_eb_attr":"","footnotes":""},"categories":[280],"tags":[],"class_list":["post-47872","post","type-post","status-publish","format-standard","has-post-thumbnail","hentry","category-noticias"],"acf":[],"aioseo_notices":[],"aioseo_head":"\n\t\t<!-- All in One SEO Pro 4.9.6.2 - aioseo.com -->\n\t<meta name=\"description\" content=\"El Departamento de Seguridad Nacional y el Departamento de Trabajo anunciaron la emisi\u00f3n de m\u00e1s permisos de trabajo temporal. Algunos detalles sobre el programa\" \/>\n\t<meta name=\"robots\" content=\"max-snippet:-1, max-image-preview:large, max-video-preview:-1\" \/>\n\t<meta name=\"author\" content=\"Beatriz Tercero\"\/>\n\t<link rel=\"canonical\" href=\"https:\/\/soymigrante.com\/revista\/usa-autoriza-visas-temporales-de-trabajo-para-guatemaltecos-en-el-2025\/\" \/>\n\t<meta name=\"generator\" content=\"All in One SEO Pro (AIOSEO) 4.9.6.2\" \/>\n\n\t\t<link rel=\"preconnect\" href=\"https:\/\/fonts.googleapis.com\" crossorigin>\n<link rel=\"preconnect\" href=\"https:\/\/fonts.gstatic.com\" crossorigin>\n\t\t<meta property=\"og:locale\" content=\"es_ES\" \/>\n\t\t<meta property=\"og:site_name\" content=\"SoyMigrante.com REVISTA \u2013 Nuestra misi\u00f3n es reconocer y dignificar al migrante.\" \/>\n\t\t<meta property=\"og:type\" content=\"article\" \/>\n\t\t<meta property=\"og:title\" content=\"USA incrementa visas de trabajo para guatemaltecos en el 2025\" \/>\n\t\t<meta property=\"og:description\" content=\"El Departamento de Seguridad Nacional y el Departamento de Trabajo anunciaron la emisi\u00f3n de m\u00e1s permisos de trabajo temporal. Algunos detalles sobre el programa\" \/>\n\t\t<meta property=\"og:url\" content=\"https:\/\/soymigrante.com\/revista\/usa-autoriza-visas-temporales-de-trabajo-para-guatemaltecos-en-el-2025\/\" \/>\n\t\t<meta property=\"og:image\" content=\"https:\/\/soymigrante.com\/revista\/wp-content\/uploads\/2024\/11\/trabajo-migrante.webp\" \/>\n\t\t<meta property=\"og:image:secure_url\" content=\"https:\/\/soymigrante.com\/revista\/wp-content\/uploads\/2024\/11\/trabajo-migrante.webp\" \/>\n\t\t<meta property=\"og:image:width\" content=\"897\" \/>\n\t\t<meta property=\"og:image:height\" content=\"897\" \/>\n\t\t<meta property=\"article:published_time\" content=\"2024-11-22T21:03:03+00:00\" \/>\n\t\t<meta property=\"article:modified_time\" content=\"2024-12-01T05:06:30+00:00\" \/>\n\t\t<meta property=\"article:publisher\" content=\"https:\/\/www.facebook.com\/soymigrantecom\" \/>\n\t\t<meta name=\"twitter:card\" content=\"summary_large_image\" \/>\n\t\t<meta name=\"twitter:site\" content=\"@SoyMigrante_com\" \/>\n\t\t<meta name=\"twitter:title\" content=\"USA incrementa visas de trabajo para guatemaltecos en el 2025\" \/>\n\t\t<meta name=\"twitter:description\" content=\"El Departamento de Seguridad Nacional y el Departamento de Trabajo anunciaron la emisi\u00f3n de m\u00e1s permisos de trabajo temporal. Algunos detalles sobre el programa\" \/>\n\t\t<meta name=\"twitter:creator\" content=\"@SoyMigrante_com\" \/>\n\t\t<meta name=\"twitter:image\" content=\"https:\/\/soymigrante.com\/revista\/wp-content\/uploads\/2024\/11\/trabajo-migrante.webp\" \/>\n\t\t<!-- All in One SEO Pro -->\r\n\t\t<title>USA incrementa visas de trabajo para guatemaltecos en el 2025<\/title>\n\n","aioseo_head_json":{"title":"USA incrementa visas de trabajo para guatemaltecos en el 2025","description":"El Departamento de Seguridad Nacional y el Departamento de Trabajo anunciaron la emisi\u00f3n de m\u00e1s permisos de trabajo temporal. Algunos detalles sobre el programa","canonical_url":"https:\/\/soymigrante.com\/revista\/usa-autoriza-visas-temporales-de-trabajo-para-guatemaltecos-en-el-2025\/","robots":"max-snippet:-1, max-image-preview:large, max-video-preview:-1","keywords":"","webmasterTools":{"miscellaneous":"&lt;link rel=\"preconnect\" href=\"https:\/\/fonts.googleapis.com\" crossorigin&gt;\n&lt;link rel=\"preconnect\" href=\"https:\/\/fonts.gstatic.com\" crossorigin&gt;"},"schema":null,"og:locale":"es_ES","og:site_name":"SoyMigrante.com REVISTA \u2013 Nuestra misi\u00f3n es reconocer y dignificar al migrante.","og:type":"article","og:title":"USA incrementa visas de trabajo para guatemaltecos en el 2025","og:description":"El Departamento de Seguridad Nacional y el Departamento de Trabajo anunciaron la emisi\u00f3n de m\u00e1s permisos de trabajo temporal. Algunos detalles sobre el programa","og:url":"https:\/\/soymigrante.com\/revista\/usa-autoriza-visas-temporales-de-trabajo-para-guatemaltecos-en-el-2025\/","og:image":"https:\/\/soymigrante.com\/revista\/wp-content\/uploads\/2024\/11\/trabajo-migrante.webp","og:image:secure_url":"https:\/\/soymigrante.com\/revista\/wp-content\/uploads\/2024\/11\/trabajo-migrante.webp","og:image:width":897,"og:image:height":897,"article:published_time":"2024-11-22T21:03:03+00:00","article:modified_time":"2024-12-01T05:06:30+00:00","article:publisher":"https:\/\/www.facebook.com\/soymigrantecom","twitter:card":"summary_large_image","twitter:site":"@SoyMigrante_com","twitter:title":"USA incrementa visas de trabajo para guatemaltecos en el 2025","twitter:description":"El Departamento de Seguridad Nacional y el Departamento de Trabajo anunciaron la emisi\u00f3n de m\u00e1s permisos de trabajo temporal. Algunos detalles sobre el programa","twitter:creator":"@SoyMigrante_com","twitter:image":"https:\/\/soymigrante.com\/revista\/wp-content\/uploads\/2024\/11\/trabajo-migrante.webp"},"aioseo_meta_data":{"post_id":"47872","title":null,"description":"Gobierno de Estados Unidos pone fin a la extensi\u00f3n autom\u00e1tica de permisos de trabajo a partir del 30 de octubre de 2025. \u00bfEn qu\u00e9 consiste esta nueva medida?","keywords":null,"keyphrases":{"focus":{"keyphrase":"Visas de trabajo","score":43,"analysis":{"keyphraseInTitle":{"score":3,"maxScore":9,"error":1},"keyphraseInDescription":{"score":3,"maxScore":9,"error":1},"keyphraseLength":{"score":9,"maxScore":9,"error":0,"length":3},"keyphraseInURL":{"score":5,"maxScore":5,"error":0},"keyphraseInIntroduction":{"score":3,"maxScore":9,"error":1},"keyphraseInSubHeadings":{"score":3,"maxScore":9,"error":1},"keyphraseInImageAlt":{"score":3,"maxScore":9,"error":1},"keywordDensity":{"score":0,"type":"low","maxScore":9,"error":1}}},"additional":[{"keyphrase":"extensi\u00f3n","score":53,"analysis":{"keyphraseInDescription":{"score":9,"maxScore":9,"error":0},"keyphraseLength":{"score":9,"maxScore":9,"error":0,"length":2},"keyphraseInIntroduction":{"score":3,"maxScore":9,"error":1},"keyphraseInImageAlt":{"score":3,"maxScore":9,"error":1},"keywordDensity":{"score":0,"type":"low","maxScore":9,"error":1}}}]},"primary_term":null,"canonical_url":null,"og_title":null,"og_description":null,"og_object_type":"default","og_image_type":"default","og_image_url":null,"og_image_width":null,"og_image_height":null,"og_image_custom_url":null,"og_image_custom_fields":null,"og_video":"","og_custom_url":null,"og_article_section":null,"og_article_tags":null,"twitter_use_og":false,"twitter_card":"default","twitter_image_type":"default","twitter_image_url":null,"twitter_image_custom_url":null,"twitter_image_custom_fields":null,"twitter_title":null,"twitter_description":null,"schema":{"blockGraphs":[],"customGraphs":[],"default":{"data":{"Article":[],"Course":[],"Dataset":[],"FAQPage":[],"Movie":[],"Person":[],"Product":[],"ProductReview":[],"Car":[],"Recipe":[],"Service":[],"SoftwareApplication":[],"WebPage":[]},"graphName":"NewsArticle","isEnabled":true},"graphs":[]},"schema_type":"default","schema_type_options":null,"pillar_content":false,"robots_default":true,"robots_noindex":false,"robots_noarchive":false,"robots_nosnippet":false,"robots_nofollow":false,"robots_noimageindex":false,"robots_noodp":false,"robots_notranslate":false,"robots_max_snippet":"-1","robots_max_videopreview":"-1","robots_max_imagepreview":"large","priority":null,"frequency":"default","local_seo":null,"seo_analyzer_scan_date":"2025-10-29 22:05:07","breadcrumb_settings":null,"limit_modified_date":false,"reviewed_by":"0","open_ai":null,"ai":{"faqs":[],"keyPoints":[],"titles":[],"descriptions":[],"socialPosts":{"email":[],"linkedin":[],"twitter":[],"facebook":[],"instagram":[]}},"created":"2025-10-29 19:27:39","updated":"2026-02-05 06:56:17"},"aioseo_breadcrumb":"<div class=\"aioseo-breadcrumbs\"><span class=\"aioseo-breadcrumb\">\n\t<a href=\"https:\/\/soymigrante.com\/revista\" title=\"Home\">Home<\/a>\n<\/span><span class=\"aioseo-breadcrumb-separator\">\u00bb<\/span><span class=\"aioseo-breadcrumb\">\n\t<a href=\"https:\/\/soymigrante.com\/revista\/category\/noticias\/\" title=\"Noticias\">Noticias<\/a>\n<\/span><span class=\"aioseo-breadcrumb-separator\">\u00bb<\/span><span class=\"aioseo-breadcrumb\">\n\tPermisos de trabajo en Estados Unidos ya no tendr\u00e1n extensi\u00f3n autom\u00e1tica\n<\/span><\/div>","aioseo_breadcrumb_json":[{"label":"Home","link":"https:\/\/soymigrante.com\/revista"},{"label":"Noticias","link":"https:\/\/soymigrante.com\/revista\/category\/noticias\/"},{"label":"Permisos de trabajo en Estados Unidos ya no tendr\u00e1n extensi\u00f3n autom\u00e1tica","link":"https:\/\/soymigrante.com\/revista\/visas-de-trabajo-en-us-ya-no-tendran-extension-automatica\/"}],"_links":{"self":[{"href":"https:\/\/soymigrante.com\/revista\/wp-json\/wp\/v2\/posts\/47872","targetHints":{"allow":["GET"]}}],"collection":[{"href":"https:\/\/soymigrante.com\/revista\/wp-json\/wp\/v2\/posts"}],"about":[{"href":"https:\/\/soymigrante.com\/revista\/wp-json\/wp\/v2\/types\/post"}],"author":[{"embeddable":true,"href":"https:\/\/soymigrante.com\/revista\/wp-json\/wp\/v2\/users\/1"}],"replies":[{"embeddable":true,"href":"https:\/\/soymigrante.com\/revista\/wp-json\/wp\/v2\/comments?post=47872"}],"version-history":[{"count":6,"href":"https:\/\/soymigrante.com\/revista\/wp-json\/wp\/v2\/posts\/47872\/revisions"}],"predecessor-version":[{"id":47880,"href":"https:\/\/soymigrante.com\/revista\/wp-json\/wp\/v2\/posts\/47872\/revisions\/47880"}],"wp:featuredmedia":[{"embeddable":true,"href":"https:\/\/soymigrante.com\/revista\/wp-json\/wp\/v2\/media\/47873"}],"wp:attachment":[{"href":"https:\/\/soymigrante.com\/revista\/wp-json\/wp\/v2\/media?parent=47872"}],"wp:term":[{"taxonomy":"category","embeddable":true,"href":"https:\/\/soymigrante.com\/revista\/wp-json\/wp\/v2\/categories?post=47872"},{"taxonomy":"post_tag","embeddable":true,"href":"https:\/\/soymigrante.com\/revista\/wp-json\/wp\/v2\/tags?post=47872"}],"curies":[{"name":"wp","href":"https:\/\/api.w.org\/{rel}","templated":true}]}}