{"id":47844,"date":"2025-10-29T08:47:58","date_gmt":"2025-10-29T14:47:58","guid":{"rendered":"https:\/\/soymigrante.com\/revista\/?p=47844"},"modified":"2025-10-29T08:48:07","modified_gmt":"2025-10-29T14:48:07","slug":"cultura-guatemalteca-brilla-en-houston-con-chapines-de-corazon","status":"publish","type":"post","link":"https:\/\/soymigrante.com\/revista\/cultura-guatemalteca-brilla-en-houston-con-chapines-de-corazon\/","title":{"rendered":"Cultura guatemalteca brilla en Houston, con Chapines de Coraz\u00f3n"},"content":{"rendered":"\t\t<div data-elementor-type=\"wp-post\" data-elementor-id=\"47844\" class=\"elementor elementor-47844\" data-elementor-post-type=\"post\">\n\t\t\t\t<div data-particle_enable=\"false\" data-particle-mobile-disabled=\"false\" class=\"elementor-element elementor-element-291e5f0 e-flex e-con-boxed e-con e-parent\" data-id=\"291e5f0\" data-element_type=\"container\" data-e-type=\"container\">\n\t\t\t\t\t<div class=\"e-con-inner\">\n\t\t\t\t<div class=\"elementor-element elementor-element-f658829 elementor-widget elementor-widget-heading\" data-id=\"f658829\" data-element_type=\"widget\" data-e-type=\"widget\" data-widget_type=\"heading.default\">\n\t\t\t\t\t<h2 class=\"elementor-heading-title elementor-size-default\">Octubre deja inolvidables participaciones del grupo guatemalteco Chapines de Coraz\u00f3n, que expuso  la identidad cultural guatemalteca en una biblioteca y un templo de Houston.<\/h2>\t\t\t\t<\/div>\n\t\t\t\t\t<\/div>\n\t\t\t\t<\/div>\n\t\t<div data-particle_enable=\"false\" data-particle-mobile-disabled=\"false\" class=\"elementor-element elementor-element-384625b e-flex e-con-boxed e-con e-parent\" data-id=\"384625b\" data-element_type=\"container\" data-e-type=\"container\">\n\t\t\t\t\t<div class=\"e-con-inner\">\n\t\t\t\t<div class=\"elementor-element elementor-element-c3f74d6 elementor-widget elementor-widget-text-editor\" data-id=\"c3f74d6\" data-element_type=\"widget\" data-e-type=\"widget\" data-widget_type=\"text-editor.default\">\n\t\t\t\t\t\t\t\t\t<p>&#8220;Gracias a Dios la comunidad de Houston toma en cuenta a Chapines de Coraz\u00f3n para representar la cultura guatemalteca&#8221;, dice <a href=\"https:\/\/soymigrante.com\/revista\/sali-de-guatemala-pero-guatemala-nunca-saldra-de-mi-migrante-y-promotora-cultural-susana-oxlaj\/\">Susana Oxlaj, fundadora de este grupo<\/a>, surgido en 2011 y que en este octubre 2025 tuvo dos presentaciones: una en la Biblioteca de la ciudad y otra en uno de los templos m\u00e1s tradicionales del \u00e1rea.<\/p><p>&#8220;El mes de la <a href=\"https:\/\/soymigrante.com\/revista\/por-que-y-desde-cuando-existe-el-mes-de-la-herencia-hispana-en-usa\/\">Herencia Hispana <\/a>suele ser de actividades art\u00edsticas y eventos que unen a las comunidades. Tanto\u00a0 organizaciones como festivales, nos invitan, porque saben de la gran riqueza hist\u00f3rica, natural y prehisp\u00e1nica de Guatemala&#8221;, agrega <a href=\"https:\/\/soymigrante.com\/revista\/sali-de-guatemala-pero-guatemala-nunca-saldra-de-mi-migrante-y-promotora-cultural-susana-oxlaj\/\">Oxlaj.<\/a><\/p>\t\t\t\t\t\t\t\t<\/div>\n\t\t\t\t\t<\/div>\n\t\t\t\t<\/div>\n\t\t<div data-particle_enable=\"false\" data-particle-mobile-disabled=\"false\" class=\"elementor-element elementor-element-b759262 e-flex e-con-boxed e-con e-parent\" data-id=\"b759262\" data-element_type=\"container\" data-e-type=\"container\">\n\t\t\t\t\t<div class=\"e-con-inner\">\n\t\t\t\t<div class=\"elementor-element elementor-element-64a3731 elementor-widget elementor-widget-image\" data-id=\"64a3731\" data-element_type=\"widget\" data-e-type=\"widget\" data-widget_type=\"image.default\">\n\t\t\t\t\t\t\t\t\t\t\t\t<figure class=\"wp-caption\">\n\t\t\t\t\t\t\t\t\t\t<img fetchpriority=\"high\" decoding=\"async\" width=\"1140\" height=\"526\" src=\"https:\/\/soymigrante.com\/revista\/wp-content\/uploads\/2025\/10\/chapines-de-corazon-houston-5-1140x526.jpg\" class=\"attachment-large size-large wp-image-47849\" alt=\"Con las notas de El Rey Quich\u00e9 y el Ferrocarril de los Altos, el grupo Chapines de Coraz\u00f3n se present\u00f3 en la Biblioteca de la ciudad de Houston.\" srcset=\"https:\/\/soymigrante.com\/revista\/wp-content\/uploads\/2025\/10\/chapines-de-corazon-houston-5-1140x526.jpg 1140w, https:\/\/soymigrante.com\/revista\/wp-content\/uploads\/2025\/10\/chapines-de-corazon-houston-5-300x139.jpg 300w, https:\/\/soymigrante.com\/revista\/wp-content\/uploads\/2025\/10\/chapines-de-corazon-houston-5-768x355.jpg 768w, https:\/\/soymigrante.com\/revista\/wp-content\/uploads\/2025\/10\/chapines-de-corazon-houston-5-1536x709.jpg 1536w, https:\/\/soymigrante.com\/revista\/wp-content\/uploads\/2025\/10\/chapines-de-corazon-houston-5-2048x946.jpg 2048w, https:\/\/soymigrante.com\/revista\/wp-content\/uploads\/2025\/10\/chapines-de-corazon-houston-5-750x346.jpg 750w\" sizes=\"(max-width: 1140px) 100vw, 1140px\" title=\"Con las notas de El Rey Quich\u00e9 y el Ferrocarril de los Altos, el grupo Chapines de Coraz\u00f3n se present\u00f3 en la Biblioteca de la ciudad de Houston. \u2013 SoyMigrante.com REVISTA\" \/>\t\t\t\t\t\t\t\t\t\t\t<figcaption class=\"widget-image-caption wp-caption-text\">Con las notas de El Rey Quich\u00e9 y el Ferrocarril de los Altos, el grupo Chapines de Coraz\u00f3n se present\u00f3 en la Biblioteca de la ciudad de Houston. <\/figcaption>\n\t\t\t\t\t\t\t\t\t\t<\/figure>\n\t\t\t\t\t\t\t\t\t<\/div>\n\t\t\t\t\t<\/div>\n\t\t\t\t<\/div>\n\t\t<div data-particle_enable=\"false\" data-particle-mobile-disabled=\"false\" class=\"elementor-element elementor-element-84f8057 e-flex e-con-boxed e-con e-parent\" data-id=\"84f8057\" data-element_type=\"container\" data-e-type=\"container\">\n\t\t\t\t\t<div class=\"e-con-inner\">\n\t\t\t\t<div class=\"elementor-element elementor-element-c415899 elementor-widget elementor-widget-text-editor\" data-id=\"c415899\" data-element_type=\"widget\" data-e-type=\"widget\" data-widget_type=\"text-editor.default\">\n\t\t\t\t\t\t\t\t\t<p>&#8220;En este octubre 2025\u00a0 tuvimos dos participaci\u00f3nes. La primera fue en la biblioteca de Houston, en donde se resaltaron algunos libros sobre Guatemala y nosotros participamos con la presentaci\u00f3n de bailes al son de <a href=\"https:\/\/soymigrante.com\/revista\/lee-y-escucha-el-mas-famoso-poema-a-la-marimba-guatemalteca\/\">marimba<\/a> y usamos nuestra<a href=\"https:\/\/soymigrante.com\/revista\/indumentaria-maya-de-guatemala-simbolo-nacional-multicultural\/\"> indumentaria tradicional<\/a>&#8220;, relata la guatemalteca<a href=\"https:\/\/soymigrante.com\/revista\/sali-de-guatemala-pero-guatemala-nunca-saldra-de-mi-migrante-y-promotora-cultural-susana-oxlaj\/\"> Susana Oxlaj<\/a>, originaria de San Francisco El Alto, Totonicap\u00e1n.<\/p><p>Los comentarios fueron positivos y la sorpresa fue grande ante el colorido y los datos que Oxlaj di\u00f3 acerca de la milenaria cultura maya, que sigue viva en pueblos y comunidades que hoy tambi\u00e9n se encuentran en Estados Unidos.<\/p>\t\t\t\t\t\t\t\t<\/div>\n\t\t\t\t\t<\/div>\n\t\t\t\t<\/div>\n\t\t<div data-particle_enable=\"false\" data-particle-mobile-disabled=\"false\" class=\"elementor-element elementor-element-82d843c e-flex e-con-boxed e-con e-parent\" data-id=\"82d843c\" data-element_type=\"container\" data-e-type=\"container\">\n\t\t\t\t\t<div class=\"e-con-inner\">\n\t\t\t\t<div class=\"elementor-element elementor-element-66f93d3 elementor-widget elementor-widget-image\" data-id=\"66f93d3\" data-element_type=\"widget\" data-e-type=\"widget\" data-widget_type=\"image.default\">\n\t\t\t\t\t\t\t\t\t\t\t\t<figure class=\"wp-caption\">\n\t\t\t\t\t\t\t\t\t\t<img decoding=\"async\" width=\"761\" height=\"1024\" src=\"https:\/\/soymigrante.com\/revista\/wp-content\/uploads\/2025\/10\/chapines-de-corazon-houston-7-761x1024.jpg\" class=\"attachment-large size-large wp-image-47850\" alt=\"Susana Oxlaj, fundadora de Chapines de Coraz\u00f3n, expone acerca de la milenaria multiculturalidad guatemalteca, poco antes de interpretar una danza con indumentarias tradicionales mayas.\" srcset=\"https:\/\/soymigrante.com\/revista\/wp-content\/uploads\/2025\/10\/chapines-de-corazon-houston-7-761x1024.jpg 761w, https:\/\/soymigrante.com\/revista\/wp-content\/uploads\/2025\/10\/chapines-de-corazon-houston-7-223x300.jpg 223w, https:\/\/soymigrante.com\/revista\/wp-content\/uploads\/2025\/10\/chapines-de-corazon-houston-7-768x1033.jpg 768w, https:\/\/soymigrante.com\/revista\/wp-content\/uploads\/2025\/10\/chapines-de-corazon-houston-7-1142x1536.jpg 1142w, https:\/\/soymigrante.com\/revista\/wp-content\/uploads\/2025\/10\/chapines-de-corazon-houston-7-750x1009.jpg 750w, https:\/\/soymigrante.com\/revista\/wp-content\/uploads\/2025\/10\/chapines-de-corazon-houston-7-1140x1534.jpg 1140w, https:\/\/soymigrante.com\/revista\/wp-content\/uploads\/2025\/10\/chapines-de-corazon-houston-7.jpg 1522w\" sizes=\"(max-width: 761px) 100vw, 761px\" title=\"Susana Oxlaj, fundadora de Chapines de Coraz\u00f3n, expone acerca de la milenaria multiculturalidad guatemalteca, poco antes de interpretar una danza con indumentarias tradicionales mayas. \u2013 SoyMigrante.com REVISTA\" \/>\t\t\t\t\t\t\t\t\t\t\t<figcaption class=\"widget-image-caption wp-caption-text\">Susana Oxlaj, fundadora de Chapines de Coraz\u00f3n, expone acerca de la milenaria multiculturalidad guatemalteca, poco antes de interpretar una danza con indumentarias tradicionales mayas.<\/figcaption>\n\t\t\t\t\t\t\t\t\t\t<\/figure>\n\t\t\t\t\t\t\t\t\t<\/div>\n\t\t\t\t\t<\/div>\n\t\t\t\t<\/div>\n\t\t<div data-particle_enable=\"false\" data-particle-mobile-disabled=\"false\" class=\"elementor-element elementor-element-7156e69 e-flex e-con-boxed e-con e-parent\" data-id=\"7156e69\" data-element_type=\"container\" data-e-type=\"container\">\n\t\t\t\t\t<div class=\"e-con-inner\">\n\t\t\t\t<div class=\"elementor-element elementor-element-2e35e1b elementor-widget elementor-widget-text-editor\" data-id=\"2e35e1b\" data-element_type=\"widget\" data-e-type=\"widget\" data-widget_type=\"text-editor.default\">\n\t\t\t\t\t\t\t\t\t<p>El s\u00e1bado 25 de octubre, la invitaci\u00f3n a <a href=\"https:\/\/soymigrante.com\/revista\/sali-de-guatemala-pero-guatemala-nunca-saldra-de-mi-migrante-y-promotora-cultural-susana-oxlaj\/\">Chapines de Coraz\u00f3n <\/a>fue a presentarse en la Second Baptist Church de Houston, fundada en 1927.<\/p><p>\u00a0&#8220;Nos invitaron el a\u00f1o pasado y les encant\u00f3 tanto nuestra cultura guatemalteca que nos volvieron a recibir. Ingresamos con<a href=\"https:\/\/soymigrante.com\/revista\/simbolos-patrios-de-guatemala-bandera-nacional\/\"> la bandera de Guatemala<\/a>; las participantes bailaron un son. Luego expuse algo sobre la <a href=\"https:\/\/soymigrante.com\/revista\/category\/guate-nuestra\/recetas-guatemaltecas\/\">gastronom\u00eda<\/a> y los lugares tur\u00edsticos m\u00e1s emblem\u00e1ticos de Guatemala, as\u00ed como brind\u00e9 una explicaci\u00f3n sobre nuestra indumentaria tradicional&#8221;.<\/p>\t\t\t\t\t\t\t\t<\/div>\n\t\t\t\t\t<\/div>\n\t\t\t\t<\/div>\n\t\t<div data-particle_enable=\"false\" data-particle-mobile-disabled=\"false\" class=\"elementor-element elementor-element-99d9ca0 e-flex e-con-boxed e-con e-parent\" data-id=\"99d9ca0\" data-element_type=\"container\" data-e-type=\"container\">\n\t\t\t\t\t<div class=\"e-con-inner\">\n\t\t\t\t<div class=\"elementor-element elementor-element-9dee294 elementor-widget elementor-widget-html\" data-id=\"9dee294\" data-element_type=\"widget\" data-e-type=\"widget\" data-widget_type=\"html.default\">\n\t\t\t\t\t<iframe src=\"https:\/\/www.facebook.com\/plugins\/video.php?height=312&href=https%3A%2F%2Fwww.facebook.com%2Freel%2F886610820608704%2F&show_text=true&width=560&t=0\" width=\"560\" height=\"427\" style=\"border:none;overflow:hidden\" scrolling=\"no\" frameborder=\"0\" allowfullscreen=\"true\" allow=\"autoplay; clipboard-write; encrypted-media; picture-in-picture; web-share\" allowFullScreen=\"true\"><\/iframe>\t\t\t\t<\/div>\n\t\t\t\t\t<\/div>\n\t\t\t\t<\/div>\n\t\t<div data-particle_enable=\"false\" data-particle-mobile-disabled=\"false\" class=\"elementor-element elementor-element-561461c e-flex e-con-boxed e-con e-parent\" data-id=\"561461c\" data-element_type=\"container\" data-e-type=\"container\">\n\t\t\t\t\t<div class=\"e-con-inner\">\n\t\t\t\t<div class=\"elementor-element elementor-element-f66d4f7 elementor-widget elementor-widget-text-editor\" data-id=\"f66d4f7\" data-element_type=\"widget\" data-e-type=\"widget\" data-widget_type=\"text-editor.default\">\n\t\t\t\t\t\t\t\t\t<p><a href=\"https:\/\/soymigrante.com\/revista\/sali-de-guatemala-pero-guatemala-nunca-saldra-de-mi-migrante-y-promotora-cultural-susana-oxlaj\/\">Chapines de Coraz\u00f3n<\/a> es un grupo abierto a la participaci\u00f3n de todo guatemalteco residente en el \u00e1rea de Houston.\u00a0<\/p><p>&#8220;Siempre queremos involucrar a m\u00e1s compatriotas. Lo que se necesita es que dispongan de tiempo para poder participar.\u00a0 El \u00fanico requisito es que cada persona debe tener su propia indumentaria tradicional, ya sean adultos o ni\u00f1os&#8221;.<\/p><p>&#8220;No hay l\u00edmite de edad para participar. ESta vez tuvimos dos ni\u00f1as y el resto del grupo, mujeres, que entramos al son de <a href=\"https:\/\/soymigrante.com\/revista\/alfredo-canastuj-marimba-guatemalteca-eeuu\/\">El Rey Quich\u00e9<\/a>, con un paso ceremonial. Despu\u00e9s no pod\u00eda faltar el Ferrocarril de los Altos&#8221;, relata la guatemalteca.<\/p>\t\t\t\t\t\t\t\t<\/div>\n\t\t\t\t\t<\/div>\n\t\t\t\t<\/div>\n\t\t<div data-particle_enable=\"false\" data-particle-mobile-disabled=\"false\" class=\"elementor-element elementor-element-9973df9 e-flex e-con-boxed e-con e-parent\" data-id=\"9973df9\" data-element_type=\"container\" data-e-type=\"container\">\n\t\t\t\t\t<div class=\"e-con-inner\">\n\t\t\t\t<div class=\"elementor-element elementor-element-2380b67 elementor-grid-eael-col-1 elementor-grid-tablet-eael-col-2 elementor-grid-mobile-eael-col-1 elementor-widget elementor-widget-eael-post-grid\" data-id=\"2380b67\" data-element_type=\"widget\" data-e-type=\"widget\" data-settings=\"{&quot;eael_post_grid_columns&quot;:&quot;eael-col-1&quot;,&quot;eael_post_grid_columns_tablet&quot;:&quot;eael-col-2&quot;,&quot;eael_post_grid_columns_mobile&quot;:&quot;eael-col-1&quot;}\" data-widget_type=\"eael-post-grid.default\">\n\t\t\t\t\t<div id=\"eael-post-grid-2380b67\" class=\"eael-post-grid-container\">\n            <div class=\"eael-post-grid eael-post-appender eael-post-appender-2380b67 eael-post-grid-style-one\" data-layout-mode=\"masonry\"><article class=\"eael-grid-post  eael-post-grid-column eael-pg-post-2734 category-exitos\" data-id=\"2734\">\n        <div class=\"eael-grid-post-holder\">\n            <div class=\"eael-grid-post-holder-inner\"><div class=\"eael-entry-media\"><div class=\"eael-entry-overlay fade-in\"><i class=\"far fa-hand-pointer\" aria-hidden=\"true\"><\/i><a href=\"https:\/\/soymigrante.com\/revista\/sali-de-guatemala-pero-guatemala-nunca-saldra-de-mi-migrante-y-promotora-cultural-susana-oxlaj\/\"><\/a><\/div><div class=\"eael-entry-thumbnail eael-image-ratio\">\n                <img decoding=\"async\" width=\"1024\" height=\"682\" src=\"https:\/\/soymigrante.com\/revista\/wp-content\/uploads\/2023\/09\/susana-xolaj-1024x682.webp\" class=\"attachment-large size-large wp-image-2736\" alt=\"Susana Oxlaj, migrante guatemalteca en Houston\" srcset=\"https:\/\/soymigrante.com\/revista\/wp-content\/uploads\/2023\/09\/susana-xolaj-1024x682.webp 1024w, https:\/\/soymigrante.com\/revista\/wp-content\/uploads\/2023\/09\/susana-xolaj-300x200.webp 300w, https:\/\/soymigrante.com\/revista\/wp-content\/uploads\/2023\/09\/susana-xolaj-768x512.webp 768w, https:\/\/soymigrante.com\/revista\/wp-content\/uploads\/2023\/09\/susana-xolaj-1536x1023.webp 1536w, https:\/\/soymigrante.com\/revista\/wp-content\/uploads\/2023\/09\/susana-xolaj-750x500.webp 750w, https:\/\/soymigrante.com\/revista\/wp-content\/uploads\/2023\/09\/susana-xolaj-1140x760.webp 1140w, https:\/\/soymigrante.com\/revista\/wp-content\/uploads\/2023\/09\/susana-xolaj-600x400.webp 600w, https:\/\/soymigrante.com\/revista\/wp-content\/uploads\/2023\/09\/susana-xolaj.webp 1600w\" sizes=\"(max-width: 1024px) 100vw, 1024px\" \/>\n            <\/div>\n        <\/div><div class=\"eael-entry-wrapper\"><header class=\"eael-entry-header\"><h2 class=\"eael-entry-title\"><a class=\"eael-grid-post-link\" href=\"https:\/\/soymigrante.com\/revista\/sali-de-guatemala-pero-guatemala-nunca-saldra-de-mi-migrante-y-promotora-cultural-susana-oxlaj\/\" title=\"&#8220;Sal\u00ed de Guatemala pero Guatemala nunca saldr\u00e1 de m\u00ed&#8221;: migrante y promotora cultural Susana Oxlaj\">&#8220;Sal\u00ed de Guatemala pero Guatemala nunca saldr\u00e1 de m\u00ed&#8221;: migrante y promotora cultural Susana Oxlaj<\/a><\/h2><\/header><div class=\"eael-entry-content\">\n                        <div class=\"eael-grid-post-excerpt\"><a href=\"https:\/\/soymigrante.com\/revista\/sali-de-guatemala-pero-guatemala-nunca-saldra-de-mi-migrante-y-promotora-cultural-susana-oxlaj\/\" class=\"eael-post-elements-readmore-btn\">CONOCE SU HISTORIA <\/a><\/div>\n                    <\/div><\/div><\/div>\n        <\/div>\n    <\/article><\/div>\n            <div class=\"clearfix\"><\/div>\n        <\/div>\t\t\t\t<\/div>\n\t\t\t\t\t<\/div>\n\t\t\t\t<\/div>\n\t\t<div data-particle_enable=\"false\" data-particle-mobile-disabled=\"false\" class=\"elementor-element elementor-element-1e0a5af e-flex e-con-boxed e-con e-parent\" data-id=\"1e0a5af\" data-element_type=\"container\" data-e-type=\"container\">\n\t\t\t\t\t<div class=\"e-con-inner\">\n\t\t\t\t<div class=\"elementor-element elementor-element-ecb6266 elementor-widget elementor-widget-heading\" data-id=\"ecb6266\" data-element_type=\"widget\" data-e-type=\"widget\" data-widget_type=\"heading.default\">\n\t\t\t\t\t<h2 class=\"elementor-heading-title elementor-size-default\">Expresiones guatemaltecas sin fronteras<\/h2>\t\t\t\t<\/div>\n\t\t\t\t\t<\/div>\n\t\t\t\t<\/div>\n\t\t<div data-particle_enable=\"false\" data-particle-mobile-disabled=\"false\" class=\"elementor-element elementor-element-0c16f64 e-flex e-con-boxed e-con e-parent\" data-id=\"0c16f64\" data-element_type=\"container\" data-e-type=\"container\">\n\t\t\t\t\t<div class=\"e-con-inner\">\n\t\t\t\t<div class=\"elementor-element elementor-element-03924bb elementor-grid-eael-col-3 elementor-grid-tablet-eael-col-2 elementor-grid-mobile-eael-col-1 elementor-widget elementor-widget-eael-post-grid\" data-id=\"03924bb\" data-element_type=\"widget\" data-e-type=\"widget\" data-settings=\"{&quot;eael_post_grid_columns&quot;:&quot;eael-col-3&quot;,&quot;eael_post_grid_columns_tablet&quot;:&quot;eael-col-2&quot;,&quot;eael_post_grid_columns_mobile&quot;:&quot;eael-col-1&quot;}\" data-widget_type=\"eael-post-grid.default\">\n\t\t\t\t\t<div id=\"eael-post-grid-03924bb\" class=\"eael-post-grid-container\">\n            <div class=\"eael-post-grid eael-post-appender eael-post-appender-03924bb eael-post-grid-style-one\" data-layout-mode=\"masonry\"><article class=\"eael-grid-post  eael-post-grid-column eael-pg-post-10116 category-exitos\" data-id=\"10116\">\n        <div class=\"eael-grid-post-holder\">\n            <div class=\"eael-grid-post-holder-inner\"><div class=\"eael-entry-media\"><div class=\"eael-entry-overlay fade-in\"><i class=\"far fa-hand-pointer\" aria-hidden=\"true\"><\/i><a href=\"https:\/\/soymigrante.com\/revista\/de-monjas-a-stamford-connecticut-maria-sandoval-preside-el-grupo-quetzal\/\"><\/a><\/div><div class=\"eael-entry-thumbnail eael-image-ratio\">\n                <img loading=\"lazy\" decoding=\"async\" width=\"1024\" height=\"1024\" src=\"https:\/\/soymigrante.com\/revista\/wp-content\/uploads\/2024\/10\/Maria-Sandoval-Grupo-Quetzal-soy-migrante-1-1024x1024.webp\" class=\"attachment-large size-large wp-image-10135\" alt=\"Colaboradora con traje tradicional mexicano durante celebraci\u00f3n cultural con \u00e1rboles de fondo en la revista SoyMigrante.com REVISTA.\" srcset=\"https:\/\/soymigrante.com\/revista\/wp-content\/uploads\/2024\/10\/Maria-Sandoval-Grupo-Quetzal-soy-migrante-1-1024x1024.webp 1024w, https:\/\/soymigrante.com\/revista\/wp-content\/uploads\/2024\/10\/Maria-Sandoval-Grupo-Quetzal-soy-migrante-1-300x300.webp 300w, https:\/\/soymigrante.com\/revista\/wp-content\/uploads\/2024\/10\/Maria-Sandoval-Grupo-Quetzal-soy-migrante-1-150x150.webp 150w, https:\/\/soymigrante.com\/revista\/wp-content\/uploads\/2024\/10\/Maria-Sandoval-Grupo-Quetzal-soy-migrante-1-768x768.webp 768w, https:\/\/soymigrante.com\/revista\/wp-content\/uploads\/2024\/10\/Maria-Sandoval-Grupo-Quetzal-soy-migrante-1-75x75.webp 75w, https:\/\/soymigrante.com\/revista\/wp-content\/uploads\/2024\/10\/Maria-Sandoval-Grupo-Quetzal-soy-migrante-1-750x750.webp 750w, https:\/\/soymigrante.com\/revista\/wp-content\/uploads\/2024\/10\/Maria-Sandoval-Grupo-Quetzal-soy-migrante-1-1140x1140.webp 1140w, https:\/\/soymigrante.com\/revista\/wp-content\/uploads\/2024\/10\/Maria-Sandoval-Grupo-Quetzal-soy-migrante-1.webp 1514w\" sizes=\"(max-width: 1024px) 100vw, 1024px\" \/>\n            <\/div>\n        <\/div><div class=\"eael-entry-wrapper\"><header class=\"eael-entry-header\"><h2 class=\"eael-entry-title\"><a class=\"eael-grid-post-link\" href=\"https:\/\/soymigrante.com\/revista\/de-monjas-a-stamford-connecticut-maria-sandoval-preside-el-grupo-quetzal\/\" title=\"De Monjas a Stamford, Connecticut: Mar\u00eda Sandoval preside el Grupo Quetzal\">De Monjas a Stamford, Connecticut: Mar\u00eda Sandoval preside el Grupo Quetzal<\/a><\/h2><\/header><div class=\"eael-entry-content\">\n                        <div class=\"eael-grid-post-excerpt\"><a href=\"https:\/\/soymigrante.com\/revista\/de-monjas-a-stamford-connecticut-maria-sandoval-preside-el-grupo-quetzal\/\" class=\"eael-post-elements-readmore-btn\">CONOCE SU HISTORIA <\/a><\/div>\n                    <\/div><\/div><\/div>\n        <\/div>\n    <\/article><article class=\"eael-grid-post  eael-post-grid-column eael-pg-post-13457 category-guate-nuestra tags-mercado-emprendedores\" data-id=\"13457\">\n        <div class=\"eael-grid-post-holder\">\n            <div class=\"eael-grid-post-holder-inner\"><div class=\"eael-entry-media\"><div class=\"eael-entry-overlay fade-in\"><i class=\"far fa-hand-pointer\" aria-hidden=\"true\"><\/i><a href=\"https:\/\/soymigrante.com\/revista\/impulsar-la-sabiduria-e-idiomas-mayas-es-el-hilo-del-esfuerzo-de-raxche-rodriguez-en-maya-wuj\/\"><\/a><\/div><div class=\"eael-entry-thumbnail eael-image-ratio\">\n                <img loading=\"lazy\" decoding=\"async\" width=\"1024\" height=\"1024\" src=\"https:\/\/soymigrante.com\/revista\/wp-content\/uploads\/2024\/11\/Raxche-Rodriguez-1024x1024.jpg\" class=\"attachment-large size-large wp-image-13686\" alt=\"Imagen de un hombre con vestimenta tradicional mexicana frente al logo de la revista SoyMigrante.com, destacando temas de migraci\u00f3n, cultura y derechos migrantes en M\u00e9xico.\" srcset=\"https:\/\/soymigrante.com\/revista\/wp-content\/uploads\/2024\/11\/Raxche-Rodriguez-1024x1024.jpg 1024w, https:\/\/soymigrante.com\/revista\/wp-content\/uploads\/2024\/11\/Raxche-Rodriguez-300x300.jpg 300w, https:\/\/soymigrante.com\/revista\/wp-content\/uploads\/2024\/11\/Raxche-Rodriguez-150x150.jpg 150w, https:\/\/soymigrante.com\/revista\/wp-content\/uploads\/2024\/11\/Raxche-Rodriguez-768x768.jpg 768w, https:\/\/soymigrante.com\/revista\/wp-content\/uploads\/2024\/11\/Raxche-Rodriguez-75x75.webp 75w, https:\/\/soymigrante.com\/revista\/wp-content\/uploads\/2024\/11\/Raxche-Rodriguez-750x750.webp 750w, https:\/\/soymigrante.com\/revista\/wp-content\/uploads\/2024\/11\/Raxche-Rodriguez.webp 1046w\" sizes=\"(max-width: 1024px) 100vw, 1024px\" \/>\n            <\/div>\n        <\/div><div class=\"eael-entry-wrapper\"><header class=\"eael-entry-header\"><h2 class=\"eael-entry-title\"><a class=\"eael-grid-post-link\" href=\"https:\/\/soymigrante.com\/revista\/impulsar-la-sabiduria-e-idiomas-mayas-es-el-hilo-del-esfuerzo-de-raxche-rodriguez-en-maya-wuj\/\" title=\"Impulsar la sabidur\u00eda e idiomas mayas es el hilo que teje el esfuerzo de Raxche&#8217; Rodr\u00edguez en Maya&#8217; Wuj\">Impulsar la sabidur\u00eda e idiomas mayas es el hilo que teje el esfuerzo de Raxche&#8217; Rodr\u00edguez en Maya&#8217; Wuj<\/a><\/h2><\/header><div class=\"eael-entry-content\">\n                        <div class=\"eael-grid-post-excerpt\"><a href=\"https:\/\/soymigrante.com\/revista\/impulsar-la-sabiduria-e-idiomas-mayas-es-el-hilo-del-esfuerzo-de-raxche-rodriguez-en-maya-wuj\/\" class=\"eael-post-elements-readmore-btn\">CONOCE SU HISTORIA <\/a><\/div>\n                    <\/div><\/div><\/div>\n        <\/div>\n    <\/article><article class=\"eael-grid-post  eael-post-grid-column eael-pg-post-2073 category-guate-nuestra\" data-id=\"2073\">\n        <div class=\"eael-grid-post-holder\">\n            <div class=\"eael-grid-post-holder-inner\"><div class=\"eael-entry-media\"><div class=\"eael-entry-overlay fade-in\"><i class=\"far fa-hand-pointer\" aria-hidden=\"true\"><\/i><a href=\"https:\/\/soymigrante.com\/revista\/ajpon-danzas-mayas-homenaje-migrantes\/\"><\/a><\/div><div class=\"eael-entry-thumbnail eael-image-ratio\">\n                <img loading=\"lazy\" decoding=\"async\" width=\"1024\" height=\"683\" src=\"https:\/\/soymigrante.com\/revista\/wp-content\/uploads\/2023\/08\/Grupo-de-Danza-Tradicionales-Ajpon-fundado-por-Teresa-Ramirez-dedican-un-baile-tradional-a-los-migrantes-guatemlatecos-como-recordatorio-de-sus-raices-foto-por-Omar-Menchu-1024x683.webp\" class=\"attachment-large size-large wp-image-2138\" alt=\"Grupo de Danza Tradicionales Ajpon fundado por Teresa Ram\u00edrez dedican un baile tradicional a los migrantes guatemaltecos como recordatorio de sus ra\u00edces foto por Omar Mench\u00fa\" srcset=\"https:\/\/soymigrante.com\/revista\/wp-content\/uploads\/2023\/08\/Grupo-de-Danza-Tradicionales-Ajpon-fundado-por-Teresa-Ramirez-dedican-un-baile-tradional-a-los-migrantes-guatemlatecos-como-recordatorio-de-sus-raices-foto-por-Omar-Menchu-1024x683.webp 1024w, https:\/\/soymigrante.com\/revista\/wp-content\/uploads\/2023\/08\/Grupo-de-Danza-Tradicionales-Ajpon-fundado-por-Teresa-Ramirez-dedican-un-baile-tradional-a-los-migrantes-guatemlatecos-como-recordatorio-de-sus-raices-foto-por-Omar-Menchu-300x200.webp 300w, https:\/\/soymigrante.com\/revista\/wp-content\/uploads\/2023\/08\/Grupo-de-Danza-Tradicionales-Ajpon-fundado-por-Teresa-Ramirez-dedican-un-baile-tradional-a-los-migrantes-guatemlatecos-como-recordatorio-de-sus-raices-foto-por-Omar-Menchu-768x512.webp 768w, https:\/\/soymigrante.com\/revista\/wp-content\/uploads\/2023\/08\/Grupo-de-Danza-Tradicionales-Ajpon-fundado-por-Teresa-Ramirez-dedican-un-baile-tradional-a-los-migrantes-guatemlatecos-como-recordatorio-de-sus-raices-foto-por-Omar-Menchu-1536x1024.webp 1536w, https:\/\/soymigrante.com\/revista\/wp-content\/uploads\/2023\/08\/Grupo-de-Danza-Tradicionales-Ajpon-fundado-por-Teresa-Ramirez-dedican-un-baile-tradional-a-los-migrantes-guatemlatecos-como-recordatorio-de-sus-raices-foto-por-Omar-Menchu.webp 1920w, https:\/\/soymigrante.com\/revista\/wp-content\/uploads\/2023\/08\/Grupo-de-Danza-Tradicionales-Ajpon-fundado-por-Teresa-Ramirez-dedican-un-baile-tradional-a-los-migrantes-guatemlatecos-como-recordatorio-de-sus-raices-foto-por-Omar-Menchu-750x500.webp 750w, https:\/\/soymigrante.com\/revista\/wp-content\/uploads\/2023\/08\/Grupo-de-Danza-Tradicionales-Ajpon-fundado-por-Teresa-Ramirez-dedican-un-baile-tradional-a-los-migrantes-guatemlatecos-como-recordatorio-de-sus-raices-foto-por-Omar-Menchu-1140x760.webp 1140w, https:\/\/soymigrante.com\/revista\/wp-content\/uploads\/2023\/08\/Grupo-de-Danza-Tradicionales-Ajpon-fundado-por-Teresa-Ramirez-dedican-un-baile-tradional-a-los-migrantes-guatemlatecos-como-recordatorio-de-sus-raices-foto-por-Omar-Menchu-600x400.webp 600w\" sizes=\"(max-width: 1024px) 100vw, 1024px\" \/>\n            <\/div>\n        <\/div><div class=\"eael-entry-wrapper\"><header class=\"eael-entry-header\"><h2 class=\"eael-entry-title\"><a class=\"eael-grid-post-link\" href=\"https:\/\/soymigrante.com\/revista\/ajpon-danzas-mayas-homenaje-migrantes\/\" title=\"Ajpon: Danzas mayas que honran a migrantes guatemaltecos\">Ajpon: Danzas mayas que honran a migrantes guatemaltecos<\/a><\/h2><\/header><div class=\"eael-entry-content\">\n                        <div class=\"eael-grid-post-excerpt\"><a href=\"https:\/\/soymigrante.com\/revista\/ajpon-danzas-mayas-homenaje-migrantes\/\" class=\"eael-post-elements-readmore-btn\">CONOCE SU HISTORIA <\/a><\/div>\n                    <\/div><\/div><\/div>\n        <\/div>\n    <\/article><\/div>\n            <div class=\"clearfix\"><\/div>\n        <\/div>\t\t\t\t<\/div>\n\t\t\t\t\t<\/div>\n\t\t\t\t<\/div>\n\t\t\t\t<\/div>\n\t\t","protected":false},"excerpt":{"rendered":"<p>Octubre deja inolvidables participaciones del grupo guatemalteco Chapines de Coraz\u00f3n, que expuso la identidad cultural guatemalteca en una biblioteca y un templo de Houston. &#8220;Gracias a Dios la comunidad de Houston toma en cuenta a Chapines de Coraz\u00f3n para representar la cultura guatemalteca&#8221;, dice Susana Oxlaj, fundadora de este grupo, surgido en 2011 y que [&hellip;]<\/p>\n","protected":false},"author":7,"featured_media":47846,"comment_status":"open","ping_status":"open","sticky":false,"template":"","format":"standard","meta":{"_acf_changed":false,"_eb_attr":"","footnotes":""},"categories":[54],"tags":[],"class_list":["post-47844","post","type-post","status-publish","format-standard","has-post-thumbnail","hentry","category-estamos-unidos"],"acf":[],"aioseo_notices":[],"aioseo_head":"\n\t\t<!-- All in One SEO Pro 4.9.6.2 - aioseo.com -->\n\t<meta name=\"description\" content=\"Descubre a Ajpon, grupo de danzas mayas que, desde Totonicap\u00e1n, rinde homenaje a migrantes guatemaltecos, exaltando tradiciones y ra\u00edces culturales.\" \/>\n\t<meta name=\"robots\" content=\"max-snippet:-1, max-image-preview:large, max-video-preview:-1\" \/>\n\t<meta name=\"author\" content=\"Diana Batz\"\/>\n\t<link rel=\"canonical\" href=\"https:\/\/soymigrante.com\/revista\/ajpon-danzas-mayas-homenaje-migrantes\/\" \/>\n\t<meta name=\"generator\" content=\"All in One SEO Pro (AIOSEO) 4.9.6.2\" \/>\n\n\t\t<link rel=\"preconnect\" href=\"https:\/\/fonts.googleapis.com\" crossorigin>\n<link rel=\"preconnect\" href=\"https:\/\/fonts.gstatic.com\" crossorigin>\n\t\t<meta property=\"og:locale\" content=\"es_ES\" \/>\n\t\t<meta property=\"og:site_name\" content=\"SoyMigrante.com REVISTA \u2013 Nuestra misi\u00f3n es reconocer y dignificar al migrante.\" \/>\n\t\t<meta property=\"og:type\" content=\"article\" \/>\n\t\t<meta property=\"og:title\" content=\"Ajpon: Danzas mayas que honran a migrantes guatemaltecos\" \/>\n\t\t<meta property=\"og:description\" content=\"Descubre a Ajpon, grupo de danzas mayas que, desde Totonicap\u00e1n, rinde homenaje a migrantes guatemaltecos, exaltando tradiciones y ra\u00edces culturales.\" \/>\n\t\t<meta property=\"og:url\" content=\"https:\/\/soymigrante.com\/revista\/ajpon-danzas-mayas-homenaje-migrantes\/\" \/>\n\t\t<meta property=\"og:image\" content=\"https:\/\/soymigrante.com\/revista\/wp-content\/uploads\/2023\/08\/Grupo-de-Danza-Tradicionales-Ajpon-fundado-por-Teresa-Ramirez-dedican-un-baile-tradional-a-los-migrantes-guatemlatecos-como-recordatorio-de-sus-raices-foto-por-Omar-Menchu.webp\" \/>\n\t\t<meta property=\"og:image:secure_url\" content=\"https:\/\/soymigrante.com\/revista\/wp-content\/uploads\/2023\/08\/Grupo-de-Danza-Tradicionales-Ajpon-fundado-por-Teresa-Ramirez-dedican-un-baile-tradional-a-los-migrantes-guatemlatecos-como-recordatorio-de-sus-raices-foto-por-Omar-Menchu.webp\" \/>\n\t\t<meta property=\"og:image:width\" content=\"1920\" \/>\n\t\t<meta property=\"og:image:height\" content=\"1280\" \/>\n\t\t<meta property=\"article:published_time\" content=\"2023-08-08T05:04:31+00:00\" \/>\n\t\t<meta property=\"article:modified_time\" content=\"2024-07-31T06:33:08+00:00\" \/>\n\t\t<meta property=\"article:publisher\" content=\"https:\/\/www.facebook.com\/soymigrantecom\" \/>\n\t\t<meta name=\"twitter:card\" content=\"summary_large_image\" \/>\n\t\t<meta name=\"twitter:site\" content=\"@SoyMigrante_com\" \/>\n\t\t<meta name=\"twitter:title\" content=\"Ajpon: Danzas mayas que honran a migrantes guatemaltecos\" \/>\n\t\t<meta name=\"twitter:description\" content=\"Descubre a Ajpon, grupo de danzas mayas que, desde Totonicap\u00e1n, rinde homenaje a migrantes guatemaltecos, exaltando tradiciones y ra\u00edces culturales.\" \/>\n\t\t<meta name=\"twitter:creator\" content=\"@SoyMigrante_com\" \/>\n\t\t<meta name=\"twitter:image\" content=\"https:\/\/soymigrante.com\/revista\/wp-content\/uploads\/2023\/08\/Grupo-de-Danza-Tradicionales-Ajpon-fundado-por-Teresa-Ramirez-dedican-un-baile-tradional-a-los-migrantes-guatemlatecos-como-recordatorio-de-sus-raices-foto-por-Omar-Menchu.webp\" \/>\n\t\t<!-- All in One SEO Pro -->\r\n\t\t<title>Ajpon: Danzas mayas que honran a migrantes guatemaltecos<\/title>\n\n","aioseo_head_json":{"title":"Ajpon: Danzas mayas que honran a migrantes guatemaltecos","description":"Descubre a Ajpon, grupo de danzas mayas que, desde Totonicap\u00e1n, rinde homenaje a migrantes guatemaltecos, exaltando tradiciones y ra\u00edces culturales.","canonical_url":"https:\/\/soymigrante.com\/revista\/ajpon-danzas-mayas-homenaje-migrantes\/","robots":"max-snippet:-1, max-image-preview:large, max-video-preview:-1","keywords":"","webmasterTools":{"miscellaneous":"&lt;link rel=\"preconnect\" href=\"https:\/\/fonts.googleapis.com\" crossorigin&gt;\n&lt;link rel=\"preconnect\" href=\"https:\/\/fonts.gstatic.com\" crossorigin&gt;"},"schema":null,"og:locale":"es_ES","og:site_name":"SoyMigrante.com REVISTA \u2013 Nuestra misi\u00f3n es reconocer y dignificar al migrante.","og:type":"article","og:title":"Ajpon: Danzas mayas que honran a migrantes guatemaltecos","og:description":"Descubre a Ajpon, grupo de danzas mayas que, desde Totonicap\u00e1n, rinde homenaje a migrantes guatemaltecos, exaltando tradiciones y ra\u00edces culturales.","og:url":"https:\/\/soymigrante.com\/revista\/ajpon-danzas-mayas-homenaje-migrantes\/","og:image":"https:\/\/soymigrante.com\/revista\/wp-content\/uploads\/2023\/08\/Grupo-de-Danza-Tradicionales-Ajpon-fundado-por-Teresa-Ramirez-dedican-un-baile-tradional-a-los-migrantes-guatemlatecos-como-recordatorio-de-sus-raices-foto-por-Omar-Menchu.webp","og:image:secure_url":"https:\/\/soymigrante.com\/revista\/wp-content\/uploads\/2023\/08\/Grupo-de-Danza-Tradicionales-Ajpon-fundado-por-Teresa-Ramirez-dedican-un-baile-tradional-a-los-migrantes-guatemlatecos-como-recordatorio-de-sus-raices-foto-por-Omar-Menchu.webp","og:image:width":1920,"og:image:height":1280,"article:published_time":"2023-08-08T05:04:31+00:00","article:modified_time":"2024-07-31T06:33:08+00:00","article:publisher":"https:\/\/www.facebook.com\/soymigrantecom","twitter:card":"summary_large_image","twitter:site":"@SoyMigrante_com","twitter:title":"Ajpon: Danzas mayas que honran a migrantes guatemaltecos","twitter:description":"Descubre a Ajpon, grupo de danzas mayas que, desde Totonicap\u00e1n, rinde homenaje a migrantes guatemaltecos, exaltando tradiciones y ra\u00edces culturales.","twitter:creator":"@SoyMigrante_com","twitter:image":"https:\/\/soymigrante.com\/revista\/wp-content\/uploads\/2023\/08\/Grupo-de-Danza-Tradicionales-Ajpon-fundado-por-Teresa-Ramirez-dedican-un-baile-tradional-a-los-migrantes-guatemlatecos-como-recordatorio-de-sus-raices-foto-por-Omar-Menchu.webp"},"aioseo_meta_data":{"post_id":"47844","title":"Guatemala brilla en Houston con Chapines de Coirazon","description":"Grupo art\u00edstico en Houston, Texas, fundado por la quetzalteca Susana Oxlaj expone la identidad multicultural guatemalteca en biblioteca y escuela.","keywords":null,"keyphrases":{"focus":{"keyphrase":"Guatemalteca","score":82,"analysis":{"keyphraseInTitle":{"score":3,"maxScore":9,"error":1},"keyphraseInDescription":{"score":9,"maxScore":9,"error":0},"keyphraseLength":{"score":9,"maxScore":9,"error":0,"length":1},"keyphraseInURL":{"score":5,"maxScore":5,"error":0},"keyphraseInIntroduction":{"score":9,"maxScore":9,"error":0},"keyphraseInSubHeadings":{"score":3,"maxScore":9,"error":1},"keyphraseInImageAlt":{"score":9,"maxScore":9,"error":0},"keywordDensity":{"type":"best","score":9,"maxScore":9,"error":0}}},"additional":[{"keyphrase":"Cultura","score":87,"analysis":{"keyphraseInDescription":{"score":3,"maxScore":9,"error":1},"keyphraseLength":{"score":9,"maxScore":9,"error":0,"length":1},"keyphraseInIntroduction":{"score":9,"maxScore":9,"error":0},"keyphraseInImageAlt":{"score":9,"maxScore":9,"error":0},"keywordDensity":{"type":"best","score":9,"maxScore":9,"error":0}}},{"keyphrase":"Chapines","score":87,"analysis":{"keyphraseInDescription":{"score":3,"maxScore":9,"error":1},"keyphraseLength":{"score":9,"maxScore":9,"error":0,"length":1},"keyphraseInIntroduction":{"score":9,"maxScore":9,"error":0},"keyphraseInImageAlt":{"score":9,"maxScore":9,"error":0},"keywordDensity":{"type":"best","score":9,"maxScore":9,"error":0}}}]},"primary_term":null,"canonical_url":null,"og_title":null,"og_description":null,"og_object_type":"default","og_image_type":"default","og_image_url":null,"og_image_width":null,"og_image_height":null,"og_image_custom_url":null,"og_image_custom_fields":null,"og_video":"","og_custom_url":null,"og_article_section":null,"og_article_tags":null,"twitter_use_og":false,"twitter_card":"default","twitter_image_type":"default","twitter_image_url":null,"twitter_image_custom_url":null,"twitter_image_custom_fields":null,"twitter_title":null,"twitter_description":null,"schema":{"blockGraphs":[],"customGraphs":[],"default":{"data":{"Article":[],"Course":[],"Dataset":[],"FAQPage":[],"Movie":[],"Person":[],"Product":[],"ProductReview":[],"Car":[],"Recipe":[],"Service":[],"SoftwareApplication":[],"WebPage":[]},"graphName":"NewsArticle","isEnabled":true},"graphs":[]},"schema_type":"default","schema_type_options":null,"pillar_content":false,"robots_default":true,"robots_noindex":false,"robots_noarchive":false,"robots_nosnippet":false,"robots_nofollow":false,"robots_noimageindex":false,"robots_noodp":false,"robots_notranslate":false,"robots_max_snippet":"-1","robots_max_videopreview":"-1","robots_max_imagepreview":"large","priority":null,"frequency":"default","local_seo":null,"seo_analyzer_scan_date":"2025-10-29 14:49:41","breadcrumb_settings":null,"limit_modified_date":false,"reviewed_by":"0","open_ai":null,"ai":{"faqs":[],"keyPoints":[],"titles":[],"descriptions":[],"socialPosts":{"email":[],"linkedin":[],"twitter":[],"facebook":[],"instagram":[]}},"created":"2025-10-29 14:01:48","updated":"2026-02-05 06:56:16"},"aioseo_breadcrumb":"<div class=\"aioseo-breadcrumbs\"><span class=\"aioseo-breadcrumb\">\n\t<a href=\"https:\/\/soymigrante.com\/revista\" title=\"Home\">Home<\/a>\n<\/span><span class=\"aioseo-breadcrumb-separator\">\u00bb<\/span><span class=\"aioseo-breadcrumb\">\n\t<a href=\"https:\/\/soymigrante.com\/revista\/category\/estamos-unidos\/\" title=\"Estamos Unidos\">Estamos Unidos<\/a>\n<\/span><span class=\"aioseo-breadcrumb-separator\">\u00bb<\/span><span class=\"aioseo-breadcrumb\">\n\tCultura guatemalteca brilla en Houston, con Chapines de Coraz\u00f3n\n<\/span><\/div>","aioseo_breadcrumb_json":[{"label":"Home","link":"https:\/\/soymigrante.com\/revista"},{"label":"Estamos Unidos","link":"https:\/\/soymigrante.com\/revista\/category\/estamos-unidos\/"},{"label":"Cultura guatemalteca brilla en Houston, con Chapines de Coraz\u00f3n","link":"https:\/\/soymigrante.com\/revista\/cultura-guatemalteca-brilla-en-houston-con-chapines-de-corazon\/"}],"_links":{"self":[{"href":"https:\/\/soymigrante.com\/revista\/wp-json\/wp\/v2\/posts\/47844","targetHints":{"allow":["GET"]}}],"collection":[{"href":"https:\/\/soymigrante.com\/revista\/wp-json\/wp\/v2\/posts"}],"about":[{"href":"https:\/\/soymigrante.com\/revista\/wp-json\/wp\/v2\/types\/post"}],"author":[{"embeddable":true,"href":"https:\/\/soymigrante.com\/revista\/wp-json\/wp\/v2\/users\/7"}],"replies":[{"embeddable":true,"href":"https:\/\/soymigrante.com\/revista\/wp-json\/wp\/v2\/comments?post=47844"}],"version-history":[{"count":5,"href":"https:\/\/soymigrante.com\/revista\/wp-json\/wp\/v2\/posts\/47844\/revisions"}],"predecessor-version":[{"id":47854,"href":"https:\/\/soymigrante.com\/revista\/wp-json\/wp\/v2\/posts\/47844\/revisions\/47854"}],"wp:featuredmedia":[{"embeddable":true,"href":"https:\/\/soymigrante.com\/revista\/wp-json\/wp\/v2\/media\/47846"}],"wp:attachment":[{"href":"https:\/\/soymigrante.com\/revista\/wp-json\/wp\/v2\/media?parent=47844"}],"wp:term":[{"taxonomy":"category","embeddable":true,"href":"https:\/\/soymigrante.com\/revista\/wp-json\/wp\/v2\/categories?post=47844"},{"taxonomy":"post_tag","embeddable":true,"href":"https:\/\/soymigrante.com\/revista\/wp-json\/wp\/v2\/tags?post=47844"}],"curies":[{"name":"wp","href":"https:\/\/api.w.org\/{rel}","templated":true}]}}