{"id":47826,"date":"2025-10-28T16:59:21","date_gmt":"2025-10-28T22:59:21","guid":{"rendered":"https:\/\/soymigrante.com\/revista\/?p=47826"},"modified":"2025-10-28T17:40:10","modified_gmt":"2025-10-28T23:40:10","slug":"disenador-guatemalteco-pablo-leon-crea-comics-historia-y-esperanza-en-l-a","status":"publish","type":"post","link":"https:\/\/soymigrante.com\/revista\/disenador-guatemalteco-pablo-leon-crea-comics-historia-y-esperanza-en-l-a\/","title":{"rendered":"Dise\u00f1ador guatemalteco Pablo Le\u00f3n crea comics, historia y esperanza en Los Angeles"},"content":{"rendered":"\t\t<div data-elementor-type=\"wp-post\" data-elementor-id=\"47826\" class=\"elementor elementor-47826\" data-elementor-post-type=\"post\">\n\t\t\t\t<div data-particle_enable=\"false\" data-particle-mobile-disabled=\"false\" class=\"elementor-element elementor-element-b2f8a3c e-flex e-con-boxed e-con e-parent\" data-id=\"b2f8a3c\" data-element_type=\"container\" data-e-type=\"container\">\n\t\t\t\t\t<div class=\"e-con-inner\">\n\t\t\t\t<div class=\"elementor-element elementor-element-b7defe1 elementor-widget elementor-widget-heading\" data-id=\"b7defe1\" data-element_type=\"widget\" data-e-type=\"widget\" data-widget_type=\"heading.default\">\n\t\t\t\t\t<h2 class=\"elementor-heading-title elementor-size-default\">El guatemalteco Pablo Le\u00f3n es un migrante entre universos ilustrativos de realidad hist\u00f3rica, superh\u00e9roes y tambi\u00e9n cosmovisi\u00f3n maya. Desde Los Angeles ha producido cortometrajes y esta es su historia.<\/h2>\t\t\t\t<\/div>\n\t\t\t\t<div class=\"elementor-element elementor-element-8d0c164 elementor-widget elementor-widget-html\" data-id=\"8d0c164\" data-element_type=\"widget\" data-e-type=\"widget\" data-widget_type=\"html.default\">\n\t\t\t\t\t<div id=\"buzzsprout-player-18093572\"><\/div><script src=\"https:\/\/www.buzzsprout.com\/2444168\/episodes\/18093572-universos-creativos-del-ilustrador-guatemalteco-pablo-leon-en-l-a.js?container_id=buzzsprout-player-18093572&player=small\" type=\"text\/javascript\" charset=\"utf-8\"><\/script>\t\t\t\t<\/div>\n\t\t\t\t\t<\/div>\n\t\t\t\t<\/div>\n\t\t<div data-particle_enable=\"false\" data-particle-mobile-disabled=\"false\" class=\"elementor-element elementor-element-cb3e0c8 e-flex e-con-boxed e-con e-parent\" data-id=\"cb3e0c8\" data-element_type=\"container\" data-e-type=\"container\">\n\t\t\t\t\t<div class=\"e-con-inner\">\n\t\t\t\t<div class=\"elementor-element elementor-element-08d67b9 elementor-widget elementor-widget-text-editor\" data-id=\"08d67b9\" data-element_type=\"widget\" data-e-type=\"widget\" data-widget_type=\"text-editor.default\">\n\t\t\t\t\t\t\t\t\t<p>En Los \u00c1ngeles, donde la industria del entretenimiento se mezcla con los sue\u00f1os, un guatemalteco dibuja con gran habilidad escenarios de fantas\u00eda, personajes con superpoderes y tambi\u00e9n las memorias hist\u00f3ricas de la tierra del <a href=\"https:\/\/soymigrante.com\/revista\/10-datos-del-quetzal-que-tal-vez-ya-conocias-o-quiza-no\/\">Quetzal.\u00a0<\/a><\/p><p>Pablo Le\u00f3n \u2014autor, cineasta y dise\u00f1ador\u2014 vive entre animaciones, novelas gr\u00e1ficas y pel\u00edculas que respiran historia. Desde sus d\u00edas en la zona 7 de la capital de <a href=\"https:\/\/soymigrante.com\/revista\/22-departamentos-de-guatemala-un-corazon-multicultural-compartido\/\">Guatemala<\/a> hasta su nominaci\u00f3n al Premio Eisner por una <a href=\"https:\/\/www.youtube.com\/watch?v=xLUkmpBcJrk\">historieta sobre migraci\u00f3n<\/a> y la postulaci\u00f3n de su corto Remember Us<a href=\"https:\/\/www.youtube.com\/watch?v=5-mUHtMCxMw\"> dentro de la lista preliminar a los Premios \u00d3scar, su <\/a>historia es la de un creador que nunca dej\u00f3 de escuchar la voz del ni\u00f1o que transforma universos..<\/p><p>\u201cMi mam\u00e1 me apoy\u00f3 desde el inicio para dedicarme a lo que hago\u201d, cuenta. Dej\u00f3 Guatemala a los 14 a\u00f1os rumbo a Maryland, en un invierno que le pareci\u00f3 \u201cel m\u00e1s fr\u00edo del universo\u201d. Fue ah\u00ed donde su mirada cambi\u00f3. En medio de la nostalgia y<a href=\"https:\/\/soymigrante.com\/revista\/pablo-mazariegos-psicologo-migrante-guatemalteco\/\"> la b\u00fasqueda de pertenencia,<\/a> descubri\u00f3 Maus, una novela gr\u00e1fica sobre el Holocausto. \u201cMe sorprendi\u00f3: \u00a1se pueden contar cosas tan serias en un c\u00f3mic!\u201d, recuerda. El arte tambi\u00e9n pod\u00eda ser memoria y resistencia.<\/p>\t\t\t\t\t\t\t\t<\/div>\n\t\t\t\t\t<\/div>\n\t\t\t\t<\/div>\n\t\t<div data-particle_enable=\"false\" data-particle-mobile-disabled=\"false\" class=\"elementor-element elementor-element-0532bc7 e-flex e-con-boxed e-con e-parent\" data-id=\"0532bc7\" data-element_type=\"container\" data-e-type=\"container\">\n\t\t\t\t\t<div class=\"e-con-inner\">\n\t\t\t\t<div class=\"elementor-element elementor-element-c7b8c25 elementor-widget elementor-widget-image\" data-id=\"c7b8c25\" data-element_type=\"widget\" data-e-type=\"widget\" data-widget_type=\"image.default\">\n\t\t\t\t\t\t\t\t\t\t\t\t<figure class=\"wp-caption\">\n\t\t\t\t\t\t\t\t\t\t\t<a href=\"https:\/\/www.amazon.com\/stores\/Pablo-Leon\/author\/B0CPZRNS9N?language=es&#038;ref=ap_rdr&#038;isDramIntegrated=true&#038;shoppingPortalEnabled=true\">\n\t\t\t\t\t\t\t<img fetchpriority=\"high\" decoding=\"async\" width=\"819\" height=\"1024\" src=\"https:\/\/soymigrante.com\/revista\/wp-content\/uploads\/2025\/10\/silenced-voices-pablo-leon-guatemalteco-819x1024.jpg\" class=\"attachment-large size-large wp-image-47830\" alt=\"Voces Silenciadas es una historieta que aborda una masacre perpetrada en una aldea de Guatemala durante el Conflicto Armado Interno: un tema dif\u00edcil que Pablo quer\u00eda reflejar para dar voz a quienes no la tuvieron entonces. Fue presentado el 25 de septiembre y est\u00e1 a la venta en Amaz\u00f3n. Est\u00e1 en ingl\u00e9s.\" srcset=\"https:\/\/soymigrante.com\/revista\/wp-content\/uploads\/2025\/10\/silenced-voices-pablo-leon-guatemalteco-819x1024.jpg 819w, https:\/\/soymigrante.com\/revista\/wp-content\/uploads\/2025\/10\/silenced-voices-pablo-leon-guatemalteco-240x300.jpg 240w, https:\/\/soymigrante.com\/revista\/wp-content\/uploads\/2025\/10\/silenced-voices-pablo-leon-guatemalteco-768x960.jpg 768w, https:\/\/soymigrante.com\/revista\/wp-content\/uploads\/2025\/10\/silenced-voices-pablo-leon-guatemalteco-750x938.jpg 750w, https:\/\/soymigrante.com\/revista\/wp-content\/uploads\/2025\/10\/silenced-voices-pablo-leon-guatemalteco.jpg 1080w\" sizes=\"(max-width: 819px) 100vw, 819px\" title=\"Voces Silenciadas es una historieta que aborda una masacre perpetrada en una aldea de Guatemala durante el Conflicto Armado Interno: un tema dif\u00edcil que Pablo quer\u00eda reflejar para dar voz a quienes no la tuvieron entonces. Fue presentado el 25 de septiembre y est\u00e1 a la venta en Amaz\u00f3n. Est\u00e1 en ingl\u00e9s. \u2013 SoyMigrante.com REVISTA\" \/>\t\t\t\t\t\t\t\t<\/a>\n\t\t\t\t\t\t\t\t\t\t\t<figcaption class=\"widget-image-caption wp-caption-text\">Voces Silenciadas es una historieta que aborda una masacre perpetrada en una aldea de Guatemala durante el Conflicto Armado Interno: un tema dif\u00edcil que Pablo quer\u00eda reflejar para dar voz a quienes no la tuvieron entonces. Fue presentado el 25 de septiembre y est\u00e1 a la venta en Amaz\u00f3n. Est\u00e1 en ingl\u00e9s.<\/figcaption>\n\t\t\t\t\t\t\t\t\t\t<\/figure>\n\t\t\t\t\t\t\t\t\t<\/div>\n\t\t\t\t\t<\/div>\n\t\t\t\t<\/div>\n\t\t<div data-particle_enable=\"false\" data-particle-mobile-disabled=\"false\" class=\"elementor-element elementor-element-5d3612c e-flex e-con-boxed e-con e-parent\" data-id=\"5d3612c\" data-element_type=\"container\" data-e-type=\"container\">\n\t\t\t\t\t<div class=\"e-con-inner\">\n\t\t\t\t<div class=\"elementor-element elementor-element-ada0b94 elementor-widget elementor-widget-heading\" data-id=\"ada0b94\" data-element_type=\"widget\" data-e-type=\"widget\" data-widget_type=\"heading.default\">\n\t\t\t\t\t<h3 class=\"elementor-heading-title elementor-size-default\">B\u00fasqueda creativa lo llev\u00f3 hasta el tema migratorio<\/h3>\t\t\t\t<\/div>\n\t\t\t\t\t<\/div>\n\t\t\t\t<\/div>\n\t\t<div data-particle_enable=\"false\" data-particle-mobile-disabled=\"false\" class=\"elementor-element elementor-element-29429d2 e-flex e-con-boxed e-con e-parent\" data-id=\"29429d2\" data-element_type=\"container\" data-e-type=\"container\">\n\t\t\t\t\t<div class=\"e-con-inner\">\n\t\t\t\t<div class=\"elementor-element elementor-element-9f82322 elementor-widget elementor-widget-text-editor\" data-id=\"9f82322\" data-element_type=\"widget\" data-e-type=\"widget\" data-widget_type=\"text-editor.default\">\n\t\t\t\t\t\t\t\t\t<p>El camino al <a href=\"https:\/\/soymigrante.com\/revista\/dificultades-nunca-faltan-pero-aqui-hay-claves-para-enfrentarlas\/\">\u00e9xito no fue nada directo<\/a>. \u201cA veces sent\u00eda que pagu\u00e9 por nada en la universidad, pero ese tiempo fue otro tipo de escuela de vida\u201d, confiesa. Entre trabajos de ilustraci\u00f3n en estudios peque\u00f1os y pruebas de dise\u00f1o, su talento lo llev\u00f3 a Atlanta, donde comenz\u00f3 su carrera en animaci\u00f3n para televisi\u00f3n. Elaboraba fondos y paisajes. \u201cEra fascinante, pero un d\u00eda me pregunt\u00e9: \u00bfqu\u00e9 estoy haciendo? Dibujar es hermoso, pero \u00bfqu\u00e9 historia estoy contando?\u201d.<\/p><p>Entonces decidi\u00f3 relatar historias que superan la ficci\u00f3n porque son realidad: Su primera gran obra, The Journey, naci\u00f3 de la entrevista con una joven que hab\u00eda cruzado sola desde Guatemala hasta Estados Unidos. Aquella historia <a href=\"https:\/\/rewirenewsgroup.com\/2018\/01\/08\/rewire-exclusive-comic-journey\/\">se transform\u00f3 en un c\u00f3mic de 30 p\u00e1ginas sobre la ni\u00f1ez migrante,<\/a> las dificultades para adaptarse a la vida en USA y tambi\u00e9n los detonantes de la migraci\u00f3n en Guatemala.\u00a0<\/p><p>\u201cFue un proyecto peque\u00f1o, pero con alma. Fui nominado al premio Eisner. No gan\u00e9 pero me dieron cena gratis \u2014y muchas puertas se abrieron despu\u00e9s\u201d, dice entre risas.\u00a0 El premio Eisner es el m\u00e1s importante en el mundo de la animaci\u00f3n.<\/p>\t\t\t\t\t\t\t\t<\/div>\n\t\t\t\t\t<\/div>\n\t\t\t\t<\/div>\n\t\t<div data-particle_enable=\"false\" data-particle-mobile-disabled=\"false\" class=\"elementor-element elementor-element-6de06ea e-flex e-con-boxed e-con e-parent\" data-id=\"6de06ea\" data-element_type=\"container\" data-e-type=\"container\">\n\t\t\t\t\t<div class=\"e-con-inner\">\n\t\t\t\t<div class=\"elementor-element elementor-element-db4b82b elementor-widget elementor-widget-image\" data-id=\"db4b82b\" data-element_type=\"widget\" data-e-type=\"widget\" data-widget_type=\"image.default\">\n\t\t\t\t\t\t\t\t\t\t\t\t<figure class=\"wp-caption\">\n\t\t\t\t\t\t\t\t\t\t<img decoding=\"async\" width=\"804\" height=\"579\" src=\"https:\/\/soymigrante.com\/revista\/wp-content\/uploads\/2025\/10\/the-journey-comic-de-pablo-leon.png\" class=\"attachment-large size-large wp-image-47831\" alt=\"The Journey - El Viaje es una historieta basada en el relato de una ni\u00f1a migrante, que Pablo Le\u00f3n cre\u00f3 para exponer las dificultades y barreras para los menores indocumentados en Estados Unidos. Por este proyecto fue nominado al premio Eisner. PUEDES VER TODO EL COMIC DANDO CLIC EN LA IMAGEN. Est\u00e1 en idioma ingl\u00e9s.\" srcset=\"https:\/\/soymigrante.com\/revista\/wp-content\/uploads\/2025\/10\/the-journey-comic-de-pablo-leon.png 804w, https:\/\/soymigrante.com\/revista\/wp-content\/uploads\/2025\/10\/the-journey-comic-de-pablo-leon-300x216.png 300w, https:\/\/soymigrante.com\/revista\/wp-content\/uploads\/2025\/10\/the-journey-comic-de-pablo-leon-768x553.png 768w, https:\/\/soymigrante.com\/revista\/wp-content\/uploads\/2025\/10\/the-journey-comic-de-pablo-leon-120x86.png 120w, https:\/\/soymigrante.com\/revista\/wp-content\/uploads\/2025\/10\/the-journey-comic-de-pablo-leon-750x540.png 750w\" sizes=\"(max-width: 804px) 100vw, 804px\" title=\"The Journey - El Viaje es una historieta basada en el relato de una ni\u00f1a migrante, que Pablo Le\u00f3n cre\u00f3 para exponer las dificultades y barreras para los menores indocumentados en Estados Unidos. Por este proyecto fue nominado al premio  Eisner. PUEDES VER TODO EL COMIC DANDO CLIC EN LA IMAGEN. Est\u00e1 en idioma ingl\u00e9s. \u2013 SoyMigrante.com REVISTA\" \/>\t\t\t\t\t\t\t\t\t\t\t<figcaption class=\"widget-image-caption wp-caption-text\">The Journey - El Viaje es una historieta basada en el relato de una ni\u00f1a migrante, que Pablo Le\u00f3n cre\u00f3 para exponer las dificultades y barreras para los menores indocumentados en Estados Unidos. Por este proyecto fue nominado al premio  Eisner. PUEDES VER TODO EL COMIC DANDO CLIC EN LA IMAGEN. Est\u00e1 en idioma ingl\u00e9s.<\/figcaption>\n\t\t\t\t\t\t\t\t\t\t<\/figure>\n\t\t\t\t\t\t\t\t\t<\/div>\n\t\t\t\t\t<\/div>\n\t\t\t\t<\/div>\n\t\t<div data-particle_enable=\"false\" data-particle-mobile-disabled=\"false\" class=\"elementor-element elementor-element-662e525 e-flex e-con-boxed e-con e-parent\" data-id=\"662e525\" data-element_type=\"container\" data-e-type=\"container\">\n\t\t\t\t\t<div class=\"e-con-inner\">\n\t\t\t\t<div class=\"elementor-element elementor-element-686a4d1 elementor-widget elementor-widget-heading\" data-id=\"686a4d1\" data-element_type=\"widget\" data-e-type=\"widget\" data-widget_type=\"heading.default\">\n\t\t\t\t\t<h3 class=\"elementor-heading-title elementor-size-default\">Nuevos universos se abren para Pablo<\/h3>\t\t\t\t<\/div>\n\t\t\t\t\t<\/div>\n\t\t\t\t<\/div>\n\t\t<div data-particle_enable=\"false\" data-particle-mobile-disabled=\"false\" class=\"elementor-element elementor-element-1183e2f e-flex e-con-boxed e-con e-parent\" data-id=\"1183e2f\" data-element_type=\"container\" data-e-type=\"container\">\n\t\t\t\t\t<div class=\"e-con-inner\">\n\t\t\t\t<div class=\"elementor-element elementor-element-ff19741 elementor-widget elementor-widget-text-editor\" data-id=\"ff19741\" data-element_type=\"widget\" data-e-type=\"widget\" data-widget_type=\"text-editor.default\">\n\t\t\t\t\t\t\t\t\t<p>Esa nominaci\u00f3n le abri\u00f3 a Pablo, literalmente, las puertas a nuevos universos. Lleg\u00f3 Miles Morales, la serie gr\u00e1fica del joven Spider-Man para Scholastic, y con ella, un p\u00fablico infantil que lo inspir\u00f3 a\u00fan m\u00e1s. \u201cMe gusta crear para ni\u00f1os. Pod\u00e9s influir en c\u00f3mo ven el mundo, ayudarlos a entender qui\u00e9nes son\u201d, afirma.\u00a0<\/p><p>\u201cEn esos libros hablamos de temas reales \u2014como el terremoto en Puerto Rico\u2014 pero desde la mirada de un h\u00e9roe joven. Eso me encanta\u201d. En esas historias, Le\u00f3n ve la oportunidad de sembrar empat\u00eda y orgullo cultural hispano.<\/p>\t\t\t\t\t\t\t\t<\/div>\n\t\t\t\t\t<\/div>\n\t\t\t\t<\/div>\n\t\t<div data-particle_enable=\"false\" data-particle-mobile-disabled=\"false\" class=\"elementor-element elementor-element-fd2c140 e-flex e-con-boxed e-con e-parent\" data-id=\"fd2c140\" data-element_type=\"container\" data-e-type=\"container\">\n\t\t\t\t\t<div class=\"e-con-inner\">\n\t\t\t\t<div class=\"elementor-element elementor-element-ace0a58 elementor-widget elementor-widget-html\" data-id=\"ace0a58\" data-element_type=\"widget\" data-e-type=\"widget\" data-widget_type=\"html.default\">\n\t\t\t\t\t<iframe width=\"560\" height=\"415\" src=\"https:\/\/www.youtube.com\/embed\/xCBjLi8NcNE?si=NI78pJPZPMUpI_ZS\" title=\"YouTube video player\" frameborder=\"0\" allow=\"accelerometer; autoplay; clipboard-write; encrypted-media; gyroscope; picture-in-picture; web-share\" referrerpolicy=\"strict-origin-when-cross-origin\" allowfullscreen><\/iframe>\t\t\t\t<\/div>\n\t\t\t\t\t<\/div>\n\t\t\t\t<\/div>\n\t\t<div data-particle_enable=\"false\" data-particle-mobile-disabled=\"false\" class=\"elementor-element elementor-element-56f6a72 e-flex e-con-boxed e-con e-parent\" data-id=\"56f6a72\" data-element_type=\"container\" data-e-type=\"container\">\n\t\t\t\t\t<div class=\"e-con-inner\">\n\t\t\t\t<div class=\"elementor-element elementor-element-cd4b306 elementor-widget elementor-widget-heading\" data-id=\"cd4b306\" data-element_type=\"widget\" data-e-type=\"widget\" data-widget_type=\"heading.default\">\n\t\t\t\t\t<h3 class=\"elementor-heading-title elementor-size-default\">Orgulloso de su identidad<\/h3>\t\t\t\t<\/div>\n\t\t\t\t\t<\/div>\n\t\t\t\t<\/div>\n\t\t<div data-particle_enable=\"false\" data-particle-mobile-disabled=\"false\" class=\"elementor-element elementor-element-23e484e e-flex e-con-boxed e-con e-parent\" data-id=\"23e484e\" data-element_type=\"container\" data-e-type=\"container\">\n\t\t\t\t\t<div class=\"e-con-inner\">\n\t\t\t\t<div class=\"elementor-element elementor-element-101bdf2 elementor-widget elementor-widget-text-editor\" data-id=\"101bdf2\" data-element_type=\"widget\" data-e-type=\"widget\" data-widget_type=\"text-editor.default\">\n\t\t\t\t\t\t\t\t\t<p>Pero Pablo Le\u00f3n nunca dej\u00f3 de mirar a su tierra centroamericana. <a href=\"https:\/\/www.youtube.com\/watch?v=xLUkmpBcJrk\">Su novela gr\u00e1fica Silenced Voices<\/a> -sobre una masacre perpetrada por militares contra una aldea en Guatemala- y su cortometraje animado <a href=\"https:\/\/www.youtube.com\/watch?v=5-mUHtMCxMw\">Remember Us<\/a> -sobre una desaparici\u00f3n forzada en El Salvador- exploran la memoria del conflicto armado en el Istmo.\u00a0<\/p><p>\u201cSiempre tuve miedo de c\u00f3mo hablar de todo ello con respeto. No quer\u00eda caer en explotar la miseria ni en el activismo vac\u00edo. Quer\u00eda dar dignidad a quienes vivieron toda esa tragedia\u201d, explica.\u00a0<\/p>\t\t\t\t\t\t\t\t<\/div>\n\t\t\t\t\t<\/div>\n\t\t\t\t<\/div>\n\t\t<div data-particle_enable=\"false\" data-particle-mobile-disabled=\"false\" class=\"elementor-element elementor-element-25f4bd4 e-flex e-con-boxed e-con e-parent\" data-id=\"25f4bd4\" data-element_type=\"container\" data-e-type=\"container\">\n\t\t\t\t\t<div class=\"e-con-inner\">\n\t\t\t\t<div class=\"elementor-element elementor-element-059c868 elementor-widget elementor-widget-image\" data-id=\"059c868\" data-element_type=\"widget\" data-e-type=\"widget\" data-widget_type=\"image.default\">\n\t\t\t\t\t\t\t\t\t\t\t\t<figure class=\"wp-caption\">\n\t\t\t\t\t\t\t\t\t\t\t<a href=\"http:\/\/artsypabster.com\/\">\n\t\t\t\t\t\t\t<img decoding=\"async\" width=\"1117\" height=\"797\" src=\"https:\/\/soymigrante.com\/revista\/wp-content\/uploads\/2025\/10\/silenced-voices.png\" class=\"attachment-large size-large wp-image-47832\" alt=\"Silenced Voices, del ilustrador guatemalteco Pablo Le\u00f3n, es una historieta lanzada este 2025 que expone las duras realidades de las guerras, espec\u00edficamente el conflicto armado interno que vivi\u00f3 Guatemala.\" srcset=\"https:\/\/soymigrante.com\/revista\/wp-content\/uploads\/2025\/10\/silenced-voices.png 1117w, https:\/\/soymigrante.com\/revista\/wp-content\/uploads\/2025\/10\/silenced-voices-300x214.png 300w, https:\/\/soymigrante.com\/revista\/wp-content\/uploads\/2025\/10\/silenced-voices-768x548.png 768w, https:\/\/soymigrante.com\/revista\/wp-content\/uploads\/2025\/10\/silenced-voices-120x86.png 120w, https:\/\/soymigrante.com\/revista\/wp-content\/uploads\/2025\/10\/silenced-voices-350x250.png 350w, https:\/\/soymigrante.com\/revista\/wp-content\/uploads\/2025\/10\/silenced-voices-750x535.png 750w\" sizes=\"(max-width: 1117px) 100vw, 1117px\" title=\"Silenced Voices, del ilustrador guatemalteco Pablo Le\u00f3n, es una historieta lanzada este 2025 que expone las duras realidades de las guerras, espec\u00edficamente el conflicto armado interno que vivi\u00f3 Guatemala. \u2013 SoyMigrante.com REVISTA\" \/>\t\t\t\t\t\t\t\t<\/a>\n\t\t\t\t\t\t\t\t\t\t\t<figcaption class=\"widget-image-caption wp-caption-text\">Silenced Voices, del ilustrador guatemalteco Pablo Le\u00f3n, es una historieta lanzada este 2025 que expone las duras realidades de las guerras, espec\u00edficamente el conflicto armado interno que vivi\u00f3 Guatemala.  <\/figcaption>\n\t\t\t\t\t\t\t\t\t\t<\/figure>\n\t\t\t\t\t\t\t\t\t<\/div>\n\t\t\t\t\t<\/div>\n\t\t\t\t<\/div>\n\t\t<div data-particle_enable=\"false\" data-particle-mobile-disabled=\"false\" class=\"elementor-element elementor-element-ceb7335 e-flex e-con-boxed e-con e-parent\" data-id=\"ceb7335\" data-element_type=\"container\" data-e-type=\"container\">\n\t\t\t\t\t<div class=\"e-con-inner\">\n\t\t\t\t<div class=\"elementor-element elementor-element-67f13e2 elementor-widget elementor-widget-heading\" data-id=\"67f13e2\" data-element_type=\"widget\" data-e-type=\"widget\" data-widget_type=\"heading.default\">\n\t\t\t\t\t<h3 class=\"elementor-heading-title elementor-size-default\">Espera desarrollar largometraje basado en la historia de Tec\u00fan Um\u00e1n, H\u00e9roe de Guatemala<\/h3>\t\t\t\t<\/div>\n\t\t\t\t\t<\/div>\n\t\t\t\t<\/div>\n\t\t<div data-particle_enable=\"false\" data-particle-mobile-disabled=\"false\" class=\"elementor-element elementor-element-8d11e8d e-flex e-con-boxed e-con e-parent\" data-id=\"8d11e8d\" data-element_type=\"container\" data-e-type=\"container\">\n\t\t\t\t\t<div class=\"e-con-inner\">\n\t\t\t\t<div class=\"elementor-element elementor-element-71ad6f8 elementor-widget elementor-widget-text-editor\" data-id=\"71ad6f8\" data-element_type=\"widget\" data-e-type=\"widget\" data-widget_type=\"text-editor.default\">\n\t\t\t\t\t\t\t\t\t<p>Lo logr\u00f3: Remember Us viaj\u00f3 por festivales internacionales y fue calificado dentro de la lista preliminar para los Premios \u00d3scar. No fue nomianda pero estar en esa selecci\u00f3n fue un logro may\u00fasculo para un proyecto independiente \u201checho con m\u00e1s coraz\u00f3n que presupuesto\u201d, seg\u00fan dice\u00a0 Pablo.<\/p><p>Hoy, mientras cocina junto a sus gatos Agave, Moth y Midna, Pablo prepara nuevos proyectos: un largometraje basado en un libro infantil y una serie inspirada en la mitolog\u00eda maya. \u201cEstoy armando algo as\u00ed como un Dragon Ball mesoamericano, basado un poco en<a href=\"https:\/\/soymigrante.com\/revista\/tecun-uman-500-anos-del-heroe-nacional-de-guatemala\/\"> la historia de Tec\u00fan Um\u00e1n<\/a>. Quiero que los ni\u00f1os vean h\u00e9roes que se parezcan a ellos\u201d, cuenta con entusiasmo.<\/p>\t\t\t\t\t\t\t\t<\/div>\n\t\t\t\t\t<\/div>\n\t\t\t\t<\/div>\n\t\t<div data-particle_enable=\"false\" data-particle-mobile-disabled=\"false\" class=\"elementor-element elementor-element-939790e e-flex e-con-boxed e-con e-parent\" data-id=\"939790e\" data-element_type=\"container\" data-e-type=\"container\">\n\t\t\t\t\t<div class=\"e-con-inner\">\n\t\t\t\t<div class=\"elementor-element elementor-element-18eb4b5 elementor-widget elementor-widget-heading\" data-id=\"18eb4b5\" data-element_type=\"widget\" data-e-type=\"widget\" data-widget_type=\"heading.default\">\n\t\t\t\t\t<h5 class=\"elementor-heading-title elementor-size-default\">El trabajo del ilustrador guatemalteco Pablo Le\u00f3n es variado, multitem\u00e1tico y deslumbrante<\/h5>\t\t\t\t<\/div>\n\t\t\t\t\t<\/div>\n\t\t\t\t<\/div>\n\t\t<div data-particle_enable=\"false\" data-particle-mobile-disabled=\"false\" class=\"elementor-element elementor-element-bd4f925 e-flex e-con-boxed e-con e-parent\" data-id=\"bd4f925\" data-element_type=\"container\" data-e-type=\"container\">\n\t\t\t\t\t<div class=\"e-con-inner\">\n\t\t\t\t<div class=\"elementor-element elementor-element-ddab7fe elementor-widget elementor-widget-video\" data-id=\"ddab7fe\" data-element_type=\"widget\" data-e-type=\"widget\" data-settings=\"{&quot;video_type&quot;:&quot;hosted&quot;,&quot;controls&quot;:&quot;yes&quot;}\" data-widget_type=\"video.default\">\n\t\t\t\t\t\t\t<div class=\"e-hosted-video elementor-wrapper elementor-open-inline\">\n\t\t\t\t\t<video class=\"elementor-video\" src=\"https:\/\/soymigrante.com\/revista\/wp-content\/uploads\/2025\/10\/video-dibujos-e-ilustraciones-pablo-leon.mp4\" controls=\"\" preload=\"metadata\" controlsList=\"nodownload\"><\/video>\n\t\t\t\t<\/div>\n\t\t\t\t\t\t<\/div>\n\t\t\t\t\t<\/div>\n\t\t\t\t<\/div>\n\t\t<div data-particle_enable=\"false\" data-particle-mobile-disabled=\"false\" class=\"elementor-element elementor-element-b733d75 e-flex e-con-boxed e-con e-parent\" data-id=\"b733d75\" data-element_type=\"container\" data-e-type=\"container\">\n\t\t\t\t\t<div class=\"e-con-inner\">\n\t\t\t\t<div class=\"elementor-element elementor-element-9e189ee elementor-widget elementor-widget-heading\" data-id=\"9e189ee\" data-element_type=\"widget\" data-e-type=\"widget\" data-widget_type=\"heading.default\">\n\t\t\t\t\t<h3 class=\"elementor-heading-title elementor-size-default\">El reto: dibujar tu propia historia con originalidad<\/h3>\t\t\t\t<\/div>\n\t\t\t\t\t<\/div>\n\t\t\t\t<\/div>\n\t\t<div data-particle_enable=\"false\" data-particle-mobile-disabled=\"false\" class=\"elementor-element elementor-element-d7756ac e-flex e-con-boxed e-con e-parent\" data-id=\"d7756ac\" data-element_type=\"container\" data-e-type=\"container\">\n\t\t\t\t\t<div class=\"e-con-inner\">\n\t\t\t\t<div class=\"elementor-element elementor-element-183eb58 elementor-widget elementor-widget-text-editor\" data-id=\"183eb58\" data-element_type=\"widget\" data-e-type=\"widget\" data-widget_type=\"text-editor.default\">\n\t\t\t\t\t\t\t\t\t<p>La trayectoria de Pablo es una lecci\u00f3n para quienes dudan en seguir una vocaci\u00f3n art\u00edstica. \u201cNos trajeron a Estados Unidos para hacer m\u00e1s, y eleg\u00ed hacer caricaturas\u201d, dice con humor. Pero su obra demuestra que su elecci\u00f3n fue m\u00e1s profunda: eligi\u00f3 darle imagen a lo invisible, voz a lo silenciado, y esperanza a lo que muchos cre\u00edan olvidado.<\/p>\n<p>Porque al final, como \u00e9l mismo lo define, no se ve como un h\u00e9roe, sino como un guerrero con l\u00e1piz y coraz\u00f3n. Un guatemalteco que, entre sombras y colores, sigue dibujando caminos hacia la esperanza de una realidad mejor.<\/p><p><a href=\"http:\/\/artsypabster.com\/\">PARA IR AL SITIO WEB DE PABLO LE\u00d3N, CLIC AQU\u00cd<\/a><\/p>\t\t\t\t\t\t\t\t<\/div>\n\t\t\t\t\t<\/div>\n\t\t\t\t<\/div>\n\t\t<div data-particle_enable=\"false\" data-particle-mobile-disabled=\"false\" class=\"elementor-element elementor-element-cabd35c e-flex e-con-boxed e-con e-parent\" data-id=\"cabd35c\" data-element_type=\"container\" data-e-type=\"container\">\n\t\t\t\t\t<div class=\"e-con-inner\">\n\t\t\t\t<div class=\"elementor-element elementor-element-42005b0 elementor-widget elementor-widget-heading\" data-id=\"42005b0\" data-element_type=\"widget\" data-e-type=\"widget\" data-widget_type=\"heading.default\">\n\t\t\t\t\t<h2 class=\"elementor-heading-title elementor-size-default\">Creatividad guatemalteca sin barreras<\/h2>\t\t\t\t<\/div>\n\t\t\t\t\t<\/div>\n\t\t\t\t<\/div>\n\t\t<div data-particle_enable=\"false\" data-particle-mobile-disabled=\"false\" class=\"elementor-element elementor-element-17c0911 e-flex e-con-boxed e-con e-parent\" data-id=\"17c0911\" data-element_type=\"container\" data-e-type=\"container\">\n\t\t\t\t\t<div class=\"e-con-inner\">\n\t\t\t\t<div class=\"elementor-element elementor-element-3e06f26 elementor-grid-eael-col-3 elementor-grid-tablet-eael-col-2 elementor-grid-mobile-eael-col-1 elementor-widget elementor-widget-eael-post-grid\" data-id=\"3e06f26\" data-element_type=\"widget\" data-e-type=\"widget\" data-settings=\"{&quot;eael_post_grid_columns&quot;:&quot;eael-col-3&quot;,&quot;eael_post_grid_columns_tablet&quot;:&quot;eael-col-2&quot;,&quot;eael_post_grid_columns_mobile&quot;:&quot;eael-col-1&quot;}\" data-widget_type=\"eael-post-grid.default\">\n\t\t\t\t\t<div id=\"eael-post-grid-3e06f26\" class=\"eael-post-grid-container\">\n            <div class=\"eael-post-grid eael-post-appender eael-post-appender-3e06f26 eael-post-grid-style-one\" data-layout-mode=\"masonry\"><article class=\"eael-grid-post  eael-post-grid-column eael-pg-post-33014 category-exitos-guatemala\" data-id=\"33014\">\n        <div class=\"eael-grid-post-holder\">\n            <div class=\"eael-grid-post-holder-inner\"><div class=\"eael-entry-media\"><div class=\"eael-entry-overlay fade-in\"><i class=\"far fa-hand-pointer\" aria-hidden=\"true\"><\/i><a href=\"https:\/\/soymigrante.com\/revista\/artista-guatemalteca-sharley-rodriguez-vive-para-crear-y-crea-para-inspirar-en-nashville-tennessee\/\"><\/a><\/div><div class=\"eael-entry-thumbnail eael-image-ratio\">\n                <img loading=\"lazy\" decoding=\"async\" width=\"1024\" height=\"1024\" src=\"https:\/\/soymigrante.com\/revista\/wp-content\/uploads\/2025\/05\/shirley-rodriguez-pintora-guatemalteca-tennessee-cuadrada-1024x1024.jpg\" class=\"attachment-large size-large wp-image-33015\" alt=\"Coj\u00edn de piel con pintura art\u00edstica que representa la cultura y paisajes de M\u00e9xico, con tem\u00e1tica de migrantes y ra\u00edces mexicanas.\" srcset=\"https:\/\/soymigrante.com\/revista\/wp-content\/uploads\/2025\/05\/shirley-rodriguez-pintora-guatemalteca-tennessee-cuadrada-1024x1024.jpg 1024w, https:\/\/soymigrante.com\/revista\/wp-content\/uploads\/2025\/05\/shirley-rodriguez-pintora-guatemalteca-tennessee-cuadrada-300x300.jpg 300w, https:\/\/soymigrante.com\/revista\/wp-content\/uploads\/2025\/05\/shirley-rodriguez-pintora-guatemalteca-tennessee-cuadrada-150x150.jpg 150w, https:\/\/soymigrante.com\/revista\/wp-content\/uploads\/2025\/05\/shirley-rodriguez-pintora-guatemalteca-tennessee-cuadrada-768x768.jpg 768w, https:\/\/soymigrante.com\/revista\/wp-content\/uploads\/2025\/05\/shirley-rodriguez-pintora-guatemalteca-tennessee-cuadrada-75x75.webp 75w, https:\/\/soymigrante.com\/revista\/wp-content\/uploads\/2025\/05\/shirley-rodriguez-pintora-guatemalteca-tennessee-cuadrada-750x750.webp 750w, https:\/\/soymigrante.com\/revista\/wp-content\/uploads\/2025\/05\/shirley-rodriguez-pintora-guatemalteca-tennessee-cuadrada.webp 1094w\" sizes=\"(max-width: 1024px) 100vw, 1024px\" \/>\n            <\/div>\n        <\/div><div class=\"eael-entry-wrapper\"><header class=\"eael-entry-header\"><h2 class=\"eael-entry-title\"><a class=\"eael-grid-post-link\" href=\"https:\/\/soymigrante.com\/revista\/artista-guatemalteca-sharley-rodriguez-vive-para-crear-y-crea-para-inspirar-en-nashville-tennessee\/\" title=\"Artista guatemalteca Sharley Rodr\u00edguez vive para crear y crea para inspirar en Nashville, Tennessee\">Artista guatemalteca Sharley Rodr\u00edguez vive para crear y crea para inspirar en Nashville, Tennessee<\/a><\/h2><\/header><div class=\"eael-entry-content\">\n                        <div class=\"eael-grid-post-excerpt\"><a href=\"https:\/\/soymigrante.com\/revista\/artista-guatemalteca-sharley-rodriguez-vive-para-crear-y-crea-para-inspirar-en-nashville-tennessee\/\" class=\"eael-post-elements-readmore-btn\">CONOCE SU HISTORIA <\/a><\/div>\n                    <\/div><\/div><\/div>\n        <\/div>\n    <\/article><article class=\"eael-grid-post  eael-post-grid-column eael-pg-post-39736 category-exitos-guatemala\" data-id=\"39736\">\n        <div class=\"eael-grid-post-holder\">\n            <div class=\"eael-grid-post-holder-inner\"><div class=\"eael-entry-media\"><div class=\"eael-entry-overlay fade-in\"><i class=\"far fa-hand-pointer\" aria-hidden=\"true\"><\/i><a href=\"https:\/\/soymigrante.com\/revista\/yo-naci-migrante-y-creci-migrante-artista-guatemalteca-magda-leon-en-rhode-island\/\"><\/a><\/div><div class=\"eael-entry-thumbnail eael-image-ratio\">\n                <img loading=\"lazy\" decoding=\"async\" width=\"1024\" height=\"1024\" src=\"https:\/\/soymigrante.com\/revista\/wp-content\/uploads\/2025\/07\/artista-migrante-guatemalteca-Magda-Leon-1-1024x1024.jpg\" class=\"attachment-large size-large wp-image-39737\" alt=\"Fotograf\u00eda de una mujer sonriente en una exposici\u00f3n al aire libre con retratos en blanco y negro en una valla de malla, destacando arte, cultura y creatividad en el contexto de SoyMigrante.com REVISTA.\" srcset=\"https:\/\/soymigrante.com\/revista\/wp-content\/uploads\/2025\/07\/artista-migrante-guatemalteca-Magda-Leon-1-1024x1024.jpg 1024w, https:\/\/soymigrante.com\/revista\/wp-content\/uploads\/2025\/07\/artista-migrante-guatemalteca-Magda-Leon-1-300x300.jpg 300w, https:\/\/soymigrante.com\/revista\/wp-content\/uploads\/2025\/07\/artista-migrante-guatemalteca-Magda-Leon-1-150x150.jpg 150w, https:\/\/soymigrante.com\/revista\/wp-content\/uploads\/2025\/07\/artista-migrante-guatemalteca-Magda-Leon-1-768x768.jpg 768w, https:\/\/soymigrante.com\/revista\/wp-content\/uploads\/2025\/07\/artista-migrante-guatemalteca-Magda-Leon-1-75x75.jpg 75w, https:\/\/soymigrante.com\/revista\/wp-content\/uploads\/2025\/07\/artista-migrante-guatemalteca-Magda-Leon-1-750x750.jpg 750w, https:\/\/soymigrante.com\/revista\/wp-content\/uploads\/2025\/07\/artista-migrante-guatemalteca-Magda-Leon-1.jpg 1051w\" sizes=\"(max-width: 1024px) 100vw, 1024px\" \/>\n            <\/div>\n        <\/div><div class=\"eael-entry-wrapper\"><header class=\"eael-entry-header\"><h2 class=\"eael-entry-title\"><a class=\"eael-grid-post-link\" href=\"https:\/\/soymigrante.com\/revista\/yo-naci-migrante-y-creci-migrante-artista-guatemalteca-magda-leon-en-rhode-island\/\" title=\"&#8220;Yo nac\u00ed migrante y crec\u00ed migrante&#8221;: artista guatemalteca Magda Le\u00f3n, en Rhode Island\">&#8220;Yo nac\u00ed migrante y crec\u00ed migrante&#8221;: artista guatemalteca Magda Le\u00f3n, en Rhode Island<\/a><\/h2><\/header><div class=\"eael-entry-content\">\n                        <div class=\"eael-grid-post-excerpt\"><a href=\"https:\/\/soymigrante.com\/revista\/yo-naci-migrante-y-creci-migrante-artista-guatemalteca-magda-leon-en-rhode-island\/\" class=\"eael-post-elements-readmore-btn\">CONOCE SU HISTORIA <\/a><\/div>\n                    <\/div><\/div><\/div>\n        <\/div>\n    <\/article><article class=\"eael-grid-post  eael-post-grid-column eael-pg-post-45611 category-exitos-guatemala\" data-id=\"45611\">\n        <div class=\"eael-grid-post-holder\">\n            <div class=\"eael-grid-post-holder-inner\"><div class=\"eael-entry-media\"><div class=\"eael-entry-overlay fade-in\"><i class=\"far fa-hand-pointer\" aria-hidden=\"true\"><\/i><a href=\"https:\/\/soymigrante.com\/revista\/un-puente-de-monjas-blancas-del-artista-guatemalteco-johnny-castillo-en-los-angeles\/\"><\/a><\/div><div class=\"eael-entry-thumbnail eael-image-ratio\">\n                <img loading=\"lazy\" decoding=\"async\" width=\"632\" height=\"624\" src=\"https:\/\/soymigrante.com\/revista\/wp-content\/uploads\/2025\/09\/johnny-castillo-1.png\" class=\"attachment-large size-large wp-image-45612\" alt=\"johnny castillo artista guatemalteco en california\" srcset=\"https:\/\/soymigrante.com\/revista\/wp-content\/uploads\/2025\/09\/johnny-castillo-1.png 632w, https:\/\/soymigrante.com\/revista\/wp-content\/uploads\/2025\/09\/johnny-castillo-1-300x296.png 300w, https:\/\/soymigrante.com\/revista\/wp-content\/uploads\/2025\/09\/johnny-castillo-1-75x75.png 75w\" sizes=\"(max-width: 632px) 100vw, 632px\" \/>\n            <\/div>\n        <\/div><div class=\"eael-entry-wrapper\"><header class=\"eael-entry-header\"><h2 class=\"eael-entry-title\"><a class=\"eael-grid-post-link\" href=\"https:\/\/soymigrante.com\/revista\/un-puente-de-monjas-blancas-del-artista-guatemalteco-johnny-castillo-en-los-angeles\/\" title=\"Un puente de Monjas Blancas del artista guatemalteco Johnny Castillo en Los Angeles\">Un puente de Monjas Blancas del artista guatemalteco Johnny Castillo en Los Angeles<\/a><\/h2><\/header><div class=\"eael-entry-content\">\n                        <div class=\"eael-grid-post-excerpt\"><a href=\"https:\/\/soymigrante.com\/revista\/un-puente-de-monjas-blancas-del-artista-guatemalteco-johnny-castillo-en-los-angeles\/\" class=\"eael-post-elements-readmore-btn\">CONOCE SU HISTORIA <\/a><\/div>\n                    <\/div><\/div><\/div>\n        <\/div>\n    <\/article><\/div>\n            <div class=\"clearfix\"><\/div>\n        <\/div>\t\t\t\t<\/div>\n\t\t\t\t\t<\/div>\n\t\t\t\t<\/div>\n\t\t\t\t<\/div>\n\t\t","protected":false},"excerpt":{"rendered":"<p>El guatemalteco Pablo Le\u00f3n es un migrante entre universos ilustrativos de realidad hist\u00f3rica, superh\u00e9roes y tambi\u00e9n cosmovisi\u00f3n maya. Desde Los Angeles ha producido cortometrajes y esta es su historia. En Los \u00c1ngeles, donde la industria del entretenimiento se mezcla con los sue\u00f1os, un guatemalteco dibuja con gran habilidad escenarios de fantas\u00eda, personajes con superpoderes y [&hellip;]<\/p>\n","protected":false},"author":7,"featured_media":47827,"comment_status":"open","ping_status":"open","sticky":false,"template":"","format":"standard","meta":{"_acf_changed":false,"_eb_attr":"","footnotes":""},"categories":[50,274],"tags":[],"class_list":["post-47826","post","type-post","status-publish","format-standard","has-post-thumbnail","hentry","category-exitos","category-guatemala"],"acf":[],"aioseo_notices":[],"aioseo_head":"\n\t\t<!-- All in One SEO Pro 4.9.6.2 - aioseo.com -->\n\t<meta name=\"description\" content=\"La pincelada sincera del artista migrante guatemalteco Johnny Castillo se abre paso en California. Lleg\u00f3 a USA a los 7 a\u00f1os y esta es su historia.\" \/>\n\t<meta name=\"robots\" content=\"max-snippet:-1, max-image-preview:large, max-video-preview:-1\" \/>\n\t<meta name=\"author\" content=\"Gustavo Montenegro\"\/>\n\t<link rel=\"canonical\" href=\"https:\/\/soymigrante.com\/revista\/un-puente-de-monjas-blancas-del-artista-guatemalteco-johnny-castillo-en-los-angeles\/\" \/>\n\t<meta name=\"generator\" content=\"All in One SEO Pro (AIOSEO) 4.9.6.2\" \/>\n\n\t\t<link rel=\"preconnect\" href=\"https:\/\/fonts.googleapis.com\" crossorigin>\n<link rel=\"preconnect\" href=\"https:\/\/fonts.gstatic.com\" crossorigin>\n\t\t<meta property=\"og:locale\" content=\"es_ES\" \/>\n\t\t<meta property=\"og:site_name\" content=\"SoyMigrante.com REVISTA \u2013 Nuestra misi\u00f3n es reconocer y dignificar al migrante.\" \/>\n\t\t<meta property=\"og:type\" content=\"article\" \/>\n\t\t<meta property=\"og:title\" content=\"Un puente de Monjas Blancas pinta Johnny Castillo en L.A.\" \/>\n\t\t<meta property=\"og:description\" content=\"La pincelada sincera del artista migrante guatemalteco Johnny Castillo se abre paso en California. Lleg\u00f3 a USA a los 7 a\u00f1os y esta es su historia.\" \/>\n\t\t<meta property=\"og:url\" content=\"https:\/\/soymigrante.com\/revista\/un-puente-de-monjas-blancas-del-artista-guatemalteco-johnny-castillo-en-los-angeles\/\" \/>\n\t\t<meta property=\"og:image\" content=\"https:\/\/soymigrante.com\/revista\/wp-content\/uploads\/2025\/09\/johnny-castillo-1.png\" \/>\n\t\t<meta property=\"og:image:secure_url\" content=\"https:\/\/soymigrante.com\/revista\/wp-content\/uploads\/2025\/09\/johnny-castillo-1.png\" \/>\n\t\t<meta property=\"og:image:width\" content=\"632\" \/>\n\t\t<meta property=\"og:image:height\" content=\"624\" \/>\n\t\t<meta property=\"article:published_time\" content=\"2025-09-22T17:50:52+00:00\" \/>\n\t\t<meta property=\"article:modified_time\" content=\"2025-09-29T15:00:02+00:00\" \/>\n\t\t<meta property=\"article:publisher\" content=\"https:\/\/www.facebook.com\/soymigrantecom\" \/>\n\t\t<meta name=\"twitter:card\" content=\"summary_large_image\" \/>\n\t\t<meta name=\"twitter:site\" content=\"@SoyMigrante_com\" \/>\n\t\t<meta name=\"twitter:title\" content=\"Un puente de Monjas Blancas pinta Johnny Castillo en L.A.\" \/>\n\t\t<meta name=\"twitter:description\" content=\"La pincelada sincera del artista migrante guatemalteco Johnny Castillo se abre paso en California. Lleg\u00f3 a USA a los 7 a\u00f1os y esta es su historia.\" \/>\n\t\t<meta name=\"twitter:creator\" content=\"@SoyMigrante_com\" \/>\n\t\t<meta name=\"twitter:image\" content=\"https:\/\/soymigrante.com\/revista\/wp-content\/uploads\/2025\/09\/johnny-castillo-1.png\" \/>\n\t\t<!-- All in One SEO Pro -->\r\n\t\t<title>Un puente de Monjas Blancas pinta Johnny Castillo en L.A.<\/title>\n\n","aioseo_head_json":{"title":"Un puente de Monjas Blancas pinta Johnny Castillo en L.A.","description":"La pincelada sincera del artista migrante guatemalteco Johnny Castillo se abre paso en California. Lleg\u00f3 a USA a los 7 a\u00f1os y esta es su historia.","canonical_url":"https:\/\/soymigrante.com\/revista\/un-puente-de-monjas-blancas-del-artista-guatemalteco-johnny-castillo-en-los-angeles\/","robots":"max-snippet:-1, max-image-preview:large, max-video-preview:-1","keywords":"","webmasterTools":{"miscellaneous":"&lt;link rel=\"preconnect\" href=\"https:\/\/fonts.googleapis.com\" crossorigin&gt;\n&lt;link rel=\"preconnect\" href=\"https:\/\/fonts.gstatic.com\" crossorigin&gt;"},"schema":null,"og:locale":"es_ES","og:site_name":"SoyMigrante.com REVISTA \u2013 Nuestra misi\u00f3n es reconocer y dignificar al migrante.","og:type":"article","og:title":"Un puente de Monjas Blancas pinta Johnny Castillo en L.A.","og:description":"La pincelada sincera del artista migrante guatemalteco Johnny Castillo se abre paso en California. Lleg\u00f3 a USA a los 7 a\u00f1os y esta es su historia.","og:url":"https:\/\/soymigrante.com\/revista\/un-puente-de-monjas-blancas-del-artista-guatemalteco-johnny-castillo-en-los-angeles\/","og:image":"https:\/\/soymigrante.com\/revista\/wp-content\/uploads\/2025\/09\/johnny-castillo-1.png","og:image:secure_url":"https:\/\/soymigrante.com\/revista\/wp-content\/uploads\/2025\/09\/johnny-castillo-1.png","og:image:width":632,"og:image:height":624,"article:published_time":"2025-09-22T17:50:52+00:00","article:modified_time":"2025-09-29T15:00:02+00:00","article:publisher":"https:\/\/www.facebook.com\/soymigrantecom","twitter:card":"summary_large_image","twitter:site":"@SoyMigrante_com","twitter:title":"Un puente de Monjas Blancas pinta Johnny Castillo en L.A.","twitter:description":"La pincelada sincera del artista migrante guatemalteco Johnny Castillo se abre paso en California. Lleg\u00f3 a USA a los 7 a\u00f1os y esta es su historia.","twitter:creator":"@SoyMigrante_com","twitter:image":"https:\/\/soymigrante.com\/revista\/wp-content\/uploads\/2025\/09\/johnny-castillo-1.png"},"aioseo_meta_data":{"post_id":"47826","title":"Pablo Le\u00f3n dibuja comics, realidades y esperanzas en L.A.","description":"Dise\u00f1ador guatemalteco Pablo Le\u00f3n ha producido historietas y animaciones, incluyendo Spiderman Miles Morales, memoria hist\u00f3rica de Guatemala y cultura maya.","keywords":null,"keyphrases":{"focus":{"keyphrase":"Dise\u00f1ador","score":51,"analysis":{"keyphraseInTitle":{"score":3,"maxScore":9,"error":1},"keyphraseInDescription":{"score":9,"maxScore":9,"error":0},"keyphraseLength":{"score":9,"maxScore":9,"error":0,"length":2},"keyphraseInURL":{"score":5,"maxScore":5,"error":0},"keyphraseInIntroduction":{"score":3,"maxScore":9,"error":1},"keyphraseInSubHeadings":{"score":3,"maxScore":9,"error":1},"keyphraseInImageAlt":{"score":3,"maxScore":9,"error":1},"keywordDensity":{"score":0,"type":"low","maxScore":9,"error":1}}},"additional":[{"keyphrase":"Guatemalteco","score":100,"analysis":{"keyphraseInDescription":{"score":9,"maxScore":9,"error":0},"keyphraseLength":{"score":9,"maxScore":9,"error":0,"length":1},"keyphraseInIntroduction":{"score":9,"maxScore":9,"error":0},"keyphraseInImageAlt":{"score":9,"maxScore":9,"error":0},"keywordDensity":{"type":"best","score":9,"maxScore":9,"error":0}}},{"keyphrase":"L.A.","score":40,"analysis":{"keyphraseInDescription":{"score":3,"maxScore":9,"error":1},"keyphraseLength":{"score":9,"maxScore":9,"error":0,"length":1},"keyphraseInIntroduction":{"score":3,"maxScore":9,"error":1},"keyphraseInImageAlt":{"score":3,"maxScore":9,"error":1},"keywordDensity":{"score":0,"type":"low","maxScore":9,"error":1}}}]},"primary_term":null,"canonical_url":null,"og_title":null,"og_description":null,"og_object_type":"default","og_image_type":"default","og_image_url":null,"og_image_width":null,"og_image_height":null,"og_image_custom_url":null,"og_image_custom_fields":null,"og_video":"","og_custom_url":null,"og_article_section":null,"og_article_tags":null,"twitter_use_og":false,"twitter_card":"default","twitter_image_type":"default","twitter_image_url":null,"twitter_image_custom_url":null,"twitter_image_custom_fields":null,"twitter_title":null,"twitter_description":null,"schema":{"blockGraphs":[],"customGraphs":[],"default":{"data":{"Article":[],"Course":[],"Dataset":[],"FAQPage":[],"Movie":[],"Person":[],"Product":[],"ProductReview":[],"Car":[],"Recipe":[],"Service":[],"SoftwareApplication":[],"WebPage":[]},"graphName":"none","isEnabled":true},"graphs":[]},"schema_type":"default","schema_type_options":null,"pillar_content":false,"robots_default":true,"robots_noindex":false,"robots_noarchive":false,"robots_nosnippet":false,"robots_nofollow":false,"robots_noimageindex":false,"robots_noodp":false,"robots_notranslate":false,"robots_max_snippet":"-1","robots_max_videopreview":"-1","robots_max_imagepreview":"large","priority":null,"frequency":"default","local_seo":null,"seo_analyzer_scan_date":"2025-10-28 23:41:11","breadcrumb_settings":null,"limit_modified_date":false,"reviewed_by":"0","open_ai":null,"ai":{"faqs":[],"keyPoints":[],"titles":[],"descriptions":[],"socialPosts":{"email":[],"linkedin":[],"twitter":[],"facebook":[],"instagram":[]}},"created":"2025-10-28 22:10:30","updated":"2026-02-05 06:56:16"},"aioseo_breadcrumb":"<div class=\"aioseo-breadcrumbs\"><span class=\"aioseo-breadcrumb\">\n\t<a href=\"https:\/\/soymigrante.com\/revista\" title=\"Home\">Home<\/a>\n<\/span><span class=\"aioseo-breadcrumb-separator\">\u00bb<\/span><span class=\"aioseo-breadcrumb\">\n\t<a href=\"https:\/\/soymigrante.com\/revista\/category\/exitos\/\" title=\"\u00c9xitos\">\u00c9xitos<\/a>\n<\/span><span class=\"aioseo-breadcrumb-separator\">\u00bb<\/span><span class=\"aioseo-breadcrumb\">\n\t<a href=\"https:\/\/soymigrante.com\/revista\/category\/exitos\/guatemala\/\" title=\"Guatemala\">Guatemala<\/a>\n<\/span><span class=\"aioseo-breadcrumb-separator\">\u00bb<\/span><span class=\"aioseo-breadcrumb\">\n\tDise\u00f1ador guatemalteco Pablo Le\u00f3n crea comics, historia y esperanza en Los Angeles\n<\/span><\/div>","aioseo_breadcrumb_json":[{"label":"Home","link":"https:\/\/soymigrante.com\/revista"},{"label":"\u00c9xitos","link":"https:\/\/soymigrante.com\/revista\/category\/exitos\/"},{"label":"Guatemala","link":"https:\/\/soymigrante.com\/revista\/category\/exitos\/guatemala\/"},{"label":"Dise\u00f1ador guatemalteco Pablo Le\u00f3n crea comics, historia y esperanza en Los Angeles","link":"https:\/\/soymigrante.com\/revista\/disenador-guatemalteco-pablo-leon-crea-comics-historia-y-esperanza-en-l-a\/"}],"_links":{"self":[{"href":"https:\/\/soymigrante.com\/revista\/wp-json\/wp\/v2\/posts\/47826","targetHints":{"allow":["GET"]}}],"collection":[{"href":"https:\/\/soymigrante.com\/revista\/wp-json\/wp\/v2\/posts"}],"about":[{"href":"https:\/\/soymigrante.com\/revista\/wp-json\/wp\/v2\/types\/post"}],"author":[{"embeddable":true,"href":"https:\/\/soymigrante.com\/revista\/wp-json\/wp\/v2\/users\/7"}],"replies":[{"embeddable":true,"href":"https:\/\/soymigrante.com\/revista\/wp-json\/wp\/v2\/comments?post=47826"}],"version-history":[{"count":11,"href":"https:\/\/soymigrante.com\/revista\/wp-json\/wp\/v2\/posts\/47826\/revisions"}],"predecessor-version":[{"id":47843,"href":"https:\/\/soymigrante.com\/revista\/wp-json\/wp\/v2\/posts\/47826\/revisions\/47843"}],"wp:featuredmedia":[{"embeddable":true,"href":"https:\/\/soymigrante.com\/revista\/wp-json\/wp\/v2\/media\/47827"}],"wp:attachment":[{"href":"https:\/\/soymigrante.com\/revista\/wp-json\/wp\/v2\/media?parent=47826"}],"wp:term":[{"taxonomy":"category","embeddable":true,"href":"https:\/\/soymigrante.com\/revista\/wp-json\/wp\/v2\/categories?post=47826"},{"taxonomy":"post_tag","embeddable":true,"href":"https:\/\/soymigrante.com\/revista\/wp-json\/wp\/v2\/tags?post=47826"}],"curies":[{"name":"wp","href":"https:\/\/api.w.org\/{rel}","templated":true}]}}