{"id":4773,"date":"2026-01-27T15:58:28","date_gmt":"2026-01-27T21:58:28","guid":{"rendered":"https:\/\/soymigrante.com\/revista\/?p=4773"},"modified":"2026-01-27T15:58:36","modified_gmt":"2026-01-27T21:58:36","slug":"consejos-migrantes-gente-positiva-informarse-declarar-impuestos-correctamente","status":"publish","type":"post","link":"https:\/\/soymigrante.com\/revista\/consejos-migrantes-gente-positiva-informarse-declarar-impuestos-correctamente\/","title":{"rendered":"Temporada de declaraci\u00f3n de impuestos en USA: inf\u00f3rmate con personas capacitadas, positivas y acreditadas"},"content":{"rendered":"\t\t<div data-elementor-type=\"wp-post\" data-elementor-id=\"4773\" class=\"elementor elementor-4773\" data-elementor-post-type=\"post\">\n\t\t\t\t\t\t<section data-particle_enable=\"false\" data-particle-mobile-disabled=\"false\" class=\"elementor-section elementor-top-section elementor-element elementor-element-5277d91 elementor-section-boxed elementor-section-height-default elementor-section-height-default\" data-id=\"5277d91\" data-element_type=\"section\" data-e-type=\"section\">\n\t\t\t\t\t\t<div class=\"elementor-container elementor-column-gap-default\">\n\t\t\t\t\t<div class=\"elementor-column elementor-col-100 elementor-top-column elementor-element elementor-element-c32802b\" data-id=\"c32802b\" data-element_type=\"column\" data-e-type=\"column\">\n\t\t\t<div class=\"elementor-widget-wrap elementor-element-populated\">\n\t\t\t\t\t\t<div class=\"elementor-element elementor-element-a419c69 elementor-widget elementor-widget-heading\" data-id=\"a419c69\" data-element_type=\"widget\" data-e-type=\"widget\" data-widget_type=\"heading.default\">\n\t\t\t\t\t<h1 class=\"elementor-heading-title elementor-size-default\">A veces pedimos consejo migratorio o fiscal a quien no sabe y a menudo solo infunden miedos que ni siquiera aplican a nosotros. Por eso se debe buscar relacionarse con personas positivas y bien informadas.<\/h1>\t\t\t\t<\/div>\n\t\t\t\t\t<\/div>\n\t\t<\/div>\n\t\t\t\t\t<\/div>\n\t\t<\/section>\n\t\t\t\t<section data-particle_enable=\"false\" data-particle-mobile-disabled=\"false\" class=\"elementor-section elementor-top-section elementor-element elementor-element-9452689 elementor-section-boxed elementor-section-height-default elementor-section-height-default\" data-id=\"9452689\" data-element_type=\"section\" data-e-type=\"section\">\n\t\t\t\t\t\t<div class=\"elementor-container elementor-column-gap-default\">\n\t\t\t\t\t<div class=\"elementor-column elementor-col-100 elementor-top-column elementor-element elementor-element-ba673aa\" data-id=\"ba673aa\" data-element_type=\"column\" data-e-type=\"column\">\n\t\t\t<div class=\"elementor-widget-wrap elementor-element-populated\">\n\t\t\t\t\t\t<div class=\"elementor-element elementor-element-769d197 elementor-widget elementor-widget-text-editor\" data-id=\"769d197\" data-element_type=\"widget\" data-e-type=\"widget\" data-widget_type=\"text-editor.default\">\n\t\t\t\t\t\t\t\t\t<p><b>Por Pablo Higueros*<\/b><\/p>\t\t\t\t\t\t\t\t<\/div>\n\t\t\t\t\t<\/div>\n\t\t<\/div>\n\t\t\t\t\t<\/div>\n\t\t<\/section>\n\t\t\t\t<section data-particle_enable=\"false\" data-particle-mobile-disabled=\"false\" class=\"elementor-section elementor-top-section elementor-element elementor-element-04eeb2a elementor-section-boxed elementor-section-height-default elementor-section-height-default\" data-id=\"04eeb2a\" data-element_type=\"section\" data-e-type=\"section\">\n\t\t\t\t\t\t<div class=\"elementor-container elementor-column-gap-default\">\n\t\t\t\t\t<div class=\"elementor-column elementor-col-100 elementor-top-column elementor-element elementor-element-d9fea55\" data-id=\"d9fea55\" data-element_type=\"column\" data-e-type=\"column\">\n\t\t\t<div class=\"elementor-widget-wrap elementor-element-populated\">\n\t\t\t\t\t\t<div class=\"elementor-element elementor-element-6c9a947 elementor-widget elementor-widget-text-editor\" data-id=\"6c9a947\" data-element_type=\"widget\" data-e-type=\"widget\" data-widget_type=\"text-editor.default\">\n\t\t\t\t\t\t\t\t\t<p>Mi gente, yo siempre digo esto: no le hagan caso a la gente negativa. La gente negativa por lo regular te van a decir lo malo de las cosas porque no quieren verte bien. Ac\u00e9rcate a gente positiva,\u00a0 gente que busque una soluci\u00f3n, gente que pelee por ti. Y si eres un migrante en busca de legalizaci\u00f3n, comunique sus casos con abogados que los puedan ayudar de mejor manera.<\/p><p><span style=\"color: var( --e-global-color-text );\">Estamos prepar\u00e1ndonos para declarar los taxes, los impuestos. Yo tengo clientes que viven en diferentes estados. A mucha gente desgraciadamente les han cancelado sus visas, les han cancelado todo lo que ellos ya hab\u00edan logrado en tr\u00e1mites de migraci\u00f3n por no tener sus taxes, sus impuestos declarados de manera correcta.\u00a0<\/span><\/p>\t\t\t\t\t\t\t\t<\/div>\n\t\t\t\t\t<\/div>\n\t\t<\/div>\n\t\t\t\t\t<\/div>\n\t\t<\/section>\n\t\t\t\t<section data-particle_enable=\"false\" data-particle-mobile-disabled=\"false\" class=\"elementor-section elementor-top-section elementor-element elementor-element-47f4945 elementor-section-boxed elementor-section-height-default elementor-section-height-default\" data-id=\"47f4945\" data-element_type=\"section\" data-e-type=\"section\">\n\t\t\t\t\t\t<div class=\"elementor-container elementor-column-gap-default\">\n\t\t\t\t\t<div class=\"elementor-column elementor-col-100 elementor-top-column elementor-element elementor-element-ad42d3f\" data-id=\"ad42d3f\" data-element_type=\"column\" data-e-type=\"column\">\n\t\t\t<div class=\"elementor-widget-wrap elementor-element-populated\">\n\t\t\t\t\t\t<div class=\"elementor-element elementor-element-809af6a elementor-grid-eael-col-1 elementor-grid-tablet-eael-col-2 elementor-grid-mobile-eael-col-1 elementor-widget elementor-widget-eael-post-grid\" data-id=\"809af6a\" data-element_type=\"widget\" data-e-type=\"widget\" data-settings=\"{&quot;eael_post_grid_columns&quot;:&quot;eael-col-1&quot;,&quot;eael_post_grid_columns_tablet&quot;:&quot;eael-col-2&quot;,&quot;eael_post_grid_columns_mobile&quot;:&quot;eael-col-1&quot;}\" data-widget_type=\"eael-post-grid.default\">\n\t\t\t\t\t<div id=\"eael-post-grid-809af6a\" class=\"eael-post-grid-container\">\n            <div class=\"eael-post-grid eael-post-appender eael-post-appender-809af6a eael-post-grid-style-one\" data-layout-mode=\"masonry\"><article class=\"eael-grid-post  eael-post-grid-column eael-pg-post-4286 category-lugar-de-voces\" data-id=\"4286\">\n        <div class=\"eael-grid-post-holder\">\n            <div class=\"eael-grid-post-holder-inner\"><div class=\"eael-entry-media\"><div class=\"eael-entry-overlay fade-in\"><i class=\"far fa-hand-pointer\" aria-hidden=\"true\"><\/i><a href=\"https:\/\/soymigrante.com\/revista\/consejos-declaracion-impuestos-estados-unidos-migrantes-experto\/\"><\/a><\/div><div class=\"eael-entry-thumbnail \">\n                <img fetchpriority=\"high\" decoding=\"async\" width=\"300\" height=\"226\" src=\"https:\/\/soymigrante.com\/revista\/wp-content\/uploads\/2024\/01\/tax-300x226.webp\" class=\"attachment-medium size-medium wp-image-4293\" alt=\"\" srcset=\"https:\/\/soymigrante.com\/revista\/wp-content\/uploads\/2024\/01\/tax-300x226.webp 300w, https:\/\/soymigrante.com\/revista\/wp-content\/uploads\/2024\/01\/tax-768x578.webp 768w, https:\/\/soymigrante.com\/revista\/wp-content\/uploads\/2024\/01\/tax-750x565.webp 750w, https:\/\/soymigrante.com\/revista\/wp-content\/uploads\/2024\/01\/tax.webp 777w\" sizes=\"(max-width: 300px) 100vw, 300px\" \/>\n            <\/div>\n        <\/div><div class=\"eael-entry-wrapper\"><header class=\"eael-entry-header\"><h2 class=\"eael-entry-title\"><a class=\"eael-grid-post-link\" href=\"https:\/\/soymigrante.com\/revista\/consejos-declaracion-impuestos-estados-unidos-migrantes-experto\/\" title=\"Temporada de impuestos: reportar ingreso personal al IRS es clave para el migrante.\">Temporada de impuestos: reportar ingreso personal al IRS es clave para el migrante.<\/a><\/h2><\/header><div class=\"eael-entry-content\">\n                        <div class=\"eael-grid-post-excerpt\"><a href=\"https:\/\/soymigrante.com\/revista\/consejos-declaracion-impuestos-estados-unidos-migrantes-experto\/\" class=\"eael-post-elements-readmore-btn\">Leer m\u00e1s<\/a><\/div>\n                    <\/div><\/div><\/div>\n        <\/div>\n    <\/article><\/div>\n            <div class=\"clearfix\"><\/div>\n        <\/div>\t\t\t\t<\/div>\n\t\t\t\t\t<\/div>\n\t\t<\/div>\n\t\t\t\t\t<\/div>\n\t\t<\/section>\n\t\t\t\t<section data-particle_enable=\"false\" data-particle-mobile-disabled=\"false\" class=\"elementor-section elementor-top-section elementor-element elementor-element-1658bb2 elementor-section-boxed elementor-section-height-default elementor-section-height-default\" data-id=\"1658bb2\" data-element_type=\"section\" data-e-type=\"section\">\n\t\t\t\t\t\t<div class=\"elementor-container elementor-column-gap-default\">\n\t\t\t\t\t<div class=\"elementor-column elementor-col-100 elementor-top-column elementor-element elementor-element-9e3b211\" data-id=\"9e3b211\" data-element_type=\"column\" data-e-type=\"column\">\n\t\t\t<div class=\"elementor-widget-wrap elementor-element-populated\">\n\t\t\t\t\t\t<div class=\"elementor-element elementor-element-815f28b elementor-widget elementor-widget-heading\" data-id=\"815f28b\" data-element_type=\"widget\" data-e-type=\"widget\" data-widget_type=\"heading.default\">\n\t\t\t\t\t<h2 class=\"elementor-heading-title elementor-size-default\">Cuidado con quien te aconsejas <\/h2>\t\t\t\t<\/div>\n\t\t\t\t\t<\/div>\n\t\t<\/div>\n\t\t\t\t\t<\/div>\n\t\t<\/section>\n\t\t\t\t<section data-particle_enable=\"false\" data-particle-mobile-disabled=\"false\" class=\"elementor-section elementor-top-section elementor-element elementor-element-e39969d elementor-section-boxed elementor-section-height-default elementor-section-height-default\" data-id=\"e39969d\" data-element_type=\"section\" data-e-type=\"section\">\n\t\t\t\t\t\t<div class=\"elementor-container elementor-column-gap-default\">\n\t\t\t\t\t<div class=\"elementor-column elementor-col-100 elementor-top-column elementor-element elementor-element-32cbfb9\" data-id=\"32cbfb9\" data-element_type=\"column\" data-e-type=\"column\">\n\t\t\t<div class=\"elementor-widget-wrap elementor-element-populated\">\n\t\t\t\t\t\t<div class=\"elementor-element elementor-element-dfd9428 elementor-widget elementor-widget-text-editor\" data-id=\"dfd9428\" data-element_type=\"widget\" data-e-type=\"widget\" data-widget_type=\"text-editor.default\">\n\t\t\t\t\t\t\t\t\t<p>Hay mucha gente que para hacer su declaraci\u00f3n decide ir con el vecino, con el primo, porque quieren ahorrarse dinero. Pero cuidado,\u00a0 tal vez la persona que te est\u00e1 haciendo la declaraci\u00f3n no tiene las credenciales adecuadas, no tiene la experiencia para poderte hacer un reporte bien hecho. Y esto cae en que despu\u00e9s puedes recibir una auditor\u00eda o inclusive puedes ser acusado<\/p><p>de evasi\u00f3n de impuestos. Y eso es un crimen federal, es un crimen que se paga y por eso te van a negar todo. Inclusive hay casos donde hay personas que ya son residentes y en el momento de que tienen algo fraudulento, el gobierno federal les puede quitar la residencia y los pueden meter a la c\u00e1rcel y despu\u00e9s deportar.\u00a0<\/p><p>Es algo de tener mucho, mucho cuidado.<\/p>\t\t\t\t\t\t\t\t<\/div>\n\t\t\t\t\t<\/div>\n\t\t<\/div>\n\t\t\t\t\t<\/div>\n\t\t<\/section>\n\t\t\t\t<section data-particle_enable=\"false\" data-particle-mobile-disabled=\"false\" class=\"elementor-section elementor-top-section elementor-element elementor-element-c62f0b2 elementor-section-boxed elementor-section-height-default elementor-section-height-default\" data-id=\"c62f0b2\" data-element_type=\"section\" data-e-type=\"section\">\n\t\t\t\t\t\t<div class=\"elementor-container elementor-column-gap-default\">\n\t\t\t\t\t<div class=\"elementor-column elementor-col-100 elementor-top-column elementor-element elementor-element-b7b74e6\" data-id=\"b7b74e6\" data-element_type=\"column\" data-e-type=\"column\">\n\t\t\t<div class=\"elementor-widget-wrap elementor-element-populated\">\n\t\t\t\t\t\t<div class=\"elementor-element elementor-element-b8d9623 elementor-widget elementor-widget-image\" data-id=\"b8d9623\" data-element_type=\"widget\" data-e-type=\"widget\" data-widget_type=\"image.default\">\n\t\t\t\t\t\t\t\t\t\t\t\t<figure class=\"wp-caption\">\n\t\t\t\t\t\t\t\t\t\t<img decoding=\"async\" width=\"775\" height=\"890\" src=\"https:\/\/soymigrante.com\/revista\/wp-content\/uploads\/2024\/02\/dsfgdsfdsfdsfdsf.webp\" class=\"attachment-large size-large wp-image-4776\" alt=\"Toda persona pero sobre todo los migrantes con expectativas de superaci\u00f3n debemos rodearnos de personas positivas, informadas y que nos brinden consejos asertivos, no negatividades\" srcset=\"https:\/\/soymigrante.com\/revista\/wp-content\/uploads\/2024\/02\/dsfgdsfdsfdsfdsf.webp 775w, https:\/\/soymigrante.com\/revista\/wp-content\/uploads\/2024\/02\/dsfgdsfdsfdsfdsf-261x300.webp 261w, https:\/\/soymigrante.com\/revista\/wp-content\/uploads\/2024\/02\/dsfgdsfdsfdsfdsf-768x882.webp 768w, https:\/\/soymigrante.com\/revista\/wp-content\/uploads\/2024\/02\/dsfgdsfdsfdsfdsf-750x861.webp 750w\" sizes=\"(max-width: 775px) 100vw, 775px\" title=\"Toda persona pero sobre todo los migrantes con expectativas de superaci\u00f3n debemos rodearnos de personas positivas, informadas y que nos brinden consejos asertivos, no negatividades \u2013 SoyMigrante.com REVISTA\" \/>\t\t\t\t\t\t\t\t\t\t\t<figcaption class=\"widget-image-caption wp-caption-text\">Toda persona pero sobre todo los migrantes con expectativas de superaci\u00f3n debemos rodearnos de personas positivas, informadas y que nos brinden consejos asertivos, no negatividades\n<\/figcaption>\n\t\t\t\t\t\t\t\t\t\t<\/figure>\n\t\t\t\t\t\t\t\t\t<\/div>\n\t\t\t\t\t<\/div>\n\t\t<\/div>\n\t\t\t\t\t<\/div>\n\t\t<\/section>\n\t\t\t\t<section data-particle_enable=\"false\" data-particle-mobile-disabled=\"false\" class=\"elementor-section elementor-top-section elementor-element elementor-element-20cd796 elementor-section-boxed elementor-section-height-default elementor-section-height-default\" data-id=\"20cd796\" data-element_type=\"section\" data-e-type=\"section\">\n\t\t\t\t\t\t<div class=\"elementor-container elementor-column-gap-default\">\n\t\t\t\t\t<div class=\"elementor-column elementor-col-100 elementor-top-column elementor-element elementor-element-12c5398\" data-id=\"12c5398\" data-element_type=\"column\" data-e-type=\"column\">\n\t\t\t<div class=\"elementor-widget-wrap elementor-element-populated\">\n\t\t\t\t\t\t<div class=\"elementor-element elementor-element-837e06a elementor-widget elementor-widget-heading\" data-id=\"837e06a\" data-element_type=\"widget\" data-e-type=\"widget\" data-widget_type=\"heading.default\">\n\t\t\t\t\t<h2 class=\"elementor-heading-title elementor-size-default\">El peor error es...<\/h2>\t\t\t\t<\/div>\n\t\t\t\t\t<\/div>\n\t\t<\/div>\n\t\t\t\t\t<\/div>\n\t\t<\/section>\n\t\t\t\t<section data-particle_enable=\"false\" data-particle-mobile-disabled=\"false\" class=\"elementor-section elementor-top-section elementor-element elementor-element-1bddadd elementor-section-boxed elementor-section-height-default elementor-section-height-default\" data-id=\"1bddadd\" data-element_type=\"section\" data-e-type=\"section\">\n\t\t\t\t\t\t<div class=\"elementor-container elementor-column-gap-default\">\n\t\t\t\t\t<div class=\"elementor-column elementor-col-100 elementor-top-column elementor-element elementor-element-bf42628\" data-id=\"bf42628\" data-element_type=\"column\" data-e-type=\"column\">\n\t\t\t<div class=\"elementor-widget-wrap elementor-element-populated\">\n\t\t\t\t\t\t<div class=\"elementor-element elementor-element-635a105 elementor-widget elementor-widget-text-editor\" data-id=\"635a105\" data-element_type=\"widget\" data-e-type=\"widget\" data-widget_type=\"text-editor.default\">\n\t\t\t\t\t\t\t\t\t<p>El peor error de\u00a0 gente hispana aqu\u00ed en este pa\u00eds, muchas de las veces es la falta de informaci\u00f3n y creernos todo lo que el vecino, el t\u00edo, el compa\u00f1ero de trabajo nos dicen cuando son cosas negativas y que tal vez no aplican a nosotros. Pero como nosotros lo creemos y lo hacemos verdad en nuestras vidas.<\/p><p>Y por eso es que no salimos adelante, por eso es que no prosperamos. Por eso es que nos quedamos atorados en un hoyo donde no encontramos la salida.<\/p><p>El tel\u00e9fono no es nada m\u00e1s para hacer llamadas o para estar en Facebook o para estar viendo videos. A veces empiezo a ver un video. Me gust\u00f3 y me lleva otro y a otro y a otro. Cuando me doy cuenta, ya perd\u00ed media hora de trabajo.<\/p>\t\t\t\t\t\t\t\t<\/div>\n\t\t\t\t\t<\/div>\n\t\t<\/div>\n\t\t\t\t\t<\/div>\n\t\t<\/section>\n\t\t\t\t<section data-particle_enable=\"false\" data-particle-mobile-disabled=\"false\" class=\"elementor-section elementor-top-section elementor-element elementor-element-2d062d8 elementor-section-boxed elementor-section-height-default elementor-section-height-default\" data-id=\"2d062d8\" data-element_type=\"section\" data-e-type=\"section\">\n\t\t\t\t\t\t<div class=\"elementor-container elementor-column-gap-default\">\n\t\t\t\t\t<div class=\"elementor-column elementor-col-100 elementor-top-column elementor-element elementor-element-74e5f76\" data-id=\"74e5f76\" data-element_type=\"column\" data-e-type=\"column\">\n\t\t\t<div class=\"elementor-widget-wrap elementor-element-populated\">\n\t\t\t\t\t\t<div class=\"elementor-element elementor-element-8482d49 elementor-widget elementor-widget-facebook-embed\" data-id=\"8482d49\" data-element_type=\"widget\" data-e-type=\"widget\" data-widget_type=\"facebook-embed.default\">\n\t\t\t\t\t<div style=\"min-height: 1px\" class=\"elementor-facebook-widget fb-post\" data-href=\"https:\/\/www.facebook.com\/pablo.higuerosdurini\/videos\/1491022184806483\" data-show-text=\"false\"><\/div>\t\t\t\t<\/div>\n\t\t\t\t\t<\/div>\n\t\t<\/div>\n\t\t\t\t\t<\/div>\n\t\t<\/section>\n\t\t\t\t<section data-particle_enable=\"false\" data-particle-mobile-disabled=\"false\" class=\"elementor-section elementor-top-section elementor-element elementor-element-a21a7ec elementor-section-boxed elementor-section-height-default elementor-section-height-default\" data-id=\"a21a7ec\" data-element_type=\"section\" data-e-type=\"section\">\n\t\t\t\t\t\t<div class=\"elementor-container elementor-column-gap-default\">\n\t\t\t\t\t<div class=\"elementor-column elementor-col-100 elementor-top-column elementor-element elementor-element-5e8eb24\" data-id=\"5e8eb24\" data-element_type=\"column\" data-e-type=\"column\">\n\t\t\t<div class=\"elementor-widget-wrap elementor-element-populated\">\n\t\t\t\t\t\t<div class=\"elementor-element elementor-element-246a2ab elementor-widget elementor-widget-heading\" data-id=\"246a2ab\" data-element_type=\"widget\" data-e-type=\"widget\" data-widget_type=\"heading.default\">\n\t\t\t\t\t<h2 class=\"elementor-heading-title elementor-size-default\">Quiz\u00e1 podr\u00edas aplicar a una visa VAWA <\/h2>\t\t\t\t<\/div>\n\t\t\t\t\t<\/div>\n\t\t<\/div>\n\t\t\t\t\t<\/div>\n\t\t<\/section>\n\t\t\t\t<section data-particle_enable=\"false\" data-particle-mobile-disabled=\"false\" class=\"elementor-section elementor-top-section elementor-element elementor-element-e3f2cc8 elementor-section-boxed elementor-section-height-default elementor-section-height-default\" data-id=\"e3f2cc8\" data-element_type=\"section\" data-e-type=\"section\">\n\t\t\t\t\t\t<div class=\"elementor-container elementor-column-gap-default\">\n\t\t\t\t\t<div class=\"elementor-column elementor-col-100 elementor-top-column elementor-element elementor-element-5e1e6d4\" data-id=\"5e1e6d4\" data-element_type=\"column\" data-e-type=\"column\">\n\t\t\t<div class=\"elementor-widget-wrap elementor-element-populated\">\n\t\t\t\t\t\t<div class=\"elementor-element elementor-element-72c715d elementor-widget elementor-widget-text-editor\" data-id=\"72c715d\" data-element_type=\"widget\" data-e-type=\"widget\" data-widget_type=\"text-editor.default\">\n\t\t\t\t\t\t\t\t\t<p>Dentro de las oportunidades que muchos migrantes pueden tener para regularizar su situaci\u00f3n est\u00e1 <a href=\"https:\/\/www.uscis.gov\/es\/residencia-permanente-tarjeta-verde\/categorias-de-elegibilidad-a-la-residencia-permanente\/residencia-permanente-para-autopeticionario-vawa\">la visa VAWA<\/a>, que surgi\u00f3 dirigida a mujeres v\u00edctimas de violencia, pero que actualmente no solo aplica a mujeres, sino a toda persona que pueda demostrar ser v\u00edctima de algun tipo de acoso, agresi\u00f3n, chantaje o violencia.<\/p><p>Hay personas que vinieron con la esperanza de que su pareja les ofreci\u00f3 tramitar su residencia y esto se vuelve despu\u00e9s un chantaje. O bien esta pareja se neg\u00f3 a arreglar el tr\u00e1mite para perjudicarle. Para esas v\u00edctimas existe el programa VAWA, pero para saber si eres elegible y qu\u00e9 requisitos, documentos y evidencias necesitas debes consultar con un abogado migratorio. No con el vecino, no con personas que no conozcan del tema. Por eso digo debemos rodearnos de personas que nos ayuden a aprender.<\/p><p>E<a href=\"https:\/\/www.uscis.gov\/es\/residencia-permanente-tarjeta-verde\/categorias-de-elegibilidad-a-la-residencia-permanente\/residencia-permanente-para-autopeticionario-vawa\">xisten posibilidades de aplicar a una visa VAWA,<\/a> pero es necesario informarse, preguntar. En todo caso yo dejo por aqu\u00ed mi contacto por si alguien desea hacer alguna consulta, estoy para servirles mi gente.<\/p><p>Correo:\u00a0<span style=\"background-color: #f0f0f0; color: #050505; font-family: 'Segoe UI Historic', 'Segoe UI', Helvetica, Arial, sans-serif; font-size: 15px; font-style: normal; font-variant-ligatures: normal; font-variant-caps: normal; font-weight: 400; white-space-collapse: preserve;\">Pabloesteban83@gmail.com<\/span><\/p>\t\t\t\t\t\t\t\t<\/div>\n\t\t\t\t\t<\/div>\n\t\t<\/div>\n\t\t\t\t\t<\/div>\n\t\t<\/section>\n\t\t\t\t<section data-particle_enable=\"false\" data-particle-mobile-disabled=\"false\" class=\"elementor-section elementor-top-section elementor-element elementor-element-b61c845 elementor-section-boxed elementor-section-height-default elementor-section-height-default\" data-id=\"b61c845\" data-element_type=\"section\" data-e-type=\"section\">\n\t\t\t\t\t\t<div class=\"elementor-container elementor-column-gap-default\">\n\t\t\t\t\t<div class=\"elementor-column elementor-col-100 elementor-top-column elementor-element elementor-element-1d73615\" data-id=\"1d73615\" data-element_type=\"column\" data-e-type=\"column\">\n\t\t\t<div class=\"elementor-widget-wrap elementor-element-populated\">\n\t\t\t\t\t\t<div class=\"elementor-element elementor-element-e0e377e elementor-widget elementor-widget-testimonial\" data-id=\"e0e377e\" data-element_type=\"widget\" data-e-type=\"widget\" data-widget_type=\"testimonial.default\">\n\t\t\t\t\t\t\t<div class=\"elementor-testimonial-wrapper\">\n\t\t\t\t\t\t\t<div class=\"elementor-testimonial-content\">Pablo Esteban Higueros Durini es migrante guatemalteco y ciudadano estadounidense radicado en Texas. Es experto en asesor\u00eda de impuestos y tambi\u00e9n brinda claves de aspectos migratorios o contacto con abogados del \u00e1rea. A trav\u00e9s de su canal de Facebook presenta consejos a la comunidad hispana. Para ver su perfil FB puede DAR CLIC en la imagen<\/div>\n\t\t\t\n\t\t\t\t\t\t<div class=\"elementor-testimonial-meta elementor-has-image elementor-testimonial-image-position-aside\">\n\t\t\t\t<div class=\"elementor-testimonial-meta-inner\">\n\t\t\t\t\t\t\t\t\t\t\t<div class=\"elementor-testimonial-image\">\n\t\t\t\t\t\t\t<a href=\"https:\/\/www.facebook.com\/pablo.higuerosdurini\"><img decoding=\"async\" width=\"1080\" height=\"1080\" src=\"https:\/\/soymigrante.com\/revista\/wp-content\/uploads\/2024\/01\/Pablo-Higueros.webp\" class=\"attachment-full size-full wp-image-4287\" alt=\"Pablo Higueros recomienda la transparencia, declarar a tiempo y tener el orden de documentos, como facturas y comprobantes.\" title=\"Pablo Higueros \u2013 SoyMigrante.com REVISTA\" srcset=\"https:\/\/soymigrante.com\/revista\/wp-content\/uploads\/2024\/01\/Pablo-Higueros.webp 1080w, https:\/\/soymigrante.com\/revista\/wp-content\/uploads\/2024\/01\/Pablo-Higueros-300x300.webp 300w, https:\/\/soymigrante.com\/revista\/wp-content\/uploads\/2024\/01\/Pablo-Higueros-1024x1024.webp 1024w, https:\/\/soymigrante.com\/revista\/wp-content\/uploads\/2024\/01\/Pablo-Higueros-150x150.webp 150w, https:\/\/soymigrante.com\/revista\/wp-content\/uploads\/2024\/01\/Pablo-Higueros-768x768.webp 768w, https:\/\/soymigrante.com\/revista\/wp-content\/uploads\/2024\/01\/Pablo-Higueros-75x75.webp 75w, https:\/\/soymigrante.com\/revista\/wp-content\/uploads\/2024\/01\/Pablo-Higueros-750x750.webp 750w, https:\/\/soymigrante.com\/revista\/wp-content\/uploads\/2024\/01\/Pablo-Higueros-600x600.webp 600w\" sizes=\"(max-width: 1080px) 100vw, 1080px\" \/><\/a>\t\t\t\t\t\t<\/div>\n\t\t\t\t\t\n\t\t\t\t\t\t\t\t\t\t<div class=\"elementor-testimonial-details\">\n\t\t\t\t\t\t\t\t\t\t\t\t\t\t<a class=\"elementor-testimonial-name\" href=\"https:\/\/www.facebook.com\/pablo.higuerosdurini\">Pablo Esteban Higueros<\/a>\n\t\t\t\t\t\t\t\t\t\t\t\t\t\t\t\t\t\t\t\t\t\t<a class=\"elementor-testimonial-job\" href=\"https:\/\/www.facebook.com\/pablo.higuerosdurini\">migrante guatemalteco y ciudadano\nestadounidense radicado en Texas.<\/a>\n\t\t\t\t\t\t\t\t\t\t\t\t\t<\/div>\n\t\t\t\t\t\t\t\t\t<\/div>\n\t\t\t<\/div>\n\t\t\t\t\t<\/div>\n\t\t\t\t\t\t<\/div>\n\t\t\t\t\t<\/div>\n\t\t<\/div>\n\t\t\t\t\t<\/div>\n\t\t<\/section>\n\t\t\t\t<\/div>\n\t\t","protected":false},"excerpt":{"rendered":"<p>A veces pedimos consejo migratorio o fiscal a quien no sabe y a menudo solo infunden miedos que ni siquiera aplican a nosotros. Por eso se debe buscar relacionarse con personas positivas y bien informadas. Por Pablo Higueros* Mi gente, yo siempre digo esto: no le hagan caso a la gente negativa. La gente negativa [&hellip;]<\/p>\n","protected":false},"author":1,"featured_media":6097,"comment_status":"open","ping_status":"open","sticky":false,"template":"","format":"standard","meta":{"_acf_changed":false,"_eb_attr":"","footnotes":""},"categories":[55],"tags":[],"class_list":["post-4773","post","type-post","status-publish","format-standard","has-post-thumbnail","hentry","category-bienestar"],"acf":[],"aioseo_notices":[],"aioseo_head":"\n\t\t<!-- All in One SEO Pro 4.9.6.2 - aioseo.com -->\n\t<meta name=\"description\" content=\"\u00bfVives y trabajas en EE.UU.? Lleg\u00f3 la temporada de impuestos. El plazo inici\u00f3 el 1 de enero y la fecha l\u00edmite para declarar &quot;taxes&quot; ante el IRS es el 15 de abril. El asesor fiscal y financiero Pablo Rodas recomienda: ser transparente, declarar a tiempo y tener en orden los documentos y recibos. Por Pablo La temporada de impuestos puede ser estresante para los contribuyentes, pero con consejos pr\u00e1cticos del experto Higueros es posible hacer el proceso m\u00e1s f\u00e1cil..\" \/>\n\t<meta name=\"robots\" content=\"max-snippet:-1, max-image-preview:large, max-video-preview:-1\" \/>\n\t<meta name=\"author\" content=\"SoyMigrante.com REVISTA\"\/>\n\t<link rel=\"canonical\" href=\"https:\/\/soymigrante.com\/revista\/consejos-migrantes-gente-positiva-informarse-declarar-impuestos-correctamente\/\" \/>\n\t<meta name=\"generator\" content=\"All in One SEO Pro (AIOSEO) 4.9.6.2\" \/>\n\n\t\t<link rel=\"preconnect\" href=\"https:\/\/fonts.googleapis.com\" crossorigin>\n<link rel=\"preconnect\" href=\"https:\/\/fonts.gstatic.com\" crossorigin>\n\t\t<meta property=\"og:locale\" content=\"es_ES\" \/>\n\t\t<meta property=\"og:site_name\" content=\"SoyMigrante.com REVISTA \u2013 Nuestra misi\u00f3n es reconocer y dignificar al migrante.\" \/>\n\t\t<meta property=\"og:type\" content=\"article\" \/>\n\t\t<meta property=\"og:title\" content=\"Temporada de declaraci\u00f3n de impuestos en USA: inf\u00f3rmate con personas capacitadas, positivas y acreditadas\" \/>\n\t\t<meta property=\"og:description\" content=\"A veces pedimos consejo migratorio o fiscal a quien no sabe y a menudo solo infunden miedos que ni siquiera aplican a nosotros. Por eso se debe buscar relacionarse con personas positivas y bien informadas. Por Pablo Higueros* Mi gente, yo siempre digo esto: no le hagan caso a la gente negativa. La gente negativa\" \/>\n\t\t<meta property=\"og:url\" content=\"https:\/\/soymigrante.com\/revista\/consejos-migrantes-gente-positiva-informarse-declarar-impuestos-correctamente\/\" \/>\n\t\t<meta property=\"og:image\" content=\"https:\/\/soymigrante.com\/revista\/wp-content\/uploads\/2024\/02\/Claves-migrantes.webp\" \/>\n\t\t<meta property=\"og:image:secure_url\" content=\"https:\/\/soymigrante.com\/revista\/wp-content\/uploads\/2024\/02\/Claves-migrantes.webp\" \/>\n\t\t<meta property=\"og:image:width\" content=\"1024\" \/>\n\t\t<meta property=\"og:image:height\" content=\"1024\" \/>\n\t\t<meta property=\"article:published_time\" content=\"2026-01-27T21:58:28+00:00\" \/>\n\t\t<meta property=\"article:modified_time\" content=\"2026-01-27T21:58:36+00:00\" \/>\n\t\t<meta property=\"article:publisher\" content=\"https:\/\/www.facebook.com\/soymigrantecom\" \/>\n\t\t<meta name=\"twitter:card\" content=\"summary_large_image\" \/>\n\t\t<meta name=\"twitter:site\" content=\"@SoyMigrante_com\" \/>\n\t\t<meta name=\"twitter:title\" content=\"Temporada de declaraci\u00f3n de impuestos en USA: inf\u00f3rmate con personas capacitadas, positivas y acreditadas\" \/>\n\t\t<meta name=\"twitter:description\" content=\"A veces pedimos consejo migratorio o fiscal a quien no sabe y a menudo solo infunden miedos que ni siquiera aplican a nosotros. Por eso se debe buscar relacionarse con personas positivas y bien informadas. Por Pablo Higueros* Mi gente, yo siempre digo esto: no le hagan caso a la gente negativa. La gente negativa\" \/>\n\t\t<meta name=\"twitter:creator\" content=\"@SoyMigrante_com\" \/>\n\t\t<meta name=\"twitter:image\" content=\"https:\/\/soymigrante.com\/revista\/wp-content\/uploads\/2024\/02\/Claves-migrantes.webp\" \/>\n\t\t<!-- All in One SEO Pro -->\r\n\t\t<title>Temporada de declaraci\u00f3n de impuestos en USA: inf\u00f3rmate con personas capacitadas, positivas y acreditadas<\/title>\n\n","aioseo_head_json":{"title":"Temporada de declaraci\u00f3n de impuestos en USA: inf\u00f3rmate con personas capacitadas, positivas y acreditadas","description":"A veces pedimos consejo migratorio o fiscal a quien no sabe y a menudo solo infunden miedos que ni siquiera aplican a nosotros. Por eso se debe buscar relacionarse con personas positivas y bien informadas. Por Pablo Higueros* Mi gente, yo siempre digo esto: no le hagan caso a la gente negativa. La gente negativa","canonical_url":"https:\/\/soymigrante.com\/revista\/consejos-migrantes-gente-positiva-informarse-declarar-impuestos-correctamente\/","robots":"max-snippet:-1, max-image-preview:large, max-video-preview:-1","keywords":"","webmasterTools":{"miscellaneous":"&lt;link rel=\"preconnect\" href=\"https:\/\/fonts.googleapis.com\" crossorigin&gt;\n&lt;link rel=\"preconnect\" href=\"https:\/\/fonts.gstatic.com\" crossorigin&gt;"},"schema":null,"og:locale":"es_ES","og:site_name":"SoyMigrante.com REVISTA \u2013 Nuestra misi\u00f3n es reconocer y dignificar al migrante.","og:type":"article","og:title":"Temporada de declaraci\u00f3n de impuestos en USA: inf\u00f3rmate con personas capacitadas, positivas y acreditadas","og:description":"A veces pedimos consejo migratorio o fiscal a quien no sabe y a menudo solo infunden miedos que ni siquiera aplican a nosotros. Por eso se debe buscar relacionarse con personas positivas y bien informadas. Por Pablo Higueros* Mi gente, yo siempre digo esto: no le hagan caso a la gente negativa. La gente negativa","og:url":"https:\/\/soymigrante.com\/revista\/consejos-migrantes-gente-positiva-informarse-declarar-impuestos-correctamente\/","og:image":"https:\/\/soymigrante.com\/revista\/wp-content\/uploads\/2024\/02\/Claves-migrantes.webp","og:image:secure_url":"https:\/\/soymigrante.com\/revista\/wp-content\/uploads\/2024\/02\/Claves-migrantes.webp","og:image:width":1024,"og:image:height":1024,"article:published_time":"2026-01-27T21:58:28+00:00","article:modified_time":"2026-01-27T21:58:36+00:00","article:publisher":"https:\/\/www.facebook.com\/soymigrantecom","twitter:card":"summary_large_image","twitter:site":"@SoyMigrante_com","twitter:title":"Temporada de declaraci\u00f3n de impuestos en USA: inf\u00f3rmate con personas capacitadas, positivas y acreditadas","twitter:description":"A veces pedimos consejo migratorio o fiscal a quien no sabe y a menudo solo infunden miedos que ni siquiera aplican a nosotros. Por eso se debe buscar relacionarse con personas positivas y bien informadas. Por Pablo Higueros* Mi gente, yo siempre digo esto: no le hagan caso a la gente negativa. La gente negativa","twitter:creator":"@SoyMigrante_com","twitter:image":"https:\/\/soymigrante.com\/revista\/wp-content\/uploads\/2024\/02\/Claves-migrantes.webp"},"aioseo_meta_data":{"post_id":"4773","title":null,"description":null,"keywords":null,"keyphrases":{"focus":{"keyphrase":"Migrantes","score":60,"analysis":{"keyphraseInTitle":{"score":3,"maxScore":9,"error":1},"keyphraseInDescription":{"score":9,"maxScore":9,"error":0},"keyphraseLength":{"score":9,"maxScore":9,"error":0,"length":1},"keyphraseInURL":{"score":5,"maxScore":5,"error":0},"keyphraseInIntroduction":{"score":3,"maxScore":9,"error":1},"keyphraseInSubHeadings":{"score":3,"maxScore":9,"error":1},"keyphraseInImageAlt":{"score":9,"maxScore":9,"error":0},"keywordDensity":{"score":0,"type":"low","maxScore":9,"error":1}}},"additional":[]},"primary_term":null,"canonical_url":null,"og_title":null,"og_description":null,"og_object_type":"default","og_image_type":"default","og_image_url":null,"og_image_width":null,"og_image_height":null,"og_image_custom_url":null,"og_image_custom_fields":null,"og_video":"","og_custom_url":null,"og_article_section":null,"og_article_tags":null,"twitter_use_og":false,"twitter_card":"default","twitter_image_type":"default","twitter_image_url":null,"twitter_image_custom_url":null,"twitter_image_custom_fields":null,"twitter_title":null,"twitter_description":null,"schema":{"blockGraphs":[],"customGraphs":[],"default":{"data":{"Article":[],"Course":[],"Dataset":[],"FAQPage":[],"Movie":[],"Person":[],"Product":[],"ProductReview":[],"Car":[],"Recipe":[],"Service":[],"SoftwareApplication":[],"WebPage":[]},"graphName":"NewsArticle","isEnabled":true},"graphs":[]},"schema_type":"default","schema_type_options":null,"pillar_content":false,"robots_default":true,"robots_noindex":false,"robots_noarchive":false,"robots_nosnippet":false,"robots_nofollow":false,"robots_noimageindex":false,"robots_noodp":false,"robots_notranslate":false,"robots_max_snippet":"-1","robots_max_videopreview":"-1","robots_max_imagepreview":"large","priority":null,"frequency":"default","local_seo":null,"seo_analyzer_scan_date":"2026-03-02 21:39:40","breadcrumb_settings":null,"limit_modified_date":false,"reviewed_by":"0","open_ai":null,"ai":{"faqs":[],"keyPoints":[],"titles":[],"descriptions":[],"socialPosts":{"email":[],"linkedin":[],"twitter":[],"facebook":[],"instagram":[]}},"created":"2024-02-08 17:25:57","updated":"2026-03-06 15:45:38"},"aioseo_breadcrumb":"<div class=\"aioseo-breadcrumbs\"><span class=\"aioseo-breadcrumb\">\n\t<a href=\"https:\/\/soymigrante.com\/revista\" title=\"Home\">Home<\/a>\n<\/span><span class=\"aioseo-breadcrumb-separator\">\u00bb<\/span><span class=\"aioseo-breadcrumb\">\n\t<a href=\"https:\/\/soymigrante.com\/revista\/category\/bienestar\/\" title=\"Bienestar\">Bienestar<\/a>\n<\/span><span class=\"aioseo-breadcrumb-separator\">\u00bb<\/span><span class=\"aioseo-breadcrumb\">\n\tTemporada de declaraci\u00f3n de impuestos en USA: inf\u00f3rmate con personas capacitadas, positivas y acreditadas\n<\/span><\/div>","aioseo_breadcrumb_json":[{"label":"Home","link":"https:\/\/soymigrante.com\/revista"},{"label":"Bienestar","link":"https:\/\/soymigrante.com\/revista\/category\/bienestar\/"},{"label":"Temporada de declaraci\u00f3n de impuestos en USA: inf\u00f3rmate con personas capacitadas, positivas y acreditadas","link":"https:\/\/soymigrante.com\/revista\/consejos-migrantes-gente-positiva-informarse-declarar-impuestos-correctamente\/"}],"_links":{"self":[{"href":"https:\/\/soymigrante.com\/revista\/wp-json\/wp\/v2\/posts\/4773","targetHints":{"allow":["GET"]}}],"collection":[{"href":"https:\/\/soymigrante.com\/revista\/wp-json\/wp\/v2\/posts"}],"about":[{"href":"https:\/\/soymigrante.com\/revista\/wp-json\/wp\/v2\/types\/post"}],"author":[{"embeddable":true,"href":"https:\/\/soymigrante.com\/revista\/wp-json\/wp\/v2\/users\/1"}],"replies":[{"embeddable":true,"href":"https:\/\/soymigrante.com\/revista\/wp-json\/wp\/v2\/comments?post=4773"}],"version-history":[{"count":2,"href":"https:\/\/soymigrante.com\/revista\/wp-json\/wp\/v2\/posts\/4773\/revisions"}],"predecessor-version":[{"id":51556,"href":"https:\/\/soymigrante.com\/revista\/wp-json\/wp\/v2\/posts\/4773\/revisions\/51556"}],"wp:featuredmedia":[{"embeddable":true,"href":"https:\/\/soymigrante.com\/revista\/wp-json\/wp\/v2\/media\/6097"}],"wp:attachment":[{"href":"https:\/\/soymigrante.com\/revista\/wp-json\/wp\/v2\/media?parent=4773"}],"wp:term":[{"taxonomy":"category","embeddable":true,"href":"https:\/\/soymigrante.com\/revista\/wp-json\/wp\/v2\/categories?post=4773"},{"taxonomy":"post_tag","embeddable":true,"href":"https:\/\/soymigrante.com\/revista\/wp-json\/wp\/v2\/tags?post=4773"}],"curies":[{"name":"wp","href":"https:\/\/api.w.org\/{rel}","templated":true}]}}