{"id":47709,"date":"2025-10-24T16:17:25","date_gmt":"2025-10-24T22:17:25","guid":{"rendered":"https:\/\/soymigrante.com\/revista\/?p=47709"},"modified":"2025-11-24T11:00:34","modified_gmt":"2025-11-24T17:00:34","slug":"dra-alejandra-paniagua-construye-en-new-york-un-puente-entre-la-medicina-y-el-alma","status":"publish","type":"post","link":"https:\/\/soymigrante.com\/revista\/dra-alejandra-paniagua-construye-en-new-york-un-puente-entre-la-medicina-y-el-alma\/","title":{"rendered":"Dra. Alejandra Paniagua construye en New York un puente entre la medicina y el alma"},"content":{"rendered":"\t\t<div data-elementor-type=\"wp-post\" data-elementor-id=\"47709\" class=\"elementor elementor-47709\" data-elementor-post-type=\"post\">\n\t\t\t\t<div data-particle_enable=\"false\" data-particle-mobile-disabled=\"false\" class=\"elementor-element elementor-element-dd14954 e-flex e-con-boxed e-con e-parent\" data-id=\"dd14954\" data-element_type=\"container\" data-e-type=\"container\">\n\t\t\t\t\t<div class=\"e-con-inner\">\n\t\t\t\t<div class=\"elementor-element elementor-element-eaf61fc elementor-widget elementor-widget-heading\" data-id=\"eaf61fc\" data-element_type=\"widget\" data-e-type=\"widget\" data-widget_type=\"heading.default\">\n\t\t\t\t\t<h2 class=\"elementor-heading-title elementor-size-default\">La m\u00e9dica guatemalteca Alejandra Paniagua estudia el posdoctorado en la Universidad de Columbia, NY, enfocado en un proyecto piloto de atenci\u00f3n de salud mental en Santiago Atitl\u00e1n, Solol\u00e1.<\/h2>\t\t\t\t<\/div>\n\t\t\t\t\t<\/div>\n\t\t\t\t<\/div>\n\t\t<div data-particle_enable=\"false\" data-particle-mobile-disabled=\"false\" class=\"elementor-element elementor-element-5a26a6e e-flex e-con-boxed e-con e-parent\" data-id=\"5a26a6e\" data-element_type=\"container\" data-e-type=\"container\">\n\t\t\t\t\t<div class=\"e-con-inner\">\n\t\t\t\t<div class=\"elementor-element elementor-element-b488e49 elementor-widget elementor-widget-text-editor\" data-id=\"b488e49\" data-element_type=\"widget\" data-e-type=\"widget\" data-widget_type=\"text-editor.default\">\n\t\t\t\t\t\t\t\t\t<p>La historia de la doctora Alejandra Paniagua est\u00e1 marcada por una convicci\u00f3n profunda: que <a href=\"https:\/\/soymigrante.com\/revista\/category\/mejor\/salud-emocional\/\">la salud mental<\/a> es un derecho humano b\u00e1sico y no un privilegio, pero a\u00fan as\u00ed no se le presta mucha atenci\u00f3n. &#8220;Y en Guatemala esto se marca a\u00fan m\u00e1s por falta de recursos y tambi\u00e9n por ciertas cuestiones culturales&#8221;, expresa desde su oficina en la Universidad de Columbia, New York, donde actualmente es fellow de posdoctorado en epidemiolog\u00eda psiqui\u00e1trica, a trav\u00e9s del cual impulsa un proyecto en <a href=\"https:\/\/soymigrante.com\/revista\/santiago-atitlan-es-otro-de-los-pueblos-alrededor-del-lago-mas-bello-del-mundo\/\">Santiago Atitl\u00e1n,<\/a> municipio de\u00a0<a href=\"https:\/\/soymigrante.com\/revista\/departamentos-de-guatemala-solola-tiene-un-corazon-de-agua-cristalina-entre-montanas\/\">Solol\u00e1<\/a>.<\/p><p>\u201cEso significa combinar la epidemiolog\u00eda con la psiquiatr\u00eda: encontrar causas e intervenciones para prevenir o tratar enfermedades mentales\u201d, completa, y est\u00e1 enfocada en un campo muy espec\u00edfico: los padecimientos de <a href=\"https:\/\/www.nimh.nih.gov\/health\/publications\/espanol\/la-esquizofrenia\">esquizofrenia<\/a> en \u00e1reas rurales de <a href=\"https:\/\/soymigrante.com\/revista\/22-departamentos-de-guatemala-un-corazon-multicultural-compartido\/\">Guatemala<\/a>, una enfermedad cr\u00f3nica y severa que, sin tratamiento, puede causar deterioro cognitivo y relaciones del paciente.\u00a0<\/p>\t\t\t\t\t\t\t\t<\/div>\n\t\t\t\t\t<\/div>\n\t\t\t\t<\/div>\n\t\t<div data-particle_enable=\"false\" data-particle-mobile-disabled=\"false\" class=\"elementor-element elementor-element-c12942a e-flex e-con-boxed e-con e-parent\" data-id=\"c12942a\" data-element_type=\"container\" data-e-type=\"container\">\n\t\t\t\t\t<div class=\"e-con-inner\">\n\t\t\t\t<div class=\"elementor-element elementor-element-735228b elementor-invisible elementor-widget elementor-widget-testimonial\" data-id=\"735228b\" data-element_type=\"widget\" data-e-type=\"widget\" data-settings=\"{&quot;_animation&quot;:&quot;rotateInUpRight&quot;}\" data-widget_type=\"testimonial.default\">\n\t\t\t\t\t\t\t<div class=\"elementor-testimonial-wrapper\">\n\t\t\t\t\t\t\t<div class=\"elementor-testimonial-content\">\"El desaf\u00edo de la salud mental no se puede enfrentar solo: se necesita del apoyo de la familia del paciente y tambi\u00e9n de la comunidad; pero tambi\u00e9n los proyectos no se pueden hacer individualmente, se necesita de trabajo colaborativo y en Santiago Atitl\u00e1n cuento con un equipo multidisciplinario altamente capaz y con gran don de servicio \".<\/div>\n\t\t\t\n\t\t\t\t\t\t<div class=\"elementor-testimonial-meta elementor-has-image elementor-testimonial-image-position-aside\">\n\t\t\t\t<div class=\"elementor-testimonial-meta-inner\">\n\t\t\t\t\t\t\t\t\t\t\t<div class=\"elementor-testimonial-image\">\n\t\t\t\t\t\t\t<img fetchpriority=\"high\" decoding=\"async\" width=\"536\" height=\"527\" src=\"https:\/\/soymigrante.com\/revista\/wp-content\/uploads\/2025\/10\/Captura-de-pantalla-2025-11-24-105954.png\" class=\"attachment-full size-full wp-image-48932\" alt=\"doctora alejandra paniagua\" title=\"doctora alejandra paniagua \u2013 SoyMigrante.com REVISTA\" srcset=\"https:\/\/soymigrante.com\/revista\/wp-content\/uploads\/2025\/10\/Captura-de-pantalla-2025-11-24-105954.png 536w, https:\/\/soymigrante.com\/revista\/wp-content\/uploads\/2025\/10\/Captura-de-pantalla-2025-11-24-105954-300x295.png 300w, https:\/\/soymigrante.com\/revista\/wp-content\/uploads\/2025\/10\/Captura-de-pantalla-2025-11-24-105954-75x75.png 75w\" sizes=\"(max-width: 536px) 100vw, 536px\" \/>\t\t\t\t\t\t<\/div>\n\t\t\t\t\t\n\t\t\t\t\t\t\t\t\t\t<div class=\"elementor-testimonial-details\">\n\t\t\t\t\t\t\t\t\t\t\t\t\t\t<div class=\"elementor-testimonial-name\">Dra. Alejandra Paniagua<\/div>\n\t\t\t\t\t\t\t\t\t\t\t\t\t\t\t\t\t\t\t\t\t\t<div class=\"elementor-testimonial-job\">M\u00e9dica psiquiatra guatemalteca, fellow de\nPosdoctorado en Epidemiolog\u00eda Psiqui\u00e1trica\nen la Universidad de Columbia. Ganadora\nde varias becas y reconocimientos por su\nlabor en favor de la salud mental en USA \ny Guatemala.<\/div>\n\t\t\t\t\t\t\t\t\t\t\t\t\t<\/div>\n\t\t\t\t\t\t\t\t\t<\/div>\n\t\t\t<\/div>\n\t\t\t\t\t<\/div>\n\t\t\t\t\t\t<\/div>\n\t\t\t\t\t<\/div>\n\t\t\t\t<\/div>\n\t\t<div data-particle_enable=\"false\" data-particle-mobile-disabled=\"false\" class=\"elementor-element elementor-element-e2af09c e-flex e-con-boxed e-con e-parent\" data-id=\"e2af09c\" data-element_type=\"container\" data-e-type=\"container\">\n\t\t\t\t\t<div class=\"e-con-inner\">\n\t\t\t\t<div class=\"elementor-element elementor-element-36ed875 elementor-widget elementor-widget-text-editor\" data-id=\"36ed875\" data-element_type=\"widget\" data-e-type=\"widget\" data-widget_type=\"text-editor.default\">\n\t\t\t\t\t\t\t\t\t<p>\u201cEn Guatemala la mayor parte de las personas con esquizofrenia y otros problemas de salud mental no reciben ning\u00fan tipo de tratamiento, sobre todo en \u00e1reas rurales\u201d.<\/p><p>Para comprender esa realidad, Alejandra y su equipo se han adentrado en las comunidades: \u201cInvolucramos a personas con esquizofrenia, familiares, cuidadores, proveedores de salud, comadronas, incluso terapeutas mayas. Les preguntamos a las personas qu\u00e9 es lo m\u00e1s importante para ellos, qu\u00e9 quisieran recuperar:\u00a0 Y lo que quieren es ser aceptados e integrados a sus familias, en la iglesia, en la vida diaria&#8221;.\u00a0<\/p>\t\t\t\t\t\t\t\t<\/div>\n\t\t\t\t\t<\/div>\n\t\t\t\t<\/div>\n\t\t<div data-particle_enable=\"false\" data-particle-mobile-disabled=\"false\" class=\"elementor-element elementor-element-960a15e e-flex e-con-boxed e-con e-parent\" data-id=\"960a15e\" data-element_type=\"container\" data-e-type=\"container\">\n\t\t\t\t\t<div class=\"e-con-inner\">\n\t\t\t\t<div class=\"elementor-element elementor-element-f122d58 elementor-widget elementor-widget-image\" data-id=\"f122d58\" data-element_type=\"widget\" data-e-type=\"widget\" data-widget_type=\"image.default\">\n\t\t\t\t\t\t\t\t\t\t\t\t<figure class=\"wp-caption\">\n\t\t\t\t\t\t\t\t\t\t<img decoding=\"async\" width=\"768\" height=\"576\" src=\"https:\/\/soymigrante.com\/revista\/wp-content\/uploads\/2025\/10\/alejandra-paniagua-von-ahn.jpg\" class=\"attachment-large size-large wp-image-48928\" alt=\"El 22 de noviembre de 2025, la doctora Alejandra Paniagua recibi\u00f3 el premio Visionario de la Fundaci\u00f3n Luis von Ahn, por sus aportes a la salud mental en Estados Unidos y Guatemala.\" srcset=\"https:\/\/soymigrante.com\/revista\/wp-content\/uploads\/2025\/10\/alejandra-paniagua-von-ahn.jpg 768w, https:\/\/soymigrante.com\/revista\/wp-content\/uploads\/2025\/10\/alejandra-paniagua-von-ahn-300x225.jpg 300w, https:\/\/soymigrante.com\/revista\/wp-content\/uploads\/2025\/10\/alejandra-paniagua-von-ahn-750x563.jpg 750w\" sizes=\"(max-width: 768px) 100vw, 768px\" title=\"El 22 de noviembre de 2025, la doctora Alejandra Paniagua recibi\u00f3 el premio Visionario de la Fundaci\u00f3n Luis von Ahn, por sus aportes a la salud mental en Estados Unidos y Guatemala. \u2013 SoyMigrante.com REVISTA\" \/>\t\t\t\t\t\t\t\t\t\t\t<figcaption class=\"widget-image-caption wp-caption-text\">El 22 de noviembre de 2025, la doctora Alejandra Paniagua recibi\u00f3 el premio Visionario de la Fundaci\u00f3n Luis von Ahn, por sus aportes a la salud mental en Estados Unidos y Guatemala.<\/figcaption>\n\t\t\t\t\t\t\t\t\t\t<\/figure>\n\t\t\t\t\t\t\t\t\t<\/div>\n\t\t\t\t\t<\/div>\n\t\t\t\t<\/div>\n\t\t<div data-particle_enable=\"false\" data-particle-mobile-disabled=\"false\" class=\"elementor-element elementor-element-5c8daac e-flex e-con-boxed e-con e-parent\" data-id=\"5c8daac\" data-element_type=\"container\" data-e-type=\"container\">\n\t\t\t\t\t<div class=\"e-con-inner\">\n\t\t\t\t<div class=\"elementor-element elementor-element-a7bf63f elementor-widget elementor-widget-text-editor\" data-id=\"a7bf63f\" data-element_type=\"widget\" data-e-type=\"widget\" data-widget_type=\"text-editor.default\">\n\t\t\t\t\t\t\t\t\t<h3>El programa Recupera<\/h3><p>De ese proceso naci\u00f3 el programa Recupera, una adaptaci\u00f3n guatemalteca de un modelo internacional de psicoeducaci\u00f3n familiar. \u201cLo hemos hecho en Solol\u00e1, especificamente en Santiago Atitl\u00e1n. Ya tenemos el programa desarrollado y estamos empezando con un grupo peque\u00f1o de familias que tienen a seres queridos con\u00a0<a href=\"https:\/\/www.nimh.nih.gov\/health\/publications\/espanol\/la-esquizofrenia\">esquizofr\u00e9nia<\/a>. Todo lo que hacemos est\u00e1 basado en integrar ciencia con sabidur\u00eda ancestral&#8221;, explica.\u00a0<\/p><p>Ya lleva m\u00e1s de dos a\u00f1os de implementarlo y ha tenido resultados alentadores. Aclara que programas as\u00ed no existen en Latinoam\u00e9rica, pero espera que sus avances animen a m\u00e1s pa\u00edses y sistema de salud a implementarlo.<\/p><p>\u201cLa familia es la principal fuente de apoyo o la que decide que la persona se va a quedar encerrada y sin tratamiento. Hay que empezar d\u00e1ndoles conocimientos, ense\u00f1arles que la <a href=\"https:\/\/www.nimh.nih.gov\/health\/publications\/espanol\/la-esquizofrenia\">esquizofrenia<\/a>\u00a0es una condici\u00f3n de salud: no es una maldici\u00f3n, ni una brujer\u00eda y que no es culpa de nadie. Ense\u00f1amos a comunicarse con el paciente, para integrarlo y evitar reca\u00eddas\u201d.<\/p><p>Durante la adaptaci\u00f3n del programa, la doctora ha empezado a ver algunos cambios\u201d\u00a0 \u201cPersonas que estaban encerradas por a\u00f1os, sin hablar, ahora llegan a los grupos, saludan, reconocen, dicen gracias. Son cambios peque\u00f1os, pero para cada familia eso es enorme\u201d.<\/p>\t\t\t\t\t\t\t\t<\/div>\n\t\t\t\t\t<\/div>\n\t\t\t\t<\/div>\n\t\t<div data-particle_enable=\"false\" data-particle-mobile-disabled=\"false\" class=\"elementor-element elementor-element-73a1cce e-flex e-con-boxed e-con e-parent\" data-id=\"73a1cce\" data-element_type=\"container\" data-e-type=\"container\">\n\t\t\t\t\t<div class=\"e-con-inner\">\n\t\t\t\t<div class=\"elementor-element elementor-element-727d520 elementor-widget elementor-widget-image\" data-id=\"727d520\" data-element_type=\"widget\" data-e-type=\"widget\" data-widget_type=\"image.default\">\n\t\t\t\t\t\t\t\t\t\t\t\t<figure class=\"wp-caption\">\n\t\t\t\t\t\t\t\t\t\t<img decoding=\"async\" width=\"773\" height=\"924\" src=\"https:\/\/soymigrante.com\/revista\/wp-content\/uploads\/2025\/10\/alejandra-paniagua-salud-mental-guatemala.png\" class=\"attachment-large size-large wp-image-47719\" alt=\"Durante cada estad\u00eda en Guatemala, la doctora Alejandra Paniagua se convence m\u00e1s de la necesidad de apoyar el desarrollo de mejores servicios de salud mental en el pa\u00eds, a la vez que reconecta con sus ra\u00edces familiares y tambi\u00e9n con las comunidades. El objetivo: potenciar la libertad de las personas para integrarse en armon\u00eda a la sociedad y vivir en plenitud. (Foto A. Paniagua)\" srcset=\"https:\/\/soymigrante.com\/revista\/wp-content\/uploads\/2025\/10\/alejandra-paniagua-salud-mental-guatemala.png 773w, https:\/\/soymigrante.com\/revista\/wp-content\/uploads\/2025\/10\/alejandra-paniagua-salud-mental-guatemala-251x300.png 251w, https:\/\/soymigrante.com\/revista\/wp-content\/uploads\/2025\/10\/alejandra-paniagua-salud-mental-guatemala-768x918.png 768w, https:\/\/soymigrante.com\/revista\/wp-content\/uploads\/2025\/10\/alejandra-paniagua-salud-mental-guatemala-750x897.png 750w\" sizes=\"(max-width: 773px) 100vw, 773px\" title=\"Durante cada estad\u00eda en Guatemala, la doctora Alejandra Paniagua se convence m\u00e1s de la necesidad de apoyar el desarrollo de mejores servicios de salud mental en el pa\u00eds, a la vez que reconecta con sus ra\u00edces familiares y tambi\u00e9n con las comunidades. El objetivo: potenciar la libertad de las personas para integrarse en armon\u00eda a la sociedad y vivir en plenitud. (Foto A. Paniagua) \u2013 SoyMigrante.com REVISTA\" \/>\t\t\t\t\t\t\t\t\t\t\t<figcaption class=\"widget-image-caption wp-caption-text\">Durante cada estad\u00eda en Guatemala, la doctora Alejandra Paniagua se convence m\u00e1s de la necesidad de apoyar el desarrollo de mejores servicios de salud mental en el pa\u00eds, a la vez que reconecta con sus ra\u00edces familiares y tambi\u00e9n con las comunidades. El objetivo: potenciar la libertad de las personas para integrarse en armon\u00eda a la sociedad y vivir en plenitud. (Foto A. Paniagua)<\/figcaption>\n\t\t\t\t\t\t\t\t\t\t<\/figure>\n\t\t\t\t\t\t\t\t\t<\/div>\n\t\t\t\t\t<\/div>\n\t\t\t\t<\/div>\n\t\t<div data-particle_enable=\"false\" data-particle-mobile-disabled=\"false\" class=\"elementor-element elementor-element-3fc0641 e-flex e-con-boxed e-con e-parent\" data-id=\"3fc0641\" data-element_type=\"container\" data-e-type=\"container\">\n\t\t\t\t\t<div class=\"e-con-inner\">\n\t\t\t\t<div class=\"elementor-element elementor-element-748647b elementor-widget elementor-widget-text-editor\" data-id=\"748647b\" data-element_type=\"widget\" data-e-type=\"widget\" data-widget_type=\"text-editor.default\">\n\t\t\t\t\t\t\t\t\t<h3>Una vocaci\u00f3n nacida del asombro ante la carencia<\/h3><p>Su compromiso naci\u00f3 temprano. \u201cDesde que estaba en secundaria me di cuenta de que la mayor\u00eda de personas en \u00e1reas rurales, principalmente poblaci\u00f3n ind\u00edgena, no tienen acceso a servicios de salud. Para m\u00ed eso fue impresionante. Yo ven\u00eda del privilegio de tener acceso, y eso me llev\u00f3 a estudiar Medicina\u201d.<\/p><p>Durante su formaci\u00f3n en la Universidad Francisco Marroqu\u00edn, y m\u00e1s tarde con estudios en la Universidad de Pensilvania y en Columbia, comprendi\u00f3 que si bien la salud f\u00edsica ten\u00eda deficiencias, la<a href=\"https:\/\/soymigrante.com\/revista\/category\/mejor\/salud-emocional\/\"> salud mental<\/a> era \u201cel \u00e1rea m\u00e1s abandonada\u201d.\u00a0<\/p><p>Adem\u00e1s de su experiencia profesional, reconoce un motivo personal: \u201cMientras estudiaba Medicina, mi familia vivi\u00f3 la dificultad de buscar servicios de <a href=\"https:\/\/soymigrante.com\/revista\/category\/mejor\/salud-emocional\/\">salud mental<\/a> para un integrante, en Guatemala. No los encontr\u00e1bamos, a pesar de que yo ya estaba en el campo m\u00e9dico. Eso me marc\u00f3 profundamente\u201d.<\/p>\t\t\t\t\t\t\t\t<\/div>\n\t\t\t\t\t<\/div>\n\t\t\t\t<\/div>\n\t\t<div data-particle_enable=\"false\" data-particle-mobile-disabled=\"false\" class=\"elementor-element elementor-element-5ab88a0 e-flex e-con-boxed e-con e-parent\" data-id=\"5ab88a0\" data-element_type=\"container\" data-e-type=\"container\">\n\t\t\t\t\t<div class=\"e-con-inner\">\n\t\t\t\t<div class=\"elementor-element elementor-element-e932389 elementor-widget elementor-widget-html\" data-id=\"e932389\" data-element_type=\"widget\" data-e-type=\"widget\" data-widget_type=\"html.default\">\n\t\t\t\t\t<iframe src=\"https:\/\/www.facebook.com\/plugins\/video.php?height=476&href=https%3A%2F%2Fwww.facebook.com%2Freel%2F319019287489000%2F&show_text=true&width=267&t=0\" width=\"267\" height=\"591\" style=\"border:none;overflow:hidden\" scrolling=\"no\" frameborder=\"0\" allowfullscreen=\"true\" allow=\"autoplay; clipboard-write; encrypted-media; picture-in-picture; web-share\" allowFullScreen=\"true\"><\/iframe>\t\t\t\t<\/div>\n\t\t\t\t\t<\/div>\n\t\t\t\t<\/div>\n\t\t<div data-particle_enable=\"false\" data-particle-mobile-disabled=\"false\" class=\"elementor-element elementor-element-05a12a7 e-flex e-con-boxed e-con e-parent\" data-id=\"05a12a7\" data-element_type=\"container\" data-e-type=\"container\">\n\t\t\t\t\t<div class=\"e-con-inner\">\n\t\t\t\t<div class=\"elementor-element elementor-element-b3ef4b4 elementor-widget elementor-widget-text-editor\" data-id=\"b3ef4b4\" data-element_type=\"widget\" data-e-type=\"widget\" data-widget_type=\"text-editor.default\">\n\t\t\t\t\t\t\t\t\t<h3>Entre dos mundos: un puente de amor y servicio<\/h3><p>Aunque reside parte del a\u00f1o efectuando estudios y an\u00e1lisis en Estados Unidos, Alejandra pasa varios meses en <a href=\"https:\/\/soymigrante.com\/revista\/22-departamentos-de-guatemala-un-corazon-multicultural-compartido\/\">Guatemala<\/a>. \u201cTrato de estar al menos dos meses en<a href=\"https:\/\/soymigrante.com\/revista\/santiago-atitlan-es-otro-de-los-pueblos-alrededor-del-lago-mas-bello-del-mundo\/\"> Santiago Atitl\u00e1n. <\/a>Hago capacitaci\u00f3n, supervisi\u00f3n, trabajo en equipo, y tambi\u00e9n apoyo emocional, porque en este campo escuchamos historias muy duras\u201d.<\/p><p>Pero su visi\u00f3n de la adversidad emocional es amplia y constante: desde su experiencia migrante, tambi\u00e9n observa la crisis emocional que viven miles de guatemaltecos en el exterior: \u201cLa poblaci\u00f3n latina vive actualmente un estr\u00e9s constante. Muchas personas ya no buscan ayuda m\u00e9dica por miedo. La migraci\u00f3n en s\u00ed es un factor de riesgo para ansiedad, depresi\u00f3n o incluso psicosis. Es una situaci\u00f3n humanitaria que no se reconoce como tal y ojal\u00e1 esto cambie\u201d.\u00a0<\/p>\t\t\t\t\t\t\t\t<\/div>\n\t\t\t\t\t<\/div>\n\t\t\t\t<\/div>\n\t\t<div data-particle_enable=\"false\" data-particle-mobile-disabled=\"false\" class=\"elementor-element elementor-element-bd1945b e-flex e-con-boxed e-con e-parent\" data-id=\"bd1945b\" data-element_type=\"container\" data-e-type=\"container\">\n\t\t\t\t\t<div class=\"e-con-inner\">\n\t\t\t\t<div class=\"elementor-element elementor-element-bb37f49 elementor-widget elementor-widget-html\" data-id=\"bb37f49\" data-element_type=\"widget\" data-e-type=\"widget\" data-widget_type=\"html.default\">\n\t\t\t\t\t<iframe width=\"560\" height=\"315\" src=\"https:\/\/www.youtube.com\/embed\/BQHPjHVyYHs?si=kcnBe721AWgR1LA9\" title=\"YouTube video player\" frameborder=\"0\" allow=\"accelerometer; autoplay; clipboard-write; encrypted-media; gyroscope; picture-in-picture; web-share\" referrerpolicy=\"strict-origin-when-cross-origin\" allowfullscreen><\/iframe>\t\t\t\t<\/div>\n\t\t\t\t\t<\/div>\n\t\t\t\t<\/div>\n\t\t<div data-particle_enable=\"false\" data-particle-mobile-disabled=\"false\" class=\"elementor-element elementor-element-3b5a106 e-flex e-con-boxed e-con e-parent\" data-id=\"3b5a106\" data-element_type=\"container\" data-e-type=\"container\">\n\t\t\t\t\t<div class=\"e-con-inner\">\n\t\t\t\t<div class=\"elementor-element elementor-element-c152156 elementor-widget elementor-widget-text-editor\" data-id=\"c152156\" data-element_type=\"widget\" data-e-type=\"widget\" data-widget_type=\"text-editor.default\">\n\t\t\t\t\t\t\t\t\t<h3><span style=\"font-family: Mulish, sans-serif; font-size: 29px; font-weight: bold;\">El sue\u00f1o que gu\u00eda la vida de la Dra. Alejandra Paniagua<\/span><\/h3>\n<p>\u201cMi sue\u00f1o \u2014dice\u2014 es que en Guatemala las personas con un problema de salud mental tengan la oportunidad de recuperarse, que no tengan que enfrentarlo solos, que sus familias tengan apoyo y sepan d\u00f3nde buscar ayuda. La recuperaci\u00f3n no es solo un tratamiento o una pastilla, es volver a trabajar, estudiar, sentirse parte de la comunidad\u201d.<\/p>\n<p>Con voz serena pero convencida, a\u00f1ade: \u201cS\u00e9 que es un sue\u00f1o dif\u00edcil, pero trabajo para eso. Espero que me queden unos treinta a\u00f1os m\u00e1s para seguir intent\u00e1ndolo\u201d. A trav\u00e9s de su asociaci\u00f3n llamada FundaMental, Alejandra espera llegar a poder brindar m\u00e1s servicios de salud emocional y menal a m\u00e1s guatemaltecos.<\/p>\t\t\t\t\t\t\t\t<\/div>\n\t\t\t\t\t<\/div>\n\t\t\t\t<\/div>\n\t\t<div data-particle_enable=\"false\" data-particle-mobile-disabled=\"false\" class=\"elementor-element elementor-element-bb61267 e-flex e-con-boxed e-con e-parent\" data-id=\"bb61267\" data-element_type=\"container\" data-e-type=\"container\">\n\t\t\t\t\t<div class=\"e-con-inner\">\n\t\t\t\t<div class=\"elementor-element elementor-element-459e73a elementor-widget elementor-widget-image\" data-id=\"459e73a\" data-element_type=\"widget\" data-e-type=\"widget\" data-widget_type=\"image.default\">\n\t\t\t\t\t\t\t\t\t\t\t\t<figure class=\"wp-caption\">\n\t\t\t\t\t\t\t\t\t\t<img loading=\"lazy\" decoding=\"async\" width=\"1024\" height=\"1024\" src=\"https:\/\/soymigrante.com\/revista\/wp-content\/uploads\/2025\/10\/fundacion-alejandra-paniagua-1024x1024.jpeg\" class=\"attachment-large size-large wp-image-47721\" alt=\"Alejandra Paniagua es fundadora de la Asociaci\u00f3n para la Salud Mental, Funda Mental, que impulsa el desarrollo de proyectos de atenci\u00f3n psicol\u00f3gica y psiqui\u00e1trica en Am\u00e9rica Latina. Para ir a su perfil de X, clic en la imagen.\" srcset=\"https:\/\/soymigrante.com\/revista\/wp-content\/uploads\/2025\/10\/fundacion-alejandra-paniagua-1024x1024.jpeg 1024w, https:\/\/soymigrante.com\/revista\/wp-content\/uploads\/2025\/10\/fundacion-alejandra-paniagua-300x300.jpeg 300w, https:\/\/soymigrante.com\/revista\/wp-content\/uploads\/2025\/10\/fundacion-alejandra-paniagua-150x150.jpeg 150w, https:\/\/soymigrante.com\/revista\/wp-content\/uploads\/2025\/10\/fundacion-alejandra-paniagua-768x768.jpeg 768w, https:\/\/soymigrante.com\/revista\/wp-content\/uploads\/2025\/10\/fundacion-alejandra-paniagua-75x75.jpeg 75w, https:\/\/soymigrante.com\/revista\/wp-content\/uploads\/2025\/10\/fundacion-alejandra-paniagua-750x750.jpeg 750w, https:\/\/soymigrante.com\/revista\/wp-content\/uploads\/2025\/10\/fundacion-alejandra-paniagua-1140x1140.jpeg 1140w, https:\/\/soymigrante.com\/revista\/wp-content\/uploads\/2025\/10\/fundacion-alejandra-paniagua.jpeg 1200w\" sizes=\"(max-width: 1024px) 100vw, 1024px\" title=\"Alejandra Paniagua es fundadora de la Asociaci\u00f3n para la Salud Mental,  Funda Mental, que impulsa el desarrollo de proyectos de atenci\u00f3n psicol\u00f3gica y psiqui\u00e1trica en Am\u00e9rica Latina. Para ir a su perfil de X, clic en la imagen. \u2013 SoyMigrante.com REVISTA\" \/>\t\t\t\t\t\t\t\t\t\t\t<figcaption class=\"widget-image-caption wp-caption-text\">Alejandra Paniagua es fundadora de la Asociaci\u00f3n para la Salud Mental,  Funda Mental, que impulsa el desarrollo de proyectos de atenci\u00f3n psicol\u00f3gica y psiqui\u00e1trica en Am\u00e9rica Latina. Para ir a su perfil de X, clic en la imagen.<\/figcaption>\n\t\t\t\t\t\t\t\t\t\t<\/figure>\n\t\t\t\t\t\t\t\t\t<\/div>\n\t\t\t\t\t<\/div>\n\t\t\t\t<\/div>\n\t\t<div data-particle_enable=\"false\" data-particle-mobile-disabled=\"false\" class=\"elementor-element elementor-element-b25a9da e-flex e-con-boxed e-con e-parent\" data-id=\"b25a9da\" data-element_type=\"container\" data-e-type=\"container\">\n\t\t\t\t\t<div class=\"e-con-inner\">\n\t\t\t\t<div class=\"elementor-element elementor-element-346b796 elementor-widget elementor-widget-heading\" data-id=\"346b796\" data-element_type=\"widget\" data-e-type=\"widget\" data-widget_type=\"heading.default\">\n\t\t\t\t\t<h2 class=\"elementor-heading-title elementor-size-default\">Grandes guatemaltecas de excelencia<\/h2>\t\t\t\t<\/div>\n\t\t\t\t\t<\/div>\n\t\t\t\t<\/div>\n\t\t<div data-particle_enable=\"false\" data-particle-mobile-disabled=\"false\" class=\"elementor-element elementor-element-76e0271 e-flex e-con-boxed e-con e-parent\" data-id=\"76e0271\" data-element_type=\"container\" data-e-type=\"container\">\n\t\t\t\t\t<div class=\"e-con-inner\">\n\t\t\t\t<div class=\"elementor-element elementor-element-e8ad75a elementor-grid-eael-col-3 elementor-grid-tablet-eael-col-2 elementor-grid-mobile-eael-col-1 elementor-widget elementor-widget-eael-post-grid\" data-id=\"e8ad75a\" data-element_type=\"widget\" data-e-type=\"widget\" data-settings=\"{&quot;eael_post_grid_columns&quot;:&quot;eael-col-3&quot;,&quot;eael_post_grid_columns_tablet&quot;:&quot;eael-col-2&quot;,&quot;eael_post_grid_columns_mobile&quot;:&quot;eael-col-1&quot;}\" data-widget_type=\"eael-post-grid.default\">\n\t\t\t\t\t<div id=\"eael-post-grid-e8ad75a\" class=\"eael-post-grid-container\">\n            <div class=\"eael-post-grid eael-post-appender eael-post-appender-e8ad75a eael-post-grid-style-one\" data-layout-mode=\"masonry\"><article class=\"eael-grid-post  eael-post-grid-column eael-pg-post-6481 category-exitos\" data-id=\"6481\">\n        <div class=\"eael-grid-post-holder\">\n            <div class=\"eael-grid-post-holder-inner\"><div class=\"eael-entry-media\"><div class=\"eael-entry-overlay fade-in\"><i class=\"far fa-hand-pointer\" aria-hidden=\"true\"><\/i><a href=\"https:\/\/soymigrante.com\/revista\/se-gradua-de-medica-hija-de-migrantes-guatemaltecos-en-oklahoma\/\"><\/a><\/div><div class=\"eael-entry-thumbnail eael-image-ratio\">\n                <img loading=\"lazy\" decoding=\"async\" width=\"715\" height=\"688\" src=\"https:\/\/soymigrante.com\/revista\/wp-content\/uploads\/2024\/05\/Captura-de-pantalla-2024-05-17-112020.webp\" class=\"attachment-large size-large wp-image-6482\" alt=\"Graduaci\u00f3n de inmigrantes en evento cultural con tradici\u00f3n, orgullo y diversidad en la comunidad migrante.\" srcset=\"https:\/\/soymigrante.com\/revista\/wp-content\/uploads\/2024\/05\/Captura-de-pantalla-2024-05-17-112020.webp 715w, https:\/\/soymigrante.com\/revista\/wp-content\/uploads\/2024\/05\/Captura-de-pantalla-2024-05-17-112020-300x289.webp 300w\" sizes=\"(max-width: 715px) 100vw, 715px\" \/>\n            <\/div>\n        <\/div><div class=\"eael-entry-wrapper\"><header class=\"eael-entry-header\"><h2 class=\"eael-entry-title\"><a class=\"eael-grid-post-link\" href=\"https:\/\/soymigrante.com\/revista\/se-gradua-de-medica-hija-de-migrantes-guatemaltecos-en-oklahoma\/\" title=\"Se grad\u00faa de m\u00e9dica hija de migrantes guatemaltecos en Oklahoma\">Se grad\u00faa de m\u00e9dica hija de migrantes guatemaltecos en Oklahoma<\/a><\/h2><\/header><div class=\"eael-entry-content\">\n                        <div class=\"eael-grid-post-excerpt\"><a href=\"https:\/\/soymigrante.com\/revista\/se-gradua-de-medica-hija-de-migrantes-guatemaltecos-en-oklahoma\/\" class=\"eael-post-elements-readmore-btn\">CONOCE SU HISTORIA <\/a><\/div>\n                    <\/div><\/div><\/div>\n        <\/div>\n    <\/article><article class=\"eael-grid-post  eael-post-grid-column eael-pg-post-33378 category-exitos-guatemala\" data-id=\"33378\">\n        <div class=\"eael-grid-post-holder\">\n            <div class=\"eael-grid-post-holder-inner\"><div class=\"eael-entry-media\"><div class=\"eael-entry-overlay fade-in\"><i class=\"far fa-hand-pointer\" aria-hidden=\"true\"><\/i><a href=\"https:\/\/soymigrante.com\/revista\/ingrid-sub-cuc-migrante-de-solola-estudia-su-doctorado-en-california-sobre-medicina-maya-kaqchikel\/\"><\/a><\/div><div class=\"eael-entry-thumbnail eael-image-ratio\">\n                <img loading=\"lazy\" decoding=\"async\" width=\"1024\" height=\"1024\" src=\"https:\/\/soymigrante.com\/revista\/wp-content\/uploads\/2025\/05\/ingrid-sub-cuc-solola-maya-10-1024x1024.jpg\" class=\"attachment-large size-large wp-image-33379\" alt=\"Mujer ind\u00edgena con traje tradicional en un entorno natural frente a un lago y volc\u00e1n, s\u00edmbolo de cultura, identidad y orgullo en M\u00e9xico.\" srcset=\"https:\/\/soymigrante.com\/revista\/wp-content\/uploads\/2025\/05\/ingrid-sub-cuc-solola-maya-10-1024x1024.jpg 1024w, https:\/\/soymigrante.com\/revista\/wp-content\/uploads\/2025\/05\/ingrid-sub-cuc-solola-maya-10-300x300.jpg 300w, https:\/\/soymigrante.com\/revista\/wp-content\/uploads\/2025\/05\/ingrid-sub-cuc-solola-maya-10-150x150.jpg 150w, https:\/\/soymigrante.com\/revista\/wp-content\/uploads\/2025\/05\/ingrid-sub-cuc-solola-maya-10-768x768.jpg 768w, https:\/\/soymigrante.com\/revista\/wp-content\/uploads\/2025\/05\/ingrid-sub-cuc-solola-maya-10-75x75.webp 75w, https:\/\/soymigrante.com\/revista\/wp-content\/uploads\/2025\/05\/ingrid-sub-cuc-solola-maya-10-750x750.webp 750w, https:\/\/soymigrante.com\/revista\/wp-content\/uploads\/2025\/05\/ingrid-sub-cuc-solola-maya-10-1140x1140.webp 1140w, https:\/\/soymigrante.com\/revista\/wp-content\/uploads\/2025\/05\/ingrid-sub-cuc-solola-maya-10.webp 1478w\" sizes=\"(max-width: 1024px) 100vw, 1024px\" \/>\n            <\/div>\n        <\/div><div class=\"eael-entry-wrapper\"><header class=\"eael-entry-header\"><h2 class=\"eael-entry-title\"><a class=\"eael-grid-post-link\" href=\"https:\/\/soymigrante.com\/revista\/ingrid-sub-cuc-migrante-de-solola-estudia-su-doctorado-en-california-sobre-medicina-maya-kaqchikel\/\" title=\"Ingrid Sub Cuc, migrante de Solol\u00e1, estudia su doctorado en California sobre medicina maya kaqchikel\">Ingrid Sub Cuc, migrante de Solol\u00e1, estudia su doctorado en California sobre medicina maya kaqchikel<\/a><\/h2><\/header><div class=\"eael-entry-content\">\n                        <div class=\"eael-grid-post-excerpt\"><a href=\"https:\/\/soymigrante.com\/revista\/ingrid-sub-cuc-migrante-de-solola-estudia-su-doctorado-en-california-sobre-medicina-maya-kaqchikel\/\" class=\"eael-post-elements-readmore-btn\">CONOCE SU HISTORIA <\/a><\/div>\n                    <\/div><\/div><\/div>\n        <\/div>\n    <\/article><article class=\"eael-grid-post  eael-post-grid-column eael-pg-post-47062 category-exitos\" data-id=\"47062\">\n        <div class=\"eael-grid-post-holder\">\n            <div class=\"eael-grid-post-holder-inner\"><div class=\"eael-entry-media\"><div class=\"eael-entry-overlay fade-in\"><i class=\"far fa-hand-pointer\" aria-hidden=\"true\"><\/i><a href=\"https:\/\/soymigrante.com\/revista\/ingeniera-yucely-beb-caal-desarrolla-nanociencia-y-modelo-moda-maya-en-francia\/\"><\/a><\/div><div class=\"eael-entry-thumbnail eael-image-ratio\">\n                <img loading=\"lazy\" decoding=\"async\" width=\"889\" height=\"889\" src=\"https:\/\/soymigrante.com\/revista\/wp-content\/uploads\/2025\/10\/yucely-beb-2.jpg\" class=\"attachment-large size-large wp-image-47094\" alt=\"&quot;La inteligencia artificial es una herramienta que puede ayudar y nos plantea un desaf\u00edo: como mejorar la vida de las personas a trav\u00e9s de la ciencia&quot;, dice Yucely Beb Caal, doctora en automatizaci\u00f3n, radicada en Francia pero orgullosamente guatemalteca maya Q&#039;eqchi&#039;, de Cob\u00e1n, Alta Verapaz\" srcset=\"https:\/\/soymigrante.com\/revista\/wp-content\/uploads\/2025\/10\/yucely-beb-2.jpg 889w, https:\/\/soymigrante.com\/revista\/wp-content\/uploads\/2025\/10\/yucely-beb-2-300x300.jpg 300w, https:\/\/soymigrante.com\/revista\/wp-content\/uploads\/2025\/10\/yucely-beb-2-150x150.jpg 150w, https:\/\/soymigrante.com\/revista\/wp-content\/uploads\/2025\/10\/yucely-beb-2-768x768.jpg 768w, https:\/\/soymigrante.com\/revista\/wp-content\/uploads\/2025\/10\/yucely-beb-2-75x75.jpg 75w, https:\/\/soymigrante.com\/revista\/wp-content\/uploads\/2025\/10\/yucely-beb-2-750x750.jpg 750w\" sizes=\"(max-width: 889px) 100vw, 889px\" \/>\n            <\/div>\n        <\/div><div class=\"eael-entry-wrapper\"><header class=\"eael-entry-header\"><h2 class=\"eael-entry-title\"><a class=\"eael-grid-post-link\" href=\"https:\/\/soymigrante.com\/revista\/ingeniera-yucely-beb-caal-desarrolla-nanociencia-y-modelo-moda-maya-en-francia\/\" title=\"Ingeniera Yucely Beb Caal desarrolla nanociencia (y model\u00f3 textiles mayas) en Francia\">Ingeniera Yucely Beb Caal desarrolla nanociencia (y model\u00f3 textiles mayas) en Francia<\/a><\/h2><\/header><div class=\"eael-entry-content\">\n                        <div class=\"eael-grid-post-excerpt\"><a href=\"https:\/\/soymigrante.com\/revista\/ingeniera-yucely-beb-caal-desarrolla-nanociencia-y-modelo-moda-maya-en-francia\/\" class=\"eael-post-elements-readmore-btn\">CONOCE SU HISTORIA <\/a><\/div>\n                    <\/div><\/div><\/div>\n        <\/div>\n    <\/article><\/div>\n            <div class=\"clearfix\"><\/div>\n        <\/div>\t\t\t\t<\/div>\n\t\t\t\t\t<\/div>\n\t\t\t\t<\/div>\n\t\t\t\t<\/div>\n\t\t","protected":false},"excerpt":{"rendered":"<p>La m\u00e9dica guatemalteca Alejandra Paniagua estudia el posdoctorado en la Universidad de Columbia, NY, enfocado en un proyecto piloto de atenci\u00f3n de salud mental en Santiago Atitl\u00e1n, Solol\u00e1. La historia de la doctora Alejandra Paniagua est\u00e1 marcada por una convicci\u00f3n profunda: que la salud mental es un derecho humano b\u00e1sico y no un privilegio, pero [&hellip;]<\/p>\n","protected":false},"author":7,"featured_media":47710,"comment_status":"open","ping_status":"open","sticky":false,"template":"","format":"standard","meta":{"_acf_changed":false,"_eb_attr":"","footnotes":""},"categories":[50,274],"tags":[],"class_list":["post-47709","post","type-post","status-publish","format-standard","has-post-thumbnail","hentry","category-exitos","category-guatemala"],"acf":[],"aioseo_notices":[],"aioseo_head":"\n\t\t<!-- All in One SEO Pro 4.9.6.2 - aioseo.com -->\n\t<meta name=\"description\" content=\"Ingeniera guatemalteca desarrolla un doctorado en nanotecnolog\u00eda electr\u00f3nica en Francia y model\u00f3 dise\u00f1os de indumentaria mayas de D&#039;La Rossa en desfile de Par\u00eds\" \/>\n\t<meta name=\"robots\" content=\"max-snippet:-1, max-image-preview:large, max-video-preview:-1\" \/>\n\t<meta name=\"author\" content=\"Gustavo Montenegro\"\/>\n\t<link rel=\"canonical\" href=\"https:\/\/soymigrante.com\/revista\/ingeniera-yucely-beb-caal-desarrolla-nanociencia-y-modelo-moda-maya-en-francia\/\" \/>\n\t<meta name=\"generator\" content=\"All in One SEO Pro (AIOSEO) 4.9.6.2\" \/>\n\n\t\t<link rel=\"preconnect\" href=\"https:\/\/fonts.googleapis.com\" crossorigin>\n<link rel=\"preconnect\" href=\"https:\/\/fonts.gstatic.com\" crossorigin>\n\t\t<meta property=\"og:locale\" content=\"es_ES\" \/>\n\t\t<meta property=\"og:site_name\" content=\"SoyMigrante.com REVISTA \u2013 Nuestra misi\u00f3n es reconocer y dignificar al migrante.\" \/>\n\t\t<meta property=\"og:type\" content=\"article\" \/>\n\t\t<meta property=\"og:title\" content=\"Yucely Beb modela ciencia (y tambi\u00e9n moda maya) en Francia\" \/>\n\t\t<meta property=\"og:description\" content=\"Ingeniera guatemalteca desarrolla un doctorado en nanotecnolog\u00eda electr\u00f3nica en Francia y model\u00f3 dise\u00f1os de indumentaria mayas de D&#039;La Rossa en desfile de Par\u00eds\" \/>\n\t\t<meta property=\"og:url\" content=\"https:\/\/soymigrante.com\/revista\/ingeniera-yucely-beb-caal-desarrolla-nanociencia-y-modelo-moda-maya-en-francia\/\" \/>\n\t\t<meta property=\"og:image\" content=\"https:\/\/soymigrante.com\/revista\/wp-content\/uploads\/2025\/10\/yucely-beb-2.jpg\" \/>\n\t\t<meta property=\"og:image:secure_url\" content=\"https:\/\/soymigrante.com\/revista\/wp-content\/uploads\/2025\/10\/yucely-beb-2.jpg\" \/>\n\t\t<meta property=\"og:image:width\" content=\"889\" \/>\n\t\t<meta property=\"og:image:height\" content=\"889\" \/>\n\t\t<meta property=\"article:published_time\" content=\"2025-10-10T20:34:29+00:00\" \/>\n\t\t<meta property=\"article:modified_time\" content=\"2025-10-22T21:55:56+00:00\" \/>\n\t\t<meta property=\"article:publisher\" content=\"https:\/\/www.facebook.com\/soymigrantecom\" \/>\n\t\t<meta name=\"twitter:card\" content=\"summary_large_image\" \/>\n\t\t<meta name=\"twitter:site\" content=\"@SoyMigrante_com\" \/>\n\t\t<meta name=\"twitter:title\" content=\"Yucely Beb modela ciencia (y tambi\u00e9n moda maya) en Francia\" \/>\n\t\t<meta name=\"twitter:description\" content=\"Ingeniera guatemalteca desarrolla un doctorado en nanotecnolog\u00eda electr\u00f3nica en Francia y model\u00f3 dise\u00f1os de indumentaria mayas de D&#039;La Rossa en desfile de Par\u00eds\" \/>\n\t\t<meta name=\"twitter:creator\" content=\"@SoyMigrante_com\" \/>\n\t\t<meta name=\"twitter:image\" content=\"https:\/\/soymigrante.com\/revista\/wp-content\/uploads\/2025\/10\/yucely-beb-2.jpg\" \/>\n\t\t<!-- All in One SEO Pro -->\r\n\t\t<title>Yucely Beb modela ciencia (y tambi\u00e9n moda maya) en Francia<\/title>\n\n","aioseo_head_json":{"title":"Yucely Beb modela ciencia (y tambi\u00e9n moda maya) en Francia","description":"Ingeniera guatemalteca desarrolla un doctorado en nanotecnolog\u00eda electr\u00f3nica en Francia y model\u00f3 dise\u00f1os de indumentaria mayas de D'La Rossa en desfile de Par\u00eds","canonical_url":"https:\/\/soymigrante.com\/revista\/ingeniera-yucely-beb-caal-desarrolla-nanociencia-y-modelo-moda-maya-en-francia\/","robots":"max-snippet:-1, max-image-preview:large, max-video-preview:-1","keywords":"","webmasterTools":{"miscellaneous":"&lt;link rel=\"preconnect\" href=\"https:\/\/fonts.googleapis.com\" crossorigin&gt;\n&lt;link rel=\"preconnect\" href=\"https:\/\/fonts.gstatic.com\" crossorigin&gt;"},"schema":null,"og:locale":"es_ES","og:site_name":"SoyMigrante.com REVISTA \u2013 Nuestra misi\u00f3n es reconocer y dignificar al migrante.","og:type":"article","og:title":"Yucely Beb modela ciencia (y tambi\u00e9n moda maya) en Francia","og:description":"Ingeniera guatemalteca desarrolla un doctorado en nanotecnolog\u00eda electr\u00f3nica en Francia y model\u00f3 dise\u00f1os de indumentaria mayas de D'La Rossa en desfile de Par\u00eds","og:url":"https:\/\/soymigrante.com\/revista\/ingeniera-yucely-beb-caal-desarrolla-nanociencia-y-modelo-moda-maya-en-francia\/","og:image":"https:\/\/soymigrante.com\/revista\/wp-content\/uploads\/2025\/10\/yucely-beb-2.jpg","og:image:secure_url":"https:\/\/soymigrante.com\/revista\/wp-content\/uploads\/2025\/10\/yucely-beb-2.jpg","og:image:width":889,"og:image:height":889,"article:published_time":"2025-10-10T20:34:29+00:00","article:modified_time":"2025-10-22T21:55:56+00:00","article:publisher":"https:\/\/www.facebook.com\/soymigrantecom","twitter:card":"summary_large_image","twitter:site":"@SoyMigrante_com","twitter:title":"Yucely Beb modela ciencia (y tambi\u00e9n moda maya) en Francia","twitter:description":"Ingeniera guatemalteca desarrolla un doctorado en nanotecnolog\u00eda electr\u00f3nica en Francia y model\u00f3 dise\u00f1os de indumentaria mayas de D'La Rossa en desfile de Par\u00eds","twitter:creator":"@SoyMigrante_com","twitter:image":"https:\/\/soymigrante.com\/revista\/wp-content\/uploads\/2025\/10\/yucely-beb-2.jpg"},"aioseo_meta_data":{"post_id":"47709","title":"Alejandra Paniagua crea puente entre la medicina y el alma","description":"M\u00e9dica guatemalteca efect\u00faa estudios de posdoctorado en la Universidad de Columbia, New York, enfoc\u00e1ndose en impulsar la salud mental en Santiago Atitl\u00e1n","keywords":null,"keyphrases":{"focus":{"keyphrase":"New York","score":60,"analysis":{"keyphraseInTitle":{"score":3,"maxScore":9,"error":1},"keyphraseInDescription":{"score":9,"maxScore":9,"error":0},"keyphraseLength":{"score":9,"maxScore":9,"error":0,"length":2},"keyphraseInURL":{"score":5,"maxScore":5,"error":0},"keyphraseInIntroduction":{"score":9,"maxScore":9,"error":0},"keyphraseInSubHeadings":{"score":3,"maxScore":9,"error":1},"keyphraseInImageAlt":{"score":3,"maxScore":9,"error":1},"keywordDensity":{"score":0,"type":"low","maxScore":9,"error":1}}},"additional":[{"keyphrase":"Guatemalteca","score":53,"analysis":{"keyphraseInDescription":{"score":9,"maxScore":9,"error":0},"keyphraseLength":{"score":9,"maxScore":9,"error":0,"length":1},"keyphraseInIntroduction":{"score":3,"maxScore":9,"error":1},"keyphraseInImageAlt":{"score":3,"maxScore":9,"error":1},"keywordDensity":{"score":0,"type":"low","maxScore":9,"error":1}}}]},"primary_term":null,"canonical_url":null,"og_title":null,"og_description":null,"og_object_type":"default","og_image_type":"default","og_image_url":null,"og_image_width":null,"og_image_height":null,"og_image_custom_url":null,"og_image_custom_fields":null,"og_video":"","og_custom_url":null,"og_article_section":null,"og_article_tags":null,"twitter_use_og":false,"twitter_card":"default","twitter_image_type":"default","twitter_image_url":null,"twitter_image_custom_url":null,"twitter_image_custom_fields":null,"twitter_title":null,"twitter_description":null,"schema":{"blockGraphs":[],"customGraphs":[],"default":{"data":{"Article":[],"Course":[],"Dataset":[],"FAQPage":[],"Movie":[],"Person":[],"Product":[],"ProductReview":[],"Car":[],"Recipe":[],"Service":[],"SoftwareApplication":[],"WebPage":[]},"graphName":"none","isEnabled":true},"graphs":[]},"schema_type":"default","schema_type_options":null,"pillar_content":false,"robots_default":true,"robots_noindex":false,"robots_noarchive":false,"robots_nosnippet":false,"robots_nofollow":false,"robots_noimageindex":false,"robots_noodp":false,"robots_notranslate":false,"robots_max_snippet":"-1","robots_max_videopreview":"-1","robots_max_imagepreview":"large","priority":null,"frequency":"default","local_seo":null,"seo_analyzer_scan_date":"2025-11-24 17:00:40","breadcrumb_settings":null,"limit_modified_date":false,"reviewed_by":"0","open_ai":null,"ai":{"faqs":[],"keyPoints":[],"titles":[],"descriptions":[],"socialPosts":{"email":[],"linkedin":[],"twitter":[],"facebook":[],"instagram":[]}},"created":"2025-10-24 21:01:46","updated":"2026-02-05 06:52:29"},"aioseo_breadcrumb":"<div class=\"aioseo-breadcrumbs\"><span class=\"aioseo-breadcrumb\">\n\t<a href=\"https:\/\/soymigrante.com\/revista\" title=\"Home\">Home<\/a>\n<\/span><span class=\"aioseo-breadcrumb-separator\">\u00bb<\/span><span class=\"aioseo-breadcrumb\">\n\t<a href=\"https:\/\/soymigrante.com\/revista\/category\/exitos\/\" title=\"\u00c9xitos\">\u00c9xitos<\/a>\n<\/span><span class=\"aioseo-breadcrumb-separator\">\u00bb<\/span><span class=\"aioseo-breadcrumb\">\n\t<a href=\"https:\/\/soymigrante.com\/revista\/category\/exitos\/guatemala\/\" title=\"Guatemala\">Guatemala<\/a>\n<\/span><span class=\"aioseo-breadcrumb-separator\">\u00bb<\/span><span class=\"aioseo-breadcrumb\">\n\tDra. Alejandra Paniagua construye en New York un puente entre la medicina y el alma\n<\/span><\/div>","aioseo_breadcrumb_json":[{"label":"Home","link":"https:\/\/soymigrante.com\/revista"},{"label":"\u00c9xitos","link":"https:\/\/soymigrante.com\/revista\/category\/exitos\/"},{"label":"Guatemala","link":"https:\/\/soymigrante.com\/revista\/category\/exitos\/guatemala\/"},{"label":"Dra. Alejandra Paniagua construye en New York un puente entre la medicina y el alma","link":"https:\/\/soymigrante.com\/revista\/dra-alejandra-paniagua-construye-en-new-york-un-puente-entre-la-medicina-y-el-alma\/"}],"_links":{"self":[{"href":"https:\/\/soymigrante.com\/revista\/wp-json\/wp\/v2\/posts\/47709","targetHints":{"allow":["GET"]}}],"collection":[{"href":"https:\/\/soymigrante.com\/revista\/wp-json\/wp\/v2\/posts"}],"about":[{"href":"https:\/\/soymigrante.com\/revista\/wp-json\/wp\/v2\/types\/post"}],"author":[{"embeddable":true,"href":"https:\/\/soymigrante.com\/revista\/wp-json\/wp\/v2\/users\/7"}],"replies":[{"embeddable":true,"href":"https:\/\/soymigrante.com\/revista\/wp-json\/wp\/v2\/comments?post=47709"}],"version-history":[{"count":33,"href":"https:\/\/soymigrante.com\/revista\/wp-json\/wp\/v2\/posts\/47709\/revisions"}],"predecessor-version":[{"id":48935,"href":"https:\/\/soymigrante.com\/revista\/wp-json\/wp\/v2\/posts\/47709\/revisions\/48935"}],"wp:featuredmedia":[{"embeddable":true,"href":"https:\/\/soymigrante.com\/revista\/wp-json\/wp\/v2\/media\/47710"}],"wp:attachment":[{"href":"https:\/\/soymigrante.com\/revista\/wp-json\/wp\/v2\/media?parent=47709"}],"wp:term":[{"taxonomy":"category","embeddable":true,"href":"https:\/\/soymigrante.com\/revista\/wp-json\/wp\/v2\/categories?post=47709"},{"taxonomy":"post_tag","embeddable":true,"href":"https:\/\/soymigrante.com\/revista\/wp-json\/wp\/v2\/tags?post=47709"}],"curies":[{"name":"wp","href":"https:\/\/api.w.org\/{rel}","templated":true}]}}