{"id":47695,"date":"2025-10-24T12:12:15","date_gmt":"2025-10-24T18:12:15","guid":{"rendered":"https:\/\/soymigrante.com\/revista\/?p=47695"},"modified":"2025-10-24T12:13:44","modified_gmt":"2025-10-24T18:13:44","slug":"que-es-el-paabank-y-porque-es-tan-emblematico-para-los-guatemaltecos","status":"publish","type":"post","link":"https:\/\/soymigrante.com\/revista\/que-es-el-paabank-y-porque-es-tan-emblematico-para-los-guatemaltecos\/","title":{"rendered":"\u00bfQu\u00e9 es el Paabank y porqu\u00e9 es tan emblem\u00e1tico para los guatemaltecos?"},"content":{"rendered":"\t\t<div data-elementor-type=\"wp-post\" data-elementor-id=\"47695\" class=\"elementor elementor-47695\" data-elementor-post-type=\"post\">\n\t\t\t\t<div data-particle_enable=\"false\" data-particle-mobile-disabled=\"false\" class=\"elementor-element elementor-element-e437549 e-flex e-con-boxed e-con e-parent\" data-id=\"e437549\" data-element_type=\"container\" data-e-type=\"container\">\n\t\t\t\t\t<div class=\"e-con-inner\">\n\t\t\t\t<div class=\"elementor-element elementor-element-0cfae75 elementor-widget elementor-widget-heading\" data-id=\"0cfae75\" data-element_type=\"widget\" data-e-type=\"widget\" data-widget_type=\"heading.default\">\n\t\t\t\t\t<h2 class=\"elementor-heading-title elementor-size-default\">El Ballet Moderno y Folckl\u00f3rico de Guatemala suele representar en la obra El Paabank, una fusi\u00f3n de danzas y tradiciones; pero est\u00e1 basado en una tradici\u00f3n del Pueblo Q'eqchi'. <\/h2>\t\t\t\t<\/div>\n\t\t\t\t\t<\/div>\n\t\t\t\t<\/div>\n\t\t<div data-particle_enable=\"false\" data-particle-mobile-disabled=\"false\" class=\"elementor-element elementor-element-4bc33db e-flex e-con-boxed e-con e-parent\" data-id=\"4bc33db\" data-element_type=\"container\" data-e-type=\"container\">\n\t\t\t\t\t<div class=\"e-con-inner\">\n\t\t\t\t<div class=\"elementor-element elementor-element-946113e elementor-widget elementor-widget-text-editor\" data-id=\"946113e\" data-element_type=\"widget\" data-e-type=\"widget\" data-widget_type=\"text-editor.default\">\n\t\t\t\t\t\t\t\t\t<p>Emoci\u00f3n, aplausos, uni\u00f3n comunitaria tienen en com\u00fan la fiesta del Paabank, efectuada en pueblos de <a href=\"http:\/\/Catch up Viernes, 24 octubre \u00b7 1:00 \u2013 2:00pm Zona horaria: America\/Guatemala Informaci\u00f3n para unirse a la reuni\u00f3n de Google Meet V\u00ednculo a la videollamada: https:\/\/meet.google.com\/sdb-qcah-gju O marca el: \u202a(GT) +502 2458 1186\u202c PIN: \u202a604 632 836 0602\u202c# M\u00e1s n\u00fameros de tel\u00e9fono: https:\/\/tel.meet\/sdb-qcah-gju?pin=6046328360602\">Alta Verapaz<\/a> y en cada presentaci\u00f3n de dicha obra del Ballet Moderno y Folcl\u00f3rico de Guatemala.\u00a0 En todo caso, ambas reflejan, de distinta forma, pero con la misma convicci\u00f3n, la riqueza multicultural ancestral guatemalteca.<\/p>\t\t\t\t\t\t\t\t<\/div>\n\t\t\t\t\t<\/div>\n\t\t\t\t<\/div>\n\t\t<div data-particle_enable=\"false\" data-particle-mobile-disabled=\"false\" class=\"elementor-element elementor-element-5981572 e-flex e-con-boxed e-con e-parent\" data-id=\"5981572\" data-element_type=\"container\" data-e-type=\"container\">\n\t\t\t\t\t<div class=\"e-con-inner\">\n\t\t\t\t<div class=\"elementor-element elementor-element-38e3cd1 elementor-widget elementor-widget-html\" data-id=\"38e3cd1\" data-element_type=\"widget\" data-e-type=\"widget\" data-widget_type=\"html.default\">\n\t\t\t\t\t<iframe src=\"https:\/\/www.facebook.com\/plugins\/video.php?height=316&href=https%3A%2F%2Fwww.facebook.com%2Freel%2F1701167487141753%2F&show_text=true&width=560&t=0\" width=\"560\" height=\"431\" style=\"border:none;overflow:hidden\" scrolling=\"no\" frameborder=\"0\" allowfullscreen=\"true\" allow=\"autoplay; clipboard-write; encrypted-media; picture-in-picture; web-share\" allowFullScreen=\"true\"><\/iframe>\t\t\t\t<\/div>\n\t\t\t\t\t<\/div>\n\t\t\t\t<\/div>\n\t\t<div data-particle_enable=\"false\" data-particle-mobile-disabled=\"false\" class=\"elementor-element elementor-element-6b6af05 e-flex e-con-boxed e-con e-parent\" data-id=\"6b6af05\" data-element_type=\"container\" data-e-type=\"container\">\n\t\t\t\t\t<div class=\"e-con-inner\">\n\t\t\t\t<div class=\"elementor-element elementor-element-4ce769b elementor-widget elementor-widget-text-editor\" data-id=\"4ce769b\" data-element_type=\"widget\" data-e-type=\"widget\" data-widget_type=\"text-editor.default\">\n\t\t\t\t\t\t\t\t\t<h3>\u00bfQu\u00e9 significa Paabank?<\/h3><p>La palabra Paabank proviene del idioma <a href=\"https:\/\/soymigrante.com\/revista\/pueblo-qeqchi-es-el-idioma-maya-con-mayor-cifra-de-hablantes\/\">q\u2019eqchi\u2019<\/a> y significa &#8220;Reafirmar nuestras creencias&#8221;. Alude a las celebraciones comunitarias que combinan danza, m\u00fasica, comida y ofrenda.\u00a0<\/p><p>En estas festividades, los pueblos del norte de <a href=\"http:\/\/Catch up Viernes, 24 octubre \u00b7 1:00 \u2013 2:00pm Zona horaria: America\/Guatemala Informaci\u00f3n para unirse a la reuni\u00f3n de Google Meet V\u00ednculo a la videollamada: https:\/\/meet.google.com\/sdb-qcah-gju O marca el: \u202a(GT) +502 2458 1186\u202c PIN: \u202a604 632 836 0602\u202c# M\u00e1s n\u00fameros de tel\u00e9fono: https:\/\/tel.meet\/sdb-qcah-gju?pin=6046328360602\">Alta Verapaz<\/a> recrean un encuentro entre lo espiritual y lo terrenal, entre lo ancestral y lo festivo. La versi\u00f3n esc\u00e9nica del ballet conserva ese esp\u00edritu de comunidad, traslad\u00e1ndolo al teatro con una fuerza visual impresionante.<\/p><h3>\u00bfD\u00f3nde surgi\u00f3 el Paabank?<\/h3><p>En comunidades Q&#8217;eqchi&#8217; de <a href=\"http:\/\/Catch up Viernes, 24 octubre \u00b7 1:00 \u2013 2:00pm Zona horaria: America\/Guatemala Informaci\u00f3n para unirse a la reuni\u00f3n de Google Meet V\u00ednculo a la videollamada: https:\/\/meet.google.com\/sdb-qcah-gju O marca el: \u202a(GT) +502 2458 1186\u202c PIN: \u202a604 632 836 0602\u202c# M\u00e1s n\u00fameros de tel\u00e9fono: https:\/\/tel.meet\/sdb-qcah-gju?pin=6046328360602\">Alta Verapaz.<\/a> Participan personas de toda la comunidad, en cada de una familia anfitriona, quienes con comidas, bebidas, velas, m\u00fasica, muchas flores, oraciones y bailes, honran al santo patrono local.<\/p><p>En el siglo XIX, debido a la expulsi\u00f3n de \u00f3rdenes religiosas, familias de las Verapaces toman bajo custodia las im\u00e1genes religiosas sacadas de algunos templos debido a expropaciones del Estado. Las protegen en sus hogares o en peque\u00f1as ermitas. Cuando llega el d\u00eda de la fiesta del Santo titular, se celebra el Paabank, como una ofrenda popular.<\/p>\t\t\t\t\t\t\t\t<\/div>\n\t\t\t\t\t<\/div>\n\t\t\t\t<\/div>\n\t\t<div data-particle_enable=\"false\" data-particle-mobile-disabled=\"false\" class=\"elementor-element elementor-element-f8a95db e-flex e-con-boxed e-con e-parent\" data-id=\"f8a95db\" data-element_type=\"container\" data-e-type=\"container\">\n\t\t\t\t\t<div class=\"e-con-inner\">\n\t\t\t\t<div class=\"elementor-element elementor-element-f097353 elementor-widget elementor-widget-html\" data-id=\"f097353\" data-element_type=\"widget\" data-e-type=\"widget\" data-widget_type=\"html.default\">\n\t\t\t\t\t<iframe src=\"https:\/\/www.facebook.com\/plugins\/video.php?height=315&href=https%3A%2F%2Fwww.facebook.com%2Fchavez.ana.a%2Fvideos%2F390999896512397%2F&show_text=true&width=560&t=0\" width=\"560\" height=\"630\" style=\"border:none;overflow:hidden\" scrolling=\"no\" frameborder=\"0\" allowfullscreen=\"true\" allow=\"autoplay; clipboard-write; encrypted-media; picture-in-picture; web-share\" allowFullScreen=\"true\"><\/iframe>\t\t\t\t<\/div>\n\t\t\t\t\t<\/div>\n\t\t\t\t<\/div>\n\t\t<div data-particle_enable=\"false\" data-particle-mobile-disabled=\"false\" class=\"elementor-element elementor-element-1397793 e-flex e-con-boxed e-con e-parent\" data-id=\"1397793\" data-element_type=\"container\" data-e-type=\"container\">\n\t\t\t\t\t<div class=\"e-con-inner\">\n\t\t\t\t<div class=\"elementor-element elementor-element-088ea1f elementor-widget elementor-widget-text-editor\" data-id=\"088ea1f\" data-element_type=\"widget\" data-e-type=\"widget\" data-widget_type=\"text-editor.default\">\n\t\t\t\t\t\t\t\t\t<h3>\u00bfC\u00f3mo la tem\u00e1tica del Paabank pasa a convertirse en una escenificaci\u00f3n emblem\u00e1tica del Ballet Moderno y Folkl\u00f3rico de Guatemala?<\/h3><p>La arquitecta, core\u00f3grafa, bailarina e investigadora guatemalteca Julia Vela se inspira en las ceremonias y danzas tradicionales del Paabank <a href=\"https:\/\/soymigrante.com\/revista\/pueblo-qeqchi-es-el-idioma-maya-con-mayor-cifra-de-hablantes\/\">Q&#8217;eqchi&#8217; <\/a>de <a href=\"http:\/\/Catch up Viernes, 24 octubre \u00b7 1:00 \u2013 2:00pm Zona horaria: America\/Guatemala Informaci\u00f3n para unirse a la reuni\u00f3n de Google Meet V\u00ednculo a la videollamada: https:\/\/meet.google.com\/sdb-qcah-gju O marca el: \u202a(GT) +502 2458 1186\u202c PIN: \u202a604 632 836 0602\u202c# M\u00e1s n\u00fameros de tel\u00e9fono: https:\/\/tel.meet\/sdb-qcah-gju?pin=6046328360602\">Alta Verapaz.<\/a> Se maravilla por su esp\u00edritu ritual, festivo y simb\u00f3lico, como expresi\u00f3n de uni\u00f3n comunitaria para celebrar la vida, la paz, los valores ancestrales. En 1972 se presenta por primera vez la obra El Paabank, con el Ballet Moderno y Folkl\u00f3rico de Guatemala (BMFG), que lo contin\u00faa presentando hasta la fecha.<\/p><p>Vela dise\u00f1a una coreograf\u00eda que fusiona elementos ceremoniales con una estructura esc\u00e9nica contempor\u00e1nea, convirti\u00e9ndose en una s\u00edntesis entre la tradici\u00f3n viva y el lenguaje de la danza moderna.<\/p>\t\t\t\t\t\t\t\t<\/div>\n\t\t\t\t\t<\/div>\n\t\t\t\t<\/div>\n\t\t<div data-particle_enable=\"false\" data-particle-mobile-disabled=\"false\" class=\"elementor-element elementor-element-8755693 e-flex e-con-boxed e-con e-parent\" data-id=\"8755693\" data-element_type=\"container\" data-e-type=\"container\">\n\t\t\t\t\t<div class=\"e-con-inner\">\n\t\t\t\t<div class=\"elementor-element elementor-element-962128d elementor-widget elementor-widget-image\" data-id=\"962128d\" data-element_type=\"widget\" data-e-type=\"widget\" data-widget_type=\"image.default\">\n\t\t\t\t\t\t\t\t\t\t\t\t<figure class=\"wp-caption\">\n\t\t\t\t\t\t\t\t\t\t<img fetchpriority=\"high\" decoding=\"async\" width=\"696\" height=\"427\" src=\"https:\/\/soymigrante.com\/revista\/wp-content\/uploads\/2025\/10\/paabank-alta-verapaz.png\" class=\"attachment-large size-large wp-image-47701\" alt=\"La devoci\u00f3n, la uni\u00f3n comunitaria, las ofrendas florales, la m\u00fasica y el baile forman parte del Paabank Q&#039;eqchi&#039; que a su vez fue la inspiraci\u00f3n de la danza El Paabank del Ballet Moderno y Folkl\u00f3rico de Guatemala, fundadod en 1964.\" srcset=\"https:\/\/soymigrante.com\/revista\/wp-content\/uploads\/2025\/10\/paabank-alta-verapaz.png 696w, https:\/\/soymigrante.com\/revista\/wp-content\/uploads\/2025\/10\/paabank-alta-verapaz-300x184.png 300w\" sizes=\"(max-width: 696px) 100vw, 696px\" title=\"La devoci\u00f3n, la uni\u00f3n comunitaria, las ofrendas florales, la m\u00fasica y el baile forman parte del Paabank Q&#039;eqchi&#039; que a su vez fue la inspiraci\u00f3n de la danza El Paabank del Ballet Moderno y Folkl\u00f3rico de Guatemala, fundadod en 1964. \u2013 SoyMigrante.com REVISTA\" \/>\t\t\t\t\t\t\t\t\t\t\t<figcaption class=\"widget-image-caption wp-caption-text\">La devoci\u00f3n, la uni\u00f3n comunitaria, las ofrendas florales, la m\u00fasica y el baile forman parte del Paabank Q'eqchi' que a su vez fue la inspiraci\u00f3n de la danza El Paabank del Ballet Moderno y Folkl\u00f3rico de Guatemala, fundadod en 1964.<\/figcaption>\n\t\t\t\t\t\t\t\t\t\t<\/figure>\n\t\t\t\t\t\t\t\t\t<\/div>\n\t\t\t\t\t<\/div>\n\t\t\t\t<\/div>\n\t\t<div data-particle_enable=\"false\" data-particle-mobile-disabled=\"false\" class=\"elementor-element elementor-element-7e489cc e-flex e-con-boxed e-con e-parent\" data-id=\"7e489cc\" data-element_type=\"container\" data-e-type=\"container\">\n\t\t\t\t\t<div class=\"e-con-inner\">\n\t\t\t\t<div class=\"elementor-element elementor-element-ecc526a elementor-widget elementor-widget-text-editor\" data-id=\"ecc526a\" data-element_type=\"widget\" data-e-type=\"widget\" data-widget_type=\"text-editor.default\">\n\t\t\t\t\t\t\t\t\t<h3>\u00bfC\u00f3mo est\u00e1 estructurada la obra? \u00bfQu\u00e9 escenas destacan?<\/h3><ul><li>\u201cEl Paabanc\u201d se compone de varios cuadros que evocan distintos momentos de la celebraci\u00f3n:<\/li><li>La ceremonia de las flores, donde los bailarines ofrecen p\u00e9talos al ritmo de la marimba.<\/li><li>La danza de moros y cristianos, reflejo del sincretismo religioso y cultural heredado de la colonia.<\/li><li>Las danzas de animales sagrados \u2014venados, tigres y quetzales\u2014 que representan la conexi\u00f3n entre el ser humano y la naturaleza.<\/li><\/ul><p>El vestuario es un componente esencial: m\u00e1scaras talladas, trajes coloridos, espejos y lentejuelas que simbolizan el poder de la luz y el esp\u00edritu. Todo ello acompa\u00f1ado por la Marimba Guatemala, agrupaci\u00f3n musical oficial del ballet, que aporta un sonido profundamente nacional.<\/p>\t\t\t\t\t\t\t\t<\/div>\n\t\t\t\t\t<\/div>\n\t\t\t\t<\/div>\n\t\t<div data-particle_enable=\"false\" data-particle-mobile-disabled=\"false\" class=\"elementor-element elementor-element-ce174dd e-flex e-con-boxed e-con e-parent\" data-id=\"ce174dd\" data-element_type=\"container\" data-e-type=\"container\">\n\t\t\t\t\t<div class=\"e-con-inner\">\n\t\t\t\t<div class=\"elementor-element elementor-element-f364ae6 elementor-widget elementor-widget-image\" data-id=\"f364ae6\" data-element_type=\"widget\" data-e-type=\"widget\" data-widget_type=\"image.default\">\n\t\t\t\t\t\t\t\t\t\t\t\t<figure class=\"wp-caption\">\n\t\t\t\t\t\t\t\t\t\t<img decoding=\"async\" width=\"1140\" height=\"760\" src=\"https:\/\/soymigrante.com\/revista\/wp-content\/uploads\/2025\/10\/ballet-moderno-y-folclorico-de-Guatemala-1140x760.jpg\" class=\"attachment-large size-large wp-image-47702\" alt=\"El Paabank del Ballet Moderno y Folkl\u00f3rico de Guatemala fusiona im\u00e1genes y festejos, fervor y uni\u00f3n de comunidad, en un espect\u00e1culo deslumbrante de ra\u00edces q&#039;eqchi&#039;\" srcset=\"https:\/\/soymigrante.com\/revista\/wp-content\/uploads\/2025\/10\/ballet-moderno-y-folclorico-de-Guatemala-1140x760.jpg 1140w, https:\/\/soymigrante.com\/revista\/wp-content\/uploads\/2025\/10\/ballet-moderno-y-folclorico-de-Guatemala-300x200.jpg 300w, https:\/\/soymigrante.com\/revista\/wp-content\/uploads\/2025\/10\/ballet-moderno-y-folclorico-de-Guatemala-768x512.jpg 768w, https:\/\/soymigrante.com\/revista\/wp-content\/uploads\/2025\/10\/ballet-moderno-y-folclorico-de-Guatemala-1536x1024.jpg 1536w, https:\/\/soymigrante.com\/revista\/wp-content\/uploads\/2025\/10\/ballet-moderno-y-folclorico-de-Guatemala-750x500.jpg 750w, https:\/\/soymigrante.com\/revista\/wp-content\/uploads\/2025\/10\/ballet-moderno-y-folclorico-de-Guatemala.jpg 2048w\" sizes=\"(max-width: 1140px) 100vw, 1140px\" title=\"El Paabank del Ballet Moderno y Folkl\u00f3rico de Guatemala fusiona im\u00e1genes y festejos, fervor y uni\u00f3n de comunidad, en un espect\u00e1culo deslumbrante de ra\u00edces q&#039;eqchi&#039; \u2013 SoyMigrante.com REVISTA\" \/>\t\t\t\t\t\t\t\t\t\t\t<figcaption class=\"widget-image-caption wp-caption-text\">El Paabank del Ballet Moderno y Folkl\u00f3rico de Guatemala fusiona im\u00e1genes y festejos, fervor y uni\u00f3n de comunidad, en un espect\u00e1culo deslumbrante de ra\u00edces q'eqchi'<\/figcaption>\n\t\t\t\t\t\t\t\t\t\t<\/figure>\n\t\t\t\t\t\t\t\t\t<\/div>\n\t\t\t\t\t<\/div>\n\t\t\t\t<\/div>\n\t\t<div data-particle_enable=\"false\" data-particle-mobile-disabled=\"false\" class=\"elementor-element elementor-element-fd60e87 e-flex e-con-boxed e-con e-parent\" data-id=\"fd60e87\" data-element_type=\"container\" data-e-type=\"container\">\n\t\t\t\t\t<div class=\"e-con-inner\">\n\t\t\t\t<div class=\"elementor-element elementor-element-f2827a2 elementor-widget elementor-widget-text-editor\" data-id=\"f2827a2\" data-element_type=\"widget\" data-e-type=\"widget\" data-widget_type=\"text-editor.default\">\n\t\t\t\t\t\t\t\t\t<h3>\u00bfCu\u00e1ndo fue la \u00faltima presentaci\u00f3n destacada de \u201cEl Paabanc\u201d?<\/h3><p>En 2025, \u201cEl Paabanc\u201d fue el cierre magistral del Festival de Junio, en el <a href=\"https:\/\/soymigrante.com\/revista\/gran-teatro-nacional-de-guatemala-ricardo-arjona-conciertos-2025\/\">Teatro Nacional Miguel \u00c1ngel Asturias<\/a>. La cr\u00edtica y el p\u00fablico coincidieron en describirlo como un espect\u00e1culo \u201cluminoso, m\u00edstico y profundamente guatemalteco\u201d. Con m\u00e1s de 50 a\u00f1os de existencia, la obra contin\u00faa renov\u00e1ndose sin perder su esencia ritual.<\/p><h3>\u00bfQu\u00e9 valor tiene \u201cEl Paabanc\u201d dentro de la identidad cultural del pa\u00eds?<\/h3><p>\u201cEl Paabanc\u201d es mucho m\u00e1s que una danza: es una memoria viva. Representa la diversidad \u00e9tnica de Guatemala, el respeto por los pueblos originarios y la posibilidad de transformar el patrimonio intangible en arte esc\u00e9nico. Su permanencia en el repertorio nacional confirma el papel del ballet como guardi\u00e1n de las ra\u00edces culturales.<\/p>\t\t\t\t\t\t\t\t<\/div>\n\t\t\t\t\t<\/div>\n\t\t\t\t<\/div>\n\t\t<div data-particle_enable=\"false\" data-particle-mobile-disabled=\"false\" class=\"elementor-element elementor-element-d8eedfd e-flex e-con-boxed e-con e-parent\" data-id=\"d8eedfd\" data-element_type=\"container\" data-e-type=\"container\">\n\t\t\t\t\t<div class=\"e-con-inner\">\n\t\t\t\t<div class=\"elementor-element elementor-element-2cc2231 elementor-widget elementor-widget-html\" data-id=\"2cc2231\" data-element_type=\"widget\" data-e-type=\"widget\" data-widget_type=\"html.default\">\n\t\t\t\t\t<iframe width=\"560\" height=\"415\" src=\"https:\/\/www.youtube.com\/embed\/DmcqCf_G_P4?si=ywo-a7uH_i7CFj7S&amp;start=38\" title=\"YouTube video player\" frameborder=\"0\" allow=\"accelerometer; autoplay; clipboard-write; encrypted-media; gyroscope; picture-in-picture; web-share\" referrerpolicy=\"strict-origin-when-cross-origin\" allowfullscreen><\/iframe>\t\t\t\t<\/div>\n\t\t\t\t\t<\/div>\n\t\t\t\t<\/div>\n\t\t<div data-particle_enable=\"false\" data-particle-mobile-disabled=\"false\" class=\"elementor-element elementor-element-0216f5f e-flex e-con-boxed e-con e-parent\" data-id=\"0216f5f\" data-element_type=\"container\" data-e-type=\"container\">\n\t\t\t\t\t<div class=\"e-con-inner\">\n\t\t\t\t<div class=\"elementor-element elementor-element-67dcb6d elementor-widget elementor-widget-text-editor\" data-id=\"67dcb6d\" data-element_type=\"widget\" data-e-type=\"widget\" data-widget_type=\"text-editor.default\">\n\t\t\t\t\t\t\t\t\t<h3>\u00bfCu\u00e1ndo\u00a0 naci\u00f3 el Ballet Moderno y Folkl\u00f3rico de Guatemala?<\/h3><p>El <a href=\"https:\/\/noticias.mcd.gob.gt\/2025\/10\/01\/61-anos-de-identidad-en-movimiento-el-ballet-moderno-y-folklorico-guardian-de-la-cultura-guatemalteca\/\">Ballet Moderno y Folkl\u00f3rico de Guatemala <\/a>fue fundado oficialmente el 1 de octubre de 1964, mediante Acuerdo Gubernativo, con el objetivo de preservar y difundir las danzas tradicionales del pa\u00eds e incorporar lenguajes de danza moderna y contempor\u00e1nea.<\/p><p>Desde entonces, ha funcionado bajo la tutela del Ministerio de Cultura y Deportes y en 1993 fue declarado Patrimonio Cultural de la Naci\u00f3n por el Decreto 30-93.<\/p><h3>\u00bfQu\u00e9 obras contempor\u00e1neas recientes ha presentado?<\/h3><p><a href=\"https:\/\/noticias.mcd.gob.gt\/2025\/10\/01\/61-anos-de-identidad-en-movimiento-el-ballet-moderno-y-folklorico-guardian-de-la-cultura-guatemalteca\/\">El Ballet Moderno y Folcl\u00f3rico <\/a>presenta varias obras referentes a la riqueza multicultural y tradicional de Guatemala, entre ellas El Urram, La Danza del Ma\u00eds, Oscura Intuici\u00f3n y El Paabank.<\/p><p>\u00bfEn qu\u00e9 escenarios se presenta el Ballet Moderno y Folkl\u00f3rico?<\/p><p>El BMFG realiza temporadas anuales en el Teatro Nacional Miguel \u00c1ngel Asturias, la Universidad Popular y en giras por cabeceras departamentales. Adem\u00e1s, participa en festivales como el Festival del Centro Hist\u00f3rico y el Festival de Junio, llevando la danza a p\u00fablicos diversos.<\/p><p>Tambi\u00e9n ha representado a Guatemala en escenarios internacionales como el Festival Cervantino en M\u00e9xico y giras en Per\u00fa y Estados Unidos.<\/p>\t\t\t\t\t\t\t\t<\/div>\n\t\t\t\t\t<\/div>\n\t\t\t\t<\/div>\n\t\t<div data-particle_enable=\"false\" data-particle-mobile-disabled=\"false\" class=\"elementor-element elementor-element-85d8091 e-flex e-con-boxed e-con e-parent\" data-id=\"85d8091\" data-element_type=\"container\" data-e-type=\"container\">\n\t\t\t\t\t<div class=\"e-con-inner\">\n\t\t\t\t<div class=\"elementor-element elementor-element-2c6b0a7 elementor-widget elementor-widget-html\" data-id=\"2c6b0a7\" data-element_type=\"widget\" data-e-type=\"widget\" data-widget_type=\"html.default\">\n\t\t\t\t\t<iframe width=\"560\" height=\"315\" src=\"https:\/\/www.youtube.com\/embed\/S-pu1ZKA_y4?si=mUImpLmtRM02LQvP&amp;start=38\" title=\"YouTube video player\" frameborder=\"0\" allow=\"accelerometer; autoplay; clipboard-write; encrypted-media; gyroscope; picture-in-picture; web-share\" referrerpolicy=\"strict-origin-when-cross-origin\" allowfullscreen><\/iframe>\t\t\t\t<\/div>\n\t\t\t\t\t<\/div>\n\t\t\t\t<\/div>\n\t\t<div data-particle_enable=\"false\" data-particle-mobile-disabled=\"false\" class=\"elementor-element elementor-element-016106c e-flex e-con-boxed e-con e-parent\" data-id=\"016106c\" data-element_type=\"container\" data-e-type=\"container\">\n\t\t\t\t\t<div class=\"e-con-inner\">\n\t\t\t\t<div class=\"elementor-element elementor-element-7d32814 elementor-widget elementor-widget-heading\" data-id=\"7d32814\" data-element_type=\"widget\" data-e-type=\"widget\" data-widget_type=\"heading.default\">\n\t\t\t\t\t<h2 class=\"elementor-heading-title elementor-size-default\">Tesoro nacional en movimiento<\/h2>\t\t\t\t<\/div>\n\t\t\t\t\t<\/div>\n\t\t\t\t<\/div>\n\t\t<div data-particle_enable=\"false\" data-particle-mobile-disabled=\"false\" class=\"elementor-element elementor-element-1a03956 e-flex e-con-boxed e-con e-parent\" data-id=\"1a03956\" data-element_type=\"container\" data-e-type=\"container\">\n\t\t\t\t\t<div class=\"e-con-inner\">\n\t\t\t\t<div class=\"elementor-element elementor-element-c353f6b elementor-grid-eael-col-3 elementor-grid-tablet-eael-col-2 elementor-grid-mobile-eael-col-1 elementor-widget elementor-widget-eael-post-grid\" data-id=\"c353f6b\" data-element_type=\"widget\" data-e-type=\"widget\" data-settings=\"{&quot;eael_post_grid_columns&quot;:&quot;eael-col-3&quot;,&quot;eael_post_grid_columns_tablet&quot;:&quot;eael-col-2&quot;,&quot;eael_post_grid_columns_mobile&quot;:&quot;eael-col-1&quot;}\" data-widget_type=\"eael-post-grid.default\">\n\t\t\t\t\t<div id=\"eael-post-grid-c353f6b\" class=\"eael-post-grid-container\">\n            <div class=\"eael-post-grid eael-post-appender eael-post-appender-c353f6b eael-post-grid-style-one\" data-layout-mode=\"masonry\"><article class=\"eael-grid-post  eael-post-grid-column eael-pg-post-45894 category-guate-nuestra tags-danzas-de-guatemala\" data-id=\"45894\">\n        <div class=\"eael-grid-post-holder\">\n            <div class=\"eael-grid-post-holder-inner\"><div class=\"eael-entry-media\"><div class=\"eael-entry-overlay fade-in\"><i class=\"far fa-hand-pointer\" aria-hidden=\"true\"><\/i><a href=\"https:\/\/soymigrante.com\/revista\/jor-chan-la-danza-de-la-serpiente-que-despierta-la-tierra-en-jocotan\/\"><\/a><\/div><div class=\"eael-entry-thumbnail eael-image-ratio\">\n                <img decoding=\"async\" width=\"194\" height=\"194\" src=\"https:\/\/soymigrante.com\/revista\/wp-content\/uploads\/2025\/09\/La-danza-de-Jor-Chan-2-e1758731266990.jpg\" class=\"attachment-large size-large wp-image-45895\" alt=\"Jor Chan: la danza de la serpiente que despierta la tierra en Jocot\u00e1n\" srcset=\"https:\/\/soymigrante.com\/revista\/wp-content\/uploads\/2025\/09\/La-danza-de-Jor-Chan-2-e1758731266990.jpg 194w, https:\/\/soymigrante.com\/revista\/wp-content\/uploads\/2025\/09\/La-danza-de-Jor-Chan-2-e1758731266990-150x150.jpg 150w, https:\/\/soymigrante.com\/revista\/wp-content\/uploads\/2025\/09\/La-danza-de-Jor-Chan-2-e1758731266990-75x75.jpg 75w\" sizes=\"(max-width: 194px) 100vw, 194px\" \/>\n            <\/div>\n        <\/div><div class=\"eael-entry-wrapper\"><header class=\"eael-entry-header\"><h2 class=\"eael-entry-title\"><a class=\"eael-grid-post-link\" href=\"https:\/\/soymigrante.com\/revista\/jor-chan-la-danza-de-la-serpiente-que-despierta-la-tierra-en-jocotan\/\" title=\"Jor Chan: la danza de la serpiente que despierta la tierra en Jocot\u00e1n\">Jor Chan: la danza de la serpiente que despierta la tierra en Jocot\u00e1n<\/a><\/h2><\/header><div class=\"eael-entry-content\">\n                        <div class=\"eael-grid-post-excerpt\"><a href=\"https:\/\/soymigrante.com\/revista\/jor-chan-la-danza-de-la-serpiente-que-despierta-la-tierra-en-jocotan\/\" class=\"eael-post-elements-readmore-btn\">CONOCE SU HISTORIA <\/a><\/div>\n                    <\/div><\/div><\/div>\n        <\/div>\n    <\/article><article class=\"eael-grid-post  eael-post-grid-column eael-pg-post-44070 category-guate-nuestra tags-danzas-de-guatemala\" data-id=\"44070\">\n        <div class=\"eael-grid-post-holder\">\n            <div class=\"eael-grid-post-holder-inner\"><div class=\"eael-entry-media\"><div class=\"eael-entry-overlay fade-in\"><i class=\"far fa-hand-pointer\" aria-hidden=\"true\"><\/i><a href=\"https:\/\/soymigrante.com\/revista\/danzas-de-guatemala-la-danza-de-mexicanos-es-una-corrida-de-toros\/\"><\/a><\/div><div class=\"eael-entry-thumbnail eael-image-ratio\">\n                <img loading=\"lazy\" decoding=\"async\" width=\"500\" height=\"500\" src=\"https:\/\/soymigrante.com\/revista\/wp-content\/uploads\/2025\/09\/la-danza-de-los-mexicanos-2.jpg\" class=\"attachment-large size-large wp-image-44071\" alt=\"La Danza de Mexicanos en Guatemala: tradici\u00f3n, fe y resistencia cultural\" srcset=\"https:\/\/soymigrante.com\/revista\/wp-content\/uploads\/2025\/09\/la-danza-de-los-mexicanos-2.jpg 500w, https:\/\/soymigrante.com\/revista\/wp-content\/uploads\/2025\/09\/la-danza-de-los-mexicanos-2-300x300.jpg 300w, https:\/\/soymigrante.com\/revista\/wp-content\/uploads\/2025\/09\/la-danza-de-los-mexicanos-2-150x150.jpg 150w, https:\/\/soymigrante.com\/revista\/wp-content\/uploads\/2025\/09\/la-danza-de-los-mexicanos-2-75x75.jpg 75w\" sizes=\"(max-width: 500px) 100vw, 500px\" \/>\n            <\/div>\n        <\/div><div class=\"eael-entry-wrapper\"><header class=\"eael-entry-header\"><h2 class=\"eael-entry-title\"><a class=\"eael-grid-post-link\" href=\"https:\/\/soymigrante.com\/revista\/danzas-de-guatemala-la-danza-de-mexicanos-es-una-corrida-de-toros\/\" title=\"Danzas de Guatemala: la Danza de Mexicanos es una corrida de toros\">Danzas de Guatemala: la Danza de Mexicanos es una corrida de toros<\/a><\/h2><\/header><div class=\"eael-entry-content\">\n                        <div class=\"eael-grid-post-excerpt\"><a href=\"https:\/\/soymigrante.com\/revista\/danzas-de-guatemala-la-danza-de-mexicanos-es-una-corrida-de-toros\/\" class=\"eael-post-elements-readmore-btn\">CONOCE SU HISTORIA <\/a><\/div>\n                    <\/div><\/div><\/div>\n        <\/div>\n    <\/article><article class=\"eael-grid-post  eael-post-grid-column eael-pg-post-4084 category-guate-nuestra tags-danzas-de-guatemala\" data-id=\"4084\">\n        <div class=\"eael-grid-post-holder\">\n            <div class=\"eael-grid-post-holder-inner\"><div class=\"eael-entry-media\"><div class=\"eael-entry-overlay fade-in\"><i class=\"far fa-hand-pointer\" aria-hidden=\"true\"><\/i><a href=\"https:\/\/soymigrante.com\/revista\/convite-guatemala-migrantes-guatemaltecos-homenaje-totonicapan-tradicion\/\"><\/a><\/div><div class=\"eael-entry-thumbnail eael-image-ratio\">\n                <img loading=\"lazy\" decoding=\"async\" width=\"800\" height=\"600\" src=\"https:\/\/soymigrante.com\/revista\/wp-content\/uploads\/2023\/12\/presentacion-en-la-calle.webp\" class=\"attachment-large size-large wp-image-4065\" alt=\"Presentaci\u00f3n en el sal\u00f3n de usos m\u00faltiples dedicado a los migrantes guatemaltecos\" srcset=\"https:\/\/soymigrante.com\/revista\/wp-content\/uploads\/2023\/12\/presentacion-en-la-calle.webp 800w, https:\/\/soymigrante.com\/revista\/wp-content\/uploads\/2023\/12\/presentacion-en-la-calle-300x225.webp 300w, https:\/\/soymigrante.com\/revista\/wp-content\/uploads\/2023\/12\/presentacion-en-la-calle-768x576.webp 768w, https:\/\/soymigrante.com\/revista\/wp-content\/uploads\/2023\/12\/presentacion-en-la-calle-750x563.webp 750w\" sizes=\"(max-width: 800px) 100vw, 800px\" \/>\n            <\/div>\n        <\/div><div class=\"eael-entry-wrapper\"><header class=\"eael-entry-header\"><h2 class=\"eael-entry-title\"><a class=\"eael-grid-post-link\" href=\"https:\/\/soymigrante.com\/revista\/convite-guatemala-migrantes-guatemaltecos-homenaje-totonicapan-tradicion\/\" title=\"Danzas de Guatemala: Convite de Totonicap\u00e1n dedicado a migrantes en EE.UU.\">Danzas de Guatemala: Convite de Totonicap\u00e1n dedicado a migrantes en EE.UU.<\/a><\/h2><\/header><div class=\"eael-entry-content\">\n                        <div class=\"eael-grid-post-excerpt\"><a href=\"https:\/\/soymigrante.com\/revista\/convite-guatemala-migrantes-guatemaltecos-homenaje-totonicapan-tradicion\/\" class=\"eael-post-elements-readmore-btn\">CONOCE SU HISTORIA <\/a><\/div>\n                    <\/div><\/div><\/div>\n        <\/div>\n    <\/article><\/div>\n            <div class=\"clearfix\"><\/div>\n        <\/div>            <div class=\"eael-load-more-button-wrap eael-force-hide\">\n                <button class=\"eael-load-more-button\" id=\"eael-load-more-btn-c353f6b\" data-widget-id=\"c353f6b\" data-widget=\"c353f6b\" data-page-id=\"47695\" data-template=\"{&quot;dir&quot;:&quot;lite&quot;,&quot;file_name&quot;:&quot;one.php&quot;,&quot;name&quot;:&quot;Post-Grid&quot;}\" data-class=\"Essential_Addons_Elementor\\Elements\\Post_Grid\" data-layout=\"masonry\" data-page=\"1\" data-args=\"orderby=author&amp;order=desc&amp;ignore_sticky_posts=1&amp;post_status=publish&amp;posts_per_page=3&amp;offset=0&amp;post_type=post&amp;tax_query%5B0%5D%5Btaxonomy%5D=post_tag&amp;tax_query%5B0%5D%5Bfield%5D=term_id&amp;tax_query%5B0%5D%5Bterms%5D%5B0%5D=244&amp;tax_query%5Brelation%5D=AND\" data-max-page=\"7\">\n                    <span class=\"eael-btn-loader button__loader\"><\/span>\n                    <span class=\"eael_load_more_text\">Load More<\/span>\n                <\/button>\n            <\/div>\n            \t\t\t\t<\/div>\n\t\t\t\t\t<\/div>\n\t\t\t\t<\/div>\n\t\t\t\t<\/div>\n\t\t","protected":false},"excerpt":{"rendered":"<p>El Ballet Moderno y Folckl\u00f3rico de Guatemala suele representar en la obra El Paabank, una fusi\u00f3n de danzas y tradiciones; pero est\u00e1 basado en una tradici\u00f3n del Pueblo Q&#8217;eqchi&#8217;. Emoci\u00f3n, aplausos, uni\u00f3n comunitaria tienen en com\u00fan la fiesta del Paabank, efectuada en pueblos de Alta Verapaz y en cada presentaci\u00f3n de dicha obra del Ballet [&hellip;]<\/p>\n","protected":false},"author":7,"featured_media":47698,"comment_status":"open","ping_status":"open","sticky":false,"template":"","format":"standard","meta":{"_acf_changed":false,"_eb_attr":"","footnotes":""},"categories":[91,58],"tags":[],"class_list":["post-47695","post","type-post","status-publish","format-standard","has-post-thumbnail","hentry","category-arte-cultura","category-guate-nuestra"],"acf":[],"aioseo_notices":[],"aioseo_head":"\n\t\t<!-- All in One SEO Pro 4.9.6.2 - aioseo.com -->\n\t<meta name=\"description\" content=\"En el cierre de 2023,integrantes del internacional convite \u00c1ngel P\u00e9rez Quiroa de Totonicap\u00e1n dedicaron su tradicional presentaci\u00f3n a los migrantes guatemaltecos, como reconocimiento a su trabajo y aporte hacia la econom\u00eda del pa\u00eds. Al ritmo de son, tango, cumbia y merengue Cada 25 de diciembre vecinos, familias, locales y visitantes acuden al centro de la Integrantes del convite navide\u00f1o \u00c1ngel P\u00e9rez Quiroa de Totonicap\u00e1n, Guatemala realizan presentaci\u00f3n en honor a los hermanos migrantes guatemaltecos.\" \/>\n\t<meta name=\"robots\" content=\"max-snippet:-1, max-image-preview:large, max-video-preview:-1\" \/>\n\t<meta name=\"author\" content=\"Gustavo Montenegro\"\/>\n\t<link rel=\"canonical\" href=\"https:\/\/soymigrante.com\/revista\/que-es-el-paabank-y-porque-es-tan-emblematico-para-los-guatemaltecos\/\" \/>\n\t<meta name=\"generator\" content=\"All in One SEO Pro (AIOSEO) 4.9.6.2\" \/>\n\n\t\t<link rel=\"preconnect\" href=\"https:\/\/fonts.googleapis.com\" crossorigin>\n<link rel=\"preconnect\" href=\"https:\/\/fonts.gstatic.com\" crossorigin>\n\t\t<meta property=\"og:locale\" content=\"es_ES\" \/>\n\t\t<meta property=\"og:site_name\" content=\"SoyMigrante.com REVISTA \u2013 Nuestra misi\u00f3n es reconocer y dignificar al migrante.\" \/>\n\t\t<meta property=\"og:type\" content=\"article\" \/>\n\t\t<meta property=\"og:title\" content=\"\u00bfQu\u00e9 es el Paabank y porqu\u00e9 es tan emblem\u00e1tico para los guatemaltecos?\" \/>\n\t\t<meta property=\"og:description\" content=\"\u00bfQu\u00e9 es el Paabank y porqu\u00e9 es tan emblem\u00e1tico de Guatemala?\" \/>\n\t\t<meta property=\"og:url\" content=\"https:\/\/soymigrante.com\/revista\/que-es-el-paabank-y-porque-es-tan-emblematico-para-los-guatemaltecos\/\" \/>\n\t\t<meta property=\"og:image\" content=\"https:\/\/soymigrante.com\/revista\/wp-content\/uploads\/2025\/10\/paabank.png\" \/>\n\t\t<meta property=\"og:image:secure_url\" content=\"https:\/\/soymigrante.com\/revista\/wp-content\/uploads\/2025\/10\/paabank.png\" \/>\n\t\t<meta property=\"og:image:width\" content=\"920\" \/>\n\t\t<meta property=\"og:image:height\" content=\"920\" \/>\n\t\t<meta property=\"article:published_time\" content=\"2025-10-24T18:12:15+00:00\" \/>\n\t\t<meta property=\"article:modified_time\" content=\"2025-10-24T18:13:44+00:00\" \/>\n\t\t<meta property=\"article:publisher\" content=\"https:\/\/www.facebook.com\/soymigrantecom\" \/>\n\t\t<meta name=\"twitter:card\" content=\"summary_large_image\" \/>\n\t\t<meta name=\"twitter:site\" content=\"@SoyMigrante_com\" \/>\n\t\t<meta name=\"twitter:title\" content=\"\u00bfQu\u00e9 es el Paabank y porqu\u00e9 es tan emblem\u00e1tico para los guatemaltecos?\" \/>\n\t\t<meta name=\"twitter:description\" content=\"\u00bfQu\u00e9 es el Paabank y porqu\u00e9 es tan emblem\u00e1tico de Guatemala?\" \/>\n\t\t<meta name=\"twitter:creator\" content=\"@SoyMigrante_com\" \/>\n\t\t<meta name=\"twitter:image\" content=\"https:\/\/soymigrante.com\/revista\/wp-content\/uploads\/2025\/10\/paabank.png\" \/>\n\t\t<!-- All in One SEO Pro -->\r\n\t\t<title>\u00bfQu\u00e9 es el Paabank y porqu\u00e9 es tan emblem\u00e1tico para los guatemaltecos?<\/title>\n\n","aioseo_head_json":{"title":"\u00bfQu\u00e9 es el Paabank y porqu\u00e9 es tan emblem\u00e1tico para los guatemaltecos?","description":"\u00bfQu\u00e9 es el Paabank y porqu\u00e9 es tan emblem\u00e1tico de Guatemala?","canonical_url":"https:\/\/soymigrante.com\/revista\/que-es-el-paabank-y-porque-es-tan-emblematico-para-los-guatemaltecos\/","robots":"max-snippet:-1, max-image-preview:large, max-video-preview:-1","keywords":"","webmasterTools":{"miscellaneous":"&lt;link rel=\"preconnect\" href=\"https:\/\/fonts.googleapis.com\" crossorigin&gt;\n&lt;link rel=\"preconnect\" href=\"https:\/\/fonts.gstatic.com\" crossorigin&gt;"},"schema":null,"og:locale":"es_ES","og:site_name":"SoyMigrante.com REVISTA \u2013 Nuestra misi\u00f3n es reconocer y dignificar al migrante.","og:type":"article","og:title":"\u00bfQu\u00e9 es el Paabank y porqu\u00e9 es tan emblem\u00e1tico para los guatemaltecos?","og:description":"\u00bfQu\u00e9 es el Paabank y porqu\u00e9 es tan emblem\u00e1tico de Guatemala?","og:url":"https:\/\/soymigrante.com\/revista\/que-es-el-paabank-y-porque-es-tan-emblematico-para-los-guatemaltecos\/","og:image":"https:\/\/soymigrante.com\/revista\/wp-content\/uploads\/2025\/10\/paabank.png","og:image:secure_url":"https:\/\/soymigrante.com\/revista\/wp-content\/uploads\/2025\/10\/paabank.png","og:image:width":920,"og:image:height":920,"article:published_time":"2025-10-24T18:12:15+00:00","article:modified_time":"2025-10-24T18:13:44+00:00","article:publisher":"https:\/\/www.facebook.com\/soymigrantecom","twitter:card":"summary_large_image","twitter:site":"@SoyMigrante_com","twitter:title":"\u00bfQu\u00e9 es el Paabank y porqu\u00e9 es tan emblem\u00e1tico para los guatemaltecos?","twitter:description":"\u00bfQu\u00e9 es el Paabank y porqu\u00e9 es tan emblem\u00e1tico de Guatemala?","twitter:creator":"@SoyMigrante_com","twitter:image":"https:\/\/soymigrante.com\/revista\/wp-content\/uploads\/2025\/10\/paabank.png"},"aioseo_meta_data":{"post_id":"47695","title":null,"description":"\u00bfQu\u00e9 es el Paabank y porqu\u00e9 es tan emblem\u00e1tico de Guatemala?","keywords":null,"keyphrases":{"focus":{"keyphrase":"Paabank","score":100,"analysis":{"keyphraseInTitle":{"score":9,"maxScore":9,"error":0},"keyphraseInDescription":{"score":9,"maxScore":9,"error":0},"keyphraseLength":{"score":9,"maxScore":9,"error":0,"length":1},"keyphraseInURL":{"score":5,"maxScore":5,"error":0}}},"additional":[{"keyphrase":"Guatemala","score":100,"analysis":{"keyphraseInDescription":{"score":9,"maxScore":9,"error":0},"keyphraseLength":{"score":9,"maxScore":9,"error":0,"length":1}}}]},"primary_term":null,"canonical_url":null,"og_title":null,"og_description":null,"og_object_type":"default","og_image_type":"default","og_image_url":null,"og_image_width":null,"og_image_height":null,"og_image_custom_url":null,"og_image_custom_fields":null,"og_video":"","og_custom_url":null,"og_article_section":null,"og_article_tags":null,"twitter_use_og":false,"twitter_card":"default","twitter_image_type":"default","twitter_image_url":null,"twitter_image_custom_url":null,"twitter_image_custom_fields":null,"twitter_title":null,"twitter_description":null,"schema":{"blockGraphs":[],"customGraphs":[],"default":{"data":{"Article":[],"Course":[],"Dataset":[],"FAQPage":[],"Movie":[],"Person":[],"Product":[],"ProductReview":[],"Car":[],"Recipe":[],"Service":[],"SoftwareApplication":[],"WebPage":[]},"graphName":"none","isEnabled":true},"graphs":[]},"schema_type":"default","schema_type_options":null,"pillar_content":false,"robots_default":true,"robots_noindex":false,"robots_noarchive":false,"robots_nosnippet":false,"robots_nofollow":false,"robots_noimageindex":false,"robots_noodp":false,"robots_notranslate":false,"robots_max_snippet":"-1","robots_max_videopreview":"-1","robots_max_imagepreview":"large","priority":null,"frequency":"default","local_seo":null,"seo_analyzer_scan_date":"2025-10-24 18:14:02","breadcrumb_settings":null,"limit_modified_date":false,"reviewed_by":"0","open_ai":null,"ai":{"faqs":[],"keyPoints":[],"titles":[],"descriptions":[],"socialPosts":{"email":[],"linkedin":[],"twitter":[],"facebook":[],"instagram":[]}},"created":"2025-10-24 14:40:23","updated":"2026-02-05 06:52:28"},"aioseo_breadcrumb":"<div class=\"aioseo-breadcrumbs\"><span class=\"aioseo-breadcrumb\">\n\t<a href=\"https:\/\/soymigrante.com\/revista\" title=\"Home\">Home<\/a>\n<\/span><span class=\"aioseo-breadcrumb-separator\">\u00bb<\/span><span class=\"aioseo-breadcrumb\">\n\t<a href=\"https:\/\/soymigrante.com\/revista\/category\/guate-nuestra\/\" title=\"Guate Nuestra\">Guate Nuestra<\/a>\n<\/span><span class=\"aioseo-breadcrumb-separator\">\u00bb<\/span><span class=\"aioseo-breadcrumb\">\n\t<a href=\"https:\/\/soymigrante.com\/revista\/category\/guate-nuestra\/arte-cultura\/\" title=\"Cultura de Guatemala\">Cultura de Guatemala<\/a>\n<\/span><span class=\"aioseo-breadcrumb-separator\">\u00bb<\/span><span class=\"aioseo-breadcrumb\">\n\t\u00bfQu\u00e9 es el Paabank y porqu\u00e9 es tan emblem\u00e1tico para los guatemaltecos?\n<\/span><\/div>","aioseo_breadcrumb_json":[{"label":"Home","link":"https:\/\/soymigrante.com\/revista"},{"label":"Guate Nuestra","link":"https:\/\/soymigrante.com\/revista\/category\/guate-nuestra\/"},{"label":"Cultura de Guatemala","link":"https:\/\/soymigrante.com\/revista\/category\/guate-nuestra\/arte-cultura\/"},{"label":"\u00bfQu\u00e9 es el Paabank y porqu\u00e9 es tan emblem\u00e1tico para los guatemaltecos?","link":"https:\/\/soymigrante.com\/revista\/que-es-el-paabank-y-porque-es-tan-emblematico-para-los-guatemaltecos\/"}],"_links":{"self":[{"href":"https:\/\/soymigrante.com\/revista\/wp-json\/wp\/v2\/posts\/47695","targetHints":{"allow":["GET"]}}],"collection":[{"href":"https:\/\/soymigrante.com\/revista\/wp-json\/wp\/v2\/posts"}],"about":[{"href":"https:\/\/soymigrante.com\/revista\/wp-json\/wp\/v2\/types\/post"}],"author":[{"embeddable":true,"href":"https:\/\/soymigrante.com\/revista\/wp-json\/wp\/v2\/users\/7"}],"replies":[{"embeddable":true,"href":"https:\/\/soymigrante.com\/revista\/wp-json\/wp\/v2\/comments?post=47695"}],"version-history":[{"count":7,"href":"https:\/\/soymigrante.com\/revista\/wp-json\/wp\/v2\/posts\/47695\/revisions"}],"predecessor-version":[{"id":47708,"href":"https:\/\/soymigrante.com\/revista\/wp-json\/wp\/v2\/posts\/47695\/revisions\/47708"}],"wp:featuredmedia":[{"embeddable":true,"href":"https:\/\/soymigrante.com\/revista\/wp-json\/wp\/v2\/media\/47698"}],"wp:attachment":[{"href":"https:\/\/soymigrante.com\/revista\/wp-json\/wp\/v2\/media?parent=47695"}],"wp:term":[{"taxonomy":"category","embeddable":true,"href":"https:\/\/soymigrante.com\/revista\/wp-json\/wp\/v2\/categories?post=47695"},{"taxonomy":"post_tag","embeddable":true,"href":"https:\/\/soymigrante.com\/revista\/wp-json\/wp\/v2\/tags?post=47695"}],"curies":[{"name":"wp","href":"https:\/\/api.w.org\/{rel}","templated":true}]}}