{"id":47607,"date":"2025-10-23T13:06:28","date_gmt":"2025-10-23T19:06:28","guid":{"rendered":"https:\/\/soymigrante.com\/revista\/?p=47607"},"modified":"2025-10-23T13:06:37","modified_gmt":"2025-10-23T19:06:37","slug":"congreso-y-senado-de-usa-investigan-detenciones-ilegales-de-latinos-ciudadanos-por-ice","status":"publish","type":"post","link":"https:\/\/soymigrante.com\/revista\/congreso-y-senado-de-usa-investigan-detenciones-ilegales-de-latinos-ciudadanos-por-ice\/","title":{"rendered":"Congreso y Senado de USA investigan detenciones ilegales de latinos ciudadanos por ICE"},"content":{"rendered":"\t\t<div data-elementor-type=\"wp-post\" data-elementor-id=\"47607\" class=\"elementor elementor-47607\" data-elementor-post-type=\"post\">\n\t\t\t\t<div data-particle_enable=\"false\" data-particle-mobile-disabled=\"false\" class=\"elementor-element elementor-element-82d3845 e-flex e-con-boxed e-con e-parent\" data-id=\"82d3845\" data-element_type=\"container\" data-e-type=\"container\">\n\t\t\t\t\t<div class=\"e-con-inner\">\n\t\t\t\t<div class=\"elementor-element elementor-element-d5f7093 elementor-widget elementor-widget-heading\" data-id=\"d5f7093\" data-element_type=\"widget\" data-e-type=\"widget\" data-widget_type=\"heading.default\">\n\t\t\t\t\t<h2 class=\"elementor-heading-title elementor-size-default\">Captura ilegal de ciudadanos estadounidenses, la mayor\u00eda latinos, aumentan sospechas de sesgo racista en operativos migratorios. Reportajes de ProPublica motiva investigaci\u00f3n de congresistas y senadores.<\/h2>\t\t\t\t<\/div>\n\t\t\t\t\t<\/div>\n\t\t\t\t<\/div>\n\t\t<div data-particle_enable=\"false\" data-particle-mobile-disabled=\"false\" class=\"elementor-element elementor-element-1ed9cca e-flex e-con-boxed e-con e-parent\" data-id=\"1ed9cca\" data-element_type=\"container\" data-e-type=\"container\">\n\t\t\t\t\t<div class=\"e-con-inner\">\n\t\t\t\t<div class=\"elementor-element elementor-element-6ffb850 elementor-widget elementor-widget-text-editor\" data-id=\"6ffb850\" data-element_type=\"widget\" data-e-type=\"widget\" data-widget_type=\"text-editor.default\">\n\t\t\t\t\t\t\t\t\t<p><a href=\"https:\/\/www.propublica.org\/article\/immigration-ice-americans-detained-joint-congressional-investigation\">El Congreso de Estados Unidos anunci\u00f3 una investigaci\u00f3n bicameral<\/a> sobre las detenciones de ciudadanos estadounidenses por parte de agentes del Servicio de Inmigraci\u00f3n y Control de Aduanas (ICE), luego de que una <a href=\"https:\/\/www.propublica.org\/article\/immigration-dhs-american-citizens-arrested-detained-against-will\">investigaci\u00f3n del medio ProPublica revelara que m\u00e1s de 170 ciudadanos han sido arrestados o retenidos este a\u00f1o<\/a> por error o por motivos <a href=\"https:\/\/pmc.ncbi.nlm.nih.gov\/articles\/PMC8622792\/\">discriminatorios.<\/a><\/p><p>Seg\u00fan el reportaje, <a href=\"https:\/\/www.propublica.org\/article\/immigration-dhs-american-citizens-arrested-detained-against-will\">publicado el 21 de octubre de 2025 por la periodista Nicole Foy, <\/a>el gobierno federal no lleva un registro oficial de cu\u00e1ntas veces ICE ha detenido a ciudadanos estadounidenses, lo cual es en s\u00ed mismo un abuso intolerable.<\/p><p>Ante ese vac\u00edo, <a href=\"https:\/\/www.propublica.org\/article\/immigration-dhs-american-citizens-arrested-detained-against-will\">ProPublica realiz\u00f3 su propio conteo,<\/a> documentando casos en los que agentes \u201chan mantenido a ciudadanos bajo custodia durante horas o d\u00edas, los han interrogado sobre su estatus y, en algunos casos, los han agredido f\u00edsicamente\u201d, lo cual no tiene ninguna justificaci\u00f3n incluso si no fuesen ciudadanos.<\/p>\t\t\t\t\t\t\t\t<\/div>\n\t\t\t\t\t<\/div>\n\t\t\t\t<\/div>\n\t\t<div data-particle_enable=\"false\" data-particle-mobile-disabled=\"false\" class=\"elementor-element elementor-element-35f63ac e-flex e-con-boxed e-con e-parent\" data-id=\"35f63ac\" data-element_type=\"container\" data-e-type=\"container\">\n\t\t\t\t\t<div class=\"e-con-inner\">\n\t\t\t\t<div class=\"elementor-element elementor-element-20a07e7 elementor-widget elementor-widget-image\" data-id=\"20a07e7\" data-element_type=\"widget\" data-e-type=\"widget\" data-widget_type=\"image.default\">\n\t\t\t\t\t\t\t\t\t\t\t\t<figure class=\"wp-caption\">\n\t\t\t\t\t\t\t\t\t\t\t<a href=\"https:\/\/www.propublica.org\/article\/immigration-ice-americans-detained-joint-congressional-investigation\">\n\t\t\t\t\t\t\t<img fetchpriority=\"high\" decoding=\"async\" width=\"620\" height=\"614\" src=\"https:\/\/soymigrante.com\/revista\/wp-content\/uploads\/2025\/10\/captura-de-ciudadanos.png\" class=\"attachment-large size-large wp-image-47622\" alt=\"El medio ProPublica, que public\u00f3 la serie de reportajes sobre detenciones ilegales de ciudadanos americanos, la mayor\u00eda hispanos, tambi\u00e9n anunci\u00f3 la investigaci\u00f3n bicameral de estos posibles abusos por sesgos raciales. Para ir al art\u00edculo original en ingl\u00e9s, clic en la imagen.\" srcset=\"https:\/\/soymigrante.com\/revista\/wp-content\/uploads\/2025\/10\/captura-de-ciudadanos.png 620w, https:\/\/soymigrante.com\/revista\/wp-content\/uploads\/2025\/10\/captura-de-ciudadanos-300x297.png 300w, https:\/\/soymigrante.com\/revista\/wp-content\/uploads\/2025\/10\/captura-de-ciudadanos-150x150.png 150w, https:\/\/soymigrante.com\/revista\/wp-content\/uploads\/2025\/10\/captura-de-ciudadanos-75x75.png 75w\" sizes=\"(max-width: 620px) 100vw, 620px\" title=\"ProPublica, que public\u00f3 la serie de reportajes sobre detenciones ilegales de ciudadanos americanos, la mayor\u00eda hispanos, tambi\u00e9n anunci\u00f3 la investigaci\u00f3n bicameral de estos posibles abusos por sesgos raciales. Para ir al art\u00edculo original en ingl\u00e9s, clic en la imagen. \u2013 SoyMigrante.com REVISTA\" \/>\t\t\t\t\t\t\t\t<\/a>\n\t\t\t\t\t\t\t\t\t\t\t<figcaption class=\"widget-image-caption wp-caption-text\">ProPublica, que public\u00f3 la serie de reportajes sobre detenciones ilegales de ciudadanos americanos, la mayor\u00eda hispanos, tambi\u00e9n anunci\u00f3 la investigaci\u00f3n bicameral de estos posibles abusos por sesgos raciales. Para ir al art\u00edculo original en ingl\u00e9s, clic en la imagen.<\/figcaption>\n\t\t\t\t\t\t\t\t\t\t<\/figure>\n\t\t\t\t\t\t\t\t\t<\/div>\n\t\t\t\t\t<\/div>\n\t\t\t\t<\/div>\n\t\t<div data-particle_enable=\"false\" data-particle-mobile-disabled=\"false\" class=\"elementor-element elementor-element-2a1cc7a e-flex e-con-boxed e-con e-parent\" data-id=\"2a1cc7a\" data-element_type=\"container\" data-e-type=\"container\">\n\t\t\t\t\t<div class=\"e-con-inner\">\n\t\t\t\t<div class=\"elementor-element elementor-element-ab74a68 elementor-widget elementor-widget-text-editor\" data-id=\"ab74a68\" data-element_type=\"widget\" data-e-type=\"widget\" data-widget_type=\"text-editor.default\">\n\t\t\t\t\t\t\t\t\t<h3>Ciudadanos detenidos con excesiva fuerza \u00bfpor ser latinos?<\/h3><p>De los m\u00e1s de 170 casos registrados, alrededor de 50 corresponden a ciudadanos estadounidenses detenidos simplemente por sospechas sobre su ciudadan\u00eda, en la mayor\u00eda de los casos por su apariencia o por hablar espa\u00f1ol. \u201cCasi todos eran <a href=\"https:\/\/soymigrante.com\/revista\/por-que-y-desde-cuando-existe-el-mes-de-la-herencia-hispana-en-usa\/\">latinos<\/a>\u201d, se\u00f1ala la investigaci\u00f3n.<\/p><p>El resto \u2014unas 120 personas\u2014 fueron arrestadas durante redadas o protestas y acusadas de interferir con operaciones migratorias, aunque muchos de esos cargos fueron luego retirados. Entre los detenidos figuran al menos 20 menores de edad, incluyendo dos ni\u00f1os con c\u00e1ncer.<\/p><h3>\u201cPorque se parecen a m\u00ed\u201d<\/h3><p>La publicaci\u00f3n de ProPublica motiv\u00f3 una reacci\u00f3n inmediata en el Congreso. El representante <a href=\"https:\/\/robertgarcia.house.gov\/\">Robert Garcia<\/a>, dem\u00f3crata de California, anunci\u00f3 la apertura de una investigaci\u00f3n conjunta entre el Comit\u00e9 de Supervisi\u00f3n de la C\u00e1mara de Representantes y el Subcomit\u00e9 Permanente de Investigaciones del Senado.<\/p><p>\u201cM\u00e1s de 170 ciudadanos estadounidenses est\u00e1n siendo arrestados. \u00bfPor qu\u00e9? Porque se parecen a m\u00ed. Porque son de origen latino. O porque se les acusa de cr\u00edmenes que no cometieron\u201d, declar\u00f3 Garc\u00eda durante una conferencia de prensa en Los \u00c1ngeles.<\/p><p>Los legisladores han solicitado al Departamento de Seguridad Nacional (DHS) y a ICE que entreguen todos los registros relacionados con las detenciones de ciudadanos estadounidenses, especialmente en Los \u00c1ngeles y otras zonas donde se concentran comunidades migrantes.<\/p><h3>Respuesta del gobierno<\/h3><p>Una portavoz del<a href=\"https:\/\/www.dhs.gov\/news\/2025\/09\/08\/dhs-blasts-national-public-radios-disgusting-race-baiting-smears-against-americas\"> DHS<\/a>, Tricia McLaughlin, neg\u00f3 que exista persecuci\u00f3n racial dentro de la agencia, asegurando que ICE \u201chace cumplir la ley de inmigraci\u00f3n sin temor, sin favor y sin prejuicio\u201d.<\/p><p>Sin embargo, la falta de datos oficiales ha generado alarma entre expertos y organizaciones de derechos civiles. \u201cSi el gobierno puede detener a alguien simplemente porque pertenece a un grupo demogr\u00e1fico asociado con una infracci\u00f3n, entonces puede hacerlo en cualquier contexto\u201d, advirti\u00f3 uno de los especialistas citados por ProPublica.<\/p>\t\t\t\t\t\t\t\t<\/div>\n\t\t\t\t\t<\/div>\n\t\t\t\t<\/div>\n\t\t<div data-particle_enable=\"false\" data-particle-mobile-disabled=\"false\" class=\"elementor-element elementor-element-442e4a5 e-flex e-con-boxed e-con e-parent\" data-id=\"442e4a5\" data-element_type=\"container\" data-e-type=\"container\">\n\t\t\t\t\t<div class=\"e-con-inner\">\n\t\t\t\t<div class=\"elementor-element elementor-element-54958ec elementor-widget elementor-widget-image\" data-id=\"54958ec\" data-element_type=\"widget\" data-e-type=\"widget\" data-widget_type=\"image.default\">\n\t\t\t\t\t\t\t\t\t\t\t\t<figure class=\"wp-caption\">\n\t\t\t\t\t\t\t\t\t\t\t<a href=\"https:\/\/www.propublica.org\/article\/immigration-dhs-american-citizens-arrested-detained-against-will\">\n\t\t\t\t\t\t\t<img decoding=\"async\" width=\"1140\" height=\"405\" src=\"https:\/\/soymigrante.com\/revista\/wp-content\/uploads\/2025\/10\/reportaje-propublica-1140x405.png\" class=\"attachment-large size-large wp-image-47627\" alt=\"Ante la falta de registros oficiales de detenciones err\u00f3neas e ilegales de ciudadanos estadounidenses por fuerzas antimigrantes, el medio ProPublica public\u00f3 una serie de reportajes en los cuales registra hasta 170 de estos abusos. Para ir a la nota, clic en la imigen.\" srcset=\"https:\/\/soymigrante.com\/revista\/wp-content\/uploads\/2025\/10\/reportaje-propublica-1140x405.png 1140w, https:\/\/soymigrante.com\/revista\/wp-content\/uploads\/2025\/10\/reportaje-propublica-300x107.png 300w, https:\/\/soymigrante.com\/revista\/wp-content\/uploads\/2025\/10\/reportaje-propublica-768x273.png 768w, https:\/\/soymigrante.com\/revista\/wp-content\/uploads\/2025\/10\/reportaje-propublica-1536x546.png 1536w, https:\/\/soymigrante.com\/revista\/wp-content\/uploads\/2025\/10\/reportaje-propublica-2048x728.png 2048w, https:\/\/soymigrante.com\/revista\/wp-content\/uploads\/2025\/10\/reportaje-propublica-750x266.png 750w\" sizes=\"(max-width: 1140px) 100vw, 1140px\" title=\"Ante la falta de registros oficiales de detenciones err\u00f3neas e ilegales de ciudadanos estadounidenses por fuerzas antimigrantes, el medio ProPublica public\u00f3 una serie de reportajes en los cuales registra hasta 170 de estos abusos. Para ir a la nota, clic en la imigen. \u2013 SoyMigrante.com REVISTA\" \/>\t\t\t\t\t\t\t\t<\/a>\n\t\t\t\t\t\t\t\t\t\t\t<figcaption class=\"widget-image-caption wp-caption-text\">Ante la falta de registros oficiales de detenciones err\u00f3neas e ilegales de ciudadanos estadounidenses por fuerzas antimigrantes, el medio ProPublica public\u00f3 una serie de reportajes en los cuales registra hasta 170 de estos abusos. Para ir a la nota, clic en la imigen.<\/figcaption>\n\t\t\t\t\t\t\t\t\t\t<\/figure>\n\t\t\t\t\t\t\t\t\t<\/div>\n\t\t\t\t\t<\/div>\n\t\t\t\t<\/div>\n\t\t<div data-particle_enable=\"false\" data-particle-mobile-disabled=\"false\" class=\"elementor-element elementor-element-84436b7 e-flex e-con-boxed e-con e-parent\" data-id=\"84436b7\" data-element_type=\"container\" data-e-type=\"container\">\n\t\t\t\t\t<div class=\"e-con-inner\">\n\t\t\t\t<div class=\"elementor-element elementor-element-d5a1044 elementor-widget elementor-widget-text-editor\" data-id=\"d5a1044\" data-element_type=\"widget\" data-e-type=\"widget\" data-widget_type=\"text-editor.default\">\n\t\t\t\t\t\t\t\t\t<h3><span style=\"font-family: Mulish, sans-serif; font-size: 29px; font-weight: bold;\">Un patr\u00f3n de abuso que exige rendici\u00f3n de cuentas<\/span><\/h3><p>El medio independiente ProPublica tambi\u00e9n document\u00f3 casos de abuso f\u00edsico y psicol\u00f3gico, como el de un hombre de 79 a\u00f1os, ciudadano estadounidense, que fue derribado por agentes, mantenido 12 horas sin atenci\u00f3n m\u00e9dica y esposado pese a ser convaleciente de una cirug\u00eda.\u00a0<\/p><p>La investigaci\u00f3n del Congreso contempla audiencias p\u00fablicas y revisi\u00f3n de los protocolos internos de ICE. Seg\u00fan los legisladores, el objetivo es determinar c\u00f3mo se toman las decisiones que llevan a estas detenciones y qu\u00e9 medidas se aplican \u2014si alguna\u2014 cuando se comprueba que el detenido es ciudadano estadounidense.<\/p><p>\u201cLo que comenz\u00f3 como una serie de reportajes period\u00edsticos se ha convertido en un llamado urgente a la rendici\u00f3n de cuentas\u201d, resume ProPublica, se\u00f1alando que los casos documentados podr\u00edan ser apenas \u201cuna fracci\u00f3n\u201d del total real de posibles transgresiones con <a href=\"https:\/\/soymigrante.com\/revista\/operativos-antimaras-en-usa-se-utilizan-para-detener-migrantes-sin-antecedentes-cuestiona-insight-crime\/\">trasfondo racista.<\/a><\/p>\t\t\t\t\t\t\t\t<\/div>\n\t\t\t\t\t<\/div>\n\t\t\t\t<\/div>\n\t\t<div data-particle_enable=\"false\" data-particle-mobile-disabled=\"false\" class=\"elementor-element elementor-element-9935a01 e-flex e-con-boxed e-con e-parent\" data-id=\"9935a01\" data-element_type=\"container\" data-e-type=\"container\">\n\t\t\t\t\t<div class=\"e-con-inner\">\n\t\t\t\t<div class=\"elementor-element elementor-element-7efa339 elementor-widget elementor-widget-heading\" data-id=\"7efa339\" data-element_type=\"widget\" data-e-type=\"widget\" data-widget_type=\"heading.default\">\n\t\t\t\t\t<h2 class=\"elementor-heading-title elementor-size-default\">Tambi\u00e9n podr\u00eda interesarte esta informaci\u00f3n<\/h2>\t\t\t\t<\/div>\n\t\t\t\t\t<\/div>\n\t\t\t\t<\/div>\n\t\t<div data-particle_enable=\"false\" data-particle-mobile-disabled=\"false\" class=\"elementor-element elementor-element-22abf7f e-flex e-con-boxed e-con e-parent\" data-id=\"22abf7f\" data-element_type=\"container\" data-e-type=\"container\">\n\t\t\t\t\t<div class=\"e-con-inner\">\n\t\t\t\t<div class=\"elementor-element elementor-element-455e408 elementor-grid-eael-col-3 elementor-grid-tablet-eael-col-2 elementor-grid-mobile-eael-col-1 elementor-widget elementor-widget-eael-post-grid\" data-id=\"455e408\" data-element_type=\"widget\" data-e-type=\"widget\" data-settings=\"{&quot;eael_post_grid_columns&quot;:&quot;eael-col-3&quot;,&quot;eael_post_grid_columns_tablet&quot;:&quot;eael-col-2&quot;,&quot;eael_post_grid_columns_mobile&quot;:&quot;eael-col-1&quot;}\" data-widget_type=\"eael-post-grid.default\">\n\t\t\t\t\t<div id=\"eael-post-grid-455e408\" class=\"eael-post-grid-container\">\n            <div class=\"eael-post-grid eael-post-appender eael-post-appender-455e408 eael-post-grid-style-one\" data-layout-mode=\"masonry\"><article class=\"eael-grid-post  eael-post-grid-column eael-pg-post-16944 category-recursos-migratorios\" data-id=\"16944\">\n        <div class=\"eael-grid-post-holder\">\n            <div class=\"eael-grid-post-holder-inner\"><div class=\"eael-entry-media\"><div class=\"eael-entry-overlay fade-in\"><i class=\"far fa-hand-pointer\" aria-hidden=\"true\"><\/i><a href=\"https:\/\/soymigrante.com\/revista\/todo-migrante-tiene-derechos-la-union-americana-de-libertades-civiles-recomienda\/\"><\/a><\/div><div class=\"eael-entry-thumbnail eael-image-ratio\">\n                <img decoding=\"async\" width=\"1024\" height=\"1024\" src=\"https:\/\/soymigrante.com\/revista\/wp-content\/uploads\/2024\/12\/migrantes-ruta-1-1024x1024.jpg\" class=\"attachment-large size-large wp-image-17020\" alt=\"Camino con peatones en carretera lluviosa, se\u00f1al de obra vial y l\u00edmite de velocidad de 30 km\/h, en un entorno natural y monta\u00f1oso, en la publicaci\u00f3n de SoyMigrante.com REVISTA.\" srcset=\"https:\/\/soymigrante.com\/revista\/wp-content\/uploads\/2024\/12\/migrantes-ruta-1-1024x1024.jpg 1024w, https:\/\/soymigrante.com\/revista\/wp-content\/uploads\/2024\/12\/migrantes-ruta-1-300x300.jpg 300w, https:\/\/soymigrante.com\/revista\/wp-content\/uploads\/2024\/12\/migrantes-ruta-1-150x150.jpg 150w, https:\/\/soymigrante.com\/revista\/wp-content\/uploads\/2024\/12\/migrantes-ruta-1-768x768.jpg 768w, https:\/\/soymigrante.com\/revista\/wp-content\/uploads\/2024\/12\/migrantes-ruta-1-1536x1536.jpg 1536w, https:\/\/soymigrante.com\/revista\/wp-content\/uploads\/2024\/12\/migrantes-ruta-1-2048x2048.jpg 2048w, https:\/\/soymigrante.com\/revista\/wp-content\/uploads\/2024\/12\/migrantes-ruta-1-75x75.webp 75w, https:\/\/soymigrante.com\/revista\/wp-content\/uploads\/2024\/12\/migrantes-ruta-1-750x750.webp 750w, https:\/\/soymigrante.com\/revista\/wp-content\/uploads\/2024\/12\/migrantes-ruta-1-1140x1140.webp 1140w, https:\/\/soymigrante.com\/revista\/wp-content\/uploads\/2024\/12\/migrantes-ruta-1-scaled.webp 1920w\" sizes=\"(max-width: 1024px) 100vw, 1024px\" \/>\n            <\/div>\n        <\/div><div class=\"eael-entry-wrapper\"><header class=\"eael-entry-header\"><h2 class=\"eael-entry-title\"><a class=\"eael-grid-post-link\" href=\"https:\/\/soymigrante.com\/revista\/todo-migrante-tiene-derechos-la-union-americana-de-libertades-civiles-recomienda\/\" title=\"Todo migrante tiene derechos: la Uni\u00f3n Americana de Libertades Civiles recomienda&#8230;\">Todo migrante tiene derechos: la Uni\u00f3n Americana de Libertades Civiles recomienda&#8230;<\/a><\/h2><\/header><div class=\"eael-entry-content\">\n                        <div class=\"eael-grid-post-excerpt\"><a href=\"https:\/\/soymigrante.com\/revista\/todo-migrante-tiene-derechos-la-union-americana-de-libertades-civiles-recomienda\/\" class=\"eael-post-elements-readmore-btn\">CONOCE SU HISTORIA <\/a><\/div>\n                    <\/div><\/div><\/div>\n        <\/div>\n    <\/article><article class=\"eael-grid-post  eael-post-grid-column eael-pg-post-6382 category-recursos-migratorios\" data-id=\"6382\">\n        <div class=\"eael-grid-post-holder\">\n            <div class=\"eael-grid-post-holder-inner\"><div class=\"eael-entry-media\"><div class=\"eael-entry-overlay fade-in\"><i class=\"far fa-hand-pointer\" aria-hidden=\"true\"><\/i><a href=\"https:\/\/soymigrante.com\/revista\/derechos-de-los-migrantes-silencio-indocumentados-defensa\/\"><\/a><\/div><div class=\"eael-entry-thumbnail eael-image-ratio\">\n                <img loading=\"lazy\" decoding=\"async\" width=\"1024\" height=\"1024\" src=\"https:\/\/soymigrante.com\/revista\/wp-content\/uploads\/2024\/05\/derechos-migrantes-en-estados-unidos-1024x1024.png\" class=\"attachment-large size-large wp-image-49647\" alt=\"obrero industrial hispano para ilustrar tema de derechos migrantes en estados unidos\" srcset=\"https:\/\/soymigrante.com\/revista\/wp-content\/uploads\/2024\/05\/derechos-migrantes-en-estados-unidos-1024x1024.png 1024w, https:\/\/soymigrante.com\/revista\/wp-content\/uploads\/2024\/05\/derechos-migrantes-en-estados-unidos-300x300.png 300w, https:\/\/soymigrante.com\/revista\/wp-content\/uploads\/2024\/05\/derechos-migrantes-en-estados-unidos-150x150.png 150w, https:\/\/soymigrante.com\/revista\/wp-content\/uploads\/2024\/05\/derechos-migrantes-en-estados-unidos-768x768.png 768w, https:\/\/soymigrante.com\/revista\/wp-content\/uploads\/2024\/05\/derechos-migrantes-en-estados-unidos-75x75.png 75w, https:\/\/soymigrante.com\/revista\/wp-content\/uploads\/2024\/05\/derechos-migrantes-en-estados-unidos-750x750.png 750w, https:\/\/soymigrante.com\/revista\/wp-content\/uploads\/2024\/05\/derechos-migrantes-en-estados-unidos.png 1101w\" sizes=\"(max-width: 1024px) 100vw, 1024px\" \/>\n            <\/div>\n        <\/div><div class=\"eael-entry-wrapper\"><header class=\"eael-entry-header\"><h2 class=\"eael-entry-title\"><a class=\"eael-grid-post-link\" href=\"https:\/\/soymigrante.com\/revista\/derechos-de-los-migrantes-silencio-indocumentados-defensa\/\" title=\"Migrante, tienes derechos en EE.UU., incluyendo el silencio: averigua, conoce y comparte\">Migrante, tienes derechos en EE.UU., incluyendo el silencio: averigua, conoce y comparte<\/a><\/h2><\/header><div class=\"eael-entry-content\">\n                        <div class=\"eael-grid-post-excerpt\"><a href=\"https:\/\/soymigrante.com\/revista\/derechos-de-los-migrantes-silencio-indocumentados-defensa\/\" class=\"eael-post-elements-readmore-btn\">CONOCE SU HISTORIA <\/a><\/div>\n                    <\/div><\/div><\/div>\n        <\/div>\n    <\/article><article class=\"eael-grid-post  eael-post-grid-column eael-pg-post-47369 category-noticias\" data-id=\"47369\">\n        <div class=\"eael-grid-post-holder\">\n            <div class=\"eael-grid-post-holder-inner\"><div class=\"eael-entry-media\"><div class=\"eael-entry-overlay fade-in\"><i class=\"far fa-hand-pointer\" aria-hidden=\"true\"><\/i><a href=\"https:\/\/soymigrante.com\/revista\/operativos-antimaras-en-usa-se-utilizan-para-detener-migrantes-sin-antecedentes-cuestiona-insight-crime\/\"><\/a><\/div><div class=\"eael-entry-thumbnail eael-image-ratio\">\n                <img loading=\"lazy\" decoding=\"async\" width=\"831\" height=\"831\" src=\"https:\/\/soymigrante.com\/revista\/wp-content\/uploads\/2025\/10\/noticias-capturas-en-nashville.png\" class=\"attachment-large size-large wp-image-47402\" alt=\"noticias capturas en nashville\" srcset=\"https:\/\/soymigrante.com\/revista\/wp-content\/uploads\/2025\/10\/noticias-capturas-en-nashville.png 831w, https:\/\/soymigrante.com\/revista\/wp-content\/uploads\/2025\/10\/noticias-capturas-en-nashville-300x300.png 300w, https:\/\/soymigrante.com\/revista\/wp-content\/uploads\/2025\/10\/noticias-capturas-en-nashville-150x150.png 150w, https:\/\/soymigrante.com\/revista\/wp-content\/uploads\/2025\/10\/noticias-capturas-en-nashville-768x768.png 768w, https:\/\/soymigrante.com\/revista\/wp-content\/uploads\/2025\/10\/noticias-capturas-en-nashville-75x75.png 75w, https:\/\/soymigrante.com\/revista\/wp-content\/uploads\/2025\/10\/noticias-capturas-en-nashville-750x750.png 750w\" sizes=\"(max-width: 831px) 100vw, 831px\" \/>\n            <\/div>\n        <\/div><div class=\"eael-entry-wrapper\"><header class=\"eael-entry-header\"><h2 class=\"eael-entry-title\"><a class=\"eael-grid-post-link\" href=\"https:\/\/soymigrante.com\/revista\/operativos-antimaras-en-usa-se-utilizan-para-detener-migrantes-sin-antecedentes-cuestiona-insight-crime\/\" title=\"Operativos antimaras en USA se utilizan para detener migrantes sin antecedentes, cuestiona Insight Crime.\">Operativos antimaras en USA se utilizan para detener migrantes sin antecedentes, cuestiona Insight Crime.<\/a><\/h2><\/header><div class=\"eael-entry-content\">\n                        <div class=\"eael-grid-post-excerpt\"><a href=\"https:\/\/soymigrante.com\/revista\/operativos-antimaras-en-usa-se-utilizan-para-detener-migrantes-sin-antecedentes-cuestiona-insight-crime\/\" class=\"eael-post-elements-readmore-btn\">CONOCE SU HISTORIA <\/a><\/div>\n                    <\/div><\/div><\/div>\n        <\/div>\n    <\/article><\/div>\n            <div class=\"clearfix\"><\/div>\n        <\/div>\t\t\t\t<\/div>\n\t\t\t\t\t<\/div>\n\t\t\t\t<\/div>\n\t\t\t\t<\/div>\n\t\t","protected":false},"excerpt":{"rendered":"<p>Captura ilegal de ciudadanos estadounidenses, la mayor\u00eda latinos, aumentan sospechas de sesgo racista en operativos migratorios. Reportajes de ProPublica motiva investigaci\u00f3n de congresistas y senadores. El Congreso de Estados Unidos anunci\u00f3 una investigaci\u00f3n bicameral sobre las detenciones de ciudadanos estadounidenses por parte de agentes del Servicio de Inmigraci\u00f3n y Control de Aduanas (ICE), luego de [&hellip;]<\/p>\n","protected":false},"author":1,"featured_media":47617,"comment_status":"open","ping_status":"open","sticky":false,"template":"","format":"standard","meta":{"_acf_changed":false,"_eb_attr":"","footnotes":""},"categories":[280],"tags":[],"class_list":["post-47607","post","type-post","status-publish","format-standard","has-post-thumbnail","hentry","category-noticias"],"acf":[],"aioseo_notices":[],"aioseo_head":"\n\t\t<!-- All in One SEO Pro 4.9.6.2 - aioseo.com -->\n\t<meta name=\"description\" content=\"Operativos policiales en Nashville, Tennesse, muestran c\u00f3mo en operativos contra pandilleros se detiene migrantes sin antecedentes, seg\u00fan reporta Insight Crime\" \/>\n\t<meta name=\"robots\" content=\"max-snippet:-1, max-image-preview:large, max-video-preview:-1\" \/>\n\t<meta name=\"author\" content=\"SoyMigrante.com REVISTA\"\/>\n\t<link rel=\"canonical\" href=\"https:\/\/soymigrante.com\/revista\/operativos-antimaras-en-usa-se-utilizan-para-detener-migrantes-sin-antecedentes-cuestiona-insight-crime\/\" \/>\n\t<meta name=\"generator\" content=\"All in One SEO Pro (AIOSEO) 4.9.6.2\" \/>\n\n\t\t<link rel=\"preconnect\" href=\"https:\/\/fonts.googleapis.com\" crossorigin>\n<link rel=\"preconnect\" href=\"https:\/\/fonts.gstatic.com\" crossorigin>\n\t\t<meta property=\"og:locale\" content=\"es_ES\" \/>\n\t\t<meta property=\"og:site_name\" content=\"SoyMigrante.com REVISTA \u2013 Nuestra misi\u00f3n es reconocer y dignificar al migrante.\" \/>\n\t\t<meta property=\"og:type\" content=\"article\" \/>\n\t\t<meta property=\"og:title\" content=\"\u00bfUsan operativos antipandillas contra migrantes sin delito?\" \/>\n\t\t<meta property=\"og:description\" content=\"Operativos policiales en Nashville, Tennesse, muestran c\u00f3mo en operativos contra pandilleros se detiene migrantes sin antecedentes, seg\u00fan reporta Insight Crime\" \/>\n\t\t<meta property=\"og:url\" content=\"https:\/\/soymigrante.com\/revista\/operativos-antimaras-en-usa-se-utilizan-para-detener-migrantes-sin-antecedentes-cuestiona-insight-crime\/\" \/>\n\t\t<meta property=\"og:image\" content=\"https:\/\/soymigrante.com\/revista\/wp-content\/uploads\/2025\/10\/noticias-capturas-en-nashville.png\" \/>\n\t\t<meta property=\"og:image:secure_url\" content=\"https:\/\/soymigrante.com\/revista\/wp-content\/uploads\/2025\/10\/noticias-capturas-en-nashville.png\" \/>\n\t\t<meta property=\"og:image:width\" content=\"831\" \/>\n\t\t<meta property=\"og:image:height\" content=\"831\" \/>\n\t\t<meta property=\"article:published_time\" content=\"2025-10-18T16:53:57+00:00\" \/>\n\t\t<meta property=\"article:modified_time\" content=\"2025-10-18T16:59:44+00:00\" \/>\n\t\t<meta property=\"article:publisher\" content=\"https:\/\/www.facebook.com\/soymigrantecom\" \/>\n\t\t<meta name=\"twitter:card\" content=\"summary_large_image\" \/>\n\t\t<meta name=\"twitter:site\" content=\"@SoyMigrante_com\" \/>\n\t\t<meta name=\"twitter:title\" content=\"\u00bfUsan operativos antipandillas contra migrantes sin delito?\" \/>\n\t\t<meta name=\"twitter:description\" content=\"Operativos policiales en Nashville, Tennesse, muestran c\u00f3mo en operativos contra pandilleros se detiene migrantes sin antecedentes, seg\u00fan reporta Insight Crime\" \/>\n\t\t<meta name=\"twitter:creator\" content=\"@SoyMigrante_com\" \/>\n\t\t<meta name=\"twitter:image\" content=\"https:\/\/soymigrante.com\/revista\/wp-content\/uploads\/2025\/10\/noticias-capturas-en-nashville.png\" \/>\n\t\t<!-- All in One SEO Pro -->\r\n\t\t<title>\u00bfUsan operativos antipandillas contra migrantes sin delito?<\/title>\n\n","aioseo_head_json":{"title":"\u00bfUsan operativos antipandillas contra migrantes sin delito?","description":"Operativos policiales en Nashville, Tennesse, muestran c\u00f3mo en operativos contra pandilleros se detiene migrantes sin antecedentes, seg\u00fan reporta Insight Crime","canonical_url":"https:\/\/soymigrante.com\/revista\/operativos-antimaras-en-usa-se-utilizan-para-detener-migrantes-sin-antecedentes-cuestiona-insight-crime\/","robots":"max-snippet:-1, max-image-preview:large, max-video-preview:-1","keywords":"","webmasterTools":{"miscellaneous":"&lt;link rel=\"preconnect\" href=\"https:\/\/fonts.googleapis.com\" crossorigin&gt;\n&lt;link rel=\"preconnect\" href=\"https:\/\/fonts.gstatic.com\" crossorigin&gt;"},"schema":null,"og:locale":"es_ES","og:site_name":"SoyMigrante.com REVISTA \u2013 Nuestra misi\u00f3n es reconocer y dignificar al migrante.","og:type":"article","og:title":"\u00bfUsan operativos antipandillas contra migrantes sin delito?","og:description":"Operativos policiales en Nashville, Tennesse, muestran c\u00f3mo en operativos contra pandilleros se detiene migrantes sin antecedentes, seg\u00fan reporta Insight Crime","og:url":"https:\/\/soymigrante.com\/revista\/operativos-antimaras-en-usa-se-utilizan-para-detener-migrantes-sin-antecedentes-cuestiona-insight-crime\/","og:image":"https:\/\/soymigrante.com\/revista\/wp-content\/uploads\/2025\/10\/noticias-capturas-en-nashville.png","og:image:secure_url":"https:\/\/soymigrante.com\/revista\/wp-content\/uploads\/2025\/10\/noticias-capturas-en-nashville.png","og:image:width":831,"og:image:height":831,"article:published_time":"2025-10-18T16:53:57+00:00","article:modified_time":"2025-10-18T16:59:44+00:00","article:publisher":"https:\/\/www.facebook.com\/soymigrantecom","twitter:card":"summary_large_image","twitter:site":"@SoyMigrante_com","twitter:title":"\u00bfUsan operativos antipandillas contra migrantes sin delito?","twitter:description":"Operativos policiales en Nashville, Tennesse, muestran c\u00f3mo en operativos contra pandilleros se detiene migrantes sin antecedentes, seg\u00fan reporta Insight Crime","twitter:creator":"@SoyMigrante_com","twitter:image":"https:\/\/soymigrante.com\/revista\/wp-content\/uploads\/2025\/10\/noticias-capturas-en-nashville.png"},"aioseo_meta_data":{"post_id":"47607","title":"Investigan capturas de 170 ciudadanos latinos por ICE","description":"Congreso y Senado investigan denuncia del medio ProPublica: detenci\u00f3n ilegal de ciudadanos latinos por aparente sesgo racial en operativos ICE contra migrantes","keywords":null,"keyphrases":{"focus":{"keyphrase":"Migrantes","score":54,"analysis":{"keyphraseInTitle":{"score":3,"maxScore":9,"error":1},"keyphraseInDescription":{"score":9,"maxScore":9,"error":0},"keyphraseLength":{"score":9,"maxScore":9,"error":0,"length":1},"keyphraseInURL":{"score":1,"maxScore":5,"error":1},"keyphraseInIntroduction":{"score":3,"maxScore":9,"error":1},"keyphraseInSubHeadings":{"score":3,"maxScore":9,"error":1},"keyphraseInImageAlt":{"score":9,"maxScore":9,"error":0},"keywordDensity":{"score":0,"type":"low","maxScore":9,"error":1}}},"additional":[{"keyphrase":"ICE","score":87,"analysis":{"keyphraseInDescription":{"score":9,"maxScore":9,"error":0},"keyphraseLength":{"score":9,"maxScore":9,"error":0,"length":1},"keyphraseInIntroduction":{"score":9,"maxScore":9,"error":0},"keyphraseInImageAlt":{"score":3,"maxScore":9,"error":1},"keywordDensity":{"type":"best","score":9,"maxScore":9,"error":0}}}]},"primary_term":null,"canonical_url":null,"og_title":null,"og_description":null,"og_object_type":"default","og_image_type":"default","og_image_url":null,"og_image_width":null,"og_image_height":null,"og_image_custom_url":null,"og_image_custom_fields":null,"og_video":"","og_custom_url":null,"og_article_section":null,"og_article_tags":null,"twitter_use_og":false,"twitter_card":"default","twitter_image_type":"default","twitter_image_url":null,"twitter_image_custom_url":null,"twitter_image_custom_fields":null,"twitter_title":null,"twitter_description":null,"schema":{"blockGraphs":[],"customGraphs":[],"default":{"data":{"Article":[],"Course":[],"Dataset":[],"FAQPage":[],"Movie":[],"Person":[],"Product":[],"ProductReview":[],"Car":[],"Recipe":[],"Service":[],"SoftwareApplication":[],"WebPage":[]},"graphName":"none","isEnabled":true},"graphs":[]},"schema_type":"default","schema_type_options":null,"pillar_content":false,"robots_default":true,"robots_noindex":false,"robots_noarchive":false,"robots_nosnippet":false,"robots_nofollow":false,"robots_noimageindex":false,"robots_noodp":false,"robots_notranslate":false,"robots_max_snippet":"-1","robots_max_videopreview":"-1","robots_max_imagepreview":"large","priority":null,"frequency":"default","local_seo":null,"seo_analyzer_scan_date":"2025-10-23 19:07:28","breadcrumb_settings":null,"limit_modified_date":false,"reviewed_by":"0","open_ai":null,"ai":{"faqs":[],"keyPoints":[],"titles":[],"descriptions":[],"socialPosts":{"email":[],"linkedin":[],"twitter":[],"facebook":[],"instagram":[]}},"created":"2025-10-23 18:33:58","updated":"2026-02-05 06:52:28"},"aioseo_breadcrumb":"<div class=\"aioseo-breadcrumbs\"><span class=\"aioseo-breadcrumb\">\n\t<a href=\"https:\/\/soymigrante.com\/revista\" title=\"Home\">Home<\/a>\n<\/span><span class=\"aioseo-breadcrumb-separator\">\u00bb<\/span><span class=\"aioseo-breadcrumb\">\n\t<a href=\"https:\/\/soymigrante.com\/revista\/category\/noticias\/\" title=\"Noticias\">Noticias<\/a>\n<\/span><span class=\"aioseo-breadcrumb-separator\">\u00bb<\/span><span class=\"aioseo-breadcrumb\">\n\tCongreso y Senado de USA investigan detenciones ilegales de latinos ciudadanos por ICE\n<\/span><\/div>","aioseo_breadcrumb_json":[{"label":"Home","link":"https:\/\/soymigrante.com\/revista"},{"label":"Noticias","link":"https:\/\/soymigrante.com\/revista\/category\/noticias\/"},{"label":"Congreso y Senado de USA investigan detenciones ilegales de latinos ciudadanos por ICE","link":"https:\/\/soymigrante.com\/revista\/congreso-y-senado-de-usa-investigan-detenciones-ilegales-de-latinos-ciudadanos-por-ice\/"}],"_links":{"self":[{"href":"https:\/\/soymigrante.com\/revista\/wp-json\/wp\/v2\/posts\/47607","targetHints":{"allow":["GET"]}}],"collection":[{"href":"https:\/\/soymigrante.com\/revista\/wp-json\/wp\/v2\/posts"}],"about":[{"href":"https:\/\/soymigrante.com\/revista\/wp-json\/wp\/v2\/types\/post"}],"author":[{"embeddable":true,"href":"https:\/\/soymigrante.com\/revista\/wp-json\/wp\/v2\/users\/1"}],"replies":[{"embeddable":true,"href":"https:\/\/soymigrante.com\/revista\/wp-json\/wp\/v2\/comments?post=47607"}],"version-history":[{"count":8,"href":"https:\/\/soymigrante.com\/revista\/wp-json\/wp\/v2\/posts\/47607\/revisions"}],"predecessor-version":[{"id":47634,"href":"https:\/\/soymigrante.com\/revista\/wp-json\/wp\/v2\/posts\/47607\/revisions\/47634"}],"wp:featuredmedia":[{"embeddable":true,"href":"https:\/\/soymigrante.com\/revista\/wp-json\/wp\/v2\/media\/47617"}],"wp:attachment":[{"href":"https:\/\/soymigrante.com\/revista\/wp-json\/wp\/v2\/media?parent=47607"}],"wp:term":[{"taxonomy":"category","embeddable":true,"href":"https:\/\/soymigrante.com\/revista\/wp-json\/wp\/v2\/categories?post=47607"},{"taxonomy":"post_tag","embeddable":true,"href":"https:\/\/soymigrante.com\/revista\/wp-json\/wp\/v2\/tags?post=47607"}],"curies":[{"name":"wp","href":"https:\/\/api.w.org\/{rel}","templated":true}]}}