{"id":4758,"date":"2024-02-07T20:56:35","date_gmt":"2024-02-08T02:56:35","guid":{"rendered":"https:\/\/soymigrante.com\/revista\/?p=4758"},"modified":"2024-02-07T21:01:06","modified_gmt":"2024-02-08T03:01:06","slug":"tierra-de-libres-y-valientes-articulo-escritor-manuel-orantes","status":"publish","type":"post","link":"https:\/\/soymigrante.com\/revista\/tierra-de-libres-y-valientes-articulo-escritor-manuel-orantes\/","title":{"rendered":"Migrantes en la tierra de los libres y los valientes"},"content":{"rendered":"\t\t<div data-elementor-type=\"wp-post\" data-elementor-id=\"4758\" class=\"elementor elementor-4758\" data-elementor-post-type=\"post\">\n\t\t\t\t\t\t<section data-particle_enable=\"false\" data-particle-mobile-disabled=\"false\" class=\"elementor-section elementor-top-section elementor-element elementor-element-0a45873 elementor-section-boxed elementor-section-height-default elementor-section-height-default\" data-id=\"0a45873\" data-element_type=\"section\" data-e-type=\"section\">\n\t\t\t\t\t\t<div class=\"elementor-container elementor-column-gap-default\">\n\t\t\t\t\t<div class=\"elementor-column elementor-col-100 elementor-top-column elementor-element elementor-element-9f46384\" data-id=\"9f46384\" data-element_type=\"column\" data-e-type=\"column\">\n\t\t\t<div class=\"elementor-widget-wrap elementor-element-populated\">\n\t\t\t\t\t\t<div class=\"elementor-element elementor-element-c21929e elementor-widget elementor-widget-heading\" data-id=\"c21929e\" data-element_type=\"widget\" data-e-type=\"widget\" data-widget_type=\"heading.default\">\n\t\t\t\t\t<h1 class=\"elementor-heading-title elementor-size-default\">Escritor guatemalteco  presenta su visi\u00f3n acerca de la tierra prometida a la cual cada migrante llega con grandes anhelos y se encuentra con retos, desaf\u00edos pero tambi\u00e9n oportunidades.<\/h1>\t\t\t\t<\/div>\n\t\t\t\t\t<\/div>\n\t\t<\/div>\n\t\t\t\t\t<\/div>\n\t\t<\/section>\n\t\t\t\t<section data-particle_enable=\"false\" data-particle-mobile-disabled=\"false\" class=\"elementor-section elementor-top-section elementor-element elementor-element-85334b7 elementor-section-boxed elementor-section-height-default elementor-section-height-default\" data-id=\"85334b7\" data-element_type=\"section\" data-e-type=\"section\">\n\t\t\t\t\t\t<div class=\"elementor-container elementor-column-gap-default\">\n\t\t\t\t\t<div class=\"elementor-column elementor-col-100 elementor-top-column elementor-element elementor-element-0b82b91\" data-id=\"0b82b91\" data-element_type=\"column\" data-e-type=\"column\">\n\t\t\t<div class=\"elementor-widget-wrap elementor-element-populated\">\n\t\t\t\t\t\t<div class=\"elementor-element elementor-element-770efe0 elementor-widget elementor-widget-text-editor\" data-id=\"770efe0\" data-element_type=\"widget\" data-e-type=\"widget\" data-widget_type=\"text-editor.default\">\n\t\t\t\t\t\t\t\t\t<h5><b>Por Manuel Orantes \u00c1lvarez, escritor guatemalteco.<\/b><\/h5>\t\t\t\t\t\t\t\t<\/div>\n\t\t\t\t\t<\/div>\n\t\t<\/div>\n\t\t\t\t\t<\/div>\n\t\t<\/section>\n\t\t\t\t<section data-particle_enable=\"false\" data-particle-mobile-disabled=\"false\" class=\"elementor-section elementor-top-section elementor-element elementor-element-215d144 elementor-section-boxed elementor-section-height-default elementor-section-height-default\" data-id=\"215d144\" data-element_type=\"section\" data-e-type=\"section\">\n\t\t\t\t\t\t<div class=\"elementor-container elementor-column-gap-default\">\n\t\t\t\t\t<div class=\"elementor-column elementor-col-100 elementor-top-column elementor-element elementor-element-62f53ba\" data-id=\"62f53ba\" data-element_type=\"column\" data-e-type=\"column\">\n\t\t\t<div class=\"elementor-widget-wrap elementor-element-populated\">\n\t\t\t\t\t\t<div class=\"elementor-element elementor-element-b4896f9 elementor-widget elementor-widget-text-editor\" data-id=\"b4896f9\" data-element_type=\"widget\" data-e-type=\"widget\" data-widget_type=\"text-editor.default\">\n\t\t\t\t\t\t\t\t\t<p><span style=\"color: #303030; font-family: 'PT Sans', -apple-system, BlinkMacSystemFont, 'Segoe UI', Roboto, Oxygen, Ubuntu, Cantarell, 'Fira Sans', 'Droid Sans', 'Helvetica Neue', sans-serif; font-size: 20px; font-style: normal; font-variant-ligatures: normal; font-variant-caps: normal; font-weight: 400;\">Sus inicios se remontan a los a\u00f1os donde los peregrinos llegaron de Europa hacia America. Aventureros, inmigrantes, fugitivos en busca de un mejor porvenir, en busca de un sue\u00f1o, el sue\u00f1o de la libertad religiosa, civil y economica.\u00a0<\/span><\/p><p style=\"box-sizing: inherit; margin: 32px auto; -webkit-font-smoothing: antialiased; max-width: calc(750px); overflow-wrap: break-word; color: #303030; font-family: 'PT Sans', -apple-system, BlinkMacSystemFont, 'Segoe UI', Roboto, Oxygen, Ubuntu, Cantarell, 'Fira Sans', 'Droid Sans', 'Helvetica Neue', sans-serif; font-size: 20px; font-style: normal; font-variant-ligatures: normal; font-variant-caps: normal; font-weight: 400;\">Tierra en donde se fusionaron la esclavitud, la guerra, la libertad, el coraje, la determinacion, la sobreviviencia y el emprendimiento. Un proyecto social que entre prueba y error fue tomando forma para crear un sistema economico que si bien es cierto no es perfecto, soluciono muchos problemas y mejoro las condiciones de vida de miles de personas, el capitalismo.<\/p>\t\t\t\t\t\t\t\t<\/div>\n\t\t\t\t\t<\/div>\n\t\t<\/div>\n\t\t\t\t\t<\/div>\n\t\t<\/section>\n\t\t\t\t<section data-particle_enable=\"false\" data-particle-mobile-disabled=\"false\" class=\"elementor-section elementor-top-section elementor-element elementor-element-ea736db elementor-section-boxed elementor-section-height-default elementor-section-height-default\" data-id=\"ea736db\" data-element_type=\"section\" data-e-type=\"section\">\n\t\t\t\t\t\t<div class=\"elementor-container elementor-column-gap-default\">\n\t\t\t\t\t<div class=\"elementor-column elementor-col-100 elementor-top-column elementor-element elementor-element-728ee21\" data-id=\"728ee21\" data-element_type=\"column\" data-e-type=\"column\">\n\t\t\t<div class=\"elementor-widget-wrap elementor-element-populated\">\n\t\t\t\t\t\t<div class=\"elementor-element elementor-element-12b241e elementor-widget elementor-widget-image\" data-id=\"12b241e\" data-element_type=\"widget\" data-e-type=\"widget\" data-widget_type=\"image.default\">\n\t\t\t\t\t\t\t\t\t\t\t\t<figure class=\"wp-caption\">\n\t\t\t\t\t\t\t\t\t\t<img fetchpriority=\"high\" decoding=\"async\" width=\"821\" height=\"688\" src=\"https:\/\/soymigrante.com\/revista\/wp-content\/uploads\/2024\/02\/obra-celeste-byers.webp\" class=\"attachment-large size-large wp-image-4761\" alt=\"Estados Unidos se construy\u00f3 sobre el esfuerzo de millones de migrantes y son los migrantes quienes siguen aportando a su desarrollo. Obra de la artista Celeste Byers solo para prop\u00f3sitos ilustrativos.\" srcset=\"https:\/\/soymigrante.com\/revista\/wp-content\/uploads\/2024\/02\/obra-celeste-byers.webp 821w, https:\/\/soymigrante.com\/revista\/wp-content\/uploads\/2024\/02\/obra-celeste-byers-300x250.webp 300w, https:\/\/soymigrante.com\/revista\/wp-content\/uploads\/2024\/02\/obra-celeste-byers-768x644.webp 768w, https:\/\/soymigrante.com\/revista\/wp-content\/uploads\/2024\/02\/obra-celeste-byers-750x629.webp 750w\" sizes=\"(max-width: 821px) 100vw, 821px\" \/>\t\t\t\t\t\t\t\t\t\t\t<figcaption class=\"widget-image-caption wp-caption-text\">Estados Unidos se construy\u00f3 sobre el esfuerzo de millones de migrantes y son los migrantes quienes siguen aportando a su desarrollo. Obra de la artista Celeste Byers solo para prop\u00f3sitos ilustrativos.<\/figcaption>\n\t\t\t\t\t\t\t\t\t\t<\/figure>\n\t\t\t\t\t\t\t\t\t<\/div>\n\t\t\t\t\t<\/div>\n\t\t<\/div>\n\t\t\t\t\t<\/div>\n\t\t<\/section>\n\t\t\t\t<section data-particle_enable=\"false\" data-particle-mobile-disabled=\"false\" class=\"elementor-section elementor-top-section elementor-element elementor-element-422e22f elementor-section-boxed elementor-section-height-default elementor-section-height-default\" data-id=\"422e22f\" data-element_type=\"section\" data-e-type=\"section\">\n\t\t\t\t\t\t<div class=\"elementor-container elementor-column-gap-default\">\n\t\t\t\t\t<div class=\"elementor-column elementor-col-100 elementor-top-column elementor-element elementor-element-3139155\" data-id=\"3139155\" data-element_type=\"column\" data-e-type=\"column\">\n\t\t\t<div class=\"elementor-widget-wrap elementor-element-populated\">\n\t\t\t\t\t\t<div class=\"elementor-element elementor-element-cf2cea5 elementor-widget elementor-widget-heading\" data-id=\"cf2cea5\" data-element_type=\"widget\" data-e-type=\"widget\" data-widget_type=\"heading.default\">\n\t\t\t\t\t<h2 class=\"elementor-heading-title elementor-size-default\">Tierra que tiene muchos detractores...<\/h2>\t\t\t\t<\/div>\n\t\t\t\t\t<\/div>\n\t\t<\/div>\n\t\t\t\t\t<\/div>\n\t\t<\/section>\n\t\t\t\t<section data-particle_enable=\"false\" data-particle-mobile-disabled=\"false\" class=\"elementor-section elementor-top-section elementor-element elementor-element-afa7c2e elementor-section-boxed elementor-section-height-default elementor-section-height-default\" data-id=\"afa7c2e\" data-element_type=\"section\" data-e-type=\"section\">\n\t\t\t\t\t\t<div class=\"elementor-container elementor-column-gap-default\">\n\t\t\t\t\t<div class=\"elementor-column elementor-col-100 elementor-top-column elementor-element elementor-element-c9dde83\" data-id=\"c9dde83\" data-element_type=\"column\" data-e-type=\"column\">\n\t\t\t<div class=\"elementor-widget-wrap elementor-element-populated\">\n\t\t\t\t\t\t<div class=\"elementor-element elementor-element-4c8bb99 elementor-widget elementor-widget-text-editor\" data-id=\"4c8bb99\" data-element_type=\"widget\" data-e-type=\"widget\" data-widget_type=\"text-editor.default\">\n\t\t\t\t\t\t\t\t\t<p><span style=\"color: #303030; font-family: 'PT Sans', -apple-system, BlinkMacSystemFont, 'Segoe UI', Roboto, Oxygen, Ubuntu, Cantarell, 'Fira Sans', 'Droid Sans', 'Helvetica Neue', sans-serif; font-size: 20px; font-style: normal; font-variant-ligatures: normal; font-variant-caps: normal; font-weight: 400;\">Tierra que tiene muchos detractores con justa razon, pero que a su vez, son miles los que quieren llegar a esa tierra de oportunidades y de libertad. Tierra de valientes por que no cualquiera puede soportar las exigencias y audacias a las que quienes viven en una sociedad libre deben malabarear.<\/span><\/p><p style=\"box-sizing: inherit; margin: 32px auto; -webkit-font-smoothing: antialiased; max-width: calc(750px); overflow-wrap: break-word; color: #303030; font-family: 'PT Sans', -apple-system, BlinkMacSystemFont, 'Segoe UI', Roboto, Oxygen, Ubuntu, Cantarell, 'Fira Sans', 'Droid Sans', 'Helvetica Neue', sans-serif; font-size: 20px; font-style: normal; font-variant-ligatures: normal; font-variant-caps: normal; font-weight: 400;\">Una tierra en donde es tomado en cuenta el valor del coraje, la avenutra y la determinacion. En donde lo que importa es el merito y el trabajo duro bien hecho, sin importar condicion economica, raza, identidad sexual o discapacidad.<\/p><p style=\"box-sizing: inherit; margin: 32px auto; -webkit-font-smoothing: antialiased; max-width: calc(750px); overflow-wrap: break-word; color: #303030; font-family: 'PT Sans', -apple-system, BlinkMacSystemFont, 'Segoe UI', Roboto, Oxygen, Ubuntu, Cantarell, 'Fira Sans', 'Droid Sans', 'Helvetica Neue', sans-serif; font-size: 20px; font-style: normal; font-variant-ligatures: normal; font-variant-caps: normal; font-weight: 400;\">Tierra de inmigrantes donde la igualdad ante la ley predomina y que todo conjugado lo llevo a ser el pais mas poderoso del mundo, en donde la innovacion, la invencion y un sistema de reglas claras del derecho permitieron su gran ascenso economico durante el siglo XX.<\/p><div style=\"box-sizing: inherit; max-width: calc(750px); position: relative; visibility: visible; font: 400 11px Arial, sans-serif; letter-spacing: 1px; width: 750px; margin: 32px auto; clear: both; color: #303030;\"><div style=\"box-sizing: inherit; max-width: 580px; width: 300px; margin-right: auto; margin-left: auto;\">\u00a0<\/div><\/div>\t\t\t\t\t\t\t\t<\/div>\n\t\t\t\t\t<\/div>\n\t\t<\/div>\n\t\t\t\t\t<\/div>\n\t\t<\/section>\n\t\t\t\t<section data-particle_enable=\"false\" data-particle-mobile-disabled=\"false\" class=\"elementor-section elementor-top-section elementor-element elementor-element-02bf9fa elementor-section-boxed elementor-section-height-default elementor-section-height-default\" data-id=\"02bf9fa\" data-element_type=\"section\" data-e-type=\"section\">\n\t\t\t\t\t\t<div class=\"elementor-container elementor-column-gap-default\">\n\t\t\t\t\t<div class=\"elementor-column elementor-col-100 elementor-top-column elementor-element elementor-element-13596f1\" data-id=\"13596f1\" data-element_type=\"column\" data-e-type=\"column\">\n\t\t\t<div class=\"elementor-widget-wrap elementor-element-populated\">\n\t\t\t\t\t\t<div class=\"elementor-element elementor-element-3576dea elementor-widget elementor-widget-image\" data-id=\"3576dea\" data-element_type=\"widget\" data-e-type=\"widget\" data-widget_type=\"image.default\">\n\t\t\t\t\t\t\t\t\t\t\t\t<figure class=\"wp-caption\">\n\t\t\t\t\t\t\t\t\t\t<img decoding=\"async\" width=\"1024\" height=\"626\" src=\"https:\/\/soymigrante.com\/revista\/wp-content\/uploads\/2024\/02\/fdfd-1024x626.webp\" class=\"attachment-large size-large wp-image-4762\" alt=\"Las manos migrantes llegan a trabajar, a aportar, a ponerse a la obra en favor de sus familiares en Guatemala.\" srcset=\"https:\/\/soymigrante.com\/revista\/wp-content\/uploads\/2024\/02\/fdfd-1024x626.webp 1024w, https:\/\/soymigrante.com\/revista\/wp-content\/uploads\/2024\/02\/fdfd-300x183.webp 300w, https:\/\/soymigrante.com\/revista\/wp-content\/uploads\/2024\/02\/fdfd-768x469.webp 768w, https:\/\/soymigrante.com\/revista\/wp-content\/uploads\/2024\/02\/fdfd-750x458.webp 750w, https:\/\/soymigrante.com\/revista\/wp-content\/uploads\/2024\/02\/fdfd-1140x697.webp 1140w, https:\/\/soymigrante.com\/revista\/wp-content\/uploads\/2024\/02\/fdfd.webp 1227w\" sizes=\"(max-width: 1024px) 100vw, 1024px\" \/>\t\t\t\t\t\t\t\t\t\t\t<figcaption class=\"widget-image-caption wp-caption-text\">Las manos migrantes llegan a trabajar, a aportar, a ponerse a la obra en favor de sus familiares en Guatemala.<\/figcaption>\n\t\t\t\t\t\t\t\t\t\t<\/figure>\n\t\t\t\t\t\t\t\t\t<\/div>\n\t\t\t\t\t<\/div>\n\t\t<\/div>\n\t\t\t\t\t<\/div>\n\t\t<\/section>\n\t\t\t\t<section data-particle_enable=\"false\" data-particle-mobile-disabled=\"false\" class=\"elementor-section elementor-top-section elementor-element elementor-element-350dad2 elementor-section-boxed elementor-section-height-default elementor-section-height-default\" data-id=\"350dad2\" data-element_type=\"section\" data-e-type=\"section\">\n\t\t\t\t\t\t<div class=\"elementor-container elementor-column-gap-default\">\n\t\t\t\t\t<div class=\"elementor-column elementor-col-100 elementor-top-column elementor-element elementor-element-2287246\" data-id=\"2287246\" data-element_type=\"column\" data-e-type=\"column\">\n\t\t\t<div class=\"elementor-widget-wrap elementor-element-populated\">\n\t\t\t\t\t\t<div class=\"elementor-element elementor-element-910998f elementor-widget elementor-widget-heading\" data-id=\"910998f\" data-element_type=\"widget\" data-e-type=\"widget\" data-widget_type=\"heading.default\">\n\t\t\t\t\t<h2 class=\"elementor-heading-title elementor-size-default\">El siglo XXI lo puso como l\u00edder... <\/h2>\t\t\t\t<\/div>\n\t\t\t\t\t<\/div>\n\t\t<\/div>\n\t\t\t\t\t<\/div>\n\t\t<\/section>\n\t\t\t\t<section data-particle_enable=\"false\" data-particle-mobile-disabled=\"false\" class=\"elementor-section elementor-top-section elementor-element elementor-element-2612eb2 elementor-section-boxed elementor-section-height-default elementor-section-height-default\" data-id=\"2612eb2\" data-element_type=\"section\" data-e-type=\"section\">\n\t\t\t\t\t\t<div class=\"elementor-container elementor-column-gap-default\">\n\t\t\t\t\t<div class=\"elementor-column elementor-col-100 elementor-top-column elementor-element elementor-element-ca98f37\" data-id=\"ca98f37\" data-element_type=\"column\" data-e-type=\"column\">\n\t\t\t<div class=\"elementor-widget-wrap elementor-element-populated\">\n\t\t\t\t\t\t<div class=\"elementor-element elementor-element-41e5c7b elementor-widget elementor-widget-text-editor\" data-id=\"41e5c7b\" data-element_type=\"widget\" data-e-type=\"widget\" data-widget_type=\"text-editor.default\">\n\t\t\t\t\t\t\t\t\t<p><span style=\"font-style: normal; font-variant-ligatures: normal; font-variant-caps: normal; font-weight: 400;\">&#8230;.<\/span><span style=\"color: rgb(48, 48, 48); font-family: &quot;PT Sans&quot;, -apple-system, BlinkMacSystemFont, &quot;Segoe UI&quot;, Roboto, Oxygen, Ubuntu, Cantarell, &quot;Fira Sans&quot;, &quot;Droid Sans&quot;, &quot;Helvetica Neue&quot;, sans-serif; font-size: 20px; font-style: normal; font-variant-ligatures: normal; font-variant-caps: normal; font-weight: 400;\">en innovacion tecnologica y al mismo tiempo lo puso en una posicion &#8220;No privilegiada&#8221; por sus problemas raciales y culturales los cuales aun imperan dentro de la sociedad en plena postmodernidad y que ironicamente la diversidad ha hecho del pais una sociedad abierta y prospera.<\/span><\/p><p style=\"box-sizing: inherit; margin: 32px auto; -webkit-font-smoothing: antialiased; max-width: calc(750px); overflow-wrap: break-word; color: rgb(48, 48, 48); font-family: &quot;PT Sans&quot;, -apple-system, BlinkMacSystemFont, &quot;Segoe UI&quot;, Roboto, Oxygen, Ubuntu, Cantarell, &quot;Fira Sans&quot;, &quot;Droid Sans&quot;, &quot;Helvetica Neue&quot;, sans-serif; font-size: 20px; font-style: normal; font-variant-ligatures: normal; font-variant-caps: normal; font-weight: 400;\">Un sistema juridico basado en los pesos y contrapesos ha permitido que la nacion funcione adecuadamente y que el sistema politico\u2013a pesar de sus imperfecciones\u2013 sea visto como un ejemplo de democracia en la sociedad occidental.<\/p><p style=\"box-sizing: inherit; margin: 32px auto; -webkit-font-smoothing: antialiased; max-width: calc(750px); overflow-wrap: break-word; color: rgb(48, 48, 48); font-family: &quot;PT Sans&quot;, -apple-system, BlinkMacSystemFont, &quot;Segoe UI&quot;, Roboto, Oxygen, Ubuntu, Cantarell, &quot;Fira Sans&quot;, &quot;Droid Sans&quot;, &quot;Helvetica Neue&quot;, sans-serif; font-size: 20px; font-style: normal; font-variant-ligatures: normal; font-variant-caps: normal; font-weight: 400;\">Quien busque refugio y oportunidad en esa tierra se encontrara con la disyuntiva de hacer bien hechas las cosas y con total honestidad o perder hasta la verguenza por actuar de forma inconsciente.<\/p><p style=\"box-sizing: inherit; margin: 32px auto; -webkit-font-smoothing: antialiased; max-width: calc(750px); overflow-wrap: break-word; color: rgb(48, 48, 48); font-family: &quot;PT Sans&quot;, -apple-system, BlinkMacSystemFont, &quot;Segoe UI&quot;, Roboto, Oxygen, Ubuntu, Cantarell, &quot;Fira Sans&quot;, &quot;Droid Sans&quot;, &quot;Helvetica Neue&quot;, sans-serif; font-size: 20px; font-style: normal; font-variant-ligatures: normal; font-variant-caps: normal; font-weight: 400;\">En la tierra de los libres y valientes.<\/p>\t\t\t\t\t\t\t\t<\/div>\n\t\t\t\t\t<\/div>\n\t\t<\/div>\n\t\t\t\t\t<\/div>\n\t\t<\/section>\n\t\t\t\t<section data-particle_enable=\"false\" data-particle-mobile-disabled=\"false\" class=\"elementor-section elementor-top-section elementor-element elementor-element-ac20d39 elementor-section-boxed elementor-section-height-default elementor-section-height-default\" data-id=\"ac20d39\" data-element_type=\"section\" data-e-type=\"section\">\n\t\t\t\t\t\t<div class=\"elementor-container elementor-column-gap-default\">\n\t\t\t\t\t<div class=\"elementor-column elementor-col-100 elementor-top-column elementor-element elementor-element-aa29984\" data-id=\"aa29984\" data-element_type=\"column\" data-e-type=\"column\">\n\t\t\t<div class=\"elementor-widget-wrap elementor-element-populated\">\n\t\t\t\t\t\t<div class=\"elementor-element elementor-element-a12b320 elementor-widget elementor-widget-testimonial\" data-id=\"a12b320\" data-element_type=\"widget\" data-e-type=\"widget\" data-widget_type=\"testimonial.default\">\n\t\t\t\t\t\t\t<div class=\"elementor-testimonial-wrapper\">\n\t\t\t\t\t\t\t<div class=\"elementor-testimonial-content\">Sobre el autor: Manuel Orantes \u00c1lvarez es escritor, autor de las obras \u00abEl Duo Escapista: <i>El desafio a la libertad\u00bb<\/i> (2009), novela que narra los vaivenes de dos inmigrantes en la tierra de inmigrantes y <i>\u00abDel Desierto a la Esperanza\u00bb<\/i>(2020) sus memorias de su vida migrante en Estados Unidos \nSI DESEA CONOCER M\u00c1S TEXTOS DEL AUTOR, DE CLIC EN LA FOTO<\/div>\n\t\t\t\n\t\t\t\t\t\t<div class=\"elementor-testimonial-meta elementor-has-image elementor-testimonial-image-position-aside\">\n\t\t\t\t<div class=\"elementor-testimonial-meta-inner\">\n\t\t\t\t\t\t\t\t\t\t\t<div class=\"elementor-testimonial-image\">\n\t\t\t\t\t\t\t<a href=\"https:\/\/manuelorantesalvarez.wordpress.com\/author\/manuelorantesalvarez\/\"><img decoding=\"async\" width=\"620\" height=\"502\" src=\"https:\/\/soymigrante.com\/revista\/wp-content\/uploads\/2024\/02\/manuel-orantes-alvarez.webp\" class=\"attachment-full size-full wp-image-4763\" alt=\"Escritor Manuel Orantes Alvarez\" srcset=\"https:\/\/soymigrante.com\/revista\/wp-content\/uploads\/2024\/02\/manuel-orantes-alvarez.webp 620w, https:\/\/soymigrante.com\/revista\/wp-content\/uploads\/2024\/02\/manuel-orantes-alvarez-300x243.webp 300w\" sizes=\"(max-width: 620px) 100vw, 620px\" \/><\/a>\t\t\t\t\t\t<\/div>\n\t\t\t\t\t\n\t\t\t\t\t\t\t\t\t\t<div class=\"elementor-testimonial-details\">\n\t\t\t\t\t\t\t\t\t\t\t\t\t\t<a class=\"elementor-testimonial-name\" href=\"https:\/\/manuelorantesalvarez.wordpress.com\/author\/manuelorantesalvarez\/\">Manuel Orantes \u00c1lvarez<\/a>\n\t\t\t\t\t\t\t\t\t\t\t\t\t\t\t\t\t\t\t\t\t\t<a class=\"elementor-testimonial-job\" href=\"https:\/\/manuelorantesalvarez.wordpress.com\/author\/manuelorantesalvarez\/\">Escritor guatemalteco migrante<\/a>\n\t\t\t\t\t\t\t\t\t\t\t\t\t<\/div>\n\t\t\t\t\t\t\t\t\t<\/div>\n\t\t\t<\/div>\n\t\t\t\t\t<\/div>\n\t\t\t\t\t\t<\/div>\n\t\t\t\t\t<\/div>\n\t\t<\/div>\n\t\t\t\t\t<\/div>\n\t\t<\/section>\n\t\t\t\t<\/div>\n\t\t","protected":false},"excerpt":{"rendered":"<p>Escritor guatemalteco presenta su visi\u00f3n acerca de la tierra prometida a la cual cada migrante llega con grandes anhelos y se encuentra con retos, desaf\u00edos pero tambi\u00e9n oportunidades. Por Manuel Orantes \u00c1lvarez, escritor guatemalteco. Sus inicios se remontan a los a\u00f1os donde los peregrinos llegaron de Europa hacia America. Aventureros, inmigrantes, fugitivos en busca de [&hellip;]<\/p>\n","protected":false},"author":1,"featured_media":4759,"comment_status":"open","ping_status":"open","sticky":false,"template":"","format":"standard","meta":{"_acf_changed":false,"_eb_attr":"","footnotes":""},"categories":[56],"tags":[],"class_list":["post-4758","post","type-post","status-publish","format-standard","has-post-thumbnail","hentry","category-lugar-de-voces"],"acf":[],"aioseo_notices":[],"aioseo_head":"\n\t\t<!-- All in One SEO Pro 4.9.6.2 - aioseo.com -->\n\t<meta name=\"description\" content=\"Escritor guatemalteco presenta su visi\u00f3n acerca de la tierra prometida a la cual cada migrante llega con grandes anhelos y se encuentra con retos, desaf\u00edos pero tambi\u00e9n oportunidades. Por Manuel Orantes \u00c1lvarez, escritor guatemalteco. Sus inicios se remontan a los a\u00f1os donde los peregrinos llegaron de Europa hacia America. Aventureros, inmigrantes, fugitivos en busca de\" \/>\n\t<meta name=\"robots\" content=\"max-snippet:-1, max-image-preview:large, max-video-preview:-1\" \/>\n\t<meta name=\"author\" content=\"SoyMigrante.com REVISTA\"\/>\n\t<link rel=\"canonical\" href=\"https:\/\/soymigrante.com\/revista\/tierra-de-libres-y-valientes-articulo-escritor-manuel-orantes\/\" \/>\n\t<meta name=\"generator\" content=\"All in One SEO Pro (AIOSEO) 4.9.6.2\" \/>\n\n\t\t<link rel=\"preconnect\" href=\"https:\/\/fonts.googleapis.com\" crossorigin>\n<link rel=\"preconnect\" href=\"https:\/\/fonts.gstatic.com\" crossorigin>\n\t\t<meta property=\"og:locale\" content=\"es_ES\" \/>\n\t\t<meta property=\"og:site_name\" content=\"SoyMigrante.com REVISTA \u2013 Nuestra misi\u00f3n es reconocer y dignificar al migrante.\" \/>\n\t\t<meta property=\"og:type\" content=\"article\" \/>\n\t\t<meta property=\"og:title\" content=\"Migrantes en la tierra de los libres y los valientes\" \/>\n\t\t<meta property=\"og:description\" content=\"Escritor guatemalteco presenta su visi\u00f3n acerca de la tierra prometida a la cual cada migrante llega con grandes anhelos y se encuentra con retos, desaf\u00edos pero tambi\u00e9n oportunidades. Por Manuel Orantes \u00c1lvarez, escritor guatemalteco. Sus inicios se remontan a los a\u00f1os donde los peregrinos llegaron de Europa hacia America. Aventureros, inmigrantes, fugitivos en busca de\" \/>\n\t\t<meta property=\"og:url\" content=\"https:\/\/soymigrante.com\/revista\/tierra-de-libres-y-valientes-articulo-escritor-manuel-orantes\/\" \/>\n\t\t<meta property=\"og:image\" content=\"https:\/\/soymigrante.com\/revista\/wp-content\/uploads\/2024\/02\/Captura-de-pantalla-2024-02-07-201532.webp\" \/>\n\t\t<meta property=\"og:image:secure_url\" content=\"https:\/\/soymigrante.com\/revista\/wp-content\/uploads\/2024\/02\/Captura-de-pantalla-2024-02-07-201532.webp\" \/>\n\t\t<meta property=\"og:image:width\" content=\"1185\" \/>\n\t\t<meta property=\"og:image:height\" content=\"667\" \/>\n\t\t<meta property=\"article:published_time\" content=\"2024-02-08T02:56:35+00:00\" \/>\n\t\t<meta property=\"article:modified_time\" content=\"2024-02-08T03:01:06+00:00\" \/>\n\t\t<meta property=\"article:publisher\" content=\"https:\/\/www.facebook.com\/soymigrantecom\" \/>\n\t\t<meta name=\"twitter:card\" content=\"summary_large_image\" \/>\n\t\t<meta name=\"twitter:site\" content=\"@SoyMigrante_com\" \/>\n\t\t<meta name=\"twitter:title\" content=\"Migrantes en la tierra de los libres y los valientes\" \/>\n\t\t<meta name=\"twitter:description\" content=\"Escritor guatemalteco presenta su visi\u00f3n acerca de la tierra prometida a la cual cada migrante llega con grandes anhelos y se encuentra con retos, desaf\u00edos pero tambi\u00e9n oportunidades. Por Manuel Orantes \u00c1lvarez, escritor guatemalteco. Sus inicios se remontan a los a\u00f1os donde los peregrinos llegaron de Europa hacia America. Aventureros, inmigrantes, fugitivos en busca de\" \/>\n\t\t<meta name=\"twitter:creator\" content=\"@SoyMigrante_com\" \/>\n\t\t<meta name=\"twitter:image\" content=\"https:\/\/soymigrante.com\/revista\/wp-content\/uploads\/2024\/02\/Captura-de-pantalla-2024-02-07-201532.webp\" \/>\n\t\t<!-- All in One SEO Pro -->\r\n\t\t<title>Migrantes en la tierra de los libres y los valientes<\/title>\n\n","aioseo_head_json":{"title":"Migrantes en la tierra de los libres y los valientes","description":"Escritor guatemalteco presenta su visi\u00f3n acerca de la tierra prometida a la cual cada migrante llega con grandes anhelos y se encuentra con retos, desaf\u00edos pero tambi\u00e9n oportunidades. Por Manuel Orantes \u00c1lvarez, escritor guatemalteco. Sus inicios se remontan a los a\u00f1os donde los peregrinos llegaron de Europa hacia America. Aventureros, inmigrantes, fugitivos en busca de","canonical_url":"https:\/\/soymigrante.com\/revista\/tierra-de-libres-y-valientes-articulo-escritor-manuel-orantes\/","robots":"max-snippet:-1, max-image-preview:large, max-video-preview:-1","keywords":"","webmasterTools":{"miscellaneous":"&lt;link rel=\"preconnect\" href=\"https:\/\/fonts.googleapis.com\" crossorigin&gt;\n&lt;link rel=\"preconnect\" href=\"https:\/\/fonts.gstatic.com\" crossorigin&gt;"},"schema":null,"og:locale":"es_ES","og:site_name":"SoyMigrante.com REVISTA \u2013 Nuestra misi\u00f3n es reconocer y dignificar al migrante.","og:type":"article","og:title":"Migrantes en la tierra de los libres y los valientes","og:description":"Escritor guatemalteco presenta su visi\u00f3n acerca de la tierra prometida a la cual cada migrante llega con grandes anhelos y se encuentra con retos, desaf\u00edos pero tambi\u00e9n oportunidades. Por Manuel Orantes \u00c1lvarez, escritor guatemalteco. Sus inicios se remontan a los a\u00f1os donde los peregrinos llegaron de Europa hacia America. Aventureros, inmigrantes, fugitivos en busca de","og:url":"https:\/\/soymigrante.com\/revista\/tierra-de-libres-y-valientes-articulo-escritor-manuel-orantes\/","og:image":"https:\/\/soymigrante.com\/revista\/wp-content\/uploads\/2024\/02\/Captura-de-pantalla-2024-02-07-201532.webp","og:image:secure_url":"https:\/\/soymigrante.com\/revista\/wp-content\/uploads\/2024\/02\/Captura-de-pantalla-2024-02-07-201532.webp","og:image:width":1185,"og:image:height":667,"article:published_time":"2024-02-08T02:56:35+00:00","article:modified_time":"2024-02-08T03:01:06+00:00","article:publisher":"https:\/\/www.facebook.com\/soymigrantecom","twitter:card":"summary_large_image","twitter:site":"@SoyMigrante_com","twitter:title":"Migrantes en la tierra de los libres y los valientes","twitter:description":"Escritor guatemalteco presenta su visi\u00f3n acerca de la tierra prometida a la cual cada migrante llega con grandes anhelos y se encuentra con retos, desaf\u00edos pero tambi\u00e9n oportunidades. Por Manuel Orantes \u00c1lvarez, escritor guatemalteco. Sus inicios se remontan a los a\u00f1os donde los peregrinos llegaron de Europa hacia America. Aventureros, inmigrantes, fugitivos en busca de","twitter:creator":"@SoyMigrante_com","twitter:image":"https:\/\/soymigrante.com\/revista\/wp-content\/uploads\/2024\/02\/Captura-de-pantalla-2024-02-07-201532.webp"},"aioseo_meta_data":{"post_id":"4758","title":null,"description":null,"keywords":[],"keyphrases":{"focus":{"keyphrase":"Migrante","score":82,"analysis":{"keyphraseInTitle":{"score":3,"maxScore":9,"error":1},"keyphraseInDescription":{"score":9,"maxScore":9,"error":0},"keyphraseLength":{"score":9,"maxScore":9,"error":0,"length":1},"keyphraseInURL":{"score":5,"maxScore":5,"error":0},"keyphraseInIntroduction":{"score":3,"maxScore":9,"error":1},"keyphraseInSubHeadings":{"score":9,"maxScore":9,"error":0},"keyphraseInImageAlt":{"score":9,"maxScore":9,"error":0},"keywordDensity":{"type":"best","score":9,"maxScore":9,"error":0}}},"additional":[]},"primary_term":null,"canonical_url":null,"og_title":null,"og_description":null,"og_object_type":"default","og_image_type":"default","og_image_url":null,"og_image_width":null,"og_image_height":null,"og_image_custom_url":null,"og_image_custom_fields":null,"og_video":"","og_custom_url":null,"og_article_section":null,"og_article_tags":[],"twitter_use_og":false,"twitter_card":"default","twitter_image_type":"default","twitter_image_url":null,"twitter_image_custom_url":null,"twitter_image_custom_fields":null,"twitter_title":null,"twitter_description":null,"schema":{"blockGraphs":[],"customGraphs":[],"default":{"data":{"Article":[],"Course":[],"Dataset":[],"FAQPage":[],"Movie":[],"Person":[],"Product":[],"ProductReview":[],"Car":[],"Recipe":[],"Service":[],"SoftwareApplication":[],"WebPage":[]},"graphName":"BlogPosting","isEnabled":true},"graphs":[]},"schema_type":"default","schema_type_options":null,"pillar_content":false,"robots_default":true,"robots_noindex":false,"robots_noarchive":false,"robots_nosnippet":false,"robots_nofollow":false,"robots_noimageindex":false,"robots_noodp":false,"robots_notranslate":false,"robots_max_snippet":"-1","robots_max_videopreview":"-1","robots_max_imagepreview":"large","priority":null,"frequency":"default","local_seo":null,"seo_analyzer_scan_date":"2025-10-08 21:08:17","breadcrumb_settings":null,"limit_modified_date":false,"reviewed_by":null,"open_ai":null,"ai":null,"created":"2024-02-08 02:22:18","updated":"2026-02-04 10:53:47"},"aioseo_breadcrumb":"<div class=\"aioseo-breadcrumbs\"><span class=\"aioseo-breadcrumb\">\n\t<a href=\"https:\/\/soymigrante.com\/revista\" title=\"Home\">Home<\/a>\n<\/span><span class=\"aioseo-breadcrumb-separator\">\u00bb<\/span><span class=\"aioseo-breadcrumb\">\n\t<a href=\"https:\/\/soymigrante.com\/revista\/category\/estamos-unidos\/\" title=\"Estamos Unidos\">Estamos Unidos<\/a>\n<\/span><span class=\"aioseo-breadcrumb-separator\">\u00bb<\/span><span class=\"aioseo-breadcrumb\">\n\t<a href=\"https:\/\/soymigrante.com\/revista\/category\/estamos-unidos\/lugar-de-voces\/\" title=\"Lugar de Voces\">Lugar de Voces<\/a>\n<\/span><span class=\"aioseo-breadcrumb-separator\">\u00bb<\/span><span class=\"aioseo-breadcrumb\">\n\tMigrantes en la tierra de los libres y los valientes\n<\/span><\/div>","aioseo_breadcrumb_json":[{"label":"Home","link":"https:\/\/soymigrante.com\/revista"},{"label":"Estamos Unidos","link":"https:\/\/soymigrante.com\/revista\/category\/estamos-unidos\/"},{"label":"Lugar de Voces","link":"https:\/\/soymigrante.com\/revista\/category\/estamos-unidos\/lugar-de-voces\/"},{"label":"Migrantes en la tierra de los libres y los valientes","link":"https:\/\/soymigrante.com\/revista\/tierra-de-libres-y-valientes-articulo-escritor-manuel-orantes\/"}],"_links":{"self":[{"href":"https:\/\/soymigrante.com\/revista\/wp-json\/wp\/v2\/posts\/4758","targetHints":{"allow":["GET"]}}],"collection":[{"href":"https:\/\/soymigrante.com\/revista\/wp-json\/wp\/v2\/posts"}],"about":[{"href":"https:\/\/soymigrante.com\/revista\/wp-json\/wp\/v2\/types\/post"}],"author":[{"embeddable":true,"href":"https:\/\/soymigrante.com\/revista\/wp-json\/wp\/v2\/users\/1"}],"replies":[{"embeddable":true,"href":"https:\/\/soymigrante.com\/revista\/wp-json\/wp\/v2\/comments?post=4758"}],"version-history":[{"count":0,"href":"https:\/\/soymigrante.com\/revista\/wp-json\/wp\/v2\/posts\/4758\/revisions"}],"wp:featuredmedia":[{"embeddable":true,"href":"https:\/\/soymigrante.com\/revista\/wp-json\/wp\/v2\/media\/4759"}],"wp:attachment":[{"href":"https:\/\/soymigrante.com\/revista\/wp-json\/wp\/v2\/media?parent=4758"}],"wp:term":[{"taxonomy":"category","embeddable":true,"href":"https:\/\/soymigrante.com\/revista\/wp-json\/wp\/v2\/categories?post=4758"},{"taxonomy":"post_tag","embeddable":true,"href":"https:\/\/soymigrante.com\/revista\/wp-json\/wp\/v2\/tags?post=4758"}],"curies":[{"name":"wp","href":"https:\/\/api.w.org\/{rel}","templated":true}]}}