{"id":47568,"date":"2025-10-23T11:55:30","date_gmt":"2025-10-23T17:55:30","guid":{"rendered":"https:\/\/soymigrante.com\/revista\/?p=47568"},"modified":"2025-10-23T12:03:28","modified_gmt":"2025-10-23T18:03:28","slug":"el-camino-de-ovi-del-canaveral-en-guatemala-a-las-charlas-de-liderazgo-en-usa","status":"publish","type":"post","link":"https:\/\/soymigrante.com\/revista\/el-camino-de-ovi-del-canaveral-en-guatemala-a-las-charlas-de-liderazgo-en-usa\/","title":{"rendered":"El camino de Ovi: del ca\u00f1averal en Guatemala a las charlas de liderazgo en USA"},"content":{"rendered":"\t\t<div data-elementor-type=\"wp-post\" data-elementor-id=\"47568\" class=\"elementor elementor-47568\" data-elementor-post-type=\"post\">\n\t\t\t\t<div data-particle_enable=\"false\" data-particle-mobile-disabled=\"false\" class=\"elementor-element elementor-element-318114c e-flex e-con-boxed e-con e-parent\" data-id=\"318114c\" data-element_type=\"container\" data-e-type=\"container\">\n\t\t\t\t\t<div class=\"e-con-inner\">\n\t\t\t\t<div class=\"elementor-element elementor-element-8edeedc elementor-widget elementor-widget-heading\" data-id=\"8edeedc\" data-element_type=\"widget\" data-e-type=\"widget\" data-widget_type=\"heading.default\">\n\t\t\t\t\t<h2 class=\"elementor-heading-title elementor-size-default\">\"Mi abuela dec\u00eda: si vas a hacer algo, hazlo bien\", cuenta Ovi V\u00e1squez en una conferencia con estudiantes en USA. Sus claves de liderazgo y excelencia son as\u00ed de sencillos y profundos: algo que surgi\u00f3 de su propia historia.<\/h2>\t\t\t\t<\/div>\n\t\t\t\t\t<\/div>\n\t\t\t\t<\/div>\n\t\t<div data-particle_enable=\"false\" data-particle-mobile-disabled=\"false\" class=\"elementor-element elementor-element-12f0195 e-flex e-con-boxed e-con e-parent\" data-id=\"12f0195\" data-element_type=\"container\" data-e-type=\"container\">\n\t\t\t\t\t<div class=\"e-con-inner\">\n\t\t\t\t<div class=\"elementor-element elementor-element-da45a2a elementor-widget elementor-widget-text-editor\" data-id=\"da45a2a\" data-element_type=\"widget\" data-e-type=\"widget\" data-widget_type=\"text-editor.default\">\n\t\t\t\t\t\t\t\t\t<p>Ovidilio &#8220;Ovi&#8221; V\u00e1squez es un exitoso conferencista y motivador que brinda sus <a href=\"https:\/\/soymigrante.com\/revista\/category\/exitos\/\">claves de \u00e9xito <\/a>a grandes empresas, centros educativos y tambi\u00e9n comunidades de Estados Unidos a trav\u00e9s de su proyecto <a href=\"https:\/\/ovinspires.ueniweb.com\/\">Ovinspires<\/a>. &#8220;Si yo que vengo de un lugar de ca\u00f1averales pude triunfar, ustedes pueden triunfar&#8221;, les dice con convicci\u00f3n a j\u00f3venes en Texas durante una charla, para animarlos a seguir aprendiendo.<\/p><p>Pero el camino de \u00e9xito de Ovi no se construy\u00f3 de la noche a la ma\u00f1ana. A pesar de ser tan joven, tiene una una \u00e9tica de trabajo forjada entre ca\u00f1averales y una fe inquebrantable en la educaci\u00f3n, que logr\u00f3 transformar la adversidad migrante en impulso decisivo.<\/p><p>Hoy,\u00a0 Ovidilio David V\u00e1squez figura entre los conferencistas latinos m\u00e1s solicitados en Estados Unidos, y su documental \u201cGuatemalan Farmboy to Fortune 500 Professional &amp; National Speaker\u201d recorre el pa\u00eds como testimonio de resiliencia, identidad y prop\u00f3sito.<\/p>\t\t\t\t\t\t\t\t<\/div>\n\t\t\t\t\t<\/div>\n\t\t\t\t<\/div>\n\t\t<div data-particle_enable=\"false\" data-particle-mobile-disabled=\"false\" class=\"elementor-element elementor-element-9145bb2 e-flex e-con-boxed e-con e-parent\" data-id=\"9145bb2\" data-element_type=\"container\" data-e-type=\"container\">\n\t\t\t\t\t<div class=\"e-con-inner\">\n\t\t\t\t<div class=\"elementor-element elementor-element-0a0a455 elementor-widget elementor-widget-html\" data-id=\"0a0a455\" data-element_type=\"widget\" data-e-type=\"widget\" data-widget_type=\"html.default\">\n\t\t\t\t\t<iframe width=\"560\" height=\"415\" src=\"https:\/\/www.youtube.com\/embed\/Xk0QF9-iwtw?si=FVAqyU9GoPul1QKY\" title=\"YouTube video player\" frameborder=\"0\" allow=\"accelerometer; autoplay; clipboard-write; encrypted-media; gyroscope; picture-in-picture; web-share\" referrerpolicy=\"strict-origin-when-cross-origin\" allowfullscreen><\/iframe>\t\t\t\t<\/div>\n\t\t\t\t\t<\/div>\n\t\t\t\t<\/div>\n\t\t<div data-particle_enable=\"false\" data-particle-mobile-disabled=\"false\" class=\"elementor-element elementor-element-99442bf e-flex e-con-boxed e-con e-parent\" data-id=\"99442bf\" data-element_type=\"container\" data-e-type=\"container\">\n\t\t\t\t\t<div class=\"e-con-inner\">\n\t\t\t\t<div class=\"elementor-element elementor-element-f5c26e6 elementor-widget elementor-widget-heading\" data-id=\"f5c26e6\" data-element_type=\"widget\" data-e-type=\"widget\" data-widget_type=\"heading.default\">\n\t\t\t\t\t<h3 class=\"elementor-heading-title elementor-size-default\">De los ca\u00f1ales a las aulas<\/h3>\t\t\t\t<\/div>\n\t\t\t\t\t<\/div>\n\t\t\t\t<\/div>\n\t\t<div data-particle_enable=\"false\" data-particle-mobile-disabled=\"false\" class=\"elementor-element elementor-element-d489641 e-flex e-con-boxed e-con e-parent\" data-id=\"d489641\" data-element_type=\"container\" data-e-type=\"container\">\n\t\t\t\t\t<div class=\"e-con-inner\">\n\t\t\t\t<div class=\"elementor-element elementor-element-f13a171 elementor-widget elementor-widget-text-editor\" data-id=\"f13a171\" data-element_type=\"widget\" data-e-type=\"widget\" data-widget_type=\"text-editor.default\">\n\t\t\t\t\t\t\t\t\t<p>Nacido en la comunidad rural El Chontel,\u00a0 de <a href=\"https:\/\/soymigrante.com\/revista\/leonel-arenas-conecta-a-migrantes-en-connecticut-con-nobles-causas\/\">La Gomera<\/a>, Escuintla, Guatemala, Ovi V\u00e1squez aprendi\u00f3 a trabajar desde ni\u00f1o. A los ocho a\u00f1os ya manejaba un machete en los campos de ca\u00f1a, y hasta los quince su vida transcurr\u00eda entre el trabajo f\u00edsico y los sue\u00f1os de algo m\u00e1s grande.<\/p><p>\u201cAprend\u00ed que la disciplina y la humildad no son debilidades, son fortalezas\u201d, ha dicho en entrevistas.<\/p><p>En 2006 <a href=\"https:\/\/soymigrante.com\/revista\/migracion-jovenes-guatemaltecos-falta-oportunidades-necesitamos-desarrollo\/\">emigr\u00f3 solo<\/a> a Estados Unidos. Sin dominio del <a href=\"https:\/\/soymigrante.com\/revista\/migrante-idioma-ingles-aprendizaje-claves-reto-oportunidad\/\">idioma ingl\u00e9s<\/a> ni contactos, empez\u00f3 desde abajo, tomando empleos modestos mientras asist\u00eda a <a href=\"https:\/\/soymigrante.com\/revista\/safe-passage-guatemala-educacion-que-transforma-comunidades-y-futuros\/\">clases<\/a> nocturnas. En tres a\u00f1os termin\u00f3 la secundaria y en dos complet\u00f3 su carrera universitaria. El m\u00e9rito no fue solo acad\u00e9mico: fue una lecci\u00f3n de constancia.<\/p>\t\t\t\t\t\t\t\t<\/div>\n\t\t\t\t\t<\/div>\n\t\t\t\t<\/div>\n\t\t<div data-particle_enable=\"false\" data-particle-mobile-disabled=\"false\" class=\"elementor-element elementor-element-e60c021 e-flex e-con-boxed e-con e-parent\" data-id=\"e60c021\" data-element_type=\"container\" data-e-type=\"container\">\n\t\t\t\t\t<div class=\"e-con-inner\">\n\t\t\t\t<div class=\"elementor-element elementor-element-1cd5947 elementor-widget elementor-widget-html\" data-id=\"1cd5947\" data-element_type=\"widget\" data-e-type=\"widget\" data-widget_type=\"html.default\">\n\t\t\t\t\t<!-- Responsive Vimeo embed -->\r\n<div style=\"position:relative;padding-bottom:56.25%;height:0;overflow:hidden;\">\r\n  <iframe\r\n    src=\"https:\/\/player.vimeo.com\/video\/913099525\"\r\n    style=\"position:absolute;top:0;left:0;width:100%;height:100%;\"\r\n    frameborder=\"0\"\r\n    allow=\"autoplay; fullscreen; picture-in-picture\"\r\n    allowfullscreen\r\n    title=\"Vimeo video 913099525\">\r\n  <\/iframe>\r\n<\/div>\r\n\t\t\t\t<\/div>\n\t\t\t\t\t<\/div>\n\t\t\t\t<\/div>\n\t\t<div data-particle_enable=\"false\" data-particle-mobile-disabled=\"false\" class=\"elementor-element elementor-element-7d6ffec e-flex e-con-boxed e-con e-parent\" data-id=\"7d6ffec\" data-element_type=\"container\" data-e-type=\"container\">\n\t\t\t\t\t<div class=\"e-con-inner\">\n\t\t\t\t<div class=\"elementor-element elementor-element-b6da901 elementor-widget elementor-widget-heading\" data-id=\"b6da901\" data-element_type=\"widget\" data-e-type=\"widget\" data-widget_type=\"heading.default\">\n\t\t\t\t\t<h3 class=\"elementor-heading-title elementor-size-default\">La fama no le hace perder su humildad<\/h3>\t\t\t\t<\/div>\n\t\t\t\t\t<\/div>\n\t\t\t\t<\/div>\n\t\t<div data-particle_enable=\"false\" data-particle-mobile-disabled=\"false\" class=\"elementor-element elementor-element-2bb445f e-flex e-con-boxed e-con e-parent\" data-id=\"2bb445f\" data-element_type=\"container\" data-e-type=\"container\">\n\t\t\t\t\t<div class=\"e-con-inner\">\n\t\t\t\t<div class=\"elementor-element elementor-element-d2bedc8 elementor-widget elementor-widget-text-editor\" data-id=\"d2bedc8\" data-element_type=\"widget\" data-e-type=\"widget\" data-widget_type=\"text-editor.default\">\n\t\t\t\t\t\t\t\t\t<p>Su esfuerzo lo llev\u00f3 a trabajar ofreciento conferencias de motivaci\u00f3n y reinvenci\u00f3n personal en algunas de las empresas m\u00e1s competitivas del planeta: Apple, Tesla, Salesforce y Uber, entre otras donde aprendi\u00f3 el lenguaje de la innovaci\u00f3n y el liderazgo moderno. Pero nunca <a href=\"http:\/\/soymigrante\">olvid\u00f3 sus ra\u00edces.\u00a0<\/a><\/p><p>Mientras escalaba posiciones, comenz\u00f3 tambi\u00e9n a escribir y a compartir su historia. Lo que empez\u00f3 como una charla en un peque\u00f1o auditorio se transform\u00f3 en una carrera de conferencista biling\u00fce que inspira a miles de j\u00f3venes latinos y profesionales en todo Estados Unidos. Aunque tambi\u00e9n ha ofrecido charlas dirigidas a j\u00f3venes de su comunidad natal.<\/p>\t\t\t\t\t\t\t\t<\/div>\n\t\t\t\t\t<\/div>\n\t\t\t\t<\/div>\n\t\t<div data-particle_enable=\"false\" data-particle-mobile-disabled=\"false\" class=\"elementor-element elementor-element-93fabfd e-flex e-con-boxed e-con e-parent\" data-id=\"93fabfd\" data-element_type=\"container\" data-e-type=\"container\">\n\t\t\t\t\t<div class=\"e-con-inner\">\n\t\t\t\t<div class=\"elementor-element elementor-element-1b53415 elementor-widget elementor-widget-image\" data-id=\"1b53415\" data-element_type=\"widget\" data-e-type=\"widget\" data-widget_type=\"image.default\">\n\t\t\t\t\t\t\t\t\t\t\t\t<figure class=\"wp-caption\">\n\t\t\t\t\t\t\t\t\t\t<img fetchpriority=\"high\" decoding=\"async\" width=\"1140\" height=\"430\" src=\"https:\/\/soymigrante.com\/revista\/wp-content\/uploads\/2025\/10\/conferencia-ovidilio-vasquez-1140x430.png\" class=\"attachment-large size-large wp-image-47577\" alt=\"Conferencia de Ovidilio &quot;Ovi&quot; Vasquez desde Estados Unidos a estudiantes del Instituto Diversificado de la aldea El Chontel, La Gomera, Escuintla, efectuada en julio de 2025. Ovi sigue aportando sus conocimientos a su comunidad. (Facebook Instituto Diversificado El Chontel)\" srcset=\"https:\/\/soymigrante.com\/revista\/wp-content\/uploads\/2025\/10\/conferencia-ovidilio-vasquez-1140x430.png 1140w, https:\/\/soymigrante.com\/revista\/wp-content\/uploads\/2025\/10\/conferencia-ovidilio-vasquez-300x113.png 300w, https:\/\/soymigrante.com\/revista\/wp-content\/uploads\/2025\/10\/conferencia-ovidilio-vasquez-768x290.png 768w, https:\/\/soymigrante.com\/revista\/wp-content\/uploads\/2025\/10\/conferencia-ovidilio-vasquez-1536x579.png 1536w, https:\/\/soymigrante.com\/revista\/wp-content\/uploads\/2025\/10\/conferencia-ovidilio-vasquez-750x283.png 750w, https:\/\/soymigrante.com\/revista\/wp-content\/uploads\/2025\/10\/conferencia-ovidilio-vasquez.png 1739w\" sizes=\"(max-width: 1140px) 100vw, 1140px\" title=\"Conferencia de Ovidilio &quot;Ovi&quot; Vasquez desde Estados Unidos a estudiantes del Instituto Diversificado de la aldea El Chontel, La Gomera, Escuintla, efectuada en julio de 2025.  Ovi sigue aportando sus conocimientos a su comunidad. (Facebook Instituto Diversificado El Chontel) \u2013 SoyMigrante.com REVISTA\" \/>\t\t\t\t\t\t\t\t\t\t\t<figcaption class=\"widget-image-caption wp-caption-text\">Conferencia de Ovidilio \"Ovi\" Vasquez desde Estados Unidos a estudiantes del Instituto Diversificado de la aldea El Chontel, La Gomera, Escuintla, efectuada en julio de 2025.  Ovi sigue aportando sus conocimientos a su comunidad. (Facebook Instituto Diversificado El Chontel)<\/figcaption>\n\t\t\t\t\t\t\t\t\t\t<\/figure>\n\t\t\t\t\t\t\t\t\t<\/div>\n\t\t\t\t\t<\/div>\n\t\t\t\t<\/div>\n\t\t<div data-particle_enable=\"false\" data-particle-mobile-disabled=\"false\" class=\"elementor-element elementor-element-d7806f3 e-flex e-con-boxed e-con e-parent\" data-id=\"d7806f3\" data-element_type=\"container\" data-e-type=\"container\">\n\t\t\t\t\t<div class=\"e-con-inner\">\n\t\t\t\t<div class=\"elementor-element elementor-element-7b56b04 elementor-widget elementor-widget-heading\" data-id=\"7b56b04\" data-element_type=\"widget\" data-e-type=\"widget\" data-widget_type=\"heading.default\">\n\t\t\t\t\t<h3 class=\"elementor-heading-title elementor-size-default\">La historia personal como fortaleza innovadora<\/h3>\t\t\t\t<\/div>\n\t\t\t\t\t<\/div>\n\t\t\t\t<\/div>\n\t\t<div data-particle_enable=\"false\" data-particle-mobile-disabled=\"false\" class=\"elementor-element elementor-element-8d2c4bd e-flex e-con-boxed e-con e-parent\" data-id=\"8d2c4bd\" data-element_type=\"container\" data-e-type=\"container\">\n\t\t\t\t\t<div class=\"e-con-inner\">\n\t\t\t\t<div class=\"elementor-element elementor-element-b7e5a43 elementor-widget elementor-widget-text-editor\" data-id=\"b7e5a43\" data-element_type=\"widget\" data-e-type=\"widget\" data-widget_type=\"text-editor.default\">\n\t\t\t\t\t\t\t\t\t<p>\u201cOvi no solo habla de \u00e9xito, sino de prop\u00f3sito\u201d, se\u00f1ala uno de sus colegas. \u201cEn sus presentaciones combina la mentalidad corporativa con los <a href=\"https:\/\/soymigrante.com\/revista\/madres-migrantes-guatemaltecas-responden-que-tradiciones-valores-y-elementos-de-identidad-inculca-a-sus-hijos\/\">valores<\/a> del campo: trabajo duro, servicio y humildad. Esa mezcla lo hace aut\u00e9ntico.\u201d<\/p><p>Su mensaje est\u00e1 dirigido a quienes, como \u00e9l, alguna vez se sintieron invisibles o subestimados. En sus conferencias repite una frase que se ha vuelto emblema de su filosof\u00eda: <b>\u201cNo dejes que tu pasado defina tus l\u00edmites. Usa tu historia como la raz\u00f3n para avanzar.\u201d<\/b><\/p><p>Desde su plataforma Ovi Inspires ofrece mentor\u00edas, libros y talleres que buscan <a href=\"https:\/\/soymigrante.com\/revista\/madres-migrantes-guatemaltecas-responden-que-tradiciones-valores-y-elementos-de-identidad-inculca-a-sus-hijos\/\">empoderar a j\u00f3venes migrantes<\/a> y profesionales de primera generaci\u00f3n. Su prop\u00f3sito no es solo contar su historia, sino abrir camino para otros.<\/p><p>Lo que distingue a V\u00e1squez es su forma de reconciliar dos mundos: la herencia cultural guatemalteca y el liderazgo empresarial estadounidense. <b>\u201cLos <a href=\"https:\/\/soymigrante.com\/revista\/madres-migrantes-guatemaltecas-responden-que-tradiciones-valores-y-elementos-de-identidad-inculca-a-sus-hijos\/\">valores<\/a> que aprend\u00ed en mi comunidad \u2014respeto, trabajo duro, amor por la tierra\u2014 no los dej\u00e9 atr\u00e1s. Son mi ventaja competitiva\u201d, <\/b>afirma.<\/p><p>Para muchos migrantes, su historia reconfigura la idea del \u201csue\u00f1o americano\u201d: ya no como simple ascenso econ\u00f3mico, sino como una oportunidad para servir, inspirar y devolver lo aprendido.<\/p>\t\t\t\t\t\t\t\t<\/div>\n\t\t\t\t\t<\/div>\n\t\t\t\t<\/div>\n\t\t<div data-particle_enable=\"false\" data-particle-mobile-disabled=\"false\" class=\"elementor-element elementor-element-18f0791 e-flex e-con-boxed e-con e-parent\" data-id=\"18f0791\" data-element_type=\"container\" data-e-type=\"container\">\n\t\t\t\t\t<div class=\"e-con-inner\">\n\t\t\t\t<div class=\"elementor-element elementor-element-5f70ac7 elementor-widget elementor-widget-image\" data-id=\"5f70ac7\" data-element_type=\"widget\" data-e-type=\"widget\" data-widget_type=\"image.default\">\n\t\t\t\t\t\t\t\t\t\t\t\t<figure class=\"wp-caption\">\n\t\t\t\t\t\t\t\t\t\t\t<a href=\"https:\/\/www.amazon.com\/stores\/author\/B00O51JROU\">\n\t\t\t\t\t\t\t<img decoding=\"async\" width=\"1140\" height=\"450\" src=\"https:\/\/soymigrante.com\/revista\/wp-content\/uploads\/2025\/10\/libros-ovidilio-david-vasquez-conferencista-guatemalteco-en-usa-1140x450.png\" class=\"attachment-large size-large wp-image-47582\" alt=\"Los libros de Ovi V\u00e1squez se encuentran disponibles en Amazon, en versiones en ingl\u00e9s y espa\u00f1ol. Algunos tienen un enfoque m\u00e1s empresarial y otros m\u00e1s educativo y familiar, pero todos centrados en valores de innovaci\u00f3n y mejora personal.\" srcset=\"https:\/\/soymigrante.com\/revista\/wp-content\/uploads\/2025\/10\/libros-ovidilio-david-vasquez-conferencista-guatemalteco-en-usa-1140x450.png 1140w, https:\/\/soymigrante.com\/revista\/wp-content\/uploads\/2025\/10\/libros-ovidilio-david-vasquez-conferencista-guatemalteco-en-usa-300x118.png 300w, https:\/\/soymigrante.com\/revista\/wp-content\/uploads\/2025\/10\/libros-ovidilio-david-vasquez-conferencista-guatemalteco-en-usa-768x303.png 768w, https:\/\/soymigrante.com\/revista\/wp-content\/uploads\/2025\/10\/libros-ovidilio-david-vasquez-conferencista-guatemalteco-en-usa-1536x606.png 1536w, https:\/\/soymigrante.com\/revista\/wp-content\/uploads\/2025\/10\/libros-ovidilio-david-vasquez-conferencista-guatemalteco-en-usa-750x296.png 750w, https:\/\/soymigrante.com\/revista\/wp-content\/uploads\/2025\/10\/libros-ovidilio-david-vasquez-conferencista-guatemalteco-en-usa.png 1900w\" sizes=\"(max-width: 1140px) 100vw, 1140px\" title=\"Los libros de Ovi V\u00e1squez se encuentran disponibles en Amazon, en versiones en ingl\u00e9s y espa\u00f1ol. Algunos tienen un enfoque m\u00e1s empresarial y otros m\u00e1s educativo y familiar, pero todos centrados en valores de innovaci\u00f3n y mejora personal. \u2013 SoyMigrante.com REVISTA\" \/>\t\t\t\t\t\t\t\t<\/a>\n\t\t\t\t\t\t\t\t\t\t\t<figcaption class=\"widget-image-caption wp-caption-text\">Los libros de Ovi V\u00e1squez se encuentran disponibles en Amazon, en versiones en ingl\u00e9s y espa\u00f1ol. Algunos tienen un enfoque m\u00e1s empresarial y otros m\u00e1s educativo y familiar, pero todos centrados en valores de innovaci\u00f3n y mejora personal.<\/figcaption>\n\t\t\t\t\t\t\t\t\t\t<\/figure>\n\t\t\t\t\t\t\t\t\t<\/div>\n\t\t\t\t\t<\/div>\n\t\t\t\t<\/div>\n\t\t<div data-particle_enable=\"false\" data-particle-mobile-disabled=\"false\" class=\"elementor-element elementor-element-be3d4f9 e-flex e-con-boxed e-con e-parent\" data-id=\"be3d4f9\" data-element_type=\"container\" data-e-type=\"container\">\n\t\t\t\t\t<div class=\"e-con-inner\">\n\t\t\t\t<div class=\"elementor-element elementor-element-afd023b elementor-widget elementor-widget-heading\" data-id=\"afd023b\" data-element_type=\"widget\" data-e-type=\"widget\" data-widget_type=\"heading.default\">\n\t\t\t\t\t<h3 class=\"elementor-heading-title elementor-size-default\">Comparte su saber en libros y charlas<\/h3>\t\t\t\t<\/div>\n\t\t\t\t\t<\/div>\n\t\t\t\t<\/div>\n\t\t<div data-particle_enable=\"false\" data-particle-mobile-disabled=\"false\" class=\"elementor-element elementor-element-912d15a e-flex e-con-boxed e-con e-parent\" data-id=\"912d15a\" data-element_type=\"container\" data-e-type=\"container\">\n\t\t\t\t\t<div class=\"e-con-inner\">\n\t\t\t\t<div class=\"elementor-element elementor-element-f243db0 elementor-widget elementor-widget-text-editor\" data-id=\"f243db0\" data-element_type=\"widget\" data-e-type=\"widget\" data-widget_type=\"text-editor.default\">\n\t\t\t\t\t\t\t\t\t<p>Autor de varios <a href=\"https:\/\/www.amazon.com\/stores\/author\/B00O51JROU\">libros disponibles en Amazon, Ovi V\u00e1squez<\/a> ha llevado su mensaje a universidades, empresas y organizaciones sin fines de lucro. <a href=\"https:\/\/ovinspires.ueniweb.com\/\">Cada presentaci\u00f3n suya<\/a> es una invitaci\u00f3n a creer que el origen no determina el destino, y que la educaci\u00f3n \u2014formal o autodidacta\u2014 sigue siendo la herramienta m\u00e1s poderosa para cambiar vidas.<\/p><p>Su historia no es solo la de un \u00e9xito individual, sino la de una generaci\u00f3n de migrantes que ha decidido redefinir lo que significa triunfar: con integridad, prop\u00f3sito y comunidad.<\/p><p><b>\u201cSi yo, un muchacho del campo guatemalteco, logr\u00e9 llegar hasta aqu\u00ed\u201d,<\/b> suele repetir Ovi,<b> \u201cimagina lo que t\u00fa puedes lograr si decides no rendirte.<\/b>\u201d<\/p>\t\t\t\t\t\t\t\t<\/div>\n\t\t\t\t\t<\/div>\n\t\t\t\t<\/div>\n\t\t<div data-particle_enable=\"false\" data-particle-mobile-disabled=\"false\" class=\"elementor-element elementor-element-c9d3b76 e-flex e-con-boxed e-con e-parent\" data-id=\"c9d3b76\" data-element_type=\"container\" data-e-type=\"container\">\n\t\t\t\t\t<div class=\"e-con-inner\">\n\t\t\t\t<div class=\"elementor-element elementor-element-a51beaa elementor-widget elementor-widget-html\" data-id=\"a51beaa\" data-element_type=\"widget\" data-e-type=\"widget\" data-widget_type=\"html.default\">\n\t\t\t\t\t<iframe width=\"560\" height=\"315\" src=\"https:\/\/www.youtube.com\/embed\/sbWu6MgGUdg?si=kNopBO0yaK2t2hB5\" title=\"YouTube video player\" frameborder=\"0\" allow=\"accelerometer; autoplay; clipboard-write; encrypted-media; gyroscope; picture-in-picture; web-share\" referrerpolicy=\"strict-origin-when-cross-origin\" allowfullscreen><\/iframe>\t\t\t\t<\/div>\n\t\t\t\t\t<\/div>\n\t\t\t\t<\/div>\n\t\t<div data-particle_enable=\"false\" data-particle-mobile-disabled=\"false\" class=\"elementor-element elementor-element-e78b16d e-flex e-con-boxed e-con e-parent\" data-id=\"e78b16d\" data-element_type=\"container\" data-e-type=\"container\">\n\t\t\t\t\t<div class=\"e-con-inner\">\n\t\t\t\t<div class=\"elementor-element elementor-element-4bf966a elementor-widget elementor-widget-heading\" data-id=\"4bf966a\" data-element_type=\"widget\" data-e-type=\"widget\" data-widget_type=\"heading.default\">\n\t\t\t\t\t<h2 class=\"elementor-heading-title elementor-size-default\">Cada relato migrante tiene inspiraci\u00f3n y valores<\/h2>\t\t\t\t<\/div>\n\t\t\t\t\t<\/div>\n\t\t\t\t<\/div>\n\t\t<div data-particle_enable=\"false\" data-particle-mobile-disabled=\"false\" class=\"elementor-element elementor-element-049361e e-flex e-con-boxed e-con e-parent\" data-id=\"049361e\" data-element_type=\"container\" data-e-type=\"container\">\n\t\t\t\t\t<div class=\"e-con-inner\">\n\t\t\t\t<div class=\"elementor-element elementor-element-18ec97d elementor-grid-eael-col-3 elementor-grid-tablet-eael-col-2 elementor-grid-mobile-eael-col-1 elementor-widget elementor-widget-eael-post-grid\" data-id=\"18ec97d\" data-element_type=\"widget\" data-e-type=\"widget\" data-settings=\"{&quot;eael_post_grid_columns&quot;:&quot;eael-col-3&quot;,&quot;eael_post_grid_columns_tablet&quot;:&quot;eael-col-2&quot;,&quot;eael_post_grid_columns_mobile&quot;:&quot;eael-col-1&quot;}\" data-widget_type=\"eael-post-grid.default\">\n\t\t\t\t\t<div id=\"eael-post-grid-18ec97d\" class=\"eael-post-grid-container\">\n            <div class=\"eael-post-grid eael-post-appender eael-post-appender-18ec97d eael-post-grid-style-one\" data-layout-mode=\"masonry\"><article class=\"eael-grid-post  eael-post-grid-column eael-pg-post-6663 category-exitos\" data-id=\"6663\">\n        <div class=\"eael-grid-post-holder\">\n            <div class=\"eael-grid-post-holder-inner\"><div class=\"eael-entry-media\"><div class=\"eael-entry-overlay fade-in\"><i class=\"far fa-hand-pointer\" aria-hidden=\"true\"><\/i><a href=\"https:\/\/soymigrante.com\/revista\/la-migrante-marta-ordonez-viaja-en-el-tiempo-para-dar-un-consejo\/\"><\/a><\/div><div class=\"eael-entry-thumbnail eael-image-ratio\">\n                <img decoding=\"async\" width=\"850\" height=\"850\" src=\"https:\/\/soymigrante.com\/revista\/wp-content\/uploads\/2024\/05\/Captura-de-pantalla-2024-05-27-155003.webp\" class=\"attachment-large size-large wp-image-6667\" alt=\"Retrato de mujer en evento cultural con murales coloridos en el fondo, promoviendo la diversidad y la creatividad en la comunidad migrante.\" srcset=\"https:\/\/soymigrante.com\/revista\/wp-content\/uploads\/2024\/05\/Captura-de-pantalla-2024-05-27-155003.webp 850w, https:\/\/soymigrante.com\/revista\/wp-content\/uploads\/2024\/05\/Captura-de-pantalla-2024-05-27-155003-300x300.webp 300w, https:\/\/soymigrante.com\/revista\/wp-content\/uploads\/2024\/05\/Captura-de-pantalla-2024-05-27-155003-150x150.webp 150w, https:\/\/soymigrante.com\/revista\/wp-content\/uploads\/2024\/05\/Captura-de-pantalla-2024-05-27-155003-768x768.webp 768w, https:\/\/soymigrante.com\/revista\/wp-content\/uploads\/2024\/05\/Captura-de-pantalla-2024-05-27-155003-75x75.webp 75w, https:\/\/soymigrante.com\/revista\/wp-content\/uploads\/2024\/05\/Captura-de-pantalla-2024-05-27-155003-750x750.webp 750w\" sizes=\"(max-width: 850px) 100vw, 850px\" \/>\n            <\/div>\n        <\/div><div class=\"eael-entry-wrapper\"><header class=\"eael-entry-header\"><h2 class=\"eael-entry-title\"><a class=\"eael-grid-post-link\" href=\"https:\/\/soymigrante.com\/revista\/la-migrante-marta-ordonez-viaja-en-el-tiempo-para-dar-un-consejo\/\" title=\"La migrante Marta Ordo\u00f1ez viaja en el tiempo para dar un consejo\">La migrante Marta Ordo\u00f1ez viaja en el tiempo para dar un consejo<\/a><\/h2><\/header><div class=\"eael-entry-content\">\n                        <div class=\"eael-grid-post-excerpt\"><a href=\"https:\/\/soymigrante.com\/revista\/la-migrante-marta-ordonez-viaja-en-el-tiempo-para-dar-un-consejo\/\" class=\"eael-post-elements-readmore-btn\">CONOCE SU HISTORIA <\/a><\/div>\n                    <\/div><\/div><\/div>\n        <\/div>\n    <\/article><article class=\"eael-grid-post  eael-post-grid-column eael-pg-post-1283 category-exitos tags-california\" data-id=\"1283\">\n        <div class=\"eael-grid-post-holder\">\n            <div class=\"eael-grid-post-holder-inner\"><div class=\"eael-entry-media\"><div class=\"eael-entry-overlay fade-in\"><i class=\"far fa-hand-pointer\" aria-hidden=\"true\"><\/i><a href=\"https:\/\/soymigrante.com\/revista\/cantautor-guatemalteco-migrante-gustavo-septimo\/\"><\/a><\/div><div class=\"eael-entry-thumbnail eael-image-ratio\">\n                <img loading=\"lazy\" decoding=\"async\" width=\"750\" height=\"751\" src=\"https:\/\/soymigrante.com\/revista\/wp-content\/uploads\/2023\/06\/Gustavo-VII-cantautor-guatemalteco-migrante-residente-en-Los-Angeles-4-1.webp\" class=\"attachment-large size-large wp-image-1304\" alt=\"\" srcset=\"https:\/\/soymigrante.com\/revista\/wp-content\/uploads\/2023\/06\/Gustavo-VII-cantautor-guatemalteco-migrante-residente-en-Los-Angeles-4-1.webp 750w, https:\/\/soymigrante.com\/revista\/wp-content\/uploads\/2023\/06\/Gustavo-VII-cantautor-guatemalteco-migrante-residente-en-Los-Angeles-4-1-300x300.webp 300w, https:\/\/soymigrante.com\/revista\/wp-content\/uploads\/2023\/06\/Gustavo-VII-cantautor-guatemalteco-migrante-residente-en-Los-Angeles-4-1-150x150.webp 150w, https:\/\/soymigrante.com\/revista\/wp-content\/uploads\/2023\/06\/Gustavo-VII-cantautor-guatemalteco-migrante-residente-en-Los-Angeles-4-1-75x75.webp 75w, https:\/\/soymigrante.com\/revista\/wp-content\/uploads\/2023\/06\/Gustavo-VII-cantautor-guatemalteco-migrante-residente-en-Los-Angeles-4-1-600x600.jpg 600w\" sizes=\"(max-width: 750px) 100vw, 750px\" \/>\n            <\/div>\n        <\/div><div class=\"eael-entry-wrapper\"><header class=\"eael-entry-header\"><h2 class=\"eael-entry-title\"><a class=\"eael-grid-post-link\" href=\"https:\/\/soymigrante.com\/revista\/cantautor-guatemalteco-migrante-gustavo-septimo\/\" title=\"Canci\u00f3n de vida, amor y servicio del artista migrante Gustavo VII\">Canci\u00f3n de vida, amor y servicio del artista migrante Gustavo VII<\/a><\/h2><\/header><div class=\"eael-entry-content\">\n                        <div class=\"eael-grid-post-excerpt\"><a href=\"https:\/\/soymigrante.com\/revista\/cantautor-guatemalteco-migrante-gustavo-septimo\/\" class=\"eael-post-elements-readmore-btn\">CONOCE SU HISTORIA <\/a><\/div>\n                    <\/div><\/div><\/div>\n        <\/div>\n    <\/article><article class=\"eael-grid-post  eael-post-grid-column eael-pg-post-1870 category-exitos tags-california\" data-id=\"1870\">\n        <div class=\"eael-grid-post-holder\">\n            <div class=\"eael-grid-post-holder-inner\"><div class=\"eael-entry-media\"><div class=\"eael-entry-overlay fade-in\"><i class=\"far fa-hand-pointer\" aria-hidden=\"true\"><\/i><a href=\"https:\/\/soymigrante.com\/revista\/walter-villatoro-mariachi-migrante-guatemalteco\/\"><\/a><\/div><div class=\"eael-entry-thumbnail eael-image-ratio\">\n                <img loading=\"lazy\" decoding=\"async\" width=\"1024\" height=\"614\" src=\"https:\/\/soymigrante.com\/revista\/wp-content\/uploads\/2023\/07\/Captura-de-pantalla-2023-07-14-142215-1024x614.webp\" class=\"attachment-large size-large wp-image-1872\" alt=\"Walter Villatoro, migrante guatemalteco, cantante, compositor, productor art\u00edstico residente en San Diego, California\" srcset=\"https:\/\/soymigrante.com\/revista\/wp-content\/uploads\/2023\/07\/Captura-de-pantalla-2023-07-14-142215-1024x614.webp 1024w, https:\/\/soymigrante.com\/revista\/wp-content\/uploads\/2023\/07\/Captura-de-pantalla-2023-07-14-142215-300x180.webp 300w, https:\/\/soymigrante.com\/revista\/wp-content\/uploads\/2023\/07\/Captura-de-pantalla-2023-07-14-142215-768x460.webp 768w, https:\/\/soymigrante.com\/revista\/wp-content\/uploads\/2023\/07\/Captura-de-pantalla-2023-07-14-142215-1536x920.webp 1536w, https:\/\/soymigrante.com\/revista\/wp-content\/uploads\/2023\/07\/Captura-de-pantalla-2023-07-14-142215-750x449.webp 750w, https:\/\/soymigrante.com\/revista\/wp-content\/uploads\/2023\/07\/Captura-de-pantalla-2023-07-14-142215-1140x683.webp 1140w, https:\/\/soymigrante.com\/revista\/wp-content\/uploads\/2023\/07\/Captura-de-pantalla-2023-07-14-142215.webp 1587w\" sizes=\"(max-width: 1024px) 100vw, 1024px\" \/>\n            <\/div>\n        <\/div><div class=\"eael-entry-wrapper\"><header class=\"eael-entry-header\"><h2 class=\"eael-entry-title\"><a class=\"eael-grid-post-link\" href=\"https:\/\/soymigrante.com\/revista\/walter-villatoro-mariachi-migrante-guatemalteco\/\" title=\"Walter Villatoro: la inspiradora historia de El Mariachi Guatemalteco\">Walter Villatoro: la inspiradora historia de El Mariachi Guatemalteco<\/a><\/h2><\/header><div class=\"eael-entry-content\">\n                        <div class=\"eael-grid-post-excerpt\"><a href=\"https:\/\/soymigrante.com\/revista\/walter-villatoro-mariachi-migrante-guatemalteco\/\" class=\"eael-post-elements-readmore-btn\">CONOCE SU HISTORIA <\/a><\/div>\n                    <\/div><\/div><\/div>\n        <\/div>\n    <\/article><\/div>\n            <div class=\"clearfix\"><\/div>\n        <\/div>            <div class=\"eael-load-more-button-wrap eael-force-hide\">\n                <button class=\"eael-load-more-button\" id=\"eael-load-more-btn-18ec97d\" data-widget-id=\"18ec97d\" data-widget=\"18ec97d\" data-page-id=\"47568\" data-template=\"{&quot;dir&quot;:&quot;lite&quot;,&quot;file_name&quot;:&quot;one.php&quot;,&quot;name&quot;:&quot;Post-Grid&quot;}\" data-class=\"Essential_Addons_Elementor\\Elements\\Post_Grid\" data-layout=\"masonry\" data-page=\"1\" data-args=\"orderby=rand&amp;order=desc&amp;ignore_sticky_posts=1&amp;post_status=publish&amp;posts_per_page=3&amp;offset=0&amp;post_type=post&amp;tax_query%5B0%5D%5Btaxonomy%5D=category&amp;tax_query%5B0%5D%5Bfield%5D=term_id&amp;tax_query%5B0%5D%5Bterms%5D%5B0%5D=50&amp;tax_query%5Brelation%5D=AND\" data-max-page=\"104\">\n                    <span class=\"eael-btn-loader button__loader\"><\/span>\n                    <span class=\"eael_load_more_text\">Load More<\/span>\n                <\/button>\n            <\/div>\n            \t\t\t\t<\/div>\n\t\t\t\t\t<\/div>\n\t\t\t\t<\/div>\n\t\t\t\t<\/div>\n\t\t","protected":false},"excerpt":{"rendered":"<p>&#8220;Mi abuela dec\u00eda: si vas a hacer algo, hazlo bien&#8221;, cuenta Ovi V\u00e1squez en una conferencia con estudiantes en USA. Sus claves de liderazgo y excelencia son as\u00ed de sencillos y profundos: algo que surgi\u00f3 de su propia historia. Ovidilio &#8220;Ovi&#8221; V\u00e1squez es un exitoso conferencista y motivador que brinda sus claves de \u00e9xito a [&hellip;]<\/p>\n","protected":false},"author":7,"featured_media":47569,"comment_status":"open","ping_status":"open","sticky":false,"template":"","format":"standard","meta":{"_acf_changed":false,"_eb_attr":"","footnotes":""},"categories":[50,274],"tags":[],"class_list":["post-47568","post","type-post","status-publish","format-standard","has-post-thumbnail","hentry","category-exitos","category-guatemala"],"acf":[],"aioseo_notices":[],"aioseo_head":"\n\t\t<!-- All in One SEO Pro 4.9.6.2 - aioseo.com -->\n\t<meta name=\"description\" content=\"Walter Villatoro, un migrante guatemalteco, ha dejado huella en EE.UU. con su m\u00fasica y cine, reflejando su amor por Guatemala y su pasi\u00f3n art\u00edstica\" \/>\n\t<meta name=\"robots\" content=\"max-snippet:-1, max-image-preview:large, max-video-preview:-1\" \/>\n\t<meta name=\"author\" content=\"Gustavo Montenegro\"\/>\n\t<link rel=\"canonical\" href=\"https:\/\/soymigrante.com\/revista\/walter-villatoro-mariachi-migrante-guatemalteco\/\" \/>\n\t<meta name=\"generator\" content=\"All in One SEO Pro (AIOSEO) 4.9.6.2\" \/>\n\n\t\t<link rel=\"preconnect\" href=\"https:\/\/fonts.googleapis.com\" crossorigin>\n<link rel=\"preconnect\" href=\"https:\/\/fonts.gstatic.com\" crossorigin>\n\t\t<meta property=\"og:locale\" content=\"es_ES\" \/>\n\t\t<meta property=\"og:site_name\" content=\"SoyMigrante.com REVISTA \u2013 Nuestra misi\u00f3n es reconocer y dignificar al migrante.\" \/>\n\t\t<meta property=\"og:type\" content=\"article\" \/>\n\t\t<meta property=\"og:title\" content=\"Walter Villatoro: la inspiradora historia de El Mariachi Guatemalteco\" \/>\n\t\t<meta property=\"og:description\" content=\"Walter Villatoro, un migrante guatemalteco, ha dejado huella en EE.UU. con su m\u00fasica y cine, reflejando su amor por Guatemala y su pasi\u00f3n art\u00edstica\" \/>\n\t\t<meta property=\"og:url\" content=\"https:\/\/soymigrante.com\/revista\/walter-villatoro-mariachi-migrante-guatemalteco\/\" \/>\n\t\t<meta property=\"og:image\" content=\"https:\/\/soymigrante.com\/revista\/wp-content\/uploads\/2023\/07\/Captura-de-pantalla-2023-07-14-142215.webp\" \/>\n\t\t<meta property=\"og:image:secure_url\" content=\"https:\/\/soymigrante.com\/revista\/wp-content\/uploads\/2023\/07\/Captura-de-pantalla-2023-07-14-142215.webp\" \/>\n\t\t<meta property=\"og:image:width\" content=\"1587\" \/>\n\t\t<meta property=\"og:image:height\" content=\"951\" \/>\n\t\t<meta property=\"article:published_time\" content=\"2023-07-14T20:16:14+00:00\" \/>\n\t\t<meta property=\"article:modified_time\" content=\"2026-03-11T22:48:18+00:00\" \/>\n\t\t<meta property=\"article:publisher\" content=\"https:\/\/www.facebook.com\/soymigrantecom\" \/>\n\t\t<meta name=\"twitter:card\" content=\"summary_large_image\" \/>\n\t\t<meta name=\"twitter:site\" content=\"@SoyMigrante_com\" \/>\n\t\t<meta name=\"twitter:title\" content=\"Walter Villatoro: la inspiradora historia de El Mariachi Guatemalteco\" \/>\n\t\t<meta name=\"twitter:description\" content=\"Walter Villatoro, un migrante guatemalteco, ha dejado huella en EE.UU. con su m\u00fasica y cine, reflejando su amor por Guatemala y su pasi\u00f3n art\u00edstica\" \/>\n\t\t<meta name=\"twitter:creator\" content=\"@SoyMigrante_com\" \/>\n\t\t<meta name=\"twitter:image\" content=\"https:\/\/soymigrante.com\/revista\/wp-content\/uploads\/2023\/07\/Captura-de-pantalla-2023-07-14-142215.webp\" \/>\n\t\t<!-- All in One SEO Pro -->\r\n\t\t<title>Walter Villatoro: la inspiradora historia de El Mariachi Guatemalteco<\/title>\n\n","aioseo_head_json":{"title":"Walter Villatoro: la inspiradora historia de El Mariachi Guatemalteco","description":"Walter Villatoro, un migrante guatemalteco, ha dejado huella en EE.UU. con su m\u00fasica y cine, reflejando su amor por Guatemala y su pasi\u00f3n art\u00edstica","canonical_url":"https:\/\/soymigrante.com\/revista\/walter-villatoro-mariachi-migrante-guatemalteco\/","robots":"max-snippet:-1, max-image-preview:large, max-video-preview:-1","keywords":"","webmasterTools":{"miscellaneous":"&lt;link rel=\"preconnect\" href=\"https:\/\/fonts.googleapis.com\" crossorigin&gt;\n&lt;link rel=\"preconnect\" href=\"https:\/\/fonts.gstatic.com\" crossorigin&gt;"},"schema":null,"og:locale":"es_ES","og:site_name":"SoyMigrante.com REVISTA \u2013 Nuestra misi\u00f3n es reconocer y dignificar al migrante.","og:type":"article","og:title":"Walter Villatoro: la inspiradora historia de El Mariachi Guatemalteco","og:description":"Walter Villatoro, un migrante guatemalteco, ha dejado huella en EE.UU. con su m\u00fasica y cine, reflejando su amor por Guatemala y su pasi\u00f3n art\u00edstica","og:url":"https:\/\/soymigrante.com\/revista\/walter-villatoro-mariachi-migrante-guatemalteco\/","og:image":"https:\/\/soymigrante.com\/revista\/wp-content\/uploads\/2023\/07\/Captura-de-pantalla-2023-07-14-142215.webp","og:image:secure_url":"https:\/\/soymigrante.com\/revista\/wp-content\/uploads\/2023\/07\/Captura-de-pantalla-2023-07-14-142215.webp","og:image:width":1587,"og:image:height":951,"article:published_time":"2023-07-14T20:16:14+00:00","article:modified_time":"2026-03-11T22:48:18+00:00","article:publisher":"https:\/\/www.facebook.com\/soymigrantecom","twitter:card":"summary_large_image","twitter:site":"@SoyMigrante_com","twitter:title":"Walter Villatoro: la inspiradora historia de El Mariachi Guatemalteco","twitter:description":"Walter Villatoro, un migrante guatemalteco, ha dejado huella en EE.UU. con su m\u00fasica y cine, reflejando su amor por Guatemala y su pasi\u00f3n art\u00edstica","twitter:creator":"@SoyMigrante_com","twitter:image":"https:\/\/soymigrante.com\/revista\/wp-content\/uploads\/2023\/07\/Captura-de-pantalla-2023-07-14-142215.webp"},"aioseo_meta_data":{"post_id":"47568","title":"La ruta de Ovi: del ca\u00f1averal a charlas de liderazgo en USA","description":"Ovidilio V\u00e1squez es un conferencista guatemalteco que asesora a compa\u00f1\u00edas y escuelas de Estados Unidos. Su ruta migrante es inspiradora. Y este es su perfil.","keywords":null,"keyphrases":{"focus":{"keyphrase":"Guatemala","score":63,"analysis":{"keyphraseInTitle":{"score":3,"maxScore":9,"error":1},"keyphraseInDescription":{"score":3,"maxScore":9,"error":1},"keyphraseLength":{"score":9,"maxScore":9,"error":0,"length":1},"keyphraseInURL":{"score":5,"maxScore":5,"error":0}}},"additional":[{"keyphrase":"Ovi","score":67,"analysis":{"keyphraseInDescription":{"score":3,"maxScore":9,"error":1},"keyphraseLength":{"score":9,"maxScore":9,"error":0,"length":1}}},{"keyphrase":"Guatemalteco","score":100,"analysis":{"keyphraseInDescription":{"score":9,"maxScore":9,"error":0},"keyphraseLength":{"score":9,"maxScore":9,"error":0,"length":1}}}]},"primary_term":null,"canonical_url":null,"og_title":null,"og_description":null,"og_object_type":"default","og_image_type":"default","og_image_url":null,"og_image_width":null,"og_image_height":null,"og_image_custom_url":null,"og_image_custom_fields":null,"og_video":"","og_custom_url":null,"og_article_section":null,"og_article_tags":null,"twitter_use_og":false,"twitter_card":"default","twitter_image_type":"default","twitter_image_url":null,"twitter_image_custom_url":null,"twitter_image_custom_fields":null,"twitter_title":null,"twitter_description":null,"schema":{"blockGraphs":[],"customGraphs":[],"default":{"data":{"Article":[],"Course":[],"Dataset":[],"FAQPage":[],"Movie":[],"Person":[],"Product":[],"ProductReview":[],"Car":[],"Recipe":[],"Service":[],"SoftwareApplication":[],"WebPage":[]},"graphName":"none","isEnabled":true},"graphs":[]},"schema_type":"default","schema_type_options":null,"pillar_content":false,"robots_default":true,"robots_noindex":false,"robots_noarchive":false,"robots_nosnippet":false,"robots_nofollow":false,"robots_noimageindex":false,"robots_noodp":false,"robots_notranslate":false,"robots_max_snippet":"-1","robots_max_videopreview":"-1","robots_max_imagepreview":"large","priority":null,"frequency":"default","local_seo":null,"seo_analyzer_scan_date":"2025-10-23 18:03:52","breadcrumb_settings":null,"limit_modified_date":false,"reviewed_by":"0","open_ai":null,"ai":{"faqs":[],"keyPoints":[],"titles":[],"descriptions":[],"socialPosts":{"email":[],"linkedin":[],"twitter":[],"facebook":[],"instagram":[]}},"created":"2025-10-23 16:55:17","updated":"2026-02-05 06:37:02"},"aioseo_breadcrumb":"<div class=\"aioseo-breadcrumbs\"><span class=\"aioseo-breadcrumb\">\n\t<a href=\"https:\/\/soymigrante.com\/revista\" title=\"Home\">Home<\/a>\n<\/span><span class=\"aioseo-breadcrumb-separator\">\u00bb<\/span><span class=\"aioseo-breadcrumb\">\n\t<a href=\"https:\/\/soymigrante.com\/revista\/category\/exitos\/\" title=\"\u00c9xitos\">\u00c9xitos<\/a>\n<\/span><span class=\"aioseo-breadcrumb-separator\">\u00bb<\/span><span class=\"aioseo-breadcrumb\">\n\t<a href=\"https:\/\/soymigrante.com\/revista\/category\/exitos\/guatemala\/\" title=\"Guatemala\">Guatemala<\/a>\n<\/span><span class=\"aioseo-breadcrumb-separator\">\u00bb<\/span><span class=\"aioseo-breadcrumb\">\n\tEl camino de Ovi: del ca\u00f1averal en Guatemala a las charlas de liderazgo en USA\n<\/span><\/div>","aioseo_breadcrumb_json":[{"label":"Home","link":"https:\/\/soymigrante.com\/revista"},{"label":"\u00c9xitos","link":"https:\/\/soymigrante.com\/revista\/category\/exitos\/"},{"label":"Guatemala","link":"https:\/\/soymigrante.com\/revista\/category\/exitos\/guatemala\/"},{"label":"El camino de Ovi: del ca\u00f1averal en Guatemala a las charlas de liderazgo en USA","link":"https:\/\/soymigrante.com\/revista\/el-camino-de-ovi-del-canaveral-en-guatemala-a-las-charlas-de-liderazgo-en-usa\/"}],"_links":{"self":[{"href":"https:\/\/soymigrante.com\/revista\/wp-json\/wp\/v2\/posts\/47568","targetHints":{"allow":["GET"]}}],"collection":[{"href":"https:\/\/soymigrante.com\/revista\/wp-json\/wp\/v2\/posts"}],"about":[{"href":"https:\/\/soymigrante.com\/revista\/wp-json\/wp\/v2\/types\/post"}],"author":[{"embeddable":true,"href":"https:\/\/soymigrante.com\/revista\/wp-json\/wp\/v2\/users\/7"}],"replies":[{"embeddable":true,"href":"https:\/\/soymigrante.com\/revista\/wp-json\/wp\/v2\/comments?post=47568"}],"version-history":[{"count":6,"href":"https:\/\/soymigrante.com\/revista\/wp-json\/wp\/v2\/posts\/47568\/revisions"}],"predecessor-version":[{"id":47600,"href":"https:\/\/soymigrante.com\/revista\/wp-json\/wp\/v2\/posts\/47568\/revisions\/47600"}],"wp:featuredmedia":[{"embeddable":true,"href":"https:\/\/soymigrante.com\/revista\/wp-json\/wp\/v2\/media\/47569"}],"wp:attachment":[{"href":"https:\/\/soymigrante.com\/revista\/wp-json\/wp\/v2\/media?parent=47568"}],"wp:term":[{"taxonomy":"category","embeddable":true,"href":"https:\/\/soymigrante.com\/revista\/wp-json\/wp\/v2\/categories?post=47568"},{"taxonomy":"post_tag","embeddable":true,"href":"https:\/\/soymigrante.com\/revista\/wp-json\/wp\/v2\/tags?post=47568"}],"curies":[{"name":"wp","href":"https:\/\/api.w.org\/{rel}","templated":true}]}}