{"id":47523,"date":"2025-10-22T13:57:45","date_gmt":"2025-10-22T19:57:45","guid":{"rendered":"https:\/\/soymigrante.com\/revista\/?p=47523"},"modified":"2025-10-22T14:37:31","modified_gmt":"2025-10-22T20:37:31","slug":"eugenia-zacarias-relata-su-vivencia-de-madre-migrante-en-el-libro-cuando-el-corazon-no-emigra","status":"publish","type":"post","link":"https:\/\/soymigrante.com\/revista\/eugenia-zacarias-relata-su-vivencia-de-madre-migrante-en-el-libro-cuando-el-corazon-no-emigra\/","title":{"rendered":"Eugenia Zacar\u00edas relata su vivencia de madre migrante en el libro &#8220;Cuando el coraz\u00f3n no emigra&#8221;"},"content":{"rendered":"\t\t<div data-elementor-type=\"wp-post\" data-elementor-id=\"47523\" class=\"elementor elementor-47523\" data-elementor-post-type=\"post\">\n\t\t\t\t<div data-particle_enable=\"false\" data-particle-mobile-disabled=\"false\" class=\"elementor-element elementor-element-760b3e3 e-flex e-con-boxed e-con e-parent\" data-id=\"760b3e3\" data-element_type=\"container\" data-e-type=\"container\">\n\t\t\t\t\t<div class=\"e-con-inner\">\n\t\t\t\t<div class=\"elementor-element elementor-element-d9fa9a8 elementor-widget elementor-widget-heading\" data-id=\"d9fa9a8\" data-element_type=\"widget\" data-e-type=\"widget\" data-widget_type=\"heading.default\">\n\t\t\t\t\t<h2 class=\"elementor-heading-title elementor-size-default\">Empresaria y madre migrante guatemalteca en Nueva York transforma el dolor de la distancia en un libro de sanaci\u00f3n y esperanza: Cuando el coraz\u00f3n no emigra. <\/h2>\t\t\t\t<\/div>\n\t\t\t\t<div class=\"elementor-element elementor-element-820703c elementor-widget elementor-widget-html\" data-id=\"820703c\" data-element_type=\"widget\" data-e-type=\"widget\" data-widget_type=\"html.default\">\n\t\t\t\t\t<div id=\"buzzsprout-player-18059514\"><\/div><script src=\"https:\/\/www.buzzsprout.com\/2444168\/episodes\/18059514-un-corazon-maternal-conecta-guatemala-y-nueva-york.js?container_id=buzzsprout-player-18059514&player=small\" type=\"text\/javascript\" charset=\"utf-8\"><\/script>\t\t\t\t<\/div>\n\t\t\t\t\t<\/div>\n\t\t\t\t<\/div>\n\t\t<div data-particle_enable=\"false\" data-particle-mobile-disabled=\"false\" class=\"elementor-element elementor-element-43f52fd e-flex e-con-boxed e-con e-parent\" data-id=\"43f52fd\" data-element_type=\"container\" data-e-type=\"container\">\n\t\t\t\t\t<div class=\"e-con-inner\">\n\t\t\t\t<div class=\"elementor-element elementor-element-209c4e5 elementor-widget elementor-widget-text-editor\" data-id=\"209c4e5\" data-element_type=\"widget\" data-e-type=\"widget\" data-widget_type=\"text-editor.default\">\n\t\t\t\t\t\t\t\t\t<p>\u201c<a href=\"https:\/\/www.amazon.com.tr\/dp\/B0FPCMDMRH\">Este libro<\/a> no era para publicarse\u201d, confiesa Eugenia Zacar\u00edas, <a href=\"https:\/\/soymigrante.com\/revista\/madres-guatemaltecas-manos-laboriosas-corazon-sin-limites-fortaleza-migrante-y-emprendedor\/\">madre<\/a>, migrante, emprendedora guatemalteca radicada en Nueva York desde hace trece a\u00f1os. \u201cMi idea inicial era hacer tres libros, como tres cartas, porque tengo tres hijos. Quer\u00eda dejar plasmado lo que muchas veces no pude expresar o decirles, a cada uno\u201d. Pero en el camino, la editora del libro le dijo que era un solo libro y que podr\u00eda ser de mucha inspiraci\u00f3n para muchas personas. Y ya lo es.\u00a0<\/p><p>As\u00ed naci\u00f3 <a href=\"https:\/\/www.amazon.com.tr\/dp\/B0FPCMDMRH\">El coraz\u00f3n no emigra<\/a>, una obra que, sin propon\u00e9rselo, se convirti\u00f3 en un testimonio de miles de madres migrantes que se ven en la<a href=\"https:\/\/soymigrante.com\/revista\/el-duelo-migratorio-existe-y-no-solo-es-uno-son-siete-los-duelos-del-migrante\/\"> necesidad <\/a>de dejar a uno o m\u00e1s hijos en su pa\u00eds, pero cuyo coraz\u00f3n se queda con ellos, siempre.<\/p><p>Eugenia, quien vivi\u00f3 en el barrio de la Parroquia Vieja,\u00a0 de la zona 6 de la Ciudad de Guatemala, relata que toda su familia ha vivido all\u00ed.\u00a0 Estaba casada y ten\u00eda tres hijos. Sin embargo, el padre de sus hijas falleci\u00f3. \u201cAnte la necesidad econ\u00f3mica y la falta de recursos, fue donde opt\u00e9 por venirme a Estados Unidos\u201d, relata. <a href=\"https:\/\/soymigrante.com\/revista\/el-duelo-migratorio-existe-y-no-solo-es-uno-son-siete-los-duelos-del-migrante\/\">Una decisi\u00f3n dif\u00edcil.<\/a><\/p>\t\t\t\t\t\t\t\t<\/div>\n\t\t\t\t\t<\/div>\n\t\t\t\t<\/div>\n\t\t<div data-particle_enable=\"false\" data-particle-mobile-disabled=\"false\" class=\"elementor-element elementor-element-0963944 e-flex e-con-boxed e-con e-parent\" data-id=\"0963944\" data-element_type=\"container\" data-e-type=\"container\">\n\t\t\t\t\t<div class=\"e-con-inner\">\n\t\t\t\t<div class=\"elementor-element elementor-element-ee8277b elementor-widget elementor-widget-image\" data-id=\"ee8277b\" data-element_type=\"widget\" data-e-type=\"widget\" data-widget_type=\"image.default\">\n\t\t\t\t\t\t\t\t\t\t\t\t<figure class=\"wp-caption\">\n\t\t\t\t\t\t\t\t\t\t<img fetchpriority=\"high\" decoding=\"async\" width=\"1019\" height=\"1024\" src=\"https:\/\/soymigrante.com\/revista\/wp-content\/uploads\/2025\/10\/EUGENIA-ZACARIAS-CONSULADO-1019x1024.jpg\" class=\"attachment-large size-large wp-image-47530\" alt=\"Eugenia Zacarias, emprendedora, escritora y migrante guatemalteca durante la presentaci\u00f3n de su libro Cuando el coraz\u00f3n no migra, en el Consulado de Guatemala en Nueva York.\" srcset=\"https:\/\/soymigrante.com\/revista\/wp-content\/uploads\/2025\/10\/EUGENIA-ZACARIAS-CONSULADO-1019x1024.jpg 1019w, https:\/\/soymigrante.com\/revista\/wp-content\/uploads\/2025\/10\/EUGENIA-ZACARIAS-CONSULADO-300x300.jpg 300w, https:\/\/soymigrante.com\/revista\/wp-content\/uploads\/2025\/10\/EUGENIA-ZACARIAS-CONSULADO-150x150.jpg 150w, https:\/\/soymigrante.com\/revista\/wp-content\/uploads\/2025\/10\/EUGENIA-ZACARIAS-CONSULADO-768x772.jpg 768w, https:\/\/soymigrante.com\/revista\/wp-content\/uploads\/2025\/10\/EUGENIA-ZACARIAS-CONSULADO-75x75.jpg 75w, https:\/\/soymigrante.com\/revista\/wp-content\/uploads\/2025\/10\/EUGENIA-ZACARIAS-CONSULADO-750x754.jpg 750w, https:\/\/soymigrante.com\/revista\/wp-content\/uploads\/2025\/10\/EUGENIA-ZACARIAS-CONSULADO-1140x1146.jpg 1140w, https:\/\/soymigrante.com\/revista\/wp-content\/uploads\/2025\/10\/EUGENIA-ZACARIAS-CONSULADO.jpg 1200w\" sizes=\"(max-width: 1019px) 100vw, 1019px\" title=\"Eugenia Zacarias, emprendedora, escritora y migrante guatemalteca durante la presentaci\u00f3n de su libro Cuando el coraz\u00f3n no migra, en el Consulado de Guatemala en Nueva York. \u2013 SoyMigrante.com REVISTA\" \/>\t\t\t\t\t\t\t\t\t\t\t<figcaption class=\"widget-image-caption wp-caption-text\">Eugenia Zacarias, emprendedora, escritora y migrante guatemalteca durante la presentaci\u00f3n de su libro Cuando el coraz\u00f3n no migra, en el Consulado de Guatemala en Nueva York.<\/figcaption>\n\t\t\t\t\t\t\t\t\t\t<\/figure>\n\t\t\t\t\t\t\t\t\t<\/div>\n\t\t\t\t\t<\/div>\n\t\t\t\t<\/div>\n\t\t<div data-particle_enable=\"false\" data-particle-mobile-disabled=\"false\" class=\"elementor-element elementor-element-c9d1662 e-flex e-con-boxed e-con e-parent\" data-id=\"c9d1662\" data-element_type=\"container\" data-e-type=\"container\">\n\t\t\t\t\t<div class=\"e-con-inner\">\n\t\t\t\t<div class=\"elementor-element elementor-element-e00bed6 elementor-widget elementor-widget-heading\" data-id=\"e00bed6\" data-element_type=\"widget\" data-e-type=\"widget\" data-widget_type=\"heading.default\">\n\t\t\t\t\t<h2 class=\"elementor-heading-title elementor-size-default\">\u00c9xito impulsado por el amor maternal<\/h2>\t\t\t\t<\/div>\n\t\t\t\t\t<\/div>\n\t\t\t\t<\/div>\n\t\t<div data-particle_enable=\"false\" data-particle-mobile-disabled=\"false\" class=\"elementor-element elementor-element-296e492 e-flex e-con-boxed e-con e-parent\" data-id=\"296e492\" data-element_type=\"container\" data-e-type=\"container\">\n\t\t\t\t\t<div class=\"e-con-inner\">\n\t\t\t\t<div class=\"elementor-element elementor-element-5810050 elementor-widget elementor-widget-text-editor\" data-id=\"5810050\" data-element_type=\"widget\" data-e-type=\"widget\" data-widget_type=\"text-editor.default\">\n\t\t\t\t\t\t\t\t\t<p>Lleg\u00f3 a Nueva York en busca de oportunidades ech\u00f3 ra\u00edces en el emprendimiento. \u201cVine en junio y en septiembre ya hab\u00edamos abierto un car wash a mano. Trabajamos todo a mano y durante la pandemia tuvimos que reinventarnos. Ahora tambi\u00e9n tenemos cuatro m\u00f3viles que van a las casas, adem\u00e1s de los lavados presenciales\u201d, relata. Actualmente <a href=\"https:\/\/eldersautospa.com\/\">Elder&#8217;s Auto Spa<\/a> ofrece servicio de excelencia y ha recibido reconocimientos.<\/p><p>Eugenia Zacar\u00edas dio <a href=\"https:\/\/soymigrante.com\/revista\/herramientas-para-el-aprendizaje-tarde-o-temprano-te-servira\/\">continuidad a su aprendizaje<\/a> en emprendimiento, administraci\u00f3n y liderazgo, adem\u00e1s de participar en actividades de la comunidad guatemalteca en NY, sobre todo a trav\u00e9s de la organizaci\u00f3n Migrantes por Guatemala.<\/p><p>Sin embargo su historia m\u00e1s protag\u00f3nica no se cuenta con t\u00edtulos o logros, sino con sentimientos. \u201cEl reto mayor fue dejar a dos de mis hijos. Aunque estaban peque\u00f1os, hubo una conversaci\u00f3n para explicar la necesidad de migrar. Mi hija m\u00e1s peque\u00f1a se vino conmigo. No porque hubiera favoritismo ni nada de eso, sino por su edad. Mis hijos que se quedaron sufrieron por mi ausencia y mi hija que vino conmigo, tambi\u00e9n, por las tensiones que viv\u00ed\u201d.<\/p><p>Durante a\u00f1os<a href=\"https:\/\/soymigrante.com\/revista\/el-duelo-migratorio-existe-y-no-solo-es-uno-son-siete-los-duelos-del-migrante\/\">, la distancia fue una herida abierta.<\/a> \u201cEn ning\u00fan momento yo los\u00a0 abandon\u00e9. En mi mente y coraz\u00f3n yo estaba 90% en Guatemala y 10% ac\u00e1. Estaba atenta de agendas, pagos, de que estuvieran bien, trabajo, atenci\u00f3n a clientes, porque no hab\u00eda otra opci\u00f3n. Hab\u00eda que sacar el barco adelante y sacar tres hijos (un var\u00f3n y dos mujeres) adelante\u201d.<\/p>\t\t\t\t\t\t\t\t<\/div>\n\t\t\t\t\t<\/div>\n\t\t\t\t<\/div>\n\t\t<div data-particle_enable=\"false\" data-particle-mobile-disabled=\"false\" class=\"elementor-element elementor-element-0e47c4e e-flex e-con-boxed e-con e-parent\" data-id=\"0e47c4e\" data-element_type=\"container\" data-e-type=\"container\">\n\t\t\t\t\t<div class=\"e-con-inner\">\n\t\t\t\t<div class=\"elementor-element elementor-element-b7cd98a elementor-widget elementor-widget-html\" data-id=\"b7cd98a\" data-element_type=\"widget\" data-e-type=\"widget\" data-widget_type=\"html.default\">\n\t\t\t\t\t<iframe src=\"https:\/\/www.facebook.com\/plugins\/video.php?height=314&href=https%3A%2F%2Fwww.facebook.com%2Fjaime.lechuga.65%2Fvideos%2F805455952277116%2F&show_text=true&width=560&t=0\" width=\"560\" height=\"429\" style=\"border:none;overflow:hidden\" scrolling=\"no\" frameborder=\"0\" allowfullscreen=\"true\" allow=\"autoplay; clipboard-write; encrypted-media; picture-in-picture; web-share\" allowFullScreen=\"true\"><\/iframe>\t\t\t\t<\/div>\n\t\t\t\t\t<\/div>\n\t\t\t\t<\/div>\n\t\t<div data-particle_enable=\"false\" data-particle-mobile-disabled=\"false\" class=\"elementor-element elementor-element-873e867 e-flex e-con-boxed e-con e-parent\" data-id=\"873e867\" data-element_type=\"container\" data-e-type=\"container\">\n\t\t\t\t\t<div class=\"e-con-inner\">\n\t\t\t\t<div class=\"elementor-element elementor-element-6c899be elementor-widget elementor-widget-heading\" data-id=\"6c899be\" data-element_type=\"widget\" data-e-type=\"widget\" data-widget_type=\"heading.default\">\n\t\t\t\t\t<h2 class=\"elementor-heading-title elementor-size-default\">Una carta que refleja a muchas madres e hijos<\/h2>\t\t\t\t<\/div>\n\t\t\t\t\t<\/div>\n\t\t\t\t<\/div>\n\t\t<div data-particle_enable=\"false\" data-particle-mobile-disabled=\"false\" class=\"elementor-element elementor-element-1fd650f e-flex e-con-boxed e-con e-parent\" data-id=\"1fd650f\" data-element_type=\"container\" data-e-type=\"container\">\n\t\t\t\t\t<div class=\"e-con-inner\">\n\t\t\t\t<div class=\"elementor-element elementor-element-8f6dbac elementor-widget elementor-widget-text-editor\" data-id=\"8f6dbac\" data-element_type=\"widget\" data-e-type=\"widget\" data-widget_type=\"text-editor.default\">\n\t\t\t\t\t\t\t\t\t<p>El impulso de escribir surgi\u00f3 en un momento inesperado. \u201cTuve un accidente, me quebr\u00e9 un tobillo y estaba inm\u00f3vil. No pod\u00eda trabajar y me manten\u00eda pensando en el pasado.\u00a0 Mi hijo mayor, desde Guatemala, me dio un consejo: \u2018Desah\u00f3gese y escriba para que saque eso\u2019.\u00a0<\/p><p>Y empec\u00e9 a escribir. Ese d\u00eda dije: hoy es el momento de dejar por escrito lo que muchas veces como<a href=\"https:\/\/soymigrante.com\/revista\/madres-guatemaltecas-manos-laboriosas-corazon-sin-limites-fortaleza-migrante-y-emprendedor\/\"> madre<\/a> no me escuchan, lo que he tenido que pasar en este pa\u00eds, lo que he tenido que aguantar y muchas veces solo sonre\u00edr para decir que todo est\u00e1 bien\u201d.<\/p><p>Cuando su editora ley\u00f3 las p\u00e1ginas, la convenci\u00f3 de que su historia deb\u00eda compartirse: \u201cMe dijo: te identificas con tanta mujer, con tanto hijo, con tanta madre\u2026 esto deber\u00eda ser un libro para el p\u00fablico. Y de cinco cap\u00edtulos se convirti\u00f3 en 17, llenos de ternura, l\u00e1grimas, dolor pero sobre todo un inmenso amor maternal\u201d.\u00a0 <a href=\"https:\/\/www.facebook.com\/MinexGt\/posts\/consulado-de-guatemala-en-nueva-york-alberga-presentaci%C3%B3n-de-libro-sobre-testimo\/1214884807348373\/\">El 7 de octubre fue presentado el libro en el Consulado de Guatemala en New York<\/a>.<\/p>\t\t\t\t\t\t\t\t<\/div>\n\t\t\t\t\t<\/div>\n\t\t\t\t<\/div>\n\t\t<div data-particle_enable=\"false\" data-particle-mobile-disabled=\"false\" class=\"elementor-element elementor-element-6645034 e-flex e-con-boxed e-con e-parent\" data-id=\"6645034\" data-element_type=\"container\" data-e-type=\"container\">\n\t\t\t\t\t<div class=\"e-con-inner\">\n\t\t\t\t<div class=\"elementor-element elementor-element-aeaee75 elementor-widget elementor-widget-image\" data-id=\"aeaee75\" data-element_type=\"widget\" data-e-type=\"widget\" data-widget_type=\"image.default\">\n\t\t\t\t\t\t\t\t\t\t\t\t<figure class=\"wp-caption\">\n\t\t\t\t\t\t\t\t\t\t\t<a href=\"https:\/\/soymigrante.com\/revista\/abogada-guatemalteca-ana-gabriela-urizar-orienta-defiende-y-dignifica-a-migrantes-hispanos\/\">\n\t\t\t\t\t\t\t<img decoding=\"async\" width=\"1024\" height=\"1024\" src=\"https:\/\/soymigrante.com\/revista\/wp-content\/uploads\/2025\/10\/eugenia-zacarias-presentacion-del-libro-1024x1024.jpg\" class=\"attachment-large size-large wp-image-47531\" alt=\"El lanzamiento de Cuando el Coraz\u00f3n no migra estuvo concurrido de connacionales en el Consulado de Guatemala en Nueva York. Aqu\u00ed la autora, junto a la abogada migratoria Ana Ur\u00edzar.\" srcset=\"https:\/\/soymigrante.com\/revista\/wp-content\/uploads\/2025\/10\/eugenia-zacarias-presentacion-del-libro-1024x1024.jpg 1024w, https:\/\/soymigrante.com\/revista\/wp-content\/uploads\/2025\/10\/eugenia-zacarias-presentacion-del-libro-300x300.jpg 300w, https:\/\/soymigrante.com\/revista\/wp-content\/uploads\/2025\/10\/eugenia-zacarias-presentacion-del-libro-150x150.jpg 150w, https:\/\/soymigrante.com\/revista\/wp-content\/uploads\/2025\/10\/eugenia-zacarias-presentacion-del-libro-768x768.jpg 768w, https:\/\/soymigrante.com\/revista\/wp-content\/uploads\/2025\/10\/eugenia-zacarias-presentacion-del-libro-75x75.jpg 75w, https:\/\/soymigrante.com\/revista\/wp-content\/uploads\/2025\/10\/eugenia-zacarias-presentacion-del-libro-750x750.jpg 750w, https:\/\/soymigrante.com\/revista\/wp-content\/uploads\/2025\/10\/eugenia-zacarias-presentacion-del-libro-1140x1140.jpg 1140w, https:\/\/soymigrante.com\/revista\/wp-content\/uploads\/2025\/10\/eugenia-zacarias-presentacion-del-libro.jpg 1200w\" sizes=\"(max-width: 1024px) 100vw, 1024px\" title=\"El lanzamiento de Cuando el Coraz\u00f3n no migra estuvo concurrido de connacionales en el Consulado de Guatemala en Nueva York. Aqu\u00ed la autora, junto a la abogada migratoria Ana Ur\u00edzar. \u2013 SoyMigrante.com REVISTA\" \/>\t\t\t\t\t\t\t\t<\/a>\n\t\t\t\t\t\t\t\t\t\t\t<figcaption class=\"widget-image-caption wp-caption-text\">El lanzamiento de Cuando el Coraz\u00f3n no migra estuvo concurrido de connacionales en el Consulado de Guatemala en Nueva York. Aqu\u00ed la autora, junto a la abogada migratoria Ana Ur\u00edzar.<\/figcaption>\n\t\t\t\t\t\t\t\t\t\t<\/figure>\n\t\t\t\t\t\t\t\t\t<\/div>\n\t\t\t\t\t<\/div>\n\t\t\t\t<\/div>\n\t\t<div data-particle_enable=\"false\" data-particle-mobile-disabled=\"false\" class=\"elementor-element elementor-element-7f9ff34 e-flex e-con-boxed e-con e-parent\" data-id=\"7f9ff34\" data-element_type=\"container\" data-e-type=\"container\">\n\t\t\t\t\t<div class=\"e-con-inner\">\n\t\t\t\t<div class=\"elementor-element elementor-element-3a060b1 elementor-widget elementor-widget-heading\" data-id=\"3a060b1\" data-element_type=\"widget\" data-e-type=\"widget\" data-widget_type=\"heading.default\">\n\t\t\t\t\t<h2 class=\"elementor-heading-title elementor-size-default\">Hay que romper el silencio y unir manos<\/h2>\t\t\t\t<\/div>\n\t\t\t\t\t<\/div>\n\t\t\t\t<\/div>\n\t\t<div data-particle_enable=\"false\" data-particle-mobile-disabled=\"false\" class=\"elementor-element elementor-element-2d1e425 e-flex e-con-boxed e-con e-parent\" data-id=\"2d1e425\" data-element_type=\"container\" data-e-type=\"container\">\n\t\t\t\t\t<div class=\"e-con-inner\">\n\t\t\t\t<div class=\"elementor-element elementor-element-08fb894 elementor-widget elementor-widget-text-editor\" data-id=\"08fb894\" data-element_type=\"widget\" data-e-type=\"widget\" data-widget_type=\"text-editor.default\">\n\t\t\t\t\t\t\t\t\t<p>Eugenia Zacar\u00edas confiesa que publicar toda aquella verdad la dej\u00f3 vulnerable: \u201cDe pronto, ya cerca de la presentaci\u00f3n, agarr\u00f3 el p\u00e1nico, me sent\u00ed desnuda, expuesta. Porque en nuestras familias hispanas a veces todo es muy herm\u00e9tico. Pero fue liberador y cada vez hay m\u00e1s comentarios que me dicen: eso me pas\u00f3 a m\u00ed, me ayud\u00f3, pens\u00e9 que solo yo sent\u00eda eso&#8230; y m\u00e1s cosas as\u00ed\u201d.<\/p><p>En Cuando el coraz\u00f3n no emigra, Eugenia entrelaza dolor, reflexi\u00f3n y esperanza. \u201cEl libro no es solo para <a href=\"https:\/\/soymigrante.com\/revista\/madres-guatemaltecas-manos-laboriosas-corazon-sin-limites-fortaleza-migrante-y-emprendedor\/\">madres,<\/a> tambi\u00e9n es para hijos. Porque hay hijos que deben salir de su casa para ayudar a sus padres. La persona migrante no se va por abandonar, se va para sacar adelante a los que se quedan, sacrificando sus propios sue\u00f1os\u201d.<\/p><p>El libro, cuyo lanzamiento se efectu\u00f3 en el Consulado de Guatemala en Nueva York, incluye ejercicios y espacios de escritura personal: \u201cTiene partes interactivas, donde uno puede escribir, expresar c\u00f3mo se siente, reflexionar, sanar. Si una persona sana algo con este libro, yo estar\u00e9 satisfecha. Y si mis hijos sanan con esta expresi\u00f3n, estoy bendecida\u201d.<\/p>\t\t\t\t\t\t\t\t<\/div>\n\t\t\t\t\t<\/div>\n\t\t\t\t<\/div>\n\t\t<div data-particle_enable=\"false\" data-particle-mobile-disabled=\"false\" class=\"elementor-element elementor-element-ccee110 e-flex e-con-boxed e-con e-parent\" data-id=\"ccee110\" data-element_type=\"container\" data-e-type=\"container\">\n\t\t\t\t\t<div class=\"e-con-inner\">\n\t\t\t\t<div class=\"elementor-element elementor-element-c5e0d49 elementor-widget elementor-widget-image\" data-id=\"c5e0d49\" data-element_type=\"widget\" data-e-type=\"widget\" data-widget_type=\"image.default\">\n\t\t\t\t\t\t\t\t\t\t\t\t<figure class=\"wp-caption\">\n\t\t\t\t\t\t\t\t\t\t\t<a href=\"https:\/\/www.erasglobalminds.com\/eugeniazacarias\">\n\t\t\t\t\t\t\t<img decoding=\"async\" width=\"1140\" height=\"612\" src=\"https:\/\/soymigrante.com\/revista\/wp-content\/uploads\/2025\/10\/eugenia-zacarias-1140x612.png\" class=\"attachment-large size-large wp-image-47532\" alt=\"La escritora Eugenia Zacar\u00edas ser\u00e1 una de las conferencistas estelares del evento Global Minds NY 2025, en el cual expondr\u00e1 las motivaciones de su libro y las vivencias como madre hispana migrante en Estados Unidos. Para ir al sitio del evento que ser\u00e1 este 25 de octubre de 2025, clic en la imagen.\" srcset=\"https:\/\/soymigrante.com\/revista\/wp-content\/uploads\/2025\/10\/eugenia-zacarias-1140x612.png 1140w, https:\/\/soymigrante.com\/revista\/wp-content\/uploads\/2025\/10\/eugenia-zacarias-300x161.png 300w, https:\/\/soymigrante.com\/revista\/wp-content\/uploads\/2025\/10\/eugenia-zacarias-768x412.png 768w, https:\/\/soymigrante.com\/revista\/wp-content\/uploads\/2025\/10\/eugenia-zacarias-1536x824.png 1536w, https:\/\/soymigrante.com\/revista\/wp-content\/uploads\/2025\/10\/eugenia-zacarias-750x402.png 750w, https:\/\/soymigrante.com\/revista\/wp-content\/uploads\/2025\/10\/eugenia-zacarias.png 1927w\" sizes=\"(max-width: 1140px) 100vw, 1140px\" title=\"La escritora Eugenia Zacar\u00edas ser\u00e1 una de las conferencistas estelares del evento Global Minds NY 2025, en el cual expondr\u00e1 las motivaciones de su libro y las vivencias como madre hispana migrante en Estados Unidos. Para ir al sitio del evento que ser\u00e1 este 25 de octubre de 2025, clic en la imagen. \u2013 SoyMigrante.com REVISTA\" \/>\t\t\t\t\t\t\t\t<\/a>\n\t\t\t\t\t\t\t\t\t\t\t<figcaption class=\"widget-image-caption wp-caption-text\">La escritora Eugenia Zacar\u00edas ser\u00e1 una de las conferencistas estelares del evento Global Minds NY 2025, en el cual expondr\u00e1 las motivaciones de su libro y las vivencias como madre hispana migrante en Estados Unidos. Para ir al sitio del evento que ser\u00e1 este 25 de octubre de 2025, clic en la imagen.<\/figcaption>\n\t\t\t\t\t\t\t\t\t\t<\/figure>\n\t\t\t\t\t\t\t\t\t<\/div>\n\t\t\t\t\t<\/div>\n\t\t\t\t<\/div>\n\t\t<div data-particle_enable=\"false\" data-particle-mobile-disabled=\"false\" class=\"elementor-element elementor-element-a682076 e-flex e-con-boxed e-con e-parent\" data-id=\"a682076\" data-element_type=\"container\" data-e-type=\"container\">\n\t\t\t\t\t<div class=\"e-con-inner\">\n\t\t\t\t<div class=\"elementor-element elementor-element-5fca05f elementor-widget elementor-widget-heading\" data-id=\"5fca05f\" data-element_type=\"widget\" data-e-type=\"widget\" data-widget_type=\"heading.default\">\n\t\t\t\t\t<h2 class=\"elementor-heading-title elementor-size-default\">\u00danica guatemalteca en Global Minds 2025<\/h2>\t\t\t\t<\/div>\n\t\t\t\t\t<\/div>\n\t\t\t\t<\/div>\n\t\t<div data-particle_enable=\"false\" data-particle-mobile-disabled=\"false\" class=\"elementor-element elementor-element-5a2b100 e-flex e-con-boxed e-con e-parent\" data-id=\"5a2b100\" data-element_type=\"container\" data-e-type=\"container\">\n\t\t\t\t\t<div class=\"e-con-inner\">\n\t\t\t\t<div class=\"elementor-element elementor-element-d877462 elementor-widget elementor-widget-text-editor\" data-id=\"d877462\" data-element_type=\"widget\" data-e-type=\"widget\" data-widget_type=\"text-editor.default\">\n\t\t\t\t\t\t\t\t\t<p>El mensaje final de Eugenia Zacar\u00edas final es profundo y universal: \u201cUno como cuerpo puede emigrar a donde quiera, pero el coraz\u00f3n siempre lo va a tener anclado en alg\u00fan sitio, en alg\u00fan lugar\u201d.<\/p><p>Este 24 y 25 de octubre\u00a0<a href=\"https:\/\/www.erasglobalminds.com\/eugeniazacarias\">Eugenia Zacar\u00edas presentar\u00e1 su libro en Global Minds New York 2025,<\/a> evento internacional que re\u00fane a autores de todo el mundo. \u201cSoy la \u00fanica guatemalteca invitada y eso es un gran orgullo para m\u00ed\u201d, dice emocionada. Y agrega con voz entrecortada: \u201cMi gran sue\u00f1o es que terminen de salir mis papeles, para ir y abrazar a mis hijos.<a href=\"https:\/\/soymigrante.com\/revista\/asi-fue-el-reencuentro-de-madres-guatemaltecas-con-sus-hijos-migrantes\/\"> Reencontrarme con ellos.<\/a> Es ese sue\u00f1o con lo que me levanto y con lo que me acuesto\u201d.<\/p><p>En su historia, el amor maternal y la resiliencia migrante se funden. Porque, como escribi\u00f3 y ahora comparte con el mundo, el coraz\u00f3n no emigra: se queda latiendo donde empez\u00f3 a amar.<\/p>\t\t\t\t\t\t\t\t<\/div>\n\t\t\t\t\t<\/div>\n\t\t\t\t<\/div>\n\t\t<div data-particle_enable=\"false\" data-particle-mobile-disabled=\"false\" class=\"elementor-element elementor-element-a8859ea e-flex e-con-boxed e-con e-parent\" data-id=\"a8859ea\" data-element_type=\"container\" data-e-type=\"container\">\n\t\t\t\t\t<div class=\"e-con-inner\">\n\t\t\t\t<div class=\"elementor-element elementor-element-0425e72 elementor-widget elementor-widget-html\" data-id=\"0425e72\" data-element_type=\"widget\" data-e-type=\"widget\" data-widget_type=\"html.default\">\n\t\t\t\t\t<iframe src=\"https:\/\/www.facebook.com\/plugins\/post.php?href=https%3A%2F%2Fwww.facebook.com%2FMinexGt%2Fposts%2Fpfbid02eWTmY6FFqRyunVr7ZqE3xkWaE28H67rmK7K6HdBqbUmMUGNnyEjeQsCwnjfgUcGQl&show_text=true&width=500\" width=\"500\" height=\"689\" style=\"border:none;overflow:hidden\" scrolling=\"no\" frameborder=\"0\" allowfullscreen=\"true\" allow=\"autoplay; clipboard-write; encrypted-media; picture-in-picture; web-share\"><\/iframe>\t\t\t\t<\/div>\n\t\t\t\t\t<\/div>\n\t\t\t\t<\/div>\n\t\t<div data-particle_enable=\"false\" data-particle-mobile-disabled=\"false\" class=\"elementor-element elementor-element-6791ad9 e-flex e-con-boxed e-con e-parent\" data-id=\"6791ad9\" data-element_type=\"container\" data-e-type=\"container\">\n\t\t\t\t\t<div class=\"e-con-inner\">\n\t\t\t\t<div class=\"elementor-element elementor-element-d0dfbf4 elementor-widget elementor-widget-heading\" data-id=\"d0dfbf4\" data-element_type=\"widget\" data-e-type=\"widget\" data-widget_type=\"heading.default\">\n\t\t\t\t\t<h2 class=\"elementor-heading-title elementor-size-default\">M\u00e1s guatemaltecas de excelencia<\/h2>\t\t\t\t<\/div>\n\t\t\t\t\t<\/div>\n\t\t\t\t<\/div>\n\t\t<div data-particle_enable=\"false\" data-particle-mobile-disabled=\"false\" class=\"elementor-element elementor-element-6313865 e-flex e-con-boxed e-con e-parent\" data-id=\"6313865\" data-element_type=\"container\" data-e-type=\"container\">\n\t\t\t\t\t<div class=\"e-con-inner\">\n\t\t\t\t<div class=\"elementor-element elementor-element-af59e30 elementor-grid-eael-col-3 elementor-grid-tablet-eael-col-2 elementor-grid-mobile-eael-col-1 elementor-widget elementor-widget-eael-post-grid\" data-id=\"af59e30\" data-element_type=\"widget\" data-e-type=\"widget\" data-settings=\"{&quot;eael_post_grid_columns&quot;:&quot;eael-col-3&quot;,&quot;eael_post_grid_columns_tablet&quot;:&quot;eael-col-2&quot;,&quot;eael_post_grid_columns_mobile&quot;:&quot;eael-col-1&quot;}\" data-widget_type=\"eael-post-grid.default\">\n\t\t\t\t\t<div id=\"eael-post-grid-af59e30\" class=\"eael-post-grid-container\">\n            <div class=\"eael-post-grid eael-post-appender eael-post-appender-af59e30 eael-post-grid-style-one\" data-layout-mode=\"masonry\"><article class=\"eael-grid-post  eael-post-grid-column eael-pg-post-2480 category-exitos\" data-id=\"2480\">\n        <div class=\"eael-grid-post-holder\">\n            <div class=\"eael-grid-post-holder-inner\"><div class=\"eael-entry-media\"><div class=\"eael-entry-overlay fade-in\"><i class=\"far fa-hand-pointer\" aria-hidden=\"true\"><\/i><a href=\"https:\/\/soymigrante.com\/revista\/isabel-emprendedora-y-migrante-conquista-con-el-sabor-guatemalteco-en-estados-unidos\/\"><\/a><\/div><div class=\"eael-entry-thumbnail eael-image-ratio\">\n                <img loading=\"lazy\" decoding=\"async\" width=\"1024\" height=\"485\" src=\"https:\/\/soymigrante.com\/revista\/wp-content\/uploads\/2023\/09\/Isabel-llego-a-Estados-Unidos-en-busca-de-una-oportunidad-pero-fue-una-etapa-dificil-a-partir-de-ello-nace-el-emprendimiento-familiar-Granizadas-guatemaltecas-502--1024x485.webp\" class=\"attachment-large size-large wp-image-2464\" alt=\"Isabel llego a Estados Unidos en busca de una oportunidad pero fue una etapa dif\u00edcil a partir de ello nace el emprendimiento familiar Granizadas guatemaltecas 502\" srcset=\"https:\/\/soymigrante.com\/revista\/wp-content\/uploads\/2023\/09\/Isabel-llego-a-Estados-Unidos-en-busca-de-una-oportunidad-pero-fue-una-etapa-dificil-a-partir-de-ello-nace-el-emprendimiento-familiar-Granizadas-guatemaltecas-502--1024x485.webp 1024w, https:\/\/soymigrante.com\/revista\/wp-content\/uploads\/2023\/09\/Isabel-llego-a-Estados-Unidos-en-busca-de-una-oportunidad-pero-fue-una-etapa-dificil-a-partir-de-ello-nace-el-emprendimiento-familiar-Granizadas-guatemaltecas-502--300x142.webp 300w, https:\/\/soymigrante.com\/revista\/wp-content\/uploads\/2023\/09\/Isabel-llego-a-Estados-Unidos-en-busca-de-una-oportunidad-pero-fue-una-etapa-dificil-a-partir-de-ello-nace-el-emprendimiento-familiar-Granizadas-guatemaltecas-502--768x364.webp 768w, https:\/\/soymigrante.com\/revista\/wp-content\/uploads\/2023\/09\/Isabel-llego-a-Estados-Unidos-en-busca-de-una-oportunidad-pero-fue-una-etapa-dificil-a-partir-de-ello-nace-el-emprendimiento-familiar-Granizadas-guatemaltecas-502--1536x728.webp 1536w, https:\/\/soymigrante.com\/revista\/wp-content\/uploads\/2023\/09\/Isabel-llego-a-Estados-Unidos-en-busca-de-una-oportunidad-pero-fue-una-etapa-dificil-a-partir-de-ello-nace-el-emprendimiento-familiar-Granizadas-guatemaltecas-502--750x355.webp 750w, https:\/\/soymigrante.com\/revista\/wp-content\/uploads\/2023\/09\/Isabel-llego-a-Estados-Unidos-en-busca-de-una-oportunidad-pero-fue-una-etapa-dificil-a-partir-de-ello-nace-el-emprendimiento-familiar-Granizadas-guatemaltecas-502--1140x540.webp 1140w, https:\/\/soymigrante.com\/revista\/wp-content\/uploads\/2023\/09\/Isabel-llego-a-Estados-Unidos-en-busca-de-una-oportunidad-pero-fue-una-etapa-dificil-a-partir-de-ello-nace-el-emprendimiento-familiar-Granizadas-guatemaltecas-502-.webp 1600w\" sizes=\"(max-width: 1024px) 100vw, 1024px\" \/>\n            <\/div>\n        <\/div><div class=\"eael-entry-wrapper\"><header class=\"eael-entry-header\"><h2 class=\"eael-entry-title\"><a class=\"eael-grid-post-link\" href=\"https:\/\/soymigrante.com\/revista\/isabel-emprendedora-y-migrante-conquista-con-el-sabor-guatemalteco-en-estados-unidos\/\" title=\"Isabel emprendedora y migrante refresca con sabor guatemalteco en Los Angeles, California\">Isabel emprendedora y migrante refresca con sabor guatemalteco en Los Angeles, California<\/a><\/h2><\/header><div class=\"eael-entry-content\">\n                        <div class=\"eael-grid-post-excerpt\"><a href=\"https:\/\/soymigrante.com\/revista\/isabel-emprendedora-y-migrante-conquista-con-el-sabor-guatemalteco-en-estados-unidos\/\" class=\"eael-post-elements-readmore-btn\">CONOCE SU HISTORIA <\/a><\/div>\n                    <\/div><\/div><\/div>\n        <\/div>\n    <\/article><article class=\"eael-grid-post  eael-post-grid-column eael-pg-post-2838 category-exitos\" data-id=\"2838\">\n        <div class=\"eael-grid-post-holder\">\n            <div class=\"eael-grid-post-holder-inner\"><div class=\"eael-entry-media\"><div class=\"eael-entry-overlay fade-in\"><i class=\"far fa-hand-pointer\" aria-hidden=\"true\"><\/i><a href=\"https:\/\/soymigrante.com\/revista\/migrante-y-emprendedora-emi-la-guatemalteca-ofrece-sabores-aromas-y-memorias-en-houston\/\"><\/a><\/div><div class=\"eael-entry-thumbnail eael-image-ratio\">\n                <img loading=\"lazy\" decoding=\"async\" width=\"768\" height=\"1024\" src=\"https:\/\/soymigrante.com\/revista\/wp-content\/uploads\/2023\/10\/Emi-es-una-emprendedora-guatemalteca-que-disfruta-compartir-con-los-connacionales-es-orgullosa-de-sus-raices-.webp\" class=\"attachment-large size-large wp-image-2833\" alt=\"Emi es una emprendedora guatemalteca que disfruta compartir con los connacionales, es orgullosa de sus ra\u00edces\" srcset=\"https:\/\/soymigrante.com\/revista\/wp-content\/uploads\/2023\/10\/Emi-es-una-emprendedora-guatemalteca-que-disfruta-compartir-con-los-connacionales-es-orgullosa-de-sus-raices-.webp 768w, https:\/\/soymigrante.com\/revista\/wp-content\/uploads\/2023\/10\/Emi-es-una-emprendedora-guatemalteca-que-disfruta-compartir-con-los-connacionales-es-orgullosa-de-sus-raices--225x300.webp 225w, https:\/\/soymigrante.com\/revista\/wp-content\/uploads\/2023\/10\/Emi-es-una-emprendedora-guatemalteca-que-disfruta-compartir-con-los-connacionales-es-orgullosa-de-sus-raices--750x1000.webp 750w\" sizes=\"(max-width: 768px) 100vw, 768px\" \/>\n            <\/div>\n        <\/div><div class=\"eael-entry-wrapper\"><header class=\"eael-entry-header\"><h2 class=\"eael-entry-title\"><a class=\"eael-grid-post-link\" href=\"https:\/\/soymigrante.com\/revista\/migrante-y-emprendedora-emi-la-guatemalteca-ofrece-sabores-aromas-y-memorias-en-houston\/\" title=\"Emi La Guatemalteca ofrece sabores, aromas y memorias en Dallas, Texas\">Emi La Guatemalteca ofrece sabores, aromas y memorias en Dallas, Texas<\/a><\/h2><\/header><div class=\"eael-entry-content\">\n                        <div class=\"eael-grid-post-excerpt\"><a href=\"https:\/\/soymigrante.com\/revista\/migrante-y-emprendedora-emi-la-guatemalteca-ofrece-sabores-aromas-y-memorias-en-houston\/\" class=\"eael-post-elements-readmore-btn\">CONOCE SU HISTORIA <\/a><\/div>\n                    <\/div><\/div><\/div>\n        <\/div>\n    <\/article><article class=\"eael-grid-post  eael-post-grid-column eael-pg-post-3329 category-exitos\" data-id=\"3329\">\n        <div class=\"eael-grid-post-holder\">\n            <div class=\"eael-grid-post-holder-inner\"><div class=\"eael-entry-media\"><div class=\"eael-entry-overlay fade-in\"><i class=\"far fa-hand-pointer\" aria-hidden=\"true\"><\/i><a href=\"https:\/\/soymigrante.com\/revista\/los-cuadernos-y-tipicos-de-aida-migrante-guatemalteca\/\"><\/a><\/div><div class=\"eael-entry-thumbnail eael-image-ratio\">\n                <img loading=\"lazy\" decoding=\"async\" width=\"1024\" height=\"1024\" src=\"https:\/\/soymigrante.com\/revista\/wp-content\/uploads\/2023\/11\/Aida-Barrios-Huinil-1024x1024.webp\" class=\"attachment-large size-large wp-image-3311\" alt=\"Aida Barrios Huinil migrante guatemalteca se ha convertido en profesional actualmente imparte clases a ni\u00f1os y ni\u00f1as. Ense\u00f1a matem\u00e1ticas, espa\u00f1ol y tambi\u00e9n muestra su cultura a trav\u00e9s de cantos y cuentos en idioma mam.\" srcset=\"https:\/\/soymigrante.com\/revista\/wp-content\/uploads\/2023\/11\/Aida-Barrios-Huinil-1024x1024.webp 1024w, https:\/\/soymigrante.com\/revista\/wp-content\/uploads\/2023\/11\/Aida-Barrios-Huinil-300x300.webp 300w, https:\/\/soymigrante.com\/revista\/wp-content\/uploads\/2023\/11\/Aida-Barrios-Huinil-150x150.webp 150w, https:\/\/soymigrante.com\/revista\/wp-content\/uploads\/2023\/11\/Aida-Barrios-Huinil-768x768.webp 768w, https:\/\/soymigrante.com\/revista\/wp-content\/uploads\/2023\/11\/Aida-Barrios-Huinil-1536x1536.webp 1536w, https:\/\/soymigrante.com\/revista\/wp-content\/uploads\/2023\/11\/Aida-Barrios-Huinil-scaled.webp 1920w, https:\/\/soymigrante.com\/revista\/wp-content\/uploads\/2023\/11\/Aida-Barrios-Huinil-75x75.webp 75w, https:\/\/soymigrante.com\/revista\/wp-content\/uploads\/2023\/11\/Aida-Barrios-Huinil-750x750.webp 750w, https:\/\/soymigrante.com\/revista\/wp-content\/uploads\/2023\/11\/Aida-Barrios-Huinil-1140x1140.webp 1140w, https:\/\/soymigrante.com\/revista\/wp-content\/uploads\/2023\/11\/Aida-Barrios-Huinil-600x600.webp 600w\" sizes=\"(max-width: 1024px) 100vw, 1024px\" \/>\n            <\/div>\n        <\/div><div class=\"eael-entry-wrapper\"><header class=\"eael-entry-header\"><h2 class=\"eael-entry-title\"><a class=\"eael-grid-post-link\" href=\"https:\/\/soymigrante.com\/revista\/los-cuadernos-y-tipicos-de-aida-migrante-guatemalteca\/\" title=\"Migrante y emprendedora mam A\u00edda Barrios es maestra de primaria en California\">Migrante y emprendedora mam A\u00edda Barrios es maestra de primaria en California<\/a><\/h2><\/header><div class=\"eael-entry-content\">\n                        <div class=\"eael-grid-post-excerpt\"><a href=\"https:\/\/soymigrante.com\/revista\/los-cuadernos-y-tipicos-de-aida-migrante-guatemalteca\/\" class=\"eael-post-elements-readmore-btn\">CONOCE SU HISTORIA <\/a><\/div>\n                    <\/div><\/div><\/div>\n        <\/div>\n    <\/article><\/div>\n            <div class=\"clearfix\"><\/div>\n        <\/div>\t\t\t\t<\/div>\n\t\t\t\t\t<\/div>\n\t\t\t\t<\/div>\n\t\t\t\t<\/div>\n\t\t","protected":false},"excerpt":{"rendered":"<p>Empresaria y madre migrante guatemalteca en Nueva York transforma el dolor de la distancia en un libro de sanaci\u00f3n y esperanza: Cuando el coraz\u00f3n no emigra. \u201cEste libro no era para publicarse\u201d, confiesa Eugenia Zacar\u00edas, madre, migrante, emprendedora guatemalteca radicada en Nueva York desde hace trece a\u00f1os. \u201cMi idea inicial era hacer tres libros, como [&hellip;]<\/p>\n","protected":false},"author":7,"featured_media":47524,"comment_status":"open","ping_status":"open","sticky":false,"template":"","format":"standard","meta":{"_acf_changed":false,"_eb_attr":"","footnotes":""},"categories":[50,274],"tags":[],"class_list":["post-47523","post","type-post","status-publish","format-standard","has-post-thumbnail","hentry","category-exitos","category-guatemala"],"acf":[],"aioseo_notices":[],"aioseo_head":"\n\t\t<!-- All in One SEO Pro 4.9.6.2 - aioseo.com -->\n\t<meta name=\"description\" content=\"Aida Barrios migrante guatemalteca originaria de Cajol\u00e1, Quetzaltenango cumple el sue\u00f1o de ser maestra de kinder pero tambi\u00e9n emprendi\u00f3 con su negocio de trajes t\u00edpicos en el condado San Rafael California Estados Unidos El lado duro del \u00e9xito La migrante Aida Celinda Barrios Huinil originaria del cant\u00f3n Xecol, Cajola, Quetzaltenango, Guatemala migr\u00f3 a Estados Unidos Aida Barrios migrante guatemalteca encuentra pasi\u00f3n por la educaci\u00f3n. Tambi\u00e9n es una emprendedora orgullosa de sus ra\u00edces.\" \/>\n\t<meta name=\"robots\" content=\"max-snippet:-1, max-image-preview:large, max-video-preview:-1\" \/>\n\t<meta name=\"author\" content=\"Gustavo Montenegro\"\/>\n\t<link rel=\"canonical\" href=\"https:\/\/soymigrante.com\/revista\/eugenia-zacarias-relata-su-vivencia-de-madre-migrante-en-el-libro-cuando-el-corazon-no-emigra\/\" \/>\n\t<meta name=\"generator\" content=\"All in One SEO Pro (AIOSEO) 4.9.6.2\" \/>\n\n\t\t<link rel=\"preconnect\" href=\"https:\/\/fonts.googleapis.com\" crossorigin>\n<link rel=\"preconnect\" href=\"https:\/\/fonts.gstatic.com\" crossorigin>\n\t\t<meta property=\"og:locale\" content=\"es_ES\" \/>\n\t\t<meta property=\"og:site_name\" content=\"SoyMigrante.com REVISTA \u2013 Nuestra misi\u00f3n es reconocer y dignificar al migrante.\" \/>\n\t\t<meta property=\"og:type\" content=\"article\" \/>\n\t\t<meta property=\"og:title\" content=\"El coraz\u00f3n de una madre nunca emigra: Eugenia Zacar\u00edas\" \/>\n\t\t<meta property=\"og:description\" content=\"Emprendedora y migrante guatemalteca Eugenia Zacar\u00edas plasma sus vivencias de madre en el libro Cuando el coraz\u00f3n no emigra, en Nueva York disponible en Amazon\" \/>\n\t\t<meta property=\"og:url\" content=\"https:\/\/soymigrante.com\/revista\/eugenia-zacarias-relata-su-vivencia-de-madre-migrante-en-el-libro-cuando-el-corazon-no-emigra\/\" \/>\n\t\t<meta property=\"og:image\" content=\"https:\/\/soymigrante.com\/revista\/wp-content\/uploads\/2025\/10\/eugenia-zacarias-libro-new-york.jpg\" \/>\n\t\t<meta property=\"og:image:secure_url\" content=\"https:\/\/soymigrante.com\/revista\/wp-content\/uploads\/2025\/10\/eugenia-zacarias-libro-new-york.jpg\" \/>\n\t\t<meta property=\"og:image:width\" content=\"666\" \/>\n\t\t<meta property=\"og:image:height\" content=\"666\" \/>\n\t\t<meta property=\"article:published_time\" content=\"2025-10-22T19:57:45+00:00\" \/>\n\t\t<meta property=\"article:modified_time\" content=\"2025-10-22T20:37:31+00:00\" \/>\n\t\t<meta property=\"article:publisher\" content=\"https:\/\/www.facebook.com\/soymigrantecom\" \/>\n\t\t<meta name=\"twitter:card\" content=\"summary_large_image\" \/>\n\t\t<meta name=\"twitter:site\" content=\"@SoyMigrante_com\" \/>\n\t\t<meta name=\"twitter:title\" content=\"El coraz\u00f3n de una madre nunca emigra: Eugenia Zacar\u00edas\" \/>\n\t\t<meta name=\"twitter:description\" content=\"Emprendedora y migrante guatemalteca Eugenia Zacar\u00edas plasma sus vivencias de madre en el libro Cuando el coraz\u00f3n no emigra, en Nueva York disponible en Amazon\" \/>\n\t\t<meta name=\"twitter:creator\" content=\"@SoyMigrante_com\" \/>\n\t\t<meta name=\"twitter:image\" content=\"https:\/\/soymigrante.com\/revista\/wp-content\/uploads\/2025\/10\/eugenia-zacarias-libro-new-york.jpg\" \/>\n\t\t<!-- All in One SEO Pro -->\r\n\t\t<title>El coraz\u00f3n de una madre nunca emigra: Eugenia Zacar\u00edas<\/title>\n\n","aioseo_head_json":{"title":"El coraz\u00f3n de una madre nunca emigra: Eugenia Zacar\u00edas","description":"Emprendedora y migrante guatemalteca Eugenia Zacar\u00edas plasma sus vivencias de madre en el libro Cuando el coraz\u00f3n no emigra, en Nueva York disponible en Amazon","canonical_url":"https:\/\/soymigrante.com\/revista\/eugenia-zacarias-relata-su-vivencia-de-madre-migrante-en-el-libro-cuando-el-corazon-no-emigra\/","robots":"max-snippet:-1, max-image-preview:large, max-video-preview:-1","keywords":"","webmasterTools":{"miscellaneous":"&lt;link rel=\"preconnect\" href=\"https:\/\/fonts.googleapis.com\" crossorigin&gt;\n&lt;link rel=\"preconnect\" href=\"https:\/\/fonts.gstatic.com\" crossorigin&gt;"},"schema":null,"og:locale":"es_ES","og:site_name":"SoyMigrante.com REVISTA \u2013 Nuestra misi\u00f3n es reconocer y dignificar al migrante.","og:type":"article","og:title":"El coraz\u00f3n de una madre nunca emigra: Eugenia Zacar\u00edas","og:description":"Emprendedora y migrante guatemalteca Eugenia Zacar\u00edas plasma sus vivencias de madre en el libro Cuando el coraz\u00f3n no emigra, en Nueva York disponible en Amazon","og:url":"https:\/\/soymigrante.com\/revista\/eugenia-zacarias-relata-su-vivencia-de-madre-migrante-en-el-libro-cuando-el-corazon-no-emigra\/","og:image":"https:\/\/soymigrante.com\/revista\/wp-content\/uploads\/2025\/10\/eugenia-zacarias-libro-new-york.jpg","og:image:secure_url":"https:\/\/soymigrante.com\/revista\/wp-content\/uploads\/2025\/10\/eugenia-zacarias-libro-new-york.jpg","og:image:width":666,"og:image:height":666,"article:published_time":"2025-10-22T19:57:45+00:00","article:modified_time":"2025-10-22T20:37:31+00:00","article:publisher":"https:\/\/www.facebook.com\/soymigrantecom","twitter:card":"summary_large_image","twitter:site":"@SoyMigrante_com","twitter:title":"El coraz\u00f3n de una madre nunca emigra: Eugenia Zacar\u00edas","twitter:description":"Emprendedora y migrante guatemalteca Eugenia Zacar\u00edas plasma sus vivencias de madre en el libro Cuando el coraz\u00f3n no emigra, en Nueva York disponible en Amazon","twitter:creator":"@SoyMigrante_com","twitter:image":"https:\/\/soymigrante.com\/revista\/wp-content\/uploads\/2025\/10\/eugenia-zacarias-libro-new-york.jpg"},"aioseo_meta_data":{"post_id":"47523","title":"El coraz\u00f3n de una madre nunca emigra: Eugenia Zacar\u00edas","description":"Emprendedora y migrante guatemalteca Eugenia Zacar\u00edas plasma sus vivencias de madre en el libro Cuando el coraz\u00f3n no emigra, en Nueva York disponible en Amazon","keywords":null,"keyphrases":{"focus":{"keyphrase":"Madre","score":100,"analysis":{"keyphraseInTitle":{"score":9,"maxScore":9,"error":0},"keyphraseInDescription":{"score":9,"maxScore":9,"error":0},"keyphraseLength":{"score":9,"maxScore":9,"error":0,"length":1},"keyphraseInURL":{"score":5,"maxScore":5,"error":0}}},"additional":[{"keyphrase":"Migrante","score":100,"analysis":{"keyphraseInDescription":{"score":9,"maxScore":9,"error":0},"keyphraseLength":{"score":9,"maxScore":9,"error":0,"length":1}}},{"keyphrase":"Coraz\u00f3n","score":100,"analysis":{"keyphraseInDescription":{"score":9,"maxScore":9,"error":0},"keyphraseLength":{"score":9,"maxScore":9,"error":0,"length":2}}}]},"primary_term":null,"canonical_url":null,"og_title":null,"og_description":null,"og_object_type":"default","og_image_type":"default","og_image_url":null,"og_image_width":null,"og_image_height":null,"og_image_custom_url":null,"og_image_custom_fields":null,"og_video":"","og_custom_url":null,"og_article_section":null,"og_article_tags":null,"twitter_use_og":false,"twitter_card":"default","twitter_image_type":"default","twitter_image_url":null,"twitter_image_custom_url":null,"twitter_image_custom_fields":null,"twitter_title":null,"twitter_description":null,"schema":{"blockGraphs":[],"customGraphs":[],"default":{"data":{"Article":[],"Course":[],"Dataset":[],"FAQPage":[],"Movie":[],"Person":[],"Product":[],"ProductReview":[],"Car":[],"Recipe":[],"Service":[],"SoftwareApplication":[],"WebPage":[]},"graphName":"none","isEnabled":true},"graphs":[]},"schema_type":"default","schema_type_options":null,"pillar_content":false,"robots_default":true,"robots_noindex":false,"robots_noarchive":false,"robots_nosnippet":false,"robots_nofollow":false,"robots_noimageindex":false,"robots_noodp":false,"robots_notranslate":false,"robots_max_snippet":"-1","robots_max_videopreview":"-1","robots_max_imagepreview":"large","priority":null,"frequency":"default","local_seo":null,"seo_analyzer_scan_date":"2025-10-22 20:37:52","breadcrumb_settings":null,"limit_modified_date":false,"reviewed_by":"0","open_ai":null,"ai":{"faqs":[],"keyPoints":[],"titles":[],"descriptions":[],"socialPosts":{"email":[],"linkedin":[],"twitter":[],"facebook":[],"instagram":[]}},"created":"2025-10-22 19:10:26","updated":"2026-02-05 06:37:01"},"aioseo_breadcrumb":"<div class=\"aioseo-breadcrumbs\"><span class=\"aioseo-breadcrumb\">\n\t<a href=\"https:\/\/soymigrante.com\/revista\" title=\"Home\">Home<\/a>\n<\/span><span class=\"aioseo-breadcrumb-separator\">\u00bb<\/span><span class=\"aioseo-breadcrumb\">\n\t<a href=\"https:\/\/soymigrante.com\/revista\/category\/exitos\/\" title=\"\u00c9xitos\">\u00c9xitos<\/a>\n<\/span><span class=\"aioseo-breadcrumb-separator\">\u00bb<\/span><span class=\"aioseo-breadcrumb\">\n\t<a href=\"https:\/\/soymigrante.com\/revista\/category\/exitos\/guatemala\/\" title=\"Guatemala\">Guatemala<\/a>\n<\/span><span class=\"aioseo-breadcrumb-separator\">\u00bb<\/span><span class=\"aioseo-breadcrumb\">\n\tEugenia Zacar\u00edas relata su vivencia de madre migrante en el libro \u201cCuando el coraz\u00f3n no emigra\u201d\n<\/span><\/div>","aioseo_breadcrumb_json":[{"label":"Home","link":"https:\/\/soymigrante.com\/revista"},{"label":"\u00c9xitos","link":"https:\/\/soymigrante.com\/revista\/category\/exitos\/"},{"label":"Guatemala","link":"https:\/\/soymigrante.com\/revista\/category\/exitos\/guatemala\/"},{"label":"Eugenia Zacar\u00edas relata su vivencia de madre migrante en el libro &#8220;Cuando el coraz\u00f3n no emigra&#8221;","link":"https:\/\/soymigrante.com\/revista\/eugenia-zacarias-relata-su-vivencia-de-madre-migrante-en-el-libro-cuando-el-corazon-no-emigra\/"}],"_links":{"self":[{"href":"https:\/\/soymigrante.com\/revista\/wp-json\/wp\/v2\/posts\/47523","targetHints":{"allow":["GET"]}}],"collection":[{"href":"https:\/\/soymigrante.com\/revista\/wp-json\/wp\/v2\/posts"}],"about":[{"href":"https:\/\/soymigrante.com\/revista\/wp-json\/wp\/v2\/types\/post"}],"author":[{"embeddable":true,"href":"https:\/\/soymigrante.com\/revista\/wp-json\/wp\/v2\/users\/7"}],"replies":[{"embeddable":true,"href":"https:\/\/soymigrante.com\/revista\/wp-json\/wp\/v2\/comments?post=47523"}],"version-history":[{"count":16,"href":"https:\/\/soymigrante.com\/revista\/wp-json\/wp\/v2\/posts\/47523\/revisions"}],"predecessor-version":[{"id":47544,"href":"https:\/\/soymigrante.com\/revista\/wp-json\/wp\/v2\/posts\/47523\/revisions\/47544"}],"wp:featuredmedia":[{"embeddable":true,"href":"https:\/\/soymigrante.com\/revista\/wp-json\/wp\/v2\/media\/47524"}],"wp:attachment":[{"href":"https:\/\/soymigrante.com\/revista\/wp-json\/wp\/v2\/media?parent=47523"}],"wp:term":[{"taxonomy":"category","embeddable":true,"href":"https:\/\/soymigrante.com\/revista\/wp-json\/wp\/v2\/categories?post=47523"},{"taxonomy":"post_tag","embeddable":true,"href":"https:\/\/soymigrante.com\/revista\/wp-json\/wp\/v2\/tags?post=47523"}],"curies":[{"name":"wp","href":"https:\/\/api.w.org\/{rel}","templated":true}]}}