{"id":47456,"date":"2025-10-22T08:17:53","date_gmt":"2025-10-22T14:17:53","guid":{"rendered":"https:\/\/soymigrante.com\/revista\/?p=47456"},"modified":"2025-10-22T08:18:02","modified_gmt":"2025-10-22T14:18:02","slug":"shannon-langrand-de-raiz-nicaraguense-impulsa-ideas-exitosas-desde-houston","status":"publish","type":"post","link":"https:\/\/soymigrante.com\/revista\/shannon-langrand-de-raiz-nicaraguense-impulsa-ideas-exitosas-desde-houston\/","title":{"rendered":"Shannon Langrand, de ra\u00edz nicarag\u00fcense, impulsa ideas exitosas desde Houston"},"content":{"rendered":"\t\t<div data-elementor-type=\"wp-post\" data-elementor-id=\"47456\" class=\"elementor elementor-47456\" data-elementor-post-type=\"post\">\n\t\t\t\t<div data-particle_enable=\"false\" data-particle-mobile-disabled=\"false\" class=\"elementor-element elementor-element-5cdbaec e-flex e-con-boxed e-con e-parent\" data-id=\"5cdbaec\" data-element_type=\"container\" data-e-type=\"container\">\n\t\t\t\t\t<div class=\"e-con-inner\">\n\t\t\t\t<div class=\"elementor-element elementor-element-a354581 elementor-widget elementor-widget-heading\" data-id=\"a354581\" data-element_type=\"widget\" data-e-type=\"widget\" data-widget_type=\"heading.default\">\n\t\t\t\t\t<h2 class=\"elementor-heading-title elementor-size-default\">El poder de contar historias y trazar estrategias es el camino de ideas de Shannon Langrand, hija de nicarag\u00fcense, que pone su talento al servicio del impulso de servicios de salud.<\/h2>\t\t\t\t<\/div>\n\t\t\t\t\t<\/div>\n\t\t\t\t<\/div>\n\t\t<div data-particle_enable=\"false\" data-particle-mobile-disabled=\"false\" class=\"elementor-element elementor-element-5b0da0a e-flex e-con-boxed e-con e-parent\" data-id=\"5b0da0a\" data-element_type=\"container\" data-e-type=\"container\">\n\t\t\t\t\t<div class=\"e-con-inner\">\n\t\t\t\t<div class=\"elementor-element elementor-element-5f70137 elementor-widget elementor-widget-text-editor\" data-id=\"5f70137\" data-element_type=\"widget\" data-e-type=\"widget\" data-widget_type=\"text-editor.default\">\n\t\t\t\t\t\t\t\t\t<p>En Houston, Texas, la hija de un revolucionario nicarag\u00fcense -que muri\u00f3 cuando ella ten\u00eda 7 a\u00f1os- ha logrado lo que solo una de cada 23 mujeres empresarias alcanza en Estados Unidos: dirigir una compa\u00f1\u00eda valorada en casi 20 millones de d\u00f3lares. Su nombre es Shannon Langrand, y su historia encarna el poder del<a href=\"https:\/\/soymigrante.com\/revista\/por-que-y-desde-cuando-existe-el-mes-de-la-herencia-hispana-en-usa\/\"> aporte hispano<\/a> en Estados Unidos, combinado con la visi\u00f3n y resiliencia de las <a href=\"https:\/\/soymigrante.com\/revista\/historias-exitos-migrantes\/\">ra\u00edces inmigrantes.<\/a><\/p><p>Langrand es fundadora y directora ejecutiva de<a href=\"https:\/\/www.thinklangrand.com\/\"> Langrand, un think tank<\/a> creativo enfocado en el sector salud que rompe el molde de las agencias tradicionales. Desde su creaci\u00f3n hace 22 a\u00f1os, ha ayudado a gigantes como Kaiser Permanente y HCA Houston Healthcare a anticipar transformaciones profundas en la atenci\u00f3n m\u00e9dica, integrando estrategias de marca, dise\u00f1o de transici\u00f3n y pensamiento de futuro.<\/p><p>\u201cDirijo una agencia sin haber trabajado nunca en una\u201d, comenta con iron\u00eda Langrand en una entrevista. \u201cNo tener ideas preconcebidas me permiti\u00f3 imaginar algo diferente: menos proveedor, m\u00e1s socio estrat\u00e9gico\u201d.<\/p>\t\t\t\t\t\t\t\t<\/div>\n\t\t\t\t\t<\/div>\n\t\t\t\t<\/div>\n\t\t<div data-particle_enable=\"false\" data-particle-mobile-disabled=\"false\" class=\"elementor-element elementor-element-0a08c20 e-flex e-con-boxed e-con e-parent\" data-id=\"0a08c20\" data-element_type=\"container\" data-e-type=\"container\">\n\t\t\t\t\t<div class=\"e-con-inner\">\n\t\t\t\t<div class=\"elementor-element elementor-element-7eefaf1 elementor-widget elementor-widget-image\" data-id=\"7eefaf1\" data-element_type=\"widget\" data-e-type=\"widget\" data-widget_type=\"image.default\">\n\t\t\t\t\t\t\t\t\t\t\t\t<figure class=\"wp-caption\">\n\t\t\t\t\t\t\t\t\t\t<img fetchpriority=\"high\" decoding=\"async\" width=\"869\" height=\"588\" src=\"https:\/\/soymigrante.com\/revista\/wp-content\/uploads\/2025\/10\/shannon-langrand-3.png\" class=\"attachment-large size-large wp-image-47493\" alt=\"Uno de los grandes principios de \u00e9xito de Shannon Langrand, nacida en Nicaragua, es que no se puede triunfar solo: siempre se debe trabajar en equipo con todas las ideas de todos para lograr el mejor resultado.\" srcset=\"https:\/\/soymigrante.com\/revista\/wp-content\/uploads\/2025\/10\/shannon-langrand-3.png 869w, https:\/\/soymigrante.com\/revista\/wp-content\/uploads\/2025\/10\/shannon-langrand-3-300x203.png 300w, https:\/\/soymigrante.com\/revista\/wp-content\/uploads\/2025\/10\/shannon-langrand-3-768x520.png 768w, https:\/\/soymigrante.com\/revista\/wp-content\/uploads\/2025\/10\/shannon-langrand-3-750x507.png 750w\" sizes=\"(max-width: 869px) 100vw, 869px\" title=\"Uno de los grandes principios de \u00e9xito de Shannon Langrand, nacida en Nicaragua, es que no se puede triunfar solo: siempre se debe trabajar en equipo con todas las ideas de todos para lograr el mejor resultado. \u2013 SoyMigrante.com REVISTA\" \/>\t\t\t\t\t\t\t\t\t\t\t<figcaption class=\"widget-image-caption wp-caption-text\">Uno de los grandes principios de \u00e9xito de Shannon Langrand, nacida en Nicaragua, es que no se puede triunfar solo: siempre se debe trabajar en equipo con todas las ideas de todos para lograr el mejor resultado.<\/figcaption>\n\t\t\t\t\t\t\t\t\t\t<\/figure>\n\t\t\t\t\t\t\t\t\t<\/div>\n\t\t\t\t\t<\/div>\n\t\t\t\t<\/div>\n\t\t<div data-particle_enable=\"false\" data-particle-mobile-disabled=\"false\" class=\"elementor-element elementor-element-0ab91a7 e-flex e-con-boxed e-con e-parent\" data-id=\"0ab91a7\" data-element_type=\"container\" data-e-type=\"container\">\n\t\t\t\t\t<div class=\"e-con-inner\">\n\t\t\t\t<div class=\"elementor-element elementor-element-6daaa8d elementor-widget elementor-widget-text-editor\" data-id=\"6daaa8d\" data-element_type=\"widget\" data-e-type=\"widget\" data-widget_type=\"text-editor.default\">\n\t\t\t\t\t\t\t\t\t<h3>Ra\u00edces que inspiran independencia<\/h3><p>Su historia empieza mucho antes de su \u00e9xito empresarial. El padre de Shannon fue un revolucionario nicarag\u00fcense que muri\u00f3 cuando ella era ni\u00f1a. Aquella <a href=\"https:\/\/soymigrante.com\/revista\/momentos-dificiles-estando-lejos-como-afrontar-los-duelos-del-migrante\/\">p\u00e9rdida<\/a>, y la experiencia de crecer como primera generaci\u00f3n estadounidense, moldearon su car\u00e1cter y su sentido de responsabilidad. \u201cDesde peque\u00f1a entend\u00ed que deb\u00eda<a href=\"https:\/\/soymigrante.com\/revista\/migrantes-guatemaltecos-expresan-objetivos-y-suenos-para-este-2025\/\"> abrirme camino<\/a> y construir algo propio\u201d, ha dicho.<\/p><p>Esa combinaci\u00f3n de identidad latina, independencia y prop\u00f3sito ser\u00eda la base sobre la que edific\u00f3 su empresa. Hoy, Langrand figura entre las 26,000 mujeres en Estados Unidos que han logrado escalar un negocio m\u00e1s all\u00e1 de los 10 millones de d\u00f3lares anuales, seg\u00fan el informe The 2025 Impact of Women-Owned Middle Market Firms.\u00a0<\/p><p>En el Mes de la Herencia Hispana, <a href=\"https:\/\/www.forbes.com\/sites\/geristengel\/2025\/09\/15\/hispanic-woman-entrepreneur-builds-10-million-plus-think-tank\/\">el perfil de Shannon Langrand fue exaltado en la revista Forbes.<\/a><\/p>\t\t\t\t\t\t\t\t<\/div>\n\t\t\t\t\t<\/div>\n\t\t\t\t<\/div>\n\t\t<div data-particle_enable=\"false\" data-particle-mobile-disabled=\"false\" class=\"elementor-element elementor-element-3193e20 e-flex e-con-boxed e-con e-parent\" data-id=\"3193e20\" data-element_type=\"container\" data-e-type=\"container\">\n\t\t\t\t\t<div class=\"e-con-inner\">\n\t\t\t\t<div class=\"elementor-element elementor-element-5e535e0 elementor-invisible elementor-widget elementor-widget-testimonial\" data-id=\"5e535e0\" data-element_type=\"widget\" data-e-type=\"widget\" data-settings=\"{&quot;_animation&quot;:&quot;rotateInUpRight&quot;}\" data-widget_type=\"testimonial.default\">\n\t\t\t\t\t\t\t<div class=\"elementor-testimonial-wrapper\">\n\t\t\t\t\t\t\t<div class=\"elementor-testimonial-content\"> \"Mi padre me ense\u00f1\u00f3 que toda revoluci\u00f3n comienza con una idea\"<\/div>\n\t\t\t\n\t\t\t\t\t\t<div class=\"elementor-testimonial-meta elementor-has-image elementor-testimonial-image-position-aside\">\n\t\t\t\t<div class=\"elementor-testimonial-meta-inner\">\n\t\t\t\t\t\t\t\t\t\t\t<div class=\"elementor-testimonial-image\">\n\t\t\t\t\t\t\t<img decoding=\"async\" width=\"735\" height=\"623\" src=\"https:\/\/soymigrante.com\/revista\/wp-content\/uploads\/2025\/10\/Captura-de-pantalla-2025-10-22-074306.png\" class=\"attachment-full size-full wp-image-47494\" alt=\"Shannon Langrand, nicarag\u00fcense emprendedora en Houston\" title=\"Shannon Langrand, nicarag\u00fcense emprendedora en Houston \u2013 SoyMigrante.com REVISTA\" srcset=\"https:\/\/soymigrante.com\/revista\/wp-content\/uploads\/2025\/10\/Captura-de-pantalla-2025-10-22-074306.png 735w, https:\/\/soymigrante.com\/revista\/wp-content\/uploads\/2025\/10\/Captura-de-pantalla-2025-10-22-074306-300x254.png 300w\" sizes=\"(max-width: 735px) 100vw, 735px\" \/>\t\t\t\t\t\t<\/div>\n\t\t\t\t\t\n\t\t\t\t\t\t\t\t\t\t<div class=\"elementor-testimonial-details\">\n\t\t\t\t\t\t\t\t\t\t\t\t\t\t<div class=\"elementor-testimonial-name\">Shannon Langrand<\/div>\n\t\t\t\t\t\t\t\t\t\t\t\t\t\t\t\t\t\t\t\t\t\t<div class=\"elementor-testimonial-job\">Migrante y emprendedora \nestadounidense de padre\nnicarag\u00fcense, fundadora del\nThink Thank Langrand\nen Houston.<\/div>\n\t\t\t\t\t\t\t\t\t\t\t\t\t<\/div>\n\t\t\t\t\t\t\t\t\t<\/div>\n\t\t\t<\/div>\n\t\t\t\t\t<\/div>\n\t\t\t\t\t\t<\/div>\n\t\t\t\t\t<\/div>\n\t\t\t\t<\/div>\n\t\t<div data-particle_enable=\"false\" data-particle-mobile-disabled=\"false\" class=\"elementor-element elementor-element-a1a3765 e-flex e-con-boxed e-con e-parent\" data-id=\"a1a3765\" data-element_type=\"container\" data-e-type=\"container\">\n\t\t\t\t\t<div class=\"e-con-inner\">\n\t\t\t\t<div class=\"elementor-element elementor-element-a498b9e elementor-widget elementor-widget-text-editor\" data-id=\"a498b9e\" data-element_type=\"widget\" data-e-type=\"widget\" data-widget_type=\"text-editor.default\">\n\t\t\t\t\t\t\t\t\t<h3>Una pionera latina en el mundo corporativo<\/h3>\n<p>En un pa\u00eds con m\u00e1s de 14.5 millones de negocios liderados por mujeres, solo el 2.7% supera la barrera de los 10 millones de d\u00f3lares. Entre ellas, las mujeres hispanas representan apenas el 15.3%. Langrand desaf\u00eda esas estad\u00edsticas con un modelo empresarial que combina visi\u00f3n estrat\u00e9gica y prop\u00f3sito social: ayudar a las instituciones de salud a construir confianza con sus comunidades.<\/p>\n<p>Para ella, la confianza no es solo un tema de mercadeo. \u201cEn salud, no se trata de fidelidad del consumidor, sino de vidas\u201d, afirma. Su agencia dise\u00f1a estrategias que ponen al usuario en el centro, escuchando las experiencias reales de las mujeres y promoviendo sistemas de atenci\u00f3n m\u00e1s equitativos.<\/p>\n<h3>De las campa\u00f1as pol\u00edticas a la transformaci\u00f3n del sector salud<\/h3>\n<p>Antes de fundar Langrand, Shannon trabaj\u00f3 en <a href=\"https:\/\/soymigrante.com\/revista\/estudio-llama-a-buscar-una-verdadera-politica-migratoria-en-usa-y-no-solo-un-teatro\/\">campa\u00f1as pol\u00edticas,<\/a> donde aprendi\u00f3 sobre comunicaci\u00f3n, coaliciones y manejo de audiencias diversas. Esas destrezas se convirtieron en una ventaja al abordar la complejidad del sistema de salud estadounidense.<\/p>\n<p>La agencia naci\u00f3 enfocada en proyectos de comunicaci\u00f3n, pero pronto evolucion\u00f3 hacia la consultor\u00eda estrat\u00e9gica, uniendo dise\u00f1o, an\u00e1lisis de tendencias y visi\u00f3n de futuro. Hoy, Langrand combina a futuristas, dise\u00f1adores y estrategas que ayudan a hospitales y aseguradoras a navegar los cambios impulsados por la tecnolog\u00eda y la inteligencia artificial.<\/p>\t\t\t\t\t\t\t\t<\/div>\n\t\t\t\t\t<\/div>\n\t\t\t\t<\/div>\n\t\t<div data-particle_enable=\"false\" data-particle-mobile-disabled=\"false\" class=\"elementor-element elementor-element-01fa2d2 e-flex e-con-boxed e-con e-parent\" data-id=\"01fa2d2\" data-element_type=\"container\" data-e-type=\"container\">\n\t\t\t\t\t<div class=\"e-con-inner\">\n\t\t\t\t<div class=\"elementor-element elementor-element-9f0e509 elementor-widget elementor-widget-image\" data-id=\"9f0e509\" data-element_type=\"widget\" data-e-type=\"widget\" data-widget_type=\"image.default\">\n\t\t\t\t\t\t\t\t\t\t\t\t<figure class=\"wp-caption\">\n\t\t\t\t\t\t\t\t\t\t\t<a href=\"https:\/\/www.thinklangrand.com\/\">\n\t\t\t\t\t\t\t<img decoding=\"async\" width=\"1140\" height=\"424\" src=\"https:\/\/soymigrante.com\/revista\/wp-content\/uploads\/2025\/10\/shannon-langrand-4-1140x424.png\" class=\"attachment-large size-large wp-image-47495\" alt=\"El entusiasmo para abordar los desaf\u00edos de las compa\u00f1\u00edas es clave para brindar soluciones y alternativas novedosas. Entre los clientes de Langrand hay empresas del Fortune 500. Para ir al sitio de su compa\u00f1\u00eda clic en la imagen.\" srcset=\"https:\/\/soymigrante.com\/revista\/wp-content\/uploads\/2025\/10\/shannon-langrand-4-1140x424.png 1140w, https:\/\/soymigrante.com\/revista\/wp-content\/uploads\/2025\/10\/shannon-langrand-4-300x112.png 300w, https:\/\/soymigrante.com\/revista\/wp-content\/uploads\/2025\/10\/shannon-langrand-4-768x286.png 768w, https:\/\/soymigrante.com\/revista\/wp-content\/uploads\/2025\/10\/shannon-langrand-4-1536x571.png 1536w, https:\/\/soymigrante.com\/revista\/wp-content\/uploads\/2025\/10\/shannon-langrand-4-2048x762.png 2048w, https:\/\/soymigrante.com\/revista\/wp-content\/uploads\/2025\/10\/shannon-langrand-4-750x279.png 750w\" sizes=\"(max-width: 1140px) 100vw, 1140px\" title=\"El entusiasmo para abordar los desaf\u00edos de las compa\u00f1\u00edas es clave para brindar soluciones y alternativas novedosas. Entre los clientes de Langrand hay empresas del Fortune 500. Para ir al sitio de su compa\u00f1\u00eda clic en la imagen. \u2013 SoyMigrante.com REVISTA\" \/>\t\t\t\t\t\t\t\t<\/a>\n\t\t\t\t\t\t\t\t\t\t\t<figcaption class=\"widget-image-caption wp-caption-text\">El entusiasmo para abordar los desaf\u00edos de las compa\u00f1\u00edas es clave para brindar soluciones y alternativas novedosas. Entre los clientes de Langrand hay empresas del Fortune 500. Para ir al sitio de su compa\u00f1\u00eda clic en la imagen.<\/figcaption>\n\t\t\t\t\t\t\t\t\t\t<\/figure>\n\t\t\t\t\t\t\t\t\t<\/div>\n\t\t\t\t\t<\/div>\n\t\t\t\t<\/div>\n\t\t<div data-particle_enable=\"false\" data-particle-mobile-disabled=\"false\" class=\"elementor-element elementor-element-c5e8133 e-flex e-con-boxed e-con e-parent\" data-id=\"c5e8133\" data-element_type=\"container\" data-e-type=\"container\">\n\t\t\t\t\t<div class=\"e-con-inner\">\n\t\t\t\t<div class=\"elementor-element elementor-element-87e2d94 elementor-widget elementor-widget-text-editor\" data-id=\"87e2d94\" data-element_type=\"widget\" data-e-type=\"widget\" data-widget_type=\"text-editor.default\">\n\t\t\t\t\t\t\t\t\t<h3>Reinventarse para crecer<\/h3><p>Hace una d\u00e9cada, Langrand tom\u00f3 una decisi\u00f3n inusual: detener el crecimiento para redefinir la cultura interna de su empresa. \u201cEst\u00e1bamos cayendo en el molde de las agencias tradicionales\u201d, reconoci\u00f3. Aquella \u201cretirada estrat\u00e9gica\u201d \u2014que implic\u00f3 reducir proyectos y reenfocar valores\u2014 le permiti\u00f3 volver a su esencia y retomar el camino del crecimiento sostenible.<\/p><p>Desde entonces, Langrand ha consolidado una reputaci\u00f3n basada en la independencia, la autenticidad y la colaboraci\u00f3n. Su modelo inspira a otras empresarias latinas a construir empresas de alto valor sin renunciar a su identidad ni a su prop\u00f3sito.<\/p><p>\u201cMi padre me ense\u00f1\u00f3 que cada revoluci\u00f3n comienza con una idea\u201d, ha dicho Shannon. \u201cLa m\u00eda fue demostrar que una hija de migrante puede cambiar el modo en que se hacen las cosas\u201d, afirma.<\/p>\t\t\t\t\t\t\t\t<\/div>\n\t\t\t\t\t<\/div>\n\t\t\t\t<\/div>\n\t\t<div data-particle_enable=\"false\" data-particle-mobile-disabled=\"false\" class=\"elementor-element elementor-element-87a9fdc e-flex e-con-boxed e-con e-parent\" data-id=\"87a9fdc\" data-element_type=\"container\" data-e-type=\"container\">\n\t\t\t\t\t<div class=\"e-con-inner\">\n\t\t\t\t<div class=\"elementor-element elementor-element-8eb5870 elementor-widget elementor-widget-heading\" data-id=\"8eb5870\" data-element_type=\"widget\" data-e-type=\"widget\" data-widget_type=\"heading.default\">\n\t\t\t\t\t<h2 class=\"elementor-heading-title elementor-size-default\">Talento de mujeres migrantes es brillante<\/h2>\t\t\t\t<\/div>\n\t\t\t\t\t<\/div>\n\t\t\t\t<\/div>\n\t\t<div data-particle_enable=\"false\" data-particle-mobile-disabled=\"false\" class=\"elementor-element elementor-element-be8d972 e-flex e-con-boxed e-con e-parent\" data-id=\"be8d972\" data-element_type=\"container\" data-e-type=\"container\">\n\t\t\t\t\t<div class=\"e-con-inner\">\n\t\t\t\t<div class=\"elementor-element elementor-element-c324b38 elementor-grid-eael-col-3 elementor-grid-tablet-eael-col-2 elementor-grid-mobile-eael-col-1 elementor-widget elementor-widget-eael-post-grid\" data-id=\"c324b38\" data-element_type=\"widget\" data-e-type=\"widget\" data-settings=\"{&quot;eael_post_grid_columns&quot;:&quot;eael-col-3&quot;,&quot;eael_post_grid_columns_tablet&quot;:&quot;eael-col-2&quot;,&quot;eael_post_grid_columns_mobile&quot;:&quot;eael-col-1&quot;}\" data-widget_type=\"eael-post-grid.default\">\n\t\t\t\t\t<div id=\"eael-post-grid-c324b38\" class=\"eael-post-grid-container\">\n            <div class=\"eael-post-grid eael-post-appender eael-post-appender-c324b38 eael-post-grid-style-one\" data-layout-mode=\"masonry\"><article class=\"eael-grid-post  eael-post-grid-column eael-pg-post-2709 category-exitos\" data-id=\"2709\">\n        <div class=\"eael-grid-post-holder\">\n            <div class=\"eael-grid-post-holder-inner\"><div class=\"eael-entry-media\"><div class=\"eael-entry-overlay fade-in\"><i class=\"far fa-hand-pointer\" aria-hidden=\"true\"><\/i><a href=\"https:\/\/soymigrante.com\/revista\/migrante-guatemalteca-claudia-hernandez-dignifica-a-la-mujer\/\"><\/a><\/div><div class=\"eael-entry-thumbnail eael-image-ratio\">\n                <img loading=\"lazy\" decoding=\"async\" width=\"1024\" height=\"660\" src=\"https:\/\/soymigrante.com\/revista\/wp-content\/uploads\/2023\/09\/clau-hern-1024x660.webp\" class=\"attachment-large size-large wp-image-2886\" alt=\"Claudia D. Hern\u00e1ndez, migrante y escritora guatemalteca.\" srcset=\"https:\/\/soymigrante.com\/revista\/wp-content\/uploads\/2023\/09\/clau-hern-1024x660.webp 1024w, https:\/\/soymigrante.com\/revista\/wp-content\/uploads\/2023\/09\/clau-hern-300x193.webp 300w, https:\/\/soymigrante.com\/revista\/wp-content\/uploads\/2023\/09\/clau-hern-768x495.webp 768w, https:\/\/soymigrante.com\/revista\/wp-content\/uploads\/2023\/09\/clau-hern-750x483.webp 750w, https:\/\/soymigrante.com\/revista\/wp-content\/uploads\/2023\/09\/clau-hern-1140x735.webp 1140w, https:\/\/soymigrante.com\/revista\/wp-content\/uploads\/2023\/09\/clau-hern.webp 1187w\" sizes=\"(max-width: 1024px) 100vw, 1024px\" \/>\n            <\/div>\n        <\/div><div class=\"eael-entry-wrapper\"><header class=\"eael-entry-header\"><h2 class=\"eael-entry-title\"><a class=\"eael-grid-post-link\" href=\"https:\/\/soymigrante.com\/revista\/migrante-guatemalteca-claudia-hernandez-dignifica-a-la-mujer\/\" title=\"Migrante guatemalteca Claudia D. Hern\u00e1ndez  dignifica a las mujeres con arte y poes\u00eda\">Migrante guatemalteca Claudia D. Hern\u00e1ndez  dignifica a las mujeres con arte y poes\u00eda<\/a><\/h2><\/header><div class=\"eael-entry-content\">\n                        <div class=\"eael-grid-post-excerpt\"><a href=\"https:\/\/soymigrante.com\/revista\/migrante-guatemalteca-claudia-hernandez-dignifica-a-la-mujer\/\" class=\"eael-post-elements-readmore-btn\">CONOCE SU HISTORIA <\/a><\/div>\n                    <\/div><\/div><\/div>\n        <\/div>\n    <\/article><article class=\"eael-grid-post  eael-post-grid-column eael-pg-post-2281 category-exitos\" data-id=\"2281\">\n        <div class=\"eael-grid-post-holder\">\n            <div class=\"eael-grid-post-holder-inner\"><div class=\"eael-entry-media\"><div class=\"eael-entry-overlay fade-in\"><i class=\"far fa-hand-pointer\" aria-hidden=\"true\"><\/i><a href=\"https:\/\/soymigrante.com\/revista\/rosario-rodriguez-cineasta-guatemalteca-nueva-york\/\"><\/a><\/div><div class=\"eael-entry-thumbnail eael-image-ratio\">\n                <img loading=\"lazy\" decoding=\"async\" width=\"1024\" height=\"834\" src=\"https:\/\/soymigrante.com\/revista\/wp-content\/uploads\/2023\/08\/rosie-1024x834.webp\" class=\"attachment-large size-large wp-image-2341\" alt=\"Rosario Rodr\u00edguez, cineasta guatemalteca y migrante\" srcset=\"https:\/\/soymigrante.com\/revista\/wp-content\/uploads\/2023\/08\/rosie-1024x834.webp 1024w, https:\/\/soymigrante.com\/revista\/wp-content\/uploads\/2023\/08\/rosie-300x244.webp 300w, https:\/\/soymigrante.com\/revista\/wp-content\/uploads\/2023\/08\/rosie-768x626.webp 768w, https:\/\/soymigrante.com\/revista\/wp-content\/uploads\/2023\/08\/rosie-750x611.webp 750w, https:\/\/soymigrante.com\/revista\/wp-content\/uploads\/2023\/08\/rosie-1140x929.webp 1140w, https:\/\/soymigrante.com\/revista\/wp-content\/uploads\/2023\/08\/rosie.webp 1425w\" sizes=\"(max-width: 1024px) 100vw, 1024px\" \/>\n            <\/div>\n        <\/div><div class=\"eael-entry-wrapper\"><header class=\"eael-entry-header\"><h2 class=\"eael-entry-title\"><a class=\"eael-grid-post-link\" href=\"https:\/\/soymigrante.com\/revista\/rosario-rodriguez-cineasta-guatemalteca-nueva-york\/\" title=\"Rosario Rodr\u00edguez: La cineasta guatemalteca que brilla en Nueva York\">Rosario Rodr\u00edguez: La cineasta guatemalteca que brilla en Nueva York<\/a><\/h2><\/header><div class=\"eael-entry-content\">\n                        <div class=\"eael-grid-post-excerpt\"><a href=\"https:\/\/soymigrante.com\/revista\/rosario-rodriguez-cineasta-guatemalteca-nueva-york\/\" class=\"eael-post-elements-readmore-btn\">CONOCE SU HISTORIA <\/a><\/div>\n                    <\/div><\/div><\/div>\n        <\/div>\n    <\/article><article class=\"eael-grid-post  eael-post-grid-column eael-pg-post-2368 category-exitos\" data-id=\"2368\">\n        <div class=\"eael-grid-post-holder\">\n            <div class=\"eael-grid-post-holder-inner\"><div class=\"eael-entry-media\"><div class=\"eael-entry-overlay fade-in\"><i class=\"far fa-hand-pointer\" aria-hidden=\"true\"><\/i><a href=\"https:\/\/soymigrante.com\/revista\/elizabeth-coti-maestra-espanol-texas-guatemala\/\"><\/a><\/div><div class=\"eael-entry-thumbnail eael-image-ratio\">\n                <img loading=\"lazy\" decoding=\"async\" width=\"1024\" height=\"731\" src=\"https:\/\/soymigrante.com\/revista\/wp-content\/uploads\/2023\/08\/705345_4157588903679_1136987468_o-e1693334157790-1024x731.webp\" class=\"attachment-large size-large wp-image-2369\" alt=\"El cari\u00f1o de sus padres H\u00e9ctor y Guadalupe ense\u00f1\u00f3 a Elizabeth a valorar la multiculturalidad guatemalteca.\" srcset=\"https:\/\/soymigrante.com\/revista\/wp-content\/uploads\/2023\/08\/705345_4157588903679_1136987468_o-e1693334157790-1024x731.webp 1024w, https:\/\/soymigrante.com\/revista\/wp-content\/uploads\/2023\/08\/705345_4157588903679_1136987468_o-e1693334157790-300x214.webp 300w, https:\/\/soymigrante.com\/revista\/wp-content\/uploads\/2023\/08\/705345_4157588903679_1136987468_o-e1693334157790-768x548.webp 768w, https:\/\/soymigrante.com\/revista\/wp-content\/uploads\/2023\/08\/705345_4157588903679_1136987468_o-e1693334157790-1536x1096.webp 1536w, https:\/\/soymigrante.com\/revista\/wp-content\/uploads\/2023\/08\/705345_4157588903679_1136987468_o-e1693334157790-120x86.webp 120w, https:\/\/soymigrante.com\/revista\/wp-content\/uploads\/2023\/08\/705345_4157588903679_1136987468_o-e1693334157790-350x250.webp 350w, https:\/\/soymigrante.com\/revista\/wp-content\/uploads\/2023\/08\/705345_4157588903679_1136987468_o-e1693334157790-750x535.webp 750w, https:\/\/soymigrante.com\/revista\/wp-content\/uploads\/2023\/08\/705345_4157588903679_1136987468_o-e1693334157790-1140x814.webp 1140w, https:\/\/soymigrante.com\/revista\/wp-content\/uploads\/2023\/08\/705345_4157588903679_1136987468_o-e1693334157790.webp 1774w\" sizes=\"(max-width: 1024px) 100vw, 1024px\" \/>\n            <\/div>\n        <\/div><div class=\"eael-entry-wrapper\"><header class=\"eael-entry-header\"><h2 class=\"eael-entry-title\"><a class=\"eael-grid-post-link\" href=\"https:\/\/soymigrante.com\/revista\/elizabeth-coti-maestra-espanol-texas-guatemala\/\" title=\"Elizabeth Cot\u00ed: La maestra texana con ra\u00edces guatemaltecas que ense\u00f1a espa\u00f1ol\">Elizabeth Cot\u00ed: La maestra texana con ra\u00edces guatemaltecas que ense\u00f1a espa\u00f1ol<\/a><\/h2><\/header><div class=\"eael-entry-content\">\n                        <div class=\"eael-grid-post-excerpt\"><a href=\"https:\/\/soymigrante.com\/revista\/elizabeth-coti-maestra-espanol-texas-guatemala\/\" class=\"eael-post-elements-readmore-btn\">CONOCE SU HISTORIA <\/a><\/div>\n                    <\/div><\/div><\/div>\n        <\/div>\n    <\/article><\/div>\n            <div class=\"clearfix\"><\/div>\n        <\/div>\t\t\t\t<\/div>\n\t\t\t\t\t<\/div>\n\t\t\t\t<\/div>\n\t\t\t\t<\/div>\n\t\t","protected":false},"excerpt":{"rendered":"<p>El poder de contar historias y trazar estrategias es el camino de ideas de Shannon Langrand, hija de nicarag\u00fcense, que pone su talento al servicio del impulso de servicios de salud. En Houston, Texas, la hija de un revolucionario nicarag\u00fcense -que muri\u00f3 cuando ella ten\u00eda 7 a\u00f1os- ha logrado lo que solo una de cada [&hellip;]<\/p>\n","protected":false},"author":1,"featured_media":47489,"comment_status":"open","ping_status":"open","sticky":false,"template":"","format":"standard","meta":{"_acf_changed":false,"_eb_attr":"","footnotes":""},"categories":[50,277],"tags":[],"class_list":["post-47456","post","type-post","status-publish","format-standard","has-post-thumbnail","hentry","category-exitos","category-nicaragua"],"acf":[],"aioseo_notices":[],"aioseo_head":"\n\t\t<!-- All in One SEO Pro 4.9.6.2 - aioseo.com -->\n\t<meta name=\"description\" content=\"Elizabeth Cot\u00ed, nacida en Texas y con padres guatemaltecos, se ha destacado por su din\u00e1mico m\u00e9todo para ense\u00f1ar espa\u00f1ol, conectando culturas y tradiciones.\" \/>\n\t<meta name=\"robots\" content=\"max-snippet:-1, max-image-preview:large, max-video-preview:-1\" \/>\n\t<meta name=\"author\" content=\"Gustavo Montenegro\"\/>\n\t<link rel=\"canonical\" href=\"https:\/\/soymigrante.com\/revista\/elizabeth-coti-maestra-espanol-texas-guatemala\/\" \/>\n\t<meta name=\"generator\" content=\"All in One SEO Pro (AIOSEO) 4.9.6.2\" \/>\n\n\t\t<link rel=\"preconnect\" href=\"https:\/\/fonts.googleapis.com\" crossorigin>\n<link rel=\"preconnect\" href=\"https:\/\/fonts.gstatic.com\" crossorigin>\n\t\t<meta property=\"og:locale\" content=\"es_ES\" \/>\n\t\t<meta property=\"og:site_name\" content=\"SoyMigrante.com REVISTA \u2013 Nuestra misi\u00f3n es reconocer y dignificar al migrante.\" \/>\n\t\t<meta property=\"og:type\" content=\"article\" \/>\n\t\t<meta property=\"og:title\" content=\"Elizabeth Cot\u00ed: La maestra texana con ra\u00edces guatemaltecas que ense\u00f1a espa\u00f1ol \u2013\" \/>\n\t\t<meta property=\"og:description\" content=\"Elizabeth Cot\u00ed, nacida en Texas y con padres guatemaltecos, se ha destacado por su din\u00e1mico m\u00e9todo para ense\u00f1ar espa\u00f1ol, conectando culturas y tradiciones.\" \/>\n\t\t<meta property=\"og:url\" content=\"https:\/\/soymigrante.com\/revista\/elizabeth-coti-maestra-espanol-texas-guatemala\/\" \/>\n\t\t<meta property=\"og:image\" content=\"https:\/\/soymigrante.com\/revista\/wp-content\/uploads\/2023\/08\/705345_4157588903679_1136987468_o-e1693334157790.webp\" \/>\n\t\t<meta property=\"og:image:secure_url\" content=\"https:\/\/soymigrante.com\/revista\/wp-content\/uploads\/2023\/08\/705345_4157588903679_1136987468_o-e1693334157790.webp\" \/>\n\t\t<meta property=\"og:image:width\" content=\"1774\" \/>\n\t\t<meta property=\"og:image:height\" content=\"1266\" \/>\n\t\t<meta property=\"article:published_time\" content=\"2023-08-29T18:36:14+00:00\" \/>\n\t\t<meta property=\"article:modified_time\" content=\"2024-07-30T23:33:49+00:00\" \/>\n\t\t<meta property=\"article:publisher\" content=\"https:\/\/www.facebook.com\/soymigrantecom\" \/>\n\t\t<meta name=\"twitter:card\" content=\"summary_large_image\" \/>\n\t\t<meta name=\"twitter:site\" content=\"@SoyMigrante_com\" \/>\n\t\t<meta name=\"twitter:title\" content=\"Elizabeth Cot\u00ed: La maestra texana con ra\u00edces guatemaltecas que ense\u00f1a espa\u00f1ol \u2013\" \/>\n\t\t<meta name=\"twitter:description\" content=\"Elizabeth Cot\u00ed, nacida en Texas y con padres guatemaltecos, se ha destacado por su din\u00e1mico m\u00e9todo para ense\u00f1ar espa\u00f1ol, conectando culturas y tradiciones.\" \/>\n\t\t<meta name=\"twitter:creator\" content=\"@SoyMigrante_com\" \/>\n\t\t<meta name=\"twitter:image\" content=\"https:\/\/soymigrante.com\/revista\/wp-content\/uploads\/2023\/08\/705345_4157588903679_1136987468_o-e1693334157790.webp\" \/>\n\t\t<!-- All in One SEO Pro -->\r\n\t\t<title>Elizabeth Cot\u00ed: La maestra texana con ra\u00edces guatemaltecas que ense\u00f1a espa\u00f1ol \u2013<\/title>\n\n","aioseo_head_json":{"title":"Elizabeth Cot\u00ed: La maestra texana con ra\u00edces guatemaltecas que ense\u00f1a espa\u00f1ol \u2013","description":"Elizabeth Cot\u00ed, nacida en Texas y con padres guatemaltecos, se ha destacado por su din\u00e1mico m\u00e9todo para ense\u00f1ar espa\u00f1ol, conectando culturas y tradiciones.","canonical_url":"https:\/\/soymigrante.com\/revista\/elizabeth-coti-maestra-espanol-texas-guatemala\/","robots":"max-snippet:-1, max-image-preview:large, max-video-preview:-1","keywords":"","webmasterTools":{"miscellaneous":"&lt;link rel=\"preconnect\" href=\"https:\/\/fonts.googleapis.com\" crossorigin&gt;\n&lt;link rel=\"preconnect\" href=\"https:\/\/fonts.gstatic.com\" crossorigin&gt;"},"schema":null,"og:locale":"es_ES","og:site_name":"SoyMigrante.com REVISTA \u2013 Nuestra misi\u00f3n es reconocer y dignificar al migrante.","og:type":"article","og:title":"Elizabeth Cot\u00ed: La maestra texana con ra\u00edces guatemaltecas que ense\u00f1a espa\u00f1ol \u2013","og:description":"Elizabeth Cot\u00ed, nacida en Texas y con padres guatemaltecos, se ha destacado por su din\u00e1mico m\u00e9todo para ense\u00f1ar espa\u00f1ol, conectando culturas y tradiciones.","og:url":"https:\/\/soymigrante.com\/revista\/elizabeth-coti-maestra-espanol-texas-guatemala\/","og:image":"https:\/\/soymigrante.com\/revista\/wp-content\/uploads\/2023\/08\/705345_4157588903679_1136987468_o-e1693334157790.webp","og:image:secure_url":"https:\/\/soymigrante.com\/revista\/wp-content\/uploads\/2023\/08\/705345_4157588903679_1136987468_o-e1693334157790.webp","og:image:width":1774,"og:image:height":1266,"article:published_time":"2023-08-29T18:36:14+00:00","article:modified_time":"2024-07-30T23:33:49+00:00","article:publisher":"https:\/\/www.facebook.com\/soymigrantecom","twitter:card":"summary_large_image","twitter:site":"@SoyMigrante_com","twitter:title":"Elizabeth Cot\u00ed: La maestra texana con ra\u00edces guatemaltecas que ense\u00f1a espa\u00f1ol \u2013","twitter:description":"Elizabeth Cot\u00ed, nacida en Texas y con padres guatemaltecos, se ha destacado por su din\u00e1mico m\u00e9todo para ense\u00f1ar espa\u00f1ol, conectando culturas y tradiciones.","twitter:creator":"@SoyMigrante_com","twitter:image":"https:\/\/soymigrante.com\/revista\/wp-content\/uploads\/2023\/08\/705345_4157588903679_1136987468_o-e1693334157790.webp"},"aioseo_meta_data":{"post_id":"47456","title":"Shannon Langrand, de ra\u00edz nicarag\u00fcense, triunfa en USA","description":"Shannon Langrand, de padre nicarag\u00fcense, fund\u00f3 un tanque de pensamiento que aporta comunicaci\u00f3n y mercadeo \u00e1gil en salud, en Houston, Texas,","keywords":null,"keyphrases":{"focus":{"keyphrase":"Nicarag\u00fcense","score":78,"analysis":{"keyphraseInTitle":{"score":9,"maxScore":9,"error":0},"keyphraseInDescription":{"score":9,"maxScore":9,"error":0},"keyphraseLength":{"score":9,"maxScore":9,"error":0,"length":2},"keyphraseInURL":{"score":5,"maxScore":5,"error":0},"keyphraseInIntroduction":{"score":9,"maxScore":9,"error":0},"keyphraseInSubHeadings":{"score":3,"maxScore":9,"error":1},"keyphraseInImageAlt":{"score":9,"maxScore":9,"error":0},"keywordDensity":{"score":0,"type":"low","maxScore":9,"error":1}}},"additional":[{"keyphrase":"usa","score":40,"analysis":{"keyphraseInDescription":{"score":3,"maxScore":9,"error":1},"keyphraseLength":{"score":9,"maxScore":9,"error":0,"length":1},"keyphraseInIntroduction":{"score":3,"maxScore":9,"error":1},"keyphraseInImageAlt":{"score":3,"maxScore":9,"error":1},"keywordDensity":{"score":0,"type":"low","maxScore":9,"error":1}}}]},"primary_term":null,"canonical_url":null,"og_title":null,"og_description":null,"og_object_type":"default","og_image_type":"default","og_image_url":null,"og_image_width":null,"og_image_height":null,"og_image_custom_url":null,"og_image_custom_fields":null,"og_video":"","og_custom_url":null,"og_article_section":null,"og_article_tags":null,"twitter_use_og":false,"twitter_card":"default","twitter_image_type":"default","twitter_image_url":null,"twitter_image_custom_url":null,"twitter_image_custom_fields":null,"twitter_title":null,"twitter_description":null,"schema":{"blockGraphs":[],"customGraphs":[],"default":{"data":{"Article":[],"Course":[],"Dataset":[],"FAQPage":[],"Movie":[],"Person":[],"Product":[],"ProductReview":[],"Car":[],"Recipe":[],"Service":[],"SoftwareApplication":[],"WebPage":[]},"graphName":"none","isEnabled":true},"graphs":[]},"schema_type":"default","schema_type_options":null,"pillar_content":false,"robots_default":true,"robots_noindex":false,"robots_noarchive":false,"robots_nosnippet":false,"robots_nofollow":false,"robots_noimageindex":false,"robots_noodp":false,"robots_notranslate":false,"robots_max_snippet":"-1","robots_max_videopreview":"-1","robots_max_imagepreview":"large","priority":null,"frequency":"default","local_seo":null,"seo_analyzer_scan_date":"2025-10-22 14:18:07","breadcrumb_settings":null,"limit_modified_date":false,"reviewed_by":"0","open_ai":null,"ai":{"faqs":[],"keyPoints":[],"titles":[],"descriptions":[],"socialPosts":{"email":[],"linkedin":[],"twitter":[],"facebook":[],"instagram":[]}},"created":"2025-10-21 15:20:09","updated":"2026-02-05 06:37:01"},"aioseo_breadcrumb":"<div class=\"aioseo-breadcrumbs\"><span class=\"aioseo-breadcrumb\">\n\t<a href=\"https:\/\/soymigrante.com\/revista\" title=\"Home\">Home<\/a>\n<\/span><span class=\"aioseo-breadcrumb-separator\">\u00bb<\/span><span class=\"aioseo-breadcrumb\">\n\t<a href=\"https:\/\/soymigrante.com\/revista\/category\/exitos\/\" title=\"\u00c9xitos\">\u00c9xitos<\/a>\n<\/span><span class=\"aioseo-breadcrumb-separator\">\u00bb<\/span><span class=\"aioseo-breadcrumb\">\n\t<a href=\"https:\/\/soymigrante.com\/revista\/category\/exitos\/nicaragua\/\" title=\"Nicaragua\">Nicaragua<\/a>\n<\/span><span class=\"aioseo-breadcrumb-separator\">\u00bb<\/span><span class=\"aioseo-breadcrumb\">\n\tShannon Langrand, de ra\u00edz nicarag\u00fcense, impulsa ideas exitosas desde Houston\n<\/span><\/div>","aioseo_breadcrumb_json":[{"label":"Home","link":"https:\/\/soymigrante.com\/revista"},{"label":"\u00c9xitos","link":"https:\/\/soymigrante.com\/revista\/category\/exitos\/"},{"label":"Nicaragua","link":"https:\/\/soymigrante.com\/revista\/category\/exitos\/nicaragua\/"},{"label":"Shannon Langrand, de ra\u00edz nicarag\u00fcense, impulsa ideas exitosas desde Houston","link":"https:\/\/soymigrante.com\/revista\/shannon-langrand-de-raiz-nicaraguense-impulsa-ideas-exitosas-desde-houston\/"}],"_links":{"self":[{"href":"https:\/\/soymigrante.com\/revista\/wp-json\/wp\/v2\/posts\/47456","targetHints":{"allow":["GET"]}}],"collection":[{"href":"https:\/\/soymigrante.com\/revista\/wp-json\/wp\/v2\/posts"}],"about":[{"href":"https:\/\/soymigrante.com\/revista\/wp-json\/wp\/v2\/types\/post"}],"author":[{"embeddable":true,"href":"https:\/\/soymigrante.com\/revista\/wp-json\/wp\/v2\/users\/1"}],"replies":[{"embeddable":true,"href":"https:\/\/soymigrante.com\/revista\/wp-json\/wp\/v2\/comments?post=47456"}],"version-history":[{"count":10,"href":"https:\/\/soymigrante.com\/revista\/wp-json\/wp\/v2\/posts\/47456\/revisions"}],"predecessor-version":[{"id":47502,"href":"https:\/\/soymigrante.com\/revista\/wp-json\/wp\/v2\/posts\/47456\/revisions\/47502"}],"wp:featuredmedia":[{"embeddable":true,"href":"https:\/\/soymigrante.com\/revista\/wp-json\/wp\/v2\/media\/47489"}],"wp:attachment":[{"href":"https:\/\/soymigrante.com\/revista\/wp-json\/wp\/v2\/media?parent=47456"}],"wp:term":[{"taxonomy":"category","embeddable":true,"href":"https:\/\/soymigrante.com\/revista\/wp-json\/wp\/v2\/categories?post=47456"},{"taxonomy":"post_tag","embeddable":true,"href":"https:\/\/soymigrante.com\/revista\/wp-json\/wp\/v2\/tags?post=47456"}],"curies":[{"name":"wp","href":"https:\/\/api.w.org\/{rel}","templated":true}]}}