{"id":47441,"date":"2025-10-21T08:59:49","date_gmt":"2025-10-21T14:59:49","guid":{"rendered":"https:\/\/soymigrante.com\/revista\/?p=47441"},"modified":"2026-03-05T18:18:00","modified_gmt":"2026-03-06T00:18:00","slug":"estas-son-las-128-preguntas-y-respuestas-del-examen-de-ciudadania-usa-2025","status":"publish","type":"post","link":"https:\/\/soymigrante.com\/revista\/estas-son-las-128-preguntas-y-respuestas-del-examen-de-ciudadania-usa-2025\/","title":{"rendered":"Estas son las 128 preguntas y respuestas del examen de ciudadan\u00eda USA 2025"},"content":{"rendered":"\t\t<div data-elementor-type=\"wp-post\" data-elementor-id=\"47441\" class=\"elementor elementor-47441\" data-elementor-post-type=\"post\">\n\t\t\t\t<div data-particle_enable=\"false\" data-particle-mobile-disabled=\"false\" class=\"elementor-element elementor-element-f40ea86 e-flex e-con-boxed e-con e-parent\" data-id=\"f40ea86\" data-element_type=\"container\" data-e-type=\"container\">\n\t\t\t\t\t<div class=\"e-con-inner\">\n\t\t\t\t<div class=\"elementor-element elementor-element-5e58f85 elementor-widget elementor-widget-heading\" data-id=\"5e58f85\" data-element_type=\"widget\" data-e-type=\"widget\" data-widget_type=\"heading.default\">\n\t\t\t\t\t<h2 class=\"elementor-heading-title elementor-size-default\">Desde el 17 de octubre de 2025, el material de estudio para el ex\u00e1men de ciudadan\u00eda pas\u00f3 de 100 a 128 preguntas, de las cuales se formular\u00e1n 20 preguntas al solicitante. <\/h2>\t\t\t\t<\/div>\n\t\t\t\t\t<\/div>\n\t\t\t\t<\/div>\n\t\t<div data-particle_enable=\"false\" data-particle-mobile-disabled=\"false\" class=\"elementor-element elementor-element-26d86ef e-flex e-con-boxed e-con e-parent\" data-id=\"26d86ef\" data-element_type=\"container\" data-e-type=\"container\">\n\t\t\t\t\t<div class=\"e-con-inner\">\n\t\t\t\t<div class=\"elementor-element elementor-element-6b93a40 elementor-widget elementor-widget-text-editor\" data-id=\"6b93a40\" data-element_type=\"widget\" data-e-type=\"widget\" data-widget_type=\"text-editor.default\">\n\t\t\t\t\t\t\t\t\t<p>Estas son las 128 preguntas y las opciones de respuesta correcta para el <a href=\"https:\/\/soymigrante.com\/revista\/preguntas-y-respuestas-que-es-el-derecho-a-la-ciudadania-por-nacimiento-en-ee-uu\/\">ex\u00e1men de ciudadan\u00eda<\/a> de\u00a0 Estados Unidos. Es posible que se hagan de 10 a 20 preguntas seleccionadas de este total y el m\u00ednimo de respuestas correctas es de 8.\u00a0 El ex\u00e1men se efect\u00faa en<a href=\"https:\/\/soymigrante.com\/revista\/migrante-idioma-ingles-aprendizaje-claves-reto-oportunidad\/\"> ingl\u00e9s<\/a>.\u00a0<br \/>Texto extra\u00eddo del sitio del Servicio de Naturalizaci\u00f3n y Ciudadan\u00eda de los Estados Unidos.\u00a0<\/p>\t\t\t\t\t\t\t\t<\/div>\n\t\t\t\t\t<\/div>\n\t\t\t\t<\/div>\n\t\t<div data-particle_enable=\"false\" data-particle-mobile-disabled=\"false\" class=\"elementor-element elementor-element-b11c7d6 e-flex e-con-boxed e-con e-parent\" data-id=\"b11c7d6\" data-element_type=\"container\" data-e-type=\"container\">\n\t\t\t\t\t<div class=\"e-con-inner\">\n\t\t\t\t<div class=\"elementor-element elementor-element-ac48d4d elementor-widget elementor-widget-text-editor\" data-id=\"ac48d4d\" data-element_type=\"widget\" data-e-type=\"widget\" data-widget_type=\"text-editor.default\">\n\t\t\t\t\t\t\t\t\t<h2>128 Civics Questions and Answers (2025 Version)<\/h2><h3>AMERICAN GOVERNMENT<\/h3><h4>A: Principles of American Government<\/h4><ol><li style=\"list-style-type: none;\"><ol><li><strong>What is the form of government of the United States?<\/strong><ul><li>Republic<\/li><li>Constitution-based federal republic<\/li><li>Representative democracy<\/li><\/ul><\/li><li><strong>What is the supreme law of the land? *<\/strong><ul><li>(U.S.) Constitution<\/li><\/ul><\/li><li><strong>Name one thing the U.S. Constitution does.<\/strong><ul><li>Forms the government<\/li><li>Defines powers of government<\/li><li>Defines the parts of government<\/li><li>Protects the rights of the people<\/li><\/ul><\/li><li><strong>The U.S. Constitution starts with the words \u201cWe the People.\u201d What does \u201cWe the People\u201d mean?<\/strong><ul><li>Self-government<\/li><li>Popular sovereignty<\/li><li>Consent of the governed<\/li><li>People should govern themselves<\/li><li>(Example of) social contract<\/li><\/ul><\/li><li><strong>How are changes made to the U.S. Constitution?<\/strong><ul><li>Amendments<\/li><li>The amendment process<\/li><\/ul><\/li><li><strong>What does the Bill of Rights protect?<\/strong><ul><li>(The basic) rights of Americans<\/li><li>(The basic) rights of people living in the United States<\/li><\/ul><\/li><li><strong>How many amendments does the U.S. Constitution have? *<\/strong><ul><li>Twenty-seven (27)<\/li><\/ul><\/li><li><strong>Why is the Declaration of Independence important?<\/strong><ul><li>It says America is free from British control.<\/li><li>It says all people are created equal.<\/li><li>It identifies inherent rights.<\/li><li>It identifies individual freedoms.<\/li><\/ul><\/li><li><strong>What founding document said the American colonies were free from Britain?<\/strong><ul><li>Declaration of Independence<\/li><\/ul><\/li><li><strong>Name two important ideas from the Declaration of Independence and the U.S. Constitution.<\/strong><ul><li>Equality<\/li><li>Liberty<\/li><li>Social contract<\/li><li>Natural rights<\/li><li>Limited government<\/li><li>Self-government<\/li><\/ul><\/li><li><strong>The words \u201cLife, Liberty, and the pursuit of Happiness\u201d are in what founding document?<\/strong><ul><li>Declaration of Independence<\/li><\/ul><\/li><li><strong>What is the economic system of the United States? *<\/strong><ul><li>Capitalism<\/li><li>Free market economy<\/li><\/ul><\/li><li><strong>What is the rule of law?<\/strong><ul><li>Everyone must follow the law.<\/li><li>Leaders must obey the law.<\/li><li>Government must obey the law.<\/li><li>No one is above the law.<\/li><\/ul><\/li><li><strong>Many documents influenced the U.S. Constitution. Name one.<\/strong><ul><li>Declaration of Independence<\/li><li>Articles of Confederation<\/li><li>Federalist Papers<\/li><li>Anti-Federalist Papers<\/li><li>Virginia Declaration of Rights<\/li><li>Fundamental Orders of Connecticut<\/li><li>Mayflower Compact<\/li><li>Iroquois Great Law of Peace<\/li><\/ul><\/li><li><strong>There are three branches of government. Why?<\/strong><ul><li>So one part does not become too powerful<\/li><li>Checks and balances<\/li><li>Separation of powers<\/li><\/ul><\/li><\/ol><\/li><\/ol><h4>B: System of Government<\/h4><ol><li><strong>Name the three branches of government.<\/strong><ul><li>Legislative, executive, and judicial<\/li><li>Congress, president, and the courts<\/li><\/ul><\/li><li><strong>The President of the United States is in charge of which branch of government?<\/strong><ul><li>Executive branch<\/li><\/ul><\/li><li><strong>What part of the federal government writes laws?<\/strong><ul><li>(U.S.) Congress<\/li><li>(U.S. or national) legislature<\/li><li>Legislative branch<\/li><\/ul><\/li><li><strong>What are the two parts of the U.S. Congress?<\/strong><ul><li>Senate and House (of Representatives)<\/li><\/ul><\/li><li><strong>Name one power of the U.S. Congress. *<\/strong><ul><li>Writes laws<\/li><li>Declares war<\/li><li>Makes the federal budget<\/li><\/ul><\/li><li><strong>How many U.S. senators are there?<\/strong><ul><li>One hundred (100)<\/li><\/ul><\/li><li><strong>How long is a term for a U.S. senator?<\/strong><ul><li>Six (6) years<\/li><\/ul><\/li><li><strong>Who is one of your state\u2019s U.S. senators now?<\/strong><ul><li>Answers will vary.<\/li><\/ul><\/li><li><strong>How many voting members are in the House of Representatives?<\/strong><ul><li>Four hundred thirty-five (435)<\/li><\/ul><\/li><li><strong>How long is a term for a member of the House of Representatives?<\/strong><ul><li>Two (2) years<\/li><\/ul><\/li><li><strong>Why do U.S. representatives serve shorter terms than U.S. senators?<\/strong><ul><li>To more closely follow public opinion<\/li><\/ul><\/li><li><strong>How many senators does each state have?<\/strong><ul><li>Two (2)<\/li><\/ul><\/li><li><strong>Why does each state have two senators?<\/strong><ul><li>Equal representation (for small states)<\/li><li>The Great Compromise (Connecticut Compromise)<\/li><\/ul><\/li><li><strong>Name your U.S. representative.<\/strong><ul><li>Answers will vary.<\/li><\/ul><\/li><li><strong>What is the name of the Speaker of the House of Representatives now? *<\/strong><ul><li>Visit uscis.gov\/citizenship\/testupdates<\/li><\/ul><\/li><li><strong>Who does a U.S. senator represent?<\/strong><ul><li>Citizens of their state<\/li><li>People of their state<\/li><\/ul><\/li><li><strong>Who elects U.S. senators?<\/strong><ul><li>Citizens from their state<\/li><\/ul><\/li><li><strong>Who does a member of the House of Representatives represent?<\/strong><ul><li>Citizens in their district<\/li><li>People in their district<\/li><\/ul><\/li><li><strong>Who elects members of the House of Representatives?<\/strong><ul><li>Citizens from their district<\/li><\/ul><\/li><li><strong>Some states have more representatives than other states. Why?<\/strong><ul><li>Because of the state\u2019s population<\/li><\/ul><\/li><li><strong>The President of the United States is elected for how many years? *<\/strong><ul><li>Four (4) years<\/li><\/ul><\/li><li><strong>The President of the United States can serve only two terms. Why?<\/strong><ul><li>22nd Amendment<\/li><li>To keep the president from becoming too powerful<\/li><\/ul><\/li><\/ol>\t\t\t\t\t\t\t\t<\/div>\n\t\t\t\t\t<\/div>\n\t\t\t\t<\/div>\n\t\t<div data-particle_enable=\"false\" data-particle-mobile-disabled=\"false\" class=\"elementor-element elementor-element-461478e e-flex e-con-boxed e-con e-parent\" data-id=\"461478e\" data-element_type=\"container\" data-e-type=\"container\">\n\t\t\t\t\t<div class=\"e-con-inner\">\n\t\t\t\t<div class=\"elementor-element elementor-element-7c2e152 elementor-grid-eael-col-1 elementor-grid-tablet-eael-col-2 elementor-grid-mobile-eael-col-1 elementor-widget elementor-widget-eael-post-grid\" data-id=\"7c2e152\" data-element_type=\"widget\" data-e-type=\"widget\" data-settings=\"{&quot;eael_post_grid_columns&quot;:&quot;eael-col-1&quot;,&quot;eael_post_grid_columns_tablet&quot;:&quot;eael-col-2&quot;,&quot;eael_post_grid_columns_mobile&quot;:&quot;eael-col-1&quot;}\" data-widget_type=\"eael-post-grid.default\">\n\t\t\t\t\t<div id=\"eael-post-grid-7c2e152\" class=\"eael-post-grid-container\">\n            <div class=\"eael-post-grid eael-post-appender eael-post-appender-7c2e152 eael-post-grid-style-one\" data-layout-mode=\"masonry\"><article class=\"eael-grid-post  eael-post-grid-column eael-pg-post-45279 category-recursos-migratorios\" data-id=\"45279\">\n        <div class=\"eael-grid-post-holder\">\n            <div class=\"eael-grid-post-holder-inner\"><div class=\"eael-entry-media\"><div class=\"eael-entry-overlay fade-in\"><i class=\"far fa-hand-pointer\" aria-hidden=\"true\"><\/i><a href=\"https:\/\/soymigrante.com\/revista\/que-cambios-traera-el-nuevo-examen-de-ciudadania-de-estados-unidos\/\"><\/a><\/div><div class=\"eael-entry-thumbnail eael-image-ratio\">\n                <img fetchpriority=\"high\" decoding=\"async\" width=\"720\" height=\"720\" src=\"https:\/\/soymigrante.com\/revista\/wp-content\/uploads\/2025\/09\/examen-de-ciudadania-usa-foto-uscis.jpg\" class=\"attachment-large size-large wp-image-45280\" alt=\"examen de ciudadania usa foto uscis\" srcset=\"https:\/\/soymigrante.com\/revista\/wp-content\/uploads\/2025\/09\/examen-de-ciudadania-usa-foto-uscis.jpg 720w, https:\/\/soymigrante.com\/revista\/wp-content\/uploads\/2025\/09\/examen-de-ciudadania-usa-foto-uscis-300x300.jpg 300w, https:\/\/soymigrante.com\/revista\/wp-content\/uploads\/2025\/09\/examen-de-ciudadania-usa-foto-uscis-150x150.jpg 150w, https:\/\/soymigrante.com\/revista\/wp-content\/uploads\/2025\/09\/examen-de-ciudadania-usa-foto-uscis-75x75.jpg 75w\" sizes=\"(max-width: 720px) 100vw, 720px\" \/>\n            <\/div>\n        <\/div><div class=\"eael-entry-wrapper\"><header class=\"eael-entry-header\"><h2 class=\"eael-entry-title\"><a class=\"eael-grid-post-link\" href=\"https:\/\/soymigrante.com\/revista\/que-cambios-traera-el-nuevo-examen-de-ciudadania-de-estados-unidos\/\" title=\"\u00bfQu\u00e9 cambios trae el nuevo ex\u00e1men de ciudadan\u00eda USA 2025?\">\u00bfQu\u00e9 cambios trae el nuevo ex\u00e1men de ciudadan\u00eda USA 2025?<\/a><\/h2><\/header><div class=\"eael-entry-content\">\n                        <div class=\"eael-grid-post-excerpt\"><a href=\"https:\/\/soymigrante.com\/revista\/que-cambios-traera-el-nuevo-examen-de-ciudadania-de-estados-unidos\/\" class=\"eael-post-elements-readmore-btn\">CONOCE SU HISTORIA <\/a><\/div>\n                    <\/div><\/div><\/div>\n        <\/div>\n    <\/article><\/div>\n            <div class=\"clearfix\"><\/div>\n        <\/div>\t\t\t\t<\/div>\n\t\t\t\t\t<\/div>\n\t\t\t\t<\/div>\n\t\t<div data-particle_enable=\"false\" data-particle-mobile-disabled=\"false\" class=\"elementor-element elementor-element-9188dc6 e-flex e-con-boxed e-con e-parent\" data-id=\"9188dc6\" data-element_type=\"container\" data-e-type=\"container\">\n\t\t\t\t\t<div class=\"e-con-inner\">\n\t\t\t\t<div class=\"elementor-element elementor-element-1290941 elementor-widget elementor-widget-text-editor\" data-id=\"1290941\" data-element_type=\"widget\" data-e-type=\"widget\" data-widget_type=\"text-editor.default\">\n\t\t\t\t\t\t\t\t\t<p><b><a href=\"https:\/\/www.uscis.gov\/sites\/default\/files\/document\/questions-and-answers\/2025-Civics-Test-128-Questions-and-Answers.pdf\">Para tener el resto de preguntas y respuestas en ingl\u00e9s, clic en este link.<\/a><\/b><\/p>\t\t\t\t\t\t\t\t<\/div>\n\t\t\t\t\t<\/div>\n\t\t\t\t<\/div>\n\t\t<div data-particle_enable=\"false\" data-particle-mobile-disabled=\"false\" class=\"elementor-element elementor-element-ca8c8f5 e-flex e-con-boxed e-con e-parent\" data-id=\"ca8c8f5\" data-element_type=\"container\" data-e-type=\"container\">\n\t\t\t\t\t<div class=\"e-con-inner\">\n\t\t\t\t<div class=\"elementor-element elementor-element-898c7d7 elementor-grid-eael-col-3 elementor-grid-tablet-eael-col-2 elementor-grid-mobile-eael-col-1 elementor-widget elementor-widget-eael-post-grid\" data-id=\"898c7d7\" data-element_type=\"widget\" data-e-type=\"widget\" data-settings=\"{&quot;eael_post_grid_columns&quot;:&quot;eael-col-3&quot;,&quot;eael_post_grid_columns_tablet&quot;:&quot;eael-col-2&quot;,&quot;eael_post_grid_columns_mobile&quot;:&quot;eael-col-1&quot;}\" data-widget_type=\"eael-post-grid.default\">\n\t\t\t\t\t<div id=\"eael-post-grid-898c7d7\" class=\"eael-post-grid-container\">\n            <div class=\"eael-post-grid eael-post-appender eael-post-appender-898c7d7 eael-post-grid-style-one\" data-layout-mode=\"masonry\"><article class=\"eael-grid-post  eael-post-grid-column eael-pg-post-22328 category-recursos-migratorios\" data-id=\"22328\">\n        <div class=\"eael-grid-post-holder\">\n            <div class=\"eael-grid-post-holder-inner\"><div class=\"eael-entry-media\"><div class=\"eael-entry-overlay fade-in\"><i class=\"far fa-hand-pointer\" aria-hidden=\"true\"><\/i><a href=\"https:\/\/soymigrante.com\/revista\/experto-en-migracion-radicado-en-texas-responde-preguntas-sobre-medidas-migratorias\/\"><\/a><\/div><div class=\"eael-entry-thumbnail eael-image-ratio\">\n                <img decoding=\"async\" width=\"1024\" height=\"1024\" src=\"https:\/\/soymigrante.com\/revista\/wp-content\/uploads\/2025\/01\/inmigracion-1024x1024.jpg\" class=\"attachment-large size-large wp-image-22388\" alt=\"Joven con mochila y bandera estadounidense en una marcha o celebraci\u00f3n, representando el migrante y la comunidad en Estados Unidos, en contexto de inmigraci\u00f3n y diversidad cultural.\" srcset=\"https:\/\/soymigrante.com\/revista\/wp-content\/uploads\/2025\/01\/inmigracion-1024x1024.jpg 1024w, https:\/\/soymigrante.com\/revista\/wp-content\/uploads\/2025\/01\/inmigracion-300x300.jpg 300w, https:\/\/soymigrante.com\/revista\/wp-content\/uploads\/2025\/01\/inmigracion-150x150.jpg 150w, https:\/\/soymigrante.com\/revista\/wp-content\/uploads\/2025\/01\/inmigracion-768x768.jpg 768w, https:\/\/soymigrante.com\/revista\/wp-content\/uploads\/2025\/01\/inmigracion-1536x1536.jpg 1536w, https:\/\/soymigrante.com\/revista\/wp-content\/uploads\/2025\/01\/inmigracion-2048x2048.jpg 2048w, https:\/\/soymigrante.com\/revista\/wp-content\/uploads\/2025\/01\/inmigracion-75x75.webp 75w, https:\/\/soymigrante.com\/revista\/wp-content\/uploads\/2025\/01\/inmigracion-750x750.webp 750w, https:\/\/soymigrante.com\/revista\/wp-content\/uploads\/2025\/01\/inmigracion-1140x1140.webp 1140w, https:\/\/soymigrante.com\/revista\/wp-content\/uploads\/2025\/01\/inmigracion-scaled.webp 1920w\" sizes=\"(max-width: 1024px) 100vw, 1024px\" \/>\n            <\/div>\n        <\/div><div class=\"eael-entry-wrapper\"><header class=\"eael-entry-header\"><h2 class=\"eael-entry-title\"><a class=\"eael-grid-post-link\" href=\"https:\/\/soymigrante.com\/revista\/experto-en-migracion-radicado-en-texas-responde-preguntas-sobre-medidas-migratorias\/\" title=\"Experto en migraci\u00f3n radicado en Texas responde preguntas sobre medidas migratorias\">Experto en migraci\u00f3n radicado en Texas responde preguntas sobre medidas migratorias<\/a><\/h2><\/header><div class=\"eael-entry-content\">\n                        <div class=\"eael-grid-post-excerpt\"><a href=\"https:\/\/soymigrante.com\/revista\/experto-en-migracion-radicado-en-texas-responde-preguntas-sobre-medidas-migratorias\/\" class=\"eael-post-elements-readmore-btn\">CONOCE SU HISTORIA <\/a><\/div>\n                    <\/div><\/div><\/div>\n        <\/div>\n    <\/article><article class=\"eael-grid-post  eael-post-grid-column eael-pg-post-15206 category-recursos-migratorios\" data-id=\"15206\">\n        <div class=\"eael-grid-post-holder\">\n            <div class=\"eael-grid-post-holder-inner\"><div class=\"eael-entry-media\"><div class=\"eael-entry-overlay fade-in\"><i class=\"far fa-hand-pointer\" aria-hidden=\"true\"><\/i><a href=\"https:\/\/soymigrante.com\/revista\/beneficios-del-head-start-en-usa-para-el-cuidado-de-ninos-menores-de-5-anos\/\"><\/a><\/div><div class=\"eael-entry-thumbnail eael-image-ratio\">\n                <img decoding=\"async\" width=\"1024\" height=\"1024\" src=\"https:\/\/soymigrante.com\/revista\/wp-content\/uploads\/2024\/12\/head-start-usa-2-1024x1024.jpg\" class=\"attachment-large size-large wp-image-15209\" alt=\"Ni\u00f1o sonriendo con madre en ambiente hogare\u00f1o, destacando la importancia de la familia en la comunidad de migrantes.\" srcset=\"https:\/\/soymigrante.com\/revista\/wp-content\/uploads\/2024\/12\/head-start-usa-2-1024x1024.jpg 1024w, https:\/\/soymigrante.com\/revista\/wp-content\/uploads\/2024\/12\/head-start-usa-2-300x300.jpg 300w, https:\/\/soymigrante.com\/revista\/wp-content\/uploads\/2024\/12\/head-start-usa-2-150x150.jpg 150w, https:\/\/soymigrante.com\/revista\/wp-content\/uploads\/2024\/12\/head-start-usa-2-768x768.jpg 768w, https:\/\/soymigrante.com\/revista\/wp-content\/uploads\/2024\/12\/head-start-usa-2-1536x1536.jpg 1536w, https:\/\/soymigrante.com\/revista\/wp-content\/uploads\/2024\/12\/head-start-usa-2-2048x2048.jpg 2048w, https:\/\/soymigrante.com\/revista\/wp-content\/uploads\/2024\/12\/head-start-usa-2-75x75.webp 75w, https:\/\/soymigrante.com\/revista\/wp-content\/uploads\/2024\/12\/head-start-usa-2-750x750.webp 750w, https:\/\/soymigrante.com\/revista\/wp-content\/uploads\/2024\/12\/head-start-usa-2-1140x1140.webp 1140w, https:\/\/soymigrante.com\/revista\/wp-content\/uploads\/2024\/12\/head-start-usa-2-scaled.webp 1920w\" sizes=\"(max-width: 1024px) 100vw, 1024px\" \/>\n            <\/div>\n        <\/div><div class=\"eael-entry-wrapper\"><header class=\"eael-entry-header\"><h2 class=\"eael-entry-title\"><a class=\"eael-grid-post-link\" href=\"https:\/\/soymigrante.com\/revista\/beneficios-del-head-start-en-usa-para-el-cuidado-de-ninos-menores-de-5-anos\/\" title=\"Beneficios del Head Start en USA para el cuidado de ni\u00f1os menores de 5 a\u00f1os\">Beneficios del Head Start en USA para el cuidado de ni\u00f1os menores de 5 a\u00f1os<\/a><\/h2><\/header><div class=\"eael-entry-content\">\n                        <div class=\"eael-grid-post-excerpt\"><a href=\"https:\/\/soymigrante.com\/revista\/beneficios-del-head-start-en-usa-para-el-cuidado-de-ninos-menores-de-5-anos\/\" class=\"eael-post-elements-readmore-btn\">CONOCE SU HISTORIA <\/a><\/div>\n                    <\/div><\/div><\/div>\n        <\/div>\n    <\/article><article class=\"eael-grid-post  eael-post-grid-column eael-pg-post-14107 category-recursos-migratorios\" data-id=\"14107\">\n        <div class=\"eael-grid-post-holder\">\n            <div class=\"eael-grid-post-holder-inner\"><div class=\"eael-entry-media\"><div class=\"eael-entry-overlay fade-in\"><i class=\"far fa-hand-pointer\" aria-hidden=\"true\"><\/i><a href=\"https:\/\/soymigrante.com\/revista\/usa-autoriza-visas-temporales-de-trabajo-para-guatemaltecos-en-el-2025\/\"><\/a><\/div><div class=\"eael-entry-thumbnail eael-image-ratio\">\n                <img loading=\"lazy\" decoding=\"async\" width=\"897\" height=\"897\" src=\"https:\/\/soymigrante.com\/revista\/wp-content\/uploads\/2024\/11\/trabajo-migrante.webp\" class=\"attachment-large size-large wp-image-14150\" alt=\"Nana limpiando una habitaci\u00f3n con aspiradora en un hotel moderno, mostrando servicios de limpieza y cuidado del hogar para migrantes en el contexto de #SoyMigrante.\" srcset=\"https:\/\/soymigrante.com\/revista\/wp-content\/uploads\/2024\/11\/trabajo-migrante.webp 897w, https:\/\/soymigrante.com\/revista\/wp-content\/uploads\/2024\/11\/trabajo-migrante-300x300.jpg 300w, https:\/\/soymigrante.com\/revista\/wp-content\/uploads\/2024\/11\/trabajo-migrante-150x150.jpg 150w, https:\/\/soymigrante.com\/revista\/wp-content\/uploads\/2024\/11\/trabajo-migrante-768x768.jpg 768w, https:\/\/soymigrante.com\/revista\/wp-content\/uploads\/2024\/11\/trabajo-migrante-75x75.webp 75w, https:\/\/soymigrante.com\/revista\/wp-content\/uploads\/2024\/11\/trabajo-migrante-750x750.webp 750w\" sizes=\"(max-width: 897px) 100vw, 897px\" \/>\n            <\/div>\n        <\/div><div class=\"eael-entry-wrapper\"><header class=\"eael-entry-header\"><h2 class=\"eael-entry-title\"><a class=\"eael-grid-post-link\" href=\"https:\/\/soymigrante.com\/revista\/usa-autoriza-visas-temporales-de-trabajo-para-guatemaltecos-en-el-2025\/\" title=\"USA autoriza aumento de visas temporales de trabajo para guatemaltecos en el 2025\">USA autoriza aumento de visas temporales de trabajo para guatemaltecos en el 2025<\/a><\/h2><\/header><div class=\"eael-entry-content\">\n                        <div class=\"eael-grid-post-excerpt\"><a href=\"https:\/\/soymigrante.com\/revista\/usa-autoriza-visas-temporales-de-trabajo-para-guatemaltecos-en-el-2025\/\" class=\"eael-post-elements-readmore-btn\">CONOCE SU HISTORIA <\/a><\/div>\n                    <\/div><\/div><\/div>\n        <\/div>\n    <\/article><\/div>\n            <div class=\"clearfix\"><\/div>\n        <\/div>            <div class=\"eael-load-more-button-wrap eael-force-hide\">\n                <button class=\"eael-load-more-button\" id=\"eael-load-more-btn-898c7d7\" data-widget-id=\"898c7d7\" data-widget=\"898c7d7\" data-page-id=\"47441\" data-template=\"{&quot;dir&quot;:&quot;lite&quot;,&quot;file_name&quot;:&quot;one.php&quot;,&quot;name&quot;:&quot;Post-Grid&quot;}\" data-class=\"Essential_Addons_Elementor\\Elements\\Post_Grid\" data-layout=\"masonry\" data-page=\"1\" data-args=\"orderby=author&amp;order=desc&amp;ignore_sticky_posts=1&amp;post_status=publish&amp;posts_per_page=3&amp;offset=0&amp;post_type=post&amp;tax_query%5B0%5D%5Btaxonomy%5D=category&amp;tax_query%5B0%5D%5Bfield%5D=term_id&amp;tax_query%5B0%5D%5Bterms%5D%5B0%5D=59&amp;tax_query%5Brelation%5D=AND\" data-max-page=\"32\">\n                    <span class=\"eael-btn-loader button__loader\"><\/span>\n                    <span class=\"eael_load_more_text\">Load More<\/span>\n                <\/button>\n            <\/div>\n            \t\t\t\t<\/div>\n\t\t\t\t\t<\/div>\n\t\t\t\t<\/div>\n\t\t\t\t<\/div>\n\t\t","protected":false},"excerpt":{"rendered":"<p>Desde el 17 de octubre de 2025, el material de estudio para el ex\u00e1men de ciudadan\u00eda pas\u00f3 de 100 a 128 preguntas, de las cuales se formular\u00e1n 20 preguntas al solicitante. Estas son las 128 preguntas y las opciones de respuesta correcta para el ex\u00e1men de ciudadan\u00eda de\u00a0 Estados Unidos. Es posible que se hagan [&hellip;]<\/p>\n","protected":false},"author":1,"featured_media":47446,"comment_status":"open","ping_status":"open","sticky":false,"template":"","format":"standard","meta":{"_acf_changed":false,"_eb_attr":"","footnotes":""},"categories":[59],"tags":[],"class_list":["post-47441","post","type-post","status-publish","format-standard","has-post-thumbnail","hentry","category-recursos-migratorios"],"acf":[],"aioseo_notices":[],"aioseo_head":"\n\t\t<!-- All in One SEO Pro 4.9.6.2 - aioseo.com -->\n\t<meta name=\"description\" content=\"El Departamento de Seguridad Nacional y el Departamento de Trabajo anunciaron la emisi\u00f3n de m\u00e1s permisos de trabajo temporal. Algunos detalles sobre el programa\" \/>\n\t<meta name=\"robots\" content=\"max-snippet:-1, max-image-preview:large, max-video-preview:-1\" \/>\n\t<meta name=\"author\" content=\"Beatriz Tercero\"\/>\n\t<link rel=\"canonical\" href=\"https:\/\/soymigrante.com\/revista\/usa-autoriza-visas-temporales-de-trabajo-para-guatemaltecos-en-el-2025\/\" \/>\n\t<meta name=\"generator\" content=\"All in One SEO Pro (AIOSEO) 4.9.6.2\" \/>\n\n\t\t<link rel=\"preconnect\" href=\"https:\/\/fonts.googleapis.com\" crossorigin>\n<link rel=\"preconnect\" href=\"https:\/\/fonts.gstatic.com\" crossorigin>\n\t\t<meta property=\"og:locale\" content=\"es_ES\" \/>\n\t\t<meta property=\"og:site_name\" content=\"SoyMigrante.com REVISTA \u2013 Nuestra misi\u00f3n es reconocer y dignificar al migrante.\" \/>\n\t\t<meta property=\"og:type\" content=\"article\" \/>\n\t\t<meta property=\"og:title\" content=\"USA incrementa visas de trabajo para guatemaltecos en el 2025\" \/>\n\t\t<meta property=\"og:description\" content=\"El Departamento de Seguridad Nacional y el Departamento de Trabajo anunciaron la emisi\u00f3n de m\u00e1s permisos de trabajo temporal. Algunos detalles sobre el programa\" \/>\n\t\t<meta property=\"og:url\" content=\"https:\/\/soymigrante.com\/revista\/usa-autoriza-visas-temporales-de-trabajo-para-guatemaltecos-en-el-2025\/\" \/>\n\t\t<meta property=\"og:image\" content=\"https:\/\/soymigrante.com\/revista\/wp-content\/uploads\/2024\/11\/trabajo-migrante.webp\" \/>\n\t\t<meta property=\"og:image:secure_url\" content=\"https:\/\/soymigrante.com\/revista\/wp-content\/uploads\/2024\/11\/trabajo-migrante.webp\" \/>\n\t\t<meta property=\"og:image:width\" content=\"897\" \/>\n\t\t<meta property=\"og:image:height\" content=\"897\" \/>\n\t\t<meta property=\"article:published_time\" content=\"2024-11-22T21:03:03+00:00\" \/>\n\t\t<meta property=\"article:modified_time\" content=\"2024-12-01T05:06:30+00:00\" \/>\n\t\t<meta property=\"article:publisher\" content=\"https:\/\/www.facebook.com\/soymigrantecom\" \/>\n\t\t<meta name=\"twitter:card\" content=\"summary_large_image\" \/>\n\t\t<meta name=\"twitter:site\" content=\"@SoyMigrante_com\" \/>\n\t\t<meta name=\"twitter:title\" content=\"USA incrementa visas de trabajo para guatemaltecos en el 2025\" \/>\n\t\t<meta name=\"twitter:description\" content=\"El Departamento de Seguridad Nacional y el Departamento de Trabajo anunciaron la emisi\u00f3n de m\u00e1s permisos de trabajo temporal. Algunos detalles sobre el programa\" \/>\n\t\t<meta name=\"twitter:creator\" content=\"@SoyMigrante_com\" \/>\n\t\t<meta name=\"twitter:image\" content=\"https:\/\/soymigrante.com\/revista\/wp-content\/uploads\/2024\/11\/trabajo-migrante.webp\" \/>\n\t\t<!-- All in One SEO Pro -->\r\n\t\t<title>USA incrementa visas de trabajo para guatemaltecos en el 2025<\/title>\n\n","aioseo_head_json":{"title":"USA incrementa visas de trabajo para guatemaltecos en el 2025","description":"El Departamento de Seguridad Nacional y el Departamento de Trabajo anunciaron la emisi\u00f3n de m\u00e1s permisos de trabajo temporal. Algunos detalles sobre el programa","canonical_url":"https:\/\/soymigrante.com\/revista\/usa-autoriza-visas-temporales-de-trabajo-para-guatemaltecos-en-el-2025\/","robots":"max-snippet:-1, max-image-preview:large, max-video-preview:-1","keywords":"","webmasterTools":{"miscellaneous":"&lt;link rel=\"preconnect\" href=\"https:\/\/fonts.googleapis.com\" crossorigin&gt;\n&lt;link rel=\"preconnect\" href=\"https:\/\/fonts.gstatic.com\" crossorigin&gt;"},"schema":null,"og:locale":"es_ES","og:site_name":"SoyMigrante.com REVISTA \u2013 Nuestra misi\u00f3n es reconocer y dignificar al migrante.","og:type":"article","og:title":"USA incrementa visas de trabajo para guatemaltecos en el 2025","og:description":"El Departamento de Seguridad Nacional y el Departamento de Trabajo anunciaron la emisi\u00f3n de m\u00e1s permisos de trabajo temporal. Algunos detalles sobre el programa","og:url":"https:\/\/soymigrante.com\/revista\/usa-autoriza-visas-temporales-de-trabajo-para-guatemaltecos-en-el-2025\/","og:image":"https:\/\/soymigrante.com\/revista\/wp-content\/uploads\/2024\/11\/trabajo-migrante.webp","og:image:secure_url":"https:\/\/soymigrante.com\/revista\/wp-content\/uploads\/2024\/11\/trabajo-migrante.webp","og:image:width":897,"og:image:height":897,"article:published_time":"2024-11-22T21:03:03+00:00","article:modified_time":"2024-12-01T05:06:30+00:00","article:publisher":"https:\/\/www.facebook.com\/soymigrantecom","twitter:card":"summary_large_image","twitter:site":"@SoyMigrante_com","twitter:title":"USA incrementa visas de trabajo para guatemaltecos en el 2025","twitter:description":"El Departamento de Seguridad Nacional y el Departamento de Trabajo anunciaron la emisi\u00f3n de m\u00e1s permisos de trabajo temporal. Algunos detalles sobre el programa","twitter:creator":"@SoyMigrante_com","twitter:image":"https:\/\/soymigrante.com\/revista\/wp-content\/uploads\/2024\/11\/trabajo-migrante.webp"},"aioseo_meta_data":{"post_id":"47441","title":"Preguntas y respuestas del ex\u00e1men de ciudadan\u00eda USA 2025","description":"El ex\u00e1men para la ciudadan\u00eda de Estados Unidos pas\u00f3 de 100 a 128 posibles preguntas. Esta es una gu\u00eda con respuestas en ingl\u00e9s. El ex\u00e1men es en ingl\u00e9s","keywords":null,"keyphrases":{"focus":{"keyphrase":"Ciudadan\u00eda","score":69,"analysis":{"keyphraseInTitle":{"score":9,"maxScore":9,"error":0},"keyphraseInDescription":{"score":9,"maxScore":9,"error":0},"keyphraseLength":{"score":9,"maxScore":9,"error":0,"length":2},"keyphraseInURL":{"score":5,"maxScore":5,"error":0},"keyphraseInIntroduction":{"score":9,"maxScore":9,"error":0},"keyphraseInSubHeadings":{"score":3,"maxScore":9,"error":1},"keyphraseInImageAlt":{"score":3,"maxScore":9,"error":1},"keywordDensity":{"score":0,"type":"low","maxScore":9,"error":1}}},"additional":[{"keyphrase":"Examen","score":40,"analysis":{"keyphraseInDescription":{"score":3,"maxScore":9,"error":1},"keyphraseLength":{"score":9,"maxScore":9,"error":0,"length":1},"keyphraseInIntroduction":{"score":3,"maxScore":9,"error":1},"keyphraseInImageAlt":{"score":3,"maxScore":9,"error":1},"keywordDensity":{"score":0,"type":"low","maxScore":9,"error":1}}}]},"primary_term":null,"canonical_url":null,"og_title":null,"og_description":null,"og_object_type":"default","og_image_type":"default","og_image_url":null,"og_image_width":null,"og_image_height":null,"og_image_custom_url":null,"og_image_custom_fields":null,"og_video":"","og_custom_url":null,"og_article_section":null,"og_article_tags":null,"twitter_use_og":false,"twitter_card":"default","twitter_image_type":"default","twitter_image_url":null,"twitter_image_custom_url":null,"twitter_image_custom_fields":null,"twitter_title":null,"twitter_description":null,"schema":{"blockGraphs":[],"customGraphs":[],"default":{"data":{"Article":[],"Course":[],"Dataset":[],"FAQPage":[],"Movie":[],"Person":[],"Product":[],"ProductReview":[],"Car":[],"Recipe":[],"Service":[],"SoftwareApplication":[],"WebPage":[]},"graphName":"none","isEnabled":true},"graphs":[]},"schema_type":"default","schema_type_options":null,"pillar_content":false,"robots_default":true,"robots_noindex":false,"robots_noarchive":false,"robots_nosnippet":false,"robots_nofollow":false,"robots_noimageindex":false,"robots_noodp":false,"robots_notranslate":false,"robots_max_snippet":"-1","robots_max_videopreview":"-1","robots_max_imagepreview":"large","priority":null,"frequency":"default","local_seo":null,"seo_analyzer_scan_date":null,"breadcrumb_settings":null,"limit_modified_date":false,"reviewed_by":"0","open_ai":null,"ai":{"faqs":[],"keyPoints":[],"titles":[],"descriptions":[],"socialPosts":{"email":[],"linkedin":[],"twitter":[],"facebook":[],"instagram":[]}},"created":"2025-10-21 03:34:43","updated":"2026-03-06 15:45:35"},"aioseo_breadcrumb":"<div class=\"aioseo-breadcrumbs\"><span class=\"aioseo-breadcrumb\">\n\t<a href=\"https:\/\/soymigrante.com\/revista\" title=\"Home\">Home<\/a>\n<\/span><span class=\"aioseo-breadcrumb-separator\">\u00bb<\/span><span class=\"aioseo-breadcrumb\">\n\t<a href=\"https:\/\/soymigrante.com\/revista\/category\/recursos-migratorios\/\" title=\"Recursos Migratorios\">Recursos Migratorios<\/a>\n<\/span><span class=\"aioseo-breadcrumb-separator\">\u00bb<\/span><span class=\"aioseo-breadcrumb\">\n\tEstas son las 128 preguntas y respuestas del examen de ciudadan\u00eda USA 2025\n<\/span><\/div>","aioseo_breadcrumb_json":[{"label":"Home","link":"https:\/\/soymigrante.com\/revista"},{"label":"Recursos Migratorios","link":"https:\/\/soymigrante.com\/revista\/category\/recursos-migratorios\/"},{"label":"Estas son las 128 preguntas y respuestas del examen de ciudadan\u00eda USA 2025","link":"https:\/\/soymigrante.com\/revista\/estas-son-las-128-preguntas-y-respuestas-del-examen-de-ciudadania-usa-2025\/"}],"_links":{"self":[{"href":"https:\/\/soymigrante.com\/revista\/wp-json\/wp\/v2\/posts\/47441","targetHints":{"allow":["GET"]}}],"collection":[{"href":"https:\/\/soymigrante.com\/revista\/wp-json\/wp\/v2\/posts"}],"about":[{"href":"https:\/\/soymigrante.com\/revista\/wp-json\/wp\/v2\/types\/post"}],"author":[{"embeddable":true,"href":"https:\/\/soymigrante.com\/revista\/wp-json\/wp\/v2\/users\/1"}],"replies":[{"embeddable":true,"href":"https:\/\/soymigrante.com\/revista\/wp-json\/wp\/v2\/comments?post=47441"}],"version-history":[{"count":14,"href":"https:\/\/soymigrante.com\/revista\/wp-json\/wp\/v2\/posts\/47441\/revisions"}],"predecessor-version":[{"id":53300,"href":"https:\/\/soymigrante.com\/revista\/wp-json\/wp\/v2\/posts\/47441\/revisions\/53300"}],"wp:featuredmedia":[{"embeddable":true,"href":"https:\/\/soymigrante.com\/revista\/wp-json\/wp\/v2\/media\/47446"}],"wp:attachment":[{"href":"https:\/\/soymigrante.com\/revista\/wp-json\/wp\/v2\/media?parent=47441"}],"wp:term":[{"taxonomy":"category","embeddable":true,"href":"https:\/\/soymigrante.com\/revista\/wp-json\/wp\/v2\/categories?post=47441"},{"taxonomy":"post_tag","embeddable":true,"href":"https:\/\/soymigrante.com\/revista\/wp-json\/wp\/v2\/tags?post=47441"}],"curies":[{"name":"wp","href":"https:\/\/api.w.org\/{rel}","templated":true}]}}