{"id":47423,"date":"2025-10-20T13:12:23","date_gmt":"2025-10-20T19:12:23","guid":{"rendered":"https:\/\/soymigrante.com\/revista\/?p=47423"},"modified":"2025-10-20T13:35:08","modified_gmt":"2025-10-20T19:35:08","slug":"migrantes-retornados-enfrentan-duros-retos-para-rehacer-su-vida-en-guatemala","status":"publish","type":"post","link":"https:\/\/soymigrante.com\/revista\/migrantes-retornados-enfrentan-duros-retos-para-rehacer-su-vida-en-guatemala\/","title":{"rendered":"Migrantes retornados   enfrentan duros retos para rehacer su vida en Guatemala"},"content":{"rendered":"\t\t<div data-elementor-type=\"wp-post\" data-elementor-id=\"47423\" class=\"elementor elementor-47423\" data-elementor-post-type=\"post\">\n\t\t\t\t<div data-particle_enable=\"false\" data-particle-mobile-disabled=\"false\" class=\"elementor-element elementor-element-a092276 e-flex e-con-boxed e-con e-parent\" data-id=\"a092276\" data-element_type=\"container\" data-e-type=\"container\">\n\t\t\t\t\t<div class=\"e-con-inner\">\n\t\t\t\t<div class=\"elementor-element elementor-element-ef452eb elementor-widget elementor-widget-heading\" data-id=\"ef452eb\" data-element_type=\"widget\" data-e-type=\"widget\" data-widget_type=\"heading.default\">\n\t\t\t\t\t<h2 class=\"elementor-heading-title elementor-size-default\">Estudio de Migration Policy Institute se\u00f1ala las dificultades que afrontan los migrantes deportados desde Estados Unidos para incorporarse econ\u00f3micamente en sus pa\u00edses de origen<\/h2>\t\t\t\t<\/div>\n\t\t\t\t\t<\/div>\n\t\t\t\t<\/div>\n\t\t<div data-particle_enable=\"false\" data-particle-mobile-disabled=\"false\" class=\"elementor-element elementor-element-255e2ac e-flex e-con-boxed e-con e-parent\" data-id=\"255e2ac\" data-element_type=\"container\" data-e-type=\"container\">\n\t\t\t\t\t<div class=\"e-con-inner\">\n\t\t\t\t<div class=\"elementor-element elementor-element-e23a6e3 elementor-widget elementor-widget-text-editor\" data-id=\"e23a6e3\" data-element_type=\"widget\" data-e-type=\"widget\" data-widget_type=\"text-editor.default\">\n\t\t\t\t\t\t\t\t\t<p>Un informe del Migration Policy Institute (MPI) advierte que miles de <a href=\"https:\/\/soymigrante.com\/revista\/proyecto-perspectivas-apoya-a-migrantes-retornados-a-guatemala\/\">guatemaltecos retornados <\/a>desde Estados Unidos enfrentan un proceso de reintegraci\u00f3n lleno de obst\u00e1culos: desde la falta de empleo y documentos de identidad, hasta la discriminaci\u00f3n social y la persistencia de las causas que los llevaron a migrar.<\/p><p>Seg\u00fan el estudio, titulado <a href=\"https:\/\/www.migrationpolicy.org\/news\/retos-de-reintegracion\">\u201cReception and Reintegration of Returnees to Mexico and Central America\u201d<\/a>, el retorno no suele significar el fin del ciclo migratorio.\u00a0<\/p><p>\u201cEn muchos casos, los retornados se encuentran en una situaci\u00f3n tan precaria como la que los llev\u00f3 a salir del pa\u00eds\u201d, se\u00f1ala el an\u00e1lisis, que recomienda a los gobiernos de la regi\u00f3n adoptar estrategias m\u00e1s integrales de recepci\u00f3n y apoyo. De enero a septiembre 2025 fueron deportados de Estados Unidos 35,367 guatemaltecos.<\/p>\t\t\t\t\t\t\t\t<\/div>\n\t\t\t\t\t<\/div>\n\t\t\t\t<\/div>\n\t\t<div data-particle_enable=\"false\" data-particle-mobile-disabled=\"false\" class=\"elementor-element elementor-element-2cb1cfd e-flex e-con-boxed e-con e-parent\" data-id=\"2cb1cfd\" data-element_type=\"container\" data-e-type=\"container\">\n\t\t\t\t\t<div class=\"e-con-inner\">\n\t\t\t\t<div class=\"elementor-element elementor-element-63c97ce elementor-widget elementor-widget-image\" data-id=\"63c97ce\" data-element_type=\"widget\" data-e-type=\"widget\" data-widget_type=\"image.default\">\n\t\t\t\t\t\t\t\t\t\t\t\t<figure class=\"wp-caption\">\n\t\t\t\t\t\t\t\t\t\t<img fetchpriority=\"high\" decoding=\"async\" width=\"634\" height=\"814\" src=\"https:\/\/soymigrante.com\/revista\/wp-content\/uploads\/2025\/10\/retornados-2025-de-enero-a-septiembre.png\" class=\"attachment-large size-large wp-image-47427\" alt=\"M\u00e1s de 35 mil guatemaltecos fueron retornados desde Estados Unidos entre enero y septiembre de 2025. Cifras del Instituto Guatemalteco de Migraci\u00f3n.\" srcset=\"https:\/\/soymigrante.com\/revista\/wp-content\/uploads\/2025\/10\/retornados-2025-de-enero-a-septiembre.png 634w, https:\/\/soymigrante.com\/revista\/wp-content\/uploads\/2025\/10\/retornados-2025-de-enero-a-septiembre-234x300.png 234w\" sizes=\"(max-width: 634px) 100vw, 634px\" title=\"retornados 2025 de enero a septiembre \u2013 SoyMigrante.com REVISTA\" \/>\t\t\t\t\t\t\t\t\t\t\t<figcaption class=\"widget-image-caption wp-caption-text\">M\u00e1s de 35 mil guatemaltecos fueron retornados desde Estados Unidos entre enero y septiembre de 2025. Cifras del Instituto Guatemalteco de Migraci\u00f3n.<\/figcaption>\n\t\t\t\t\t\t\t\t\t\t<\/figure>\n\t\t\t\t\t\t\t\t\t<\/div>\n\t\t\t\t\t<\/div>\n\t\t\t\t<\/div>\n\t\t<div data-particle_enable=\"false\" data-particle-mobile-disabled=\"false\" class=\"elementor-element elementor-element-6b641c4 e-flex e-con-boxed e-con e-parent\" data-id=\"6b641c4\" data-element_type=\"container\" data-e-type=\"container\">\n\t\t\t\t\t<div class=\"e-con-inner\">\n\t\t\t\t<div class=\"elementor-element elementor-element-4b96d93 elementor-widget elementor-widget-text-editor\" data-id=\"4b96d93\" data-element_type=\"widget\" data-e-type=\"widget\" data-widget_type=\"text-editor.default\">\n\t\t\t\t\t\t\t\t\t<h3>Migrantes en su propia tierra&nbsp;<\/h3>\n<p>Uno de los principales retos se\u00f1alados por el MPI es la dificultad para obtener documentos de identidad o reactivar servicios b\u00e1sicos como salud y educaci\u00f3n. Sin estos, los retornados quedan marginados de la vida econ\u00f3mica y social.<\/p>\n<p>El informe tambi\u00e9n subraya la brecha entre las habilidades laborales adquiridas en Estados Unidos y <a href=\"https:\/\/soymigrante.com\/revista\/migrantes-retornados-reactivacion-productiva\/\">las oportunidades disponibles en Guatemala<\/a>. Muchos retornados poseen experiencia en construcci\u00f3n, cocina o servicios, pero se topan con mercados informales y mal remunerados.<\/p>\n<p>\u201cVolver no es f\u00e1cil. Uno se acostumbra a otro ritmo, a otra forma de trabajar, y aqu\u00ed cuesta empezar de nuevo\u201d, comenta Jos\u00e9, un guatemalteco retornado de Maryland citado por el informe.<\/p>\n<p>A esto se suma el estigma social. En comunidades rurales, regresar puede interpretarse como un &#8220;fracaso&#8221; o, incluso, despertar sospechas sobre v\u00ednculos&nbsp; o la verdadera pertenencia de la persona, lo que agrava el aislamiento.<\/p>\n<h3>Causas estructurales que persisten<\/h3>\n<p>El MPI advierte que los factores que impulsan la migraci\u00f3n \u2014como la falta de oportunidades, la inseguridad y la debilidad institucional\u2014 siguen presentes en Guatemala, Honduras y El Salvador. \u201cLa <a href=\"https:\/\/soymigrante.com\/revista\/migrantes-retornados-reactivacion-productiva\/\">reintegraci\u00f3n<\/a> ser\u00e1 limitada mientras no se aborden las causas estructurales que empujan a las personas a salir\u201d, afirma el documento.<\/p>\n<p>Adem\u00e1s, muchos retornados no reciben orientaci\u00f3n antes de volver. Carecen de informaci\u00f3n sobre programas de apoyo, formaci\u00f3n o acceso a empleo, lo que reduce las posibilidades de establecerse de manera estable.<\/p>\n<h3>Un desaf\u00edo de pol\u00edtica p\u00fablica<\/h3>\n<p>Expertos consultados por el MPI consideran que los gobiernos deben pasar de las respuestas asistenciales a una pol\u00edtica sostenida de<a href=\"https:\/\/soymigrante.com\/revista\/impulsan-proyecto-para-fortalecer-la-reintegracion-de-migrantes-retornados-al-pais\/\"> reintegraci\u00f3n, <\/a>que incluya atenci\u00f3n psicosocial, capacitaci\u00f3n laboral y coordinaci\u00f3n entre instituciones.<\/p>\n<p>\u201cEl retorno debe entenderse como una oportunidad de aprovechar las capacidades que los migrantes adquirieron en el exterior, no como un problema que se deja a su suerte\u201d, indic\u00f3 la investigadora Jessica Bolter, coautora del informe.<\/p>\n<p>En el caso de Guatemala, organizaciones como Conamigua y varias asociaciones de migrantes en Estados Unidos han pedido mejorar los programas de reinserci\u00f3n laboral y acompa\u00f1amiento emocional, especialmente para j\u00f3venes y mujeres retornadas.<\/p>\n<p>El estudio del Migration Policy Institute deja claro que el retorno no cierra la historia migratoria de los guatemaltecos, sino que abre un nuevo cap\u00edtulo que requiere pol\u00edticas p\u00fablicas s\u00f3lidas, acompa\u00f1amiento social y un cambio cultural.<\/p>\n<p>Mientras tanto, muchos retornados siguen debati\u00e9ndose entre <a href=\"https:\/\/soymigrante.com\/revista\/impulsan-proyecto-para-fortalecer-la-reintegracion-de-migrantes-retornados-al-pais\/\">reconstruir su vida<\/a> aqu\u00ed o intentar nuevamente el incierto y temido viaje al norte en condiciones mucho m\u00e1s adversas que nunca.<\/p>\t\t\t\t\t\t\t\t<\/div>\n\t\t\t\t\t<\/div>\n\t\t\t\t<\/div>\n\t\t<div data-particle_enable=\"false\" data-particle-mobile-disabled=\"false\" class=\"elementor-element elementor-element-c6b521c e-flex e-con-boxed e-con e-parent\" data-id=\"c6b521c\" data-element_type=\"container\" data-e-type=\"container\">\n\t\t\t\t\t<div class=\"e-con-inner\">\n\t\t\t\t<div class=\"elementor-element elementor-element-0653579 elementor-grid-eael-col-3 elementor-grid-tablet-eael-col-2 elementor-grid-mobile-eael-col-1 elementor-widget elementor-widget-eael-post-grid\" data-id=\"0653579\" data-element_type=\"widget\" data-e-type=\"widget\" data-settings=\"{&quot;eael_post_grid_columns&quot;:&quot;eael-col-3&quot;,&quot;eael_post_grid_columns_tablet&quot;:&quot;eael-col-2&quot;,&quot;eael_post_grid_columns_mobile&quot;:&quot;eael-col-1&quot;}\" data-widget_type=\"eael-post-grid.default\">\n\t\t\t\t\t<div id=\"eael-post-grid-0653579\" class=\"eael-post-grid-container\">\n            <div class=\"eael-post-grid eael-post-appender eael-post-appender-0653579 eael-post-grid-style-three\" data-layout-mode=\"masonry\"><article class=\"eael-grid-post  eael-post-grid-column eael-pg-post-1615 category-estamos-unidos\" data-id=\"1615\">\n        <div class=\"eael-grid-post-holder\">\n            <div class=\"eael-grid-post-holder-inner\"><div class=\"eael-entry-media\"><div class=\"eael-entry-overlay fade-in\"><i class=\"far fa-hand-pointer\" aria-hidden=\"true\"><\/i><a href=\"https:\/\/soymigrante.com\/revista\/migrantes-retornados-reactivacion-productiva\/\"><\/a><\/div><div class=\"eael-entry-thumbnail eael-image-ratio\">\n                 <img decoding=\"async\" width=\"1024\" height=\"768\" src=\"https:\/\/soymigrante.com\/revista\/wp-content\/uploads\/2023\/06\/Migrantes-guatemaltecos-retornados--1024x768.webp\" class=\"attachment-large size-large wp-image-1623\" alt=\"Migrantes guatemaltecos retornado\" srcset=\"https:\/\/soymigrante.com\/revista\/wp-content\/uploads\/2023\/06\/Migrantes-guatemaltecos-retornados--1024x768.webp 1024w, https:\/\/soymigrante.com\/revista\/wp-content\/uploads\/2023\/06\/Migrantes-guatemaltecos-retornados--300x225.webp 300w, https:\/\/soymigrante.com\/revista\/wp-content\/uploads\/2023\/06\/Migrantes-guatemaltecos-retornados--768x576.webp 768w, https:\/\/soymigrante.com\/revista\/wp-content\/uploads\/2023\/06\/Migrantes-guatemaltecos-retornados--750x563.webp 750w, https:\/\/soymigrante.com\/revista\/wp-content\/uploads\/2023\/06\/Migrantes-guatemaltecos-retornados--1140x855.webp 1140w, https:\/\/soymigrante.com\/revista\/wp-content\/uploads\/2023\/06\/Migrantes-guatemaltecos-retornados-.webp 1280w\" sizes=\"(max-width: 1024px) 100vw, 1024px\" \/>\n             <\/div>\n        <\/div><div class=\"eael-entry-wrapper\"><header class=\"eael-entry-header\"><h2 class=\"eael-entry-title\"><a class=\"eael-grid-post-link\" href=\"https:\/\/soymigrante.com\/revista\/migrantes-retornados-reactivacion-productiva\/\" title=\"Migrantes Retornados: Reactivando Vidas Productivas en Guatemala\">Migrantes Retornados: Reactivando Vidas Productivas en Guatemala<\/a><\/h2><\/header><div class=\"eael-entry-content\">\n                        <div class=\"eael-grid-post-excerpt\"><a href=\"https:\/\/soymigrante.com\/revista\/migrantes-retornados-reactivacion-productiva\/\" class=\"eael-post-elements-readmore-btn\">CONOCE SU HISTORIA <\/a><\/div>\n                    <\/div><\/div><\/div>\n        <\/div>\n    <\/article><article class=\"eael-grid-post  eael-post-grid-column eael-pg-post-300 category-bienestar\" data-id=\"300\">\n        <div class=\"eael-grid-post-holder\">\n            <div class=\"eael-grid-post-holder-inner\"><div class=\"eael-entry-media\"><div class=\"eael-entry-overlay fade-in\"><i class=\"far fa-hand-pointer\" aria-hidden=\"true\"><\/i><a href=\"https:\/\/soymigrante.com\/revista\/el-duelo-migratorio-existe-y-no-solo-es-uno-son-siete-los-duelos-del-migrante\/\"><\/a><\/div><div class=\"eael-entry-thumbnail eael-image-ratio\">\n                 <img decoding=\"async\" width=\"1024\" height=\"1024\" src=\"https:\/\/soymigrante.com\/revista\/wp-content\/uploads\/2024\/01\/Duelo-de-distancia-es-real.webp\" class=\"attachment-large size-large wp-image-6099\" alt=\"Hermosa ilustraci\u00f3n de un atardecer en una cafeter\u00eda, mostrando una figura sentada contemplando el paisaje y la luna llena, con tonos c\u00e1lidos y un ambiente introspectivo, ideal para temas de migraci\u00f3n, reflexi\u00f3n y cultura.\" srcset=\"https:\/\/soymigrante.com\/revista\/wp-content\/uploads\/2024\/01\/Duelo-de-distancia-es-real.webp 1024w, https:\/\/soymigrante.com\/revista\/wp-content\/uploads\/2024\/01\/Duelo-de-distancia-es-real-300x300.webp 300w, https:\/\/soymigrante.com\/revista\/wp-content\/uploads\/2024\/01\/Duelo-de-distancia-es-real-150x150.webp 150w, https:\/\/soymigrante.com\/revista\/wp-content\/uploads\/2024\/01\/Duelo-de-distancia-es-real-768x768.webp 768w, https:\/\/soymigrante.com\/revista\/wp-content\/uploads\/2024\/01\/Duelo-de-distancia-es-real-75x75.webp 75w, https:\/\/soymigrante.com\/revista\/wp-content\/uploads\/2024\/01\/Duelo-de-distancia-es-real-750x750.webp 750w, https:\/\/soymigrante.com\/revista\/wp-content\/uploads\/2024\/01\/Duelo-de-distancia-es-real-600x600.webp 600w\" sizes=\"(max-width: 1024px) 100vw, 1024px\" \/>\n             <\/div>\n        <\/div><div class=\"eael-entry-wrapper\"><header class=\"eael-entry-header\"><h2 class=\"eael-entry-title\"><a class=\"eael-grid-post-link\" href=\"https:\/\/soymigrante.com\/revista\/el-duelo-migratorio-existe-y-no-solo-es-uno-son-siete-los-duelos-del-migrante\/\" title=\"Duelo de distancia  es real pero se puede y se debe superar\">Duelo de distancia  es real pero se puede y se debe superar<\/a><\/h2><\/header><div class=\"eael-entry-content\">\n                        <div class=\"eael-grid-post-excerpt\"><a href=\"https:\/\/soymigrante.com\/revista\/el-duelo-migratorio-existe-y-no-solo-es-uno-son-siete-los-duelos-del-migrante\/\" class=\"eael-post-elements-readmore-btn\">CONOCE SU HISTORIA <\/a><\/div>\n                    <\/div><\/div><\/div>\n        <\/div>\n    <\/article><article class=\"eael-grid-post  eael-post-grid-column eael-pg-post-2411 category-lugar-de-voces\" data-id=\"2411\">\n        <div class=\"eael-grid-post-holder\">\n            <div class=\"eael-grid-post-holder-inner\"><div class=\"eael-entry-media\"><div class=\"eael-entry-overlay fade-in\"><i class=\"far fa-hand-pointer\" aria-hidden=\"true\"><\/i><a href=\"https:\/\/soymigrante.com\/revista\/reintegrar-a-migrantes-guatemaltecos-retornados-a-la-economia-es-vital\/\"><\/a><\/div><div class=\"eael-entry-thumbnail eael-image-ratio\">\n                 <img loading=\"lazy\" decoding=\"async\" width=\"1024\" height=\"479\" src=\"https:\/\/soymigrante.com\/revista\/wp-content\/uploads\/2023\/09\/migra-1024x479.webp\" class=\"attachment-large size-large wp-image-2447\" alt=\"\" srcset=\"https:\/\/soymigrante.com\/revista\/wp-content\/uploads\/2023\/09\/migra-1024x479.webp 1024w, https:\/\/soymigrante.com\/revista\/wp-content\/uploads\/2023\/09\/migra-300x140.webp 300w, https:\/\/soymigrante.com\/revista\/wp-content\/uploads\/2023\/09\/migra-768x359.webp 768w, https:\/\/soymigrante.com\/revista\/wp-content\/uploads\/2023\/09\/migra-1536x718.webp 1536w, https:\/\/soymigrante.com\/revista\/wp-content\/uploads\/2023\/09\/migra-750x351.webp 750w, https:\/\/soymigrante.com\/revista\/wp-content\/uploads\/2023\/09\/migra-1140x533.webp 1140w, https:\/\/soymigrante.com\/revista\/wp-content\/uploads\/2023\/09\/migra.webp 1884w\" sizes=\"(max-width: 1024px) 100vw, 1024px\" \/>\n             <\/div>\n        <\/div><div class=\"eael-entry-wrapper\"><header class=\"eael-entry-header\"><h2 class=\"eael-entry-title\"><a class=\"eael-grid-post-link\" href=\"https:\/\/soymigrante.com\/revista\/reintegrar-a-migrantes-guatemaltecos-retornados-a-la-economia-es-vital\/\" title=\"Reintegrar a migrantes guatemaltecos retornados a la econom\u00eda es vital\">Reintegrar a migrantes guatemaltecos retornados a la econom\u00eda es vital<\/a><\/h2><\/header><div class=\"eael-entry-content\">\n                        <div class=\"eael-grid-post-excerpt\"><a href=\"https:\/\/soymigrante.com\/revista\/reintegrar-a-migrantes-guatemaltecos-retornados-a-la-economia-es-vital\/\" class=\"eael-post-elements-readmore-btn\">CONOCE SU HISTORIA <\/a><\/div>\n                    <\/div><\/div><\/div>\n        <\/div>\n    <\/article><\/div>\n            <div class=\"clearfix\"><\/div>\n        <\/div>\t\t\t\t<\/div>\n\t\t\t\t\t<\/div>\n\t\t\t\t<\/div>\n\t\t\t\t<\/div>\n\t\t","protected":false},"excerpt":{"rendered":"<p>Estudio de Migration Policy Institute se\u00f1ala las dificultades que afrontan los migrantes deportados desde Estados Unidos para incorporarse econ\u00f3micamente en sus pa\u00edses de origen Un informe del Migration Policy Institute (MPI) advierte que miles de guatemaltecos retornados desde Estados Unidos enfrentan un proceso de reintegraci\u00f3n lleno de obst\u00e1culos: desde la falta de empleo y documentos [&hellip;]<\/p>\n","protected":false},"author":7,"featured_media":47424,"comment_status":"open","ping_status":"open","sticky":false,"template":"","format":"standard","meta":{"_acf_changed":false,"_eb_attr":"","footnotes":""},"categories":[280],"tags":[],"class_list":["post-47423","post","type-post","status-publish","format-standard","has-post-thumbnail","hentry","category-noticias"],"acf":[],"aioseo_notices":[],"aioseo_head":"\n\t\t<!-- All in One SEO Pro 4.9.6.2 - aioseo.com -->\n\t<meta name=\"description\" content=\"Miles de guatemaltecos migrantes son retornados a su lugar de origen y buscan nuevas oportunidades de emprendimiento para fortalecer su estado econ\u00f3mico.\" \/>\n\t<meta name=\"robots\" content=\"max-snippet:-1, max-image-preview:large, max-video-preview:-1\" \/>\n\t<meta name=\"author\" content=\"SoyMigrante.com REVISTA\"\/>\n\t<link rel=\"canonical\" href=\"https:\/\/soymigrante.com\/revista\/reintegrar-a-migrantes-guatemaltecos-retornados-a-la-economia-es-vital\/\" \/>\n\t<meta name=\"generator\" content=\"All in One SEO Pro (AIOSEO) 4.9.6.2\" \/>\n\n\t\t<link rel=\"preconnect\" href=\"https:\/\/fonts.googleapis.com\" crossorigin>\n<link rel=\"preconnect\" href=\"https:\/\/fonts.gstatic.com\" crossorigin>\n\t\t<meta property=\"og:locale\" content=\"es_ES\" \/>\n\t\t<meta property=\"og:site_name\" content=\"SoyMigrante.com REVISTA \u2013 Nuestra misi\u00f3n es reconocer y dignificar al migrante.\" \/>\n\t\t<meta property=\"og:type\" content=\"article\" \/>\n\t\t<meta property=\"og:title\" content=\"Reintegrar a migrantes guatemaltecos retornados a la econom\u00eda es vital\" \/>\n\t\t<meta property=\"og:description\" content=\"Miles de guatemaltecos migrantes son retornados a su lugar de origen y buscan nuevas oportunidades de emprendimiento para fortalecer su estado econ\u00f3mico.\" \/>\n\t\t<meta property=\"og:url\" content=\"https:\/\/soymigrante.com\/revista\/reintegrar-a-migrantes-guatemaltecos-retornados-a-la-economia-es-vital\/\" \/>\n\t\t<meta property=\"og:image\" content=\"https:\/\/soymigrante.com\/revista\/wp-content\/uploads\/2023\/09\/migra.webp\" \/>\n\t\t<meta property=\"og:image:secure_url\" content=\"https:\/\/soymigrante.com\/revista\/wp-content\/uploads\/2023\/09\/migra.webp\" \/>\n\t\t<meta property=\"og:image:width\" content=\"1884\" \/>\n\t\t<meta property=\"og:image:height\" content=\"881\" \/>\n\t\t<meta property=\"article:published_time\" content=\"2023-09-01T18:23:35+00:00\" \/>\n\t\t<meta property=\"article:modified_time\" content=\"2024-07-30T21:36:10+00:00\" \/>\n\t\t<meta property=\"article:publisher\" content=\"https:\/\/www.facebook.com\/soymigrantecom\" \/>\n\t\t<meta name=\"twitter:card\" content=\"summary_large_image\" \/>\n\t\t<meta name=\"twitter:site\" content=\"@SoyMigrante_com\" \/>\n\t\t<meta name=\"twitter:title\" content=\"Reintegrar a migrantes guatemaltecos retornados a la econom\u00eda es vital\" \/>\n\t\t<meta name=\"twitter:description\" content=\"Miles de guatemaltecos migrantes son retornados a su lugar de origen y buscan nuevas oportunidades de emprendimiento para fortalecer su estado econ\u00f3mico.\" \/>\n\t\t<meta name=\"twitter:creator\" content=\"@SoyMigrante_com\" \/>\n\t\t<meta name=\"twitter:image\" content=\"https:\/\/soymigrante.com\/revista\/wp-content\/uploads\/2023\/09\/migra.webp\" \/>\n\t\t<!-- All in One SEO Pro -->\r\n\t\t<title>Reintegrar a migrantes guatemaltecos retornados a la econom\u00eda es vital<\/title>\n\n","aioseo_head_json":{"title":"Reintegrar a migrantes guatemaltecos retornados a la econom\u00eda es vital","description":"Miles de guatemaltecos migrantes son retornados a su lugar de origen y buscan nuevas oportunidades de emprendimiento para fortalecer su estado econ\u00f3mico.","canonical_url":"https:\/\/soymigrante.com\/revista\/reintegrar-a-migrantes-guatemaltecos-retornados-a-la-economia-es-vital\/","robots":"max-snippet:-1, max-image-preview:large, max-video-preview:-1","keywords":"","webmasterTools":{"miscellaneous":"&lt;link rel=\"preconnect\" href=\"https:\/\/fonts.googleapis.com\" crossorigin&gt;\n&lt;link rel=\"preconnect\" href=\"https:\/\/fonts.gstatic.com\" crossorigin&gt;"},"schema":null,"og:locale":"es_ES","og:site_name":"SoyMigrante.com REVISTA \u2013 Nuestra misi\u00f3n es reconocer y dignificar al migrante.","og:type":"article","og:title":"Reintegrar a migrantes guatemaltecos retornados a la econom\u00eda es vital","og:description":"Miles de guatemaltecos migrantes son retornados a su lugar de origen y buscan nuevas oportunidades de emprendimiento para fortalecer su estado econ\u00f3mico.","og:url":"https:\/\/soymigrante.com\/revista\/reintegrar-a-migrantes-guatemaltecos-retornados-a-la-economia-es-vital\/","og:image":"https:\/\/soymigrante.com\/revista\/wp-content\/uploads\/2023\/09\/migra.webp","og:image:secure_url":"https:\/\/soymigrante.com\/revista\/wp-content\/uploads\/2023\/09\/migra.webp","og:image:width":1884,"og:image:height":881,"article:published_time":"2023-09-01T18:23:35+00:00","article:modified_time":"2024-07-30T21:36:10+00:00","article:publisher":"https:\/\/www.facebook.com\/soymigrantecom","twitter:card":"summary_large_image","twitter:site":"@SoyMigrante_com","twitter:title":"Reintegrar a migrantes guatemaltecos retornados a la econom\u00eda es vital","twitter:description":"Miles de guatemaltecos migrantes son retornados a su lugar de origen y buscan nuevas oportunidades de emprendimiento para fortalecer su estado econ\u00f3mico.","twitter:creator":"@SoyMigrante_com","twitter:image":"https:\/\/soymigrante.com\/revista\/wp-content\/uploads\/2023\/09\/migra.webp"},"aioseo_meta_data":{"post_id":"47423","title":"Retornados enfrentan retos para rehacer su vida en Guatemala","description":"Regresar al pa\u00eds natal despu\u00e9s de a\u00f1os, incluso d\u00e9cadas, est\u00e1 siendo un proceso dif\u00edcil para muchos migrantes, se\u00f1ala estudio de Migration Policy Institute.","keywords":null,"keyphrases":{"focus":{"keyphrase":"Retornados","score":82,"analysis":{"keyphraseInTitle":{"score":9,"maxScore":9,"error":0},"keyphraseInDescription":{"score":3,"maxScore":9,"error":1},"keyphraseLength":{"score":9,"maxScore":9,"error":0,"length":1},"keyphraseInURL":{"score":5,"maxScore":5,"error":0},"keyphraseInIntroduction":{"score":9,"maxScore":9,"error":0},"keyphraseInSubHeadings":{"score":3,"maxScore":9,"error":1},"keyphraseInImageAlt":{"score":9,"maxScore":9,"error":0},"keywordDensity":{"type":"best","score":9,"maxScore":9,"error":0}}},"additional":[{"keyphrase":"Guatemala","score":60,"analysis":{"keyphraseInDescription":{"score":3,"maxScore":9,"error":1},"keyphraseLength":{"score":9,"maxScore":9,"error":0,"length":1},"keyphraseInIntroduction":{"score":3,"maxScore":9,"error":1},"keyphraseInImageAlt":{"score":3,"maxScore":9,"error":1},"keywordDensity":{"type":"best","score":9,"maxScore":9,"error":0}}}]},"primary_term":null,"canonical_url":null,"og_title":null,"og_description":null,"og_object_type":"default","og_image_type":"default","og_image_url":null,"og_image_width":null,"og_image_height":null,"og_image_custom_url":null,"og_image_custom_fields":null,"og_video":"","og_custom_url":null,"og_article_section":null,"og_article_tags":null,"twitter_use_og":false,"twitter_card":"default","twitter_image_type":"default","twitter_image_url":null,"twitter_image_custom_url":null,"twitter_image_custom_fields":null,"twitter_title":null,"twitter_description":null,"schema":{"blockGraphs":[],"customGraphs":[],"default":{"data":{"Article":[],"Course":[],"Dataset":[],"FAQPage":[],"Movie":[],"Person":[],"Product":[],"ProductReview":[],"Car":[],"Recipe":[],"Service":[],"SoftwareApplication":[],"WebPage":[]},"graphName":"none","isEnabled":true},"graphs":[]},"schema_type":"default","schema_type_options":null,"pillar_content":false,"robots_default":true,"robots_noindex":false,"robots_noarchive":false,"robots_nosnippet":false,"robots_nofollow":false,"robots_noimageindex":false,"robots_noodp":false,"robots_notranslate":false,"robots_max_snippet":"-1","robots_max_videopreview":"-1","robots_max_imagepreview":"large","priority":null,"frequency":"default","local_seo":null,"seo_analyzer_scan_date":"2025-10-20 19:36:08","breadcrumb_settings":null,"limit_modified_date":false,"reviewed_by":"0","open_ai":null,"ai":{"faqs":[],"keyPoints":[],"titles":[],"descriptions":[],"socialPosts":{"email":[],"linkedin":[],"twitter":[],"facebook":[],"instagram":[]}},"created":"2025-10-20 18:40:11","updated":"2026-02-05 06:36:59"},"aioseo_breadcrumb":"<div class=\"aioseo-breadcrumbs\"><span class=\"aioseo-breadcrumb\">\n\t<a href=\"https:\/\/soymigrante.com\/revista\" title=\"Home\">Home<\/a>\n<\/span><span class=\"aioseo-breadcrumb-separator\">\u00bb<\/span><span class=\"aioseo-breadcrumb\">\n\t<a href=\"https:\/\/soymigrante.com\/revista\/category\/noticias\/\" title=\"Noticias\">Noticias<\/a>\n<\/span><span class=\"aioseo-breadcrumb-separator\">\u00bb<\/span><span class=\"aioseo-breadcrumb\">\n\tMigrantes retornados   enfrentan duros retos para rehacer su vida en Guatemala\n<\/span><\/div>","aioseo_breadcrumb_json":[{"label":"Home","link":"https:\/\/soymigrante.com\/revista"},{"label":"Noticias","link":"https:\/\/soymigrante.com\/revista\/category\/noticias\/"},{"label":"Migrantes retornados   enfrentan duros retos para rehacer su vida en Guatemala","link":"https:\/\/soymigrante.com\/revista\/migrantes-retornados-enfrentan-duros-retos-para-rehacer-su-vida-en-guatemala\/"}],"_links":{"self":[{"href":"https:\/\/soymigrante.com\/revista\/wp-json\/wp\/v2\/posts\/47423","targetHints":{"allow":["GET"]}}],"collection":[{"href":"https:\/\/soymigrante.com\/revista\/wp-json\/wp\/v2\/posts"}],"about":[{"href":"https:\/\/soymigrante.com\/revista\/wp-json\/wp\/v2\/types\/post"}],"author":[{"embeddable":true,"href":"https:\/\/soymigrante.com\/revista\/wp-json\/wp\/v2\/users\/7"}],"replies":[{"embeddable":true,"href":"https:\/\/soymigrante.com\/revista\/wp-json\/wp\/v2\/comments?post=47423"}],"version-history":[{"count":5,"href":"https:\/\/soymigrante.com\/revista\/wp-json\/wp\/v2\/posts\/47423\/revisions"}],"predecessor-version":[{"id":47431,"href":"https:\/\/soymigrante.com\/revista\/wp-json\/wp\/v2\/posts\/47423\/revisions\/47431"}],"wp:featuredmedia":[{"embeddable":true,"href":"https:\/\/soymigrante.com\/revista\/wp-json\/wp\/v2\/media\/47424"}],"wp:attachment":[{"href":"https:\/\/soymigrante.com\/revista\/wp-json\/wp\/v2\/media?parent=47423"}],"wp:term":[{"taxonomy":"category","embeddable":true,"href":"https:\/\/soymigrante.com\/revista\/wp-json\/wp\/v2\/categories?post=47423"},{"taxonomy":"post_tag","embeddable":true,"href":"https:\/\/soymigrante.com\/revista\/wp-json\/wp\/v2\/tags?post=47423"}],"curies":[{"name":"wp","href":"https:\/\/api.w.org\/{rel}","templated":true}]}}