{"id":4741,"date":"2024-02-06T23:42:29","date_gmt":"2024-02-07T05:42:29","guid":{"rendered":"https:\/\/soymigrante.com\/revista\/?p=4741"},"modified":"2024-11-01T03:50:26","modified_gmt":"2024-11-01T09:50:26","slug":"actor-maya-guatemalteco-dionicio-virvez-aconseja-nunca-rendirse-al-buscar-un-sueno","status":"publish","type":"post","link":"https:\/\/soymigrante.com\/revista\/actor-maya-guatemalteco-dionicio-virvez-aconseja-nunca-rendirse-al-buscar-un-sueno\/","title":{"rendered":"Acci\u00f3n, drama y ficci\u00f3n cruzan la vida del actor migrante maya Dionicio Virvez"},"content":{"rendered":"\t\t<div data-elementor-type=\"wp-post\" data-elementor-id=\"4741\" class=\"elementor elementor-4741\" data-elementor-post-type=\"post\">\n\t\t\t\t\t\t<section data-particle_enable=\"false\" data-particle-mobile-disabled=\"false\" class=\"elementor-section elementor-top-section elementor-element elementor-element-472fc38 elementor-section-boxed elementor-section-height-default elementor-section-height-default\" data-id=\"472fc38\" data-element_type=\"section\" data-e-type=\"section\">\n\t\t\t\t\t\t<div class=\"elementor-container elementor-column-gap-default\">\n\t\t\t\t\t<div class=\"elementor-column elementor-col-100 elementor-top-column elementor-element elementor-element-1ba07e8\" data-id=\"1ba07e8\" data-element_type=\"column\" data-e-type=\"column\">\n\t\t\t<div class=\"elementor-widget-wrap elementor-element-populated\">\n\t\t\t\t\t\t<div class=\"elementor-element elementor-element-5146039 elementor-widget elementor-widget-heading\" data-id=\"5146039\" data-element_type=\"widget\" data-e-type=\"widget\" data-widget_type=\"heading.default\">\n\t\t\t\t\t<h1 class=\"elementor-heading-title elementor-size-default\">Migrante maya q'anjob'al  lleg\u00f3 a California, EE.UU. en 1984, huyendo de la guerra en Guatemala pero con un gran sue\u00f1o: ser actor en Hollywood. Sus realidades casi parecen ficci\u00f3n y su aventura de vida sigue en pleno rodaje. Esta es la historia.<\/h1>\t\t\t\t<\/div>\n\t\t\t\t\t<\/div>\n\t\t<\/div>\n\t\t\t\t\t<\/div>\n\t\t<\/section>\n\t\t\t\t<section data-particle_enable=\"false\" data-particle-mobile-disabled=\"false\" class=\"elementor-section elementor-top-section elementor-element elementor-element-3db2a01 elementor-section-boxed elementor-section-height-default elementor-section-height-default\" data-id=\"3db2a01\" data-element_type=\"section\" data-e-type=\"section\">\n\t\t\t\t\t\t<div class=\"elementor-container elementor-column-gap-default\">\n\t\t\t\t\t<div class=\"elementor-column elementor-col-100 elementor-top-column elementor-element elementor-element-d47631f\" data-id=\"d47631f\" data-element_type=\"column\" data-e-type=\"column\">\n\t\t\t<div class=\"elementor-widget-wrap elementor-element-populated\">\n\t\t\t\t\t\t<div class=\"elementor-element elementor-element-cf1d3e1 elementor-widget elementor-widget-video\" data-id=\"cf1d3e1\" data-element_type=\"widget\" data-e-type=\"widget\" data-settings=\"{&quot;youtube_url&quot;:&quot;https:\\\/\\\/www.youtube.com\\\/watch?v=jkGhRrZg-UU&quot;,&quot;start&quot;:22,&quot;end&quot;:50,&quot;video_type&quot;:&quot;youtube&quot;,&quot;controls&quot;:&quot;yes&quot;}\" data-widget_type=\"video.default\">\n\t\t\t\t\t\t\t<div class=\"elementor-wrapper elementor-open-inline\">\n\t\t\t<div class=\"elementor-video\"><\/div>\t\t<\/div>\n\t\t\t\t\t\t<\/div>\n\t\t\t\t\t<\/div>\n\t\t<\/div>\n\t\t\t\t\t<\/div>\n\t\t<\/section>\n\t\t\t\t<section data-particle_enable=\"false\" data-particle-mobile-disabled=\"false\" class=\"elementor-section elementor-top-section elementor-element elementor-element-d0de9fd elementor-section-boxed elementor-section-height-default elementor-section-height-default\" data-id=\"d0de9fd\" data-element_type=\"section\" data-e-type=\"section\">\n\t\t\t\t\t\t<div class=\"elementor-container elementor-column-gap-default\">\n\t\t\t\t\t<div class=\"elementor-column elementor-col-100 elementor-top-column elementor-element elementor-element-30c6618\" data-id=\"30c6618\" data-element_type=\"column\" data-e-type=\"column\">\n\t\t\t<div class=\"elementor-widget-wrap elementor-element-populated\">\n\t\t\t\t\t\t<div class=\"elementor-element elementor-element-89995d3 elementor-widget elementor-widget-text-editor\" data-id=\"89995d3\" data-element_type=\"widget\" data-e-type=\"widget\" data-widget_type=\"text-editor.default\">\n\t\t\t\t\t\t\t\t\t<p>Era D\u00eda del Trabajo cuando Dionicio Virvez sali\u00f3 de su natal Santa Eulalia, Huehuetenango para huir de la guerra que asolaba a Guatemala.\u00a0<\/p><p>&#8220;Mi padre me dec\u00eda: o te van a meter al ej\u00e9rcito o te van a meter a la guerrilla. Los dos andan buscando gente, para morir. O mor\u00edas o te mataban. Mi pap\u00e1 me dijo que es mejor que te vayas. Ya casi me iaba a graduar de maestro&#8221;, relata Dionicio Virvez. Lleg\u00f3 a Los Angeles el D\u00eda de la Madre. &#8220;Lo recuerdo bien, 10 de mayo de 1984. No ten\u00eda donde dormir, ni qu\u00e9 comer ni nadie me que recibiera&#8221;.<\/p>\t\t\t\t\t\t\t\t<\/div>\n\t\t\t\t\t<\/div>\n\t\t<\/div>\n\t\t\t\t\t<\/div>\n\t\t<\/section>\n\t\t\t\t<section data-particle_enable=\"false\" data-particle-mobile-disabled=\"false\" class=\"elementor-section elementor-top-section elementor-element elementor-element-67d9a86 elementor-section-boxed elementor-section-height-default elementor-section-height-default\" data-id=\"67d9a86\" data-element_type=\"section\" data-e-type=\"section\">\n\t\t\t\t\t\t<div class=\"elementor-container elementor-column-gap-default\">\n\t\t\t\t\t<div class=\"elementor-column elementor-col-100 elementor-top-column elementor-element elementor-element-a9221a0\" data-id=\"a9221a0\" data-element_type=\"column\" data-e-type=\"column\">\n\t\t\t<div class=\"elementor-widget-wrap elementor-element-populated\">\n\t\t\t\t\t\t<div class=\"elementor-element elementor-element-f3be641 elementor-widget elementor-widget-video\" data-id=\"f3be641\" data-element_type=\"widget\" data-e-type=\"widget\" data-settings=\"{&quot;youtube_url&quot;:&quot;https:\\\/\\\/www.youtube.com\\\/watch?v=qv_TPQqpCPs&amp;list=PLH5v_GzPGijxDLMRS8ffKl5bbRpRLnQIv&quot;,&quot;start&quot;:4680,&quot;end&quot;:4710,&quot;video_type&quot;:&quot;youtube&quot;,&quot;controls&quot;:&quot;yes&quot;}\" data-widget_type=\"video.default\">\n\t\t\t\t\t\t\t<div class=\"elementor-wrapper elementor-open-inline\">\n\t\t\t<div class=\"elementor-video\"><\/div>\t\t<\/div>\n\t\t\t\t\t\t<\/div>\n\t\t\t\t\t<\/div>\n\t\t<\/div>\n\t\t\t\t\t<\/div>\n\t\t<\/section>\n\t\t\t\t<section data-particle_enable=\"false\" data-particle-mobile-disabled=\"false\" class=\"elementor-section elementor-top-section elementor-element elementor-element-34c4b16 elementor-section-boxed elementor-section-height-default elementor-section-height-default\" data-id=\"34c4b16\" data-element_type=\"section\" data-e-type=\"section\">\n\t\t\t\t\t\t<div class=\"elementor-container elementor-column-gap-default\">\n\t\t\t\t\t<div class=\"elementor-column elementor-col-100 elementor-top-column elementor-element elementor-element-9a5bef2\" data-id=\"9a5bef2\" data-element_type=\"column\" data-e-type=\"column\">\n\t\t\t<div class=\"elementor-widget-wrap elementor-element-populated\">\n\t\t\t\t\t\t<div class=\"elementor-element elementor-element-1e63f59 elementor-widget elementor-widget-heading\" data-id=\"1e63f59\" data-element_type=\"widget\" data-e-type=\"widget\" data-widget_type=\"heading.default\">\n\t\t\t\t\t<h2 class=\"elementor-heading-title elementor-size-default\">Un sue\u00f1o que naci\u00f3 en chino<\/h2>\t\t\t\t<\/div>\n\t\t\t\t\t<\/div>\n\t\t<\/div>\n\t\t\t\t\t<\/div>\n\t\t<\/section>\n\t\t\t\t<section data-particle_enable=\"false\" data-particle-mobile-disabled=\"false\" class=\"elementor-section elementor-top-section elementor-element elementor-element-05883a7 elementor-section-boxed elementor-section-height-default elementor-section-height-default\" data-id=\"05883a7\" data-element_type=\"section\" data-e-type=\"section\">\n\t\t\t\t\t\t<div class=\"elementor-container elementor-column-gap-default\">\n\t\t\t\t\t<div class=\"elementor-column elementor-col-100 elementor-top-column elementor-element elementor-element-3b6fdd4\" data-id=\"3b6fdd4\" data-element_type=\"column\" data-e-type=\"column\">\n\t\t\t<div class=\"elementor-widget-wrap elementor-element-populated\">\n\t\t\t\t\t\t<div class=\"elementor-element elementor-element-f2d76ab elementor-widget elementor-widget-text-editor\" data-id=\"f2d76ab\" data-element_type=\"widget\" data-e-type=\"widget\" data-widget_type=\"text-editor.default\">\n\t\t\t\t\t\t\t\t\t<p><span style=\"color: var( --e-global-color-text );\">El sue\u00f1o de trabajar en cine surgi\u00f3 cuando Dionicio, en las tardes de s\u00e1bado, iba a la \u00fanica vivienda que ten\u00eda una TV en su pueblo Santa Eulalia.\u00a0<\/span><\/p><p><span style=\"color: var( --e-global-color-text );\">&#8220;Mi vecino Helvin\u00a0 viv\u00eda en la esquina y me invitaba a ver TV los s\u00e1bados. Siempre pasaban Cine Karate, pel\u00edculas chinas de artes marciales. Yo me preguntaba \u00bfC\u00f3mo es que hacen esas pel\u00edculas? \u00bfC\u00f3mo hacen para volar? Sab\u00eda que eran efectos especiales, pero \u00bfcomo lo hacen?&#8221;. As\u00ed es que desde su llegada anhelaba trabajar en pel\u00edculas.<\/span><\/p>\t\t\t\t\t\t\t\t<\/div>\n\t\t\t\t\t<\/div>\n\t\t<\/div>\n\t\t\t\t\t<\/div>\n\t\t<\/section>\n\t\t\t\t<section data-particle_enable=\"false\" data-particle-mobile-disabled=\"false\" class=\"elementor-section elementor-top-section elementor-element elementor-element-e72638c elementor-section-boxed elementor-section-height-default elementor-section-height-default\" data-id=\"e72638c\" data-element_type=\"section\" data-e-type=\"section\">\n\t\t\t\t\t\t<div class=\"elementor-container elementor-column-gap-default\">\n\t\t\t\t\t<div class=\"elementor-column elementor-col-100 elementor-top-column elementor-element elementor-element-72ad9a7\" data-id=\"72ad9a7\" data-element_type=\"column\" data-e-type=\"column\">\n\t\t\t<div class=\"elementor-widget-wrap elementor-element-populated\">\n\t\t\t\t\t\t<div class=\"elementor-element elementor-element-b873af9 elementor-widget elementor-widget-heading\" data-id=\"b873af9\" data-element_type=\"widget\" data-e-type=\"widget\" data-widget_type=\"heading.default\">\n\t\t\t\t\t<h2 class=\"elementor-heading-title elementor-size-default\">Pero el gui\u00f3n ten\u00eda duras realidades <\/h2>\t\t\t\t<\/div>\n\t\t\t\t\t<\/div>\n\t\t<\/div>\n\t\t\t\t\t<\/div>\n\t\t<\/section>\n\t\t\t\t<section data-particle_enable=\"false\" data-particle-mobile-disabled=\"false\" class=\"elementor-section elementor-top-section elementor-element elementor-element-78ca133 elementor-section-boxed elementor-section-height-default elementor-section-height-default\" data-id=\"78ca133\" data-element_type=\"section\" data-e-type=\"section\">\n\t\t\t\t\t\t<div class=\"elementor-container elementor-column-gap-default\">\n\t\t\t\t\t<div class=\"elementor-column elementor-col-100 elementor-top-column elementor-element elementor-element-1dae728\" data-id=\"1dae728\" data-element_type=\"column\" data-e-type=\"column\">\n\t\t\t<div class=\"elementor-widget-wrap elementor-element-populated\">\n\t\t\t\t\t\t<div class=\"elementor-element elementor-element-e5e8a71 elementor-widget elementor-widget-text-editor\" data-id=\"e5e8a71\" data-element_type=\"widget\" data-e-type=\"widget\" data-widget_type=\"text-editor.default\">\n\t\t\t\t\t\t\t\t\t<p><span style=\"color: var( --e-global-color-text );\">&#8220;Empec\u00e9 a trabajar en talleres de costura. Me tocaba cortar los hilos sobrantes. Despu\u00e9s trabaj\u00e9 en construcci\u00f3n, tambi\u00e9n en restaurantes, estuve barriendo en hospitales. Y en todos esos trabajos siempre pensaba en aquellos chinos volando. EE.UU. era el lugar de los sue\u00f1os y entonces dije: lo primero que tengo que hacer es aprender artes marciales&#8221;.<\/span><\/p><p>Dionicio ten\u00eda cintur\u00f3n amarillo cuando en el tabl\u00f3n de avisos del gimnasio dec\u00eda que buscaban extras para una pel\u00edcula producida por un coreano. &#8220;No lo pens\u00e9 dos veces. Me apunto. Todos se apuntaron y todos fuimos extras, porque sal\u00edamos peleando detr\u00e1s de los personajes principales&#8221;. Dionicio nunca vio la pel\u00edcula ni supo si hab\u00eda aparecido al fondo, pero estaba feliz.<\/p><div>\u00a0<\/div>\t\t\t\t\t\t\t\t<\/div>\n\t\t\t\t\t<\/div>\n\t\t<\/div>\n\t\t\t\t\t<\/div>\n\t\t<\/section>\n\t\t\t\t<section data-particle_enable=\"false\" data-particle-mobile-disabled=\"false\" class=\"elementor-section elementor-top-section elementor-element elementor-element-7931ac4 elementor-section-boxed elementor-section-height-default elementor-section-height-default\" data-id=\"7931ac4\" data-element_type=\"section\" data-e-type=\"section\">\n\t\t\t\t\t\t<div class=\"elementor-container elementor-column-gap-default\">\n\t\t\t\t\t<div class=\"elementor-column elementor-col-100 elementor-top-column elementor-element elementor-element-19b003a\" data-id=\"19b003a\" data-element_type=\"column\" data-e-type=\"column\">\n\t\t\t<div class=\"elementor-widget-wrap elementor-element-populated\">\n\t\t\t\t\t\t<div class=\"elementor-element elementor-element-c9f818c elementor-widget elementor-widget-image\" data-id=\"c9f818c\" data-element_type=\"widget\" data-e-type=\"widget\" data-widget_type=\"image.default\">\n\t\t\t\t\t\t\t\t\t\t\t\t<figure class=\"wp-caption\">\n\t\t\t\t\t\t\t\t\t\t<img fetchpriority=\"high\" decoding=\"async\" width=\"640\" height=\"480\" src=\"https:\/\/soymigrante.com\/revista\/wp-content\/uploads\/2024\/02\/DIONICIO-VIRVEZ-EN-SERIE-DE-NAT-GEO.webp\" class=\"attachment-large size-large wp-image-4744\" alt=\"Los papeles para nativos americanos suelen ser encasillados y a menudo con un trasfondo racista, pero estamos luchando por generar m\u00e1s visiones positivas de las culturas, dice Dionicio Virvez, actor guatemalteco, quien figura aqu\u00ed en una producci\u00f3n de 2006.\" srcset=\"https:\/\/soymigrante.com\/revista\/wp-content\/uploads\/2024\/02\/DIONICIO-VIRVEZ-EN-SERIE-DE-NAT-GEO.webp 640w, https:\/\/soymigrante.com\/revista\/wp-content\/uploads\/2024\/02\/DIONICIO-VIRVEZ-EN-SERIE-DE-NAT-GEO-300x225.webp 300w\" sizes=\"(max-width: 640px) 100vw, 640px\" title=\"Los papeles para nativos americanos suelen ser encasillados y a menudo con un trasfondo racista, pero estamos luchando por generar m\u00e1s visiones positivas de las culturas, dice Dionicio Virvez, actor guatemalteco, quien figura aqu\u00ed en una producci\u00f3n de 2006. \u2013 SoyMigrante.com REVISTA\" \/>\t\t\t\t\t\t\t\t\t\t\t<figcaption class=\"widget-image-caption wp-caption-text\">Los papeles para nativos americanos suelen ser encasillados y a menudo con un trasfondo racista, pero estamos luchando por generar m\u00e1s visiones positivas de las culturas, dice Dionicio Virvez, actor guatemalteco, quien figura aqu\u00ed en una producci\u00f3n de 2006.<\/figcaption>\n\t\t\t\t\t\t\t\t\t\t<\/figure>\n\t\t\t\t\t\t\t\t\t<\/div>\n\t\t\t\t\t<\/div>\n\t\t<\/div>\n\t\t\t\t\t<\/div>\n\t\t<\/section>\n\t\t\t\t<section data-particle_enable=\"false\" data-particle-mobile-disabled=\"false\" class=\"elementor-section elementor-top-section elementor-element elementor-element-46e1069 elementor-section-boxed elementor-section-height-default elementor-section-height-default\" data-id=\"46e1069\" data-element_type=\"section\" data-e-type=\"section\">\n\t\t\t\t\t\t<div class=\"elementor-container elementor-column-gap-default\">\n\t\t\t\t\t<div class=\"elementor-column elementor-col-100 elementor-top-column elementor-element elementor-element-11ceb38\" data-id=\"11ceb38\" data-element_type=\"column\" data-e-type=\"column\">\n\t\t\t<div class=\"elementor-widget-wrap elementor-element-populated\">\n\t\t\t\t\t\t<div class=\"elementor-element elementor-element-27d14a2 elementor-widget elementor-widget-heading\" data-id=\"27d14a2\" data-element_type=\"widget\" data-e-type=\"widget\" data-widget_type=\"heading.default\">\n\t\t\t\t\t<h2 class=\"elementor-heading-title elementor-size-default\">Segundo papel: Actuar sin moverse<\/h2>\t\t\t\t<\/div>\n\t\t\t\t\t<\/div>\n\t\t<\/div>\n\t\t\t\t\t<\/div>\n\t\t<\/section>\n\t\t\t\t<section data-particle_enable=\"false\" data-particle-mobile-disabled=\"false\" class=\"elementor-section elementor-top-section elementor-element elementor-element-e646a02 elementor-section-boxed elementor-section-height-default elementor-section-height-default\" data-id=\"e646a02\" data-element_type=\"section\" data-e-type=\"section\">\n\t\t\t\t\t\t<div class=\"elementor-container elementor-column-gap-default\">\n\t\t\t\t\t<div class=\"elementor-column elementor-col-100 elementor-top-column elementor-element elementor-element-653f6a8\" data-id=\"653f6a8\" data-element_type=\"column\" data-e-type=\"column\">\n\t\t\t<div class=\"elementor-widget-wrap elementor-element-populated\">\n\t\t\t\t\t\t<div class=\"elementor-element elementor-element-8daa18c elementor-widget elementor-widget-text-editor\" data-id=\"8daa18c\" data-element_type=\"widget\" data-e-type=\"widget\" data-widget_type=\"text-editor.default\">\n\t\t\t\t\t\t\t\t\t<p><span style=\"color: var( --e-global-color-text );\">Pasaron cinco a\u00f1os y ninguna oportunidad m\u00e1s.\u00a0<\/span><\/p><p><span style=\"color: var( --e-global-color-text );\">&#8220;Si tienes un sue\u00f1o, lucha por ese sue\u00f1o, mantenlo vivo. Fueron cinco a\u00f1os de espera por otra oportunidad. Dionicio trabajaba en un supermercado en Culver City, California, donde est\u00e1n grandes estudios de cine. Llegaban a comprar productores, directores, empleados de rodaje. &#8220;Yo estaba decepcionado porque gast+e dinero para pagar agentes de actores para que te busquen castings. Nada. Cinco a\u00f1os&#8221;, relata.<\/span><\/p><p>Un d\u00eda se me queda viendo una muchacha afroamericana que lleg\u00f3 a comprar. Y en cada ocasi\u00f3n me observaba de manera extra\u00f1a. Le pregunt\u00e9 si hab\u00eda alg\u00fan problema y me dijo. &#8220;Tienes facciones de ind\u00edgena americano. A veces buscan alguien as\u00ed en los casting. Soy agente de actores. \u00bfAceptar\u00edas que te tomemos fotograf\u00edas?. Yo estaba decepcionado. Le dije que llegar\u00eda pero no fui.&#8221;<\/p><p>A los d\u00edas volvi\u00f3 la muchacha. &#8220;\u00bfQu\u00e9 pas\u00f3? Ya no llegaste. Es que he gastado mucho en esto y no sale nada. EStoy decepcionado. Ella me dijo que no me iba a cobrar. As\u00ed fui y me tomaron fotos y medidas. Siempre te sacan una ficha en caso salga un papel. Y sali\u00f3 uno, pero no para una pel\u00edcula, sino para un anuncio de celulares&#8221;, cuenta Dionicio.<\/p><p>En ese anuncio hab\u00eda unos ejecutivos en un museo y al fondo hab\u00eda un diorama con un indio apache peleando con un le\u00f3n prehist\u00f3rico. &#8220;Me dijeron, tu vas a estar desnudo, as\u00ed con tu lanza. Fijo, sin moverte. Mientras los actores muestran el celular. Al d\u00eda siguiente llegu\u00e9. Hab\u00eda como 50 gentes de producci\u00f3n, unas grandes c\u00e1maras y por primera vez sent\u00ed sabor a Hollywood. Me desnudaron, me pintaron el cuerpo y la cara. Hicieron muchas tomas y yo sin moverme durante unas cinco horas. No era una pel\u00edcula pero yo estaba emocionado.&#8221;<\/p><p>En aquel tiempo, el salario por hora era de 5 d\u00f3lares. A los pocos d\u00edas llamaron a Dionicio para pagarle. Hizo cuentas, le tocar\u00edan unos 40 o 50 d\u00f3lares. &#8220;\u00a1Me dieron un sobre con 800 d\u00f3lares! Con aquello pagu\u00e9 como cuatro meses de alquiler. Quer\u00eda seguir buscando espacio en el cine&#8221;.<\/p>\t\t\t\t\t\t\t\t<\/div>\n\t\t\t\t\t<\/div>\n\t\t<\/div>\n\t\t\t\t\t<\/div>\n\t\t<\/section>\n\t\t\t\t<section data-particle_enable=\"false\" data-particle-mobile-disabled=\"false\" class=\"elementor-section elementor-top-section elementor-element elementor-element-6895c44 elementor-section-boxed elementor-section-height-default elementor-section-height-default\" data-id=\"6895c44\" data-element_type=\"section\" data-e-type=\"section\">\n\t\t\t\t\t\t<div class=\"elementor-container elementor-column-gap-default\">\n\t\t\t\t\t<div class=\"elementor-column elementor-col-100 elementor-top-column elementor-element elementor-element-0e533ed\" data-id=\"0e533ed\" data-element_type=\"column\" data-e-type=\"column\">\n\t\t\t<div class=\"elementor-widget-wrap elementor-element-populated\">\n\t\t\t\t\t\t<div class=\"elementor-element elementor-element-2fe2383 elementor-widget elementor-widget-image\" data-id=\"2fe2383\" data-element_type=\"widget\" data-e-type=\"widget\" data-widget_type=\"image.default\">\n\t\t\t\t\t\t\t\t\t\t\t\t<figure class=\"wp-caption\">\n\t\t\t\t\t\t\t\t\t\t<img decoding=\"async\" width=\"184\" height=\"300\" src=\"https:\/\/soymigrante.com\/revista\/wp-content\/uploads\/2024\/02\/dionicio-virvez-westworld-184x300.webp\" class=\"attachment-medium size-medium wp-image-4755\" alt=\"En la serie de ficci\u00f3n Westworld (2015), de HBO, Dionicio fue seleccionado como parte del elenco entre cientos de aspirantes. &quot;No s\u00e9 por qu\u00e9 me eligieron, pero qu\u00e9 bueno&quot;, expresa.\" srcset=\"https:\/\/soymigrante.com\/revista\/wp-content\/uploads\/2024\/02\/dionicio-virvez-westworld-184x300.webp 184w, https:\/\/soymigrante.com\/revista\/wp-content\/uploads\/2024\/02\/dionicio-virvez-westworld.webp 500w\" sizes=\"(max-width: 184px) 100vw, 184px\" title=\"En la serie de ficci\u00f3n Westworld (2015), de HBO, Dionicio fue seleccionado como parte del elenco entre cientos de aspirantes. &quot;No s\u00e9 por qu\u00e9 me eligieron, pero qu\u00e9 bueno&quot;, expresa. \u2013 SoyMigrante.com REVISTA\" \/>\t\t\t\t\t\t\t\t\t\t\t<figcaption class=\"widget-image-caption wp-caption-text\">En la serie de ficci\u00f3n Westworld (2015), de HBO, Dionicio fue seleccionado como parte del elenco entre cientos de aspirantes. \"No s\u00e9 por qu\u00e9 me eligieron, pero qu\u00e9 bueno\", expresa.<\/figcaption>\n\t\t\t\t\t\t\t\t\t\t<\/figure>\n\t\t\t\t\t\t\t\t\t<\/div>\n\t\t\t\t\t<\/div>\n\t\t<\/div>\n\t\t\t\t\t<\/div>\n\t\t<\/section>\n\t\t\t\t<section data-particle_enable=\"false\" data-particle-mobile-disabled=\"false\" class=\"elementor-section elementor-top-section elementor-element elementor-element-4f98d26 elementor-section-boxed elementor-section-height-default elementor-section-height-default\" data-id=\"4f98d26\" data-element_type=\"section\" data-e-type=\"section\">\n\t\t\t\t\t\t<div class=\"elementor-container elementor-column-gap-default\">\n\t\t\t\t\t<div class=\"elementor-column elementor-col-100 elementor-top-column elementor-element elementor-element-4580b03\" data-id=\"4580b03\" data-element_type=\"column\" data-e-type=\"column\">\n\t\t\t<div class=\"elementor-widget-wrap elementor-element-populated\">\n\t\t\t\t\t\t<div class=\"elementor-element elementor-element-ee0f448 elementor-widget elementor-widget-heading\" data-id=\"ee0f448\" data-element_type=\"widget\" data-e-type=\"widget\" data-widget_type=\"heading.default\">\n\t\t\t\t\t<h2 class=\"elementor-heading-title elementor-size-default\">\"Si tienes un sue\u00f1o, lucha por \u00e9l\" <\/h2>\t\t\t\t<\/div>\n\t\t\t\t\t<\/div>\n\t\t<\/div>\n\t\t\t\t\t<\/div>\n\t\t<\/section>\n\t\t\t\t<section data-particle_enable=\"false\" data-particle-mobile-disabled=\"false\" class=\"elementor-section elementor-top-section elementor-element elementor-element-502c2e6 elementor-section-boxed elementor-section-height-default elementor-section-height-default\" data-id=\"502c2e6\" data-element_type=\"section\" data-e-type=\"section\">\n\t\t\t\t\t\t<div class=\"elementor-container elementor-column-gap-default\">\n\t\t\t\t\t<div class=\"elementor-column elementor-col-100 elementor-top-column elementor-element elementor-element-b33761e\" data-id=\"b33761e\" data-element_type=\"column\" data-e-type=\"column\">\n\t\t\t<div class=\"elementor-widget-wrap elementor-element-populated\">\n\t\t\t\t\t\t<div class=\"elementor-element elementor-element-4c41aa1 elementor-widget elementor-widget-text-editor\" data-id=\"4c41aa1\" data-element_type=\"widget\" data-e-type=\"widget\" data-widget_type=\"text-editor.default\">\n\t\t\t\t\t\t\t\t\t<p>Dionicio Virvez particip\u00f3 en docudramas hechos por National Geographic en 2005, en los cuales se representaba la vida de tribus norteamericanas. En 2015 fue seleccionado para la serie Westworld, de HBO. &#8220;Cuando llegu\u00e9 a ese casting hab\u00eda como 800 aspirantes en fila. Hab\u00eda much\u00edsimos ind\u00edgenas norteamericano, fornidos, enormes, con facciones muy f\u00edlmicas. La verdad no s\u00e9 por qu\u00e9 me eligieron a m\u00ed, pero entr\u00e9. Fue una experiencia fant\u00e1stica&#8221;, relata.<\/p><div><span style=\"color: var( --e-global-color-text );\">\u00a0<\/span><\/div>\t\t\t\t\t\t\t\t<\/div>\n\t\t\t\t\t<\/div>\n\t\t<\/div>\n\t\t\t\t\t<\/div>\n\t\t<\/section>\n\t\t\t\t<section data-particle_enable=\"false\" data-particle-mobile-disabled=\"false\" class=\"elementor-section elementor-top-section elementor-element elementor-element-e5f14f5 elementor-section-boxed elementor-section-height-default elementor-section-height-default\" data-id=\"e5f14f5\" data-element_type=\"section\" data-e-type=\"section\">\n\t\t\t\t\t\t<div class=\"elementor-container elementor-column-gap-default\">\n\t\t\t\t\t<div class=\"elementor-column elementor-col-100 elementor-top-column elementor-element elementor-element-571c918\" data-id=\"571c918\" data-element_type=\"column\" data-e-type=\"column\">\n\t\t\t<div class=\"elementor-widget-wrap elementor-element-populated\">\n\t\t\t\t\t\t<div class=\"elementor-element elementor-element-e03541b elementor-widget elementor-widget-heading\" data-id=\"e03541b\" data-element_type=\"widget\" data-e-type=\"widget\" data-widget_type=\"heading.default\">\n\t\t\t\t\t<h2 class=\"elementor-heading-title elementor-size-default\">\"Vali\u00f3 la pena esperar 30 a\u00f1os\" <\/h2>\t\t\t\t<\/div>\n\t\t\t\t\t<\/div>\n\t\t<\/div>\n\t\t\t\t\t<\/div>\n\t\t<\/section>\n\t\t\t\t<section data-particle_enable=\"false\" data-particle-mobile-disabled=\"false\" class=\"elementor-section elementor-top-section elementor-element elementor-element-36c4210 elementor-section-boxed elementor-section-height-default elementor-section-height-default\" data-id=\"36c4210\" data-element_type=\"section\" data-e-type=\"section\">\n\t\t\t\t\t\t<div class=\"elementor-container elementor-column-gap-default\">\n\t\t\t\t\t<div class=\"elementor-column elementor-col-100 elementor-top-column elementor-element elementor-element-a71bee5\" data-id=\"a71bee5\" data-element_type=\"column\" data-e-type=\"column\">\n\t\t\t<div class=\"elementor-widget-wrap elementor-element-populated\">\n\t\t\t\t\t\t<div class=\"elementor-element elementor-element-b7f52d8 elementor-widget elementor-widget-text-editor\" data-id=\"b7f52d8\" data-element_type=\"widget\" data-e-type=\"widget\" data-widget_type=\"text-editor.default\">\n\t\t\t\t\t\t\t\t\t<p>Dionicio Virvez es el actual vicepresidente de la Academia Multicultural de Ciencias Cinematogr\u00e1ficas, entidad que promueve la inclusi\u00f3n de pueblos originarios norteamericanos en el mundo f\u00edlmico. En varias ocasiones ha se\u00f1alado cierto racismo y estereotipos en la industria. &#8220;No les gusta que lo diga, pero s\u00ed hay gente racista&#8221;, declara.<\/p><p>Parad\u00f3jicamente, su m\u00e1s reciente participac\u00f3n en una cita fue en <i>Los Asesinos de la Luna <\/i>(<i>Killers of the Flower Moon<\/i>), de Martin Scorsese, en la que act\u00faa Leonardo di Caprio, Robert de Niro y la actriz ind\u00edgena Lily Gladstone de la cultura Black Feet.<\/p><p>&#8220;En <i>Killers<\/i> trabaj\u00e9 dos papeles. Te aplican maquillaje que te cambia completamente. Fui uno de los &#8220;elder&#8221;, los ancianos. Y tambi\u00e9n fue conductor de los autos modelo 1920 que salen all\u00ed. Son dur\u00edsimos los timones&#8221;.<\/p><p>&#8220;Pasaron 30 a\u00f1os para que yo pudiera trabajar con un director de la talla de Scorsese. 30 a\u00f1os. pero lo logr\u00e9, valio la pena mantener el sue\u00f1o&#8221;.<\/p><div>\u00a0<\/div>\t\t\t\t\t\t\t\t<\/div>\n\t\t\t\t\t<\/div>\n\t\t<\/div>\n\t\t\t\t\t<\/div>\n\t\t<\/section>\n\t\t\t\t<section data-particle_enable=\"false\" data-particle-mobile-disabled=\"false\" class=\"elementor-section elementor-top-section elementor-element elementor-element-b3cde63 elementor-section-boxed elementor-section-height-default elementor-section-height-default\" data-id=\"b3cde63\" data-element_type=\"section\" data-e-type=\"section\">\n\t\t\t\t\t\t<div class=\"elementor-container elementor-column-gap-default\">\n\t\t\t\t\t<div class=\"elementor-column elementor-col-100 elementor-top-column elementor-element elementor-element-ba7e0c7\" data-id=\"ba7e0c7\" data-element_type=\"column\" data-e-type=\"column\">\n\t\t\t<div class=\"elementor-widget-wrap elementor-element-populated\">\n\t\t\t\t\t\t<div class=\"elementor-element elementor-element-4193b69 elementor-widget elementor-widget-image\" data-id=\"4193b69\" data-element_type=\"widget\" data-e-type=\"widget\" data-widget_type=\"image.default\">\n\t\t\t\t\t\t\t\t\t\t\t\t<figure class=\"wp-caption\">\n\t\t\t\t\t\t\t\t\t\t<img decoding=\"async\" width=\"1024\" height=\"647\" src=\"https:\/\/soymigrante.com\/revista\/wp-content\/uploads\/2024\/02\/dinoicio-otra-buena-1024x647.webp\" class=\"attachment-large size-large wp-image-4754\" alt=\"Dionicio Virvez particip\u00f3 ern el rodaje de la cinta Killers of the Flower Moon, de Martin Scorsese, que se estren\u00f3 en 2023. Aparece como uno de los ancianos tribales y tambi\u00e9n como conductor de un veh\u00edculo.\" srcset=\"https:\/\/soymigrante.com\/revista\/wp-content\/uploads\/2024\/02\/dinoicio-otra-buena-1024x647.webp 1024w, https:\/\/soymigrante.com\/revista\/wp-content\/uploads\/2024\/02\/dinoicio-otra-buena-300x190.webp 300w, https:\/\/soymigrante.com\/revista\/wp-content\/uploads\/2024\/02\/dinoicio-otra-buena-768x485.webp 768w, https:\/\/soymigrante.com\/revista\/wp-content\/uploads\/2024\/02\/dinoicio-otra-buena-1536x971.webp 1536w, https:\/\/soymigrante.com\/revista\/wp-content\/uploads\/2024\/02\/dinoicio-otra-buena.webp 1920w\" sizes=\"(max-width: 1024px) 100vw, 1024px\" title=\"Dionicio Virvez particip\u00f3 ern el rodaje de la cinta Killers of the Flower Moon, de Martin Scorsese, que se estren\u00f3 en 2023. Aparece como uno de los ancianos tribales y tambi\u00e9n como conductor de un veh\u00edculo. \u2013 SoyMigrante.com REVISTA\" \/>\t\t\t\t\t\t\t\t\t\t\t<figcaption class=\"widget-image-caption wp-caption-text\">Dionicio Virvez particip\u00f3 ern el rodaje de la cinta Killers of the Flower Moon, de Martin Scorsese, que se estren\u00f3 en 2023. Aparece como uno de los ancianos tribales y tambi\u00e9n como conductor de un veh\u00edculo.<\/figcaption>\n\t\t\t\t\t\t\t\t\t\t<\/figure>\n\t\t\t\t\t\t\t\t\t<\/div>\n\t\t\t\t\t<\/div>\n\t\t<\/div>\n\t\t\t\t\t<\/div>\n\t\t<\/section>\n\t\t\t\t<section data-particle_enable=\"false\" data-particle-mobile-disabled=\"false\" class=\"elementor-section elementor-top-section elementor-element elementor-element-d569c9a elementor-section-boxed elementor-section-height-default elementor-section-height-default\" data-id=\"d569c9a\" data-element_type=\"section\" data-e-type=\"section\">\n\t\t\t\t\t\t<div class=\"elementor-container elementor-column-gap-default\">\n\t\t\t\t\t<div class=\"elementor-column elementor-col-100 elementor-top-column elementor-element elementor-element-925e179\" data-id=\"925e179\" data-element_type=\"column\" data-e-type=\"column\">\n\t\t\t<div class=\"elementor-widget-wrap elementor-element-populated\">\n\t\t\t\t\t\t<section data-particle_enable=\"false\" data-particle-mobile-disabled=\"false\" class=\"elementor-section elementor-inner-section elementor-element elementor-element-16f4578 elementor-section-boxed elementor-section-height-default elementor-section-height-default\" data-id=\"16f4578\" data-element_type=\"section\" data-e-type=\"section\">\n\t\t\t\t\t\t<div class=\"elementor-container elementor-column-gap-default\">\n\t\t\t\t\t<div class=\"elementor-column elementor-col-50 elementor-inner-column elementor-element elementor-element-7eec2e5\" data-id=\"7eec2e5\" data-element_type=\"column\" data-e-type=\"column\">\n\t\t\t<div class=\"elementor-widget-wrap elementor-element-populated\">\n\t\t\t\t\t\t<div class=\"elementor-element elementor-element-98b6222 elementor-widget elementor-widget-testimonial\" data-id=\"98b6222\" data-element_type=\"widget\" data-e-type=\"widget\" data-widget_type=\"testimonial.default\">\n\t\t\t\t\t\t\t<div class=\"elementor-testimonial-wrapper\">\n\t\t\t\t\t\t\t<div class=\"elementor-testimonial-content\">\"En <i>Killers<\/i> hice dos papeles: uno como elder, como anciano y el otro como conductor de veh\u00edculos. Esperar 30 a\u00f1os para entrar a una pel\u00edcula de Scorsese vali\u00f3 la pena\".<\/div>\n\t\t\t\n\t\t\t\t\t\t<div class=\"elementor-testimonial-meta elementor-has-image elementor-testimonial-image-position-aside\">\n\t\t\t\t<div class=\"elementor-testimonial-meta-inner\">\n\t\t\t\t\t\t\t\t\t\t\t<div class=\"elementor-testimonial-image\">\n\t\t\t\t\t\t\t<img loading=\"lazy\" decoding=\"async\" width=\"1428\" height=\"1408\" src=\"https:\/\/soymigrante.com\/revista\/wp-content\/uploads\/2024\/02\/dio-dio.webp\" class=\"attachment-full size-full wp-image-4752\" alt=\"\" title=\"dio dio \u2013 SoyMigrante.com REVISTA\" srcset=\"https:\/\/soymigrante.com\/revista\/wp-content\/uploads\/2024\/02\/dio-dio.webp 1428w, https:\/\/soymigrante.com\/revista\/wp-content\/uploads\/2024\/02\/dio-dio-300x296.webp 300w, https:\/\/soymigrante.com\/revista\/wp-content\/uploads\/2024\/02\/dio-dio-1024x1010.webp 1024w, https:\/\/soymigrante.com\/revista\/wp-content\/uploads\/2024\/02\/dio-dio-768x757.webp 768w, https:\/\/soymigrante.com\/revista\/wp-content\/uploads\/2024\/02\/dio-dio-75x75.webp 75w, https:\/\/soymigrante.com\/revista\/wp-content\/uploads\/2024\/02\/dio-dio-750x739.webp 750w, https:\/\/soymigrante.com\/revista\/wp-content\/uploads\/2024\/02\/dio-dio-1140x1124.webp 1140w\" sizes=\"(max-width: 1428px) 100vw, 1428px\" \/>\t\t\t\t\t\t<\/div>\n\t\t\t\t\t\n\t\t\t\t\t\t\t\t\t\t<div class=\"elementor-testimonial-details\">\n\t\t\t\t\t\t\t\t\t\t\t\t\t\t<div class=\"elementor-testimonial-name\">Dionicio Virvez<\/div>\n\t\t\t\t\t\t\t\t\t\t\t\t\t\t\t\t\t\t\t\t\t\t<div class=\"elementor-testimonial-job\">Actor maya q'anjob'al<\/div>\n\t\t\t\t\t\t\t\t\t\t\t\t\t<\/div>\n\t\t\t\t\t\t\t\t\t<\/div>\n\t\t\t<\/div>\n\t\t\t\t\t<\/div>\n\t\t\t\t\t\t<\/div>\n\t\t\t\t\t<\/div>\n\t\t<\/div>\n\t\t\t\t<div class=\"elementor-column elementor-col-50 elementor-inner-column elementor-element elementor-element-2269d75\" data-id=\"2269d75\" data-element_type=\"column\" data-e-type=\"column\">\n\t\t\t<div class=\"elementor-widget-wrap elementor-element-populated\">\n\t\t\t\t\t\t<div class=\"elementor-element elementor-element-c0250a8 elementor-widget elementor-widget-image\" data-id=\"c0250a8\" data-element_type=\"widget\" data-e-type=\"widget\" data-widget_type=\"image.default\">\n\t\t\t\t\t\t\t\t\t\t\t\t\t\t\t<img loading=\"lazy\" decoding=\"async\" width=\"503\" height=\"622\" src=\"https:\/\/soymigrante.com\/revista\/wp-content\/uploads\/2024\/02\/kilers.webp\" class=\"attachment-large size-large wp-image-4756\" alt=\"\" srcset=\"https:\/\/soymigrante.com\/revista\/wp-content\/uploads\/2024\/02\/kilers.webp 503w, https:\/\/soymigrante.com\/revista\/wp-content\/uploads\/2024\/02\/kilers-243x300.webp 243w\" sizes=\"(max-width: 503px) 100vw, 503px\" title=\"Killers of the flower moon, poster \u2013 SoyMigrante.com REVISTA\" \/>\t\t\t\t\t\t\t\t\t\t\t\t\t\t\t<\/div>\n\t\t\t\t\t<\/div>\n\t\t<\/div>\n\t\t\t\t\t<\/div>\n\t\t<\/section>\n\t\t\t\t\t<\/div>\n\t\t<\/div>\n\t\t\t\t\t<\/div>\n\t\t<\/section>\n\t\t\t\t<section data-particle_enable=\"false\" data-particle-mobile-disabled=\"false\" class=\"elementor-section elementor-top-section elementor-element elementor-element-5c7d809 elementor-section-boxed elementor-section-height-default elementor-section-height-default\" data-id=\"5c7d809\" data-element_type=\"section\" data-e-type=\"section\">\n\t\t\t\t\t\t<div class=\"elementor-container elementor-column-gap-default\">\n\t\t\t\t\t<div class=\"elementor-column elementor-col-100 elementor-top-column elementor-element elementor-element-ea8d166\" data-id=\"ea8d166\" data-element_type=\"column\" data-e-type=\"column\">\n\t\t\t<div class=\"elementor-widget-wrap elementor-element-populated\">\n\t\t\t\t\t\t<div class=\"elementor-element elementor-element-882af34 elementor-widget elementor-widget-heading\" data-id=\"882af34\" data-element_type=\"widget\" data-e-type=\"widget\" data-widget_type=\"heading.default\">\n\t\t\t\t\t<h2 class=\"elementor-heading-title elementor-size-default\">Dos papeles en la serie <i>Echo<\/i> de Marvel <\/h2>\t\t\t\t<\/div>\n\t\t\t\t\t<\/div>\n\t\t<\/div>\n\t\t\t\t\t<\/div>\n\t\t<\/section>\n\t\t\t\t<section data-particle_enable=\"false\" data-particle-mobile-disabled=\"false\" class=\"elementor-section elementor-top-section elementor-element elementor-element-6f644e4 elementor-section-boxed elementor-section-height-default elementor-section-height-default\" data-id=\"6f644e4\" data-element_type=\"section\" data-e-type=\"section\">\n\t\t\t\t\t\t<div class=\"elementor-container elementor-column-gap-default\">\n\t\t\t\t\t<div class=\"elementor-column elementor-col-100 elementor-top-column elementor-element elementor-element-6267ebb\" data-id=\"6267ebb\" data-element_type=\"column\" data-e-type=\"column\">\n\t\t\t<div class=\"elementor-widget-wrap elementor-element-populated\">\n\t\t\t\t\t\t<div class=\"elementor-element elementor-element-82a75a4 elementor-widget elementor-widget-text-editor\" data-id=\"82a75a4\" data-element_type=\"widget\" data-e-type=\"widget\" data-widget_type=\"text-editor.default\">\n\t\t\t\t\t\t\t\t\t<p><span style=\"color: var( --e-global-color-text );\">Dionicio tambien forma parte del elenco de la serie Echo, de Marvel. &#8220;Tambi\u00e9n hago dos papeles all\u00ed. Salgo como un veterano nativo americano y como tengo experiencia como doble trabajando con caballos, pues tambi\u00e9n salgo cabalgando cuado Maya L\u00f3pez llega a su pueblo&#8221;, relata.\u00a0<\/span><\/p><p>La esperanza de un nuevo papel siempre est\u00e1 viva. REcientemente Dionicio particip\u00f3 e un cortometraje llamada RAdium 25, que solo se distribuir\u00e1 en Europa. &#8220;Es una aventura de ficci\u00f3n futurista, en donde interpreto a un guerrero. No hay muchos papeles para nosotros los ind\u00edgenas, pero trabajamos para que haya m\u00e1s espacios relatando historias de la cosmovisi\u00f3n, tradiciones y culturas ind\u00edgenas&#8221;.<\/p><p>Cada a\u00f1o participa en 80 a 100 audiciones en busca del siguiente cap\u00edtulo de su gran sue\u00f1o.\u00a0<span style=\"color: var( --e-global-color-text );\">&#8220;La mentalidad es nunca darse por vencidos. Porque en ese momento que ya est\u00e1s listo para tirar la toalla, alguien est\u00e1 por ti esper\u00e1ndote con la oportunidad. Lev\u00e1ntate y \u00e9chale ganas.\u00a0<\/span><\/p>\t\t\t\t\t\t\t\t<\/div>\n\t\t\t\t\t<\/div>\n\t\t<\/div>\n\t\t\t\t\t<\/div>\n\t\t<\/section>\n\t\t\t\t<section data-particle_enable=\"false\" data-particle-mobile-disabled=\"false\" class=\"elementor-section elementor-top-section elementor-element elementor-element-9abbc50 elementor-section-boxed elementor-section-height-default elementor-section-height-default\" data-id=\"9abbc50\" data-element_type=\"section\" data-e-type=\"section\">\n\t\t\t\t\t\t<div class=\"elementor-container elementor-column-gap-default\">\n\t\t\t\t\t<div class=\"elementor-column elementor-col-100 elementor-top-column elementor-element elementor-element-47d0171\" data-id=\"47d0171\" data-element_type=\"column\" data-e-type=\"column\">\n\t\t\t<div class=\"elementor-widget-wrap elementor-element-populated\">\n\t\t\t\t\t\t<div class=\"elementor-element elementor-element-a1f7508 elementor-widget elementor-widget-image\" data-id=\"a1f7508\" data-element_type=\"widget\" data-e-type=\"widget\" data-widget_type=\"image.default\">\n\t\t\t\t\t\t\t\t\t\t\t\t<figure class=\"wp-caption\">\n\t\t\t\t\t\t\t\t\t\t<img loading=\"lazy\" decoding=\"async\" width=\"1024\" height=\"591\" src=\"https:\/\/soymigrante.com\/revista\/wp-content\/uploads\/2024\/02\/RADIOM-25-DIONICIO-VIRVEZ-CORTO-2024-1024x591.webp\" class=\"attachment-large size-large wp-image-4745\" alt=\"Dionicio Virvez, migrante guatemalteco, tambi\u00e9n actu\u00f3 en un cortometraje futurista posapocal\u00edptico titulado Radium 25, que ser\u00e1 presentado en Europa en 2024.\" srcset=\"https:\/\/soymigrante.com\/revista\/wp-content\/uploads\/2024\/02\/RADIOM-25-DIONICIO-VIRVEZ-CORTO-2024-1024x591.webp 1024w, https:\/\/soymigrante.com\/revista\/wp-content\/uploads\/2024\/02\/RADIOM-25-DIONICIO-VIRVEZ-CORTO-2024-300x173.webp 300w, https:\/\/soymigrante.com\/revista\/wp-content\/uploads\/2024\/02\/RADIOM-25-DIONICIO-VIRVEZ-CORTO-2024-768x443.webp 768w, https:\/\/soymigrante.com\/revista\/wp-content\/uploads\/2024\/02\/RADIOM-25-DIONICIO-VIRVEZ-CORTO-2024-1536x887.webp 1536w, https:\/\/soymigrante.com\/revista\/wp-content\/uploads\/2024\/02\/RADIOM-25-DIONICIO-VIRVEZ-CORTO-2024-750x433.webp 750w, https:\/\/soymigrante.com\/revista\/wp-content\/uploads\/2024\/02\/RADIOM-25-DIONICIO-VIRVEZ-CORTO-2024-1140x658.webp 1140w, https:\/\/soymigrante.com\/revista\/wp-content\/uploads\/2024\/02\/RADIOM-25-DIONICIO-VIRVEZ-CORTO-2024.webp 1920w\" sizes=\"(max-width: 1024px) 100vw, 1024px\" title=\"Dionicio Virvez, migrante guatemalteco, tambi\u00e9n actu\u00f3 en un cortometraje  futurista posapocal\u00edptico titulado Radium 25, que ser\u00e1 presentado en Europa en 2024. \u2013 SoyMigrante.com REVISTA\" \/>\t\t\t\t\t\t\t\t\t\t\t<figcaption class=\"widget-image-caption wp-caption-text\">Dionicio Virvez, migrante guatemalteco, tambi\u00e9n actu\u00f3 en un cortometraje  futurista posapocal\u00edptico titulado Radium 25, que ser\u00e1 presentado en Europa en 2024.<\/figcaption>\n\t\t\t\t\t\t\t\t\t\t<\/figure>\n\t\t\t\t\t\t\t\t\t<\/div>\n\t\t\t\t\t<\/div>\n\t\t<\/div>\n\t\t\t\t\t<\/div>\n\t\t<\/section>\n\t\t\t\t<section data-particle_enable=\"false\" data-particle-mobile-disabled=\"false\" class=\"elementor-section elementor-top-section elementor-element elementor-element-9b32e0a elementor-section-boxed elementor-section-height-default elementor-section-height-default\" data-id=\"9b32e0a\" data-element_type=\"section\" data-e-type=\"section\">\n\t\t\t\t\t\t<div class=\"elementor-container elementor-column-gap-default\">\n\t\t\t\t\t<div class=\"elementor-column elementor-col-100 elementor-top-column elementor-element elementor-element-f8a143a\" data-id=\"f8a143a\" data-element_type=\"column\" data-e-type=\"column\">\n\t\t\t<div class=\"elementor-widget-wrap elementor-element-populated\">\n\t\t\t\t\t\t<div class=\"elementor-element elementor-element-46059f7 elementor-blockquote--skin-border elementor-widget elementor-widget-blockquote\" data-id=\"46059f7\" data-element_type=\"widget\" data-e-type=\"widget\" data-widget_type=\"blockquote.default\">\n\t\t\t\t\t\t\t<blockquote class=\"elementor-blockquote\">\n\t\t\t<p class=\"elementor-blockquote__content\">\n\t\t\t\t\"La palabra m\u00e1gica es participar. Nunca darse por vencidos. Si te dicen: t\u00fa no sirves para nada, nunca creas eso porque siempre vas a servir para algo. Siempre hay una persona que te va a dar una mano, para levantarte, pero t\u00fa debes estar alll\u00ed presente.\t\t\t<\/p>\n\t\t\t\t\t\t\t<div class=\"e-q-footer\">\n\t\t\t\t\t\t\t\t\t\t\t<cite class=\"elementor-blockquote__author\">Dionicio Virvez, al aconsejar a los j\u00f3venes sobre la perseverancia por un sue\u00f1o<\/cite>\n\t\t\t\t\t\t\t\t\t\t\t\t\t\t<\/div>\n\t\t\t\t\t<\/blockquote>\n\t\t\t\t\t\t<\/div>\n\t\t\t\t\t<\/div>\n\t\t<\/div>\n\t\t\t\t\t<\/div>\n\t\t<\/section>\n\t\t\t\t<section data-particle_enable=\"false\" data-particle-mobile-disabled=\"false\" class=\"elementor-section elementor-top-section elementor-element elementor-element-b4a3461 elementor-section-boxed elementor-section-height-default elementor-section-height-default\" data-id=\"b4a3461\" data-element_type=\"section\" data-e-type=\"section\">\n\t\t\t\t\t\t<div class=\"elementor-container elementor-column-gap-default\">\n\t\t\t\t\t<div class=\"elementor-column elementor-col-100 elementor-top-column elementor-element elementor-element-f19a363\" data-id=\"f19a363\" data-element_type=\"column\" data-e-type=\"column\">\n\t\t\t<div class=\"elementor-widget-wrap elementor-element-populated\">\n\t\t\t\t\t\t<div class=\"elementor-element elementor-element-65b4b57 elementor-widget elementor-widget-heading\" data-id=\"65b4b57\" data-element_type=\"widget\" data-e-type=\"widget\" data-widget_type=\"heading.default\">\n\t\t\t\t\t<h2 class=\"elementor-heading-title elementor-size-default\">M\u00e1s relatos llenos de inspiraci\u00f3n <\/h2>\t\t\t\t<\/div>\n\t\t\t\t\t<\/div>\n\t\t<\/div>\n\t\t\t\t\t<\/div>\n\t\t<\/section>\n\t\t\t\t<section data-particle_enable=\"false\" data-particle-mobile-disabled=\"false\" class=\"elementor-section elementor-top-section elementor-element elementor-element-2900f80 elementor-section-boxed elementor-section-height-default elementor-section-height-default\" data-id=\"2900f80\" data-element_type=\"section\" data-e-type=\"section\">\n\t\t\t\t\t\t<div class=\"elementor-container elementor-column-gap-default\">\n\t\t\t\t\t<div class=\"elementor-column elementor-col-100 elementor-top-column elementor-element elementor-element-934f19a\" data-id=\"934f19a\" data-element_type=\"column\" data-e-type=\"column\">\n\t\t\t<div class=\"elementor-widget-wrap elementor-element-populated\">\n\t\t\t\t\t\t<div class=\"elementor-element elementor-element-3bc5f34 elementor-widget elementor-widget-blfe-post-grid\" data-id=\"3bc5f34\" data-element_type=\"widget\" data-e-type=\"widget\" data-settings=\"{&quot;hero3_layout_column_gap&quot;:{&quot;unit&quot;:&quot;px&quot;,&quot;size&quot;:3,&quot;sizes&quot;:[]},&quot;hero3_layout_row_gap&quot;:{&quot;unit&quot;:&quot;px&quot;,&quot;size&quot;:6,&quot;sizes&quot;:[]},&quot;columns&quot;:&quot;3&quot;,&quot;columns_tablet&quot;:&quot;6&quot;,&quot;columns_mobile&quot;:&quot;12&quot;,&quot;hero3_navigation&quot;:&quot;arrows&quot;,&quot;hero3_layout_column_gap_tablet&quot;:{&quot;unit&quot;:&quot;px&quot;,&quot;size&quot;:&quot;&quot;,&quot;sizes&quot;:[]},&quot;hero3_layout_column_gap_mobile&quot;:{&quot;unit&quot;:&quot;px&quot;,&quot;size&quot;:&quot;&quot;,&quot;sizes&quot;:[]},&quot;hero3_layout_row_gap_tablet&quot;:{&quot;unit&quot;:&quot;px&quot;,&quot;size&quot;:&quot;&quot;,&quot;sizes&quot;:[]},&quot;hero3_layout_row_gap_mobile&quot;:{&quot;unit&quot;:&quot;px&quot;,&quot;size&quot;:&quot;&quot;,&quot;sizes&quot;:[]}}\" data-widget_type=\"blfe-post-grid.hero3\">\n\t\t\t\t<div class=\"elementor-widget-container\">\n\t\t\t\t\t\n                        <div class=\"blfe-post-grid-container \">\n            \n                <div data-skin=\"hero3\" class=\"blfe-row blfe-posts-inner blfe-hero3 blfe-posts-inner blfe-col-3 blfe-col-tab-6 blfe-col-mob-12     \">\n                            <div class=\"blfe-post-grid-item \">\n            <div class=\"blfe-post-grid-item-inner blfe-modern-zoom\">\n                        <div class=\"blfe-post-grid-bg-image\">\n            <a class=\"blfe-post-grid-image-inner\" href=\"https:\/\/soymigrante.com\/revista\/migrante-zoy-promotora-cultura-guatemala\/\" title=\"Zoy, dise\u00f1adora, promotora cultural y migrante guatemalteca en New York\" rel=\"nofollow\" target=\"_blank\"><img decoding=\"async\" src=\"https:\/\/soymigrante.com\/revista\/wp-content\/uploads\/2023\/08\/zoy-herera-2.webp\" alt=\"Zoy, dise\u00f1adora, promotora cultural y migrante guatemalteca en New York\"\/><\/a>        <\/div>\n                        <div class=\"blfe-post-grid-details\">\n                    <div class=\"blfe-post-grid-details-inner\">\n                        <span class=\"blfe-post-category\"><a href=\"https:\/\/soymigrante.com\/revista\/category\/exitos\/\">\u00c9xitos<\/a><\/span>                        <h3 class=\"blfe-post-grid-title\">\n            <a href=\"https:\/\/soymigrante.com\/revista\/migrante-zoy-promotora-cultura-guatemala\/\" title=\"Zoy, dise\u00f1adora, promotora cultural y migrante guatemalteca en New York\" rel=\"nofollow\" target=\"_blank\">Zoy, dise\u00f1adora, promotora cultural y migrante guatemalteca en New York<\/a>\n            <\/h3>                                    <div class=\"blfe-post-grid-meta\">\n                <span class=\"blfe-post-grid-time\"><i class=\"fa fa-clock far fa-clock\"><\/i>6:48 pm<\/span>                    <div class=\"blfe-post-meta-dot\"><\/div>\n                                <\/div>\n                                                                                <\/div>\n                <\/div>\n\n            <\/div>\n        <\/div>\n                <div class=\"blfe-post-grid-item \">\n            <div class=\"blfe-post-grid-item-inner blfe-modern-zoom\">\n                        <div class=\"blfe-post-grid-bg-image\">\n            <a class=\"blfe-post-grid-image-inner\" href=\"https:\/\/soymigrante.com\/revista\/yaneth-la-chapina-tiene-un-paraiso-de-sabor-guatemalteco-en-maryland\/\" title=\"Yaneth La Chapina tiene un Para\u00edso de sabor guatemalteco en Maryland\" rel=\"nofollow\" target=\"_blank\"><img decoding=\"async\" src=\"https:\/\/soymigrante.com\/revista\/wp-content\/uploads\/2025\/06\/migrante-guatemalteca-yaneth-sical-maryland-2.webp\" alt=\"Yaneth La Chapina tiene un Para\u00edso de sabor guatemalteco en Maryland\"\/><\/a>        <\/div>\n                        <div class=\"blfe-post-grid-details\">\n                    <div class=\"blfe-post-grid-details-inner\">\n                        <span class=\"blfe-post-category\"><a href=\"https:\/\/soymigrante.com\/revista\/category\/exitos\/\">\u00c9xitos<\/a><\/span>                        <h3 class=\"blfe-post-grid-title\">\n            <a href=\"https:\/\/soymigrante.com\/revista\/yaneth-la-chapina-tiene-un-paraiso-de-sabor-guatemalteco-en-maryland\/\" title=\"Yaneth La Chapina tiene un Para\u00edso de sabor guatemalteco en Maryland\" rel=\"nofollow\" target=\"_blank\">Yaneth La Chapina tiene un Para\u00edso de sabor guatemalteco en Maryland<\/a>\n            <\/h3>                                    <div class=\"blfe-post-grid-meta\">\n                <span class=\"blfe-post-grid-time\"><i class=\"fa fa-clock far fa-clock\"><\/i>4:41 pm<\/span>                    <div class=\"blfe-post-meta-dot\"><\/div>\n                                <\/div>\n                                                                                <\/div>\n                <\/div>\n\n            <\/div>\n        <\/div>\n                <div class=\"blfe-post-grid-item \">\n            <div class=\"blfe-post-grid-item-inner blfe-modern-zoom\">\n                        <div class=\"blfe-post-grid-bg-image\">\n            <a class=\"blfe-post-grid-image-inner\" href=\"https:\/\/soymigrante.com\/revista\/y-cuando-evelyn-desperto-su-gran-sueno-todavia-estaba-alli\/\" title=\"Y cuando Evelyn despert\u00f3, su gran sue\u00f1o de cine todav\u00eda estaba all\u00ed\" rel=\"nofollow\" target=\"_blank\"><img decoding=\"async\" src=\"https:\/\/soymigrante.com\/revista\/wp-content\/uploads\/2024\/12\/evelyn-lorena-actriz-guatemalteca.webp\" alt=\"Y cuando Evelyn despert\u00f3, su gran sue\u00f1o de cine todav\u00eda estaba all\u00ed\"\/><\/a>        <\/div>\n                        <div class=\"blfe-post-grid-details\">\n                    <div class=\"blfe-post-grid-details-inner\">\n                        <span class=\"blfe-post-category\"><a href=\"https:\/\/soymigrante.com\/revista\/category\/exitos\/\">\u00c9xitos<\/a><\/span>                        <h3 class=\"blfe-post-grid-title\">\n            <a href=\"https:\/\/soymigrante.com\/revista\/y-cuando-evelyn-desperto-su-gran-sueno-todavia-estaba-alli\/\" title=\"Y cuando Evelyn despert\u00f3, su gran sue\u00f1o de cine todav\u00eda estaba all\u00ed\" rel=\"nofollow\" target=\"_blank\">Y cuando Evelyn despert\u00f3, su gran sue\u00f1o de cine todav\u00eda estaba all\u00ed<\/a>\n            <\/h3>                                    <div class=\"blfe-post-grid-meta\">\n                <span class=\"blfe-post-grid-time\"><i class=\"fa fa-clock far fa-clock\"><\/i>11:20 am<\/span>                    <div class=\"blfe-post-meta-dot\"><\/div>\n                                <\/div>\n                                                                                <\/div>\n                <\/div>\n\n            <\/div>\n        <\/div>\n                <div class=\"blfe-post-grid-item \">\n            <div class=\"blfe-post-grid-item-inner blfe-modern-zoom\">\n                        <div class=\"blfe-post-grid-bg-image\">\n            <a class=\"blfe-post-grid-image-inner\" href=\"https:\/\/soymigrante.com\/revista\/willy-barreno-ayuda-migrantes-quetzaltenango-proyecto\/\" title=\"Willy Barreno: chef migrante ayuda a migrantes en su propia tierra\" rel=\"nofollow\" target=\"_blank\"><img decoding=\"async\" src=\"https:\/\/soymigrante.com\/revista\/wp-content\/uploads\/2024\/03\/Chef-Willy-Barreno-3.webp\" alt=\"Willy Barreno: chef migrante ayuda a migrantes en su propia tierra\"\/><\/a>        <\/div>\n                        <div class=\"blfe-post-grid-details\">\n                    <div class=\"blfe-post-grid-details-inner\">\n                        <span class=\"blfe-post-category\"><a href=\"https:\/\/soymigrante.com\/revista\/category\/exitos\/\">\u00c9xitos<\/a><\/span>                        <h3 class=\"blfe-post-grid-title\">\n            <a href=\"https:\/\/soymigrante.com\/revista\/willy-barreno-ayuda-migrantes-quetzaltenango-proyecto\/\" title=\"Willy Barreno: chef migrante ayuda a migrantes en su propia tierra\" rel=\"nofollow\" target=\"_blank\">Willy Barreno: chef migrante ayuda a migrantes en su propia tierra<\/a>\n            <\/h3>                                    <div class=\"blfe-post-grid-meta\">\n                <span class=\"blfe-post-grid-time\"><i class=\"fa fa-clock far fa-clock\"><\/i>12:18 am<\/span>                    <div class=\"blfe-post-meta-dot\"><\/div>\n                                <\/div>\n                                                                                <\/div>\n                <\/div>\n\n            <\/div>\n        <\/div>\n                <div class=\"blfe-post-grid-item \">\n            <div class=\"blfe-post-grid-item-inner blfe-modern-zoom\">\n                        <div class=\"blfe-post-grid-bg-image\">\n            <a class=\"blfe-post-grid-image-inner\" href=\"https:\/\/soymigrante.com\/revista\/williamel-chapincillo-migrante-en-busca-de-un-mejor-destino\/\" title=\"William, \u201dEl Chapincillo\u201d: un migrante guatemalteco en busca de un mejor destino.\" rel=\"nofollow\" target=\"_blank\"><img decoding=\"async\" src=\"https:\/\/soymigrante.com\/revista\/wp-content\/uploads\/2023\/06\/347770495_279458674511685_1909770362635697153_n.webp\" alt=\"William, \u201dEl Chapincillo\u201d: un migrante guatemalteco en busca de un mejor destino.\"\/><\/a>        <\/div>\n                        <div class=\"blfe-post-grid-details\">\n                    <div class=\"blfe-post-grid-details-inner\">\n                        <span class=\"blfe-post-category\"><a href=\"https:\/\/soymigrante.com\/revista\/category\/exitos\/\">\u00c9xitos<\/a><\/span>                        <h3 class=\"blfe-post-grid-title\">\n            <a href=\"https:\/\/soymigrante.com\/revista\/williamel-chapincillo-migrante-en-busca-de-un-mejor-destino\/\" title=\"William, \u201dEl Chapincillo\u201d: un migrante guatemalteco en busca de un mejor destino.\" rel=\"nofollow\" target=\"_blank\">William, \u201dEl Chapincillo\u201d: un migrante guatemalteco en busca de un mejor destino.<\/a>\n            <\/h3>                                    <div class=\"blfe-post-grid-meta\">\n                <span class=\"blfe-post-grid-time\"><i class=\"fa fa-clock far fa-clock\"><\/i>7:57 pm<\/span>                    <div class=\"blfe-post-meta-dot\"><\/div>\n                                <\/div>\n                                                                                <\/div>\n                <\/div>\n\n            <\/div>\n        <\/div>\n                        <\/div>\n\n                        <\/div>\n            \n                        <div class=\"blfe-post-footer\">\n                        <\/div>\n            \t\t\t\t<\/div>\n\t\t\t\t<\/div>\n\t\t\t\t\t<\/div>\n\t\t<\/div>\n\t\t\t\t\t<\/div>\n\t\t<\/section>\n\t\t\t\t<\/div>\n\t\t","protected":false},"excerpt":{"rendered":"<p>Migrante maya q&#8217;anjob&#8217;al lleg\u00f3 a California, EE.UU. en 1984, huyendo de la guerra en Guatemala pero con un gran sue\u00f1o: ser actor en Hollywood. Sus realidades casi parecen ficci\u00f3n y su aventura de vida sigue en pleno rodaje. Esta es la historia. https:\/\/www.youtube.com\/watch?v=jkGhRrZg-UU Era D\u00eda del Trabajo cuando Dionicio Virvez sali\u00f3 de su natal Santa [&hellip;]<\/p>\n","protected":false},"author":7,"featured_media":4751,"comment_status":"open","ping_status":"open","sticky":false,"template":"","format":"standard","meta":{"_acf_changed":false,"_eb_attr":"","footnotes":""},"categories":[50],"tags":[],"class_list":["post-4741","post","type-post","status-publish","format-standard","has-post-thumbnail","hentry","category-exitos"],"acf":[],"aioseo_notices":[],"aioseo_head":"\n\t\t<!-- All in One SEO Pro 4.9.6.2 - aioseo.com -->\n\t<meta name=\"description\" content=\"El migrante guatemalteco William Vel\u00e1squez es un emprendedor en Oklahoma. Vivi\u00f3 etapas dif\u00edciles de juventud. Se equivoc\u00f3. Rectific\u00f3 el camino y da testimonio de que siempre se puede cambiar. William Vel\u00e1squez es un migrante y emprendedor guatemalteco, que lleva 24 a\u00f1os de vivir en Oklahoma y m\u00e1s de tres d\u00e9cadas en Estados Unidos. Se siente\" \/>\n\t<meta name=\"robots\" content=\"max-snippet:-1, max-image-preview:large, max-video-preview:-1\" \/>\n\t<meta name=\"author\" content=\"Diana Batz\"\/>\n\t<link rel=\"canonical\" href=\"https:\/\/soymigrante.com\/revista\/williamel-chapincillo-migrante-en-busca-de-un-mejor-destino\/\" \/>\n\t<meta name=\"generator\" content=\"All in One SEO Pro (AIOSEO) 4.9.6.2\" \/>\n\n\t\t<link rel=\"preconnect\" href=\"https:\/\/fonts.googleapis.com\" crossorigin>\n<link rel=\"preconnect\" href=\"https:\/\/fonts.gstatic.com\" crossorigin>\n\t\t<meta property=\"og:locale\" content=\"es_ES\" \/>\n\t\t<meta property=\"og:site_name\" content=\"SoyMigrante.com REVISTA \u2013 Nuestra misi\u00f3n es reconocer y dignificar al migrante.\" \/>\n\t\t<meta property=\"og:type\" content=\"article\" \/>\n\t\t<meta property=\"og:title\" content=\"William, \u201dEl Chapincillo\u201d: un migrante guatemalteco en busca de un mejor destino.\" \/>\n\t\t<meta property=\"og:description\" content=\"El migrante guatemalteco William Vel\u00e1squez es un emprendedor en Oklahoma. Vivi\u00f3 etapas dif\u00edciles de juventud. Se equivoc\u00f3. Rectific\u00f3 el camino y da testimonio de que siempre se puede cambiar. William Vel\u00e1squez es un migrante y emprendedor guatemalteco, que lleva 24 a\u00f1os de vivir en Oklahoma y m\u00e1s de tres d\u00e9cadas en Estados Unidos. Se siente\" \/>\n\t\t<meta property=\"og:url\" content=\"https:\/\/soymigrante.com\/revista\/williamel-chapincillo-migrante-en-busca-de-un-mejor-destino\/\" \/>\n\t\t<meta property=\"og:image\" content=\"https:\/\/soymigrante.com\/revista\/wp-content\/uploads\/2023\/06\/347770495_279458674511685_1909770362635697153_n.webp\" \/>\n\t\t<meta property=\"og:image:secure_url\" content=\"https:\/\/soymigrante.com\/revista\/wp-content\/uploads\/2023\/06\/347770495_279458674511685_1909770362635697153_n.webp\" \/>\n\t\t<meta property=\"og:image:width\" content=\"1440\" \/>\n\t\t<meta property=\"og:image:height\" content=\"1920\" \/>\n\t\t<meta property=\"article:published_time\" content=\"2023-06-20T19:57:24+00:00\" \/>\n\t\t<meta property=\"article:modified_time\" content=\"2026-03-11T22:39:33+00:00\" \/>\n\t\t<meta property=\"article:publisher\" content=\"https:\/\/www.facebook.com\/soymigrantecom\" \/>\n\t\t<meta name=\"twitter:card\" content=\"summary_large_image\" \/>\n\t\t<meta name=\"twitter:site\" content=\"@SoyMigrante_com\" \/>\n\t\t<meta name=\"twitter:title\" content=\"William, \u201dEl Chapincillo\u201d: un migrante guatemalteco en busca de un mejor destino.\" \/>\n\t\t<meta name=\"twitter:description\" content=\"El migrante guatemalteco William Vel\u00e1squez es un emprendedor en Oklahoma. Vivi\u00f3 etapas dif\u00edciles de juventud. Se equivoc\u00f3. Rectific\u00f3 el camino y da testimonio de que siempre se puede cambiar. William Vel\u00e1squez es un migrante y emprendedor guatemalteco, que lleva 24 a\u00f1os de vivir en Oklahoma y m\u00e1s de tres d\u00e9cadas en Estados Unidos. Se siente\" \/>\n\t\t<meta name=\"twitter:creator\" content=\"@SoyMigrante_com\" \/>\n\t\t<meta name=\"twitter:image\" content=\"https:\/\/soymigrante.com\/revista\/wp-content\/uploads\/2023\/06\/347770495_279458674511685_1909770362635697153_n.webp\" \/>\n\t\t<!-- All in One SEO Pro -->\r\n\t\t<title>William, \u201dEl Chapincillo\u201d: un migrante guatemalteco en busca de un mejor destino.<\/title>\n\n","aioseo_head_json":{"title":"William, \u201dEl Chapincillo\u201d: un migrante guatemalteco en busca de un mejor destino.","description":"El migrante guatemalteco William Vel\u00e1squez es un emprendedor en Oklahoma. Vivi\u00f3 etapas dif\u00edciles de juventud. Se equivoc\u00f3. Rectific\u00f3 el camino y da testimonio de que siempre se puede cambiar. William Vel\u00e1squez es un migrante y emprendedor guatemalteco, que lleva 24 a\u00f1os de vivir en Oklahoma y m\u00e1s de tres d\u00e9cadas en Estados Unidos. Se siente","canonical_url":"https:\/\/soymigrante.com\/revista\/williamel-chapincillo-migrante-en-busca-de-un-mejor-destino\/","robots":"max-snippet:-1, max-image-preview:large, max-video-preview:-1","keywords":"","webmasterTools":{"miscellaneous":"&lt;link rel=\"preconnect\" href=\"https:\/\/fonts.googleapis.com\" crossorigin&gt;\n&lt;link rel=\"preconnect\" href=\"https:\/\/fonts.gstatic.com\" crossorigin&gt;"},"schema":null,"og:locale":"es_ES","og:site_name":"SoyMigrante.com REVISTA \u2013 Nuestra misi\u00f3n es reconocer y dignificar al migrante.","og:type":"article","og:title":"William, \u201dEl Chapincillo\u201d: un migrante guatemalteco en busca de un mejor destino.","og:description":"El migrante guatemalteco William Vel\u00e1squez es un emprendedor en Oklahoma. Vivi\u00f3 etapas dif\u00edciles de juventud. Se equivoc\u00f3. Rectific\u00f3 el camino y da testimonio de que siempre se puede cambiar. William Vel\u00e1squez es un migrante y emprendedor guatemalteco, que lleva 24 a\u00f1os de vivir en Oklahoma y m\u00e1s de tres d\u00e9cadas en Estados Unidos. Se siente","og:url":"https:\/\/soymigrante.com\/revista\/williamel-chapincillo-migrante-en-busca-de-un-mejor-destino\/","og:image":"https:\/\/soymigrante.com\/revista\/wp-content\/uploads\/2023\/06\/347770495_279458674511685_1909770362635697153_n.webp","og:image:secure_url":"https:\/\/soymigrante.com\/revista\/wp-content\/uploads\/2023\/06\/347770495_279458674511685_1909770362635697153_n.webp","og:image:width":1440,"og:image:height":1920,"article:published_time":"2023-06-20T19:57:24+00:00","article:modified_time":"2026-03-11T22:39:33+00:00","article:publisher":"https:\/\/www.facebook.com\/soymigrantecom","twitter:card":"summary_large_image","twitter:site":"@SoyMigrante_com","twitter:title":"William, \u201dEl Chapincillo\u201d: un migrante guatemalteco en busca de un mejor destino.","twitter:description":"El migrante guatemalteco William Vel\u00e1squez es un emprendedor en Oklahoma. Vivi\u00f3 etapas dif\u00edciles de juventud. Se equivoc\u00f3. Rectific\u00f3 el camino y da testimonio de que siempre se puede cambiar. William Vel\u00e1squez es un migrante y emprendedor guatemalteco, que lleva 24 a\u00f1os de vivir en Oklahoma y m\u00e1s de tres d\u00e9cadas en Estados Unidos. Se siente","twitter:creator":"@SoyMigrante_com","twitter:image":"https:\/\/soymigrante.com\/revista\/wp-content\/uploads\/2023\/06\/347770495_279458674511685_1909770362635697153_n.webp"},"aioseo_meta_data":{"post_id":"4741","title":null,"description":null,"keywords":[],"keyphrases":{"focus":{"keyphrase":"Migrante","score":69,"analysis":{"keyphraseInTitle":{"score":9,"maxScore":9,"error":0},"keyphraseInDescription":{"score":9,"maxScore":9,"error":0},"keyphraseLength":{"score":9,"maxScore":9,"error":0,"length":1},"keyphraseInURL":{"score":5,"maxScore":5,"error":0},"keyphraseInIntroduction":{"score":3,"maxScore":9,"error":1},"keyphraseInSubHeadings":{"score":3,"maxScore":9,"error":1},"keyphraseInImageAlt":{"score":9,"maxScore":9,"error":0},"keywordDensity":{"score":0,"type":"low","maxScore":9,"error":1}}},"additional":[]},"primary_term":null,"canonical_url":null,"og_title":null,"og_description":null,"og_object_type":"default","og_image_type":"default","og_image_url":null,"og_image_width":null,"og_image_height":null,"og_image_custom_url":null,"og_image_custom_fields":null,"og_video":"","og_custom_url":null,"og_article_section":null,"og_article_tags":[],"twitter_use_og":false,"twitter_card":"default","twitter_image_type":"default","twitter_image_url":null,"twitter_image_custom_url":null,"twitter_image_custom_fields":null,"twitter_title":null,"twitter_description":null,"schema":{"blockGraphs":[],"customGraphs":[],"default":{"data":{"Article":[],"Course":[],"Dataset":[],"FAQPage":[],"Movie":[],"Person":[],"Product":[],"ProductReview":[],"Car":[],"Recipe":[],"Service":[],"SoftwareApplication":[],"WebPage":[]},"graphName":"BlogPosting","isEnabled":true},"graphs":[]},"schema_type":"default","schema_type_options":null,"pillar_content":false,"robots_default":true,"robots_noindex":false,"robots_noarchive":false,"robots_nosnippet":false,"robots_nofollow":false,"robots_noimageindex":false,"robots_noodp":false,"robots_notranslate":false,"robots_max_snippet":"-1","robots_max_videopreview":"-1","robots_max_imagepreview":"large","priority":null,"frequency":"default","local_seo":null,"seo_analyzer_scan_date":"2025-10-08 21:08:16","breadcrumb_settings":null,"limit_modified_date":false,"reviewed_by":null,"open_ai":null,"ai":null,"created":"2024-02-07 04:45:52","updated":"2026-02-04 10:47:54"},"aioseo_breadcrumb":"<div class=\"aioseo-breadcrumbs\"><span class=\"aioseo-breadcrumb\">\n\t<a href=\"https:\/\/soymigrante.com\/revista\" title=\"Home\">Home<\/a>\n<\/span><span class=\"aioseo-breadcrumb-separator\">\u00bb<\/span><span class=\"aioseo-breadcrumb\">\n\t<a href=\"https:\/\/soymigrante.com\/revista\/category\/exitos\/\" title=\"\u00c9xitos\">\u00c9xitos<\/a>\n<\/span><span class=\"aioseo-breadcrumb-separator\">\u00bb<\/span><span class=\"aioseo-breadcrumb\">\n\tAcci\u00f3n, drama y ficci\u00f3n cruzan la vida del actor migrante maya Dionicio Virvez\n<\/span><\/div>","aioseo_breadcrumb_json":[{"label":"Home","link":"https:\/\/soymigrante.com\/revista"},{"label":"\u00c9xitos","link":"https:\/\/soymigrante.com\/revista\/category\/exitos\/"},{"label":"Acci\u00f3n, drama y ficci\u00f3n cruzan la vida del actor migrante maya Dionicio Virvez","link":"https:\/\/soymigrante.com\/revista\/actor-maya-guatemalteco-dionicio-virvez-aconseja-nunca-rendirse-al-buscar-un-sueno\/"}],"_links":{"self":[{"href":"https:\/\/soymigrante.com\/revista\/wp-json\/wp\/v2\/posts\/4741","targetHints":{"allow":["GET"]}}],"collection":[{"href":"https:\/\/soymigrante.com\/revista\/wp-json\/wp\/v2\/posts"}],"about":[{"href":"https:\/\/soymigrante.com\/revista\/wp-json\/wp\/v2\/types\/post"}],"author":[{"embeddable":true,"href":"https:\/\/soymigrante.com\/revista\/wp-json\/wp\/v2\/users\/7"}],"replies":[{"embeddable":true,"href":"https:\/\/soymigrante.com\/revista\/wp-json\/wp\/v2\/comments?post=4741"}],"version-history":[{"count":0,"href":"https:\/\/soymigrante.com\/revista\/wp-json\/wp\/v2\/posts\/4741\/revisions"}],"wp:featuredmedia":[{"embeddable":true,"href":"https:\/\/soymigrante.com\/revista\/wp-json\/wp\/v2\/media\/4751"}],"wp:attachment":[{"href":"https:\/\/soymigrante.com\/revista\/wp-json\/wp\/v2\/media?parent=4741"}],"wp:term":[{"taxonomy":"category","embeddable":true,"href":"https:\/\/soymigrante.com\/revista\/wp-json\/wp\/v2\/categories?post=4741"},{"taxonomy":"post_tag","embeddable":true,"href":"https:\/\/soymigrante.com\/revista\/wp-json\/wp\/v2\/tags?post=4741"}],"curies":[{"name":"wp","href":"https:\/\/api.w.org\/{rel}","templated":true}]}}