{"id":47371,"date":"2025-10-17T12:16:18","date_gmt":"2025-10-17T18:16:18","guid":{"rendered":"https:\/\/soymigrante.com\/revista\/?p=47371"},"modified":"2025-10-17T12:53:50","modified_gmt":"2025-10-17T18:53:50","slug":"cambio-de-horario-de-verano-usa-es-cierto-que-dana-la-salud","status":"publish","type":"post","link":"https:\/\/soymigrante.com\/revista\/cambio-de-horario-de-verano-usa-es-cierto-que-dana-la-salud\/","title":{"rendered":"\u00bfEs cierto que el cambio de horario de verano en USA puede afectar la salud?"},"content":{"rendered":"\t\t<div data-elementor-type=\"wp-post\" data-elementor-id=\"47371\" class=\"elementor elementor-47371\" data-elementor-post-type=\"post\">\n\t\t\t\t<div data-particle_enable=\"false\" data-particle-mobile-disabled=\"false\" class=\"elementor-element elementor-element-759ecd9 e-flex e-con-boxed e-con e-parent\" data-id=\"759ecd9\" data-element_type=\"container\" data-e-type=\"container\">\n\t\t\t\t\t<div class=\"e-con-inner\">\n\t\t\t\t<div class=\"elementor-element elementor-element-0ff0d22 elementor-widget elementor-widget-heading\" data-id=\"0ff0d22\" data-element_type=\"widget\" data-e-type=\"widget\" data-widget_type=\"heading.default\">\n\t\t\t\t\t<h2 class=\"elementor-heading-title elementor-size-default\">A partir del primer domingo de noviembre termina el horario de verano en USA y los relojes se deben atrasar una hora. \u00bfPor qu\u00e9 se cambia dos veces al a\u00f1o de hora? \u00bfTiene riesgos este cambio para la salud? \u00bfQu\u00e9 se puede hacer?<\/h2>\t\t\t\t<\/div>\n\t\t\t\t<div class=\"elementor-element elementor-element-cf481c7 elementor-widget elementor-widget-html\" data-id=\"cf481c7\" data-element_type=\"widget\" data-e-type=\"widget\" data-widget_type=\"html.default\">\n\t\t\t\t\t<div id=\"buzzsprout-player-18029451\"><\/div><script src=\"https:\/\/www.buzzsprout.com\/2444168\/episodes\/18029451-puede-afectar-la-salud-el-cambio-de-horario-de-verano-en-usa.js?container_id=buzzsprout-player-18029451&player=small\" type=\"text\/javascript\" charset=\"utf-8\"><\/script>\t\t\t\t<\/div>\n\t\t\t\t\t<\/div>\n\t\t\t\t<\/div>\n\t\t<div data-particle_enable=\"false\" data-particle-mobile-disabled=\"false\" class=\"elementor-element elementor-element-fd847e2 e-flex e-con-boxed e-con e-parent\" data-id=\"fd847e2\" data-element_type=\"container\" data-e-type=\"container\">\n\t\t\t\t\t<div class=\"e-con-inner\">\n\t\t\t\t<div class=\"elementor-element elementor-element-0db0269 elementor-widget elementor-widget-text-editor\" data-id=\"0db0269\" data-element_type=\"widget\" data-e-type=\"widget\" data-widget_type=\"text-editor.default\">\n\t\t\t\t\t\t\t\t\t<p>Este a\u00f1o 2025 ser\u00e1 el 2 de noviembre el d\u00eda en que se ajusten los relojes en Estados Unidos: se debe retrasar una hora, debido al fin del horario de verano que comenz\u00f3 en marzo. \u00bfPara qu\u00e9 se cambia el horario? B\u00e1sicamente para aprovechar m\u00e1s la luz diurna, que <a href=\"https:\/\/soymigrante.com\/revista\/y-alla-que-hora-es-las-zonas-horarias-en-ee-uu-y-su-equivalencia-con-guatemala\/\">var\u00eda seg\u00fan el lugar y las zonas horarias en USA.<\/a><\/p><p>Sin embargo, han surgido cuestionamientos sobre la conveniencia de este cambio, sobre todo en relaci\u00f3n al impacto en la salud. Un estudio de la Universidad de Stanford se\u00f1ala que s\u00ed tiene efectos en incidencia de <a href=\"https:\/\/soymigrante.com\/revista\/cuida-tu-corazon-claves-para-prevenir-enfermedades-cardiacas\/\">males card\u00edacos<\/a> debido a la insuficiencia del sue\u00f1o.\u00a0 \u00bfQu\u00e9 tan cierto es esto?<\/p>\t\t\t\t\t\t\t\t<\/div>\n\t\t\t\t\t<\/div>\n\t\t\t\t<\/div>\n\t\t<div data-particle_enable=\"false\" data-particle-mobile-disabled=\"false\" class=\"elementor-element elementor-element-09569c7 e-flex e-con-boxed e-con e-parent\" data-id=\"09569c7\" data-element_type=\"container\" data-e-type=\"container\">\n\t\t\t\t\t<div class=\"e-con-inner\">\n\t\t\t\t<div class=\"elementor-element elementor-element-4b5983c elementor-widget elementor-widget-html\" data-id=\"4b5983c\" data-element_type=\"widget\" data-e-type=\"widget\" data-widget_type=\"html.default\">\n\t\t\t\t\t<iframe\r\n  src=\"https:\/\/www.time-zones-map.com\/\"\r\n  width=\"100%\"\r\n  height=\"700\"\r\n  style=\"border: none;\"\r\n  allowfullscreen>\r\n<\/iframe>\r\n\t\t\t\t<\/div>\n\t\t\t\t\t<\/div>\n\t\t\t\t<\/div>\n\t\t<div data-particle_enable=\"false\" data-particle-mobile-disabled=\"false\" class=\"elementor-element elementor-element-bd3239c e-flex e-con-boxed e-con e-parent\" data-id=\"bd3239c\" data-element_type=\"container\" data-e-type=\"container\">\n\t\t\t\t\t<div class=\"e-con-inner\">\n\t\t\t\t<div class=\"elementor-element elementor-element-5ecfa00 elementor-widget elementor-widget-text-editor\" data-id=\"5ecfa00\" data-element_type=\"widget\" data-e-type=\"widget\" data-widget_type=\"text-editor.default\">\n\t\t\t\t\t\t\t\t\t<h3>\u00bfQu\u00e9 efectos en la salud tiene el cambio horario de verano en USA, seg\u00fan el estudio de Stanford?\u00a0<\/h3><p><a href=\"https:\/\/med.stanford.edu\/news\/all-news\/2025\/09\/daylight-saving-time.html\">Seg\u00fan un estudio de la Universidad de Stanford <\/a>el cambio horario de verano aumenta el\u00a0 riesgo de obesidad y <a href=\"https:\/\/soymigrante.com\/revista\/cuida-tu-corazon-claves-para-prevenir-enfermedades-cardiacas\/\">males cardiovasculares<\/a>. Este efecto se debe al vaiv\u00e9n entre horario est\u00e1ndar y horario de verano, en comparaci\u00f3n con mantener un horario fijo todo el a\u00f1o (ya sea dejar el horario normal\u00a0 permanente o el horario de verano permanente).<\/p><p>Con base en modelos de exposici\u00f3n a la luz, ritmos circadianos y datos de salud a nivel condado en EE.UU., el estudio se\u00f1ala que adoptar horario est\u00e1ndar permanente evitar\u00eda hasta 300 mil casos de accidente cerebrovascular al a\u00f1o y reducir\u00eda unos 2.6 millones de casos de obesidad (c\u00e1lculos en modelos estad\u00edsticos). El horario de verano permanente tambi\u00e9n ofrecer\u00eda beneficios, pero en menor magnitud.\u00a0<\/p><p>En resumen: los autores sugieren que el verdadero problema no es tanto cu\u00e1l horario usar, sino cambiar dos veces al a\u00f1o. Permanecer en un horario fijo minimizar\u00eda el \u201cestr\u00e9s circadiano\u201d inducido por los cambios.\u00a0<\/p><h3>\u00bfQu\u00e9 son los ritmos o ciclos circadianos?<\/h3><p>El ritmo circadiano es el reloj biol\u00f3gico interno (~24 h) que regula ciclos de sue\u00f1o-vigilia, secreci\u00f3n hormonal, metabolismo, temperatura corporal, entre otros. Cambiar la hora abruptamente (adelantar o atrasar el reloj) equivale a un \u201cmini jet lag\u201d para el organismo: obliga al cuerpo a reajustarse a las nuevas se\u00f1ales de luz\/oscuridad. Esa desalineaci\u00f3n interrumpe funciones como el sue\u00f1o, el control de la tensi\u00f3n arterial, la regulaci\u00f3n metab\u00f3lica e incluso la expresi\u00f3n g\u00e9nica en c\u00e9lulas card\u00edacas o vasculares.\u00a0<\/p><p>Si los cambios se repiten (primavera y oto\u00f1o), ese \u201cestr\u00e9s circadiano\u201d acumulado puede aumentar riesgos para la salud sist\u00e9mica.<\/p>\t\t\t\t\t\t\t\t<\/div>\n\t\t\t\t\t<\/div>\n\t\t\t\t<\/div>\n\t\t<div data-particle_enable=\"false\" data-particle-mobile-disabled=\"false\" class=\"elementor-element elementor-element-819b959 e-flex e-con-boxed e-con e-parent\" data-id=\"819b959\" data-element_type=\"container\" data-e-type=\"container\">\n\t\t\t\t\t<div class=\"e-con-inner\">\n\t\t\t\t<div class=\"elementor-element elementor-element-c5356d5 elementor-widget elementor-widget-image\" data-id=\"c5356d5\" data-element_type=\"widget\" data-e-type=\"widget\" data-widget_type=\"image.default\">\n\t\t\t\t\t\t\t\t\t\t\t\t<figure class=\"wp-caption\">\n\t\t\t\t\t\t\t\t\t\t<img fetchpriority=\"high\" decoding=\"async\" width=\"979\" height=\"911\" src=\"https:\/\/soymigrante.com\/revista\/wp-content\/uploads\/2025\/10\/ciclo-circadiano-instituto-de-neurociencias-de-puebla.png\" class=\"attachment-large size-large wp-image-47384\" alt=\"Gr\u00e1fico de los ciclos o ritmos circadianos: una representaci\u00f3n de c\u00f3mo var\u00edan las condiciones corporales y mentales a lo largo de un d\u00eda. Es una aproximaci\u00f3n que cada persona adapta seg\u00fan sus ocupaciones, pero que en el caso de pa\u00edses con cambio de horario de verano, tienen un impacto mayor sobre este ciclo. (Gr\u00e1fico Instituto de Neurociencias de Puebla, M\u00e9xico)\" srcset=\"https:\/\/soymigrante.com\/revista\/wp-content\/uploads\/2025\/10\/ciclo-circadiano-instituto-de-neurociencias-de-puebla.png 979w, https:\/\/soymigrante.com\/revista\/wp-content\/uploads\/2025\/10\/ciclo-circadiano-instituto-de-neurociencias-de-puebla-300x279.png 300w, https:\/\/soymigrante.com\/revista\/wp-content\/uploads\/2025\/10\/ciclo-circadiano-instituto-de-neurociencias-de-puebla-768x715.png 768w, https:\/\/soymigrante.com\/revista\/wp-content\/uploads\/2025\/10\/ciclo-circadiano-instituto-de-neurociencias-de-puebla-750x698.png 750w\" sizes=\"(max-width: 979px) 100vw, 979px\" title=\"Gr\u00e1fico de los ciclos o ritmos circadianos: una representaci\u00f3n de c\u00f3mo var\u00edan las condiciones corporales y mentales a lo largo de un d\u00eda. Es una aproximaci\u00f3n que cada persona adapta seg\u00fan sus ocupaciones, pero que en el caso de pa\u00edses con cambio de horario de verano, tienen un impacto mayor sobre este ciclo. (Gr\u00e1fico Instituto de Neurociencias de Puebla, M\u00e9xico) \u2013 SoyMigrante.com REVISTA\" \/>\t\t\t\t\t\t\t\t\t\t\t<figcaption class=\"widget-image-caption wp-caption-text\">Gr\u00e1fico de los ciclos o ritmos circadianos: una representaci\u00f3n de c\u00f3mo var\u00edan las condiciones corporales y mentales a lo largo de un d\u00eda. Es una aproximaci\u00f3n que cada persona adapta seg\u00fan sus ocupaciones, pero que en el caso de pa\u00edses con cambio de horario de verano, tienen un impacto mayor sobre este ciclo. (Gr\u00e1fico Instituto de Neurociencias de Puebla, M\u00e9xico)<\/figcaption>\n\t\t\t\t\t\t\t\t\t\t<\/figure>\n\t\t\t\t\t\t\t\t\t<\/div>\n\t\t\t\t\t<\/div>\n\t\t\t\t<\/div>\n\t\t<div data-particle_enable=\"false\" data-particle-mobile-disabled=\"false\" class=\"elementor-element elementor-element-7bf2d8b e-flex e-con-boxed e-con e-parent\" data-id=\"7bf2d8b\" data-element_type=\"container\" data-e-type=\"container\">\n\t\t\t\t\t<div class=\"e-con-inner\">\n\t\t\t\t<div class=\"elementor-element elementor-element-1976a66 elementor-widget elementor-widget-text-editor\" data-id=\"1976a66\" data-element_type=\"widget\" data-e-type=\"widget\" data-widget_type=\"text-editor.default\">\n\t\t\t\t\t\t\t\t\t<h3><span style=\"font-family: Mulish, sans-serif; font-size: 29px; font-weight: bold;\">\u00bfQu\u00e9 riesgos de salud se han asociado al cambio de horario de verano dos veces por a\u00f1o?<\/span><\/h3><p>Los estudios han encontrado asociaciones de estos cambios horarios con:<\/p><ul><li><b>Infartos o eventos cardiovasculares agudos: <\/b>un estudio indic\u00f3 un aumento del 24 % en infartos el lunes despu\u00e9s del cambio a horario de verano (primavera)\u00a0<\/li><li><b>Accidentes de tr\u00e1nsito \/ mortalidad vial:<\/b>Se ha observado un aumento de accidentes fatales en los d\u00edas posteriores al cambio de horario (por ejemplo, hasta ~6 %) posiblemente debido a la somnolencia, la fatiga y menor alerta matutina.<\/li><li><b><a href=\"https:\/\/soymigrante.com\/revista\/sueno-que-ocurre-si-no-duermo-bien-descanso\/\">Trastornos del sue\u00f1o<\/a> y calidad del sue\u00f1o alterada:<\/b> los cambios abruptos dificultan conciliar el sue\u00f1o, alteran la eficiencia del sue\u00f1o, provocan despertares nocturnos.<\/li><li><b>Obesidad, metabolismo y enfermedades cr\u00f3nicas<\/b>: La desalineaci\u00f3n circadiana puede afectar la sensibilidad a la insulina, el metabolismo energ\u00e9tico, la regulaci\u00f3n hormonal (como cortisol) y promover resistencia a la insulina o acumulaci\u00f3n de grasa. El estudio de Stanford estima una significativa reducci\u00f3n en casos de obesidad si se elimina el cambio estacional.\u00a0<\/li><li><b>Accidentes laborales:<\/b> La somnolencia y falta de adaptaci\u00f3n pueden aumentar errores, fallos de atenci\u00f3n, mayor incidencia de accidentes laborales tras el cambio.\u00a0<\/li><\/ul><p>Pero es importante ACLARAR: muchas de estas asociaciones son estad\u00edsticas (observacionales). No siempre se puede afirmar que el cambio de horario cause directamente estos efectos. Hay otros factores (estacionales, ambientales, socioecon\u00f3micos) que pueden interferir.<\/p><h3>\u00a0<\/h3>\t\t\t\t\t\t\t\t<\/div>\n\t\t\t\t\t<\/div>\n\t\t\t\t<\/div>\n\t\t<div data-particle_enable=\"false\" data-particle-mobile-disabled=\"false\" class=\"elementor-element elementor-element-25e5a0b e-flex e-con-boxed e-con e-parent\" data-id=\"25e5a0b\" data-element_type=\"container\" data-e-type=\"container\">\n\t\t\t\t\t<div class=\"e-con-inner\">\n\t\t\t\t<div class=\"elementor-element elementor-element-ee24ca3 elementor-widget elementor-widget-html\" data-id=\"ee24ca3\" data-element_type=\"widget\" data-e-type=\"widget\" data-widget_type=\"html.default\">\n\t\t\t\t\t<iframe width=\"560\" height=\"415\" src=\"https:\/\/www.youtube.com\/embed\/xY5WSvsNO_g?si=kUZXn1J00_FgnTUo\" title=\"YouTube video player\" frameborder=\"0\" allow=\"accelerometer; autoplay; clipboard-write; encrypted-media; gyroscope; picture-in-picture; web-share\" referrerpolicy=\"strict-origin-when-cross-origin\" allowfullscreen><\/iframe>\t\t\t\t<\/div>\n\t\t\t\t\t<\/div>\n\t\t\t\t<\/div>\n\t\t<div data-particle_enable=\"false\" data-particle-mobile-disabled=\"false\" class=\"elementor-element elementor-element-15d2476 e-flex e-con-boxed e-con e-parent\" data-id=\"15d2476\" data-element_type=\"container\" data-e-type=\"container\">\n\t\t\t\t\t<div class=\"e-con-inner\">\n\t\t\t\t<div class=\"elementor-element elementor-element-fc08914 elementor-widget elementor-widget-text-editor\" data-id=\"fc08914\" data-element_type=\"widget\" data-e-type=\"widget\" data-widget_type=\"text-editor.default\">\n\t\t\t\t\t\t\t\t\t<h3><span style=\"font-family: Mulish, sans-serif; font-size: 29px; font-weight: bold;\">\u00bfHay estudios que se\u00f1alen que el efecto del cambio de horario en s\u00ed no tiene tanto impacto?<\/span><\/h3><p>Un estudio reciente (mencionado por la Universidad de Duke) no encontr\u00f3 diferencias estad\u00edsticamente significativas en muertes hospitalarias, infartos o accidentes cerebrovasculares relacionados directamente al cambio de horario, sugiriendo que mejoras en tratamiento cardiovascular podr\u00edan reducir efectos observables.\u00a0<\/p><p>En general, algunos an\u00e1lisis apuntan que los efectos m\u00e1s consistentes ocurren en los primeros d\u00edas tras el cambio, pero con menor intensidad despu\u00e9s, y que muchos factores coadyuvantes (temperatura, estacionalidad, epidemias, condiciones preexistentes, <a href=\"https:\/\/soymigrante.com\/revista\/como-incorporar-ejercicio-si-tienes-una-vida-sedentaria-crea-un-habito-sin-pretextos\/\">h\u00e1bitos de ejercicio<\/a>) pueden sesgar resultados.\u00a0<\/p><h3>\u00bfEntonces? \u00bfAfecta o no afecta el cambio horario?<\/h3><p>S\u00ed, hay bases cient\u00edficas para afirmar que tiene riesgos, especialmente a corto plazo, aunque el tama\u00f1o del efecto depender\u00e1 del individuo (edad, salud cardiovascular, vulnerabilidad, herencia). Los riesgos m\u00e1s concretos son en los primeros d\u00edas despu\u00e9s del cambio de primavera: mayor riesgo de infarto, accidentes automovil\u00edsticos, somnolencia, desajuste del sue\u00f1o.<\/p><p>Pero el panorama completo no es completamente homog\u00e9neo: no todos los estudios muestran efectos grandes o consistentes, y algunos efectos a largo plazo (por ejemplo en obesidad o enfermedades cr\u00f3nicas) son proyectados mediante modelos, no observados directamente.<\/p><p>El estudio de Stanford a\u00f1ade un argumento potente: si elimin\u00e1ramos los cambios bianuales y adopt\u00e1ramos un horario fijo (especialmente el est\u00e1ndar permanente) se podr\u00edan evitar muchas enfermedades a nivel poblacional, al disminuir el \u201cestr\u00e9s circadiano\u201d que se da dos veces al a\u00f1o.<\/p>\t\t\t\t\t\t\t\t<\/div>\n\t\t\t\t\t<\/div>\n\t\t\t\t<\/div>\n\t\t<div data-particle_enable=\"false\" data-particle-mobile-disabled=\"false\" class=\"elementor-element elementor-element-78d73f4 e-flex e-con-boxed e-con e-parent\" data-id=\"78d73f4\" data-element_type=\"container\" data-e-type=\"container\">\n\t\t\t\t\t<div class=\"e-con-inner\">\n\t\t\t\t<div class=\"elementor-element elementor-element-616e130 elementor-widget elementor-widget-image\" data-id=\"616e130\" data-element_type=\"widget\" data-e-type=\"widget\" data-widget_type=\"image.default\">\n\t\t\t\t\t\t\t\t\t\t\t\t<figure class=\"wp-caption\">\n\t\t\t\t\t\t\t\t\t\t<img decoding=\"async\" width=\"865\" height=\"858\" src=\"https:\/\/soymigrante.com\/revista\/wp-content\/uploads\/2025\/10\/relojes.png\" class=\"attachment-large size-large wp-image-47386\" alt=\"Por lo pronto, a partir del 2 de noviembre en Estados Unidos, todos a retroceder una hora los relojes, para volver al horario est\u00e1ndar o normal, tras finalizar el per\u00edodo de horario de verano.\" srcset=\"https:\/\/soymigrante.com\/revista\/wp-content\/uploads\/2025\/10\/relojes.png 865w, https:\/\/soymigrante.com\/revista\/wp-content\/uploads\/2025\/10\/relojes-300x298.png 300w, https:\/\/soymigrante.com\/revista\/wp-content\/uploads\/2025\/10\/relojes-150x150.png 150w, https:\/\/soymigrante.com\/revista\/wp-content\/uploads\/2025\/10\/relojes-768x762.png 768w, https:\/\/soymigrante.com\/revista\/wp-content\/uploads\/2025\/10\/relojes-75x75.png 75w, https:\/\/soymigrante.com\/revista\/wp-content\/uploads\/2025\/10\/relojes-750x744.png 750w\" sizes=\"(max-width: 865px) 100vw, 865px\" title=\"Por lo pronto, a partir del 2 de noviembre en Estados Unidos, todos a retroceder una hora los relojes, para volver al  horario est\u00e1ndar o normal, tras finalizar el per\u00edodo de horario de verano. \u2013 SoyMigrante.com REVISTA\" \/>\t\t\t\t\t\t\t\t\t\t\t<figcaption class=\"widget-image-caption wp-caption-text\">Por lo pronto, a partir del 2 de noviembre en Estados Unidos, todos a retroceder una hora los relojes, para volver al  horario est\u00e1ndar o normal, tras finalizar el per\u00edodo de horario de verano.<\/figcaption>\n\t\t\t\t\t\t\t\t\t\t<\/figure>\n\t\t\t\t\t\t\t\t\t<\/div>\n\t\t\t\t\t<\/div>\n\t\t\t\t<\/div>\n\t\t<div data-particle_enable=\"false\" data-particle-mobile-disabled=\"false\" class=\"elementor-element elementor-element-5975f51 e-flex e-con-boxed e-con e-parent\" data-id=\"5975f51\" data-element_type=\"container\" data-e-type=\"container\">\n\t\t\t\t\t<div class=\"e-con-inner\">\n\t\t\t\t<div class=\"elementor-element elementor-element-c31593d elementor-widget elementor-widget-text-editor\" data-id=\"c31593d\" data-element_type=\"widget\" data-e-type=\"widget\" data-widget_type=\"text-editor.default\">\n\t\t\t\t\t\t\t\t\t<h3><span style=\"font-family: Mulish, sans-serif; font-size: 29px; font-weight: bold;\">Hipot\u00e9ticamente,\u00a0 si se eliminara en USA el cambio de horario \u00bfQu\u00e9 horario fijo ser\u00eda \u201cmejor\u201d desde el punto de vista biol\u00f3gico, el est\u00e1ndar o el de verano?<\/span><\/h3><p>De acuerdo con los autores de los estudios citados:<\/p><p><b>Horario est\u00e1ndar permanente<\/b> (lo que ahora es \u201chora normal\u201d, sin adelantos) es el que mejor se sincroniza con la luz matutina y produce menor \u201ccarga circadiana\u201d en promedio.\u00a0\u00a0<\/p><p><b>Horario de verano permanente<\/b> (mantener el adelanto todo el a\u00f1o) podr\u00eda generar beneficios sociales (m\u00e1s luz por la tarde) y algunos beneficios de salud, pero no tan grandes como los proyectados para el est\u00e1ndar permanente.\u00a0<\/p><p>Los autores insisten en que el peor escenario es seguir cambiando dos veces al a\u00f1o, ya que ese vaiv\u00e9n es la fuente continua de desajuste biol\u00f3gico. Los efectos tambi\u00e9n var\u00edan por ubicaci\u00f3n geogr\u00e1fica (latitud, longitud dentro del huso horario), cronotipo individual (gente que trabaja mejor temprano o gente que trabaja mejor de noche) y h\u00e1bitos sociales.<\/p><h3>\u00bfQu\u00e9 limitaciones tienen estos estudios y modelos?<\/h3><p>Muchas estimaciones (como las del nuevo estudio de Stanford) provienen de modelos te\u00f3ricos \u2014 combinan datos de exposici\u00f3n a luz, salud poblacional y supuestos de ajuste circadiano. Eso introduce incertidumbres. Tampoco no siempre se consideran factores socioecon\u00f3micos, h\u00e1bitos de vida, exposici\u00f3n ambiental, <a href=\"https:\/\/soymigrante.com\/revista\/como-incorporar-ejercicio-si-tienes-una-vida-sedentaria-crea-un-habito-sin-pretextos\/\">h\u00e1bitos de ejercicio f\u00edsico<\/a> u otros determinantes de salud que pueden mediar los efectos.\u00a0<\/p>\t\t\t\t\t\t\t\t<\/div>\n\t\t\t\t\t<\/div>\n\t\t\t\t<\/div>\n\t\t<div data-particle_enable=\"false\" data-particle-mobile-disabled=\"false\" class=\"elementor-element elementor-element-62b7056 e-flex e-con-boxed e-con e-parent\" data-id=\"62b7056\" data-element_type=\"container\" data-e-type=\"container\">\n\t\t\t\t\t<div class=\"e-con-inner\">\n\t\t\t\t<div class=\"elementor-element elementor-element-d612d42 elementor-grid-eael-col-1 elementor-grid-tablet-eael-col-2 elementor-grid-mobile-eael-col-1 elementor-widget elementor-widget-eael-post-grid\" data-id=\"d612d42\" data-element_type=\"widget\" data-e-type=\"widget\" data-settings=\"{&quot;eael_post_grid_columns&quot;:&quot;eael-col-1&quot;,&quot;eael_post_grid_columns_tablet&quot;:&quot;eael-col-2&quot;,&quot;eael_post_grid_columns_mobile&quot;:&quot;eael-col-1&quot;}\" data-widget_type=\"eael-post-grid.default\">\n\t\t\t\t\t<div id=\"eael-post-grid-d612d42\" class=\"eael-post-grid-container\">\n            <div class=\"eael-post-grid eael-post-appender eael-post-appender-d612d42 eael-post-grid-style-one\" data-layout-mode=\"masonry\"><article class=\"eael-grid-post  eael-post-grid-column eael-pg-post-8323 category-bienestar\" data-id=\"8323\">\n        <div class=\"eael-grid-post-holder\">\n            <div class=\"eael-grid-post-holder-inner\"><div class=\"eael-entry-media\"><div class=\"eael-entry-overlay fade-in\"><i class=\"far fa-hand-pointer\" aria-hidden=\"true\"><\/i><a href=\"https:\/\/soymigrante.com\/revista\/y-alla-que-hora-es-las-zonas-horarias-en-ee-uu-y-su-equivalencia-con-guatemala\/\"><\/a><\/div><div class=\"eael-entry-thumbnail eael-image-ratio\">\n                <img decoding=\"async\" width=\"635\" height=\"635\" src=\"https:\/\/soymigrante.com\/revista\/wp-content\/uploads\/2024\/08\/Captura-de-pantalla-2024-08-26-151540.webp\" class=\"attachment-large size-large wp-image-8328\" alt=\"Zonas horarias de EStados Unidos\" srcset=\"https:\/\/soymigrante.com\/revista\/wp-content\/uploads\/2024\/08\/Captura-de-pantalla-2024-08-26-151540.webp 635w, https:\/\/soymigrante.com\/revista\/wp-content\/uploads\/2024\/08\/Captura-de-pantalla-2024-08-26-151540-300x300.webp 300w, https:\/\/soymigrante.com\/revista\/wp-content\/uploads\/2024\/08\/Captura-de-pantalla-2024-08-26-151540-150x150.webp 150w, https:\/\/soymigrante.com\/revista\/wp-content\/uploads\/2024\/08\/Captura-de-pantalla-2024-08-26-151540-75x75.webp 75w\" sizes=\"(max-width: 635px) 100vw, 635px\" \/>\n            <\/div>\n        <\/div><div class=\"eael-entry-wrapper\"><header class=\"eael-entry-header\"><h2 class=\"eael-entry-title\"><a class=\"eael-grid-post-link\" href=\"https:\/\/soymigrante.com\/revista\/y-alla-que-hora-es-las-zonas-horarias-en-ee-uu-y-su-equivalencia-con-guatemala\/\" title=\"\u00bfY all\u00e1 qu\u00e9 hora es? Las zonas horarias en EE.UU y su equivalencia con Guatemala\">\u00bfY all\u00e1 qu\u00e9 hora es? Las zonas horarias en EE.UU y su equivalencia con Guatemala<\/a><\/h2><\/header><div class=\"eael-entry-content\">\n                        <div class=\"eael-grid-post-excerpt\"><a href=\"https:\/\/soymigrante.com\/revista\/y-alla-que-hora-es-las-zonas-horarias-en-ee-uu-y-su-equivalencia-con-guatemala\/\" class=\"eael-post-elements-readmore-btn\">CONOCE SU HISTORIA <\/a><\/div>\n                    <\/div><\/div><\/div>\n        <\/div>\n    <\/article><\/div>\n            <div class=\"clearfix\"><\/div>\n        <\/div>\t\t\t\t<\/div>\n\t\t\t\t\t<\/div>\n\t\t\t\t<\/div>\n\t\t<div data-particle_enable=\"false\" data-particle-mobile-disabled=\"false\" class=\"elementor-element elementor-element-06c3d23 e-flex e-con-boxed e-con e-parent\" data-id=\"06c3d23\" data-element_type=\"container\" data-e-type=\"container\">\n\t\t\t\t\t<div class=\"e-con-inner\">\n\t\t\t\t<div class=\"elementor-element elementor-element-21fa045 elementor-widget elementor-widget-text-editor\" data-id=\"21fa045\" data-element_type=\"widget\" data-e-type=\"widget\" data-widget_type=\"text-editor.default\">\n\t\t\t\t\t\t\t\t\t<h3><span style=\"font-family: Mulish, sans-serif; font-size: 29px; font-weight: bold;\">Si los cambios bianuales de horario siguen: \u00bfQu\u00e9 recomendaciones\u00a0 se dan?<\/span><\/h3><ul><li>Trata de anticiparte al <a href=\"https:\/\/soymigrante.com\/revista\/__trashed-3\/\">cambio<\/a> unos d\u00edas, ajustando gradualmente tu hora de dormir\/despertar.\u00a0<\/li><li>Durante los primeros d\u00edas tras el cambio, ser m\u00e1s cuidadoso con el volante, evitar actividades laborales de alto riesgo, prestar atenci\u00f3n extra al descanso.\u00a0<\/li><li>Para quienes tienen riesgo cardiovascular, trastornos del sue\u00f1o, trabajar en turnos o con regulaci\u00f3n del ritmo biol\u00f3gico, tener especial cuidado al adaptarse al cambio.<\/li><\/ul>\t\t\t\t\t\t\t\t<\/div>\n\t\t\t\t\t<\/div>\n\t\t\t\t<\/div>\n\t\t<div data-particle_enable=\"false\" data-particle-mobile-disabled=\"false\" class=\"elementor-element elementor-element-638fce3 e-flex e-con-boxed e-con e-parent\" data-id=\"638fce3\" data-element_type=\"container\" data-e-type=\"container\">\n\t\t\t\t\t<div class=\"e-con-inner\">\n\t\t\t\t<div class=\"elementor-element elementor-element-3eb7c41 elementor-widget elementor-widget-heading\" data-id=\"3eb7c41\" data-element_type=\"widget\" data-e-type=\"widget\" data-widget_type=\"heading.default\">\n\t\t\t\t\t<h2 class=\"elementor-heading-title elementor-size-default\">M\u00e1s temas para tu salud y bienestar<\/h2>\t\t\t\t<\/div>\n\t\t\t\t\t<\/div>\n\t\t\t\t<\/div>\n\t\t<div data-particle_enable=\"false\" data-particle-mobile-disabled=\"false\" class=\"elementor-element elementor-element-a76b864 e-flex e-con-boxed e-con e-parent\" data-id=\"a76b864\" data-element_type=\"container\" data-e-type=\"container\">\n\t\t\t\t\t<div class=\"e-con-inner\">\n\t\t\t\t<div class=\"elementor-element elementor-element-f954b52 elementor-grid-eael-col-3 elementor-grid-tablet-eael-col-2 elementor-grid-mobile-eael-col-1 elementor-widget elementor-widget-eael-post-grid\" data-id=\"f954b52\" data-element_type=\"widget\" data-e-type=\"widget\" data-settings=\"{&quot;eael_post_grid_columns&quot;:&quot;eael-col-3&quot;,&quot;eael_post_grid_columns_tablet&quot;:&quot;eael-col-2&quot;,&quot;eael_post_grid_columns_mobile&quot;:&quot;eael-col-1&quot;}\" data-widget_type=\"eael-post-grid.default\">\n\t\t\t\t\t<div id=\"eael-post-grid-f954b52\" class=\"eael-post-grid-container\">\n            <div class=\"eael-post-grid eael-post-appender eael-post-appender-f954b52 eael-post-grid-style-one\" data-layout-mode=\"masonry\"><article class=\"eael-grid-post  eael-post-grid-column eael-pg-post-54092 category-salud-emocional\" data-id=\"54092\">\n        <div class=\"eael-grid-post-holder\">\n            <div class=\"eael-grid-post-holder-inner\"><div class=\"eael-entry-media\"><div class=\"eael-entry-overlay fade-in\"><i class=\"far fa-hand-pointer\" aria-hidden=\"true\"><\/i><a href=\"https:\/\/soymigrante.com\/revista\/claves-sobre-primeros-auxilios-psicologicos-para-ayudar-a-alguien-agobiado-por-dolor-miedo-o-angustia\/\"><\/a><\/div><div class=\"eael-entry-thumbnail eael-image-ratio\">\n                <img loading=\"lazy\" decoding=\"async\" width=\"1024\" height=\"1024\" src=\"https:\/\/soymigrante.com\/revista\/wp-content\/uploads\/2026\/04\/primeros-auxilios-emocionales.png\" class=\"attachment-large size-large wp-image-54651\" alt=\"primeros auxilios emocionales\" srcset=\"https:\/\/soymigrante.com\/revista\/wp-content\/uploads\/2026\/04\/primeros-auxilios-emocionales.png 1024w, https:\/\/soymigrante.com\/revista\/wp-content\/uploads\/2026\/04\/primeros-auxilios-emocionales-300x300.png 300w, https:\/\/soymigrante.com\/revista\/wp-content\/uploads\/2026\/04\/primeros-auxilios-emocionales-150x150.png 150w, https:\/\/soymigrante.com\/revista\/wp-content\/uploads\/2026\/04\/primeros-auxilios-emocionales-768x768.png 768w, https:\/\/soymigrante.com\/revista\/wp-content\/uploads\/2026\/04\/primeros-auxilios-emocionales-75x75.png 75w, https:\/\/soymigrante.com\/revista\/wp-content\/uploads\/2026\/04\/primeros-auxilios-emocionales-750x750.png 750w\" sizes=\"(max-width: 1024px) 100vw, 1024px\" \/>\n            <\/div>\n        <\/div><div class=\"eael-entry-wrapper\"><header class=\"eael-entry-header\"><h2 class=\"eael-entry-title\"><a class=\"eael-grid-post-link\" href=\"https:\/\/soymigrante.com\/revista\/claves-sobre-primeros-auxilios-psicologicos-para-ayudar-a-alguien-agobiado-por-dolor-miedo-o-angustia\/\" title=\"Claves sobre Primeros Auxilios Psicol\u00f3gicos para ayudar a alguien agobiado por dolor, miedo o angustia\">Claves sobre Primeros Auxilios Psicol\u00f3gicos para ayudar a alguien agobiado por dolor, miedo o angustia<\/a><\/h2><\/header><div class=\"eael-entry-content\">\n                        <div class=\"eael-grid-post-excerpt\"><a href=\"https:\/\/soymigrante.com\/revista\/claves-sobre-primeros-auxilios-psicologicos-para-ayudar-a-alguien-agobiado-por-dolor-miedo-o-angustia\/\" class=\"eael-post-elements-readmore-btn\">CONOCE SU HISTORIA <\/a><\/div>\n                    <\/div><\/div><\/div>\n        <\/div>\n    <\/article><article class=\"eael-grid-post  eael-post-grid-column eael-pg-post-7915 category-bienestar\" data-id=\"7915\">\n        <div class=\"eael-grid-post-holder\">\n            <div class=\"eael-grid-post-holder-inner\"><div class=\"eael-entry-media\"><div class=\"eael-entry-overlay fade-in\"><i class=\"far fa-hand-pointer\" aria-hidden=\"true\"><\/i><a href=\"https:\/\/soymigrante.com\/revista\/no-todos-pensamos-en-una-refaccion-saludable-pero-debemos\/\"><\/a><\/div><div class=\"eael-entry-thumbnail eael-image-ratio\">\n                <img loading=\"lazy\" decoding=\"async\" width=\"487\" height=\"486\" src=\"https:\/\/soymigrante.com\/revista\/wp-content\/uploads\/2024\/08\/refaccion-saludable-en-el-trabajo-soy-migrante4-e1723753062880.webp\" class=\"attachment-large size-large wp-image-7960\" alt=\"Fruta fresca en un frasco de vidrio con yogurt y cereales, s\u00edmbolo de salud y bienestar, en un entorno minimalista.\" srcset=\"https:\/\/soymigrante.com\/revista\/wp-content\/uploads\/2024\/08\/refaccion-saludable-en-el-trabajo-soy-migrante4-e1723753062880.webp 487w, https:\/\/soymigrante.com\/revista\/wp-content\/uploads\/2024\/08\/refaccion-saludable-en-el-trabajo-soy-migrante4-e1723753062880-300x300.webp 300w, https:\/\/soymigrante.com\/revista\/wp-content\/uploads\/2024\/08\/refaccion-saludable-en-el-trabajo-soy-migrante4-e1723753062880-150x150.webp 150w, https:\/\/soymigrante.com\/revista\/wp-content\/uploads\/2024\/08\/refaccion-saludable-en-el-trabajo-soy-migrante4-e1723753062880-75x75.webp 75w\" sizes=\"(max-width: 487px) 100vw, 487px\" \/>\n            <\/div>\n        <\/div><div class=\"eael-entry-wrapper\"><header class=\"eael-entry-header\"><h2 class=\"eael-entry-title\"><a class=\"eael-grid-post-link\" href=\"https:\/\/soymigrante.com\/revista\/no-todos-pensamos-en-una-refaccion-saludable-pero-debemos\/\" title=\"No todos pensamos en una refacci\u00f3n saludable, pero debemos\">No todos pensamos en una refacci\u00f3n saludable, pero debemos<\/a><\/h2><\/header><div class=\"eael-entry-content\">\n                        <div class=\"eael-grid-post-excerpt\"><a href=\"https:\/\/soymigrante.com\/revista\/no-todos-pensamos-en-una-refaccion-saludable-pero-debemos\/\" class=\"eael-post-elements-readmore-btn\">CONOCE SU HISTORIA <\/a><\/div>\n                    <\/div><\/div><\/div>\n        <\/div>\n    <\/article><article class=\"eael-grid-post  eael-post-grid-column eael-pg-post-8026 category-bienestar\" data-id=\"8026\">\n        <div class=\"eael-grid-post-holder\">\n            <div class=\"eael-grid-post-holder-inner\"><div class=\"eael-entry-media\"><div class=\"eael-entry-overlay fade-in\"><i class=\"far fa-hand-pointer\" aria-hidden=\"true\"><\/i><a href=\"https:\/\/soymigrante.com\/revista\/algunas-claves-sobre-el-cuidado-de-los-ninos-de-cero-a-5-anos\/\"><\/a><\/div><div class=\"eael-entry-thumbnail eael-image-ratio\">\n                <img loading=\"lazy\" decoding=\"async\" width=\"1024\" height=\"683\" src=\"https:\/\/soymigrante.com\/revista\/wp-content\/uploads\/2024\/08\/Desarrollo-infantil-envato-1024x683.webp\" class=\"attachment-large size-large wp-image-8041\" alt=\"Ni\u00f1a en parque infantil deslizando en tobog\u00e1n, juego para ni\u00f1os, diversi\u00f3n infantil, espacio de recreo y esparcimiento, infancia y juegos.\" \/>\n            <\/div>\n        <\/div><div class=\"eael-entry-wrapper\"><header class=\"eael-entry-header\"><h2 class=\"eael-entry-title\"><a class=\"eael-grid-post-link\" href=\"https:\/\/soymigrante.com\/revista\/algunas-claves-sobre-el-cuidado-de-los-ninos-de-cero-a-5-anos\/\" title=\"Algunas claves sobre el cuidado de los ni\u00f1os de cero a 5 a\u00f1os\">Algunas claves sobre el cuidado de los ni\u00f1os de cero a 5 a\u00f1os<\/a><\/h2><\/header><div class=\"eael-entry-content\">\n                        <div class=\"eael-grid-post-excerpt\"><a href=\"https:\/\/soymigrante.com\/revista\/algunas-claves-sobre-el-cuidado-de-los-ninos-de-cero-a-5-anos\/\" class=\"eael-post-elements-readmore-btn\">CONOCE SU HISTORIA <\/a><\/div>\n                    <\/div><\/div><\/div>\n        <\/div>\n    <\/article><\/div>\n            <div class=\"clearfix\"><\/div>\n        <\/div>            <div class=\"eael-load-more-button-wrap eael-force-hide\">\n                <button class=\"eael-load-more-button\" id=\"eael-load-more-btn-f954b52\" data-widget-id=\"f954b52\" data-widget=\"f954b52\" data-page-id=\"47371\" data-template=\"{&quot;dir&quot;:&quot;lite&quot;,&quot;file_name&quot;:&quot;one.php&quot;,&quot;name&quot;:&quot;Post-Grid&quot;}\" data-class=\"Essential_Addons_Elementor\\Elements\\Post_Grid\" data-layout=\"masonry\" data-page=\"1\" data-args=\"orderby=author&amp;order=desc&amp;ignore_sticky_posts=1&amp;post_status=publish&amp;posts_per_page=3&amp;offset=0&amp;post_type=post&amp;tax_query%5B0%5D%5Btaxonomy%5D=category&amp;tax_query%5B0%5D%5Bfield%5D=term_id&amp;tax_query%5B0%5D%5Bterms%5D%5B0%5D=55&amp;tax_query%5Brelation%5D=AND\" data-max-page=\"124\">\n                    <span class=\"eael-btn-loader button__loader\"><\/span>\n                    <span class=\"eael_load_more_text\">Load More<\/span>\n                <\/button>\n            <\/div>\n            \t\t\t\t<\/div>\n\t\t\t\t\t<\/div>\n\t\t\t\t<\/div>\n\t\t\t\t<\/div>\n\t\t","protected":false},"excerpt":{"rendered":"<p>A partir del primer domingo de noviembre termina el horario de verano en USA y los relojes se deben atrasar una hora. \u00bfPor qu\u00e9 se cambia dos veces al a\u00f1o de hora? \u00bfTiene riesgos este cambio para la salud? \u00bfQu\u00e9 se puede hacer? Este a\u00f1o 2025 ser\u00e1 el 2 de noviembre el d\u00eda en que [&hellip;]<\/p>\n","protected":false},"author":1,"featured_media":47381,"comment_status":"open","ping_status":"open","sticky":false,"template":"","format":"standard","meta":{"_acf_changed":false,"_eb_attr":"","footnotes":""},"categories":[55],"tags":[],"class_list":["post-47371","post","type-post","status-publish","format-standard","has-post-thumbnail","hentry","category-bienestar"],"acf":[],"aioseo_notices":[],"aioseo_head":"\n\t\t<!-- All in One SEO Pro 4.9.6.2 - aioseo.com -->\n\t<meta name=\"description\" content=\"El desarrollo de tus hijos entre el primer a\u00f1o y los cincos a\u00f1os de vida son fundamentales en su desenvolvimiento y aprendizaje.\" \/>\n\t<meta name=\"robots\" content=\"max-snippet:-1, max-image-preview:large, max-video-preview:-1\" \/>\n\t<meta name=\"author\" content=\"Beatriz Tercero\"\/>\n\t<link rel=\"canonical\" href=\"https:\/\/soymigrante.com\/revista\/algunas-claves-sobre-el-cuidado-de-los-ninos-de-cero-a-5-anos\/\" \/>\n\t<meta name=\"generator\" content=\"All in One SEO Pro (AIOSEO) 4.9.6.2\" \/>\n\n\t\t<link rel=\"preconnect\" href=\"https:\/\/fonts.googleapis.com\" crossorigin>\n<link rel=\"preconnect\" href=\"https:\/\/fonts.gstatic.com\" crossorigin>\n\t\t<meta property=\"og:locale\" content=\"es_ES\" \/>\n\t\t<meta property=\"og:site_name\" content=\"SoyMigrante.com REVISTA \u2013 Nuestra misi\u00f3n es reconocer y dignificar al migrante.\" \/>\n\t\t<meta property=\"og:type\" content=\"article\" \/>\n\t\t<meta property=\"og:title\" content=\"Algunas claves para el cuidado de ni\u00f1os de 0 a 5 a\u00f1os\" \/>\n\t\t<meta property=\"og:description\" content=\"El desarrollo de tus hijos entre el primer a\u00f1o y los cincos a\u00f1os de vida son fundamentales en su desenvolvimiento y aprendizaje.\" \/>\n\t\t<meta property=\"og:url\" content=\"https:\/\/soymigrante.com\/revista\/algunas-claves-sobre-el-cuidado-de-los-ninos-de-cero-a-5-anos\/\" \/>\n\t\t<meta property=\"og:image\" content=\"https:\/\/soymigrante.com\/revista\/wp-content\/uploads\/2024\/08\/Desarrollo-infantil-envato-scaled-e1723822763708.webp\" \/>\n\t\t<meta property=\"og:image:secure_url\" content=\"https:\/\/soymigrante.com\/revista\/wp-content\/uploads\/2024\/08\/Desarrollo-infantil-envato-scaled-e1723822763708.webp\" \/>\n\t\t<meta property=\"og:image:width\" content=\"1020\" \/>\n\t\t<meta property=\"og:image:height\" content=\"1020\" \/>\n\t\t<meta property=\"article:published_time\" content=\"2024-08-16T15:26:18+00:00\" \/>\n\t\t<meta property=\"article:modified_time\" content=\"2024-08-16T15:39:32+00:00\" \/>\n\t\t<meta property=\"article:publisher\" content=\"https:\/\/www.facebook.com\/soymigrantecom\" \/>\n\t\t<meta name=\"twitter:card\" content=\"summary_large_image\" \/>\n\t\t<meta name=\"twitter:site\" content=\"@SoyMigrante_com\" \/>\n\t\t<meta name=\"twitter:title\" content=\"Algunas claves para el cuidado de ni\u00f1os de 0 a 5 a\u00f1os\" \/>\n\t\t<meta name=\"twitter:description\" content=\"El desarrollo de tus hijos entre el primer a\u00f1o y los cincos a\u00f1os de vida son fundamentales en su desenvolvimiento y aprendizaje.\" \/>\n\t\t<meta name=\"twitter:creator\" content=\"@SoyMigrante_com\" \/>\n\t\t<meta name=\"twitter:image\" content=\"https:\/\/soymigrante.com\/revista\/wp-content\/uploads\/2024\/08\/Desarrollo-infantil-envato-scaled-e1723822763708.webp\" \/>\n\t\t<!-- All in One SEO Pro -->\r\n\t\t<title>Algunas claves para el cuidado de ni\u00f1os de 0 a 5 a\u00f1os<\/title>\n\n","aioseo_head_json":{"title":"Algunas claves para el cuidado de ni\u00f1os de 0 a 5 a\u00f1os","description":"El desarrollo de tus hijos entre el primer a\u00f1o y los cincos a\u00f1os de vida son fundamentales en su desenvolvimiento y aprendizaje.","canonical_url":"https:\/\/soymigrante.com\/revista\/algunas-claves-sobre-el-cuidado-de-los-ninos-de-cero-a-5-anos\/","robots":"max-snippet:-1, max-image-preview:large, max-video-preview:-1","keywords":"","webmasterTools":{"miscellaneous":"&lt;link rel=\"preconnect\" href=\"https:\/\/fonts.googleapis.com\" crossorigin&gt;\n&lt;link rel=\"preconnect\" href=\"https:\/\/fonts.gstatic.com\" crossorigin&gt;"},"schema":null,"og:locale":"es_ES","og:site_name":"SoyMigrante.com REVISTA \u2013 Nuestra misi\u00f3n es reconocer y dignificar al migrante.","og:type":"article","og:title":"Algunas claves para el cuidado de ni\u00f1os de 0 a 5 a\u00f1os","og:description":"El desarrollo de tus hijos entre el primer a\u00f1o y los cincos a\u00f1os de vida son fundamentales en su desenvolvimiento y aprendizaje.","og:url":"https:\/\/soymigrante.com\/revista\/algunas-claves-sobre-el-cuidado-de-los-ninos-de-cero-a-5-anos\/","og:image":"https:\/\/soymigrante.com\/revista\/wp-content\/uploads\/2024\/08\/Desarrollo-infantil-envato-scaled-e1723822763708.webp","og:image:secure_url":"https:\/\/soymigrante.com\/revista\/wp-content\/uploads\/2024\/08\/Desarrollo-infantil-envato-scaled-e1723822763708.webp","og:image:width":1020,"og:image:height":1020,"article:published_time":"2024-08-16T15:26:18+00:00","article:modified_time":"2024-08-16T15:39:32+00:00","article:publisher":"https:\/\/www.facebook.com\/soymigrantecom","twitter:card":"summary_large_image","twitter:site":"@SoyMigrante_com","twitter:title":"Algunas claves para el cuidado de ni\u00f1os de 0 a 5 a\u00f1os","twitter:description":"El desarrollo de tus hijos entre el primer a\u00f1o y los cincos a\u00f1os de vida son fundamentales en su desenvolvimiento y aprendizaje.","twitter:creator":"@SoyMigrante_com","twitter:image":"https:\/\/soymigrante.com\/revista\/wp-content\/uploads\/2024\/08\/Desarrollo-infantil-envato-scaled-e1723822763708.webp"},"aioseo_meta_data":{"post_id":"47371","title":"\u00bfEs cierto que el cambio de hora de verano USA da\u00f1a a salud?","description":"Una investigaci\u00f3n de Stanford se\u00f1ala efectos del cambio de horario de verano en la salud. Pero otros estudios dicen que hay otros factores. \u00bfAfecta o no?","keywords":null,"keyphrases":{"focus":{"keyphrase":"Hora verano","score":46,"analysis":{"keyphraseInTitle":{"score":3,"maxScore":9,"error":1},"keyphraseInDescription":{"score":3,"maxScore":9,"error":1},"keyphraseLength":{"score":9,"maxScore":9,"error":0,"length":2},"keyphraseInURL":{"score":1,"maxScore":5,"error":1},"keyphraseInIntroduction":{"score":3,"maxScore":9,"error":1},"keyphraseInSubHeadings":{"score":3,"maxScore":9,"error":1},"keyphraseInImageAlt":{"score":9,"maxScore":9,"error":0},"keywordDensity":{"score":0,"type":"low","maxScore":9,"error":1}}},"additional":[]},"primary_term":null,"canonical_url":null,"og_title":null,"og_description":null,"og_object_type":"default","og_image_type":"default","og_image_url":null,"og_image_width":null,"og_image_height":null,"og_image_custom_url":null,"og_image_custom_fields":null,"og_video":"","og_custom_url":null,"og_article_section":null,"og_article_tags":null,"twitter_use_og":false,"twitter_card":"default","twitter_image_type":"default","twitter_image_url":null,"twitter_image_custom_url":null,"twitter_image_custom_fields":null,"twitter_title":null,"twitter_description":null,"schema":{"blockGraphs":[],"customGraphs":[],"default":{"data":{"Article":[],"Course":[],"Dataset":[],"FAQPage":[],"Movie":[],"Person":[],"Product":[],"ProductReview":[],"Car":[],"Recipe":[],"Service":[],"SoftwareApplication":[],"WebPage":[]},"graphName":"none","isEnabled":true},"graphs":[]},"schema_type":"default","schema_type_options":null,"pillar_content":false,"robots_default":true,"robots_noindex":false,"robots_noarchive":false,"robots_nosnippet":false,"robots_nofollow":false,"robots_noimageindex":false,"robots_noodp":false,"robots_notranslate":false,"robots_max_snippet":"-1","robots_max_videopreview":"-1","robots_max_imagepreview":"large","priority":null,"frequency":"default","local_seo":null,"seo_analyzer_scan_date":"2025-10-17 18:55:03","breadcrumb_settings":null,"limit_modified_date":false,"reviewed_by":"0","open_ai":null,"ai":{"faqs":[],"keyPoints":[],"titles":[],"descriptions":[],"socialPosts":{"email":[],"linkedin":[],"twitter":[],"facebook":[],"instagram":[]}},"created":"2025-10-17 14:10:07","updated":"2026-02-05 06:33:51"},"aioseo_breadcrumb":"<div class=\"aioseo-breadcrumbs\"><span class=\"aioseo-breadcrumb\">\n\t<a href=\"https:\/\/soymigrante.com\/revista\" title=\"Home\">Home<\/a>\n<\/span><span class=\"aioseo-breadcrumb-separator\">\u00bb<\/span><span class=\"aioseo-breadcrumb\">\n\t<a href=\"https:\/\/soymigrante.com\/revista\/category\/bienestar\/\" title=\"Bienestar\">Bienestar<\/a>\n<\/span><span class=\"aioseo-breadcrumb-separator\">\u00bb<\/span><span class=\"aioseo-breadcrumb\">\n\t\u00bfEs cierto que el cambio de horario de verano en USA puede afectar la salud?\n<\/span><\/div>","aioseo_breadcrumb_json":[{"label":"Home","link":"https:\/\/soymigrante.com\/revista"},{"label":"Bienestar","link":"https:\/\/soymigrante.com\/revista\/category\/bienestar\/"},{"label":"\u00bfEs cierto que el cambio de horario de verano en USA puede afectar la salud?","link":"https:\/\/soymigrante.com\/revista\/cambio-de-horario-de-verano-usa-es-cierto-que-dana-la-salud\/"}],"_links":{"self":[{"href":"https:\/\/soymigrante.com\/revista\/wp-json\/wp\/v2\/posts\/47371","targetHints":{"allow":["GET"]}}],"collection":[{"href":"https:\/\/soymigrante.com\/revista\/wp-json\/wp\/v2\/posts"}],"about":[{"href":"https:\/\/soymigrante.com\/revista\/wp-json\/wp\/v2\/types\/post"}],"author":[{"embeddable":true,"href":"https:\/\/soymigrante.com\/revista\/wp-json\/wp\/v2\/users\/1"}],"replies":[{"embeddable":true,"href":"https:\/\/soymigrante.com\/revista\/wp-json\/wp\/v2\/comments?post=47371"}],"version-history":[{"count":16,"href":"https:\/\/soymigrante.com\/revista\/wp-json\/wp\/v2\/posts\/47371\/revisions"}],"predecessor-version":[{"id":48013,"href":"https:\/\/soymigrante.com\/revista\/wp-json\/wp\/v2\/posts\/47371\/revisions\/48013"}],"wp:featuredmedia":[{"embeddable":true,"href":"https:\/\/soymigrante.com\/revista\/wp-json\/wp\/v2\/media\/47381"}],"wp:attachment":[{"href":"https:\/\/soymigrante.com\/revista\/wp-json\/wp\/v2\/media?parent=47371"}],"wp:term":[{"taxonomy":"category","embeddable":true,"href":"https:\/\/soymigrante.com\/revista\/wp-json\/wp\/v2\/categories?post=47371"},{"taxonomy":"post_tag","embeddable":true,"href":"https:\/\/soymigrante.com\/revista\/wp-json\/wp\/v2\/tags?post=47371"}],"curies":[{"name":"wp","href":"https:\/\/api.w.org\/{rel}","templated":true}]}}