{"id":47359,"date":"2025-10-17T07:07:41","date_gmt":"2025-10-17T13:07:41","guid":{"rendered":"https:\/\/soymigrante.com\/revista\/?p=47359"},"modified":"2025-10-17T12:39:03","modified_gmt":"2025-10-17T18:39:03","slug":"todo-lo-que-hago-lleva-sabor-a-guatemala-dunia-miranda-mauri","status":"publish","type":"post","link":"https:\/\/soymigrante.com\/revista\/todo-lo-que-hago-lleva-sabor-a-guatemala-dunia-miranda-mauri\/","title":{"rendered":"\u201cTodo lo que hago lleva sabor a Guatemala\u201d: Dunia Miranda-Mauri"},"content":{"rendered":"\t\t<div data-elementor-type=\"wp-post\" data-elementor-id=\"47359\" class=\"elementor elementor-47359\" data-elementor-post-type=\"post\">\n\t\t\t\t<div data-particle_enable=\"false\" data-particle-mobile-disabled=\"false\" class=\"elementor-element elementor-element-56171f9 e-flex e-con-boxed e-con e-parent\" data-id=\"56171f9\" data-element_type=\"container\" data-e-type=\"container\">\n\t\t\t\t\t<div class=\"e-con-inner\">\n\t\t\t\t<div class=\"elementor-element elementor-element-a2e5ed3 elementor-widget elementor-widget-heading\" data-id=\"a2e5ed3\" data-element_type=\"widget\" data-e-type=\"widget\" data-widget_type=\"heading.default\">\n\t\t\t\t\t<h2 class=\"elementor-heading-title elementor-size-default\">Agregada comercial de Guatemala en Miami por 22 a\u00f1os, Dunia Miranda-Mauri se reinvent\u00f3 como embajadora del sabor guatemalteco a trav\u00e9s de generar contenido sobre recetas de bebidas y comidas chapinas e hispanas.<\/h2>\t\t\t\t<\/div>\n\t\t\t\t<div class=\"elementor-element elementor-element-748c5be elementor-widget elementor-widget-html\" data-id=\"748c5be\" data-element_type=\"widget\" data-e-type=\"widget\" data-widget_type=\"html.default\">\n\t\t\t\t\t<div id=\"buzzsprout-player-18029398\"><\/div><script src=\"https:\/\/www.buzzsprout.com\/2444168\/episodes\/18029398-de-la-diplomacia-a-la-generacion-de-contenido-dunia-miranda-guatemalteca.js?container_id=buzzsprout-player-18029398&player=small\" type=\"text\/javascript\" charset=\"utf-8\"><\/script>\t\t\t\t<\/div>\n\t\t\t\t\t<\/div>\n\t\t\t\t<\/div>\n\t\t<div data-particle_enable=\"false\" data-particle-mobile-disabled=\"false\" class=\"elementor-element elementor-element-79f5647 e-flex e-con-boxed e-con e-parent\" data-id=\"79f5647\" data-element_type=\"container\" data-e-type=\"container\">\n\t\t\t\t\t<div class=\"e-con-inner\">\n\t\t\t\t<div class=\"elementor-element elementor-element-0341e74 elementor-widget elementor-widget-text-editor\" data-id=\"0341e74\" data-element_type=\"widget\" data-e-type=\"widget\" data-widget_type=\"text-editor.default\">\n\t\t\t\t\t\t\t\t\t<p>Rodeada de luces y una c\u00e1mara encendida, Dunia Miranda-Mauri prepara en su cocina una bebida que mezcla sabores tropicales con un toque guatemalteco para su canal de videos <a href=\"https:\/\/www.instagram.com\/thequeenbeefoodie\/\">@TheQueenBeeFoodie<\/a>.\u00a0 Fue agregada comercial en el <a href=\"https:\/\/soymigrante.com\/revista\/buscas-un-consulado-de-guatemala-en-us-contactos-ubicacion-y-citas-de-todos\/\">consulado de Guatemala<\/a> en Miami por\u00a0 22 a\u00f1os y tambi\u00e9n vicec\u00f3nsul, hasta completar 28 a\u00f1os de servicio.\u00a0<\/p><p>&#8220;Fue una experiencia maravillosa porque en esa posici\u00f3n pude representar a mi pa\u00eds como diplom\u00e1tica y abrir las puertas a <a href=\"https:\/\/soymigrante.com\/revista\/productos-guatemaltecos-migrantes-lo-que-se-cultiva-y-exporta\/\">productos guatemaltecos<\/a>, impulsar el turismo y presentar a Guatemala como destino de inversi\u00f3n&#8221;.<\/p><p>Pero la primera llegada de Dunia a Estados Unidos fue como estudiante becada. Estudi\u00f3 comunicaci\u00f3n en la Universidad de Arkansas, regres\u00f3 a trabajar a <a href=\"https:\/\/soymigrante.com\/revista\/22-departamentos-de-guatemala-un-corazon-multicultural-compartido\/\">Guatemala<\/a> y posteriormente surgi\u00f3 la oportunidad de ser representante comercial del pa\u00eds en Miami. \u201cSoy de las personas que no se quedan quietas\u201d, dice con una risa contagiosa. \u201cMe gusta aprender, reinventarme y hacer cosas distintas.\u201d <br \/>Y esta es la conversaci\u00f3n.<\/p>\t\t\t\t\t\t\t\t<\/div>\n\t\t\t\t\t<\/div>\n\t\t\t\t<\/div>\n\t\t<div data-particle_enable=\"false\" data-particle-mobile-disabled=\"false\" class=\"elementor-element elementor-element-989a123 e-flex e-con-boxed e-con e-parent\" data-id=\"989a123\" data-element_type=\"container\" data-e-type=\"container\">\n\t\t\t\t\t<div class=\"e-con-inner\">\n\t\t\t\t<div class=\"elementor-element elementor-element-4b143f1 elementor-widget elementor-widget-image\" data-id=\"4b143f1\" data-element_type=\"widget\" data-e-type=\"widget\" data-widget_type=\"image.default\">\n\t\t\t\t\t\t\t\t\t\t\t\t<figure class=\"wp-caption\">\n\t\t\t\t\t\t\t\t\t\t<img fetchpriority=\"high\" decoding=\"async\" width=\"864\" height=\"602\" src=\"https:\/\/soymigrante.com\/revista\/wp-content\/uploads\/2025\/10\/dunia-miranda-mauri-guatemalteca-florida-9.jpg\" class=\"attachment-large size-large wp-image-47363\" alt=\"La chispeante sonrisa de Dunia Miranda-Mauri es solo un reflejo de su personalidad afable, entusiasta y siempre en busca de nuevas formas de transmitir el sabor de la multiculturalidad guatemalteca, sobre todo a trav\u00e9s de su canal QueenBeeFoodie. (Foto cortes\u00eda Dunia Miranda-Mauri)\" srcset=\"https:\/\/soymigrante.com\/revista\/wp-content\/uploads\/2025\/10\/dunia-miranda-mauri-guatemalteca-florida-9.jpg 864w, https:\/\/soymigrante.com\/revista\/wp-content\/uploads\/2025\/10\/dunia-miranda-mauri-guatemalteca-florida-9-300x209.jpg 300w, https:\/\/soymigrante.com\/revista\/wp-content\/uploads\/2025\/10\/dunia-miranda-mauri-guatemalteca-florida-9-768x535.jpg 768w, https:\/\/soymigrante.com\/revista\/wp-content\/uploads\/2025\/10\/dunia-miranda-mauri-guatemalteca-florida-9-750x523.jpg 750w\" sizes=\"(max-width: 864px) 100vw, 864px\" title=\"La chispeante sonrisa de Dunia Miranda-Mauri es solo un reflejo de su personalidad afable, entusiasta y siempre en busca de nuevas formas de transmitir  el sabor de la multiculturalidad guatemalteca, sobre todo a trav\u00e9s de su canal QueenBeeFoodie. (Foto cortes\u00eda Dunia Miranda-Mauri) \u2013 SoyMigrante.com REVISTA\" \/>\t\t\t\t\t\t\t\t\t\t\t<figcaption class=\"widget-image-caption wp-caption-text\">La chispeante sonrisa de Dunia Miranda-Mauri es solo un reflejo de su personalidad afable, entusiasta y siempre en busca de nuevas formas de transmitir  el sabor de la multiculturalidad guatemalteca, sobre todo a trav\u00e9s de su canal QueenBeeFoodie. (Foto cortes\u00eda Dunia Miranda-Mauri)<\/figcaption>\n\t\t\t\t\t\t\t\t\t\t<\/figure>\n\t\t\t\t\t\t\t\t\t<\/div>\n\t\t\t\t\t<\/div>\n\t\t\t\t<\/div>\n\t\t<div data-particle_enable=\"false\" data-particle-mobile-disabled=\"false\" class=\"elementor-element elementor-element-2f5605b e-flex e-con-boxed e-con e-parent\" data-id=\"2f5605b\" data-element_type=\"container\" data-e-type=\"container\">\n\t\t\t\t\t<div class=\"e-con-inner\">\n\t\t\t\t<div class=\"elementor-element elementor-element-fdb61d3 elementor-widget elementor-widget-text-editor\" data-id=\"fdb61d3\" data-element_type=\"widget\" data-e-type=\"widget\" data-widget_type=\"text-editor.default\">\n\t\t\t\t\t\t\t\t\t<p><b>Dunia, \u00bfc\u00f3mo te transform\u00f3 todo ese tiempo de trabajo en el Consulado de Guatemala?\u00a0<\/b><\/p><p>Fue una experiencia maravillosa. Aprend\u00ed much\u00edsimo, sobre todo a servir y representar con orgullo a mi pa\u00eds. Era un trabajo que exig\u00eda compromiso y empat\u00eda. Me sent\u00eda muy cerca de la comunidad guatemalteca, escuchando sus historias y ayudando en lo que pod\u00eda. Esa etapa me ense\u00f1\u00f3 el valor de servir.<\/p><p><b>\u00bfCu\u00e1les fueron los mayores logros comerciales?<\/b><\/p><p>Durante 22 a\u00f1os tuve la oportunidad de abrir puertas para productos y marcas de Guatemala que se colocaron aqu\u00ed en Estados Unidos, no solo para los guatemaltecos que los buscan por nostalgia, sino tambi\u00e9n para el p\u00fablico estadounidense que quiere calidad y un sabor distino. Pero tambi\u00e9n se abri\u00f3 paso a productos textiles y a servicios.<\/p><p>Apoy\u00e9 al sector privado interesado en comercializar y tambi\u00e9n a empresarios estadounidenses que quer\u00edan invertir en Guatemala, adem\u00e1s de promover el turismo.\u00a0<\/p><p>Fue una labor muy compleja, porque en ese entonces las oficinas comerciales contaban con un solo agregado comercial y el trabajo era enorme. Se abri\u00f3 mercado para <a href=\"https:\/\/soymigrante.com\/revista\/productos-guatemaltecos-migrantes-lo-que-se-cultiva-y-exporta\/\">productos agr\u00edcolas<\/a>, textiles, de alimentos y servicios.\u00a0<\/p>\t\t\t\t\t\t\t\t<\/div>\n\t\t\t\t\t<\/div>\n\t\t\t\t<\/div>\n\t\t<div data-particle_enable=\"false\" data-particle-mobile-disabled=\"false\" class=\"elementor-element elementor-element-44c5f36 e-flex e-con-boxed e-con e-parent\" data-id=\"44c5f36\" data-element_type=\"container\" data-e-type=\"container\">\n\t\t\t\t\t<div class=\"e-con-inner\">\n\t\t\t\t<div class=\"elementor-element elementor-element-57b4350 elementor-widget elementor-widget-html\" data-id=\"57b4350\" data-element_type=\"widget\" data-e-type=\"widget\" data-widget_type=\"html.default\">\n\t\t\t\t\t<iframe src=\"https:\/\/www.facebook.com\/plugins\/video.php?height=314&href=https%3A%2F%2Fwww.facebook.com%2Freel%2F2043460406428139%2F&show_text=true&width=560&t=0\" width=\"560\" height=\"529\" style=\"border:none;overflow:hidden\" scrolling=\"no\" frameborder=\"0\" allowfullscreen=\"true\" allow=\"autoplay; clipboard-write; encrypted-media; picture-in-picture; web-share\" allowFullScreen=\"true\"><\/iframe>\t\t\t\t<\/div>\n\t\t\t\t\t<\/div>\n\t\t\t\t<\/div>\n\t\t<div data-particle_enable=\"false\" data-particle-mobile-disabled=\"false\" class=\"elementor-element elementor-element-dedd67a e-flex e-con-boxed e-con e-parent\" data-id=\"dedd67a\" data-element_type=\"container\" data-e-type=\"container\">\n\t\t\t\t\t<div class=\"e-con-inner\">\n\t\t\t\t<div class=\"elementor-element elementor-element-d1ad1db elementor-widget elementor-widget-text-editor\" data-id=\"d1ad1db\" data-element_type=\"widget\" data-e-type=\"widget\" data-widget_type=\"text-editor.default\">\n\t\t\t\t\t\t\t\t\t<p><b>\u00bfQu\u00e9 te ense\u00f1\u00f3 ese trabajo?<\/b><\/p><p>Aprend\u00ed a vencer retos, a convivir con diferentes culturas y a entender el dinamismo de nuestro pa\u00eds en el extranjero. Toda esa experiencia me dio una visi\u00f3n m\u00e1s amplia y un car\u00e1cter m\u00e1s <a href=\"https:\/\/soymigrante.com\/revista\/tag\/mercado-emprendedores\/\">emprendedor<\/a>. Y sigo con el mismo deseo de seguir sirviendo a Guatemala, aunque ahora desde otro lugar y de otra manera.<\/p><p><b>\u00bfC\u00f3mo describir\u00edas al guatemalteco que vive en Estados Unidos, desde tu experiencia?<\/b><\/p><p>El<a href=\"https:\/\/soymigrante.com\/revista\/chapines-nos-dicen-pero-de-donde-proviene-esta-expresion\/\"> guatemalteco <\/a>tiene una m\u00edstica de servicio, de honradez y de trabajo duro. Es alguien que cuida de su familia y que busca un mejor futuro para los suyos. Los guatemaltecos somos gente luchadora, responsable, comprometida. Recuerdo que cuando trabajaba en la oficina comercial, muchas empresas me ped\u00edan ayuda para contactar guatemaltecos, porque sab\u00edan que somos trabajadores honestos y confiables. Esa es una gran fortaleza.<\/p>\t\t\t\t\t\t\t\t<\/div>\n\t\t\t\t\t<\/div>\n\t\t\t\t<\/div>\n\t\t<div data-particle_enable=\"false\" data-particle-mobile-disabled=\"false\" class=\"elementor-element elementor-element-d006f6b e-flex e-con-boxed e-con e-parent\" data-id=\"d006f6b\" data-element_type=\"container\" data-e-type=\"container\">\n\t\t\t\t\t<div class=\"e-con-inner\">\n\t\t\t\t<div class=\"elementor-element elementor-element-bd0d8e2 elementor-widget elementor-widget-html\" data-id=\"bd0d8e2\" data-element_type=\"widget\" data-e-type=\"widget\" data-widget_type=\"html.default\">\n\t\t\t\t\t<iframe width=\"560\" height=\"415\" src=\"https:\/\/www.youtube.com\/embed\/6Hgl0XFHob4?si=Fb-2ZQttcb9NhyBU\" title=\"YouTube video player\" frameborder=\"0\" allow=\"accelerometer; autoplay; clipboard-write; encrypted-media; gyroscope; picture-in-picture; web-share\" referrerpolicy=\"strict-origin-when-cross-origin\" allowfullscreen><\/iframe>\t\t\t\t<\/div>\n\t\t\t\t\t<\/div>\n\t\t\t\t<\/div>\n\t\t<div data-particle_enable=\"false\" data-particle-mobile-disabled=\"false\" class=\"elementor-element elementor-element-6ef6326 e-flex e-con-boxed e-con e-parent\" data-id=\"6ef6326\" data-element_type=\"container\" data-e-type=\"container\">\n\t\t\t\t\t<div class=\"e-con-inner\">\n\t\t\t\t<div class=\"elementor-element elementor-element-97ec4e0 elementor-widget elementor-widget-text-editor\" data-id=\"97ec4e0\" data-element_type=\"widget\" data-e-type=\"widget\" data-widget_type=\"text-editor.default\">\n\t\t\t\t\t\t\t\t\t<p><b>\u00bfY en qu\u00e9 aspectos ves desaf\u00edos pendientes?<\/b><\/p><p>Adaptarse no siempre es f\u00e1cil. Todos llegamos con grandes expectativas y nos enfrentamos a una realidad distinta. Es importante aprender el idioma, porque abre puertas. Es clave entender las normas del pa\u00eds donde uno vive y respetarlas.\u00a0<\/p><p>Aqu\u00ed las leyes son muy estrictas, y hay que comportarse con respeto y responsabilidad.\u00a0 Sin embargo el guatemalteco es trabajador, honesto y solidario. Esa reputaci\u00f3n lo ha convertido en alguien muy valorado en Estados Unidos.<\/p>\t\t\t\t\t\t\t\t<\/div>\n\t\t\t\t\t<\/div>\n\t\t\t\t<\/div>\n\t\t<div data-particle_enable=\"false\" data-particle-mobile-disabled=\"false\" class=\"elementor-element elementor-element-f0565b0 e-flex e-con-boxed e-con e-parent\" data-id=\"f0565b0\" data-element_type=\"container\" data-e-type=\"container\">\n\t\t\t\t\t<div class=\"e-con-inner\">\n\t\t\t\t<div class=\"elementor-element elementor-element-da52733 elementor-widget elementor-widget-image\" data-id=\"da52733\" data-element_type=\"widget\" data-e-type=\"widget\" data-widget_type=\"image.default\">\n\t\t\t\t\t\t\t\t\t\t\t\t<figure class=\"wp-caption\">\n\t\t\t\t\t\t\t\t\t\t\t<a href=\"https:\/\/www.instagram.com\/thequeenbeefoodie\/\">\n\t\t\t\t\t\t\t<img decoding=\"async\" width=\"1140\" height=\"504\" src=\"https:\/\/soymigrante.com\/revista\/wp-content\/uploads\/2025\/10\/queen-bee-foodie-dunia-miranda-mauri-1140x504.png\" class=\"attachment-large size-large wp-image-47365\" alt=\"A trav\u00e9s de su canal The Queen Bee Foodie, la guatemalteca Dunia Miranda-Mauri difunde recetas de cocteles con sabores hispanos. Para ir al canal, clic en la imagen.\" srcset=\"https:\/\/soymigrante.com\/revista\/wp-content\/uploads\/2025\/10\/queen-bee-foodie-dunia-miranda-mauri-1140x504.png 1140w, https:\/\/soymigrante.com\/revista\/wp-content\/uploads\/2025\/10\/queen-bee-foodie-dunia-miranda-mauri-300x133.png 300w, https:\/\/soymigrante.com\/revista\/wp-content\/uploads\/2025\/10\/queen-bee-foodie-dunia-miranda-mauri-768x340.png 768w, https:\/\/soymigrante.com\/revista\/wp-content\/uploads\/2025\/10\/queen-bee-foodie-dunia-miranda-mauri-1536x679.png 1536w, https:\/\/soymigrante.com\/revista\/wp-content\/uploads\/2025\/10\/queen-bee-foodie-dunia-miranda-mauri-750x332.png 750w, https:\/\/soymigrante.com\/revista\/wp-content\/uploads\/2025\/10\/queen-bee-foodie-dunia-miranda-mauri.png 1587w\" sizes=\"(max-width: 1140px) 100vw, 1140px\" title=\"A trav\u00e9s de su canal The Queen Bee Foodie, la guatemalteca Dunia Miranda-Mauri difunde recetas de cocteles con sabores hispanos. Para ir al canal, clic en la imagen. \u2013 SoyMigrante.com REVISTA\" \/>\t\t\t\t\t\t\t\t<\/a>\n\t\t\t\t\t\t\t\t\t\t\t<figcaption class=\"widget-image-caption wp-caption-text\">A trav\u00e9s de su canal The Queen Bee Foodie, la guatemalteca Dunia Miranda-Mauri difunde recetas de cocteles con sabores hispanos. Para ir al canal, clic en la imagen.<\/figcaption>\n\t\t\t\t\t\t\t\t\t\t<\/figure>\n\t\t\t\t\t\t\t\t\t<\/div>\n\t\t\t\t\t<\/div>\n\t\t\t\t<\/div>\n\t\t<div data-particle_enable=\"false\" data-particle-mobile-disabled=\"false\" class=\"elementor-element elementor-element-ab1a2c5 e-flex e-con-boxed e-con e-parent\" data-id=\"ab1a2c5\" data-element_type=\"container\" data-e-type=\"container\">\n\t\t\t\t\t<div class=\"e-con-inner\">\n\t\t\t\t<div class=\"elementor-element elementor-element-f86e2fa elementor-widget elementor-widget-text-editor\" data-id=\"f86e2fa\" data-element_type=\"widget\" data-e-type=\"widget\" data-widget_type=\"text-editor.default\">\n\t\t\t\t\t\t\t\t\t<p><b>\u00bfC\u00f3mo te convertiste en generadora de contenido como Queen Bee Foodie?<\/b><\/p>\n<p>Un d\u00eda sent\u00ed que necesitaba un cambio. Ya hab\u00eda trabajado muchos a\u00f1os en el \u00e1mbito institucional y quise explorar algo que me conectara m\u00e1s con mi lado creativo. Surgi\u00f3 la oportunidad de colaborar con una casa de licores. Empec\u00e9 a crear contenido, a grabar videos, a desarrollar recetas de bebidas. Descubr\u00ed que detr\u00e1s de cada coctel puede haber una historia, un recuerdo, una emoci\u00f3n. Todo lo que hago tiene sabor a Guatemala.<\/p>\n<p>Preparo <a href=\"https:\/\/soymigrante.com\/revista\/bebidas-refrescantes-para-el-verano-opciones-sin-alcohol\/\">c\u00f3cteles<\/a> y platillos con ingredientes guatemaltecos, mezclando sabores que cuentan historias. El sabor es cultura. Antes representaba a Guatemala desde una oficina, ahora lo hago desde mi cocina frente a una c\u00e1mara. Pero el prop\u00f3sito sigue siendo el mismo: mostrar qui\u00e9nes somos, nuestra alegr\u00eda y creatividad.<\/p>\n<p><b>\u00bfQu\u00e9 aconsejar\u00edas a quien desea cambiar de rumbo profesional?<\/b><\/p>\n<p>Que los cambios no son retrocesos. Todo lo que uno hace deja huella. Yo no dej\u00e9 atr\u00e1s mi trayectoria, la transform\u00e9. Hoy me siento libre y feliz. Mi vida, como mis c\u00f3cteles, es una mezcla de experiencias con mucho sabor a Guatemala.<\/p>\t\t\t\t\t\t\t\t<\/div>\n\t\t\t\t\t<\/div>\n\t\t\t\t<\/div>\n\t\t<div data-particle_enable=\"false\" data-particle-mobile-disabled=\"false\" class=\"elementor-element elementor-element-089ae32 e-flex e-con-boxed e-con e-parent\" data-id=\"089ae32\" data-element_type=\"container\" data-e-type=\"container\">\n\t\t\t\t\t<div class=\"e-con-inner\">\n\t\t\t\t<div class=\"elementor-element elementor-element-d04f1ed elementor-invisible elementor-widget elementor-widget-testimonial\" data-id=\"d04f1ed\" data-element_type=\"widget\" data-e-type=\"widget\" data-settings=\"{&quot;_animation&quot;:&quot;rotateInUpRight&quot;}\" data-widget_type=\"testimonial.default\">\n\t\t\t\t\t\t\t<div class=\"elementor-testimonial-wrapper\">\n\t\t\t\t\t\t\t<div class=\"elementor-testimonial-content\">\"El guatemalteco es una persona con m\u00edstica de servicio, una m\u00edstica de honradez, de trabajar duro, de cuidar a su familia. Todos los guatemaltecos migrantes somos gente luchadora, gente que desea un mejor futuro, no solo para ellos, sino para su familia y para su pa\u00eds tambi\u00e9n\".\n\n<\/div>\n\t\t\t\n\t\t\t\t\t\t<div class=\"elementor-testimonial-meta elementor-has-image elementor-testimonial-image-position-aside\">\n\t\t\t\t<div class=\"elementor-testimonial-meta-inner\">\n\t\t\t\t\t\t\t\t\t\t\t<div class=\"elementor-testimonial-image\">\n\t\t\t\t\t\t\t<img decoding=\"async\" width=\"900\" height=\"1600\" src=\"https:\/\/soymigrante.com\/revista\/wp-content\/uploads\/2025\/10\/dunia-miranda-mauri-guatemalteca-florida-7.jpg\" class=\"attachment-full size-full wp-image-47364\" alt=\"dunia miranda mauri guatemalteca florida 7\" title=\"dunia miranda mauri guatemalteca florida 7 \u2013 SoyMigrante.com REVISTA\" srcset=\"https:\/\/soymigrante.com\/revista\/wp-content\/uploads\/2025\/10\/dunia-miranda-mauri-guatemalteca-florida-7.jpg 900w, https:\/\/soymigrante.com\/revista\/wp-content\/uploads\/2025\/10\/dunia-miranda-mauri-guatemalteca-florida-7-169x300.jpg 169w, https:\/\/soymigrante.com\/revista\/wp-content\/uploads\/2025\/10\/dunia-miranda-mauri-guatemalteca-florida-7-576x1024.jpg 576w, https:\/\/soymigrante.com\/revista\/wp-content\/uploads\/2025\/10\/dunia-miranda-mauri-guatemalteca-florida-7-768x1365.jpg 768w, https:\/\/soymigrante.com\/revista\/wp-content\/uploads\/2025\/10\/dunia-miranda-mauri-guatemalteca-florida-7-864x1536.jpg 864w, https:\/\/soymigrante.com\/revista\/wp-content\/uploads\/2025\/10\/dunia-miranda-mauri-guatemalteca-florida-7-750x1333.jpg 750w\" sizes=\"(max-width: 900px) 100vw, 900px\" \/>\t\t\t\t\t\t<\/div>\n\t\t\t\t\t\n\t\t\t\t\t\t\t\t\t\t<div class=\"elementor-testimonial-details\">\n\t\t\t\t\t\t\t\t\t\t\t\t\t\t<div class=\"elementor-testimonial-name\">Dunia Miranda-Mauri<\/div>\n\t\t\t\t\t\t\t\t\t\t\t\t\t\t\t\t\t\t\t\t\t\t<div class=\"elementor-testimonial-job\">Exvicec\u00f3nsul de Guatemala en Miami,\nexagregada comercial y generadora\nde contenido como @TheQueenBeeFoodie<\/div>\n\t\t\t\t\t\t\t\t\t\t\t\t\t<\/div>\n\t\t\t\t\t\t\t\t\t<\/div>\n\t\t\t<\/div>\n\t\t\t\t\t<\/div>\n\t\t\t\t\t\t<\/div>\n\t\t\t\t\t<\/div>\n\t\t\t\t<\/div>\n\t\t<div data-particle_enable=\"false\" data-particle-mobile-disabled=\"false\" class=\"elementor-element elementor-element-8fb8ae4 e-flex e-con-boxed e-con e-parent\" data-id=\"8fb8ae4\" data-element_type=\"container\" data-e-type=\"container\">\n\t\t\t\t\t<div class=\"e-con-inner\">\n\t\t\t\t<div class=\"elementor-element elementor-element-41eca72 elementor-widget elementor-widget-heading\" data-id=\"41eca72\" data-element_type=\"widget\" data-e-type=\"widget\" data-widget_type=\"heading.default\">\n\t\t\t\t\t<h2 class=\"elementor-heading-title elementor-size-default\">Productos guatemaltecos aut\u00e9nticos pueden llegar hasta la puerta de tu casa u oficina<\/h2>\t\t\t\t<\/div>\n\t\t\t\t\t<\/div>\n\t\t\t\t<\/div>\n\t\t<div data-particle_enable=\"false\" data-particle-mobile-disabled=\"false\" class=\"elementor-element elementor-element-8873d39 e-flex e-con-boxed e-con e-parent\" data-id=\"8873d39\" data-element_type=\"container\" data-e-type=\"container\">\n\t\t\t\t\t<div class=\"e-con-inner\">\n\t\t\t\t<div class=\"elementor-element elementor-element-f254bbf elementor-grid-eael-col-3 elementor-grid-tablet-eael-col-2 elementor-grid-mobile-eael-col-1 elementor-widget elementor-widget-eael-post-grid\" data-id=\"f254bbf\" data-element_type=\"widget\" data-e-type=\"widget\" data-settings=\"{&quot;eael_post_grid_columns&quot;:&quot;eael-col-3&quot;,&quot;eael_post_grid_columns_tablet&quot;:&quot;eael-col-2&quot;,&quot;eael_post_grid_columns_mobile&quot;:&quot;eael-col-1&quot;}\" data-widget_type=\"eael-post-grid.default\">\n\t\t\t\t\t<div id=\"eael-post-grid-f254bbf\" class=\"eael-post-grid-container\">\n            <div class=\"eael-post-grid eael-post-appender eael-post-appender-f254bbf eael-post-grid-style-one\" data-layout-mode=\"masonry\"><article class=\"eael-grid-post  eael-post-grid-column eael-pg-post-45250 category-guate-nuestra-videos tags-mercado-emprendedores\" data-id=\"45250\">\n        <div class=\"eael-grid-post-holder\">\n            <div class=\"eael-grid-post-holder-inner\"><div class=\"eael-entry-media\"><div class=\"eael-entry-overlay fade-in\"><i class=\"far fa-hand-pointer\" aria-hidden=\"true\"><\/i><a href=\"https:\/\/soymigrante.com\/revista\/prueba-video-post\/\"><\/a><\/div><div class=\"eael-entry-thumbnail eael-image-ratio\">\n                <img loading=\"lazy\" decoding=\"async\" width=\"480\" height=\"360\" src=\"https:\/\/soymigrante.com\/revista\/wp-content\/uploads\/2025\/09\/prueba-video-post.jpg\" class=\"attachment-large size-large wp-image-45254\" alt=\"\" srcset=\"https:\/\/soymigrante.com\/revista\/wp-content\/uploads\/2025\/09\/prueba-video-post.jpg 480w, https:\/\/soymigrante.com\/revista\/wp-content\/uploads\/2025\/09\/prueba-video-post-300x225.jpg 300w\" sizes=\"(max-width: 480px) 100vw, 480px\" \/>\n            <\/div>\n        <\/div><div class=\"eael-entry-wrapper\"><header class=\"eael-entry-header\"><h2 class=\"eael-entry-title\"><a class=\"eael-grid-post-link\" href=\"https:\/\/soymigrante.com\/revista\/prueba-video-post\/\" title=\"Bayit: Crochet con amor, emprendimiento de Luz Vel\u00e1squez\">Bayit: Crochet con amor, emprendimiento de Luz Vel\u00e1squez<\/a><\/h2><\/header><div class=\"eael-entry-content\">\n                        <div class=\"eael-grid-post-excerpt\"><a href=\"https:\/\/soymigrante.com\/revista\/prueba-video-post\/\" class=\"eael-post-elements-readmore-btn\">CONOCE SU HISTORIA <\/a><\/div>\n                    <\/div><\/div><\/div>\n        <\/div>\n    <\/article><article class=\"eael-grid-post  eael-post-grid-column eael-pg-post-11094 category-guate-nuestra tags-mercado-emprendedores\" data-id=\"11094\">\n        <div class=\"eael-grid-post-holder\">\n            <div class=\"eael-grid-post-holder-inner\"><div class=\"eael-entry-media\"><div class=\"eael-entry-overlay fade-in\"><i class=\"far fa-hand-pointer\" aria-hidden=\"true\"><\/i><a href=\"https:\/\/soymigrante.com\/revista\/emprendedora-lilia-rojas-elabora-joyas-con-creatividad-marca-livero\/\"><\/a><\/div><div class=\"eael-entry-thumbnail eael-image-ratio\">\n                <img loading=\"lazy\" decoding=\"async\" width=\"690\" height=\"690\" src=\"https:\/\/soymigrante.com\/revista\/wp-content\/uploads\/2024\/11\/livero-lilia-rojas.webp\" class=\"attachment-large size-large wp-image-12312\" alt=\"Vera artesan\u00eda de collar y pulsera con piedras turquoise y madera en tonos marr\u00f3n y azul. Accesorios artesanales \u00fanicos hechos a mano para estilo bohemio y \u00e9tnico.\" srcset=\"https:\/\/soymigrante.com\/revista\/wp-content\/uploads\/2024\/11\/livero-lilia-rojas.webp 690w, https:\/\/soymigrante.com\/revista\/wp-content\/uploads\/2024\/11\/livero-lilia-rojas-300x300.webp 300w, https:\/\/soymigrante.com\/revista\/wp-content\/uploads\/2024\/11\/livero-lilia-rojas-150x150.webp 150w, https:\/\/soymigrante.com\/revista\/wp-content\/uploads\/2024\/11\/livero-lilia-rojas-75x75.webp 75w\" sizes=\"(max-width: 690px) 100vw, 690px\" \/>\n            <\/div>\n        <\/div><div class=\"eael-entry-wrapper\"><header class=\"eael-entry-header\"><h2 class=\"eael-entry-title\"><a class=\"eael-grid-post-link\" href=\"https:\/\/soymigrante.com\/revista\/emprendedora-lilia-rojas-elabora-joyas-con-creatividad-marca-livero\/\" title=\"Emprendedora Lilia Rojas libera su creatividad con joyas artesanales Livero\">Emprendedora Lilia Rojas libera su creatividad con joyas artesanales Livero<\/a><\/h2><\/header><div class=\"eael-entry-content\">\n                        <div class=\"eael-grid-post-excerpt\"><a href=\"https:\/\/soymigrante.com\/revista\/emprendedora-lilia-rojas-elabora-joyas-con-creatividad-marca-livero\/\" class=\"eael-post-elements-readmore-btn\">CONOCE SU HISTORIA <\/a><\/div>\n                    <\/div><\/div><\/div>\n        <\/div>\n    <\/article><article class=\"eael-grid-post  eael-post-grid-column eael-pg-post-18254 category-guate-nuestra tags-mercado-emprendedores\" data-id=\"18254\">\n        <div class=\"eael-grid-post-holder\">\n            <div class=\"eael-grid-post-holder-inner\"><div class=\"eael-entry-media\"><div class=\"eael-entry-overlay fade-in\"><i class=\"far fa-hand-pointer\" aria-hidden=\"true\"><\/i><a href=\"https:\/\/soymigrante.com\/revista\/kemon-collection-tejiendo-suenos-y-conservando-tradiciones-ancestrales\/\"><\/a><\/div><div class=\"eael-entry-thumbnail eael-image-ratio\">\n                <img loading=\"lazy\" decoding=\"async\" width=\"1024\" height=\"1024\" src=\"https:\/\/soymigrante.com\/revista\/wp-content\/uploads\/2024\/12\/kemon-1024x1024.jpg\" class=\"attachment-large size-large wp-image-18269\" alt=\"Artesana mostrando textiles tradicionales en feria de cultura ind\u00edgena en M\u00e9xico.\" srcset=\"https:\/\/soymigrante.com\/revista\/wp-content\/uploads\/2024\/12\/kemon-1024x1024.jpg 1024w, https:\/\/soymigrante.com\/revista\/wp-content\/uploads\/2024\/12\/kemon-300x300.jpg 300w, https:\/\/soymigrante.com\/revista\/wp-content\/uploads\/2024\/12\/kemon-150x150.jpg 150w, https:\/\/soymigrante.com\/revista\/wp-content\/uploads\/2024\/12\/kemon-768x768.jpg 768w, https:\/\/soymigrante.com\/revista\/wp-content\/uploads\/2024\/12\/kemon-75x75.webp 75w, https:\/\/soymigrante.com\/revista\/wp-content\/uploads\/2024\/12\/kemon-750x750.webp 750w, https:\/\/soymigrante.com\/revista\/wp-content\/uploads\/2024\/12\/kemon.webp 1080w\" sizes=\"(max-width: 1024px) 100vw, 1024px\" \/>\n            <\/div>\n        <\/div><div class=\"eael-entry-wrapper\"><header class=\"eael-entry-header\"><h2 class=\"eael-entry-title\"><a class=\"eael-grid-post-link\" href=\"https:\/\/soymigrante.com\/revista\/kemon-collection-tejiendo-suenos-y-conservando-tradiciones-ancestrales\/\" title=\"Kemon Collection: Tejiendo sue\u00f1os y conservando tradiciones ancestrales\">Kemon Collection: Tejiendo sue\u00f1os y conservando tradiciones ancestrales<\/a><\/h2><\/header><div class=\"eael-entry-content\">\n                        <div class=\"eael-grid-post-excerpt\"><a href=\"https:\/\/soymigrante.com\/revista\/kemon-collection-tejiendo-suenos-y-conservando-tradiciones-ancestrales\/\" class=\"eael-post-elements-readmore-btn\">CONOCE SU HISTORIA <\/a><\/div>\n                    <\/div><\/div><\/div>\n        <\/div>\n    <\/article><article class=\"eael-grid-post  eael-post-grid-column eael-pg-post-16558 category-guate-nuestra tags-mercado-emprendedores\" data-id=\"16558\">\n        <div class=\"eael-grid-post-holder\">\n            <div class=\"eael-grid-post-holder-inner\"><div class=\"eael-entry-media\"><div class=\"eael-entry-overlay fade-in\"><i class=\"far fa-hand-pointer\" aria-hidden=\"true\"><\/i><a href=\"https:\/\/soymigrante.com\/revista\/joyas-jade-luis-prieto-emprendedores-mercado\/\"><\/a><\/div><div class=\"eael-entry-thumbnail eael-image-ratio\">\n                <img loading=\"lazy\" decoding=\"async\" width=\"377\" height=\"356\" src=\"https:\/\/soymigrante.com\/revista\/wp-content\/uploads\/2024\/12\/joyas3-1.webp\" class=\"attachment-large size-large wp-image-16601\" alt=\"Pulsera y pendientes de piedra azul y \u00f3nix, accesorios de joyer\u00eda artesanal y elegante.\" srcset=\"https:\/\/soymigrante.com\/revista\/wp-content\/uploads\/2024\/12\/joyas3-1.webp 377w, https:\/\/soymigrante.com\/revista\/wp-content\/uploads\/2024\/12\/joyas3-1-300x283.jpg 300w\" sizes=\"(max-width: 377px) 100vw, 377px\" \/>\n            <\/div>\n        <\/div><div class=\"eael-entry-wrapper\"><header class=\"eael-entry-header\"><h2 class=\"eael-entry-title\"><a class=\"eael-grid-post-link\" href=\"https:\/\/soymigrante.com\/revista\/joyas-jade-luis-prieto-emprendedores-mercado\/\" title=\"Luis F. Prieto Jeweler y la pasi\u00f3n por crear piezas originales en jade y otros materiales\">Luis F. Prieto Jeweler y la pasi\u00f3n por crear piezas originales en jade y otros materiales<\/a><\/h2><\/header><div class=\"eael-entry-content\">\n                        <div class=\"eael-grid-post-excerpt\"><a href=\"https:\/\/soymigrante.com\/revista\/joyas-jade-luis-prieto-emprendedores-mercado\/\" class=\"eael-post-elements-readmore-btn\">CONOCE SU HISTORIA <\/a><\/div>\n                    <\/div><\/div><\/div>\n        <\/div>\n    <\/article><article class=\"eael-grid-post  eael-post-grid-column eael-pg-post-14276 category-guate-nuestra tags-mercado-emprendedores\" data-id=\"14276\">\n        <div class=\"eael-grid-post-holder\">\n            <div class=\"eael-grid-post-holder-inner\"><div class=\"eael-entry-media\"><div class=\"eael-entry-overlay fade-in\"><i class=\"far fa-hand-pointer\" aria-hidden=\"true\"><\/i><a href=\"https:\/\/soymigrante.com\/revista\/clinica-la-montana-de-colomba-costa-cuca-ofrece-capsulas-y-terapias-naturistas\/\"><\/a><\/div><div class=\"eael-entry-thumbnail eael-image-ratio\">\n                <img loading=\"lazy\" decoding=\"async\" width=\"542\" height=\"542\" src=\"https:\/\/soymigrante.com\/revista\/wp-content\/uploads\/2024\/11\/emprendedor-daniel-sanchez-1.webp\" class=\"attachment-large size-large wp-image-14277\" alt=\"Amplio \u00e1rbol de hoja perenne con un hombre sonriendo en medio de la naturaleza, s\u00edmbolo de crecimiento y sostenibilidad para art\u00edculos de agricultura y medio ambiente en SoyMigrante.com REVISTA.\" srcset=\"https:\/\/soymigrante.com\/revista\/wp-content\/uploads\/2024\/11\/emprendedor-daniel-sanchez-1.webp 542w, https:\/\/soymigrante.com\/revista\/wp-content\/uploads\/2024\/11\/emprendedor-daniel-sanchez-1-300x300.jpg 300w, https:\/\/soymigrante.com\/revista\/wp-content\/uploads\/2024\/11\/emprendedor-daniel-sanchez-1-150x150.jpg 150w, https:\/\/soymigrante.com\/revista\/wp-content\/uploads\/2024\/11\/emprendedor-daniel-sanchez-1-75x75.webp 75w\" sizes=\"(max-width: 542px) 100vw, 542px\" \/>\n            <\/div>\n        <\/div><div class=\"eael-entry-wrapper\"><header class=\"eael-entry-header\"><h2 class=\"eael-entry-title\"><a class=\"eael-grid-post-link\" href=\"https:\/\/soymigrante.com\/revista\/clinica-la-montana-de-colomba-costa-cuca-ofrece-capsulas-y-terapias-naturistas\/\" title=\"Danny S\u00e1nchez Mach\u00e1 ofrece productos del Centro Naturista de la Monta\u00f1a, desde Colomba Costa Cuca\">Danny S\u00e1nchez Mach\u00e1 ofrece productos del Centro Naturista de la Monta\u00f1a, desde Colomba Costa Cuca<\/a><\/h2><\/header><div class=\"eael-entry-content\">\n                        <div class=\"eael-grid-post-excerpt\"><a href=\"https:\/\/soymigrante.com\/revista\/clinica-la-montana-de-colomba-costa-cuca-ofrece-capsulas-y-terapias-naturistas\/\" class=\"eael-post-elements-readmore-btn\">CONOCE SU HISTORIA <\/a><\/div>\n                    <\/div><\/div><\/div>\n        <\/div>\n    <\/article><article class=\"eael-grid-post  eael-post-grid-column eael-pg-post-48797 category-guate-nuestra tags-mercado-emprendedores\" data-id=\"48797\">\n        <div class=\"eael-grid-post-holder\">\n            <div class=\"eael-grid-post-holder-inner\"><div class=\"eael-entry-media\"><div class=\"eael-entry-overlay fade-in\"><i class=\"far fa-hand-pointer\" aria-hidden=\"true\"><\/i><a href=\"https:\/\/soymigrante.com\/revista\/miss-universo-2025-raschel-paz-traje-quetzalteca-emprendedora-janet-guerra-mercado\/\"><\/a><\/div><div class=\"eael-entry-thumbnail eael-image-ratio\">\n                <img loading=\"lazy\" decoding=\"async\" width=\"675\" height=\"675\" src=\"https:\/\/soymigrante.com\/revista\/wp-content\/uploads\/2025\/11\/raschel-paz-miss-universo-2025-traje-tradicional-8.jpg\" class=\"attachment-large size-large wp-image-48799\" alt=\"raschel paz miss universo 2025 traje tradicional 8\" srcset=\"https:\/\/soymigrante.com\/revista\/wp-content\/uploads\/2025\/11\/raschel-paz-miss-universo-2025-traje-tradicional-8.jpg 675w, https:\/\/soymigrante.com\/revista\/wp-content\/uploads\/2025\/11\/raschel-paz-miss-universo-2025-traje-tradicional-8-300x300.jpg 300w, https:\/\/soymigrante.com\/revista\/wp-content\/uploads\/2025\/11\/raschel-paz-miss-universo-2025-traje-tradicional-8-150x150.jpg 150w, https:\/\/soymigrante.com\/revista\/wp-content\/uploads\/2025\/11\/raschel-paz-miss-universo-2025-traje-tradicional-8-75x75.jpg 75w\" sizes=\"(max-width: 675px) 100vw, 675px\" \/>\n            <\/div>\n        <\/div><div class=\"eael-entry-wrapper\"><header class=\"eael-entry-header\"><h2 class=\"eael-entry-title\"><a class=\"eael-grid-post-link\" href=\"https:\/\/soymigrante.com\/revista\/miss-universo-2025-raschel-paz-traje-quetzalteca-emprendedora-janet-guerra-mercado\/\" title=\"Raschel Paz deslumbra en Miss Universo 2025 con traje dise\u00f1ado por emprendedora quetzalteca\">Raschel Paz deslumbra en Miss Universo 2025 con traje dise\u00f1ado por emprendedora quetzalteca<\/a><\/h2><\/header><div class=\"eael-entry-content\">\n                        <div class=\"eael-grid-post-excerpt\"><a href=\"https:\/\/soymigrante.com\/revista\/miss-universo-2025-raschel-paz-traje-quetzalteca-emprendedora-janet-guerra-mercado\/\" class=\"eael-post-elements-readmore-btn\">CONOCE SU HISTORIA <\/a><\/div>\n                    <\/div><\/div><\/div>\n        <\/div>\n    <\/article><\/div>\n            <div class=\"clearfix\"><\/div>\n        <\/div>            <div class=\"eael-load-more-button-wrap eael-force-hide\">\n                <button class=\"eael-load-more-button\" id=\"eael-load-more-btn-f254bbf\" data-widget-id=\"f254bbf\" data-widget=\"f254bbf\" data-page-id=\"47359\" data-template=\"{&quot;dir&quot;:&quot;lite&quot;,&quot;file_name&quot;:&quot;one.php&quot;,&quot;name&quot;:&quot;Post-Grid&quot;}\" data-class=\"Essential_Addons_Elementor\\Elements\\Post_Grid\" data-layout=\"masonry\" data-page=\"1\" data-args=\"orderby=rand&amp;order=desc&amp;ignore_sticky_posts=1&amp;post_status=publish&amp;posts_per_page=6&amp;offset=0&amp;post_type=post&amp;tax_query%5B0%5D%5Btaxonomy%5D=post_tag&amp;tax_query%5B0%5D%5Bfield%5D=term_id&amp;tax_query%5B0%5D%5Bterms%5D%5B0%5D=130&amp;tax_query%5Brelation%5D=AND\" data-max-page=\"18\">\n                    <span class=\"eael-btn-loader button__loader\"><\/span>\n                    <span class=\"eael_load_more_text\">Load More<\/span>\n                <\/button>\n            <\/div>\n            \t\t\t\t<\/div>\n\t\t\t\t\t<\/div>\n\t\t\t\t<\/div>\n\t\t\t\t<\/div>\n\t\t","protected":false},"excerpt":{"rendered":"<p>Agregada comercial de Guatemala en Miami por 22 a\u00f1os, Dunia Miranda-Mauri se reinvent\u00f3 como embajadora del sabor guatemalteco a trav\u00e9s de generar contenido sobre recetas de bebidas y comidas chapinas e hispanas. Rodeada de luces y una c\u00e1mara encendida, Dunia Miranda-Mauri prepara en su cocina una bebida que mezcla sabores tropicales con un toque guatemalteco [&hellip;]<\/p>\n","protected":false},"author":7,"featured_media":47360,"comment_status":"open","ping_status":"open","sticky":false,"template":"","format":"standard","meta":{"_acf_changed":false,"_eb_attr":"","footnotes":""},"categories":[50,274],"tags":[],"class_list":["post-47359","post","type-post","status-publish","format-standard","has-post-thumbnail","hentry","category-exitos","category-guatemala"],"acf":[],"aioseo_notices":[],"aioseo_head":"\n\t\t<!-- All in One SEO Pro 4.9.6.2 - aioseo.com -->\n\t<meta name=\"description\" content=\"Raschel Paz brilla en Miss Universo y queda en Top 20 de traje nacional, con dise\u00f1o de quetzalteca Janet Guerra, cuya tienda est\u00e1 en SoyMigrante.com MERCADO.\" \/>\n\t<meta name=\"robots\" content=\"max-snippet:-1, max-image-preview:large, max-video-preview:-1\" \/>\n\t<meta name=\"author\" content=\"Gustavo Montenegro\"\/>\n\t<link rel=\"canonical\" href=\"https:\/\/soymigrante.com\/revista\/miss-universo-2025-raschel-paz-traje-quetzalteca-emprendedora-janet-guerra-mercado\/\" \/>\n\t<meta name=\"generator\" content=\"All in One SEO Pro (AIOSEO) 4.9.6.2\" \/>\n\n\t\t<link rel=\"preconnect\" href=\"https:\/\/fonts.googleapis.com\" crossorigin>\n<link rel=\"preconnect\" href=\"https:\/\/fonts.gstatic.com\" crossorigin>\n\t\t<meta property=\"og:locale\" content=\"es_ES\" \/>\n\t\t<meta property=\"og:site_name\" content=\"SoyMigrante.com REVISTA \u2013 Nuestra misi\u00f3n es reconocer y dignificar al migrante.\" \/>\n\t\t<meta property=\"og:type\" content=\"article\" \/>\n\t\t<meta property=\"og:title\" content=\"Raschel Paz luce en Miss Universo 2025 traje dise\u00f1ado en Xela\" \/>\n\t\t<meta property=\"og:description\" content=\"Raschel Paz brilla en Miss Universo y queda en Top 20 de traje nacional, con dise\u00f1o de quetzalteca Janet Guerra, cuya tienda est\u00e1 en SoyMigrante.com MERCADO.\" \/>\n\t\t<meta property=\"og:url\" content=\"https:\/\/soymigrante.com\/revista\/miss-universo-2025-raschel-paz-traje-quetzalteca-emprendedora-janet-guerra-mercado\/\" \/>\n\t\t<meta property=\"og:image\" content=\"https:\/\/soymigrante.com\/revista\/wp-content\/uploads\/2025\/11\/raschel-paz-miss-universo-2025-traje-tradicional-8.jpg\" \/>\n\t\t<meta property=\"og:image:secure_url\" content=\"https:\/\/soymigrante.com\/revista\/wp-content\/uploads\/2025\/11\/raschel-paz-miss-universo-2025-traje-tradicional-8.jpg\" \/>\n\t\t<meta property=\"og:image:width\" content=\"675\" \/>\n\t\t<meta property=\"og:image:height\" content=\"675\" \/>\n\t\t<meta property=\"article:published_time\" content=\"2025-11-20T14:06:51+00:00\" \/>\n\t\t<meta property=\"article:modified_time\" content=\"2025-11-20T14:25:56+00:00\" \/>\n\t\t<meta property=\"article:publisher\" content=\"https:\/\/www.facebook.com\/soymigrantecom\" \/>\n\t\t<meta name=\"twitter:card\" content=\"summary_large_image\" \/>\n\t\t<meta name=\"twitter:site\" content=\"@SoyMigrante_com\" \/>\n\t\t<meta name=\"twitter:title\" content=\"Raschel Paz luce en Miss Universo 2025 traje dise\u00f1ado en Xela\" \/>\n\t\t<meta name=\"twitter:description\" content=\"Raschel Paz brilla en Miss Universo y queda en Top 20 de traje nacional, con dise\u00f1o de quetzalteca Janet Guerra, cuya tienda est\u00e1 en SoyMigrante.com MERCADO.\" \/>\n\t\t<meta name=\"twitter:creator\" content=\"@SoyMigrante_com\" \/>\n\t\t<meta name=\"twitter:image\" content=\"https:\/\/soymigrante.com\/revista\/wp-content\/uploads\/2025\/11\/raschel-paz-miss-universo-2025-traje-tradicional-8.jpg\" \/>\n\t\t<!-- All in One SEO Pro -->\r\n\t\t<title>Raschel Paz luce en Miss Universo 2025 traje dise\u00f1ado en Xela<\/title>\n\n","aioseo_head_json":{"title":"Raschel Paz luce en Miss Universo 2025 traje dise\u00f1ado en Xela","description":"Raschel Paz brilla en Miss Universo y queda en Top 20 de traje nacional, con dise\u00f1o de quetzalteca Janet Guerra, cuya tienda est\u00e1 en SoyMigrante.com MERCADO.","canonical_url":"https:\/\/soymigrante.com\/revista\/miss-universo-2025-raschel-paz-traje-quetzalteca-emprendedora-janet-guerra-mercado\/","robots":"max-snippet:-1, max-image-preview:large, max-video-preview:-1","keywords":"","webmasterTools":{"miscellaneous":"&lt;link rel=\"preconnect\" href=\"https:\/\/fonts.googleapis.com\" crossorigin&gt;\n&lt;link rel=\"preconnect\" href=\"https:\/\/fonts.gstatic.com\" crossorigin&gt;"},"schema":null,"og:locale":"es_ES","og:site_name":"SoyMigrante.com REVISTA \u2013 Nuestra misi\u00f3n es reconocer y dignificar al migrante.","og:type":"article","og:title":"Raschel Paz luce en Miss Universo 2025 traje dise\u00f1ado en Xela","og:description":"Raschel Paz brilla en Miss Universo y queda en Top 20 de traje nacional, con dise\u00f1o de quetzalteca Janet Guerra, cuya tienda est\u00e1 en SoyMigrante.com MERCADO.","og:url":"https:\/\/soymigrante.com\/revista\/miss-universo-2025-raschel-paz-traje-quetzalteca-emprendedora-janet-guerra-mercado\/","og:image":"https:\/\/soymigrante.com\/revista\/wp-content\/uploads\/2025\/11\/raschel-paz-miss-universo-2025-traje-tradicional-8.jpg","og:image:secure_url":"https:\/\/soymigrante.com\/revista\/wp-content\/uploads\/2025\/11\/raschel-paz-miss-universo-2025-traje-tradicional-8.jpg","og:image:width":675,"og:image:height":675,"article:published_time":"2025-11-20T14:06:51+00:00","article:modified_time":"2025-11-20T14:25:56+00:00","article:publisher":"https:\/\/www.facebook.com\/soymigrantecom","twitter:card":"summary_large_image","twitter:site":"@SoyMigrante_com","twitter:title":"Raschel Paz luce en Miss Universo 2025 traje dise\u00f1ado en Xela","twitter:description":"Raschel Paz brilla en Miss Universo y queda en Top 20 de traje nacional, con dise\u00f1o de quetzalteca Janet Guerra, cuya tienda est\u00e1 en SoyMigrante.com MERCADO.","twitter:creator":"@SoyMigrante_com","twitter:image":"https:\/\/soymigrante.com\/revista\/wp-content\/uploads\/2025\/11\/raschel-paz-miss-universo-2025-traje-tradicional-8.jpg"},"aioseo_meta_data":{"post_id":"47359","title":"\"Todo lo que hago lleva sabor a Guatemala\": Dunia Miranda","description":"Exdiplom\u00e1tica de Guatemala en Miami, Dunia Miranda-Mauri ahora genera contenidos como The Queen Bee Foodie, en donde sigue impulsando sabores guatemaltecos.","keywords":null,"keyphrases":{"focus":{"keyphrase":"Guatemala","score":91,"analysis":{"keyphraseInTitle":{"score":9,"maxScore":9,"error":0},"keyphraseInDescription":{"score":9,"maxScore":9,"error":0},"keyphraseLength":{"score":9,"maxScore":9,"error":0,"length":1},"keyphraseInURL":{"score":5,"maxScore":5,"error":0},"keyphraseInIntroduction":{"score":9,"maxScore":9,"error":0},"keyphraseInSubHeadings":{"score":3,"maxScore":9,"error":1},"keyphraseInImageAlt":{"score":9,"maxScore":9,"error":0},"keywordDensity":{"type":"best","score":9,"maxScore":9,"error":0}}},"additional":[{"keyphrase":"Guatemalteco","score":73,"analysis":{"keyphraseInDescription":{"score":3,"maxScore":9,"error":1},"keyphraseLength":{"score":9,"maxScore":9,"error":0,"length":1},"keyphraseInIntroduction":{"score":9,"maxScore":9,"error":0},"keyphraseInImageAlt":{"score":3,"maxScore":9,"error":1},"keywordDensity":{"type":"best","score":9,"maxScore":9,"error":0}}},{"keyphrase":"Guatemalteca","score":53,"analysis":{"keyphraseInDescription":{"score":3,"maxScore":9,"error":1},"keyphraseLength":{"score":9,"maxScore":9,"error":0,"length":1},"keyphraseInIntroduction":{"score":3,"maxScore":9,"error":1},"keyphraseInImageAlt":{"score":9,"maxScore":9,"error":0},"keywordDensity":{"score":0,"type":"low","maxScore":9,"error":1}}}]},"primary_term":null,"canonical_url":null,"og_title":null,"og_description":null,"og_object_type":"default","og_image_type":"default","og_image_url":null,"og_image_width":null,"og_image_height":null,"og_image_custom_url":null,"og_image_custom_fields":null,"og_video":"","og_custom_url":null,"og_article_section":null,"og_article_tags":null,"twitter_use_og":false,"twitter_card":"default","twitter_image_type":"default","twitter_image_url":null,"twitter_image_custom_url":null,"twitter_image_custom_fields":null,"twitter_title":null,"twitter_description":null,"schema":{"blockGraphs":[],"customGraphs":[],"default":{"data":{"Article":[],"Course":[],"Dataset":[],"FAQPage":[],"Movie":[],"Person":[],"Product":[],"ProductReview":[],"Car":[],"Recipe":[],"Service":[],"SoftwareApplication":[],"WebPage":[]},"graphName":"none","isEnabled":true},"graphs":[]},"schema_type":"default","schema_type_options":null,"pillar_content":false,"robots_default":true,"robots_noindex":false,"robots_noarchive":false,"robots_nosnippet":false,"robots_nofollow":false,"robots_noimageindex":false,"robots_noodp":false,"robots_notranslate":false,"robots_max_snippet":"-1","robots_max_videopreview":"-1","robots_max_imagepreview":"large","priority":null,"frequency":"default","local_seo":null,"seo_analyzer_scan_date":"2025-10-17 18:40:02","breadcrumb_settings":null,"limit_modified_date":false,"reviewed_by":"0","open_ai":null,"ai":{"faqs":[],"keyPoints":[],"titles":[],"descriptions":[],"socialPosts":{"email":[],"linkedin":[],"twitter":[],"facebook":[],"instagram":[]}},"created":"2025-10-17 11:38:35","updated":"2026-02-05 06:33:51"},"aioseo_breadcrumb":"<div class=\"aioseo-breadcrumbs\"><span class=\"aioseo-breadcrumb\">\n\t<a href=\"https:\/\/soymigrante.com\/revista\" title=\"Home\">Home<\/a>\n<\/span><span class=\"aioseo-breadcrumb-separator\">\u00bb<\/span><span class=\"aioseo-breadcrumb\">\n\t<a href=\"https:\/\/soymigrante.com\/revista\/category\/exitos\/\" title=\"\u00c9xitos\">\u00c9xitos<\/a>\n<\/span><span class=\"aioseo-breadcrumb-separator\">\u00bb<\/span><span class=\"aioseo-breadcrumb\">\n\t<a href=\"https:\/\/soymigrante.com\/revista\/category\/exitos\/guatemala\/\" title=\"Guatemala\">Guatemala<\/a>\n<\/span><span class=\"aioseo-breadcrumb-separator\">\u00bb<\/span><span class=\"aioseo-breadcrumb\">\n\t\u201cTodo lo que hago lleva sabor a Guatemala\u201d: Dunia Miranda-Mauri\n<\/span><\/div>","aioseo_breadcrumb_json":[{"label":"Home","link":"https:\/\/soymigrante.com\/revista"},{"label":"\u00c9xitos","link":"https:\/\/soymigrante.com\/revista\/category\/exitos\/"},{"label":"Guatemala","link":"https:\/\/soymigrante.com\/revista\/category\/exitos\/guatemala\/"},{"label":"\u201cTodo lo que hago lleva sabor a Guatemala\u201d: Dunia Miranda-Mauri","link":"https:\/\/soymigrante.com\/revista\/todo-lo-que-hago-lleva-sabor-a-guatemala-dunia-miranda-mauri\/"}],"_links":{"self":[{"href":"https:\/\/soymigrante.com\/revista\/wp-json\/wp\/v2\/posts\/47359","targetHints":{"allow":["GET"]}}],"collection":[{"href":"https:\/\/soymigrante.com\/revista\/wp-json\/wp\/v2\/posts"}],"about":[{"href":"https:\/\/soymigrante.com\/revista\/wp-json\/wp\/v2\/types\/post"}],"author":[{"embeddable":true,"href":"https:\/\/soymigrante.com\/revista\/wp-json\/wp\/v2\/users\/7"}],"replies":[{"embeddable":true,"href":"https:\/\/soymigrante.com\/revista\/wp-json\/wp\/v2\/comments?post=47359"}],"version-history":[{"count":10,"href":"https:\/\/soymigrante.com\/revista\/wp-json\/wp\/v2\/posts\/47359\/revisions"}],"predecessor-version":[{"id":47396,"href":"https:\/\/soymigrante.com\/revista\/wp-json\/wp\/v2\/posts\/47359\/revisions\/47396"}],"wp:featuredmedia":[{"embeddable":true,"href":"https:\/\/soymigrante.com\/revista\/wp-json\/wp\/v2\/media\/47360"}],"wp:attachment":[{"href":"https:\/\/soymigrante.com\/revista\/wp-json\/wp\/v2\/media?parent=47359"}],"wp:term":[{"taxonomy":"category","embeddable":true,"href":"https:\/\/soymigrante.com\/revista\/wp-json\/wp\/v2\/categories?post=47359"},{"taxonomy":"post_tag","embeddable":true,"href":"https:\/\/soymigrante.com\/revista\/wp-json\/wp\/v2\/tags?post=47359"}],"curies":[{"name":"wp","href":"https:\/\/api.w.org\/{rel}","templated":true}]}}