{"id":47344,"date":"2025-10-16T16:24:45","date_gmt":"2025-10-16T22:24:45","guid":{"rendered":"https:\/\/soymigrante.com\/revista\/?p=47344"},"modified":"2025-10-16T16:24:57","modified_gmt":"2025-10-16T22:24:57","slug":"eva-cortes-la-voz-hondurena-de-un-jazz-sin-fronteras","status":"publish","type":"post","link":"https:\/\/soymigrante.com\/revista\/eva-cortes-la-voz-hondurena-de-un-jazz-sin-fronteras\/","title":{"rendered":"Eva Cort\u00e9s, la voz hondure\u00f1a de un jazz sin fronteras"},"content":{"rendered":"\t\t<div data-elementor-type=\"wp-post\" data-elementor-id=\"47344\" class=\"elementor elementor-47344\" data-elementor-post-type=\"post\">\n\t\t\t\t<div data-particle_enable=\"false\" data-particle-mobile-disabled=\"false\" class=\"elementor-element elementor-element-e92f203 e-flex e-con-boxed e-con e-parent\" data-id=\"e92f203\" data-element_type=\"container\" data-e-type=\"container\">\n\t\t\t\t\t<div class=\"e-con-inner\">\n\t\t\t\t<div class=\"elementor-element elementor-element-ddee50d elementor-widget elementor-widget-heading\" data-id=\"ddee50d\" data-element_type=\"widget\" data-e-type=\"widget\" data-widget_type=\"heading.default\">\n\t\t\t\t\t<h2 class=\"elementor-heading-title elementor-size-default\">Cantautora hondure\u00f1a de jazz, nacida en 1972 en Tegucigalpa y migrante a temprana edad en Espa\u00f1a, posee una voz privilegiada y un sentimiento incre\u00edble. Y si no nos crees, esc\u00fachala.<\/h2>\t\t\t\t<\/div>\n\t\t\t\t\t<\/div>\n\t\t\t\t<\/div>\n\t\t<div data-particle_enable=\"false\" data-particle-mobile-disabled=\"false\" class=\"elementor-element elementor-element-38e2bde e-flex e-con-boxed e-con e-parent\" data-id=\"38e2bde\" data-element_type=\"container\" data-e-type=\"container\">\n\t\t\t\t\t<div class=\"e-con-inner\">\n\t\t\t\t<div class=\"elementor-element elementor-element-df773c2 elementor-widget elementor-widget-text-editor\" data-id=\"df773c2\" data-element_type=\"widget\" data-e-type=\"widget\" data-widget_type=\"text-editor.default\">\n\t\t\t\t\t\t\t\t\t<p>Desde los clubes de jazz en Madrid hasta escenarios de Nueva York y Par\u00eds, la cantante <a href=\"https:\/\/soymigrante.com\/revista\/videoclip-lamento-de-gaby-moreno-dedicado-a-migrantes-nominado-al-latin-grammy\/\">centroamericana<\/a> Eva Cort\u00e9s ha llevado su voz y su identidad hondure\u00f1a a un g\u00e9nero que tradicionalmente hablaba otro idioma.\u00a0<\/p><p>Con una mezcla de elegancia, fusi\u00f3n y sensibilidad, Cort\u00e9s se ha convertido en una de las figuras m\u00e1s reconocidas del jazz en espa\u00f1ol, un espacio donde lo latino, el flamenco y el soul se entrelazan con naturalidad.<\/p><p>Nacida en Tegucigalpa, en 1972, Eva se traslad\u00f3 siendo ni\u00f1a a Sevilla, Espa\u00f1a, ciudad que marcar\u00eda su destino art\u00edstico. All\u00ed creci\u00f3 rodeada de m\u00fasica y diversidad cultural, aprendiendo que las ra\u00edces tambi\u00e9n pueden viajar. La m\u00fasica se volvi\u00f3 su<a href=\"https:\/\/soymigrante.com\/revista\/migrantes-guatemaltecos-expresan-objetivos-y-suenos-para-este-2025\/\"> gran sue\u00f1o.<\/a> Su carrera empez\u00f3 temprano: con apenas ocho a\u00f1os particip\u00f3 en el proyecto musical Cosas de ni\u00f1os, junto a figuras como Mocedades, Miguel Bos\u00e9, Ana Bel\u00e9n y V\u00edctor Manuel.<\/p>\t\t\t\t\t\t\t\t<\/div>\n\t\t\t\t\t<\/div>\n\t\t\t\t<\/div>\n\t\t<div data-particle_enable=\"false\" data-particle-mobile-disabled=\"false\" class=\"elementor-element elementor-element-c39126e e-flex e-con-boxed e-con e-parent\" data-id=\"c39126e\" data-element_type=\"container\" data-e-type=\"container\">\n\t\t\t\t\t<div class=\"e-con-inner\">\n\t\t\t\t<div class=\"elementor-element elementor-element-5313ea1 elementor-widget elementor-widget-html\" data-id=\"5313ea1\" data-element_type=\"widget\" data-e-type=\"widget\" data-widget_type=\"html.default\">\n\t\t\t\t\t<iframe width=\"560\" height=\"415\" src=\"https:\/\/www.youtube.com\/embed\/6uit9R9OQcs?si=Vy7kYEaxhRPbvylL\" title=\"YouTube video player\" frameborder=\"0\" allow=\"accelerometer; autoplay; clipboard-write; encrypted-media; gyroscope; picture-in-picture; web-share\" referrerpolicy=\"strict-origin-when-cross-origin\" allowfullscreen><\/iframe>\t\t\t\t<\/div>\n\t\t\t\t\t<\/div>\n\t\t\t\t<\/div>\n\t\t<div data-particle_enable=\"false\" data-particle-mobile-disabled=\"false\" class=\"elementor-element elementor-element-65f81e5 e-flex e-con-boxed e-con e-parent\" data-id=\"65f81e5\" data-element_type=\"container\" data-e-type=\"container\">\n\t\t\t\t\t<div class=\"e-con-inner\">\n\t\t\t\t<div class=\"elementor-element elementor-element-c558891 elementor-widget elementor-widget-heading\" data-id=\"c558891\" data-element_type=\"widget\" data-e-type=\"widget\" data-widget_type=\"heading.default\">\n\t\t\t\t\t<h3 class=\"elementor-heading-title elementor-size-default\">Voz centroamericana privilegiada<\/h3>\t\t\t\t<\/div>\n\t\t\t\t\t<\/div>\n\t\t\t\t<\/div>\n\t\t<div data-particle_enable=\"false\" data-particle-mobile-disabled=\"false\" class=\"elementor-element elementor-element-1cd8ecb e-flex e-con-boxed e-con e-parent\" data-id=\"1cd8ecb\" data-element_type=\"container\" data-e-type=\"container\">\n\t\t\t\t\t<div class=\"e-con-inner\">\n\t\t\t\t<div class=\"elementor-element elementor-element-f36028a elementor-widget elementor-widget-text-editor\" data-id=\"f36028a\" data-element_type=\"widget\" data-e-type=\"widget\" data-widget_type=\"text-editor.default\">\n\t\t\t\t\t\t\t\t\t<p>Con el paso del tiempo, la joven artista fue explorando sonidos m\u00e1s profundos. Primero se acerc\u00f3 al blues y luego al jazz, influenciada por leyendas como Billie Holiday, cuya voz \u2014ha dicho Eva\u2014 le ense\u00f1\u00f3 que el alma es tan importante como la t\u00e9cnica. Ya en la d\u00e9cada del 2000 se instal\u00f3 en Madrid, donde comenz\u00f3 a escribir sus propias <a href=\"https:\/\/soymigrante.com\/revista\/compositor-guatemalteco-joselino-chocoj\/\">canciones<\/a> y a construir un estilo propio que romp\u00eda moldes: jazz con acento latino y letras en espa\u00f1ol.<\/p><p>Su discograf\u00eda es testimonio de esa b\u00fasqueda constante. En 2006 lanz\u00f3 Sola contigo, su primer \u00e1lbum, bajo el sello EMI. Le siguieron trabajos como Como agua entre los dedos (2008), El mar de mi vida (2010) y Back 2 The Source (2011), donde la artista fue refinando su sello, combinando ritmos andaluces, bolero y latin jazz.\u00a0<\/p><p>En 2012 public\u00f3 Jazz One Night with Eva Cort\u00e9s in Madrid, grabado en vivo con el respaldo de Universal y Verve, dos sellos de referencia mundial. Su \u00e1lbum In Bloom (2015) la llev\u00f3 hasta Nueva York, epicentro del jazz, y en 2020 present\u00f3 Todas las voces, una s\u00edntesis madura de su trayectoria, con canciones que viajan entre el flamenco, la bossa nova y el folclore latinoamericano, con un toque <a href=\"https:\/\/soymigrante.com\/revista\/un-tejido-de-una-abuela-maya-es-tan-valioso-como-un-software-de-silicon-valley-marcos-antil-en-foro-de-industria-creativa\/\">aut\u00e9ntico.<\/a><\/p>\t\t\t\t\t\t\t\t<\/div>\n\t\t\t\t\t<\/div>\n\t\t\t\t<\/div>\n\t\t<div data-particle_enable=\"false\" data-particle-mobile-disabled=\"false\" class=\"elementor-element elementor-element-ca8d6f6 e-flex e-con-boxed e-con e-parent\" data-id=\"ca8d6f6\" data-element_type=\"container\" data-e-type=\"container\">\n\t\t\t\t\t<div class=\"e-con-inner\">\n\t\t\t\t<div class=\"elementor-element elementor-element-b405800 elementor-widget elementor-widget-html\" data-id=\"b405800\" data-element_type=\"widget\" data-e-type=\"widget\" data-widget_type=\"html.default\">\n\t\t\t\t\t<iframe width=\"560\" height=\"415\" src=\"https:\/\/www.youtube.com\/embed\/VJKxyt-SQpQ?si=U7VJKspSk8dDn3c-\" title=\"YouTube video player\" frameborder=\"0\" allow=\"accelerometer; autoplay; clipboard-write; encrypted-media; gyroscope; picture-in-picture; web-share\" referrerpolicy=\"strict-origin-when-cross-origin\" allowfullscreen><\/iframe>\t\t\t\t<\/div>\n\t\t\t\t\t<\/div>\n\t\t\t\t<\/div>\n\t\t<div data-particle_enable=\"false\" data-particle-mobile-disabled=\"false\" class=\"elementor-element elementor-element-a821470 e-flex e-con-boxed e-con e-parent\" data-id=\"a821470\" data-element_type=\"container\" data-e-type=\"container\">\n\t\t\t\t\t<div class=\"e-con-inner\">\n\t\t\t\t<div class=\"elementor-element elementor-element-7cd4102 elementor-widget elementor-widget-heading\" data-id=\"7cd4102\" data-element_type=\"widget\" data-e-type=\"widget\" data-widget_type=\"heading.default\">\n\t\t\t\t\t<h3 class=\"elementor-heading-title elementor-size-default\">La libertad de la m\u00fasica<\/h3>\t\t\t\t<\/div>\n\t\t\t\t\t<\/div>\n\t\t\t\t<\/div>\n\t\t<div data-particle_enable=\"false\" data-particle-mobile-disabled=\"false\" class=\"elementor-element elementor-element-e8d36f6 e-flex e-con-boxed e-con e-parent\" data-id=\"e8d36f6\" data-element_type=\"container\" data-e-type=\"container\">\n\t\t\t\t\t<div class=\"e-con-inner\">\n\t\t\t\t<div class=\"elementor-element elementor-element-d228ee7 elementor-widget elementor-widget-text-editor\" data-id=\"d228ee7\" data-element_type=\"widget\" data-e-type=\"widget\" data-widget_type=\"text-editor.default\">\n\t\t\t\t\t\t\t\t\t<p>Para Eva Cort\u00e9s, el jazz no es solo un g\u00e9nero, sino un lenguaje abierto. \u201cHoy el jazz es m\u00e1s cercano y m\u00e1s libre\u201d, ha dicho en entrevistas. \u201cSe nutre de lo que somos y de lo que vivimos\u201d. Esa visi\u00f3n la ha llevado a explorar sin miedo, a cantar tanto en <a href=\"https:\/\/soymigrante.com\/revista\/migrante-idioma-ingles-aprendizaje-claves-reto-oportunidad\/\">ingl\u00e9s como en espa\u00f1ol,<\/a> incluso en franc\u00e9s, y a situarse entre las voces m\u00e1s vers\u00e1tiles de la escena internacional.<\/p><p>Aunque reside en Europa, Honduras sigue presente en su m\u00fasica y en su identidad. Cada regreso a su pa\u00eds natal se convierte en una celebraci\u00f3n: sus conciertos en Tegucigalpa y San Pedro Sula han reunido a seguidores que ven en ella un motivo de orgullo y una prueba de que el talento centroamericano puede alcanzar escenarios globales.<\/p>\t\t\t\t\t\t\t\t<\/div>\n\t\t\t\t\t<\/div>\n\t\t\t\t<\/div>\n\t\t<div data-particle_enable=\"false\" data-particle-mobile-disabled=\"false\" class=\"elementor-element elementor-element-3f3a158 e-flex e-con-boxed e-con e-parent\" data-id=\"3f3a158\" data-element_type=\"container\" data-e-type=\"container\">\n\t\t\t\t\t<div class=\"e-con-inner\">\n\t\t\t\t<div class=\"elementor-element elementor-element-639cc9c elementor-widget elementor-widget-html\" data-id=\"639cc9c\" data-element_type=\"widget\" data-e-type=\"widget\" data-widget_type=\"html.default\">\n\t\t\t\t\t<iframe width=\"560\" height=\"415\" src=\"https:\/\/www.youtube.com\/embed\/WePDF4Ct1fQ?si=hjU-4zeDATTo9EK2\" title=\"YouTube video player\" frameborder=\"0\" allow=\"accelerometer; autoplay; clipboard-write; encrypted-media; gyroscope; picture-in-picture; web-share\" referrerpolicy=\"strict-origin-when-cross-origin\" allowfullscreen><\/iframe>\t\t\t\t<\/div>\n\t\t\t\t\t<\/div>\n\t\t\t\t<\/div>\n\t\t<div data-particle_enable=\"false\" data-particle-mobile-disabled=\"false\" class=\"elementor-element elementor-element-513c13d e-flex e-con-boxed e-con e-parent\" data-id=\"513c13d\" data-element_type=\"container\" data-e-type=\"container\">\n\t\t\t\t\t<div class=\"e-con-inner\">\n\t\t\t\t<div class=\"elementor-element elementor-element-cfc964f elementor-widget elementor-widget-heading\" data-id=\"cfc964f\" data-element_type=\"widget\" data-e-type=\"widget\" data-widget_type=\"heading.default\">\n\t\t\t\t\t<h3 class=\"elementor-heading-title elementor-size-default\">Las oportunidades se cazan, afirma<\/h3>\t\t\t\t<\/div>\n\t\t\t\t\t<\/div>\n\t\t\t\t<\/div>\n\t\t<div data-particle_enable=\"false\" data-particle-mobile-disabled=\"false\" class=\"elementor-element elementor-element-848fcaa e-flex e-con-boxed e-con e-parent\" data-id=\"848fcaa\" data-element_type=\"container\" data-e-type=\"container\">\n\t\t\t\t\t<div class=\"e-con-inner\">\n\t\t\t\t<div class=\"elementor-element elementor-element-7f89e2e elementor-widget elementor-widget-text-editor\" data-id=\"7f89e2e\" data-element_type=\"widget\" data-e-type=\"widget\" data-widget_type=\"text-editor.default\">\n\t\t\t\t\t\t\t\t\t<p>Su carrera tambi\u00e9n es un ejemplo de constancia. \u201cNo se trata de esperar las oportunidades, sino de salir a cazarlas\u201d, ha dicho Cort\u00e9s, consciente de los retos que implica sostener una trayectoria independiente en un g\u00e9nero exigente.<\/p><p>Con m\u00e1s de dos d\u00e9cadas de trayectoria, Eva Cort\u00e9s ha logrado algo que pocos artistas latinoamericanos han conseguido: convertir su voz en un puente entre culturas. Su m\u00fasica es jazz, s\u00ed, pero tambi\u00e9n ra\u00edz, viaje, emoci\u00f3n. Es la historia de una mujer que transform\u00f3 la nostalgia de la distancia en un canto universal.<\/p>\t\t\t\t\t\t\t\t<\/div>\n\t\t\t\t\t<\/div>\n\t\t\t\t<\/div>\n\t\t<div data-particle_enable=\"false\" data-particle-mobile-disabled=\"false\" class=\"elementor-element elementor-element-58fdc49 e-flex e-con-boxed e-con e-parent\" data-id=\"58fdc49\" data-element_type=\"container\" data-e-type=\"container\">\n\t\t\t\t\t<div class=\"e-con-inner\">\n\t\t\t\t<div class=\"elementor-element elementor-element-976a6d0 elementor-widget elementor-widget-html\" data-id=\"976a6d0\" data-element_type=\"widget\" data-e-type=\"widget\" data-widget_type=\"html.default\">\n\t\t\t\t\t<iframe width=\"560\" height=\"415\" src=\"https:\/\/www.youtube.com\/embed\/C89NySf0RLQ?si=BYDbImQus_LpynY5\" title=\"YouTube video player\" frameborder=\"0\" allow=\"accelerometer; autoplay; clipboard-write; encrypted-media; gyroscope; picture-in-picture; web-share\" referrerpolicy=\"strict-origin-when-cross-origin\" allowfullscreen><\/iframe>\t\t\t\t<\/div>\n\t\t\t\t\t<\/div>\n\t\t\t\t<\/div>\n\t\t<div data-particle_enable=\"false\" data-particle-mobile-disabled=\"false\" class=\"elementor-element elementor-element-c444dd0 e-flex e-con-boxed e-con e-parent\" data-id=\"c444dd0\" data-element_type=\"container\" data-e-type=\"container\">\n\t\t\t\t\t<div class=\"e-con-inner\">\n\t\t\t\t<div class=\"elementor-element elementor-element-30efae7 elementor-widget elementor-widget-heading\" data-id=\"30efae7\" data-element_type=\"widget\" data-e-type=\"widget\" data-widget_type=\"heading.default\">\n\t\t\t\t\t<h2 class=\"elementor-heading-title elementor-size-default\">Identidades musicales diversas y sin fronteras<\/h2>\t\t\t\t<\/div>\n\t\t\t\t\t<\/div>\n\t\t\t\t<\/div>\n\t\t<div data-particle_enable=\"false\" data-particle-mobile-disabled=\"false\" class=\"elementor-element elementor-element-6ca1dd6 e-flex e-con-boxed e-con e-parent\" data-id=\"6ca1dd6\" data-element_type=\"container\" data-e-type=\"container\">\n\t\t\t\t\t<div class=\"e-con-inner\">\n\t\t\t\t<div class=\"elementor-element elementor-element-0d453e5 elementor-grid-eael-col-3 elementor-grid-tablet-eael-col-2 elementor-grid-mobile-eael-col-1 elementor-widget elementor-widget-eael-post-grid\" data-id=\"0d453e5\" data-element_type=\"widget\" data-e-type=\"widget\" data-settings=\"{&quot;eael_post_grid_columns&quot;:&quot;eael-col-3&quot;,&quot;eael_post_grid_columns_tablet&quot;:&quot;eael-col-2&quot;,&quot;eael_post_grid_columns_mobile&quot;:&quot;eael-col-1&quot;}\" data-widget_type=\"eael-post-grid.default\">\n\t\t\t\t\t<div id=\"eael-post-grid-0d453e5\" class=\"eael-post-grid-container\">\n            <div class=\"eael-post-grid eael-post-appender eael-post-appender-0d453e5 eael-post-grid-style-one\" data-layout-mode=\"masonry\"><article class=\"eael-grid-post  eael-post-grid-column eael-pg-post-7356 category-guate-nuestra\" data-id=\"7356\">\n        <div class=\"eael-grid-post-holder\">\n            <div class=\"eael-grid-post-holder-inner\"><div class=\"eael-entry-media\"><div class=\"eael-entry-overlay fade-in\"><i class=\"far fa-hand-pointer\" aria-hidden=\"true\"><\/i><a href=\"https:\/\/soymigrante.com\/revista\/sara-curruchich-los-migrantes-se-van-buscando-una-vida-mas-digna-por-eso-hay-que-reconocerlos\/\"><\/a><\/div><div class=\"eael-entry-thumbnail eael-image-ratio\">\n                <img fetchpriority=\"high\" decoding=\"async\" width=\"465\" height=\"465\" src=\"https:\/\/soymigrante.com\/revista\/wp-content\/uploads\/2024\/07\/sara-curruchich-cantautora-maya.webp\" class=\"attachment-large size-large wp-image-7386\" alt=\"Mujer ind\u00edgena sonriendo en un campo de ma\u00edz, vestida con ropa tradicional colorida y accesorios culturales, disfrutando de la naturaleza y la cultura en un entorno rural de Latinoam\u00e9rica.\" srcset=\"https:\/\/soymigrante.com\/revista\/wp-content\/uploads\/2024\/07\/sara-curruchich-cantautora-maya.webp 465w, https:\/\/soymigrante.com\/revista\/wp-content\/uploads\/2024\/07\/sara-curruchich-cantautora-maya-300x300.webp 300w, https:\/\/soymigrante.com\/revista\/wp-content\/uploads\/2024\/07\/sara-curruchich-cantautora-maya-150x150.webp 150w, https:\/\/soymigrante.com\/revista\/wp-content\/uploads\/2024\/07\/sara-curruchich-cantautora-maya-75x75.webp 75w\" sizes=\"(max-width: 465px) 100vw, 465px\" \/>\n            <\/div>\n        <\/div><div class=\"eael-entry-wrapper\"><header class=\"eael-entry-header\"><h2 class=\"eael-entry-title\"><a class=\"eael-grid-post-link\" href=\"https:\/\/soymigrante.com\/revista\/sara-curruchich-los-migrantes-se-van-buscando-una-vida-mas-digna-por-eso-hay-que-reconocerlos\/\" title=\"Sara Curruchich: \u201cLos migrantes se van, buscando una vida m\u00e1s digna, por eso hay que reconocerlos\u201d\">Sara Curruchich: \u201cLos migrantes se van, buscando una vida m\u00e1s digna, por eso hay que reconocerlos\u201d<\/a><\/h2><\/header><div class=\"eael-entry-content\">\n                        <div class=\"eael-grid-post-excerpt\"><a href=\"https:\/\/soymigrante.com\/revista\/sara-curruchich-los-migrantes-se-van-buscando-una-vida-mas-digna-por-eso-hay-que-reconocerlos\/\" class=\"eael-post-elements-readmore-btn\">CONOCE SU HISTORIA <\/a><\/div>\n                    <\/div><\/div><\/div>\n        <\/div>\n    <\/article><article class=\"eael-grid-post  eael-post-grid-column eael-pg-post-5234 category-estamos-unidos tags-dia-internacional-de-la-mujer\" data-id=\"5234\">\n        <div class=\"eael-grid-post-holder\">\n            <div class=\"eael-grid-post-holder-inner\"><div class=\"eael-entry-media\"><div class=\"eael-entry-overlay fade-in\"><i class=\"far fa-hand-pointer\" aria-hidden=\"true\"><\/i><a href=\"https:\/\/soymigrante.com\/revista\/cantautora-maya-gira-estados-unidos-migrantes\/\"><\/a><\/div><div class=\"eael-entry-thumbnail eael-image-ratio\">\n                <img decoding=\"async\" width=\"1024\" height=\"1024\" src=\"https:\/\/soymigrante.com\/revista\/wp-content\/uploads\/2024\/03\/BANNER-Chumilkaj-Curruchiche-Nicho-3-1024x1024.webp\" class=\"attachment-large size-large wp-image-5235\" alt=\"Cantautora Ch&#039;umilkaj Nicho reivindica con su m\u00fasica el idioma kaqchikel el cual se habla en varios pobladores de departamentos del centro de Guatemala.\" srcset=\"https:\/\/soymigrante.com\/revista\/wp-content\/uploads\/2024\/03\/BANNER-Chumilkaj-Curruchiche-Nicho-3-1024x1024.webp 1024w, https:\/\/soymigrante.com\/revista\/wp-content\/uploads\/2024\/03\/BANNER-Chumilkaj-Curruchiche-Nicho-3-300x300.webp 300w, https:\/\/soymigrante.com\/revista\/wp-content\/uploads\/2024\/03\/BANNER-Chumilkaj-Curruchiche-Nicho-3-150x150.webp 150w, https:\/\/soymigrante.com\/revista\/wp-content\/uploads\/2024\/03\/BANNER-Chumilkaj-Curruchiche-Nicho-3-768x768.webp 768w, https:\/\/soymigrante.com\/revista\/wp-content\/uploads\/2024\/03\/BANNER-Chumilkaj-Curruchiche-Nicho-3-75x75.webp 75w, https:\/\/soymigrante.com\/revista\/wp-content\/uploads\/2024\/03\/BANNER-Chumilkaj-Curruchiche-Nicho-3-750x750.webp 750w, https:\/\/soymigrante.com\/revista\/wp-content\/uploads\/2024\/03\/BANNER-Chumilkaj-Curruchiche-Nicho-3-1140x1140.webp 1140w, https:\/\/soymigrante.com\/revista\/wp-content\/uploads\/2024\/03\/BANNER-Chumilkaj-Curruchiche-Nicho-3-600x600.webp 600w, https:\/\/soymigrante.com\/revista\/wp-content\/uploads\/2024\/03\/BANNER-Chumilkaj-Curruchiche-Nicho-3.webp 1221w\" sizes=\"(max-width: 1024px) 100vw, 1024px\" \/>\n            <\/div>\n        <\/div><div class=\"eael-entry-wrapper\"><header class=\"eael-entry-header\"><h2 class=\"eael-entry-title\"><a class=\"eael-grid-post-link\" href=\"https:\/\/soymigrante.com\/revista\/cantautora-maya-gira-estados-unidos-migrantes\/\" title=\"Artista maya Ch&#8217;umilkaj Nicho le canta a las migrantes en gira por EE.UU.\">Artista maya Ch&#8217;umilkaj Nicho le canta a las migrantes en gira por EE.UU.<\/a><\/h2><\/header><div class=\"eael-entry-content\">\n                        <div class=\"eael-grid-post-excerpt\"><a href=\"https:\/\/soymigrante.com\/revista\/cantautora-maya-gira-estados-unidos-migrantes\/\" class=\"eael-post-elements-readmore-btn\">CONOCE SU HISTORIA <\/a><\/div>\n                    <\/div><\/div><\/div>\n        <\/div>\n    <\/article><article class=\"eael-grid-post  eael-post-grid-column eael-pg-post-3049 category-estamos-unidos\" data-id=\"3049\">\n        <div class=\"eael-grid-post-holder\">\n            <div class=\"eael-grid-post-holder-inner\"><div class=\"eael-entry-media\"><div class=\"eael-entry-overlay fade-in\"><i class=\"far fa-hand-pointer\" aria-hidden=\"true\"><\/i><a href=\"https:\/\/soymigrante.com\/revista\/soy-una-migrante-cantante-guatemalteca-gaby-moreno-en-la-casa-blanca\/\"><\/a><\/div><div class=\"eael-entry-thumbnail eael-image-ratio\">\n                <img decoding=\"async\" width=\"967\" height=\"713\" src=\"https:\/\/soymigrante.com\/revista\/wp-content\/uploads\/2023\/10\/GABY-CB.webp\" class=\"attachment-large size-large wp-image-3050\" alt=\"\" srcset=\"https:\/\/soymigrante.com\/revista\/wp-content\/uploads\/2023\/10\/GABY-CB.webp 967w, https:\/\/soymigrante.com\/revista\/wp-content\/uploads\/2023\/10\/GABY-CB-300x221.webp 300w, https:\/\/soymigrante.com\/revista\/wp-content\/uploads\/2023\/10\/GABY-CB-768x566.webp 768w, https:\/\/soymigrante.com\/revista\/wp-content\/uploads\/2023\/10\/GABY-CB-750x553.webp 750w\" sizes=\"(max-width: 967px) 100vw, 967px\" \/>\n            <\/div>\n        <\/div><div class=\"eael-entry-wrapper\"><header class=\"eael-entry-header\"><h2 class=\"eael-entry-title\"><a class=\"eael-grid-post-link\" href=\"https:\/\/soymigrante.com\/revista\/soy-una-migrante-cantante-guatemalteca-gaby-moreno-en-la-casa-blanca\/\" title=\"&#8220;Soy una migrante&#8221;: cantante guatemalteca Gaby Moreno en la Casa Blanca\">&#8220;Soy una migrante&#8221;: cantante guatemalteca Gaby Moreno en la Casa Blanca<\/a><\/h2><\/header><div class=\"eael-entry-content\">\n                        <div class=\"eael-grid-post-excerpt\"><a href=\"https:\/\/soymigrante.com\/revista\/soy-una-migrante-cantante-guatemalteca-gaby-moreno-en-la-casa-blanca\/\" class=\"eael-post-elements-readmore-btn\">CONOCE SU HISTORIA <\/a><\/div>\n                    <\/div><\/div><\/div>\n        <\/div>\n    <\/article><\/div>\n            <div class=\"clearfix\"><\/div>\n        <\/div>\t\t\t\t<\/div>\n\t\t\t\t\t<\/div>\n\t\t\t\t<\/div>\n\t\t\t\t<\/div>\n\t\t","protected":false},"excerpt":{"rendered":"<p>Cantautora hondure\u00f1a de jazz, nacida en 1972 en Tegucigalpa y migrante a temprana edad en Espa\u00f1a, posee una voz privilegiada y un sentimiento incre\u00edble. Y si no nos crees, esc\u00fachala. Desde los clubes de jazz en Madrid hasta escenarios de Nueva York y Par\u00eds, la cantante centroamericana Eva Cort\u00e9s ha llevado su voz y su [&hellip;]<\/p>\n","protected":false},"author":1,"featured_media":47345,"comment_status":"open","ping_status":"open","sticky":false,"template":"","format":"standard","meta":{"_acf_changed":false,"_eb_attr":"","footnotes":""},"categories":[50,276],"tags":[],"class_list":["post-47344","post","type-post","status-publish","format-standard","has-post-thumbnail","hentry","category-exitos","category-honduras"],"acf":[],"aioseo_notices":[],"aioseo_head":"\n\t\t<!-- All in One SEO Pro 4.9.6.2 - aioseo.com -->\n\t<meta name=\"description\" content=\"Cantante y compositora migrante Gaby Moreno declar\u00f3 con orgullo sus ra\u00edces guatemaltecas en gala del Mes de la Herencia Hispana, en la Casa Blanca, Washington D.C. donde abri\u00f3 su presentaci\u00f3n con Luna de Xelaj\u00fa \u201cSoy una migrante\u201d, dijo en ingl\u00e9s la cantante y compositora guatemalteca Gaby Moreno al iniciar su presentaci\u00f3n en La Casa Blanca,\" \/>\n\t<meta name=\"robots\" content=\"max-snippet:-1, max-image-preview:large, max-video-preview:-1\" \/>\n\t<meta name=\"author\" content=\"SoyMigrante.com REVISTA\"\/>\n\t<link rel=\"canonical\" href=\"https:\/\/soymigrante.com\/revista\/eva-cortes-la-voz-hondurena-de-un-jazz-sin-fronteras\/\" \/>\n\t<meta name=\"generator\" content=\"All in One SEO Pro (AIOSEO) 4.9.6.2\" \/>\n\n\t\t<link rel=\"preconnect\" href=\"https:\/\/fonts.googleapis.com\" crossorigin>\n<link rel=\"preconnect\" href=\"https:\/\/fonts.gstatic.com\" crossorigin>\n\t\t<meta property=\"og:locale\" content=\"es_ES\" \/>\n\t\t<meta property=\"og:site_name\" content=\"SoyMigrante.com REVISTA \u2013 Nuestra misi\u00f3n es reconocer y dignificar al migrante.\" \/>\n\t\t<meta property=\"og:type\" content=\"article\" \/>\n\t\t<meta property=\"og:title\" content=\"Eva Cort\u00e9s, la voz hondure\u00f1a de un jazz sin fronteras\" \/>\n\t\t<meta property=\"og:description\" content=\"Naci\u00f3 en Tegucigalpa y creaci\u00f3 en Espa\u00f1a. Eva Cort\u00e9s es una de las grandes voces del jazz contempor\u00e1neo. Su estilo vers\u00e1til, soltura y tesitura son admirables.\" \/>\n\t\t<meta property=\"og:url\" content=\"https:\/\/soymigrante.com\/revista\/eva-cortes-la-voz-hondurena-de-un-jazz-sin-fronteras\/\" \/>\n\t\t<meta property=\"og:image\" content=\"https:\/\/soymigrante.com\/revista\/wp-content\/uploads\/2025\/10\/500x500-000000-80-0-0.jpg\" \/>\n\t\t<meta property=\"og:image:secure_url\" content=\"https:\/\/soymigrante.com\/revista\/wp-content\/uploads\/2025\/10\/500x500-000000-80-0-0.jpg\" \/>\n\t\t<meta property=\"og:image:width\" content=\"500\" \/>\n\t\t<meta property=\"og:image:height\" content=\"500\" \/>\n\t\t<meta property=\"article:published_time\" content=\"2025-10-16T22:24:45+00:00\" \/>\n\t\t<meta property=\"article:modified_time\" content=\"2025-10-16T22:24:57+00:00\" \/>\n\t\t<meta property=\"article:publisher\" content=\"https:\/\/www.facebook.com\/soymigrantecom\" \/>\n\t\t<meta name=\"twitter:card\" content=\"summary_large_image\" \/>\n\t\t<meta name=\"twitter:site\" content=\"@SoyMigrante_com\" \/>\n\t\t<meta name=\"twitter:title\" content=\"Eva Cort\u00e9s, la voz hondure\u00f1a de un jazz sin fronteras\" \/>\n\t\t<meta name=\"twitter:description\" content=\"Naci\u00f3 en Tegucigalpa y creaci\u00f3 en Espa\u00f1a. Eva Cort\u00e9s es una de las grandes voces del jazz contempor\u00e1neo. Su estilo vers\u00e1til, soltura y tesitura son admirables.\" \/>\n\t\t<meta name=\"twitter:creator\" content=\"@SoyMigrante_com\" \/>\n\t\t<meta name=\"twitter:image\" content=\"https:\/\/soymigrante.com\/revista\/wp-content\/uploads\/2025\/10\/500x500-000000-80-0-0.jpg\" \/>\n\t\t<!-- All in One SEO Pro -->\r\n\t\t<title>Eva Cort\u00e9s, la voz hondure\u00f1a de un jazz sin fronteras<\/title>\n\n","aioseo_head_json":{"title":"Eva Cort\u00e9s, la voz hondure\u00f1a de un jazz sin fronteras","description":"Naci\u00f3 en Tegucigalpa y creaci\u00f3 en Espa\u00f1a. Eva Cort\u00e9s es una de las grandes voces del jazz contempor\u00e1neo. Su estilo vers\u00e1til, soltura y tesitura son admirables.","canonical_url":"https:\/\/soymigrante.com\/revista\/eva-cortes-la-voz-hondurena-de-un-jazz-sin-fronteras\/","robots":"max-snippet:-1, max-image-preview:large, max-video-preview:-1","keywords":"","webmasterTools":{"miscellaneous":"&lt;link rel=\"preconnect\" href=\"https:\/\/fonts.googleapis.com\" crossorigin&gt;\n&lt;link rel=\"preconnect\" href=\"https:\/\/fonts.gstatic.com\" crossorigin&gt;"},"schema":null,"og:locale":"es_ES","og:site_name":"SoyMigrante.com REVISTA \u2013 Nuestra misi\u00f3n es reconocer y dignificar al migrante.","og:type":"article","og:title":"Eva Cort\u00e9s, la voz hondure\u00f1a de un jazz sin fronteras","og:description":"Naci\u00f3 en Tegucigalpa y creaci\u00f3 en Espa\u00f1a. Eva Cort\u00e9s es una de las grandes voces del jazz contempor\u00e1neo. Su estilo vers\u00e1til, soltura y tesitura son admirables.","og:url":"https:\/\/soymigrante.com\/revista\/eva-cortes-la-voz-hondurena-de-un-jazz-sin-fronteras\/","og:image":"https:\/\/soymigrante.com\/revista\/wp-content\/uploads\/2025\/10\/500x500-000000-80-0-0.jpg","og:image:secure_url":"https:\/\/soymigrante.com\/revista\/wp-content\/uploads\/2025\/10\/500x500-000000-80-0-0.jpg","og:image:width":500,"og:image:height":500,"article:published_time":"2025-10-16T22:24:45+00:00","article:modified_time":"2025-10-16T22:24:57+00:00","article:publisher":"https:\/\/www.facebook.com\/soymigrantecom","twitter:card":"summary_large_image","twitter:site":"@SoyMigrante_com","twitter:title":"Eva Cort\u00e9s, la voz hondure\u00f1a de un jazz sin fronteras","twitter:description":"Naci\u00f3 en Tegucigalpa y creaci\u00f3 en Espa\u00f1a. Eva Cort\u00e9s es una de las grandes voces del jazz contempor\u00e1neo. Su estilo vers\u00e1til, soltura y tesitura son admirables.","twitter:creator":"@SoyMigrante_com","twitter:image":"https:\/\/soymigrante.com\/revista\/wp-content\/uploads\/2025\/10\/500x500-000000-80-0-0.jpg"},"aioseo_meta_data":{"post_id":"47344","title":null,"description":"Naci\u00f3 en Tegucigalpa y creaci\u00f3 en Espa\u00f1a. Eva Cort\u00e9s es una de las grandes voces del jazz contempor\u00e1neo. Su estilo vers\u00e1til, soltura y tesitura son admirables.","keywords":null,"keyphrases":{"focus":{"keyphrase":"Hondure\u00f1a","score":60,"analysis":{"keyphraseInTitle":{"score":9,"maxScore":9,"error":0},"keyphraseInDescription":{"score":3,"maxScore":9,"error":1},"keyphraseLength":{"score":9,"maxScore":9,"error":0,"length":2},"keyphraseInURL":{"score":5,"maxScore":5,"error":0},"keyphraseInIntroduction":{"score":9,"maxScore":9,"error":0},"keyphraseInSubHeadings":{"score":3,"maxScore":9,"error":1},"keyphraseInImageAlt":{"score":3,"maxScore":9,"error":1},"keywordDensity":{"score":0,"type":"low","maxScore":9,"error":1}}},"additional":[{"keyphrase":"Jazz","score":87,"analysis":{"keyphraseInDescription":{"score":9,"maxScore":9,"error":0},"keyphraseLength":{"score":9,"maxScore":9,"error":0,"length":1},"keyphraseInIntroduction":{"score":9,"maxScore":9,"error":0},"keyphraseInImageAlt":{"score":3,"maxScore":9,"error":1},"keywordDensity":{"type":"best","score":9,"maxScore":9,"error":0}}}]},"primary_term":null,"canonical_url":null,"og_title":null,"og_description":null,"og_object_type":"default","og_image_type":"default","og_image_url":null,"og_image_width":null,"og_image_height":null,"og_image_custom_url":null,"og_image_custom_fields":null,"og_video":"","og_custom_url":null,"og_article_section":null,"og_article_tags":null,"twitter_use_og":false,"twitter_card":"default","twitter_image_type":"default","twitter_image_url":null,"twitter_image_custom_url":null,"twitter_image_custom_fields":null,"twitter_title":null,"twitter_description":null,"schema":{"blockGraphs":[],"customGraphs":[],"default":{"data":{"Article":[],"Course":[],"Dataset":[],"FAQPage":[],"Movie":[],"Person":[],"Product":[],"ProductReview":[],"Car":[],"Recipe":[],"Service":[],"SoftwareApplication":[],"WebPage":[]},"graphName":"none","isEnabled":true},"graphs":[]},"schema_type":"default","schema_type_options":null,"pillar_content":false,"robots_default":true,"robots_noindex":false,"robots_noarchive":false,"robots_nosnippet":false,"robots_nofollow":false,"robots_noimageindex":false,"robots_noodp":false,"robots_notranslate":false,"robots_max_snippet":"-1","robots_max_videopreview":"-1","robots_max_imagepreview":"large","priority":null,"frequency":"default","local_seo":null,"seo_analyzer_scan_date":"2025-10-16 22:25:39","breadcrumb_settings":null,"limit_modified_date":false,"reviewed_by":"0","open_ai":null,"ai":{"faqs":[],"keyPoints":[],"titles":[],"descriptions":[],"socialPosts":{"email":[],"linkedin":[],"twitter":[],"facebook":[],"instagram":[]}},"created":"2025-10-16 21:40:53","updated":"2026-02-05 06:33:50"},"aioseo_breadcrumb":"<div class=\"aioseo-breadcrumbs\"><span class=\"aioseo-breadcrumb\">\n\t<a href=\"https:\/\/soymigrante.com\/revista\" title=\"Home\">Home<\/a>\n<\/span><span class=\"aioseo-breadcrumb-separator\">\u00bb<\/span><span class=\"aioseo-breadcrumb\">\n\t<a href=\"https:\/\/soymigrante.com\/revista\/category\/exitos\/\" title=\"\u00c9xitos\">\u00c9xitos<\/a>\n<\/span><span class=\"aioseo-breadcrumb-separator\">\u00bb<\/span><span class=\"aioseo-breadcrumb\">\n\t<a href=\"https:\/\/soymigrante.com\/revista\/category\/exitos\/honduras\/\" title=\"Honduras\">Honduras<\/a>\n<\/span><span class=\"aioseo-breadcrumb-separator\">\u00bb<\/span><span class=\"aioseo-breadcrumb\">\n\tEva Cort\u00e9s, la voz hondure\u00f1a de un jazz sin fronteras\n<\/span><\/div>","aioseo_breadcrumb_json":[{"label":"Home","link":"https:\/\/soymigrante.com\/revista"},{"label":"\u00c9xitos","link":"https:\/\/soymigrante.com\/revista\/category\/exitos\/"},{"label":"Honduras","link":"https:\/\/soymigrante.com\/revista\/category\/exitos\/honduras\/"},{"label":"Eva Cort\u00e9s, la voz hondure\u00f1a de un jazz sin fronteras","link":"https:\/\/soymigrante.com\/revista\/eva-cortes-la-voz-hondurena-de-un-jazz-sin-fronteras\/"}],"_links":{"self":[{"href":"https:\/\/soymigrante.com\/revista\/wp-json\/wp\/v2\/posts\/47344","targetHints":{"allow":["GET"]}}],"collection":[{"href":"https:\/\/soymigrante.com\/revista\/wp-json\/wp\/v2\/posts"}],"about":[{"href":"https:\/\/soymigrante.com\/revista\/wp-json\/wp\/v2\/types\/post"}],"author":[{"embeddable":true,"href":"https:\/\/soymigrante.com\/revista\/wp-json\/wp\/v2\/users\/1"}],"replies":[{"embeddable":true,"href":"https:\/\/soymigrante.com\/revista\/wp-json\/wp\/v2\/comments?post=47344"}],"version-history":[{"count":8,"href":"https:\/\/soymigrante.com\/revista\/wp-json\/wp\/v2\/posts\/47344\/revisions"}],"predecessor-version":[{"id":47354,"href":"https:\/\/soymigrante.com\/revista\/wp-json\/wp\/v2\/posts\/47344\/revisions\/47354"}],"wp:featuredmedia":[{"embeddable":true,"href":"https:\/\/soymigrante.com\/revista\/wp-json\/wp\/v2\/media\/47345"}],"wp:attachment":[{"href":"https:\/\/soymigrante.com\/revista\/wp-json\/wp\/v2\/media?parent=47344"}],"wp:term":[{"taxonomy":"category","embeddable":true,"href":"https:\/\/soymigrante.com\/revista\/wp-json\/wp\/v2\/categories?post=47344"},{"taxonomy":"post_tag","embeddable":true,"href":"https:\/\/soymigrante.com\/revista\/wp-json\/wp\/v2\/tags?post=47344"}],"curies":[{"name":"wp","href":"https:\/\/api.w.org\/{rel}","templated":true}]}}