{"id":4734,"date":"2024-02-06T16:57:21","date_gmt":"2024-02-06T22:57:21","guid":{"rendered":"https:\/\/soymigrante.com\/revista\/?p=4734"},"modified":"2024-07-31T13:53:51","modified_gmt":"2024-07-31T19:53:51","slug":"mes-del-carino-testimonios-de-amor-migrante-a-toda-prueba","status":"publish","type":"post","link":"https:\/\/soymigrante.com\/revista\/mes-del-carino-testimonios-de-amor-migrante-a-toda-prueba\/","title":{"rendered":"Mes del Cari\u00f1o: ocho testimonios de amor migrante a toda prueba"},"content":{"rendered":"\t\t<div data-elementor-type=\"wp-post\" data-elementor-id=\"4734\" class=\"elementor elementor-4734\" data-elementor-post-type=\"post\">\n\t\t\t\t\t\t<section data-particle_enable=\"false\" data-particle-mobile-disabled=\"false\" class=\"elementor-section elementor-top-section elementor-element elementor-element-bc0d381 elementor-section-boxed elementor-section-height-default elementor-section-height-default\" data-id=\"bc0d381\" data-element_type=\"section\" data-e-type=\"section\">\n\t\t\t\t\t\t<div class=\"elementor-container elementor-column-gap-default\">\n\t\t\t\t\t<div class=\"elementor-column elementor-col-100 elementor-top-column elementor-element elementor-element-d9bf52a\" data-id=\"d9bf52a\" data-element_type=\"column\" data-e-type=\"column\">\n\t\t\t<div class=\"elementor-widget-wrap elementor-element-populated\">\n\t\t\t\t\t\t<div class=\"elementor-element elementor-element-45acac6 elementor-widget elementor-widget-heading\" data-id=\"45acac6\" data-element_type=\"widget\" data-e-type=\"widget\" data-widget_type=\"heading.default\">\n\t\t\t\t\t<h2 class=\"elementor-heading-title elementor-size-default\">El amor en acci\u00f3n le da significado y fuerza a todo esfuerzo, sobre todo lejos de la tierra natal. Estas parejas guatemaltecas migrantes son testimonio vivo de cari\u00f1o, empat\u00eda y perseverancia.<\/h2>\t\t\t\t<\/div>\n\t\t\t\t\t<\/div>\n\t\t<\/div>\n\t\t\t\t\t<\/div>\n\t\t<\/section>\n\t\t\t\t<section data-particle_enable=\"false\" data-particle-mobile-disabled=\"false\" class=\"elementor-section elementor-top-section elementor-element elementor-element-637b92b elementor-section-boxed elementor-section-height-default elementor-section-height-default\" data-id=\"637b92b\" data-element_type=\"section\" data-e-type=\"section\">\n\t\t\t\t\t\t<div class=\"elementor-container elementor-column-gap-default\">\n\t\t\t\t\t<div class=\"elementor-column elementor-col-100 elementor-top-column elementor-element elementor-element-c989353\" data-id=\"c989353\" data-element_type=\"column\" data-e-type=\"column\">\n\t\t\t<div class=\"elementor-widget-wrap elementor-element-populated\">\n\t\t\t\t\t\t<div class=\"elementor-element elementor-element-c265cf3 elementor-grid-eael-col-1 elementor-grid-tablet-eael-col-2 elementor-grid-mobile-eael-col-1 elementor-widget elementor-widget-eael-post-grid\" data-id=\"c265cf3\" data-element_type=\"widget\" data-e-type=\"widget\" data-settings=\"{&quot;eael_post_grid_columns&quot;:&quot;eael-col-1&quot;,&quot;eael_post_grid_columns_tablet&quot;:&quot;eael-col-2&quot;,&quot;eael_post_grid_columns_mobile&quot;:&quot;eael-col-1&quot;}\" data-widget_type=\"eael-post-grid.default\">\n\t\t\t\t\t<div id=\"eael-post-grid-c265cf3\" class=\"eael-post-grid-container\">\n            <div class=\"eael-post-grid eael-post-appender eael-post-appender-c265cf3 eael-post-grid-style-one\" data-layout-mode=\"masonry\"><article class=\"eael-grid-post  eael-post-grid-column eael-pg-post-2600 category-exitos\" data-id=\"2600\">\n        <div class=\"eael-grid-post-holder\">\n            <div class=\"eael-grid-post-holder-inner\"><div class=\"eael-entry-media\"><div class=\"eael-entry-overlay fade-in\"><i class=\"far fa-heart\" aria-hidden=\"true\"><\/i><a href=\"https:\/\/soymigrante.com\/revista\/yezenia-y-daniel-migrantes-guatemaltecos-festejaron-25-anos-de-amor-en-su-tierra\/\"><\/a><\/div><div class=\"eael-entry-thumbnail \">\n                <img fetchpriority=\"high\" decoding=\"async\" width=\"300\" height=\"222\" src=\"https:\/\/soymigrante.com\/revista\/wp-content\/uploads\/2023\/09\/Captura-de-pantalla-2023-09-14-192432-300x222.webp\" class=\"attachment-medium size-medium wp-image-2602\" alt=\"\" srcset=\"https:\/\/soymigrante.com\/revista\/wp-content\/uploads\/2023\/09\/Captura-de-pantalla-2023-09-14-192432-300x222.webp 300w, https:\/\/soymigrante.com\/revista\/wp-content\/uploads\/2023\/09\/Captura-de-pantalla-2023-09-14-192432-1024x759.webp 1024w, https:\/\/soymigrante.com\/revista\/wp-content\/uploads\/2023\/09\/Captura-de-pantalla-2023-09-14-192432-768x569.webp 768w, https:\/\/soymigrante.com\/revista\/wp-content\/uploads\/2023\/09\/Captura-de-pantalla-2023-09-14-192432-750x556.webp 750w, https:\/\/soymigrante.com\/revista\/wp-content\/uploads\/2023\/09\/Captura-de-pantalla-2023-09-14-192432-1140x844.webp 1140w, https:\/\/soymigrante.com\/revista\/wp-content\/uploads\/2023\/09\/Captura-de-pantalla-2023-09-14-192432.webp 1192w\" sizes=\"(max-width: 300px) 100vw, 300px\" \/>\n            <\/div>\n        <\/div><div class=\"eael-entry-wrapper\"><header class=\"eael-entry-header\"><h2 class=\"eael-entry-title\"><a class=\"eael-grid-post-link\" href=\"https:\/\/soymigrante.com\/revista\/yezenia-y-daniel-migrantes-guatemaltecos-festejaron-25-anos-de-amor-en-su-tierra\/\" title=\"Migrantes guatemaltecos Yezenia y Daniel festejan en su tierra 25 a\u00f1os de amor\">Migrantes guatemaltecos Yezenia y Daniel festejan en su tierra 25 a\u00f1os de amor<\/a><\/h2><\/header><div class=\"eael-entry-content\">\n                        <div class=\"eael-grid-post-excerpt\"><p>Tras coordinar las vacaciones en sus trabajos y de los estudios de sus dos hijas en Maryland, Estados Unidos, los migrantes guatemaltecos Daniel y Yezenia celebraron sus 25 a\u00f1os de matrimonio en Monterrico&#8230; y algunos lugares m\u00e1s de su pa\u00eds. Yezenia Mart\u00ednez de Letr\u00e1n estaba nerviosa para esta fotograf\u00eda, pero el caballito era manso y [&hellip;]<\/p><a href=\"https:\/\/soymigrante.com\/revista\/yezenia-y-daniel-migrantes-guatemaltecos-festejaron-25-anos-de-amor-en-su-tierra\/\" class=\"eael-post-elements-readmore-btn\">QUIERO SEGUIR LEYENDO<\/a><\/div>\n                    <\/div><\/div><\/div>\n        <\/div>\n    <\/article><article class=\"eael-grid-post  eael-post-grid-column eael-pg-post-2265 category-exitos\" data-id=\"2265\">\n        <div class=\"eael-grid-post-holder\">\n            <div class=\"eael-grid-post-holder-inner\"><div class=\"eael-entry-media\"><div class=\"eael-entry-overlay fade-in\"><i class=\"far fa-heart\" aria-hidden=\"true\"><\/i><a href=\"https:\/\/soymigrante.com\/revista\/elliott-morales-migrante-guatemalteco-san-francisco\/\"><\/a><\/div><div class=\"eael-entry-thumbnail \">\n                <img decoding=\"async\" width=\"300\" height=\"245\" src=\"https:\/\/soymigrante.com\/revista\/wp-content\/uploads\/2023\/08\/don-eliot-1-768x626-1-300x245.webp\" class=\"attachment-medium size-medium wp-image-2274\" alt=\"\" srcset=\"https:\/\/soymigrante.com\/revista\/wp-content\/uploads\/2023\/08\/don-eliot-1-768x626-1-300x245.webp 300w, https:\/\/soymigrante.com\/revista\/wp-content\/uploads\/2023\/08\/don-eliot-1-768x626-1-750x611.webp 750w, https:\/\/soymigrante.com\/revista\/wp-content\/uploads\/2023\/08\/don-eliot-1-768x626-1.webp 768w\" sizes=\"(max-width: 300px) 100vw, 300px\" \/>\n            <\/div>\n        <\/div><div class=\"eael-entry-wrapper\"><header class=\"eael-entry-header\"><h2 class=\"eael-entry-title\"><a class=\"eael-grid-post-link\" href=\"https:\/\/soymigrante.com\/revista\/elliott-morales-migrante-guatemalteco-san-francisco\/\" title=\"La inspiradora historia de Elliot, migrante guatemalteco en California\">La inspiradora historia de Elliot, migrante guatemalteco en California<\/a><\/h2><\/header><div class=\"eael-entry-content\">\n                        <div class=\"eael-grid-post-excerpt\"><p>Perder el miedo a cruzar fronteras mentales e intentar desaf\u00edos nuevos son las claves del \u00e9xito del migrante y ejecutivo de mercadeo Elliot Jared Morales, radicado en San Francisco, California. Antes de conocer a Jennifer, Elliot era estudiante de medicina y miembro del Cuerpo de Bomberos Voluntarios de Guatemala. Elliot Jared Morales lleg\u00f3 legalmente a [&hellip;]<\/p><a href=\"https:\/\/soymigrante.com\/revista\/elliott-morales-migrante-guatemalteco-san-francisco\/\" class=\"eael-post-elements-readmore-btn\">QUIERO SEGUIR LEYENDO<\/a><\/div>\n                    <\/div><\/div><\/div>\n        <\/div>\n    <\/article><article class=\"eael-grid-post  eael-post-grid-column eael-pg-post-4528 category-exitos\" data-id=\"4528\">\n        <div class=\"eael-grid-post-holder\">\n            <div class=\"eael-grid-post-holder-inner\"><div class=\"eael-entry-media\"><div class=\"eael-entry-overlay fade-in\"><i class=\"far fa-heart\" aria-hidden=\"true\"><\/i><a href=\"https:\/\/soymigrante.com\/revista\/migrantes-guatemaltecos-jairo-y-sara-historia-de-amor-familiar-valores-solidaridad\/\"><\/a><\/div><div class=\"eael-entry-thumbnail \">\n                <img decoding=\"async\" width=\"300\" height=\"284\" src=\"https:\/\/soymigrante.com\/revista\/wp-content\/uploads\/2024\/01\/fam-2-300x284.webp\" class=\"attachment-medium size-medium wp-image-4538\" alt=\"\" srcset=\"https:\/\/soymigrante.com\/revista\/wp-content\/uploads\/2024\/01\/fam-2-300x284.webp 300w, https:\/\/soymigrante.com\/revista\/wp-content\/uploads\/2024\/01\/fam-2-768x727.webp 768w, https:\/\/soymigrante.com\/revista\/wp-content\/uploads\/2024\/01\/fam-2-750x710.webp 750w, https:\/\/soymigrante.com\/revista\/wp-content\/uploads\/2024\/01\/fam-2.webp 956w\" sizes=\"(max-width: 300px) 100vw, 300px\" \/>\n            <\/div>\n        <\/div><div class=\"eael-entry-wrapper\"><header class=\"eael-entry-header\"><h2 class=\"eael-entry-title\"><a class=\"eael-grid-post-link\" href=\"https:\/\/soymigrante.com\/revista\/migrantes-guatemaltecos-jairo-y-sara-historia-de-amor-familiar-valores-solidaridad\/\" title=\"Jairo y Sara: historia de amor, trabajo y talento migrante que vuelve a su Xela natal\">Jairo y Sara: historia de amor, trabajo y talento migrante que vuelve a su Xela natal<\/a><\/h2><\/header><div class=\"eael-entry-content\">\n                        <div class=\"eael-grid-post-excerpt\"><p>La guatemalteca Limayre Gramajo participar\u00e1 en misi\u00f3n de m\u00e9dicos estadounidenses que dar\u00e1 consultas gratuitas, en marzo 2024 en Quetzaltenango: la tierra natal de sus padres Sara y Jairo, migrantes radicados en Oklahoma. Jairo y Sara nacieron en dos municipios de Quetzaltenango, Palestina de Los Altos y Sibilia, a solo 15 kil\u00f3metros entre s\u00ed, pero no [&hellip;]<\/p><a href=\"https:\/\/soymigrante.com\/revista\/migrantes-guatemaltecos-jairo-y-sara-historia-de-amor-familiar-valores-solidaridad\/\" class=\"eael-post-elements-readmore-btn\">QUIERO SEGUIR LEYENDO<\/a><\/div>\n                    <\/div><\/div><\/div>\n        <\/div>\n    <\/article><article class=\"eael-grid-post  eael-post-grid-column eael-pg-post-3138 category-exitos\" data-id=\"3138\">\n        <div class=\"eael-grid-post-holder\">\n            <div class=\"eael-grid-post-holder-inner\"><div class=\"eael-entry-media\"><div class=\"eael-entry-overlay fade-in\"><i class=\"far fa-heart\" aria-hidden=\"true\"><\/i><a href=\"https:\/\/soymigrante.com\/revista\/helados-sin-fronteras-y-mucho-mas-logran-los-migrantes-marleny-y-elias\/\"><\/a><\/div><div class=\"eael-entry-thumbnail \">\n                <img loading=\"lazy\" decoding=\"async\" width=\"300\" height=\"210\" src=\"https:\/\/soymigrante.com\/revista\/wp-content\/uploads\/2023\/11\/HELATISO-e1698866184851-300x210.webp\" class=\"attachment-medium size-medium wp-image-3164\" alt=\"Helados migrantes Xelaj\u00fa y sus fundadores los migrantes guatemaltecos El\u00edas Rojas y Marleny P\u00e9rez.\" srcset=\"https:\/\/soymigrante.com\/revista\/wp-content\/uploads\/2023\/11\/HELATISO-e1698866184851-300x210.webp 300w, https:\/\/soymigrante.com\/revista\/wp-content\/uploads\/2023\/11\/HELATISO-e1698866184851-1024x717.webp 1024w, https:\/\/soymigrante.com\/revista\/wp-content\/uploads\/2023\/11\/HELATISO-e1698866184851-768x538.webp 768w, https:\/\/soymigrante.com\/revista\/wp-content\/uploads\/2023\/11\/HELATISO-e1698866184851-750x525.webp 750w, https:\/\/soymigrante.com\/revista\/wp-content\/uploads\/2023\/11\/HELATISO-e1698866184851.webp 1030w\" sizes=\"(max-width: 300px) 100vw, 300px\" \/>\n            <\/div>\n        <\/div><div class=\"eael-entry-wrapper\"><header class=\"eael-entry-header\"><h2 class=\"eael-entry-title\"><a class=\"eael-grid-post-link\" href=\"https:\/\/soymigrante.com\/revista\/helados-sin-fronteras-y-mucho-mas-logran-los-migrantes-marleny-y-elias\/\" title=\"Helados sin fronteras y mucho m\u00e1s logran los migrantes Marleny y El\u00edas en Virginia\">Helados sin fronteras y mucho m\u00e1s logran los migrantes Marleny y El\u00edas en Virginia<\/a><\/h2><\/header><div class=\"eael-entry-content\">\n                        <div class=\"eael-grid-post-excerpt\"><p>Los helados migrantes Xelaj\u00fa son el m\u00e1s reciente emprendimiento de Marleny y El\u00edas Rojas, guatemaltecos radicados en Virginia. Y s\u00ed, su \u00e9xito tiene un ingrediente secreto: el amor. Ya casi est\u00e1 lista la nueva fase de los helados migrantes Xelaj\u00fa: adem\u00e1s de las carretillas de madera tendr\u00e1n un carrito distribuidor con m\u00fasica de marimba. Ya [&hellip;]<\/p><a href=\"https:\/\/soymigrante.com\/revista\/helados-sin-fronteras-y-mucho-mas-logran-los-migrantes-marleny-y-elias\/\" class=\"eael-post-elements-readmore-btn\">QUIERO SEGUIR LEYENDO<\/a><\/div>\n                    <\/div><\/div><\/div>\n        <\/div>\n    <\/article><article class=\"eael-grid-post  eael-post-grid-column eael-pg-post-3908 category-exitos\" data-id=\"3908\">\n        <div class=\"eael-grid-post-holder\">\n            <div class=\"eael-grid-post-holder-inner\"><div class=\"eael-entry-media\"><div class=\"eael-entry-overlay fade-in\"><i class=\"far fa-heart\" aria-hidden=\"true\"><\/i><a href=\"https:\/\/soymigrante.com\/revista\/familia-migrante-guatemalteca-comparte-del-horno-a-la-mesa\/\"><\/a><\/div><div class=\"eael-entry-thumbnail \">\n                <img loading=\"lazy\" decoding=\"async\" width=\"300\" height=\"169\" src=\"https:\/\/soymigrante.com\/revista\/wp-content\/uploads\/2023\/12\/destacada-1-1-300x169.webp\" class=\"attachment-medium size-medium wp-image-3911\" alt=\"La familia migrante guatemalteca Cabrera S\u00e1nchez son propietarios de la panader\u00eda Quetzalpan bakery, ofrece variedad de panes artesanales y pasteles tradicionales\" srcset=\"https:\/\/soymigrante.com\/revista\/wp-content\/uploads\/2023\/12\/destacada-1-1-300x169.webp 300w, https:\/\/soymigrante.com\/revista\/wp-content\/uploads\/2023\/12\/destacada-1-1-1024x576.webp 1024w, https:\/\/soymigrante.com\/revista\/wp-content\/uploads\/2023\/12\/destacada-1-1-768x432.webp 768w, https:\/\/soymigrante.com\/revista\/wp-content\/uploads\/2023\/12\/destacada-1-1-1536x864.webp 1536w, https:\/\/soymigrante.com\/revista\/wp-content\/uploads\/2023\/12\/destacada-1-1-scaled.webp 1920w, https:\/\/soymigrante.com\/revista\/wp-content\/uploads\/2023\/12\/destacada-1-1-750x422.webp 750w, https:\/\/soymigrante.com\/revista\/wp-content\/uploads\/2023\/12\/destacada-1-1-1140x641.webp 1140w\" sizes=\"(max-width: 300px) 100vw, 300px\" \/>\n            <\/div>\n        <\/div><div class=\"eael-entry-wrapper\"><header class=\"eael-entry-header\"><h2 class=\"eael-entry-title\"><a class=\"eael-grid-post-link\" href=\"https:\/\/soymigrante.com\/revista\/familia-migrante-guatemalteca-comparte-del-horno-a-la-mesa\/\" title=\"Familia migrante guatemalteca hornea con amor en Maryland\">Familia migrante guatemalteca hornea con amor en Maryland<\/a><\/h2><\/header><div class=\"eael-entry-content\">\n                        <div class=\"eael-grid-post-excerpt\"><p>La familia migrante a Cabrera S\u00e1nchez fund\u00f3 Quetzalpan Bakery, en Maryland. Desde 2008 ofrecen una exquisita variedad de panes artesanales guatemaltecos y pasteles para toda ocasi\u00f3n. El vuelo de Quetzalpan Bakery En 2008 se desat\u00f3 una crisis mundial, conocida com\u00fanmente como la \u201cCrisis financiera global\u201d. La cual impact\u00f3 en la econom\u00eda de Estados Unidos en [&hellip;]<\/p><a href=\"https:\/\/soymigrante.com\/revista\/familia-migrante-guatemalteca-comparte-del-horno-a-la-mesa\/\" class=\"eael-post-elements-readmore-btn\">QUIERO SEGUIR LEYENDO<\/a><\/div>\n                    <\/div><\/div><\/div>\n        <\/div>\n    <\/article><article class=\"eael-grid-post  eael-post-grid-column eael-pg-post-4008 category-exitos\" data-id=\"4008\">\n        <div class=\"eael-grid-post-holder\">\n            <div class=\"eael-grid-post-holder-inner\"><div class=\"eael-entry-media\"><div class=\"eael-entry-overlay fade-in\"><i class=\"far fa-heart\" aria-hidden=\"true\"><\/i><a href=\"https:\/\/soymigrante.com\/revista\/matrimonio-migrante-marine-corps-finanzas-amor-familia-guatemalteca-finanzas\/\"><\/a><\/div><div class=\"eael-entry-thumbnail \">\n                <img loading=\"lazy\" decoding=\"async\" width=\"300\" height=\"244\" src=\"https:\/\/soymigrante.com\/revista\/wp-content\/uploads\/2023\/12\/JONATHANY-EYLI-MARINE-FOTO-e1703652746213-300x244.webp\" class=\"attachment-medium size-medium wp-image-4013\" alt=\"\" srcset=\"https:\/\/soymigrante.com\/revista\/wp-content\/uploads\/2023\/12\/JONATHANY-EYLI-MARINE-FOTO-e1703652746213-300x244.webp 300w, https:\/\/soymigrante.com\/revista\/wp-content\/uploads\/2023\/12\/JONATHANY-EYLI-MARINE-FOTO-e1703652746213-1024x835.webp 1024w, https:\/\/soymigrante.com\/revista\/wp-content\/uploads\/2023\/12\/JONATHANY-EYLI-MARINE-FOTO-e1703652746213-768x626.webp 768w, https:\/\/soymigrante.com\/revista\/wp-content\/uploads\/2023\/12\/JONATHANY-EYLI-MARINE-FOTO-e1703652746213-1536x1252.webp 1536w, https:\/\/soymigrante.com\/revista\/wp-content\/uploads\/2023\/12\/JONATHANY-EYLI-MARINE-FOTO-e1703652746213-750x611.webp 750w, https:\/\/soymigrante.com\/revista\/wp-content\/uploads\/2023\/12\/JONATHANY-EYLI-MARINE-FOTO-e1703652746213-1140x929.webp 1140w, https:\/\/soymigrante.com\/revista\/wp-content\/uploads\/2023\/12\/JONATHANY-EYLI-MARINE-FOTO-e1703652746213.webp 1920w\" sizes=\"(max-width: 300px) 100vw, 300px\" \/>\n            <\/div>\n        <\/div><div class=\"eael-entry-wrapper\"><header class=\"eael-entry-header\"><h2 class=\"eael-entry-title\"><a class=\"eael-grid-post-link\" href=\"https:\/\/soymigrante.com\/revista\/matrimonio-migrante-marine-corps-finanzas-amor-familia-guatemalteca-finanzas\/\" title=\"Eyly y Jonathan Luna: historia de amor, lucha y superaci\u00f3n migrante\">Eyly y Jonathan Luna: historia de amor, lucha y superaci\u00f3n migrante<\/a><\/h2><\/header><div class=\"eael-entry-content\">\n                        <div class=\"eael-grid-post-excerpt\"><p>Los Luna son asesores de finanzas, inversiones y fondos de retiro; Eyly es madre, esposa y emprendedora; Jonathan es marine del Ej\u00e9rcito de EE.UU.; su gran amor migrante es su mayor activo. El amor de familia es la mayor riqueza de Eyly y Jonathan, migrantes guatemaltecos que triunfan en el servicio de asesor\u00eda de las [&hellip;]<\/p><a href=\"https:\/\/soymigrante.com\/revista\/matrimonio-migrante-marine-corps-finanzas-amor-familia-guatemalteca-finanzas\/\" class=\"eael-post-elements-readmore-btn\">QUIERO SEGUIR LEYENDO<\/a><\/div>\n                    <\/div><\/div><\/div>\n        <\/div>\n    <\/article><article class=\"eael-grid-post  eael-post-grid-column eael-pg-post-1571 category-exitos tags-nueva-york\" data-id=\"1571\">\n        <div class=\"eael-grid-post-holder\">\n            <div class=\"eael-grid-post-holder-inner\"><div class=\"eael-entry-media\"><div class=\"eael-entry-overlay fade-in\"><i class=\"far fa-heart\" aria-hidden=\"true\"><\/i><a href=\"https:\/\/soymigrante.com\/revista\/esposos-migrantes-luchan-por-un-sueno-en-nueva-york\/\"><\/a><\/div><div class=\"eael-entry-thumbnail \">\n                <img loading=\"lazy\" decoding=\"async\" width=\"300\" height=\"219\" src=\"https:\/\/soymigrante.com\/revista\/wp-content\/uploads\/2023\/06\/JUAN-E-IRIS-YOJCOM-REDES-300x219.webp\" class=\"attachment-medium size-medium wp-image-1573\" alt=\"Juan e Iris Yojcom, esposos migrantes guatemaltecos en Nueva York.\" srcset=\"https:\/\/soymigrante.com\/revista\/wp-content\/uploads\/2023\/06\/JUAN-E-IRIS-YOJCOM-REDES-300x219.webp 300w, https:\/\/soymigrante.com\/revista\/wp-content\/uploads\/2023\/06\/JUAN-E-IRIS-YOJCOM-REDES-1024x746.webp 1024w, https:\/\/soymigrante.com\/revista\/wp-content\/uploads\/2023\/06\/JUAN-E-IRIS-YOJCOM-REDES-768x560.webp 768w, https:\/\/soymigrante.com\/revista\/wp-content\/uploads\/2023\/06\/JUAN-E-IRIS-YOJCOM-REDES-750x547.webp 750w, https:\/\/soymigrante.com\/revista\/wp-content\/uploads\/2023\/06\/JUAN-E-IRIS-YOJCOM-REDES.webp 1095w\" sizes=\"(max-width: 300px) 100vw, 300px\" \/>\n            <\/div>\n        <\/div><div class=\"eael-entry-wrapper\"><header class=\"eael-entry-header\"><h2 class=\"eael-entry-title\"><a class=\"eael-grid-post-link\" href=\"https:\/\/soymigrante.com\/revista\/esposos-migrantes-luchan-por-un-sueno-en-nueva-york\/\" title=\"Esposos migrantes luchan por un sue\u00f1o guatemalteco en Nueva York\">Esposos migrantes luchan por un sue\u00f1o guatemalteco en Nueva York<\/a><\/h2><\/header><div class=\"eael-entry-content\">\n                        <div class=\"eael-grid-post-excerpt\"><p>Un matrimonio migrante guatemalteco que se vio forzado a dejar su tierra por la crisis de la pandemia. Ella y \u00e9l relatan vivencias y sue\u00f1os. Juan e Iris est\u00e1n a 4 mil kil\u00f3metros de su mayor tesoro: sus hijas. Su mayor fortaleza es compartir juntos el esfuerzo migrante. Trabajan en limpieza y mantenimiento de un [&hellip;]<\/p><a href=\"https:\/\/soymigrante.com\/revista\/esposos-migrantes-luchan-por-un-sueno-en-nueva-york\/\" class=\"eael-post-elements-readmore-btn\">QUIERO SEGUIR LEYENDO<\/a><\/div>\n                    <\/div><\/div><\/div>\n        <\/div>\n    <\/article><article class=\"eael-grid-post  eael-post-grid-column eael-pg-post-3495 category-exitos\" data-id=\"3495\">\n        <div class=\"eael-grid-post-holder\">\n            <div class=\"eael-grid-post-holder-inner\"><div class=\"eael-entry-media\"><div class=\"eael-entry-overlay fade-in\"><i class=\"far fa-heart\" aria-hidden=\"true\"><\/i><a href=\"https:\/\/soymigrante.com\/revista\/en-un-dia-de-accion-de-gracias-se-conocieron-los-migrantes-carlos-y-lidia\/\"><\/a><\/div><div class=\"eael-entry-thumbnail \">\n                <img loading=\"lazy\" decoding=\"async\" width=\"300\" height=\"253\" src=\"https:\/\/soymigrante.com\/revista\/wp-content\/uploads\/2023\/11\/fam-perez-45-300x253.webp\" class=\"attachment-medium size-medium wp-image-3496\" alt=\"\" srcset=\"https:\/\/soymigrante.com\/revista\/wp-content\/uploads\/2023\/11\/fam-perez-45-300x253.webp 300w, https:\/\/soymigrante.com\/revista\/wp-content\/uploads\/2023\/11\/fam-perez-45-768x647.webp 768w, https:\/\/soymigrante.com\/revista\/wp-content\/uploads\/2023\/11\/fam-perez-45-750x632.webp 750w, https:\/\/soymigrante.com\/revista\/wp-content\/uploads\/2023\/11\/fam-perez-45.webp 991w\" sizes=\"(max-width: 300px) 100vw, 300px\" \/>\n            <\/div>\n        <\/div><div class=\"eael-entry-wrapper\"><header class=\"eael-entry-header\"><h2 class=\"eael-entry-title\"><a class=\"eael-grid-post-link\" href=\"https:\/\/soymigrante.com\/revista\/en-un-dia-de-accion-de-gracias-se-conocieron-los-migrantes-carlos-y-lidia\/\" title=\"En D\u00eda de Acci\u00f3n de Gracias se conocieron los migrantes Carlos y Lidia\">En D\u00eda de Acci\u00f3n de Gracias se conocieron los migrantes Carlos y Lidia<\/a><\/h2><\/header><div class=\"eael-entry-content\">\n                        <div class=\"eael-grid-post-excerpt\"><p>Su mayor tesoro es su amor de familia, que les motiva a trabajar, a emprender y a impulsar a sus hijas: los migrantes Carlos y Lidia, de Concepci\u00f3n Chiquirichapa, Quetzaltenango, salen adelante en Washington D.C. Comparten una alegr\u00eda inspiradora Nacieron en el mismo pueblo, Concepci\u00f3n Chiquirichapa, Quetzaltenango; hablan el mismo idioma: maya mam; alguna vez [&hellip;]<\/p><a href=\"https:\/\/soymigrante.com\/revista\/en-un-dia-de-accion-de-gracias-se-conocieron-los-migrantes-carlos-y-lidia\/\" class=\"eael-post-elements-readmore-btn\">QUIERO SEGUIR LEYENDO<\/a><\/div>\n                    <\/div><\/div><\/div>\n        <\/div>\n    <\/article><\/div>\n            <div class=\"clearfix\"><\/div>\n        <\/div>\t\t\t\t<\/div>\n\t\t\t\t\t<\/div>\n\t\t<\/div>\n\t\t\t\t\t<\/div>\n\t\t<\/section>\n\t\t\t\t<\/div>\n\t\t","protected":false},"excerpt":{"rendered":"<p>El amor en acci\u00f3n le da significado y fuerza a todo esfuerzo, sobre todo lejos de la tierra natal. Estas parejas guatemaltecas migrantes son testimonio vivo de cari\u00f1o, empat\u00eda y perseverancia. Migrantes guatemaltecos Yezenia y Daniel festejan en su tierra 25 a\u00f1os de amor Tras coordinar las vacaciones en sus trabajos y de los estudios [&hellip;]<\/p>\n","protected":false},"author":7,"featured_media":1587,"comment_status":"open","ping_status":"open","sticky":false,"template":"","format":"standard","meta":{"_acf_changed":false,"_eb_attr":"","footnotes":""},"categories":[50],"tags":[],"class_list":["post-4734","post","type-post","status-publish","format-standard","has-post-thumbnail","hentry","category-exitos"],"acf":[],"aioseo_notices":[],"aioseo_head":"\n\t\t<!-- All in One SEO Pro 4.9.6.2 - aioseo.com -->\n\t<meta name=\"description\" content=\"Su mayor tesoro es su amor de familia, que les motiva a trabajar, a emprender y a impulsar a sus hijas: los migrantes Carlos y Lidia, de Concepci\u00f3n Chiquirichapa, Quetzaltenango, salen adelante en Washington D.C. Comparten una alegr\u00eda inspiradora Nacieron en el mismo pueblo, Concepci\u00f3n Chiquirichapa, Quetzaltenango; hablan el mismo idioma: maya mam; alguna vez\" \/>\n\t<meta name=\"robots\" content=\"max-snippet:-1, max-image-preview:large, max-video-preview:-1\" \/>\n\t<meta name=\"author\" content=\"Gustavo Montenegro\"\/>\n\t<link rel=\"canonical\" href=\"https:\/\/soymigrante.com\/revista\/mes-del-carino-testimonios-de-amor-migrante-a-toda-prueba\/\" \/>\n\t<meta name=\"generator\" content=\"All in One SEO Pro (AIOSEO) 4.9.6.2\" \/>\n\n\t\t<link rel=\"preconnect\" href=\"https:\/\/fonts.googleapis.com\" crossorigin>\n<link rel=\"preconnect\" href=\"https:\/\/fonts.gstatic.com\" crossorigin>\n\t\t<meta property=\"og:locale\" content=\"es_ES\" \/>\n\t\t<meta property=\"og:site_name\" content=\"SoyMigrante.com REVISTA \u2013 Nuestra misi\u00f3n es reconocer y dignificar al migrante.\" \/>\n\t\t<meta property=\"og:type\" content=\"article\" \/>\n\t\t<meta property=\"og:title\" content=\"Mes del Cari\u00f1o: ocho testimonios de amor migrante a toda prueba\" \/>\n\t\t<meta property=\"og:description\" content=\"El amor en acci\u00f3n le da significado y fuerza a todo esfuerzo, sobre todo lejos de la tierra natal. Estas parejas guatemaltecas migrantes son testimonio vivo de cari\u00f1o, empat\u00eda y perseverancia. Migrantes guatemaltecos Yezenia y Daniel festejan en su tierra 25 a\u00f1os de amor Tras coordinar las vacaciones en sus trabajos y de los estudios\" \/>\n\t\t<meta property=\"og:url\" content=\"https:\/\/soymigrante.com\/revista\/mes-del-carino-testimonios-de-amor-migrante-a-toda-prueba\/\" \/>\n\t\t<meta property=\"og:image\" content=\"https:\/\/soymigrante.com\/revista\/wp-content\/uploads\/2023\/06\/Esposos-Juan-e-Iris-Yojcom-migrantes-guatemaltecos-en-Nueva-York-6-1-e1687533396555.webp\" \/>\n\t\t<meta property=\"og:image:secure_url\" content=\"https:\/\/soymigrante.com\/revista\/wp-content\/uploads\/2023\/06\/Esposos-Juan-e-Iris-Yojcom-migrantes-guatemaltecos-en-Nueva-York-6-1-e1687533396555.webp\" \/>\n\t\t<meta property=\"og:image:width\" content=\"1920\" \/>\n\t\t<meta property=\"og:image:height\" content=\"1440\" \/>\n\t\t<meta property=\"article:published_time\" content=\"2024-02-06T22:57:21+00:00\" \/>\n\t\t<meta property=\"article:modified_time\" content=\"2024-07-31T19:53:51+00:00\" \/>\n\t\t<meta property=\"article:publisher\" content=\"https:\/\/www.facebook.com\/soymigrantecom\" \/>\n\t\t<meta name=\"twitter:card\" content=\"summary_large_image\" \/>\n\t\t<meta name=\"twitter:site\" content=\"@SoyMigrante_com\" \/>\n\t\t<meta name=\"twitter:title\" content=\"Mes del Cari\u00f1o: ocho testimonios de amor migrante a toda prueba\" \/>\n\t\t<meta name=\"twitter:description\" content=\"El amor en acci\u00f3n le da significado y fuerza a todo esfuerzo, sobre todo lejos de la tierra natal. Estas parejas guatemaltecas migrantes son testimonio vivo de cari\u00f1o, empat\u00eda y perseverancia. Migrantes guatemaltecos Yezenia y Daniel festejan en su tierra 25 a\u00f1os de amor Tras coordinar las vacaciones en sus trabajos y de los estudios\" \/>\n\t\t<meta name=\"twitter:creator\" content=\"@SoyMigrante_com\" \/>\n\t\t<meta name=\"twitter:image\" content=\"https:\/\/soymigrante.com\/revista\/wp-content\/uploads\/2023\/06\/Esposos-Juan-e-Iris-Yojcom-migrantes-guatemaltecos-en-Nueva-York-6-1-e1687533396555.webp\" \/>\n\t\t<!-- All in One SEO Pro -->\r\n\t\t<title>Mes del Cari\u00f1o: ocho testimonios de amor migrante a toda prueba<\/title>\n\n","aioseo_head_json":{"title":"Mes del Cari\u00f1o: ocho testimonios de amor migrante a toda prueba","description":"El amor en acci\u00f3n le da significado y fuerza a todo esfuerzo, sobre todo lejos de la tierra natal. Estas parejas guatemaltecas migrantes son testimonio vivo de cari\u00f1o, empat\u00eda y perseverancia. Migrantes guatemaltecos Yezenia y Daniel festejan en su tierra 25 a\u00f1os de amor Tras coordinar las vacaciones en sus trabajos y de los estudios","canonical_url":"https:\/\/soymigrante.com\/revista\/mes-del-carino-testimonios-de-amor-migrante-a-toda-prueba\/","robots":"max-snippet:-1, max-image-preview:large, max-video-preview:-1","keywords":"","webmasterTools":{"miscellaneous":"&lt;link rel=\"preconnect\" href=\"https:\/\/fonts.googleapis.com\" crossorigin&gt;\n&lt;link rel=\"preconnect\" href=\"https:\/\/fonts.gstatic.com\" crossorigin&gt;"},"schema":null,"og:locale":"es_ES","og:site_name":"SoyMigrante.com REVISTA \u2013 Nuestra misi\u00f3n es reconocer y dignificar al migrante.","og:type":"article","og:title":"Mes del Cari\u00f1o: ocho testimonios de amor migrante a toda prueba","og:description":"El amor en acci\u00f3n le da significado y fuerza a todo esfuerzo, sobre todo lejos de la tierra natal. Estas parejas guatemaltecas migrantes son testimonio vivo de cari\u00f1o, empat\u00eda y perseverancia. Migrantes guatemaltecos Yezenia y Daniel festejan en su tierra 25 a\u00f1os de amor Tras coordinar las vacaciones en sus trabajos y de los estudios","og:url":"https:\/\/soymigrante.com\/revista\/mes-del-carino-testimonios-de-amor-migrante-a-toda-prueba\/","og:image":"https:\/\/soymigrante.com\/revista\/wp-content\/uploads\/2023\/06\/Esposos-Juan-e-Iris-Yojcom-migrantes-guatemaltecos-en-Nueva-York-6-1-e1687533396555.webp","og:image:secure_url":"https:\/\/soymigrante.com\/revista\/wp-content\/uploads\/2023\/06\/Esposos-Juan-e-Iris-Yojcom-migrantes-guatemaltecos-en-Nueva-York-6-1-e1687533396555.webp","og:image:width":1920,"og:image:height":1440,"article:published_time":"2024-02-06T22:57:21+00:00","article:modified_time":"2024-07-31T19:53:51+00:00","article:publisher":"https:\/\/www.facebook.com\/soymigrantecom","twitter:card":"summary_large_image","twitter:site":"@SoyMigrante_com","twitter:title":"Mes del Cari\u00f1o: ocho testimonios de amor migrante a toda prueba","twitter:description":"El amor en acci\u00f3n le da significado y fuerza a todo esfuerzo, sobre todo lejos de la tierra natal. Estas parejas guatemaltecas migrantes son testimonio vivo de cari\u00f1o, empat\u00eda y perseverancia. Migrantes guatemaltecos Yezenia y Daniel festejan en su tierra 25 a\u00f1os de amor Tras coordinar las vacaciones en sus trabajos y de los estudios","twitter:creator":"@SoyMigrante_com","twitter:image":"https:\/\/soymigrante.com\/revista\/wp-content\/uploads\/2023\/06\/Esposos-Juan-e-Iris-Yojcom-migrantes-guatemaltecos-en-Nueva-York-6-1-e1687533396555.webp"},"aioseo_meta_data":{"post_id":"4734","title":null,"description":null,"keywords":[],"keyphrases":{"focus":{"keyphrase":"Migrante","score":69,"analysis":{"keyphraseInTitle":{"score":9,"maxScore":9,"error":0},"keyphraseInDescription":{"score":9,"maxScore":9,"error":0},"keyphraseLength":{"score":9,"maxScore":9,"error":0,"length":1},"keyphraseInURL":{"score":5,"maxScore":5,"error":0},"keyphraseInIntroduction":{"score":3,"maxScore":9,"error":1},"keyphraseInSubHeadings":{"score":3,"maxScore":9,"error":1},"keyphraseInImageAlt":{"score":9,"maxScore":9,"error":0},"keywordDensity":{"type":"high","score":0,"maxScore":9,"error":1}}},"additional":[]},"primary_term":null,"canonical_url":null,"og_title":null,"og_description":null,"og_object_type":"default","og_image_type":"default","og_image_url":null,"og_image_width":null,"og_image_height":null,"og_image_custom_url":null,"og_image_custom_fields":null,"og_video":"","og_custom_url":null,"og_article_section":null,"og_article_tags":[],"twitter_use_og":false,"twitter_card":"default","twitter_image_type":"default","twitter_image_url":null,"twitter_image_custom_url":null,"twitter_image_custom_fields":null,"twitter_title":null,"twitter_description":null,"schema":{"blockGraphs":[],"customGraphs":[],"default":{"data":{"Article":[],"Course":[],"Dataset":[],"FAQPage":[],"Movie":[],"Person":[],"Product":[],"ProductReview":[],"Car":[],"Recipe":[],"Service":[],"SoftwareApplication":[],"WebPage":[]},"graphName":"BlogPosting","isEnabled":true},"graphs":[]},"schema_type":"default","schema_type_options":null,"pillar_content":false,"robots_default":true,"robots_noindex":false,"robots_noarchive":false,"robots_nosnippet":false,"robots_nofollow":false,"robots_noimageindex":false,"robots_noodp":false,"robots_notranslate":false,"robots_max_snippet":"-1","robots_max_videopreview":"-1","robots_max_imagepreview":"large","priority":null,"frequency":"default","local_seo":null,"seo_analyzer_scan_date":"2025-10-08 21:06:46","breadcrumb_settings":null,"limit_modified_date":false,"reviewed_by":null,"open_ai":null,"ai":null,"created":"2024-02-06 22:11:10","updated":"2026-02-04 10:47:54"},"aioseo_breadcrumb":"<div class=\"aioseo-breadcrumbs\"><span class=\"aioseo-breadcrumb\">\n\t<a href=\"https:\/\/soymigrante.com\/revista\" title=\"Home\">Home<\/a>\n<\/span><span class=\"aioseo-breadcrumb-separator\">\u00bb<\/span><span class=\"aioseo-breadcrumb\">\n\t<a href=\"https:\/\/soymigrante.com\/revista\/category\/exitos\/\" title=\"\u00c9xitos\">\u00c9xitos<\/a>\n<\/span><span class=\"aioseo-breadcrumb-separator\">\u00bb<\/span><span class=\"aioseo-breadcrumb\">\n\tMes del Cari\u00f1o: ocho testimonios de amor migrante a toda prueba\n<\/span><\/div>","aioseo_breadcrumb_json":[{"label":"Home","link":"https:\/\/soymigrante.com\/revista"},{"label":"\u00c9xitos","link":"https:\/\/soymigrante.com\/revista\/category\/exitos\/"},{"label":"Mes del Cari\u00f1o: ocho testimonios de amor migrante a toda prueba","link":"https:\/\/soymigrante.com\/revista\/mes-del-carino-testimonios-de-amor-migrante-a-toda-prueba\/"}],"_links":{"self":[{"href":"https:\/\/soymigrante.com\/revista\/wp-json\/wp\/v2\/posts\/4734","targetHints":{"allow":["GET"]}}],"collection":[{"href":"https:\/\/soymigrante.com\/revista\/wp-json\/wp\/v2\/posts"}],"about":[{"href":"https:\/\/soymigrante.com\/revista\/wp-json\/wp\/v2\/types\/post"}],"author":[{"embeddable":true,"href":"https:\/\/soymigrante.com\/revista\/wp-json\/wp\/v2\/users\/7"}],"replies":[{"embeddable":true,"href":"https:\/\/soymigrante.com\/revista\/wp-json\/wp\/v2\/comments?post=4734"}],"version-history":[{"count":0,"href":"https:\/\/soymigrante.com\/revista\/wp-json\/wp\/v2\/posts\/4734\/revisions"}],"wp:featuredmedia":[{"embeddable":true,"href":"https:\/\/soymigrante.com\/revista\/wp-json\/wp\/v2\/media\/1587"}],"wp:attachment":[{"href":"https:\/\/soymigrante.com\/revista\/wp-json\/wp\/v2\/media?parent=4734"}],"wp:term":[{"taxonomy":"category","embeddable":true,"href":"https:\/\/soymigrante.com\/revista\/wp-json\/wp\/v2\/categories?post=4734"},{"taxonomy":"post_tag","embeddable":true,"href":"https:\/\/soymigrante.com\/revista\/wp-json\/wp\/v2\/tags?post=4734"}],"curies":[{"name":"wp","href":"https:\/\/api.w.org\/{rel}","templated":true}]}}