{"id":47331,"date":"2025-10-16T11:38:01","date_gmt":"2025-10-16T17:38:01","guid":{"rendered":"https:\/\/soymigrante.com\/revista\/?p=47331"},"modified":"2025-10-16T11:44:55","modified_gmt":"2025-10-16T17:44:55","slug":"estudio-llama-a-buscar-una-verdadera-politica-migratoria-en-usa-y-no-solo-un-teatro","status":"publish","type":"post","link":"https:\/\/soymigrante.com\/revista\/estudio-llama-a-buscar-una-verdadera-politica-migratoria-en-usa-y-no-solo-un-teatro\/","title":{"rendered":"Estudio llama a buscar una verdadera pol\u00edtica migratoria en USA y no solo un &#8220;teatro&#8221;"},"content":{"rendered":"\t\t<div data-elementor-type=\"wp-post\" data-elementor-id=\"47331\" class=\"elementor elementor-47331\" data-elementor-post-type=\"post\">\n\t\t\t\t<div data-particle_enable=\"false\" data-particle-mobile-disabled=\"false\" class=\"elementor-element elementor-element-988f10a e-flex e-con-boxed e-con e-parent\" data-id=\"988f10a\" data-element_type=\"container\" data-e-type=\"container\">\n\t\t\t\t\t<div class=\"e-con-inner\">\n\t\t\t\t<div class=\"elementor-element elementor-element-1863eb9 elementor-widget elementor-widget-heading\" data-id=\"1863eb9\" data-element_type=\"widget\" data-e-type=\"widget\" data-widget_type=\"heading.default\">\n\t\t\t\t\t<h2 class=\"elementor-heading-title elementor-size-default\">Art\u00edculo \"Sentido com\u00fan en tiempos de teatros\", de la organizaci\u00f3n Negative Growth Population  expone razones para buscar una reforma migratoria funcional en Estados Unidos y dejar atr\u00e1s las actuales pol\u00edticas que son insuficientes.<\/h2>\t\t\t\t<\/div>\n\t\t\t\t\t<\/div>\n\t\t\t\t<\/div>\n\t\t<div data-particle_enable=\"false\" data-particle-mobile-disabled=\"false\" class=\"elementor-element elementor-element-281d9f3 e-flex e-con-boxed e-con e-parent\" data-id=\"281d9f3\" data-element_type=\"container\" data-e-type=\"container\">\n\t\t\t\t\t<div class=\"e-con-inner\">\n\t\t\t\t<div class=\"elementor-element elementor-element-4bff4ea elementor-widget elementor-widget-text-editor\" data-id=\"4bff4ea\" data-element_type=\"widget\" data-e-type=\"widget\" data-widget_type=\"text-editor.default\">\n\t\t\t\t\t\t\t\t\t<p data-start=\"346\" data-end=\"879\">En su m\u00e1s reciente publicaci\u00f3n de la serie <em data-start=\"389\" data-end=\"403\">Forum Papers<\/em>, la organizaci\u00f3n estadounidense <span data-start=\"436\" data-end=\"472\">NPG (Negative Population Growth)<\/span> difundi\u00f3 el an\u00e1lisis titulado <em data-start=\"503\" data-end=\"561\">\u201cCommon Sense Immigration Policy in an Era of Theatrics\u201d<\/em>, elaborado por el alista <span data-start=\"602\" data-end=\"629\">Dr. Nathanial Gronewold<\/span>, especialista en temas de energ\u00eda, medioambiente y pol\u00edtica p\u00fablica.\u00a0<\/p><p data-start=\"346\" data-end=\"879\">En su trabajo, Gronewold plantea que el debate <a href=\"https:\/\/soymigrante.com\/revista\/migracion-jovenes-guatemaltecos-falta-oportunidades-necesitamos-desarrollo\/\">migratorio<\/a> en Estados Unidos ha ca\u00eddo en una din\u00e1mica teatral que obstaculiza la formulaci\u00f3n de pol\u00edticas racionales y sostenibles. El autor destaca que la excesiva permisividad durante el gobierno de Joe Biden y el abordaje de choque del gobierno de Donald Trump no han solucionado nada. Se necesita de una estrategia migratoria inteligente, integral y pensada en una visi\u00f3n de futuro para Estados Unidos.<\/p>\t\t\t\t\t\t\t\t<\/div>\n\t\t\t\t\t<\/div>\n\t\t\t\t<\/div>\n\t\t<div data-particle_enable=\"false\" data-particle-mobile-disabled=\"false\" class=\"elementor-element elementor-element-1edf318 e-flex e-con-boxed e-con e-parent\" data-id=\"1edf318\" data-element_type=\"container\" data-e-type=\"container\">\n\t\t\t\t\t<div class=\"e-con-inner\">\n\t\t\t\t<div class=\"elementor-element elementor-element-55ba29c elementor-grid-eael-col-1 elementor-grid-tablet-eael-col-2 elementor-grid-mobile-eael-col-1 elementor-widget elementor-widget-eael-post-grid\" data-id=\"55ba29c\" data-element_type=\"widget\" data-e-type=\"widget\" data-settings=\"{&quot;eael_post_grid_columns&quot;:&quot;eael-col-1&quot;,&quot;eael_post_grid_columns_tablet&quot;:&quot;eael-col-2&quot;,&quot;eael_post_grid_columns_mobile&quot;:&quot;eael-col-1&quot;}\" data-widget_type=\"eael-post-grid.default\">\n\t\t\t\t\t<div id=\"eael-post-grid-55ba29c\" class=\"eael-post-grid-container\">\n            <div class=\"eael-post-grid eael-post-appender eael-post-appender-55ba29c eael-post-grid-style-one\" data-layout-mode=\"masonry\"><article class=\"eael-grid-post  eael-post-grid-column eael-pg-post-47263 category-noticias\" data-id=\"47263\">\n        <div class=\"eael-grid-post-holder\">\n            <div class=\"eael-grid-post-holder-inner\"><div class=\"eael-entry-media\"><div class=\"eael-entry-overlay fade-in\"><i class=\"far fa-hand-pointer\" aria-hidden=\"true\"><\/i><a href=\"https:\/\/soymigrante.com\/revista\/caen-a-minimos-historicos-detenciones-en-la-frontera-sur-de-estados-unidos\/\"><\/a><\/div><div class=\"eael-entry-thumbnail eael-image-ratio\">\n                <img fetchpriority=\"high\" decoding=\"async\" width=\"1024\" height=\"1024\" src=\"https:\/\/soymigrante.com\/revista\/wp-content\/uploads\/2025\/10\/aioseo-ai-usa-mexico-border-map-wi-medium-auto-square-20251015-120230.png\" class=\"attachment-large size-large wp-image-47265\" alt=\"\" srcset=\"https:\/\/soymigrante.com\/revista\/wp-content\/uploads\/2025\/10\/aioseo-ai-usa-mexico-border-map-wi-medium-auto-square-20251015-120230.png 1024w, https:\/\/soymigrante.com\/revista\/wp-content\/uploads\/2025\/10\/aioseo-ai-usa-mexico-border-map-wi-medium-auto-square-20251015-120230-300x300.png 300w, https:\/\/soymigrante.com\/revista\/wp-content\/uploads\/2025\/10\/aioseo-ai-usa-mexico-border-map-wi-medium-auto-square-20251015-120230-150x150.png 150w, https:\/\/soymigrante.com\/revista\/wp-content\/uploads\/2025\/10\/aioseo-ai-usa-mexico-border-map-wi-medium-auto-square-20251015-120230-768x768.png 768w, https:\/\/soymigrante.com\/revista\/wp-content\/uploads\/2025\/10\/aioseo-ai-usa-mexico-border-map-wi-medium-auto-square-20251015-120230-75x75.png 75w, https:\/\/soymigrante.com\/revista\/wp-content\/uploads\/2025\/10\/aioseo-ai-usa-mexico-border-map-wi-medium-auto-square-20251015-120230-750x750.png 750w\" sizes=\"(max-width: 1024px) 100vw, 1024px\" \/>\n            <\/div>\n        <\/div><div class=\"eael-entry-wrapper\"><header class=\"eael-entry-header\"><h2 class=\"eael-entry-title\"><a class=\"eael-grid-post-link\" href=\"https:\/\/soymigrante.com\/revista\/caen-a-minimos-historicos-detenciones-en-la-frontera-sur-de-estados-unidos\/\" title=\"Caen a m\u00ednimos hist\u00f3ricos detenciones en la frontera sur de Estados Unidos\">Caen a m\u00ednimos hist\u00f3ricos detenciones en la frontera sur de Estados Unidos<\/a><\/h2><\/header><div class=\"eael-entry-content\">\n                        <div class=\"eael-grid-post-excerpt\"><a href=\"https:\/\/soymigrante.com\/revista\/caen-a-minimos-historicos-detenciones-en-la-frontera-sur-de-estados-unidos\/\" class=\"eael-post-elements-readmore-btn\">CONOCE SU HISTORIA <\/a><\/div>\n                    <\/div><\/div><\/div>\n        <\/div>\n    <\/article><\/div>\n            <div class=\"clearfix\"><\/div>\n        <\/div>\t\t\t\t<\/div>\n\t\t\t\t\t<\/div>\n\t\t\t\t<\/div>\n\t\t<div data-particle_enable=\"false\" data-particle-mobile-disabled=\"false\" class=\"elementor-element elementor-element-fc75f61 e-flex e-con-boxed e-con e-parent\" data-id=\"fc75f61\" data-element_type=\"container\" data-e-type=\"container\">\n\t\t\t\t\t<div class=\"e-con-inner\">\n\t\t\t\t<div class=\"elementor-element elementor-element-0b675fb elementor-widget elementor-widget-text-editor\" data-id=\"0b675fb\" data-element_type=\"widget\" data-e-type=\"widget\" data-widget_type=\"text-editor.default\">\n\t\t\t\t\t\t\t\t\t<p data-start=\"346\" data-end=\"879\"><span style=\"color: #000000; font-family: Mulish, sans-serif; font-size: 29px; font-weight: bold;\">El espect\u00e1culo &#8220;teatral&#8221; debe cambiar por una verdadera pol\u00edtica migratoria<\/span><\/p><p data-start=\"929\" data-end=\"1442\">Seg\u00fan Gronewold, gran parte del discurso sobre <a href=\"https:\/\/soymigrante.com\/revista\/migracion-jovenes-guatemaltecos-falta-oportunidades-necesitamos-desarrollo\/\">migraci\u00f3n<\/a> se ha transformado en un \u201cespect\u00e1culo pol\u00edtico\u201d: abundan las declaraciones grandilocuentes y los gestos simb\u00f3licos, pero faltan propuestas concretas y evaluaciones basadas en evidencia.<br data-start=\"1171\" data-end=\"1174\" \/>\u201cEl tema<a href=\"https:\/\/soymigrante.com\/revista\/temor-a-redadas-en-usa-puede-poner-en-riesgo-a-madres-y-bebes\/\"> migratorio <\/a>se ha convertido en un campo de batalla medi\u00e1tico m\u00e1s que en un asunto de pol\u00edtica p\u00fablica seria\u201d, advierte el autor en su an\u00e1lisis publicado por <a class=\"decorated-link\" href=\"https:\/\/npg.org\/library\/forum-series\/common-sense-immigration-policy-in-an-era-of-theatrics\/?utm_source=chatgpt.com\" target=\"_new\" rel=\"noopener\" data-start=\"1340\" data-end=\"1439\">NPG<\/a>.<\/p><p data-start=\"1444\" data-end=\"1856\">El texto sostiene que las posiciones extremas \u2014desde el cierre total de fronteras hasta la apertura irrestricta\u2014 responden m\u00e1s a c\u00e1lculos electorales que a un diagn\u00f3stico objetivo de las necesidades del pa\u00eds. Esa teatralidad, manifestada en <a href=\"https:\/\/soymigrante.com\/revista\/temor-a-redadas-en-usa-puede-poner-en-riesgo-a-madres-y-bebes\/\">redadas indiscriminadas que a su vez provocan rechazos,<\/a> dice, distorsiona la percepci\u00f3n p\u00fablica y alimenta la polarizaci\u00f3n, mientras las causas estructurales de la migraci\u00f3n \u2014desigualdad, violencia, cambio clim\u00e1tico\u2014 permanecen sin atender.<\/p>\t\t\t\t\t\t\t\t<\/div>\n\t\t\t\t\t<\/div>\n\t\t\t\t<\/div>\n\t\t<div data-particle_enable=\"false\" data-particle-mobile-disabled=\"false\" class=\"elementor-element elementor-element-4efec31 e-flex e-con-boxed e-con e-parent\" data-id=\"4efec31\" data-element_type=\"container\" data-e-type=\"container\">\n\t\t\t\t\t<div class=\"e-con-inner\">\n\t\t\t\t<div class=\"elementor-element elementor-element-712de73 elementor-grid-eael-col-1 elementor-grid-tablet-eael-col-2 elementor-grid-mobile-eael-col-1 elementor-widget elementor-widget-eael-post-grid\" data-id=\"712de73\" data-element_type=\"widget\" data-e-type=\"widget\" data-settings=\"{&quot;eael_post_grid_columns&quot;:&quot;eael-col-1&quot;,&quot;eael_post_grid_columns_tablet&quot;:&quot;eael-col-2&quot;,&quot;eael_post_grid_columns_mobile&quot;:&quot;eael-col-1&quot;}\" data-widget_type=\"eael-post-grid.default\">\n\t\t\t\t\t<div id=\"eael-post-grid-712de73\" class=\"eael-post-grid-container\">\n            <div class=\"eael-post-grid eael-post-appender eael-post-appender-712de73 eael-post-grid-style-one\" data-layout-mode=\"masonry\"><article class=\"eael-grid-post  eael-post-grid-column eael-pg-post-46697 category-noticias tags-remesas-migrantes\" data-id=\"46697\">\n        <div class=\"eael-grid-post-holder\">\n            <div class=\"eael-grid-post-holder-inner\"><div class=\"eael-entry-media\"><div class=\"eael-entry-overlay fade-in\"><i class=\"far fa-hand-pointer\" aria-hidden=\"true\"><\/i><a href=\"https:\/\/soymigrante.com\/revista\/migrantes-enviaron-us2106-millones-en-remesas-durante-mes-patrio-2025\/\"><\/a><\/div><div class=\"eael-entry-thumbnail eael-image-ratio\">\n                <img decoding=\"async\" width=\"522\" height=\"522\" src=\"https:\/\/soymigrante.com\/revista\/wp-content\/uploads\/2025\/10\/septiembre-remesas.png\" class=\"attachment-large size-large wp-image-46698\" alt=\"septiembre remesas\" srcset=\"https:\/\/soymigrante.com\/revista\/wp-content\/uploads\/2025\/10\/septiembre-remesas.png 522w, https:\/\/soymigrante.com\/revista\/wp-content\/uploads\/2025\/10\/septiembre-remesas-300x300.png 300w, https:\/\/soymigrante.com\/revista\/wp-content\/uploads\/2025\/10\/septiembre-remesas-150x150.png 150w, https:\/\/soymigrante.com\/revista\/wp-content\/uploads\/2025\/10\/septiembre-remesas-75x75.png 75w\" sizes=\"(max-width: 522px) 100vw, 522px\" \/>\n            <\/div>\n        <\/div><div class=\"eael-entry-wrapper\"><header class=\"eael-entry-header\"><h2 class=\"eael-entry-title\"><a class=\"eael-grid-post-link\" href=\"https:\/\/soymigrante.com\/revista\/migrantes-enviaron-us2106-millones-en-remesas-durante-mes-patrio-2025\/\" title=\"Migrantes enviaron US$2,106 millones en remesas durante septiembre 2025\">Migrantes enviaron US$2,106 millones en remesas durante septiembre 2025<\/a><\/h2><\/header><div class=\"eael-entry-content\">\n                        <div class=\"eael-grid-post-excerpt\"><a href=\"https:\/\/soymigrante.com\/revista\/migrantes-enviaron-us2106-millones-en-remesas-durante-mes-patrio-2025\/\" class=\"eael-post-elements-readmore-btn\">CONOCE SU HISTORIA <\/a><\/div>\n                    <\/div><\/div><\/div>\n        <\/div>\n    <\/article><\/div>\n            <div class=\"clearfix\"><\/div>\n        <\/div>\t\t\t\t<\/div>\n\t\t\t\t\t<\/div>\n\t\t\t\t<\/div>\n\t\t<div data-particle_enable=\"false\" data-particle-mobile-disabled=\"false\" class=\"elementor-element elementor-element-23f610f e-flex e-con-boxed e-con e-parent\" data-id=\"23f610f\" data-element_type=\"container\" data-e-type=\"container\">\n\t\t\t\t\t<div class=\"e-con-inner\">\n\t\t\t\t<div class=\"elementor-element elementor-element-2739ccd elementor-widget elementor-widget-text-editor\" data-id=\"2739ccd\" data-element_type=\"widget\" data-e-type=\"widget\" data-widget_type=\"text-editor.default\">\n\t\t\t\t\t\t\t\t\t<p data-start=\"346\" data-end=\"879\"><span style=\"color: #000000; font-family: Mulish, sans-serif; font-size: 29px; font-weight: bold;\">Plantea tres pilares de una pol\u00edtica sensata<\/span><\/p>\n<p data-start=\"1902\" data-end=\"2013\">El an\u00e1lisis de NPG identifica tres ejes esenciales para construir una pol\u00edtica migratoria de \u201csentido com\u00fan\u201d:<\/p>\n<ol data-start=\"2015\" data-end=\"2433\">\n<li data-start=\"2015\" data-end=\"2149\">\n<p data-start=\"2018\" data-end=\"2149\"><strong data-start=\"2018\" data-end=\"2040\">Rigor y evidencia.<\/strong> Las decisiones deben basarse en datos demogr\u00e1ficos, econ\u00f3micos y sociales, no en titulares o percepciones.<\/p>\n<\/li>\n<li data-start=\"2150\" data-end=\"2285\">\n<p data-start=\"2153\" data-end=\"2285\"><strong data-start=\"2153\" data-end=\"2184\">Coordinaci\u00f3n institucional.<\/strong> Es necesario que las agencias federales y estatales act\u00faen con coherencia y objetivos compartidos.<\/p>\n<\/li>\n<li data-start=\"2286\" data-end=\"2433\">\n<p data-start=\"2289\" data-end=\"2433\"><strong data-start=\"2289\" data-end=\"2330\">Equilibrio entre control y humanidad.<\/strong> La seguridad fronteriza debe complementarse con v\u00edas legales y mecanismos de integraci\u00f3n razonables.<\/p>\n<\/li>\n<\/ol>\n<h3 data-start=\"2435\" data-end=\"2472\">Obst\u00e1culos y desaf\u00edos pol\u00edticos<\/h3>\n<p data-start=\"2474\" data-end=\"2892\">Gronewold reconoce que el contexto pol\u00edtico polarizado dificulta avanzar hacia una agenda realista. Tanto la izquierda como la derecha, dice, suelen usar el <a href=\"https:\/\/soymigrante.com\/revista\/temor-a-redadas-en-usa-puede-poner-en-riesgo-a-madres-y-bebes\/\">tema migratorio como herramienta electoral,<\/a> lo que impide alcanzar consensos duraderos. Tambi\u00e9n subraya la falta de comunicaci\u00f3n transparente hacia la ciudadan\u00eda, que termina confundida entre mensajes contradictorios sobre costos y beneficios de la migraci\u00f3n.<\/p>\n<h3 data-start=\"2894\" data-end=\"2918\">M\u00e1s all\u00e1 del drama<\/h3>\n<p data-start=\"2920\" data-end=\"3220\">El autor concluye que \u201cuna <a href=\"https:\/\/soymigrante.com\/revista\/esto-dicen-expertos-de-migration-policy-sobre-politica-migrante-trump-en-100-primeros-dias\/\">pol\u00edtica migratoria con sentido com\u00fan <\/a>no es sin\u00f3nimo de debilidad, sino de responsabilidad\u201d.<br data-start=\"3039\" data-end=\"3042\">En lugar de medidas reactivas o altamente mediatizadas, propone un enfoque que combine control efectivo, respeto a los derechos humanos y una visi\u00f3n demogr\u00e1fica de largo plazo.<\/p>\n<p data-start=\"3222\" data-end=\"3482\">Gronewold, quien ha trabajado como corresponsal para <em data-start=\"3275\" data-end=\"3300\">The Wall Street Journal<\/em>, <em data-start=\"3302\" data-end=\"3323\">Scientific American<\/em> y <em data-start=\"3326\" data-end=\"3336\">E&amp;E News<\/em>, destaca que las pol\u00edticas p\u00fablicas deben volver a centrarse en la evidencia y no en la teatralidad que domina la conversaci\u00f3n pol\u00edtica actual.<\/p>\n<p data-start=\"3484\" data-end=\"3745\">El documento completo est\u00e1 disponible en el sitio oficial de NPG:<br data-start=\"3549\" data-end=\"3552\"><img decoding=\"async\" class=\"emoji\" role=\"img\" draggable=\"false\" src=\"https:\/\/s.w.org\/images\/core\/emoji\/16.0.1\/svg\/1f449.svg\" alt=\"\ud83d\udc49\"> <a class=\"decorated-link\" href=\"https:\/\/npg.org\/library\/forum-series\/common-sense-immigration-policy-in-an-era-of-theatrics\/?utm_source=chatgpt.com\" target=\"_new\" rel=\"noopener\" data-start=\"3555\" data-end=\"3743\">https:\/\/npg.org\/library\/forum-series\/common-sense-immigration-policy-in-an-era-of-theatrics\/<\/a><\/p>\t\t\t\t\t\t\t\t<\/div>\n\t\t\t\t\t<\/div>\n\t\t\t\t<\/div>\n\t\t<div data-particle_enable=\"false\" data-particle-mobile-disabled=\"false\" class=\"elementor-element elementor-element-aa3d982 e-flex e-con-boxed e-con e-parent\" data-id=\"aa3d982\" data-element_type=\"container\" data-e-type=\"container\">\n\t\t\t\t\t<div class=\"e-con-inner\">\n\t\t\t\t<div class=\"elementor-element elementor-element-39ecd18 elementor-widget elementor-widget-heading\" data-id=\"39ecd18\" data-element_type=\"widget\" data-e-type=\"widget\" data-widget_type=\"heading.default\">\n\t\t\t\t\t<h2 class=\"elementor-heading-title elementor-size-default\">Dignidad y aporte migrante guatemalteco<\/h2>\t\t\t\t<\/div>\n\t\t\t\t\t<\/div>\n\t\t\t\t<\/div>\n\t\t<div data-particle_enable=\"false\" data-particle-mobile-disabled=\"false\" class=\"elementor-element elementor-element-a177acf e-flex e-con-boxed e-con e-parent\" data-id=\"a177acf\" data-element_type=\"container\" data-e-type=\"container\">\n\t\t\t\t\t<div class=\"e-con-inner\">\n\t\t\t\t<div class=\"elementor-element elementor-element-0cb55a1 elementor-grid-eael-col-3 elementor-grid-tablet-eael-col-2 elementor-grid-mobile-eael-col-1 elementor-widget elementor-widget-eael-post-grid\" data-id=\"0cb55a1\" data-element_type=\"widget\" data-e-type=\"widget\" data-settings=\"{&quot;eael_post_grid_columns&quot;:&quot;eael-col-3&quot;,&quot;eael_post_grid_columns_tablet&quot;:&quot;eael-col-2&quot;,&quot;eael_post_grid_columns_mobile&quot;:&quot;eael-col-1&quot;}\" data-widget_type=\"eael-post-grid.default\">\n\t\t\t\t\t<div id=\"eael-post-grid-0cb55a1\" class=\"eael-post-grid-container\">\n            <div class=\"eael-post-grid eael-post-appender eael-post-appender-0cb55a1 eael-post-grid-style-one\" data-layout-mode=\"masonry\"><article class=\"eael-grid-post  eael-post-grid-column eael-pg-post-8947 category-exitos\" data-id=\"8947\">\n        <div class=\"eael-grid-post-holder\">\n            <div class=\"eael-grid-post-holder-inner\"><div class=\"eael-entry-media\"><div class=\"eael-entry-overlay fade-in\"><i class=\"far fa-hand-pointer\" aria-hidden=\"true\"><\/i><a href=\"https:\/\/soymigrante.com\/revista\/la-empresaria-francesca-kennedy-y-su-conexion-inquebrantable-con-atitlan\/\"><\/a><\/div><div class=\"eael-entry-thumbnail eael-image-ratio\">\n                <img decoding=\"async\" width=\"1024\" height=\"1024\" src=\"https:\/\/soymigrante.com\/revista\/wp-content\/uploads\/2024\/09\/ayuda-francesca-kennedy-soy-migrante-atitlan2-1-1024x1024.webp\" class=\"attachment-large size-large wp-image-8964\" alt=\"Ni\u00f1os y una mujer sonrientes en un entorno natural, promoviendo la visi\u00f3n de comunidad y bienestar en migrantes y sus familias en la revista SoyMigrante.com REVISTA.\" srcset=\"https:\/\/soymigrante.com\/revista\/wp-content\/uploads\/2024\/09\/ayuda-francesca-kennedy-soy-migrante-atitlan2-1-1024x1024.webp 1024w, https:\/\/soymigrante.com\/revista\/wp-content\/uploads\/2024\/09\/ayuda-francesca-kennedy-soy-migrante-atitlan2-1-300x300.webp 300w, https:\/\/soymigrante.com\/revista\/wp-content\/uploads\/2024\/09\/ayuda-francesca-kennedy-soy-migrante-atitlan2-1-150x150.webp 150w, https:\/\/soymigrante.com\/revista\/wp-content\/uploads\/2024\/09\/ayuda-francesca-kennedy-soy-migrante-atitlan2-1-768x768.webp 768w, https:\/\/soymigrante.com\/revista\/wp-content\/uploads\/2024\/09\/ayuda-francesca-kennedy-soy-migrante-atitlan2-1-75x75.webp 75w, https:\/\/soymigrante.com\/revista\/wp-content\/uploads\/2024\/09\/ayuda-francesca-kennedy-soy-migrante-atitlan2-1-750x750.webp 750w, https:\/\/soymigrante.com\/revista\/wp-content\/uploads\/2024\/09\/ayuda-francesca-kennedy-soy-migrante-atitlan2-1-1140x1140.jpeg 1140w, https:\/\/soymigrante.com\/revista\/wp-content\/uploads\/2024\/09\/ayuda-francesca-kennedy-soy-migrante-atitlan2-1.webp 1536w\" sizes=\"(max-width: 1024px) 100vw, 1024px\" \/>\n            <\/div>\n        <\/div><div class=\"eael-entry-wrapper\"><header class=\"eael-entry-header\"><h2 class=\"eael-entry-title\"><a class=\"eael-grid-post-link\" href=\"https:\/\/soymigrante.com\/revista\/la-empresaria-francesca-kennedy-y-su-conexion-inquebrantable-con-atitlan\/\" title=\"La empresaria Francesca Kennedy y su conexi\u00f3n inquebrantable con Atitl\u00e1n\">La empresaria Francesca Kennedy y su conexi\u00f3n inquebrantable con Atitl\u00e1n<\/a><\/h2><\/header><div class=\"eael-entry-content\">\n                        <div class=\"eael-grid-post-excerpt\"><a href=\"https:\/\/soymigrante.com\/revista\/la-empresaria-francesca-kennedy-y-su-conexion-inquebrantable-con-atitlan\/\" class=\"eael-post-elements-readmore-btn\">CONOCE SU HISTORIA <\/a><\/div>\n                    <\/div><\/div><\/div>\n        <\/div>\n    <\/article><article class=\"eael-grid-post  eael-post-grid-column eael-pg-post-9747 category-exitos\" data-id=\"9747\">\n        <div class=\"eael-grid-post-holder\">\n            <div class=\"eael-grid-post-holder-inner\"><div class=\"eael-entry-media\"><div class=\"eael-entry-overlay fade-in\"><i class=\"far fa-hand-pointer\" aria-hidden=\"true\"><\/i><a href=\"https:\/\/soymigrante.com\/revista\/pablo-pineda-un-aliado-humanitario-en-chicago-con-su-restaurante-latin-patio\/\"><\/a><\/div><div class=\"eael-entry-thumbnail eael-image-ratio\">\n                <img loading=\"lazy\" decoding=\"async\" width=\"1024\" height=\"1024\" src=\"https:\/\/soymigrante.com\/revista\/wp-content\/uploads\/2024\/09\/Pablo-Pineda-lider-comunitario-Illinois-Chicago2-1024x1024.webp\" class=\"attachment-large size-large wp-image-9796\" alt=\"Trabajador migrante feliz sonrisa positiva revistamodelmigrante.\" \/>\n            <\/div>\n        <\/div><div class=\"eael-entry-wrapper\"><header class=\"eael-entry-header\"><h2 class=\"eael-entry-title\"><a class=\"eael-grid-post-link\" href=\"https:\/\/soymigrante.com\/revista\/pablo-pineda-un-aliado-humanitario-en-chicago-con-su-restaurante-latin-patio\/\" title=\"El guatemalteco Pablo Pineda es un aliado humanitario de los migrantes en Chicago\">El guatemalteco Pablo Pineda es un aliado humanitario de los migrantes en Chicago<\/a><\/h2><\/header><div class=\"eael-entry-content\">\n                        <div class=\"eael-grid-post-excerpt\"><a href=\"https:\/\/soymigrante.com\/revista\/pablo-pineda-un-aliado-humanitario-en-chicago-con-su-restaurante-latin-patio\/\" class=\"eael-post-elements-readmore-btn\">CONOCE SU HISTORIA <\/a><\/div>\n                    <\/div><\/div><\/div>\n        <\/div>\n    <\/article><article class=\"eael-grid-post  eael-post-grid-column eael-pg-post-9776 category-exitos\" data-id=\"9776\">\n        <div class=\"eael-grid-post-holder\">\n            <div class=\"eael-grid-post-holder-inner\"><div class=\"eael-entry-media\"><div class=\"eael-entry-overlay fade-in\"><i class=\"far fa-hand-pointer\" aria-hidden=\"true\"><\/i><a href=\"https:\/\/soymigrante.com\/revista\/esvin-gomez-retalteco-migrante-impulsa-el-movimiento-tps-en-california\/\"><\/a><\/div><div class=\"eael-entry-thumbnail eael-image-ratio\">\n                <img loading=\"lazy\" decoding=\"async\" width=\"1024\" height=\"1024\" src=\"https:\/\/soymigrante.com\/revista\/wp-content\/uploads\/2024\/09\/Esvin-Gomez-defiende-el-TPS-en-USA3-e1727724241599-1024x1024.webp\" class=\"attachment-large size-large wp-image-9830\" alt=\"Turista en un centro comercial de EE.UU., sostiene una hoja con el logotipo de TPS, en un entorno urbano con decoraciones de Halloween y figura de Mickey Mouse disfrazada.\" srcset=\"https:\/\/soymigrante.com\/revista\/wp-content\/uploads\/2024\/09\/Esvin-Gomez-defiende-el-TPS-en-USA3-e1727724241599-1024x1024.webp 1024w, https:\/\/soymigrante.com\/revista\/wp-content\/uploads\/2024\/09\/Esvin-Gomez-defiende-el-TPS-en-USA3-e1727724241599-300x300.webp 300w, https:\/\/soymigrante.com\/revista\/wp-content\/uploads\/2024\/09\/Esvin-Gomez-defiende-el-TPS-en-USA3-e1727724241599-150x150.webp 150w, https:\/\/soymigrante.com\/revista\/wp-content\/uploads\/2024\/09\/Esvin-Gomez-defiende-el-TPS-en-USA3-e1727724241599-768x768.webp 768w, https:\/\/soymigrante.com\/revista\/wp-content\/uploads\/2024\/09\/Esvin-Gomez-defiende-el-TPS-en-USA3-e1727724241599-75x75.webp 75w, https:\/\/soymigrante.com\/revista\/wp-content\/uploads\/2024\/09\/Esvin-Gomez-defiende-el-TPS-en-USA3-e1727724241599-750x750.webp 750w, https:\/\/soymigrante.com\/revista\/wp-content\/uploads\/2024\/09\/Esvin-Gomez-defiende-el-TPS-en-USA3-e1727724241599-1140x1140.webp 1140w, https:\/\/soymigrante.com\/revista\/wp-content\/uploads\/2024\/09\/Esvin-Gomez-defiende-el-TPS-en-USA3-e1727724241599.webp 1440w\" sizes=\"(max-width: 1024px) 100vw, 1024px\" \/>\n            <\/div>\n        <\/div><div class=\"eael-entry-wrapper\"><header class=\"eael-entry-header\"><h2 class=\"eael-entry-title\"><a class=\"eael-grid-post-link\" href=\"https:\/\/soymigrante.com\/revista\/esvin-gomez-retalteco-migrante-impulsa-el-movimiento-tps-en-california\/\" title=\"&#8220;Lo vamos a lograr&#8221;: Esvin G\u00f3mez, migrante retalteco apoya el movimiento TPS en California\">&#8220;Lo vamos a lograr&#8221;: Esvin G\u00f3mez, migrante retalteco apoya el movimiento TPS en California<\/a><\/h2><\/header><div class=\"eael-entry-content\">\n                        <div class=\"eael-grid-post-excerpt\"><a href=\"https:\/\/soymigrante.com\/revista\/esvin-gomez-retalteco-migrante-impulsa-el-movimiento-tps-en-california\/\" class=\"eael-post-elements-readmore-btn\">CONOCE SU HISTORIA <\/a><\/div>\n                    <\/div><\/div><\/div>\n        <\/div>\n    <\/article><\/div>\n            <div class=\"clearfix\"><\/div>\n        <\/div>            <div class=\"eael-load-more-button-wrap eael-force-hide\">\n                <button class=\"eael-load-more-button\" id=\"eael-load-more-btn-0cb55a1\" data-widget-id=\"0cb55a1\" data-widget=\"0cb55a1\" data-page-id=\"47331\" data-template=\"{&quot;dir&quot;:&quot;lite&quot;,&quot;file_name&quot;:&quot;one.php&quot;,&quot;name&quot;:&quot;Post-Grid&quot;}\" data-class=\"Essential_Addons_Elementor\\Elements\\Post_Grid\" data-layout=\"masonry\" data-page=\"1\" data-args=\"orderby=author&amp;order=desc&amp;ignore_sticky_posts=1&amp;post_status=publish&amp;posts_per_page=3&amp;offset=0&amp;post_type=post&amp;tax_query%5B0%5D%5Btaxonomy%5D=category&amp;tax_query%5B0%5D%5Bfield%5D=term_id&amp;tax_query%5B0%5D%5Bterms%5D%5B0%5D=50&amp;tax_query%5Brelation%5D=AND\" data-max-page=\"104\">\n                    <span class=\"eael-btn-loader button__loader\"><\/span>\n                    <span class=\"eael_load_more_text\">Load More<\/span>\n                <\/button>\n            <\/div>\n            \t\t\t\t<\/div>\n\t\t\t\t\t<\/div>\n\t\t\t\t<\/div>\n\t\t\t\t<\/div>\n\t\t","protected":false},"excerpt":{"rendered":"<p>Art\u00edculo &#8220;Sentido com\u00fan en tiempos de teatros&#8221;, de la organizaci\u00f3n Negative Growth Population expone razones para buscar una reforma migratoria funcional en Estados Unidos y dejar atr\u00e1s las actuales pol\u00edticas que son insuficientes. En su m\u00e1s reciente publicaci\u00f3n de la serie Forum Papers, la organizaci\u00f3n estadounidense NPG (Negative Population Growth) difundi\u00f3 el an\u00e1lisis titulado \u201cCommon [&hellip;]<\/p>\n","protected":false},"author":7,"featured_media":47332,"comment_status":"open","ping_status":"open","sticky":false,"template":"","format":"standard","meta":{"_acf_changed":false,"_eb_attr":"","footnotes":""},"categories":[280],"tags":[],"class_list":["post-47331","post","type-post","status-publish","format-standard","has-post-thumbnail","hentry","category-noticias"],"acf":[],"aioseo_notices":[],"aioseo_head":"\n\t\t<!-- All in One SEO Pro 4.9.6.2 - aioseo.com -->\n\t<meta name=\"description\" content=\"Ten\u00eda 23 a\u00f1os cuando dej\u00f3 su natal San Felipe Retalhuleu. Lleg\u00f3 a North Hollywood en California hace 31 a\u00f1os. Es ciudadano pero apoya un TPS para connacionales.\" \/>\n\t<meta name=\"robots\" content=\"max-snippet:-1, max-image-preview:large, max-video-preview:-1\" \/>\n\t<meta name=\"author\" content=\"Beatriz Tercero\"\/>\n\t<link rel=\"canonical\" href=\"https:\/\/soymigrante.com\/revista\/esvin-gomez-retalteco-migrante-impulsa-el-movimiento-tps-en-california\/\" \/>\n\t<meta name=\"generator\" content=\"All in One SEO Pro (AIOSEO) 4.9.6.2\" \/>\n\n\t\t<link rel=\"preconnect\" href=\"https:\/\/fonts.googleapis.com\" crossorigin>\n<link rel=\"preconnect\" href=\"https:\/\/fonts.gstatic.com\" crossorigin>\n\t\t<meta property=\"og:locale\" content=\"es_ES\" \/>\n\t\t<meta property=\"og:site_name\" content=\"SoyMigrante.com REVISTA \u2013 Nuestra misi\u00f3n es reconocer y dignificar al migrante.\" \/>\n\t\t<meta property=\"og:type\" content=\"article\" \/>\n\t\t<meta property=\"og:title\" content=\"Esvin G\u00f3mez re\u00fane firmas en California para TPS Guatemalteco\" \/>\n\t\t<meta property=\"og:description\" content=\"Ten\u00eda 23 a\u00f1os cuando dej\u00f3 su natal San Felipe Retalhuleu. Lleg\u00f3 a North Hollywood en California hace 31 a\u00f1os. Es ciudadano pero apoya un TPS para connacionales.\" \/>\n\t\t<meta property=\"og:url\" content=\"https:\/\/soymigrante.com\/revista\/esvin-gomez-retalteco-migrante-impulsa-el-movimiento-tps-en-california\/\" \/>\n\t\t<meta property=\"og:image\" content=\"https:\/\/soymigrante.com\/revista\/wp-content\/uploads\/2024\/09\/Esvin-Gomez-defiende-el-TPS-en-USA3-e1727724241599.webp\" \/>\n\t\t<meta property=\"og:image:secure_url\" content=\"https:\/\/soymigrante.com\/revista\/wp-content\/uploads\/2024\/09\/Esvin-Gomez-defiende-el-TPS-en-USA3-e1727724241599.webp\" \/>\n\t\t<meta property=\"og:image:width\" content=\"1440\" \/>\n\t\t<meta property=\"og:image:height\" content=\"1440\" \/>\n\t\t<meta property=\"article:published_time\" content=\"2024-09-30T19:53:29+00:00\" \/>\n\t\t<meta property=\"article:modified_time\" content=\"2024-10-02T14:02:12+00:00\" \/>\n\t\t<meta property=\"article:publisher\" content=\"https:\/\/www.facebook.com\/soymigrantecom\" \/>\n\t\t<meta name=\"twitter:card\" content=\"summary_large_image\" \/>\n\t\t<meta name=\"twitter:site\" content=\"@SoyMigrante_com\" \/>\n\t\t<meta name=\"twitter:title\" content=\"Esvin G\u00f3mez re\u00fane firmas en California para TPS Guatemalteco\" \/>\n\t\t<meta name=\"twitter:description\" content=\"Ten\u00eda 23 a\u00f1os cuando dej\u00f3 su natal San Felipe Retalhuleu. Lleg\u00f3 a North Hollywood en California hace 31 a\u00f1os. Es ciudadano pero apoya un TPS para connacionales.\" \/>\n\t\t<meta name=\"twitter:creator\" content=\"@SoyMigrante_com\" \/>\n\t\t<meta name=\"twitter:image\" content=\"https:\/\/soymigrante.com\/revista\/wp-content\/uploads\/2024\/09\/Esvin-Gomez-defiende-el-TPS-en-USA3-e1727724241599.webp\" \/>\n\t\t<!-- All in One SEO Pro -->\r\n\t\t<title>Esvin G\u00f3mez re\u00fane firmas en California para TPS Guatemalteco<\/title>\n\n","aioseo_head_json":{"title":"Esvin G\u00f3mez re\u00fane firmas en California para TPS Guatemalteco","description":"Ten\u00eda 23 a\u00f1os cuando dej\u00f3 su natal San Felipe Retalhuleu. Lleg\u00f3 a North Hollywood en California hace 31 a\u00f1os. Es ciudadano pero apoya un TPS para connacionales.","canonical_url":"https:\/\/soymigrante.com\/revista\/esvin-gomez-retalteco-migrante-impulsa-el-movimiento-tps-en-california\/","robots":"max-snippet:-1, max-image-preview:large, max-video-preview:-1","keywords":"","webmasterTools":{"miscellaneous":"&lt;link rel=\"preconnect\" href=\"https:\/\/fonts.googleapis.com\" crossorigin&gt;\n&lt;link rel=\"preconnect\" href=\"https:\/\/fonts.gstatic.com\" crossorigin&gt;"},"schema":null,"og:locale":"es_ES","og:site_name":"SoyMigrante.com REVISTA \u2013 Nuestra misi\u00f3n es reconocer y dignificar al migrante.","og:type":"article","og:title":"Esvin G\u00f3mez re\u00fane firmas en California para TPS Guatemalteco","og:description":"Ten\u00eda 23 a\u00f1os cuando dej\u00f3 su natal San Felipe Retalhuleu. Lleg\u00f3 a North Hollywood en California hace 31 a\u00f1os. Es ciudadano pero apoya un TPS para connacionales.","og:url":"https:\/\/soymigrante.com\/revista\/esvin-gomez-retalteco-migrante-impulsa-el-movimiento-tps-en-california\/","og:image":"https:\/\/soymigrante.com\/revista\/wp-content\/uploads\/2024\/09\/Esvin-Gomez-defiende-el-TPS-en-USA3-e1727724241599.webp","og:image:secure_url":"https:\/\/soymigrante.com\/revista\/wp-content\/uploads\/2024\/09\/Esvin-Gomez-defiende-el-TPS-en-USA3-e1727724241599.webp","og:image:width":1440,"og:image:height":1440,"article:published_time":"2024-09-30T19:53:29+00:00","article:modified_time":"2024-10-02T14:02:12+00:00","article:publisher":"https:\/\/www.facebook.com\/soymigrantecom","twitter:card":"summary_large_image","twitter:site":"@SoyMigrante_com","twitter:title":"Esvin G\u00f3mez re\u00fane firmas en California para TPS Guatemalteco","twitter:description":"Ten\u00eda 23 a\u00f1os cuando dej\u00f3 su natal San Felipe Retalhuleu. Lleg\u00f3 a North Hollywood en California hace 31 a\u00f1os. Es ciudadano pero apoya un TPS para connacionales.","twitter:creator":"@SoyMigrante_com","twitter:image":"https:\/\/soymigrante.com\/revista\/wp-content\/uploads\/2024\/09\/Esvin-Gomez-defiende-el-TPS-en-USA3-e1727724241599.webp"},"aioseo_meta_data":{"post_id":"47331","title":"Estudio llama a trazar una pol\u00edtica migratoria seria en USA","description":"Entidad califica de \"teatro\" los abordajes migratorios en el gobierno de Biden y Trump. Llama a efectuar una reforma migratoria seria, integral y constructiva.","keywords":null,"keyphrases":{"focus":{"keyphrase":"Migratoria","score":100,"analysis":{"keyphraseInTitle":{"score":9,"maxScore":9,"error":0},"keyphraseInDescription":{"score":9,"maxScore":9,"error":0},"keyphraseLength":{"score":9,"maxScore":9,"error":0,"length":1},"keyphraseInURL":{"score":5,"maxScore":5,"error":0}}},"additional":[{"keyphrase":"USA","score":67,"analysis":{"keyphraseInDescription":{"score":3,"maxScore":9,"error":1},"keyphraseLength":{"score":9,"maxScore":9,"error":0,"length":1}}}]},"primary_term":null,"canonical_url":null,"og_title":null,"og_description":null,"og_object_type":"default","og_image_type":"default","og_image_url":null,"og_image_width":null,"og_image_height":null,"og_image_custom_url":null,"og_image_custom_fields":null,"og_video":"","og_custom_url":null,"og_article_section":null,"og_article_tags":null,"twitter_use_og":false,"twitter_card":"default","twitter_image_type":"default","twitter_image_url":null,"twitter_image_custom_url":null,"twitter_image_custom_fields":null,"twitter_title":null,"twitter_description":null,"schema":{"blockGraphs":[],"customGraphs":[],"default":{"data":{"Article":[],"Course":[],"Dataset":[],"FAQPage":[],"Movie":[],"Person":[],"Product":[],"ProductReview":[],"Car":[],"Recipe":[],"Service":[],"SoftwareApplication":[],"WebPage":[]},"graphName":"none","isEnabled":true},"graphs":[]},"schema_type":"default","schema_type_options":null,"pillar_content":false,"robots_default":true,"robots_noindex":false,"robots_noarchive":false,"robots_nosnippet":false,"robots_nofollow":false,"robots_noimageindex":false,"robots_noodp":false,"robots_notranslate":false,"robots_max_snippet":"-1","robots_max_videopreview":"-1","robots_max_imagepreview":"large","priority":null,"frequency":"default","local_seo":null,"seo_analyzer_scan_date":"2025-10-16 17:45:22","breadcrumb_settings":null,"limit_modified_date":false,"reviewed_by":"0","open_ai":null,"ai":{"faqs":[],"keyPoints":[],"titles":[],"descriptions":[],"socialPosts":{"email":[],"linkedin":[],"twitter":[],"facebook":[],"instagram":[]}},"created":"2025-10-16 16:40:41","updated":"2026-02-05 06:33:50"},"aioseo_breadcrumb":"<div class=\"aioseo-breadcrumbs\"><span class=\"aioseo-breadcrumb\">\n\t<a href=\"https:\/\/soymigrante.com\/revista\" title=\"Home\">Home<\/a>\n<\/span><span class=\"aioseo-breadcrumb-separator\">\u00bb<\/span><span class=\"aioseo-breadcrumb\">\n\t<a href=\"https:\/\/soymigrante.com\/revista\/category\/noticias\/\" title=\"Noticias\">Noticias<\/a>\n<\/span><span class=\"aioseo-breadcrumb-separator\">\u00bb<\/span><span class=\"aioseo-breadcrumb\">\n\tEstudio llama a buscar una verdadera pol\u00edtica migratoria en USA y no solo un \u201cteatro\u201d\n<\/span><\/div>","aioseo_breadcrumb_json":[{"label":"Home","link":"https:\/\/soymigrante.com\/revista"},{"label":"Noticias","link":"https:\/\/soymigrante.com\/revista\/category\/noticias\/"},{"label":"Estudio llama a buscar una verdadera pol\u00edtica migratoria en USA y no solo un &#8220;teatro&#8221;","link":"https:\/\/soymigrante.com\/revista\/estudio-llama-a-buscar-una-verdadera-politica-migratoria-en-usa-y-no-solo-un-teatro\/"}],"_links":{"self":[{"href":"https:\/\/soymigrante.com\/revista\/wp-json\/wp\/v2\/posts\/47331","targetHints":{"allow":["GET"]}}],"collection":[{"href":"https:\/\/soymigrante.com\/revista\/wp-json\/wp\/v2\/posts"}],"about":[{"href":"https:\/\/soymigrante.com\/revista\/wp-json\/wp\/v2\/types\/post"}],"author":[{"embeddable":true,"href":"https:\/\/soymigrante.com\/revista\/wp-json\/wp\/v2\/users\/7"}],"replies":[{"embeddable":true,"href":"https:\/\/soymigrante.com\/revista\/wp-json\/wp\/v2\/comments?post=47331"}],"version-history":[{"count":5,"href":"https:\/\/soymigrante.com\/revista\/wp-json\/wp\/v2\/posts\/47331\/revisions"}],"predecessor-version":[{"id":47342,"href":"https:\/\/soymigrante.com\/revista\/wp-json\/wp\/v2\/posts\/47331\/revisions\/47342"}],"wp:featuredmedia":[{"embeddable":true,"href":"https:\/\/soymigrante.com\/revista\/wp-json\/wp\/v2\/media\/47332"}],"wp:attachment":[{"href":"https:\/\/soymigrante.com\/revista\/wp-json\/wp\/v2\/media?parent=47331"}],"wp:term":[{"taxonomy":"category","embeddable":true,"href":"https:\/\/soymigrante.com\/revista\/wp-json\/wp\/v2\/categories?post=47331"},{"taxonomy":"post_tag","embeddable":true,"href":"https:\/\/soymigrante.com\/revista\/wp-json\/wp\/v2\/tags?post=47331"}],"curies":[{"name":"wp","href":"https:\/\/api.w.org\/{rel}","templated":true}]}}