{"id":4731,"date":"2024-02-08T02:55:54","date_gmt":"2024-02-08T08:55:54","guid":{"rendered":"https:\/\/soymigrante.com\/revista\/?p=4731"},"modified":"2024-11-01T15:51:48","modified_gmt":"2024-11-01T21:51:48","slug":"sofia-valdez-migrante-guatemalteca-oklahoma-cafe-familiar-la-antigua","status":"publish","type":"post","link":"https:\/\/soymigrante.com\/revista\/sofia-valdez-migrante-guatemalteca-oklahoma-cafe-familiar-la-antigua\/","title":{"rendered":"Migrante Sof\u00eda Valdez florece en el caf\u00e9 familiar La Antigua"},"content":{"rendered":"\t\t<div data-elementor-type=\"wp-post\" data-elementor-id=\"4731\" class=\"elementor elementor-4731\" data-elementor-post-type=\"post\">\n\t\t\t\t\t\t<section data-particle_enable=\"false\" data-particle-mobile-disabled=\"false\" class=\"elementor-section elementor-top-section elementor-element elementor-element-448e8da elementor-section-boxed elementor-section-height-default elementor-section-height-default\" data-id=\"448e8da\" data-element_type=\"section\" data-e-type=\"section\">\n\t\t\t\t\t\t<div class=\"elementor-container elementor-column-gap-default\">\n\t\t\t\t\t<div class=\"elementor-column elementor-col-100 elementor-top-column elementor-element elementor-element-7bb11a9\" data-id=\"7bb11a9\" data-element_type=\"column\" data-e-type=\"column\">\n\t\t\t<div class=\"elementor-widget-wrap elementor-element-populated\">\n\t\t\t\t\t\t<div class=\"elementor-element elementor-element-d7de6ab elementor-widget elementor-widget-heading\" data-id=\"d7de6ab\" data-element_type=\"widget\" data-e-type=\"widget\" data-widget_type=\"heading.default\">\n\t\t\t\t\t<h1 class=\"elementor-heading-title elementor-size-default\">En 2007, los migrantes guatemaltecos Benjam\u00edn y \u00c9lida  fundaron Caf\u00e9 Antigua,  un vibrante enclave  de sabores hispanos en el coraz\u00f3n de Oklahoma. Su hija Ana Sof\u00eda comparte su pasi\u00f3n por la gastronom\u00eda y brinda apoyo  a mujeres migrantes.<\/h1>\t\t\t\t<\/div>\n\t\t\t\t\t<\/div>\n\t\t<\/div>\n\t\t\t\t\t<\/div>\n\t\t<\/section>\n\t\t\t\t<section data-particle_enable=\"false\" data-particle-mobile-disabled=\"false\" class=\"elementor-section elementor-top-section elementor-element elementor-element-b6c5a9e elementor-section-boxed elementor-section-height-default elementor-section-height-default\" data-id=\"b6c5a9e\" data-element_type=\"section\" data-e-type=\"section\">\n\t\t\t\t\t\t<div class=\"elementor-container elementor-column-gap-default\">\n\t\t\t\t\t<div class=\"elementor-column elementor-col-100 elementor-top-column elementor-element elementor-element-b26f34d\" data-id=\"b26f34d\" data-element_type=\"column\" data-e-type=\"column\">\n\t\t\t<div class=\"elementor-widget-wrap elementor-element-populated\">\n\t\t\t\t\t\t<div class=\"elementor-element elementor-element-4b9f83e elementor-widget elementor-widget-image\" data-id=\"4b9f83e\" data-element_type=\"widget\" data-e-type=\"widget\" data-widget_type=\"image.default\">\n\t\t\t\t\t\t\t\t\t\t\t\t<figure class=\"wp-caption\">\n\t\t\t\t\t\t\t\t\t\t<img fetchpriority=\"high\" decoding=\"async\" width=\"768\" height=\"768\" src=\"https:\/\/soymigrante.com\/revista\/wp-content\/uploads\/2024\/02\/Ana-Sofia-junto-a-su-papa-Benjamin-y-su-hermana-Angeles-Stefy--768x768.webp\" class=\"attachment-medium_large size-medium_large wp-image-4719\" alt=\"\" srcset=\"https:\/\/soymigrante.com\/revista\/wp-content\/uploads\/2024\/02\/Ana-Sofia-junto-a-su-papa-Benjamin-y-su-hermana-Angeles-Stefy--768x768.webp 768w, https:\/\/soymigrante.com\/revista\/wp-content\/uploads\/2024\/02\/Ana-Sofia-junto-a-su-papa-Benjamin-y-su-hermana-Angeles-Stefy--300x300.webp 300w, https:\/\/soymigrante.com\/revista\/wp-content\/uploads\/2024\/02\/Ana-Sofia-junto-a-su-papa-Benjamin-y-su-hermana-Angeles-Stefy--1024x1024.webp 1024w, https:\/\/soymigrante.com\/revista\/wp-content\/uploads\/2024\/02\/Ana-Sofia-junto-a-su-papa-Benjamin-y-su-hermana-Angeles-Stefy--150x150.webp 150w, https:\/\/soymigrante.com\/revista\/wp-content\/uploads\/2024\/02\/Ana-Sofia-junto-a-su-papa-Benjamin-y-su-hermana-Angeles-Stefy--75x75.webp 75w, https:\/\/soymigrante.com\/revista\/wp-content\/uploads\/2024\/02\/Ana-Sofia-junto-a-su-papa-Benjamin-y-su-hermana-Angeles-Stefy--750x750.webp 750w, https:\/\/soymigrante.com\/revista\/wp-content\/uploads\/2024\/02\/Ana-Sofia-junto-a-su-papa-Benjamin-y-su-hermana-Angeles-Stefy--1140x1140.webp 1140w, https:\/\/soymigrante.com\/revista\/wp-content\/uploads\/2024\/02\/Ana-Sofia-junto-a-su-papa-Benjamin-y-su-hermana-Angeles-Stefy--600x600.webp 600w, https:\/\/soymigrante.com\/revista\/wp-content\/uploads\/2024\/02\/Ana-Sofia-junto-a-su-papa-Benjamin-y-su-hermana-Angeles-Stefy-.webp 1300w\" sizes=\"(max-width: 768px) 100vw, 768px\" \/>\t\t\t\t\t\t\t\t\t\t\t<figcaption class=\"widget-image-caption wp-caption-text\">Sof\u00eda Valdez del Cid es originaria de la zona 6 de Villanueva, Ciudad de Guatemala. Ella, junto a sus hermanos Emanuel y Stefani, llegaron a Estados Unidos el 13 de abril de 2002. \"Con nuestras maletas en mano, salimos a las cinco de la ma\u00f1ana para despedirnos. En la parte trasera del carro, levant\u00e9 la mano y les dije adi\u00f3s a mis amigos y vecinos. Recuerdo haber gritado: \u00a1Les enviar\u00e9 una caja llena de juguetes! Con muchos de ellos perd\u00ed contacto, pero algunos a\u00fan los veo en las redes sociales\".\n<\/figcaption>\n\t\t\t\t\t\t\t\t\t\t<\/figure>\n\t\t\t\t\t\t\t\t\t<\/div>\n\t\t\t\t\t<\/div>\n\t\t<\/div>\n\t\t\t\t\t<\/div>\n\t\t<\/section>\n\t\t\t\t<section data-particle_enable=\"false\" data-particle-mobile-disabled=\"false\" class=\"elementor-section elementor-top-section elementor-element elementor-element-0667927 elementor-section-boxed elementor-section-height-default elementor-section-height-default\" data-id=\"0667927\" data-element_type=\"section\" data-e-type=\"section\">\n\t\t\t\t\t\t<div class=\"elementor-container elementor-column-gap-default\">\n\t\t\t\t\t<div class=\"elementor-column elementor-col-100 elementor-top-column elementor-element elementor-element-a05de81\" data-id=\"a05de81\" data-element_type=\"column\" data-e-type=\"column\">\n\t\t\t<div class=\"elementor-widget-wrap elementor-element-populated\">\n\t\t\t\t\t\t<div class=\"elementor-element elementor-element-737a439 elementor-widget elementor-widget-heading\" data-id=\"737a439\" data-element_type=\"widget\" data-e-type=\"widget\" data-widget_type=\"heading.default\">\n\t\t\t\t\t<h2 class=\"elementor-heading-title elementor-size-default\">Un gran secreto de \u00e9xito: uni\u00f3n familiar<\/h2>\t\t\t\t<\/div>\n\t\t\t\t\t<\/div>\n\t\t<\/div>\n\t\t\t\t\t<\/div>\n\t\t<\/section>\n\t\t\t\t<section data-particle_enable=\"false\" data-particle-mobile-disabled=\"false\" class=\"elementor-section elementor-top-section elementor-element elementor-element-efd1517 elementor-section-boxed elementor-section-height-default elementor-section-height-default\" data-id=\"efd1517\" data-element_type=\"section\" data-e-type=\"section\">\n\t\t\t\t\t\t<div class=\"elementor-container elementor-column-gap-default\">\n\t\t\t\t\t<div class=\"elementor-column elementor-col-100 elementor-top-column elementor-element elementor-element-d6f8e7d\" data-id=\"d6f8e7d\" data-element_type=\"column\" data-e-type=\"column\">\n\t\t\t<div class=\"elementor-widget-wrap elementor-element-populated\">\n\t\t\t\t\t\t<div class=\"elementor-element elementor-element-05d0dd9 elementor-widget elementor-widget-text-editor\" data-id=\"05d0dd9\" data-element_type=\"widget\" data-e-type=\"widget\" data-widget_type=\"text-editor.default\">\n\t\t\t\t\t\t\t\t\t<p><span style=\"font-weight: 400;\">Ana Sof\u00eda Valdez Del Cid creci\u00f3 en Villa Nueva, Guatemala. Lleg\u00f3 a Estados Unidos a los 12 a\u00f1os cpm sis hermanos.\u00a0 Sus padres Benjam\u00edn Bald\u00e9z y \u00c9lida del Rosario Peralta migraron primero y en 2007 emprendieron un peque\u00f1o restaurante llamado Caf\u00e9 Antigua. &#8220;Llegu\u00e9 a este pa\u00eds a una edad temprana y mis padres siempre buscaron lo mejor para m\u00ed y mis hermanos. Ahora que soy adulta, agradezco su esfuerzo, no ha sido f\u00e1cil, especialmente cuando eres un ni\u00f1o indocumentado&#8221;, relata.<\/span><\/p><p><span style=\"font-weight: 400;\">Ana Sof\u00eda enfrent\u00f3 desaf\u00edos, como el idioma ingl\u00e9s y la discriminaci\u00f3n. Desde su llegada, se dedic\u00f3 a estudiar hasta completar la secundaria. Estuvo en b\u00fasqueda de su vocaci\u00f3n, sin tener claridad sobre qu\u00e9 carrera seguir. En alg\u00fan momento consider\u00f3 la carrera de medicina Sin embargo, descubri\u00f3 que su talento pod\u00eda florecer en el negocio familiar a trav\u00e9s de la gastronom\u00eda.<\/span><\/p><p><span style=\"font-weight: 400;\">\u201cMi pasi\u00f3n la encontr\u00e9 en el negocio familiar. El maravilloso restaurante al que llamamos Caf\u00e9 Antigua, emprendimiento que naci\u00f3 en 2007\u201d.\u00a0\u00a0<\/span><span style=\"font-weight: 400; color: var( --e-global-color-text );\">Ana Sofia se canaliz\u00f3 aqu\u00ed sus energ\u00edas y af\u00e1n de innovaci\u00f3n\u00a0 Su hermana menor, Stefanie Valdez, es una talentosa chef especializada en reposter\u00eda y barista. Por otro lado, su hermano mayor, Emanuel Valdez, es un destacado artista especializado en muralismo.\u00a0<\/span><\/p>\t\t\t\t\t\t\t\t<\/div>\n\t\t\t\t\t<\/div>\n\t\t<\/div>\n\t\t\t\t\t<\/div>\n\t\t<\/section>\n\t\t\t\t<section data-particle_enable=\"false\" data-particle-mobile-disabled=\"false\" class=\"elementor-section elementor-top-section elementor-element elementor-element-d5423e6 elementor-section-boxed elementor-section-height-default elementor-section-height-default\" data-id=\"d5423e6\" data-element_type=\"section\" data-e-type=\"section\">\n\t\t\t\t\t\t<div class=\"elementor-container elementor-column-gap-default\">\n\t\t\t\t\t<div class=\"elementor-column elementor-col-100 elementor-top-column elementor-element elementor-element-23b459b\" data-id=\"23b459b\" data-element_type=\"column\" data-e-type=\"column\">\n\t\t\t<div class=\"elementor-widget-wrap elementor-element-populated\">\n\t\t\t\t\t\t<div class=\"elementor-element elementor-element-5f76a66 elementor-arrows-position-inside elementor-pagination-position-outside elementor-widget elementor-widget-image-carousel\" data-id=\"5f76a66\" data-element_type=\"widget\" data-e-type=\"widget\" data-settings=\"{&quot;slides_to_show&quot;:&quot;1&quot;,&quot;navigation&quot;:&quot;both&quot;,&quot;autoplay&quot;:&quot;yes&quot;,&quot;pause_on_hover&quot;:&quot;yes&quot;,&quot;pause_on_interaction&quot;:&quot;yes&quot;,&quot;autoplay_speed&quot;:5000,&quot;infinite&quot;:&quot;yes&quot;,&quot;effect&quot;:&quot;slide&quot;,&quot;speed&quot;:500}\" data-widget_type=\"image-carousel.default\">\n\t\t\t\t\t\t\t<div class=\"elementor-image-carousel-wrapper swiper\" role=\"region\" aria-roledescription=\"carousel\" aria-label=\"Carrusel de im\u00e1genes\" dir=\"ltr\">\n\t\t\t<div class=\"elementor-image-carousel swiper-wrapper\" aria-live=\"off\">\n\t\t\t\t\t\t\t\t<div class=\"swiper-slide\" role=\"group\" aria-roledescription=\"slide\" aria-label=\"1 de 3\"><figure class=\"swiper-slide-inner\"><img decoding=\"async\" class=\"swiper-slide-image\" src=\"https:\/\/soymigrante.com\/revista\/wp-content\/uploads\/2024\/02\/Benjamin-Valdez-Lopez-es-padre-de-Ana-Sofia-el-es-originario-de-Rio-Blanco-San-Marcos.-j-768x768.webp\" alt=\"Benjam\u00edn Valdez L\u00f3pez es padre de Ana Sofia, \u00e9l es originario de R\u00edo Blanco San Marcos.\" \/><figcaption class=\"elementor-image-carousel-caption\">Benjam\u00edn Valdez L\u00f3pez es padre de Ana Sofia, \u00e9l es originario de R\u00edo Blanco San Marcos, Guatemala  Se encuentra en su jard\u00edn de duraznos. Disfruta mucho de sus ra\u00edces <\/figcaption><\/figure><\/div><div class=\"swiper-slide\" role=\"group\" aria-roledescription=\"slide\" aria-label=\"2 de 3\"><figure class=\"swiper-slide-inner\"><img decoding=\"async\" class=\"swiper-slide-image\" src=\"https:\/\/soymigrante.com\/revista\/wp-content\/uploads\/2024\/02\/Ana-Sofia-y-su-madre-Elida-Peralta-de-Valdez-768x768.webp\" alt=\"Elida Peralta madre de Ana Sof\u00eda es consultora de belleza y ella comenz\u00f3 a preparar los antojos tradicionales guatemaltecos y a venderlos con vecinos y la comunidad migrante. Hasta que invirtieron en su propio restaurante.\" \/><figcaption class=\"elementor-image-carousel-caption\">Elida Peralta madre de Ana Sof\u00eda es consultora de belleza y ella comenz\u00f3 a preparar los antojos tradicionales guatemaltecos y a venderlos con vecinos y la comunidad migrante. Hasta que invirtieron en su propio restaurante. <\/figcaption><\/figure><\/div><div class=\"swiper-slide\" role=\"group\" aria-roledescription=\"slide\" aria-label=\"3 de 3\"><figure class=\"swiper-slide-inner\"><img decoding=\"async\" class=\"swiper-slide-image\" src=\"https:\/\/soymigrante.com\/revista\/wp-content\/uploads\/2024\/02\/Ana-Sofia-junto-a-su-esposos-Luidgi-Del-Cid-y-Enzo-Santiago-del-Cid-Valdez-768x857.webp\" alt=\"Ana Sofia junto a su esposos Luidgi Del Cid y su hijo Enzo Santiago del Cid Valdez\" \/><figcaption class=\"elementor-image-carousel-caption\">Ana Sofia junto a su esposos Luidgi Del Cid y su hijo Enzo Santiago del Cid Valdez<\/figcaption><\/figure><\/div>\t\t\t<\/div>\n\t\t\t\t\t\t\t\t\t\t\t\t<div class=\"elementor-swiper-button elementor-swiper-button-prev\" role=\"button\" tabindex=\"0\">\n\t\t\t\t\t\t<i aria-hidden=\"true\" class=\"eicon-chevron-left\"><\/i>\t\t\t\t\t<\/div>\n\t\t\t\t\t<div class=\"elementor-swiper-button elementor-swiper-button-next\" role=\"button\" tabindex=\"0\">\n\t\t\t\t\t\t<i aria-hidden=\"true\" class=\"eicon-chevron-right\"><\/i>\t\t\t\t\t<\/div>\n\t\t\t\t\n\t\t\t\t\t\t\t\t\t<div class=\"swiper-pagination\"><\/div>\n\t\t\t\t\t\t\t\t\t<\/div>\n\t\t\t\t\t\t<\/div>\n\t\t\t\t\t<\/div>\n\t\t<\/div>\n\t\t\t\t\t<\/div>\n\t\t<\/section>\n\t\t\t\t<section data-particle_enable=\"false\" data-particle-mobile-disabled=\"false\" class=\"elementor-section elementor-top-section elementor-element elementor-element-4daaf82 elementor-section-boxed elementor-section-height-default elementor-section-height-default\" data-id=\"4daaf82\" data-element_type=\"section\" data-e-type=\"section\">\n\t\t\t\t\t\t<div class=\"elementor-container elementor-column-gap-default\">\n\t\t\t\t\t<div class=\"elementor-column elementor-col-100 elementor-top-column elementor-element elementor-element-cbf5c0c\" data-id=\"cbf5c0c\" data-element_type=\"column\" data-e-type=\"column\">\n\t\t\t<div class=\"elementor-widget-wrap elementor-element-populated\">\n\t\t\t\t\t\t<div class=\"elementor-element elementor-element-38b3c21 elementor-widget elementor-widget-heading\" data-id=\"38b3c21\" data-element_type=\"widget\" data-e-type=\"widget\" data-widget_type=\"heading.default\">\n\t\t\t\t\t<h2 class=\"elementor-heading-title elementor-size-default\">Caf\u00e9 Antigua: entre los mejores \n<\/h2>\t\t\t\t<\/div>\n\t\t\t\t\t<\/div>\n\t\t<\/div>\n\t\t\t\t\t<\/div>\n\t\t<\/section>\n\t\t\t\t<section data-particle_enable=\"false\" data-particle-mobile-disabled=\"false\" class=\"elementor-section elementor-top-section elementor-element elementor-element-a17d404 elementor-section-boxed elementor-section-height-default elementor-section-height-default\" data-id=\"a17d404\" data-element_type=\"section\" data-e-type=\"section\">\n\t\t\t\t\t\t<div class=\"elementor-container elementor-column-gap-default\">\n\t\t\t\t\t<div class=\"elementor-column elementor-col-100 elementor-top-column elementor-element elementor-element-26459a8\" data-id=\"26459a8\" data-element_type=\"column\" data-e-type=\"column\">\n\t\t\t<div class=\"elementor-widget-wrap elementor-element-populated\">\n\t\t\t\t\t\t<div class=\"elementor-element elementor-element-c54087d elementor-widget elementor-widget-text-editor\" data-id=\"c54087d\" data-element_type=\"widget\" data-e-type=\"widget\" data-widget_type=\"text-editor.default\">\n\t\t\t\t\t\t\t\t\t<p><span style=\"font-weight: 400;\">Caf\u00e9 Antigua ha crecido gracias al esfuerzo conjunto de Ana y su familia. Se ha convertido en un espacio acogedor y exquisito para la comunidad migrante guatemalteca e hispana. Este espacio figura en el top 100 de establecimientos gastron\u00f3micos en Estados Unidos, seg\u00fan la clasificaci\u00f3n de una revista local.<\/span><\/p><p><span style=\"font-weight: 400;\">El nombre Caf\u00e9 Antigua est\u00e1 inspirado en la ciudad colonial de Antigua Guatemala, un destino tur\u00edstico ic\u00f3nico que evoca la Eterna Primavera.\u00a0 \u201cDado que muchos de los clientes est\u00e1n familiarizados con Antigua Guatemala, se decidi\u00f3 nombrar as\u00ed nuestro establecimiento\u201d.<\/span><\/p><p><span style=\"font-weight: 400;\">\u201cAl llegar a este pa\u00eds, est\u00e1bamos como cualquier otro, sin tener claro qu\u00e9 hacer. Sin embargo, surgi\u00f3 la oportunidad a mi padre trabajar durante varios a\u00f1os en un restaurante local, mientras que mi mam\u00e1, adem\u00e1s de ser consultora de belleza, comenz\u00f3 a vender\u00a0 comida tradicional guatemalteca\u201d\u00a0<\/span><\/p><p><span style=\"font-weight: 400;\">Las recetas familiares como las flautas, tamales, rellenos eran los antojitos caseros m\u00e1s cotizados. En el a\u00f1o 2007, surgi\u00f3 la oportunidad de adquirir un restaurante con un nombre diferente, y as\u00ed naci\u00f3 Caf\u00e9 Antigua, con una gama de sabores chapines y tambi\u00e9n latinoamericanos.<\/span><\/p>\t\t\t\t\t\t\t\t<\/div>\n\t\t\t\t\t<\/div>\n\t\t<\/div>\n\t\t\t\t\t<\/div>\n\t\t<\/section>\n\t\t\t\t<section data-particle_enable=\"false\" data-particle-mobile-disabled=\"false\" class=\"elementor-section elementor-top-section elementor-element elementor-element-f545875 elementor-section-boxed elementor-section-height-default elementor-section-height-default\" data-id=\"f545875\" data-element_type=\"section\" data-e-type=\"section\">\n\t\t\t\t\t\t<div class=\"elementor-container elementor-column-gap-default\">\n\t\t\t\t\t<div class=\"elementor-column elementor-col-100 elementor-top-column elementor-element elementor-element-9bfd078\" data-id=\"9bfd078\" data-element_type=\"column\" data-e-type=\"column\">\n\t\t\t<div class=\"elementor-widget-wrap elementor-element-populated\">\n\t\t\t\t\t\t<div class=\"elementor-element elementor-element-e73780a elementor-arrows-position-inside elementor-pagination-position-outside elementor-widget elementor-widget-image-carousel\" data-id=\"e73780a\" data-element_type=\"widget\" data-e-type=\"widget\" data-settings=\"{&quot;slides_to_show&quot;:&quot;1&quot;,&quot;navigation&quot;:&quot;both&quot;,&quot;autoplay&quot;:&quot;yes&quot;,&quot;pause_on_hover&quot;:&quot;yes&quot;,&quot;pause_on_interaction&quot;:&quot;yes&quot;,&quot;autoplay_speed&quot;:5000,&quot;infinite&quot;:&quot;yes&quot;,&quot;effect&quot;:&quot;slide&quot;,&quot;speed&quot;:500}\" data-widget_type=\"image-carousel.default\">\n\t\t\t\t\t\t\t<div class=\"elementor-image-carousel-wrapper swiper\" role=\"region\" aria-roledescription=\"carousel\" aria-label=\"Carrusel de im\u00e1genes\" dir=\"ltr\">\n\t\t\t<div class=\"elementor-image-carousel swiper-wrapper\" aria-live=\"off\">\n\t\t\t\t\t\t\t\t<div class=\"swiper-slide\" role=\"group\" aria-roledescription=\"slide\" aria-label=\"1 de 4\"><figure class=\"swiper-slide-inner\"><img decoding=\"async\" class=\"swiper-slide-image\" src=\"https:\/\/soymigrante.com\/revista\/wp-content\/uploads\/2024\/02\/Nota-publicada-en-una-revista-local--768x768.webp\" alt=\"Este espacio figura en el top 100 entre m\u00e1s de 250 mil establecimientos gastron\u00f3micos en Estados Unidos\" \/><figcaption class=\"elementor-image-carousel-caption\"> Este espacio figura en el top 100 entre m\u00e1s de 250 mil establecimientos gastron\u00f3micos en Estados Unidos<\/figcaption><\/figure><\/div><div class=\"swiper-slide\" role=\"group\" aria-roledescription=\"slide\" aria-label=\"2 de 4\"><figure class=\"swiper-slide-inner\"><img decoding=\"async\" class=\"swiper-slide-image\" src=\"https:\/\/soymigrante.com\/revista\/wp-content\/uploads\/2024\/02\/Centros-de-mesas-dia-de-la-independencia--768x768.webp\" alt=\"El restaurante es decorado de acuerdo con la \u00e9poca o fechas importantes para la comunidad migrante guatemalteca\" \/><figcaption class=\"elementor-image-carousel-caption\">El restaurante es decorado de acuerdo con la \u00e9poca o fechas importantes para la comunidad migrante guatemalteca  <\/figcaption><\/figure><\/div><div class=\"swiper-slide\" role=\"group\" aria-roledescription=\"slide\" aria-label=\"3 de 4\"><figure class=\"swiper-slide-inner\"><img decoding=\"async\" class=\"swiper-slide-image\" src=\"https:\/\/soymigrante.com\/revista\/wp-content\/uploads\/2024\/02\/promocion-768x768.webp\" alt=\"Caf\u00e9 mazap\u00e1n late es una combinaci\u00f3n de mazap\u00e1n derretido, con un doble shot de expreso y diez onzas de leche caliente con crema batida y mazap\u00e1n encima. Es \u00e9sta una bebida con textura que puede servirse fr\u00edo o caliente.\" \/><figcaption class=\"elementor-image-carousel-caption\">Caf\u00e9 mazap\u00e1n late es una combinaci\u00f3n de mazap\u00e1n derretido, con un doble shot de expreso y diez onzas de leche caliente con crema batida y mazap\u00e1n encima. Es \u00e9sta una bebida con textura que puede servirse fr\u00edo o caliente.\n<\/figcaption><\/figure><\/div><div class=\"swiper-slide\" role=\"group\" aria-roledescription=\"slide\" aria-label=\"4 de 4\"><figure class=\"swiper-slide-inner\"><img decoding=\"async\" class=\"swiper-slide-image\" src=\"https:\/\/soymigrante.com\/revista\/wp-content\/uploads\/2024\/02\/familias-de-diferentes-estados-en-la-visita-de-cafe-antigua-768x768.webp\" alt=\"Este emprendimiento proporciona empleo a m\u00e1s de 30 trabajadores, en su mayor\u00eda provenientes de M\u00e9xico, Colombia, Venezuela y Guatemala, as\u00ed como unos cuantos estadounidenses.\" \/><figcaption class=\"elementor-image-carousel-caption\">Este emprendimiento proporciona empleo a m\u00e1s de 30 trabajadores, en su mayor\u00eda provenientes de M\u00e9xico, Colombia, Venezuela y Guatemala, as\u00ed como unos cuantos estadounidenses.<\/figcaption><\/figure><\/div>\t\t\t<\/div>\n\t\t\t\t\t\t\t\t\t\t\t\t<div class=\"elementor-swiper-button elementor-swiper-button-prev\" role=\"button\" tabindex=\"0\">\n\t\t\t\t\t\t<i aria-hidden=\"true\" class=\"eicon-chevron-left\"><\/i>\t\t\t\t\t<\/div>\n\t\t\t\t\t<div class=\"elementor-swiper-button elementor-swiper-button-next\" role=\"button\" tabindex=\"0\">\n\t\t\t\t\t\t<i aria-hidden=\"true\" class=\"eicon-chevron-right\"><\/i>\t\t\t\t\t<\/div>\n\t\t\t\t\n\t\t\t\t\t\t\t\t\t<div class=\"swiper-pagination\"><\/div>\n\t\t\t\t\t\t\t\t\t<\/div>\n\t\t\t\t\t\t<\/div>\n\t\t\t\t\t<\/div>\n\t\t<\/div>\n\t\t\t\t\t<\/div>\n\t\t<\/section>\n\t\t\t\t<section data-particle_enable=\"false\" data-particle-mobile-disabled=\"false\" class=\"elementor-section elementor-top-section elementor-element elementor-element-cb10f7e elementor-section-boxed elementor-section-height-default elementor-section-height-default\" data-id=\"cb10f7e\" data-element_type=\"section\" data-e-type=\"section\">\n\t\t\t\t\t\t<div class=\"elementor-container elementor-column-gap-default\">\n\t\t\t\t\t<div class=\"elementor-column elementor-col-100 elementor-top-column elementor-element elementor-element-deda76a\" data-id=\"deda76a\" data-element_type=\"column\" data-e-type=\"column\">\n\t\t\t<div class=\"elementor-widget-wrap elementor-element-populated\">\n\t\t\t\t\t\t<div class=\"elementor-element elementor-element-7c45570 elementor-widget elementor-widget-text-editor\" data-id=\"7c45570\" data-element_type=\"widget\" data-e-type=\"widget\" data-widget_type=\"text-editor.default\">\n\t\t\t\t\t\t\t\t\t<p><span style=\"font-weight: 400;\">\u201cMis padres siempre tomaron en cuenta mi opini\u00f3n, ellos iniciaron con los desayunos chapines; huevos, frijoles, pl\u00e1tanos fritos y la taza de caf\u00e9. Cuando crec\u00ed me apasion\u00e9 por el arte culinario y comenzamos a incluir nuevos sabores y platillos&#8221;, cuenta Ana Sofia.<\/span><\/p><p><span style=\"font-weight: 400;\">\u201cTengo el reto de sacar adelante el negocio y expandirnos a otros estados. El color y los sabores spm lo que me conecta con el mundo gastron\u00f3mico. Hacer una taza de caf\u00e9 es un arte y esto me apasiona\u201d. Aunque el plan es expandirse,\u00a0 Ana no descuida su hogar.\u00a0<\/span><\/p><p><span style=\"font-weight: 400;\">El men\u00fa ha crecido. L<\/span><span style=\"font-weight: 400; color: var( --e-global-color-text );\">os huevos motule\u00f1os y los Chilaquiles mexicanos tambi\u00e9n destacan en el gusto de la comunidad latina y americana. Una de las bebidas emblem\u00e1ticas es el <i>mazap\u00e1n latte<\/i>. \u201cNuestro objetivo es estar con la comunidad latina y apoyarnos entre s\u00ed. Ten\u00edamos 2% de clientela latina ahora hemos llegado al 70%. Es un honor servir comida guatemalteca inspirada en otras culturas\u201d.<\/span><\/p><p><span style=\"font-weight: 400;\">Caf\u00e9 Antigua genera oportunidades. Tiene unos 30 empleados, la mayor\u00eda provenientes de M\u00e9xico, Colombia, Venezuela y Guatemala, as\u00ed como unos cuantos estadounidenses. Ana Sofia y su familia se sienten orgullosos de\u00a0 \u00a0contribuir econ\u00f3micamente al sustento de familias compatriotas.<\/span><\/p>\t\t\t\t\t\t\t\t<\/div>\n\t\t\t\t\t<\/div>\n\t\t<\/div>\n\t\t\t\t\t<\/div>\n\t\t<\/section>\n\t\t\t\t<section data-particle_enable=\"false\" data-particle-mobile-disabled=\"false\" class=\"elementor-section elementor-top-section elementor-element elementor-element-1bc0d5a elementor-section-boxed elementor-section-height-default elementor-section-height-default\" data-id=\"1bc0d5a\" data-element_type=\"section\" data-e-type=\"section\">\n\t\t\t\t\t\t<div class=\"elementor-container elementor-column-gap-default\">\n\t\t\t\t\t<div class=\"elementor-column elementor-col-100 elementor-top-column elementor-element elementor-element-dd28b36\" data-id=\"dd28b36\" data-element_type=\"column\" data-e-type=\"column\">\n\t\t\t<div class=\"elementor-widget-wrap elementor-element-populated\">\n\t\t\t\t\t\t<div class=\"elementor-element elementor-element-b652197 elementor-arrows-position-inside elementor-pagination-position-outside elementor-widget elementor-widget-image-carousel\" data-id=\"b652197\" data-element_type=\"widget\" data-e-type=\"widget\" data-settings=\"{&quot;slides_to_show&quot;:&quot;1&quot;,&quot;navigation&quot;:&quot;both&quot;,&quot;autoplay&quot;:&quot;yes&quot;,&quot;pause_on_hover&quot;:&quot;yes&quot;,&quot;pause_on_interaction&quot;:&quot;yes&quot;,&quot;autoplay_speed&quot;:5000,&quot;infinite&quot;:&quot;yes&quot;,&quot;effect&quot;:&quot;slide&quot;,&quot;speed&quot;:500}\" data-widget_type=\"image-carousel.default\">\n\t\t\t\t\t\t\t<div class=\"elementor-image-carousel-wrapper swiper\" role=\"region\" aria-roledescription=\"carousel\" aria-label=\"Carrusel de im\u00e1genes\" dir=\"ltr\">\n\t\t\t<div class=\"elementor-image-carousel swiper-wrapper\" aria-live=\"off\">\n\t\t\t\t\t\t\t\t<div class=\"swiper-slide\" role=\"group\" aria-roledescription=\"slide\" aria-label=\"1 de 9\"><figure class=\"swiper-slide-inner\"><img decoding=\"async\" class=\"swiper-slide-image\" src=\"https:\/\/soymigrante.com\/revista\/wp-content\/uploads\/2024\/02\/promocion--768x768.webp\" alt=\"promocion\" \/><\/figure><\/div><div class=\"swiper-slide\" role=\"group\" aria-roledescription=\"slide\" aria-label=\"2 de 9\"><figure class=\"swiper-slide-inner\"><img decoding=\"async\" class=\"swiper-slide-image\" src=\"https:\/\/soymigrante.com\/revista\/wp-content\/uploads\/2024\/02\/promocion-comida--768x768.webp\" alt=\"promocion comida\" \/><\/figure><\/div><div class=\"swiper-slide\" role=\"group\" aria-roledescription=\"slide\" aria-label=\"3 de 9\"><figure class=\"swiper-slide-inner\"><img decoding=\"async\" class=\"swiper-slide-image\" src=\"https:\/\/soymigrante.com\/revista\/wp-content\/uploads\/2024\/02\/tamales-768x768.webp\" alt=\"tamales\" \/><\/figure><\/div><div class=\"swiper-slide\" role=\"group\" aria-roledescription=\"slide\" aria-label=\"4 de 9\"><figure class=\"swiper-slide-inner\"><img decoding=\"async\" class=\"swiper-slide-image\" src=\"https:\/\/soymigrante.com\/revista\/wp-content\/uploads\/2024\/02\/tradicional-768x768.webp\" alt=\"tradicional\" \/><\/figure><\/div><div class=\"swiper-slide\" role=\"group\" aria-roledescription=\"slide\" aria-label=\"5 de 9\"><figure class=\"swiper-slide-inner\"><img decoding=\"async\" class=\"swiper-slide-image\" src=\"https:\/\/soymigrante.com\/revista\/wp-content\/uploads\/2024\/02\/postre--768x768.webp\" alt=\"postre\" \/><\/figure><\/div><div class=\"swiper-slide\" role=\"group\" aria-roledescription=\"slide\" aria-label=\"6 de 9\"><figure class=\"swiper-slide-inner\"><img decoding=\"async\" class=\"swiper-slide-image\" src=\"https:\/\/soymigrante.com\/revista\/wp-content\/uploads\/2024\/02\/rellenitos-768x768.webp\" alt=\"rellenitos\" \/><\/figure><\/div><div class=\"swiper-slide\" role=\"group\" aria-roledescription=\"slide\" aria-label=\"7 de 9\"><figure class=\"swiper-slide-inner\"><img decoding=\"async\" class=\"swiper-slide-image\" src=\"https:\/\/soymigrante.com\/revista\/wp-content\/uploads\/2024\/02\/producto-768x768.webp\" alt=\"producto\" \/><\/figure><\/div><div class=\"swiper-slide\" role=\"group\" aria-roledescription=\"slide\" aria-label=\"8 de 9\"><figure class=\"swiper-slide-inner\"><img decoding=\"async\" class=\"swiper-slide-image\" src=\"https:\/\/soymigrante.com\/revista\/wp-content\/uploads\/2024\/02\/platillo-llamado-suave-amanecer-huevitos-revueltos-con-verdura-y-una-taza-de-mosh-con-fruta-fresxa-y-salsa-de-mango-768x768.webp\" alt=\"platillo llamado suave amanecer huevitos revueltos con verdura y una taza de mosh con fruta fresxa y salsa de mango\" \/><\/figure><\/div><div class=\"swiper-slide\" role=\"group\" aria-roledescription=\"slide\" aria-label=\"9 de 9\"><figure class=\"swiper-slide-inner\"><img decoding=\"async\" class=\"swiper-slide-image\" src=\"https:\/\/soymigrante.com\/revista\/wp-content\/uploads\/2024\/02\/plato-guatemalteco-768x768.webp\" alt=\"plato guatemalteco\" \/><\/figure><\/div>\t\t\t<\/div>\n\t\t\t\t\t\t\t\t\t\t\t\t<div class=\"elementor-swiper-button elementor-swiper-button-prev\" role=\"button\" tabindex=\"0\">\n\t\t\t\t\t\t<i aria-hidden=\"true\" class=\"eicon-chevron-left\"><\/i>\t\t\t\t\t<\/div>\n\t\t\t\t\t<div class=\"elementor-swiper-button elementor-swiper-button-next\" role=\"button\" tabindex=\"0\">\n\t\t\t\t\t\t<i aria-hidden=\"true\" class=\"eicon-chevron-right\"><\/i>\t\t\t\t\t<\/div>\n\t\t\t\t\n\t\t\t\t\t\t\t\t\t<div class=\"swiper-pagination\"><\/div>\n\t\t\t\t\t\t\t\t\t<\/div>\n\t\t\t\t\t\t<\/div>\n\t\t\t\t\t<\/div>\n\t\t<\/div>\n\t\t\t\t\t<\/div>\n\t\t<\/section>\n\t\t\t\t<section data-particle_enable=\"false\" data-particle-mobile-disabled=\"false\" class=\"elementor-section elementor-top-section elementor-element elementor-element-d66a9ad elementor-section-boxed elementor-section-height-default elementor-section-height-default\" data-id=\"d66a9ad\" data-element_type=\"section\" data-e-type=\"section\">\n\t\t\t\t\t\t<div class=\"elementor-container elementor-column-gap-default\">\n\t\t\t\t\t<div class=\"elementor-column elementor-col-100 elementor-top-column elementor-element elementor-element-a934650\" data-id=\"a934650\" data-element_type=\"column\" data-e-type=\"column\">\n\t\t\t<div class=\"elementor-widget-wrap elementor-element-populated\">\n\t\t\t\t\t\t<div class=\"elementor-element elementor-element-e461323 elementor-testimonial--skin-default elementor-testimonial--layout-image_inline elementor-testimonial--align-center elementor-arrows-yes elementor-pagination-type-bullets elementor-widget elementor-widget-testimonial-carousel\" data-id=\"e461323\" data-element_type=\"widget\" data-e-type=\"widget\" data-settings=\"{&quot;show_arrows&quot;:&quot;yes&quot;,&quot;pagination&quot;:&quot;bullets&quot;,&quot;speed&quot;:500,&quot;autoplay&quot;:&quot;yes&quot;,&quot;autoplay_speed&quot;:5000,&quot;loop&quot;:&quot;yes&quot;,&quot;pause_on_hover&quot;:&quot;yes&quot;,&quot;pause_on_interaction&quot;:&quot;yes&quot;,&quot;space_between&quot;:{&quot;unit&quot;:&quot;px&quot;,&quot;size&quot;:10,&quot;sizes&quot;:[]},&quot;space_between_tablet&quot;:{&quot;unit&quot;:&quot;px&quot;,&quot;size&quot;:10,&quot;sizes&quot;:[]},&quot;space_between_mobile&quot;:{&quot;unit&quot;:&quot;px&quot;,&quot;size&quot;:10,&quot;sizes&quot;:[]}}\" data-widget_type=\"testimonial-carousel.default\">\n\t\t\t\t\t\t\t\t\t\t<div class=\"elementor-main-swiper swiper\" role=\"region\" aria-roledescription=\"carousel\" aria-label=\"Diapositivas\">\n\t\t\t\t<div class=\"swiper-wrapper\">\n\t\t\t\t\t\t\t\t\t\t\t<div class=\"swiper-slide\" role=\"group\" aria-roledescription=\"slide\">\n\t\t\t\t\t\t\t\t\t<div class=\"elementor-testimonial\">\n\t\t\t\t\t\t\t<div class=\"elementor-testimonial__content\">\n\t\t\t\t\t<div class=\"elementor-testimonial__text\">\n\t\t\t\t\t\t\u201cMi mensaje para toda mujer en Guatemala o mujer migrante en Estados Unidos, es que todo lo que t\u00fa te propongas puedes hacerlo, primero colocar las cosas en las manos de Dios. He vivido en carne propia no saber por d\u00f3nde empezar, pero ahora ofrecer trabajarlos es una bendici\u00f3n para nuestras vidas. Hay familias que han escapado de Guatemala y est\u00e1n en busca de un camino pr\u00f3spero. Al presentar a Caf\u00e9 Antigua, me presento primero como mujer y empresaria\u201d.\n\t\t\t\t\t<\/div>\n\t\t\t\t\t\t\t\t\t<\/div>\n\t\t\t\t\t\t<div class=\"elementor-testimonial__footer\">\n\t\t\t\t\t\t\t\t\t<div class=\"elementor-testimonial__image\">\n\t\t\t\t\t\t<img decoding=\"async\" src=\"https:\/\/soymigrante.com\/revista\/wp-content\/uploads\/2024\/02\/banner-1-e1707259199260.webp\" alt=\"Ana Sof\u00eda Valdez, una migrante guatemalteca, impulsa el restaurante Caf\u00e9 Antigua con su ingenio culinario, pero tambi\u00e9n sirve como un inspirador ejemplo de empoderamiento femenino.\">\n\t\t\t\t\t\t\t\t\t\t\t<\/div>\n\t\t\t\t\t\t\t\t<cite class=\"elementor-testimonial__cite\"><span class=\"elementor-testimonial__name\">Ana Sof\u00eda Valdez Del Cid<\/span><span class=\"elementor-testimonial__title\">Emprendedora migrante guatemalte <\/span><\/cite>\t\t\t<\/div>\n\t\t<\/div>\n\t\t\t\t\t\t\t\t<\/div>\n\t\t\t\t\t\t\t\t\t<\/div>\n\t\t\t\t\t\t\t<\/div>\n\t\t\t\t\t\t\t\t<\/div>\n\t\t\t\t\t<\/div>\n\t\t<\/div>\n\t\t\t\t\t<\/div>\n\t\t<\/section>\n\t\t\t\t<section data-particle_enable=\"false\" data-particle-mobile-disabled=\"false\" class=\"elementor-section elementor-top-section elementor-element elementor-element-7b6193b elementor-section-boxed elementor-section-height-default elementor-section-height-default\" data-id=\"7b6193b\" data-element_type=\"section\" data-e-type=\"section\">\n\t\t\t\t\t\t<div class=\"elementor-container elementor-column-gap-default\">\n\t\t\t\t\t<div class=\"elementor-column elementor-col-100 elementor-top-column elementor-element elementor-element-715e4d4\" data-id=\"715e4d4\" data-element_type=\"column\" data-e-type=\"column\">\n\t\t\t<div class=\"elementor-widget-wrap elementor-element-populated\">\n\t\t\t\t\t\t<div class=\"elementor-element elementor-element-dd17845 elementor-widget elementor-widget-heading\" data-id=\"dd17845\" data-element_type=\"widget\" data-e-type=\"widget\" data-widget_type=\"heading.default\">\n\t\t\t\t\t<h2 class=\"elementor-heading-title elementor-size-default\">Multifac\u00e9tica y solidaria  \n<\/h2>\t\t\t\t<\/div>\n\t\t\t\t\t<\/div>\n\t\t<\/div>\n\t\t\t\t\t<\/div>\n\t\t<\/section>\n\t\t\t\t<section data-particle_enable=\"false\" data-particle-mobile-disabled=\"false\" class=\"elementor-section elementor-top-section elementor-element elementor-element-9cda996 elementor-section-boxed elementor-section-height-default elementor-section-height-default\" data-id=\"9cda996\" data-element_type=\"section\" data-e-type=\"section\">\n\t\t\t\t\t\t<div class=\"elementor-container elementor-column-gap-default\">\n\t\t\t\t\t<div class=\"elementor-column elementor-col-100 elementor-top-column elementor-element elementor-element-d26079f\" data-id=\"d26079f\" data-element_type=\"column\" data-e-type=\"column\">\n\t\t\t<div class=\"elementor-widget-wrap elementor-element-populated\">\n\t\t\t\t\t\t<div class=\"elementor-element elementor-element-7f22108 elementor-widget elementor-widget-text-editor\" data-id=\"7f22108\" data-element_type=\"widget\" data-e-type=\"widget\" data-widget_type=\"text-editor.default\">\n\t\t\t\t\t\t\t\t\t<p><span style=\"font-weight: 400;\">La migrante Ana Sof\u00eda Valdez tambi\u00e9n posee talentos en el \u00e1rea de comunicaci\u00f3n y proyecci\u00f3n social. Es maestra de ceremonias y frecuentamente la invitan a conducir eventos locales. Tambi\u00e9n suele participar como panelista en foros contra la violencia intrafamiliar. Uno de sus proyectos personales es lanzar su propio podcast para hablar sobre emprendedores latinos y sus experiencias laborales, as\u00ed como brindar<\/span><span style=\"font-weight: 400; color: var( --e-global-color-text );\">\u00a0apoyo informativo a la comunidad migrante guatemalteca.\u00a0<\/span><\/p><p><span style=\"font-weight: 400; color: var( --e-global-color-text );\">Ana Sof\u00eda tambi\u00e9n se dedica a conectar con la comunidad de mujeres migrantes guatemaltecas, ya que valora el papel de las mujeres emprendedoras y empresarias. Reconoce la existencia de discriminaci\u00f3n y falta de apoyo en cualquier entorno, y su trabajo busca inspirar a otras mujeres a superar estos desaf\u00edos. &#8220;Ser mujer latina y migrante es dif\u00edcil. Las mujeres desempe\u00f1amos un papel crucial; por ejemplo, mi padre lidera el negocio, pero depende de m\u00ed ayuda para comunicarse&#8221;.<\/span><\/p><p><span style=\"font-weight: 400;\">Una de las dificultades que destaca es la disparidad en el apoyo financiero otorgado, con una clara inclinaci\u00f3n hacia los hombres en comparaci\u00f3n con las mujeres latinas, especialmente en asuntos financieros. Ella misma ha experimentado esta situaci\u00f3n por lo que se dedica a promover la equidad\u00a0 y tambi\u00e9n incentivar la autovaloraci\u00f3n de las mujeres. &#8220;Cada d\u00eda me esfuerzo por fortalecer mi empoderamiento y mi resiliencia&#8221;.<\/span><\/p><p><span style=\"font-family: Roboto, sans-serif; font-size: 16px; font-style: normal; font-variant-ligatures: normal; font-variant-caps: normal; font-weight: 400;\">Ana Sof\u00eda reitera que el \u00e9xito alcanzado se debe al respaldo incondicional de sus padres, esposo e hijo. &#8220;Siempre me enfoco en mis metas. Continuar con la labor de mis padres significa preservar nuestro legado y fortalecerlo para las generaciones venideras&#8221;.<\/span><span style=\"font-weight: 400;\"><br \/><\/span><\/p>\t\t\t\t\t\t\t\t<\/div>\n\t\t\t\t\t<\/div>\n\t\t<\/div>\n\t\t\t\t\t<\/div>\n\t\t<\/section>\n\t\t\t\t<section data-particle_enable=\"false\" data-particle-mobile-disabled=\"false\" class=\"elementor-section elementor-top-section elementor-element elementor-element-d607af9 elementor-section-boxed elementor-section-height-default elementor-section-height-default\" data-id=\"d607af9\" data-element_type=\"section\" data-e-type=\"section\">\n\t\t\t\t\t\t<div class=\"elementor-container elementor-column-gap-default\">\n\t\t\t\t\t<div class=\"elementor-column elementor-col-100 elementor-top-column elementor-element elementor-element-8c29275\" data-id=\"8c29275\" data-element_type=\"column\" data-e-type=\"column\">\n\t\t\t<div class=\"elementor-widget-wrap elementor-element-populated\">\n\t\t\t\t\t\t<div class=\"elementor-element elementor-element-3b57e12 elementor-arrows-position-inside elementor-pagination-position-outside elementor-widget elementor-widget-image-carousel\" data-id=\"3b57e12\" data-element_type=\"widget\" data-e-type=\"widget\" data-settings=\"{&quot;slides_to_show&quot;:&quot;1&quot;,&quot;navigation&quot;:&quot;both&quot;,&quot;autoplay&quot;:&quot;yes&quot;,&quot;pause_on_hover&quot;:&quot;yes&quot;,&quot;pause_on_interaction&quot;:&quot;yes&quot;,&quot;autoplay_speed&quot;:5000,&quot;infinite&quot;:&quot;yes&quot;,&quot;effect&quot;:&quot;slide&quot;,&quot;speed&quot;:500}\" data-widget_type=\"image-carousel.default\">\n\t\t\t\t\t\t\t<div class=\"elementor-image-carousel-wrapper swiper\" role=\"region\" aria-roledescription=\"carousel\" aria-label=\"Carrusel de im\u00e1genes\" dir=\"ltr\">\n\t\t\t<div class=\"elementor-image-carousel swiper-wrapper\" aria-live=\"off\">\n\t\t\t\t\t\t\t\t<div class=\"swiper-slide\" role=\"group\" aria-roledescription=\"slide\" aria-label=\"1 de 1\"><figure class=\"swiper-slide-inner\"><img decoding=\"async\" class=\"swiper-slide-image\" src=\"https:\/\/soymigrante.com\/revista\/wp-content\/uploads\/2024\/02\/cafe-antigua-768x768.webp\" alt=\"Ana Sofia tom\u00f3 las riendas del negocio familiar con la innovaci\u00f3n de los platillos. Adem\u00e1s de ser apasionada por la cocina, posee otros talentos, como ser maestra de ceremonias y participa como panelista en temas como la violencia dom\u00e9stica en Oklahoma. Uno de sus proyectos personales es lanzar su propio podcast\" \/><figcaption class=\"elementor-image-carousel-caption\">Ana Sofia tom\u00f3 las riendas del negocio familiar con la innovaci\u00f3n de los platillos. Adem\u00e1s de ser apasionada por la cocina, posee otros talentos, como ser maestra de ceremonias y participa como panelista en temas como la violencia dom\u00e9stica en Oklahoma. Uno de sus proyectos personales es lanzar su propio podcast<\/figcaption><\/figure><\/div>\t\t\t<\/div>\n\t\t\t\t\t<\/div>\n\t\t\t\t\t\t<\/div>\n\t\t\t\t\t<\/div>\n\t\t<\/div>\n\t\t\t\t\t<\/div>\n\t\t<\/section>\n\t\t\t\t<section data-particle_enable=\"false\" data-particle-mobile-disabled=\"false\" class=\"elementor-section elementor-top-section elementor-element elementor-element-c443d60 elementor-section-boxed elementor-section-height-default elementor-section-height-default\" data-id=\"c443d60\" data-element_type=\"section\" data-e-type=\"section\">\n\t\t\t\t\t\t<div class=\"elementor-container elementor-column-gap-default\">\n\t\t\t\t\t<div class=\"elementor-column elementor-col-100 elementor-top-column elementor-element elementor-element-f97c60f\" data-id=\"f97c60f\" data-element_type=\"column\" data-e-type=\"column\">\n\t\t\t<div class=\"elementor-widget-wrap elementor-element-populated\">\n\t\t\t\t\t\t<div class=\"elementor-element elementor-element-36f954b elementor-widget elementor-widget-video\" data-id=\"36f954b\" data-element_type=\"widget\" data-e-type=\"widget\" data-settings=\"{&quot;youtube_url&quot;:&quot;https:\\\/\\\/www.youtube.com\\\/watch?v=FVa1vHrHqTk&quot;,&quot;video_type&quot;:&quot;youtube&quot;,&quot;controls&quot;:&quot;yes&quot;}\" data-widget_type=\"video.default\">\n\t\t\t\t\t\t\t<div class=\"elementor-wrapper elementor-open-inline\">\n\t\t\t<div class=\"elementor-video\"><\/div>\t\t<\/div>\n\t\t\t\t\t\t<\/div>\n\t\t\t\t\t<\/div>\n\t\t<\/div>\n\t\t\t\t\t<\/div>\n\t\t<\/section>\n\t\t\t\t<section data-particle_enable=\"false\" data-particle-mobile-disabled=\"false\" class=\"elementor-section elementor-top-section elementor-element elementor-element-fc7e4a4 elementor-section-boxed elementor-section-height-default elementor-section-height-default\" data-id=\"fc7e4a4\" data-element_type=\"section\" data-e-type=\"section\">\n\t\t\t\t\t\t<div class=\"elementor-container elementor-column-gap-default\">\n\t\t\t\t\t<div class=\"elementor-column elementor-col-100 elementor-top-column elementor-element elementor-element-7551d36\" data-id=\"7551d36\" data-element_type=\"column\" data-e-type=\"column\">\n\t\t\t<div class=\"elementor-widget-wrap elementor-element-populated\">\n\t\t\t\t\t\t<div class=\"elementor-element elementor-element-e45606c elementor-widget elementor-widget-heading\" data-id=\"e45606c\" data-element_type=\"widget\" data-e-type=\"widget\" data-widget_type=\"heading.default\">\n\t\t\t\t\t<h2 class=\"elementor-heading-title elementor-size-default\">M\u00e1s historias de \u00e9xito e inspiraci\u00f3n <\/h2>\t\t\t\t<\/div>\n\t\t\t\t\t<\/div>\n\t\t<\/div>\n\t\t\t\t\t<\/div>\n\t\t<\/section>\n\t\t\t\t<section data-particle_enable=\"false\" data-particle-mobile-disabled=\"false\" class=\"elementor-section elementor-top-section elementor-element elementor-element-ba4ec6c elementor-section-boxed elementor-section-height-default elementor-section-height-default\" data-id=\"ba4ec6c\" data-element_type=\"section\" data-e-type=\"section\">\n\t\t\t\t\t\t<div class=\"elementor-container elementor-column-gap-default\">\n\t\t\t\t\t<div class=\"elementor-column elementor-col-100 elementor-top-column elementor-element elementor-element-f96dc4b\" data-id=\"f96dc4b\" data-element_type=\"column\" data-e-type=\"column\">\n\t\t\t<div class=\"elementor-widget-wrap elementor-element-populated\">\n\t\t\t\t\t\t<div class=\"elementor-element elementor-element-e936870 elementor-grid-eael-col-2 elementor-grid-tablet-eael-col-2 elementor-grid-mobile-eael-col-1 elementor-widget elementor-widget-eael-post-grid\" data-id=\"e936870\" data-element_type=\"widget\" data-e-type=\"widget\" data-settings=\"{&quot;eael_post_grid_columns&quot;:&quot;eael-col-2&quot;,&quot;eael_post_grid_columns_tablet&quot;:&quot;eael-col-2&quot;,&quot;eael_post_grid_columns_mobile&quot;:&quot;eael-col-1&quot;}\" data-widget_type=\"eael-post-grid.default\">\n\t\t\t\t\t<div id=\"eael-post-grid-e936870\" class=\"eael-post-grid-container\">\n            <div class=\"eael-post-grid eael-post-appender eael-post-appender-e936870 eael-post-grid-style-one\" data-layout-mode=\"masonry\"><article class=\"eael-grid-post  eael-post-grid-column eael-pg-post-208 category-exitos-guatemala tags-connecticut\" data-id=\"208\">\n        <div class=\"eael-grid-post-holder\">\n            <div class=\"eael-grid-post-holder-inner\"><div class=\"eael-entry-media\"><div class=\"eael-entry-overlay fade-in\"><i class=\"fas fa-long-arrow-alt-right\" aria-hidden=\"true\"><\/i><a href=\"https:\/\/soymigrante.com\/revista\/elisa-escamilla-emprendedora-invierte-en-guatemala\/\"><\/a><\/div><div class=\"eael-entry-thumbnail \">\n                <img decoding=\"async\" width=\"300\" height=\"183\" src=\"https:\/\/soymigrante.com\/revista\/wp-content\/uploads\/2023\/03\/SOY-ELISA-ESCAMILLA-ENTREVISTA-3-300x183.webp\" class=\"attachment-medium size-medium wp-image-944\" alt=\"Para Elisa Escamilla, el mayor \u00e9xito y su m\u00e1xima prioridad en la vida es su familia.\" srcset=\"https:\/\/soymigrante.com\/revista\/wp-content\/uploads\/2023\/03\/SOY-ELISA-ESCAMILLA-ENTREVISTA-3-300x183.webp 300w, https:\/\/soymigrante.com\/revista\/wp-content\/uploads\/2023\/03\/SOY-ELISA-ESCAMILLA-ENTREVISTA-3-1024x624.jpg 1024w, https:\/\/soymigrante.com\/revista\/wp-content\/uploads\/2023\/03\/SOY-ELISA-ESCAMILLA-ENTREVISTA-3-768x468.jpg 768w, https:\/\/soymigrante.com\/revista\/wp-content\/uploads\/2023\/03\/SOY-ELISA-ESCAMILLA-ENTREVISTA-3-1536x936.jpg 1536w, https:\/\/soymigrante.com\/revista\/wp-content\/uploads\/2023\/03\/SOY-ELISA-ESCAMILLA-ENTREVISTA-3-750x457.webp 750w, https:\/\/soymigrante.com\/revista\/wp-content\/uploads\/2023\/03\/SOY-ELISA-ESCAMILLA-ENTREVISTA-3-1140x694.jpg 1140w, https:\/\/soymigrante.com\/revista\/wp-content\/uploads\/2023\/03\/SOY-ELISA-ESCAMILLA-ENTREVISTA-3.webp 1768w\" sizes=\"(max-width: 300px) 100vw, 300px\" \/>\n            <\/div>\n        <\/div><div class=\"eael-entry-wrapper\"><header class=\"eael-entry-header\"><h2 class=\"eael-entry-title\"><a class=\"eael-grid-post-link\" href=\"https:\/\/soymigrante.com\/revista\/elisa-escamilla-emprendedora-invierte-en-guatemala\/\" title=\"Elisa Escamilla: una historia de amor, foto y grandes objetivos.\">Elisa Escamilla: una historia de amor, foto y grandes objetivos.<\/a><\/h2><\/header><\/div><\/div>\n        <\/div>\n    <\/article><article class=\"eael-grid-post  eael-post-grid-column eael-pg-post-214 category-exitos-guatemala tags-michigan\" data-id=\"214\">\n        <div class=\"eael-grid-post-holder\">\n            <div class=\"eael-grid-post-holder-inner\"><div class=\"eael-entry-media\"><div class=\"eael-entry-overlay fade-in\"><i class=\"fas fa-long-arrow-alt-right\" aria-hidden=\"true\"><\/i><a href=\"https:\/\/soymigrante.com\/revista\/juan-francisco-es-qanjobal-comunicador-impulsor-de-talentos-y-experto-en-robotica\/\"><\/a><\/div><div class=\"eael-entry-thumbnail \">\n                <img decoding=\"async\" width=\"202\" height=\"300\" src=\"https:\/\/soymigrante.com\/revista\/wp-content\/uploads\/2023\/02\/PANCHOLON-1-202x300.webp\" class=\"attachment-medium size-medium wp-image-960\" alt=\"Pancolon Radio Internacional Francisco\" srcset=\"https:\/\/soymigrante.com\/revista\/wp-content\/uploads\/2023\/02\/PANCHOLON-1-202x300.webp 202w, https:\/\/soymigrante.com\/revista\/wp-content\/uploads\/2023\/02\/PANCHOLON-1-689x1024.jpg 689w, https:\/\/soymigrante.com\/revista\/wp-content\/uploads\/2023\/02\/PANCHOLON-1.webp 720w\" sizes=\"(max-width: 202px) 100vw, 202px\" \/>\n            <\/div>\n        <\/div><div class=\"eael-entry-wrapper\"><header class=\"eael-entry-header\"><h2 class=\"eael-entry-title\"><a class=\"eael-grid-post-link\" href=\"https:\/\/soymigrante.com\/revista\/juan-francisco-es-qanjobal-comunicador-impulsor-de-talentos-y-experto-en-robotica\/\" title=\"Los guatemaltecos debemos cambiar de chip: Juan Francisco\">Los guatemaltecos debemos cambiar de chip: Juan Francisco<\/a><\/h2><\/header><\/div><\/div>\n        <\/div>\n    <\/article><article class=\"eael-grid-post  eael-post-grid-column eael-pg-post-223 category-exitos-guatemala tags-nueva-york\" data-id=\"223\">\n        <div class=\"eael-grid-post-holder\">\n            <div class=\"eael-grid-post-holder-inner\"><div class=\"eael-entry-media\"><div class=\"eael-entry-overlay fade-in\"><i class=\"fas fa-long-arrow-alt-right\" aria-hidden=\"true\"><\/i><a href=\"https:\/\/soymigrante.com\/revista\/actor-arturo-castro\/\"><\/a><\/div><div class=\"eael-entry-thumbnail \">\n                <img loading=\"lazy\" decoding=\"async\" width=\"300\" height=\"169\" src=\"https:\/\/soymigrante.com\/revista\/wp-content\/uploads\/2023\/02\/artennat-300x169.webp\" class=\"attachment-medium size-medium wp-image-739\" alt=\"\" srcset=\"https:\/\/soymigrante.com\/revista\/wp-content\/uploads\/2023\/02\/artennat-300x169.webp 300w, https:\/\/soymigrante.com\/revista\/wp-content\/uploads\/2023\/02\/artennat-1024x576.jpg 1024w, https:\/\/soymigrante.com\/revista\/wp-content\/uploads\/2023\/02\/artennat-768x432.jpg 768w, https:\/\/soymigrante.com\/revista\/wp-content\/uploads\/2023\/02\/artennat-750x422.webp 750w, https:\/\/soymigrante.com\/revista\/wp-content\/uploads\/2023\/02\/artennat-1140x641.jpg 1140w, https:\/\/soymigrante.com\/revista\/wp-content\/uploads\/2023\/02\/artennat.webp 1280w\" sizes=\"(max-width: 300px) 100vw, 300px\" \/>\n            <\/div>\n        <\/div><div class=\"eael-entry-wrapper\"><header class=\"eael-entry-header\"><h2 class=\"eael-entry-title\"><a class=\"eael-grid-post-link\" href=\"https:\/\/soymigrante.com\/revista\/actor-arturo-castro\/\" title=\"&#8220;Cuando uno tiene un sue\u00f1o, no hay plan B&#8221;: actor Arturo Castro\">&#8220;Cuando uno tiene un sue\u00f1o, no hay plan B&#8221;: actor Arturo Castro<\/a><\/h2><\/header><\/div><\/div>\n        <\/div>\n    <\/article><article class=\"eael-grid-post  eael-post-grid-column eael-pg-post-229 category-exitos\" data-id=\"229\">\n        <div class=\"eael-grid-post-holder\">\n            <div class=\"eael-grid-post-holder-inner\"><div class=\"eael-entry-media\"><div class=\"eael-entry-overlay fade-in\"><i class=\"fas fa-long-arrow-alt-right\" aria-hidden=\"true\"><\/i><a href=\"https:\/\/soymigrante.com\/revista\/susana-madrigal-por-a-barahona\/\"><\/a><\/div><div class=\"eael-entry-thumbnail \">\n                <img loading=\"lazy\" decoding=\"async\" width=\"300\" height=\"225\" src=\"https:\/\/soymigrante.com\/revista\/wp-content\/uploads\/2023\/02\/1-EXITOS-MADRIGAL-2-1-300x225.webp\" class=\"attachment-medium size-medium wp-image-230\" alt=\"\" srcset=\"https:\/\/soymigrante.com\/revista\/wp-content\/uploads\/2023\/02\/1-EXITOS-MADRIGAL-2-1-300x225.webp 300w, https:\/\/soymigrante.com\/revista\/wp-content\/uploads\/2023\/02\/1-EXITOS-MADRIGAL-2-1-768x576.jpeg 768w, https:\/\/soymigrante.com\/revista\/wp-content\/uploads\/2023\/02\/1-EXITOS-MADRIGAL-2-1-750x563.webp 750w, https:\/\/soymigrante.com\/revista\/wp-content\/uploads\/2023\/02\/1-EXITOS-MADRIGAL-2-1.webp 1024w\" sizes=\"(max-width: 300px) 100vw, 300px\" \/>\n            <\/div>\n        <\/div><div class=\"eael-entry-wrapper\"><header class=\"eael-entry-header\"><h2 class=\"eael-entry-title\"><a class=\"eael-grid-post-link\" href=\"https:\/\/soymigrante.com\/revista\/susana-madrigal-por-a-barahona\/\" title=\"Susana Madrigal: madre, esposa y emprendedora\">Susana Madrigal: madre, esposa y emprendedora<\/a><\/h2><\/header><\/div><\/div>\n        <\/div>\n    <\/article><article class=\"eael-grid-post  eael-post-grid-column eael-pg-post-235 category-exitos\" data-id=\"235\">\n        <div class=\"eael-grid-post-holder\">\n            <div class=\"eael-grid-post-holder-inner\"><div class=\"eael-entry-media\"><div class=\"eael-entry-overlay fade-in\"><i class=\"fas fa-long-arrow-alt-right\" aria-hidden=\"true\"><\/i><a href=\"https:\/\/soymigrante.com\/revista\/cronologia-ricardo-arjona\/\"><\/a><\/div><div class=\"eael-entry-thumbnail \">\n                <img loading=\"lazy\" decoding=\"async\" width=\"300\" height=\"169\" src=\"https:\/\/soymigrante.com\/revista\/wp-content\/uploads\/2023\/02\/1-EXITOS-ARJONA-A-300x169.webp\" class=\"attachment-medium size-medium wp-image-236\" alt=\"\" srcset=\"https:\/\/soymigrante.com\/revista\/wp-content\/uploads\/2023\/02\/1-EXITOS-ARJONA-A-300x169.webp 300w, https:\/\/soymigrante.com\/revista\/wp-content\/uploads\/2023\/02\/1-EXITOS-ARJONA-A-1024x576.jpg 1024w, https:\/\/soymigrante.com\/revista\/wp-content\/uploads\/2023\/02\/1-EXITOS-ARJONA-A-768x432.jpg 768w, https:\/\/soymigrante.com\/revista\/wp-content\/uploads\/2023\/02\/1-EXITOS-ARJONA-A-750x422.webp 750w, https:\/\/soymigrante.com\/revista\/wp-content\/uploads\/2023\/02\/1-EXITOS-ARJONA-A-1140x641.jpg 1140w, https:\/\/soymigrante.com\/revista\/wp-content\/uploads\/2023\/02\/1-EXITOS-ARJONA-A.webp 1280w\" sizes=\"(max-width: 300px) 100vw, 300px\" \/>\n            <\/div>\n        <\/div><div class=\"eael-entry-wrapper\"><header class=\"eael-entry-header\"><h2 class=\"eael-entry-title\"><a class=\"eael-grid-post-link\" href=\"https:\/\/soymigrante.com\/revista\/cronologia-ricardo-arjona\/\" title=\"Ricardo Arjona: una cronolog\u00eda migrante desde antes de nacer\">Ricardo Arjona: una cronolog\u00eda migrante desde antes de nacer<\/a><\/h2><\/header><\/div><\/div>\n        <\/div>\n    <\/article><article class=\"eael-grid-post  eael-post-grid-column eael-pg-post-763 category-exitos-guatemala tags-california\" data-id=\"763\">\n        <div class=\"eael-grid-post-holder\">\n            <div class=\"eael-grid-post-holder-inner\"><div class=\"eael-entry-media\"><div class=\"eael-entry-overlay fade-in\"><i class=\"fas fa-long-arrow-alt-right\" aria-hidden=\"true\"><\/i><a href=\"https:\/\/soymigrante.com\/revista\/biologo-lustra-el-mayor-tesoro-de-guatemala\/\"><\/a><\/div><div class=\"eael-entry-thumbnail \">\n                <img loading=\"lazy\" decoding=\"async\" width=\"300\" height=\"225\" src=\"https:\/\/soymigrante.com\/revista\/wp-content\/uploads\/2023\/03\/SOY-MIGRANTE-RENE-CORADO-BIOLOGO-4-300x225.webp\" class=\"attachment-medium size-medium wp-image-809\" alt=\"Ren\u00e9 Corado, migrante y biologo director del museo de aves de Oxnard, California\" srcset=\"https:\/\/soymigrante.com\/revista\/wp-content\/uploads\/2023\/03\/SOY-MIGRANTE-RENE-CORADO-BIOLOGO-4-300x225.webp 300w, https:\/\/soymigrante.com\/revista\/wp-content\/uploads\/2023\/03\/SOY-MIGRANTE-RENE-CORADO-BIOLOGO-4-1024x769.jpg 1024w, https:\/\/soymigrante.com\/revista\/wp-content\/uploads\/2023\/03\/SOY-MIGRANTE-RENE-CORADO-BIOLOGO-4-768x577.jpg 768w, https:\/\/soymigrante.com\/revista\/wp-content\/uploads\/2023\/03\/SOY-MIGRANTE-RENE-CORADO-BIOLOGO-4-1536x1154.jpg 1536w, https:\/\/soymigrante.com\/revista\/wp-content\/uploads\/2023\/03\/SOY-MIGRANTE-RENE-CORADO-BIOLOGO-4-2048x1539.jpg 2048w, https:\/\/soymigrante.com\/revista\/wp-content\/uploads\/2023\/03\/SOY-MIGRANTE-RENE-CORADO-BIOLOGO-4-750x563.webp 750w, https:\/\/soymigrante.com\/revista\/wp-content\/uploads\/2023\/03\/SOY-MIGRANTE-RENE-CORADO-BIOLOGO-4-1140x856.jpg 1140w, https:\/\/soymigrante.com\/revista\/wp-content\/uploads\/2023\/03\/SOY-MIGRANTE-RENE-CORADO-BIOLOGO-4-scaled.webp 1920w\" sizes=\"(max-width: 300px) 100vw, 300px\" \/>\n            <\/div>\n        <\/div><div class=\"eael-entry-wrapper\"><header class=\"eael-entry-header\"><h2 class=\"eael-entry-title\"><a class=\"eael-grid-post-link\" href=\"https:\/\/soymigrante.com\/revista\/biologo-lustra-el-mayor-tesoro-de-guatemala\/\" title=\"Bi\u00f3logo migrante Ren\u00e9 Corado lustra el mayor tesoro de Guatemala\">Bi\u00f3logo migrante Ren\u00e9 Corado lustra el mayor tesoro de Guatemala<\/a><\/h2><\/header><\/div><\/div>\n        <\/div>\n    <\/article><\/div>\n            <div class=\"clearfix\"><\/div>\n        <\/div>            <div class=\"eael-load-more-button-wrap eael-force-hide\">\n                <button class=\"eael-load-more-button\" id=\"eael-load-more-btn-e936870\" data-widget-id=\"e936870\" data-widget=\"e936870\" data-page-id=\"4731\" data-template=\"{&quot;dir&quot;:&quot;lite&quot;,&quot;file_name&quot;:&quot;one.php&quot;,&quot;name&quot;:&quot;Post-Grid&quot;}\" data-class=\"Essential_Addons_Elementor\\Elements\\Post_Grid\" data-layout=\"masonry\" data-page=\"1\" data-args=\"orderby=parent&amp;order=desc&amp;ignore_sticky_posts=1&amp;post_status=publish&amp;posts_per_page=6&amp;offset=0&amp;post_type=post&amp;tax_query%5B0%5D%5Btaxonomy%5D=category&amp;tax_query%5B0%5D%5Bfield%5D=term_id&amp;tax_query%5B0%5D%5Bterms%5D%5B0%5D=50&amp;tax_query%5Brelation%5D=AND\" data-max-page=\"52\">\n                    <span class=\"eael-btn-loader button__loader\"><\/span>\n                    <span class=\"eael_load_more_text\">Cargar m\u00e1s<\/span>\n                <\/button>\n            <\/div>\n            \t\t\t\t<\/div>\n\t\t\t\t\t<\/div>\n\t\t<\/div>\n\t\t\t\t\t<\/div>\n\t\t<\/section>\n\t\t\t\t<\/div>\n\t\t","protected":false},"excerpt":{"rendered":"<p>En 2007, los migrantes guatemaltecos Benjam\u00edn y \u00c9lida fundaron Caf\u00e9 Antigua, un vibrante enclave de sabores hispanos en el coraz\u00f3n de Oklahoma. Su hija Ana Sof\u00eda comparte su pasi\u00f3n por la gastronom\u00eda y brinda apoyo a mujeres migrantes. Sof\u00eda Valdez del Cid es originaria de la zona 6 de Villanueva, Ciudad de Guatemala. Ella, junto [&hellip;]<\/p>\n","protected":false},"author":10,"featured_media":4735,"comment_status":"open","ping_status":"open","sticky":false,"template":"","format":"standard","meta":{"_acf_changed":false,"_eb_attr":"","footnotes":""},"categories":[50],"tags":[],"class_list":["post-4731","post","type-post","status-publish","format-standard","has-post-thumbnail","hentry","category-exitos"],"acf":[],"aioseo_notices":[],"aioseo_head":"\n\t\t<!-- All in One SEO Pro 4.9.6.2 - aioseo.com -->\n\t<meta name=\"description\" content=\"El bi\u00f3logo, escritor y migrante Ren\u00e9 Corado dirige el museo de aves de Camarillo, California; su ni\u00f1ez en Guatemala fue dif\u00edcil y por eso impulsa la educaci\u00f3n en su pa\u00eds. La vida del migrante guatemalteco Ren\u00e9 Corado est\u00e1 hecha de imposibles convertidos en posibilidad. \u00bfC\u00f3mo un ni\u00f1o lustrador llega a ser director de uno de\" \/>\n\t<meta name=\"robots\" content=\"max-snippet:-1, max-image-preview:large, max-video-preview:-1\" \/>\n\t<meta name=\"author\" content=\"Diana Batz\"\/>\n\t<link rel=\"canonical\" href=\"https:\/\/soymigrante.com\/revista\/sofia-valdez-migrante-guatemalteca-oklahoma-cafe-familiar-la-antigua\/\" \/>\n\t<meta name=\"generator\" content=\"All in One SEO Pro (AIOSEO) 4.9.6.2\" \/>\n\n\t\t<link rel=\"preconnect\" href=\"https:\/\/fonts.googleapis.com\" crossorigin>\n<link rel=\"preconnect\" href=\"https:\/\/fonts.gstatic.com\" crossorigin>\n\t\t<meta property=\"og:locale\" content=\"es_ES\" \/>\n\t\t<meta property=\"og:site_name\" content=\"SoyMigrante.com REVISTA \u2013 Nuestra misi\u00f3n es reconocer y dignificar al migrante.\" \/>\n\t\t<meta property=\"og:type\" content=\"article\" \/>\n\t\t<meta property=\"og:title\" content=\"Migrante guatemalteca empodera a trav\u00e9s del arte culinario\" \/>\n\t\t<meta property=\"og:description\" content=\"En 2007, los migrantes guatemaltecos Benjam\u00edn y \u00c9lida fundaron Caf\u00e9 Antigua, un vibrante enclave de sabores hispanos en el coraz\u00f3n de Oklahoma. Su hija Ana Sof\u00eda comparte su pasi\u00f3n por la gastronom\u00eda y brinda apoyo a mujeres migrantes. Un gran secreto de \u00e9xito: uni\u00f3n familiar Ana Sof\u00eda Valdez Del Cid creci\u00f3 en Villa Nueva, Guatemala. Ana Sofia migrante guatemalteca impulsa a Caf\u00e9 Antigua con su ingenio culinario, pero tambi\u00e9n sirve como un inspirador ejemplo de empoderamiento femenino\" \/>\n\t\t<meta property=\"og:url\" content=\"https:\/\/soymigrante.com\/revista\/sofia-valdez-migrante-guatemalteca-oklahoma-cafe-familiar-la-antigua\/\" \/>\n\t\t<meta property=\"og:image\" content=\"https:\/\/soymigrante.com\/revista\/wp-content\/uploads\/2024\/02\/cafe-antigua.webp\" \/>\n\t\t<meta property=\"og:image:secure_url\" content=\"https:\/\/soymigrante.com\/revista\/wp-content\/uploads\/2024\/02\/cafe-antigua.webp\" \/>\n\t\t<meta property=\"og:image:width\" content=\"1800\" \/>\n\t\t<meta property=\"og:image:height\" content=\"1300\" \/>\n\t\t<meta property=\"article:published_time\" content=\"2024-02-08T08:55:54+00:00\" \/>\n\t\t<meta property=\"article:modified_time\" content=\"2024-11-01T21:51:48+00:00\" \/>\n\t\t<meta property=\"article:publisher\" content=\"https:\/\/www.facebook.com\/soymigrantecom\" \/>\n\t\t<meta name=\"twitter:card\" content=\"summary_large_image\" \/>\n\t\t<meta name=\"twitter:site\" content=\"@SoyMigrante_com\" \/>\n\t\t<meta name=\"twitter:title\" content=\"Migrante guatemalteca empodera a trav\u00e9s del arte culinario\" \/>\n\t\t<meta name=\"twitter:description\" content=\"En 2007, los migrantes guatemaltecos Benjam\u00edn y \u00c9lida fundaron Caf\u00e9 Antigua, un vibrante enclave de sabores hispanos en el coraz\u00f3n de Oklahoma. Su hija Ana Sof\u00eda comparte su pasi\u00f3n por la gastronom\u00eda y brinda apoyo a mujeres migrantes. Un gran secreto de \u00e9xito: uni\u00f3n familiar Ana Sof\u00eda Valdez Del Cid creci\u00f3 en Villa Nueva, Guatemala. Ana Sofia migrante guatemalteca impulsa a Caf\u00e9 Antigua con su ingenio culinario, pero tambi\u00e9n sirve como un inspirador ejemplo de empoderamiento femenino\" \/>\n\t\t<meta name=\"twitter:creator\" content=\"@SoyMigrante_com\" \/>\n\t\t<meta name=\"twitter:image\" content=\"https:\/\/soymigrante.com\/revista\/wp-content\/uploads\/2024\/02\/cafe-antigua.webp\" \/>\n\t\t<!-- All in One SEO Pro -->\r\n\t\t<title>Migrante guatemalteca empodera a trav\u00e9s del arte culinario<\/title>\n\n","aioseo_head_json":{"title":"Migrante guatemalteca empodera a trav\u00e9s del arte culinario","description":"En 2007, los migrantes guatemaltecos Benjam\u00edn y \u00c9lida fundaron Caf\u00e9 Antigua, un vibrante enclave de sabores hispanos en el coraz\u00f3n de Oklahoma. Su hija Ana Sof\u00eda comparte su pasi\u00f3n por la gastronom\u00eda y brinda apoyo a mujeres migrantes. Un gran secreto de \u00e9xito: uni\u00f3n familiar Ana Sof\u00eda Valdez Del Cid creci\u00f3 en Villa Nueva, Guatemala. Ana Sofia migrante guatemalteca impulsa a Caf\u00e9 Antigua con su ingenio culinario, pero tambi\u00e9n sirve como un inspirador ejemplo de empoderamiento femenino","canonical_url":"https:\/\/soymigrante.com\/revista\/sofia-valdez-migrante-guatemalteca-oklahoma-cafe-familiar-la-antigua\/","robots":"max-snippet:-1, max-image-preview:large, max-video-preview:-1","keywords":"","webmasterTools":{"miscellaneous":"&lt;link rel=\"preconnect\" href=\"https:\/\/fonts.googleapis.com\" crossorigin&gt;\n&lt;link rel=\"preconnect\" href=\"https:\/\/fonts.gstatic.com\" crossorigin&gt;"},"schema":null,"og:locale":"es_ES","og:site_name":"SoyMigrante.com REVISTA \u2013 Nuestra misi\u00f3n es reconocer y dignificar al migrante.","og:type":"article","og:title":"Migrante guatemalteca empodera a trav\u00e9s del arte culinario","og:description":"En 2007, los migrantes guatemaltecos Benjam\u00edn y \u00c9lida fundaron Caf\u00e9 Antigua, un vibrante enclave de sabores hispanos en el coraz\u00f3n de Oklahoma. Su hija Ana Sof\u00eda comparte su pasi\u00f3n por la gastronom\u00eda y brinda apoyo a mujeres migrantes. Un gran secreto de \u00e9xito: uni\u00f3n familiar Ana Sof\u00eda Valdez Del Cid creci\u00f3 en Villa Nueva, Guatemala. Ana Sofia migrante guatemalteca impulsa a Caf\u00e9 Antigua con su ingenio culinario, pero tambi\u00e9n sirve como un inspirador ejemplo de empoderamiento femenino","og:url":"https:\/\/soymigrante.com\/revista\/sofia-valdez-migrante-guatemalteca-oklahoma-cafe-familiar-la-antigua\/","og:image":"https:\/\/soymigrante.com\/revista\/wp-content\/uploads\/2024\/02\/cafe-antigua.webp","og:image:secure_url":"https:\/\/soymigrante.com\/revista\/wp-content\/uploads\/2024\/02\/cafe-antigua.webp","og:image:width":1800,"og:image:height":1300,"article:published_time":"2024-02-08T08:55:54+00:00","article:modified_time":"2024-11-01T21:51:48+00:00","article:publisher":"https:\/\/www.facebook.com\/soymigrantecom","twitter:card":"summary_large_image","twitter:site":"@SoyMigrante_com","twitter:title":"Migrante guatemalteca empodera a trav\u00e9s del arte culinario","twitter:description":"En 2007, los migrantes guatemaltecos Benjam\u00edn y \u00c9lida fundaron Caf\u00e9 Antigua, un vibrante enclave de sabores hispanos en el coraz\u00f3n de Oklahoma. Su hija Ana Sof\u00eda comparte su pasi\u00f3n por la gastronom\u00eda y brinda apoyo a mujeres migrantes. Un gran secreto de \u00e9xito: uni\u00f3n familiar Ana Sof\u00eda Valdez Del Cid creci\u00f3 en Villa Nueva, Guatemala. Ana Sofia migrante guatemalteca impulsa a Caf\u00e9 Antigua con su ingenio culinario, pero tambi\u00e9n sirve como un inspirador ejemplo de empoderamiento femenino","twitter:creator":"@SoyMigrante_com","twitter:image":"https:\/\/soymigrante.com\/revista\/wp-content\/uploads\/2024\/02\/cafe-antigua.webp"},"aioseo_meta_data":{"post_id":"4731","title":"Migrante guatemalteca empodera a trav\u00e9s del arte culinario","description":"#post_excerpt Ana Sofia migrante guatemalteca impulsa a Caf\u00e9 Antigua con su ingenio culinario, pero tambi\u00e9n sirve como un inspirador ejemplo de empoderamiento femenino","keywords":[],"keyphrases":{"focus":{"keyphrase":"migrante","score":82,"analysis":{"keyphraseInTitle":{"score":9,"maxScore":9,"error":0},"keyphraseInDescription":{"score":9,"maxScore":9,"error":0},"keyphraseLength":{"score":9,"maxScore":9,"error":0,"length":1},"keyphraseInURL":{"score":5,"maxScore":5,"error":0},"keyphraseInIntroduction":{"score":3,"maxScore":9,"error":1},"keyphraseInSubHeadings":{"score":3,"maxScore":9,"error":1},"keyphraseInImageAlt":{"score":9,"maxScore":9,"error":0},"keywordDensity":{"type":"best","score":9,"maxScore":9,"error":0}}},"additional":[]},"primary_term":null,"canonical_url":null,"og_title":null,"og_description":null,"og_object_type":"default","og_image_type":"default","og_image_url":null,"og_image_width":null,"og_image_height":null,"og_image_custom_url":null,"og_image_custom_fields":null,"og_video":"","og_custom_url":null,"og_article_section":null,"og_article_tags":[],"twitter_use_og":false,"twitter_card":"default","twitter_image_type":"default","twitter_image_url":null,"twitter_image_custom_url":null,"twitter_image_custom_fields":null,"twitter_title":null,"twitter_description":null,"schema":{"blockGraphs":[],"customGraphs":[],"default":{"data":{"Article":[],"Course":[],"Dataset":[],"FAQPage":[],"Movie":[],"Person":[],"Product":[],"ProductReview":[],"Car":[],"Recipe":[],"Service":[],"SoftwareApplication":[],"WebPage":[]},"graphName":"BlogPosting","isEnabled":true},"graphs":[]},"schema_type":"default","schema_type_options":null,"pillar_content":false,"robots_default":true,"robots_noindex":false,"robots_noarchive":false,"robots_nosnippet":false,"robots_nofollow":false,"robots_noimageindex":false,"robots_noodp":false,"robots_notranslate":false,"robots_max_snippet":"-1","robots_max_videopreview":"-1","robots_max_imagepreview":"large","priority":null,"frequency":"default","local_seo":null,"seo_analyzer_scan_date":"2025-10-08 21:08:18","breadcrumb_settings":null,"limit_modified_date":false,"reviewed_by":null,"open_ai":null,"ai":null,"created":"2024-02-06 22:10:00","updated":"2026-02-04 10:53:48"},"aioseo_breadcrumb":"<div class=\"aioseo-breadcrumbs\"><span class=\"aioseo-breadcrumb\">\n\t<a href=\"https:\/\/soymigrante.com\/revista\" title=\"Home\">Home<\/a>\n<\/span><span class=\"aioseo-breadcrumb-separator\">\u00bb<\/span><span class=\"aioseo-breadcrumb\">\n\t<a href=\"https:\/\/soymigrante.com\/revista\/category\/exitos\/\" title=\"\u00c9xitos\">\u00c9xitos<\/a>\n<\/span><span class=\"aioseo-breadcrumb-separator\">\u00bb<\/span><span class=\"aioseo-breadcrumb\">\n\tMigrante Sof\u00eda Valdez florece en el caf\u00e9 familiar La Antigua\n<\/span><\/div>","aioseo_breadcrumb_json":[{"label":"Home","link":"https:\/\/soymigrante.com\/revista"},{"label":"\u00c9xitos","link":"https:\/\/soymigrante.com\/revista\/category\/exitos\/"},{"label":"Migrante Sof\u00eda Valdez florece en el caf\u00e9 familiar La Antigua","link":"https:\/\/soymigrante.com\/revista\/sofia-valdez-migrante-guatemalteca-oklahoma-cafe-familiar-la-antigua\/"}],"_links":{"self":[{"href":"https:\/\/soymigrante.com\/revista\/wp-json\/wp\/v2\/posts\/4731","targetHints":{"allow":["GET"]}}],"collection":[{"href":"https:\/\/soymigrante.com\/revista\/wp-json\/wp\/v2\/posts"}],"about":[{"href":"https:\/\/soymigrante.com\/revista\/wp-json\/wp\/v2\/types\/post"}],"author":[{"embeddable":true,"href":"https:\/\/soymigrante.com\/revista\/wp-json\/wp\/v2\/users\/10"}],"replies":[{"embeddable":true,"href":"https:\/\/soymigrante.com\/revista\/wp-json\/wp\/v2\/comments?post=4731"}],"version-history":[{"count":0,"href":"https:\/\/soymigrante.com\/revista\/wp-json\/wp\/v2\/posts\/4731\/revisions"}],"wp:featuredmedia":[{"embeddable":true,"href":"https:\/\/soymigrante.com\/revista\/wp-json\/wp\/v2\/media\/4735"}],"wp:attachment":[{"href":"https:\/\/soymigrante.com\/revista\/wp-json\/wp\/v2\/media?parent=4731"}],"wp:term":[{"taxonomy":"category","embeddable":true,"href":"https:\/\/soymigrante.com\/revista\/wp-json\/wp\/v2\/categories?post=4731"},{"taxonomy":"post_tag","embeddable":true,"href":"https:\/\/soymigrante.com\/revista\/wp-json\/wp\/v2\/tags?post=4731"}],"curies":[{"name":"wp","href":"https:\/\/api.w.org\/{rel}","templated":true}]}}