{"id":47263,"date":"2025-10-15T07:50:02","date_gmt":"2025-10-15T13:50:02","guid":{"rendered":"https:\/\/soymigrante.com\/revista\/?p=47263"},"modified":"2025-10-15T14:17:34","modified_gmt":"2025-10-15T20:17:34","slug":"caen-a-minimos-historicos-detenciones-en-la-frontera-sur-de-estados-unidos","status":"publish","type":"post","link":"https:\/\/soymigrante.com\/revista\/caen-a-minimos-historicos-detenciones-en-la-frontera-sur-de-estados-unidos\/","title":{"rendered":"Caen a m\u00ednimos hist\u00f3ricos detenciones en la frontera sur de Estados Unidos"},"content":{"rendered":"\t\t<div data-elementor-type=\"wp-post\" data-elementor-id=\"47263\" class=\"elementor elementor-47263\" data-elementor-post-type=\"post\">\n\t\t\t\t<div data-particle_enable=\"false\" data-particle-mobile-disabled=\"false\" class=\"elementor-element elementor-element-f991d92 e-flex e-con-boxed e-con e-parent\" data-id=\"f991d92\" data-element_type=\"container\" data-e-type=\"container\">\n\t\t\t\t\t<div class=\"e-con-inner\">\n\t\t\t\t<div class=\"elementor-element elementor-element-861daee elementor-widget elementor-widget-heading\" data-id=\"861daee\" data-element_type=\"widget\" data-e-type=\"widget\" data-widget_type=\"heading.default\">\n\t\t\t\t\t<h2 class=\"elementor-heading-title elementor-size-default\">Las detenciones de migrantes que intentan cruzar indocumentados la frontera M\u00e9xico-Estados Unidos son las m\u00e1s bajas en cuatro d\u00e9cadas entre octubre 2024 y septiembre 2025 seg\u00fan reporte de Insight Crime.<\/h2>\t\t\t\t<\/div>\n\t\t\t\t\t<\/div>\n\t\t\t\t<\/div>\n\t\t<div data-particle_enable=\"false\" data-particle-mobile-disabled=\"false\" class=\"elementor-element elementor-element-a443bdd e-flex e-con-boxed e-con e-parent\" data-id=\"a443bdd\" data-element_type=\"container\" data-e-type=\"container\">\n\t\t\t\t\t<div class=\"e-con-inner\">\n\t\t\t\t<div class=\"elementor-element elementor-element-a4ae065 elementor-widget elementor-widget-text-editor\" data-id=\"a4ae065\" data-element_type=\"widget\" data-e-type=\"widget\" data-widget_type=\"text-editor.default\">\n\t\t\t\t\t\t\t\t\t<p class=\"pf0\"><span class=\"cf0\">Las detenciones de <a href=\"https:\/\/soymigrante.com\/revista\/migracion-jovenes-guatemaltecos-falta-oportunidades-necesitamos-desarrollo\/\">migrantes<\/a> en la frontera entre Estados Unidos y M\u00e9xico cayeron en 2025 a su nivel m\u00e1s bajo en m\u00e1s de cuatro d\u00e9cadas, de acuerdo con una <a href=\"https:\/\/insightcrime.org\/es\/noticias\/migrantes-riesgo-descenso-cifras-estados-unidos-mexico\/\">investigaci\u00f3n de InSight Crime<\/a>. El descenso ha golpeado a las redes de tr\u00e1fico de personas que, hasta hace poco, figuraban entre las principales fuentes de ingresos del crimen organizado en la regi\u00f3n.<\/span><\/p><p class=\"pf0\"><span class=\"cf0\">Seg\u00fan datos de la <a href=\"https:\/\/www.cbp.gov\/\">Oficina de Aduanas y Protecci\u00f3n Fronteriza de Estados Unidos (CBP),<\/a> los agentes fronterizos interceptaron 238.000 migrantes durante el a\u00f1o fiscal que concluy\u00f3 el 30 de septiembre, una reducci\u00f3n de 85% respecto a los 1,5 millones registrados en 2024. En 2022, las detenciones hab\u00edan alcanzado un r\u00e9cord de 2,2 millones.<\/span><\/p><p class=\"pf0\"><span class=\"cf0\">Aunque los flujos migratorios se redujeron de forma dr\u00e1stica, la mayor\u00eda de los detenidos siguen siendo ciudadanos de M\u00e9xico, <a href=\"https:\/\/soymigrante.com\/revista\/22-departamentos-de-guatemala-un-corazon-multicultural-compartido\/\">Guatemala<\/a>, El Salvador y Honduras, seg\u00fan los datos oficiales.<\/span><\/p>\t\t\t\t\t\t\t\t<\/div>\n\t\t\t\t\t<\/div>\n\t\t\t\t<\/div>\n\t\t<div data-particle_enable=\"false\" data-particle-mobile-disabled=\"false\" class=\"elementor-element elementor-element-939ec1f e-flex e-con-boxed e-con e-parent\" data-id=\"939ec1f\" data-element_type=\"container\" data-e-type=\"container\">\n\t\t\t\t\t<div class=\"e-con-inner\">\n\t\t\t\t<div class=\"elementor-element elementor-element-4da27ba elementor-widget elementor-widget-image\" data-id=\"4da27ba\" data-element_type=\"widget\" data-e-type=\"widget\" data-widget_type=\"image.default\">\n\t\t\t\t\t\t\t\t\t\t\t\t<figure class=\"wp-caption\">\n\t\t\t\t\t\t\t\t\t\t<img fetchpriority=\"high\" decoding=\"async\" width=\"766\" height=\"556\" src=\"https:\/\/soymigrante.com\/revista\/wp-content\/uploads\/2025\/10\/frontera-usa-mexico.png\" class=\"attachment-large size-large wp-image-47273\" alt=\"Los 3141 kil\u00f3metros de frontera entre M\u00e9xico y Estados Unidos han sido lugar de paso de miles de migrantes en busca de trabajo en Estados Unidos. Las pol\u00edticas del actual gobierno han reducido las cifras de detenciones en el a\u00f1o fiscal 2025 a m\u00ednimos hist\u00f3ricos.\" srcset=\"https:\/\/soymigrante.com\/revista\/wp-content\/uploads\/2025\/10\/frontera-usa-mexico.png 766w, https:\/\/soymigrante.com\/revista\/wp-content\/uploads\/2025\/10\/frontera-usa-mexico-300x218.png 300w, https:\/\/soymigrante.com\/revista\/wp-content\/uploads\/2025\/10\/frontera-usa-mexico-120x86.png 120w, https:\/\/soymigrante.com\/revista\/wp-content\/uploads\/2025\/10\/frontera-usa-mexico-750x544.png 750w\" sizes=\"(max-width: 766px) 100vw, 766px\" title=\"Los 3141 kil\u00f3metros de frontera entre M\u00e9xico y Estados Unidos han sido lugar de paso de miles de migrantes en busca de trabajo en Estados Unidos. Las pol\u00edticas del actual gobierno han reducido las cifras de detenciones en el a\u00f1o fiscal 2025 a m\u00ednimos hist\u00f3ricos. \u2013 SoyMigrante.com REVISTA\" \/>\t\t\t\t\t\t\t\t\t\t\t<figcaption class=\"widget-image-caption wp-caption-text\">Los 3141 kil\u00f3metros de frontera entre M\u00e9xico y Estados Unidos han sido lugar de paso de miles de migrantes en busca de trabajo en Estados Unidos. Las pol\u00edticas del actual gobierno han reducido las cifras de detenciones en el a\u00f1o fiscal 2025 a m\u00ednimos hist\u00f3ricos.<\/figcaption>\n\t\t\t\t\t\t\t\t\t\t<\/figure>\n\t\t\t\t\t\t\t\t\t<\/div>\n\t\t\t\t\t<\/div>\n\t\t\t\t<\/div>\n\t\t<div data-particle_enable=\"false\" data-particle-mobile-disabled=\"false\" class=\"elementor-element elementor-element-2e0e659 e-flex e-con-boxed e-con e-parent\" data-id=\"2e0e659\" data-element_type=\"container\" data-e-type=\"container\">\n\t\t\t\t\t<div class=\"e-con-inner\">\n\t\t\t\t<div class=\"elementor-element elementor-element-23757cf elementor-widget elementor-widget-text-editor\" data-id=\"23757cf\" data-element_type=\"widget\" data-e-type=\"widget\" data-widget_type=\"text-editor.default\">\n\t\t\t\t\t\t\t\t\t<h3><span style=\"color: #000000;\">Golpe al negocio del tr\u00e1fico de personas<\/span><\/h3><p class=\"pf0\"><span class=\"cf0\">El informe de InSight Crime se\u00f1ala que antes del retorno del presidente Donald Trump a la Casa Blanca, el tr\u00e1fico de <a href=\"https:\/\/soymigrante.com\/revista\/migracion-jovenes-guatemaltecos-falta-oportunidades-necesitamos-desarrollo\/\">migrantes<\/a> y las econom\u00edas criminales asociadas <\/span><span class=\"cf1\">\u2014como el secuestro y la extorsi<\/span><span class=\"cf0\">\u00f3n<\/span><span class=\"cf1\">\u2014 eran tan rentables que en algunos casos igualaban o superaban las ganancias del narcotr<\/span><span class=\"cf0\">\u00e1fico.<\/span><\/p><p class=\"pf0\"><span class=\"cf0\">Pero la nueva pol\u00edtica de mano dura contra la migraci\u00f3n ha reducido los flujos hacia Estados Unidos y transformado el panorama criminal. El Centro Robert Strauss de Seguridad Internacional y Derecho de la Universidad de Texas en Austin estima que en agosto de 2025 hab\u00eda 6.600 migrantes viviendo en ciudades fronterizas mexicanas, mientras que el gobierno de M\u00e9xico report\u00f3 125.000 personas en situaci\u00f3n migratoria irregular.<\/span><\/p><h3><span class=\"cf0\">Migrantes en ruta atrapados y vulnerables<\/span><\/h3><p class=\"pf0\"><span class=\"cf0\">El an\u00e1lisis de InSight Crime advierte que, pese a la ca\u00edda en los cruces, miles de personas <\/span><span class=\"cf1\">\u2014entre ellas guatemaltecos\u2014 permanecen varadas en M<\/span><span class=\"cf0\">\u00e9xico, sin acceso a documentos ni empleo, y m\u00e1s expuestas que nunca a los abusos del crimen organizado.<\/span><\/p><p class=\"pf0\"><span class=\"cf0\">De acuerdo con la Agencia de la ONU para los Refugiados (ACNUR), el 73% de los migrantes encuestados hasta septiembre de 2025 no contaba con papeles migratorios o de asilo. M\u00e1s de la mitad afirm\u00f3 haber sido v\u00edctima de alg\u00fan delito, principalmente secuestro, robo o extorsi\u00f3n.<\/span><\/p><p class=\"pf0\"><span class=\"cf0\">\u201cLos grupos criminales evolucionan, se adaptan y responden a las din\u00e1micas del mercado\u201d, explic\u00f3 a InSight Crime Stephanie Brewer, directora para M\u00e9xico de la Oficina en Washington para Asuntos Latinoamericanos (WOLA). \u201cAs\u00ed que, aunque haya menos migrantes intentando cruzar la frontera, los que est\u00e1n en M\u00e9xico han pasado de ser extremadamente vulnerables a absolutamente vulnerables\u201d.<\/span><\/p><p class=\"pf0\"><span class=\"cf0\">Fuente: <a href=\"https:\/\/insightcrime.org\/\">InSight Crime <\/a>(octubre de 2025), con datos de la CBP, ACNUR y el Centro Robert Strauss de la Universidad de Texas en Austin.<\/span><\/p>\t\t\t\t\t\t\t\t<\/div>\n\t\t\t\t\t<\/div>\n\t\t\t\t<\/div>\n\t\t<div data-particle_enable=\"false\" data-particle-mobile-disabled=\"false\" class=\"elementor-element elementor-element-7a8b2c9 e-flex e-con-boxed e-con e-parent\" data-id=\"7a8b2c9\" data-element_type=\"container\" data-e-type=\"container\">\n\t\t\t\t\t<div class=\"e-con-inner\">\n\t\t\t\t<div class=\"elementor-element elementor-element-56e9a5d elementor-widget elementor-widget-heading\" data-id=\"56e9a5d\" data-element_type=\"widget\" data-e-type=\"widget\" data-widget_type=\"heading.default\">\n\t\t\t\t\t<h2 class=\"elementor-heading-title elementor-size-default\">Migrantes son dignidad y aporte en USA<\/h2>\t\t\t\t<\/div>\n\t\t\t\t\t<\/div>\n\t\t\t\t<\/div>\n\t\t<div data-particle_enable=\"false\" data-particle-mobile-disabled=\"false\" class=\"elementor-element elementor-element-2d0f6d7 e-flex e-con-boxed e-con e-parent\" data-id=\"2d0f6d7\" data-element_type=\"container\" data-e-type=\"container\">\n\t\t\t\t\t<div class=\"e-con-inner\">\n\t\t\t\t<div class=\"elementor-element elementor-element-2a71b7f elementor-grid-eael-col-3 elementor-grid-tablet-eael-col-2 elementor-grid-mobile-eael-col-1 elementor-widget elementor-widget-eael-post-grid\" data-id=\"2a71b7f\" data-element_type=\"widget\" data-e-type=\"widget\" data-settings=\"{&quot;eael_post_grid_columns&quot;:&quot;eael-col-3&quot;,&quot;eael_post_grid_columns_tablet&quot;:&quot;eael-col-2&quot;,&quot;eael_post_grid_columns_mobile&quot;:&quot;eael-col-1&quot;}\" data-widget_type=\"eael-post-grid.default\">\n\t\t\t\t\t<div id=\"eael-post-grid-2a71b7f\" class=\"eael-post-grid-container\">\n            <div class=\"eael-post-grid eael-post-appender eael-post-appender-2a71b7f eael-post-grid-style-one\" data-layout-mode=\"masonry\"><article class=\"eael-grid-post  eael-post-grid-column eael-pg-post-19522 category-exitos\" data-id=\"19522\">\n        <div class=\"eael-grid-post-holder\">\n            <div class=\"eael-grid-post-holder-inner\"><div class=\"eael-entry-media\"><div class=\"eael-entry-overlay fade-in\"><i class=\"far fa-hand-pointer\" aria-hidden=\"true\"><\/i><a href=\"https:\/\/soymigrante.com\/revista\/lui-donis-radio-viejo-guatemalteco-musico-los-angeles\/\"><\/a><\/div><div class=\"eael-entry-thumbnail eael-image-ratio\">\n                <img decoding=\"async\" width=\"1011\" height=\"1011\" src=\"https:\/\/soymigrante.com\/revista\/wp-content\/uploads\/2025\/01\/luigi-donis-2.webp\" class=\"attachment-large size-large wp-image-19524\" alt=\"Discurso y m\u00fasica en celebraci\u00f3n de inmigrantes en una multitud en un evento cultural y social.\" srcset=\"https:\/\/soymigrante.com\/revista\/wp-content\/uploads\/2025\/01\/luigi-donis-2.webp 1011w, https:\/\/soymigrante.com\/revista\/wp-content\/uploads\/2025\/01\/luigi-donis-2-300x300.jpg 300w, https:\/\/soymigrante.com\/revista\/wp-content\/uploads\/2025\/01\/luigi-donis-2-150x150.jpg 150w, https:\/\/soymigrante.com\/revista\/wp-content\/uploads\/2025\/01\/luigi-donis-2-768x768.jpg 768w, https:\/\/soymigrante.com\/revista\/wp-content\/uploads\/2025\/01\/luigi-donis-2-75x75.webp 75w, https:\/\/soymigrante.com\/revista\/wp-content\/uploads\/2025\/01\/luigi-donis-2-750x750.webp 750w\" sizes=\"(max-width: 1011px) 100vw, 1011px\" \/>\n            <\/div>\n        <\/div><div class=\"eael-entry-wrapper\"><header class=\"eael-entry-header\"><h2 class=\"eael-entry-title\"><a class=\"eael-grid-post-link\" href=\"https:\/\/soymigrante.com\/revista\/lui-donis-radio-viejo-guatemalteco-musico-los-angeles\/\" title=\"Volviendo a nacer como m\u00fasico, pap\u00e1 y guatemalteco en Los Angeles: Lui Donis, de Radio Viejo\">Volviendo a nacer como m\u00fasico, pap\u00e1 y guatemalteco en Los Angeles: Lui Donis, de Radio Viejo<\/a><\/h2><\/header><div class=\"eael-entry-content\">\n                        <div class=\"eael-grid-post-excerpt\"><a href=\"https:\/\/soymigrante.com\/revista\/lui-donis-radio-viejo-guatemalteco-musico-los-angeles\/\" class=\"eael-post-elements-readmore-btn\">CONOCE SU HISTORIA <\/a><\/div>\n                    <\/div><\/div><\/div>\n        <\/div>\n    <\/article><article class=\"eael-grid-post  eael-post-grid-column eael-pg-post-21216 category-exitos\" data-id=\"21216\">\n        <div class=\"eael-grid-post-holder\">\n            <div class=\"eael-grid-post-holder-inner\"><div class=\"eael-entry-media\"><div class=\"eael-entry-overlay fade-in\"><i class=\"far fa-hand-pointer\" aria-hidden=\"true\"><\/i><a href=\"https:\/\/soymigrante.com\/revista\/international-match-le-canta-a-guatemala-y-a-los-guatemaltecos-desde-los-angeles\/\"><\/a><\/div><div class=\"eael-entry-thumbnail eael-image-ratio\">\n                <img decoding=\"async\" width=\"1024\" height=\"1024\" src=\"https:\/\/soymigrante.com\/revista\/wp-content\/uploads\/2025\/01\/match-international-1-1024x1024.png\" class=\"attachment-large size-large wp-image-21217\" alt=\"Joven con gafas oscuras sosteniendo la bandera de Guatemala frente a un cartel de SoyMigrante.com REVISTA.\" srcset=\"https:\/\/soymigrante.com\/revista\/wp-content\/uploads\/2025\/01\/match-international-1-1024x1024.png 1024w, https:\/\/soymigrante.com\/revista\/wp-content\/uploads\/2025\/01\/match-international-1-300x300.png 300w, https:\/\/soymigrante.com\/revista\/wp-content\/uploads\/2025\/01\/match-international-1-150x150.png 150w, https:\/\/soymigrante.com\/revista\/wp-content\/uploads\/2025\/01\/match-international-1-768x768.png 768w, https:\/\/soymigrante.com\/revista\/wp-content\/uploads\/2025\/01\/match-international-1-75x75.webp 75w, https:\/\/soymigrante.com\/revista\/wp-content\/uploads\/2025\/01\/match-international-1-750x750.webp 750w, https:\/\/soymigrante.com\/revista\/wp-content\/uploads\/2025\/01\/match-international-1.webp 1080w\" sizes=\"(max-width: 1024px) 100vw, 1024px\" \/>\n            <\/div>\n        <\/div><div class=\"eael-entry-wrapper\"><header class=\"eael-entry-header\"><h2 class=\"eael-entry-title\"><a class=\"eael-grid-post-link\" href=\"https:\/\/soymigrante.com\/revista\/international-match-le-canta-a-guatemala-y-a-los-guatemaltecos-desde-los-angeles\/\" title=\"International Match le canta a Guatemala y a los guatemaltecos desde USA\">International Match le canta a Guatemala y a los guatemaltecos desde USA<\/a><\/h2><\/header><div class=\"eael-entry-content\">\n                        <div class=\"eael-grid-post-excerpt\"><a href=\"https:\/\/soymigrante.com\/revista\/international-match-le-canta-a-guatemala-y-a-los-guatemaltecos-desde-los-angeles\/\" class=\"eael-post-elements-readmore-btn\">CONOCE SU HISTORIA <\/a><\/div>\n                    <\/div><\/div><\/div>\n        <\/div>\n    <\/article><article class=\"eael-grid-post  eael-post-grid-column eael-pg-post-52414 category-costa-rica-exitos\" data-id=\"52414\">\n        <div class=\"eael-grid-post-holder\">\n            <div class=\"eael-grid-post-holder-inner\"><div class=\"eael-entry-media\"><div class=\"eael-entry-overlay fade-in\"><i class=\"far fa-hand-pointer\" aria-hidden=\"true\"><\/i><a href=\"https:\/\/soymigrante.com\/revista\/franklin-chang-diaz-el-astronauta-migrante-tico-que-fue-al-espacio-y-busca-ir-mas-alla\/\"><\/a><\/div><div class=\"eael-entry-thumbnail eael-image-ratio\">\n                <img loading=\"lazy\" decoding=\"async\" width=\"471\" height=\"471\" src=\"https:\/\/soymigrante.com\/revista\/wp-content\/uploads\/2026\/02\/franklin-chang-diaz-astronauta-costa-rica-migrante-cientifico.jpg\" class=\"attachment-large size-large wp-image-52415\" alt=\"franklin chang diaz astronauta costa rica migrante cientifico\" srcset=\"https:\/\/soymigrante.com\/revista\/wp-content\/uploads\/2026\/02\/franklin-chang-diaz-astronauta-costa-rica-migrante-cientifico.jpg 471w, https:\/\/soymigrante.com\/revista\/wp-content\/uploads\/2026\/02\/franklin-chang-diaz-astronauta-costa-rica-migrante-cientifico-300x300.jpg 300w, https:\/\/soymigrante.com\/revista\/wp-content\/uploads\/2026\/02\/franklin-chang-diaz-astronauta-costa-rica-migrante-cientifico-150x150.jpg 150w, https:\/\/soymigrante.com\/revista\/wp-content\/uploads\/2026\/02\/franklin-chang-diaz-astronauta-costa-rica-migrante-cientifico-75x75.jpg 75w\" sizes=\"(max-width: 471px) 100vw, 471px\" \/>\n            <\/div>\n        <\/div><div class=\"eael-entry-wrapper\"><header class=\"eael-entry-header\"><h2 class=\"eael-entry-title\"><a class=\"eael-grid-post-link\" href=\"https:\/\/soymigrante.com\/revista\/franklin-chang-diaz-el-astronauta-migrante-tico-que-fue-al-espacio-y-busca-ir-mas-alla\/\" title=\"Franklin Chang-D\u00edaz el astronauta migrante tico que fue al espacio y busca ir m\u00e1s all\u00e1\">Franklin Chang-D\u00edaz el astronauta migrante tico que fue al espacio y busca ir m\u00e1s all\u00e1<\/a><\/h2><\/header><div class=\"eael-entry-content\">\n                        <div class=\"eael-grid-post-excerpt\"><a href=\"https:\/\/soymigrante.com\/revista\/franklin-chang-diaz-el-astronauta-migrante-tico-que-fue-al-espacio-y-busca-ir-mas-alla\/\" class=\"eael-post-elements-readmore-btn\">CONOCE SU HISTORIA <\/a><\/div>\n                    <\/div><\/div><\/div>\n        <\/div>\n    <\/article><\/div>\n            <div class=\"clearfix\"><\/div>\n        <\/div>            <div class=\"eael-load-more-button-wrap eael-force-hide\">\n                <button class=\"eael-load-more-button\" id=\"eael-load-more-btn-2a71b7f\" data-widget-id=\"2a71b7f\" data-widget=\"2a71b7f\" data-page-id=\"47263\" data-template=\"{&quot;dir&quot;:&quot;lite&quot;,&quot;file_name&quot;:&quot;one.php&quot;,&quot;name&quot;:&quot;Post-Grid&quot;}\" data-class=\"Essential_Addons_Elementor\\Elements\\Post_Grid\" data-layout=\"masonry\" data-page=\"1\" data-args=\"orderby=rand&amp;order=desc&amp;ignore_sticky_posts=1&amp;post_status=publish&amp;posts_per_page=3&amp;offset=0&amp;post_type=post&amp;tax_query%5B0%5D%5Btaxonomy%5D=category&amp;tax_query%5B0%5D%5Bfield%5D=term_id&amp;tax_query%5B0%5D%5Bterms%5D%5B0%5D=50&amp;tax_query%5Brelation%5D=AND\" data-max-page=\"104\">\n                    <span class=\"eael-btn-loader button__loader\"><\/span>\n                    <span class=\"eael_load_more_text\">Load More<\/span>\n                <\/button>\n            <\/div>\n            \t\t\t\t<\/div>\n\t\t\t\t\t<\/div>\n\t\t\t\t<\/div>\n\t\t\t\t<\/div>\n\t\t","protected":false},"excerpt":{"rendered":"<p>Las detenciones de migrantes que intentan cruzar indocumentados la frontera M\u00e9xico-Estados Unidos son las m\u00e1s bajas en cuatro d\u00e9cadas entre octubre 2024 y septiembre 2025 seg\u00fan reporte de Insight Crime. Las detenciones de migrantes en la frontera entre Estados Unidos y M\u00e9xico cayeron en 2025 a su nivel m\u00e1s bajo en m\u00e1s de cuatro d\u00e9cadas, [&hellip;]<\/p>\n","protected":false},"author":1,"featured_media":47265,"comment_status":"open","ping_status":"open","sticky":false,"template":"","format":"standard","meta":{"_acf_changed":false,"_eb_attr":"","footnotes":""},"categories":[280],"tags":[],"class_list":["post-47263","post","type-post","status-publish","format-standard","has-post-thumbnail","hentry","category-noticias"],"acf":[],"aioseo_notices":[],"aioseo_head":"\n\t\t<!-- All in One SEO Pro 4.9.6.2 - aioseo.com -->\n\t<meta name=\"description\" content=\"Cient\u00edfico y astronauta costarricense Franklin Chang-D\u00edaz (1950) viaj\u00f3 7 veces al espacio y hoy sigue trabajando en un motor futurista para ir m\u00e1s all\u00e1.\" \/>\n\t<meta name=\"robots\" content=\"max-snippet:-1, max-image-preview:large, max-video-preview:-1\" \/>\n\t<meta name=\"author\" content=\"SoyMigrante.com REVISTA\"\/>\n\t<link rel=\"canonical\" href=\"https:\/\/soymigrante.com\/revista\/franklin-chang-diaz-el-astronauta-migrante-tico-que-fue-al-espacio-y-busca-ir-mas-alla\/\" \/>\n\t<meta name=\"generator\" content=\"All in One SEO Pro (AIOSEO) 4.9.6.2\" \/>\n\n\t\t<link rel=\"preconnect\" href=\"https:\/\/fonts.googleapis.com\" crossorigin>\n<link rel=\"preconnect\" href=\"https:\/\/fonts.gstatic.com\" crossorigin>\n\t\t<meta property=\"og:locale\" content=\"es_ES\" \/>\n\t\t<meta property=\"og:site_name\" content=\"SoyMigrante.com REVISTA \u2013 Nuestra misi\u00f3n es reconocer y dignificar al migrante.\" \/>\n\t\t<meta property=\"og:type\" content=\"article\" \/>\n\t\t<meta property=\"og:title\" content=\"Franklin Chang-D\u00edaz, astronauta tico, busca ir a\u00fan m\u00e1s lejos\" \/>\n\t\t<meta property=\"og:description\" content=\"Cient\u00edfico y astronauta costarricense Franklin Chang-D\u00edaz (1950) viaj\u00f3 7 veces al espacio y hoy sigue trabajando en un motor futurista para ir m\u00e1s all\u00e1.\" \/>\n\t\t<meta property=\"og:url\" content=\"https:\/\/soymigrante.com\/revista\/franklin-chang-diaz-el-astronauta-migrante-tico-que-fue-al-espacio-y-busca-ir-mas-alla\/\" \/>\n\t\t<meta property=\"og:image\" content=\"https:\/\/soymigrante.com\/revista\/wp-content\/uploads\/2026\/02\/franklin-chang-diaz-astronauta-costa-rica-migrante-cientifico.jpg\" \/>\n\t\t<meta property=\"og:image:secure_url\" content=\"https:\/\/soymigrante.com\/revista\/wp-content\/uploads\/2026\/02\/franklin-chang-diaz-astronauta-costa-rica-migrante-cientifico.jpg\" \/>\n\t\t<meta property=\"og:image:width\" content=\"471\" \/>\n\t\t<meta property=\"og:image:height\" content=\"471\" \/>\n\t\t<meta property=\"article:published_time\" content=\"2026-02-12T16:15:58+00:00\" \/>\n\t\t<meta property=\"article:modified_time\" content=\"2026-02-12T16:16:26+00:00\" \/>\n\t\t<meta property=\"article:publisher\" content=\"https:\/\/www.facebook.com\/soymigrantecom\" \/>\n\t\t<meta name=\"twitter:card\" content=\"summary_large_image\" \/>\n\t\t<meta name=\"twitter:site\" content=\"@SoyMigrante_com\" \/>\n\t\t<meta name=\"twitter:title\" content=\"Franklin Chang-D\u00edaz, astronauta tico, busca ir a\u00fan m\u00e1s lejos\" \/>\n\t\t<meta name=\"twitter:description\" content=\"Cient\u00edfico y astronauta costarricense Franklin Chang-D\u00edaz (1950) viaj\u00f3 7 veces al espacio y hoy sigue trabajando en un motor futurista para ir m\u00e1s all\u00e1.\" \/>\n\t\t<meta name=\"twitter:creator\" content=\"@SoyMigrante_com\" \/>\n\t\t<meta name=\"twitter:image\" content=\"https:\/\/soymigrante.com\/revista\/wp-content\/uploads\/2026\/02\/franklin-chang-diaz-astronauta-costa-rica-migrante-cientifico.jpg\" \/>\n\t\t<!-- All in One SEO Pro -->\r\n\t\t<title>Franklin Chang-D\u00edaz, astronauta tico, busca ir a\u00fan m\u00e1s lejos<\/title>\n\n","aioseo_head_json":{"title":"Franklin Chang-D\u00edaz, astronauta tico, busca ir a\u00fan m\u00e1s lejos","description":"Cient\u00edfico y astronauta costarricense Franklin Chang-D\u00edaz (1950) viaj\u00f3 7 veces al espacio y hoy sigue trabajando en un motor futurista para ir m\u00e1s all\u00e1.","canonical_url":"https:\/\/soymigrante.com\/revista\/franklin-chang-diaz-el-astronauta-migrante-tico-que-fue-al-espacio-y-busca-ir-mas-alla\/","robots":"max-snippet:-1, max-image-preview:large, max-video-preview:-1","keywords":"","webmasterTools":{"miscellaneous":"&lt;link rel=\"preconnect\" href=\"https:\/\/fonts.googleapis.com\" crossorigin&gt;\n&lt;link rel=\"preconnect\" href=\"https:\/\/fonts.gstatic.com\" crossorigin&gt;"},"schema":null,"og:locale":"es_ES","og:site_name":"SoyMigrante.com REVISTA \u2013 Nuestra misi\u00f3n es reconocer y dignificar al migrante.","og:type":"article","og:title":"Franklin Chang-D\u00edaz, astronauta tico, busca ir a\u00fan m\u00e1s lejos","og:description":"Cient\u00edfico y astronauta costarricense Franklin Chang-D\u00edaz (1950) viaj\u00f3 7 veces al espacio y hoy sigue trabajando en un motor futurista para ir m\u00e1s all\u00e1.","og:url":"https:\/\/soymigrante.com\/revista\/franklin-chang-diaz-el-astronauta-migrante-tico-que-fue-al-espacio-y-busca-ir-mas-alla\/","og:image":"https:\/\/soymigrante.com\/revista\/wp-content\/uploads\/2026\/02\/franklin-chang-diaz-astronauta-costa-rica-migrante-cientifico.jpg","og:image:secure_url":"https:\/\/soymigrante.com\/revista\/wp-content\/uploads\/2026\/02\/franklin-chang-diaz-astronauta-costa-rica-migrante-cientifico.jpg","og:image:width":471,"og:image:height":471,"article:published_time":"2026-02-12T16:15:58+00:00","article:modified_time":"2026-02-12T16:16:26+00:00","article:publisher":"https:\/\/www.facebook.com\/soymigrantecom","twitter:card":"summary_large_image","twitter:site":"@SoyMigrante_com","twitter:title":"Franklin Chang-D\u00edaz, astronauta tico, busca ir a\u00fan m\u00e1s lejos","twitter:description":"Cient\u00edfico y astronauta costarricense Franklin Chang-D\u00edaz (1950) viaj\u00f3 7 veces al espacio y hoy sigue trabajando en un motor futurista para ir m\u00e1s all\u00e1.","twitter:creator":"@SoyMigrante_com","twitter:image":"https:\/\/soymigrante.com\/revista\/wp-content\/uploads\/2026\/02\/franklin-chang-diaz-astronauta-costa-rica-migrante-cientifico.jpg"},"aioseo_meta_data":{"post_id":"47263","title":"Caen a m\u00ednimos hist\u00f3ricos detenciones en frontera M\u00e9xico-USA","description":"Datos de la Patrulla Fronteriza reflejan ca\u00edda en detenciones, pero esto trae otros riesgos para migrantes en M\u00e9xico seg\u00fan se\u00f1ala informe de Insight Crime.","keywords":null,"keyphrases":{"focus":{"keyphrase":"Frontera","score":82,"analysis":{"keyphraseInTitle":{"score":9,"maxScore":9,"error":0},"keyphraseInDescription":{"score":3,"maxScore":9,"error":1},"keyphraseLength":{"score":9,"maxScore":9,"error":0,"length":1},"keyphraseInURL":{"score":5,"maxScore":5,"error":0},"keyphraseInIntroduction":{"score":9,"maxScore":9,"error":0},"keyphraseInSubHeadings":{"score":3,"maxScore":9,"error":1},"keyphraseInImageAlt":{"score":9,"maxScore":9,"error":0},"keywordDensity":{"type":"best","score":9,"maxScore":9,"error":0}}},"additional":[{"keyphrase":"Migrantes","score":100,"analysis":{"keyphraseInDescription":{"score":9,"maxScore":9,"error":0},"keyphraseLength":{"score":9,"maxScore":9,"error":0,"length":1},"keyphraseInIntroduction":{"score":9,"maxScore":9,"error":0},"keyphraseInImageAlt":{"score":9,"maxScore":9,"error":0},"keywordDensity":{"type":"best","score":9,"maxScore":9,"error":0}}},{"keyphrase":"detenciones","score":100,"analysis":{"keyphraseInDescription":{"score":9,"maxScore":9,"error":0},"keyphraseLength":{"score":9,"maxScore":9,"error":0,"length":1},"keyphraseInIntroduction":{"score":9,"maxScore":9,"error":0},"keyphraseInImageAlt":{"score":9,"maxScore":9,"error":0},"keywordDensity":{"type":"best","score":9,"maxScore":9,"error":0}}}]},"primary_term":null,"canonical_url":null,"og_title":null,"og_description":null,"og_object_type":"default","og_image_type":"default","og_image_url":null,"og_image_width":null,"og_image_height":null,"og_image_custom_url":null,"og_image_custom_fields":null,"og_video":"","og_custom_url":null,"og_article_section":null,"og_article_tags":null,"twitter_use_og":false,"twitter_card":"default","twitter_image_type":"default","twitter_image_url":null,"twitter_image_custom_url":null,"twitter_image_custom_fields":null,"twitter_title":null,"twitter_description":null,"schema":{"blockGraphs":[],"customGraphs":[],"default":{"data":{"Article":[],"Course":[],"Dataset":[],"FAQPage":[],"Movie":[],"Person":[],"Product":[],"ProductReview":[],"Car":[],"Recipe":[],"Service":[],"SoftwareApplication":[],"WebPage":[]},"graphName":"none","isEnabled":true},"graphs":[]},"schema_type":"default","schema_type_options":null,"pillar_content":false,"robots_default":true,"robots_noindex":false,"robots_noarchive":false,"robots_nosnippet":false,"robots_nofollow":false,"robots_noimageindex":false,"robots_noodp":false,"robots_notranslate":false,"robots_max_snippet":"-1","robots_max_videopreview":"-1","robots_max_imagepreview":"large","priority":null,"frequency":"default","local_seo":null,"seo_analyzer_scan_date":"2025-10-15 20:18:58","breadcrumb_settings":null,"limit_modified_date":false,"reviewed_by":"0","open_ai":null,"ai":{"faqs":[],"keyPoints":[],"titles":[],"descriptions":[],"socialPosts":{"email":[],"linkedin":[],"twitter":[],"facebook":[],"instagram":[]}},"created":"2025-10-15 11:58:04","updated":"2026-02-05 06:33:50"},"aioseo_breadcrumb":"<div class=\"aioseo-breadcrumbs\"><span class=\"aioseo-breadcrumb\">\n\t<a href=\"https:\/\/soymigrante.com\/revista\" title=\"Home\">Home<\/a>\n<\/span><span class=\"aioseo-breadcrumb-separator\">\u00bb<\/span><span class=\"aioseo-breadcrumb\">\n\t<a href=\"https:\/\/soymigrante.com\/revista\/category\/noticias\/\" title=\"Noticias\">Noticias<\/a>\n<\/span><span class=\"aioseo-breadcrumb-separator\">\u00bb<\/span><span class=\"aioseo-breadcrumb\">\n\tCaen a m\u00ednimos hist\u00f3ricos detenciones en la frontera sur de Estados Unidos\n<\/span><\/div>","aioseo_breadcrumb_json":[{"label":"Home","link":"https:\/\/soymigrante.com\/revista"},{"label":"Noticias","link":"https:\/\/soymigrante.com\/revista\/category\/noticias\/"},{"label":"Caen a m\u00ednimos hist\u00f3ricos detenciones en la frontera sur de Estados Unidos","link":"https:\/\/soymigrante.com\/revista\/caen-a-minimos-historicos-detenciones-en-la-frontera-sur-de-estados-unidos\/"}],"_links":{"self":[{"href":"https:\/\/soymigrante.com\/revista\/wp-json\/wp\/v2\/posts\/47263","targetHints":{"allow":["GET"]}}],"collection":[{"href":"https:\/\/soymigrante.com\/revista\/wp-json\/wp\/v2\/posts"}],"about":[{"href":"https:\/\/soymigrante.com\/revista\/wp-json\/wp\/v2\/types\/post"}],"author":[{"embeddable":true,"href":"https:\/\/soymigrante.com\/revista\/wp-json\/wp\/v2\/users\/1"}],"replies":[{"embeddable":true,"href":"https:\/\/soymigrante.com\/revista\/wp-json\/wp\/v2\/comments?post=47263"}],"version-history":[{"count":15,"href":"https:\/\/soymigrante.com\/revista\/wp-json\/wp\/v2\/posts\/47263\/revisions"}],"predecessor-version":[{"id":47301,"href":"https:\/\/soymigrante.com\/revista\/wp-json\/wp\/v2\/posts\/47263\/revisions\/47301"}],"wp:featuredmedia":[{"embeddable":true,"href":"https:\/\/soymigrante.com\/revista\/wp-json\/wp\/v2\/media\/47265"}],"wp:attachment":[{"href":"https:\/\/soymigrante.com\/revista\/wp-json\/wp\/v2\/media?parent=47263"}],"wp:term":[{"taxonomy":"category","embeddable":true,"href":"https:\/\/soymigrante.com\/revista\/wp-json\/wp\/v2\/categories?post=47263"},{"taxonomy":"post_tag","embeddable":true,"href":"https:\/\/soymigrante.com\/revista\/wp-json\/wp\/v2\/tags?post=47263"}],"curies":[{"name":"wp","href":"https:\/\/api.w.org\/{rel}","templated":true}]}}