{"id":47227,"date":"2025-10-15T06:13:08","date_gmt":"2025-10-15T12:13:08","guid":{"rendered":"https:\/\/soymigrante.com\/revista\/?p=47227"},"modified":"2025-10-15T12:24:22","modified_gmt":"2025-10-15T18:24:22","slug":"andrea-raquel-arriola-fortaleza-guatemalteca-en-oklahoma","status":"publish","type":"post","link":"https:\/\/soymigrante.com\/revista\/andrea-raquel-arriola-fortaleza-guatemalteca-en-oklahoma\/","title":{"rendered":"Andrea Raquel Arriola: fortaleza guatemalteca en Oklahoma"},"content":{"rendered":"\t\t<div data-elementor-type=\"wp-post\" data-elementor-id=\"47227\" class=\"elementor elementor-47227\" data-elementor-post-type=\"post\">\n\t\t\t\t<div data-particle_enable=\"false\" data-particle-mobile-disabled=\"false\" class=\"elementor-element elementor-element-2808e92 e-flex e-con-boxed e-con e-parent\" data-id=\"2808e92\" data-element_type=\"container\" data-e-type=\"container\">\n\t\t\t\t\t<div class=\"e-con-inner\">\n\t\t\t\t<div class=\"elementor-element elementor-element-9a364d2 elementor-widget elementor-widget-heading\" data-id=\"9a364d2\" data-element_type=\"widget\" data-e-type=\"widget\" data-widget_type=\"heading.default\">\n\t\t\t\t\t<h2 class=\"elementor-heading-title elementor-size-default\">Andrea Raquel Arriola ha superado duras pruebas y participa en la comunidad guatemalteca de Oklahoma;junto con su familia en Guatemala impulsa causas nobles.<\/h2>\t\t\t\t<\/div>\n\t\t\t\t\t<\/div>\n\t\t\t\t<\/div>\n\t\t<div data-particle_enable=\"false\" data-particle-mobile-disabled=\"false\" class=\"elementor-element elementor-element-3079478 e-flex e-con-boxed e-con e-parent\" data-id=\"3079478\" data-element_type=\"container\" data-e-type=\"container\">\n\t\t\t\t\t<div class=\"e-con-inner\">\n\t\t\t\t<div class=\"elementor-element elementor-element-0d4271c elementor-widget elementor-widget-text-editor\" data-id=\"0d4271c\" data-element_type=\"widget\" data-e-type=\"widget\" data-widget_type=\"text-editor.default\">\n\t\t\t\t\t\t\t\t\t<p>Andrea Raquel Arriola, originaria de Quetzaltenango, particip\u00f3 recientemente en el desfile Fiestas de las Am\u00e9ricas en Oklahoma City, organizado con motivo del Mes de la Herencia Hispana. Y esa es la ocasi\u00f3n que motiv\u00f3 esta aconversaci\u00f3n, ya que para Andrea cada actividad de la <a href=\"https:\/\/soymigrante.com\/revista\/guatemalteca-saidy-orellana-recibe-premio-angel-guardian-en-oklahoma\/\">comunidad guatemalteca<\/a> es ocasi\u00f3n de revalorar su identidad y ra\u00edces.<\/p><p>En Guatemala curs\u00f3 estudios en Derechos Humanos y Cultura de Paz en la Universidad de San Carlos. Sin embargo, dej\u00f3 atr\u00e1s una vida estable para empezar de nuevo en un pa\u00eds donde \u2014como ella dice\u2014 \u201clos estudios a veces valen un cacahuate, pero el valor humano y la fuerza de voluntad lo vale todo\u201d.<\/p>\t\t\t\t\t\t\t\t<\/div>\n\t\t\t\t\t<\/div>\n\t\t\t\t<\/div>\n\t\t<div data-particle_enable=\"false\" data-particle-mobile-disabled=\"false\" class=\"elementor-element elementor-element-3b23253 e-flex e-con-boxed e-con e-parent\" data-id=\"3b23253\" data-element_type=\"container\" data-e-type=\"container\">\n\t\t\t\t\t<div class=\"e-con-inner\">\n\t\t\t\t<div class=\"elementor-element elementor-element-a60e581 elementor-widget elementor-widget-image\" data-id=\"a60e581\" data-element_type=\"widget\" data-e-type=\"widget\" data-widget_type=\"image.default\">\n\t\t\t\t\t\t\t\t\t\t\t\t<figure class=\"wp-caption\">\n\t\t\t\t\t\t\t\t\t\t<img fetchpriority=\"high\" decoding=\"async\" width=\"884\" height=\"1024\" src=\"https:\/\/soymigrante.com\/revista\/wp-content\/uploads\/2025\/10\/Imagen-de-WhatsApp-2025-10-13-a-las-191007_9481eb40-884x1024.jpg\" class=\"attachment-large size-large wp-image-47232\" alt=\"Andrea Raquel Arriola participa en las actividades de la comunidad de guatemaltecos en Oklahoma. (Foto cortes\u00eda A.R. Arriola)\" srcset=\"https:\/\/soymigrante.com\/revista\/wp-content\/uploads\/2025\/10\/Imagen-de-WhatsApp-2025-10-13-a-las-191007_9481eb40-884x1024.jpg 884w, https:\/\/soymigrante.com\/revista\/wp-content\/uploads\/2025\/10\/Imagen-de-WhatsApp-2025-10-13-a-las-191007_9481eb40-259x300.jpg 259w, https:\/\/soymigrante.com\/revista\/wp-content\/uploads\/2025\/10\/Imagen-de-WhatsApp-2025-10-13-a-las-191007_9481eb40-768x889.jpg 768w, https:\/\/soymigrante.com\/revista\/wp-content\/uploads\/2025\/10\/Imagen-de-WhatsApp-2025-10-13-a-las-191007_9481eb40-750x868.jpg 750w, https:\/\/soymigrante.com\/revista\/wp-content\/uploads\/2025\/10\/Imagen-de-WhatsApp-2025-10-13-a-las-191007_9481eb40-1140x1320.jpg 1140w, https:\/\/soymigrante.com\/revista\/wp-content\/uploads\/2025\/10\/Imagen-de-WhatsApp-2025-10-13-a-las-191007_9481eb40.jpg 1261w\" sizes=\"(max-width: 884px) 100vw, 884px\" title=\"Andrea Raquel Arriola participa en las actividades de la comunidad de guatemaltecos en Oklahoma. (Foto cortes\u00eda A.R. Arriola) \u2013 SoyMigrante.com REVISTA\" \/>\t\t\t\t\t\t\t\t\t\t\t<figcaption class=\"widget-image-caption wp-caption-text\">Andrea Raquel Arriola participa en las actividades de la comunidad de guatemaltecos en Oklahoma. (Foto cortes\u00eda A.R. Arriola)<\/figcaption>\n\t\t\t\t\t\t\t\t\t\t<\/figure>\n\t\t\t\t\t\t\t\t\t<\/div>\n\t\t\t\t\t<\/div>\n\t\t\t\t<\/div>\n\t\t<div data-particle_enable=\"false\" data-particle-mobile-disabled=\"false\" class=\"elementor-element elementor-element-af62ff9 e-flex e-con-boxed e-con e-parent\" data-id=\"af62ff9\" data-element_type=\"container\" data-e-type=\"container\">\n\t\t\t\t\t<div class=\"e-con-inner\">\n\t\t\t\t<div class=\"elementor-element elementor-element-417ff0b elementor-widget elementor-widget-heading\" data-id=\"417ff0b\" data-element_type=\"widget\" data-e-type=\"widget\" data-widget_type=\"heading.default\">\n\t\t\t\t\t<h3 class=\"elementor-heading-title elementor-size-default\">Pruebas superadas, experiencias ganadas<\/h3>\t\t\t\t<\/div>\n\t\t\t\t\t<\/div>\n\t\t\t\t<\/div>\n\t\t<div data-particle_enable=\"false\" data-particle-mobile-disabled=\"false\" class=\"elementor-element elementor-element-39d1c49 e-flex e-con-boxed e-con e-parent\" data-id=\"39d1c49\" data-element_type=\"container\" data-e-type=\"container\">\n\t\t\t\t\t<div class=\"e-con-inner\">\n\t\t\t\t<div class=\"elementor-element elementor-element-cb3849c elementor-widget elementor-widget-text-editor\" data-id=\"cb3849c\" data-element_type=\"widget\" data-e-type=\"widget\" data-widget_type=\"text-editor.default\">\n\t\t\t\t\t\t\t\t\t<p>La pandemia marc\u00f3 las vidas de muchos guatemaltecos y ese es el caso de Andrea: \u201cTuve COVID y estuve muy mal. Pas\u00e9 varios meses sin olfato ni gusto y dure dos meses y medio saliendo positiva a covid, con miedo, pero con fe de seguir ya que hab\u00edamos pasado la muerte del pap\u00e1 de mi ex pareja por covid y mi ex pareja tambi\u00e9n se vio muy grave. Me aferr\u00e9 a la vida y sal\u00ed adelante\u201d, recuerda.<\/p><p>Su primer trabajo despu\u00e9s de covid fue limpiar una f\u00e1brica. No fue f\u00e1cil pues por su condici\u00f3n de salud, esta labor causaba dificultades para respirar y fatiga. Esto contrastaba con las expectativas profesionales que ten\u00eda antes de ir a Estados Unidos.\u00a0<\/p><p>Se tuvo que acostumbrar a una nueva realidad de vida, de realizar un trabajo que nunca hab\u00eda imaginado desempe\u00f1ar\u00a0 cuando en Guatemala contaba con otro tipo de empleo. &#8220;Cambiar de mentalidad fue lo que necesit\u00e9 para seguir adelante&#8221;.\u00a0<\/p>\t\t\t\t\t\t\t\t<\/div>\n\t\t\t\t\t<\/div>\n\t\t\t\t<\/div>\n\t\t<div data-particle_enable=\"false\" data-particle-mobile-disabled=\"false\" class=\"elementor-element elementor-element-a39cd57 e-flex e-con-boxed e-con e-parent\" data-id=\"a39cd57\" data-element_type=\"container\" data-e-type=\"container\">\n\t\t\t\t\t<div class=\"e-con-inner\">\n\t\t\t\t<div class=\"elementor-element elementor-element-4b2feb0 elementor-invisible elementor-widget elementor-widget-testimonial\" data-id=\"4b2feb0\" data-element_type=\"widget\" data-e-type=\"widget\" data-settings=\"{&quot;_animation&quot;:&quot;rotateInUpRight&quot;}\" data-widget_type=\"testimonial.default\">\n\t\t\t\t\t\t\t<div class=\"elementor-testimonial-wrapper\">\n\t\t\t\t\t\t\t<div class=\"elementor-testimonial-content\">\"\u201cEs emocionante poder representar nuestra cultura y nuestras tradiciones estando lejos del pa\u00eds... Al salir con nuestra bandera, recordamos lo que anhelamos, lo que dejamos. Pero este a\u00f1o fue triste ver calles vac\u00edas. En a\u00f1os anteriores estaban llenas de persona (entendemos el por qu\u00e9 de eso), a\u00fan as\u00ed caminamos con orgullo, alegr\u00eda y esperanza\"\u201d.\n<\/div>\n\t\t\t\n\t\t\t\t\t\t<div class=\"elementor-testimonial-meta elementor-has-image elementor-testimonial-image-position-aside\">\n\t\t\t\t<div class=\"elementor-testimonial-meta-inner\">\n\t\t\t\t\t\t\t\t\t\t\t<div class=\"elementor-testimonial-image\">\n\t\t\t\t\t\t\t<img decoding=\"async\" width=\"713\" height=\"1018\" src=\"https:\/\/soymigrante.com\/revista\/wp-content\/uploads\/2025\/10\/andrea-raquel-arriola-migrante-guatemalteca-en-oklahoma.jpg\" class=\"attachment-full size-full wp-image-47231\" alt=\"andrea raquel arriola migrante guatemalteca en oklahoma\" title=\"andrea raquel arriola migrante guatemalteca en oklahoma \u2013 SoyMigrante.com REVISTA\" srcset=\"https:\/\/soymigrante.com\/revista\/wp-content\/uploads\/2025\/10\/andrea-raquel-arriola-migrante-guatemalteca-en-oklahoma.jpg 713w, https:\/\/soymigrante.com\/revista\/wp-content\/uploads\/2025\/10\/andrea-raquel-arriola-migrante-guatemalteca-en-oklahoma-210x300.jpg 210w\" sizes=\"(max-width: 713px) 100vw, 713px\" \/>\t\t\t\t\t\t<\/div>\n\t\t\t\t\t\n\t\t\t\t\t\t\t\t\t\t<div class=\"elementor-testimonial-details\">\n\t\t\t\t\t\t\t\t\t\t\t\t\t\t<div class=\"elementor-testimonial-name\">Andrea RAquel Arriola<\/div>\n\t\t\t\t\t\t\t\t\t\t\t\t\t\t\t\t\t\t\t\t\t\t<div class=\"elementor-testimonial-job\">Guatemalteca radicada en\nOklahoma City.<\/div>\n\t\t\t\t\t\t\t\t\t\t\t\t\t<\/div>\n\t\t\t\t\t\t\t\t\t<\/div>\n\t\t\t<\/div>\n\t\t\t\t\t<\/div>\n\t\t\t\t\t\t<\/div>\n\t\t\t\t\t<\/div>\n\t\t\t\t<\/div>\n\t\t<div data-particle_enable=\"false\" data-particle-mobile-disabled=\"false\" class=\"elementor-element elementor-element-4230813 e-flex e-con-boxed e-con e-parent\" data-id=\"4230813\" data-element_type=\"container\" data-e-type=\"container\">\n\t\t\t\t\t<div class=\"e-con-inner\">\n\t\t\t\t<div class=\"elementor-element elementor-element-bf9bb9d elementor-widget elementor-widget-heading\" data-id=\"bf9bb9d\" data-element_type=\"widget\" data-e-type=\"widget\" data-widget_type=\"heading.default\">\n\t\t\t\t\t<h3 class=\"elementor-heading-title elementor-size-default\">Todo trabajo es digno <\/h3>\t\t\t\t<\/div>\n\t\t\t\t\t<\/div>\n\t\t\t\t<\/div>\n\t\t<div data-particle_enable=\"false\" data-particle-mobile-disabled=\"false\" class=\"elementor-element elementor-element-637f665 e-flex e-con-boxed e-con e-parent\" data-id=\"637f665\" data-element_type=\"container\" data-e-type=\"container\">\n\t\t\t\t\t<div class=\"e-con-inner\">\n\t\t\t\t<div class=\"elementor-element elementor-element-c0a54b7 elementor-widget elementor-widget-text-editor\" data-id=\"c0a54b7\" data-element_type=\"widget\" data-e-type=\"widget\" data-widget_type=\"text-editor.default\">\n\t\t\t\t\t\t\t\t\t<p>As\u00ed que no ha sido un camino f\u00e1cil. Andrea ha trabajado en restaurantes y limpiando f\u00e1bricas y escuelas cuidando ni\u00f1os, con jornadas largas, menudo extenuantes, pocas horas de sue\u00f1o y de vuelta a la labor.\u00a0<\/p><p>\u201cAqu\u00ed uno aprende humildad\u201d, dice con franqueza. \u201cYo limpiaba una f\u00e1brica y una escuela y al principio me daba pena decirlo. Hasta que entend\u00ed que todo trabajo es digno. Estados Unidos me ha ense\u00f1ado que todos los oficios son valiosos, necesarios, fundamentales y me cambi\u00f3 el chip que tra\u00eda\u201d.<\/p>\t\t\t\t\t\t\t\t<\/div>\n\t\t\t\t\t<\/div>\n\t\t\t\t<\/div>\n\t\t<div data-particle_enable=\"false\" data-particle-mobile-disabled=\"false\" class=\"elementor-element elementor-element-d35224f e-flex e-con-boxed e-con e-parent\" data-id=\"d35224f\" data-element_type=\"container\" data-e-type=\"container\">\n\t\t\t\t\t<div class=\"e-con-inner\">\n\t\t\t\t<div class=\"elementor-element elementor-element-25fec2c elementor-widget elementor-widget-image\" data-id=\"25fec2c\" data-element_type=\"widget\" data-e-type=\"widget\" data-widget_type=\"image.default\">\n\t\t\t\t\t\t\t\t\t\t\t\t<figure class=\"wp-caption\">\n\t\t\t\t\t\t\t\t\t\t<img decoding=\"async\" width=\"768\" height=\"1024\" src=\"https:\/\/soymigrante.com\/revista\/wp-content\/uploads\/2025\/10\/Imagen-de-WhatsApp-2025-10-13-a-las-182755_9ca0b98c-768x1024.jpg\" class=\"attachment-large size-large wp-image-47242\" alt=\"Andrea Raquel considera que la hermandad entre Guatemaltecos es el mejor refugio en Estados Unidos, sobre todo a causa de la distancia de la familia que se dej\u00f3 en el pa\u00eds y para la cual se hace un esfuerzo de salir adelante y aportar. (Foto cortes\u00eda A.R. Arriola)\" srcset=\"https:\/\/soymigrante.com\/revista\/wp-content\/uploads\/2025\/10\/Imagen-de-WhatsApp-2025-10-13-a-las-182755_9ca0b98c-768x1024.jpg 768w, https:\/\/soymigrante.com\/revista\/wp-content\/uploads\/2025\/10\/Imagen-de-WhatsApp-2025-10-13-a-las-182755_9ca0b98c-225x300.jpg 225w, https:\/\/soymigrante.com\/revista\/wp-content\/uploads\/2025\/10\/Imagen-de-WhatsApp-2025-10-13-a-las-182755_9ca0b98c-1152x1536.jpg 1152w, https:\/\/soymigrante.com\/revista\/wp-content\/uploads\/2025\/10\/Imagen-de-WhatsApp-2025-10-13-a-las-182755_9ca0b98c-750x1000.jpg 750w, https:\/\/soymigrante.com\/revista\/wp-content\/uploads\/2025\/10\/Imagen-de-WhatsApp-2025-10-13-a-las-182755_9ca0b98c-1140x1520.jpg 1140w, https:\/\/soymigrante.com\/revista\/wp-content\/uploads\/2025\/10\/Imagen-de-WhatsApp-2025-10-13-a-las-182755_9ca0b98c.jpg 1500w\" sizes=\"(max-width: 768px) 100vw, 768px\" title=\"Andrea Raquel considera que la hermandad entre Guatemaltecos es el mejor refugio en Estados Unidos, sobre todo a causa de la distancia de la familia que se dej\u00f3 en el pa\u00eds y para la cual se hace un esfuerzo de salir adelante y aportar. (Foto cortes\u00eda A.R. Arriola) \u2013 SoyMigrante.com REVISTA\" \/>\t\t\t\t\t\t\t\t\t\t\t<figcaption class=\"widget-image-caption wp-caption-text\">Andrea Raquel considera que la hermandad entre Guatemaltecos es el mejor refugio en Estados Unidos, sobre todo a causa de la distancia de la familia que se dej\u00f3 en el pa\u00eds y para la cual se hace un esfuerzo de salir adelante y aportar. (Foto cortes\u00eda A.R. Arriola)<\/figcaption>\n\t\t\t\t\t\t\t\t\t\t<\/figure>\n\t\t\t\t\t\t\t\t\t<\/div>\n\t\t\t\t\t<\/div>\n\t\t\t\t<\/div>\n\t\t<div data-particle_enable=\"false\" data-particle-mobile-disabled=\"false\" class=\"elementor-element elementor-element-98e5268 e-flex e-con-boxed e-con e-parent\" data-id=\"98e5268\" data-element_type=\"container\" data-e-type=\"container\">\n\t\t\t\t\t<div class=\"e-con-inner\">\n\t\t\t\t<div class=\"elementor-element elementor-element-aef96dd elementor-widget elementor-widget-heading\" data-id=\"aef96dd\" data-element_type=\"widget\" data-e-type=\"widget\" data-widget_type=\"heading.default\">\n\t\t\t\t\t<h3 class=\"elementor-heading-title elementor-size-default\">El desaf\u00edo es personal y debe centrar el esfuerzo<\/h3>\t\t\t\t<\/div>\n\t\t\t\t\t<\/div>\n\t\t\t\t<\/div>\n\t\t<div data-particle_enable=\"false\" data-particle-mobile-disabled=\"false\" class=\"elementor-element elementor-element-20c7c9d e-flex e-con-boxed e-con e-parent\" data-id=\"20c7c9d\" data-element_type=\"container\" data-e-type=\"container\">\n\t\t\t\t\t<div class=\"e-con-inner\">\n\t\t\t\t<div class=\"elementor-element elementor-element-c7e3070 elementor-widget elementor-widget-text-editor\" data-id=\"c7e3070\" data-element_type=\"widget\" data-e-type=\"widget\" data-widget_type=\"text-editor.default\">\n\t\t\t\t\t\t\t\t\t<p>Pese a todo Andrea conserva una mirada optimista. \u201cAhora entiendo por qu\u00e9 le llaman a est\u00e9 pa\u00eds donde fluye leche y miel\u201d \u2014explica\u2014. <a href=\"https:\/\/marcosantil.com\/esperanza-unidad-futuro-en-las-manos-de-guatemala\">Hay oportunidades, y hay que luchar por ellas.<\/a> Si vienes aqu\u00ed con humildad y deseos de superarte lo puedes lograr, este pa\u00eds te ense\u00f1a mucho y te ense\u00f1a a valorar cada cosa que tienes y valorar a\u00fan m\u00e1s\u00a0 a quienes dejaste (en <a href=\"https:\/\/soymigrante.com\/revista\/22-departamentos-de-guatemala-un-corazon-multicultural-compartido\/\">Guatemala<\/a>) por darles un futuro mejor\u201d.<\/p><p>Relata una an\u00e9cdota: \u201cUna tarde mi jefa me llam\u00f3 y me dijo en ingl\u00e9s una de las ni\u00f1as nos pide \u201cagua\u201d. \u00a1Dime que es eso, no la entiendo!\u00a0 Sonre\u00ed y le traduje que era lo que ped\u00eda. El ingl\u00e9s te sirve para avanzar&#8221;.<\/p><p>Actualmente cuida a unos ni\u00f1os. &#8220;Ellos ya hablan palabras en espa\u00f1ol, los n\u00fameros, colores y hasta una palabra chapina: \u201cWakala\u201d. Sin querer llegue en ese trabajo a mostrarles la fuerza y amor que traemos los hispanos, ahora mis ni\u00f1os comen frijoles colados y piden spaguetti con salsa pero que le ponga del ese sabor:\u00a0 \u201cel del pollito\u201d&#8221;.<\/p>\t\t\t\t\t\t\t\t<\/div>\n\t\t\t\t\t<\/div>\n\t\t\t\t<\/div>\n\t\t<div data-particle_enable=\"false\" data-particle-mobile-disabled=\"false\" class=\"elementor-element elementor-element-25d8137 e-flex e-con-boxed e-con e-parent\" data-id=\"25d8137\" data-element_type=\"container\" data-e-type=\"container\">\n\t\t\t\t\t<div class=\"e-con-inner\">\n\t\t\t\t<div class=\"elementor-element elementor-element-61ac4b9 elementor-grid-eael-col-1 elementor-grid-tablet-eael-col-2 elementor-grid-mobile-eael-col-1 elementor-widget elementor-widget-eael-post-grid\" data-id=\"61ac4b9\" data-element_type=\"widget\" data-e-type=\"widget\" data-settings=\"{&quot;eael_post_grid_columns&quot;:&quot;eael-col-1&quot;,&quot;eael_post_grid_columns_tablet&quot;:&quot;eael-col-2&quot;,&quot;eael_post_grid_columns_mobile&quot;:&quot;eael-col-1&quot;}\" data-widget_type=\"eael-post-grid.default\">\n\t\t\t\t\t<div id=\"eael-post-grid-61ac4b9\" class=\"eael-post-grid-container\">\n            <div class=\"eael-post-grid eael-post-appender eael-post-appender-61ac4b9 eael-post-grid-style-one\" data-layout-mode=\"masonry\"><article class=\"eael-grid-post  eael-post-grid-column eael-pg-post-46147 category-estamos-unidos\" data-id=\"46147\">\n        <div class=\"eael-grid-post-holder\">\n            <div class=\"eael-grid-post-holder-inner\"><div class=\"eael-entry-media\"><div class=\"eael-entry-overlay fade-in\"><i class=\"far fa-hand-pointer\" aria-hidden=\"true\"><\/i><a href=\"https:\/\/soymigrante.com\/revista\/guatemala-siempre-brilla-en-fiestas-de-las-americas-en-oklahoma\/\"><\/a><\/div><div class=\"eael-entry-thumbnail eael-image-ratio\">\n                <img loading=\"lazy\" decoding=\"async\" width=\"720\" height=\"720\" src=\"https:\/\/soymigrante.com\/revista\/wp-content\/uploads\/2025\/09\/2023-ya.jpg\" class=\"attachment-large size-large wp-image-46148\" alt=\"Guatemaltecos en Oklahoma desfile de Fiestas de las Am\u00e9ricas por el mes de la herencia hispana\" srcset=\"https:\/\/soymigrante.com\/revista\/wp-content\/uploads\/2025\/09\/2023-ya.jpg 720w, https:\/\/soymigrante.com\/revista\/wp-content\/uploads\/2025\/09\/2023-ya-300x300.jpg 300w, https:\/\/soymigrante.com\/revista\/wp-content\/uploads\/2025\/09\/2023-ya-150x150.jpg 150w, https:\/\/soymigrante.com\/revista\/wp-content\/uploads\/2025\/09\/2023-ya-75x75.jpg 75w\" sizes=\"(max-width: 720px) 100vw, 720px\" \/>\n            <\/div>\n        <\/div><div class=\"eael-entry-wrapper\"><header class=\"eael-entry-header\"><h2 class=\"eael-entry-title\"><a class=\"eael-grid-post-link\" href=\"https:\/\/soymigrante.com\/revista\/guatemala-siempre-brilla-en-fiestas-de-las-americas-en-oklahoma\/\" title=\"Guatemala siempre brilla en Fiestas de las Am\u00e9ricas en Oklahoma\">Guatemala siempre brilla en Fiestas de las Am\u00e9ricas en Oklahoma<\/a><\/h2><\/header><div class=\"eael-entry-content\">\n                        <div class=\"eael-grid-post-excerpt\"><a href=\"https:\/\/soymigrante.com\/revista\/guatemala-siempre-brilla-en-fiestas-de-las-americas-en-oklahoma\/\" class=\"eael-post-elements-readmore-btn\">CONOCE SU HISTORIA <\/a><\/div>\n                    <\/div><\/div><\/div>\n        <\/div>\n    <\/article><\/div>\n            <div class=\"clearfix\"><\/div>\n        <\/div>\t\t\t\t<\/div>\n\t\t\t\t\t<\/div>\n\t\t\t\t<\/div>\n\t\t<div data-particle_enable=\"false\" data-particle-mobile-disabled=\"false\" class=\"elementor-element elementor-element-896d087 e-flex e-con-boxed e-con e-parent\" data-id=\"896d087\" data-element_type=\"container\" data-e-type=\"container\">\n\t\t\t\t\t<div class=\"e-con-inner\">\n\t\t\t\t<div class=\"elementor-element elementor-element-0d43704 elementor-widget elementor-widget-heading\" data-id=\"0d43704\" data-element_type=\"widget\" data-e-type=\"widget\" data-widget_type=\"heading.default\">\n\t\t\t\t\t<h3 class=\"elementor-heading-title elementor-size-default\">Una comunidad de hermanos connacionales<\/h3>\t\t\t\t<\/div>\n\t\t\t\t\t<\/div>\n\t\t\t\t<\/div>\n\t\t<div data-particle_enable=\"false\" data-particle-mobile-disabled=\"false\" class=\"elementor-element elementor-element-a3d980f e-flex e-con-boxed e-con e-parent\" data-id=\"a3d980f\" data-element_type=\"container\" data-e-type=\"container\">\n\t\t\t\t\t<div class=\"e-con-inner\">\n\t\t\t\t<div class=\"elementor-element elementor-element-5afaf72 elementor-widget elementor-widget-text-editor\" data-id=\"5afaf72\" data-element_type=\"widget\" data-e-type=\"widget\" data-widget_type=\"text-editor.default\">\n\t\t\t\t\t\t\t\t\t<p>Andrea Raquel colabora activamente con la <a href=\"https:\/\/soymigrante.com\/revista\/una-familia-unida-es-la-mejor-corona-de-la-sra-guatemala-oklahoma\/\">Asociaci\u00f3n Guatemalteca en Oklahoma<\/a>, donde ha conocido fundaciones y proyectos que apoyan a migrantes y por supuesto a nuestros connacionales en este estado.\u00a0Andrea particip\u00f3 recientemente en el Desfile de las Fiestas de las Am\u00e9ricas, un evento emblem\u00e1tico en Oklahoma por el Mes de la Herencia Hispana. \u201cEs algo emocionante poder representar nuestra cultura y nuestras tradiciones estando lejos del pa\u00eds\u201d<\/p><p>\u201cSue\u00f1o con trabajar alg\u00fan d\u00eda en una organizaci\u00f3n de ayuda social\u201d, afirma. \u201cSiempre me ha apasionado servir a las personas y ayudarles, me llena ver que podemos apoyarnos y salir adelante juntos\u201d.<\/p>\t\t\t\t\t\t\t\t<\/div>\n\t\t\t\t\t<\/div>\n\t\t\t\t<\/div>\n\t\t<div data-particle_enable=\"false\" data-particle-mobile-disabled=\"false\" class=\"elementor-element elementor-element-623a05d e-flex e-con-boxed e-con e-parent\" data-id=\"623a05d\" data-element_type=\"container\" data-e-type=\"container\">\n\t\t\t\t\t<div class=\"e-con-inner\">\n\t\t\t\t<div class=\"elementor-element elementor-element-d4b5df9 elementor-grid-eael-col-1 elementor-grid-tablet-eael-col-2 elementor-grid-mobile-eael-col-1 elementor-widget elementor-widget-eael-post-grid\" data-id=\"d4b5df9\" data-element_type=\"widget\" data-e-type=\"widget\" data-settings=\"{&quot;eael_post_grid_columns&quot;:&quot;eael-col-1&quot;,&quot;eael_post_grid_columns_tablet&quot;:&quot;eael-col-2&quot;,&quot;eael_post_grid_columns_mobile&quot;:&quot;eael-col-1&quot;}\" data-widget_type=\"eael-post-grid.default\">\n\t\t\t\t\t<div id=\"eael-post-grid-d4b5df9\" class=\"eael-post-grid-container\">\n            <div class=\"eael-post-grid eael-post-appender eael-post-appender-d4b5df9 eael-post-grid-style-one\" data-layout-mode=\"masonry\"><article class=\"eael-grid-post  eael-post-grid-column eael-pg-post-46581 category-estamos-unidos-noticias\" data-id=\"46581\">\n        <div class=\"eael-grid-post-holder\">\n            <div class=\"eael-grid-post-holder-inner\"><div class=\"eael-entry-media\"><div class=\"eael-entry-overlay fade-in\"><i class=\"far fa-hand-pointer\" aria-hidden=\"true\"><\/i><a href=\"https:\/\/soymigrante.com\/revista\/oklahoma-carroza-guatemalteca-recibe-premio-en-desfile-hispano\/\"><\/a><\/div><div class=\"eael-entry-thumbnail eael-image-ratio\">\n                <img loading=\"lazy\" decoding=\"async\" width=\"1024\" height=\"1024\" src=\"https:\/\/soymigrante.com\/revista\/wp-content\/uploads\/2025\/10\/oklahoma-carroza-5-1024x1024.jpg\" class=\"attachment-large size-large wp-image-46582\" alt=\"Carroza guatemalteca en Oklahoma en Desfile Hispano grana premio\" srcset=\"https:\/\/soymigrante.com\/revista\/wp-content\/uploads\/2025\/10\/oklahoma-carroza-5-1024x1024.jpg 1024w, https:\/\/soymigrante.com\/revista\/wp-content\/uploads\/2025\/10\/oklahoma-carroza-5-300x300.jpg 300w, https:\/\/soymigrante.com\/revista\/wp-content\/uploads\/2025\/10\/oklahoma-carroza-5-150x150.jpg 150w, https:\/\/soymigrante.com\/revista\/wp-content\/uploads\/2025\/10\/oklahoma-carroza-5-768x768.jpg 768w, https:\/\/soymigrante.com\/revista\/wp-content\/uploads\/2025\/10\/oklahoma-carroza-5-75x75.jpg 75w, https:\/\/soymigrante.com\/revista\/wp-content\/uploads\/2025\/10\/oklahoma-carroza-5-750x750.jpg 750w, https:\/\/soymigrante.com\/revista\/wp-content\/uploads\/2025\/10\/oklahoma-carroza-5-1140x1140.jpg 1140w, https:\/\/soymigrante.com\/revista\/wp-content\/uploads\/2025\/10\/oklahoma-carroza-5.jpg 1371w\" sizes=\"(max-width: 1024px) 100vw, 1024px\" \/>\n            <\/div>\n        <\/div><div class=\"eael-entry-wrapper\"><header class=\"eael-entry-header\"><h2 class=\"eael-entry-title\"><a class=\"eael-grid-post-link\" href=\"https:\/\/soymigrante.com\/revista\/oklahoma-carroza-guatemalteca-recibe-premio-en-desfile-hispano\/\" title=\"Oklahoma: Carroza guatemalteca recibe premio en desfile hispano\">Oklahoma: Carroza guatemalteca recibe premio en desfile hispano<\/a><\/h2><\/header><div class=\"eael-entry-content\">\n                        <div class=\"eael-grid-post-excerpt\"><a href=\"https:\/\/soymigrante.com\/revista\/oklahoma-carroza-guatemalteca-recibe-premio-en-desfile-hispano\/\" class=\"eael-post-elements-readmore-btn\">CONOCE SU HISTORIA <\/a><\/div>\n                    <\/div><\/div><\/div>\n        <\/div>\n    <\/article><\/div>\n            <div class=\"clearfix\"><\/div>\n        <\/div>\t\t\t\t<\/div>\n\t\t\t\t\t<\/div>\n\t\t\t\t<\/div>\n\t\t<div data-particle_enable=\"false\" data-particle-mobile-disabled=\"false\" class=\"elementor-element elementor-element-b1e8a00 e-flex e-con-boxed e-con e-parent\" data-id=\"b1e8a00\" data-element_type=\"container\" data-e-type=\"container\">\n\t\t\t\t\t<div class=\"e-con-inner\">\n\t\t\t\t<div class=\"elementor-element elementor-element-42b736b elementor-widget elementor-widget-heading\" data-id=\"42b736b\" data-element_type=\"widget\" data-e-type=\"widget\" data-widget_type=\"heading.default\">\n\t\t\t\t\t<h3 class=\"elementor-heading-title elementor-size-default\">Se necesita un \"te extra\u00f1amos\"<\/h3>\t\t\t\t<\/div>\n\t\t\t\t\t<\/div>\n\t\t\t\t<\/div>\n\t\t<div data-particle_enable=\"false\" data-particle-mobile-disabled=\"false\" class=\"elementor-element elementor-element-09b0ceb e-flex e-con-boxed e-con e-parent\" data-id=\"09b0ceb\" data-element_type=\"container\" data-e-type=\"container\">\n\t\t\t\t\t<div class=\"e-con-inner\">\n\t\t\t\t<div class=\"elementor-element elementor-element-da186cc elementor-widget elementor-widget-text-editor\" data-id=\"da186cc\" data-element_type=\"widget\" data-e-type=\"widget\" data-widget_type=\"text-editor.default\">\n\t\t\t\t\t\t\t\t\t<p>Al preguntar qu\u00e9 es lo que m\u00e1s necesitan los migrantes guatemaltecos en Estados Unidos, responde con franqueza. Sentir que no son solo un envio de <a href=\"https:\/\/soymigrante.com\/revista\/remesas-migrantes-crecimiento-enero-febrero-2024\/\">remesas<\/a>. &#8220;Es muy buena y reanimante una llamada para preguntar &#8220;\u00bfc\u00f3mo est\u00e1s?&#8221;, para decir un &#8220;te extra\u00f1amos\u2019&#8221;, para contarle c\u00f3mo fue el cumplea\u00f1os de un familiar&#8230; solo para conversar para sentirse un poco cerca de los seres queridos&#8221;, expresa.<\/p><p>Andrea resume con sencillez: \u201cAqu\u00ed estamos forjando nuestro futuro y el de los nuestros con trabajo y mucha fe de lograr lo que en nuestro pa\u00eds no pod\u00edamos \u201d.\u00a0<\/p><p>&#8220;Cada d\u00eda me levanto agradecida, porque tener <a href=\"https:\/\/soymigrante.com\/revista\/category\/mejor\/salud-fisica\/\">salud,<\/a> trabajo y la esperanza de un mejor futuro para mi y los m\u00edos, porque sigo so\u00f1ando por mi y por ellos&#8221;.<\/p><div>\u00a0<\/div>\t\t\t\t\t\t\t\t<\/div>\n\t\t\t\t\t<\/div>\n\t\t\t\t<\/div>\n\t\t<div data-particle_enable=\"false\" data-particle-mobile-disabled=\"false\" class=\"elementor-element elementor-element-c64f0f8 e-flex e-con-boxed e-con e-parent\" data-id=\"c64f0f8\" data-element_type=\"container\" data-e-type=\"container\">\n\t\t\t\t\t<div class=\"e-con-inner\">\n\t\t\t\t<div class=\"elementor-element elementor-element-a05b83c elementor-widget elementor-widget-heading\" data-id=\"a05b83c\" data-element_type=\"widget\" data-e-type=\"widget\" data-widget_type=\"heading.default\">\n\t\t\t\t\t<h2 class=\"elementor-heading-title elementor-size-default\">Talento guatemalteco sin fronteras<\/h2>\t\t\t\t<\/div>\n\t\t\t\t\t<\/div>\n\t\t\t\t<\/div>\n\t\t<div data-particle_enable=\"false\" data-particle-mobile-disabled=\"false\" class=\"elementor-element elementor-element-acee1f3 e-flex e-con-boxed e-con e-parent\" data-id=\"acee1f3\" data-element_type=\"container\" data-e-type=\"container\">\n\t\t\t\t\t<div class=\"e-con-inner\">\n\t\t\t\t<div class=\"elementor-element elementor-element-a60e4df elementor-grid-eael-col-3 elementor-grid-tablet-eael-col-2 elementor-grid-mobile-eael-col-1 elementor-widget elementor-widget-eael-post-grid\" data-id=\"a60e4df\" data-element_type=\"widget\" data-e-type=\"widget\" data-settings=\"{&quot;eael_post_grid_columns&quot;:&quot;eael-col-3&quot;,&quot;eael_post_grid_columns_tablet&quot;:&quot;eael-col-2&quot;,&quot;eael_post_grid_columns_mobile&quot;:&quot;eael-col-1&quot;}\" data-widget_type=\"eael-post-grid.default\">\n\t\t\t\t\t<div id=\"eael-post-grid-a60e4df\" class=\"eael-post-grid-container\">\n            <div class=\"eael-post-grid eael-post-appender eael-post-appender-a60e4df eael-post-grid-style-one\" data-layout-mode=\"masonry\"><article class=\"eael-grid-post  eael-post-grid-column eael-pg-post-4863 category-exitos\" data-id=\"4863\">\n        <div class=\"eael-grid-post-holder\">\n            <div class=\"eael-grid-post-holder-inner\"><div class=\"eael-entry-media\"><div class=\"eael-entry-overlay fade-in\"><i class=\"far fa-hand-pointer\" aria-hidden=\"true\"><\/i><a href=\"https:\/\/soymigrante.com\/revista\/migrante-guatemalteco-danilo-cifuentes-ingeniero-constructor-empresario-oklahoma\/\"><\/a><\/div><div class=\"eael-entry-thumbnail eael-image-ratio\">\n                <img loading=\"lazy\" decoding=\"async\" width=\"1024\" height=\"1024\" src=\"https:\/\/soymigrante.com\/revista\/wp-content\/uploads\/2024\/02\/danilo-ifuentes-23-1024x1024.webp\" class=\"attachment-large size-large wp-image-4869\" alt=\"constructora y venta de bienes ra\u00edces en Oklahoma junto a sus tres hermanos migrantes.\" srcset=\"https:\/\/soymigrante.com\/revista\/wp-content\/uploads\/2024\/02\/danilo-ifuentes-23-1024x1024.webp 1024w, https:\/\/soymigrante.com\/revista\/wp-content\/uploads\/2024\/02\/danilo-ifuentes-23-300x300.webp 300w, https:\/\/soymigrante.com\/revista\/wp-content\/uploads\/2024\/02\/danilo-ifuentes-23-150x150.webp 150w, https:\/\/soymigrante.com\/revista\/wp-content\/uploads\/2024\/02\/danilo-ifuentes-23-768x768.webp 768w, https:\/\/soymigrante.com\/revista\/wp-content\/uploads\/2024\/02\/danilo-ifuentes-23-75x75.webp 75w, https:\/\/soymigrante.com\/revista\/wp-content\/uploads\/2024\/02\/danilo-ifuentes-23-750x750.webp 750w, https:\/\/soymigrante.com\/revista\/wp-content\/uploads\/2024\/02\/danilo-ifuentes-23-1140x1140.webp 1140w, https:\/\/soymigrante.com\/revista\/wp-content\/uploads\/2024\/02\/danilo-ifuentes-23-600x600.webp 600w, https:\/\/soymigrante.com\/revista\/wp-content\/uploads\/2024\/02\/danilo-ifuentes-23.webp 1366w\" sizes=\"(max-width: 1024px) 100vw, 1024px\" \/>\n            <\/div>\n        <\/div><div class=\"eael-entry-wrapper\"><header class=\"eael-entry-header\"><h2 class=\"eael-entry-title\"><a class=\"eael-grid-post-link\" href=\"https:\/\/soymigrante.com\/revista\/migrante-guatemalteco-danilo-cifuentes-ingeniero-constructor-empresario-oklahoma\/\" title=\"Hermanos migrantes: Danilo Cifuentes convirti\u00f3 la crisis en cimiento para construir\">Hermanos migrantes: Danilo Cifuentes convirti\u00f3 la crisis en cimiento para construir<\/a><\/h2><\/header><div class=\"eael-entry-content\">\n                        <div class=\"eael-grid-post-excerpt\"><a href=\"https:\/\/soymigrante.com\/revista\/migrante-guatemalteco-danilo-cifuentes-ingeniero-constructor-empresario-oklahoma\/\" class=\"eael-post-elements-readmore-btn\">CONOCE SU HISTORIA <\/a><\/div>\n                    <\/div><\/div><\/div>\n        <\/div>\n    <\/article><article class=\"eael-grid-post  eael-post-grid-column eael-pg-post-5392 category-exitos\" data-id=\"5392\">\n        <div class=\"eael-grid-post-holder\">\n            <div class=\"eael-grid-post-holder-inner\"><div class=\"eael-entry-media\"><div class=\"eael-entry-overlay fade-in\"><i class=\"far fa-hand-pointer\" aria-hidden=\"true\"><\/i><a href=\"https:\/\/soymigrante.com\/revista\/historia-migrante-juan-guarcas-quiche-chef-exitoso-restaurant-texas\/\"><\/a><\/div><div class=\"eael-entry-thumbnail eael-image-ratio\">\n                <img loading=\"lazy\" decoding=\"async\" width=\"617\" height=\"546\" src=\"https:\/\/soymigrante.com\/revista\/wp-content\/uploads\/2024\/03\/juancho.webp\" class=\"attachment-large size-large wp-image-5395\" alt=\"Migrante Juan Guarcax, originario de Joyabaj, Quich\u00e9, es chef graduado en Estados Unidos y su especialidad es la comida italiana. Su restaurante Bella M\u00eda es un \u00e9xito en McAllen, Texas.\" srcset=\"https:\/\/soymigrante.com\/revista\/wp-content\/uploads\/2024\/03\/juancho.webp 617w, https:\/\/soymigrante.com\/revista\/wp-content\/uploads\/2024\/03\/juancho-300x265.webp 300w\" sizes=\"(max-width: 617px) 100vw, 617px\" \/>\n            <\/div>\n        <\/div><div class=\"eael-entry-wrapper\"><header class=\"eael-entry-header\"><h2 class=\"eael-entry-title\"><a class=\"eael-grid-post-link\" href=\"https:\/\/soymigrante.com\/revista\/historia-migrante-juan-guarcas-quiche-chef-exitoso-restaurant-texas\/\" title=\"Migrante Juan Guarcas, de Joyabaj, es exitoso chef italiano en Texas\">Migrante Juan Guarcas, de Joyabaj, es exitoso chef italiano en Texas<\/a><\/h2><\/header><div class=\"eael-entry-content\">\n                        <div class=\"eael-grid-post-excerpt\"><a href=\"https:\/\/soymigrante.com\/revista\/historia-migrante-juan-guarcas-quiche-chef-exitoso-restaurant-texas\/\" class=\"eael-post-elements-readmore-btn\">CONOCE SU HISTORIA <\/a><\/div>\n                    <\/div><\/div><\/div>\n        <\/div>\n    <\/article><article class=\"eael-grid-post  eael-post-grid-column eael-pg-post-40717 category-exitos-guatemala\" data-id=\"40717\">\n        <div class=\"eael-grid-post-holder\">\n            <div class=\"eael-grid-post-holder-inner\"><div class=\"eael-entry-media\"><div class=\"eael-entry-overlay fade-in\"><i class=\"far fa-hand-pointer\" aria-hidden=\"true\"><\/i><a href=\"https:\/\/soymigrante.com\/revista\/griselda-cifuentes-migrante-guatemalteca-restaurante-chapin-en-las-vegas\/\"><\/a><\/div><div class=\"eael-entry-thumbnail eael-image-ratio\">\n                <img loading=\"lazy\" decoding=\"async\" width=\"730\" height=\"761\" src=\"https:\/\/soymigrante.com\/revista\/wp-content\/uploads\/2025\/07\/griselda-cifuentes-emprendedora-migrante-guatemalteca-las-vegas.png\" class=\"attachment-large size-large wp-image-40882\" alt=\"Soymigrante revista, mujer sonriente con masa en taller de cocina, comunidad migrante y cultura, recetas tradicionales mexicanas, integraci\u00f3n y solidaridad en actividades culturales, contenido multimedia de soymigrante.com.\" srcset=\"https:\/\/soymigrante.com\/revista\/wp-content\/uploads\/2025\/07\/griselda-cifuentes-emprendedora-migrante-guatemalteca-las-vegas.png 730w, https:\/\/soymigrante.com\/revista\/wp-content\/uploads\/2025\/07\/griselda-cifuentes-emprendedora-migrante-guatemalteca-las-vegas-288x300.png 288w\" sizes=\"(max-width: 730px) 100vw, 730px\" \/>\n            <\/div>\n        <\/div><div class=\"eael-entry-wrapper\"><header class=\"eael-entry-header\"><h2 class=\"eael-entry-title\"><a class=\"eael-grid-post-link\" href=\"https:\/\/soymigrante.com\/revista\/griselda-cifuentes-migrante-guatemalteca-restaurante-chapin-en-las-vegas\/\" title=\"\u201cEl Buen Sabor es mi sue\u00f1o\u201d: Griselda Cifuentes, migrante guatemalteca en Las Vegas\">\u201cEl Buen Sabor es mi sue\u00f1o\u201d: Griselda Cifuentes, migrante guatemalteca en Las Vegas<\/a><\/h2><\/header><div class=\"eael-entry-content\">\n                        <div class=\"eael-grid-post-excerpt\"><a href=\"https:\/\/soymigrante.com\/revista\/griselda-cifuentes-migrante-guatemalteca-restaurante-chapin-en-las-vegas\/\" class=\"eael-post-elements-readmore-btn\">CONOCE SU HISTORIA <\/a><\/div>\n                    <\/div><\/div><\/div>\n        <\/div>\n    <\/article><\/div>\n            <div class=\"clearfix\"><\/div>\n        <\/div>\t\t\t\t<\/div>\n\t\t\t\t\t<\/div>\n\t\t\t\t<\/div>\n\t\t\t\t<\/div>\n\t\t","protected":false},"excerpt":{"rendered":"<p>Andrea Raquel Arriola ha superado duras pruebas y participa en la comunidad guatemalteca de Oklahoma;junto con su familia en Guatemala impulsa causas nobles. Andrea Raquel Arriola, originaria de Quetzaltenango, particip\u00f3 recientemente en el desfile Fiestas de las Am\u00e9ricas en Oklahoma City, organizado con motivo del Mes de la Herencia Hispana. Y esa es la ocasi\u00f3n [&hellip;]<\/p>\n","protected":false},"author":7,"featured_media":47228,"comment_status":"open","ping_status":"open","sticky":false,"template":"","format":"standard","meta":{"_acf_changed":false,"_eb_attr":"","footnotes":""},"categories":[50,274],"tags":[],"class_list":["post-47227","post","type-post","status-publish","format-standard","has-post-thumbnail","hentry","category-exitos","category-guatemala"],"acf":[],"aioseo_notices":[],"aioseo_head":"\n\t\t<!-- All in One SEO Pro 4.9.6.2 - aioseo.com -->\n\t<meta name=\"description\" content=\"Unico restaurante guatemalteco en Las Vegas fue fundado hace 20 a\u00f1os por Griselda Cifuentes, originaria de San Marcos. Pero su historia migrante inicia en 1984.\" \/>\n\t<meta name=\"robots\" content=\"max-snippet:-1, max-image-preview:large, max-video-preview:-1\" \/>\n\t<meta name=\"author\" content=\"Gustavo Montenegro\"\/>\n\t<link rel=\"canonical\" href=\"https:\/\/soymigrante.com\/revista\/griselda-cifuentes-migrante-guatemalteca-restaurante-chapin-en-las-vegas\/\" \/>\n\t<meta name=\"generator\" content=\"All in One SEO Pro (AIOSEO) 4.9.6.2\" \/>\n\n\t\t<link rel=\"preconnect\" href=\"https:\/\/fonts.googleapis.com\" crossorigin>\n<link rel=\"preconnect\" href=\"https:\/\/fonts.gstatic.com\" crossorigin>\n\t\t<meta property=\"og:locale\" content=\"es_ES\" \/>\n\t\t<meta property=\"og:site_name\" content=\"SoyMigrante.com REVISTA \u2013 Nuestra misi\u00f3n es reconocer y dignificar al migrante.\" \/>\n\t\t<meta property=\"og:type\" content=\"article\" \/>\n\t\t<meta property=\"og:title\" content=\"Griselda Cifuentes pone el sabor guatemalteco en Las Vegas\" \/>\n\t\t<meta property=\"og:description\" content=\"Unico restaurante guatemalteco en Las Vegas fue fundado hace 20 a\u00f1os por Griselda Cifuentes, originaria de San Marcos. Pero su historia migrante inicia en 1984.\" \/>\n\t\t<meta property=\"og:url\" content=\"https:\/\/soymigrante.com\/revista\/griselda-cifuentes-migrante-guatemalteca-restaurante-chapin-en-las-vegas\/\" \/>\n\t\t<meta property=\"og:image\" content=\"https:\/\/soymigrante.com\/revista\/wp-content\/uploads\/2025\/07\/griselda-cifuentes-emprendedora-migrante-guatemalteca-las-vegas.png\" \/>\n\t\t<meta property=\"og:image:secure_url\" content=\"https:\/\/soymigrante.com\/revista\/wp-content\/uploads\/2025\/07\/griselda-cifuentes-emprendedora-migrante-guatemalteca-las-vegas.png\" \/>\n\t\t<meta property=\"og:image:width\" content=\"730\" \/>\n\t\t<meta property=\"og:image:height\" content=\"761\" \/>\n\t\t<meta property=\"article:published_time\" content=\"2025-07-30T13:00:00+00:00\" \/>\n\t\t<meta property=\"article:modified_time\" content=\"2025-10-03T20:43:51+00:00\" \/>\n\t\t<meta property=\"article:publisher\" content=\"https:\/\/www.facebook.com\/soymigrantecom\" \/>\n\t\t<meta name=\"twitter:card\" content=\"summary_large_image\" \/>\n\t\t<meta name=\"twitter:site\" content=\"@SoyMigrante_com\" \/>\n\t\t<meta name=\"twitter:title\" content=\"Griselda Cifuentes pone el sabor guatemalteco en Las Vegas\" \/>\n\t\t<meta name=\"twitter:description\" content=\"Unico restaurante guatemalteco en Las Vegas fue fundado hace 20 a\u00f1os por Griselda Cifuentes, originaria de San Marcos. Pero su historia migrante inicia en 1984.\" \/>\n\t\t<meta name=\"twitter:creator\" content=\"@SoyMigrante_com\" \/>\n\t\t<meta name=\"twitter:image\" content=\"https:\/\/soymigrante.com\/revista\/wp-content\/uploads\/2025\/07\/griselda-cifuentes-emprendedora-migrante-guatemalteca-las-vegas.png\" \/>\n\t\t<!-- All in One SEO Pro -->\r\n\t\t<title>Griselda Cifuentes pone el sabor guatemalteco en Las Vegas<\/title>\n\n","aioseo_head_json":{"title":"Griselda Cifuentes pone el sabor guatemalteco en Las Vegas","description":"Unico restaurante guatemalteco en Las Vegas fue fundado hace 20 a\u00f1os por Griselda Cifuentes, originaria de San Marcos. Pero su historia migrante inicia en 1984.","canonical_url":"https:\/\/soymigrante.com\/revista\/griselda-cifuentes-migrante-guatemalteca-restaurante-chapin-en-las-vegas\/","robots":"max-snippet:-1, max-image-preview:large, max-video-preview:-1","keywords":"","webmasterTools":{"miscellaneous":"&lt;link rel=\"preconnect\" href=\"https:\/\/fonts.googleapis.com\" crossorigin&gt;\n&lt;link rel=\"preconnect\" href=\"https:\/\/fonts.gstatic.com\" crossorigin&gt;"},"schema":null,"og:locale":"es_ES","og:site_name":"SoyMigrante.com REVISTA \u2013 Nuestra misi\u00f3n es reconocer y dignificar al migrante.","og:type":"article","og:title":"Griselda Cifuentes pone el sabor guatemalteco en Las Vegas","og:description":"Unico restaurante guatemalteco en Las Vegas fue fundado hace 20 a\u00f1os por Griselda Cifuentes, originaria de San Marcos. Pero su historia migrante inicia en 1984.","og:url":"https:\/\/soymigrante.com\/revista\/griselda-cifuentes-migrante-guatemalteca-restaurante-chapin-en-las-vegas\/","og:image":"https:\/\/soymigrante.com\/revista\/wp-content\/uploads\/2025\/07\/griselda-cifuentes-emprendedora-migrante-guatemalteca-las-vegas.png","og:image:secure_url":"https:\/\/soymigrante.com\/revista\/wp-content\/uploads\/2025\/07\/griselda-cifuentes-emprendedora-migrante-guatemalteca-las-vegas.png","og:image:width":730,"og:image:height":761,"article:published_time":"2025-07-30T13:00:00+00:00","article:modified_time":"2025-10-03T20:43:51+00:00","article:publisher":"https:\/\/www.facebook.com\/soymigrantecom","twitter:card":"summary_large_image","twitter:site":"@SoyMigrante_com","twitter:title":"Griselda Cifuentes pone el sabor guatemalteco en Las Vegas","twitter:description":"Unico restaurante guatemalteco en Las Vegas fue fundado hace 20 a\u00f1os por Griselda Cifuentes, originaria de San Marcos. Pero su historia migrante inicia en 1984.","twitter:creator":"@SoyMigrante_com","twitter:image":"https:\/\/soymigrante.com\/revista\/wp-content\/uploads\/2025\/07\/griselda-cifuentes-emprendedora-migrante-guatemalteca-las-vegas.png"},"aioseo_meta_data":{"post_id":"47227","title":"Andrea Raquel Arriola, fortaleza guatemalteca en Oklahoma","description":"Originaria de Quetzaltenango, Andrea Arriola participa con entusiasmo en actividades de la comunidad guatemalteca en Oklahoma, vence desaf\u00edos y traza metas","keywords":null,"keyphrases":{"focus":{"keyphrase":"Guatemalteca","score":91,"analysis":{"keyphraseInTitle":{"score":9,"maxScore":9,"error":0},"keyphraseInDescription":{"score":9,"maxScore":9,"error":0},"keyphraseLength":{"score":9,"maxScore":9,"error":0,"length":1},"keyphraseInURL":{"score":5,"maxScore":5,"error":0},"keyphraseInIntroduction":{"score":9,"maxScore":9,"error":0},"keyphraseInSubHeadings":{"score":3,"maxScore":9,"error":1},"keyphraseInImageAlt":{"score":9,"maxScore":9,"error":0},"keywordDensity":{"type":"best","score":9,"maxScore":9,"error":0}}},"additional":[{"keyphrase":"Oklahoma","score":100,"analysis":{"keyphraseInDescription":{"score":9,"maxScore":9,"error":0},"keyphraseLength":{"score":9,"maxScore":9,"error":0,"length":1},"keyphraseInIntroduction":{"score":9,"maxScore":9,"error":0},"keyphraseInImageAlt":{"score":9,"maxScore":9,"error":0},"keywordDensity":{"type":"best","score":9,"maxScore":9,"error":0}}}]},"primary_term":null,"canonical_url":null,"og_title":null,"og_description":null,"og_object_type":"default","og_image_type":"default","og_image_url":null,"og_image_width":null,"og_image_height":null,"og_image_custom_url":null,"og_image_custom_fields":null,"og_video":"","og_custom_url":null,"og_article_section":null,"og_article_tags":null,"twitter_use_og":false,"twitter_card":"default","twitter_image_type":"default","twitter_image_url":null,"twitter_image_custom_url":null,"twitter_image_custom_fields":null,"twitter_title":null,"twitter_description":null,"schema":{"blockGraphs":[],"customGraphs":[],"default":{"data":{"Article":[],"Course":[],"Dataset":[],"FAQPage":[],"Movie":[],"Person":[],"Product":[],"ProductReview":[],"Car":[],"Recipe":[],"Service":[],"SoftwareApplication":[],"WebPage":[]},"graphName":"none","isEnabled":true},"graphs":[]},"schema_type":"default","schema_type_options":null,"pillar_content":false,"robots_default":true,"robots_noindex":false,"robots_noarchive":false,"robots_nosnippet":false,"robots_nofollow":false,"robots_noimageindex":false,"robots_noodp":false,"robots_notranslate":false,"robots_max_snippet":"-1","robots_max_videopreview":"-1","robots_max_imagepreview":"large","priority":null,"frequency":"default","local_seo":null,"seo_analyzer_scan_date":"2025-10-15 18:24:53","breadcrumb_settings":null,"limit_modified_date":false,"reviewed_by":"0","open_ai":null,"ai":{"faqs":[],"keyPoints":[],"titles":[],"descriptions":[],"socialPosts":{"email":[],"linkedin":[],"twitter":[],"facebook":[],"instagram":[]}},"created":"2025-10-14 14:17:07","updated":"2026-02-05 06:33:49"},"aioseo_breadcrumb":"<div class=\"aioseo-breadcrumbs\"><span class=\"aioseo-breadcrumb\">\n\t<a href=\"https:\/\/soymigrante.com\/revista\" title=\"Home\">Home<\/a>\n<\/span><span class=\"aioseo-breadcrumb-separator\">\u00bb<\/span><span class=\"aioseo-breadcrumb\">\n\t<a href=\"https:\/\/soymigrante.com\/revista\/category\/exitos\/\" title=\"\u00c9xitos\">\u00c9xitos<\/a>\n<\/span><span class=\"aioseo-breadcrumb-separator\">\u00bb<\/span><span class=\"aioseo-breadcrumb\">\n\t<a href=\"https:\/\/soymigrante.com\/revista\/category\/exitos\/guatemala\/\" title=\"Guatemala\">Guatemala<\/a>\n<\/span><span class=\"aioseo-breadcrumb-separator\">\u00bb<\/span><span class=\"aioseo-breadcrumb\">\n\tAndrea Raquel Arriola: fortaleza guatemalteca en Oklahoma\n<\/span><\/div>","aioseo_breadcrumb_json":[{"label":"Home","link":"https:\/\/soymigrante.com\/revista"},{"label":"\u00c9xitos","link":"https:\/\/soymigrante.com\/revista\/category\/exitos\/"},{"label":"Guatemala","link":"https:\/\/soymigrante.com\/revista\/category\/exitos\/guatemala\/"},{"label":"Andrea Raquel Arriola: fortaleza guatemalteca en Oklahoma","link":"https:\/\/soymigrante.com\/revista\/andrea-raquel-arriola-fortaleza-guatemalteca-en-oklahoma\/"}],"_links":{"self":[{"href":"https:\/\/soymigrante.com\/revista\/wp-json\/wp\/v2\/posts\/47227","targetHints":{"allow":["GET"]}}],"collection":[{"href":"https:\/\/soymigrante.com\/revista\/wp-json\/wp\/v2\/posts"}],"about":[{"href":"https:\/\/soymigrante.com\/revista\/wp-json\/wp\/v2\/types\/post"}],"author":[{"embeddable":true,"href":"https:\/\/soymigrante.com\/revista\/wp-json\/wp\/v2\/users\/7"}],"replies":[{"embeddable":true,"href":"https:\/\/soymigrante.com\/revista\/wp-json\/wp\/v2\/comments?post=47227"}],"version-history":[{"count":6,"href":"https:\/\/soymigrante.com\/revista\/wp-json\/wp\/v2\/posts\/47227\/revisions"}],"predecessor-version":[{"id":47284,"href":"https:\/\/soymigrante.com\/revista\/wp-json\/wp\/v2\/posts\/47227\/revisions\/47284"}],"wp:featuredmedia":[{"embeddable":true,"href":"https:\/\/soymigrante.com\/revista\/wp-json\/wp\/v2\/media\/47228"}],"wp:attachment":[{"href":"https:\/\/soymigrante.com\/revista\/wp-json\/wp\/v2\/media?parent=47227"}],"wp:term":[{"taxonomy":"category","embeddable":true,"href":"https:\/\/soymigrante.com\/revista\/wp-json\/wp\/v2\/categories?post=47227"},{"taxonomy":"post_tag","embeddable":true,"href":"https:\/\/soymigrante.com\/revista\/wp-json\/wp\/v2\/tags?post=47227"}],"curies":[{"name":"wp","href":"https:\/\/api.w.org\/{rel}","templated":true}]}}