{"id":47204,"date":"2025-10-14T05:46:00","date_gmt":"2025-10-14T11:46:00","guid":{"rendered":"https:\/\/soymigrante.com\/revista\/?p=47204"},"modified":"2025-10-14T03:46:34","modified_gmt":"2025-10-14T09:46:34","slug":"migrante-salvadorena-dora-rodriguez-sobrevivio-y-ayuda-a-sobrevivir","status":"publish","type":"post","link":"https:\/\/soymigrante.com\/revista\/migrante-salvadorena-dora-rodriguez-sobrevivio-y-ayuda-a-sobrevivir\/","title":{"rendered":"Migrante salvadore\u00f1a Dora Rodr\u00edguez sobrevivi\u00f3 y ayuda a sobrevivir"},"content":{"rendered":"\t\t<div data-elementor-type=\"wp-post\" data-elementor-id=\"47204\" class=\"elementor elementor-47204\" data-elementor-post-type=\"post\">\n\t\t\t\t<div data-particle_enable=\"false\" data-particle-mobile-disabled=\"false\" class=\"elementor-element elementor-element-87d6e94 e-flex e-con-boxed e-con e-parent\" data-id=\"87d6e94\" data-element_type=\"container\" data-e-type=\"container\">\n\t\t\t\t\t<div class=\"e-con-inner\">\n\t\t\t\t<div class=\"elementor-element elementor-element-bf910a4 elementor-widget elementor-widget-heading\" data-id=\"bf910a4\" data-element_type=\"widget\" data-e-type=\"widget\" data-widget_type=\"heading.default\">\n\t\t\t\t\t<h2 class=\"elementor-heading-title elementor-size-default\">La escritora salvadore\u00f1a Dora Rodr\u00edguez sobrevivi\u00f3 a una mortal prueba. Pero no se qued\u00f3 estancada en ello: escribi\u00f3 su  historia para inspirar a m\u00e1s mujeres a superar l\u00edmites. <\/h2>\t\t\t\t<\/div>\n\t\t\t\t\t<\/div>\n\t\t\t\t<\/div>\n\t\t<div data-particle_enable=\"false\" data-particle-mobile-disabled=\"false\" class=\"elementor-element elementor-element-17fa33c e-flex e-con-boxed e-con e-parent\" data-id=\"17fa33c\" data-element_type=\"container\" data-e-type=\"container\">\n\t\t\t\t\t<div class=\"e-con-inner\">\n\t\t\t\t<div class=\"elementor-element elementor-element-42770f6 elementor-widget elementor-widget-text-editor\" data-id=\"42770f6\" data-element_type=\"widget\" data-e-type=\"widget\" data-widget_type=\"text-editor.default\">\n\t\t\t\t\t\t\t\t\t<p>Hay heridas que nunca se cierran del todo, pero hay personas que logran transformar su dolor en una fuente inagotable de compasi\u00f3n y servicio. Dora Rodriguez es una de esas personas.\u00a0<\/p><p>En 1980, fue una de las pocas sobrevivientes de un grupo de 30<a href=\"https:\/\/soymigrante.com\/revista\/migrantes-guatemaltecos-expresan-objetivos-y-suenos-para-este-2025\/\"> migrantes <\/a>salvadore\u00f1os abandonados a su suerte en el desierto de <a href=\"https:\/\/soymigrante.com\/revista\/consulado-de-guatemala-en-arizona-ubicacion-contacto\/\">Arizona<\/a>. La imagen de su cuerpo casi sin vida, siendo rescatado, se convirti\u00f3 en un s\u00edmbolo de la brutalidad de la frontera y despert\u00f3 la conciencia de una naci\u00f3n.<\/p>\t\t\t\t\t\t\t\t<\/div>\n\t\t\t\t\t<\/div>\n\t\t\t\t<\/div>\n\t\t<div data-particle_enable=\"false\" data-particle-mobile-disabled=\"false\" class=\"elementor-element elementor-element-fcd8de6 e-flex e-con-boxed e-con e-parent\" data-id=\"fcd8de6\" data-element_type=\"container\" data-e-type=\"container\">\n\t\t\t\t\t<div class=\"e-con-inner\">\n\t\t\t\t<div class=\"elementor-element elementor-element-4288ad7 elementor-widget elementor-widget-image\" data-id=\"4288ad7\" data-element_type=\"widget\" data-e-type=\"widget\" data-widget_type=\"image.default\">\n\t\t\t\t\t\t\t\t\t\t\t\t<figure class=\"wp-caption\">\n\t\t\t\t\t\t\t\t\t\t\t<a href=\"https:\/\/www.instagram.com\/p\/DL05TyxSe6a\/?img_index=8\">\n\t\t\t\t\t\t\t<img fetchpriority=\"high\" decoding=\"async\" width=\"531\" height=\"541\" src=\"https:\/\/soymigrante.com\/revista\/wp-content\/uploads\/2025\/10\/dora-rodriguez-migrante-salvadorena.png\" class=\"attachment-large size-large wp-image-47210\" alt=\"Dora Rodr\u00edguez plasm\u00f3 su odisea migratoria en un libro que es testimonio de reinvenci\u00f3n personal.\" srcset=\"https:\/\/soymigrante.com\/revista\/wp-content\/uploads\/2025\/10\/dora-rodriguez-migrante-salvadorena.png 531w, https:\/\/soymigrante.com\/revista\/wp-content\/uploads\/2025\/10\/dora-rodriguez-migrante-salvadorena-294x300.png 294w, https:\/\/soymigrante.com\/revista\/wp-content\/uploads\/2025\/10\/dora-rodriguez-migrante-salvadorena-75x75.png 75w\" sizes=\"(max-width: 531px) 100vw, 531px\" title=\"Dora Rodr\u00edguez plasm\u00f3 su odisea migratoria en un libro que es testimonio de reinvenci\u00f3n personal. \u2013 SoyMigrante.com REVISTA\" \/>\t\t\t\t\t\t\t\t<\/a>\n\t\t\t\t\t\t\t\t\t\t\t<figcaption class=\"widget-image-caption wp-caption-text\">Dora Rodr\u00edguez plasm\u00f3 su odisea migratoria en un libro que es testimonio de reinvenci\u00f3n personal.<\/figcaption>\n\t\t\t\t\t\t\t\t\t\t<\/figure>\n\t\t\t\t\t\t\t\t\t<\/div>\n\t\t\t\t\t<\/div>\n\t\t\t\t<\/div>\n\t\t<div data-particle_enable=\"false\" data-particle-mobile-disabled=\"false\" class=\"elementor-element elementor-element-1e41918 e-flex e-con-boxed e-con e-parent\" data-id=\"1e41918\" data-element_type=\"container\" data-e-type=\"container\">\n\t\t\t\t\t<div class=\"e-con-inner\">\n\t\t\t\t<div class=\"elementor-element elementor-element-d8a7c2d elementor-widget elementor-widget-heading\" data-id=\"d8a7c2d\" data-element_type=\"widget\" data-e-type=\"widget\" data-widget_type=\"heading.default\">\n\t\t\t\t\t<h3 class=\"elementor-heading-title elementor-size-default\">Libro biogr\u00e1fico de una sobreviviente<\/h3>\t\t\t\t<\/div>\n\t\t\t\t\t<\/div>\n\t\t\t\t<\/div>\n\t\t<div data-particle_enable=\"false\" data-particle-mobile-disabled=\"false\" class=\"elementor-element elementor-element-20ee2b4 e-flex e-con-boxed e-con e-parent\" data-id=\"20ee2b4\" data-element_type=\"container\" data-e-type=\"container\">\n\t\t\t\t\t<div class=\"e-con-inner\">\n\t\t\t\t<div class=\"elementor-element elementor-element-cc85fbc elementor-widget elementor-widget-text-editor\" data-id=\"cc85fbc\" data-element_type=\"widget\" data-e-type=\"widget\" data-widget_type=\"text-editor.default\">\n\t\t\t\t\t\t\t\t\t<p>Pero aquel dif\u00edcil momento que amenaz\u00f3 su vida no fue una barrera, sino un<a href=\"https:\/\/holanews.com\/dora-la-hija-de-un-terreno-implacable-un-libro-sobre-la-sobrevivencia-migrante-en-eeuu\/\"> punto de partida.<\/a>\u00a0 Despu\u00e9s de recuperarse de esa experiencia traum\u00e1tica, decidi\u00f3 dedicar su vida a asegurarse de que nadie m\u00e1s tuviera que pasar por lo que ella vivi\u00f3.\u00a0<\/p><p><a href=\"https:\/\/salvavision.org\/\">Fund\u00f3 Salvavision,<\/a> una organizaci\u00f3n llena de <a href=\"https:\/\/soymigrante.com\/revista\/consulado-de-guatemala-en-arizona-ubicacion-contacto\/\">solidaridad<\/a> y sin fines de lucro que se ha convertido en un faro de esperanza para miles de migrantes y deportados en la frontera entre Estados Unidos y M\u00e9xico. Salvavision ofrece ayuda humanitaria, apoyo legal y, sobre todo, un espacio de acogida y dignidad para aquellos que se encuentran en su momento de mayor vulnerabilidad.<\/p><p>Durante d\u00e9cadas, Dora guard\u00f3 para s\u00ed los detalles de su terrible experiencia. Pero en 2016, ante la creciente ret\u00f3rica antiinmigrante, sinti\u00f3 que era su deber hablar. Public\u00f3 sus memorias, \u201c<a href=\"https:\/\/www.dorarodriguez.org\/memoir\"><i>Dora: A Daughter of Unforgiving Terrain\u201d (Dora: Una Hija del Terreno Implacable),<\/i><\/a> un relato valiente y conmovedor de su viaje, su supervivencia y su transformaci\u00f3n.\u00a0<\/p><p>El libro no es solo una historia personal; es un llamado a la acci\u00f3n, una s\u00faplica por un enfoque m\u00e1s humano y compasivo hacia la migraci\u00f3n.<\/p>\t\t\t\t\t\t\t\t<\/div>\n\t\t\t\t\t<\/div>\n\t\t\t\t<\/div>\n\t\t<div data-particle_enable=\"false\" data-particle-mobile-disabled=\"false\" class=\"elementor-element elementor-element-2b38de6 e-flex e-con-boxed e-con e-parent\" data-id=\"2b38de6\" data-element_type=\"container\" data-e-type=\"container\">\n\t\t\t\t\t<div class=\"e-con-inner\">\n\t\t\t\t<div class=\"elementor-element elementor-element-df01353 elementor-widget elementor-widget-image\" data-id=\"df01353\" data-element_type=\"widget\" data-e-type=\"widget\" data-widget_type=\"image.default\">\n\t\t\t\t\t\t\t\t\t\t\t\t<figure class=\"wp-caption\">\n\t\t\t\t\t\t\t\t\t\t<img decoding=\"async\" width=\"649\" height=\"832\" src=\"https:\/\/soymigrante.com\/revista\/wp-content\/uploads\/2025\/10\/visita-a-un-lugar-donde-casi-muere-dora-rodriguez.png\" class=\"attachment-large size-large wp-image-47211\" alt=\"En julio de 2025, la escritora y activista salvadore\u00f1a Dora Rodr\u00edguez visit\u00f3 el sitio donde casi muere, en el desierto de Arizona. Pero lo hizo para honrar la memoria de quienes no lograron llegar a su destino y para mostrar el poder de la voluntad.\" srcset=\"https:\/\/soymigrante.com\/revista\/wp-content\/uploads\/2025\/10\/visita-a-un-lugar-donde-casi-muere-dora-rodriguez.png 649w, https:\/\/soymigrante.com\/revista\/wp-content\/uploads\/2025\/10\/visita-a-un-lugar-donde-casi-muere-dora-rodriguez-234x300.png 234w\" sizes=\"(max-width: 649px) 100vw, 649px\" title=\"En julio de 2025, la escritora y activista salvadore\u00f1a Dora Rodr\u00edguez visit\u00f3 el sitio donde casi muere, en el desierto de Arizona. Pero lo hizo para honrar la memoria de quienes no lograron llegar a su destino y para mostrar el poder de la voluntad. \u2013 SoyMigrante.com REVISTA\" \/>\t\t\t\t\t\t\t\t\t\t\t<figcaption class=\"widget-image-caption wp-caption-text\">En julio de 2025, la escritora y activista salvadore\u00f1a Dora Rodr\u00edguez visit\u00f3 el sitio donde casi muere, en el desierto de Arizona. Pero lo hizo para honrar la memoria de quienes no lograron llegar a su destino y para mostrar el poder de la voluntad.<\/figcaption>\n\t\t\t\t\t\t\t\t\t\t<\/figure>\n\t\t\t\t\t\t\t\t\t<\/div>\n\t\t\t\t\t<\/div>\n\t\t\t\t<\/div>\n\t\t<div data-particle_enable=\"false\" data-particle-mobile-disabled=\"false\" class=\"elementor-element elementor-element-6f28e8b e-flex e-con-boxed e-con e-parent\" data-id=\"6f28e8b\" data-element_type=\"container\" data-e-type=\"container\">\n\t\t\t\t\t<div class=\"e-con-inner\">\n\t\t\t\t<div class=\"elementor-element elementor-element-17c7aeb elementor-widget elementor-widget-heading\" data-id=\"17c7aeb\" data-element_type=\"widget\" data-e-type=\"widget\" data-widget_type=\"heading.default\">\n\t\t\t\t\t<h3 class=\"elementor-heading-title elementor-size-default\">Testimonio desmiente prejuicios<\/h3>\t\t\t\t<\/div>\n\t\t\t\t\t<\/div>\n\t\t\t\t<\/div>\n\t\t<div data-particle_enable=\"false\" data-particle-mobile-disabled=\"false\" class=\"elementor-element elementor-element-64fe8f1 e-flex e-con-boxed e-con e-parent\" data-id=\"64fe8f1\" data-element_type=\"container\" data-e-type=\"container\">\n\t\t\t\t\t<div class=\"e-con-inner\">\n\t\t\t\t<div class=\"elementor-element elementor-element-278023d elementor-widget elementor-widget-text-editor\" data-id=\"278023d\" data-element_type=\"widget\" data-e-type=\"widget\" data-widget_type=\"text-editor.default\">\n\t\t\t\t\t\t\t\t\t<p>El trabajo de Dora Rodriguez encarna la esencia de la resiliencia. Ha convertido una experiencia que podr\u00eda haberla destruido en una misi\u00f3n de vida. Su propia supervivencia se ha convertido en la salvaci\u00f3n de muchos otros.<\/p>\n<p>&nbsp;En cada migrante que recibe una botella de agua, una comida caliente o una palabra de aliento <a href=\"https:\/\/salvavision.org\/\">en Salvavision, hay un eco de la propia historia de Dora<\/a>, un recordatorio de que incluso en las circunstancias m\u00e1s oscuras, la solidaridad y la empat\u00eda pueden florecer.<\/p>\n<p>Su historia es un poderoso contrapunto a la narrativa que criminaliza a los migrantes. Dora no es una amenaza; es una hero\u00edna. Es una mujer que, habiendo enfrentado la muerte, eligi\u00f3 la vida, no solo para s\u00ed misma, sino para todos aquellos que siguen sus pasos en busca de seguridad y un futuro mejor. Su legado no est\u00e1 escrito en las arenas del desierto, sino en los corazones de las innumerables personas a las que ha ayudado a lo largo de los a\u00f1os.<\/p>\n<p>Dora Rodriguez es la prueba viviente de que las v\u00edctimas pueden convertirse en<a href=\"https:\/\/soymigrante.com\/revista\/ensenar-a-los-ninos-a-identificar-las-emociones-puede-fortalecerlos\/\"> l\u00edderes, <\/a>de que el trauma puede transformarse en prop\u00f3sito y de que una sola persona, armada con compasi\u00f3n y determinaci\u00f3n, puede cambiar el mundo<\/p>\n<div>&nbsp;<\/div>\t\t\t\t\t\t\t\t<\/div>\n\t\t\t\t\t<\/div>\n\t\t\t\t<\/div>\n\t\t<div data-particle_enable=\"false\" data-particle-mobile-disabled=\"false\" class=\"elementor-element elementor-element-e3f6848 e-flex e-con-boxed e-con e-parent\" data-id=\"e3f6848\" data-element_type=\"container\" data-e-type=\"container\">\n\t\t\t\t\t<div class=\"e-con-inner\">\n\t\t\t\t<div class=\"elementor-element elementor-element-71c6fb8 elementor-widget elementor-widget-heading\" data-id=\"71c6fb8\" data-element_type=\"widget\" data-e-type=\"widget\" data-widget_type=\"heading.default\">\n\t\t\t\t\t<h2 class=\"elementor-heading-title elementor-size-default\">M\u00e1s historias inspiradoras<\/h2>\t\t\t\t<\/div>\n\t\t\t\t\t<\/div>\n\t\t\t\t<\/div>\n\t\t<div data-particle_enable=\"false\" data-particle-mobile-disabled=\"false\" class=\"elementor-element elementor-element-2cf3f25 e-flex e-con-boxed e-con e-parent\" data-id=\"2cf3f25\" data-element_type=\"container\" data-e-type=\"container\">\n\t\t\t\t\t<div class=\"e-con-inner\">\n\t\t\t\t<div class=\"elementor-element elementor-element-be86565 elementor-grid-eael-col-3 elementor-grid-tablet-eael-col-2 elementor-grid-mobile-eael-col-1 elementor-widget elementor-widget-eael-post-grid\" data-id=\"be86565\" data-element_type=\"widget\" data-e-type=\"widget\" data-settings=\"{&quot;eael_post_grid_columns&quot;:&quot;eael-col-3&quot;,&quot;eael_post_grid_columns_tablet&quot;:&quot;eael-col-2&quot;,&quot;eael_post_grid_columns_mobile&quot;:&quot;eael-col-1&quot;}\" data-widget_type=\"eael-post-grid.default\">\n\t\t\t\t\t<div id=\"eael-post-grid-be86565\" class=\"eael-post-grid-container\">\n            <div class=\"eael-post-grid eael-post-appender eael-post-appender-be86565 eael-post-grid-style-one\" data-layout-mode=\"masonry\"><article class=\"eael-grid-post  eael-post-grid-column eael-pg-post-8947 category-exitos\" data-id=\"8947\">\n        <div class=\"eael-grid-post-holder\">\n            <div class=\"eael-grid-post-holder-inner\"><div class=\"eael-entry-media\"><div class=\"eael-entry-overlay fade-in\"><i class=\"far fa-hand-pointer\" aria-hidden=\"true\"><\/i><a href=\"https:\/\/soymigrante.com\/revista\/la-empresaria-francesca-kennedy-y-su-conexion-inquebrantable-con-atitlan\/\"><\/a><\/div><div class=\"eael-entry-thumbnail eael-image-ratio\">\n                <img decoding=\"async\" width=\"1024\" height=\"1024\" src=\"https:\/\/soymigrante.com\/revista\/wp-content\/uploads\/2024\/09\/ayuda-francesca-kennedy-soy-migrante-atitlan2-1-1024x1024.webp\" class=\"attachment-large size-large wp-image-8964\" alt=\"Ni\u00f1os y una mujer sonrientes en un entorno natural, promoviendo la visi\u00f3n de comunidad y bienestar en migrantes y sus familias en la revista SoyMigrante.com REVISTA.\" srcset=\"https:\/\/soymigrante.com\/revista\/wp-content\/uploads\/2024\/09\/ayuda-francesca-kennedy-soy-migrante-atitlan2-1-1024x1024.webp 1024w, https:\/\/soymigrante.com\/revista\/wp-content\/uploads\/2024\/09\/ayuda-francesca-kennedy-soy-migrante-atitlan2-1-300x300.webp 300w, https:\/\/soymigrante.com\/revista\/wp-content\/uploads\/2024\/09\/ayuda-francesca-kennedy-soy-migrante-atitlan2-1-150x150.webp 150w, https:\/\/soymigrante.com\/revista\/wp-content\/uploads\/2024\/09\/ayuda-francesca-kennedy-soy-migrante-atitlan2-1-768x768.webp 768w, https:\/\/soymigrante.com\/revista\/wp-content\/uploads\/2024\/09\/ayuda-francesca-kennedy-soy-migrante-atitlan2-1-75x75.webp 75w, https:\/\/soymigrante.com\/revista\/wp-content\/uploads\/2024\/09\/ayuda-francesca-kennedy-soy-migrante-atitlan2-1-750x750.webp 750w, https:\/\/soymigrante.com\/revista\/wp-content\/uploads\/2024\/09\/ayuda-francesca-kennedy-soy-migrante-atitlan2-1-1140x1140.jpeg 1140w, https:\/\/soymigrante.com\/revista\/wp-content\/uploads\/2024\/09\/ayuda-francesca-kennedy-soy-migrante-atitlan2-1.webp 1536w\" sizes=\"(max-width: 1024px) 100vw, 1024px\" \/>\n            <\/div>\n        <\/div><div class=\"eael-entry-wrapper\"><header class=\"eael-entry-header\"><h2 class=\"eael-entry-title\"><a class=\"eael-grid-post-link\" href=\"https:\/\/soymigrante.com\/revista\/la-empresaria-francesca-kennedy-y-su-conexion-inquebrantable-con-atitlan\/\" title=\"La empresaria Francesca Kennedy y su conexi\u00f3n inquebrantable con Atitl\u00e1n\">La empresaria Francesca Kennedy y su conexi\u00f3n inquebrantable con Atitl\u00e1n<\/a><\/h2><\/header><div class=\"eael-entry-content\">\n                        <div class=\"eael-grid-post-excerpt\"><a href=\"https:\/\/soymigrante.com\/revista\/la-empresaria-francesca-kennedy-y-su-conexion-inquebrantable-con-atitlan\/\" class=\"eael-post-elements-readmore-btn\">CONOCE SU HISTORIA <\/a><\/div>\n                    <\/div><\/div><\/div>\n        <\/div>\n    <\/article><article class=\"eael-grid-post  eael-post-grid-column eael-pg-post-9747 category-exitos\" data-id=\"9747\">\n        <div class=\"eael-grid-post-holder\">\n            <div class=\"eael-grid-post-holder-inner\"><div class=\"eael-entry-media\"><div class=\"eael-entry-overlay fade-in\"><i class=\"far fa-hand-pointer\" aria-hidden=\"true\"><\/i><a href=\"https:\/\/soymigrante.com\/revista\/pablo-pineda-un-aliado-humanitario-en-chicago-con-su-restaurante-latin-patio\/\"><\/a><\/div><div class=\"eael-entry-thumbnail eael-image-ratio\">\n                <img loading=\"lazy\" decoding=\"async\" width=\"1024\" height=\"1024\" src=\"https:\/\/soymigrante.com\/revista\/wp-content\/uploads\/2024\/09\/Pablo-Pineda-lider-comunitario-Illinois-Chicago2-1024x1024.webp\" class=\"attachment-large size-large wp-image-9796\" alt=\"Trabajador migrante feliz sonrisa positiva revistamodelmigrante.\" \/>\n            <\/div>\n        <\/div><div class=\"eael-entry-wrapper\"><header class=\"eael-entry-header\"><h2 class=\"eael-entry-title\"><a class=\"eael-grid-post-link\" href=\"https:\/\/soymigrante.com\/revista\/pablo-pineda-un-aliado-humanitario-en-chicago-con-su-restaurante-latin-patio\/\" title=\"El guatemalteco Pablo Pineda es un aliado humanitario de los migrantes en Chicago\">El guatemalteco Pablo Pineda es un aliado humanitario de los migrantes en Chicago<\/a><\/h2><\/header><div class=\"eael-entry-content\">\n                        <div class=\"eael-grid-post-excerpt\"><a href=\"https:\/\/soymigrante.com\/revista\/pablo-pineda-un-aliado-humanitario-en-chicago-con-su-restaurante-latin-patio\/\" class=\"eael-post-elements-readmore-btn\">CONOCE SU HISTORIA <\/a><\/div>\n                    <\/div><\/div><\/div>\n        <\/div>\n    <\/article><article class=\"eael-grid-post  eael-post-grid-column eael-pg-post-9776 category-exitos\" data-id=\"9776\">\n        <div class=\"eael-grid-post-holder\">\n            <div class=\"eael-grid-post-holder-inner\"><div class=\"eael-entry-media\"><div class=\"eael-entry-overlay fade-in\"><i class=\"far fa-hand-pointer\" aria-hidden=\"true\"><\/i><a href=\"https:\/\/soymigrante.com\/revista\/esvin-gomez-retalteco-migrante-impulsa-el-movimiento-tps-en-california\/\"><\/a><\/div><div class=\"eael-entry-thumbnail eael-image-ratio\">\n                <img loading=\"lazy\" decoding=\"async\" width=\"1024\" height=\"1024\" src=\"https:\/\/soymigrante.com\/revista\/wp-content\/uploads\/2024\/09\/Esvin-Gomez-defiende-el-TPS-en-USA3-e1727724241599-1024x1024.webp\" class=\"attachment-large size-large wp-image-9830\" alt=\"Turista en un centro comercial de EE.UU., sostiene una hoja con el logotipo de TPS, en un entorno urbano con decoraciones de Halloween y figura de Mickey Mouse disfrazada.\" srcset=\"https:\/\/soymigrante.com\/revista\/wp-content\/uploads\/2024\/09\/Esvin-Gomez-defiende-el-TPS-en-USA3-e1727724241599-1024x1024.webp 1024w, https:\/\/soymigrante.com\/revista\/wp-content\/uploads\/2024\/09\/Esvin-Gomez-defiende-el-TPS-en-USA3-e1727724241599-300x300.webp 300w, https:\/\/soymigrante.com\/revista\/wp-content\/uploads\/2024\/09\/Esvin-Gomez-defiende-el-TPS-en-USA3-e1727724241599-150x150.webp 150w, https:\/\/soymigrante.com\/revista\/wp-content\/uploads\/2024\/09\/Esvin-Gomez-defiende-el-TPS-en-USA3-e1727724241599-768x768.webp 768w, https:\/\/soymigrante.com\/revista\/wp-content\/uploads\/2024\/09\/Esvin-Gomez-defiende-el-TPS-en-USA3-e1727724241599-75x75.webp 75w, https:\/\/soymigrante.com\/revista\/wp-content\/uploads\/2024\/09\/Esvin-Gomez-defiende-el-TPS-en-USA3-e1727724241599-750x750.webp 750w, https:\/\/soymigrante.com\/revista\/wp-content\/uploads\/2024\/09\/Esvin-Gomez-defiende-el-TPS-en-USA3-e1727724241599-1140x1140.webp 1140w, https:\/\/soymigrante.com\/revista\/wp-content\/uploads\/2024\/09\/Esvin-Gomez-defiende-el-TPS-en-USA3-e1727724241599.webp 1440w\" sizes=\"(max-width: 1024px) 100vw, 1024px\" \/>\n            <\/div>\n        <\/div><div class=\"eael-entry-wrapper\"><header class=\"eael-entry-header\"><h2 class=\"eael-entry-title\"><a class=\"eael-grid-post-link\" href=\"https:\/\/soymigrante.com\/revista\/esvin-gomez-retalteco-migrante-impulsa-el-movimiento-tps-en-california\/\" title=\"&#8220;Lo vamos a lograr&#8221;: Esvin G\u00f3mez, migrante retalteco apoya el movimiento TPS en California\">&#8220;Lo vamos a lograr&#8221;: Esvin G\u00f3mez, migrante retalteco apoya el movimiento TPS en California<\/a><\/h2><\/header><div class=\"eael-entry-content\">\n                        <div class=\"eael-grid-post-excerpt\"><a href=\"https:\/\/soymigrante.com\/revista\/esvin-gomez-retalteco-migrante-impulsa-el-movimiento-tps-en-california\/\" class=\"eael-post-elements-readmore-btn\">CONOCE SU HISTORIA <\/a><\/div>\n                    <\/div><\/div><\/div>\n        <\/div>\n    <\/article><\/div>\n            <div class=\"clearfix\"><\/div>\n        <\/div>            <div class=\"eael-load-more-button-wrap eael-force-hide\">\n                <button class=\"eael-load-more-button\" id=\"eael-load-more-btn-be86565\" data-widget-id=\"be86565\" data-widget=\"be86565\" data-page-id=\"47204\" data-template=\"{&quot;dir&quot;:&quot;lite&quot;,&quot;file_name&quot;:&quot;one.php&quot;,&quot;name&quot;:&quot;Post-Grid&quot;}\" data-class=\"Essential_Addons_Elementor\\Elements\\Post_Grid\" data-layout=\"masonry\" data-page=\"1\" data-args=\"orderby=author&amp;order=desc&amp;ignore_sticky_posts=1&amp;post_status=publish&amp;posts_per_page=3&amp;offset=0&amp;post_type=post&amp;tax_query%5B0%5D%5Btaxonomy%5D=category&amp;tax_query%5B0%5D%5Bfield%5D=term_id&amp;tax_query%5B0%5D%5Bterms%5D%5B0%5D=50&amp;tax_query%5Brelation%5D=AND\" data-max-page=\"104\">\n                    <span class=\"eael-btn-loader button__loader\"><\/span>\n                    <span class=\"eael_load_more_text\">Load More<\/span>\n                <\/button>\n            <\/div>\n            \t\t\t\t<\/div>\n\t\t\t\t\t<\/div>\n\t\t\t\t<\/div>\n\t\t\t\t<\/div>\n\t\t","protected":false},"excerpt":{"rendered":"<p>La escritora salvadore\u00f1a Dora Rodr\u00edguez sobrevivi\u00f3 a una mortal prueba. Pero no se qued\u00f3 estancada en ello: escribi\u00f3 su historia para inspirar a m\u00e1s mujeres a superar l\u00edmites. Hay heridas que nunca se cierran del todo, pero hay personas que logran transformar su dolor en una fuente inagotable de compasi\u00f3n y servicio. Dora Rodriguez es [&hellip;]<\/p>\n","protected":false},"author":1,"featured_media":47206,"comment_status":"open","ping_status":"open","sticky":false,"template":"","format":"standard","meta":{"_acf_changed":false,"_eb_attr":"","footnotes":""},"categories":[275,50],"tags":[],"class_list":["post-47204","post","type-post","status-publish","format-standard","has-post-thumbnail","hentry","category-el-salvador","category-exitos"],"acf":[],"aioseo_notices":[],"aioseo_head":"\n\t\t<!-- All in One SEO Pro 4.9.6.2 - aioseo.com -->\n\t<meta name=\"description\" content=\"Ten\u00eda 23 a\u00f1os cuando dej\u00f3 su natal San Felipe Retalhuleu. Lleg\u00f3 a North Hollywood en California hace 31 a\u00f1os. Es ciudadano pero apoya un TPS para connacionales.\" \/>\n\t<meta name=\"robots\" content=\"max-snippet:-1, max-image-preview:large, max-video-preview:-1\" \/>\n\t<meta name=\"author\" content=\"Beatriz Tercero\"\/>\n\t<link rel=\"canonical\" href=\"https:\/\/soymigrante.com\/revista\/esvin-gomez-retalteco-migrante-impulsa-el-movimiento-tps-en-california\/\" \/>\n\t<meta name=\"generator\" content=\"All in One SEO Pro (AIOSEO) 4.9.6.2\" \/>\n\n\t\t<link rel=\"preconnect\" href=\"https:\/\/fonts.googleapis.com\" crossorigin>\n<link rel=\"preconnect\" href=\"https:\/\/fonts.gstatic.com\" crossorigin>\n\t\t<meta property=\"og:locale\" content=\"es_ES\" \/>\n\t\t<meta property=\"og:site_name\" content=\"SoyMigrante.com REVISTA \u2013 Nuestra misi\u00f3n es reconocer y dignificar al migrante.\" \/>\n\t\t<meta property=\"og:type\" content=\"article\" \/>\n\t\t<meta property=\"og:title\" content=\"Esvin G\u00f3mez re\u00fane firmas en California para TPS Guatemalteco\" \/>\n\t\t<meta property=\"og:description\" content=\"Ten\u00eda 23 a\u00f1os cuando dej\u00f3 su natal San Felipe Retalhuleu. Lleg\u00f3 a North Hollywood en California hace 31 a\u00f1os. Es ciudadano pero apoya un TPS para connacionales.\" \/>\n\t\t<meta property=\"og:url\" content=\"https:\/\/soymigrante.com\/revista\/esvin-gomez-retalteco-migrante-impulsa-el-movimiento-tps-en-california\/\" \/>\n\t\t<meta property=\"og:image\" content=\"https:\/\/soymigrante.com\/revista\/wp-content\/uploads\/2024\/09\/Esvin-Gomez-defiende-el-TPS-en-USA3-e1727724241599.webp\" \/>\n\t\t<meta property=\"og:image:secure_url\" content=\"https:\/\/soymigrante.com\/revista\/wp-content\/uploads\/2024\/09\/Esvin-Gomez-defiende-el-TPS-en-USA3-e1727724241599.webp\" \/>\n\t\t<meta property=\"og:image:width\" content=\"1440\" \/>\n\t\t<meta property=\"og:image:height\" content=\"1440\" \/>\n\t\t<meta property=\"article:published_time\" content=\"2024-09-30T19:53:29+00:00\" \/>\n\t\t<meta property=\"article:modified_time\" content=\"2024-10-02T14:02:12+00:00\" \/>\n\t\t<meta property=\"article:publisher\" content=\"https:\/\/www.facebook.com\/soymigrantecom\" \/>\n\t\t<meta name=\"twitter:card\" content=\"summary_large_image\" \/>\n\t\t<meta name=\"twitter:site\" content=\"@SoyMigrante_com\" \/>\n\t\t<meta name=\"twitter:title\" content=\"Esvin G\u00f3mez re\u00fane firmas en California para TPS Guatemalteco\" \/>\n\t\t<meta name=\"twitter:description\" content=\"Ten\u00eda 23 a\u00f1os cuando dej\u00f3 su natal San Felipe Retalhuleu. Lleg\u00f3 a North Hollywood en California hace 31 a\u00f1os. Es ciudadano pero apoya un TPS para connacionales.\" \/>\n\t\t<meta name=\"twitter:creator\" content=\"@SoyMigrante_com\" \/>\n\t\t<meta name=\"twitter:image\" content=\"https:\/\/soymigrante.com\/revista\/wp-content\/uploads\/2024\/09\/Esvin-Gomez-defiende-el-TPS-en-USA3-e1727724241599.webp\" \/>\n\t\t<!-- All in One SEO Pro -->\r\n\t\t<title>Esvin G\u00f3mez re\u00fane firmas en California para TPS Guatemalteco<\/title>\n\n","aioseo_head_json":{"title":"Esvin G\u00f3mez re\u00fane firmas en California para TPS Guatemalteco","description":"Ten\u00eda 23 a\u00f1os cuando dej\u00f3 su natal San Felipe Retalhuleu. Lleg\u00f3 a North Hollywood en California hace 31 a\u00f1os. Es ciudadano pero apoya un TPS para connacionales.","canonical_url":"https:\/\/soymigrante.com\/revista\/esvin-gomez-retalteco-migrante-impulsa-el-movimiento-tps-en-california\/","robots":"max-snippet:-1, max-image-preview:large, max-video-preview:-1","keywords":"","webmasterTools":{"miscellaneous":"&lt;link rel=\"preconnect\" href=\"https:\/\/fonts.googleapis.com\" crossorigin&gt;\n&lt;link rel=\"preconnect\" href=\"https:\/\/fonts.gstatic.com\" crossorigin&gt;"},"schema":null,"og:locale":"es_ES","og:site_name":"SoyMigrante.com REVISTA \u2013 Nuestra misi\u00f3n es reconocer y dignificar al migrante.","og:type":"article","og:title":"Esvin G\u00f3mez re\u00fane firmas en California para TPS Guatemalteco","og:description":"Ten\u00eda 23 a\u00f1os cuando dej\u00f3 su natal San Felipe Retalhuleu. Lleg\u00f3 a North Hollywood en California hace 31 a\u00f1os. Es ciudadano pero apoya un TPS para connacionales.","og:url":"https:\/\/soymigrante.com\/revista\/esvin-gomez-retalteco-migrante-impulsa-el-movimiento-tps-en-california\/","og:image":"https:\/\/soymigrante.com\/revista\/wp-content\/uploads\/2024\/09\/Esvin-Gomez-defiende-el-TPS-en-USA3-e1727724241599.webp","og:image:secure_url":"https:\/\/soymigrante.com\/revista\/wp-content\/uploads\/2024\/09\/Esvin-Gomez-defiende-el-TPS-en-USA3-e1727724241599.webp","og:image:width":1440,"og:image:height":1440,"article:published_time":"2024-09-30T19:53:29+00:00","article:modified_time":"2024-10-02T14:02:12+00:00","article:publisher":"https:\/\/www.facebook.com\/soymigrantecom","twitter:card":"summary_large_image","twitter:site":"@SoyMigrante_com","twitter:title":"Esvin G\u00f3mez re\u00fane firmas en California para TPS Guatemalteco","twitter:description":"Ten\u00eda 23 a\u00f1os cuando dej\u00f3 su natal San Felipe Retalhuleu. Lleg\u00f3 a North Hollywood en California hace 31 a\u00f1os. Es ciudadano pero apoya un TPS para connacionales.","twitter:creator":"@SoyMigrante_com","twitter:image":"https:\/\/soymigrante.com\/revista\/wp-content\/uploads\/2024\/09\/Esvin-Gomez-defiende-el-TPS-en-USA3-e1727724241599.webp"},"aioseo_meta_data":{"post_id":"47204","title":"Salvadore\u00f1a Dora Rodr\u00edguez sobrevivi\u00f3 y ayuda a sobrevivir","description":"Su vida peligr\u00f3 en el desierto de Arizona, pero la escrutira y activista salvadore\u00f1a Dora Rodr\u00edguez convirti\u00f3 aquella dura prueba en resiliencia y solidaridad.","keywords":null,"keyphrases":{"focus":{"keyphrase":"Salvadore\u00f1a","score":69,"analysis":{"keyphraseInTitle":{"score":9,"maxScore":9,"error":0},"keyphraseInDescription":{"score":9,"maxScore":9,"error":0},"keyphraseLength":{"score":9,"maxScore":9,"error":0,"length":2},"keyphraseInURL":{"score":5,"maxScore":5,"error":0},"keyphraseInIntroduction":{"score":3,"maxScore":9,"error":1},"keyphraseInSubHeadings":{"score":3,"maxScore":9,"error":1},"keyphraseInImageAlt":{"score":9,"maxScore":9,"error":0},"keywordDensity":{"score":0,"type":"low","maxScore":9,"error":1}}},"additional":[{"keyphrase":"Dora","score":100,"analysis":{"keyphraseInDescription":{"score":9,"maxScore":9,"error":0},"keyphraseLength":{"score":9,"maxScore":9,"error":0,"length":1},"keyphraseInIntroduction":{"score":9,"maxScore":9,"error":0},"keyphraseInImageAlt":{"score":9,"maxScore":9,"error":0},"keywordDensity":{"type":"best","score":9,"maxScore":9,"error":0}}},{"keyphrase":"Migrante","score":73,"analysis":{"keyphraseInDescription":{"score":3,"maxScore":9,"error":1},"keyphraseLength":{"score":9,"maxScore":9,"error":0,"length":1},"keyphraseInIntroduction":{"score":3,"maxScore":9,"error":1},"keyphraseInImageAlt":{"score":9,"maxScore":9,"error":0},"keywordDensity":{"type":"best","score":9,"maxScore":9,"error":0}}}]},"primary_term":null,"canonical_url":null,"og_title":null,"og_description":null,"og_object_type":"default","og_image_type":"default","og_image_url":null,"og_image_width":null,"og_image_height":null,"og_image_custom_url":null,"og_image_custom_fields":null,"og_video":"","og_custom_url":null,"og_article_section":null,"og_article_tags":null,"twitter_use_og":false,"twitter_card":"default","twitter_image_type":"default","twitter_image_url":null,"twitter_image_custom_url":null,"twitter_image_custom_fields":null,"twitter_title":null,"twitter_description":null,"schema":{"blockGraphs":[],"customGraphs":[],"default":{"data":{"Article":[],"Course":[],"Dataset":[],"FAQPage":[],"Movie":[],"Person":[],"Product":[],"ProductReview":[],"Car":[],"Recipe":[],"Service":[],"SoftwareApplication":[],"WebPage":[]},"graphName":"none","isEnabled":true},"graphs":[]},"schema_type":"default","schema_type_options":null,"pillar_content":false,"robots_default":true,"robots_noindex":false,"robots_noarchive":false,"robots_nosnippet":false,"robots_nofollow":false,"robots_noimageindex":false,"robots_noodp":false,"robots_notranslate":false,"robots_max_snippet":"-1","robots_max_videopreview":"-1","robots_max_imagepreview":"large","priority":null,"frequency":"default","local_seo":null,"seo_analyzer_scan_date":"2025-10-14 11:51:46","breadcrumb_settings":null,"limit_modified_date":false,"reviewed_by":"0","open_ai":null,"ai":{"faqs":[],"keyPoints":[],"titles":[],"descriptions":[],"socialPosts":{"email":[],"linkedin":[],"twitter":[],"facebook":[],"instagram":[]}},"created":"2025-10-14 09:19:08","updated":"2026-02-05 06:31:01"},"aioseo_breadcrumb":"<div class=\"aioseo-breadcrumbs\"><span class=\"aioseo-breadcrumb\">\n\t<a href=\"https:\/\/soymigrante.com\/revista\" title=\"Home\">Home<\/a>\n<\/span><span class=\"aioseo-breadcrumb-separator\">\u00bb<\/span><span class=\"aioseo-breadcrumb\">\n\t<a href=\"https:\/\/soymigrante.com\/revista\/category\/exitos\/\" title=\"\u00c9xitos\">\u00c9xitos<\/a>\n<\/span><span class=\"aioseo-breadcrumb-separator\">\u00bb<\/span><span class=\"aioseo-breadcrumb\">\n\t<a href=\"https:\/\/soymigrante.com\/revista\/category\/exitos\/el-salvador\/\" title=\"El Salvador\">El Salvador<\/a>\n<\/span><span class=\"aioseo-breadcrumb-separator\">\u00bb<\/span><span class=\"aioseo-breadcrumb\">\n\tMigrante salvadore\u00f1a Dora Rodr\u00edguez sobrevivi\u00f3 y ayuda a sobrevivir\n<\/span><\/div>","aioseo_breadcrumb_json":[{"label":"Home","link":"https:\/\/soymigrante.com\/revista"},{"label":"\u00c9xitos","link":"https:\/\/soymigrante.com\/revista\/category\/exitos\/"},{"label":"El Salvador","link":"https:\/\/soymigrante.com\/revista\/category\/exitos\/el-salvador\/"},{"label":"Migrante salvadore\u00f1a Dora Rodr\u00edguez sobrevivi\u00f3 y ayuda a sobrevivir","link":"https:\/\/soymigrante.com\/revista\/migrante-salvadorena-dora-rodriguez-sobrevivio-y-ayuda-a-sobrevivir\/"}],"_links":{"self":[{"href":"https:\/\/soymigrante.com\/revista\/wp-json\/wp\/v2\/posts\/47204","targetHints":{"allow":["GET"]}}],"collection":[{"href":"https:\/\/soymigrante.com\/revista\/wp-json\/wp\/v2\/posts"}],"about":[{"href":"https:\/\/soymigrante.com\/revista\/wp-json\/wp\/v2\/types\/post"}],"author":[{"embeddable":true,"href":"https:\/\/soymigrante.com\/revista\/wp-json\/wp\/v2\/users\/1"}],"replies":[{"embeddable":true,"href":"https:\/\/soymigrante.com\/revista\/wp-json\/wp\/v2\/comments?post=47204"}],"version-history":[{"count":6,"href":"https:\/\/soymigrante.com\/revista\/wp-json\/wp\/v2\/posts\/47204\/revisions"}],"predecessor-version":[{"id":47216,"href":"https:\/\/soymigrante.com\/revista\/wp-json\/wp\/v2\/posts\/47204\/revisions\/47216"}],"wp:featuredmedia":[{"embeddable":true,"href":"https:\/\/soymigrante.com\/revista\/wp-json\/wp\/v2\/media\/47206"}],"wp:attachment":[{"href":"https:\/\/soymigrante.com\/revista\/wp-json\/wp\/v2\/media?parent=47204"}],"wp:term":[{"taxonomy":"category","embeddable":true,"href":"https:\/\/soymigrante.com\/revista\/wp-json\/wp\/v2\/categories?post=47204"},{"taxonomy":"post_tag","embeddable":true,"href":"https:\/\/soymigrante.com\/revista\/wp-json\/wp\/v2\/tags?post=47204"}],"curies":[{"name":"wp","href":"https:\/\/api.w.org\/{rel}","templated":true}]}}