{"id":47194,"date":"2025-10-14T04:00:00","date_gmt":"2025-10-14T10:00:00","guid":{"rendered":"https:\/\/soymigrante.com\/revista\/?p=47194"},"modified":"2025-10-14T08:01:48","modified_gmt":"2025-10-14T14:01:48","slug":"tiene-ventajas-leer-libros-en-papel-en-tiempos-digitales","status":"publish","type":"post","link":"https:\/\/soymigrante.com\/revista\/tiene-ventajas-leer-libros-en-papel-en-tiempos-digitales\/","title":{"rendered":"\u00bfTiene ventajas leer libros en papel en tiempos digitales?"},"content":{"rendered":"\t\t<div data-elementor-type=\"wp-post\" data-elementor-id=\"47194\" class=\"elementor elementor-47194\" data-elementor-post-type=\"post\">\n\t\t\t\t<div data-particle_enable=\"false\" data-particle-mobile-disabled=\"false\" class=\"elementor-element elementor-element-53b1ef3 e-flex e-con-boxed e-con e-parent\" data-id=\"53b1ef3\" data-element_type=\"container\" data-e-type=\"container\">\n\t\t\t\t\t<div class=\"e-con-inner\">\n\t\t\t\t<div class=\"elementor-element elementor-element-59fb193 elementor-widget elementor-widget-heading\" data-id=\"59fb193\" data-element_type=\"widget\" data-e-type=\"widget\" data-widget_type=\"heading.default\">\n\t\t\t\t\t<h2 class=\"elementor-heading-title elementor-size-default\">\u00bfRealmente marca una diferencia leer libros impresos en papel respecto de la lectura de libros digitales? Estas son algunas claves sobre la lectura en estos tiempos. <\/h2>\t\t\t\t<\/div>\n\t\t\t\t\t<\/div>\n\t\t\t\t<\/div>\n\t\t<div data-particle_enable=\"false\" data-particle-mobile-disabled=\"false\" class=\"elementor-element elementor-element-7d6be6c e-flex e-con-boxed e-con e-parent\" data-id=\"7d6be6c\" data-element_type=\"container\" data-e-type=\"container\">\n\t\t\t\t\t<div class=\"e-con-inner\">\n\t\t\t\t<div class=\"elementor-element elementor-element-e3d89f6 elementor-widget elementor-widget-text-editor\" data-id=\"e3d89f6\" data-element_type=\"widget\" data-e-type=\"widget\" data-widget_type=\"text-editor.default\">\n\t\t\t\t\t\t\t\t\t<p>En una era dominada por pantallas, algoritmos y notificaciones, abrir un libro impreso parece casi un acto &#8220;contrario&#8221; a la evoluci\u00f3n tecnol\u00f3gica. \u00bfRealmente marca una diferencia leer un libro impreso en papel? \u00bfTiene sentido cargar con ellos, ocupar espacio y pasar p\u00e1ginas a mano cuando podemos deslizar un dedo sobre una pantalla?<\/p><p>M\u00e1s all\u00e1 de la nostalgia o el romanticismo, leer en papel tiene beneficios reales \u2014para la mente, el cuerpo y el alma\u2014 que la tecnolog\u00eda a\u00fan no logra igualar. Sin que esto signifique desconectarse totalmente. Estas son 11 razones poderosas para seguir apostando por los libros f\u00edsicos.<\/p>\t\t\t\t\t\t\t\t<\/div>\n\t\t\t\t\t<\/div>\n\t\t\t\t<\/div>\n\t\t<div data-particle_enable=\"false\" data-particle-mobile-disabled=\"false\" class=\"elementor-element elementor-element-05f3dde e-flex e-con-boxed e-con e-parent\" data-id=\"05f3dde\" data-element_type=\"container\" data-e-type=\"container\">\n\t\t\t\t\t<div class=\"e-con-inner\">\n\t\t\t\t<div class=\"elementor-element elementor-element-5307ed4 elementor-widget elementor-widget-image\" data-id=\"5307ed4\" data-element_type=\"widget\" data-e-type=\"widget\" data-widget_type=\"image.default\">\n\t\t\t\t\t\t\t\t\t\t\t\t<figure class=\"wp-caption\">\n\t\t\t\t\t\t\t\t\t\t<img fetchpriority=\"high\" decoding=\"async\" width=\"1024\" height=\"1024\" src=\"https:\/\/soymigrante.com\/revista\/wp-content\/uploads\/2025\/10\/envato-labs-image-edit-8.jpg\" class=\"attachment-large size-large wp-image-47199\" alt=\"El ejemplo de los padres leyendo libros es una poderosa motivaci\u00f3n para que ni\u00f1os y j\u00f3venes dediquen tiempo a esta modalidad de aprendizaje, que requiere de concentraci\u00f3n y h\u00e1bito.\" srcset=\"https:\/\/soymigrante.com\/revista\/wp-content\/uploads\/2025\/10\/envato-labs-image-edit-8.jpg 1024w, https:\/\/soymigrante.com\/revista\/wp-content\/uploads\/2025\/10\/envato-labs-image-edit-8-300x300.jpg 300w, https:\/\/soymigrante.com\/revista\/wp-content\/uploads\/2025\/10\/envato-labs-image-edit-8-150x150.jpg 150w, https:\/\/soymigrante.com\/revista\/wp-content\/uploads\/2025\/10\/envato-labs-image-edit-8-768x768.jpg 768w, https:\/\/soymigrante.com\/revista\/wp-content\/uploads\/2025\/10\/envato-labs-image-edit-8-75x75.jpg 75w, https:\/\/soymigrante.com\/revista\/wp-content\/uploads\/2025\/10\/envato-labs-image-edit-8-750x750.jpg 750w\" sizes=\"(max-width: 1024px) 100vw, 1024px\" title=\"El ejemplo de los padres leyendo libros es una poderosa motivaci\u00f3n para que ni\u00f1os y j\u00f3venes dediquen tiempo a esta modalidad de aprendizaje, que requiere de concentraci\u00f3n y h\u00e1bito. \u2013 SoyMigrante.com REVISTA\" \/>\t\t\t\t\t\t\t\t\t\t\t<figcaption class=\"widget-image-caption wp-caption-text\">El ejemplo de los padres leyendo libros es una poderosa motivaci\u00f3n para que ni\u00f1os y j\u00f3venes dediquen tiempo a esta modalidad de aprendizaje, que requiere de concentraci\u00f3n y h\u00e1bito.<\/figcaption>\n\t\t\t\t\t\t\t\t\t\t<\/figure>\n\t\t\t\t\t\t\t\t\t<\/div>\n\t\t\t\t\t<\/div>\n\t\t\t\t<\/div>\n\t\t<div data-particle_enable=\"false\" data-particle-mobile-disabled=\"false\" class=\"elementor-element elementor-element-003c55b e-flex e-con-boxed e-con e-parent\" data-id=\"003c55b\" data-element_type=\"container\" data-e-type=\"container\">\n\t\t\t\t\t<div class=\"e-con-inner\">\n\t\t\t\t<div class=\"elementor-element elementor-element-039d793 elementor-widget elementor-widget-text-editor\" data-id=\"039d793\" data-element_type=\"widget\" data-e-type=\"widget\" data-widget_type=\"text-editor.default\">\n\t\t\t\t\t\t\t\t\t<h3>1. \u00bfQu\u00e9 tiene de especial leer un libro f\u00edsico?<\/h3><p><a href=\"https:\/\/soymigrante.com\/revista\/dia-del-libro-7-grandes-libros-y-autores-guatemaltecos-a-tu-alcance-para-descargar-y-leer\/\">Leer en papel<\/a> involucra los sentidos: el tacto de las hojas, el olor del papel, el sonido del paso de p\u00e1gina. Esa experiencia sensorial genera una conexi\u00f3n emocional con el texto que las pantallas no logran reproducir. Cada lectura se vuelve m\u00e1s \u00edntima y memorable.<\/p><h3>2. \u00bfRealmente se comprende mejor en papel que en pantalla?<\/h3><p>S\u00ed. Varios estudios acad\u00e9micos muestran que la lectura impresa favorece <a href=\"https:\/\/soymigrante.com\/revista\/siete-claves-para-lograr-enfoque-en-tus-tareas-y-lograr-resultados\/\">la concentraci\u00f3n<\/a> y la retenci\u00f3n. Al no haber notificaciones, enlaces ni distracciones digitales, el cerebro se enfoca mejor y procesa con m\u00e1s profundidad lo que lee.<\/p><h3>3. \u00bfLeer en papel ayuda a evitar la fatiga visual?<\/h3><p>Definitivamente. Las pantallas emiten luz azul y reflejos que pueden cansar la vista, sobre todo en lecturas prolongadas. El papel no brilla ni parpadea; por eso resulta m\u00e1s c\u00f3modo y natural para<a href=\"https:\/\/soymigrante.com\/revista\/consejopara-cuidar-tus-ojos-en-el-trabajo-en-casa-y-en-la-calle\/\"> los ojos.<\/a><\/p>\t\t\t\t\t\t\t\t<\/div>\n\t\t\t\t\t<\/div>\n\t\t\t\t<\/div>\n\t\t<div data-particle_enable=\"false\" data-particle-mobile-disabled=\"false\" class=\"elementor-element elementor-element-d11ee38 e-flex e-con-boxed e-con e-parent\" data-id=\"d11ee38\" data-element_type=\"container\" data-e-type=\"container\">\n\t\t\t\t\t<div class=\"e-con-inner\">\n\t\t\t\t<div class=\"elementor-element elementor-element-51935bf elementor-grid-eael-col-1 elementor-grid-tablet-eael-col-2 elementor-grid-mobile-eael-col-1 elementor-widget elementor-widget-eael-post-grid\" data-id=\"51935bf\" data-element_type=\"widget\" data-e-type=\"widget\" data-settings=\"{&quot;eael_post_grid_columns&quot;:&quot;eael-col-1&quot;,&quot;eael_post_grid_columns_tablet&quot;:&quot;eael-col-2&quot;,&quot;eael_post_grid_columns_mobile&quot;:&quot;eael-col-1&quot;}\" data-widget_type=\"eael-post-grid.default\">\n\t\t\t\t\t<div id=\"eael-post-grid-51935bf\" class=\"eael-post-grid-container\">\n            <div class=\"eael-post-grid eael-post-appender eael-post-appender-51935bf eael-post-grid-style-one\" data-layout-mode=\"masonry\"><article class=\"eael-grid-post  eael-post-grid-column eael-pg-post-10466 category-guate-nuestra tags-mercado-emprendedores\" data-id=\"10466\">\n        <div class=\"eael-grid-post-holder\">\n            <div class=\"eael-grid-post-holder-inner\"><div class=\"eael-entry-media\"><div class=\"eael-entry-overlay fade-in\"><i class=\"far fa-hand-pointer\" aria-hidden=\"true\"><\/i><a href=\"https:\/\/soymigrante.com\/revista\/escritor-manuel-orantes-alvarez-confecciona-relatos-que-invitan-al-cambio\/\"><\/a><\/div><div class=\"eael-entry-thumbnail eael-image-ratio\">\n                <img decoding=\"async\" width=\"860\" height=\"860\" src=\"https:\/\/soymigrante.com\/revista\/wp-content\/uploads\/2024\/10\/manuel-orantes-guatemalteco-escritor-migrante-3.webp\" class=\"attachment-large size-large wp-image-10542\" alt=\"Discurso de migrante latinoamericano en parque p\u00fablico, promoviendo integraci\u00f3n y cultura, con libro en mano, vestido con camiseta azul y sombrero colorido.\" srcset=\"https:\/\/soymigrante.com\/revista\/wp-content\/uploads\/2024\/10\/manuel-orantes-guatemalteco-escritor-migrante-3.webp 860w, https:\/\/soymigrante.com\/revista\/wp-content\/uploads\/2024\/10\/manuel-orantes-guatemalteco-escritor-migrante-3-300x300.webp 300w, https:\/\/soymigrante.com\/revista\/wp-content\/uploads\/2024\/10\/manuel-orantes-guatemalteco-escritor-migrante-3-150x150.webp 150w, https:\/\/soymigrante.com\/revista\/wp-content\/uploads\/2024\/10\/manuel-orantes-guatemalteco-escritor-migrante-3-768x768.webp 768w, https:\/\/soymigrante.com\/revista\/wp-content\/uploads\/2024\/10\/manuel-orantes-guatemalteco-escritor-migrante-3-75x75.webp 75w, https:\/\/soymigrante.com\/revista\/wp-content\/uploads\/2024\/10\/manuel-orantes-guatemalteco-escritor-migrante-3-750x750.webp 750w\" sizes=\"(max-width: 860px) 100vw, 860px\" \/>\n            <\/div>\n        <\/div><div class=\"eael-entry-wrapper\"><header class=\"eael-entry-header\"><h2 class=\"eael-entry-title\"><a class=\"eael-grid-post-link\" href=\"https:\/\/soymigrante.com\/revista\/escritor-manuel-orantes-alvarez-confecciona-relatos-que-invitan-al-cambio\/\" title=\"Escritor Manuel Orantes-\u00c1lvarez crea relatos que invitan a la transformaci\u00f3n personal\">Escritor Manuel Orantes-\u00c1lvarez crea relatos que invitan a la transformaci\u00f3n personal<\/a><\/h2><\/header><div class=\"eael-entry-content\">\n                        <div class=\"eael-grid-post-excerpt\"><a href=\"https:\/\/soymigrante.com\/revista\/escritor-manuel-orantes-alvarez-confecciona-relatos-que-invitan-al-cambio\/\" class=\"eael-post-elements-readmore-btn\">CONOCE SU HISTORIA <\/a><\/div>\n                    <\/div><\/div><\/div>\n        <\/div>\n    <\/article><\/div>\n            <div class=\"clearfix\"><\/div>\n        <\/div>\t\t\t\t<\/div>\n\t\t\t\t\t<\/div>\n\t\t\t\t<\/div>\n\t\t<div data-particle_enable=\"false\" data-particle-mobile-disabled=\"false\" class=\"elementor-element elementor-element-c620649 e-flex e-con-boxed e-con e-parent\" data-id=\"c620649\" data-element_type=\"container\" data-e-type=\"container\">\n\t\t\t\t\t<div class=\"e-con-inner\">\n\t\t\t\t<div class=\"elementor-element elementor-element-0751cf3 elementor-widget elementor-widget-text-editor\" data-id=\"0751cf3\" data-element_type=\"widget\" data-e-type=\"widget\" data-widget_type=\"text-editor.default\">\n\t\t\t\t\t\t\t\t\t<h3>4. \u00bfPor qu\u00e9 se dice que el papel mejora la memoria espacial del lector?<\/h3>\n<p>Porque al leer un libro f\u00edsico, el cerebro recuerda d\u00f3nde se encontraba una idea: en qu\u00e9 p\u00e1gina, qu\u00e9 tan avanzado iba el libro, si estaba arriba o abajo del texto. Esa orientaci\u00f3n espacial ayuda a comprender y recordar mejor el contenido.<\/p>\n<h3>5. \u00bfLeer en papel puede ayudarnos a desconectarnos de la rutina digital?<\/h3>\n<p>Totalmente. Abrir un libro f\u00edsico es una forma sencilla y poderosa de escapar del bombardeo constante de notificaciones. Es una pausa consciente, una oportunidad para reconectar con el silencio y recuperar la atenci\u00f3n plena. Existen autores maravillosos en MERCADO, cuyos libros pueden llegar a la puerta de tu casa, como <a href=\"https:\/\/soymigrante.com\/revista\/alan-tenenbaum-es-ejemplo-de-resiliencia-voluntad-y-superacion-sus-libros-estan-en-mercado\/\">Allan Tenembaum<\/a>, <a href=\"https:\/\/soymigrante.com\/revista\/los-libros-de-carmen-alicia-tienen-alma-de-pueblo-guatemalteco-y-estan-en-mercado\/\">Carmen Alicia Ar\u00e9valo<\/a> o <a href=\"https:\/\/soymigrante.com\/revista\/mafer-jimenez-escritora-voluntad-guatemalteca-libros-motivacion-mercado\/\">Mafer Jim\u00e9nez.&nbsp;<\/a><\/p>\n<h3>6. \u00bfQu\u00e9 valor tiene coleccionar libros f\u00edsicos?<\/h3>\n<p>Los libros son objetos con historia. Cada uno guarda recuerdos: una dedicatoria, una fecha, una marca, una nota al margen. Tener una biblioteca personal es como tener un mapa de nuestras pasiones y de los viajes que hemos hecho a trav\u00e9s de las palabras.<\/p>\n<h3>7. \u00bfAfecta el formato a los ni\u00f1os y j\u00f3venes que est\u00e1n aprendiendo a leer?<\/h3>\n<p>S\u00ed, y mucho. Los estudios muestran que los ni\u00f1os comprenden mejor y desarrollan m\u00e1s empat\u00eda cuando leen en papel. Adem\u00e1s, la lectura f\u00edsica ayuda a crear rutinas y h\u00e1bitos de estudio m\u00e1s s\u00f3lidos y duraderos.<\/p>\t\t\t\t\t\t\t\t<\/div>\n\t\t\t\t\t<\/div>\n\t\t\t\t<\/div>\n\t\t<div data-particle_enable=\"false\" data-particle-mobile-disabled=\"false\" class=\"elementor-element elementor-element-b01723a e-flex e-con-boxed e-con e-parent\" data-id=\"b01723a\" data-element_type=\"container\" data-e-type=\"container\">\n\t\t\t\t\t<div class=\"e-con-inner\">\n\t\t\t\t<div class=\"elementor-element elementor-element-c5c1588 elementor-grid-eael-col-1 elementor-grid-tablet-eael-col-2 elementor-grid-mobile-eael-col-1 elementor-widget elementor-widget-eael-post-grid\" data-id=\"c5c1588\" data-element_type=\"widget\" data-e-type=\"widget\" data-settings=\"{&quot;eael_post_grid_columns&quot;:&quot;eael-col-1&quot;,&quot;eael_post_grid_columns_tablet&quot;:&quot;eael-col-2&quot;,&quot;eael_post_grid_columns_mobile&quot;:&quot;eael-col-1&quot;}\" data-widget_type=\"eael-post-grid.default\">\n\t\t\t\t\t<div id=\"eael-post-grid-c5c1588\" class=\"eael-post-grid-container\">\n            <div class=\"eael-post-grid eael-post-appender eael-post-appender-c5c1588 eael-post-grid-style-one\" data-layout-mode=\"masonry\"><article class=\"eael-grid-post  eael-post-grid-column eael-pg-post-21793 category-guate-nuestra tags-mercado-emprendedores\" data-id=\"21793\">\n        <div class=\"eael-grid-post-holder\">\n            <div class=\"eael-grid-post-holder-inner\"><div class=\"eael-entry-media\"><div class=\"eael-entry-overlay fade-in\"><i class=\"far fa-hand-pointer\" aria-hidden=\"true\"><\/i><a href=\"https:\/\/soymigrante.com\/revista\/alan-tenenbaum-es-ejemplo-de-resiliencia-voluntad-y-superacion-sus-libros-estan-en-mercado\/\"><\/a><\/div><div class=\"eael-entry-thumbnail eael-image-ratio\">\n                <img decoding=\"async\" width=\"685\" height=\"1024\" src=\"https:\/\/soymigrante.com\/revista\/wp-content\/uploads\/2025\/01\/Alan-1-685x1024.jpeg\" class=\"attachment-large size-large wp-image-21795\" alt=\"Libro &quot;En una silla de morfeo&quot; del autor Alan Terenbaum, mostrando diversidad e inclusi\u00f3n en la literatura, con decoraciones coloridas y fondos de libros en una sala acogedora.\" srcset=\"https:\/\/soymigrante.com\/revista\/wp-content\/uploads\/2025\/01\/Alan-1-685x1024.jpeg 685w, https:\/\/soymigrante.com\/revista\/wp-content\/uploads\/2025\/01\/Alan-1-201x300.jpeg 201w, https:\/\/soymigrante.com\/revista\/wp-content\/uploads\/2025\/01\/Alan-1-768x1148.jpeg 768w, https:\/\/soymigrante.com\/revista\/wp-content\/uploads\/2025\/01\/Alan-1-1027x1536.jpeg 1027w, https:\/\/soymigrante.com\/revista\/wp-content\/uploads\/2025\/01\/Alan-1-750x1121.webp 750w, https:\/\/soymigrante.com\/revista\/wp-content\/uploads\/2025\/01\/Alan-1.webp 1070w\" sizes=\"(max-width: 685px) 100vw, 685px\" \/>\n            <\/div>\n        <\/div><div class=\"eael-entry-wrapper\"><header class=\"eael-entry-header\"><h2 class=\"eael-entry-title\"><a class=\"eael-grid-post-link\" href=\"https:\/\/soymigrante.com\/revista\/alan-tenenbaum-es-ejemplo-de-resiliencia-voluntad-y-superacion-sus-libros-estan-en-mercado\/\" title=\"Los libros de Alan Tenembaum animan a lograr lo imposible y ahora est\u00e1n en SoyMigrante.com MERCADO\">Los libros de Alan Tenembaum animan a lograr lo imposible y ahora est\u00e1n en SoyMigrante.com MERCADO<\/a><\/h2><\/header><div class=\"eael-entry-content\">\n                        <div class=\"eael-grid-post-excerpt\"><a href=\"https:\/\/soymigrante.com\/revista\/alan-tenenbaum-es-ejemplo-de-resiliencia-voluntad-y-superacion-sus-libros-estan-en-mercado\/\" class=\"eael-post-elements-readmore-btn\">CONOCE SU HISTORIA <\/a><\/div>\n                    <\/div><\/div><\/div>\n        <\/div>\n    <\/article><\/div>\n            <div class=\"clearfix\"><\/div>\n        <\/div>\t\t\t\t<\/div>\n\t\t\t\t\t<\/div>\n\t\t\t\t<\/div>\n\t\t<div data-particle_enable=\"false\" data-particle-mobile-disabled=\"false\" class=\"elementor-element elementor-element-7611cd5 e-flex e-con-boxed e-con e-parent\" data-id=\"7611cd5\" data-element_type=\"container\" data-e-type=\"container\">\n\t\t\t\t\t<div class=\"e-con-inner\">\n\t\t\t\t<div class=\"elementor-element elementor-element-2b69fad elementor-widget elementor-widget-text-editor\" data-id=\"2b69fad\" data-element_type=\"widget\" data-e-type=\"widget\" data-widget_type=\"text-editor.default\">\n\t\t\t\t\t\t\t\t\t<h3>8. \u00bfY qu\u00e9 hay de la practicidad? \u00bfNo es m\u00e1s c\u00f3modo leer en digital?<\/h3><p>Depende. Los libros f\u00edsicos no necesitan conexi\u00f3n, bater\u00eda ni actualizaciones. Pueden leerse en cualquier lugar y en cualquier momento. Son conocimiento port\u00e1til sin depender de la tecnolog\u00eda.<\/p><h3>9. \u00bfLeer libros impresos sigue siendo ecol\u00f3gico?<\/h3><p>Hoy m\u00e1s que nunca. La mayor\u00eda de editoriales usa papel reciclado o con certificaci\u00f3n sostenible. Adem\u00e1s, los libros f\u00edsicos tienen larga vida: pueden compartirse, revenderse o heredarse, evitando la obsolescencia de los dispositivos electr\u00f3nicos.<\/p><h3>10. \u00bfQu\u00e9 simboliza leer un libro de papel en estos tiempos?<\/h3><p>Es un acto de presencia. En un mundo de distracciones, leer un libro f\u00edsico es una declaraci\u00f3n silenciosa de atenci\u00f3n y calma. Es volver a lo esencial: el encuentro entre un lector y una historia, sin pantallas de por medio.graba en el alma.<\/p>\t\t\t\t\t\t\t\t<\/div>\n\t\t\t\t\t<\/div>\n\t\t\t\t<\/div>\n\t\t<div data-particle_enable=\"false\" data-particle-mobile-disabled=\"false\" class=\"elementor-element elementor-element-445d630 e-flex e-con-boxed e-con e-parent\" data-id=\"445d630\" data-element_type=\"container\" data-e-type=\"container\">\n\t\t\t\t\t<div class=\"e-con-inner\">\n\t\t\t\t<div class=\"elementor-element elementor-element-785b289 elementor-grid-eael-col-1 elementor-grid-tablet-eael-col-2 elementor-grid-mobile-eael-col-1 elementor-widget elementor-widget-eael-post-grid\" data-id=\"785b289\" data-element_type=\"widget\" data-e-type=\"widget\" data-settings=\"{&quot;eael_post_grid_columns&quot;:&quot;eael-col-1&quot;,&quot;eael_post_grid_columns_tablet&quot;:&quot;eael-col-2&quot;,&quot;eael_post_grid_columns_mobile&quot;:&quot;eael-col-1&quot;}\" data-widget_type=\"eael-post-grid.default\">\n\t\t\t\t\t<div id=\"eael-post-grid-785b289\" class=\"eael-post-grid-container\">\n            <div class=\"eael-post-grid eael-post-appender eael-post-appender-785b289 eael-post-grid-style-one\" data-layout-mode=\"masonry\"><article class=\"eael-grid-post  eael-post-grid-column eael-pg-post-23097 category-guate-nuestra tags-mercado-emprendedores\" data-id=\"23097\">\n        <div class=\"eael-grid-post-holder\">\n            <div class=\"eael-grid-post-holder-inner\"><div class=\"eael-entry-media\"><div class=\"eael-entry-overlay fade-in\"><i class=\"far fa-hand-pointer\" aria-hidden=\"true\"><\/i><a href=\"https:\/\/soymigrante.com\/revista\/mafer-jimenez-escritora-voluntad-guatemalteca-libros-motivacion-mercado\/\"><\/a><\/div><div class=\"eael-entry-thumbnail eael-image-ratio\">\n                <img loading=\"lazy\" decoding=\"async\" width=\"1024\" height=\"1024\" src=\"https:\/\/soymigrante.com\/revista\/wp-content\/uploads\/2025\/01\/MAFER-JIMENEZ-1-1024x1024.jpg\" class=\"attachment-large size-large wp-image-23161\" alt=\"\u00e1rea de personas con discapacidad mostrando libros de la revista SoyMigrante.com REVISTA en una rueda de personas con discapacidad, promoviendo derechos e inclusi\u00f3n en temas migratorios en M\u00e9xico.\" srcset=\"https:\/\/soymigrante.com\/revista\/wp-content\/uploads\/2025\/01\/MAFER-JIMENEZ-1-1024x1024.jpg 1024w, https:\/\/soymigrante.com\/revista\/wp-content\/uploads\/2025\/01\/MAFER-JIMENEZ-1-300x300.jpg 300w, https:\/\/soymigrante.com\/revista\/wp-content\/uploads\/2025\/01\/MAFER-JIMENEZ-1-150x150.jpg 150w, https:\/\/soymigrante.com\/revista\/wp-content\/uploads\/2025\/01\/MAFER-JIMENEZ-1-768x768.jpg 768w, https:\/\/soymigrante.com\/revista\/wp-content\/uploads\/2025\/01\/MAFER-JIMENEZ-1-75x75.webp 75w, https:\/\/soymigrante.com\/revista\/wp-content\/uploads\/2025\/01\/MAFER-JIMENEZ-1-750x750.webp 750w, https:\/\/soymigrante.com\/revista\/wp-content\/uploads\/2025\/01\/MAFER-JIMENEZ-1-1140x1140.webp 1140w, https:\/\/soymigrante.com\/revista\/wp-content\/uploads\/2025\/01\/MAFER-JIMENEZ-1.webp 1308w\" sizes=\"(max-width: 1024px) 100vw, 1024px\" \/>\n            <\/div>\n        <\/div><div class=\"eael-entry-wrapper\"><header class=\"eael-entry-header\"><h2 class=\"eael-entry-title\"><a class=\"eael-grid-post-link\" href=\"https:\/\/soymigrante.com\/revista\/mafer-jimenez-escritora-voluntad-guatemalteca-libros-motivacion-mercado\/\" title=\"Mafer Jim\u00e9nez: una mente maravillosa y voluntad sin l\u00edmites. Sus libros ahora est\u00e1n en MERCADO\">Mafer Jim\u00e9nez: una mente maravillosa y voluntad sin l\u00edmites. Sus libros ahora est\u00e1n en MERCADO<\/a><\/h2><\/header><div class=\"eael-entry-content\">\n                        <div class=\"eael-grid-post-excerpt\"><a href=\"https:\/\/soymigrante.com\/revista\/mafer-jimenez-escritora-voluntad-guatemalteca-libros-motivacion-mercado\/\" class=\"eael-post-elements-readmore-btn\">CONOCE SU HISTORIA <\/a><\/div>\n                    <\/div><\/div><\/div>\n        <\/div>\n    <\/article><\/div>\n            <div class=\"clearfix\"><\/div>\n        <\/div>\t\t\t\t<\/div>\n\t\t\t\t\t<\/div>\n\t\t\t\t<\/div>\n\t\t<div data-particle_enable=\"false\" data-particle-mobile-disabled=\"false\" class=\"elementor-element elementor-element-84a531a e-flex e-con-boxed e-con e-parent\" data-id=\"84a531a\" data-element_type=\"container\" data-e-type=\"container\">\n\t\t\t\t\t<div class=\"e-con-inner\">\n\t\t\t\t<div class=\"elementor-element elementor-element-deff1ec elementor-widget elementor-widget-text-editor\" data-id=\"deff1ec\" data-element_type=\"widget\" data-e-type=\"widget\" data-widget_type=\"text-editor.default\">\n\t\t\t\t\t\t\t\t\t<h3>11. La enorme creatividad literaria guatemalteca<\/h3><p>En Guatemala<a href=\"https:\/\/soymigrante.com\/revista\/dia-del-libro-7-grandes-libros-y-autores-guatemaltecos-a-tu-alcance-para-descargar-y-leer\/\"> existen escritores y escritoras excelentes, de siglos pasados, p<\/a>ero tambi\u00e9n de tiempos actuales, cuyas obras est\u00e1n proyectando valores sin fronteras, que fortalecen la identidad, promueven la comunidad e inspiran a ser mejor.<\/p>\t\t\t\t\t\t\t\t<\/div>\n\t\t\t\t\t<\/div>\n\t\t\t\t<\/div>\n\t\t<div data-particle_enable=\"false\" data-particle-mobile-disabled=\"false\" class=\"elementor-element elementor-element-f86d7bb e-flex e-con-boxed e-con e-parent\" data-id=\"f86d7bb\" data-element_type=\"container\" data-e-type=\"container\">\n\t\t\t\t\t<div class=\"e-con-inner\">\n\t\t\t\t<div class=\"elementor-element elementor-element-89fb1ec elementor-grid-eael-col-1 elementor-grid-tablet-eael-col-2 elementor-grid-mobile-eael-col-1 elementor-widget elementor-widget-eael-post-grid\" data-id=\"89fb1ec\" data-element_type=\"widget\" data-e-type=\"widget\" data-settings=\"{&quot;eael_post_grid_columns&quot;:&quot;eael-col-1&quot;,&quot;eael_post_grid_columns_tablet&quot;:&quot;eael-col-2&quot;,&quot;eael_post_grid_columns_mobile&quot;:&quot;eael-col-1&quot;}\" data-widget_type=\"eael-post-grid.default\">\n\t\t\t\t\t<div id=\"eael-post-grid-89fb1ec\" class=\"eael-post-grid-container\">\n            <div class=\"eael-post-grid eael-post-appender eael-post-appender-89fb1ec eael-post-grid-style-one\" data-layout-mode=\"masonry\"><article class=\"eael-grid-post  eael-post-grid-column eael-pg-post-38873 category-guate-nuestra tags-mercado-emprendedores\" data-id=\"38873\">\n        <div class=\"eael-grid-post-holder\">\n            <div class=\"eael-grid-post-holder-inner\"><div class=\"eael-entry-media\"><div class=\"eael-entry-overlay fade-in\"><i class=\"far fa-hand-pointer\" aria-hidden=\"true\"><\/i><a href=\"https:\/\/soymigrante.com\/revista\/los-libros-de-carmen-alicia-tienen-alma-de-pueblo-guatemalteco-y-estan-en-mercado\/\"><\/a><\/div><div class=\"eael-entry-thumbnail eael-image-ratio\">\n                <img loading=\"lazy\" decoding=\"async\" width=\"785\" height=\"785\" src=\"https:\/\/soymigrante.com\/revista\/wp-content\/uploads\/2025\/07\/mercado-emprendedora-escritora-carmen-alicia-arevalo-libros-2.webp\" class=\"attachment-large size-large wp-image-38874\" alt=\"&quot;Portada de la revista SoyMigrante.com REVISTA en un ambiente colorido con plantas y murales, destacando temas de migraci\u00f3n y cultura hispana.&quot;.\" srcset=\"https:\/\/soymigrante.com\/revista\/wp-content\/uploads\/2025\/07\/mercado-emprendedora-escritora-carmen-alicia-arevalo-libros-2.webp 785w, https:\/\/soymigrante.com\/revista\/wp-content\/uploads\/2025\/07\/mercado-emprendedora-escritora-carmen-alicia-arevalo-libros-2-300x300.jpg 300w, https:\/\/soymigrante.com\/revista\/wp-content\/uploads\/2025\/07\/mercado-emprendedora-escritora-carmen-alicia-arevalo-libros-2-150x150.jpg 150w, https:\/\/soymigrante.com\/revista\/wp-content\/uploads\/2025\/07\/mercado-emprendedora-escritora-carmen-alicia-arevalo-libros-2-768x768.jpg 768w, https:\/\/soymigrante.com\/revista\/wp-content\/uploads\/2025\/07\/mercado-emprendedora-escritora-carmen-alicia-arevalo-libros-2-75x75.webp 75w, https:\/\/soymigrante.com\/revista\/wp-content\/uploads\/2025\/07\/mercado-emprendedora-escritora-carmen-alicia-arevalo-libros-2-750x750.webp 750w\" sizes=\"(max-width: 785px) 100vw, 785px\" \/>\n            <\/div>\n        <\/div><div class=\"eael-entry-wrapper\"><header class=\"eael-entry-header\"><h2 class=\"eael-entry-title\"><a class=\"eael-grid-post-link\" href=\"https:\/\/soymigrante.com\/revista\/los-libros-de-carmen-alicia-tienen-alma-de-pueblo-guatemalteco-y-estan-en-mercado\/\" title=\"Los libros de Carmen Alicia tienen alma de pueblo guatemalteco y est\u00e1n en MERCADO\">Los libros de Carmen Alicia tienen alma de pueblo guatemalteco y est\u00e1n en MERCADO<\/a><\/h2><\/header><div class=\"eael-entry-content\">\n                        <div class=\"eael-grid-post-excerpt\"><a href=\"https:\/\/soymigrante.com\/revista\/los-libros-de-carmen-alicia-tienen-alma-de-pueblo-guatemalteco-y-estan-en-mercado\/\" class=\"eael-post-elements-readmore-btn\">CONOCE SU HISTORIA <\/a><\/div>\n                    <\/div><\/div><\/div>\n        <\/div>\n    <\/article><\/div>\n            <div class=\"clearfix\"><\/div>\n        <\/div>\t\t\t\t<\/div>\n\t\t\t\t\t<\/div>\n\t\t\t\t<\/div>\n\t\t<div data-particle_enable=\"false\" data-particle-mobile-disabled=\"false\" class=\"elementor-element elementor-element-708670d e-flex e-con-boxed e-con e-parent\" data-id=\"708670d\" data-element_type=\"container\" data-e-type=\"container\">\n\t\t\t\t\t<div class=\"e-con-inner\">\n\t\t\t\t<div class=\"elementor-element elementor-element-24f8fa1 elementor-widget elementor-widget-heading\" data-id=\"24f8fa1\" data-element_type=\"widget\" data-e-type=\"widget\" data-widget_type=\"heading.default\">\n\t\t\t\t\t<h2 class=\"elementor-heading-title elementor-size-default\">Claves de vida y bienestar para cada d\u00eda<\/h2>\t\t\t\t<\/div>\n\t\t\t\t\t<\/div>\n\t\t\t\t<\/div>\n\t\t<div data-particle_enable=\"false\" data-particle-mobile-disabled=\"false\" class=\"elementor-element elementor-element-2a54b9a e-flex e-con-boxed e-con e-parent\" data-id=\"2a54b9a\" data-element_type=\"container\" data-e-type=\"container\">\n\t\t\t\t\t<div class=\"e-con-inner\">\n\t\t\t\t<div class=\"elementor-element elementor-element-0c91efa elementor-grid-eael-col-3 elementor-grid-tablet-eael-col-2 elementor-grid-mobile-eael-col-1 elementor-widget elementor-widget-eael-post-grid\" data-id=\"0c91efa\" data-element_type=\"widget\" data-e-type=\"widget\" data-settings=\"{&quot;eael_post_grid_columns&quot;:&quot;eael-col-3&quot;,&quot;eael_post_grid_columns_tablet&quot;:&quot;eael-col-2&quot;,&quot;eael_post_grid_columns_mobile&quot;:&quot;eael-col-1&quot;}\" data-widget_type=\"eael-post-grid.default\">\n\t\t\t\t\t<div id=\"eael-post-grid-0c91efa\" class=\"eael-post-grid-container\">\n            <div class=\"eael-post-grid eael-post-appender eael-post-appender-0c91efa eael-post-grid-style-one\" data-layout-mode=\"masonry\"><article class=\"eael-grid-post  eael-post-grid-column eael-pg-post-54092 category-salud-emocional\" data-id=\"54092\">\n        <div class=\"eael-grid-post-holder\">\n            <div class=\"eael-grid-post-holder-inner\"><div class=\"eael-entry-media\"><div class=\"eael-entry-overlay fade-in\"><i class=\"far fa-hand-pointer\" aria-hidden=\"true\"><\/i><a href=\"https:\/\/soymigrante.com\/revista\/claves-sobre-primeros-auxilios-psicologicos-para-ayudar-a-alguien-agobiado-por-dolor-miedo-o-angustia\/\"><\/a><\/div><div class=\"eael-entry-thumbnail eael-image-ratio\">\n                <img loading=\"lazy\" decoding=\"async\" width=\"1024\" height=\"1024\" src=\"https:\/\/soymigrante.com\/revista\/wp-content\/uploads\/2026\/04\/primeros-auxilios-emocionales.png\" class=\"attachment-large size-large wp-image-54651\" alt=\"primeros auxilios emocionales\" srcset=\"https:\/\/soymigrante.com\/revista\/wp-content\/uploads\/2026\/04\/primeros-auxilios-emocionales.png 1024w, https:\/\/soymigrante.com\/revista\/wp-content\/uploads\/2026\/04\/primeros-auxilios-emocionales-300x300.png 300w, https:\/\/soymigrante.com\/revista\/wp-content\/uploads\/2026\/04\/primeros-auxilios-emocionales-150x150.png 150w, https:\/\/soymigrante.com\/revista\/wp-content\/uploads\/2026\/04\/primeros-auxilios-emocionales-768x768.png 768w, https:\/\/soymigrante.com\/revista\/wp-content\/uploads\/2026\/04\/primeros-auxilios-emocionales-75x75.png 75w, https:\/\/soymigrante.com\/revista\/wp-content\/uploads\/2026\/04\/primeros-auxilios-emocionales-750x750.png 750w\" sizes=\"(max-width: 1024px) 100vw, 1024px\" \/>\n            <\/div>\n        <\/div><div class=\"eael-entry-wrapper\"><header class=\"eael-entry-header\"><h2 class=\"eael-entry-title\"><a class=\"eael-grid-post-link\" href=\"https:\/\/soymigrante.com\/revista\/claves-sobre-primeros-auxilios-psicologicos-para-ayudar-a-alguien-agobiado-por-dolor-miedo-o-angustia\/\" title=\"Claves sobre Primeros Auxilios Psicol\u00f3gicos para ayudar a alguien agobiado por dolor, miedo o angustia\">Claves sobre Primeros Auxilios Psicol\u00f3gicos para ayudar a alguien agobiado por dolor, miedo o angustia<\/a><\/h2><\/header><div class=\"eael-entry-content\">\n                        <div class=\"eael-grid-post-excerpt\"><a href=\"https:\/\/soymigrante.com\/revista\/claves-sobre-primeros-auxilios-psicologicos-para-ayudar-a-alguien-agobiado-por-dolor-miedo-o-angustia\/\" class=\"eael-post-elements-readmore-btn\">CONOCE SU HISTORIA <\/a><\/div>\n                    <\/div><\/div><\/div>\n        <\/div>\n    <\/article><article class=\"eael-grid-post  eael-post-grid-column eael-pg-post-7915 category-bienestar\" data-id=\"7915\">\n        <div class=\"eael-grid-post-holder\">\n            <div class=\"eael-grid-post-holder-inner\"><div class=\"eael-entry-media\"><div class=\"eael-entry-overlay fade-in\"><i class=\"far fa-hand-pointer\" aria-hidden=\"true\"><\/i><a href=\"https:\/\/soymigrante.com\/revista\/no-todos-pensamos-en-una-refaccion-saludable-pero-debemos\/\"><\/a><\/div><div class=\"eael-entry-thumbnail eael-image-ratio\">\n                <img loading=\"lazy\" decoding=\"async\" width=\"487\" height=\"486\" src=\"https:\/\/soymigrante.com\/revista\/wp-content\/uploads\/2024\/08\/refaccion-saludable-en-el-trabajo-soy-migrante4-e1723753062880.webp\" class=\"attachment-large size-large wp-image-7960\" alt=\"Fruta fresca en un frasco de vidrio con yogurt y cereales, s\u00edmbolo de salud y bienestar, en un entorno minimalista.\" srcset=\"https:\/\/soymigrante.com\/revista\/wp-content\/uploads\/2024\/08\/refaccion-saludable-en-el-trabajo-soy-migrante4-e1723753062880.webp 487w, https:\/\/soymigrante.com\/revista\/wp-content\/uploads\/2024\/08\/refaccion-saludable-en-el-trabajo-soy-migrante4-e1723753062880-300x300.webp 300w, https:\/\/soymigrante.com\/revista\/wp-content\/uploads\/2024\/08\/refaccion-saludable-en-el-trabajo-soy-migrante4-e1723753062880-150x150.webp 150w, https:\/\/soymigrante.com\/revista\/wp-content\/uploads\/2024\/08\/refaccion-saludable-en-el-trabajo-soy-migrante4-e1723753062880-75x75.webp 75w\" sizes=\"(max-width: 487px) 100vw, 487px\" \/>\n            <\/div>\n        <\/div><div class=\"eael-entry-wrapper\"><header class=\"eael-entry-header\"><h2 class=\"eael-entry-title\"><a class=\"eael-grid-post-link\" href=\"https:\/\/soymigrante.com\/revista\/no-todos-pensamos-en-una-refaccion-saludable-pero-debemos\/\" title=\"No todos pensamos en una refacci\u00f3n saludable, pero debemos\">No todos pensamos en una refacci\u00f3n saludable, pero debemos<\/a><\/h2><\/header><div class=\"eael-entry-content\">\n                        <div class=\"eael-grid-post-excerpt\"><a href=\"https:\/\/soymigrante.com\/revista\/no-todos-pensamos-en-una-refaccion-saludable-pero-debemos\/\" class=\"eael-post-elements-readmore-btn\">CONOCE SU HISTORIA <\/a><\/div>\n                    <\/div><\/div><\/div>\n        <\/div>\n    <\/article><article class=\"eael-grid-post  eael-post-grid-column eael-pg-post-8026 category-bienestar\" data-id=\"8026\">\n        <div class=\"eael-grid-post-holder\">\n            <div class=\"eael-grid-post-holder-inner\"><div class=\"eael-entry-media\"><div class=\"eael-entry-overlay fade-in\"><i class=\"far fa-hand-pointer\" aria-hidden=\"true\"><\/i><a href=\"https:\/\/soymigrante.com\/revista\/algunas-claves-sobre-el-cuidado-de-los-ninos-de-cero-a-5-anos\/\"><\/a><\/div><div class=\"eael-entry-thumbnail eael-image-ratio\">\n                <img loading=\"lazy\" decoding=\"async\" width=\"1024\" height=\"683\" src=\"https:\/\/soymigrante.com\/revista\/wp-content\/uploads\/2024\/08\/Desarrollo-infantil-envato-1024x683.webp\" class=\"attachment-large size-large wp-image-8041\" alt=\"Ni\u00f1a en parque infantil deslizando en tobog\u00e1n, juego para ni\u00f1os, diversi\u00f3n infantil, espacio de recreo y esparcimiento, infancia y juegos.\" \/>\n            <\/div>\n        <\/div><div class=\"eael-entry-wrapper\"><header class=\"eael-entry-header\"><h2 class=\"eael-entry-title\"><a class=\"eael-grid-post-link\" href=\"https:\/\/soymigrante.com\/revista\/algunas-claves-sobre-el-cuidado-de-los-ninos-de-cero-a-5-anos\/\" title=\"Algunas claves sobre el cuidado de los ni\u00f1os de cero a 5 a\u00f1os\">Algunas claves sobre el cuidado de los ni\u00f1os de cero a 5 a\u00f1os<\/a><\/h2><\/header><div class=\"eael-entry-content\">\n                        <div class=\"eael-grid-post-excerpt\"><a href=\"https:\/\/soymigrante.com\/revista\/algunas-claves-sobre-el-cuidado-de-los-ninos-de-cero-a-5-anos\/\" class=\"eael-post-elements-readmore-btn\">CONOCE SU HISTORIA <\/a><\/div>\n                    <\/div><\/div><\/div>\n        <\/div>\n    <\/article><\/div>\n            <div class=\"clearfix\"><\/div>\n        <\/div>            <div class=\"eael-load-more-button-wrap eael-force-hide\">\n                <button class=\"eael-load-more-button\" id=\"eael-load-more-btn-0c91efa\" data-widget-id=\"0c91efa\" data-widget=\"0c91efa\" data-page-id=\"47194\" data-template=\"{&quot;dir&quot;:&quot;lite&quot;,&quot;file_name&quot;:&quot;one.php&quot;,&quot;name&quot;:&quot;Post-Grid&quot;}\" data-class=\"Essential_Addons_Elementor\\Elements\\Post_Grid\" data-layout=\"masonry\" data-page=\"1\" data-args=\"orderby=author&amp;order=desc&amp;ignore_sticky_posts=1&amp;post_status=publish&amp;posts_per_page=3&amp;offset=0&amp;post_type=post&amp;tax_query%5B0%5D%5Btaxonomy%5D=category&amp;tax_query%5B0%5D%5Bfield%5D=term_id&amp;tax_query%5B0%5D%5Bterms%5D%5B0%5D=55&amp;tax_query%5Brelation%5D=AND\" data-max-page=\"124\">\n                    <span class=\"eael-btn-loader button__loader\"><\/span>\n                    <span class=\"eael_load_more_text\">Load More<\/span>\n                <\/button>\n            <\/div>\n            \t\t\t\t<\/div>\n\t\t\t\t\t<\/div>\n\t\t\t\t<\/div>\n\t\t\t\t<\/div>\n\t\t","protected":false},"excerpt":{"rendered":"<p>\u00bfRealmente marca una diferencia leer libros impresos en papel respecto de la lectura de libros digitales? Estas son algunas claves sobre la lectura en estos tiempos. En una era dominada por pantallas, algoritmos y notificaciones, abrir un libro impreso parece casi un acto &#8220;contrario&#8221; a la evoluci\u00f3n tecnol\u00f3gica. \u00bfRealmente marca una diferencia leer un libro [&hellip;]<\/p>\n","protected":false},"author":7,"featured_media":47195,"comment_status":"open","ping_status":"open","sticky":false,"template":"","format":"standard","meta":{"_acf_changed":false,"_eb_attr":"","footnotes":""},"categories":[55],"tags":[],"class_list":["post-47194","post","type-post","status-publish","format-standard","has-post-thumbnail","hentry","category-bienestar"],"acf":[],"aioseo_notices":[],"aioseo_head":"\n\t\t<!-- All in One SEO Pro 4.9.6.2 - aioseo.com -->\n\t<meta name=\"description\" content=\"El desarrollo de tus hijos entre el primer a\u00f1o y los cincos a\u00f1os de vida son fundamentales en su desenvolvimiento y aprendizaje.\" \/>\n\t<meta name=\"robots\" content=\"max-snippet:-1, max-image-preview:large, max-video-preview:-1\" \/>\n\t<meta name=\"author\" content=\"Beatriz Tercero\"\/>\n\t<link rel=\"canonical\" href=\"https:\/\/soymigrante.com\/revista\/algunas-claves-sobre-el-cuidado-de-los-ninos-de-cero-a-5-anos\/\" \/>\n\t<meta name=\"generator\" content=\"All in One SEO Pro (AIOSEO) 4.9.6.2\" \/>\n\n\t\t<link rel=\"preconnect\" href=\"https:\/\/fonts.googleapis.com\" crossorigin>\n<link rel=\"preconnect\" href=\"https:\/\/fonts.gstatic.com\" crossorigin>\n\t\t<meta property=\"og:locale\" content=\"es_ES\" \/>\n\t\t<meta property=\"og:site_name\" content=\"SoyMigrante.com REVISTA \u2013 Nuestra misi\u00f3n es reconocer y dignificar al migrante.\" \/>\n\t\t<meta property=\"og:type\" content=\"article\" \/>\n\t\t<meta property=\"og:title\" content=\"Algunas claves para el cuidado de ni\u00f1os de 0 a 5 a\u00f1os\" \/>\n\t\t<meta property=\"og:description\" content=\"El desarrollo de tus hijos entre el primer a\u00f1o y los cincos a\u00f1os de vida son fundamentales en su desenvolvimiento y aprendizaje.\" \/>\n\t\t<meta property=\"og:url\" content=\"https:\/\/soymigrante.com\/revista\/algunas-claves-sobre-el-cuidado-de-los-ninos-de-cero-a-5-anos\/\" \/>\n\t\t<meta property=\"og:image\" content=\"https:\/\/soymigrante.com\/revista\/wp-content\/uploads\/2024\/08\/Desarrollo-infantil-envato-scaled-e1723822763708.webp\" \/>\n\t\t<meta property=\"og:image:secure_url\" content=\"https:\/\/soymigrante.com\/revista\/wp-content\/uploads\/2024\/08\/Desarrollo-infantil-envato-scaled-e1723822763708.webp\" \/>\n\t\t<meta property=\"og:image:width\" content=\"1020\" \/>\n\t\t<meta property=\"og:image:height\" content=\"1020\" \/>\n\t\t<meta property=\"article:published_time\" content=\"2024-08-16T15:26:18+00:00\" \/>\n\t\t<meta property=\"article:modified_time\" content=\"2024-08-16T15:39:32+00:00\" \/>\n\t\t<meta property=\"article:publisher\" content=\"https:\/\/www.facebook.com\/soymigrantecom\" \/>\n\t\t<meta name=\"twitter:card\" content=\"summary_large_image\" \/>\n\t\t<meta name=\"twitter:site\" content=\"@SoyMigrante_com\" \/>\n\t\t<meta name=\"twitter:title\" content=\"Algunas claves para el cuidado de ni\u00f1os de 0 a 5 a\u00f1os\" \/>\n\t\t<meta name=\"twitter:description\" content=\"El desarrollo de tus hijos entre el primer a\u00f1o y los cincos a\u00f1os de vida son fundamentales en su desenvolvimiento y aprendizaje.\" \/>\n\t\t<meta name=\"twitter:creator\" content=\"@SoyMigrante_com\" \/>\n\t\t<meta name=\"twitter:image\" content=\"https:\/\/soymigrante.com\/revista\/wp-content\/uploads\/2024\/08\/Desarrollo-infantil-envato-scaled-e1723822763708.webp\" \/>\n\t\t<!-- All in One SEO Pro -->\r\n\t\t<title>Algunas claves para el cuidado de ni\u00f1os de 0 a 5 a\u00f1os<\/title>\n\n","aioseo_head_json":{"title":"Algunas claves para el cuidado de ni\u00f1os de 0 a 5 a\u00f1os","description":"El desarrollo de tus hijos entre el primer a\u00f1o y los cincos a\u00f1os de vida son fundamentales en su desenvolvimiento y aprendizaje.","canonical_url":"https:\/\/soymigrante.com\/revista\/algunas-claves-sobre-el-cuidado-de-los-ninos-de-cero-a-5-anos\/","robots":"max-snippet:-1, max-image-preview:large, max-video-preview:-1","keywords":"","webmasterTools":{"miscellaneous":"&lt;link rel=\"preconnect\" href=\"https:\/\/fonts.googleapis.com\" crossorigin&gt;\n&lt;link rel=\"preconnect\" href=\"https:\/\/fonts.gstatic.com\" crossorigin&gt;"},"schema":null,"og:locale":"es_ES","og:site_name":"SoyMigrante.com REVISTA \u2013 Nuestra misi\u00f3n es reconocer y dignificar al migrante.","og:type":"article","og:title":"Algunas claves para el cuidado de ni\u00f1os de 0 a 5 a\u00f1os","og:description":"El desarrollo de tus hijos entre el primer a\u00f1o y los cincos a\u00f1os de vida son fundamentales en su desenvolvimiento y aprendizaje.","og:url":"https:\/\/soymigrante.com\/revista\/algunas-claves-sobre-el-cuidado-de-los-ninos-de-cero-a-5-anos\/","og:image":"https:\/\/soymigrante.com\/revista\/wp-content\/uploads\/2024\/08\/Desarrollo-infantil-envato-scaled-e1723822763708.webp","og:image:secure_url":"https:\/\/soymigrante.com\/revista\/wp-content\/uploads\/2024\/08\/Desarrollo-infantil-envato-scaled-e1723822763708.webp","og:image:width":1020,"og:image:height":1020,"article:published_time":"2024-08-16T15:26:18+00:00","article:modified_time":"2024-08-16T15:39:32+00:00","article:publisher":"https:\/\/www.facebook.com\/soymigrantecom","twitter:card":"summary_large_image","twitter:site":"@SoyMigrante_com","twitter:title":"Algunas claves para el cuidado de ni\u00f1os de 0 a 5 a\u00f1os","twitter:description":"El desarrollo de tus hijos entre el primer a\u00f1o y los cincos a\u00f1os de vida son fundamentales en su desenvolvimiento y aprendizaje.","twitter:creator":"@SoyMigrante_com","twitter:image":"https:\/\/soymigrante.com\/revista\/wp-content\/uploads\/2024\/08\/Desarrollo-infantil-envato-scaled-e1723822763708.webp"},"aioseo_meta_data":{"post_id":"47194","title":null,"description":"La lectura es necesaria para cultivar inteligencia. Hoy se lee mucho en tel\u00e9fono y acciones digitales. Pero \u00bfTiene sentido leer libros f\u00edsicos?","keywords":null,"keyphrases":{"focus":{"keyphrase":"Leer","score":91,"analysis":{"keyphraseInTitle":{"score":9,"maxScore":9,"error":0},"keyphraseInDescription":{"score":9,"maxScore":9,"error":0},"keyphraseLength":{"score":9,"maxScore":9,"error":0,"length":1},"keyphraseInURL":{"score":5,"maxScore":5,"error":0},"keyphraseInIntroduction":{"score":9,"maxScore":9,"error":0},"keyphraseInSubHeadings":{"score":9,"maxScore":9,"error":0},"keyphraseInImageAlt":{"score":3,"maxScore":9,"error":1},"keywordDensity":{"type":"best","score":9,"maxScore":9,"error":0}}},"additional":[{"keyphrase":"libros","score":87,"analysis":{"keyphraseInDescription":{"score":9,"maxScore":9,"error":0},"keyphraseLength":{"score":9,"maxScore":9,"error":0,"length":1},"keyphraseInIntroduction":{"score":3,"maxScore":9,"error":1},"keyphraseInImageAlt":{"score":9,"maxScore":9,"error":0},"keywordDensity":{"type":"best","score":9,"maxScore":9,"error":0}}}]},"primary_term":null,"canonical_url":null,"og_title":null,"og_description":null,"og_object_type":"default","og_image_type":"default","og_image_url":null,"og_image_width":null,"og_image_height":null,"og_image_custom_url":null,"og_image_custom_fields":null,"og_video":"","og_custom_url":null,"og_article_section":null,"og_article_tags":null,"twitter_use_og":false,"twitter_card":"default","twitter_image_type":"default","twitter_image_url":null,"twitter_image_custom_url":null,"twitter_image_custom_fields":null,"twitter_title":null,"twitter_description":null,"schema":{"blockGraphs":[],"customGraphs":[],"default":{"data":{"Article":[],"Course":[],"Dataset":[],"FAQPage":[],"Movie":[],"Person":[],"Product":[],"ProductReview":[],"Car":[],"Recipe":[],"Service":[],"SoftwareApplication":[],"WebPage":[]},"graphName":"none","isEnabled":true},"graphs":[]},"schema_type":"default","schema_type_options":null,"pillar_content":false,"robots_default":true,"robots_noindex":false,"robots_noarchive":false,"robots_nosnippet":false,"robots_nofollow":false,"robots_noimageindex":false,"robots_noodp":false,"robots_notranslate":false,"robots_max_snippet":"-1","robots_max_videopreview":"-1","robots_max_imagepreview":"large","priority":null,"frequency":"default","local_seo":null,"seo_analyzer_scan_date":"2025-10-14 14:02:27","breadcrumb_settings":null,"limit_modified_date":false,"reviewed_by":"0","open_ai":null,"ai":{"faqs":[],"keyPoints":[],"titles":[],"descriptions":[],"socialPosts":{"email":[],"linkedin":[],"twitter":[],"facebook":[],"instagram":[]}},"created":"2025-10-14 01:26:49","updated":"2026-02-05 06:31:00"},"aioseo_breadcrumb":"<div class=\"aioseo-breadcrumbs\"><span class=\"aioseo-breadcrumb\">\n\t<a href=\"https:\/\/soymigrante.com\/revista\" title=\"Home\">Home<\/a>\n<\/span><span class=\"aioseo-breadcrumb-separator\">\u00bb<\/span><span class=\"aioseo-breadcrumb\">\n\t<a href=\"https:\/\/soymigrante.com\/revista\/category\/bienestar\/\" title=\"Bienestar\">Bienestar<\/a>\n<\/span><span class=\"aioseo-breadcrumb-separator\">\u00bb<\/span><span class=\"aioseo-breadcrumb\">\n\t\u00bfTiene ventajas leer libros en papel en tiempos digitales?\n<\/span><\/div>","aioseo_breadcrumb_json":[{"label":"Home","link":"https:\/\/soymigrante.com\/revista"},{"label":"Bienestar","link":"https:\/\/soymigrante.com\/revista\/category\/bienestar\/"},{"label":"\u00bfTiene ventajas leer libros en papel en tiempos digitales?","link":"https:\/\/soymigrante.com\/revista\/tiene-ventajas-leer-libros-en-papel-en-tiempos-digitales\/"}],"_links":{"self":[{"href":"https:\/\/soymigrante.com\/revista\/wp-json\/wp\/v2\/posts\/47194","targetHints":{"allow":["GET"]}}],"collection":[{"href":"https:\/\/soymigrante.com\/revista\/wp-json\/wp\/v2\/posts"}],"about":[{"href":"https:\/\/soymigrante.com\/revista\/wp-json\/wp\/v2\/types\/post"}],"author":[{"embeddable":true,"href":"https:\/\/soymigrante.com\/revista\/wp-json\/wp\/v2\/users\/7"}],"replies":[{"embeddable":true,"href":"https:\/\/soymigrante.com\/revista\/wp-json\/wp\/v2\/comments?post=47194"}],"version-history":[{"count":7,"href":"https:\/\/soymigrante.com\/revista\/wp-json\/wp\/v2\/posts\/47194\/revisions"}],"predecessor-version":[{"id":50928,"href":"https:\/\/soymigrante.com\/revista\/wp-json\/wp\/v2\/posts\/47194\/revisions\/50928"}],"wp:featuredmedia":[{"embeddable":true,"href":"https:\/\/soymigrante.com\/revista\/wp-json\/wp\/v2\/media\/47195"}],"wp:attachment":[{"href":"https:\/\/soymigrante.com\/revista\/wp-json\/wp\/v2\/media?parent=47194"}],"wp:term":[{"taxonomy":"category","embeddable":true,"href":"https:\/\/soymigrante.com\/revista\/wp-json\/wp\/v2\/categories?post=47194"},{"taxonomy":"post_tag","embeddable":true,"href":"https:\/\/soymigrante.com\/revista\/wp-json\/wp\/v2\/tags?post=47194"}],"curies":[{"name":"wp","href":"https:\/\/api.w.org\/{rel}","templated":true}]}}