{"id":47152,"date":"2025-10-13T09:47:22","date_gmt":"2025-10-13T15:47:22","guid":{"rendered":"https:\/\/soymigrante.com\/revista\/?p=47152"},"modified":"2025-10-14T11:09:20","modified_gmt":"2025-10-14T17:09:20","slug":"homenaje-postumo-a-guatemaltecos-que-integraron-ejercito-de-canada-el-19-de-octubre","status":"publish","type":"post","link":"https:\/\/soymigrante.com\/revista\/homenaje-postumo-a-guatemaltecos-que-integraron-ejercito-de-canada-el-19-de-octubre\/","title":{"rendered":"Homenaje p\u00f3stumo a guatemaltecos que integraron ej\u00e9rcito de  Canad\u00e1, el 19 de octubre"},"content":{"rendered":"\t\t<div data-elementor-type=\"wp-post\" data-elementor-id=\"47152\" class=\"elementor elementor-47152\" data-elementor-post-type=\"post\">\n\t\t\t\t<div data-particle_enable=\"false\" data-particle-mobile-disabled=\"false\" class=\"elementor-element elementor-element-57287f9 e-flex e-con-boxed e-con e-parent\" data-id=\"57287f9\" data-element_type=\"container\" data-e-type=\"container\">\n\t\t\t\t\t<div class=\"e-con-inner\">\n\t\t\t\t<div class=\"elementor-element elementor-element-32ab833 elementor-widget elementor-widget-heading\" data-id=\"32ab833\" data-element_type=\"widget\" data-e-type=\"widget\" data-widget_type=\"heading.default\">\n\t\t\t\t\t<h2 class=\"elementor-heading-title elementor-size-default\">Rey Garc\u00eda-Salas, capit\u00e1n en el ej\u00e9rcito de Canad\u00e1, de origen guatemalteco, investig\u00f3 sobre compatriotas que han integrado dichas fuerzas armadas y por eso se rendir\u00e1 un homenaje p\u00f3stumo el 19 de octubre de 2025.<\/h2>\t\t\t\t<\/div>\n\t\t\t\t<div class=\"elementor-element elementor-element-31d34a7 elementor-widget elementor-widget-html\" data-id=\"31d34a7\" data-element_type=\"widget\" data-e-type=\"widget\" data-widget_type=\"html.default\">\n\t\t\t\t\t<div id=\"buzzsprout-player-18006238\"><\/div><script src=\"https:\/\/www.buzzsprout.com\/2444168\/episodes\/18006238-heroes-guatemaltecos-en-el-ejercito-canadiensse.js?container_id=buzzsprout-player-18006238&player=small\" type=\"text\/javascript\" charset=\"utf-8\"><\/script>\t\t\t\t<\/div>\n\t\t\t\t\t<\/div>\n\t\t\t\t<\/div>\n\t\t<div data-particle_enable=\"false\" data-particle-mobile-disabled=\"false\" class=\"elementor-element elementor-element-17bd72a e-flex e-con-boxed e-con e-parent\" data-id=\"17bd72a\" data-element_type=\"container\" data-e-type=\"container\">\n\t\t\t\t\t<div class=\"e-con-inner\">\n\t\t\t\t<div class=\"elementor-element elementor-element-66f1dd0 elementor-widget elementor-widget-text-editor\" data-id=\"66f1dd0\" data-element_type=\"widget\" data-e-type=\"widget\" data-widget_type=\"text-editor.default\">\n\t\t\t\t\t\t\t\t\t<p><a href=\"https:\/\/soymigrante.com\/revista\/guatemalteco-rey-garcia-salas-capitan-del-ejercito-canadiense-los-migrantes-aportamos-mucho\/\">El capit\u00e1n Rey Garc\u00eda-Salas, originario de Guatemala e integrante de las Fuerzas Armadas de Canad\u00e1<\/a>, se propuso rescatar del olvido una historia que casi nadie conoc\u00eda: la de los latinoamericanos que sirvieron en el ej\u00e9rcito canadiense durante las guerras mundiales.&nbsp;<\/p>\n<p>Su investigaci\u00f3n, que ya lleva m\u00e1s de una d\u00e9cada, ha revelado que al menos 200 hombres de origen latinoamericano \u2014entre ellos cuatro guatemaltecos\u2014 participaron en los frentes de batalla de Europa, \u00c1frica y el Pac\u00edfico, incluso durante la I y II Guerra Mundiales, bajo la bandera de Canad\u00e1.<\/p>\n<p>\u201cGuatemaltecos y latinoamericanos se ofrecieron voluntariamente, movidos por la generosidad, la valent\u00eda y el deseo de defender los ideales de libertad, no solo de Canad\u00e1, sino del mundo entero\u201d, explica <a href=\"https:\/\/soymigrante.com\/revista\/guatemalteco-rey-garcia-salas-capitan-del-ejercito-canadiense-los-migrantes-aportamos-mucho\/\">el capit\u00e1n Garc\u00eda-Salas<\/a>, quien agrega que la inclusi\u00f3n y la diversidad del ej\u00e9rcito canadiense no son un fen\u00f3meno reciente, sino que comenzaron hace m\u00e1s de un siglo, cuando se acept\u00f3 a hispanoamericanos en la Primera Guerra Mundial.<\/p>\n<p>Ya se han efectuado ceremonias en honor a soldados de otras naciones latinoamericanas. Es el turno de los connacionales. El homenaje p\u00f3stumo a soldados guatemalteco-canadienses ser\u00e1 el 19 de octubre de 2025 en el Cementerio Militar Nacional de Ottawa, la capital de Canad\u00e1. Habr\u00e1 representaci\u00f3n de la Embajada de Guatemala.<\/p>\t\t\t\t\t\t\t\t<\/div>\n\t\t\t\t\t<\/div>\n\t\t\t\t<\/div>\n\t\t<div data-particle_enable=\"false\" data-particle-mobile-disabled=\"false\" class=\"elementor-element elementor-element-1c15550 e-flex e-con-boxed e-con e-parent\" data-id=\"1c15550\" data-element_type=\"container\" data-e-type=\"container\">\n\t\t\t\t\t<div class=\"e-con-inner\">\n\t\t\t\t<div class=\"elementor-element elementor-element-ece2019 elementor-widget elementor-widget-image\" data-id=\"ece2019\" data-element_type=\"widget\" data-e-type=\"widget\" data-widget_type=\"image.default\">\n\t\t\t\t\t\t\t\t\t\t\t\t<figure class=\"wp-caption\">\n\t\t\t\t\t\t\t\t\t\t<img fetchpriority=\"high\" decoding=\"async\" width=\"432\" height=\"495\" src=\"https:\/\/soymigrante.com\/revista\/wp-content\/uploads\/2025\/10\/fernandez.jpg\" class=\"attachment-large size-large wp-image-47157\" alt=\"Mario Ren\u00e9 Fern\u00e1ndez de Le\u00f3n aparece junto a otros pilotos de la Fuerza A\u00e9rea Canadiense, aproximadamente en el a\u00f1o 1942. (Foto investigaci\u00f3n Rey Garc\u00eda-Salas, capit\u00e1n del ej\u00e9rcito canadiense de origen guatemalteco)\" srcset=\"https:\/\/soymigrante.com\/revista\/wp-content\/uploads\/2025\/10\/fernandez.jpg 432w, https:\/\/soymigrante.com\/revista\/wp-content\/uploads\/2025\/10\/fernandez-262x300.jpg 262w\" sizes=\"(max-width: 432px) 100vw, 432px\" title=\"Mario Ren\u00e9 Fern\u00e1ndez de Le\u00f3n aparece junto a otros pilotos de la Fuerza A\u00e9rea Canadiense, aproximadamente en el a\u00f1o 1942. (Foto investigaci\u00f3n Rey Garc\u00eda-Salas, capit\u00e1n del ej\u00e9rcito canadiense de origen guatemalteco) \u2013 SoyMigrante.com REVISTA\" \/>\t\t\t\t\t\t\t\t\t\t\t<figcaption class=\"widget-image-caption wp-caption-text\">Mario Ren\u00e9 Fern\u00e1ndez de Le\u00f3n aparece junto a otros pilotos de la Fuerza A\u00e9rea Canadiense, aproximadamente en el a\u00f1o 1942. (Foto investigaci\u00f3n Rey Garc\u00eda-Salas, capit\u00e1n del ej\u00e9rcito canadiense de origen guatemalteco)<\/figcaption>\n\t\t\t\t\t\t\t\t\t\t<\/figure>\n\t\t\t\t\t\t\t\t\t<\/div>\n\t\t\t\t\t<\/div>\n\t\t\t\t<\/div>\n\t\t<div data-particle_enable=\"false\" data-particle-mobile-disabled=\"false\" class=\"elementor-element elementor-element-e94e39a e-flex e-con-boxed e-con e-parent\" data-id=\"e94e39a\" data-element_type=\"container\" data-e-type=\"container\">\n\t\t\t\t\t<div class=\"e-con-inner\">\n\t\t\t\t<div class=\"elementor-element elementor-element-4b46361 elementor-widget elementor-widget-heading\" data-id=\"4b46361\" data-element_type=\"widget\" data-e-type=\"widget\" data-widget_type=\"heading.default\">\n\t\t\t\t\t<h3 class=\"elementor-heading-title elementor-size-default\">Mario Alfredo Fern\u00e1ndez de Le\u00f3n (1917-1944) muri\u00f3 en combate a\u00e9reo<\/h3>\t\t\t\t<\/div>\n\t\t\t\t\t<\/div>\n\t\t\t\t<\/div>\n\t\t<div data-particle_enable=\"false\" data-particle-mobile-disabled=\"false\" class=\"elementor-element elementor-element-4267425 e-flex e-con-boxed e-con e-parent\" data-id=\"4267425\" data-element_type=\"container\" data-e-type=\"container\">\n\t\t\t\t\t<div class=\"e-con-inner\">\n\t\t\t\t<div class=\"elementor-element elementor-element-c3d0dff elementor-widget elementor-widget-text-editor\" data-id=\"c3d0dff\" data-element_type=\"widget\" data-e-type=\"widget\" data-widget_type=\"text-editor.default\">\n\t\t\t\t\t\t\t\t\t<p>Nacido en Ciudad de Guatemala en 1917, Mario Alfredo Fern\u00e1ndez de Le\u00f3n fue uno de los primeros guatemaltecos en enrolarse en la Real Fuerza A\u00e9rea Canadiense (RCAF). Se uni\u00f3 al ej\u00e9rcito en Vancouver en 1941, a los 24 a\u00f1os, y destac\u00f3 por su<a href=\"https:\/\/soymigrante.com\/revista\/objetivos-clave-2025-aprender-ingles-rompera-barreras-y-transformara-tu-vida-en-usa\/\"> dominio del ingl\u00e9s y el espa\u00f1ol,<\/a> lo que le permiti\u00f3 servir como int\u00e9rprete antes de ser asignado como aviador.<\/p>\n<p>El 25 de mayo de 1944, su avi\u00f3n fue derribado durante una misi\u00f3n sobre Aquisgr\u00e1n, Alemania. Ten\u00eda 27 a\u00f1os. Por su servicio recibi\u00f3 p\u00f3stumamente las medallas 1939-45 Star, Air Crew Europe Star, Defence Medal, General Service Medal y la Canadian Volunteer Service Medal, adem\u00e1s de las alas operativas de la RCAF. Su nombre figura en el Canadian Virtual War Memorial.<\/p>\t\t\t\t\t\t\t\t<\/div>\n\t\t\t\t\t<\/div>\n\t\t\t\t<\/div>\n\t\t<div data-particle_enable=\"false\" data-particle-mobile-disabled=\"false\" class=\"elementor-element elementor-element-5540b90 e-flex e-con-boxed e-con e-parent\" data-id=\"5540b90\" data-element_type=\"container\" data-e-type=\"container\">\n\t\t\t\t\t<div class=\"e-con-inner\">\n\t\t\t\t<div class=\"elementor-element elementor-element-40ef396 elementor-widget elementor-widget-image\" data-id=\"40ef396\" data-element_type=\"widget\" data-e-type=\"widget\" data-widget_type=\"image.default\">\n\t\t\t\t\t\t\t\t\t\t\t\t<figure class=\"wp-caption\">\n\t\t\t\t\t\t\t\t\t\t<img decoding=\"async\" width=\"715\" height=\"717\" src=\"https:\/\/soymigrante.com\/revista\/wp-content\/uploads\/2025\/10\/JOHN-gordon-smith.jpg\" class=\"attachment-large size-large wp-image-47158\" alt=\"John Gordon Smith, nacido en Guatemala, de padres ingleses, fue condecorado por sus exitosas misiones durante la II Guerra Mundial.\" srcset=\"https:\/\/soymigrante.com\/revista\/wp-content\/uploads\/2025\/10\/JOHN-gordon-smith.jpg 715w, https:\/\/soymigrante.com\/revista\/wp-content\/uploads\/2025\/10\/JOHN-gordon-smith-300x300.jpg 300w, https:\/\/soymigrante.com\/revista\/wp-content\/uploads\/2025\/10\/JOHN-gordon-smith-150x150.jpg 150w, https:\/\/soymigrante.com\/revista\/wp-content\/uploads\/2025\/10\/JOHN-gordon-smith-75x75.jpg 75w\" sizes=\"(max-width: 715px) 100vw, 715px\" title=\"John Gordon Smith, nacido en Guatemala, de padres ingleses, fue condecorado por sus exitosas misiones durante la II Guerra Mundial. \u2013 SoyMigrante.com REVISTA\" \/>\t\t\t\t\t\t\t\t\t\t\t<figcaption class=\"widget-image-caption wp-caption-text\">John Gordon Smith, nacido en Guatemala, de padres ingleses, fue condecorado por sus exitosas misiones durante la II Guerra Mundial.<\/figcaption>\n\t\t\t\t\t\t\t\t\t\t<\/figure>\n\t\t\t\t\t\t\t\t\t<\/div>\n\t\t\t\t\t<\/div>\n\t\t\t\t<\/div>\n\t\t<div data-particle_enable=\"false\" data-particle-mobile-disabled=\"false\" class=\"elementor-element elementor-element-7cf6a24 e-flex e-con-boxed e-con e-parent\" data-id=\"7cf6a24\" data-element_type=\"container\" data-e-type=\"container\">\n\t\t\t\t\t<div class=\"e-con-inner\">\n\t\t\t\t<div class=\"elementor-element elementor-element-66c81d6 elementor-widget elementor-widget-heading\" data-id=\"66c81d6\" data-element_type=\"widget\" data-e-type=\"widget\" data-widget_type=\"heading.default\">\n\t\t\t\t\t<h3 class=\"elementor-heading-title elementor-size-default\">John Gordon Smith (1917-2003) efectu\u00f3 25 misiones y fue prisionero de los nazis<\/h3>\t\t\t\t<\/div>\n\t\t\t\t\t<\/div>\n\t\t\t\t<\/div>\n\t\t<div data-particle_enable=\"false\" data-particle-mobile-disabled=\"false\" class=\"elementor-element elementor-element-840944c e-flex e-con-boxed e-con e-parent\" data-id=\"840944c\" data-element_type=\"container\" data-e-type=\"container\">\n\t\t\t\t\t<div class=\"e-con-inner\">\n\t\t\t\t<div class=\"elementor-element elementor-element-be3c3ab elementor-widget elementor-widget-text-editor\" data-id=\"be3c3ab\" data-element_type=\"widget\" data-e-type=\"widget\" data-widget_type=\"text-editor.default\">\n\t\t\t\t\t\t\t\t\t<p>Hijo de una familia cafetalera, John Gordon Smith naci\u00f3 en Inglaterra en 1917, pero creci\u00f3 en Guatemala. A inicios de la Segunda Guerra Mundial viaj\u00f3 desde su <a href=\"https:\/\/soymigrante.com\/revista\/cafe-de-guatemala-preguntas-y-respuestas\/\">finca de caf\u00e9<\/a> en la costa del Pac\u00edfico guatemalteco hacia <a href=\"https:\/\/soymigrante.com\/revista\/en-imagenes-barriletes-de-sumpango-en-museo-de-los-ninos-y-residencia-del-alcalde-de-ny\/\">Nueva York,<\/a> junto con sus amigos Denis Koester y Robert Hempstead, para ofrecerse como voluntario.<\/p><p>Al no poder ingresar de inmediato en la Real Fuerza A\u00e9rea Brit\u00e1nica, se alist\u00f3 en la Real Fuerza A\u00e9rea Canadiense. Comand\u00f3 un bombardero Stirling y vol\u00f3 25 misiones de combate sobre Alemania. En septiembre de 1942, su avi\u00f3n fue derribado sobre Holanda y pas\u00f3 el resto de la guerra como prisionero en el campo Stalag Luft III, el mismo de la c\u00e9lebre \u201cGran Evasi\u00f3n\u201d.<\/p><p>Tras su liberaci\u00f3n, Smith regres\u00f3 a Guatemala, donde impuls\u00f3 proyectos agr\u00edcolas y fund\u00f3 la organizaci\u00f3n de salud rural Agrosalud. Muri\u00f3 en 2003, dejando un legado de servicio tanto en el aire como en su pa\u00eds natal.<\/p>\t\t\t\t\t\t\t\t<\/div>\n\t\t\t\t\t<\/div>\n\t\t\t\t<\/div>\n\t\t<div data-particle_enable=\"false\" data-particle-mobile-disabled=\"false\" class=\"elementor-element elementor-element-a43e1a5 e-flex e-con-boxed e-con e-parent\" data-id=\"a43e1a5\" data-element_type=\"container\" data-e-type=\"container\">\n\t\t\t\t\t<div class=\"e-con-inner\">\n\t\t\t\t<div class=\"elementor-element elementor-element-35c874b elementor-widget elementor-widget-image\" data-id=\"35c874b\" data-element_type=\"widget\" data-e-type=\"widget\" data-widget_type=\"image.default\">\n\t\t\t\t\t\t\t\t\t\t\t\t<figure class=\"wp-caption\">\n\t\t\t\t\t\t\t\t\t\t<img decoding=\"async\" width=\"438\" height=\"636\" src=\"https:\/\/soymigrante.com\/revista\/wp-content\/uploads\/2025\/10\/DENIS-1943.jpg\" class=\"attachment-large size-large wp-image-47159\" alt=\"George Dennis Scott Koester era originario de Alta Verapaz y de hecho regres\u00f3 all\u00ed despu\u00e9s de la II Guerra Mundial, en donde se dedic\u00f3 al comercio de caf\u00e9. Una escuela de Senah\u00fa, Alta Verapaz, lleva su nombre. Foto de 1943. (Imagen de la investigaci\u00f3n del capit\u00e1n Rey Garc\u00eda-Salas)\" srcset=\"https:\/\/soymigrante.com\/revista\/wp-content\/uploads\/2025\/10\/DENIS-1943.jpg 438w, https:\/\/soymigrante.com\/revista\/wp-content\/uploads\/2025\/10\/DENIS-1943-207x300.jpg 207w\" sizes=\"(max-width: 438px) 100vw, 438px\" title=\"George Dennis Scott Koester era originario de Alta Verapaz y de hecho regres\u00f3 all\u00ed despu\u00e9s de la II Guerra Mundial, en donde se dedic\u00f3 al comercio de caf\u00e9. Una escuela de Senah\u00fa, Alta Verapaz, lleva su nombre. Foto de 1943. (Imagen de la investigaci\u00f3n del capit\u00e1n Rey Garc\u00eda-Salas) \u2013 SoyMigrante.com REVISTA\" \/>\t\t\t\t\t\t\t\t\t\t\t<figcaption class=\"widget-image-caption wp-caption-text\">George Dennis Scott Koester era originario de Alta Verapaz y de hecho regres\u00f3 all\u00ed despu\u00e9s de la II Guerra Mundial, en donde se dedic\u00f3 al comercio de caf\u00e9. Una escuela de Senah\u00fa, Alta Verapaz, lleva su nombre. Foto de 1943. (Imagen de la investigaci\u00f3n del capit\u00e1n Rey Garc\u00eda-Salas)<\/figcaption>\n\t\t\t\t\t\t\t\t\t\t<\/figure>\n\t\t\t\t\t\t\t\t\t<\/div>\n\t\t\t\t\t<\/div>\n\t\t\t\t<\/div>\n\t\t<div data-particle_enable=\"false\" data-particle-mobile-disabled=\"false\" class=\"elementor-element elementor-element-3ad304b e-flex e-con-boxed e-con e-parent\" data-id=\"3ad304b\" data-element_type=\"container\" data-e-type=\"container\">\n\t\t\t\t\t<div class=\"e-con-inner\">\n\t\t\t\t<div class=\"elementor-element elementor-element-9ac9f51 elementor-widget elementor-widget-heading\" data-id=\"9ac9f51\" data-element_type=\"widget\" data-e-type=\"widget\" data-widget_type=\"heading.default\">\n\t\t\t\t\t<h3 class=\"elementor-heading-title elementor-size-default\">George Dennis Scott Koester, navegante a\u00e9reo  (1913-)<\/h3>\t\t\t\t<\/div>\n\t\t\t\t\t<\/div>\n\t\t\t\t<\/div>\n\t\t<div data-particle_enable=\"false\" data-particle-mobile-disabled=\"false\" class=\"elementor-element elementor-element-8ac10ff e-flex e-con-boxed e-con e-parent\" data-id=\"8ac10ff\" data-element_type=\"container\" data-e-type=\"container\">\n\t\t\t\t\t<div class=\"e-con-inner\">\n\t\t\t\t<div class=\"elementor-element elementor-element-8bf8b34 elementor-widget elementor-widget-text-editor\" data-id=\"8bf8b34\" data-element_type=\"widget\" data-e-type=\"widget\" data-widget_type=\"text-editor.default\">\n\t\t\t\t\t\t\t\t\t<p>Nacido en Guatemala en 1913, George Denis Scott Koester se uni\u00f3 al ej\u00e9rcito canadiense en 1940 y fue asignado como navegante en los escuadrones 109 y 105 de la Real Fuerza A\u00e9rea Brit\u00e1nica, unidades de \u00e9lite especializadas en misiones secretas con el sistema de precisi\u00f3n Oboe, usado para guiar bombardeos nocturnos.<\/p><p>Koester particip\u00f3 en decenas de operaciones sobre Europa y fue reconocido por su pericia y precisi\u00f3n en vuelo. En 1943 recibi\u00f3 la Distinguished Flying Cross, y en 1944 la Distinguished Service Order, una de las m\u00e1s altas distinciones otorgadas a oficiales aliados. Los reportes militares lo describen como \u201cun aviador de gran coraje, disciplina y determinaci\u00f3n, cuyo desempe\u00f1o fue decisivo en el \u00e9xito de numerosas misiones\u201d.<\/p><p>Koester sobrevivi\u00f3 a la guerra y fue repatriado a Canad\u00e1 en 1945. En Senah\u00fa <a href=\"https:\/\/soymigrante.com\/revista\/departamentos-de-guatemala-alta-verapaz-mosaico-cultural-y-natural\/\">Alta Verapaz<\/a> hay una escuela que lleva su nombre.<\/p>\t\t\t\t\t\t\t\t<\/div>\n\t\t\t\t\t<\/div>\n\t\t\t\t<\/div>\n\t\t<div data-particle_enable=\"false\" data-particle-mobile-disabled=\"false\" class=\"elementor-element elementor-element-10dd340 e-flex e-con-boxed e-con e-parent\" data-id=\"10dd340\" data-element_type=\"container\" data-e-type=\"container\">\n\t\t\t\t\t<div class=\"e-con-inner\">\n\t\t\t\t<div class=\"elementor-element elementor-element-847d264 elementor-widget elementor-widget-image\" data-id=\"847d264\" data-element_type=\"widget\" data-e-type=\"widget\" data-widget_type=\"image.default\">\n\t\t\t\t\t\t\t\t\t\t\t\t<figure class=\"wp-caption\">\n\t\t\t\t\t\t\t\t\t\t<img loading=\"lazy\" decoding=\"async\" width=\"825\" height=\"487\" src=\"https:\/\/soymigrante.com\/revista\/wp-content\/uploads\/2025\/10\/hempstead.png\" class=\"attachment-large size-large wp-image-47160\" alt=\"Robert Theodore Hempstead al momento de abordar su avi\u00f3n de combate en 1942. Falleci\u00f3 durante un choque a\u00e9reo en Egipto. (Imagen de la investigaci\u00f3n del capit\u00e1n Rey Garc\u00eda Salas)\" srcset=\"https:\/\/soymigrante.com\/revista\/wp-content\/uploads\/2025\/10\/hempstead.png 825w, https:\/\/soymigrante.com\/revista\/wp-content\/uploads\/2025\/10\/hempstead-300x177.png 300w, https:\/\/soymigrante.com\/revista\/wp-content\/uploads\/2025\/10\/hempstead-768x453.png 768w, https:\/\/soymigrante.com\/revista\/wp-content\/uploads\/2025\/10\/hempstead-750x443.png 750w\" sizes=\"(max-width: 825px) 100vw, 825px\" title=\"Robert Theodore Hempstead al momento de abordar su avi\u00f3n de combate en 1942.  Falleci\u00f3 durante un choque a\u00e9reo en Egipto. (Imagen de la investigaci\u00f3n del capit\u00e1n Rey Garc\u00eda Salas) \u2013 SoyMigrante.com REVISTA\" \/>\t\t\t\t\t\t\t\t\t\t\t<figcaption class=\"widget-image-caption wp-caption-text\">Robert Theodore Hempstead al momento de abordar su avi\u00f3n de combate en 1942.  Falleci\u00f3 durante un choque a\u00e9reo en Egipto. (Imagen de la investigaci\u00f3n del capit\u00e1n Rey Garc\u00eda Salas)<\/figcaption>\n\t\t\t\t\t\t\t\t\t\t<\/figure>\n\t\t\t\t\t\t\t\t\t<\/div>\n\t\t\t\t\t<\/div>\n\t\t\t\t<\/div>\n\t\t<div data-particle_enable=\"false\" data-particle-mobile-disabled=\"false\" class=\"elementor-element elementor-element-e56d2c8 e-flex e-con-boxed e-con e-parent\" data-id=\"e56d2c8\" data-element_type=\"container\" data-e-type=\"container\">\n\t\t\t\t\t<div class=\"e-con-inner\">\n\t\t\t\t<div class=\"elementor-element elementor-element-92df12c elementor-widget elementor-widget-heading\" data-id=\"92df12c\" data-element_type=\"widget\" data-e-type=\"widget\" data-widget_type=\"heading.default\">\n\t\t\t\t\t<h3 class=\"elementor-heading-title elementor-size-default\">Robert Theodore Hempstead pilote\u00f3 bombarderos y muri\u00f3 en Egipto<\/h3>\t\t\t\t<\/div>\n\t\t\t\t\t<\/div>\n\t\t\t\t<\/div>\n\t\t<div data-particle_enable=\"false\" data-particle-mobile-disabled=\"false\" class=\"elementor-element elementor-element-748f29a e-flex e-con-boxed e-con e-parent\" data-id=\"748f29a\" data-element_type=\"container\" data-e-type=\"container\">\n\t\t\t\t\t<div class=\"e-con-inner\">\n\t\t\t\t<div class=\"elementor-element elementor-element-5213ca4 elementor-widget elementor-widget-text-editor\" data-id=\"5213ca4\" data-element_type=\"widget\" data-e-type=\"widget\" data-widget_type=\"text-editor.default\">\n\t\t\t\t\t\t\t\t\t<p>Nacido en Cob\u00e1n, Alta Verapaz, el 25 de mayo de 1912, Robert Theodore Hempstead proven\u00eda de una familia pionera en la caficultura guatemalteca. Tras estudiar en Estados Unidos, regres\u00f3 al pa\u00eds para administrar las fincas familiares. Al estallar la guerra, viaj\u00f3 junto a sus amigos Smith y Koester a ofrecerse como voluntario en el consulado brit\u00e1nico de <a href=\"https:\/\/soymigrante.com\/revista\/en-imagenes-barriletes-de-sumpango-en-museo-de-los-ninos-y-residencia-del-alcalde-de-ny\/\">Nueva York<\/a>, pero finalmente fue aceptado en Canad\u00e1.<\/p><p>En 1942 fue asignado al legendario Escuadr\u00f3n 92 (East India) de la Real Fuerza A\u00e9rea, que combati\u00f3 en Egipto. All\u00ed, pilot\u00f3 Spitfires y Hurricanes durante la campa\u00f1a del Norte de \u00c1frica. Su escuadr\u00f3n particip\u00f3 en la Batalla de Alam el Halfa y en la defensa de El Alamein, que marc\u00f3 el inicio del fin del avance nazi en \u00c1frica.<\/p><p>El 19 de octubre de 1942, Hempstead muri\u00f3 tr\u00e1gicamente en una colisi\u00f3n a\u00e9rea durante una misi\u00f3n. Ten\u00eda 30 a\u00f1os. Sus restos descansan en el Cementerio de Guerra de El Alamein, Egipto.<\/p>\t\t\t\t\t\t\t\t<\/div>\n\t\t\t\t\t<\/div>\n\t\t\t\t<\/div>\n\t\t<div data-particle_enable=\"false\" data-particle-mobile-disabled=\"false\" class=\"elementor-element elementor-element-6041593 e-flex e-con-boxed e-con e-parent\" data-id=\"6041593\" data-element_type=\"container\" data-e-type=\"container\">\n\t\t\t\t\t<div class=\"e-con-inner\">\n\t\t\t\t<div class=\"elementor-element elementor-element-40879fe elementor-widget elementor-widget-image\" data-id=\"40879fe\" data-element_type=\"widget\" data-e-type=\"widget\" data-widget_type=\"image.default\">\n\t\t\t\t\t\t\t\t\t\t\t\t<figure class=\"wp-caption\">\n\t\t\t\t\t\t\t\t\t\t\t<a href=\"https:\/\/www.facebook.com\/latinsoldierscanada\">\n\t\t\t\t\t\t\t<img loading=\"lazy\" decoding=\"async\" width=\"819\" height=\"1024\" src=\"https:\/\/soymigrante.com\/revista\/wp-content\/uploads\/2025\/10\/invitacion-homenaje-819x1024.jpg\" class=\"attachment-large size-large wp-image-47161\" alt=\"El pr\u00f3ximo 19 de octubre de 2025 ser\u00e1 la ceremonia p\u00f3stuma de homenaje a los guatemaltecos que se enlistaron en el ej\u00e9rcito de Canad\u00e1 durante la II Guerra Mundial.\" srcset=\"https:\/\/soymigrante.com\/revista\/wp-content\/uploads\/2025\/10\/invitacion-homenaje-819x1024.jpg 819w, https:\/\/soymigrante.com\/revista\/wp-content\/uploads\/2025\/10\/invitacion-homenaje-240x300.jpg 240w, https:\/\/soymigrante.com\/revista\/wp-content\/uploads\/2025\/10\/invitacion-homenaje-768x960.jpg 768w, https:\/\/soymigrante.com\/revista\/wp-content\/uploads\/2025\/10\/invitacion-homenaje-750x938.jpg 750w, https:\/\/soymigrante.com\/revista\/wp-content\/uploads\/2025\/10\/invitacion-homenaje.jpg 1080w\" sizes=\"(max-width: 819px) 100vw, 819px\" title=\"El pr\u00f3ximo 19 de octubre de 2025 ser\u00e1 la ceremonia p\u00f3stuma de homenaje a los guatemaltecos que se enlistaron en el ej\u00e9rcito de Canad\u00e1 durante la II Guerra Mundial. \u2013 SoyMigrante.com REVISTA\" \/>\t\t\t\t\t\t\t\t<\/a>\n\t\t\t\t\t\t\t\t\t\t\t<figcaption class=\"widget-image-caption wp-caption-text\">El pr\u00f3ximo 19 de octubre de 2025 ser\u00e1 la ceremonia p\u00f3stuma de homenaje a los guatemaltecos que se enlistaron en el ej\u00e9rcito de Canad\u00e1 durante la II Guerra Mundial. <\/figcaption>\n\t\t\t\t\t\t\t\t\t\t<\/figure>\n\t\t\t\t\t\t\t\t\t<\/div>\n\t\t\t\t\t<\/div>\n\t\t\t\t<\/div>\n\t\t<div data-particle_enable=\"false\" data-particle-mobile-disabled=\"false\" class=\"elementor-element elementor-element-6bd83ba e-flex e-con-boxed e-con e-parent\" data-id=\"6bd83ba\" data-element_type=\"container\" data-e-type=\"container\">\n\t\t\t\t\t<div class=\"e-con-inner\">\n\t\t\t\t<div class=\"elementor-element elementor-element-54e8bf4 elementor-widget elementor-widget-heading\" data-id=\"54e8bf4\" data-element_type=\"widget\" data-e-type=\"widget\" data-widget_type=\"heading.default\">\n\t\t\t\t\t<h3 class=\"elementor-heading-title elementor-size-default\">Convicci\u00f3n de Rey Garc\u00eda-Salas por resaltar el aporte guatemalteco y latinoamericano en Canad\u00e1<\/h3>\t\t\t\t<\/div>\n\t\t\t\t\t<\/div>\n\t\t\t\t<\/div>\n\t\t<div data-particle_enable=\"false\" data-particle-mobile-disabled=\"false\" class=\"elementor-element elementor-element-b0716ca e-flex e-con-boxed e-con e-parent\" data-id=\"b0716ca\" data-element_type=\"container\" data-e-type=\"container\">\n\t\t\t\t\t<div class=\"e-con-inner\">\n\t\t\t\t<div class=\"elementor-element elementor-element-5497d31 elementor-widget elementor-widget-text-editor\" data-id=\"5497d31\" data-element_type=\"widget\" data-e-type=\"widget\" data-widget_type=\"text-editor.default\">\n\t\t\t\t\t\t\t\t\t<p>Para el capit\u00e1n Rey Garc\u00eda-Salas, reconocer la historia de estos soldados guatemaltecos y latinoamericanos es un acto de justicia hist\u00f3rica. Para ello se integr\u00f3 un <a href=\"https:\/\/www.facebook.com\/latinsoldierscanada\">comit\u00e9 latinoamericano que impulsa la dignificaci\u00f3n e investigaci\u00f3n\u00a0 hist\u00f3rica sobre sus aportes.<\/a><\/p><p>\u00a0\u201cMuchos de ellos compart\u00edan ra\u00edces, cultura e incluso v\u00ednculos con los pueblos originarios del continente. Su sacrificio nos recuerda que la libertad que hoy disfrutamos se forj\u00f3 con sangre de muchos or\u00edgenes\u201d, afirma.<\/p><p>Su investigaci\u00f3n, durante m\u00e1s de 9 a\u00f1os, busca integrar estos nombres en los archivos oficiales del ej\u00e9rcito canadiense y, sobre todo, en la memoria colectiva de Am\u00e9rica Latina. \u201cSon h\u00e9roes invisibles \u2014dice\u2014. Y es hora de que sus historias vuelen de nuevo.\u201d<\/p><p><a href=\"https:\/\/beechwoodottawa.ca\/sites\/default\/files\/2023-03\/Latin%20American%20Soldiers%20in%20canada%20Remembrance%20Book%20Vol%20I_web.pdf\">Si quieres leer la investigaci\u00f3n completa del capit\u00e1n Rey Garc\u00eda-Salas, sobre latinoamericanos en las Fuerzas Armadas de Canad\u00e1, clic aqu\u00ed. Los guatemaltecos est\u00e1n a partir de la p\u00e1gina 66.<\/a><\/p>\t\t\t\t\t\t\t\t<\/div>\n\t\t\t\t\t<\/div>\n\t\t\t\t<\/div>\n\t\t<div data-particle_enable=\"false\" data-particle-mobile-disabled=\"false\" class=\"elementor-element elementor-element-4d558b9 e-flex e-con-boxed e-con e-parent\" data-id=\"4d558b9\" data-element_type=\"container\" data-e-type=\"container\">\n\t\t\t\t\t<div class=\"e-con-inner\">\n\t\t\t\t<div class=\"elementor-element elementor-element-c748d50 elementor-widget elementor-widget-image-gallery\" data-id=\"c748d50\" data-element_type=\"widget\" data-e-type=\"widget\" data-widget_type=\"image-gallery.default\">\n\t\t\t\t\t\t\t<div class=\"elementor-image-gallery\">\n\t\t\t<div id='gallery-18' class='gallery galleryid-47152 gallery-columns-1 gallery-size-large'><figure class='gallery-item'>\n\t\t\t<div class='gallery-icon portrait'>\n\t\t\t\t<a data-elementor-open-lightbox=\"yes\" data-elementor-lightbox-slideshow=\"c748d50\" data-elementor-lightbox-title=\"Portada del libro de remembranza de soldados latinoamericanos en el Ej\u00e9rcito de Canad\u00e1, por Rey Garc\u00eda-Salas, capit\u00e1n en las fuerzas armadas canadienses.\" data-elementor-lightbox-description=\"Portada del libro de remembranza de soldados latinoamericanos en el Ej\u00e9rcito de Canad\u00e1, por Rey Garc\u00eda-Salas, capit\u00e1n en las fuerzas armadas canadienses.\" data-e-action-hash=\"#elementor-action%3Aaction%3Dlightbox%26settings%3DeyJpZCI6NDcxNjksInVybCI6Imh0dHBzOlwvXC9zb3ltaWdyYW50ZS5jb21cL3JldmlzdGFcL3dwLWNvbnRlbnRcL3VwbG9hZHNcLzIwMjVcLzEwXC9ndWF0ZW1hbHRlY29zLWVuLWVqZXJjaXRvLWNhbmFkYS02LnBuZyIsInNsaWRlc2hvdyI6ImM3NDhkNTAifQ%3D%3D\" href='https:\/\/soymigrante.com\/revista\/wp-content\/uploads\/2025\/10\/guatemaltecos-en-ejercito-canada-6.png'><img loading=\"lazy\" decoding=\"async\" width=\"756\" height=\"899\" src=\"https:\/\/soymigrante.com\/revista\/wp-content\/uploads\/2025\/10\/guatemaltecos-en-ejercito-canada-6.png\" class=\"attachment-large size-large\" alt=\"Portada del libro de remembranza de soldados latinoamericanos en el Ej\u00e9rcito de Canad\u00e1, por Rey Garc\u00eda-Salas, capit\u00e1n en las fuerzas armadas canadienses.\" aria-describedby=\"gallery-18-47169\" srcset=\"https:\/\/soymigrante.com\/revista\/wp-content\/uploads\/2025\/10\/guatemaltecos-en-ejercito-canada-6.png 756w, https:\/\/soymigrante.com\/revista\/wp-content\/uploads\/2025\/10\/guatemaltecos-en-ejercito-canada-6-252x300.png 252w, https:\/\/soymigrante.com\/revista\/wp-content\/uploads\/2025\/10\/guatemaltecos-en-ejercito-canada-6-750x892.png 750w\" sizes=\"(max-width: 756px) 100vw, 756px\" title=\"Portada del libro de remembranza de soldados latinoamericanos en el Ej\u00e9rcito de Canad\u00e1, por Rey Garc\u00eda-Salas, capit\u00e1n en las fuerzas armadas canadienses. \u2013 SoyMigrante.com REVISTA\" \/><\/a>\n\t\t\t<\/div>\n\t\t\t\t<figcaption class='wp-caption-text gallery-caption' id='gallery-18-47169'>\n\t\t\t\tPortada del libro de remembranza de soldados latinoamericanos en el Ej\u00e9rcito de Canad\u00e1, por Rey Garc\u00eda-Salas, capit\u00e1n en las fuerzas armadas canadienses.\n\t\t\t\t<\/figcaption><\/figure><figure class='gallery-item'>\n\t\t\t<div class='gallery-icon landscape'>\n\t\t\t\t<a data-elementor-open-lightbox=\"yes\" data-elementor-lightbox-slideshow=\"c748d50\" data-elementor-lightbox-title=\"Retrato en acuarela de Theodor Hempstead, piloto guatemalteco que se uni\u00f3 a las fuerzas armadas de Canad\u00e1 durante la II Guerra Mundial.\" data-elementor-lightbox-description=\"Retrato en acuarela de Theodor Hempstead, piloto guatemalteco que se uni\u00f3 a las fuerzas armadas de Canad\u00e1 durante la II Guerra Mundial.\" data-e-action-hash=\"#elementor-action%3Aaction%3Dlightbox%26settings%3DeyJpZCI6NDcxNjMsInVybCI6Imh0dHBzOlwvXC9zb3ltaWdyYW50ZS5jb21cL3JldmlzdGFcL3dwLWNvbnRlbnRcL3VwbG9hZHNcLzIwMjVcLzEwXC9ndWF0ZW1hbHRlY29zLWVuLWVqZXJjaXRvLWNhbmFkYS04LnBuZyIsInNsaWRlc2hvdyI6ImM3NDhkNTAifQ%3D%3D\" href='https:\/\/soymigrante.com\/revista\/wp-content\/uploads\/2025\/10\/guatemaltecos-en-ejercito-canada-8.png'><img loading=\"lazy\" decoding=\"async\" width=\"721\" height=\"511\" src=\"https:\/\/soymigrante.com\/revista\/wp-content\/uploads\/2025\/10\/guatemaltecos-en-ejercito-canada-8.png\" class=\"attachment-large size-large\" alt=\"Retrato en acuarela de Theodor Hempstead, piloto guatemalteco que se uni\u00f3 a las fuerzas armadas de Canad\u00e1 durante la II Guerra Mundial.\" aria-describedby=\"gallery-18-47163\" srcset=\"https:\/\/soymigrante.com\/revista\/wp-content\/uploads\/2025\/10\/guatemaltecos-en-ejercito-canada-8.png 721w, https:\/\/soymigrante.com\/revista\/wp-content\/uploads\/2025\/10\/guatemaltecos-en-ejercito-canada-8-300x213.png 300w, https:\/\/soymigrante.com\/revista\/wp-content\/uploads\/2025\/10\/guatemaltecos-en-ejercito-canada-8-120x86.png 120w\" sizes=\"(max-width: 721px) 100vw, 721px\" title=\"Retrato en acuarela de Theodor Hempstead, piloto guatemalteco que se uni\u00f3 a las fuerzas armadas de Canad\u00e1 durante la II Guerra Mundial. \u2013 SoyMigrante.com REVISTA\" \/><\/a>\n\t\t\t<\/div>\n\t\t\t\t<figcaption class='wp-caption-text gallery-caption' id='gallery-18-47163'>\n\t\t\t\tRetrato en acuarela de Theodor Hempstead, piloto guatemalteco que se uni\u00f3 a las fuerzas armadas de Canad\u00e1 durante la II Guerra Mundial.\n\t\t\t\t<\/figcaption><\/figure><figure class='gallery-item'>\n\t\t\t<div class='gallery-icon landscape'>\n\t\t\t\t<a data-elementor-open-lightbox=\"yes\" data-elementor-lightbox-slideshow=\"c748d50\" data-elementor-lightbox-title=\"L\u00e1pida de Theodor Hempstead en Egipto. Guatemalteco que perteneci\u00f3 a la Fuerza A\u00e9rea Canadiense.\" data-elementor-lightbox-description=\"L\u00e1pida de Theodor Hempstead en Egipto. Guatemalteco que perteneci\u00f3 a la Fuerza A\u00e9rea Canadiense.\" data-e-action-hash=\"#elementor-action%3Aaction%3Dlightbox%26settings%3DeyJpZCI6NDcxNjQsInVybCI6Imh0dHBzOlwvXC9zb3ltaWdyYW50ZS5jb21cL3JldmlzdGFcL3dwLWNvbnRlbnRcL3VwbG9hZHNcLzIwMjVcLzEwXC9ndWF0ZW1hbHRlY29zLWVuLWVqZXJjaXRvLWNhbmFkYS0xLnBuZyIsInNsaWRlc2hvdyI6ImM3NDhkNTAifQ%3D%3D\" href='https:\/\/soymigrante.com\/revista\/wp-content\/uploads\/2025\/10\/guatemaltecos-en-ejercito-canada-1.png'><img loading=\"lazy\" decoding=\"async\" width=\"497\" height=\"339\" src=\"https:\/\/soymigrante.com\/revista\/wp-content\/uploads\/2025\/10\/guatemaltecos-en-ejercito-canada-1.png\" class=\"attachment-large size-large\" alt=\"L\u00e1pida de Theodor Hempstead en Egipto. Guatemalteco que perteneci\u00f3 a la Fuerza A\u00e9rea Canadiense.\" aria-describedby=\"gallery-18-47164\" srcset=\"https:\/\/soymigrante.com\/revista\/wp-content\/uploads\/2025\/10\/guatemaltecos-en-ejercito-canada-1.png 497w, https:\/\/soymigrante.com\/revista\/wp-content\/uploads\/2025\/10\/guatemaltecos-en-ejercito-canada-1-300x205.png 300w\" sizes=\"(max-width: 497px) 100vw, 497px\" title=\"L\u00e1pida de Theodor Hempstead en Egipto. Guatemalteco que perteneci\u00f3 a la Fuerza A\u00e9rea Canadiense. \u2013 SoyMigrante.com REVISTA\" \/><\/a>\n\t\t\t<\/div>\n\t\t\t\t<figcaption class='wp-caption-text gallery-caption' id='gallery-18-47164'>\n\t\t\t\tL\u00e1pida de Theodor Hempstead en Egipto. Guatemalteco que perteneci\u00f3 a la Fuerza A\u00e9rea Canadiense.\n\t\t\t\t<\/figcaption><\/figure><figure class='gallery-item'>\n\t\t\t<div class='gallery-icon portrait'>\n\t\t\t\t<a data-elementor-open-lightbox=\"yes\" data-elementor-lightbox-slideshow=\"c748d50\" data-elementor-lightbox-title=\"Nota period\u00edstica publicada en Guatemala acerca  del capit\u00e1n George Dennis Scott Koester,  originario de Alta Verapaz.\" data-elementor-lightbox-description=\"Nota period\u00edstica publicada en Guatemala acerca  del capit\u00e1n George Dennis Scott Koester,  originario de Alta Verapaz. \" data-e-action-hash=\"#elementor-action%3Aaction%3Dlightbox%26settings%3DeyJpZCI6NDcxNjUsInVybCI6Imh0dHBzOlwvXC9zb3ltaWdyYW50ZS5jb21cL3JldmlzdGFcL3dwLWNvbnRlbnRcL3VwbG9hZHNcLzIwMjVcLzEwXC9ndWF0ZW1hbHRlY29zLWVuLWVqZXJjaXRvLWNhbmFkYS0yLnBuZyIsInNsaWRlc2hvdyI6ImM3NDhkNTAifQ%3D%3D\" href='https:\/\/soymigrante.com\/revista\/wp-content\/uploads\/2025\/10\/guatemaltecos-en-ejercito-canada-2.png'><img loading=\"lazy\" decoding=\"async\" width=\"248\" height=\"365\" src=\"https:\/\/soymigrante.com\/revista\/wp-content\/uploads\/2025\/10\/guatemaltecos-en-ejercito-canada-2.png\" class=\"attachment-large size-large\" alt=\"Nota period\u00edstica publicada en Guatemala acerca del capit\u00e1n George Dennis Scott Koester, originario de Alta Verapaz.\" aria-describedby=\"gallery-18-47165\" srcset=\"https:\/\/soymigrante.com\/revista\/wp-content\/uploads\/2025\/10\/guatemaltecos-en-ejercito-canada-2.png 248w, https:\/\/soymigrante.com\/revista\/wp-content\/uploads\/2025\/10\/guatemaltecos-en-ejercito-canada-2-204x300.png 204w\" sizes=\"(max-width: 248px) 100vw, 248px\" title=\"Nota period\u00edstica publicada en Guatemala acerca  del capit\u00e1n George Dennis Scott Koester,  originario de Alta Verapaz. \u2013 SoyMigrante.com REVISTA\" \/><\/a>\n\t\t\t<\/div>\n\t\t\t\t<figcaption class='wp-caption-text gallery-caption' id='gallery-18-47165'>\n\t\t\t\tNota period\u00edstica publicada en Guatemala acerca  del capit\u00e1n George Dennis Scott Koester,  originario de Alta Verapaz. \n\t\t\t\t<\/figcaption><\/figure><figure class='gallery-item'>\n\t\t\t<div class='gallery-icon portrait'>\n\t\t\t\t<a data-elementor-open-lightbox=\"yes\" data-elementor-lightbox-slideshow=\"c748d50\" data-elementor-lightbox-title=\"Ficha del campo de prisioneros nazi en donde estuvo el capit\u00e1n John Gordon Smith, de familia inglesa, nacido en Guatemala.\" data-elementor-lightbox-description=\"Ficha del campo de prisioneros nazi en donde estuvo el capit\u00e1n John Gordon Smith, de familia inglesa, nacido en Guatemala.\" data-e-action-hash=\"#elementor-action%3Aaction%3Dlightbox%26settings%3DeyJpZCI6NDcxNjcsInVybCI6Imh0dHBzOlwvXC9zb3ltaWdyYW50ZS5jb21cL3JldmlzdGFcL3dwLWNvbnRlbnRcL3VwbG9hZHNcLzIwMjVcLzEwXC9ndWF0ZW1hbHRlY29zLWVuLWVqZXJjaXRvLWNhbmFkYS00LnBuZyIsInNsaWRlc2hvdyI6ImM3NDhkNTAifQ%3D%3D\" href='https:\/\/soymigrante.com\/revista\/wp-content\/uploads\/2025\/10\/guatemaltecos-en-ejercito-canada-4.png'><img loading=\"lazy\" decoding=\"async\" width=\"324\" height=\"370\" src=\"https:\/\/soymigrante.com\/revista\/wp-content\/uploads\/2025\/10\/guatemaltecos-en-ejercito-canada-4.png\" class=\"attachment-large size-large\" alt=\"Ficha del campo de prisioneros nazi en donde estuvo el capit\u00e1n John Gordon Smith, de familia inglesa, nacido en Guatemala.\" aria-describedby=\"gallery-18-47167\" srcset=\"https:\/\/soymigrante.com\/revista\/wp-content\/uploads\/2025\/10\/guatemaltecos-en-ejercito-canada-4.png 324w, https:\/\/soymigrante.com\/revista\/wp-content\/uploads\/2025\/10\/guatemaltecos-en-ejercito-canada-4-263x300.png 263w\" sizes=\"(max-width: 324px) 100vw, 324px\" title=\"Ficha del campo de prisioneros nazi en donde estuvo el capit\u00e1n John Gordon Smith, de familia inglesa, nacido en Guatemala. \u2013 SoyMigrante.com REVISTA\" \/><\/a>\n\t\t\t<\/div>\n\t\t\t\t<figcaption class='wp-caption-text gallery-caption' id='gallery-18-47167'>\n\t\t\t\tFicha del campo de prisioneros nazi en donde estuvo el capit\u00e1n John Gordon Smith, de familia inglesa, nacido en Guatemala.\n\t\t\t\t<\/figcaption><\/figure><figure class='gallery-item'>\n\t\t\t<div class='gallery-icon portrait'>\n\t\t\t\t<a data-elementor-open-lightbox=\"yes\" data-elementor-lightbox-slideshow=\"c748d50\" data-elementor-lightbox-title=\"Noticia referente a la liberaci\u00f3n del piloto guatemalteco John Gordon Smith en 1945 despu\u00e9s del triunfo de los aliados en la II Guerra Mundial.\" data-elementor-lightbox-description=\"Noticia referente a la liberaci\u00f3n del piloto guatemalteco John Gordon Smith en 1945 despu\u00e9s del triunfo de los aliados en la II Guerra Mundial.\" data-e-action-hash=\"#elementor-action%3Aaction%3Dlightbox%26settings%3DeyJpZCI6NDcxNjYsInVybCI6Imh0dHBzOlwvXC9zb3ltaWdyYW50ZS5jb21cL3JldmlzdGFcL3dwLWNvbnRlbnRcL3VwbG9hZHNcLzIwMjVcLzEwXC9ndWF0ZW1hbHRlY29zLWVuLWVqZXJjaXRvLWNhbmFkYS0zLnBuZyIsInNsaWRlc2hvdyI6ImM3NDhkNTAifQ%3D%3D\" href='https:\/\/soymigrante.com\/revista\/wp-content\/uploads\/2025\/10\/guatemaltecos-en-ejercito-canada-3.png'><img loading=\"lazy\" decoding=\"async\" width=\"718\" height=\"776\" src=\"https:\/\/soymigrante.com\/revista\/wp-content\/uploads\/2025\/10\/guatemaltecos-en-ejercito-canada-3.png\" class=\"attachment-large size-large\" alt=\"Noticia referente a la liberaci\u00f3n del piloto guatemalteco John Gordon Smith en 1945 despu\u00e9s del triunfo de los aliados en la II Guerra Mundial.\" aria-describedby=\"gallery-18-47166\" srcset=\"https:\/\/soymigrante.com\/revista\/wp-content\/uploads\/2025\/10\/guatemaltecos-en-ejercito-canada-3.png 718w, https:\/\/soymigrante.com\/revista\/wp-content\/uploads\/2025\/10\/guatemaltecos-en-ejercito-canada-3-278x300.png 278w\" sizes=\"(max-width: 718px) 100vw, 718px\" title=\"Noticia referente a la liberaci\u00f3n del piloto guatemalteco John Gordon Smith en 1945 despu\u00e9s del triunfo de los aliados en la II Guerra Mundial. \u2013 SoyMigrante.com REVISTA\" \/><\/a>\n\t\t\t<\/div>\n\t\t\t\t<figcaption class='wp-caption-text gallery-caption' id='gallery-18-47166'>\n\t\t\t\tNoticia referente a la liberaci\u00f3n del piloto guatemalteco John Gordon Smith en 1945 despu\u00e9s del triunfo de los aliados en la II Guerra Mundial.\n\t\t\t\t<\/figcaption><\/figure>\n\t\t<\/div>\n\t\t<\/div>\n\t\t\t\t\t\t<\/div>\n\t\t\t\t\t<\/div>\n\t\t\t\t<\/div>\n\t\t<div data-particle_enable=\"false\" data-particle-mobile-disabled=\"false\" class=\"elementor-element elementor-element-84da111 e-flex e-con-boxed e-con e-parent\" data-id=\"84da111\" data-element_type=\"container\" data-e-type=\"container\">\n\t\t\t\t\t<div class=\"e-con-inner\">\n\t\t\t\t<div class=\"elementor-element elementor-element-bcd3386 elementor-widget elementor-widget-heading\" data-id=\"bcd3386\" data-element_type=\"widget\" data-e-type=\"widget\" data-widget_type=\"heading.default\">\n\t\t\t\t\t<h2 class=\"elementor-heading-title elementor-size-default\">Talento guatemalteco sin fronteras<\/h2>\t\t\t\t<\/div>\n\t\t\t\t\t<\/div>\n\t\t\t\t<\/div>\n\t\t<div data-particle_enable=\"false\" data-particle-mobile-disabled=\"false\" class=\"elementor-element elementor-element-4fa788b e-flex e-con-boxed e-con e-parent\" data-id=\"4fa788b\" data-element_type=\"container\" data-e-type=\"container\">\n\t\t\t\t\t<div class=\"e-con-inner\">\n\t\t\t\t<div class=\"elementor-element elementor-element-0def702 elementor-grid-eael-col-3 elementor-grid-tablet-eael-col-2 elementor-grid-mobile-eael-col-1 elementor-widget elementor-widget-eael-post-grid\" data-id=\"0def702\" data-element_type=\"widget\" data-e-type=\"widget\" data-settings=\"{&quot;eael_post_grid_columns&quot;:&quot;eael-col-3&quot;,&quot;eael_post_grid_columns_tablet&quot;:&quot;eael-col-2&quot;,&quot;eael_post_grid_columns_mobile&quot;:&quot;eael-col-1&quot;}\" data-widget_type=\"eael-post-grid.default\">\n\t\t\t\t\t<div id=\"eael-post-grid-0def702\" class=\"eael-post-grid-container\">\n            <div class=\"eael-post-grid eael-post-appender eael-post-appender-0def702 eael-post-grid-style-one\" data-layout-mode=\"masonry\"><article class=\"eael-grid-post  eael-post-grid-column eael-pg-post-5483 category-exitos\" data-id=\"5483\">\n        <div class=\"eael-grid-post-holder\">\n            <div class=\"eael-grid-post-holder-inner\"><div class=\"eael-entry-media\"><div class=\"eael-entry-overlay fade-in\"><i class=\"far fa-hand-pointer\" aria-hidden=\"true\"><\/i><a href=\"https:\/\/soymigrante.com\/revista\/guatemalteca-ejercito-estados-unidos-garifuna-prueba\/\"><\/a><\/div><div class=\"eael-entry-thumbnail eael-image-ratio\">\n                <img loading=\"lazy\" decoding=\"async\" width=\"825\" height=\"693\" src=\"https:\/\/soymigrante.com\/revista\/wp-content\/uploads\/2024\/03\/geramycita.webp\" class=\"attachment-large size-large wp-image-5484\" alt=\"Migrante guatemalteca gar\u00edfuna Geramy Oliva se alista en el Ej\u00e9rcito de Estados Unidos\" srcset=\"https:\/\/soymigrante.com\/revista\/wp-content\/uploads\/2024\/03\/geramycita.webp 825w, https:\/\/soymigrante.com\/revista\/wp-content\/uploads\/2024\/03\/geramycita-300x252.webp 300w, https:\/\/soymigrante.com\/revista\/wp-content\/uploads\/2024\/03\/geramycita-768x645.webp 768w, https:\/\/soymigrante.com\/revista\/wp-content\/uploads\/2024\/03\/geramycita-750x630.webp 750w\" sizes=\"(max-width: 825px) 100vw, 825px\" \/>\n            <\/div>\n        <\/div><div class=\"eael-entry-wrapper\"><header class=\"eael-entry-header\"><h2 class=\"eael-entry-title\"><a class=\"eael-grid-post-link\" href=\"https:\/\/soymigrante.com\/revista\/guatemalteca-ejercito-estados-unidos-garifuna-prueba\/\" title=\"Migrante gar\u00edfuna Geramy Oliva venci\u00f3 retos para entrar al Ej\u00e9rcito de EE.UU.\">Migrante gar\u00edfuna Geramy Oliva venci\u00f3 retos para entrar al Ej\u00e9rcito de EE.UU.<\/a><\/h2><\/header><div class=\"eael-entry-content\">\n                        <div class=\"eael-grid-post-excerpt\"><a href=\"https:\/\/soymigrante.com\/revista\/guatemalteca-ejercito-estados-unidos-garifuna-prueba\/\" class=\"eael-post-elements-readmore-btn\">CONOCE SU HISTORIA <\/a><\/div>\n                    <\/div><\/div><\/div>\n        <\/div>\n    <\/article><article class=\"eael-grid-post  eael-post-grid-column eael-pg-post-5857 category-exitos\" data-id=\"5857\">\n        <div class=\"eael-grid-post-holder\">\n            <div class=\"eael-grid-post-holder-inner\"><div class=\"eael-entry-media\"><div class=\"eael-entry-overlay fade-in\"><i class=\"far fa-hand-pointer\" aria-hidden=\"true\"><\/i><a href=\"https:\/\/soymigrante.com\/revista\/arquitectura-paisajista-florecio-con-carlos-martinez-en-el-frio-de-canada\/\"><\/a><\/div><div class=\"eael-entry-thumbnail eael-image-ratio\">\n                <img loading=\"lazy\" decoding=\"async\" width=\"1024\" height=\"830\" src=\"https:\/\/soymigrante.com\/revista\/wp-content\/uploads\/2024\/04\/IMG_4969-1024x830.webp\" class=\"attachment-large size-large wp-image-5858\" alt=\"Hombre sonriendo en un entorno verde y tropical, con plantas y palmeras, ilustrando el contenido de la revista SoyMigrante.com REVISTA, que promueve historias y noticias sobre migraci\u00f3n, integraci\u00f3n y derechos en Am\u00e9rica Latina y el mundo.\" srcset=\"https:\/\/soymigrante.com\/revista\/wp-content\/uploads\/2024\/04\/IMG_4969-1024x830.webp 1024w, https:\/\/soymigrante.com\/revista\/wp-content\/uploads\/2024\/04\/IMG_4969-300x243.webp 300w, https:\/\/soymigrante.com\/revista\/wp-content\/uploads\/2024\/04\/IMG_4969-768x622.webp 768w, https:\/\/soymigrante.com\/revista\/wp-content\/uploads\/2024\/04\/IMG_4969-750x608.webp 750w, https:\/\/soymigrante.com\/revista\/wp-content\/uploads\/2024\/04\/IMG_4969-1140x924.webp 1140w, https:\/\/soymigrante.com\/revista\/wp-content\/uploads\/2024\/04\/IMG_4969.webp 1522w\" sizes=\"(max-width: 1024px) 100vw, 1024px\" \/>\n            <\/div>\n        <\/div><div class=\"eael-entry-wrapper\"><header class=\"eael-entry-header\"><h2 class=\"eael-entry-title\"><a class=\"eael-grid-post-link\" href=\"https:\/\/soymigrante.com\/revista\/arquitectura-paisajista-florecio-con-carlos-martinez-en-el-frio-de-canada\/\" title=\"Arquitectura paisajista floreci\u00f3 con Carlos Mart\u00ednez en el fr\u00edo de Canad\u00e1\">Arquitectura paisajista floreci\u00f3 con Carlos Mart\u00ednez en el fr\u00edo de Canad\u00e1<\/a><\/h2><\/header><div class=\"eael-entry-content\">\n                        <div class=\"eael-grid-post-excerpt\"><a href=\"https:\/\/soymigrante.com\/revista\/arquitectura-paisajista-florecio-con-carlos-martinez-en-el-frio-de-canada\/\" class=\"eael-post-elements-readmore-btn\">CONOCE SU HISTORIA <\/a><\/div>\n                    <\/div><\/div><\/div>\n        <\/div>\n    <\/article><article class=\"eael-grid-post  eael-post-grid-column eael-pg-post-35255 category-exitos-guatemala\" data-id=\"35255\">\n        <div class=\"eael-grid-post-holder\">\n            <div class=\"eael-grid-post-holder-inner\"><div class=\"eael-entry-media\"><div class=\"eael-entry-overlay fade-in\"><i class=\"far fa-hand-pointer\" aria-hidden=\"true\"><\/i><a href=\"https:\/\/soymigrante.com\/revista\/guatemalteco-rey-garcia-salas-capitan-del-ejercito-canadiense-los-migrantes-aportamos-mucho\/\"><\/a><\/div><div class=\"eael-entry-thumbnail eael-image-ratio\">\n                <img loading=\"lazy\" decoding=\"async\" width=\"750\" height=\"750\" src=\"https:\/\/soymigrante.com\/revista\/wp-content\/uploads\/2025\/06\/capitan-rey-garcia-salas-guatemalteco-en-el-ejercito-canadiense.png\" class=\"attachment-large size-large wp-image-35299\" alt=\"Celebraci\u00f3n cultural de migrantes en evento internacional, mostrando diversidad y tradiciones ancestrales. Participantes con trajes t\u00edpicos y madres migrantes honradas en acto de recordaci\u00f3n y orgullo.\" srcset=\"https:\/\/soymigrante.com\/revista\/wp-content\/uploads\/2025\/06\/capitan-rey-garcia-salas-guatemalteco-en-el-ejercito-canadiense.png 750w, https:\/\/soymigrante.com\/revista\/wp-content\/uploads\/2025\/06\/capitan-rey-garcia-salas-guatemalteco-en-el-ejercito-canadiense-300x300.png 300w, https:\/\/soymigrante.com\/revista\/wp-content\/uploads\/2025\/06\/capitan-rey-garcia-salas-guatemalteco-en-el-ejercito-canadiense-150x150.png 150w, https:\/\/soymigrante.com\/revista\/wp-content\/uploads\/2025\/06\/capitan-rey-garcia-salas-guatemalteco-en-el-ejercito-canadiense-75x75.png 75w\" sizes=\"(max-width: 750px) 100vw, 750px\" \/>\n            <\/div>\n        <\/div><div class=\"eael-entry-wrapper\"><header class=\"eael-entry-header\"><h2 class=\"eael-entry-title\"><a class=\"eael-grid-post-link\" href=\"https:\/\/soymigrante.com\/revista\/guatemalteco-rey-garcia-salas-capitan-del-ejercito-canadiense-los-migrantes-aportamos-mucho\/\" title=\"Guatemalteco Rey Garc\u00eda-Salas, capit\u00e1n del Ej\u00e9rcito canadiense: &#8220;Los migrantes aportamos mucho&#8221;.\">Guatemalteco Rey Garc\u00eda-Salas, capit\u00e1n del Ej\u00e9rcito canadiense: &#8220;Los migrantes aportamos mucho&#8221;.<\/a><\/h2><\/header><div class=\"eael-entry-content\">\n                        <div class=\"eael-grid-post-excerpt\"><a href=\"https:\/\/soymigrante.com\/revista\/guatemalteco-rey-garcia-salas-capitan-del-ejercito-canadiense-los-migrantes-aportamos-mucho\/\" class=\"eael-post-elements-readmore-btn\">CONOCE SU HISTORIA <\/a><\/div>\n                    <\/div><\/div><\/div>\n        <\/div>\n    <\/article><\/div>\n            <div class=\"clearfix\"><\/div>\n        <\/div>\t\t\t\t<\/div>\n\t\t\t\t\t<\/div>\n\t\t\t\t<\/div>\n\t\t\t\t<\/div>\n\t\t","protected":false},"excerpt":{"rendered":"<p>Rey Garc\u00eda-Salas, capit\u00e1n en el ej\u00e9rcito de Canad\u00e1, de origen guatemalteco, investig\u00f3 sobre compatriotas que han integrado dichas fuerzas armadas y por eso se rendir\u00e1 un homenaje p\u00f3stumo el 19 de octubre de 2025. El capit\u00e1n Rey Garc\u00eda-Salas, originario de Guatemala e integrante de las Fuerzas Armadas de Canad\u00e1, se propuso rescatar del olvido una [&hellip;]<\/p>\n","protected":false},"author":7,"featured_media":47153,"comment_status":"open","ping_status":"open","sticky":false,"template":"","format":"standard","meta":{"_acf_changed":false,"_eb_attr":"","footnotes":""},"categories":[54],"tags":[],"class_list":["post-47152","post","type-post","status-publish","format-standard","has-post-thumbnail","hentry","category-estamos-unidos"],"acf":[],"aioseo_notices":[],"aioseo_head":"\n\t\t<!-- All in One SEO Pro 4.9.6.2 - aioseo.com -->\n\t<meta name=\"description\" content=\"Rey Garc\u00eda-Salas creci\u00f3 en San Miguel Petapa y se gradu\u00f3 de ingenier\u00eda. Migr\u00f3 a Canad\u00e1 en 1996. Fue obrero de construcci\u00f3n. Despu\u00e9s entr\u00f3 al Ej\u00e9rcito de ese pa\u00eds.\" \/>\n\t<meta name=\"robots\" content=\"max-snippet:-1, max-image-preview:large, max-video-preview:-1\" \/>\n\t<meta name=\"author\" content=\"Gustavo Montenegro\"\/>\n\t<link rel=\"canonical\" href=\"https:\/\/soymigrante.com\/revista\/guatemalteco-rey-garcia-salas-capitan-del-ejercito-canadiense-los-migrantes-aportamos-mucho\/\" \/>\n\t<meta name=\"generator\" content=\"All in One SEO Pro (AIOSEO) 4.9.6.2\" \/>\n\n\t\t<link rel=\"preconnect\" href=\"https:\/\/fonts.googleapis.com\" crossorigin>\n<link rel=\"preconnect\" href=\"https:\/\/fonts.gstatic.com\" crossorigin>\n\t\t<meta property=\"og:locale\" content=\"es_ES\" \/>\n\t\t<meta property=\"og:site_name\" content=\"SoyMigrante.com REVISTA \u2013 Nuestra misi\u00f3n es reconocer y dignificar al migrante.\" \/>\n\t\t<meta property=\"og:type\" content=\"article\" \/>\n\t\t<meta property=\"og:title\" content=\"Guatemalteco Rey Garc\u00eda-Salas es capit\u00e1n del ej\u00e9rcito canadiense\" \/>\n\t\t<meta property=\"og:description\" content=\"Rey Garc\u00eda-Salas creci\u00f3 en San Miguel Petapa y se gradu\u00f3 de ingenier\u00eda. Migr\u00f3 a Canad\u00e1 en 1996. Fue obrero de construcci\u00f3n. Despu\u00e9s entr\u00f3 al Ej\u00e9rcito de ese pa\u00eds.\" \/>\n\t\t<meta property=\"og:url\" content=\"https:\/\/soymigrante.com\/revista\/guatemalteco-rey-garcia-salas-capitan-del-ejercito-canadiense-los-migrantes-aportamos-mucho\/\" \/>\n\t\t<meta property=\"og:image\" content=\"https:\/\/soymigrante.com\/revista\/wp-content\/uploads\/2025\/06\/capitan-rey-garcia-salas-guatemalteco-en-el-ejercito-canadiense.png\" \/>\n\t\t<meta property=\"og:image:secure_url\" content=\"https:\/\/soymigrante.com\/revista\/wp-content\/uploads\/2025\/06\/capitan-rey-garcia-salas-guatemalteco-en-el-ejercito-canadiense.png\" \/>\n\t\t<meta property=\"og:image:width\" content=\"750\" \/>\n\t\t<meta property=\"og:image:height\" content=\"750\" \/>\n\t\t<meta property=\"article:published_time\" content=\"2025-06-02T23:11:58+00:00\" \/>\n\t\t<meta property=\"article:modified_time\" content=\"2025-10-03T20:46:32+00:00\" \/>\n\t\t<meta property=\"article:publisher\" content=\"https:\/\/www.facebook.com\/soymigrantecom\" \/>\n\t\t<meta name=\"twitter:card\" content=\"summary_large_image\" \/>\n\t\t<meta name=\"twitter:site\" content=\"@SoyMigrante_com\" \/>\n\t\t<meta name=\"twitter:title\" content=\"Guatemalteco Rey Garc\u00eda-Salas es capit\u00e1n del ej\u00e9rcito canadiense\" \/>\n\t\t<meta name=\"twitter:description\" content=\"Rey Garc\u00eda-Salas creci\u00f3 en San Miguel Petapa y se gradu\u00f3 de ingenier\u00eda. Migr\u00f3 a Canad\u00e1 en 1996. Fue obrero de construcci\u00f3n. Despu\u00e9s entr\u00f3 al Ej\u00e9rcito de ese pa\u00eds.\" \/>\n\t\t<meta name=\"twitter:creator\" content=\"@SoyMigrante_com\" \/>\n\t\t<meta name=\"twitter:image\" content=\"https:\/\/soymigrante.com\/revista\/wp-content\/uploads\/2025\/06\/capitan-rey-garcia-salas-guatemalteco-en-el-ejercito-canadiense.png\" \/>\n\t\t<!-- All in One SEO Pro -->\r\n\t\t<title>Guatemalteco Rey Garc\u00eda-Salas es capit\u00e1n del ej\u00e9rcito canadiense<\/title>\n\n","aioseo_head_json":{"title":"Guatemalteco Rey Garc\u00eda-Salas es capit\u00e1n del ej\u00e9rcito canadiense","description":"Rey Garc\u00eda-Salas creci\u00f3 en San Miguel Petapa y se gradu\u00f3 de ingenier\u00eda. Migr\u00f3 a Canad\u00e1 en 1996. Fue obrero de construcci\u00f3n. Despu\u00e9s entr\u00f3 al Ej\u00e9rcito de ese pa\u00eds.","canonical_url":"https:\/\/soymigrante.com\/revista\/guatemalteco-rey-garcia-salas-capitan-del-ejercito-canadiense-los-migrantes-aportamos-mucho\/","robots":"max-snippet:-1, max-image-preview:large, max-video-preview:-1","keywords":"","webmasterTools":{"miscellaneous":"&lt;link rel=\"preconnect\" href=\"https:\/\/fonts.googleapis.com\" crossorigin&gt;\n&lt;link rel=\"preconnect\" href=\"https:\/\/fonts.gstatic.com\" crossorigin&gt;"},"schema":null,"og:locale":"es_ES","og:site_name":"SoyMigrante.com REVISTA \u2013 Nuestra misi\u00f3n es reconocer y dignificar al migrante.","og:type":"article","og:title":"Guatemalteco Rey Garc\u00eda-Salas es capit\u00e1n del ej\u00e9rcito canadiense","og:description":"Rey Garc\u00eda-Salas creci\u00f3 en San Miguel Petapa y se gradu\u00f3 de ingenier\u00eda. Migr\u00f3 a Canad\u00e1 en 1996. Fue obrero de construcci\u00f3n. Despu\u00e9s entr\u00f3 al Ej\u00e9rcito de ese pa\u00eds.","og:url":"https:\/\/soymigrante.com\/revista\/guatemalteco-rey-garcia-salas-capitan-del-ejercito-canadiense-los-migrantes-aportamos-mucho\/","og:image":"https:\/\/soymigrante.com\/revista\/wp-content\/uploads\/2025\/06\/capitan-rey-garcia-salas-guatemalteco-en-el-ejercito-canadiense.png","og:image:secure_url":"https:\/\/soymigrante.com\/revista\/wp-content\/uploads\/2025\/06\/capitan-rey-garcia-salas-guatemalteco-en-el-ejercito-canadiense.png","og:image:width":750,"og:image:height":750,"article:published_time":"2025-06-02T23:11:58+00:00","article:modified_time":"2025-10-03T20:46:32+00:00","article:publisher":"https:\/\/www.facebook.com\/soymigrantecom","twitter:card":"summary_large_image","twitter:site":"@SoyMigrante_com","twitter:title":"Guatemalteco Rey Garc\u00eda-Salas es capit\u00e1n del ej\u00e9rcito canadiense","twitter:description":"Rey Garc\u00eda-Salas creci\u00f3 en San Miguel Petapa y se gradu\u00f3 de ingenier\u00eda. Migr\u00f3 a Canad\u00e1 en 1996. Fue obrero de construcci\u00f3n. Despu\u00e9s entr\u00f3 al Ej\u00e9rcito de ese pa\u00eds.","twitter:creator":"@SoyMigrante_com","twitter:image":"https:\/\/soymigrante.com\/revista\/wp-content\/uploads\/2025\/06\/capitan-rey-garcia-salas-guatemalteco-en-el-ejercito-canadiense.png"},"aioseo_meta_data":{"post_id":"47152","title":"Homenaje a h\u00e9roes guatemaltecos en el ej\u00e9rcito canadiense","description":"El 19 de octubre ser\u00e1 homenaje p\u00f3stumo a guatemaltecos enlistados en ej\u00e9rcito canadiense. Capit\u00e1n Rey Garc\u00eda-Salas de origen guatemalteco investig\u00f3 la historia","keywords":null,"keyphrases":{"focus":{"keyphrase":"Guatemaltecos","score":100,"analysis":{"keyphraseInTitle":{"score":9,"maxScore":9,"error":0},"keyphraseInDescription":{"score":9,"maxScore":9,"error":0},"keyphraseLength":{"score":9,"maxScore":9,"error":0,"length":1},"keyphraseInURL":{"score":5,"maxScore":5,"error":0}}},"additional":[{"keyphrase":"Canad\u00e1","score":67,"analysis":{"keyphraseInDescription":{"score":3,"maxScore":9,"error":1},"keyphraseLength":{"score":9,"maxScore":9,"error":0,"length":1}}},{"keyphrase":"canadiense","score":100,"analysis":{"keyphraseInDescription":{"score":9,"maxScore":9,"error":0},"keyphraseLength":{"score":9,"maxScore":9,"error":0,"length":1}}}]},"primary_term":null,"canonical_url":null,"og_title":null,"og_description":null,"og_object_type":"default","og_image_type":"default","og_image_url":null,"og_image_width":null,"og_image_height":null,"og_image_custom_url":null,"og_image_custom_fields":null,"og_video":"","og_custom_url":null,"og_article_section":null,"og_article_tags":null,"twitter_use_og":false,"twitter_card":"default","twitter_image_type":"default","twitter_image_url":null,"twitter_image_custom_url":null,"twitter_image_custom_fields":null,"twitter_title":null,"twitter_description":null,"schema":{"blockGraphs":[],"customGraphs":[],"default":{"data":{"Article":[],"Course":[],"Dataset":[],"FAQPage":[],"Movie":[],"Person":[],"Product":[],"ProductReview":[],"Car":[],"Recipe":[],"Service":[],"SoftwareApplication":[],"WebPage":[]},"graphName":"none","isEnabled":true},"graphs":[]},"schema_type":"default","schema_type_options":null,"pillar_content":false,"robots_default":true,"robots_noindex":false,"robots_noarchive":false,"robots_nosnippet":false,"robots_nofollow":false,"robots_noimageindex":false,"robots_noodp":false,"robots_notranslate":false,"robots_max_snippet":"-1","robots_max_videopreview":"-1","robots_max_imagepreview":"large","priority":null,"frequency":"default","local_seo":null,"seo_analyzer_scan_date":"2025-10-14 17:10:42","breadcrumb_settings":null,"limit_modified_date":false,"reviewed_by":"0","open_ai":null,"ai":{"faqs":[],"keyPoints":[],"titles":[],"descriptions":[],"socialPosts":{"email":[],"linkedin":[],"twitter":[],"facebook":[],"instagram":[]}},"created":"2025-10-13 13:33:31","updated":"2026-02-05 06:30:59"},"aioseo_breadcrumb":"<div class=\"aioseo-breadcrumbs\"><span class=\"aioseo-breadcrumb\">\n\t<a href=\"https:\/\/soymigrante.com\/revista\" title=\"Home\">Home<\/a>\n<\/span><span class=\"aioseo-breadcrumb-separator\">\u00bb<\/span><span class=\"aioseo-breadcrumb\">\n\t<a href=\"https:\/\/soymigrante.com\/revista\/category\/estamos-unidos\/\" title=\"Estamos Unidos\">Estamos Unidos<\/a>\n<\/span><span class=\"aioseo-breadcrumb-separator\">\u00bb<\/span><span class=\"aioseo-breadcrumb\">\n\tHomenaje p\u00f3stumo a guatemaltecos que integraron ej\u00e9rcito de  Canad\u00e1, el 19 de octubre\n<\/span><\/div>","aioseo_breadcrumb_json":[{"label":"Home","link":"https:\/\/soymigrante.com\/revista"},{"label":"Estamos Unidos","link":"https:\/\/soymigrante.com\/revista\/category\/estamos-unidos\/"},{"label":"Homenaje p\u00f3stumo a guatemaltecos que integraron ej\u00e9rcito de  Canad\u00e1, el 19 de octubre","link":"https:\/\/soymigrante.com\/revista\/homenaje-postumo-a-guatemaltecos-que-integraron-ejercito-de-canada-el-19-de-octubre\/"}],"_links":{"self":[{"href":"https:\/\/soymigrante.com\/revista\/wp-json\/wp\/v2\/posts\/47152","targetHints":{"allow":["GET"]}}],"collection":[{"href":"https:\/\/soymigrante.com\/revista\/wp-json\/wp\/v2\/posts"}],"about":[{"href":"https:\/\/soymigrante.com\/revista\/wp-json\/wp\/v2\/types\/post"}],"author":[{"embeddable":true,"href":"https:\/\/soymigrante.com\/revista\/wp-json\/wp\/v2\/users\/7"}],"replies":[{"embeddable":true,"href":"https:\/\/soymigrante.com\/revista\/wp-json\/wp\/v2\/comments?post=47152"}],"version-history":[{"count":14,"href":"https:\/\/soymigrante.com\/revista\/wp-json\/wp\/v2\/posts\/47152\/revisions"}],"predecessor-version":[{"id":47261,"href":"https:\/\/soymigrante.com\/revista\/wp-json\/wp\/v2\/posts\/47152\/revisions\/47261"}],"wp:featuredmedia":[{"embeddable":true,"href":"https:\/\/soymigrante.com\/revista\/wp-json\/wp\/v2\/media\/47153"}],"wp:attachment":[{"href":"https:\/\/soymigrante.com\/revista\/wp-json\/wp\/v2\/media?parent=47152"}],"wp:term":[{"taxonomy":"category","embeddable":true,"href":"https:\/\/soymigrante.com\/revista\/wp-json\/wp\/v2\/categories?post=47152"},{"taxonomy":"post_tag","embeddable":true,"href":"https:\/\/soymigrante.com\/revista\/wp-json\/wp\/v2\/tags?post=47152"}],"curies":[{"name":"wp","href":"https:\/\/api.w.org\/{rel}","templated":true}]}}