{"id":47142,"date":"2025-10-13T05:00:00","date_gmt":"2025-10-13T11:00:00","guid":{"rendered":"https:\/\/soymigrante.com\/revista\/?p=47142"},"modified":"2025-10-13T00:07:18","modified_gmt":"2025-10-13T06:07:18","slug":"mas-de-300-mil-empleos-hispanos-perdidos-en-usa-en-8-meses-por-redadas-senala-estudio","status":"publish","type":"post","link":"https:\/\/soymigrante.com\/revista\/mas-de-300-mil-empleos-hispanos-perdidos-en-usa-en-8-meses-por-redadas-senala-estudio\/","title":{"rendered":"M\u00e1s de 300 mil empleos hispanos perdidos en USA en 8 meses por redadas, se\u00f1ala estudio."},"content":{"rendered":"\t\t<div data-elementor-type=\"wp-post\" data-elementor-id=\"47142\" class=\"elementor elementor-47142\" data-elementor-post-type=\"post\">\n\t\t\t\t<div data-particle_enable=\"false\" data-particle-mobile-disabled=\"false\" class=\"elementor-element elementor-element-f95ab98 e-flex e-con-boxed e-con e-parent\" data-id=\"f95ab98\" data-element_type=\"container\" data-e-type=\"container\">\n\t\t\t\t\t<div class=\"e-con-inner\">\n\t\t\t\t<div class=\"elementor-element elementor-element-8a597fa elementor-widget elementor-widget-heading\" data-id=\"8a597fa\" data-element_type=\"widget\" data-e-type=\"widget\" data-widget_type=\"heading.default\">\n\t\t\t\t\t<h2 class=\"elementor-heading-title elementor-size-default\">Los constantes operativos antimigrantes en centros laborales tienen ya un impacto en cifras: 300 mil empleos perdidos, seg\u00fan cifras de an\u00e1lisis de Americans for Tax Fairness.<\/h2>\t\t\t\t<\/div>\n\t\t\t\t\t<\/div>\n\t\t\t\t<\/div>\n\t\t<div data-particle_enable=\"false\" data-particle-mobile-disabled=\"false\" class=\"elementor-element elementor-element-3cfb8a6 e-flex e-con-boxed e-con e-parent\" data-id=\"3cfb8a6\" data-element_type=\"container\" data-e-type=\"container\">\n\t\t\t\t\t<div class=\"e-con-inner\">\n\t\t\t\t<div class=\"elementor-element elementor-element-60d6b7f elementor-widget elementor-widget-text-editor\" data-id=\"60d6b7f\" data-element_type=\"widget\" data-e-type=\"widget\" data-widget_type=\"text-editor.default\">\n\t\t\t\t\t\t\t\t\t<p>Un nuevo estudio de <a href=\"https:\/\/americansfortaxfairness.org\/\">Americans for Tax Fairness (ATF)<\/a> muestra que el crecimiento de empleo en industrias con alta presencia de trabajadores latinos ha sufrido una ca\u00edda dram\u00e1tica durante los primeros ocho meses de la administraci\u00f3n de Donald Trump, comparado con el mismo periodo bajo Joe Biden, debido a las<a href=\"https:\/\/soymigrante.com\/revista\/temor-a-redadas-en-usa-puede-poner-en-riesgo-a-madres-y-bebes\/\"> redadas antimigrantes<\/a> en sitios de trabajo.<\/p><p>Se registraron casi 300,000 puestos de trabajo menos en industrias con gran n\u00famero de trabajadores latinos entre enero y agosto de 2025, respecto a los mismos meses de 2024. Esa reducci\u00f3n equivale a una baja de m\u00e1s de un tercio, es decir, aproximadamente 35 %.\u00a0<\/p>\t\t\t\t\t\t\t\t<\/div>\n\t\t\t\t\t<\/div>\n\t\t\t\t<\/div>\n\t\t<div data-particle_enable=\"false\" data-particle-mobile-disabled=\"false\" class=\"elementor-element elementor-element-a6ec2b6 e-flex e-con-boxed e-con e-parent\" data-id=\"a6ec2b6\" data-element_type=\"container\" data-e-type=\"container\">\n\t\t\t\t\t<div class=\"e-con-inner\">\n\t\t\t\t<div class=\"elementor-element elementor-element-d180f77 elementor-widget elementor-widget-heading\" data-id=\"d180f77\" data-element_type=\"widget\" data-e-type=\"widget\" data-widget_type=\"heading.default\">\n\t\t\t\t\t<h3 class=\"elementor-heading-title elementor-size-default\">Cifras que hablan y afectan<\/h3>\t\t\t\t<\/div>\n\t\t\t\t\t<\/div>\n\t\t\t\t<\/div>\n\t\t<div data-particle_enable=\"false\" data-particle-mobile-disabled=\"false\" class=\"elementor-element elementor-element-7520a66 e-flex e-con-boxed e-con e-parent\" data-id=\"7520a66\" data-element_type=\"container\" data-e-type=\"container\">\n\t\t\t\t\t<div class=\"e-con-inner\">\n\t\t\t\t<div class=\"elementor-element elementor-element-9a4182b elementor-widget elementor-widget-text-editor\" data-id=\"9a4182b\" data-element_type=\"widget\" data-e-type=\"widget\" data-widget_type=\"text-editor.default\">\n\t\t\t\t\t\t\t\t\t<p>En la industria de la construcci\u00f3n \u2014una de las que m\u00e1s emplean trabajadores latinos\u2014 bajo Biden (enero-agosto 2024) se crearon 124,000 empleos; con Trump (enero-agosto 2025), solo 9,000. Una ca\u00edda cercana al 93 %.\u00a0 Este impacto\u00a0 no solo afecta a las familias de trabajadores, sino tambi\u00e9n al fisco estadounidense, pues ello implica una menor recaudaci\u00f3n de<a href=\"https:\/\/soymigrante.com\/revista\/migrantes-indocumentados-aportan-us100-mil-millones-en-impuestos-a-estados-unidos\/\"> impuestos<\/a> declarados, seg\u00fan <a href=\"https:\/\/americansfortaxfairness.org\/\">Americans for Tax Fairness.<\/a><\/p><p>Transporte tambi\u00e9n reporta desplomes: mientras en enero-agosto de 2024 se crearon 79,200 empleos en ese sector, para el mismo periodo de 2025 apenas se a\u00f1adieron 3,200. Lo que implica una disminuci\u00f3n de alrededor de 96 %.\u00a0<\/p><p>David Kass, director ejecutivo de ATF, afirma que las \u201cpol\u00edticas\u00a0 republicanas est\u00e1n perjudicando a todo el pa\u00eds, pero como es habitual, los latinos est\u00e1n resultando particularmente perjudicados\u201d.\u00a0<\/p>\t\t\t\t\t\t\t\t<\/div>\n\t\t\t\t\t<\/div>\n\t\t\t\t<\/div>\n\t\t<div data-particle_enable=\"false\" data-particle-mobile-disabled=\"false\" class=\"elementor-element elementor-element-025aff8 e-flex e-con-boxed e-con e-parent\" data-id=\"025aff8\" data-element_type=\"container\" data-e-type=\"container\">\n\t\t\t\t\t<div class=\"e-con-inner\">\n\t\t\t\t<div class=\"elementor-element elementor-element-af8704e elementor-widget elementor-widget-image\" data-id=\"af8704e\" data-element_type=\"widget\" data-e-type=\"widget\" data-widget_type=\"image.default\">\n\t\t\t\t\t\t\t\t\t\t\t\t<figure class=\"wp-caption\">\n\t\t\t\t\t\t\t\t\t\t<img fetchpriority=\"high\" decoding=\"async\" width=\"456\" height=\"537\" src=\"https:\/\/soymigrante.com\/revista\/wp-content\/uploads\/2025\/10\/operativo-en-florida.png\" class=\"attachment-large size-large wp-image-47147\" alt=\"Operativo de detenci\u00f3n de migrantes en Tallahassee, Florida. Foto ICE\" srcset=\"https:\/\/soymigrante.com\/revista\/wp-content\/uploads\/2025\/10\/operativo-en-florida.png 456w, https:\/\/soymigrante.com\/revista\/wp-content\/uploads\/2025\/10\/operativo-en-florida-255x300.png 255w\" sizes=\"(max-width: 456px) 100vw, 456px\" title=\"Operativo de detenci\u00f3n de migrantes en Tallahassee, Florida. Foto ICE \u2013 SoyMigrante.com REVISTA\" \/>\t\t\t\t\t\t\t\t\t\t\t<figcaption class=\"widget-image-caption wp-caption-text\">Operativo de detenci\u00f3n de migrantes en Tallahassee, Florida. Foto ICE<\/figcaption>\n\t\t\t\t\t\t\t\t\t\t<\/figure>\n\t\t\t\t\t\t\t\t\t<\/div>\n\t\t\t\t\t<\/div>\n\t\t\t\t<\/div>\n\t\t<div data-particle_enable=\"false\" data-particle-mobile-disabled=\"false\" class=\"elementor-element elementor-element-846f79a e-flex e-con-boxed e-con e-parent\" data-id=\"846f79a\" data-element_type=\"container\" data-e-type=\"container\">\n\t\t\t\t\t<div class=\"e-con-inner\">\n\t\t\t\t<div class=\"elementor-element elementor-element-3e64e15 elementor-widget elementor-widget-heading\" data-id=\"3e64e15\" data-element_type=\"widget\" data-e-type=\"widget\" data-widget_type=\"heading.default\">\n\t\t\t\t\t<h3 class=\"elementor-heading-title elementor-size-default\">Impacto en comunidades y en la econom\u00eda<\/h3>\t\t\t\t<\/div>\n\t\t\t\t\t<\/div>\n\t\t\t\t<\/div>\n\t\t<div data-particle_enable=\"false\" data-particle-mobile-disabled=\"false\" class=\"elementor-element elementor-element-4238bac e-flex e-con-boxed e-con e-parent\" data-id=\"4238bac\" data-element_type=\"container\" data-e-type=\"container\">\n\t\t\t\t\t<div class=\"e-con-inner\">\n\t\t\t\t<div class=\"elementor-element elementor-element-bf19eb4 elementor-widget elementor-widget-text-editor\" data-id=\"bf19eb4\" data-element_type=\"widget\" data-e-type=\"widget\" data-widget_type=\"text-editor.default\">\n\t\t\t\t\t\t\t\t\t<p>\u00a0La p\u00e9rdida de empleo no solo representa salarios menos recibidos, sino tambi\u00e9n un golpe al bienestar econ\u00f3mico de comunidades latinas que ya enfrentan desaf\u00edos estructurales.<\/p><p>Estas cifras pueden afectar el apoyo pol\u00edtico: como lo apunta <a href=\"https:\/\/americansfortaxfairness.org\/\">Americans for Tax Fairness<\/a>: \u201cno es de extra\u00f1ar que el apoyo latino a la administraci\u00f3n Trump est\u00e9 colapsando junto con el mercado laboral latino, ya que las finanzas familiares se ven afectadas\u201d.\u00a0<\/p><p>El an\u00e1lisis de ATF compara datos de la Oficina de Estad\u00edsticas Laborales de EE.UU. sobre empleo por industria, con especial atenci\u00f3n a aquellas donde los trabajadores latinos constituyen al menos el 20 % de la fuerza laboral \u2014y donde se emplea al menos un mill\u00f3n de estas personas.\u00a0<\/p><p>Este informe ilumina lo que ATF considera una crisis en ciernes para los trabajadores latinos bajo ciertas pol\u00edticas fiscales: menos crecimiento de empleo, menos protecci\u00f3n social, y un panorama econ\u00f3mico con mayores incertidumbres.<\/p>\t\t\t\t\t\t\t\t<\/div>\n\t\t\t\t\t<\/div>\n\t\t\t\t<\/div>\n\t\t<div data-particle_enable=\"false\" data-particle-mobile-disabled=\"false\" class=\"elementor-element elementor-element-2c81d57 e-flex e-con-boxed e-con e-parent\" data-id=\"2c81d57\" data-element_type=\"container\" data-e-type=\"container\">\n\t\t\t\t\t<div class=\"e-con-inner\">\n\t\t\t\t<div class=\"elementor-element elementor-element-28d490c elementor-widget elementor-widget-heading\" data-id=\"28d490c\" data-element_type=\"widget\" data-e-type=\"widget\" data-widget_type=\"heading.default\">\n\t\t\t\t\t<h2 class=\"elementor-heading-title elementor-size-default\">Podr\u00eda ser de utilidad<\/h2>\t\t\t\t<\/div>\n\t\t\t\t\t<\/div>\n\t\t\t\t<\/div>\n\t\t<div data-particle_enable=\"false\" data-particle-mobile-disabled=\"false\" class=\"elementor-element elementor-element-d58c169 e-flex e-con-boxed e-con e-parent\" data-id=\"d58c169\" data-element_type=\"container\" data-e-type=\"container\">\n\t\t\t\t\t<div class=\"e-con-inner\">\n\t\t\t\t<div class=\"elementor-element elementor-element-c5684a4 elementor-grid-eael-col-3 elementor-grid-tablet-eael-col-2 elementor-grid-mobile-eael-col-1 elementor-widget elementor-widget-eael-post-grid\" data-id=\"c5684a4\" data-element_type=\"widget\" data-e-type=\"widget\" data-settings=\"{&quot;eael_post_grid_columns&quot;:&quot;eael-col-3&quot;,&quot;eael_post_grid_columns_tablet&quot;:&quot;eael-col-2&quot;,&quot;eael_post_grid_columns_mobile&quot;:&quot;eael-col-1&quot;}\" data-widget_type=\"eael-post-grid.default\">\n\t\t\t\t\t<div id=\"eael-post-grid-c5684a4\" class=\"eael-post-grid-container\">\n            <div class=\"eael-post-grid eael-post-appender eael-post-appender-c5684a4 eael-post-grid-style-one\" data-layout-mode=\"masonry\"><article class=\"eael-grid-post  eael-post-grid-column eael-pg-post-16944 category-recursos-migratorios\" data-id=\"16944\">\n        <div class=\"eael-grid-post-holder\">\n            <div class=\"eael-grid-post-holder-inner\"><div class=\"eael-entry-media\"><div class=\"eael-entry-overlay fade-in\"><i class=\"far fa-hand-pointer\" aria-hidden=\"true\"><\/i><a href=\"https:\/\/soymigrante.com\/revista\/todo-migrante-tiene-derechos-la-union-americana-de-libertades-civiles-recomienda\/\"><\/a><\/div><div class=\"eael-entry-thumbnail eael-image-ratio\">\n                <img decoding=\"async\" width=\"1024\" height=\"1024\" src=\"https:\/\/soymigrante.com\/revista\/wp-content\/uploads\/2024\/12\/migrantes-ruta-1-1024x1024.jpg\" class=\"attachment-large size-large wp-image-17020\" alt=\"Camino con peatones en carretera lluviosa, se\u00f1al de obra vial y l\u00edmite de velocidad de 30 km\/h, en un entorno natural y monta\u00f1oso, en la publicaci\u00f3n de SoyMigrante.com REVISTA.\" srcset=\"https:\/\/soymigrante.com\/revista\/wp-content\/uploads\/2024\/12\/migrantes-ruta-1-1024x1024.jpg 1024w, https:\/\/soymigrante.com\/revista\/wp-content\/uploads\/2024\/12\/migrantes-ruta-1-300x300.jpg 300w, https:\/\/soymigrante.com\/revista\/wp-content\/uploads\/2024\/12\/migrantes-ruta-1-150x150.jpg 150w, https:\/\/soymigrante.com\/revista\/wp-content\/uploads\/2024\/12\/migrantes-ruta-1-768x768.jpg 768w, https:\/\/soymigrante.com\/revista\/wp-content\/uploads\/2024\/12\/migrantes-ruta-1-1536x1536.jpg 1536w, https:\/\/soymigrante.com\/revista\/wp-content\/uploads\/2024\/12\/migrantes-ruta-1-2048x2048.jpg 2048w, https:\/\/soymigrante.com\/revista\/wp-content\/uploads\/2024\/12\/migrantes-ruta-1-75x75.webp 75w, https:\/\/soymigrante.com\/revista\/wp-content\/uploads\/2024\/12\/migrantes-ruta-1-750x750.webp 750w, https:\/\/soymigrante.com\/revista\/wp-content\/uploads\/2024\/12\/migrantes-ruta-1-1140x1140.webp 1140w, https:\/\/soymigrante.com\/revista\/wp-content\/uploads\/2024\/12\/migrantes-ruta-1-scaled.webp 1920w\" sizes=\"(max-width: 1024px) 100vw, 1024px\" \/>\n            <\/div>\n        <\/div><div class=\"eael-entry-wrapper\"><header class=\"eael-entry-header\"><h2 class=\"eael-entry-title\"><a class=\"eael-grid-post-link\" href=\"https:\/\/soymigrante.com\/revista\/todo-migrante-tiene-derechos-la-union-americana-de-libertades-civiles-recomienda\/\" title=\"Todo migrante tiene derechos: la Uni\u00f3n Americana de Libertades Civiles recomienda&#8230;\">Todo migrante tiene derechos: la Uni\u00f3n Americana de Libertades Civiles recomienda&#8230;<\/a><\/h2><\/header><div class=\"eael-entry-content\">\n                        <div class=\"eael-grid-post-excerpt\"><a href=\"https:\/\/soymigrante.com\/revista\/todo-migrante-tiene-derechos-la-union-americana-de-libertades-civiles-recomienda\/\" class=\"eael-post-elements-readmore-btn\">CONOCE SU HISTORIA <\/a><\/div>\n                    <\/div><\/div><\/div>\n        <\/div>\n    <\/article><article class=\"eael-grid-post  eael-post-grid-column eael-pg-post-1367 category-bienestar\" data-id=\"1367\">\n        <div class=\"eael-grid-post-holder\">\n            <div class=\"eael-grid-post-holder-inner\"><div class=\"eael-entry-media\"><div class=\"eael-entry-overlay fade-in\"><i class=\"far fa-hand-pointer\" aria-hidden=\"true\"><\/i><a href=\"https:\/\/soymigrante.com\/revista\/claves-de-la-enfermedad-venosa-para-migrantes-guatemaltecos\/\"><\/a><\/div><div class=\"eael-entry-thumbnail eael-image-ratio\">\n                <img decoding=\"async\" width=\"1024\" height=\"683\" src=\"https:\/\/soymigrante.com\/revista\/wp-content\/uploads\/2023\/06\/Trabajadores-migrantes-que-permanecen-mucho-tiempo-de-pie-pueden-correr-riesgo-de-enfermedad-venosa-2-1024x683.webp\" class=\"attachment-large size-large wp-image-1369\" alt=\"\" srcset=\"https:\/\/soymigrante.com\/revista\/wp-content\/uploads\/2023\/06\/Trabajadores-migrantes-que-permanecen-mucho-tiempo-de-pie-pueden-correr-riesgo-de-enfermedad-venosa-2-1024x683.webp 1024w, https:\/\/soymigrante.com\/revista\/wp-content\/uploads\/2023\/06\/Trabajadores-migrantes-que-permanecen-mucho-tiempo-de-pie-pueden-correr-riesgo-de-enfermedad-venosa-2-300x200.webp 300w, https:\/\/soymigrante.com\/revista\/wp-content\/uploads\/2023\/06\/Trabajadores-migrantes-que-permanecen-mucho-tiempo-de-pie-pueden-correr-riesgo-de-enfermedad-venosa-2-768x512.webp 768w, https:\/\/soymigrante.com\/revista\/wp-content\/uploads\/2023\/06\/Trabajadores-migrantes-que-permanecen-mucho-tiempo-de-pie-pueden-correr-riesgo-de-enfermedad-venosa-2-1536x1024.webp 1536w, https:\/\/soymigrante.com\/revista\/wp-content\/uploads\/2023\/06\/Trabajadores-migrantes-que-permanecen-mucho-tiempo-de-pie-pueden-correr-riesgo-de-enfermedad-venosa-2-scaled.webp 1920w, https:\/\/soymigrante.com\/revista\/wp-content\/uploads\/2023\/06\/Trabajadores-migrantes-que-permanecen-mucho-tiempo-de-pie-pueden-correr-riesgo-de-enfermedad-venosa-2-750x500.webp 750w, https:\/\/soymigrante.com\/revista\/wp-content\/uploads\/2023\/06\/Trabajadores-migrantes-que-permanecen-mucho-tiempo-de-pie-pueden-correr-riesgo-de-enfermedad-venosa-2-1140x760.webp 1140w, https:\/\/soymigrante.com\/revista\/wp-content\/uploads\/2023\/06\/Trabajadores-migrantes-que-permanecen-mucho-tiempo-de-pie-pueden-correr-riesgo-de-enfermedad-venosa-2-600x400.webp 600w\" sizes=\"(max-width: 1024px) 100vw, 1024px\" \/>\n            <\/div>\n        <\/div><div class=\"eael-entry-wrapper\"><header class=\"eael-entry-header\"><h2 class=\"eael-entry-title\"><a class=\"eael-grid-post-link\" href=\"https:\/\/soymigrante.com\/revista\/claves-de-la-enfermedad-venosa-para-migrantes-guatemaltecos\/\" title=\"Las venas de los migrantes tambi\u00e9n se enferman (y no hay que descuidarlas)\">Las venas de los migrantes tambi\u00e9n se enferman (y no hay que descuidarlas)<\/a><\/h2><\/header><div class=\"eael-entry-content\">\n                        <div class=\"eael-grid-post-excerpt\"><a href=\"https:\/\/soymigrante.com\/revista\/claves-de-la-enfermedad-venosa-para-migrantes-guatemaltecos\/\" class=\"eael-post-elements-readmore-btn\">CONOCE SU HISTORIA <\/a><\/div>\n                    <\/div><\/div><\/div>\n        <\/div>\n    <\/article><article class=\"eael-grid-post  eael-post-grid-column eael-pg-post-6382 category-recursos-migratorios\" data-id=\"6382\">\n        <div class=\"eael-grid-post-holder\">\n            <div class=\"eael-grid-post-holder-inner\"><div class=\"eael-entry-media\"><div class=\"eael-entry-overlay fade-in\"><i class=\"far fa-hand-pointer\" aria-hidden=\"true\"><\/i><a href=\"https:\/\/soymigrante.com\/revista\/derechos-de-los-migrantes-silencio-indocumentados-defensa\/\"><\/a><\/div><div class=\"eael-entry-thumbnail eael-image-ratio\">\n                <img loading=\"lazy\" decoding=\"async\" width=\"1024\" height=\"1024\" src=\"https:\/\/soymigrante.com\/revista\/wp-content\/uploads\/2024\/05\/derechos-migrantes-en-estados-unidos-1024x1024.png\" class=\"attachment-large size-large wp-image-49647\" alt=\"obrero industrial hispano para ilustrar tema de derechos migrantes en estados unidos\" srcset=\"https:\/\/soymigrante.com\/revista\/wp-content\/uploads\/2024\/05\/derechos-migrantes-en-estados-unidos-1024x1024.png 1024w, https:\/\/soymigrante.com\/revista\/wp-content\/uploads\/2024\/05\/derechos-migrantes-en-estados-unidos-300x300.png 300w, https:\/\/soymigrante.com\/revista\/wp-content\/uploads\/2024\/05\/derechos-migrantes-en-estados-unidos-150x150.png 150w, https:\/\/soymigrante.com\/revista\/wp-content\/uploads\/2024\/05\/derechos-migrantes-en-estados-unidos-768x768.png 768w, https:\/\/soymigrante.com\/revista\/wp-content\/uploads\/2024\/05\/derechos-migrantes-en-estados-unidos-75x75.png 75w, https:\/\/soymigrante.com\/revista\/wp-content\/uploads\/2024\/05\/derechos-migrantes-en-estados-unidos-750x750.png 750w, https:\/\/soymigrante.com\/revista\/wp-content\/uploads\/2024\/05\/derechos-migrantes-en-estados-unidos.png 1101w\" sizes=\"(max-width: 1024px) 100vw, 1024px\" \/>\n            <\/div>\n        <\/div><div class=\"eael-entry-wrapper\"><header class=\"eael-entry-header\"><h2 class=\"eael-entry-title\"><a class=\"eael-grid-post-link\" href=\"https:\/\/soymigrante.com\/revista\/derechos-de-los-migrantes-silencio-indocumentados-defensa\/\" title=\"Migrante, tienes derechos en EE.UU., incluyendo el silencio: averigua, conoce y comparte\">Migrante, tienes derechos en EE.UU., incluyendo el silencio: averigua, conoce y comparte<\/a><\/h2><\/header><div class=\"eael-entry-content\">\n                        <div class=\"eael-grid-post-excerpt\"><a href=\"https:\/\/soymigrante.com\/revista\/derechos-de-los-migrantes-silencio-indocumentados-defensa\/\" class=\"eael-post-elements-readmore-btn\">CONOCE SU HISTORIA <\/a><\/div>\n                    <\/div><\/div><\/div>\n        <\/div>\n    <\/article><\/div>\n            <div class=\"clearfix\"><\/div>\n        <\/div>\t\t\t\t<\/div>\n\t\t\t\t\t<\/div>\n\t\t\t\t<\/div>\n\t\t\t\t<\/div>\n\t\t","protected":false},"excerpt":{"rendered":"<p>Los constantes operativos antimigrantes en centros laborales tienen ya un impacto en cifras: 300 mil empleos perdidos, seg\u00fan cifras de an\u00e1lisis de Americans for Tax Fairness. Un nuevo estudio de Americans for Tax Fairness (ATF) muestra que el crecimiento de empleo en industrias con alta presencia de trabajadores latinos ha sufrido una ca\u00edda dram\u00e1tica durante [&hellip;]<\/p>\n","protected":false},"author":7,"featured_media":47143,"comment_status":"open","ping_status":"open","sticky":false,"template":"","format":"standard","meta":{"_acf_changed":false,"_eb_attr":"","footnotes":""},"categories":[280],"tags":[],"class_list":["post-47142","post","type-post","status-publish","format-standard","has-post-thumbnail","hentry","category-noticias"],"acf":[],"aioseo_notices":[],"aioseo_head":"\n\t\t<!-- All in One SEO Pro 4.9.6.2 - aioseo.com -->\n\t<meta name=\"description\" content=\"El Centro de Recursos Legales para migrantes, por sus siglas en ingl\u00e9s ILRC, ofrece recomendaciones para migrantes en Estados Unidos, incluso si no tienen un estatus regular. Tarjeta roja y silencio son dos recursos que pueden ser \u00fatiles. El incremento de pol\u00edticas antimigrantes en varios Estados de EE.UU. genera temores entre migrantes guatemaltecos y de\" \/>\n\t<meta name=\"robots\" content=\"max-snippet:-1, max-image-preview:large, max-video-preview:-1\" \/>\n\t<meta name=\"author\" content=\"Gustavo Montenegro\"\/>\n\t<link rel=\"canonical\" href=\"https:\/\/soymigrante.com\/revista\/mas-de-300-mil-empleos-hispanos-perdidos-en-usa-en-8-meses-por-redadas-senala-estudio\/\" \/>\n\t<meta name=\"generator\" content=\"All in One SEO Pro (AIOSEO) 4.9.6.2\" \/>\n\n\t\t<link rel=\"preconnect\" href=\"https:\/\/fonts.googleapis.com\" crossorigin>\n<link rel=\"preconnect\" href=\"https:\/\/fonts.gstatic.com\" crossorigin>\n\t\t<meta property=\"og:locale\" content=\"es_ES\" \/>\n\t\t<meta property=\"og:site_name\" content=\"SoyMigrante.com REVISTA \u2013 Nuestra misi\u00f3n es reconocer y dignificar al migrante.\" \/>\n\t\t<meta property=\"og:type\" content=\"article\" \/>\n\t\t<meta property=\"og:title\" content=\"M\u00e1s de 300 mil empleos perdidos por redadas, se\u00f1ala an\u00e1lisis\" \/>\n\t\t<meta property=\"og:description\" content=\"Estudio de America&#039;s Tax Fairness se\u00f1ala impacto negativo de pol\u00edticas antimigrantes: 300 mil empleos perdidos que impactar\u00e1n en los ingrsos tributarios en USA\" \/>\n\t\t<meta property=\"og:url\" content=\"https:\/\/soymigrante.com\/revista\/mas-de-300-mil-empleos-hispanos-perdidos-en-usa-en-8-meses-por-redadas-senala-estudio\/\" \/>\n\t\t<meta property=\"og:image\" content=\"https:\/\/soymigrante.com\/revista\/wp-content\/uploads\/2025\/10\/redadas.png\" \/>\n\t\t<meta property=\"og:image:secure_url\" content=\"https:\/\/soymigrante.com\/revista\/wp-content\/uploads\/2025\/10\/redadas.png\" \/>\n\t\t<meta property=\"og:image:width\" content=\"514\" \/>\n\t\t<meta property=\"og:image:height\" content=\"514\" \/>\n\t\t<meta property=\"article:published_time\" content=\"2025-10-13T11:00:00+00:00\" \/>\n\t\t<meta property=\"article:modified_time\" content=\"2025-10-13T06:07:18+00:00\" \/>\n\t\t<meta property=\"article:publisher\" content=\"https:\/\/www.facebook.com\/soymigrantecom\" \/>\n\t\t<meta name=\"twitter:card\" content=\"summary_large_image\" \/>\n\t\t<meta name=\"twitter:site\" content=\"@SoyMigrante_com\" \/>\n\t\t<meta name=\"twitter:title\" content=\"M\u00e1s de 300 mil empleos perdidos por redadas, se\u00f1ala an\u00e1lisis\" \/>\n\t\t<meta name=\"twitter:description\" content=\"Estudio de America&#039;s Tax Fairness se\u00f1ala impacto negativo de pol\u00edticas antimigrantes: 300 mil empleos perdidos que impactar\u00e1n en los ingrsos tributarios en USA\" \/>\n\t\t<meta name=\"twitter:creator\" content=\"@SoyMigrante_com\" \/>\n\t\t<meta name=\"twitter:image\" content=\"https:\/\/soymigrante.com\/revista\/wp-content\/uploads\/2025\/10\/redadas.png\" \/>\n\t\t<!-- All in One SEO Pro -->\r\n\t\t<title>M\u00e1s de 300 mil empleos perdidos por redadas, se\u00f1ala an\u00e1lisis<\/title>\n\n","aioseo_head_json":{"title":"M\u00e1s de 300 mil empleos perdidos por redadas, se\u00f1ala an\u00e1lisis","description":"Estudio de America's Tax Fairness se\u00f1ala impacto negativo de pol\u00edticas antimigrantes: 300 mil empleos perdidos que impactar\u00e1n en los ingrsos tributarios en USA","canonical_url":"https:\/\/soymigrante.com\/revista\/mas-de-300-mil-empleos-hispanos-perdidos-en-usa-en-8-meses-por-redadas-senala-estudio\/","robots":"max-snippet:-1, max-image-preview:large, max-video-preview:-1","keywords":"","webmasterTools":{"miscellaneous":"&lt;link rel=\"preconnect\" href=\"https:\/\/fonts.googleapis.com\" crossorigin&gt;\n&lt;link rel=\"preconnect\" href=\"https:\/\/fonts.gstatic.com\" crossorigin&gt;"},"schema":null,"og:locale":"es_ES","og:site_name":"SoyMigrante.com REVISTA \u2013 Nuestra misi\u00f3n es reconocer y dignificar al migrante.","og:type":"article","og:title":"M\u00e1s de 300 mil empleos perdidos por redadas, se\u00f1ala an\u00e1lisis","og:description":"Estudio de America's Tax Fairness se\u00f1ala impacto negativo de pol\u00edticas antimigrantes: 300 mil empleos perdidos que impactar\u00e1n en los ingrsos tributarios en USA","og:url":"https:\/\/soymigrante.com\/revista\/mas-de-300-mil-empleos-hispanos-perdidos-en-usa-en-8-meses-por-redadas-senala-estudio\/","og:image":"https:\/\/soymigrante.com\/revista\/wp-content\/uploads\/2025\/10\/redadas.png","og:image:secure_url":"https:\/\/soymigrante.com\/revista\/wp-content\/uploads\/2025\/10\/redadas.png","og:image:width":514,"og:image:height":514,"article:published_time":"2025-10-13T11:00:00+00:00","article:modified_time":"2025-10-13T06:07:18+00:00","article:publisher":"https:\/\/www.facebook.com\/soymigrantecom","twitter:card":"summary_large_image","twitter:site":"@SoyMigrante_com","twitter:title":"M\u00e1s de 300 mil empleos perdidos por redadas, se\u00f1ala an\u00e1lisis","twitter:description":"Estudio de America's Tax Fairness se\u00f1ala impacto negativo de pol\u00edticas antimigrantes: 300 mil empleos perdidos que impactar\u00e1n en los ingrsos tributarios en USA","twitter:creator":"@SoyMigrante_com","twitter:image":"https:\/\/soymigrante.com\/revista\/wp-content\/uploads\/2025\/10\/redadas.png"},"aioseo_meta_data":{"post_id":"47142","title":"M\u00e1s de 300 mil empleos perdidos por redadas, se\u00f1ala an\u00e1lisis","description":"Estudio de America's Tax Fairness se\u00f1ala impacto negativo de pol\u00edticas antimigrantes: 300 mil empleos perdidos que impactar\u00e1n en los ingrsos tributarios en USA","keywords":null,"keyphrases":{"focus":{"keyphrase":"Redadas","score":60,"analysis":{"keyphraseInTitle":{"score":9,"maxScore":9,"error":0},"keyphraseInDescription":{"score":3,"maxScore":9,"error":1},"keyphraseLength":{"score":9,"maxScore":9,"error":0,"length":1},"keyphraseInURL":{"score":5,"maxScore":5,"error":0},"keyphraseInIntroduction":{"score":9,"maxScore":9,"error":0},"keyphraseInSubHeadings":{"score":3,"maxScore":9,"error":1},"keyphraseInImageAlt":{"score":3,"maxScore":9,"error":1},"keywordDensity":{"score":0,"type":"low","maxScore":9,"error":1}}},"additional":[]},"primary_term":null,"canonical_url":null,"og_title":null,"og_description":null,"og_object_type":"default","og_image_type":"default","og_image_url":null,"og_image_width":null,"og_image_height":null,"og_image_custom_url":null,"og_image_custom_fields":null,"og_video":"","og_custom_url":null,"og_article_section":null,"og_article_tags":null,"twitter_use_og":false,"twitter_card":"default","twitter_image_type":"default","twitter_image_url":null,"twitter_image_custom_url":null,"twitter_image_custom_fields":null,"twitter_title":null,"twitter_description":null,"schema":{"blockGraphs":[],"customGraphs":[],"default":{"data":{"Article":[],"Course":[],"Dataset":[],"FAQPage":[],"Movie":[],"Person":[],"Product":[],"ProductReview":[],"Car":[],"Recipe":[],"Service":[],"SoftwareApplication":[],"WebPage":[]},"graphName":"none","isEnabled":true},"graphs":[]},"schema_type":"default","schema_type_options":null,"pillar_content":false,"robots_default":true,"robots_noindex":false,"robots_noarchive":false,"robots_nosnippet":false,"robots_nofollow":false,"robots_noimageindex":false,"robots_noodp":false,"robots_notranslate":false,"robots_max_snippet":"-1","robots_max_videopreview":"-1","robots_max_imagepreview":"large","priority":null,"frequency":"default","local_seo":null,"seo_analyzer_scan_date":"2025-10-13 11:00:17","breadcrumb_settings":null,"limit_modified_date":false,"reviewed_by":"0","open_ai":null,"ai":{"faqs":[],"keyPoints":[],"titles":[],"descriptions":[],"socialPosts":{"email":[],"linkedin":[],"twitter":[],"facebook":[],"instagram":[]}},"created":"2025-10-13 05:48:03","updated":"2026-02-05 06:30:58"},"aioseo_breadcrumb":"<div class=\"aioseo-breadcrumbs\"><span class=\"aioseo-breadcrumb\">\n\t<a href=\"https:\/\/soymigrante.com\/revista\" title=\"Home\">Home<\/a>\n<\/span><span class=\"aioseo-breadcrumb-separator\">\u00bb<\/span><span class=\"aioseo-breadcrumb\">\n\t<a href=\"https:\/\/soymigrante.com\/revista\/category\/noticias\/\" title=\"Noticias\">Noticias<\/a>\n<\/span><span class=\"aioseo-breadcrumb-separator\">\u00bb<\/span><span class=\"aioseo-breadcrumb\">\n\tM\u00e1s de 300 mil empleos hispanos perdidos en USA en 8 meses por redadas, se\u00f1ala estudio.\n<\/span><\/div>","aioseo_breadcrumb_json":[{"label":"Home","link":"https:\/\/soymigrante.com\/revista"},{"label":"Noticias","link":"https:\/\/soymigrante.com\/revista\/category\/noticias\/"},{"label":"M\u00e1s de 300 mil empleos hispanos perdidos en USA en 8 meses por redadas, se\u00f1ala estudio.","link":"https:\/\/soymigrante.com\/revista\/mas-de-300-mil-empleos-hispanos-perdidos-en-usa-en-8-meses-por-redadas-senala-estudio\/"}],"_links":{"self":[{"href":"https:\/\/soymigrante.com\/revista\/wp-json\/wp\/v2\/posts\/47142","targetHints":{"allow":["GET"]}}],"collection":[{"href":"https:\/\/soymigrante.com\/revista\/wp-json\/wp\/v2\/posts"}],"about":[{"href":"https:\/\/soymigrante.com\/revista\/wp-json\/wp\/v2\/types\/post"}],"author":[{"embeddable":true,"href":"https:\/\/soymigrante.com\/revista\/wp-json\/wp\/v2\/users\/7"}],"replies":[{"embeddable":true,"href":"https:\/\/soymigrante.com\/revista\/wp-json\/wp\/v2\/comments?post=47142"}],"version-history":[{"count":6,"href":"https:\/\/soymigrante.com\/revista\/wp-json\/wp\/v2\/posts\/47142\/revisions"}],"predecessor-version":[{"id":47151,"href":"https:\/\/soymigrante.com\/revista\/wp-json\/wp\/v2\/posts\/47142\/revisions\/47151"}],"wp:featuredmedia":[{"embeddable":true,"href":"https:\/\/soymigrante.com\/revista\/wp-json\/wp\/v2\/media\/47143"}],"wp:attachment":[{"href":"https:\/\/soymigrante.com\/revista\/wp-json\/wp\/v2\/media?parent=47142"}],"wp:term":[{"taxonomy":"category","embeddable":true,"href":"https:\/\/soymigrante.com\/revista\/wp-json\/wp\/v2\/categories?post=47142"},{"taxonomy":"post_tag","embeddable":true,"href":"https:\/\/soymigrante.com\/revista\/wp-json\/wp\/v2\/tags?post=47142"}],"curies":[{"name":"wp","href":"https:\/\/api.w.org\/{rel}","templated":true}]}}