{"id":47123,"date":"2025-10-13T04:00:00","date_gmt":"2025-10-13T10:00:00","guid":{"rendered":"https:\/\/soymigrante.com\/revista\/?p=47123"},"modified":"2025-10-12T23:34:18","modified_gmt":"2025-10-13T05:34:18","slug":"fotografa-jennifer-ugarte-es-mirada-guatemalteca-rhode-island","status":"publish","type":"post","link":"https:\/\/soymigrante.com\/revista\/fotografa-jennifer-ugarte-es-mirada-guatemalteca-rhode-island\/","title":{"rendered":"Fot\u00f3grafa Jennifer Ugarte es mirada  guatemalteca Rhode Island"},"content":{"rendered":"\t\t<div data-elementor-type=\"wp-post\" data-elementor-id=\"47123\" class=\"elementor elementor-47123\" data-elementor-post-type=\"post\">\n\t\t\t\t<div data-particle_enable=\"false\" data-particle-mobile-disabled=\"false\" class=\"elementor-element elementor-element-6ccf2b1 e-flex e-con-boxed e-con e-parent\" data-id=\"6ccf2b1\" data-element_type=\"container\" data-e-type=\"container\">\n\t\t\t\t\t<div class=\"e-con-inner\">\n\t\t\t\t<div class=\"elementor-element elementor-element-a9796cd elementor-widget elementor-widget-heading\" data-id=\"a9796cd\" data-element_type=\"widget\" data-e-type=\"widget\" data-widget_type=\"heading.default\">\n\t\t\t\t\t<h2 class=\"elementor-heading-title elementor-size-default\">En Rhode Island, la fot\u00f3grafa guatemalteca busca registrar su experiencia migrante con un ojo sensible y memoria poderosa. Nostalgia, fuerza, alegr\u00eda, comunidad se proyectan en sus im\u00e1genes.<\/h2>\t\t\t\t<\/div>\n\t\t\t\t\t<\/div>\n\t\t\t\t<\/div>\n\t\t<div data-particle_enable=\"false\" data-particle-mobile-disabled=\"false\" class=\"elementor-element elementor-element-5df5942 e-flex e-con-boxed e-con e-parent\" data-id=\"5df5942\" data-element_type=\"container\" data-e-type=\"container\">\n\t\t\t\t\t<div class=\"e-con-inner\">\n\t\t\t\t<div class=\"elementor-element elementor-element-d73c45e elementor-widget elementor-widget-text-editor\" data-id=\"d73c45e\" data-element_type=\"widget\" data-e-type=\"widget\" data-widget_type=\"text-editor.default\">\n\t\t\t\t\t\t\t\t\t<p>\u201cMe mud\u00e9 por amor\u201d, dice Jennifer Ugarte, guatemalteca, fot\u00f3grafa, con una sonrisa al contar de su llegada relativamente reciente a Estados Unidos, espec\u00edficamente a Pawtucket, <a href=\"https:\/\/soymigrante.com\/revista\/emocion-nostalgia-y-creatividad-bailan-con-el-convite-guatemala-rhode-island\/\">Rhode Island<\/a>. Se gradu\u00f3 como mercad\u00f3loga en la Universidad Rafael Land\u00edvar, Guatemala.\u00a0<\/p><p>\u201cConoc\u00ed a mi esposo en Guatemala en 2019, viajamos de mochileros por Sudam\u00e9rica y Europa, y dos a\u00f1os despu\u00e9s me mud\u00e9 con \u00e9l a <a href=\"https:\/\/soymigrante.com\/revista\/emocion-nostalgia-y-creatividad-bailan-con-el-convite-guatemala-rhode-island\/\">Rhode Island<\/a>.\u201d En aquel viaje la fotograf\u00eda se convirti\u00f3 en herramienta y registro. Fue por ello que en 2022 c<span style=\"font-family: Roboto, sans-serif; font-size: 22px; font-style: normal; font-variant-ligatures: normal; font-variant-caps: normal; font-weight: 400;\">urs\u00f3 un diplomado en fotograf\u00eda en La Fototeca Guatemala y desde entonces no para de disparar im\u00e1genes.<\/span><\/p>\t\t\t\t\t\t\t\t<\/div>\n\t\t\t\t\t<\/div>\n\t\t\t\t<\/div>\n\t\t<div data-particle_enable=\"false\" data-particle-mobile-disabled=\"false\" class=\"elementor-element elementor-element-29bf8f2 e-flex e-con-boxed e-con e-parent\" data-id=\"29bf8f2\" data-element_type=\"container\" data-e-type=\"container\">\n\t\t\t\t\t<div class=\"e-con-inner\">\n\t\t\t\t<div class=\"elementor-element elementor-element-f96de68 elementor-widget elementor-widget-image\" data-id=\"f96de68\" data-element_type=\"widget\" data-e-type=\"widget\" data-widget_type=\"image.default\">\n\t\t\t\t\t\t\t\t\t\t\t\t<figure class=\"wp-caption\">\n\t\t\t\t\t\t\t\t\t\t<img fetchpriority=\"high\" decoding=\"async\" width=\"544\" height=\"824\" src=\"https:\/\/soymigrante.com\/revista\/wp-content\/uploads\/2025\/10\/fotos-jenni-ugarte-16.png\" class=\"attachment-large size-large wp-image-47130\" alt=\"La empat\u00eda con los guatemaltecos radicados en Rhode Island contribuye a la autenticidad de las fotograf\u00edas de Jenni Ugarte. Festejo de septiembre 2025 en el Consulado de Guatemala. Foto Jenni Ugarte.\" srcset=\"https:\/\/soymigrante.com\/revista\/wp-content\/uploads\/2025\/10\/fotos-jenni-ugarte-16.png 544w, https:\/\/soymigrante.com\/revista\/wp-content\/uploads\/2025\/10\/fotos-jenni-ugarte-16-198x300.png 198w\" sizes=\"(max-width: 544px) 100vw, 544px\" title=\"La empat\u00eda con los guatemaltecos radicados en Rhode Island contribuye a la autenticidad de las fotograf\u00edas de Jenni Ugarte. Festejo de septiembre 2025 en el Consulado de Guatemala. Foto Jenni Ugarte. \u2013 SoyMigrante.com REVISTA\" \/>\t\t\t\t\t\t\t\t\t\t\t<figcaption class=\"widget-image-caption wp-caption-text\">La empat\u00eda con los guatemaltecos radicados en Rhode Island contribuye a la autenticidad de las fotograf\u00edas de Jenni Ugarte. Festejo de septiembre 2025 en el Consulado de Guatemala. Foto Jenni Ugarte.<\/figcaption>\n\t\t\t\t\t\t\t\t\t\t<\/figure>\n\t\t\t\t\t\t\t\t\t<\/div>\n\t\t\t\t\t<\/div>\n\t\t\t\t<\/div>\n\t\t<div data-particle_enable=\"false\" data-particle-mobile-disabled=\"false\" class=\"elementor-element elementor-element-7bdece7 e-flex e-con-boxed e-con e-parent\" data-id=\"7bdece7\" data-element_type=\"container\" data-e-type=\"container\">\n\t\t\t\t\t<div class=\"e-con-inner\">\n\t\t\t\t<div class=\"elementor-element elementor-element-be22a3e elementor-widget elementor-widget-heading\" data-id=\"be22a3e\" data-element_type=\"widget\" data-e-type=\"widget\" data-widget_type=\"heading.default\">\n\t\t\t\t\t<h3 class=\"elementor-heading-title elementor-size-default\">El fuerte giro de la migraci\u00f3n<\/h3>\t\t\t\t<\/div>\n\t\t\t\t\t<\/div>\n\t\t\t\t<\/div>\n\t\t<div data-particle_enable=\"false\" data-particle-mobile-disabled=\"false\" class=\"elementor-element elementor-element-6b5e77f e-flex e-con-boxed e-con e-parent\" data-id=\"6b5e77f\" data-element_type=\"container\" data-e-type=\"container\">\n\t\t\t\t\t<div class=\"e-con-inner\">\n\t\t\t\t<div class=\"elementor-element elementor-element-c391655 elementor-widget elementor-widget-text-editor\" data-id=\"c391655\" data-element_type=\"widget\" data-e-type=\"widget\" data-widget_type=\"text-editor.default\">\n\t\t\t\t\t\t\t\t\t<p>Antes de migrar, Jennifer trabajaba como gerente de ventas en una empresa de cosm\u00e9ticos. \u201cTen\u00eda a 600 personas a mi cargo en el \u00e1rea de San Lucas Sacatepequez, Santiago Sacatep\u00e9quez, Santa Mar\u00eda Cauqu\u00e9 y Mixco. Mi trabajo consist\u00eda en brindarles herramientas para que construyeran sus propios negocios, para que fueran <a href=\"https:\/\/soymigrante.com\/revista\/tag\/mercado-emprendedores\/\">emprendedoras<\/a>\u201d, recuerda.<\/p><p>\u201cFue durante aquel viaje mochilero que la fotograf\u00eda lleg\u00f3 a m\u00ed\u201d, cuenta. \u201cQuer\u00eda documentar el viaje y no ten\u00eda ni idea de qu\u00e9 estaba haciendo. Me llamaban la atenci\u00f3n las revistas como National Geographic, los documentales\u2026 ve\u00eda una imagen y me preguntaba qu\u00e9 hab\u00eda detr\u00e1s\u201d. Y ya en Estados Unidos, se volvi\u00f3 una aliada.<\/p><p style=\"font-style: normal; font-variant-ligatures: normal; font-variant-caps: normal; font-weight: 400; font-size: 22px; font-family: Roboto, sans-serif;\">En Estados Unidos no pod\u00eda ejercer su t\u00edtulo profesional, as\u00ed que se ocup\u00f3 en otras labores. Trabaj\u00f3 en una cl\u00ednica de salud a cargo de la comunicaci\u00f3n con la comunidad.<\/p>\t\t\t\t\t\t\t\t<\/div>\n\t\t\t\t\t<\/div>\n\t\t\t\t<\/div>\n\t\t<div data-particle_enable=\"false\" data-particle-mobile-disabled=\"false\" class=\"elementor-element elementor-element-206391b e-flex e-con-boxed e-con e-parent\" data-id=\"206391b\" data-element_type=\"container\" data-e-type=\"container\">\n\t\t\t\t\t<div class=\"e-con-inner\">\n\t\t\t\t<div class=\"elementor-element elementor-element-a1a30f4 elementor-widget elementor-widget-image\" data-id=\"a1a30f4\" data-element_type=\"widget\" data-e-type=\"widget\" data-widget_type=\"image.default\">\n\t\t\t\t\t\t\t\t\t\t\t\t<figure class=\"wp-caption\">\n\t\t\t\t\t\t\t\t\t\t<img decoding=\"async\" width=\"1100\" height=\"584\" src=\"https:\/\/soymigrante.com\/revista\/wp-content\/uploads\/2025\/10\/fotos-jenni-ugarte-2.png\" class=\"attachment-large size-large wp-image-47131\" alt=\"Manifestaci\u00f3n popular No Kings, efectuada en junio en contra de diversos abusos contra las libertades ciudadanas. (Fotograf\u00eda Jenni Ugarte)\" srcset=\"https:\/\/soymigrante.com\/revista\/wp-content\/uploads\/2025\/10\/fotos-jenni-ugarte-2.png 1100w, https:\/\/soymigrante.com\/revista\/wp-content\/uploads\/2025\/10\/fotos-jenni-ugarte-2-300x159.png 300w, https:\/\/soymigrante.com\/revista\/wp-content\/uploads\/2025\/10\/fotos-jenni-ugarte-2-768x408.png 768w, https:\/\/soymigrante.com\/revista\/wp-content\/uploads\/2025\/10\/fotos-jenni-ugarte-2-750x398.png 750w\" sizes=\"(max-width: 1100px) 100vw, 1100px\" title=\"Manifestaci\u00f3n popular No Kings, efectuada en junio en contra de diversos abusos contra las libertades ciudadanas. (Fotograf\u00eda Jenni Ugarte) \u2013 SoyMigrante.com REVISTA\" \/>\t\t\t\t\t\t\t\t\t\t\t<figcaption class=\"widget-image-caption wp-caption-text\">Manifestaci\u00f3n popular No Kings, efectuada en junio en contra de diversos abusos contra las libertades ciudadanas. (Fotograf\u00eda Jenni Ugarte)<\/figcaption>\n\t\t\t\t\t\t\t\t\t\t<\/figure>\n\t\t\t\t\t\t\t\t\t<\/div>\n\t\t\t\t\t<\/div>\n\t\t\t\t<\/div>\n\t\t<div data-particle_enable=\"false\" data-particle-mobile-disabled=\"false\" class=\"elementor-element elementor-element-04eec99 e-flex e-con-boxed e-con e-parent\" data-id=\"04eec99\" data-element_type=\"container\" data-e-type=\"container\">\n\t\t\t\t\t<div class=\"e-con-inner\">\n\t\t\t\t<div class=\"elementor-element elementor-element-62d364d elementor-widget elementor-widget-heading\" data-id=\"62d364d\" data-element_type=\"widget\" data-e-type=\"widget\" data-widget_type=\"heading.default\">\n\t\t\t\t\t<h3 class=\"elementor-heading-title elementor-size-default\">Estar cerca de las realidades<\/h3>\t\t\t\t<\/div>\n\t\t\t\t\t<\/div>\n\t\t\t\t<\/div>\n\t\t<div data-particle_enable=\"false\" data-particle-mobile-disabled=\"false\" class=\"elementor-element elementor-element-1889314 e-flex e-con-boxed e-con e-parent\" data-id=\"1889314\" data-element_type=\"container\" data-e-type=\"container\">\n\t\t\t\t\t<div class=\"e-con-inner\">\n\t\t\t\t<div class=\"elementor-element elementor-element-a580ce4 elementor-widget elementor-widget-text-editor\" data-id=\"a580ce4\" data-element_type=\"widget\" data-e-type=\"widget\" data-widget_type=\"text-editor.default\">\n\t\t\t\t\t\t\t\t\t<p>Con una c\u00e1mara Fujifilm ligera y un lente fijo, Jenni empez\u00f3 a practicar. Aprendi\u00f3 viendo videos en YouTube, siguiendo redes sociales de fot\u00f3grafos y tomando el curso en La Fototeca. Le gusta acercarse a los protagonistas de cada escena.<\/p><p>\u201cEntend\u00ed que todos podemos estar en el mismo lugar, pero cada quien ve algo distinto y la <a href=\"https:\/\/soymigrante.com\/revista\/la-buena-imagen-vende-mas-claves-para-fotos-para-ventas-digitales\/\">fotograf\u00eda<\/a> refleja lo que hay afuera, pero tambi\u00e9n lo que hay adentro de las personas\u201d<\/p><p>Y as\u00ed ha sido durante su estad\u00eda en Rhode Island. La c\u00e1mara se convirti\u00f3 en puente con su comunidad. Desde hace cuatro meses trabaja en el Consulado de Guatemala, en la atenci\u00f3n a connacionales. Y fue as\u00ed como entr\u00f3 en contacto con el Centro Guatemalteco de New England, que este a\u00f1o convoc\u00f3 a un taller de barriletes.<\/p>\t\t\t\t\t\t\t\t<\/div>\n\t\t\t\t\t<\/div>\n\t\t\t\t<\/div>\n\t\t<div data-particle_enable=\"false\" data-particle-mobile-disabled=\"false\" class=\"elementor-element elementor-element-f895d80 e-flex e-con-boxed e-con e-parent\" data-id=\"f895d80\" data-element_type=\"container\" data-e-type=\"container\">\n\t\t\t\t\t<div class=\"e-con-inner\">\n\t\t\t\t<div class=\"elementor-element elementor-element-29b868b elementor-arrows-position-inside elementor-pagination-position-outside elementor-widget elementor-widget-image-carousel\" data-id=\"29b868b\" data-element_type=\"widget\" data-e-type=\"widget\" data-settings=\"{&quot;slides_to_show&quot;:&quot;1&quot;,&quot;navigation&quot;:&quot;both&quot;,&quot;autoplay&quot;:&quot;yes&quot;,&quot;pause_on_hover&quot;:&quot;yes&quot;,&quot;pause_on_interaction&quot;:&quot;yes&quot;,&quot;autoplay_speed&quot;:5000,&quot;infinite&quot;:&quot;yes&quot;,&quot;effect&quot;:&quot;slide&quot;,&quot;speed&quot;:500}\" data-widget_type=\"image-carousel.default\">\n\t\t\t\t\t\t\t<div class=\"elementor-image-carousel-wrapper swiper\" role=\"region\" aria-roledescription=\"carousel\" aria-label=\"Carrusel de im\u00e1genes\" dir=\"ltr\">\n\t\t\t<div class=\"elementor-image-carousel swiper-wrapper\" aria-live=\"off\">\n\t\t\t\t\t\t\t\t<div class=\"swiper-slide\" role=\"group\" aria-roledescription=\"slide\" aria-label=\"1 de 4\"><figure class=\"swiper-slide-inner\"><img decoding=\"async\" class=\"swiper-slide-image\" src=\"https:\/\/soymigrante.com\/revista\/wp-content\/uploads\/2025\/10\/fotos-jenni-ugarte-6.png\" alt=\"Taller de barriletes impartido en el Centro Guatemalteco de New England, por la artista guatemalteca migrante Magda Le\u00f3n. Acudieron participantes de varias nacionalidades, unidas bajo la identidad hispana. (Foto Jenni Ugarte)\" \/><figcaption class=\"elementor-image-carousel-caption\">Taller de barriletes impartido en el Centro Guatemalteco de New England, por la artista guatemalteca migrante Magda Le\u00f3n. Acudieron participantes de varias nacionalidades, unidas bajo la identidad hispana. (Foto Jenni Ugarte)<\/figcaption><\/figure><\/div><div class=\"swiper-slide\" role=\"group\" aria-roledescription=\"slide\" aria-label=\"2 de 4\"><figure class=\"swiper-slide-inner\"><img decoding=\"async\" class=\"swiper-slide-image\" src=\"https:\/\/soymigrante.com\/revista\/wp-content\/uploads\/2025\/10\/fotos-jenni-ugarte-7-1.png\" alt=\"El taller de barriletes estuvo lleno de creatividad, hermandad y muchas ganas de expresar los valores de identidad (Foto Jenni Ugarte)\" \/><figcaption class=\"elementor-image-carousel-caption\">El taller de barriletes estuvo lleno de creatividad, hermandad y muchas ganas de expresar los valores de identidad (Foto Jenni Ugarte)<\/figcaption><\/figure><\/div><div class=\"swiper-slide\" role=\"group\" aria-roledescription=\"slide\" aria-label=\"3 de 4\"><figure class=\"swiper-slide-inner\"><img decoding=\"async\" class=\"swiper-slide-image\" src=\"https:\/\/soymigrante.com\/revista\/wp-content\/uploads\/2025\/10\/fotos-jenni-ugarte-8.png\" alt=\"Los barriletes hablan de entusiasmo, historias, familias y recuerdos. (Foto Jenni Ugarte)\" \/><figcaption class=\"elementor-image-carousel-caption\">Los barriletes hablan de entusiasmo, historias, familias y recuerdos. (Foto Jenni Ugarte)<\/figcaption><\/figure><\/div><div class=\"swiper-slide\" role=\"group\" aria-roledescription=\"slide\" aria-label=\"4 de 4\"><figure class=\"swiper-slide-inner\"><img decoding=\"async\" class=\"swiper-slide-image\" src=\"https:\/\/soymigrante.com\/revista\/wp-content\/uploads\/2025\/10\/fotos-jenni-ugarte-17-1140x755.png\" alt=\"La artista guatemalteca Magda Le\u00f3n dirigi\u00f3 el taller de barriletes y buena parte de los grabados hechos por los participantes se convirtieron en un barrilete gigante.\" \/><figcaption class=\"elementor-image-carousel-caption\">La artista guatemalteca Magda Le\u00f3n dirigi\u00f3 el taller de barriletes y buena parte de los grabados hechos por los participantes se convirtieron en un barrilete gigante. (Foto Jenni Ugarte)<\/figcaption><\/figure><\/div>\t\t\t<\/div>\n\t\t\t\t\t\t\t\t\t\t\t\t<div class=\"elementor-swiper-button elementor-swiper-button-prev\" role=\"button\" tabindex=\"0\">\n\t\t\t\t\t\t<i aria-hidden=\"true\" class=\"eicon-chevron-left\"><\/i>\t\t\t\t\t<\/div>\n\t\t\t\t\t<div class=\"elementor-swiper-button elementor-swiper-button-next\" role=\"button\" tabindex=\"0\">\n\t\t\t\t\t\t<i aria-hidden=\"true\" class=\"eicon-chevron-right\"><\/i>\t\t\t\t\t<\/div>\n\t\t\t\t\n\t\t\t\t\t\t\t\t\t<div class=\"swiper-pagination\"><\/div>\n\t\t\t\t\t\t\t\t\t<\/div>\n\t\t\t\t\t\t<\/div>\n\t\t\t\t\t<\/div>\n\t\t\t\t<\/div>\n\t\t<div data-particle_enable=\"false\" data-particle-mobile-disabled=\"false\" class=\"elementor-element elementor-element-8df4f55 e-flex e-con-boxed e-con e-parent\" data-id=\"8df4f55\" data-element_type=\"container\" data-e-type=\"container\">\n\t\t\t\t\t<div class=\"e-con-inner\">\n\t\t\t\t<div class=\"elementor-element elementor-element-d379a88 elementor-widget elementor-widget-heading\" data-id=\"d379a88\" data-element_type=\"widget\" data-e-type=\"widget\" data-widget_type=\"heading.default\">\n\t\t\t\t\t<h3 class=\"elementor-heading-title elementor-size-default\">Taller de barriletes sin fronteras<\/h3>\t\t\t\t<\/div>\n\t\t\t\t\t<\/div>\n\t\t\t\t<\/div>\n\t\t<div data-particle_enable=\"false\" data-particle-mobile-disabled=\"false\" class=\"elementor-element elementor-element-07435be e-flex e-con-boxed e-con e-parent\" data-id=\"07435be\" data-element_type=\"container\" data-e-type=\"container\">\n\t\t\t\t\t<div class=\"e-con-inner\">\n\t\t\t\t<div class=\"elementor-element elementor-element-d44b1a1 elementor-widget elementor-widget-text-editor\" data-id=\"d44b1a1\" data-element_type=\"widget\" data-e-type=\"widget\" data-widget_type=\"text-editor.default\">\n\t\t\t\t\t\t\t\t\t<p>\u201cConoc\u00ed a <a href=\"https:\/\/soymigrante.com\/revista\/yo-naci-migrante-y-creci-migrante-artista-guatemalteca-magda-leon-en-rhode-island\/\">la artista guatemalteca Magda Le\u00f3n<\/a> en un taller de creaci\u00f3n de barriletes en mayo. Llev\u00e9 a mi pap\u00e1 porque me estaba visitando y quer\u00eda que compartiera con otros guatemaltecos. Mientras \u00e9l hac\u00eda arte, yo capturaba momentos. All\u00ed me d\u00ed cuenta cu\u00e1ntos connacionales est\u00e1n en Rhode Island y la necesidad de reconectar con nuestras ra\u00edces\u201d<\/p><p>Desde entonces Jenni Ugarte ha documentado talleres, celebraciones y proyectos comunitarios. \u201cMe encanta capturar la esencia de lo que est\u00e1 pasando, sin pensar demasiado. En las protestas o manifestaciones no hay tiempo de procesar, solo de actuar, pero siempre busco d\u00f3nde est\u00e1 la acci\u00f3n, lo relevante, la historia\u201d.<\/p><p>\u201cEn este proceso descubr\u00ed que lo m\u00edo es lo documental. Lo que me apasiona es registrar momentos hist\u00f3ricos, pol\u00edticos, culturales, sociales. Mi fotograf\u00eda es documental\u00a0 y lo que deseo es captar el momento exacto que se debe recordar\u201d<\/p>\t\t\t\t\t\t\t\t<\/div>\n\t\t\t\t\t<\/div>\n\t\t\t\t<\/div>\n\t\t<div data-particle_enable=\"false\" data-particle-mobile-disabled=\"false\" class=\"elementor-element elementor-element-5a47626 e-flex e-con-boxed e-con e-parent\" data-id=\"5a47626\" data-element_type=\"container\" data-e-type=\"container\">\n\t\t\t\t\t<div class=\"e-con-inner\">\n\t\t\t\t<div class=\"elementor-element elementor-element-64a1d4d elementor-widget elementor-widget-image\" data-id=\"64a1d4d\" data-element_type=\"widget\" data-e-type=\"widget\" data-widget_type=\"image.default\">\n\t\t\t\t\t\t\t\t\t\t\t\t<figure class=\"wp-caption\">\n\t\t\t\t\t\t\t\t\t\t\t<a href=\"https:\/\/www.instagram.com\/jenni.ugarte\/\">\n\t\t\t\t\t\t\t<img decoding=\"async\" width=\"1000\" height=\"1002\" src=\"https:\/\/soymigrante.com\/revista\/wp-content\/uploads\/2025\/10\/jenni-ugarte.jpg\" class=\"attachment-large size-large wp-image-47137\" alt=\"Jenni Ugarte admira la valent\u00eda de los guatemaltecos migrantes y lleva en el coraz\u00f3n al pa\u00eds donde est\u00e1 su familia. Su c\u00e1mara es su fiel acompa\u00f1ante de los instantes. Si deseas visitar el Instagram de Jenni Ugarte, haz clic en la imagen.\" srcset=\"https:\/\/soymigrante.com\/revista\/wp-content\/uploads\/2025\/10\/jenni-ugarte.jpg 1000w, https:\/\/soymigrante.com\/revista\/wp-content\/uploads\/2025\/10\/jenni-ugarte-300x300.jpg 300w, https:\/\/soymigrante.com\/revista\/wp-content\/uploads\/2025\/10\/jenni-ugarte-150x150.jpg 150w, https:\/\/soymigrante.com\/revista\/wp-content\/uploads\/2025\/10\/jenni-ugarte-768x770.jpg 768w, https:\/\/soymigrante.com\/revista\/wp-content\/uploads\/2025\/10\/jenni-ugarte-75x75.jpg 75w, https:\/\/soymigrante.com\/revista\/wp-content\/uploads\/2025\/10\/jenni-ugarte-750x752.jpg 750w\" sizes=\"(max-width: 1000px) 100vw, 1000px\" title=\"Jenni Ugarte admira la valent\u00eda de los guatemaltecos migrantes y lleva en el coraz\u00f3n al pa\u00eds donde est\u00e1 su familia.  Su c\u00e1mara es su fiel acompa\u00f1ante de los instantes. Si deseas visitar el Instagram de Jenni Ugarte, haz clic en la imagen. \u2013 SoyMigrante.com REVISTA\" \/>\t\t\t\t\t\t\t\t<\/a>\n\t\t\t\t\t\t\t\t\t\t\t<figcaption class=\"widget-image-caption wp-caption-text\">Jenni Ugarte admira la valent\u00eda de los guatemaltecos migrantes y lleva en el coraz\u00f3n al pa\u00eds donde est\u00e1 su familia.  Su c\u00e1mara es su fiel acompa\u00f1ante de los instantes. Si deseas visitar el Instagram de Jenni Ugarte, haz clic en la imagen.<\/figcaption>\n\t\t\t\t\t\t\t\t\t\t<\/figure>\n\t\t\t\t\t\t\t\t\t<\/div>\n\t\t\t\t\t<\/div>\n\t\t\t\t<\/div>\n\t\t<div data-particle_enable=\"false\" data-particle-mobile-disabled=\"false\" class=\"elementor-element elementor-element-23599fe e-flex e-con-boxed e-con e-parent\" data-id=\"23599fe\" data-element_type=\"container\" data-e-type=\"container\">\n\t\t\t\t\t<div class=\"e-con-inner\">\n\t\t\t\t<div class=\"elementor-element elementor-element-e809b2f elementor-widget elementor-widget-heading\" data-id=\"e809b2f\" data-element_type=\"widget\" data-e-type=\"widget\" data-widget_type=\"heading.default\">\n\t\t\t\t\t<h3 class=\"elementor-heading-title elementor-size-default\">Quiere im\u00e1genes que motiven cambios<\/h3>\t\t\t\t<\/div>\n\t\t\t\t\t<\/div>\n\t\t\t\t<\/div>\n\t\t<div data-particle_enable=\"false\" data-particle-mobile-disabled=\"false\" class=\"elementor-element elementor-element-2a1f49f e-flex e-con-boxed e-con e-parent\" data-id=\"2a1f49f\" data-element_type=\"container\" data-e-type=\"container\">\n\t\t\t\t\t<div class=\"e-con-inner\">\n\t\t\t\t<div class=\"elementor-element elementor-element-14edc84 elementor-widget elementor-widget-text-editor\" data-id=\"14edc84\" data-element_type=\"widget\" data-e-type=\"widget\" data-widget_type=\"text-editor.default\">\n\t\t\t\t\t\t\t\t\t<p>Como se mencion\u00f3 antes, Jenni trabaja en el \u00e1rea de protecci\u00f3n del <a href=\"https:\/\/www.facebook.com\/ConsGuateRI\/?locale=es_LA\">Consulado de Guatemala en Providence<\/a>, desde donde tambi\u00e9n observa a su comunidad con empat\u00eda. \u201cVeo a la gente tomando acci\u00f3n, prepar\u00e1ndose. Y eso me inspira.\u201d<\/p><p>En paralelo cursa un programa en l\u00ednea de fotoperiodismo de la Universidad de Nueva York. \u201cEstoy aprendiendo mucho. La fotograf\u00eda me est\u00e1 llevando a ese campo.\u201d<\/p><p>Recientemente tambi\u00e9n public\u00f3 su primer art\u00edculo \u2014sobre los talleres de barriletes guatemaltecos en Nueva Inglaterra\u2014\u00a0 en su p\u00e1gina web. <a href=\"https:\/\/medium.com\/@jenniugartemedia\/el-viento-es-nuestro-mensajero-barriletes-gigantes-533ab31628aa\">\u201cLo escrib\u00ed en espa\u00f1ol, lo publiqu\u00e9 en ingl\u00e9s y en espa\u00f1ol\u201d,<\/a> cuenta con orgullo.<\/p><p>Al final de la entrevista, cuando se le pregunta por su gran sue\u00f1o, responde sin dudar: \u201cPoder compartir historias que inspiren cambios.\u201d<\/p><p>As\u00ed de sencillo y as\u00ed de grande.<\/p>\t\t\t\t\t\t\t\t<\/div>\n\t\t\t\t\t<\/div>\n\t\t\t\t<\/div>\n\t\t<div data-particle_enable=\"false\" data-particle-mobile-disabled=\"false\" class=\"elementor-element elementor-element-87250e4 e-flex e-con-boxed e-con e-parent\" data-id=\"87250e4\" data-element_type=\"container\" data-e-type=\"container\">\n\t\t\t\t\t<div class=\"e-con-inner\">\n\t\t\t\t<div class=\"elementor-element elementor-element-b08f4f3 elementor-widget elementor-widget-heading\" data-id=\"b08f4f3\" data-element_type=\"widget\" data-e-type=\"widget\" data-widget_type=\"heading.default\">\n\t\t\t\t\t<h2 class=\"elementor-heading-title elementor-size-default\">Historias chapinas en Rhode Island<\/h2>\t\t\t\t<\/div>\n\t\t\t\t\t<\/div>\n\t\t\t\t<\/div>\n\t\t<div data-particle_enable=\"false\" data-particle-mobile-disabled=\"false\" class=\"elementor-element elementor-element-f602e58 e-flex e-con-boxed e-con e-parent\" data-id=\"f602e58\" data-element_type=\"container\" data-e-type=\"container\">\n\t\t\t\t\t<div class=\"e-con-inner\">\n\t\t\t\t<div class=\"elementor-element elementor-element-0973085 elementor-grid-eael-col-3 elementor-grid-tablet-eael-col-2 elementor-grid-mobile-eael-col-1 elementor-widget elementor-widget-eael-post-grid\" data-id=\"0973085\" data-element_type=\"widget\" data-e-type=\"widget\" data-settings=\"{&quot;eael_post_grid_columns&quot;:&quot;eael-col-3&quot;,&quot;eael_post_grid_columns_tablet&quot;:&quot;eael-col-2&quot;,&quot;eael_post_grid_columns_mobile&quot;:&quot;eael-col-1&quot;}\" data-widget_type=\"eael-post-grid.default\">\n\t\t\t\t\t<div id=\"eael-post-grid-0973085\" class=\"eael-post-grid-container\">\n            <div class=\"eael-post-grid eael-post-appender eael-post-appender-0973085 eael-post-grid-style-one\" data-layout-mode=\"masonry\"><article class=\"eael-grid-post  eael-post-grid-column eael-pg-post-11983 category-exitos\" data-id=\"11983\">\n        <div class=\"eael-grid-post-holder\">\n            <div class=\"eael-grid-post-holder-inner\"><div class=\"eael-entry-media\"><div class=\"eael-entry-overlay fade-in\"><i class=\"far fa-hand-pointer\" aria-hidden=\"true\"><\/i><a href=\"https:\/\/soymigrante.com\/revista\/cada-guatemalteco-que-pueda-votar-en-usa-cuenta-tiana-ochoa-lider-migrante-en-rhode-island\/\"><\/a><\/div><div class=\"eael-entry-thumbnail eael-image-ratio\">\n                <img loading=\"lazy\" decoding=\"async\" width=\"960\" height=\"959\" src=\"https:\/\/soymigrante.com\/revista\/wp-content\/uploads\/2024\/11\/tiana-ochoa-lider-migrante-rhode-island-18.webp\" class=\"attachment-large size-large wp-image-11984\" alt=\"Vestido de mujer con estampado azul y negro, sonrisa y accesorios elegantes, en fondo negro.\" srcset=\"https:\/\/soymigrante.com\/revista\/wp-content\/uploads\/2024\/11\/tiana-ochoa-lider-migrante-rhode-island-18.webp 960w, https:\/\/soymigrante.com\/revista\/wp-content\/uploads\/2024\/11\/tiana-ochoa-lider-migrante-rhode-island-18-300x300.webp 300w, https:\/\/soymigrante.com\/revista\/wp-content\/uploads\/2024\/11\/tiana-ochoa-lider-migrante-rhode-island-18-150x150.webp 150w, https:\/\/soymigrante.com\/revista\/wp-content\/uploads\/2024\/11\/tiana-ochoa-lider-migrante-rhode-island-18-768x767.jpg 768w, https:\/\/soymigrante.com\/revista\/wp-content\/uploads\/2024\/11\/tiana-ochoa-lider-migrante-rhode-island-18-75x75.webp 75w, https:\/\/soymigrante.com\/revista\/wp-content\/uploads\/2024\/11\/tiana-ochoa-lider-migrante-rhode-island-18-750x749.webp 750w\" sizes=\"(max-width: 960px) 100vw, 960px\" \/>\n            <\/div>\n        <\/div><div class=\"eael-entry-wrapper\"><header class=\"eael-entry-header\"><h2 class=\"eael-entry-title\"><a class=\"eael-grid-post-link\" href=\"https:\/\/soymigrante.com\/revista\/cada-guatemalteco-que-pueda-votar-en-usa-cuenta-tiana-ochoa-lider-migrante-en-rhode-island\/\" title=\"Tiana Ochoa, l\u00edder migrante en Rhode Island, sirve a la comunidad  hispana, especialmente a la ni\u00f1ez\">Tiana Ochoa, l\u00edder migrante en Rhode Island, sirve a la comunidad  hispana, especialmente a la ni\u00f1ez<\/a><\/h2><\/header><div class=\"eael-entry-content\">\n                        <div class=\"eael-grid-post-excerpt\"><a href=\"https:\/\/soymigrante.com\/revista\/cada-guatemalteco-que-pueda-votar-en-usa-cuenta-tiana-ochoa-lider-migrante-en-rhode-island\/\" class=\"eael-post-elements-readmore-btn\">CONOCE SU HISTORIA <\/a><\/div>\n                    <\/div><\/div><\/div>\n        <\/div>\n    <\/article><article class=\"eael-grid-post  eael-post-grid-column eael-pg-post-19798 category-estamos-unidos\" data-id=\"19798\">\n        <div class=\"eael-grid-post-holder\">\n            <div class=\"eael-grid-post-holder-inner\"><div class=\"eael-entry-media\"><div class=\"eael-entry-overlay fade-in\"><i class=\"far fa-hand-pointer\" aria-hidden=\"true\"><\/i><a href=\"https:\/\/soymigrante.com\/revista\/viajero-guatemalteco-leonel-ponce-presentara-su-libro-el-camino-de-las-estrellas-en-rhode-island\/\"><\/a><\/div><div class=\"eael-entry-thumbnail eael-image-ratio\">\n                <img loading=\"lazy\" decoding=\"async\" width=\"823\" height=\"823\" src=\"https:\/\/soymigrante.com\/revista\/wp-content\/uploads\/2025\/01\/leonel-ponce.webp\" class=\"attachment-large size-large wp-image-19799\" alt=\"Bicicleta de monta\u00f1a levantada en el aire frente a una iglesia hist\u00f3rica, ciclista sonriente con gafas deportivas y bandera, grupo de ciclistas en la plaza, deporte y aventura en espacios urbanos y culturales.\" srcset=\"https:\/\/soymigrante.com\/revista\/wp-content\/uploads\/2025\/01\/leonel-ponce.webp 823w, https:\/\/soymigrante.com\/revista\/wp-content\/uploads\/2025\/01\/leonel-ponce-300x300.jpg 300w, https:\/\/soymigrante.com\/revista\/wp-content\/uploads\/2025\/01\/leonel-ponce-150x150.jpg 150w, https:\/\/soymigrante.com\/revista\/wp-content\/uploads\/2025\/01\/leonel-ponce-768x768.jpg 768w, https:\/\/soymigrante.com\/revista\/wp-content\/uploads\/2025\/01\/leonel-ponce-75x75.webp 75w, https:\/\/soymigrante.com\/revista\/wp-content\/uploads\/2025\/01\/leonel-ponce-750x750.webp 750w\" sizes=\"(max-width: 823px) 100vw, 823px\" \/>\n            <\/div>\n        <\/div><div class=\"eael-entry-wrapper\"><header class=\"eael-entry-header\"><h2 class=\"eael-entry-title\"><a class=\"eael-grid-post-link\" href=\"https:\/\/soymigrante.com\/revista\/viajero-guatemalteco-leonel-ponce-presentara-su-libro-el-camino-de-las-estrellas-en-rhode-island\/\" title=\"Escritor guatemalteco Leonel Ponce presenta su libro El Camino de las Estrellas en Rhode Island\">Escritor guatemalteco Leonel Ponce presenta su libro El Camino de las Estrellas en Rhode Island<\/a><\/h2><\/header><div class=\"eael-entry-content\">\n                        <div class=\"eael-grid-post-excerpt\"><a href=\"https:\/\/soymigrante.com\/revista\/viajero-guatemalteco-leonel-ponce-presentara-su-libro-el-camino-de-las-estrellas-en-rhode-island\/\" class=\"eael-post-elements-readmore-btn\">CONOCE SU HISTORIA <\/a><\/div>\n                    <\/div><\/div><\/div>\n        <\/div>\n    <\/article><article class=\"eael-grid-post  eael-post-grid-column eael-pg-post-39736 category-exitos-guatemala\" data-id=\"39736\">\n        <div class=\"eael-grid-post-holder\">\n            <div class=\"eael-grid-post-holder-inner\"><div class=\"eael-entry-media\"><div class=\"eael-entry-overlay fade-in\"><i class=\"far fa-hand-pointer\" aria-hidden=\"true\"><\/i><a href=\"https:\/\/soymigrante.com\/revista\/yo-naci-migrante-y-creci-migrante-artista-guatemalteca-magda-leon-en-rhode-island\/\"><\/a><\/div><div class=\"eael-entry-thumbnail eael-image-ratio\">\n                <img loading=\"lazy\" decoding=\"async\" width=\"1024\" height=\"1024\" src=\"https:\/\/soymigrante.com\/revista\/wp-content\/uploads\/2025\/07\/artista-migrante-guatemalteca-Magda-Leon-1-1024x1024.jpg\" class=\"attachment-large size-large wp-image-39737\" alt=\"Fotograf\u00eda de una mujer sonriente en una exposici\u00f3n al aire libre con retratos en blanco y negro en una valla de malla, destacando arte, cultura y creatividad en el contexto de SoyMigrante.com REVISTA.\" srcset=\"https:\/\/soymigrante.com\/revista\/wp-content\/uploads\/2025\/07\/artista-migrante-guatemalteca-Magda-Leon-1-1024x1024.jpg 1024w, https:\/\/soymigrante.com\/revista\/wp-content\/uploads\/2025\/07\/artista-migrante-guatemalteca-Magda-Leon-1-300x300.jpg 300w, https:\/\/soymigrante.com\/revista\/wp-content\/uploads\/2025\/07\/artista-migrante-guatemalteca-Magda-Leon-1-150x150.jpg 150w, https:\/\/soymigrante.com\/revista\/wp-content\/uploads\/2025\/07\/artista-migrante-guatemalteca-Magda-Leon-1-768x768.jpg 768w, https:\/\/soymigrante.com\/revista\/wp-content\/uploads\/2025\/07\/artista-migrante-guatemalteca-Magda-Leon-1-75x75.jpg 75w, https:\/\/soymigrante.com\/revista\/wp-content\/uploads\/2025\/07\/artista-migrante-guatemalteca-Magda-Leon-1-750x750.jpg 750w, https:\/\/soymigrante.com\/revista\/wp-content\/uploads\/2025\/07\/artista-migrante-guatemalteca-Magda-Leon-1.jpg 1051w\" sizes=\"(max-width: 1024px) 100vw, 1024px\" \/>\n            <\/div>\n        <\/div><div class=\"eael-entry-wrapper\"><header class=\"eael-entry-header\"><h2 class=\"eael-entry-title\"><a class=\"eael-grid-post-link\" href=\"https:\/\/soymigrante.com\/revista\/yo-naci-migrante-y-creci-migrante-artista-guatemalteca-magda-leon-en-rhode-island\/\" title=\"&#8220;Yo nac\u00ed migrante y crec\u00ed migrante&#8221;: artista guatemalteca Magda Le\u00f3n, en Rhode Island\">&#8220;Yo nac\u00ed migrante y crec\u00ed migrante&#8221;: artista guatemalteca Magda Le\u00f3n, en Rhode Island<\/a><\/h2><\/header><div class=\"eael-entry-content\">\n                        <div class=\"eael-grid-post-excerpt\"><a href=\"https:\/\/soymigrante.com\/revista\/yo-naci-migrante-y-creci-migrante-artista-guatemalteca-magda-leon-en-rhode-island\/\" class=\"eael-post-elements-readmore-btn\">CONOCE SU HISTORIA <\/a><\/div>\n                    <\/div><\/div><\/div>\n        <\/div>\n    <\/article><\/div>\n            <div class=\"clearfix\"><\/div>\n        <\/div>\t\t\t\t<\/div>\n\t\t\t\t\t<\/div>\n\t\t\t\t<\/div>\n\t\t\t\t<\/div>\n\t\t","protected":false},"excerpt":{"rendered":"<p>En Rhode Island, la fot\u00f3grafa guatemalteca busca registrar su experiencia migrante con un ojo sensible y memoria poderosa. Nostalgia, fuerza, alegr\u00eda, comunidad se proyectan en sus im\u00e1genes. \u201cMe mud\u00e9 por amor\u201d, dice Jennifer Ugarte, guatemalteca, fot\u00f3grafa, con una sonrisa al contar de su llegada relativamente reciente a Estados Unidos, espec\u00edficamente a Pawtucket, Rhode Island. Se [&hellip;]<\/p>\n","protected":false},"author":7,"featured_media":47124,"comment_status":"open","ping_status":"open","sticky":false,"template":"","format":"standard","meta":{"_acf_changed":false,"_eb_attr":"","footnotes":""},"categories":[50,274],"tags":[],"class_list":["post-47123","post","type-post","status-publish","format-standard","has-post-thumbnail","hentry","category-exitos","category-guatemala"],"acf":[],"aioseo_notices":[],"aioseo_head":"\n\t\t<!-- All in One SEO Pro 4.9.6.2 - aioseo.com -->\n\t<meta name=\"description\" content=\"Magda Le\u00f3n crea arte y comparte creatividad: Imparte talleres de barriletes el Centro Guatemalteco de New England. Esta es su historia migrante guatemalteca\" \/>\n\t<meta name=\"robots\" content=\"max-snippet:-1, max-image-preview:large, max-video-preview:-1\" \/>\n\t<meta name=\"author\" content=\"Gustavo Montenegro\"\/>\n\t<link rel=\"canonical\" href=\"https:\/\/soymigrante.com\/revista\/yo-naci-migrante-y-creci-migrante-artista-guatemalteca-magda-leon-en-rhode-island\/\" \/>\n\t<meta name=\"generator\" content=\"All in One SEO Pro (AIOSEO) 4.9.6.2\" \/>\n\n\t\t<link rel=\"preconnect\" href=\"https:\/\/fonts.googleapis.com\" crossorigin>\n<link rel=\"preconnect\" href=\"https:\/\/fonts.gstatic.com\" crossorigin>\n\t\t<meta property=\"og:locale\" content=\"es_ES\" \/>\n\t\t<meta property=\"og:site_name\" content=\"SoyMigrante.com REVISTA \u2013 Nuestra misi\u00f3n es reconocer y dignificar al migrante.\" \/>\n\t\t<meta property=\"og:type\" content=\"article\" \/>\n\t\t<meta property=\"og:title\" content=\"Artista guatemalteca Magda Le\u00f3n florece en Rhode Island\" \/>\n\t\t<meta property=\"og:description\" content=\"Magda Le\u00f3n crea arte y comparte creatividad: Imparte talleres de barriletes el Centro Guatemalteco de New England. Esta es su historia migrante guatemalteca\" \/>\n\t\t<meta property=\"og:url\" content=\"https:\/\/soymigrante.com\/revista\/yo-naci-migrante-y-creci-migrante-artista-guatemalteca-magda-leon-en-rhode-island\/\" \/>\n\t\t<meta property=\"og:image\" content=\"https:\/\/soymigrante.com\/revista\/wp-content\/uploads\/2025\/07\/artista-migrante-guatemalteca-Magda-Leon-1.jpg\" \/>\n\t\t<meta property=\"og:image:secure_url\" content=\"https:\/\/soymigrante.com\/revista\/wp-content\/uploads\/2025\/07\/artista-migrante-guatemalteca-Magda-Leon-1.jpg\" \/>\n\t\t<meta property=\"og:image:width\" content=\"1051\" \/>\n\t\t<meta property=\"og:image:height\" content=\"1051\" \/>\n\t\t<meta property=\"article:published_time\" content=\"2025-07-18T21:31:53+00:00\" \/>\n\t\t<meta property=\"article:modified_time\" content=\"2025-10-03T20:44:11+00:00\" \/>\n\t\t<meta property=\"article:publisher\" content=\"https:\/\/www.facebook.com\/soymigrantecom\" \/>\n\t\t<meta name=\"twitter:card\" content=\"summary_large_image\" \/>\n\t\t<meta name=\"twitter:site\" content=\"@SoyMigrante_com\" \/>\n\t\t<meta name=\"twitter:title\" content=\"Artista guatemalteca Magda Le\u00f3n florece en Rhode Island\" \/>\n\t\t<meta name=\"twitter:description\" content=\"Magda Le\u00f3n crea arte y comparte creatividad: Imparte talleres de barriletes el Centro Guatemalteco de New England. Esta es su historia migrante guatemalteca\" \/>\n\t\t<meta name=\"twitter:creator\" content=\"@SoyMigrante_com\" \/>\n\t\t<meta name=\"twitter:image\" content=\"https:\/\/soymigrante.com\/revista\/wp-content\/uploads\/2025\/07\/artista-migrante-guatemalteca-Magda-Leon-1.jpg\" \/>\n\t\t<!-- All in One SEO Pro -->\r\n\t\t<title>Artista guatemalteca Magda Le\u00f3n florece en Rhode Island<\/title>\n\n","aioseo_head_json":{"title":"Artista guatemalteca Magda Le\u00f3n florece en Rhode Island","description":"Magda Le\u00f3n crea arte y comparte creatividad: Imparte talleres de barriletes el Centro Guatemalteco de New England. Esta es su historia migrante guatemalteca","canonical_url":"https:\/\/soymigrante.com\/revista\/yo-naci-migrante-y-creci-migrante-artista-guatemalteca-magda-leon-en-rhode-island\/","robots":"max-snippet:-1, max-image-preview:large, max-video-preview:-1","keywords":"","webmasterTools":{"miscellaneous":"&lt;link rel=\"preconnect\" href=\"https:\/\/fonts.googleapis.com\" crossorigin&gt;\n&lt;link rel=\"preconnect\" href=\"https:\/\/fonts.gstatic.com\" crossorigin&gt;"},"schema":null,"og:locale":"es_ES","og:site_name":"SoyMigrante.com REVISTA \u2013 Nuestra misi\u00f3n es reconocer y dignificar al migrante.","og:type":"article","og:title":"Artista guatemalteca Magda Le\u00f3n florece en Rhode Island","og:description":"Magda Le\u00f3n crea arte y comparte creatividad: Imparte talleres de barriletes el Centro Guatemalteco de New England. Esta es su historia migrante guatemalteca","og:url":"https:\/\/soymigrante.com\/revista\/yo-naci-migrante-y-creci-migrante-artista-guatemalteca-magda-leon-en-rhode-island\/","og:image":"https:\/\/soymigrante.com\/revista\/wp-content\/uploads\/2025\/07\/artista-migrante-guatemalteca-Magda-Leon-1.jpg","og:image:secure_url":"https:\/\/soymigrante.com\/revista\/wp-content\/uploads\/2025\/07\/artista-migrante-guatemalteca-Magda-Leon-1.jpg","og:image:width":1051,"og:image:height":1051,"article:published_time":"2025-07-18T21:31:53+00:00","article:modified_time":"2025-10-03T20:44:11+00:00","article:publisher":"https:\/\/www.facebook.com\/soymigrantecom","twitter:card":"summary_large_image","twitter:site":"@SoyMigrante_com","twitter:title":"Artista guatemalteca Magda Le\u00f3n florece en Rhode Island","twitter:description":"Magda Le\u00f3n crea arte y comparte creatividad: Imparte talleres de barriletes el Centro Guatemalteco de New England. Esta es su historia migrante guatemalteca","twitter:creator":"@SoyMigrante_com","twitter:image":"https:\/\/soymigrante.com\/revista\/wp-content\/uploads\/2025\/07\/artista-migrante-guatemalteca-Magda-Leon-1.jpg"},"aioseo_meta_data":{"post_id":"47123","title":"Jennifer Ugarte es mirada fotogr\u00e1fica en Rhode Island","description":"Fot\u00f3grafa guatemalteca Jenni Ugarte, radicada en Pawtuckett, Rhode Island, capta momentos de la vida migrante: festejos, manifestaciones, rostros, arte. Con\u00f3cela","keywords":null,"keyphrases":{"focus":{"keyphrase":"Fot\u00f3grafa","score":60,"analysis":{"keyphraseInTitle":{"score":3,"maxScore":9,"error":1},"keyphraseInDescription":{"score":9,"maxScore":9,"error":0},"keyphraseLength":{"score":9,"maxScore":9,"error":0,"length":2},"keyphraseInURL":{"score":5,"maxScore":5,"error":0},"keyphraseInIntroduction":{"score":9,"maxScore":9,"error":0},"keyphraseInSubHeadings":{"score":3,"maxScore":9,"error":1},"keyphraseInImageAlt":{"score":3,"maxScore":9,"error":1},"keywordDensity":{"score":0,"type":"low","maxScore":9,"error":1}}},"additional":[{"keyphrase":"Guatemalteca","score":100,"analysis":{"keyphraseInDescription":{"score":9,"maxScore":9,"error":0},"keyphraseLength":{"score":9,"maxScore":9,"error":0,"length":1},"keyphraseInIntroduction":{"score":9,"maxScore":9,"error":0},"keyphraseInImageAlt":{"score":9,"maxScore":9,"error":0},"keywordDensity":{"type":"best","score":9,"maxScore":9,"error":0}}},{"keyphrase":"Jennifer Ugarte","score":53,"analysis":{"keyphraseInDescription":{"score":3,"maxScore":9,"error":1},"keyphraseLength":{"score":9,"maxScore":9,"error":0,"length":2},"keyphraseInIntroduction":{"score":9,"maxScore":9,"error":0},"keyphraseInImageAlt":{"score":3,"maxScore":9,"error":1},"keywordDensity":{"score":0,"type":"low","maxScore":9,"error":1}}}]},"primary_term":null,"canonical_url":null,"og_title":null,"og_description":null,"og_object_type":"default","og_image_type":"default","og_image_url":null,"og_image_width":null,"og_image_height":null,"og_image_custom_url":null,"og_image_custom_fields":null,"og_video":"","og_custom_url":null,"og_article_section":null,"og_article_tags":null,"twitter_use_og":false,"twitter_card":"default","twitter_image_type":"default","twitter_image_url":null,"twitter_image_custom_url":null,"twitter_image_custom_fields":null,"twitter_title":null,"twitter_description":null,"schema":{"blockGraphs":[],"customGraphs":[],"default":{"data":{"Article":[],"Course":[],"Dataset":[],"FAQPage":[],"Movie":[],"Person":[],"Product":[],"ProductReview":[],"Car":[],"Recipe":[],"Service":[],"SoftwareApplication":[],"WebPage":[]},"graphName":"none","isEnabled":true},"graphs":[]},"schema_type":"default","schema_type_options":null,"pillar_content":false,"robots_default":true,"robots_noindex":false,"robots_noarchive":false,"robots_nosnippet":false,"robots_nofollow":false,"robots_noimageindex":false,"robots_noodp":false,"robots_notranslate":false,"robots_max_snippet":"-1","robots_max_videopreview":"-1","robots_max_imagepreview":"large","priority":null,"frequency":"default","local_seo":null,"seo_analyzer_scan_date":"2025-10-13 10:00:37","breadcrumb_settings":null,"limit_modified_date":false,"reviewed_by":"0","open_ai":null,"ai":{"faqs":[],"keyPoints":[],"titles":[],"descriptions":[],"socialPosts":{"email":[],"linkedin":[],"twitter":[],"facebook":[],"instagram":[]}},"created":"2025-10-13 04:39:16","updated":"2026-02-05 06:30:58"},"aioseo_breadcrumb":"<div class=\"aioseo-breadcrumbs\"><span class=\"aioseo-breadcrumb\">\n\t<a href=\"https:\/\/soymigrante.com\/revista\" title=\"Home\">Home<\/a>\n<\/span><span class=\"aioseo-breadcrumb-separator\">\u00bb<\/span><span class=\"aioseo-breadcrumb\">\n\t<a href=\"https:\/\/soymigrante.com\/revista\/category\/exitos\/\" title=\"\u00c9xitos\">\u00c9xitos<\/a>\n<\/span><span class=\"aioseo-breadcrumb-separator\">\u00bb<\/span><span class=\"aioseo-breadcrumb\">\n\t<a href=\"https:\/\/soymigrante.com\/revista\/category\/exitos\/guatemala\/\" title=\"Guatemala\">Guatemala<\/a>\n<\/span><span class=\"aioseo-breadcrumb-separator\">\u00bb<\/span><span class=\"aioseo-breadcrumb\">\n\tFot\u00f3grafa Jennifer Ugarte es mirada  guatemalteca Rhode Island\n<\/span><\/div>","aioseo_breadcrumb_json":[{"label":"Home","link":"https:\/\/soymigrante.com\/revista"},{"label":"\u00c9xitos","link":"https:\/\/soymigrante.com\/revista\/category\/exitos\/"},{"label":"Guatemala","link":"https:\/\/soymigrante.com\/revista\/category\/exitos\/guatemala\/"},{"label":"Fot\u00f3grafa Jennifer Ugarte es mirada  guatemalteca Rhode Island","link":"https:\/\/soymigrante.com\/revista\/fotografa-jennifer-ugarte-es-mirada-guatemalteca-rhode-island\/"}],"_links":{"self":[{"href":"https:\/\/soymigrante.com\/revista\/wp-json\/wp\/v2\/posts\/47123","targetHints":{"allow":["GET"]}}],"collection":[{"href":"https:\/\/soymigrante.com\/revista\/wp-json\/wp\/v2\/posts"}],"about":[{"href":"https:\/\/soymigrante.com\/revista\/wp-json\/wp\/v2\/types\/post"}],"author":[{"embeddable":true,"href":"https:\/\/soymigrante.com\/revista\/wp-json\/wp\/v2\/users\/7"}],"replies":[{"embeddable":true,"href":"https:\/\/soymigrante.com\/revista\/wp-json\/wp\/v2\/comments?post=47123"}],"version-history":[{"count":8,"href":"https:\/\/soymigrante.com\/revista\/wp-json\/wp\/v2\/posts\/47123\/revisions"}],"predecessor-version":[{"id":47141,"href":"https:\/\/soymigrante.com\/revista\/wp-json\/wp\/v2\/posts\/47123\/revisions\/47141"}],"wp:featuredmedia":[{"embeddable":true,"href":"https:\/\/soymigrante.com\/revista\/wp-json\/wp\/v2\/media\/47124"}],"wp:attachment":[{"href":"https:\/\/soymigrante.com\/revista\/wp-json\/wp\/v2\/media?parent=47123"}],"wp:term":[{"taxonomy":"category","embeddable":true,"href":"https:\/\/soymigrante.com\/revista\/wp-json\/wp\/v2\/categories?post=47123"},{"taxonomy":"post_tag","embeddable":true,"href":"https:\/\/soymigrante.com\/revista\/wp-json\/wp\/v2\/tags?post=47123"}],"curies":[{"name":"wp","href":"https:\/\/api.w.org\/{rel}","templated":true}]}}