{"id":47062,"date":"2025-10-10T14:34:29","date_gmt":"2025-10-10T20:34:29","guid":{"rendered":"https:\/\/soymigrante.com\/revista\/?p=47062"},"modified":"2025-10-22T15:55:56","modified_gmt":"2025-10-22T21:55:56","slug":"ingeniera-yucely-beb-caal-desarrolla-nanociencia-y-modelo-moda-maya-en-francia","status":"publish","type":"post","link":"https:\/\/soymigrante.com\/revista\/ingeniera-yucely-beb-caal-desarrolla-nanociencia-y-modelo-moda-maya-en-francia\/","title":{"rendered":"Ingeniera Yucely Beb Caal desarrolla nanociencia (y model\u00f3 textiles mayas) en Francia"},"content":{"rendered":"\t\t<div data-elementor-type=\"wp-post\" data-elementor-id=\"47062\" class=\"elementor elementor-47062\" data-elementor-post-type=\"post\">\n\t\t\t\t<div data-particle_enable=\"false\" data-particle-mobile-disabled=\"false\" class=\"elementor-element elementor-element-f8b4bcf e-flex e-con-boxed e-con e-parent\" data-id=\"f8b4bcf\" data-element_type=\"container\" data-e-type=\"container\">\n\t\t\t\t\t<div class=\"e-con-inner\">\n\t\t\t\t<div class=\"elementor-element elementor-element-5ad8f8b elementor-widget elementor-widget-heading\" data-id=\"5ad8f8b\" data-element_type=\"widget\" data-e-type=\"widget\" data-widget_type=\"heading.default\">\n\t\t\t\t\t<h2 class=\"elementor-heading-title elementor-size-default\">Yucely Beb, q'eqchi', de Cob\u00e1n, Alta Verapaz, ingeniera en mecatr\u00f3nica y doctora en automatizaci\u00f3n, trabaja en Francia en tecnolog\u00eda para detectar c\u00e1ncer. Pero el 4 de octubre desfil\u00f3 en pasarela de moda maya en Par\u00eds.<\/h2>\t\t\t\t<\/div>\n\t\t\t\t<div class=\"elementor-element elementor-element-bb890aa elementor-widget elementor-widget-html\" data-id=\"bb890aa\" data-element_type=\"widget\" data-e-type=\"widget\" data-widget_type=\"html.default\">\n\t\t\t\t\t<div id=\"buzzsprout-player-18059955\"><\/div><script src=\"https:\/\/www.buzzsprout.com\/2444168\/episodes\/18059955-yucely-beb-modela-nanotecnologia-automatizacion-y-moda-maya.js?container_id=buzzsprout-player-18059955&player=small\" type=\"text\/javascript\" charset=\"utf-8\"><\/script>\t\t\t\t<\/div>\n\t\t\t\t\t<\/div>\n\t\t\t\t<\/div>\n\t\t<div data-particle_enable=\"false\" data-particle-mobile-disabled=\"false\" class=\"elementor-element elementor-element-1b6ac6e e-flex e-con-boxed e-con e-parent\" data-id=\"1b6ac6e\" data-element_type=\"container\" data-e-type=\"container\">\n\t\t\t\t\t<div class=\"e-con-inner\">\n\t\t\t\t<div class=\"elementor-element elementor-element-c2be78f elementor-widget elementor-widget-text-editor\" data-id=\"c2be78f\" data-element_type=\"widget\" data-e-type=\"widget\" data-widget_type=\"text-editor.default\">\n\t\t\t\t\t\t\t\t\t<p>El 4 de octubre de 2025, en plena Semana de la Moda de Par\u00eds, una cient\u00edfica guatemalteca <a href=\"https:\/\/soymigrante.com\/revista\/pueblo-qeqchi-es-el-idioma-maya-con-mayor-cifra-de-hablantes\/\">maya q\u2019eqchi\u2019<\/a> desfil\u00f3 por primera vez en una pasarela.&nbsp; Fue una sorpresa. Fue una invitaci\u00f3n. Y lo hizo con garbo, elegancia y dignidad, porque se trataba de <a href=\"https:\/\/soymigrante.com\/revista\/indumentaria-maya-de-guatemala-simbolo-nacional-multicultural\/\">indumentaria may<\/a>a. Era la colecci\u00f3n Herencia Ancestral de <a href=\"https:\/\/soymigrante.com\/revista\/textiles-dla-rosa-presentara-disenos-mayas-en-paris\/\">Textiles D&#8217;La Rossa<\/a>, de Totonicap\u00e1n.<\/p>\n<p>\u201cEs algo que yo no esperaba \u2014dice Yucely Beb, entre risas\u2014. Fue una invitaci\u00f3n que recib\u00ed. Mi enfoque siempre ha sido la educaci\u00f3n, la investigaci\u00f3n y transmitir a los j\u00f3venes la ciencia. Esto fue totalmente distinto a mi trabajo. Yo apoy\u00e9 a <a href=\"https:\/\/soymigrante.com\/revista\/textiles-dla-rosa-presentara-disenos-mayas-en-paris\/\">D&#8217;La Rossa<\/a> en Par\u00eds y me invitaron a lucir uno de los trajes. Fue muy emocionante sobre todo porque son textiles mayas llegando muy lejos de Guatemala\u201d.<\/p>\t\t\t\t\t\t\t\t<\/div>\n\t\t\t\t\t<\/div>\n\t\t\t\t<\/div>\n\t\t<div data-particle_enable=\"false\" data-particle-mobile-disabled=\"false\" class=\"elementor-element elementor-element-c497cc4 e-flex e-con-boxed e-con e-parent\" data-id=\"c497cc4\" data-element_type=\"container\" data-e-type=\"container\">\n\t\t\t\t\t<div class=\"e-con-inner\">\n\t\t\t\t<div class=\"elementor-element elementor-element-275bc5f elementor-widget elementor-widget-image\" data-id=\"275bc5f\" data-element_type=\"widget\" data-e-type=\"widget\" data-widget_type=\"image.default\">\n\t\t\t\t\t\t\t\t\t\t\t\t<figure class=\"wp-caption\">\n\t\t\t\t\t\t\t\t\t\t<img fetchpriority=\"high\" decoding=\"async\" width=\"1024\" height=\"1024\" src=\"https:\/\/soymigrante.com\/revista\/wp-content\/uploads\/2025\/10\/yucely-beb-1024x1024.jpg\" class=\"attachment-large size-large wp-image-47081\" alt=\"En 2024, Yucely Beb Caal, maya q&#039;eqchi&#039; de Cob\u00e1n, Alta Verapaz, obtuvo el doctorado en automatizaci\u00f3n: un triunfo que dedic\u00f3 a sus padres y a Guatemala. (Foto cortes\u00eda Yucely Beb)\" srcset=\"https:\/\/soymigrante.com\/revista\/wp-content\/uploads\/2025\/10\/yucely-beb-1024x1024.jpg 1024w, https:\/\/soymigrante.com\/revista\/wp-content\/uploads\/2025\/10\/yucely-beb-300x300.jpg 300w, https:\/\/soymigrante.com\/revista\/wp-content\/uploads\/2025\/10\/yucely-beb-150x150.jpg 150w, https:\/\/soymigrante.com\/revista\/wp-content\/uploads\/2025\/10\/yucely-beb-768x768.jpg 768w, https:\/\/soymigrante.com\/revista\/wp-content\/uploads\/2025\/10\/yucely-beb-75x75.jpg 75w, https:\/\/soymigrante.com\/revista\/wp-content\/uploads\/2025\/10\/yucely-beb-750x750.jpg 750w, https:\/\/soymigrante.com\/revista\/wp-content\/uploads\/2025\/10\/yucely-beb-1140x1140.jpg 1140w, https:\/\/soymigrante.com\/revista\/wp-content\/uploads\/2025\/10\/yucely-beb.jpg 1440w\" sizes=\"(max-width: 1024px) 100vw, 1024px\" title=\"En 2024, Yucely Beb Caal, maya q&#039;eqchi&#039; de Cob\u00e1n, Alta Verapaz, obtuvo el doctorado en automatizaci\u00f3n: un triunfo que dedic\u00f3 a sus padres y a Guatemala. (Foto cortes\u00eda Yucely Beb) \u2013 SoyMigrante.com REVISTA\" \/>\t\t\t\t\t\t\t\t\t\t\t<figcaption class=\"widget-image-caption wp-caption-text\">En 2024, Yucely Beb Caal, maya q'eqchi' de Cob\u00e1n, Alta Verapaz, obtuvo el doctorado en automatizaci\u00f3n: un triunfo que dedic\u00f3 a sus padres y a Guatemala. (Foto cortes\u00eda Yucely Beb)<\/figcaption>\n\t\t\t\t\t\t\t\t\t\t<\/figure>\n\t\t\t\t\t\t\t\t\t<\/div>\n\t\t\t\t\t<\/div>\n\t\t\t\t<\/div>\n\t\t<div data-particle_enable=\"false\" data-particle-mobile-disabled=\"false\" class=\"elementor-element elementor-element-88816aa e-flex e-con-boxed e-con e-parent\" data-id=\"88816aa\" data-element_type=\"container\" data-e-type=\"container\">\n\t\t\t\t\t<div class=\"e-con-inner\">\n\t\t\t\t<div class=\"elementor-element elementor-element-8fdc02a elementor-widget elementor-widget-heading\" data-id=\"8fdc02a\" data-element_type=\"widget\" data-e-type=\"widget\" data-widget_type=\"heading.default\">\n\t\t\t\t\t<h3 class=\"elementor-heading-title elementor-size-default\">Talento cobanero para el mundo<\/h3>\t\t\t\t<\/div>\n\t\t\t\t\t<\/div>\n\t\t\t\t<\/div>\n\t\t<div data-particle_enable=\"false\" data-particle-mobile-disabled=\"false\" class=\"elementor-element elementor-element-a1de33d e-flex e-con-boxed e-con e-parent\" data-id=\"a1de33d\" data-element_type=\"container\" data-e-type=\"container\">\n\t\t\t\t\t<div class=\"e-con-inner\">\n\t\t\t\t<div class=\"elementor-element elementor-element-3e8907e elementor-widget elementor-widget-text-editor\" data-id=\"3e8907e\" data-element_type=\"widget\" data-e-type=\"widget\" data-widget_type=\"text-editor.default\">\n\t\t\t\t\t\t\t\t\t<p>Originaria de Cob\u00e1n, <a href=\"https:\/\/soymigrante.com\/revista\/departamentos-de-guatemala-alta-verapaz-mosaico-cultural-y-natural\/\">Alta Verapaz<\/a>, Yucely recuerda que su curiosidad por la ciencia naci\u00f3 desde ni\u00f1a. \u201cMis pap\u00e1s son maestros y mi mam\u00e1 siempre me inculc\u00f3 estudiar un mont\u00f3n. Aprend\u00ed a leer muy temprano y mi primer poema lo dije a los tres a\u00f1os\u201d, relata.\u00a0<\/p><p>\u201cComo mi mam\u00e1 trabajaba en aldeas lejanas, me iba con ella. Hac\u00eda mis tareas sola y desde entonces empec\u00e9 a ser responsable e independiente.\u201d<\/p><p>Esa disciplina la llev\u00f3 lejos. \u201cGan\u00e9 becas desde la escuela. A los 14 a\u00f1os me mud\u00e9 a Escuintla con una beca del Ministerio de Educaci\u00f3n, luego obtuve una de la Fundaci\u00f3n Juan Bautista Guti\u00e9rrez para estudiar Ingenier\u00eda Mecatr\u00f3nica. Despu\u00e9s vino una beca de la Uni\u00f3n Europea para la maestr\u00eda y m\u00e1s tarde el doctorado en Francia\u201d, cuenta.<\/p>\t\t\t\t\t\t\t\t<\/div>\n\t\t\t\t\t<\/div>\n\t\t\t\t<\/div>\n\t\t<div data-particle_enable=\"false\" data-particle-mobile-disabled=\"false\" class=\"elementor-element elementor-element-95c1dbf e-flex e-con-boxed e-con e-parent\" data-id=\"95c1dbf\" data-element_type=\"container\" data-e-type=\"container\">\n\t\t\t\t\t<div class=\"e-con-inner\">\n\t\t\t\t<div class=\"elementor-element elementor-element-e41ad9a elementor-widget elementor-widget-html\" data-id=\"e41ad9a\" data-element_type=\"widget\" data-e-type=\"widget\" data-widget_type=\"html.default\">\n\t\t\t\t\t<iframe width=\"560\" height=\"315\" src=\"https:\/\/www.youtube.com\/embed\/dGSgoI5ocSM?si=j_Unn3uup5LLb68j\" title=\"YouTube video player\" frameborder=\"0\" allow=\"accelerometer; autoplay; clipboard-write; encrypted-media; gyroscope; picture-in-picture; web-share\" referrerpolicy=\"strict-origin-when-cross-origin\" allowfullscreen><\/iframe>\t\t\t\t<\/div>\n\t\t\t\t\t<\/div>\n\t\t\t\t<\/div>\n\t\t<div data-particle_enable=\"false\" data-particle-mobile-disabled=\"false\" class=\"elementor-element elementor-element-2fe1b9e e-flex e-con-boxed e-con e-parent\" data-id=\"2fe1b9e\" data-element_type=\"container\" data-e-type=\"container\">\n\t\t\t\t\t<div class=\"e-con-inner\">\n\t\t\t\t<div class=\"elementor-element elementor-element-c50ef4c elementor-widget elementor-widget-heading\" data-id=\"c50ef4c\" data-element_type=\"widget\" data-e-type=\"widget\" data-widget_type=\"heading.default\">\n\t\t\t\t\t<h3 class=\"elementor-heading-title elementor-size-default\">Sus actuales investigaciones cient\u00edficas<\/h3>\t\t\t\t<\/div>\n\t\t\t\t\t<\/div>\n\t\t\t\t<\/div>\n\t\t<div data-particle_enable=\"false\" data-particle-mobile-disabled=\"false\" class=\"elementor-element elementor-element-03c0eef e-flex e-con-boxed e-con e-parent\" data-id=\"03c0eef\" data-element_type=\"container\" data-e-type=\"container\">\n\t\t\t\t\t<div class=\"e-con-inner\">\n\t\t\t\t<div class=\"elementor-element elementor-element-8527810 elementor-widget elementor-widget-text-editor\" data-id=\"8527810\" data-element_type=\"widget\" data-e-type=\"widget\" data-widget_type=\"text-editor.default\">\n\t\t\t\t\t\t\t\t\t<p>Su doctorado en Control y Automatizaci\u00f3n en la <a href=\"https:\/\/www.ubfc.fr\/en\/campus-life\/welcome-to-ubfc\/\">Universidad de Bourgogne Franche-Comt\u00e9, en Bezanz\u00f3n,<\/a> Francia, se centr\u00f3 en microrob\u00f3tica, nanorob\u00f3tica y visi\u00f3n computarizada. Actualmente\u00a0 trabaja en una empresa francesa en un proyecto que combina inteligencia artificial y microscop\u00eda aplicada a la salud.\u00a0<\/p><p>\u201cEstamos desarrollando sistemas para la detecci\u00f3n y prevenci\u00f3n del <a href=\"https:\/\/soymigrante.com\/revista\/desde-florida-migrantes-suman-esfuerzo-para-apoyar-lucha-contra-el-cancer-infantil-en-guatemala\/\">c\u00e1ncer<\/a>. Usamos diferentes tipos de luz para obtener m\u00e1s informaci\u00f3n de las muestras de pacientes y entrenar inteligencias artificiales que puedan detectar con mayor precisi\u00f3n\u201d, explica.<\/p><p>Su rutina diaria est\u00e1 llena de algoritmos, calibraciones y experimentos. \u201cA veces paso el d\u00eda programando o procesando miles de im\u00e1genes, teras y teras de datos. No hay dos d\u00edas iguales. Cada jornada trae algo nuevo que aprender o resolver.\u201d<\/p>\t\t\t\t\t\t\t\t<\/div>\n\t\t\t\t\t<\/div>\n\t\t\t\t<\/div>\n\t\t<div data-particle_enable=\"false\" data-particle-mobile-disabled=\"false\" class=\"elementor-element elementor-element-1c74302 e-flex e-con-boxed e-con e-parent\" data-id=\"1c74302\" data-element_type=\"container\" data-e-type=\"container\">\n\t\t\t\t\t<div class=\"e-con-inner\">\n\t\t\t\t<div class=\"elementor-element elementor-element-9b0f0c0 elementor-widget elementor-widget-image\" data-id=\"9b0f0c0\" data-element_type=\"widget\" data-e-type=\"widget\" data-widget_type=\"image.default\">\n\t\t\t\t\t\t\t\t\t\t\t\t<figure class=\"wp-caption\">\n\t\t\t\t\t\t\t\t\t\t<img decoding=\"async\" width=\"1140\" height=\"760\" src=\"https:\/\/soymigrante.com\/revista\/wp-content\/uploads\/2025\/10\/yucely-beb-caal-ingeniera-maya-1140x760.jpg\" class=\"attachment-large size-large wp-image-47082\" alt=\"Yucely Beb Caal jam\u00e1s se olvida de sus ra\u00edces y espera poder motivar a m\u00e1s j\u00f3venes mayas a seguir el camino de la ciencia. (Foto cortes\u00eda Yucely Beb)\" srcset=\"https:\/\/soymigrante.com\/revista\/wp-content\/uploads\/2025\/10\/yucely-beb-caal-ingeniera-maya-1140x760.jpg 1140w, https:\/\/soymigrante.com\/revista\/wp-content\/uploads\/2025\/10\/yucely-beb-caal-ingeniera-maya-300x200.jpg 300w, https:\/\/soymigrante.com\/revista\/wp-content\/uploads\/2025\/10\/yucely-beb-caal-ingeniera-maya-768x512.jpg 768w, https:\/\/soymigrante.com\/revista\/wp-content\/uploads\/2025\/10\/yucely-beb-caal-ingeniera-maya-1536x1024.jpg 1536w, https:\/\/soymigrante.com\/revista\/wp-content\/uploads\/2025\/10\/yucely-beb-caal-ingeniera-maya-750x500.jpg 750w, https:\/\/soymigrante.com\/revista\/wp-content\/uploads\/2025\/10\/yucely-beb-caal-ingeniera-maya.jpg 2048w\" sizes=\"(max-width: 1140px) 100vw, 1140px\" title=\"Yucely Beb Caal jam\u00e1s se olvida de sus ra\u00edces y espera poder motivar a m\u00e1s j\u00f3venes mayas a seguir el camino de la ciencia. (Foto cortes\u00eda Yucely Beb) \u2013 SoyMigrante.com REVISTA\" \/>\t\t\t\t\t\t\t\t\t\t\t<figcaption class=\"widget-image-caption wp-caption-text\">Yucely Beb Caal jam\u00e1s se olvida de sus ra\u00edces y espera poder motivar a m\u00e1s j\u00f3venes mayas a seguir el camino de la ciencia. (Foto cortes\u00eda Yucely Beb)<\/figcaption>\n\t\t\t\t\t\t\t\t\t\t<\/figure>\n\t\t\t\t\t\t\t\t\t<\/div>\n\t\t\t\t\t<\/div>\n\t\t\t\t<\/div>\n\t\t<div data-particle_enable=\"false\" data-particle-mobile-disabled=\"false\" class=\"elementor-element elementor-element-9c12ab7 e-flex e-con-boxed e-con e-parent\" data-id=\"9c12ab7\" data-element_type=\"container\" data-e-type=\"container\">\n\t\t\t\t\t<div class=\"e-con-inner\">\n\t\t\t\t<div class=\"elementor-element elementor-element-3862cc7 elementor-widget elementor-widget-heading\" data-id=\"3862cc7\" data-element_type=\"widget\" data-e-type=\"widget\" data-widget_type=\"heading.default\">\n\t\t\t\t\t<h3 class=\"elementor-heading-title elementor-size-default\">Desaf\u00edos nunca faltan<\/h3>\t\t\t\t<\/div>\n\t\t\t\t\t<\/div>\n\t\t\t\t<\/div>\n\t\t<div data-particle_enable=\"false\" data-particle-mobile-disabled=\"false\" class=\"elementor-element elementor-element-93378f7 e-flex e-con-boxed e-con e-parent\" data-id=\"93378f7\" data-element_type=\"container\" data-e-type=\"container\">\n\t\t\t\t\t<div class=\"e-con-inner\">\n\t\t\t\t<div class=\"elementor-element elementor-element-0dd1864 elementor-widget elementor-widget-text-editor\" data-id=\"0dd1864\" data-element_type=\"widget\" data-e-type=\"widget\" data-widget_type=\"text-editor.default\">\n\t\t\t\t\t\t\t\t\t<p>Pero a pesar que todo se oye muy bien, como un camino de p\u00e9talos de rosa, la ruta\u00a0 no ha sido f\u00e1cil. \u201cCuando me fui de casa a estudiar a los 14 a\u00f1os, al mes ya quer\u00eda regresar. Siempre ha sido duro vivir la distancia, en cualquier pa\u00eds. Uno llora, uno patalea. No es f\u00e1cil estar sola. Pero hay que salir adelante\u201d, admite.\u00a0\u00a0<\/p><p>Y es lo que recalca a ni\u00f1os y j\u00f3venes guatemaltecos: que se necesita de mucho esfuerzo para superar las barreras. &#8220;S\u00ed se puede, pero hay que trabajar bastante y tener <a href=\"https:\/\/soymigrante.com\/revista\/como-hacer-un-presupuesto-para-alcanzar-metas-y-evitar-claveles\/\">metas claras<\/a>&#8220;, dice Yucely.<\/p><p>Yucely ha vivido en Guatemala, Egipto, Espa\u00f1a, Suiza y Francia. \u201cHe aprendido que hay que adaptarse: al clima, la comida, la cultura. Y hacer amigos en cada ciudad.\u201d<\/p><p>Como mujer maya <a href=\"https:\/\/soymigrante.com\/revista\/pueblo-qeqchi-es-el-idioma-maya-con-mayor-cifra-de-hablantes\/\">q\u2019eqchi<\/a>\u2019, lleva consigo su identidad. \u201cAc\u00e1 la gente valora mucho que uno hable un idioma maya. Se interesan por c\u00f3mo funciona, por nuestra cultura, nuestros trajes. Siento que en algunos aspectos se valora m\u00e1s ac\u00e1 que en nuestro propio pa\u00eds\u201d, reflexiona.\u00a0<\/p>\t\t\t\t\t\t\t\t<\/div>\n\t\t\t\t\t<\/div>\n\t\t\t\t<\/div>\n\t\t<div data-particle_enable=\"false\" data-particle-mobile-disabled=\"false\" class=\"elementor-element elementor-element-aec7d17 e-flex e-con-boxed e-con e-parent\" data-id=\"aec7d17\" data-element_type=\"container\" data-e-type=\"container\">\n\t\t\t\t\t<div class=\"e-con-inner\">\n\t\t\t\t<div class=\"elementor-element elementor-element-d3eb6a0 elementor-widget elementor-widget-image\" data-id=\"d3eb6a0\" data-element_type=\"widget\" data-e-type=\"widget\" data-widget_type=\"image.default\">\n\t\t\t\t\t\t\t\t\t\t\t\t<figure class=\"wp-caption\">\n\t\t\t\t\t\t\t\t\t\t<img decoding=\"async\" width=\"1024\" height=\"1024\" src=\"https:\/\/soymigrante.com\/revista\/wp-content\/uploads\/2025\/10\/yucely-beb-caal-cientifica-guatemalteca-1024x1024.jpg\" class=\"attachment-large size-large wp-image-47083\" alt=\"Yucely Beb Caal, doctora en automatizaci\u00f3n, actualmente trabaja en la investigaci\u00f3n de nanotecnolog\u00eda para encontrar mejores formas de diagnosticar el c\u00e1ncer, con ayuda de inteligencia artificial. Su curiosidad no tiene l\u00edmites pero su gran objetivo es siempre aportar a la mejora de la humanidad. (Foto cortes\u00eda Yucely Beb)\" srcset=\"https:\/\/soymigrante.com\/revista\/wp-content\/uploads\/2025\/10\/yucely-beb-caal-cientifica-guatemalteca-1024x1024.jpg 1024w, https:\/\/soymigrante.com\/revista\/wp-content\/uploads\/2025\/10\/yucely-beb-caal-cientifica-guatemalteca-300x300.jpg 300w, https:\/\/soymigrante.com\/revista\/wp-content\/uploads\/2025\/10\/yucely-beb-caal-cientifica-guatemalteca-150x150.jpg 150w, https:\/\/soymigrante.com\/revista\/wp-content\/uploads\/2025\/10\/yucely-beb-caal-cientifica-guatemalteca-768x768.jpg 768w, https:\/\/soymigrante.com\/revista\/wp-content\/uploads\/2025\/10\/yucely-beb-caal-cientifica-guatemalteca-75x75.jpg 75w, https:\/\/soymigrante.com\/revista\/wp-content\/uploads\/2025\/10\/yucely-beb-caal-cientifica-guatemalteca-750x750.jpg 750w, https:\/\/soymigrante.com\/revista\/wp-content\/uploads\/2025\/10\/yucely-beb-caal-cientifica-guatemalteca.jpg 1080w\" sizes=\"(max-width: 1024px) 100vw, 1024px\" title=\"Yucely Beb Caal, doctora en automatizaci\u00f3n, actualmente trabaja en la investigaci\u00f3n de nanotecnolog\u00eda para encontrar mejores formas de diagnosticar el c\u00e1ncer, con ayuda de inteligencia artificial. Su curiosidad no tiene l\u00edmites pero su gran objetivo es siempre aportar a la mejora de la humanidad. (Foto cortes\u00eda Yucely Beb) \u2013 SoyMigrante.com REVISTA\" \/>\t\t\t\t\t\t\t\t\t\t\t<figcaption class=\"widget-image-caption wp-caption-text\">Yucely Beb Caal, doctora en automatizaci\u00f3n, actualmente trabaja en la investigaci\u00f3n de nanotecnolog\u00eda para encontrar mejores formas de diagnosticar el c\u00e1ncer, con ayuda de inteligencia artificial. Su curiosidad no tiene l\u00edmites pero su gran objetivo es siempre aportar a la mejora de la humanidad. (Foto cortes\u00eda Yucely Beb)<\/figcaption>\n\t\t\t\t\t\t\t\t\t\t<\/figure>\n\t\t\t\t\t\t\t\t\t<\/div>\n\t\t\t\t\t<\/div>\n\t\t\t\t<\/div>\n\t\t<div data-particle_enable=\"false\" data-particle-mobile-disabled=\"false\" class=\"elementor-element elementor-element-bc4f7de e-flex e-con-boxed e-con e-parent\" data-id=\"bc4f7de\" data-element_type=\"container\" data-e-type=\"container\">\n\t\t\t\t\t<div class=\"e-con-inner\">\n\t\t\t\t<div class=\"elementor-element elementor-element-2ae824e elementor-widget elementor-widget-heading\" data-id=\"2ae824e\" data-element_type=\"widget\" data-e-type=\"widget\" data-widget_type=\"heading.default\">\n\t\t\t\t\t<h3 class=\"elementor-heading-title elementor-size-default\">Promueve la ciencia en la ni\u00f1ez y juventud<\/h3>\t\t\t\t<\/div>\n\t\t\t\t\t<\/div>\n\t\t\t\t<\/div>\n\t\t<div data-particle_enable=\"false\" data-particle-mobile-disabled=\"false\" class=\"elementor-element elementor-element-f5db1a6 e-flex e-con-boxed e-con e-parent\" data-id=\"f5db1a6\" data-element_type=\"container\" data-e-type=\"container\">\n\t\t\t\t\t<div class=\"e-con-inner\">\n\t\t\t\t<div class=\"elementor-element elementor-element-edb6edd elementor-widget elementor-widget-text-editor\" data-id=\"edb6edd\" data-element_type=\"widget\" data-e-type=\"widget\" data-widget_type=\"text-editor.default\">\n\t\t\t\t\t\t\t\t\t<p>Sobre la brecha tecnol\u00f3gica en Guatemala, es tajante: \u201cEs muy grande. En Guatemala trabaj\u00e9 en mantenimiento mec\u00e1nico porque no hab\u00eda puestos para mecatr\u00f3nica. No tenemos maestr\u00edas ni doctorados en esas \u00e1reas. Si no abrimos m\u00e1s puertas educativas, no va a llegar la industrializaci\u00f3n\u201d, opina. En otras palabras, la brecha no es excusa sino un motivo para esforzarse m\u00e1s y superar metas.<\/p><p>Yucely siempre mantiene la conexi\u00f3n con su tierra natal. En 2024 fue premiada por la agencia de seguros Universales, como guatemalteca destacadas.\u00a0 \u201cLo que m\u00e1s extra\u00f1o es mi familia\u2026 y el kak\u2019ik\u201d bien caliente y reci\u00e9n hecho&#8221; dice sonriendo. }<\/p><p>Cuando se le pregunta por su sue\u00f1o, responde sin dudar: \u201cTrabajar en proyectos que dejen algo a la sociedad. No aplicar tecnolog\u00eda solo por aplicarla, sino para el bien com\u00fan. Por eso la investigaci\u00f3n actual me interesa mucho porque puede ayudar a detectar mejor y a tratar mejor a los pacientes de c\u00e1ncer. Inspirar a la juventud para que siga el camino de la ciencia\u201d<\/p>\t\t\t\t\t\t\t\t<\/div>\n\t\t\t\t\t<\/div>\n\t\t\t\t<\/div>\n\t\t<div data-particle_enable=\"false\" data-particle-mobile-disabled=\"false\" class=\"elementor-element elementor-element-2d3a74c e-flex e-con-boxed e-con e-parent\" data-id=\"2d3a74c\" data-element_type=\"container\" data-e-type=\"container\">\n\t\t\t\t\t<div class=\"e-con-inner\">\n\t\t\t\t<div class=\"elementor-element elementor-element-f892ec0 elementor-widget elementor-widget-html\" data-id=\"f892ec0\" data-element_type=\"widget\" data-e-type=\"widget\" data-widget_type=\"html.default\">\n\t\t\t\t\t<iframe width=\"560\" height=\"415\" src=\"https:\/\/www.youtube.com\/embed\/E-uv7y5Ilac?si=Fyh057DBlUX5_Uz_&amp;start=2582\" title=\"YouTube video player\" frameborder=\"0\" allow=\"accelerometer; autoplay; clipboard-write; encrypted-media; gyroscope; picture-in-picture; web-share\" referrerpolicy=\"strict-origin-when-cross-origin\" allowfullscreen><\/iframe>\t\t\t\t<\/div>\n\t\t\t\t\t<\/div>\n\t\t\t\t<\/div>\n\t\t<div data-particle_enable=\"false\" data-particle-mobile-disabled=\"false\" class=\"elementor-element elementor-element-2875e79 e-flex e-con-boxed e-con e-parent\" data-id=\"2875e79\" data-element_type=\"container\" data-e-type=\"container\">\n\t\t\t\t\t<div class=\"e-con-inner\">\n\t\t\t\t<div class=\"elementor-element elementor-element-bb859f3 elementor-widget elementor-widget-heading\" data-id=\"bb859f3\" data-element_type=\"widget\" data-e-type=\"widget\" data-widget_type=\"heading.default\">\n\t\t\t\t\t<h3 class=\"elementor-heading-title elementor-size-default\">Una pasarela inesperada<\/h3>\t\t\t\t<\/div>\n\t\t\t\t\t<\/div>\n\t\t\t\t<\/div>\n\t\t<div data-particle_enable=\"false\" data-particle-mobile-disabled=\"false\" class=\"elementor-element elementor-element-bed3a0b e-flex e-con-boxed e-con e-parent\" data-id=\"bed3a0b\" data-element_type=\"container\" data-e-type=\"container\">\n\t\t\t\t\t<div class=\"e-con-inner\">\n\t\t\t\t<div class=\"elementor-element elementor-element-1a12460 elementor-widget elementor-widget-text-editor\" data-id=\"1a12460\" data-element_type=\"widget\" data-e-type=\"widget\" data-widget_type=\"text-editor.default\">\n\t\t\t\t\t\t\t\t\t<p>Sobre la pasarela parisina, el 4 de octubre, comenta que fue algo m\u00e1s bien fortuito. Le pidieron si pod\u00eda apoyar a la <a href=\"https:\/\/soymigrante.com\/revista\/textiles-dla-rosa-presentara-disenos-mayas-en-paris\/\">f\u00e1brica artesanal D\u2019La Rossa, en su presentaci\u00f3n en la Semana de la Moda en Par\u00eds<\/a>. Y de pronto le propusieron si quer\u00eda desfilar con uno de los elegantes trajes.<\/p><p>En realidad Yucely no solo model\u00f3 ropa: represent\u00f3 una historia de esfuerzo, ciencia e identidad.\u00a0 Se conect\u00f3 con sus ra\u00edces y a la vez manifest\u00f3 el orgullo de ser maya q&#8217;eqchi&#8217; ante todo el mundo.<\/p><p>\u201cMe sent\u00ed muy contenta de poder ayudarles -a D&#8217;La Rossa-, porque el ser guatemaltecos significa apoyarnos entre nosotros, no importa d\u00f3nde estemos.\u201d\u00a0 Si deseas ver el momento en que Yucely luce los dise\u00f1os de Herencia Ancestral, puedes dar clic en la siguiente imagen.<\/p>\t\t\t\t\t\t\t\t<\/div>\n\t\t\t\t\t<\/div>\n\t\t\t\t<\/div>\n\t\t<div data-particle_enable=\"false\" data-particle-mobile-disabled=\"false\" class=\"elementor-element elementor-element-1ef33c6 e-flex e-con-boxed e-con e-parent\" data-id=\"1ef33c6\" data-element_type=\"container\" data-e-type=\"container\">\n\t\t\t\t\t<div class=\"e-con-inner\">\n\t\t\t\t<div class=\"elementor-element elementor-element-b5337da elementor-widget elementor-widget-image\" data-id=\"b5337da\" data-element_type=\"widget\" data-e-type=\"widget\" data-widget_type=\"image.default\">\n\t\t\t\t\t\t\t\t\t\t\t\t<figure class=\"wp-caption\">\n\t\t\t\t\t\t\t\t\t\t<img loading=\"lazy\" decoding=\"async\" width=\"1140\" height=\"855\" src=\"https:\/\/soymigrante.com\/revista\/wp-content\/uploads\/2025\/10\/yucely-beb-caal-cientifica-maya-1140x855.jpg\" class=\"attachment-large size-large wp-image-47084\" alt=\"&quot;La inteligencia artificial es una herramienta que puede ayudar y nos plantea un desaf\u00edo: como mejorar la vida de las personas a trav\u00e9s de la ciencia&quot;, dice Yucely Beb Caal, doctora en automatizaci\u00f3n, radicada en Francia pero orgullosamente guatemalteca maya Q&#039;eqchi&#039;, de Cob\u00e1n, Alta Verapaz\" srcset=\"https:\/\/soymigrante.com\/revista\/wp-content\/uploads\/2025\/10\/yucely-beb-caal-cientifica-maya-1140x855.jpg 1140w, https:\/\/soymigrante.com\/revista\/wp-content\/uploads\/2025\/10\/yucely-beb-caal-cientifica-maya-300x225.jpg 300w, https:\/\/soymigrante.com\/revista\/wp-content\/uploads\/2025\/10\/yucely-beb-caal-cientifica-maya-768x576.jpg 768w, https:\/\/soymigrante.com\/revista\/wp-content\/uploads\/2025\/10\/yucely-beb-caal-cientifica-maya-1536x1152.jpg 1536w, https:\/\/soymigrante.com\/revista\/wp-content\/uploads\/2025\/10\/yucely-beb-caal-cientifica-maya-750x563.jpg 750w, https:\/\/soymigrante.com\/revista\/wp-content\/uploads\/2025\/10\/yucely-beb-caal-cientifica-maya.jpg 2048w\" sizes=\"(max-width: 1140px) 100vw, 1140px\" title=\"&quot;La inteligencia artificial es una herramienta que puede ayudar y nos plantea un desaf\u00edo: como mejorar la vida de las personas a trav\u00e9s de la ciencia&quot;, dice Yucely Beb Caal, doctora en automatizaci\u00f3n, radicada en Francia pero orgullosamente guatemalteca maya Q&#039;eqchi&#039;, de Cob\u00e1n, Alta Verapaz \u2013 SoyMigrante.com REVISTA\" \/>\t\t\t\t\t\t\t\t\t\t\t<figcaption class=\"widget-image-caption wp-caption-text\">\"La inteligencia artificial es una herramienta que puede ayudar y nos plantea un desaf\u00edo: como mejorar la vida de las personas a trav\u00e9s de la ciencia\", dice Yucely Beb Caal, doctora en automatizaci\u00f3n, radicada en Francia pero orgullosamente guatemalteca maya Q'eqchi', de Cob\u00e1n, Alta Verapaz<\/figcaption>\n\t\t\t\t\t\t\t\t\t\t<\/figure>\n\t\t\t\t\t\t\t\t\t<\/div>\n\t\t\t\t\t<\/div>\n\t\t\t\t<\/div>\n\t\t<div data-particle_enable=\"false\" data-particle-mobile-disabled=\"false\" class=\"elementor-element elementor-element-683f9a3 e-flex e-con-boxed e-con e-parent\" data-id=\"683f9a3\" data-element_type=\"container\" data-e-type=\"container\">\n\t\t\t\t\t<div class=\"e-con-inner\">\n\t\t\t\t<div class=\"elementor-element elementor-element-2c6c7d5 elementor-widget elementor-widget-heading\" data-id=\"2c6c7d5\" data-element_type=\"widget\" data-e-type=\"widget\" data-widget_type=\"heading.default\">\n\t\t\t\t\t<h2 class=\"elementor-heading-title elementor-size-default\">Guatemaltecas de excelencia sin fronteras<\/h2>\t\t\t\t<\/div>\n\t\t\t\t\t<\/div>\n\t\t\t\t<\/div>\n\t\t<div data-particle_enable=\"false\" data-particle-mobile-disabled=\"false\" class=\"elementor-element elementor-element-9f435cf e-flex e-con-boxed e-con e-parent\" data-id=\"9f435cf\" data-element_type=\"container\" data-e-type=\"container\">\n\t\t\t\t\t<div class=\"e-con-inner\">\n\t\t\t\t<div class=\"elementor-element elementor-element-30ea4d9 elementor-grid-eael-col-3 elementor-grid-tablet-eael-col-2 elementor-grid-mobile-eael-col-1 elementor-widget elementor-widget-eael-post-grid\" data-id=\"30ea4d9\" data-element_type=\"widget\" data-e-type=\"widget\" data-settings=\"{&quot;eael_post_grid_columns&quot;:&quot;eael-col-3&quot;,&quot;eael_post_grid_columns_tablet&quot;:&quot;eael-col-2&quot;,&quot;eael_post_grid_columns_mobile&quot;:&quot;eael-col-1&quot;}\" data-widget_type=\"eael-post-grid.default\">\n\t\t\t\t\t<div id=\"eael-post-grid-30ea4d9\" class=\"eael-post-grid-container\">\n            <div class=\"eael-post-grid eael-post-appender eael-post-appender-30ea4d9 eael-post-grid-style-one\" data-layout-mode=\"masonry\"><article class=\"eael-grid-post  eael-post-grid-column eael-pg-post-4835 category-exitos\" data-id=\"4835\">\n        <div class=\"eael-grid-post-holder\">\n            <div class=\"eael-grid-post-holder-inner\"><div class=\"eael-entry-media\"><div class=\"eael-entry-overlay fade-in\"><i class=\"far fa-hand-pointer\" aria-hidden=\"true\"><\/i><a href=\"https:\/\/soymigrante.com\/revista\/migrante-guatemalteca-alejandra-cifuentes-asesoria-legal-fiscal-oklahoma\/\"><\/a><\/div><div class=\"eael-entry-thumbnail eael-image-ratio\">\n                <img loading=\"lazy\" decoding=\"async\" width=\"308\" height=\"319\" src=\"https:\/\/soymigrante.com\/revista\/wp-content\/uploads\/2024\/02\/WhatsApp-Image-2024-02-15-at-5.45.02-PM.webp\" class=\"attachment-large size-large wp-image-4926\" alt=\"Alejandra es la mayor de los cuatro hermanos migrantes Cifuentes.\" srcset=\"https:\/\/soymigrante.com\/revista\/wp-content\/uploads\/2024\/02\/WhatsApp-Image-2024-02-15-at-5.45.02-PM.webp 308w, https:\/\/soymigrante.com\/revista\/wp-content\/uploads\/2024\/02\/WhatsApp-Image-2024-02-15-at-5.45.02-PM-290x300.webp 290w\" sizes=\"(max-width: 308px) 100vw, 308px\" \/>\n            <\/div>\n        <\/div><div class=\"eael-entry-wrapper\"><header class=\"eael-entry-header\"><h2 class=\"eael-entry-title\"><a class=\"eael-grid-post-link\" href=\"https:\/\/soymigrante.com\/revista\/migrante-guatemalteca-alejandra-cifuentes-asesoria-legal-fiscal-oklahoma\/\" title=\"Hermanos migrantes: Alejandra Cifuentes, asesora fiscal, migratoria y de bienes ra\u00edces\">Hermanos migrantes: Alejandra Cifuentes, asesora fiscal, migratoria y de bienes ra\u00edces<\/a><\/h2><\/header><div class=\"eael-entry-content\">\n                        <div class=\"eael-grid-post-excerpt\"><a href=\"https:\/\/soymigrante.com\/revista\/migrante-guatemalteca-alejandra-cifuentes-asesoria-legal-fiscal-oklahoma\/\" class=\"eael-post-elements-readmore-btn\">CONOCE SU HISTORIA <\/a><\/div>\n                    <\/div><\/div><\/div>\n        <\/div>\n    <\/article><article class=\"eael-grid-post  eael-post-grid-column eael-pg-post-6481 category-exitos\" data-id=\"6481\">\n        <div class=\"eael-grid-post-holder\">\n            <div class=\"eael-grid-post-holder-inner\"><div class=\"eael-entry-media\"><div class=\"eael-entry-overlay fade-in\"><i class=\"far fa-hand-pointer\" aria-hidden=\"true\"><\/i><a href=\"https:\/\/soymigrante.com\/revista\/se-gradua-de-medica-hija-de-migrantes-guatemaltecos-en-oklahoma\/\"><\/a><\/div><div class=\"eael-entry-thumbnail eael-image-ratio\">\n                <img loading=\"lazy\" decoding=\"async\" width=\"715\" height=\"688\" src=\"https:\/\/soymigrante.com\/revista\/wp-content\/uploads\/2024\/05\/Captura-de-pantalla-2024-05-17-112020.webp\" class=\"attachment-large size-large wp-image-6482\" alt=\"Graduaci\u00f3n de inmigrantes en evento cultural con tradici\u00f3n, orgullo y diversidad en la comunidad migrante.\" srcset=\"https:\/\/soymigrante.com\/revista\/wp-content\/uploads\/2024\/05\/Captura-de-pantalla-2024-05-17-112020.webp 715w, https:\/\/soymigrante.com\/revista\/wp-content\/uploads\/2024\/05\/Captura-de-pantalla-2024-05-17-112020-300x289.webp 300w\" sizes=\"(max-width: 715px) 100vw, 715px\" \/>\n            <\/div>\n        <\/div><div class=\"eael-entry-wrapper\"><header class=\"eael-entry-header\"><h2 class=\"eael-entry-title\"><a class=\"eael-grid-post-link\" href=\"https:\/\/soymigrante.com\/revista\/se-gradua-de-medica-hija-de-migrantes-guatemaltecos-en-oklahoma\/\" title=\"Se grad\u00faa de m\u00e9dica hija de migrantes guatemaltecos en Oklahoma\">Se grad\u00faa de m\u00e9dica hija de migrantes guatemaltecos en Oklahoma<\/a><\/h2><\/header><div class=\"eael-entry-content\">\n                        <div class=\"eael-grid-post-excerpt\"><a href=\"https:\/\/soymigrante.com\/revista\/se-gradua-de-medica-hija-de-migrantes-guatemaltecos-en-oklahoma\/\" class=\"eael-post-elements-readmore-btn\">CONOCE SU HISTORIA <\/a><\/div>\n                    <\/div><\/div><\/div>\n        <\/div>\n    <\/article><article class=\"eael-grid-post  eael-post-grid-column eael-pg-post-15524 category-exitos\" data-id=\"15524\">\n        <div class=\"eael-grid-post-holder\">\n            <div class=\"eael-grid-post-holder-inner\"><div class=\"eael-entry-media\"><div class=\"eael-entry-overlay fade-in\"><i class=\"far fa-hand-pointer\" aria-hidden=\"true\"><\/i><a href=\"https:\/\/soymigrante.com\/revista\/bienes-raices-son-la-realidad-y-el-sueno-de-la-guatemalteca-christtag-vasquez-cortez\/\"><\/a><\/div><div class=\"eael-entry-thumbnail eael-image-ratio\">\n                <img loading=\"lazy\" decoding=\"async\" width=\"905\" height=\"905\" src=\"https:\/\/soymigrante.com\/revista\/wp-content\/uploads\/2024\/12\/christtag-barrios-migrante-guatemalteca-1.webp\" class=\"attachment-large size-large wp-image-15525\" alt=\"Campesina en la cima de un volc\u00e1n con bandera de Guatemala, s\u00edmbolo de lucha y orgullo ind\u00edgena, en un paisaje volc\u00e1nico y monta\u00f1oso, en el contexto de la Revista SoyMigrante.com.\" srcset=\"https:\/\/soymigrante.com\/revista\/wp-content\/uploads\/2024\/12\/christtag-barrios-migrante-guatemalteca-1.webp 905w, https:\/\/soymigrante.com\/revista\/wp-content\/uploads\/2024\/12\/christtag-barrios-migrante-guatemalteca-1-300x300.jpg 300w, https:\/\/soymigrante.com\/revista\/wp-content\/uploads\/2024\/12\/christtag-barrios-migrante-guatemalteca-1-150x150.jpg 150w, https:\/\/soymigrante.com\/revista\/wp-content\/uploads\/2024\/12\/christtag-barrios-migrante-guatemalteca-1-768x768.jpg 768w, https:\/\/soymigrante.com\/revista\/wp-content\/uploads\/2024\/12\/christtag-barrios-migrante-guatemalteca-1-75x75.webp 75w, https:\/\/soymigrante.com\/revista\/wp-content\/uploads\/2024\/12\/christtag-barrios-migrante-guatemalteca-1-750x750.webp 750w\" sizes=\"(max-width: 905px) 100vw, 905px\" \/>\n            <\/div>\n        <\/div><div class=\"eael-entry-wrapper\"><header class=\"eael-entry-header\"><h2 class=\"eael-entry-title\"><a class=\"eael-grid-post-link\" href=\"https:\/\/soymigrante.com\/revista\/bienes-raices-son-la-realidad-y-el-sueno-de-la-guatemalteca-christtag-vasquez-cortez\/\" title=\"Bienes ra\u00edces son la realidad y el sue\u00f1o de la guatemalteca Christtag V\u00e1squez Cortez\">Bienes ra\u00edces son la realidad y el sue\u00f1o de la guatemalteca Christtag V\u00e1squez Cortez<\/a><\/h2><\/header><div class=\"eael-entry-content\">\n                        <div class=\"eael-grid-post-excerpt\"><a href=\"https:\/\/soymigrante.com\/revista\/bienes-raices-son-la-realidad-y-el-sueno-de-la-guatemalteca-christtag-vasquez-cortez\/\" class=\"eael-post-elements-readmore-btn\">CONOCE SU HISTORIA <\/a><\/div>\n                    <\/div><\/div><\/div>\n        <\/div>\n    <\/article><\/div>\n            <div class=\"clearfix\"><\/div>\n        <\/div>\t\t\t\t<\/div>\n\t\t\t\t\t<\/div>\n\t\t\t\t<\/div>\n\t\t\t\t<\/div>\n\t\t","protected":false},"excerpt":{"rendered":"<p>Yucely Beb, q&#8217;eqchi&#8217;, de Cob\u00e1n, Alta Verapaz, ingeniera en mecatr\u00f3nica y doctora en automatizaci\u00f3n, trabaja en Francia en tecnolog\u00eda para detectar c\u00e1ncer. Pero el 4 de octubre desfil\u00f3 en pasarela de moda maya en Par\u00eds. El 4 de octubre de 2025, en plena Semana de la Moda de Par\u00eds, una cient\u00edfica guatemalteca maya q\u2019eqchi\u2019 desfil\u00f3 [&hellip;]<\/p>\n","protected":false},"author":7,"featured_media":47094,"comment_status":"open","ping_status":"open","sticky":false,"template":"","format":"standard","meta":{"_acf_changed":false,"_eb_attr":"","footnotes":""},"categories":[50],"tags":[],"class_list":["post-47062","post","type-post","status-publish","format-standard","has-post-thumbnail","hentry","category-exitos"],"acf":[],"aioseo_notices":[],"aioseo_head":"\n\t\t<!-- All in One SEO Pro 4.9.6.2 - aioseo.com -->\n\t<meta name=\"description\" content=\"Migrante guatemalteca Christtag V\u00e1squez vive en Los Angeles, vende casas para una prestigiosa firma de bienes ra\u00edces. Aqu\u00ed la historia como lleg\u00f3 a este negocio\" \/>\n\t<meta name=\"robots\" content=\"max-snippet:-1, max-image-preview:large, max-video-preview:-1\" \/>\n\t<meta name=\"author\" content=\"Gustavo Montenegro\"\/>\n\t<link rel=\"canonical\" href=\"https:\/\/soymigrante.com\/revista\/bienes-raices-son-la-realidad-y-el-sueno-de-la-guatemalteca-christtag-vasquez-cortez\/\" \/>\n\t<meta name=\"generator\" content=\"All in One SEO Pro (AIOSEO) 4.9.6.2\" \/>\n\n\t\t<link rel=\"preconnect\" href=\"https:\/\/fonts.googleapis.com\" crossorigin>\n<link rel=\"preconnect\" href=\"https:\/\/fonts.gstatic.com\" crossorigin>\n\t\t<meta property=\"og:locale\" content=\"es_ES\" \/>\n\t\t<meta property=\"og:site_name\" content=\"SoyMigrante.com REVISTA \u2013 Nuestra misi\u00f3n es reconocer y dignificar al migrante.\" \/>\n\t\t<meta property=\"og:type\" content=\"article\" \/>\n\t\t<meta property=\"og:title\" content=\"Guatemalteca Christtag Cortez se abre paso en Bienes Ra\u00edces en LA\" \/>\n\t\t<meta property=\"og:description\" content=\"Migrante guatemalteca Christtag V\u00e1squez vive en Los Angeles, vende casas para una prestigiosa firma de bienes ra\u00edces. Aqu\u00ed la historia como lleg\u00f3 a este negocio\" \/>\n\t\t<meta property=\"og:url\" content=\"https:\/\/soymigrante.com\/revista\/bienes-raices-son-la-realidad-y-el-sueno-de-la-guatemalteca-christtag-vasquez-cortez\/\" \/>\n\t\t<meta property=\"og:image\" content=\"https:\/\/soymigrante.com\/revista\/wp-content\/uploads\/2024\/12\/christtag-barrios-migrante-guatemalteca-1.webp\" \/>\n\t\t<meta property=\"og:image:secure_url\" content=\"https:\/\/soymigrante.com\/revista\/wp-content\/uploads\/2024\/12\/christtag-barrios-migrante-guatemalteca-1.webp\" \/>\n\t\t<meta property=\"og:image:width\" content=\"905\" \/>\n\t\t<meta property=\"og:image:height\" content=\"905\" \/>\n\t\t<meta property=\"article:published_time\" content=\"2024-12-05T16:14:15+00:00\" \/>\n\t\t<meta property=\"article:modified_time\" content=\"2024-12-22T05:11:59+00:00\" \/>\n\t\t<meta property=\"article:publisher\" content=\"https:\/\/www.facebook.com\/soymigrantecom\" \/>\n\t\t<meta name=\"twitter:card\" content=\"summary_large_image\" \/>\n\t\t<meta name=\"twitter:site\" content=\"@SoyMigrante_com\" \/>\n\t\t<meta name=\"twitter:title\" content=\"Guatemalteca Christtag Cortez se abre paso en Bienes Ra\u00edces en LA\" \/>\n\t\t<meta name=\"twitter:description\" content=\"Migrante guatemalteca Christtag V\u00e1squez vive en Los Angeles, vende casas para una prestigiosa firma de bienes ra\u00edces. Aqu\u00ed la historia como lleg\u00f3 a este negocio\" \/>\n\t\t<meta name=\"twitter:creator\" content=\"@SoyMigrante_com\" \/>\n\t\t<meta name=\"twitter:image\" content=\"https:\/\/soymigrante.com\/revista\/wp-content\/uploads\/2024\/12\/christtag-barrios-migrante-guatemalteca-1.webp\" \/>\n\t\t<!-- All in One SEO Pro -->\r\n\t\t<title>Guatemalteca Christtag Cortez se abre paso en Bienes Ra\u00edces en LA<\/title>\n\n","aioseo_head_json":{"title":"Guatemalteca Christtag Cortez se abre paso en Bienes Ra\u00edces en LA","description":"Migrante guatemalteca Christtag V\u00e1squez vive en Los Angeles, vende casas para una prestigiosa firma de bienes ra\u00edces. Aqu\u00ed la historia como lleg\u00f3 a este negocio","canonical_url":"https:\/\/soymigrante.com\/revista\/bienes-raices-son-la-realidad-y-el-sueno-de-la-guatemalteca-christtag-vasquez-cortez\/","robots":"max-snippet:-1, max-image-preview:large, max-video-preview:-1","keywords":"","webmasterTools":{"miscellaneous":"&lt;link rel=\"preconnect\" href=\"https:\/\/fonts.googleapis.com\" crossorigin&gt;\n&lt;link rel=\"preconnect\" href=\"https:\/\/fonts.gstatic.com\" crossorigin&gt;"},"schema":null,"og:locale":"es_ES","og:site_name":"SoyMigrante.com REVISTA \u2013 Nuestra misi\u00f3n es reconocer y dignificar al migrante.","og:type":"article","og:title":"Guatemalteca Christtag Cortez se abre paso en Bienes Ra\u00edces en LA","og:description":"Migrante guatemalteca Christtag V\u00e1squez vive en Los Angeles, vende casas para una prestigiosa firma de bienes ra\u00edces. Aqu\u00ed la historia como lleg\u00f3 a este negocio","og:url":"https:\/\/soymigrante.com\/revista\/bienes-raices-son-la-realidad-y-el-sueno-de-la-guatemalteca-christtag-vasquez-cortez\/","og:image":"https:\/\/soymigrante.com\/revista\/wp-content\/uploads\/2024\/12\/christtag-barrios-migrante-guatemalteca-1.webp","og:image:secure_url":"https:\/\/soymigrante.com\/revista\/wp-content\/uploads\/2024\/12\/christtag-barrios-migrante-guatemalteca-1.webp","og:image:width":905,"og:image:height":905,"article:published_time":"2024-12-05T16:14:15+00:00","article:modified_time":"2024-12-22T05:11:59+00:00","article:publisher":"https:\/\/www.facebook.com\/soymigrantecom","twitter:card":"summary_large_image","twitter:site":"@SoyMigrante_com","twitter:title":"Guatemalteca Christtag Cortez se abre paso en Bienes Ra\u00edces en LA","twitter:description":"Migrante guatemalteca Christtag V\u00e1squez vive en Los Angeles, vende casas para una prestigiosa firma de bienes ra\u00edces. Aqu\u00ed la historia como lleg\u00f3 a este negocio","twitter:creator":"@SoyMigrante_com","twitter:image":"https:\/\/soymigrante.com\/revista\/wp-content\/uploads\/2024\/12\/christtag-barrios-migrante-guatemalteca-1.webp"},"aioseo_meta_data":{"post_id":"47062","title":"Yucely Beb modela ciencia (y tambi\u00e9n moda maya) en Francia","description":"Ingeniera guatemalteca desarrolla un doctorado en nanotecnolog\u00eda electr\u00f3nica en Francia y model\u00f3 dise\u00f1os de indumentaria mayas de D'La Rossa en desfile de Par\u00eds","keywords":null,"keyphrases":{"focus":{"keyphrase":"Maya","score":82,"analysis":{"keyphraseInTitle":{"score":9,"maxScore":9,"error":0},"keyphraseInDescription":{"score":3,"maxScore":9,"error":1},"keyphraseLength":{"score":9,"maxScore":9,"error":0,"length":1},"keyphraseInURL":{"score":5,"maxScore":5,"error":0},"keyphraseInIntroduction":{"score":9,"maxScore":9,"error":0},"keyphraseInSubHeadings":{"score":3,"maxScore":9,"error":1},"keyphraseInImageAlt":{"score":9,"maxScore":9,"error":0},"keywordDensity":{"type":"best","score":9,"maxScore":9,"error":0}}},"additional":[{"keyphrase":"Guatemalteca","score":67,"analysis":{"keyphraseInDescription":{"score":9,"maxScore":9,"error":0},"keyphraseLength":{"score":9,"maxScore":9,"error":0,"length":1},"keyphraseInIntroduction":{"score":9,"maxScore":9,"error":0},"keyphraseInImageAlt":{"score":3,"maxScore":9,"error":1},"keywordDensity":{"score":0,"type":"low","maxScore":9,"error":1}}},{"keyphrase":"Francia","score":53,"analysis":{"keyphraseInDescription":{"score":9,"maxScore":9,"error":0},"keyphraseLength":{"score":9,"maxScore":9,"error":0,"length":1},"keyphraseInIntroduction":{"score":3,"maxScore":9,"error":1},"keyphraseInImageAlt":{"score":3,"maxScore":9,"error":1},"keywordDensity":{"score":0,"type":"low","maxScore":9,"error":1}}},{"keyphrase":"Modela","score":40,"analysis":{"keyphraseInDescription":{"score":3,"maxScore":9,"error":1},"keyphraseLength":{"score":9,"maxScore":9,"error":0,"length":1},"keyphraseInIntroduction":{"score":3,"maxScore":9,"error":1},"keyphraseInImageAlt":{"score":3,"maxScore":9,"error":1},"keywordDensity":{"score":0,"type":"low","maxScore":9,"error":1}}}]},"primary_term":null,"canonical_url":null,"og_title":null,"og_description":null,"og_object_type":"default","og_image_type":"default","og_image_url":null,"og_image_width":null,"og_image_height":null,"og_image_custom_url":null,"og_image_custom_fields":null,"og_video":"","og_custom_url":null,"og_article_section":null,"og_article_tags":null,"twitter_use_og":false,"twitter_card":"default","twitter_image_type":"default","twitter_image_url":null,"twitter_image_custom_url":null,"twitter_image_custom_fields":null,"twitter_title":null,"twitter_description":null,"schema":{"blockGraphs":[],"customGraphs":[],"default":{"data":{"Article":[],"Course":[],"Dataset":[],"FAQPage":[],"Movie":[],"Person":[],"Product":[],"ProductReview":[],"Car":[],"Recipe":[],"Service":[],"SoftwareApplication":[],"WebPage":[]},"graphName":"none","isEnabled":true},"graphs":[]},"schema_type":"default","schema_type_options":null,"pillar_content":false,"robots_default":true,"robots_noindex":false,"robots_noarchive":false,"robots_nosnippet":false,"robots_nofollow":false,"robots_noimageindex":false,"robots_noodp":false,"robots_notranslate":false,"robots_max_snippet":"-1","robots_max_videopreview":"-1","robots_max_imagepreview":"large","priority":null,"frequency":"default","local_seo":null,"seo_analyzer_scan_date":"2025-10-22 21:57:50","breadcrumb_settings":null,"limit_modified_date":false,"reviewed_by":"0","open_ai":null,"ai":{"faqs":[],"keyPoints":[],"titles":[],"descriptions":[],"socialPosts":{"email":[],"linkedin":[],"twitter":[],"facebook":[],"instagram":[]}},"created":"2025-10-10 17:46:20","updated":"2026-02-05 06:30:57"},"aioseo_breadcrumb":"<div class=\"aioseo-breadcrumbs\"><span class=\"aioseo-breadcrumb\">\n\t<a href=\"https:\/\/soymigrante.com\/revista\" title=\"Home\">Home<\/a>\n<\/span><span class=\"aioseo-breadcrumb-separator\">\u00bb<\/span><span class=\"aioseo-breadcrumb\">\n\t<a href=\"https:\/\/soymigrante.com\/revista\/category\/exitos\/\" title=\"\u00c9xitos\">\u00c9xitos<\/a>\n<\/span><span class=\"aioseo-breadcrumb-separator\">\u00bb<\/span><span class=\"aioseo-breadcrumb\">\n\tIngeniera Yucely Beb Caal desarrolla nanociencia (y model\u00f3 textiles mayas) en Francia\n<\/span><\/div>","aioseo_breadcrumb_json":[{"label":"Home","link":"https:\/\/soymigrante.com\/revista"},{"label":"\u00c9xitos","link":"https:\/\/soymigrante.com\/revista\/category\/exitos\/"},{"label":"Ingeniera Yucely Beb Caal desarrolla nanociencia (y model\u00f3 textiles mayas) en Francia","link":"https:\/\/soymigrante.com\/revista\/ingeniera-yucely-beb-caal-desarrolla-nanociencia-y-modelo-moda-maya-en-francia\/"}],"_links":{"self":[{"href":"https:\/\/soymigrante.com\/revista\/wp-json\/wp\/v2\/posts\/47062","targetHints":{"allow":["GET"]}}],"collection":[{"href":"https:\/\/soymigrante.com\/revista\/wp-json\/wp\/v2\/posts"}],"about":[{"href":"https:\/\/soymigrante.com\/revista\/wp-json\/wp\/v2\/types\/post"}],"author":[{"embeddable":true,"href":"https:\/\/soymigrante.com\/revista\/wp-json\/wp\/v2\/users\/7"}],"replies":[{"embeddable":true,"href":"https:\/\/soymigrante.com\/revista\/wp-json\/wp\/v2\/comments?post=47062"}],"version-history":[{"count":15,"href":"https:\/\/soymigrante.com\/revista\/wp-json\/wp\/v2\/posts\/47062\/revisions"}],"predecessor-version":[{"id":47547,"href":"https:\/\/soymigrante.com\/revista\/wp-json\/wp\/v2\/posts\/47062\/revisions\/47547"}],"wp:featuredmedia":[{"embeddable":true,"href":"https:\/\/soymigrante.com\/revista\/wp-json\/wp\/v2\/media\/47094"}],"wp:attachment":[{"href":"https:\/\/soymigrante.com\/revista\/wp-json\/wp\/v2\/media?parent=47062"}],"wp:term":[{"taxonomy":"category","embeddable":true,"href":"https:\/\/soymigrante.com\/revista\/wp-json\/wp\/v2\/categories?post=47062"},{"taxonomy":"post_tag","embeddable":true,"href":"https:\/\/soymigrante.com\/revista\/wp-json\/wp\/v2\/tags?post=47062"}],"curies":[{"name":"wp","href":"https:\/\/api.w.org\/{rel}","templated":true}]}}