{"id":47049,"date":"2025-10-10T08:33:10","date_gmt":"2025-10-10T14:33:10","guid":{"rendered":"https:\/\/soymigrante.com\/revista\/?p=47049"},"modified":"2025-10-10T08:44:47","modified_gmt":"2025-10-10T14:44:47","slug":"obispos-de-ee-uu-entregan-cartas-de-migrantes-al-papa-leon","status":"publish","type":"post","link":"https:\/\/soymigrante.com\/revista\/obispos-de-ee-uu-entregan-cartas-de-migrantes-al-papa-leon\/","title":{"rendered":"El Papa Le\u00f3n XIV recibe cartas de migrantes, incluyendo la de una guatemalteca"},"content":{"rendered":"\t\t<div data-elementor-type=\"wp-post\" data-elementor-id=\"47049\" class=\"elementor elementor-47049\" data-elementor-post-type=\"post\">\n\t\t\t\t<div data-particle_enable=\"false\" data-particle-mobile-disabled=\"false\" class=\"elementor-element elementor-element-866b06b e-flex e-con-boxed e-con e-parent\" data-id=\"866b06b\" data-element_type=\"container\" data-e-type=\"container\">\n\t\t\t\t\t<div class=\"e-con-inner\">\n\t\t\t\t<div class=\"elementor-element elementor-element-3f67e07 elementor-widget elementor-widget-heading\" data-id=\"3f67e07\" data-element_type=\"widget\" data-e-type=\"widget\" data-widget_type=\"heading.default\">\n\t\t\t\t\t<h2 class=\"elementor-heading-title elementor-size-default\">El papa Le\u00f3n XIV se manifest\u00f3 conmovido por las palabras escritas por migrantes, incluyendo la carta de una guatemalteca.<\/h2>\t\t\t\t<\/div>\n\t\t\t\t\t<\/div>\n\t\t\t\t<\/div>\n\t\t<div data-particle_enable=\"false\" data-particle-mobile-disabled=\"false\" class=\"elementor-element elementor-element-a6047f0 e-flex e-con-boxed e-con e-parent\" data-id=\"a6047f0\" data-element_type=\"container\" data-e-type=\"container\">\n\t\t\t\t\t<div class=\"e-con-inner\">\n\t\t\t\t<div class=\"elementor-element elementor-element-24d5262 elementor-widget elementor-widget-text-editor\" data-id=\"24d5262\" data-element_type=\"widget\" data-e-type=\"widget\" data-widget_type=\"text-editor.default\">\n\t\t\t\t\t\t\t\t\t<p>Obispos de Estados Unidos entregaron al Papa Le\u00f3n XIV cartas escritas por migrantes que expresan su angustia y pesar ante las actuales politicas antimigrantes implementadas en ese pa\u00eds.<\/p><p>Las cartas, acompa\u00f1adas de un video que muestra la vida cotidiana de familias inmigrantes, describen el clima de miedo que se vive en distintas ciudades estadounidenses a ra\u00edz de las pol\u00edticas migratorias endurecidas.<\/p>\t\t\t\t\t\t\t\t<\/div>\n\t\t\t\t\t<\/div>\n\t\t\t\t<\/div>\n\t\t<div data-particle_enable=\"false\" data-particle-mobile-disabled=\"false\" class=\"elementor-element elementor-element-2118e5e e-flex e-con-boxed e-con e-parent\" data-id=\"2118e5e\" data-element_type=\"container\" data-e-type=\"container\">\n\t\t\t\t\t<div class=\"e-con-inner\">\n\t\t\t\t<div class=\"elementor-element elementor-element-cd052e6 elementor-widget elementor-widget-image\" data-id=\"cd052e6\" data-element_type=\"widget\" data-e-type=\"widget\" data-widget_type=\"image.default\">\n\t\t\t\t\t\t\t\t\t\t\t\t<figure class=\"wp-caption\">\n\t\t\t\t\t\t\t\t\t\t<img fetchpriority=\"high\" decoding=\"async\" width=\"1140\" height=\"686\" src=\"https:\/\/soymigrante.com\/revista\/wp-content\/uploads\/2025\/10\/cartas-de-migrantes-al-papa-1140x686.png\" class=\"attachment-large size-large wp-image-47053\" alt=\"En todas las cartas hay vivencias de angustia debido a los operativos antimigrantes as\u00ed como el temor a que las familias se vean separadas por la detenci\u00f3n de uno de los padres.\" srcset=\"https:\/\/soymigrante.com\/revista\/wp-content\/uploads\/2025\/10\/cartas-de-migrantes-al-papa-1140x686.png 1140w, https:\/\/soymigrante.com\/revista\/wp-content\/uploads\/2025\/10\/cartas-de-migrantes-al-papa-300x181.png 300w, https:\/\/soymigrante.com\/revista\/wp-content\/uploads\/2025\/10\/cartas-de-migrantes-al-papa-768x462.png 768w, https:\/\/soymigrante.com\/revista\/wp-content\/uploads\/2025\/10\/cartas-de-migrantes-al-papa-750x451.png 750w, https:\/\/soymigrante.com\/revista\/wp-content\/uploads\/2025\/10\/cartas-de-migrantes-al-papa.png 1150w\" sizes=\"(max-width: 1140px) 100vw, 1140px\" title=\"En todas las cartas hay vivencias de angustia  debido a los operativos antimigrantes as\u00ed como el temor a que las familias se vean separadas por la detenci\u00f3n de uno de los padres. \u2013 SoyMigrante.com REVISTA\" \/>\t\t\t\t\t\t\t\t\t\t\t<figcaption class=\"widget-image-caption wp-caption-text\">En todas las cartas hay vivencias de angustia  debido a los operativos antimigrantes as\u00ed como el temor a que las familias se vean separadas por la detenci\u00f3n de uno de los padres.<\/figcaption>\n\t\t\t\t\t\t\t\t\t\t<\/figure>\n\t\t\t\t\t\t\t\t\t<\/div>\n\t\t\t\t\t<\/div>\n\t\t\t\t<\/div>\n\t\t<div data-particle_enable=\"false\" data-particle-mobile-disabled=\"false\" class=\"elementor-element elementor-element-24a1116 e-flex e-con-boxed e-con e-parent\" data-id=\"24a1116\" data-element_type=\"container\" data-e-type=\"container\">\n\t\t\t\t\t<div class=\"e-con-inner\">\n\t\t\t\t<div class=\"elementor-element elementor-element-feb1452 elementor-widget elementor-widget-heading\" data-id=\"feb1452\" data-element_type=\"widget\" data-e-type=\"widget\" data-widget_type=\"heading.default\">\n\t\t\t\t\t<h3 class=\"elementor-heading-title elementor-size-default\">Palabras de una guatemalteca<\/h3>\t\t\t\t<\/div>\n\t\t\t\t\t<\/div>\n\t\t\t\t<\/div>\n\t\t<div data-particle_enable=\"false\" data-particle-mobile-disabled=\"false\" class=\"elementor-element elementor-element-46d4d22 e-flex e-con-boxed e-con e-parent\" data-id=\"46d4d22\" data-element_type=\"container\" data-e-type=\"container\">\n\t\t\t\t\t<div class=\"e-con-inner\">\n\t\t\t\t<div class=\"elementor-element elementor-element-a081d14 elementor-widget elementor-widget-text-editor\" data-id=\"a081d14\" data-element_type=\"widget\" data-e-type=\"widget\" data-widget_type=\"text-editor.default\">\n\t\t\t\t\t\t\t\t\t<p>Entre los testimonios destaca el de Mar\u00eda, una guatemalteca que lleva m\u00e1s de 25 a\u00f1os viviendo en San Francisco. Aunque obtuvo asilo hace a\u00f1os, escribi\u00f3 preocupada por sus familiares indocumentados.<\/p><p>\u201cEl papa tiene que hablar con Trump y pedirle que piense sobre lo que est\u00e1 haciendo con los inmigrantes. Tiene que escucharlo y cambiar lo que est\u00e1 haciendo\u201d, escribi\u00f3 la guatemalteca Mar\u00eda.<\/p>\t\t\t\t\t\t\t\t<\/div>\n\t\t\t\t\t<\/div>\n\t\t\t\t<\/div>\n\t\t<div data-particle_enable=\"false\" data-particle-mobile-disabled=\"false\" class=\"elementor-element elementor-element-386f690 e-flex e-con-boxed e-con e-parent\" data-id=\"386f690\" data-element_type=\"container\" data-e-type=\"container\">\n\t\t\t\t\t<div class=\"e-con-inner\">\n\t\t\t\t<div class=\"elementor-element elementor-element-032aefd elementor-widget elementor-widget-image\" data-id=\"032aefd\" data-element_type=\"widget\" data-e-type=\"widget\" data-widget_type=\"image.default\">\n\t\t\t\t\t\t\t\t\t\t\t\t<figure class=\"wp-caption\">\n\t\t\t\t\t\t\t\t\t\t<img decoding=\"async\" width=\"1024\" height=\"682\" src=\"https:\/\/soymigrante.com\/revista\/wp-content\/uploads\/2025\/01\/Huehuetenango-4-1024x682.jpeg\" class=\"attachment-large size-large wp-image-20214\" alt=\"En 2019, Oswaldo Mart\u00edn regres\u00f3 a su natal Todos Santos Cuchumat\u00e1n y particip\u00f3 en las famosas carreras ceremoniales del 1 de noviembre: a pesar del tiempo y la distancia, su identidad es su fortaleza e inspiraci\u00f3n para apoyar a los migrantes guatemaltecos, mayas, mam y de otros pueblos. (Foto cortes\u00eda Oswaldo Martin)\" srcset=\"https:\/\/soymigrante.com\/revista\/wp-content\/uploads\/2025\/01\/Huehuetenango-4-1024x682.jpeg 1024w, https:\/\/soymigrante.com\/revista\/wp-content\/uploads\/2025\/01\/Huehuetenango-4-300x200.jpeg 300w, https:\/\/soymigrante.com\/revista\/wp-content\/uploads\/2025\/01\/Huehuetenango-4-768x512.jpeg 768w, https:\/\/soymigrante.com\/revista\/wp-content\/uploads\/2025\/01\/Huehuetenango-4-1536x1024.jpeg 1536w, https:\/\/soymigrante.com\/revista\/wp-content\/uploads\/2025\/01\/Huehuetenango-4-750x500.webp 750w, https:\/\/soymigrante.com\/revista\/wp-content\/uploads\/2025\/01\/Huehuetenango-4-1140x760.webp 1140w, https:\/\/soymigrante.com\/revista\/wp-content\/uploads\/2025\/01\/Huehuetenango-4.jpeg 2000w\" sizes=\"(max-width: 1024px) 100vw, 1024px\" title=\"En 2019, Oswaldo Mart\u00edn regres\u00f3 a su natal Todos Santos Cuchumat\u00e1n y particip\u00f3 en las famosas carreras ceremoniales del 1 de noviembre: a pesar del tiempo y la distancia, su identidad es su fortaleza e inspiraci\u00f3n para apoyar a los migrantes guatemaltecos, mayas, mam y de otros pueblos. (Foto cortes\u00eda Oswaldo Martin) \u2013 SoyMigrante.com REVISTA\" \/>\t\t\t\t\t\t\t\t\t\t\t<figcaption class=\"widget-image-caption wp-caption-text\">En 2019, Oswaldo Mart\u00edn regres\u00f3 a su natal Todos Santos Cuchumat\u00e1n y particip\u00f3 en las famosas carreras ceremoniales del 1 de noviembre: a pesar del tiempo y la distancia, su identidad es su fortaleza e inspiraci\u00f3n para apoyar a los migrantes guatemaltecos, mayas, mam y de otros pueblos. (Foto cortes\u00eda Oswaldo Martin)<\/figcaption>\n\t\t\t\t\t\t\t\t\t\t<\/figure>\n\t\t\t\t\t\t\t\t\t<\/div>\n\t\t\t\t\t<\/div>\n\t\t\t\t<\/div>\n\t\t<div data-particle_enable=\"false\" data-particle-mobile-disabled=\"false\" class=\"elementor-element elementor-element-c65d2e7 e-flex e-con-boxed e-con e-parent\" data-id=\"c65d2e7\" data-element_type=\"container\" data-e-type=\"container\">\n\t\t\t\t\t<div class=\"e-con-inner\">\n\t\t\t\t<div class=\"elementor-element elementor-element-a990943 elementor-widget elementor-widget-heading\" data-id=\"a990943\" data-element_type=\"widget\" data-e-type=\"widget\" data-widget_type=\"heading.default\">\n\t\t\t\t\t<h3 class=\"elementor-heading-title elementor-size-default\">Papa est\u00e1 con los migrantes<\/h3>\t\t\t\t<\/div>\n\t\t\t\t\t<\/div>\n\t\t\t\t<\/div>\n\t\t<div data-particle_enable=\"false\" data-particle-mobile-disabled=\"false\" class=\"elementor-element elementor-element-ed99d0e e-flex e-con-boxed e-con e-parent\" data-id=\"ed99d0e\" data-element_type=\"container\" data-e-type=\"container\">\n\t\t\t\t\t<div class=\"e-con-inner\">\n\t\t\t\t<div class=\"elementor-element elementor-element-082503a elementor-widget elementor-widget-text-editor\" data-id=\"082503a\" data-element_type=\"widget\" data-e-type=\"widget\" data-widget_type=\"text-editor.default\">\n\t\t\t\t\t\t\t\t\t<p>Muchos migrantes, relat\u00f3 el obispo de El Paso, Texas, Mark Seitz, \u201ctienen miedo incluso de ir a misa o al supermercado\u201d, quien a\u00f1adi\u00f3. &#8220;Hemos hecho que las personas que han huido para salvar sus vidas vivan ahora con un miedo mayor&#8221; al que enfrentaban en sus pa\u00edses de origen, dijo el obispo poco antes de la reuni\u00f3n.<\/p><p>Durante la audiencia, el pont\u00edfice agradeci\u00f3 a los obispos estadounidenses su acompa\u00f1amiento pastoral y los anim\u00f3 a seguir defendiendo la dignidad de quienes buscan refugio.<\/p><p>\u201cDios jam\u00e1s abandona a nadie \u2014al m\u00e1s peque\u00f1o, al m\u00e1s pobre, al extranjero\u2014. En ustedes, la Iglesia acompa\u00f1a ese testimonio\u201d, les dijo el Papa antes de bendecirlos y rezar juntos un Padrenuestro y un Ave Mar\u00eda.<\/p><p>La delegaci\u00f3n tambi\u00e9n incluy\u00f3 representantes del Hope Border Institute y del National Catholic Council for Hispanic Ministry (NCCHM), participantes en la llamada Peregrinaci\u00f3n de la Esperanza, dedicada a visibilizar la crisis humanitaria en la frontera sur.<\/p>\t\t\t\t\t\t\t\t<\/div>\n\t\t\t\t\t<\/div>\n\t\t\t\t<\/div>\n\t\t<div data-particle_enable=\"false\" data-particle-mobile-disabled=\"false\" class=\"elementor-element elementor-element-a32b780 e-flex e-con-boxed e-con e-parent\" data-id=\"a32b780\" data-element_type=\"container\" data-e-type=\"container\">\n\t\t\t\t\t<div class=\"e-con-inner\">\n\t\t\t\t<div class=\"elementor-element elementor-element-fce448c elementor-widget elementor-widget-heading\" data-id=\"fce448c\" data-element_type=\"widget\" data-e-type=\"widget\" data-widget_type=\"heading.default\">\n\t\t\t\t\t<h3 class=\"elementor-heading-title elementor-size-default\">\"Ser provida es defender toda vida\"<\/h3>\t\t\t\t<\/div>\n\t\t\t\t\t<\/div>\n\t\t\t\t<\/div>\n\t\t<div data-particle_enable=\"false\" data-particle-mobile-disabled=\"false\" class=\"elementor-element elementor-element-7225566 e-flex e-con-boxed e-con e-parent\" data-id=\"7225566\" data-element_type=\"container\" data-e-type=\"container\">\n\t\t\t\t\t<div class=\"e-con-inner\">\n\t\t\t\t<div class=\"elementor-element elementor-element-fb272c5 elementor-widget elementor-widget-text-editor\" data-id=\"fb272c5\" data-element_type=\"widget\" data-e-type=\"widget\" data-widget_type=\"text-editor.default\">\n\t\t\t\t\t\t\t\t\t<p>El obispo Seitz record\u00f3 que el papa Le\u00f3n XIV ha insistido recientemente en la coherencia del mensaje provida de la Iglesia: \u201cAlguien que dice estar contra el aborto, pero tolera el trato inhumano a los migrantes, no es verdaderamente provida\u201d, hab\u00eda afirmado el Papa d\u00edas antes del encuentro.<\/p><p>Para el prelado, las palabras del pont\u00edfice confirman que \u201cla defensa de la vida no puede limitarse al nacimiento; debe extenderse al respeto de toda dignidad humana\u201d.<\/p><p>\u201cLos latinos han enriquecido a Estados Unidos\u201d<\/p><p>\u201cEl apoyo del Papa y de toda la Iglesia es crucial\u201d, subray\u00f3 Seitz. \u201cLos migrantes latinos han fortalecido la pr\u00e1ctica de la fe y la vida familiar en Estados Unidos. Merecen gratitud, no rechazo\u201d.<\/p><p>La reuni\u00f3n en el Vaticano concluy\u00f3 con un mensaje breve, pero contundente del pont\u00edfice a los presentes: \u201cEstar\u00e9 con ustedes.\u201d<\/p>\t\t\t\t\t\t\t\t<\/div>\n\t\t\t\t\t<\/div>\n\t\t\t\t<\/div>\n\t\t\t\t<\/div>\n\t\t","protected":false},"excerpt":{"rendered":"<p>El papa Le\u00f3n XIV se manifest\u00f3 conmovido por las palabras escritas por migrantes, incluyendo la carta de una guatemalteca. Obispos de Estados Unidos entregaron al Papa Le\u00f3n XIV cartas escritas por migrantes que expresan su angustia y pesar ante las actuales politicas antimigrantes implementadas en ese pa\u00eds. Las cartas, acompa\u00f1adas de un video que muestra [&hellip;]<\/p>\n","protected":false},"author":7,"featured_media":47050,"comment_status":"open","ping_status":"open","sticky":false,"template":"","format":"standard","meta":{"_acf_changed":false,"_eb_attr":"","footnotes":""},"categories":[280],"tags":[],"class_list":["post-47049","post","type-post","status-publish","format-standard","has-post-thumbnail","hentry","category-noticias"],"acf":[],"aioseo_notices":[],"aioseo_head":"\n\t\t<!-- All in One SEO Pro 4.9.6.2 - aioseo.com -->\n\t<meta name=\"description\" content=\"La carta de una guatemalteca iba junto a todos los mensajes escritos por migrantes entregados por los obispos de USA al Papa Le\u00f3n.\" \/>\n\t<meta name=\"robots\" content=\"max-snippet:-1, max-image-preview:large, max-video-preview:-1\" \/>\n\t<meta name=\"author\" content=\"Gustavo Montenegro\"\/>\n\t<link rel=\"canonical\" href=\"https:\/\/soymigrante.com\/revista\/obispos-de-ee-uu-entregan-cartas-de-migrantes-al-papa-leon\/\" \/>\n\t<meta name=\"generator\" content=\"All in One SEO Pro (AIOSEO) 4.9.6.2\" \/>\n\n\t\t<link rel=\"preconnect\" href=\"https:\/\/fonts.googleapis.com\" crossorigin>\n<link rel=\"preconnect\" href=\"https:\/\/fonts.gstatic.com\" crossorigin>\n\t\t<meta property=\"og:locale\" content=\"es_ES\" \/>\n\t\t<meta property=\"og:site_name\" content=\"SoyMigrante.com REVISTA \u2013 Nuestra misi\u00f3n es reconocer y dignificar al migrante.\" \/>\n\t\t<meta property=\"og:type\" content=\"article\" \/>\n\t\t<meta property=\"og:title\" content=\"Papa Le\u00f3n XIV recibe cartas de migrantes en Estados Unidos\" \/>\n\t\t<meta property=\"og:description\" content=\"La carta de una guatemalteca iba junto a todos los mensajes escritos por migrantes entregados por los obispos de USA al Papa Le\u00f3n.\" \/>\n\t\t<meta property=\"og:url\" content=\"https:\/\/soymigrante.com\/revista\/obispos-de-ee-uu-entregan-cartas-de-migrantes-al-papa-leon\/\" \/>\n\t\t<meta property=\"og:image\" content=\"https:\/\/soymigrante.com\/revista\/wp-content\/uploads\/2025\/10\/20251008T1200-POPE-SEITZ-NCCHM-1805584_preview-e1760105602905.jpg\" \/>\n\t\t<meta property=\"og:image:secure_url\" content=\"https:\/\/soymigrante.com\/revista\/wp-content\/uploads\/2025\/10\/20251008T1200-POPE-SEITZ-NCCHM-1805584_preview-e1760105602905.jpg\" \/>\n\t\t<meta property=\"og:image:width\" content=\"232\" \/>\n\t\t<meta property=\"og:image:height\" content=\"232\" \/>\n\t\t<meta property=\"article:published_time\" content=\"2025-10-10T14:33:10+00:00\" \/>\n\t\t<meta property=\"article:modified_time\" content=\"2025-10-10T14:44:47+00:00\" \/>\n\t\t<meta property=\"article:publisher\" content=\"https:\/\/www.facebook.com\/soymigrantecom\" \/>\n\t\t<meta name=\"twitter:card\" content=\"summary_large_image\" \/>\n\t\t<meta name=\"twitter:site\" content=\"@SoyMigrante_com\" \/>\n\t\t<meta name=\"twitter:title\" content=\"Papa Le\u00f3n XIV recibe cartas de migrantes en Estados Unidos\" \/>\n\t\t<meta name=\"twitter:description\" content=\"La carta de una guatemalteca iba junto a todos los mensajes escritos por migrantes entregados por los obispos de USA al Papa Le\u00f3n.\" \/>\n\t\t<meta name=\"twitter:creator\" content=\"@SoyMigrante_com\" \/>\n\t\t<meta name=\"twitter:image\" content=\"https:\/\/soymigrante.com\/revista\/wp-content\/uploads\/2025\/10\/20251008T1200-POPE-SEITZ-NCCHM-1805584_preview-e1760105602905.jpg\" \/>\n\t\t<!-- All in One SEO Pro -->\r\n\t\t<title>Papa Le\u00f3n XIV recibe cartas de migrantes en Estados Unidos<\/title>\n\n","aioseo_head_json":{"title":"Papa Le\u00f3n XIV recibe cartas de migrantes en Estados Unidos","description":"La carta de una guatemalteca iba junto a todos los mensajes escritos por migrantes entregados por los obispos de USA al Papa Le\u00f3n.","canonical_url":"https:\/\/soymigrante.com\/revista\/obispos-de-ee-uu-entregan-cartas-de-migrantes-al-papa-leon\/","robots":"max-snippet:-1, max-image-preview:large, max-video-preview:-1","keywords":"","webmasterTools":{"miscellaneous":"&lt;link rel=\"preconnect\" href=\"https:\/\/fonts.googleapis.com\" crossorigin&gt;\n&lt;link rel=\"preconnect\" href=\"https:\/\/fonts.gstatic.com\" crossorigin&gt;"},"schema":null,"og:locale":"es_ES","og:site_name":"SoyMigrante.com REVISTA \u2013 Nuestra misi\u00f3n es reconocer y dignificar al migrante.","og:type":"article","og:title":"Papa Le\u00f3n XIV recibe cartas de migrantes en Estados Unidos","og:description":"La carta de una guatemalteca iba junto a todos los mensajes escritos por migrantes entregados por los obispos de USA al Papa Le\u00f3n.","og:url":"https:\/\/soymigrante.com\/revista\/obispos-de-ee-uu-entregan-cartas-de-migrantes-al-papa-leon\/","og:image":"https:\/\/soymigrante.com\/revista\/wp-content\/uploads\/2025\/10\/20251008T1200-POPE-SEITZ-NCCHM-1805584_preview-e1760105602905.jpg","og:image:secure_url":"https:\/\/soymigrante.com\/revista\/wp-content\/uploads\/2025\/10\/20251008T1200-POPE-SEITZ-NCCHM-1805584_preview-e1760105602905.jpg","og:image:width":232,"og:image:height":232,"article:published_time":"2025-10-10T14:33:10+00:00","article:modified_time":"2025-10-10T14:44:47+00:00","article:publisher":"https:\/\/www.facebook.com\/soymigrantecom","twitter:card":"summary_large_image","twitter:site":"@SoyMigrante_com","twitter:title":"Papa Le\u00f3n XIV recibe cartas de migrantes en Estados Unidos","twitter:description":"La carta de una guatemalteca iba junto a todos los mensajes escritos por migrantes entregados por los obispos de USA al Papa Le\u00f3n.","twitter:creator":"@SoyMigrante_com","twitter:image":"https:\/\/soymigrante.com\/revista\/wp-content\/uploads\/2025\/10\/20251008T1200-POPE-SEITZ-NCCHM-1805584_preview-e1760105602905.jpg"},"aioseo_meta_data":{"post_id":"47049","title":"Papa Le\u00f3n XIV recibe cartas de migrantes en Estados Unidos","description":"La carta de una guatemalteca iba junto a todos los mensajes escritos por migrantes entregados por los obispos de USA al Papa Le\u00f3n.","keywords":null,"keyphrases":{"focus":{"keyphrase":"Migrantes","score":100,"analysis":{"keyphraseInTitle":{"score":9,"maxScore":9,"error":0},"keyphraseInDescription":{"score":9,"maxScore":9,"error":0},"keyphraseLength":{"score":9,"maxScore":9,"error":0,"length":1},"keyphraseInURL":{"score":5,"maxScore":5,"error":0},"keyphraseInIntroduction":{"score":9,"maxScore":9,"error":0},"keyphraseInSubHeadings":{"score":9,"maxScore":9,"error":0},"keyphraseInImageAlt":{"score":9,"maxScore":9,"error":0},"keywordDensity":{"type":"best","score":9,"maxScore":9,"error":0}}},"additional":[{"keyphrase":"Papa","score":87,"analysis":{"keyphraseInDescription":{"score":9,"maxScore":9,"error":0},"keyphraseLength":{"score":9,"maxScore":9,"error":0,"length":1},"keyphraseInIntroduction":{"score":9,"maxScore":9,"error":0},"keyphraseInImageAlt":{"score":3,"maxScore":9,"error":1},"keywordDensity":{"type":"best","score":9,"maxScore":9,"error":0}}},{"keyphrase":"Cartas","score":87,"analysis":{"keyphraseInDescription":{"score":3,"maxScore":9,"error":1},"keyphraseLength":{"score":9,"maxScore":9,"error":0,"length":1},"keyphraseInIntroduction":{"score":9,"maxScore":9,"error":0},"keyphraseInImageAlt":{"score":9,"maxScore":9,"error":0},"keywordDensity":{"type":"best","score":9,"maxScore":9,"error":0}}}]},"primary_term":null,"canonical_url":null,"og_title":null,"og_description":null,"og_object_type":"default","og_image_type":"default","og_image_url":null,"og_image_width":null,"og_image_height":null,"og_image_custom_url":null,"og_image_custom_fields":null,"og_video":"","og_custom_url":null,"og_article_section":null,"og_article_tags":null,"twitter_use_og":false,"twitter_card":"default","twitter_image_type":"default","twitter_image_url":null,"twitter_image_custom_url":null,"twitter_image_custom_fields":null,"twitter_title":null,"twitter_description":null,"schema":{"blockGraphs":[],"customGraphs":[],"default":{"data":{"Article":[],"Course":[],"Dataset":[],"FAQPage":[],"Movie":[],"Person":[],"Product":[],"ProductReview":[],"Car":[],"Recipe":[],"Service":[],"SoftwareApplication":[],"WebPage":[]},"graphName":"none","isEnabled":true},"graphs":[]},"schema_type":"default","schema_type_options":null,"pillar_content":false,"robots_default":true,"robots_noindex":false,"robots_noarchive":false,"robots_nosnippet":false,"robots_nofollow":false,"robots_noimageindex":false,"robots_noodp":false,"robots_notranslate":false,"robots_max_snippet":"-1","robots_max_videopreview":"-1","robots_max_imagepreview":"large","priority":null,"frequency":"default","local_seo":null,"seo_analyzer_scan_date":"2025-10-10 14:46:15","breadcrumb_settings":null,"limit_modified_date":false,"reviewed_by":"0","open_ai":null,"ai":{"faqs":[],"keyPoints":[],"titles":[],"descriptions":[],"socialPosts":{"email":[],"linkedin":[],"twitter":[],"facebook":[],"instagram":[]}},"created":"2025-10-10 14:11:50","updated":"2026-02-05 06:30:56"},"aioseo_breadcrumb":"<div class=\"aioseo-breadcrumbs\"><span class=\"aioseo-breadcrumb\">\n\t<a href=\"https:\/\/soymigrante.com\/revista\" title=\"Home\">Home<\/a>\n<\/span><span class=\"aioseo-breadcrumb-separator\">\u00bb<\/span><span class=\"aioseo-breadcrumb\">\n\t<a href=\"https:\/\/soymigrante.com\/revista\/category\/noticias\/\" title=\"Noticias\">Noticias<\/a>\n<\/span><span class=\"aioseo-breadcrumb-separator\">\u00bb<\/span><span class=\"aioseo-breadcrumb\">\n\tEl Papa Le\u00f3n XIV recibe cartas de migrantes, incluyendo la de una guatemalteca\n<\/span><\/div>","aioseo_breadcrumb_json":[{"label":"Home","link":"https:\/\/soymigrante.com\/revista"},{"label":"Noticias","link":"https:\/\/soymigrante.com\/revista\/category\/noticias\/"},{"label":"El Papa Le\u00f3n XIV recibe cartas de migrantes, incluyendo la de una guatemalteca","link":"https:\/\/soymigrante.com\/revista\/obispos-de-ee-uu-entregan-cartas-de-migrantes-al-papa-leon\/"}],"_links":{"self":[{"href":"https:\/\/soymigrante.com\/revista\/wp-json\/wp\/v2\/posts\/47049","targetHints":{"allow":["GET"]}}],"collection":[{"href":"https:\/\/soymigrante.com\/revista\/wp-json\/wp\/v2\/posts"}],"about":[{"href":"https:\/\/soymigrante.com\/revista\/wp-json\/wp\/v2\/types\/post"}],"author":[{"embeddable":true,"href":"https:\/\/soymigrante.com\/revista\/wp-json\/wp\/v2\/users\/7"}],"replies":[{"embeddable":true,"href":"https:\/\/soymigrante.com\/revista\/wp-json\/wp\/v2\/comments?post=47049"}],"version-history":[{"count":6,"href":"https:\/\/soymigrante.com\/revista\/wp-json\/wp\/v2\/posts\/47049\/revisions"}],"predecessor-version":[{"id":47061,"href":"https:\/\/soymigrante.com\/revista\/wp-json\/wp\/v2\/posts\/47049\/revisions\/47061"}],"wp:featuredmedia":[{"embeddable":true,"href":"https:\/\/soymigrante.com\/revista\/wp-json\/wp\/v2\/media\/47050"}],"wp:attachment":[{"href":"https:\/\/soymigrante.com\/revista\/wp-json\/wp\/v2\/media?parent=47049"}],"wp:term":[{"taxonomy":"category","embeddable":true,"href":"https:\/\/soymigrante.com\/revista\/wp-json\/wp\/v2\/categories?post=47049"},{"taxonomy":"post_tag","embeddable":true,"href":"https:\/\/soymigrante.com\/revista\/wp-json\/wp\/v2\/tags?post=47049"}],"curies":[{"name":"wp","href":"https:\/\/api.w.org\/{rel}","templated":true}]}}