{"id":47034,"date":"2025-10-09T11:45:02","date_gmt":"2025-10-09T17:45:02","guid":{"rendered":"https:\/\/soymigrante.com\/revista\/?p=47034"},"modified":"2025-10-09T11:51:40","modified_gmt":"2025-10-09T17:51:40","slug":"barriletes-gigantes-de-sumpango-llegan-a-new-york-este-2025","status":"publish","type":"post","link":"https:\/\/soymigrante.com\/revista\/barriletes-gigantes-de-sumpango-llegan-a-new-york-este-2025\/","title":{"rendered":"Barriletes gigantes de Sumpango llegan a New York este 2025"},"content":{"rendered":"\t\t<div data-elementor-type=\"wp-post\" data-elementor-id=\"47034\" class=\"elementor elementor-47034\" data-elementor-post-type=\"post\">\n\t\t\t\t<div data-particle_enable=\"false\" data-particle-mobile-disabled=\"false\" class=\"elementor-element elementor-element-9fd3567 e-flex e-con-boxed e-con e-parent\" data-id=\"9fd3567\" data-element_type=\"container\" data-e-type=\"container\">\n\t\t\t\t\t<div class=\"e-con-inner\">\n\t\t\t\t<div class=\"elementor-element elementor-element-38664d9 elementor-widget elementor-widget-heading\" data-id=\"38664d9\" data-element_type=\"widget\" data-e-type=\"widget\" data-widget_type=\"heading.default\">\n\t\t\t\t\t<h2 class=\"elementor-heading-title elementor-size-default\">Desde la Villa de Sumpango Sacatep\u00e9quez llegan a Nueva York barriletes gigantes que ser\u00e1n armados y exhibidos  este 9 y 11 de octubre. Te contamos d\u00f3nde.<\/h2>\t\t\t\t<\/div>\n\t\t\t\t\t<\/div>\n\t\t\t\t<\/div>\n\t\t<div data-particle_enable=\"false\" data-particle-mobile-disabled=\"false\" class=\"elementor-element elementor-element-c037ccd e-flex e-con-boxed e-con e-parent\" data-id=\"c037ccd\" data-element_type=\"container\" data-e-type=\"container\">\n\t\t\t\t\t<div class=\"e-con-inner\">\n\t\t\t\t<div class=\"elementor-element elementor-element-6b5f7a9 elementor-widget elementor-widget-text-editor\" data-id=\"6b5f7a9\" data-element_type=\"widget\" data-e-type=\"widget\" data-widget_type=\"text-editor.default\">\n\t\t\t\t\t\t\t\t\t<p>El color, el arte y la espiritualidad de los barriletes gigantes de Sumpango, Sacatep\u00e9quez, estar\u00e1n presentes en Nueva York esta semana.&nbsp;<\/p>\n<p>La comunidad multicultural neoyorkinapodr\u00e1 admirar estas emblem\u00e1ticas obras <b>el jueves 9 de octubre, de 2 a 5 p.m. en el Children\u2019s Museum of Manhattan,<\/b> y nuevamente el <b>s\u00e1bado 11 de octubre, a partir de la 1 p.m. en Prospect Park<\/b>, en un evento con entrada gratuita, seg\u00fan inform\u00f3 <a href=\"https:\/\/soymigrante.com\/revista\/hermanas-migrantes-brenda-y-ana-triunfan-con-la-fuerza-del-jaguar-en-ny\/\">Ana Prince,<\/a> guatemalteca emprendedora, presidenta de la C\u00e1mara de Comercio Guatemala-Nueva York e integrante del comit\u00e9 organizador del evento.<\/p>\t\t\t\t\t\t\t\t<\/div>\n\t\t\t\t\t<\/div>\n\t\t\t\t<\/div>\n\t\t<div data-particle_enable=\"false\" data-particle-mobile-disabled=\"false\" class=\"elementor-element elementor-element-66bb301 e-flex e-con-boxed e-con e-parent\" data-id=\"66bb301\" data-element_type=\"container\" data-e-type=\"container\">\n\t\t\t\t\t<div class=\"e-con-inner\">\n\t\t\t\t<div class=\"elementor-element elementor-element-b7bb92c elementor-widget elementor-widget-image\" data-id=\"b7bb92c\" data-element_type=\"widget\" data-e-type=\"widget\" data-widget_type=\"image.default\">\n\t\t\t\t\t\t\t\t\t\t\t\t<figure class=\"wp-caption\">\n\t\t\t\t\t\t\t\t\t\t<img fetchpriority=\"high\" decoding=\"async\" width=\"1024\" height=\"768\" src=\"https:\/\/soymigrante.com\/revista\/wp-content\/uploads\/2025\/10\/barriletes-en-nueva-york.jpg\" class=\"attachment-large size-large wp-image-47040\" alt=\"Los barriletes de Sumpango ya se encuentran en Nueva York, y est\u00e1n en proceso los preparativos para su armado y exhibici\u00f3n (Foto cortes\u00eda Ana Prince)\" srcset=\"https:\/\/soymigrante.com\/revista\/wp-content\/uploads\/2025\/10\/barriletes-en-nueva-york.jpg 1024w, https:\/\/soymigrante.com\/revista\/wp-content\/uploads\/2025\/10\/barriletes-en-nueva-york-300x225.jpg 300w, https:\/\/soymigrante.com\/revista\/wp-content\/uploads\/2025\/10\/barriletes-en-nueva-york-768x576.jpg 768w, https:\/\/soymigrante.com\/revista\/wp-content\/uploads\/2025\/10\/barriletes-en-nueva-york-750x563.jpg 750w\" sizes=\"(max-width: 1024px) 100vw, 1024px\" title=\"Los barriletes de Sumpango ya se encuentran en Nueva York, y est\u00e1n en proceso los preparativos para su armado y exhibici\u00f3n (Foto cortes\u00eda Ana Prince) \u2013 SoyMigrante.com REVISTA\" \/>\t\t\t\t\t\t\t\t\t\t\t<figcaption class=\"widget-image-caption wp-caption-text\">Los barriletes de Sumpango ya se encuentran en Nueva York, y est\u00e1n en proceso los preparativos para su armado y exhibici\u00f3n (Foto cortes\u00eda Ana Prince)<\/figcaption>\n\t\t\t\t\t\t\t\t\t\t<\/figure>\n\t\t\t\t\t\t\t\t\t<\/div>\n\t\t\t\t\t<\/div>\n\t\t\t\t<\/div>\n\t\t<div data-particle_enable=\"false\" data-particle-mobile-disabled=\"false\" class=\"elementor-element elementor-element-d0e6a4a e-flex e-con-boxed e-con e-parent\" data-id=\"d0e6a4a\" data-element_type=\"container\" data-e-type=\"container\">\n\t\t\t\t\t<div class=\"e-con-inner\">\n\t\t\t\t<div class=\"elementor-element elementor-element-570bfc6 elementor-widget elementor-widget-heading\" data-id=\"570bfc6\" data-element_type=\"widget\" data-e-type=\"widget\" data-widget_type=\"heading.default\">\n\t\t\t\t\t<h3 class=\"elementor-heading-title elementor-size-default\">Emblem\u00e1tico s\u00edmbolo de tradici\u00f3n<\/h3>\t\t\t\t<\/div>\n\t\t\t\t\t<\/div>\n\t\t\t\t<\/div>\n\t\t<div data-particle_enable=\"false\" data-particle-mobile-disabled=\"false\" class=\"elementor-element elementor-element-ee10973 e-flex e-con-boxed e-con e-parent\" data-id=\"ee10973\" data-element_type=\"container\" data-e-type=\"container\">\n\t\t\t\t\t<div class=\"e-con-inner\">\n\t\t\t\t<div class=\"elementor-element elementor-element-c56e267 elementor-widget elementor-widget-text-editor\" data-id=\"c56e267\" data-element_type=\"widget\" data-e-type=\"widget\" data-widget_type=\"text-editor.default\">\n\t\t\t\t\t\t\t\t\t<p>La actividad es organizada por el colectivo <a href=\"https:\/\/www.facebook.com\/profile.php?id=61553598970434\">Migrantes por Guatemala, <\/a>con el apoyo del Ministerio de Relaciones Exteriores de Guatemala, y contar\u00e1 con la participaci\u00f3n especial del grupo Palot Espanta Esp\u00edritus, originario de Sumpango, conocido por su creatividad y por mantener viva esta tradici\u00f3n centenaria.\u00a0<\/p><p>Durante ambos encuentros, los visitantes podr\u00e1n presenciar el armado de los barriletes, conocer su simbolismo y compartir con los artistas que los elaboran.<\/p>\t\t\t\t\t\t\t\t<\/div>\n\t\t\t\t\t<\/div>\n\t\t\t\t<\/div>\n\t\t<div data-particle_enable=\"false\" data-particle-mobile-disabled=\"false\" class=\"elementor-element elementor-element-ac78919 e-flex e-con-boxed e-con e-parent\" data-id=\"ac78919\" data-element_type=\"container\" data-e-type=\"container\">\n\t\t\t\t\t<div class=\"e-con-inner\">\n\t\t\t\t<div class=\"elementor-element elementor-element-8981e11 elementor-arrows-position-inside elementor-pagination-position-outside elementor-widget elementor-widget-image-carousel\" data-id=\"8981e11\" data-element_type=\"widget\" data-e-type=\"widget\" data-settings=\"{&quot;slides_to_show&quot;:&quot;1&quot;,&quot;navigation&quot;:&quot;both&quot;,&quot;autoplay&quot;:&quot;yes&quot;,&quot;pause_on_hover&quot;:&quot;yes&quot;,&quot;pause_on_interaction&quot;:&quot;yes&quot;,&quot;autoplay_speed&quot;:5000,&quot;infinite&quot;:&quot;yes&quot;,&quot;effect&quot;:&quot;slide&quot;,&quot;speed&quot;:500}\" data-widget_type=\"image-carousel.default\">\n\t\t\t\t\t\t\t<div class=\"elementor-image-carousel-wrapper swiper\" role=\"region\" aria-roledescription=\"carousel\" aria-label=\"Carrusel de im\u00e1genes\" dir=\"ltr\">\n\t\t\t<div class=\"elementor-image-carousel swiper-wrapper\" aria-live=\"off\">\n\t\t\t\t\t\t\t\t<div class=\"swiper-slide\" role=\"group\" aria-roledescription=\"slide\" aria-label=\"1 de 2\"><figure class=\"swiper-slide-inner\"><img decoding=\"async\" class=\"swiper-slide-image\" src=\"https:\/\/soymigrante.com\/revista\/wp-content\/uploads\/2025\/10\/barriletes-gigantes-flyer-2-819x1024.jpg\" alt=\"barriletes gigantes flyer 2\" \/><\/figure><\/div><div class=\"swiper-slide\" role=\"group\" aria-roledescription=\"slide\" aria-label=\"2 de 2\"><figure class=\"swiper-slide-inner\"><img decoding=\"async\" class=\"swiper-slide-image\" src=\"https:\/\/soymigrante.com\/revista\/wp-content\/uploads\/2025\/10\/barriletes-gigantes-flyer-1-819x1024.jpg\" alt=\"barriletes gigantes flyer 2\" \/><\/figure><\/div>\t\t\t<\/div>\n\t\t\t\t\t\t\t\t\t\t\t\t<div class=\"elementor-swiper-button elementor-swiper-button-prev\" role=\"button\" tabindex=\"0\">\n\t\t\t\t\t\t<i aria-hidden=\"true\" class=\"eicon-chevron-left\"><\/i>\t\t\t\t\t<\/div>\n\t\t\t\t\t<div class=\"elementor-swiper-button elementor-swiper-button-next\" role=\"button\" tabindex=\"0\">\n\t\t\t\t\t\t<i aria-hidden=\"true\" class=\"eicon-chevron-right\"><\/i>\t\t\t\t\t<\/div>\n\t\t\t\t\n\t\t\t\t\t\t\t\t\t<div class=\"swiper-pagination\"><\/div>\n\t\t\t\t\t\t\t\t\t<\/div>\n\t\t\t\t\t\t<\/div>\n\t\t\t\t\t<\/div>\n\t\t\t\t<\/div>\n\t\t<div data-particle_enable=\"false\" data-particle-mobile-disabled=\"false\" class=\"elementor-element elementor-element-8064988 e-flex e-con-boxed e-con e-parent\" data-id=\"8064988\" data-element_type=\"container\" data-e-type=\"container\">\n\t\t\t\t\t<div class=\"e-con-inner\">\n\t\t\t\t<div class=\"elementor-element elementor-element-678e4b2 elementor-widget elementor-widget-heading\" data-id=\"678e4b2\" data-element_type=\"widget\" data-e-type=\"widget\" data-widget_type=\"heading.default\">\n\t\t\t\t\t<h3 class=\"elementor-heading-title elementor-size-default\">Mensajeros de paz y tradici\u00f3n<\/h3>\t\t\t\t<\/div>\n\t\t\t\t\t<\/div>\n\t\t\t\t<\/div>\n\t\t<div data-particle_enable=\"false\" data-particle-mobile-disabled=\"false\" class=\"elementor-element elementor-element-deba6bd e-flex e-con-boxed e-con e-parent\" data-id=\"deba6bd\" data-element_type=\"container\" data-e-type=\"container\">\n\t\t\t\t\t<div class=\"e-con-inner\">\n\t\t\t\t<div class=\"elementor-element elementor-element-d19d8d1 elementor-widget elementor-widget-text-editor\" data-id=\"d19d8d1\" data-element_type=\"widget\" data-e-type=\"widget\" data-widget_type=\"text-editor.default\">\n\t\t\t\t\t\t\t\t\t<p>En Guatemala, <a href=\"https:\/\/soymigrante.com\/revista\/barriletes-gigantes-son-una-tradicion-de-arte-espiritu-y-memoria\/\">la tradici\u00f3n de los barriletes gigantes se celebra cada 1 de noviembre, D\u00eda de Todos los Santos, principalmente en Sumpango y Santiago Sacatep\u00e9quez,<\/a> donde comunidades enteras dedican meses a dise\u00f1ar y construir estas monumentales piezas de papel y bamb\u00fa que pueden alcanzar hasta 20 metros de di\u00e1metro.\u00a0<\/p><p>M\u00e1s que un espect\u00e1culo visual, los barriletes son mensajes de paz, memoria y conexi\u00f3n espiritual con los seres queridos fallecidos.<\/p>\t\t\t\t\t\t\t\t<\/div>\n\t\t\t\t\t<\/div>\n\t\t\t\t<\/div>\n\t\t<div data-particle_enable=\"false\" data-particle-mobile-disabled=\"false\" class=\"elementor-element elementor-element-249d795 e-flex e-con-boxed e-con e-parent\" data-id=\"249d795\" data-element_type=\"container\" data-e-type=\"container\">\n\t\t\t\t\t<div class=\"e-con-inner\">\n\t\t\t\t<div class=\"elementor-element elementor-element-8f5ac4e elementor-widget elementor-widget-facebook-page\" data-id=\"8f5ac4e\" data-element_type=\"widget\" data-e-type=\"widget\" data-widget_type=\"facebook-page.default\">\n\t\t\t\t\t<div class=\"elementor-facebook-widget fb-page\" data-href=\"https:\/\/www.facebook.com\/profile.php?id=100063612071811\" data-tabs=\"timeline\" data-height=\"500px\" data-width=\"500px\" data-small-header=\"false\" data-hide-cover=\"false\" data-show-facepile=\"true\" data-hide-cta=\"false\" style=\"min-height: 1px;height:500px\"><\/div>\t\t\t\t<\/div>\n\t\t\t\t\t<\/div>\n\t\t\t\t<\/div>\n\t\t<div data-particle_enable=\"false\" data-particle-mobile-disabled=\"false\" class=\"elementor-element elementor-element-79b48f8 e-flex e-con-boxed e-con e-parent\" data-id=\"79b48f8\" data-element_type=\"container\" data-e-type=\"container\">\n\t\t\t\t\t<div class=\"e-con-inner\">\n\t\t\t\t<div class=\"elementor-element elementor-element-7f2da68 elementor-widget elementor-widget-heading\" data-id=\"7f2da68\" data-element_type=\"widget\" data-e-type=\"widget\" data-widget_type=\"heading.default\">\n\t\t\t\t\t<h3 class=\"elementor-heading-title elementor-size-default\">Colectivo Palot difunde la cultura<\/h3>\t\t\t\t<\/div>\n\t\t\t\t\t<\/div>\n\t\t\t\t<\/div>\n\t\t<div data-particle_enable=\"false\" data-particle-mobile-disabled=\"false\" class=\"elementor-element elementor-element-f56f871 e-flex e-con-boxed e-con e-parent\" data-id=\"f56f871\" data-element_type=\"container\" data-e-type=\"container\">\n\t\t\t\t\t<div class=\"e-con-inner\">\n\t\t\t\t<div class=\"elementor-element elementor-element-d626a0b elementor-widget elementor-widget-text-editor\" data-id=\"d626a0b\" data-element_type=\"widget\" data-e-type=\"widget\" data-widget_type=\"text-editor.default\">\n\t\t\t\t\t\t\t\t\t<p>Sumpango, en particular, es reconocido por su <a href=\"https:\/\/soymigrante.com\/revista\/cronica-en-imagenes-asi-se-vivio-con-alegria-y-tradicion-la-fiesta-de-barriletes-gigantes-de-sumpango\/\">Festival de Barriletes Gigantes, cada 1 y 2 de noviembre, declarado Patrimonio Cultural de la Naci\u00f3n.<\/a> All\u00ed, el aire se llena de color y significado cuando los vecinos elevan sus creaciones sobre el cementerio local, enviando mensajes simb\u00f3licos al cielo.\u00a0<\/p><p>El colectivo Palot Espanta Esp\u00edritus ha destacado por fusionar la tradici\u00f3n con tem\u00e1ticas sociales contempor\u00e1neas, abordando temas como la migraci\u00f3n, la identidad y el medioambiente.<\/p><p>Con esta exposici\u00f3n en Nueva York, los migrantes guatemaltecos buscan compartir con nuevas generaciones el valor cultural y espiritual de los barriletes, que m\u00e1s all\u00e1 de su belleza, representan la uni\u00f3n entre quienes est\u00e1n lejos de su tierra y los que permanecen en ella.<\/p>\t\t\t\t\t\t\t\t<\/div>\n\t\t\t\t\t<\/div>\n\t\t\t\t<\/div>\n\t\t<div data-particle_enable=\"false\" data-particle-mobile-disabled=\"false\" class=\"elementor-element elementor-element-778cde4 e-flex e-con-boxed e-con e-parent\" data-id=\"778cde4\" data-element_type=\"container\" data-e-type=\"container\">\n\t\t\t\t\t<div class=\"e-con-inner\">\n\t\t\t\t<div class=\"elementor-element elementor-element-1bc4e7f elementor-widget elementor-widget-heading\" data-id=\"1bc4e7f\" data-element_type=\"widget\" data-e-type=\"widget\" data-widget_type=\"heading.default\">\n\t\t\t\t\t<h2 class=\"elementor-heading-title elementor-size-default\">Cultura guatemalteca sin fronteras<\/h2>\t\t\t\t<\/div>\n\t\t\t\t\t<\/div>\n\t\t\t\t<\/div>\n\t\t<div data-particle_enable=\"false\" data-particle-mobile-disabled=\"false\" class=\"elementor-element elementor-element-d294f26 e-flex e-con-boxed e-con e-parent\" data-id=\"d294f26\" data-element_type=\"container\" data-e-type=\"container\">\n\t\t\t\t\t<div class=\"e-con-inner\">\n\t\t\t\t<div class=\"elementor-element elementor-element-96c91b2 elementor-grid-eael-col-3 elementor-grid-tablet-eael-col-2 elementor-grid-mobile-eael-col-1 elementor-widget elementor-widget-eael-post-grid\" data-id=\"96c91b2\" data-element_type=\"widget\" data-e-type=\"widget\" data-settings=\"{&quot;eael_post_grid_columns&quot;:&quot;eael-col-3&quot;,&quot;eael_post_grid_columns_tablet&quot;:&quot;eael-col-2&quot;,&quot;eael_post_grid_columns_mobile&quot;:&quot;eael-col-1&quot;}\" data-widget_type=\"eael-post-grid.default\">\n\t\t\t\t\t<div id=\"eael-post-grid-96c91b2\" class=\"eael-post-grid-container\">\n            <div class=\"eael-post-grid eael-post-appender eael-post-appender-96c91b2 eael-post-grid-style-one\" data-layout-mode=\"masonry\"><article class=\"eael-grid-post  eael-post-grid-column eael-pg-post-10116 category-exitos\" data-id=\"10116\">\n        <div class=\"eael-grid-post-holder\">\n            <div class=\"eael-grid-post-holder-inner\"><div class=\"eael-entry-media\"><div class=\"eael-entry-overlay fade-in\"><i class=\"far fa-hand-pointer\" aria-hidden=\"true\"><\/i><a href=\"https:\/\/soymigrante.com\/revista\/de-monjas-a-stamford-connecticut-maria-sandoval-preside-el-grupo-quetzal\/\"><\/a><\/div><div class=\"eael-entry-thumbnail eael-image-ratio\">\n                <img decoding=\"async\" width=\"1024\" height=\"1024\" src=\"https:\/\/soymigrante.com\/revista\/wp-content\/uploads\/2024\/10\/Maria-Sandoval-Grupo-Quetzal-soy-migrante-1-1024x1024.webp\" class=\"attachment-large size-large wp-image-10135\" alt=\"Colaboradora con traje tradicional mexicano durante celebraci\u00f3n cultural con \u00e1rboles de fondo en la revista SoyMigrante.com REVISTA.\" srcset=\"https:\/\/soymigrante.com\/revista\/wp-content\/uploads\/2024\/10\/Maria-Sandoval-Grupo-Quetzal-soy-migrante-1-1024x1024.webp 1024w, https:\/\/soymigrante.com\/revista\/wp-content\/uploads\/2024\/10\/Maria-Sandoval-Grupo-Quetzal-soy-migrante-1-300x300.webp 300w, https:\/\/soymigrante.com\/revista\/wp-content\/uploads\/2024\/10\/Maria-Sandoval-Grupo-Quetzal-soy-migrante-1-150x150.webp 150w, https:\/\/soymigrante.com\/revista\/wp-content\/uploads\/2024\/10\/Maria-Sandoval-Grupo-Quetzal-soy-migrante-1-768x768.webp 768w, https:\/\/soymigrante.com\/revista\/wp-content\/uploads\/2024\/10\/Maria-Sandoval-Grupo-Quetzal-soy-migrante-1-75x75.webp 75w, https:\/\/soymigrante.com\/revista\/wp-content\/uploads\/2024\/10\/Maria-Sandoval-Grupo-Quetzal-soy-migrante-1-750x750.webp 750w, https:\/\/soymigrante.com\/revista\/wp-content\/uploads\/2024\/10\/Maria-Sandoval-Grupo-Quetzal-soy-migrante-1-1140x1140.webp 1140w, https:\/\/soymigrante.com\/revista\/wp-content\/uploads\/2024\/10\/Maria-Sandoval-Grupo-Quetzal-soy-migrante-1.webp 1514w\" sizes=\"(max-width: 1024px) 100vw, 1024px\" \/>\n            <\/div>\n        <\/div><div class=\"eael-entry-wrapper\"><header class=\"eael-entry-header\"><h2 class=\"eael-entry-title\"><a class=\"eael-grid-post-link\" href=\"https:\/\/soymigrante.com\/revista\/de-monjas-a-stamford-connecticut-maria-sandoval-preside-el-grupo-quetzal\/\" title=\"De Monjas a Stamford, Connecticut: Mar\u00eda Sandoval preside el Grupo Quetzal\">De Monjas a Stamford, Connecticut: Mar\u00eda Sandoval preside el Grupo Quetzal<\/a><\/h2><\/header><div class=\"eael-entry-content\">\n                        <div class=\"eael-grid-post-excerpt\"><a href=\"https:\/\/soymigrante.com\/revista\/de-monjas-a-stamford-connecticut-maria-sandoval-preside-el-grupo-quetzal\/\" class=\"eael-post-elements-readmore-btn\">CONOCE SU HISTORIA <\/a><\/div>\n                    <\/div><\/div><\/div>\n        <\/div>\n    <\/article><article class=\"eael-grid-post  eael-post-grid-column eael-pg-post-1694 category-exitos tags-nueva-jersey\" data-id=\"1694\">\n        <div class=\"eael-grid-post-holder\">\n            <div class=\"eael-grid-post-holder-inner\"><div class=\"eael-entry-media\"><div class=\"eael-entry-overlay fade-in\"><i class=\"far fa-hand-pointer\" aria-hidden=\"true\"><\/i><a href=\"https:\/\/soymigrante.com\/revista\/alfredo-canastuj-marimba-guatemalteca-eeuu\/\"><\/a><\/div><div class=\"eael-entry-thumbnail eael-image-ratio\">\n                <img decoding=\"async\" width=\"1024\" height=\"682\" src=\"https:\/\/soymigrante.com\/revista\/wp-content\/uploads\/2023\/07\/Alfredo-portador-del-talento-1024x682.webp\" class=\"attachment-large size-large wp-image-1705\" alt=\"Alfredo portador del talento\" srcset=\"https:\/\/soymigrante.com\/revista\/wp-content\/uploads\/2023\/07\/Alfredo-portador-del-talento-1024x682.webp 1024w, https:\/\/soymigrante.com\/revista\/wp-content\/uploads\/2023\/07\/Alfredo-portador-del-talento-300x200.webp 300w, https:\/\/soymigrante.com\/revista\/wp-content\/uploads\/2023\/07\/Alfredo-portador-del-talento-768x512.webp 768w, https:\/\/soymigrante.com\/revista\/wp-content\/uploads\/2023\/07\/Alfredo-portador-del-talento-1536x1023.webp 1536w, https:\/\/soymigrante.com\/revista\/wp-content\/uploads\/2023\/07\/Alfredo-portador-del-talento-750x500.webp 750w, https:\/\/soymigrante.com\/revista\/wp-content\/uploads\/2023\/07\/Alfredo-portador-del-talento-1140x760.webp 1140w, https:\/\/soymigrante.com\/revista\/wp-content\/uploads\/2023\/07\/Alfredo-portador-del-talento-600x400.webp 600w, https:\/\/soymigrante.com\/revista\/wp-content\/uploads\/2023\/07\/Alfredo-portador-del-talento.webp 1600w\" sizes=\"(max-width: 1024px) 100vw, 1024px\" \/>\n            <\/div>\n        <\/div><div class=\"eael-entry-wrapper\"><header class=\"eael-entry-header\"><h2 class=\"eael-entry-title\"><a class=\"eael-grid-post-link\" href=\"https:\/\/soymigrante.com\/revista\/alfredo-canastuj-marimba-guatemalteca-eeuu\/\" title=\"Rey K&#8217;ich\u00e9 migrante hace vibrar la marimba en Estados Unidos\">Rey K&#8217;ich\u00e9 migrante hace vibrar la marimba en Estados Unidos<\/a><\/h2><\/header><div class=\"eael-entry-content\">\n                        <div class=\"eael-grid-post-excerpt\"><a href=\"https:\/\/soymigrante.com\/revista\/alfredo-canastuj-marimba-guatemalteca-eeuu\/\" class=\"eael-post-elements-readmore-btn\">CONOCE SU HISTORIA <\/a><\/div>\n                    <\/div><\/div><\/div>\n        <\/div>\n    <\/article><article class=\"eael-grid-post  eael-post-grid-column eael-pg-post-7294 category-exitos\" data-id=\"7294\">\n        <div class=\"eael-grid-post-holder\">\n            <div class=\"eael-grid-post-holder-inner\"><div class=\"eael-entry-media\"><div class=\"eael-entry-overlay fade-in\"><i class=\"far fa-hand-pointer\" aria-hidden=\"true\"><\/i><a href=\"https:\/\/soymigrante.com\/revista\/david-aguilar-es-jaguar-venado-y-quetzal-migrante-en-canada\/\"><\/a><\/div><div class=\"eael-entry-thumbnail eael-image-ratio\">\n                <img loading=\"lazy\" decoding=\"async\" width=\"482\" height=\"482\" src=\"https:\/\/soymigrante.com\/revista\/wp-content\/uploads\/2024\/07\/migrante-en-canada.webp\" class=\"attachment-large size-large wp-image-7311\" alt=\"Relevancia.\" srcset=\"https:\/\/soymigrante.com\/revista\/wp-content\/uploads\/2024\/07\/migrante-en-canada.webp 482w, https:\/\/soymigrante.com\/revista\/wp-content\/uploads\/2024\/07\/migrante-en-canada-300x300.webp 300w, https:\/\/soymigrante.com\/revista\/wp-content\/uploads\/2024\/07\/migrante-en-canada-150x150.webp 150w, https:\/\/soymigrante.com\/revista\/wp-content\/uploads\/2024\/07\/migrante-en-canada-75x75.webp 75w\" sizes=\"(max-width: 482px) 100vw, 482px\" \/>\n            <\/div>\n        <\/div><div class=\"eael-entry-wrapper\"><header class=\"eael-entry-header\"><h2 class=\"eael-entry-title\"><a class=\"eael-grid-post-link\" href=\"https:\/\/soymigrante.com\/revista\/david-aguilar-es-jaguar-venado-y-quetzal-migrante-en-canada\/\" title=\"David Aguilar es jaguar, venado y quetzal migrante en Canad\u00e1\">David Aguilar es jaguar, venado y quetzal migrante en Canad\u00e1<\/a><\/h2><\/header><div class=\"eael-entry-content\">\n                        <div class=\"eael-grid-post-excerpt\"><a href=\"https:\/\/soymigrante.com\/revista\/david-aguilar-es-jaguar-venado-y-quetzal-migrante-en-canada\/\" class=\"eael-post-elements-readmore-btn\">CONOCE SU HISTORIA <\/a><\/div>\n                    <\/div><\/div><\/div>\n        <\/div>\n    <\/article><\/div>\n            <div class=\"clearfix\"><\/div>\n        <\/div>\t\t\t\t<\/div>\n\t\t\t\t\t<\/div>\n\t\t\t\t<\/div>\n\t\t\t\t<\/div>\n\t\t","protected":false},"excerpt":{"rendered":"<p>Desde la Villa de Sumpango Sacatep\u00e9quez llegan a Nueva York barriletes gigantes que ser\u00e1n armados y exhibidos este 9 y 11 de octubre. Te contamos d\u00f3nde. El color, el arte y la espiritualidad de los barriletes gigantes de Sumpango, Sacatep\u00e9quez, estar\u00e1n presentes en Nueva York esta semana.&nbsp; La comunidad multicultural neoyorkinapodr\u00e1 admirar estas emblem\u00e1ticas obras [&hellip;]<\/p>\n","protected":false},"author":7,"featured_media":47037,"comment_status":"open","ping_status":"open","sticky":false,"template":"","format":"standard","meta":{"_acf_changed":false,"_eb_attr":"","footnotes":""},"categories":[54],"tags":[],"class_list":["post-47034","post","type-post","status-publish","format-standard","has-post-thumbnail","hentry","category-estamos-unidos"],"acf":[],"aioseo_notices":[],"aioseo_head":"\n\t\t<!-- All in One SEO Pro 4.9.6.2 - aioseo.com -->\n\t<meta name=\"description\" content=\"Guatemalteco radicado en Quebec impulsa danzas tradicionales guatemaltecas con el apoyo de familiares y amigos latinoamericanos. Esta es su historia.\" \/>\n\t<meta name=\"robots\" content=\"max-snippet:-1, max-image-preview:large, max-video-preview:-1\" \/>\n\t<meta name=\"author\" content=\"Gustavo Montenegro\"\/>\n\t<link rel=\"canonical\" href=\"https:\/\/soymigrante.com\/revista\/david-aguilar-es-jaguar-venado-y-quetzal-migrante-en-canada\/\" \/>\n\t<meta name=\"generator\" content=\"All in One SEO Pro (AIOSEO) 4.9.6.2\" \/>\n\n\t\t<link rel=\"preconnect\" href=\"https:\/\/fonts.googleapis.com\" crossorigin>\n<link rel=\"preconnect\" href=\"https:\/\/fonts.gstatic.com\" crossorigin>\n\t\t<meta property=\"og:locale\" content=\"es_ES\" \/>\n\t\t<meta property=\"og:site_name\" content=\"SoyMigrante.com REVISTA \u2013 Nuestra misi\u00f3n es reconocer y dignificar al migrante.\" \/>\n\t\t<meta property=\"og:type\" content=\"article\" \/>\n\t\t<meta property=\"og:title\" content=\"David Aguilar es jaguar, venado y quetzal migrante en Canad\u00e1\" \/>\n\t\t<meta property=\"og:description\" content=\"Guatemalteco radicado en Quebec impulsa danzas tradicionales guatemaltecas con el apoyo de familiares y amigos latinoamericanos. Esta es su historia.\" \/>\n\t\t<meta property=\"og:url\" content=\"https:\/\/soymigrante.com\/revista\/david-aguilar-es-jaguar-venado-y-quetzal-migrante-en-canada\/\" \/>\n\t\t<meta property=\"og:image\" content=\"https:\/\/soymigrante.com\/revista\/wp-content\/uploads\/2024\/07\/migrante-en-canada.webp\" \/>\n\t\t<meta property=\"og:image:secure_url\" content=\"https:\/\/soymigrante.com\/revista\/wp-content\/uploads\/2024\/07\/migrante-en-canada.webp\" \/>\n\t\t<meta property=\"og:image:width\" content=\"482\" \/>\n\t\t<meta property=\"og:image:height\" content=\"482\" \/>\n\t\t<meta property=\"article:published_time\" content=\"2024-07-03T20:01:12+00:00\" \/>\n\t\t<meta property=\"article:modified_time\" content=\"2025-09-25T17:25:40+00:00\" \/>\n\t\t<meta property=\"article:publisher\" content=\"https:\/\/www.facebook.com\/soymigrantecom\" \/>\n\t\t<meta name=\"twitter:card\" content=\"summary_large_image\" \/>\n\t\t<meta name=\"twitter:site\" content=\"@SoyMigrante_com\" \/>\n\t\t<meta name=\"twitter:title\" content=\"David Aguilar es jaguar, venado y quetzal migrante en Canad\u00e1\" \/>\n\t\t<meta name=\"twitter:description\" content=\"Guatemalteco radicado en Quebec impulsa danzas tradicionales guatemaltecas con el apoyo de familiares y amigos latinoamericanos. Esta es su historia.\" \/>\n\t\t<meta name=\"twitter:creator\" content=\"@SoyMigrante_com\" \/>\n\t\t<meta name=\"twitter:image\" content=\"https:\/\/soymigrante.com\/revista\/wp-content\/uploads\/2024\/07\/migrante-en-canada.webp\" \/>\n\t\t<!-- All in One SEO Pro -->\r\n\t\t<title>David Aguilar es jaguar, venado y quetzal migrante en Canad\u00e1<\/title>\n\n","aioseo_head_json":{"title":"David Aguilar es jaguar, venado y quetzal migrante en Canad\u00e1","description":"Guatemalteco radicado en Quebec impulsa danzas tradicionales guatemaltecas con el apoyo de familiares y amigos latinoamericanos. Esta es su historia.","canonical_url":"https:\/\/soymigrante.com\/revista\/david-aguilar-es-jaguar-venado-y-quetzal-migrante-en-canada\/","robots":"max-snippet:-1, max-image-preview:large, max-video-preview:-1","keywords":"","webmasterTools":{"miscellaneous":"&lt;link rel=\"preconnect\" href=\"https:\/\/fonts.googleapis.com\" crossorigin&gt;\n&lt;link rel=\"preconnect\" href=\"https:\/\/fonts.gstatic.com\" crossorigin&gt;"},"schema":null,"og:locale":"es_ES","og:site_name":"SoyMigrante.com REVISTA \u2013 Nuestra misi\u00f3n es reconocer y dignificar al migrante.","og:type":"article","og:title":"David Aguilar es jaguar, venado y quetzal migrante en Canad\u00e1","og:description":"Guatemalteco radicado en Quebec impulsa danzas tradicionales guatemaltecas con el apoyo de familiares y amigos latinoamericanos. Esta es su historia.","og:url":"https:\/\/soymigrante.com\/revista\/david-aguilar-es-jaguar-venado-y-quetzal-migrante-en-canada\/","og:image":"https:\/\/soymigrante.com\/revista\/wp-content\/uploads\/2024\/07\/migrante-en-canada.webp","og:image:secure_url":"https:\/\/soymigrante.com\/revista\/wp-content\/uploads\/2024\/07\/migrante-en-canada.webp","og:image:width":482,"og:image:height":482,"article:published_time":"2024-07-03T20:01:12+00:00","article:modified_time":"2025-09-25T17:25:40+00:00","article:publisher":"https:\/\/www.facebook.com\/soymigrantecom","twitter:card":"summary_large_image","twitter:site":"@SoyMigrante_com","twitter:title":"David Aguilar es jaguar, venado y quetzal migrante en Canad\u00e1","twitter:description":"Guatemalteco radicado en Quebec impulsa danzas tradicionales guatemaltecas con el apoyo de familiares y amigos latinoamericanos. Esta es su historia.","twitter:creator":"@SoyMigrante_com","twitter:image":"https:\/\/soymigrante.com\/revista\/wp-content\/uploads\/2024\/07\/migrante-en-canada.webp"},"aioseo_meta_data":{"post_id":"47034","title":null,"description":"Grupo Migrantes por Guatemala NY y colectivo Palot' Espanta Esp\u00edritus de Sumpango Sacatep\u00e9quez efecuar\u00e1n exhibici\u00f3n gratuita de barriletes este 9 y 11 de octubre","keywords":null,"keyphrases":{"focus":{"keyphrase":"Barriletes","score":100,"analysis":{"keyphraseInTitle":{"score":9,"maxScore":9,"error":0},"keyphraseInDescription":{"score":9,"maxScore":9,"error":0},"keyphraseLength":{"score":9,"maxScore":9,"error":0,"length":1},"keyphraseInURL":{"score":5,"maxScore":5,"error":0}}},"additional":[{"keyphrase":"New York","score":67,"analysis":{"keyphraseInDescription":{"score":3,"maxScore":9,"error":1},"keyphraseLength":{"score":9,"maxScore":9,"error":0,"length":2}}}]},"primary_term":null,"canonical_url":null,"og_title":null,"og_description":null,"og_object_type":"default","og_image_type":"default","og_image_url":null,"og_image_width":null,"og_image_height":null,"og_image_custom_url":null,"og_image_custom_fields":null,"og_video":"","og_custom_url":null,"og_article_section":null,"og_article_tags":null,"twitter_use_og":false,"twitter_card":"default","twitter_image_type":"default","twitter_image_url":null,"twitter_image_custom_url":null,"twitter_image_custom_fields":null,"twitter_title":null,"twitter_description":null,"schema":{"blockGraphs":[],"customGraphs":[],"default":{"data":{"Article":[],"Course":[],"Dataset":[],"FAQPage":[],"Movie":[],"Person":[],"Product":[],"ProductReview":[],"Car":[],"Recipe":[],"Service":[],"SoftwareApplication":[],"WebPage":[]},"graphName":"none","isEnabled":true},"graphs":[]},"schema_type":"default","schema_type_options":null,"pillar_content":false,"robots_default":true,"robots_noindex":false,"robots_noarchive":false,"robots_nosnippet":false,"robots_nofollow":false,"robots_noimageindex":false,"robots_noodp":false,"robots_notranslate":false,"robots_max_snippet":"-1","robots_max_videopreview":"-1","robots_max_imagepreview":"large","priority":null,"frequency":"default","local_seo":null,"seo_analyzer_scan_date":"2025-10-09 17:52:30","breadcrumb_settings":null,"limit_modified_date":false,"reviewed_by":"0","open_ai":null,"ai":{"faqs":[],"keyPoints":[],"titles":[],"descriptions":[],"socialPosts":{"email":[],"linkedin":[],"twitter":[],"facebook":[],"instagram":[]}},"created":"2025-10-09 17:27:33","updated":"2026-02-05 06:30:56"},"aioseo_breadcrumb":"<div class=\"aioseo-breadcrumbs\"><span class=\"aioseo-breadcrumb\">\n\t<a href=\"https:\/\/soymigrante.com\/revista\" title=\"Home\">Home<\/a>\n<\/span><span class=\"aioseo-breadcrumb-separator\">\u00bb<\/span><span class=\"aioseo-breadcrumb\">\n\t<a href=\"https:\/\/soymigrante.com\/revista\/category\/estamos-unidos\/\" title=\"Estamos Unidos\">Estamos Unidos<\/a>\n<\/span><span class=\"aioseo-breadcrumb-separator\">\u00bb<\/span><span class=\"aioseo-breadcrumb\">\n\tBarriletes gigantes de Sumpango llegan a New York este 2025\n<\/span><\/div>","aioseo_breadcrumb_json":[{"label":"Home","link":"https:\/\/soymigrante.com\/revista"},{"label":"Estamos Unidos","link":"https:\/\/soymigrante.com\/revista\/category\/estamos-unidos\/"},{"label":"Barriletes gigantes de Sumpango llegan a New York este 2025","link":"https:\/\/soymigrante.com\/revista\/barriletes-gigantes-de-sumpango-llegan-a-new-york-este-2025\/"}],"_links":{"self":[{"href":"https:\/\/soymigrante.com\/revista\/wp-json\/wp\/v2\/posts\/47034","targetHints":{"allow":["GET"]}}],"collection":[{"href":"https:\/\/soymigrante.com\/revista\/wp-json\/wp\/v2\/posts"}],"about":[{"href":"https:\/\/soymigrante.com\/revista\/wp-json\/wp\/v2\/types\/post"}],"author":[{"embeddable":true,"href":"https:\/\/soymigrante.com\/revista\/wp-json\/wp\/v2\/users\/7"}],"replies":[{"embeddable":true,"href":"https:\/\/soymigrante.com\/revista\/wp-json\/wp\/v2\/comments?post=47034"}],"version-history":[{"count":8,"href":"https:\/\/soymigrante.com\/revista\/wp-json\/wp\/v2\/posts\/47034\/revisions"}],"predecessor-version":[{"id":47048,"href":"https:\/\/soymigrante.com\/revista\/wp-json\/wp\/v2\/posts\/47034\/revisions\/47048"}],"wp:featuredmedia":[{"embeddable":true,"href":"https:\/\/soymigrante.com\/revista\/wp-json\/wp\/v2\/media\/47037"}],"wp:attachment":[{"href":"https:\/\/soymigrante.com\/revista\/wp-json\/wp\/v2\/media?parent=47034"}],"wp:term":[{"taxonomy":"category","embeddable":true,"href":"https:\/\/soymigrante.com\/revista\/wp-json\/wp\/v2\/categories?post=47034"},{"taxonomy":"post_tag","embeddable":true,"href":"https:\/\/soymigrante.com\/revista\/wp-json\/wp\/v2\/tags?post=47034"}],"curies":[{"name":"wp","href":"https:\/\/api.w.org\/{rel}","templated":true}]}}