{"id":47026,"date":"2025-10-09T11:17:44","date_gmt":"2025-10-09T17:17:44","guid":{"rendered":"https:\/\/soymigrante.com\/revista\/?p=47026"},"modified":"2025-10-09T11:17:55","modified_gmt":"2025-10-09T17:17:55","slug":"wola-senala-5-tendencias-de-acciones-migratorias-en-usa-que-afectan-a-guatemaltecos","status":"publish","type":"post","link":"https:\/\/soymigrante.com\/revista\/wola-senala-5-tendencias-de-acciones-migratorias-en-usa-que-afectan-a-guatemaltecos\/","title":{"rendered":"WOLA se\u00f1ala 5 tendencias de acciones migratorias en USA que afectan a guatemaltecos"},"content":{"rendered":"\t\t<div data-elementor-type=\"wp-post\" data-elementor-id=\"47026\" class=\"elementor elementor-47026\" data-elementor-post-type=\"post\">\n\t\t\t\t<div data-particle_enable=\"false\" data-particle-mobile-disabled=\"false\" class=\"elementor-element elementor-element-e76150e e-flex e-con-boxed e-con e-parent\" data-id=\"e76150e\" data-element_type=\"container\" data-e-type=\"container\">\n\t\t\t\t\t<div class=\"e-con-inner\">\n\t\t\t\t<div class=\"elementor-element elementor-element-9c24f30 elementor-widget elementor-widget-heading\" data-id=\"9c24f30\" data-element_type=\"widget\" data-e-type=\"widget\" data-widget_type=\"heading.default\">\n\t\t\t\t\t<h2 class=\"elementor-heading-title elementor-size-default\">Incremento de deportaciones incluso de  guatemaltecos que llevan muchos a\u00f1os en Estados Unidos y con buena conducta, se\u00f1ala informe de WOLA. Esa es una de cinco tendencias detectadas.<\/h2>\t\t\t\t<\/div>\n\t\t\t\t\t<\/div>\n\t\t\t\t<\/div>\n\t\t<div data-particle_enable=\"false\" data-particle-mobile-disabled=\"false\" class=\"elementor-element elementor-element-0bb7971 e-flex e-con-boxed e-con e-parent\" data-id=\"0bb7971\" data-element_type=\"container\" data-e-type=\"container\">\n\t\t\t\t\t<div class=\"e-con-inner\">\n\t\t\t\t<div class=\"elementor-element elementor-element-006b491 elementor-widget elementor-widget-text-editor\" data-id=\"006b491\" data-element_type=\"widget\" data-e-type=\"widget\" data-widget_type=\"text-editor.default\">\n\t\t\t\t\t\t\t\t\t<p data-start=\"344\" data-end=\"761\">Un reporte anal\u00edtico efectuado por la&nbsp;<strong data-start=\"376\" data-end=\"438\">Oficina en Washington para Asuntos Latinoamericanos (WOLA)<\/strong>, en Agosto, detect\u00f3 que el gobierno de Estados Unidos ha endurecido sus pol\u00edticas migratorias de manera que impactan cada vez m\u00e1s a guatemaltecos.<\/p>\n<p data-start=\"344\" data-end=\"761\">El reporte revela un incremento en las deportaciones de residentes de largo plazo, abusos en los centros de detenci\u00f3n, separaci\u00f3n de familias y deficiencias en la atenci\u00f3n a los<a href=\"https:\/\/soymigrante.com\/revista\/cuantos-guatemaltecos-retornados-van-en-2025\/\"> retornados en Guatemala.<\/a><\/p>\n<hr data-start=\"763\" data-end=\"766\">\n<h3 data-start=\"768\" data-end=\"806\">Las cinco tendencias principales<\/h3>\n<ol data-start=\"808\" data-end=\"2217\">\n<li data-start=\"808\" data-end=\"1109\">\n<p data-start=\"811\" data-end=\"1109\"><strong data-start=\"811\" data-end=\"857\">Deportaciones de residentes de largo plazo<\/strong><br data-start=\"857\" data-end=\"860\">A diferencia de a\u00f1os anteriores, cuando la mayor\u00eda de deportados eran reci\u00e9n llegados, ahora EE. UU. expulsa principalmente a personas que llevan a\u00f1os o d\u00e9cadas viviendo en el pa\u00eds, muchas con familias establecidas y v\u00ednculos laborales s\u00f3lidos.<\/p>\n<\/li>\n<li data-start=\"1111\" data-end=\"1394\">\n<p data-start=\"1114\" data-end=\"1394\"><strong data-start=\"1114\" data-end=\"1173\">Abusos durante la detenci\u00f3n y el proceso de deportaci\u00f3n<\/strong><br data-start=\"1173\" data-end=\"1176\">Migrantes relatan casos de malos tratos, negligencia m\u00e9dica y abusos psicol\u00f3gicos y sexuales, especialmente hacia mujeres <a href=\"https:\/\/soymigrante.com\/revista\/category\/guate-nuestra\/pueblos-de-guatemala\/\">ind\u00edgenas <\/a>o personas con problemas de salud mental, durante su tiempo bajo custodia de ICE.<\/p>\n<\/li>\n<li data-start=\"1396\" data-end=\"1684\">\n<p data-start=\"1399\" data-end=\"1684\"><strong data-start=\"1399\" data-end=\"1435\">Separaci\u00f3n familiar generalizada<\/strong><br data-start=\"1435\" data-end=\"1438\">La nueva pol\u00edtica migratoria ha debilitado los protocolos para mantener unidas a las familias. <a href=\"https:\/\/soymigrante.com\/revista\/consejos-para-parejas-migrantes-no-discutir-o-tratar-temas-delicados-frente-a-los-hijos\/\">Padres y madres <\/a>incluso con hijos ciudadanos estadounidenses son detenidos y deportados sin poder garantizar la reunificaci\u00f3n familiar antes de su salida.<\/p>\n<\/li>\n<li data-start=\"1686\" data-end=\"1929\">\n<p data-start=\"1689\" data-end=\"1929\"><strong data-start=\"1689\" data-end=\"1731\">P\u00e9rdida de bienes, documentos y dinero<\/strong><br data-start=\"1731\" data-end=\"1734\">Numerosos testimonios indican que las personas detenidas pierden documentos de identidad, dinero y pertenencias durante su proceso de deportaci\u00f3n, sin mecanismos efectivos para recuperarlos.<\/p>\n<\/li>\n<li data-start=\"1931\" data-end=\"2217\">\n<p data-start=\"1934\" data-end=\"2217\"><strong data-start=\"1934\" data-end=\"1991\">Deficiencias en la atenci\u00f3n a retornados en Guatemala<\/strong><br data-start=\"1991\" data-end=\"1994\">Aunque Guatemala cuenta con un centro de recepci\u00f3n y programas de apoyo inicial para <a href=\"https:\/\/igm.gob.gt\/informes-estadisticos\/\">retornados<\/a>, la asistencia es insuficiente. Faltan recursos, coordinaci\u00f3n institucional y registro de abusos cometidos durante la detenci\u00f3n en EE. UU.<\/p>\n<\/li>\n<\/ol>\n<hr data-start=\"2219\" data-end=\"2222\">\n<p data-start=\"2224\" data-end=\"2504\"><strong data-start=\"2224\" data-end=\"2235\">Fuente:<\/strong> <em data-start=\"2236\" data-end=\"2327\">\u201cDispatch from Guatemala: Five Alarming Trends in U.S. Immigration Detention and Removal\u201d<\/em>, <strong data-start=\"2329\" data-end=\"2337\">WOLA<\/strong>, septiembre de 2025.<br data-start=\"2358\" data-end=\"2361\">Informe completo&nbsp;<a href=\"https:\/\/www.wola.org\/analysis\/dispatch-from-guatemala-five-alarming-trends-in-u-s-immigration-detention-and-removal\/?utm_source=chatgpt.com\" target=\"_new\" rel=\"noopener\" data-start=\"2361\" data-end=\"2504\">disponible en: wola.org<\/a><\/p>\t\t\t\t\t\t\t\t<\/div>\n\t\t\t\t\t<\/div>\n\t\t\t\t<\/div>\n\t\t<div data-particle_enable=\"false\" data-particle-mobile-disabled=\"false\" class=\"elementor-element elementor-element-1b5d73e e-flex e-con-boxed e-con e-parent\" data-id=\"1b5d73e\" data-element_type=\"container\" data-e-type=\"container\">\n\t\t\t\t\t<div class=\"e-con-inner\">\n\t\t\t\t<div class=\"elementor-element elementor-element-3bd52b3 elementor-widget elementor-widget-heading\" data-id=\"3bd52b3\" data-element_type=\"widget\" data-e-type=\"widget\" data-widget_type=\"heading.default\">\n\t\t\t\t\t<h2 class=\"elementor-heading-title elementor-size-default\">Podr\u00eda ser de utilidad saber esto<\/h2>\t\t\t\t<\/div>\n\t\t\t\t\t<\/div>\n\t\t\t\t<\/div>\n\t\t<div data-particle_enable=\"false\" data-particle-mobile-disabled=\"false\" class=\"elementor-element elementor-element-c9ef2ea e-flex e-con-boxed e-con e-parent\" data-id=\"c9ef2ea\" data-element_type=\"container\" data-e-type=\"container\">\n\t\t\t\t\t<div class=\"e-con-inner\">\n\t\t\t\t<div class=\"elementor-element elementor-element-1517249 elementor-grid-eael-col-3 elementor-grid-tablet-eael-col-2 elementor-grid-mobile-eael-col-1 elementor-widget elementor-widget-eael-post-grid\" data-id=\"1517249\" data-element_type=\"widget\" data-e-type=\"widget\" data-settings=\"{&quot;eael_post_grid_columns&quot;:&quot;eael-col-3&quot;,&quot;eael_post_grid_columns_tablet&quot;:&quot;eael-col-2&quot;,&quot;eael_post_grid_columns_mobile&quot;:&quot;eael-col-1&quot;}\" data-widget_type=\"eael-post-grid.default\">\n\t\t\t\t\t<div id=\"eael-post-grid-1517249\" class=\"eael-post-grid-container\">\n            <div class=\"eael-post-grid eael-post-appender eael-post-appender-1517249 eael-post-grid-style-one\" data-layout-mode=\"masonry\"><article class=\"eael-grid-post  eael-post-grid-column eael-pg-post-22328 category-recursos-migratorios\" data-id=\"22328\">\n        <div class=\"eael-grid-post-holder\">\n            <div class=\"eael-grid-post-holder-inner\"><div class=\"eael-entry-media\"><div class=\"eael-entry-overlay fade-in\"><i class=\"far fa-hand-pointer\" aria-hidden=\"true\"><\/i><a href=\"https:\/\/soymigrante.com\/revista\/experto-en-migracion-radicado-en-texas-responde-preguntas-sobre-medidas-migratorias\/\"><\/a><\/div><div class=\"eael-entry-thumbnail eael-image-ratio\">\n                <img fetchpriority=\"high\" decoding=\"async\" width=\"1024\" height=\"1024\" src=\"https:\/\/soymigrante.com\/revista\/wp-content\/uploads\/2025\/01\/inmigracion-1024x1024.jpg\" class=\"attachment-large size-large wp-image-22388\" alt=\"Joven con mochila y bandera estadounidense en una marcha o celebraci\u00f3n, representando el migrante y la comunidad en Estados Unidos, en contexto de inmigraci\u00f3n y diversidad cultural.\" srcset=\"https:\/\/soymigrante.com\/revista\/wp-content\/uploads\/2025\/01\/inmigracion-1024x1024.jpg 1024w, https:\/\/soymigrante.com\/revista\/wp-content\/uploads\/2025\/01\/inmigracion-300x300.jpg 300w, https:\/\/soymigrante.com\/revista\/wp-content\/uploads\/2025\/01\/inmigracion-150x150.jpg 150w, https:\/\/soymigrante.com\/revista\/wp-content\/uploads\/2025\/01\/inmigracion-768x768.jpg 768w, https:\/\/soymigrante.com\/revista\/wp-content\/uploads\/2025\/01\/inmigracion-1536x1536.jpg 1536w, https:\/\/soymigrante.com\/revista\/wp-content\/uploads\/2025\/01\/inmigracion-2048x2048.jpg 2048w, https:\/\/soymigrante.com\/revista\/wp-content\/uploads\/2025\/01\/inmigracion-75x75.webp 75w, https:\/\/soymigrante.com\/revista\/wp-content\/uploads\/2025\/01\/inmigracion-750x750.webp 750w, https:\/\/soymigrante.com\/revista\/wp-content\/uploads\/2025\/01\/inmigracion-1140x1140.webp 1140w, https:\/\/soymigrante.com\/revista\/wp-content\/uploads\/2025\/01\/inmigracion-scaled.webp 1920w\" sizes=\"(max-width: 1024px) 100vw, 1024px\" \/>\n            <\/div>\n        <\/div><div class=\"eael-entry-wrapper\"><header class=\"eael-entry-header\"><h2 class=\"eael-entry-title\"><a class=\"eael-grid-post-link\" href=\"https:\/\/soymigrante.com\/revista\/experto-en-migracion-radicado-en-texas-responde-preguntas-sobre-medidas-migratorias\/\" title=\"Experto en migraci\u00f3n radicado en Texas responde preguntas sobre medidas migratorias\">Experto en migraci\u00f3n radicado en Texas responde preguntas sobre medidas migratorias<\/a><\/h2><\/header><div class=\"eael-entry-content\">\n                        <div class=\"eael-grid-post-excerpt\"><a href=\"https:\/\/soymigrante.com\/revista\/experto-en-migracion-radicado-en-texas-responde-preguntas-sobre-medidas-migratorias\/\" class=\"eael-post-elements-readmore-btn\">CONOCE SU HISTORIA <\/a><\/div>\n                    <\/div><\/div><\/div>\n        <\/div>\n    <\/article><article class=\"eael-grid-post  eael-post-grid-column eael-pg-post-15206 category-recursos-migratorios\" data-id=\"15206\">\n        <div class=\"eael-grid-post-holder\">\n            <div class=\"eael-grid-post-holder-inner\"><div class=\"eael-entry-media\"><div class=\"eael-entry-overlay fade-in\"><i class=\"far fa-hand-pointer\" aria-hidden=\"true\"><\/i><a href=\"https:\/\/soymigrante.com\/revista\/beneficios-del-head-start-en-usa-para-el-cuidado-de-ninos-menores-de-5-anos\/\"><\/a><\/div><div class=\"eael-entry-thumbnail eael-image-ratio\">\n                <img decoding=\"async\" width=\"1024\" height=\"1024\" src=\"https:\/\/soymigrante.com\/revista\/wp-content\/uploads\/2024\/12\/head-start-usa-2-1024x1024.jpg\" class=\"attachment-large size-large wp-image-15209\" alt=\"Ni\u00f1o sonriendo con madre en ambiente hogare\u00f1o, destacando la importancia de la familia en la comunidad de migrantes.\" srcset=\"https:\/\/soymigrante.com\/revista\/wp-content\/uploads\/2024\/12\/head-start-usa-2-1024x1024.jpg 1024w, https:\/\/soymigrante.com\/revista\/wp-content\/uploads\/2024\/12\/head-start-usa-2-300x300.jpg 300w, https:\/\/soymigrante.com\/revista\/wp-content\/uploads\/2024\/12\/head-start-usa-2-150x150.jpg 150w, https:\/\/soymigrante.com\/revista\/wp-content\/uploads\/2024\/12\/head-start-usa-2-768x768.jpg 768w, https:\/\/soymigrante.com\/revista\/wp-content\/uploads\/2024\/12\/head-start-usa-2-1536x1536.jpg 1536w, https:\/\/soymigrante.com\/revista\/wp-content\/uploads\/2024\/12\/head-start-usa-2-2048x2048.jpg 2048w, https:\/\/soymigrante.com\/revista\/wp-content\/uploads\/2024\/12\/head-start-usa-2-75x75.webp 75w, https:\/\/soymigrante.com\/revista\/wp-content\/uploads\/2024\/12\/head-start-usa-2-750x750.webp 750w, https:\/\/soymigrante.com\/revista\/wp-content\/uploads\/2024\/12\/head-start-usa-2-1140x1140.webp 1140w, https:\/\/soymigrante.com\/revista\/wp-content\/uploads\/2024\/12\/head-start-usa-2-scaled.webp 1920w\" sizes=\"(max-width: 1024px) 100vw, 1024px\" \/>\n            <\/div>\n        <\/div><div class=\"eael-entry-wrapper\"><header class=\"eael-entry-header\"><h2 class=\"eael-entry-title\"><a class=\"eael-grid-post-link\" href=\"https:\/\/soymigrante.com\/revista\/beneficios-del-head-start-en-usa-para-el-cuidado-de-ninos-menores-de-5-anos\/\" title=\"Beneficios del Head Start en USA para el cuidado de ni\u00f1os menores de 5 a\u00f1os\">Beneficios del Head Start en USA para el cuidado de ni\u00f1os menores de 5 a\u00f1os<\/a><\/h2><\/header><div class=\"eael-entry-content\">\n                        <div class=\"eael-grid-post-excerpt\"><a href=\"https:\/\/soymigrante.com\/revista\/beneficios-del-head-start-en-usa-para-el-cuidado-de-ninos-menores-de-5-anos\/\" class=\"eael-post-elements-readmore-btn\">CONOCE SU HISTORIA <\/a><\/div>\n                    <\/div><\/div><\/div>\n        <\/div>\n    <\/article><article class=\"eael-grid-post  eael-post-grid-column eael-pg-post-14107 category-recursos-migratorios\" data-id=\"14107\">\n        <div class=\"eael-grid-post-holder\">\n            <div class=\"eael-grid-post-holder-inner\"><div class=\"eael-entry-media\"><div class=\"eael-entry-overlay fade-in\"><i class=\"far fa-hand-pointer\" aria-hidden=\"true\"><\/i><a href=\"https:\/\/soymigrante.com\/revista\/usa-autoriza-visas-temporales-de-trabajo-para-guatemaltecos-en-el-2025\/\"><\/a><\/div><div class=\"eael-entry-thumbnail eael-image-ratio\">\n                <img decoding=\"async\" width=\"897\" height=\"897\" src=\"https:\/\/soymigrante.com\/revista\/wp-content\/uploads\/2024\/11\/trabajo-migrante.webp\" class=\"attachment-large size-large wp-image-14150\" alt=\"Nana limpiando una habitaci\u00f3n con aspiradora en un hotel moderno, mostrando servicios de limpieza y cuidado del hogar para migrantes en el contexto de #SoyMigrante.\" srcset=\"https:\/\/soymigrante.com\/revista\/wp-content\/uploads\/2024\/11\/trabajo-migrante.webp 897w, https:\/\/soymigrante.com\/revista\/wp-content\/uploads\/2024\/11\/trabajo-migrante-300x300.jpg 300w, https:\/\/soymigrante.com\/revista\/wp-content\/uploads\/2024\/11\/trabajo-migrante-150x150.jpg 150w, https:\/\/soymigrante.com\/revista\/wp-content\/uploads\/2024\/11\/trabajo-migrante-768x768.jpg 768w, https:\/\/soymigrante.com\/revista\/wp-content\/uploads\/2024\/11\/trabajo-migrante-75x75.webp 75w, https:\/\/soymigrante.com\/revista\/wp-content\/uploads\/2024\/11\/trabajo-migrante-750x750.webp 750w\" sizes=\"(max-width: 897px) 100vw, 897px\" \/>\n            <\/div>\n        <\/div><div class=\"eael-entry-wrapper\"><header class=\"eael-entry-header\"><h2 class=\"eael-entry-title\"><a class=\"eael-grid-post-link\" href=\"https:\/\/soymigrante.com\/revista\/usa-autoriza-visas-temporales-de-trabajo-para-guatemaltecos-en-el-2025\/\" title=\"USA autoriza aumento de visas temporales de trabajo para guatemaltecos en el 2025\">USA autoriza aumento de visas temporales de trabajo para guatemaltecos en el 2025<\/a><\/h2><\/header><div class=\"eael-entry-content\">\n                        <div class=\"eael-grid-post-excerpt\"><a href=\"https:\/\/soymigrante.com\/revista\/usa-autoriza-visas-temporales-de-trabajo-para-guatemaltecos-en-el-2025\/\" class=\"eael-post-elements-readmore-btn\">CONOCE SU HISTORIA <\/a><\/div>\n                    <\/div><\/div><\/div>\n        <\/div>\n    <\/article><\/div>\n            <div class=\"clearfix\"><\/div>\n        <\/div>            <div class=\"eael-load-more-button-wrap eael-force-hide\">\n                <button class=\"eael-load-more-button\" id=\"eael-load-more-btn-1517249\" data-widget-id=\"1517249\" data-widget=\"1517249\" data-page-id=\"47026\" data-template=\"{&quot;dir&quot;:&quot;lite&quot;,&quot;file_name&quot;:&quot;one.php&quot;,&quot;name&quot;:&quot;Post-Grid&quot;}\" data-class=\"Essential_Addons_Elementor\\Elements\\Post_Grid\" data-layout=\"masonry\" data-page=\"1\" data-args=\"orderby=author&amp;order=desc&amp;ignore_sticky_posts=1&amp;post_status=publish&amp;posts_per_page=3&amp;offset=0&amp;post_type=post&amp;tax_query%5B0%5D%5Btaxonomy%5D=category&amp;tax_query%5B0%5D%5Bfield%5D=term_id&amp;tax_query%5B0%5D%5Bterms%5D%5B0%5D=59&amp;tax_query%5Brelation%5D=AND\" data-max-page=\"32\">\n                    <span class=\"eael-btn-loader button__loader\"><\/span>\n                    <span class=\"eael_load_more_text\">Load More<\/span>\n                <\/button>\n            <\/div>\n            \t\t\t\t<\/div>\n\t\t\t\t\t<\/div>\n\t\t\t\t<\/div>\n\t\t\t\t<\/div>\n\t\t","protected":false},"excerpt":{"rendered":"<p>Incremento de deportaciones incluso de guatemaltecos que llevan muchos a\u00f1os en Estados Unidos y con buena conducta, se\u00f1ala informe de WOLA. Esa es una de cinco tendencias detectadas. Un reporte anal\u00edtico efectuado por la&nbsp;Oficina en Washington para Asuntos Latinoamericanos (WOLA), en Agosto, detect\u00f3 que el gobierno de Estados Unidos ha endurecido sus pol\u00edticas migratorias de [&hellip;]<\/p>\n","protected":false},"author":1,"featured_media":47027,"comment_status":"open","ping_status":"open","sticky":false,"template":"","format":"standard","meta":{"_acf_changed":false,"_eb_attr":"","footnotes":""},"categories":[280],"tags":[],"class_list":["post-47026","post","type-post","status-publish","format-standard","has-post-thumbnail","hentry","category-noticias"],"acf":[],"aioseo_notices":[],"aioseo_head":"\n\t\t<!-- All in One SEO Pro 4.9.6.2 - aioseo.com -->\n\t<meta name=\"description\" content=\"El Departamento de Seguridad Nacional y el Departamento de Trabajo anunciaron la emisi\u00f3n de m\u00e1s permisos de trabajo temporal. Algunos detalles sobre el programa\" \/>\n\t<meta name=\"robots\" content=\"max-snippet:-1, max-image-preview:large, max-video-preview:-1\" \/>\n\t<meta name=\"author\" content=\"Beatriz Tercero\"\/>\n\t<link rel=\"canonical\" href=\"https:\/\/soymigrante.com\/revista\/usa-autoriza-visas-temporales-de-trabajo-para-guatemaltecos-en-el-2025\/\" \/>\n\t<meta name=\"generator\" content=\"All in One SEO Pro (AIOSEO) 4.9.6.2\" \/>\n\n\t\t<link rel=\"preconnect\" href=\"https:\/\/fonts.googleapis.com\" crossorigin>\n<link rel=\"preconnect\" href=\"https:\/\/fonts.gstatic.com\" crossorigin>\n\t\t<meta property=\"og:locale\" content=\"es_ES\" \/>\n\t\t<meta property=\"og:site_name\" content=\"SoyMigrante.com REVISTA \u2013 Nuestra misi\u00f3n es reconocer y dignificar al migrante.\" \/>\n\t\t<meta property=\"og:type\" content=\"article\" \/>\n\t\t<meta property=\"og:title\" content=\"USA incrementa visas de trabajo para guatemaltecos en el 2025\" \/>\n\t\t<meta property=\"og:description\" content=\"El Departamento de Seguridad Nacional y el Departamento de Trabajo anunciaron la emisi\u00f3n de m\u00e1s permisos de trabajo temporal. Algunos detalles sobre el programa\" \/>\n\t\t<meta property=\"og:url\" content=\"https:\/\/soymigrante.com\/revista\/usa-autoriza-visas-temporales-de-trabajo-para-guatemaltecos-en-el-2025\/\" \/>\n\t\t<meta property=\"og:image\" content=\"https:\/\/soymigrante.com\/revista\/wp-content\/uploads\/2024\/11\/trabajo-migrante.webp\" \/>\n\t\t<meta property=\"og:image:secure_url\" content=\"https:\/\/soymigrante.com\/revista\/wp-content\/uploads\/2024\/11\/trabajo-migrante.webp\" \/>\n\t\t<meta property=\"og:image:width\" content=\"897\" \/>\n\t\t<meta property=\"og:image:height\" content=\"897\" \/>\n\t\t<meta property=\"article:published_time\" content=\"2024-11-22T21:03:03+00:00\" \/>\n\t\t<meta property=\"article:modified_time\" content=\"2024-12-01T05:06:30+00:00\" \/>\n\t\t<meta property=\"article:publisher\" content=\"https:\/\/www.facebook.com\/soymigrantecom\" \/>\n\t\t<meta name=\"twitter:card\" content=\"summary_large_image\" \/>\n\t\t<meta name=\"twitter:site\" content=\"@SoyMigrante_com\" \/>\n\t\t<meta name=\"twitter:title\" content=\"USA incrementa visas de trabajo para guatemaltecos en el 2025\" \/>\n\t\t<meta name=\"twitter:description\" content=\"El Departamento de Seguridad Nacional y el Departamento de Trabajo anunciaron la emisi\u00f3n de m\u00e1s permisos de trabajo temporal. Algunos detalles sobre el programa\" \/>\n\t\t<meta name=\"twitter:creator\" content=\"@SoyMigrante_com\" \/>\n\t\t<meta name=\"twitter:image\" content=\"https:\/\/soymigrante.com\/revista\/wp-content\/uploads\/2024\/11\/trabajo-migrante.webp\" \/>\n\t\t<!-- All in One SEO Pro -->\r\n\t\t<title>USA incrementa visas de trabajo para guatemaltecos en el 2025<\/title>\n\n","aioseo_head_json":{"title":"USA incrementa visas de trabajo para guatemaltecos en el 2025","description":"El Departamento de Seguridad Nacional y el Departamento de Trabajo anunciaron la emisi\u00f3n de m\u00e1s permisos de trabajo temporal. Algunos detalles sobre el programa","canonical_url":"https:\/\/soymigrante.com\/revista\/usa-autoriza-visas-temporales-de-trabajo-para-guatemaltecos-en-el-2025\/","robots":"max-snippet:-1, max-image-preview:large, max-video-preview:-1","keywords":"","webmasterTools":{"miscellaneous":"&lt;link rel=\"preconnect\" href=\"https:\/\/fonts.googleapis.com\" crossorigin&gt;\n&lt;link rel=\"preconnect\" href=\"https:\/\/fonts.gstatic.com\" crossorigin&gt;"},"schema":null,"og:locale":"es_ES","og:site_name":"SoyMigrante.com REVISTA \u2013 Nuestra misi\u00f3n es reconocer y dignificar al migrante.","og:type":"article","og:title":"USA incrementa visas de trabajo para guatemaltecos en el 2025","og:description":"El Departamento de Seguridad Nacional y el Departamento de Trabajo anunciaron la emisi\u00f3n de m\u00e1s permisos de trabajo temporal. Algunos detalles sobre el programa","og:url":"https:\/\/soymigrante.com\/revista\/usa-autoriza-visas-temporales-de-trabajo-para-guatemaltecos-en-el-2025\/","og:image":"https:\/\/soymigrante.com\/revista\/wp-content\/uploads\/2024\/11\/trabajo-migrante.webp","og:image:secure_url":"https:\/\/soymigrante.com\/revista\/wp-content\/uploads\/2024\/11\/trabajo-migrante.webp","og:image:width":897,"og:image:height":897,"article:published_time":"2024-11-22T21:03:03+00:00","article:modified_time":"2024-12-01T05:06:30+00:00","article:publisher":"https:\/\/www.facebook.com\/soymigrantecom","twitter:card":"summary_large_image","twitter:site":"@SoyMigrante_com","twitter:title":"USA incrementa visas de trabajo para guatemaltecos en el 2025","twitter:description":"El Departamento de Seguridad Nacional y el Departamento de Trabajo anunciaron la emisi\u00f3n de m\u00e1s permisos de trabajo temporal. Algunos detalles sobre el programa","twitter:creator":"@SoyMigrante_com","twitter:image":"https:\/\/soymigrante.com\/revista\/wp-content\/uploads\/2024\/11\/trabajo-migrante.webp"},"aioseo_meta_data":{"post_id":"47026","title":"5 tendencias antimigrantes impactan a guatemaltecos en USA","description":"Informe de la Oficina en Washington para Asuntos Latinoamericanos (WOLA), se\u00f1ala tendencias de pol\u00edtica migratoria en 2025 que afectan a guatemaltecos en USA","keywords":null,"keyphrases":{"focus":{"keyphrase":"Guatemaltecos","score":91,"analysis":{"keyphraseInTitle":{"score":9,"maxScore":9,"error":0},"keyphraseInDescription":{"score":9,"maxScore":9,"error":0},"keyphraseLength":{"score":9,"maxScore":9,"error":0,"length":1},"keyphraseInURL":{"score":5,"maxScore":5,"error":0},"keyphraseInIntroduction":{"score":9,"maxScore":9,"error":0},"keyphraseInSubHeadings":{"score":9,"maxScore":9,"error":0},"keyphraseInImageAlt":{"score":3,"maxScore":9,"error":1},"keywordDensity":{"type":"best","score":9,"maxScore":9,"error":0}}},"additional":[{"keyphrase":"Migrantes","score":53,"analysis":{"keyphraseInDescription":{"score":3,"maxScore":9,"error":1},"keyphraseLength":{"score":9,"maxScore":9,"error":0,"length":1},"keyphraseInIntroduction":{"score":3,"maxScore":9,"error":1},"keyphraseInImageAlt":{"score":9,"maxScore":9,"error":0},"keywordDensity":{"score":0,"type":"low","maxScore":9,"error":1}}}]},"primary_term":null,"canonical_url":null,"og_title":null,"og_description":null,"og_object_type":"default","og_image_type":"default","og_image_url":null,"og_image_width":null,"og_image_height":null,"og_image_custom_url":null,"og_image_custom_fields":null,"og_video":"","og_custom_url":null,"og_article_section":null,"og_article_tags":null,"twitter_use_og":false,"twitter_card":"default","twitter_image_type":"default","twitter_image_url":null,"twitter_image_custom_url":null,"twitter_image_custom_fields":null,"twitter_title":null,"twitter_description":null,"schema":{"blockGraphs":[],"customGraphs":[],"default":{"data":{"Article":[],"Course":[],"Dataset":[],"FAQPage":[],"Movie":[],"Person":[],"Product":[],"ProductReview":[],"Car":[],"Recipe":[],"Service":[],"SoftwareApplication":[],"WebPage":[]},"graphName":"none","isEnabled":true},"graphs":[]},"schema_type":"default","schema_type_options":null,"pillar_content":false,"robots_default":true,"robots_noindex":false,"robots_noarchive":false,"robots_nosnippet":false,"robots_nofollow":false,"robots_noimageindex":false,"robots_noodp":false,"robots_notranslate":false,"robots_max_snippet":"-1","robots_max_videopreview":"-1","robots_max_imagepreview":"large","priority":null,"frequency":"default","local_seo":null,"seo_analyzer_scan_date":"2025-10-09 17:18:00","breadcrumb_settings":null,"limit_modified_date":false,"reviewed_by":"0","open_ai":null,"ai":{"faqs":[],"keyPoints":[],"titles":[],"descriptions":[],"socialPosts":{"email":[],"linkedin":[],"twitter":[],"facebook":[],"instagram":[]}},"created":"2025-10-09 16:52:58","updated":"2026-02-05 06:27:56"},"aioseo_breadcrumb":"<div class=\"aioseo-breadcrumbs\"><span class=\"aioseo-breadcrumb\">\n\t<a href=\"https:\/\/soymigrante.com\/revista\" title=\"Home\">Home<\/a>\n<\/span><span class=\"aioseo-breadcrumb-separator\">\u00bb<\/span><span class=\"aioseo-breadcrumb\">\n\t<a href=\"https:\/\/soymigrante.com\/revista\/category\/noticias\/\" title=\"Noticias\">Noticias<\/a>\n<\/span><span class=\"aioseo-breadcrumb-separator\">\u00bb<\/span><span class=\"aioseo-breadcrumb\">\n\tWOLA se\u00f1ala 5 tendencias de acciones migratorias en USA que afectan a guatemaltecos\n<\/span><\/div>","aioseo_breadcrumb_json":[{"label":"Home","link":"https:\/\/soymigrante.com\/revista"},{"label":"Noticias","link":"https:\/\/soymigrante.com\/revista\/category\/noticias\/"},{"label":"WOLA se\u00f1ala 5 tendencias de acciones migratorias en USA que afectan a guatemaltecos","link":"https:\/\/soymigrante.com\/revista\/wola-senala-5-tendencias-de-acciones-migratorias-en-usa-que-afectan-a-guatemaltecos\/"}],"_links":{"self":[{"href":"https:\/\/soymigrante.com\/revista\/wp-json\/wp\/v2\/posts\/47026","targetHints":{"allow":["GET"]}}],"collection":[{"href":"https:\/\/soymigrante.com\/revista\/wp-json\/wp\/v2\/posts"}],"about":[{"href":"https:\/\/soymigrante.com\/revista\/wp-json\/wp\/v2\/types\/post"}],"author":[{"embeddable":true,"href":"https:\/\/soymigrante.com\/revista\/wp-json\/wp\/v2\/users\/1"}],"replies":[{"embeddable":true,"href":"https:\/\/soymigrante.com\/revista\/wp-json\/wp\/v2\/comments?post=47026"}],"version-history":[{"count":5,"href":"https:\/\/soymigrante.com\/revista\/wp-json\/wp\/v2\/posts\/47026\/revisions"}],"predecessor-version":[{"id":47033,"href":"https:\/\/soymigrante.com\/revista\/wp-json\/wp\/v2\/posts\/47026\/revisions\/47033"}],"wp:featuredmedia":[{"embeddable":true,"href":"https:\/\/soymigrante.com\/revista\/wp-json\/wp\/v2\/media\/47027"}],"wp:attachment":[{"href":"https:\/\/soymigrante.com\/revista\/wp-json\/wp\/v2\/media?parent=47026"}],"wp:term":[{"taxonomy":"category","embeddable":true,"href":"https:\/\/soymigrante.com\/revista\/wp-json\/wp\/v2\/categories?post=47026"},{"taxonomy":"post_tag","embeddable":true,"href":"https:\/\/soymigrante.com\/revista\/wp-json\/wp\/v2\/tags?post=47026"}],"curies":[{"name":"wp","href":"https:\/\/api.w.org\/{rel}","templated":true}]}}