{"id":46984,"date":"2025-10-08T16:23:35","date_gmt":"2025-10-08T22:23:35","guid":{"rendered":"https:\/\/soymigrante.com\/revista\/?p=46984"},"modified":"2025-10-09T07:56:34","modified_gmt":"2025-10-09T13:56:34","slug":"guatemala-estara-presente-en-desfile-de-la-hispanidad-new-york-2025","status":"publish","type":"post","link":"https:\/\/soymigrante.com\/revista\/guatemala-estara-presente-en-desfile-de-la-hispanidad-new-york-2025\/","title":{"rendered":"Guatemala estar\u00e1 presente en Desfile de la Hispanidad New York 2025"},"content":{"rendered":"\t\t<div data-elementor-type=\"wp-post\" data-elementor-id=\"46984\" class=\"elementor elementor-46984\" data-elementor-post-type=\"post\">\n\t\t\t\t<div data-particle_enable=\"false\" data-particle-mobile-disabled=\"false\" class=\"elementor-element elementor-element-8119bb0 e-flex e-con-boxed e-con e-parent\" data-id=\"8119bb0\" data-element_type=\"container\" data-e-type=\"container\">\n\t\t\t\t\t<div class=\"e-con-inner\">\n\t\t\t\t<div class=\"elementor-element elementor-element-f637042 elementor-widget elementor-widget-heading\" data-id=\"f637042\" data-element_type=\"widget\" data-e-type=\"widget\" data-widget_type=\"heading.default\">\n\t\t\t\t\t<h2 class=\"elementor-heading-title elementor-size-default\">El domingo 12 de octubre se efectuar\u00e1 la edici\u00f3n 61 del Desfile de la Hispanidad Nueva York, con la participaci\u00f3n de 21 pa\u00edses, incluyendo por supuesto a Guatemala. Detalles aqu\u00ed.<\/h2>\t\t\t\t<\/div>\n\t\t\t\t\t<\/div>\n\t\t\t\t<\/div>\n\t\t<div data-particle_enable=\"false\" data-particle-mobile-disabled=\"false\" class=\"elementor-element elementor-element-0e549f1 e-flex e-con-boxed e-con e-parent\" data-id=\"0e549f1\" data-element_type=\"container\" data-e-type=\"container\">\n\t\t\t\t\t<div class=\"e-con-inner\">\n\t\t\t\t<div class=\"elementor-element elementor-element-662e95b elementor-widget elementor-widget-text-editor\" data-id=\"662e95b\" data-element_type=\"widget\" data-e-type=\"widget\" data-widget_type=\"text-editor.default\">\n\t\t\t\t\t\t\t\t\t<p>Nueva York se prepara para un fin de semana lleno de orgullo y color latino y migrante. En el marco del <a href=\"https:\/\/soymigrante.com\/revista\/por-que-y-desde-cuando-existe-el-mes-de-la-herencia-hispana-en-usa\/\">Mes de la Herencia Hispana,<\/a> la ciudad celebrar\u00e1 el Desfile de la Hispanidad el pr\u00f3ximo domingo 12 de octubre, cuando delegaciones de 21 pa\u00edses recorrer\u00e1n la Quinta Avenida con trajes t\u00edpicos, m\u00fasica y <a href=\"https:\/\/soymigrante.com\/revista\/22-departamentos-de-guatemala-un-corazon-multicultural-compartido\/\">danzas<\/a> en una de las tradiciones culturales m\u00e1s emblem\u00e1ticas del pa\u00eds.<\/p>\n<p>Varias organizaciones, grupos art\u00edsticos y residentes <a href=\"https:\/\/soymigrante.com\/revista\/22-departamentos-de-guatemala-un-corazon-multicultural-compartido\/\">guatemaltecos<\/a> se unen a esta expresi\u00f3n de multiculturalidad.&nbsp;&nbsp;Entre ellos:<\/p>\n<ul>\n<li>Organizaci\u00f3n L\u00edderes Migrantes, integrada por grupos registrados en el Consulado de Guatemala en NY<\/li>\n<li>Migrantes por Guatemala<\/li>\n<li><a href=\"https:\/\/soymigrante.com\/revista\/hermanas-migrantes-brenda-y-ana-triunfan-con-la-fuerza-del-jaguar-en-ny\/\">C\u00e1mara de Comercio Guatemala Nueva York<\/a><\/li>\n<li><a href=\"https:\/\/soymigrante.com\/revista\/empresario-migrante-guatemalteco-arnold-ciego-impulsa-identidad-garifuna-desde-bronx-ny\/\">Asociaci\u00f3n Hijos de L\u00edvingston<\/a><\/li>\n<li>Migrantes por Guate<\/li>\n<li><a href=\"https:\/\/soymigrante.com\/revista\/guatemaltecos-unidos-en-paterson-new-jersey-impulsan-cena-para-fondo-de-becas-estudiantiles\/\">Guatemaltecos Unidos de Paterson, New Jersey<\/a><\/li>\n<li>Marimba Orquesta Nueva Fuerza<\/li>\n<li>Grupo de danza Nawal Ja&#8217;<\/li>\n<li>T\u00edpicos Alexa<\/li>\n<li>Reinas Guatemaltecas<\/li>\n<li>Animadora Wendy Garc\u00eda<\/li>\n<\/ul>\n<p>As\u00ed tambi\u00e9n participar\u00e1 <a href=\"https:\/\/soymigrante.com\/revista\/buscas-un-consulado-de-guatemala-en-us-contactos-ubicacion-y-citas-de-todos\/\">el c\u00f3nsul general de Guatemala en Nueva York<\/a> V\u00edctor Ram\u00edrez Scaglia y la c\u00f3nsul Cindy Paz.&nbsp;<\/p>\t\t\t\t\t\t\t\t<\/div>\n\t\t\t\t\t<\/div>\n\t\t\t\t<\/div>\n\t\t<div data-particle_enable=\"false\" data-particle-mobile-disabled=\"false\" class=\"elementor-element elementor-element-e7a7a20 e-flex e-con-boxed e-con e-parent\" data-id=\"e7a7a20\" data-element_type=\"container\" data-e-type=\"container\">\n\t\t\t\t\t<div class=\"e-con-inner\">\n\t\t\t\t<div class=\"elementor-element elementor-element-09ee59b elementor-arrows-position-inside elementor-pagination-position-outside elementor-widget elementor-widget-image-carousel\" data-id=\"09ee59b\" data-element_type=\"widget\" data-e-type=\"widget\" data-settings=\"{&quot;slides_to_show&quot;:&quot;1&quot;,&quot;navigation&quot;:&quot;both&quot;,&quot;autoplay&quot;:&quot;yes&quot;,&quot;pause_on_hover&quot;:&quot;yes&quot;,&quot;pause_on_interaction&quot;:&quot;yes&quot;,&quot;autoplay_speed&quot;:5000,&quot;infinite&quot;:&quot;yes&quot;,&quot;effect&quot;:&quot;slide&quot;,&quot;speed&quot;:500}\" data-widget_type=\"image-carousel.default\">\n\t\t\t\t\t\t\t<div class=\"elementor-image-carousel-wrapper swiper\" role=\"region\" aria-roledescription=\"carousel\" aria-label=\"Carrusel de im\u00e1genes\" dir=\"ltr\">\n\t\t\t<div class=\"elementor-image-carousel swiper-wrapper\" aria-live=\"off\">\n\t\t\t\t\t\t\t\t<div class=\"swiper-slide\" role=\"group\" aria-roledescription=\"slide\" aria-label=\"1 de 4\"><figure class=\"swiper-slide-inner\"><img decoding=\"async\" class=\"swiper-slide-image\" src=\"https:\/\/soymigrante.com\/revista\/wp-content\/uploads\/2025\/10\/desfile-hispanidad-ny-2025-7-819x1024.jpg\" alt=\"desfile hispanidad ny 2025 7\" \/><\/figure><\/div><div class=\"swiper-slide\" role=\"group\" aria-roledescription=\"slide\" aria-label=\"2 de 4\"><figure class=\"swiper-slide-inner\"><img decoding=\"async\" class=\"swiper-slide-image\" src=\"https:\/\/soymigrante.com\/revista\/wp-content\/uploads\/2025\/10\/desfile-hispanidad-ny-2025-8-819x1024.jpg\" alt=\"desfile hispanidad ny 2025 7\" \/><\/figure><\/div><div class=\"swiper-slide\" role=\"group\" aria-roledescription=\"slide\" aria-label=\"3 de 4\"><figure class=\"swiper-slide-inner\"><img decoding=\"async\" class=\"swiper-slide-image\" src=\"https:\/\/soymigrante.com\/revista\/wp-content\/uploads\/2025\/10\/desfile-hispanidad-ny-2025-9-1095x1024.jpg\" alt=\"desfile hispanidad ny 2025 7\" \/><\/figure><\/div><div class=\"swiper-slide\" role=\"group\" aria-roledescription=\"slide\" aria-label=\"4 de 4\"><figure class=\"swiper-slide-inner\"><img decoding=\"async\" class=\"swiper-slide-image\" src=\"https:\/\/soymigrante.com\/revista\/wp-content\/uploads\/2025\/10\/desfile-hispanidad-ny-2025-1-819x1024.jpg\" alt=\"desfile hispanidad ny 2025 7\" \/><\/figure><\/div>\t\t\t<\/div>\n\t\t\t\t\t\t\t\t\t\t\t\t<div class=\"elementor-swiper-button elementor-swiper-button-prev\" role=\"button\" tabindex=\"0\">\n\t\t\t\t\t\t<i aria-hidden=\"true\" class=\"eicon-chevron-left\"><\/i>\t\t\t\t\t<\/div>\n\t\t\t\t\t<div class=\"elementor-swiper-button elementor-swiper-button-next\" role=\"button\" tabindex=\"0\">\n\t\t\t\t\t\t<i aria-hidden=\"true\" class=\"eicon-chevron-right\"><\/i>\t\t\t\t\t<\/div>\n\t\t\t\t\n\t\t\t\t\t\t\t\t\t<div class=\"swiper-pagination\"><\/div>\n\t\t\t\t\t\t\t\t\t<\/div>\n\t\t\t\t\t\t<\/div>\n\t\t\t\t\t<\/div>\n\t\t\t\t<\/div>\n\t\t<div data-particle_enable=\"false\" data-particle-mobile-disabled=\"false\" class=\"elementor-element elementor-element-77ab450 e-flex e-con-boxed e-con e-parent\" data-id=\"77ab450\" data-element_type=\"container\" data-e-type=\"container\">\n\t\t\t\t\t<div class=\"e-con-inner\">\n\t\t\t\t<div class=\"elementor-element elementor-element-4403426 elementor-widget elementor-widget-heading\" data-id=\"4403426\" data-element_type=\"widget\" data-e-type=\"widget\" data-widget_type=\"heading.default\">\n\t\t\t\t\t<h3 class=\"elementor-heading-title elementor-size-default\">Una tradici\u00f3n que cierra el mes de la Herencia Hispana<\/h3>\t\t\t\t<\/div>\n\t\t\t\t\t<\/div>\n\t\t\t\t<\/div>\n\t\t<div data-particle_enable=\"false\" data-particle-mobile-disabled=\"false\" class=\"elementor-element elementor-element-9dcb635 e-flex e-con-boxed e-con e-parent\" data-id=\"9dcb635\" data-element_type=\"container\" data-e-type=\"container\">\n\t\t\t\t\t<div class=\"e-con-inner\">\n\t\t\t\t<div class=\"elementor-element elementor-element-363a529 elementor-widget elementor-widget-text-editor\" data-id=\"363a529\" data-element_type=\"widget\" data-e-type=\"widget\" data-widget_type=\"text-editor.default\">\n\t\t\t\t\t\t\t\t\t<p>El desfile \u2014que este a\u00f1o celebra su 61.\u00aa edici\u00f3n\u2014 partir\u00e1 desde la 44th Street hasta la 77th Street sobre la Quinta Avenida, y reunir\u00e1 a miles de espectadores que cada a\u00f1o se congregan para aplaudir la diversidad del <a href=\"https:\/\/soymigrante.com\/revista\/por-que-y-desde-cuando-existe-el-mes-de-la-herencia-hispana-en-usa\/\">mundo hispano en Estados Unidos.<\/a><\/p><p>Como antesala al desfile, el viernes 10 de octubre se llevar\u00e1 a cabo una velada de reconocimientos a hispanos destacados en Estados Unidos, donde se premiar\u00e1 el liderazgo y la contribuci\u00f3n de miembros de diferentes comunidades.<\/p>\t\t\t\t\t\t\t\t<\/div>\n\t\t\t\t\t<\/div>\n\t\t\t\t<\/div>\n\t\t<div data-particle_enable=\"false\" data-particle-mobile-disabled=\"false\" class=\"elementor-element elementor-element-f7fd6ac e-flex e-con-boxed e-con e-parent\" data-id=\"f7fd6ac\" data-element_type=\"container\" data-e-type=\"container\">\n\t\t\t\t\t<div class=\"e-con-inner\">\n\t\t\t\t<div class=\"elementor-element elementor-element-7aa9aa4 elementor-widget elementor-widget-image\" data-id=\"7aa9aa4\" data-element_type=\"widget\" data-e-type=\"widget\" data-widget_type=\"image.default\">\n\t\t\t\t\t\t\t\t\t\t\t\t<figure class=\"wp-caption\">\n\t\t\t\t\t\t\t\t\t\t<img fetchpriority=\"high\" decoding=\"async\" width=\"819\" height=\"1024\" src=\"https:\/\/soymigrante.com\/revista\/wp-content\/uploads\/2025\/10\/desfile-hispanidad-ny-2025-5-819x1024.jpg\" class=\"attachment-large size-large wp-image-46993\" alt=\"En una gala del 10 de octubre se premiar\u00e1 al guatemalteco Kevin Polanco por sus aportes a la comunidad, junto a otros l\u00edderes hispanos que trabajan activamente por la mejora comunitaria.\" srcset=\"https:\/\/soymigrante.com\/revista\/wp-content\/uploads\/2025\/10\/desfile-hispanidad-ny-2025-5-819x1024.jpg 819w, https:\/\/soymigrante.com\/revista\/wp-content\/uploads\/2025\/10\/desfile-hispanidad-ny-2025-5-240x300.jpg 240w, https:\/\/soymigrante.com\/revista\/wp-content\/uploads\/2025\/10\/desfile-hispanidad-ny-2025-5-768x960.jpg 768w, https:\/\/soymigrante.com\/revista\/wp-content\/uploads\/2025\/10\/desfile-hispanidad-ny-2025-5-1228x1536.jpg 1228w, https:\/\/soymigrante.com\/revista\/wp-content\/uploads\/2025\/10\/desfile-hispanidad-ny-2025-5-750x938.jpg 750w, https:\/\/soymigrante.com\/revista\/wp-content\/uploads\/2025\/10\/desfile-hispanidad-ny-2025-5-1140x1426.jpg 1140w, https:\/\/soymigrante.com\/revista\/wp-content\/uploads\/2025\/10\/desfile-hispanidad-ny-2025-5.jpg 1636w\" sizes=\"(max-width: 819px) 100vw, 819px\" title=\"En una gala del 10 de octubre se premiar\u00e1 al guatemalteco Kevin Polanco por sus aportes a la comunidad, junto a otros l\u00edderes hispanos que trabajan activamente por la mejora comunitaria. \u2013 SoyMigrante.com REVISTA\" \/>\t\t\t\t\t\t\t\t\t\t\t<figcaption class=\"widget-image-caption wp-caption-text\">En una gala del 10 de octubre se premiar\u00e1 al guatemalteco Kevin Polanco por sus aportes a la comunidad, junto a otros l\u00edderes hispanos que trabajan activamente por la mejora comunitaria.<\/figcaption>\n\t\t\t\t\t\t\t\t\t\t<\/figure>\n\t\t\t\t\t\t\t\t\t<\/div>\n\t\t\t\t\t<\/div>\n\t\t\t\t<\/div>\n\t\t<div data-particle_enable=\"false\" data-particle-mobile-disabled=\"false\" class=\"elementor-element elementor-element-5da86ee e-flex e-con-boxed e-con e-parent\" data-id=\"5da86ee\" data-element_type=\"container\" data-e-type=\"container\">\n\t\t\t\t\t<div class=\"e-con-inner\">\n\t\t\t\t<div class=\"elementor-element elementor-element-4541222 elementor-widget elementor-widget-heading\" data-id=\"4541222\" data-element_type=\"widget\" data-e-type=\"widget\" data-widget_type=\"heading.default\">\n\t\t\t\t\t<h3 class=\"elementor-heading-title elementor-size-default\">Guatemalteco ser\u00e1 galardonado<\/h3>\t\t\t\t<\/div>\n\t\t\t\t\t<\/div>\n\t\t\t\t<\/div>\n\t\t<div data-particle_enable=\"false\" data-particle-mobile-disabled=\"false\" class=\"elementor-element elementor-element-1da2a43 e-flex e-con-boxed e-con e-parent\" data-id=\"1da2a43\" data-element_type=\"container\" data-e-type=\"container\">\n\t\t\t\t\t<div class=\"e-con-inner\">\n\t\t\t\t<div class=\"elementor-element elementor-element-2d8c5b9 elementor-widget elementor-widget-text-editor\" data-id=\"2d8c5b9\" data-element_type=\"widget\" data-e-type=\"widget\" data-widget_type=\"text-editor.default\">\n\t\t\t\t\t\t\t\t\t<p>Entre los homenajeados de este a\u00f1o destaca el guatemalteco Kevin Polanco, reconocido l\u00edder comunitario en Nueva York y Connecticut. Emigr\u00f3 de <a href=\"https:\/\/soymigrante.com\/revista\/22-departamentos-de-guatemala-un-corazon-multicultural-compartido\/\">Guatemala<\/a> siendo adolescente y ha dedicado su vida al servicio humanitario, especialmente en la atenci\u00f3n a personas vulnerables.<\/p><ul><li>Durante la pandemia, Polanco coordin\u00f3 la entrega de alimentos a cientos de familias gracias al apoyo de iglesias y supermercados locales. Su labor le ha valido varios reconocimientos, entre ellos:<\/li><li>Premio L\u00edder Internacional (2024), otorgado por el Centro Paraguayo de Nueva York.<\/li><li>Reconocimiento del Concejo Municipal de Newark (2022), por su destacada labor comunitaria.Menci\u00f3n especial de la ciudad de\u00a0<\/li><li>Bridgeport (2021), por su apoyo a personas sin hogar.<\/li><\/ul><p>Actualmente, Polanco ostenta el rango de Capell\u00e1n Coronel en la Alianza Internacional de Capellanes, Fuerzas del Orden y Voluntariado en el Servicio Policial, reflejo de una trayectoria marcada por la entrega y el compromiso social.<\/p>\t\t\t\t\t\t\t\t<\/div>\n\t\t\t\t\t<\/div>\n\t\t\t\t<\/div>\n\t\t<div data-particle_enable=\"false\" data-particle-mobile-disabled=\"false\" class=\"elementor-element elementor-element-6444e66 e-flex e-con-boxed e-con e-parent\" data-id=\"6444e66\" data-element_type=\"container\" data-e-type=\"container\">\n\t\t\t\t\t<div class=\"e-con-inner\">\n\t\t\t\t<div class=\"elementor-element elementor-element-f5080da elementor-widget elementor-widget-heading\" data-id=\"f5080da\" data-element_type=\"widget\" data-e-type=\"widget\" data-widget_type=\"heading.default\">\n\t\t\t\t\t<h3 class=\"elementor-heading-title elementor-size-default\">Recordando: As\u00ed fue la participaci\u00f3n guatemalteca en el Desfile Hispano de Nueva York 2024<\/h3>\t\t\t\t<\/div>\n\t\t\t\t\t<\/div>\n\t\t\t\t<\/div>\n\t\t<div data-particle_enable=\"false\" data-particle-mobile-disabled=\"false\" class=\"elementor-element elementor-element-b313ba7 e-flex e-con-boxed e-con e-parent\" data-id=\"b313ba7\" data-element_type=\"container\" data-e-type=\"container\">\n\t\t\t\t\t<div class=\"e-con-inner\">\n\t\t\t\t<div class=\"elementor-element elementor-element-c6cf82b elementor-widget elementor-widget-html\" data-id=\"c6cf82b\" data-element_type=\"widget\" data-e-type=\"widget\" data-widget_type=\"html.default\">\n\t\t\t\t\t<iframe width=\"560\" height=\"415\" src=\"https:\/\/www.youtube.com\/embed\/Ab6HCZWFnrY?si=ADCDyP5rJcRcWS3L&amp;start=13012\" title=\"YouTube video player\" frameborder=\"0\" allow=\"accelerometer; autoplay; clipboard-write; encrypted-media; gyroscope; picture-in-picture; web-share\" referrerpolicy=\"strict-origin-when-cross-origin\" allowfullscreen><\/iframe>\t\t\t\t<\/div>\n\t\t\t\t\t<\/div>\n\t\t\t\t<\/div>\n\t\t<div data-particle_enable=\"false\" data-particle-mobile-disabled=\"false\" class=\"elementor-element elementor-element-eaa7e8a e-flex e-con-boxed e-con e-parent\" data-id=\"eaa7e8a\" data-element_type=\"container\" data-e-type=\"container\">\n\t\t\t\t\t<div class=\"e-con-inner\">\n\t\t\t\t<div class=\"elementor-element elementor-element-1ac1caf elementor-widget elementor-widget-heading\" data-id=\"1ac1caf\" data-element_type=\"widget\" data-e-type=\"widget\" data-widget_type=\"heading.default\">\n\t\t\t\t\t<h2 class=\"elementor-heading-title elementor-size-default\">Guatemaltecos avanzan y aportan en NY<\/h2>\t\t\t\t<\/div>\n\t\t\t\t\t<\/div>\n\t\t\t\t<\/div>\n\t\t<div data-particle_enable=\"false\" data-particle-mobile-disabled=\"false\" class=\"elementor-element elementor-element-5854181 e-flex e-con-boxed e-con e-parent\" data-id=\"5854181\" data-element_type=\"container\" data-e-type=\"container\">\n\t\t\t\t\t<div class=\"e-con-inner\">\n\t\t\t\t<div class=\"elementor-element elementor-element-e1084aa elementor-grid-eael-col-3 elementor-grid-tablet-eael-col-2 elementor-grid-mobile-eael-col-1 elementor-widget elementor-widget-eael-post-grid\" data-id=\"e1084aa\" data-element_type=\"widget\" data-e-type=\"widget\" data-settings=\"{&quot;eael_post_grid_columns&quot;:&quot;eael-col-3&quot;,&quot;eael_post_grid_columns_tablet&quot;:&quot;eael-col-2&quot;,&quot;eael_post_grid_columns_mobile&quot;:&quot;eael-col-1&quot;}\" data-widget_type=\"eael-post-grid.default\">\n\t\t\t\t\t<div id=\"eael-post-grid-e1084aa\" class=\"eael-post-grid-container\">\n            <div class=\"eael-post-grid eael-post-appender eael-post-appender-e1084aa eael-post-grid-style-one\" data-layout-mode=\"masonry\"><article class=\"eael-grid-post  eael-post-grid-column eael-pg-post-1571 category-exitos tags-nueva-york\" data-id=\"1571\">\n        <div class=\"eael-grid-post-holder\">\n            <div class=\"eael-grid-post-holder-inner\"><div class=\"eael-entry-media\"><div class=\"eael-entry-overlay fade-in\"><i class=\"far fa-hand-pointer\" aria-hidden=\"true\"><\/i><a href=\"https:\/\/soymigrante.com\/revista\/esposos-migrantes-luchan-por-un-sueno-en-nueva-york\/\"><\/a><\/div><div class=\"eael-entry-thumbnail eael-image-ratio\">\n                <img decoding=\"async\" width=\"1024\" height=\"746\" src=\"https:\/\/soymigrante.com\/revista\/wp-content\/uploads\/2023\/06\/JUAN-E-IRIS-YOJCOM-REDES-1024x746.webp\" class=\"attachment-large size-large wp-image-1573\" alt=\"Juan e Iris Yojcom, esposos migrantes guatemaltecos en Nueva York.\" srcset=\"https:\/\/soymigrante.com\/revista\/wp-content\/uploads\/2023\/06\/JUAN-E-IRIS-YOJCOM-REDES-1024x746.webp 1024w, https:\/\/soymigrante.com\/revista\/wp-content\/uploads\/2023\/06\/JUAN-E-IRIS-YOJCOM-REDES-300x219.webp 300w, https:\/\/soymigrante.com\/revista\/wp-content\/uploads\/2023\/06\/JUAN-E-IRIS-YOJCOM-REDES-768x560.webp 768w, https:\/\/soymigrante.com\/revista\/wp-content\/uploads\/2023\/06\/JUAN-E-IRIS-YOJCOM-REDES-120x86.webp 120w, https:\/\/soymigrante.com\/revista\/wp-content\/uploads\/2023\/06\/JUAN-E-IRIS-YOJCOM-REDES-750x547.webp 750w, https:\/\/soymigrante.com\/revista\/wp-content\/uploads\/2023\/06\/JUAN-E-IRIS-YOJCOM-REDES.webp 1095w\" sizes=\"(max-width: 1024px) 100vw, 1024px\" \/>\n            <\/div>\n        <\/div><div class=\"eael-entry-wrapper\"><header class=\"eael-entry-header\"><h2 class=\"eael-entry-title\"><a class=\"eael-grid-post-link\" href=\"https:\/\/soymigrante.com\/revista\/esposos-migrantes-luchan-por-un-sueno-en-nueva-york\/\" title=\"Esposos migrantes luchan por un sue\u00f1o guatemalteco en Nueva York\">Esposos migrantes luchan por un sue\u00f1o guatemalteco en Nueva York<\/a><\/h2><\/header><div class=\"eael-entry-content\">\n                        <div class=\"eael-grid-post-excerpt\"><a href=\"https:\/\/soymigrante.com\/revista\/esposos-migrantes-luchan-por-un-sueno-en-nueva-york\/\" class=\"eael-post-elements-readmore-btn\">CONOCE SU HISTORIA <\/a><\/div>\n                    <\/div><\/div><\/div>\n        <\/div>\n    <\/article><article class=\"eael-grid-post  eael-post-grid-column eael-pg-post-7408 category-exitos\" data-id=\"7408\">\n        <div class=\"eael-grid-post-holder\">\n            <div class=\"eael-grid-post-holder-inner\"><div class=\"eael-entry-media\"><div class=\"eael-entry-overlay fade-in\"><i class=\"far fa-hand-pointer\" aria-hidden=\"true\"><\/i><a href=\"https:\/\/soymigrante.com\/revista\/guatemalteco-lidera-a-miles-de-trabajadores-de-entrega-a-domicilio-en-ny\/\"><\/a><\/div><div class=\"eael-entry-thumbnail eael-image-ratio\">\n                <img decoding=\"async\" width=\"333\" height=\"333\" src=\"https:\/\/soymigrante.com\/revista\/wp-content\/uploads\/2024\/07\/gustavo-ajche-2-1.webp\" class=\"attachment-large size-large wp-image-7461\" alt=\"Hombre joven con casco de bicicleta en calle urbana, mostrando actitud positiva y segura, promoviendo la movilidad y el activismo social en comunidades urbanas en Am\u00e9rica Latina.\" srcset=\"https:\/\/soymigrante.com\/revista\/wp-content\/uploads\/2024\/07\/gustavo-ajche-2-1.webp 333w, https:\/\/soymigrante.com\/revista\/wp-content\/uploads\/2024\/07\/gustavo-ajche-2-1-300x300.webp 300w, https:\/\/soymigrante.com\/revista\/wp-content\/uploads\/2024\/07\/gustavo-ajche-2-1-150x150.webp 150w, https:\/\/soymigrante.com\/revista\/wp-content\/uploads\/2024\/07\/gustavo-ajche-2-1-75x75.webp 75w\" sizes=\"(max-width: 333px) 100vw, 333px\" \/>\n            <\/div>\n        <\/div><div class=\"eael-entry-wrapper\"><header class=\"eael-entry-header\"><h2 class=\"eael-entry-title\"><a class=\"eael-grid-post-link\" href=\"https:\/\/soymigrante.com\/revista\/guatemalteco-lidera-a-miles-de-trabajadores-de-entrega-a-domicilio-en-ny\/\" title=\"Guatemalteco Gustavo Ajch\u00e9 lidera a miles de trabajadores de entrega a domicilio en New York\">Guatemalteco Gustavo Ajch\u00e9 lidera a miles de trabajadores de entrega a domicilio en New York<\/a><\/h2><\/header><div class=\"eael-entry-content\">\n                        <div class=\"eael-grid-post-excerpt\"><a href=\"https:\/\/soymigrante.com\/revista\/guatemalteco-lidera-a-miles-de-trabajadores-de-entrega-a-domicilio-en-ny\/\" class=\"eael-post-elements-readmore-btn\">CONOCE SU HISTORIA <\/a><\/div>\n                    <\/div><\/div><\/div>\n        <\/div>\n    <\/article><article class=\"eael-grid-post  eael-post-grid-column eael-pg-post-12682 category-exitos\" data-id=\"12682\">\n        <div class=\"eael-grid-post-holder\">\n            <div class=\"eael-grid-post-holder-inner\"><div class=\"eael-entry-media\"><div class=\"eael-entry-overlay fade-in\"><i class=\"far fa-hand-pointer\" aria-hidden=\"true\"><\/i><a href=\"https:\/\/soymigrante.com\/revista\/mynor-osorio-es-gerente-de-mantenimiento-de-edificio-hincha-y-actor-en-new-york\/\"><\/a><\/div><div class=\"eael-entry-thumbnail eael-image-ratio\">\n                <img loading=\"lazy\" decoding=\"async\" width=\"1024\" height=\"1024\" src=\"https:\/\/soymigrante.com\/revista\/wp-content\/uploads\/2024\/11\/mynor-osoario-migrante-ny-1024x1024.jpg\" class=\"attachment-large size-large wp-image-12684\" alt=\"Guatemalteco con bandera en marcha patri\u00f3tica, s\u00edmbolo de orgullo y celebraci\u00f3n nacional, participando en evento cultural y c\u00edvico.\" srcset=\"https:\/\/soymigrante.com\/revista\/wp-content\/uploads\/2024\/11\/mynor-osoario-migrante-ny-1024x1024.jpg 1024w, https:\/\/soymigrante.com\/revista\/wp-content\/uploads\/2024\/11\/mynor-osoario-migrante-ny-300x300.webp 300w, https:\/\/soymigrante.com\/revista\/wp-content\/uploads\/2024\/11\/mynor-osoario-migrante-ny-150x150.webp 150w, https:\/\/soymigrante.com\/revista\/wp-content\/uploads\/2024\/11\/mynor-osoario-migrante-ny-768x768.jpg 768w, https:\/\/soymigrante.com\/revista\/wp-content\/uploads\/2024\/11\/mynor-osoario-migrante-ny-75x75.webp 75w, https:\/\/soymigrante.com\/revista\/wp-content\/uploads\/2024\/11\/mynor-osoario-migrante-ny-750x750.webp 750w, https:\/\/soymigrante.com\/revista\/wp-content\/uploads\/2024\/11\/mynor-osoario-migrante-ny-1140x1140.jpg 1140w, https:\/\/soymigrante.com\/revista\/wp-content\/uploads\/2024\/11\/mynor-osoario-migrante-ny.webp 1365w\" sizes=\"(max-width: 1024px) 100vw, 1024px\" \/>\n            <\/div>\n        <\/div><div class=\"eael-entry-wrapper\"><header class=\"eael-entry-header\"><h2 class=\"eael-entry-title\"><a class=\"eael-grid-post-link\" href=\"https:\/\/soymigrante.com\/revista\/mynor-osorio-es-gerente-de-mantenimiento-de-edificio-hincha-y-actor-en-new-york\/\" title=\"Mynor Osorio es superintendente de 12 edificios, fan de f\u00fatbol y actor en New York\">Mynor Osorio es superintendente de 12 edificios, fan de f\u00fatbol y actor en New York<\/a><\/h2><\/header><div class=\"eael-entry-content\">\n                        <div class=\"eael-grid-post-excerpt\"><a href=\"https:\/\/soymigrante.com\/revista\/mynor-osorio-es-gerente-de-mantenimiento-de-edificio-hincha-y-actor-en-new-york\/\" class=\"eael-post-elements-readmore-btn\">CONOCE SU HISTORIA <\/a><\/div>\n                    <\/div><\/div><\/div>\n        <\/div>\n    <\/article><\/div>\n            <div class=\"clearfix\"><\/div>\n        <\/div>\t\t\t\t<\/div>\n\t\t\t\t\t<\/div>\n\t\t\t\t<\/div>\n\t\t\t\t<\/div>\n\t\t","protected":false},"excerpt":{"rendered":"<p>El domingo 12 de octubre se efectuar\u00e1 la edici\u00f3n 61 del Desfile de la Hispanidad Nueva York, con la participaci\u00f3n de 21 pa\u00edses, incluyendo por supuesto a Guatemala. Detalles aqu\u00ed. Nueva York se prepara para un fin de semana lleno de orgullo y color latino y migrante. En el marco del Mes de la Herencia [&hellip;]<\/p>\n","protected":false},"author":7,"featured_media":46985,"comment_status":"open","ping_status":"open","sticky":false,"template":"","format":"standard","meta":{"_acf_changed":false,"_eb_attr":"","footnotes":""},"categories":[54],"tags":[],"class_list":["post-46984","post","type-post","status-publish","format-standard","has-post-thumbnail","hentry","category-estamos-unidos"],"acf":[],"aioseo_notices":[],"aioseo_head":"\n\t\t<!-- All in One SEO Pro 4.9.6.2 - aioseo.com -->\n\t<meta name=\"description\" content=\"Migrante guatemalteco dirige el mantenimiento de un edificio de Nueva York, pero impulsa el apoyo a la selecci\u00f3n de futbol y adem\u00e1s es actor. Conoce su historia.\" \/>\n\t<meta name=\"robots\" content=\"max-snippet:-1, max-image-preview:large, max-video-preview:-1\" \/>\n\t<meta name=\"author\" content=\"Gustavo Montenegro\"\/>\n\t<link rel=\"canonical\" href=\"https:\/\/soymigrante.com\/revista\/mynor-osorio-es-gerente-de-mantenimiento-de-edificio-hincha-y-actor-en-new-york\/\" \/>\n\t<meta name=\"generator\" content=\"All in One SEO Pro (AIOSEO) 4.9.6.2\" \/>\n\n\t\t<link rel=\"preconnect\" href=\"https:\/\/fonts.googleapis.com\" crossorigin>\n<link rel=\"preconnect\" href=\"https:\/\/fonts.gstatic.com\" crossorigin>\n\t\t<meta property=\"og:locale\" content=\"es_ES\" \/>\n\t\t<meta property=\"og:site_name\" content=\"SoyMigrante.com REVISTA \u2013 Nuestra misi\u00f3n es reconocer y dignificar al migrante.\" \/>\n\t\t<meta property=\"og:type\" content=\"article\" \/>\n\t\t<meta property=\"og:title\" content=\"Mynor Osorio es gerente de mantenimiento, hincha y actor en NY\" \/>\n\t\t<meta property=\"og:description\" content=\"Migrante guatemalteco dirige el mantenimiento de un edificio de Nueva York, pero impulsa el apoyo a la selecci\u00f3n de futbol y adem\u00e1s es actor. Conoce su historia.\" \/>\n\t\t<meta property=\"og:url\" content=\"https:\/\/soymigrante.com\/revista\/mynor-osorio-es-gerente-de-mantenimiento-de-edificio-hincha-y-actor-en-new-york\/\" \/>\n\t\t<meta property=\"og:image\" content=\"https:\/\/soymigrante.com\/revista\/wp-content\/uploads\/2024\/11\/mynor-osoario-migrante-ny.webp\" \/>\n\t\t<meta property=\"og:image:secure_url\" content=\"https:\/\/soymigrante.com\/revista\/wp-content\/uploads\/2024\/11\/mynor-osoario-migrante-ny.webp\" \/>\n\t\t<meta property=\"og:image:width\" content=\"1365\" \/>\n\t\t<meta property=\"og:image:height\" content=\"1365\" \/>\n\t\t<meta property=\"article:published_time\" content=\"2024-11-12T17:30:55+00:00\" \/>\n\t\t<meta property=\"article:modified_time\" content=\"2024-11-12T23:44:34+00:00\" \/>\n\t\t<meta property=\"article:publisher\" content=\"https:\/\/www.facebook.com\/soymigrantecom\" \/>\n\t\t<meta name=\"twitter:card\" content=\"summary_large_image\" \/>\n\t\t<meta name=\"twitter:site\" content=\"@SoyMigrante_com\" \/>\n\t\t<meta name=\"twitter:title\" content=\"Mynor Osorio es gerente de mantenimiento, hincha y actor en NY\" \/>\n\t\t<meta name=\"twitter:description\" content=\"Migrante guatemalteco dirige el mantenimiento de un edificio de Nueva York, pero impulsa el apoyo a la selecci\u00f3n de futbol y adem\u00e1s es actor. Conoce su historia.\" \/>\n\t\t<meta name=\"twitter:creator\" content=\"@SoyMigrante_com\" \/>\n\t\t<meta name=\"twitter:image\" content=\"https:\/\/soymigrante.com\/revista\/wp-content\/uploads\/2024\/11\/mynor-osoario-migrante-ny.webp\" \/>\n\t\t<!-- All in One SEO Pro -->\r\n\t\t<title>Mynor Osorio es gerente de mantenimiento, hincha y actor en NY<\/title>\n\n","aioseo_head_json":{"title":"Mynor Osorio es gerente de mantenimiento, hincha y actor en NY","description":"Migrante guatemalteco dirige el mantenimiento de un edificio de Nueva York, pero impulsa el apoyo a la selecci\u00f3n de futbol y adem\u00e1s es actor. Conoce su historia.","canonical_url":"https:\/\/soymigrante.com\/revista\/mynor-osorio-es-gerente-de-mantenimiento-de-edificio-hincha-y-actor-en-new-york\/","robots":"max-snippet:-1, max-image-preview:large, max-video-preview:-1","keywords":"","webmasterTools":{"miscellaneous":"&lt;link rel=\"preconnect\" href=\"https:\/\/fonts.googleapis.com\" crossorigin&gt;\n&lt;link rel=\"preconnect\" href=\"https:\/\/fonts.gstatic.com\" crossorigin&gt;"},"schema":null,"og:locale":"es_ES","og:site_name":"SoyMigrante.com REVISTA \u2013 Nuestra misi\u00f3n es reconocer y dignificar al migrante.","og:type":"article","og:title":"Mynor Osorio es gerente de mantenimiento, hincha y actor en NY","og:description":"Migrante guatemalteco dirige el mantenimiento de un edificio de Nueva York, pero impulsa el apoyo a la selecci\u00f3n de futbol y adem\u00e1s es actor. Conoce su historia.","og:url":"https:\/\/soymigrante.com\/revista\/mynor-osorio-es-gerente-de-mantenimiento-de-edificio-hincha-y-actor-en-new-york\/","og:image":"https:\/\/soymigrante.com\/revista\/wp-content\/uploads\/2024\/11\/mynor-osoario-migrante-ny.webp","og:image:secure_url":"https:\/\/soymigrante.com\/revista\/wp-content\/uploads\/2024\/11\/mynor-osoario-migrante-ny.webp","og:image:width":1365,"og:image:height":1365,"article:published_time":"2024-11-12T17:30:55+00:00","article:modified_time":"2024-11-12T23:44:34+00:00","article:publisher":"https:\/\/www.facebook.com\/soymigrantecom","twitter:card":"summary_large_image","twitter:site":"@SoyMigrante_com","twitter:title":"Mynor Osorio es gerente de mantenimiento, hincha y actor en NY","twitter:description":"Migrante guatemalteco dirige el mantenimiento de un edificio de Nueva York, pero impulsa el apoyo a la selecci\u00f3n de futbol y adem\u00e1s es actor. Conoce su historia.","twitter:creator":"@SoyMigrante_com","twitter:image":"https:\/\/soymigrante.com\/revista\/wp-content\/uploads\/2024\/11\/mynor-osoario-migrante-ny.webp"},"aioseo_meta_data":{"post_id":"46984","title":"Guatemala brillar\u00e1 en Desfile de la Hispanidad NY 2025","description":"Guatemala estar\u00e1 presente junto a m\u00e1s de 20 pa\u00edses en el NY Hispanic Parade. Grupos, artistas y representantes guatemaltecos participar\u00e1n en esta expresi\u00f3n.","keywords":null,"keyphrases":{"focus":{"keyphrase":"Desfile de la Hispanidad","score":0,"analysis":[]}},"primary_term":null,"canonical_url":null,"og_title":null,"og_description":null,"og_object_type":"default","og_image_type":"default","og_image_url":null,"og_image_width":null,"og_image_height":null,"og_image_custom_url":null,"og_image_custom_fields":null,"og_video":"","og_custom_url":null,"og_article_section":null,"og_article_tags":null,"twitter_use_og":false,"twitter_card":"default","twitter_image_type":"default","twitter_image_url":null,"twitter_image_custom_url":null,"twitter_image_custom_fields":null,"twitter_title":null,"twitter_description":null,"schema":{"blockGraphs":[],"customGraphs":[],"default":{"data":{"Article":[],"Course":[],"Dataset":[],"FAQPage":[],"Movie":[],"Person":[],"Product":[],"ProductReview":[],"Car":[],"Recipe":[],"Service":[],"SoftwareApplication":[],"WebPage":[]},"graphName":"none","isEnabled":true},"graphs":[]},"schema_type":"default","schema_type_options":null,"pillar_content":false,"robots_default":true,"robots_noindex":false,"robots_noarchive":false,"robots_nosnippet":false,"robots_nofollow":false,"robots_noimageindex":false,"robots_noodp":false,"robots_notranslate":false,"robots_max_snippet":"-1","robots_max_videopreview":"-1","robots_max_imagepreview":"large","priority":null,"frequency":"default","local_seo":null,"seo_analyzer_scan_date":"2026-01-27 17:43:05","breadcrumb_settings":null,"limit_modified_date":false,"reviewed_by":"0","open_ai":null,"ai":{"faqs":[],"keyPoints":[],"titles":[],"descriptions":[],"socialPosts":{"email":[],"linkedin":[],"twitter":[],"facebook":[],"instagram":[]}},"created":"2025-10-08 21:35:21","updated":"2026-02-05 06:27:55"},"aioseo_breadcrumb":"<div class=\"aioseo-breadcrumbs\"><span class=\"aioseo-breadcrumb\">\n\t<a href=\"https:\/\/soymigrante.com\/revista\" title=\"Home\">Home<\/a>\n<\/span><span class=\"aioseo-breadcrumb-separator\">\u00bb<\/span><span class=\"aioseo-breadcrumb\">\n\t<a href=\"https:\/\/soymigrante.com\/revista\/category\/estamos-unidos\/\" title=\"Estamos Unidos\">Estamos Unidos<\/a>\n<\/span><span class=\"aioseo-breadcrumb-separator\">\u00bb<\/span><span class=\"aioseo-breadcrumb\">\n\tGuatemala estar\u00e1 presente en Desfile de la Hispanidad New York 2025\n<\/span><\/div>","aioseo_breadcrumb_json":[{"label":"Home","link":"https:\/\/soymigrante.com\/revista"},{"label":"Estamos Unidos","link":"https:\/\/soymigrante.com\/revista\/category\/estamos-unidos\/"},{"label":"Guatemala estar\u00e1 presente en Desfile de la Hispanidad New York 2025","link":"https:\/\/soymigrante.com\/revista\/guatemala-estara-presente-en-desfile-de-la-hispanidad-new-york-2025\/"}],"_links":{"self":[{"href":"https:\/\/soymigrante.com\/revista\/wp-json\/wp\/v2\/posts\/46984","targetHints":{"allow":["GET"]}}],"collection":[{"href":"https:\/\/soymigrante.com\/revista\/wp-json\/wp\/v2\/posts"}],"about":[{"href":"https:\/\/soymigrante.com\/revista\/wp-json\/wp\/v2\/types\/post"}],"author":[{"embeddable":true,"href":"https:\/\/soymigrante.com\/revista\/wp-json\/wp\/v2\/users\/7"}],"replies":[{"embeddable":true,"href":"https:\/\/soymigrante.com\/revista\/wp-json\/wp\/v2\/comments?post=46984"}],"version-history":[{"count":16,"href":"https:\/\/soymigrante.com\/revista\/wp-json\/wp\/v2\/posts\/46984\/revisions"}],"predecessor-version":[{"id":47008,"href":"https:\/\/soymigrante.com\/revista\/wp-json\/wp\/v2\/posts\/46984\/revisions\/47008"}],"wp:featuredmedia":[{"embeddable":true,"href":"https:\/\/soymigrante.com\/revista\/wp-json\/wp\/v2\/media\/46985"}],"wp:attachment":[{"href":"https:\/\/soymigrante.com\/revista\/wp-json\/wp\/v2\/media?parent=46984"}],"wp:term":[{"taxonomy":"category","embeddable":true,"href":"https:\/\/soymigrante.com\/revista\/wp-json\/wp\/v2\/categories?post=46984"},{"taxonomy":"post_tag","embeddable":true,"href":"https:\/\/soymigrante.com\/revista\/wp-json\/wp\/v2\/tags?post=46984"}],"curies":[{"name":"wp","href":"https:\/\/api.w.org\/{rel}","templated":true}]}}